{"id":273,"date":"2021-05-26T16:00:00","date_gmt":"2021-05-26T14:00:00","guid":{"rendered":"https:\/\/www.koronakarkonoszy.pl\/blog\/?p=273"},"modified":"2021-11-11T18:30:43","modified_gmt":"2021-11-11T17:30:43","slug":"hochzeitsfotograf-welche-art-von-fotos-braut-und-brautigam-wunschen","status":"publish","type":"post","link":"https:\/\/www.koronakarkonoszy.pl\/blog\/de\/fotograf-na-slub-jakich-zdjec-oczekuja-panstwo-mlodzi\/","title":{"rendered":"Hochzeitsfotograf \u2013 was f\u00fcr Fotos erwartet das Brautpaar?"},"content":{"rendered":"\n<p><strong>Wyb\u00f3r fotografa na \u015blub i wesele to jedna z najwa\u017cniejszych decyzji, przed kt\u00f3r\u0105 staj\u0105 Pa\u0144stwo M\u0142odzi. Dawno min\u0119\u0142y czasy, gdy wystarcza\u0142y pami\u0105tkowe zdj\u0119cia robione przez wujka-amatora. O dziwo, nawet w dobie powszechnie dost\u0119pnych dobrych aparat\u00f3w w telefonach kom\u00f3rkowych, profesjonalna fotografia \u015blubna wcale nie ucierpia\u0142a \u2013 wr\u0119cz przeciwnie. Z czego to wynika? By\u0107 mo\u017ce jest to rozw\u00f3j technologii, kt\u00f3ry spowodowa\u0142 znaczne ulepszanie sprz\u0119t\u00f3w fotograficznych lub wi\u0119ksze umiej\u0119tno\u015bci fotograf\u00f3w. Niegdy\u015b tworzenie reporta\u017cy \u015blubnych wygl\u0105da\u0142o zupe\u0142nie inaczej ni\u017c obecnie. Jaki powinien by\u0107 fotograf na \u015blub, kt\u00f3ry sprosta oczekiwaniom wsp\u00f3\u0142czesnych Par M\u0142odych?<\/strong><\/p>\n\n\n<div id=\"ariadna-block_60e1bf2e7bdf3\" class=\"ariadna\">\r\n    <ul><li><a href=\"#ha-jak-wybrac-fotografa-slubnego\">Jak wybra\u0107 fotografa \u015blubnego?<\/a><\/li><li><a href=\"#ha-piekna-sceneria-do-zdjec-slubnych-i-wesele-jak-z-bajki\">Pi\u0119kna sceneria do zdj\u0119\u0107 \u015blubnych i wesele jak z bajki?<\/a><\/li><li><a href=\"#ha-fotograf-na-slub-jakich-zdjec-oczekuja-panstwo-mlodzi\">Fotograf na \u015blub \u2013 jakich zdj\u0119\u0107 oczekuj\u0105 Pa\u0144stwo M\u0142odzi?<\/a><\/li><li><a href=\"#ha-fotograf-na-slub-plener-slubny\">Fotograf na \u015blub \u2013 plener \u015blubny<\/a><\/li><li><a href=\"#ha-fotograf-na-slub-profesjonalista-czy-amator\">Fotograf na \u015blub \u2013 profesjonalista czy amator?<\/a><\/li><\/ul>\r\n<\/div>\r\n\r\n\r\n\r\n\n\n\n<h2 class=\"wp-block-heading\" id=\"ha-jak-wybrac-fotografa-slubnego\">Jak wybra\u0107 fotografa \u015blubnego?<\/h2>\n\n\n\n<p>ak wybra\u0107 fotografa na \u015blub i wesele? Najpro\u015bciej odpowiedzie\u0107 na to pytanie kieruj\u0105c si\u0119 gustem i upodobaniami Pa\u0144stwa M\u0142odych. Nie ka\u017cdy jednak ma przecie\u017c czas, aby szuka\u0107 i przegl\u0105da\u0107 dziesi\u0105tki stron z ofert\u0105 fotograf\u00f3w. Do tego dochodzi kwestia dost\u0119pno\u015bci fotografa w danym terminie. Bardzo przydatne jest, gdy w takiej sytuacji pomaga nam&nbsp;<a href=\"https:\/\/www.koronakarkonoszy.pl\/sala-weselna\/\" target=\"_blank\" rel=\"noreferrer noopener\">Wedding Planner<\/a>&nbsp;lub opiekun wesela. Jak stwierdza Joanna Hoc-Kopiej, ekspert weselny w Dworze Korona Karkonoszy: \u201eNarzeczeni bardzo sobie ceni\u0105 nasz\u0105 kompleksow\u0105 organizacj\u0119 wesel i pomoc na ka\u017cdym kroku przygotowa\u0144 do uroczysto\u015bci. Jeste\u015bmy w stanie poleci\u0107 nie tylko zaprzyja\u017anionych fotograf\u00f3w, ale tak\u017ce np. stylistki, dekorator\u00f3w czy zespo\u0142y muzyczne\u201d. A jak potwierdzi ka\u017cda M\u0142oda Para, oszcz\u0119dno\u015b\u0107 czasu i stresu podczas przygotowa\u0144 do wesela do rzecz bezcenna.<\/p>\n\n\n\n<p>Kiedy ju\u017c zaw\u0119zimy poszukiwania do kilku upatrzonych fotograf\u00f3w, mo\u017cemy przej\u015b\u0107 do drugiego etapu, czyli stylu \u015blubnej sesji fotograficznej. Zastan\u00f3wmy si\u0119, na jakich zdj\u0119ciach zale\u017cy nam najbardziej i wybierzmy nie tylko spo\u015br\u00f3d opinii w sieci, ale przede wszystkim uroku zdj\u0119\u0107 poszczeg\u00f3lnych tw\u00f3rc\u00f3w.&nbsp;<\/p>\n\n\n<section id=\"ctaninja-block_60e1c00a7bdf7\" class=\"ctaninja\">\r\n    <div class=\"ctaninja-body\">\r\n        <h2 class=\"h1\" id=\"ha-piekna-sceneria-do-zdjec-slubnych-i-wesele-jak-z-bajki\">Pi\u0119kna sceneria do zdj\u0119\u0107 \u015blubnych i wesele jak z bajki?<\/h2>\r\n        <p>Zapytaj nas o wolne terminy!<\/p>\r\n        <div class=\"nf-container\">\r\n            <noscript class=\"ninja-forms-noscript-message\">\n\tHinweis: F\u00fcr diesen Inhalt ist JavaScript erforderlich.<\/noscript>\n<div id=\"nf-form-1-cont\" class=\"nf-form-cont\" aria-live=\"polite\" aria-labelledby=\"nf-form-title-1\" aria-describedby=\"nf-form-errors-1\" role=\"form\">\n\n    <div class=\"nf-loading-spinner\"><\/div>\n\n<\/div>\n        <!-- That data is being printed as a workaround to page builders reordering the order of the scripts loaded-->\n        <script>var formDisplay=1;var nfForms=nfForms||[];var form=[];form.id='1';form.settings={\"objectType\":\"Form Setting\",\"editActive\":\"\",\"title\":\"Contact Me\",\"key\":\"\",\"created_at\":\"2021-05-31 16:57:05\",\"default_label_pos\":\"above\",\"conditions\":[],\"show_title\":\"1\",\"clear_complete\":\"1\",\"hide_complete\":\"1\",\"wrapper_class\":\"\",\"element_class\":\"\",\"add_submit\":\"1\",\"logged_in\":\"\",\"not_logged_in_msg\":\"\",\"sub_limit_number\":\"\",\"sub_limit_msg\":\"\",\"calculations\":[],\"formContentData\":[{\"order\":1,\"cells\":[{\"order\":0,\"fields\":[\"email\"],\"width\":50},{\"order\":1,\"fields\":[\"wyslij_1640001513358\"],\"width\":50}]}],\"container_styles_background-color\":\"\",\"container_styles_border\":\"\",\"container_styles_border-style\":\"\",\"container_styles_border-color\":\"\",\"container_styles_color\":\"\",\"container_styles_height\":\"\",\"container_styles_width\":\"\",\"container_styles_font-size\":\"\",\"container_styles_margin\":\"\",\"container_styles_padding\":\"\",\"container_styles_display\":\"\",\"container_styles_float\":\"\",\"container_styles_show_advanced_css\":\"0\",\"container_styles_advanced\":\"\",\"title_styles_background-color\":\"\",\"title_styles_border\":\"\",\"title_styles_border-style\":\"\",\"title_styles_border-color\":\"\",\"title_styles_color\":\"\",\"title_styles_height\":\"\",\"title_styles_width\":\"\",\"title_styles_font-size\":\"\",\"title_styles_margin\":\"\",\"title_styles_padding\":\"\",\"title_styles_display\":\"\",\"title_styles_float\":\"\",\"title_styles_show_advanced_css\":\"0\",\"title_styles_advanced\":\"\",\"row_styles_background-color\":\"\",\"row_styles_border\":\"\",\"row_styles_border-style\":\"\",\"row_styles_border-color\":\"\",\"row_styles_color\":\"\",\"row_styles_height\":\"\",\"row_styles_width\":\"\",\"row_styles_font-size\":\"\",\"row_styles_margin\":\"\",\"row_styles_padding\":\"\",\"row_styles_display\":\"\",\"row_styles_show_advanced_css\":\"0\",\"row_styles_advanced\":\"\",\"row-odd_styles_background-color\":\"\",\"row-odd_styles_border\":\"\",\"row-odd_styles_border-style\":\"\",\"row-odd_styles_border-color\":\"\",\"row-odd_styles_color\":\"\",\"row-odd_styles_height\":\"\",\"row-odd_styles_width\":\"\",\"row-odd_styles_font-size\":\"\",\"row-odd_styles_margin\":\"\",\"row-odd_styles_padding\":\"\",\"row-odd_styles_display\":\"\",\"row-odd_styles_show_advanced_css\":\"0\",\"row-odd_styles_advanced\":\"\",\"success-msg_styles_background-color\":\"\",\"success-msg_styles_border\":\"\",\"success-msg_styles_border-style\":\"\",\"success-msg_styles_border-color\":\"\",\"success-msg_styles_color\":\"\",\"success-msg_styles_height\":\"\",\"success-msg_styles_width\":\"\",\"success-msg_styles_font-size\":\"\",\"success-msg_styles_margin\":\"\",\"success-msg_styles_padding\":\"\",\"success-msg_styles_display\":\"\",\"success-msg_styles_show_advanced_css\":\"0\",\"success-msg_styles_advanced\":\"\",\"error_msg_styles_background-color\":\"\",\"error_msg_styles_border\":\"\",\"error_msg_styles_border-style\":\"\",\"error_msg_styles_border-color\":\"\",\"error_msg_styles_color\":\"\",\"error_msg_styles_height\":\"\",\"error_msg_styles_width\":\"\",\"error_msg_styles_font-size\":\"\",\"error_msg_styles_margin\":\"\",\"error_msg_styles_padding\":\"\",\"error_msg_styles_display\":\"\",\"error_msg_styles_show_advanced_css\":\"0\",\"error_msg_styles_advanced\":\"\",\"allow_public_link\":0,\"embed_form\":\"\",\"currency\":\"\",\"repeatable_fieldsets\":\"\",\"unique_field_error\":\"Formularz z t\\u0105 warto\\u015bci\\u0105 zosta\\u0142 ju\\u017c przes\\u0142any.\",\"ninjaForms\":\"Ninja Forms\",\"changeEmailErrorMsg\":\"Bitte gib eine g\\u00fcltige E-Mail-Adresse ein.\",\"changeDateErrorMsg\":\"Bitte gib ein g\\u00fcltiges Datum ein!\",\"confirmFieldErrorMsg\":\"Diese Felder m\\u00fcssen \\u00fcbereinstimmen!\",\"fieldNumberNumMinError\":\"Die eingegebene Zahl ist zu klein.\",\"fieldNumberNumMaxError\":\"Die eingegebene Zahl ist zu gross.\",\"fieldNumberIncrementBy\":\"Bitte erh\\u00f6hen in Schritten von\",\"fieldTextareaRTEInsertLink\":\"Link einf\\u00fcgen\",\"fieldTextareaRTEInsertMedia\":\"Medien einf\\u00fcgen\",\"fieldTextareaRTESelectAFile\":\"Eine Datei ausw\\u00e4hlen\",\"formErrorsCorrectErrors\":\"Bitte korrigiere die Fehler, bevor du das Formular sendest.\",\"formHoneypot\":\"Falls du ein Mensch bist und dieses Feld siehst, dann lasse es bitte leer.\",\"validateRequiredField\":\"Dies ist ein Pflichtfeld.\",\"honeypotHoneypotError\":\"Honeypot-Fehler\",\"fileUploadOldCodeFileUploadInProgress\":\"Datei-Upload l\\u00e4uft.\",\"fileUploadOldCodeFileUpload\":\"DATEI-UPLOAD\",\"currencySymbol\":\"&#36;\",\"fieldsMarkedRequired\":\"Felder mit einem <span class=\\\"ninja-forms-req-symbol\\\">*<\\\/span> sind Pflichtfelder\",\"thousands_sep\":\".\",\"decimal_point\":\",\",\"siteLocale\":\"de_DE\",\"dateFormat\":\"m\\\/d\\\/Y\",\"startOfWeek\":\"1\",\"of\":\"von\",\"previousMonth\":\"Vorheriger Monat\",\"nextMonth\":\"N\\u00e4chster Monat\",\"months\":[\"Januar\",\"Februar\",\"M\\u00e4rz\",\"April\",\"Mai\",\"Juni\",\"Juli\",\"August\",\"September\",\"Oktober\",\"November\",\"Dezember\"],\"monthsShort\":[\"Jan.\",\"Feb.\",\"M\\u00e4rz\",\"Apr.\",\"Mai\",\"Juni\",\"Juli\",\"Aug\",\"Sep.\",\"Okt.\",\"Nov.\",\"Dez.\"],\"weekdays\":[\"Sonntag\",\"Montag\",\"Dienstag\",\"Mittwoch\",\"Donnerstag\",\"Freitag\",\"Samstag\"],\"weekdaysShort\":[\"So.\",\"Mo.\",\"Di.\",\"Mi.\",\"Do.\",\"Fr.\",\"Sa.\"],\"weekdaysMin\":[\"So.\",\"Mo.\",\"Di.\",\"Mi.\",\"Do.\",\"Fr.\",\"Sa.\"],\"recaptchaConsentMissing\":\"reCaptcha validation couldn&#039;t load.\",\"recaptchaMissingCookie\":\"reCaptcha v3 validation couldn&#039;t load the cookie needed to submit the form.\",\"recaptchaConsentEvent\":\"Accept reCaptcha cookies before sending the form.\",\"currency_symbol\":\"\",\"beforeForm\":\"\",\"beforeFields\":\"\",\"afterFields\":\"\",\"afterForm\":\"\"};form.fields=[{\"objectType\":\"Field\",\"objectDomain\":\"fields\",\"editActive\":false,\"order\":1,\"idAttribute\":\"id\",\"label\":\"Email\",\"key\":\"email\",\"type\":\"email\",\"created_at\":\"2021-05-31 16:57:06\",\"label_pos\":\"above\",\"required\":1,\"placeholder\":\"Podaj maila, skontaktujemy si\\u0119 z Tob\\u0105\",\"default\":\"\",\"wrapper_class\":\"\",\"element_class\":\"\",\"container_class\":\"\",\"admin_label\":\"\",\"help_text\":\"\",\"desc_text\":\"\",\"wrap_styles_background-color\":\"\",\"wrap_styles_border\":\"\",\"wrap_styles_border-style\":\"\",\"wrap_styles_border-color\":\"\",\"wrap_styles_color\":\"\",\"wrap_styles_height\":\"\",\"wrap_styles_width\":\"\",\"wrap_styles_font-size\":\"\",\"wrap_styles_margin\":\"\",\"wrap_styles_padding\":\"\",\"wrap_styles_display\":\"\",\"wrap_styles_float\":\"\",\"wrap_styles_show_advanced_css\":0,\"wrap_styles_advanced\":\"\",\"label_styles_background-color\":\"\",\"label_styles_border\":\"\",\"label_styles_border-style\":\"\",\"label_styles_border-color\":\"\",\"label_styles_color\":\"\",\"label_styles_height\":\"\",\"label_styles_width\":\"\",\"label_styles_font-size\":\"\",\"label_styles_margin\":\"\",\"label_styles_padding\":\"\",\"label_styles_display\":\"\",\"label_styles_float\":\"\",\"label_styles_show_advanced_css\":0,\"label_styles_advanced\":\"\",\"element_styles_background-color\":\"\",\"element_styles_border\":\"\",\"element_styles_border-style\":\"\",\"element_styles_border-color\":\"\",\"element_styles_color\":\"\",\"element_styles_height\":\"\",\"element_styles_width\":\"\",\"element_styles_font-size\":\"\",\"element_styles_margin\":\"\",\"element_styles_padding\":\"\",\"element_styles_display\":\"\",\"element_styles_float\":\"\",\"element_styles_show_advanced_css\":0,\"element_styles_advanced\":\"\",\"cellcid\":\"c3375\",\"custom_name_attribute\":\"email\",\"personally_identifiable\":1,\"value\":\"\",\"drawerDisabled\":false,\"id\":2,\"beforeField\":\"\",\"afterField\":\"\",\"parentType\":\"email\",\"element_templates\":[\"email\",\"input\"],\"old_classname\":\"\",\"wrap_template\":\"wrap\"},{\"objectType\":\"Field\",\"objectDomain\":\"fields\",\"editActive\":false,\"order\":2,\"idAttribute\":\"id\",\"label\":\"Wy\\u015blij\",\"key\":\"wyslij_1640001513358\",\"type\":\"submit\",\"created_at\":\"2021-05-31 16:57:06\",\"processing_label\":\"Wysy\\u0142anie...\",\"container_class\":\"\",\"element_class\":\"\",\"wrap_styles_background-color\":\"\",\"wrap_styles_border\":\"\",\"wrap_styles_border-style\":\"\",\"wrap_styles_border-color\":\"\",\"wrap_styles_color\":\"\",\"wrap_styles_height\":\"\",\"wrap_styles_width\":\"\",\"wrap_styles_font-size\":\"\",\"wrap_styles_margin\":\"\",\"wrap_styles_padding\":\"\",\"wrap_styles_display\":\"\",\"wrap_styles_float\":\"\",\"wrap_styles_show_advanced_css\":0,\"wrap_styles_advanced\":\"\",\"label_styles_background-color\":\"\",\"label_styles_border\":\"\",\"label_styles_border-style\":\"\",\"label_styles_border-color\":\"\",\"label_styles_color\":\"\",\"label_styles_height\":\"\",\"label_styles_width\":\"\",\"label_styles_font-size\":\"\",\"label_styles_margin\":\"\",\"label_styles_padding\":\"\",\"label_styles_display\":\"\",\"label_styles_float\":\"\",\"label_styles_show_advanced_css\":0,\"label_styles_advanced\":\"\",\"element_styles_background-color\":\"\",\"element_styles_border\":\"\",\"element_styles_border-style\":\"\",\"element_styles_border-color\":\"\",\"element_styles_color\":\"\",\"element_styles_height\":\"\",\"element_styles_width\":\"\",\"element_styles_font-size\":\"\",\"element_styles_margin\":\"\",\"element_styles_padding\":\"\",\"element_styles_display\":\"\",\"element_styles_float\":\"\",\"element_styles_show_advanced_css\":0,\"element_styles_advanced\":\"\",\"submit_element_hover_styles_background-color\":\"\",\"submit_element_hover_styles_border\":\"\",\"submit_element_hover_styles_border-style\":\"\",\"submit_element_hover_styles_border-color\":\"\",\"submit_element_hover_styles_color\":\"\",\"submit_element_hover_styles_height\":\"\",\"submit_element_hover_styles_width\":\"\",\"submit_element_hover_styles_font-size\":\"\",\"submit_element_hover_styles_margin\":\"\",\"submit_element_hover_styles_padding\":\"\",\"submit_element_hover_styles_display\":\"\",\"submit_element_hover_styles_float\":\"\",\"submit_element_hover_styles_show_advanced_css\":0,\"submit_element_hover_styles_advanced\":\"\",\"cellcid\":\"c3378\",\"drawerDisabled\":false,\"id\":4,\"beforeField\":\"\",\"afterField\":\"\",\"value\":\"\",\"label_pos\":\"above\",\"parentType\":\"textbox\",\"element_templates\":[\"submit\",\"button\",\"input\"],\"old_classname\":\"\",\"wrap_template\":\"wrap-no-label\"}];nfForms.push(form);<\/script>\n                <script id=\"nf-tmpl-cell\" type=\"text\/template\">\n            <nf-fields><\/nf-fields>\n        <\/script>\n\n        <script id=\"nf-tmpl-row\" type=\"text\/template\">\n            <nf-cells><\/nf-cells>\n        <\/script>\n\n                <\/div>\r\n    <\/div>\r\n    <div class=\"ctaninja-onm ctaninja-onm-1 rbg\"><\/div>\r\n    <div class=\"ctaninja-onm ctaninja-onm-2 rbg\"><\/div>\r\n<\/section>\n\n\n<h2 class=\"wp-block-heading\" id=\"ha-fotograf-na-slub-jakich-zdjec-oczekuja-panstwo-mlodzi\">Fotograf na \u015blub \u2013 jakich zdj\u0119\u0107 oczekuj\u0105 Pa\u0144stwo M\u0142odzi?<\/h2>\n\n\n\n<p>Sesja \u015blubna to ju\u017c nieod\u0142\u0105czny punkt w planowaniu ka\u017cdego wesela. Zdj\u0119cia z tego wyj\u0105tkowego dnia s\u0105 bezcenn\u0105 pami\u0105tk\u0105, dlatego nie dziwi nikogo, \u017ce M\u0142oda Para znika na jaki\u015b czas podczas przyj\u0119cia udaj\u0105c si\u0119 na sesj\u0119 \u015blubn\u0105. O ile zdj\u0119cia z ko\u015bcio\u0142a i zabawy weselnej s\u0105 zwykle do\u015b\u0107 klasyczne, o tyle to, jakich zdj\u0119\u0107 oczekuj\u0105 Pa\u0144stwo M\u0142odzi z swojej sesji \u015blubnej mo\u017ce przybiera\u0107 bardzo r\u00f3\u017cne i ciekawe formy. Tu warto przyjrze\u0107 si\u0119 dorobkowi wybranych fotograf\u00f3w i wybra\u0107 styl, kt\u00f3ry najbardziej nam odpowiada. Niekt\u00f3re ekipy fotograficzne tworz\u0105 niezapomniane kadry, kt\u00f3re s\u0105 ogromnym zaskoczeniem podczas odbioru reporta\u017cu \u015blubnego. Warto przyjrze\u0107 si\u0119 portfolio wybranych przez siebie potencjalnych fotograf\u00f3w. By\u0107 mo\u017ce wpadnie Wam w oko jaki\u015b detal, dzi\u0119ki kt\u00f3remu wybierzecie w\u0142a\u015bnie te osoby.<\/p>\n\n\n<section id=\"leonardo-block_60e1bf657bdf4\" class=\"leonardo page-breaker leonardo-image-left\">\r\n    <div class=\"leonardo-body\">\r\n                <div class=\"leonardo-content\"><p>Czy fotograf na \u015blub powinien posiada\u0107 jakie\u015b wyj\u0105tkowe cechy? Oczywi\u015bcie, tylko takie, kt\u00f3re b\u0119d\u0105 kluczowe dla Waszej decyzji. Przed dokonaniem wyboru, warto wi\u0119c zastanowi\u0107 si\u0119, na czym Wam najbardziej zale\u017cy. Je\u015bli najbardziej zale\u017cy Wam na wspania\u0142ym reporta\u017cu z wesela, wybierzcie tak\u0105 osob\u0119, kt\u00f3ra zachwyca wychwyconymi, niepowtarzalnymi momentami, uwiecznionymi na fotografiach \u015blubnych. Je\u015bli jednak to emocje s\u0105 dla Was najwa\u017cniejsze, wybierzcie fotografa, kt\u00f3ry doskonale zachowuje na zdj\u0119ciach najbardziej podnios\u0142e i wzruszaj\u0105ce momenty. Je\u015bli natomiast zale\u017cy Wam na nietuzinkowej sesji w plenerze, wybierzcie spo\u015br\u00f3d tych tw\u00f3rc\u00f3w, kt\u00f3rzy skupiaj\u0105 si\u0119 g\u0142\u00f3wnie na tym aspekcie. Czy s\u0105 ekipy, kt\u00f3re spe\u0142niaj\u0105 wszystkie te warunki jednocze\u015bnie? Oczywi\u015bcie! I to nie tylko w\u015br\u00f3d profesjonalist\u00f3w, ale tak\u017ce amator\u00f3w!<\/p>\n<\/div>\r\n            <\/div>\r\n    <div class=\"leonardo-image\">\r\n        <img loading=\"lazy\" decoding=\"async\" width=\"1024\" height=\"683\" src=\"https:\/\/www.koronakarkonoszy.pl\/blog\/wp-content\/uploads\/2021\/07\/fotograf-na-slub.jpg\" class=\"attachment-full size-full\" alt=\"\" srcset=\"https:\/\/www.koronakarkonoszy.pl\/blog\/wp-content\/uploads\/2021\/07\/fotograf-na-slub.jpg 1024w, https:\/\/www.koronakarkonoszy.pl\/blog\/wp-content\/uploads\/2021\/07\/fotograf-na-slub-300x200.jpg 300w, https:\/\/www.koronakarkonoszy.pl\/blog\/wp-content\/uploads\/2021\/07\/fotograf-na-slub-768x512.jpg 768w\" sizes=\"auto, (max-width: 1024px) 100vw, 1024px\" \/>            <\/div>\r\n<\/section>\n\n\n<h2 class=\"wp-block-heading\" id=\"ha-fotograf-na-slub-plener-slubny\">Fotograf na \u015blub \u2013 plener \u015blubny<\/h2>\n\n\n\n<p>Nadal najpopularniejsze s\u0105 zdj\u0119cia m\u0142odych ma\u0142\u017conk\u00f3w w plenerze, z pi\u0119knymi widokami czy historycznymi budynkami w tle. To szeroka kategoria, gdzie w\u0142a\u015bnie pole do popisu znajduje kreatywno\u015b\u0107 fotografa. W ostatnich latach prawdziwym przebojem s\u0105 tu zdj\u0119cia z dronu, kt\u00f3re pozwalaj\u0105 w pe\u0142ni uchwyci\u0107 pi\u0119kno pejza\u017cu z nietypowej perspektywy.&nbsp;Warto znale\u017a\u0107 takiego fotografa, kt\u00f3ry b\u0119dzie mia\u0142 niecodzienne pomys\u0142y na sesj\u0119 plenerow\u0105. Przy okazji takiej sesji kamerzysta, przygotowuj\u0105cy reporta\u017c filmowy, ma okazj\u0119 uchwyci\u0107 Par\u0119 M\u0142od\u0105 w pi\u0119knej scenerii. To \u015bwietna okazja do urozmaicenia filmu \u015blubnego, kt\u00f3ry w wi\u0119kszo\u015bci wybieraj\u0105 m\u0142odzi ma\u0142\u017conkowie.&nbsp;<\/p>\n\n\n<section id=\"leonardo-block_60e1bfed7bdf6\" class=\"leonardo page-breaker leonardo-image-right\">\r\n    <div class=\"leonardo-body\">\r\n                <div class=\"leonardo-content\"><p>Wiele s\u0142yszy si\u0119 o sesjach wyjazdowych, m.in. nad morzem, w g\u00f3rach, a nawet za granic\u0105. To doskona\u0142y pomys\u0142, szczeg\u00f3lnie w momencie, kiedy m\u0142odzi chc\u0105 zrealizowa\u0107 ca\u0142kowicie innowacyjny reporta\u017c i wyr\u00f3\u017cni\u0107 si\u0119 inwencj\u0105 tw\u00f3rcz\u0105.<\/p>\n<\/div>\r\n                    <aside class=\"leonardo-interlink\">\r\n                <b>Polecamy<\/b>\r\n                <a href=\"https:\/\/www.koronakarkonoszy.pl\/blog\/de\/dodatkowe-wydatki-na-wesele-o-ktorych-warto-pomyslec\/\">Dodatkowe wydatki na wesele, o kt\u00f3rych warto pomy\u015ble\u0107<\/a>\r\n            <\/aside>\r\n            <\/div>\r\n    <div class=\"leonardo-image\">\r\n        <img loading=\"lazy\" decoding=\"async\" width=\"1024\" height=\"683\" src=\"https:\/\/www.koronakarkonoszy.pl\/blog\/wp-content\/uploads\/2021\/07\/fotograf-na-slub2.jpg\" class=\"attachment-full size-full\" alt=\"\" srcset=\"https:\/\/www.koronakarkonoszy.pl\/blog\/wp-content\/uploads\/2021\/07\/fotograf-na-slub2.jpg 1024w, https:\/\/www.koronakarkonoszy.pl\/blog\/wp-content\/uploads\/2021\/07\/fotograf-na-slub2-300x200.jpg 300w, https:\/\/www.koronakarkonoszy.pl\/blog\/wp-content\/uploads\/2021\/07\/fotograf-na-slub2-768x512.jpg 768w\" sizes=\"auto, (max-width: 1024px) 100vw, 1024px\" \/>            <\/div>\r\n<\/section>\n\n\n<p>Niekt\u00f3re pary decyduj\u0105 si\u0119 na jeszcze bardziej nietypowe i szalone zdj\u0119cia. Mog\u0105 one nawi\u0105zywa\u0107 do ich wsp\u00f3lnych zainteresowa\u0144 np. podr\u00f3\u017cy czy sportu. Cz\u0119sto sesje \u015blubne przywo\u0142uj\u0105 te\u017c zaw\u00f3d kt\u00f3rego\u015b lub obojga ma\u0142\u017conk\u00f3w za pomoc\u0105 rekwizyt\u00f3w czy miejsca wykonania fotografii. Je\u015bli chcemy naprawd\u0119 oryginalnych zdj\u0119\u0107, warto poszuka\u0107 tak\u017ce inspiracji w Internecie oraz om\u00f3wi\u0107 t\u0119 kwesti\u0119 z wybranym fotografem \u2013 mog\u0105 nam oni tu podsun\u0105\u0107 cenne rozwi\u0105zania i pomys\u0142y. Ogranicza nas tu w\u0142a\u015bciwie tylko fantazja. Sesja \u015blubna pod wod\u0105? Dlaczego nie! Takie zdj\u0119cia s\u0105 bez w\u0105tpienia cenn\u0105 pami\u0105tk\u0105, a sama sesja wspania\u0142ym wspomnieniem dla M\u0142odej Pary.<\/p>\n\n\n\n<h2 class=\"wp-block-heading\" id=\"ha-fotograf-na-slub-profesjonalista-czy-amator\">Fotograf na \u015blub \u2013 profesjonalista czy amator?<\/h2>\n\n\n\n<p>Pewnie wielu z Was, przygotowuj\u0105cych si\u0119 do wymarzonego dnia, zastanawia si\u0119, czy warto inwestowa\u0107 pieni\u0105dze w fotografa-amatora i czym r\u00f3\u017cni si\u0119 on od profesjonalisty. Je\u015bli w Waszym otoczeniu jest osoba, kt\u00f3rej warto zaufa\u0107 w kwestii fotografowania \u015blubu, czemu nie? Wystarczy, \u017ce osoba ta ma talent, dobre oko i \u015bwietny sprz\u0119t. Od tego zale\u017cy powodzenie ca\u0142ego przedsi\u0119wzi\u0119cia.<\/p>\n\n\n<section id=\"leonardo-block_60e1bfd67bdf5\" class=\"leonardo page-breaker leonardo-image-left\">\r\n    <div class=\"leonardo-body\">\r\n                <div class=\"leonardo-content\"><p>Pami\u0119tajcie jednak, \u017ce amator powinien mie\u0107 ju\u017c do\u015bwiadczenie w fotografii \u015blubnej, poniewa\u017c jest to specyficzna uroczysto\u015b\u0107, wymagaj\u0105ca pewnego rodzaju umiej\u0119tno\u015bci. Fotograf na \u015blubie i weselu powinien wtapia\u0107 si\u0119 w t\u0142um i nie absorbowa\u0107 sob\u0105 ani Pary M\u0142odej, ani go\u015bci. Z pewno\u015bci\u0105 za amatorski (co nie znaczy gorszy) materia\u0142, z pewno\u015bci\u0105 zap\u0142acicie znacznie mniej. Warto wi\u0119c zastanowi\u0107 si\u0119 nad takim rozwi\u0105zaniem i da\u0107 szans\u0119 osobie, kt\u00f3rej ufacie, b\u0105d\u017a kt\u00f3ra zbiera znakomite opinie.<\/p>\n<\/div>\r\n            <\/div>\r\n    <div class=\"leonardo-image\">\r\n        <img loading=\"lazy\" decoding=\"async\" width=\"1024\" height=\"732\" src=\"https:\/\/www.koronakarkonoszy.pl\/blog\/wp-content\/uploads\/2021\/07\/fotograf-na-slub3.jpg\" class=\"attachment-full size-full\" alt=\"\" srcset=\"https:\/\/www.koronakarkonoszy.pl\/blog\/wp-content\/uploads\/2021\/07\/fotograf-na-slub3.jpg 1024w, https:\/\/www.koronakarkonoszy.pl\/blog\/wp-content\/uploads\/2021\/07\/fotograf-na-slub3-300x214.jpg 300w, https:\/\/www.koronakarkonoszy.pl\/blog\/wp-content\/uploads\/2021\/07\/fotograf-na-slub3-768x549.jpg 768w\" sizes=\"auto, (max-width: 1024px) 100vw, 1024px\" \/>            <\/div>\r\n<\/section>","protected":false},"excerpt":{"rendered":"<p>Wyb\u00f3r fotografa na \u015blub i wesele to jedna z najwa\u017cniejszych decyzji, przed kt\u00f3r\u0105 staj\u0105 Pa\u0144stwo M\u0142odzi. Dawno min\u0119\u0142y czasy, gdy wystarcza\u0142y pami\u0105tkowe zdj\u0119cia robione przez wujka-amatora. O dziwo, nawet w dobie powszechnie dost\u0119pnych dobrych aparat\u00f3w w telefonach kom\u00f3rkowych, profesjonalna fotografia \u015blubna wcale nie ucierpia\u0142a \u2013 wr\u0119cz przeciwnie. Z czego to wynika? By\u0107 mo\u017ce jest to [&hellip;]<\/p>\n","protected":false},"author":4,"featured_media":275,"comment_status":"closed","ping_status":"closed","sticky":false,"template":"","format":"standard","meta":{"_acf_changed":false,"footnotes":""},"categories":[2,3],"class_list":["post-273","post","type-post","status-publish","format-standard","has-post-thumbnail","hentry","category-porady","category-trendy"],"acf":[],"yoast_head":"<!-- This site is optimized with the Yoast SEO plugin v27.5 - https:\/\/yoast.com\/product\/yoast-seo-wordpress\/ -->\n<title>Fotograf na \u015blub - jakich zdj\u0119\u0107 oczekuj\u0105 Pa\u0144stwo M\u0142odzi? - :: Blog weselny<\/title>\n<meta name=\"description\" content=\"Jaki powinien by\u0107 fotograf na \u015blub, kt\u00f3ry sprosta oczekiwaniom wsp\u00f3\u0142czesnych Par M\u0142odych? Czym si\u0119 kierowa\u0107 w wyborze? Podpowiadamy!\" \/>\n<meta name=\"robots\" content=\"index, follow, max-snippet:-1, max-image-preview:large, max-video-preview:-1\" \/>\n<link rel=\"canonical\" href=\"https:\/\/www.koronakarkonoszy.pl\/blog\/de\/hochzeitsfotograf-welche-art-von-fotos-braut-und-brautigam-wunschen\/\" \/>\n<meta property=\"og:locale\" content=\"de_DE\" \/>\n<meta property=\"og:type\" content=\"article\" \/>\n<meta property=\"og:title\" content=\"Fotograf na \u015blub - jakich zdj\u0119\u0107 oczekuj\u0105 Pa\u0144stwo M\u0142odzi? - :: Blog weselny\" \/>\n<meta property=\"og:description\" content=\"Jaki powinien by\u0107 fotograf na \u015blub, kt\u00f3ry sprosta oczekiwaniom wsp\u00f3\u0142czesnych Par M\u0142odych? Czym si\u0119 kierowa\u0107 w wyborze? Podpowiadamy!\" \/>\n<meta property=\"og:url\" content=\"https:\/\/www.koronakarkonoszy.pl\/blog\/de\/hochzeitsfotograf-welche-art-von-fotos-braut-und-brautigam-wunschen\/\" \/>\n<meta property=\"og:site_name\" content=\":: Blog weselny\" \/>\n<meta property=\"article:published_time\" content=\"2021-05-26T14:00:00+00:00\" \/>\n<meta property=\"article:modified_time\" content=\"2021-11-11T17:30:43+00:00\" \/>\n<meta property=\"og:image\" content=\"https:\/\/www.koronakarkonoszy.pl\/blog\/wp-content\/uploads\/2021\/07\/fotograf-na-slub1.jpg\" \/>\n\t<meta property=\"og:image:width\" content=\"1024\" \/>\n\t<meta property=\"og:image:height\" content=\"683\" \/>\n\t<meta property=\"og:image:type\" content=\"image\/jpeg\" \/>\n<meta name=\"author\" content=\"Maria Szruba\" \/>\n<meta name=\"twitter:card\" content=\"summary_large_image\" \/>\n<meta name=\"twitter:label1\" content=\"Verfasst von\" \/>\n\t<meta name=\"twitter:data1\" content=\"Maria Szruba\" \/>\n\t<meta name=\"twitter:label2\" content=\"Gesch\u00e4tzte Lesezeit\" \/>\n\t<meta name=\"twitter:data2\" content=\"3\u00a0Minuten\" \/>\n<script type=\"application\/ld+json\" class=\"yoast-schema-graph\">{\"@context\":\"https:\\\/\\\/schema.org\",\"@graph\":[{\"@type\":\"Article\",\"@id\":\"https:\\\/\\\/www.koronakarkonoszy.pl\\\/blog\\\/fotograf-na-slub-jakich-zdjec-oczekuja-panstwo-mlodzi\\\/#article\",\"isPartOf\":{\"@id\":\"https:\\\/\\\/www.koronakarkonoszy.pl\\\/blog\\\/fotograf-na-slub-jakich-zdjec-oczekuja-panstwo-mlodzi\\\/\"},\"author\":{\"name\":\"Maria Szruba\",\"@id\":\"https:\\\/\\\/www.koronakarkonoszy.pl\\\/blog\\\/#\\\/schema\\\/person\\\/c3d9d467cc9af49e50c67be561c643eb\"},\"headline\":\"Fotograf na \u015blub &#8211; jakich zdj\u0119\u0107 oczekuj\u0105 Pa\u0144stwo M\u0142odzi?\",\"datePublished\":\"2021-05-26T14:00:00+00:00\",\"dateModified\":\"2021-11-11T17:30:43+00:00\",\"mainEntityOfPage\":{\"@id\":\"https:\\\/\\\/www.koronakarkonoszy.pl\\\/blog\\\/fotograf-na-slub-jakich-zdjec-oczekuja-panstwo-mlodzi\\\/\"},\"wordCount\":785,\"image\":{\"@id\":\"https:\\\/\\\/www.koronakarkonoszy.pl\\\/blog\\\/fotograf-na-slub-jakich-zdjec-oczekuja-panstwo-mlodzi\\\/#primaryimage\"},\"thumbnailUrl\":\"https:\\\/\\\/www.koronakarkonoszy.pl\\\/blog\\\/wp-content\\\/uploads\\\/2021\\\/07\\\/fotograf-na-slub1.jpg\",\"articleSection\":[\"Porady\",\"Trendy\"],\"inLanguage\":\"de\"},{\"@type\":\"WebPage\",\"@id\":\"https:\\\/\\\/www.koronakarkonoszy.pl\\\/blog\\\/fotograf-na-slub-jakich-zdjec-oczekuja-panstwo-mlodzi\\\/\",\"url\":\"https:\\\/\\\/www.koronakarkonoszy.pl\\\/blog\\\/fotograf-na-slub-jakich-zdjec-oczekuja-panstwo-mlodzi\\\/\",\"name\":\"Fotograf na \u015blub - jakich zdj\u0119\u0107 oczekuj\u0105 Pa\u0144stwo M\u0142odzi? - :: Blog weselny\",\"isPartOf\":{\"@id\":\"https:\\\/\\\/www.koronakarkonoszy.pl\\\/blog\\\/#website\"},\"primaryImageOfPage\":{\"@id\":\"https:\\\/\\\/www.koronakarkonoszy.pl\\\/blog\\\/fotograf-na-slub-jakich-zdjec-oczekuja-panstwo-mlodzi\\\/#primaryimage\"},\"image\":{\"@id\":\"https:\\\/\\\/www.koronakarkonoszy.pl\\\/blog\\\/fotograf-na-slub-jakich-zdjec-oczekuja-panstwo-mlodzi\\\/#primaryimage\"},\"thumbnailUrl\":\"https:\\\/\\\/www.koronakarkonoszy.pl\\\/blog\\\/wp-content\\\/uploads\\\/2021\\\/07\\\/fotograf-na-slub1.jpg\",\"datePublished\":\"2021-05-26T14:00:00+00:00\",\"dateModified\":\"2021-11-11T17:30:43+00:00\",\"author\":{\"@id\":\"https:\\\/\\\/www.koronakarkonoszy.pl\\\/blog\\\/#\\\/schema\\\/person\\\/c3d9d467cc9af49e50c67be561c643eb\"},\"description\":\"Jaki powinien by\u0107 fotograf na \u015blub, kt\u00f3ry sprosta oczekiwaniom wsp\u00f3\u0142czesnych Par M\u0142odych? Czym si\u0119 kierowa\u0107 w wyborze? Podpowiadamy!\",\"breadcrumb\":{\"@id\":\"https:\\\/\\\/www.koronakarkonoszy.pl\\\/blog\\\/fotograf-na-slub-jakich-zdjec-oczekuja-panstwo-mlodzi\\\/#breadcrumb\"},\"inLanguage\":\"de\",\"potentialAction\":[{\"@type\":\"ReadAction\",\"target\":[\"https:\\\/\\\/www.koronakarkonoszy.pl\\\/blog\\\/fotograf-na-slub-jakich-zdjec-oczekuja-panstwo-mlodzi\\\/\"]}]},{\"@type\":\"ImageObject\",\"inLanguage\":\"de\",\"@id\":\"https:\\\/\\\/www.koronakarkonoszy.pl\\\/blog\\\/fotograf-na-slub-jakich-zdjec-oczekuja-panstwo-mlodzi\\\/#primaryimage\",\"url\":\"https:\\\/\\\/www.koronakarkonoszy.pl\\\/blog\\\/wp-content\\\/uploads\\\/2021\\\/07\\\/fotograf-na-slub1.jpg\",\"contentUrl\":\"https:\\\/\\\/www.koronakarkonoszy.pl\\\/blog\\\/wp-content\\\/uploads\\\/2021\\\/07\\\/fotograf-na-slub1.jpg\",\"width\":1024,\"height\":683,\"caption\":\"fotograf na \u015blub\"},{\"@type\":\"BreadcrumbList\",\"@id\":\"https:\\\/\\\/www.koronakarkonoszy.pl\\\/blog\\\/fotograf-na-slub-jakich-zdjec-oczekuja-panstwo-mlodzi\\\/#breadcrumb\",\"itemListElement\":[{\"@type\":\"ListItem\",\"position\":1,\"name\":\"Strona g\u0142\u00f3wna\",\"item\":\"https:\\\/\\\/www.koronakarkonoszy.pl\\\/blog\\\/\"},{\"@type\":\"ListItem\",\"position\":2,\"name\":\"Fotograf na \u015blub &#8211; jakich zdj\u0119\u0107 oczekuj\u0105 Pa\u0144stwo M\u0142odzi?\"}]},{\"@type\":\"WebSite\",\"@id\":\"https:\\\/\\\/www.koronakarkonoszy.pl\\\/blog\\\/#website\",\"url\":\"https:\\\/\\\/www.koronakarkonoszy.pl\\\/blog\\\/\",\"name\":\":: Blog weselny\",\"description\":\"Blog weselny Dw\u00f3r Korona Karkonoszy\",\"potentialAction\":[{\"@type\":\"SearchAction\",\"target\":{\"@type\":\"EntryPoint\",\"urlTemplate\":\"https:\\\/\\\/www.koronakarkonoszy.pl\\\/blog\\\/?s={search_term_string}\"},\"query-input\":{\"@type\":\"PropertyValueSpecification\",\"valueRequired\":true,\"valueName\":\"search_term_string\"}}],\"inLanguage\":\"de\"},{\"@type\":\"Person\",\"@id\":\"https:\\\/\\\/www.koronakarkonoszy.pl\\\/blog\\\/#\\\/schema\\\/person\\\/c3d9d467cc9af49e50c67be561c643eb\",\"name\":\"Maria Szruba\",\"image\":{\"@type\":\"ImageObject\",\"inLanguage\":\"de\",\"@id\":\"https:\\\/\\\/www.koronakarkonoszy.pl\\\/blog\\\/wp-content\\\/litespeed\\\/avatar\\\/d0fe7fde2b2277621e0a2904789bab14.jpg?ver=1777440145\",\"url\":\"https:\\\/\\\/www.koronakarkonoszy.pl\\\/blog\\\/wp-content\\\/litespeed\\\/avatar\\\/d0fe7fde2b2277621e0a2904789bab14.jpg?ver=1777440145\",\"contentUrl\":\"https:\\\/\\\/www.koronakarkonoszy.pl\\\/blog\\\/wp-content\\\/litespeed\\\/avatar\\\/d0fe7fde2b2277621e0a2904789bab14.jpg?ver=1777440145\",\"caption\":\"Maria Szruba\"},\"url\":\"https:\\\/\\\/www.koronakarkonoszy.pl\\\/blog\\\/de\\\/author\\\/m-szruba\\\/\"}]}<\/script>\n<!-- \/ Yoast SEO plugin. -->","yoast_head_json":{"title":"Hochzeitsfotograf \u2013 welche Fotos erwartet das Brautpaar? - :: Hochzeitsblog","description":"Wie sollte ein Hochzeitsfotograf sein, der den Erwartungen moderner junger Paare gerecht wird? Was ist bei der Auswahl zu beachten? wir schlagen vor!","robots":{"index":"index","follow":"follow","max-snippet":"max-snippet:-1","max-image-preview":"max-image-preview:large","max-video-preview":"max-video-preview:-1"},"canonical":"https:\/\/www.koronakarkonoszy.pl\/blog\/de\/hochzeitsfotograf-welche-art-von-fotos-braut-und-brautigam-wunschen\/","og_locale":"de_DE","og_type":"article","og_title":"Fotograf na \u015blub - jakich zdj\u0119\u0107 oczekuj\u0105 Pa\u0144stwo M\u0142odzi? - :: Blog weselny","og_description":"Jaki powinien by\u0107 fotograf na \u015blub, kt\u00f3ry sprosta oczekiwaniom wsp\u00f3\u0142czesnych Par M\u0142odych? Czym si\u0119 kierowa\u0107 w wyborze? Podpowiadamy!","og_url":"https:\/\/www.koronakarkonoszy.pl\/blog\/de\/hochzeitsfotograf-welche-art-von-fotos-braut-und-brautigam-wunschen\/","og_site_name":":: Blog weselny","article_published_time":"2021-05-26T14:00:00+00:00","article_modified_time":"2021-11-11T17:30:43+00:00","og_image":[{"width":1024,"height":683,"url":"https:\/\/www.koronakarkonoszy.pl\/blog\/wp-content\/uploads\/2021\/07\/fotograf-na-slub1.jpg","type":"image\/jpeg"}],"author":"Maria Szruba","twitter_card":"summary_large_image","twitter_misc":{"Verfasst von":"Maria Szruba","Gesch\u00e4tzte Lesezeit":"3\u00a0Minuten"},"schema":{"@context":"https:\/\/schema.org","@graph":[{"@type":"Article","@id":"https:\/\/www.koronakarkonoszy.pl\/blog\/fotograf-na-slub-jakich-zdjec-oczekuja-panstwo-mlodzi\/#article","isPartOf":{"@id":"https:\/\/www.koronakarkonoszy.pl\/blog\/fotograf-na-slub-jakich-zdjec-oczekuja-panstwo-mlodzi\/"},"author":{"name":"Maria Szruba","@id":"https:\/\/www.koronakarkonoszy.pl\/blog\/#\/schema\/person\/c3d9d467cc9af49e50c67be561c643eb"},"headline":"Fotograf na \u015blub &#8211; jakich zdj\u0119\u0107 oczekuj\u0105 Pa\u0144stwo M\u0142odzi?","datePublished":"2021-05-26T14:00:00+00:00","dateModified":"2021-11-11T17:30:43+00:00","mainEntityOfPage":{"@id":"https:\/\/www.koronakarkonoszy.pl\/blog\/fotograf-na-slub-jakich-zdjec-oczekuja-panstwo-mlodzi\/"},"wordCount":785,"image":{"@id":"https:\/\/www.koronakarkonoszy.pl\/blog\/fotograf-na-slub-jakich-zdjec-oczekuja-panstwo-mlodzi\/#primaryimage"},"thumbnailUrl":"https:\/\/www.koronakarkonoszy.pl\/blog\/wp-content\/uploads\/2021\/07\/fotograf-na-slub1.jpg","articleSection":["Porady","Trendy"],"inLanguage":"de"},{"@type":"WebPage","@id":"https:\/\/www.koronakarkonoszy.pl\/blog\/fotograf-na-slub-jakich-zdjec-oczekuja-panstwo-mlodzi\/","url":"https:\/\/www.koronakarkonoszy.pl\/blog\/fotograf-na-slub-jakich-zdjec-oczekuja-panstwo-mlodzi\/","name":"Hochzeitsfotograf \u2013 welche Fotos erwartet das Brautpaar? - :: Hochzeitsblog","isPartOf":{"@id":"https:\/\/www.koronakarkonoszy.pl\/blog\/#website"},"primaryImageOfPage":{"@id":"https:\/\/www.koronakarkonoszy.pl\/blog\/fotograf-na-slub-jakich-zdjec-oczekuja-panstwo-mlodzi\/#primaryimage"},"image":{"@id":"https:\/\/www.koronakarkonoszy.pl\/blog\/fotograf-na-slub-jakich-zdjec-oczekuja-panstwo-mlodzi\/#primaryimage"},"thumbnailUrl":"https:\/\/www.koronakarkonoszy.pl\/blog\/wp-content\/uploads\/2021\/07\/fotograf-na-slub1.jpg","datePublished":"2021-05-26T14:00:00+00:00","dateModified":"2021-11-11T17:30:43+00:00","author":{"@id":"https:\/\/www.koronakarkonoszy.pl\/blog\/#\/schema\/person\/c3d9d467cc9af49e50c67be561c643eb"},"description":"Wie sollte ein Hochzeitsfotograf sein, der den Erwartungen moderner junger Paare gerecht wird? Was ist bei der Auswahl zu beachten? wir schlagen vor!","breadcrumb":{"@id":"https:\/\/www.koronakarkonoszy.pl\/blog\/fotograf-na-slub-jakich-zdjec-oczekuja-panstwo-mlodzi\/#breadcrumb"},"inLanguage":"de","potentialAction":[{"@type":"ReadAction","target":["https:\/\/www.koronakarkonoszy.pl\/blog\/fotograf-na-slub-jakich-zdjec-oczekuja-panstwo-mlodzi\/"]}]},{"@type":"ImageObject","inLanguage":"de","@id":"https:\/\/www.koronakarkonoszy.pl\/blog\/fotograf-na-slub-jakich-zdjec-oczekuja-panstwo-mlodzi\/#primaryimage","url":"https:\/\/www.koronakarkonoszy.pl\/blog\/wp-content\/uploads\/2021\/07\/fotograf-na-slub1.jpg","contentUrl":"https:\/\/www.koronakarkonoszy.pl\/blog\/wp-content\/uploads\/2021\/07\/fotograf-na-slub1.jpg","width":1024,"height":683,"caption":"fotograf na \u015blub"},{"@type":"BreadcrumbList","@id":"https:\/\/www.koronakarkonoszy.pl\/blog\/fotograf-na-slub-jakich-zdjec-oczekuja-panstwo-mlodzi\/#breadcrumb","itemListElement":[{"@type":"ListItem","position":1,"name":"Strona g\u0142\u00f3wna","item":"https:\/\/www.koronakarkonoszy.pl\/blog\/"},{"@type":"ListItem","position":2,"name":"Fotograf na \u015blub &#8211; jakich zdj\u0119\u0107 oczekuj\u0105 Pa\u0144stwo M\u0142odzi?"}]},{"@type":"WebSite","@id":"https:\/\/www.koronakarkonoszy.pl\/blog\/#website","url":"https:\/\/www.koronakarkonoszy.pl\/blog\/","name":":: Hochzeitsblog","description":"Hochzeitsblog Dw\u00f3r Korona Karkonosze","potentialAction":[{"@type":"SearchAction","target":{"@type":"EntryPoint","urlTemplate":"https:\/\/www.koronakarkonoszy.pl\/blog\/?s={search_term_string}"},"query-input":{"@type":"PropertyValueSpecification","valueRequired":true,"valueName":"search_term_string"}}],"inLanguage":"de"},{"@type":"Person","@id":"https:\/\/www.koronakarkonoszy.pl\/blog\/#\/schema\/person\/c3d9d467cc9af49e50c67be561c643eb","name":"Maria Szruba","image":{"@type":"ImageObject","inLanguage":"de","@id":"https:\/\/www.koronakarkonoszy.pl\/blog\/wp-content\/litespeed\/avatar\/d0fe7fde2b2277621e0a2904789bab14.jpg?ver=1777440145","url":"https:\/\/www.koronakarkonoszy.pl\/blog\/wp-content\/litespeed\/avatar\/d0fe7fde2b2277621e0a2904789bab14.jpg?ver=1777440145","contentUrl":"https:\/\/www.koronakarkonoszy.pl\/blog\/wp-content\/litespeed\/avatar\/d0fe7fde2b2277621e0a2904789bab14.jpg?ver=1777440145","caption":"Maria Szruba"},"url":"https:\/\/www.koronakarkonoszy.pl\/blog\/de\/author\/m-szruba\/"}]}},"_links":{"self":[{"href":"https:\/\/www.koronakarkonoszy.pl\/blog\/de\/wp-json\/wp\/v2\/posts\/273","targetHints":{"allow":["GET"]}}],"collection":[{"href":"https:\/\/www.koronakarkonoszy.pl\/blog\/de\/wp-json\/wp\/v2\/posts"}],"about":[{"href":"https:\/\/www.koronakarkonoszy.pl\/blog\/de\/wp-json\/wp\/v2\/types\/post"}],"author":[{"embeddable":true,"href":"https:\/\/www.koronakarkonoszy.pl\/blog\/de\/wp-json\/wp\/v2\/users\/4"}],"replies":[{"embeddable":true,"href":"https:\/\/www.koronakarkonoszy.pl\/blog\/de\/wp-json\/wp\/v2\/comments?post=273"}],"version-history":[{"count":0,"href":"https:\/\/www.koronakarkonoszy.pl\/blog\/de\/wp-json\/wp\/v2\/posts\/273\/revisions"}],"wp:featuredmedia":[{"embeddable":true,"href":"https:\/\/www.koronakarkonoszy.pl\/blog\/de\/wp-json\/wp\/v2\/media\/275"}],"wp:attachment":[{"href":"https:\/\/www.koronakarkonoszy.pl\/blog\/de\/wp-json\/wp\/v2\/media?parent=273"}],"wp:term":[{"taxonomy":"category","embeddable":true,"href":"https:\/\/www.koronakarkonoszy.pl\/blog\/de\/wp-json\/wp\/v2\/categories?post=273"}],"curies":[{"name":"wp","href":"https:\/\/api.w.org\/{rel}","templated":true}]}}