{"id":265,"date":"2024-07-20T17:15:00","date_gmt":"2024-07-20T15:15:00","guid":{"rendered":"https:\/\/www.koronakarkonoszy.pl\/blog\/?p=265"},"modified":"2025-04-18T09:43:13","modified_gmt":"2025-04-18T07:43:13","slug":"hochzeit-in-den-bergen-mit-ubernachtung","status":"publish","type":"post","link":"https:\/\/www.koronakarkonoszy.pl\/blog\/de\/wesele-w-gorach-z-noclegiem\/","title":{"rendered":"Eine Hochzeit in den Bergen mit \u00dcbernachtung \u2013 was muss man beachten?"},"content":{"rendered":"\n<p>\u015aluby i wesela w g\u00f3rach od zawsze cieszy\u0142y si\u0119 ogromn\u0105 popularno\u015bci\u0105. O takim weselu jak z bajki marz\u0105 nie tylko romantycy. Przepi\u0119kne krajobrazy i architektura nadaj\u0105 jeszcze bardziej niezwyk\u0142ego charakteru uroczysto\u015bci za\u015blubin. Dlaczego warto zdecydowa\u0107 si\u0119 na&nbsp;wesele w g\u00f3rach z noclegiem, i o czym warto wiedzie\u0107?<\/p>\n\n\n\n<h3 class=\"wp-block-heading\" id=\"ha-czego-sie-dowiesz-z-artykulu\">Czego si\u0119 dowiesz z artyku\u0142u?<\/h3>\n\n\n\n<p>Planujesz wesele i zastanawiasz si\u0119 nad jego lokalizacj\u0105? Wesele w g\u00f3rach z noclegiem to opcja, kt\u00f3ra zyskuje coraz wi\u0119ksz\u0105 popularno\u015b\u0107 w\u015br\u00f3d przysz\u0142ych ma\u0142\u017conk\u00f3w. Dlaczego? Przede wszystkim, malownicze g\u00f3rskie krajobrazy stanowi\u0105 idealne t\u0142o dla romantycznej ceremonii, a dodatkowo mo\u017cliwo\u015b\u0107 po\u0142\u0105czenia \u015blubu z kr\u00f3tkim urlopem sprawia, \u017ce wydarzenie staje si\u0119 niezapomnianym prze\u017cyciem.<\/p>\n\n\n\n<p>W tym artykule om\u00f3wimy zalety organizacji wesela w g\u00f3rach, podpowiemy, jak po\u0142\u0105czy\u0107 \u015blub z wakacjami, a tak\u017ce przedstawimy najwa\u017cniejsze aspekty planowania wesela z noclegiem. Dowiesz si\u0119 r\u00f3wnie\u017c, jakie zdj\u0119cia weselne mo\u017cesz uzyska\u0107 w g\u00f3rskiej scenerii oraz czy organizacja uroczysto\u015bci jesieni\u0105 to dobry pomys\u0142. Poruszymy tak\u017ce kwesti\u0119 koszt\u00f3w noclegu i podpowiemy, co zabra\u0107 ze sob\u0105 na g\u00f3rskie wesele.<\/p>\n\n\n\n<p>Je\u015bli marzycie o weselu w 2024 lub 2025 roku, nasz przewodnik pomo\u017ce Wam skupi\u0107 si\u0119 na najwa\u017cniejszych elementach, aby Wasz dzie\u0144 by\u0142 wyj\u0105tkowy i zgodny z Waszymi wyobra\u017ceniami. Przygotujcie si\u0119 na porady i inspiracje, kt\u00f3re sprawi\u0105, \u017ce Wasze wesele w g\u00f3rach b\u0119dzie niezapomniane!<\/p>\n\n\n<div id=\"ariadna-block_1909eb007d9fd439bec9a27ceed13ef1\" class=\"ariadna\">\r\n    <ul><li><a href=\"#ha-jakie-sa-zalety-wesela-w-gorach\">Jakie s\u0105 zalety wesela w g\u00f3rach?<\/a><\/li><li><a href=\"#h-lub-po-czony-z-urlopem\">Czy warto po\u0142\u0105czy\u0107 \u015blub z urlopem?<\/a><\/li><li><a href=\"#h-wesele-w-g-rach-z-noclegiem\">Jak zaplanowa\u0107 wesele w g\u00f3rach z noclegiem?<\/a><\/li><li><a href=\"#ha-wesele-w-gorach-zdjecia-weselne\">Wesele w g\u00f3rach &#8211; zdj\u0119cia weselne<\/a><\/li><li><a href=\"#ha-czy-wesele-w-gorach-z-noclegiem-jesienia-to-dobry-pomysl\">Czy wesele w g\u00f3rach z noclegiem jesieni\u0105 to dobry pomys\u0142?<\/a><\/li><li><a href=\"#ha-kto-pokrywa-koszty-noclegu\">Kto pokrywa koszty noclegu?<\/a><\/li><li><a href=\"#ha-wesele-z-noclegiem-w-gorach-co-zabrac\">Wesele z noclegiem w g\u00f3rach \u2013 co zabra\u0107?<\/a><\/li><li><a href=\"#ha-wesele-w-gorach-2024-2025\">Wesele w g\u00f3rach 2024\/2025<\/a><\/li><li><a href=\"#ha-wesele-w-gorach-z-noclegiem-na-czym-sie-skupic\">Wesele w g\u00f3rach z noclegiem &#8211; na czym si\u0119 skupi\u0107?<\/a><\/li><li><a href=\"#ha-wesele-z-noclegiem-w-gorach-atrakcje-dla-gosci\">Wesele z noclegiem w g\u00f3rach \u2013 atrakcje dla go\u015bci<\/a><\/li><li><a href=\"#ha-wesele-w-gorach-z-noclegiem-korzysci-logistyczne\">Wesele w g\u00f3rach z noclegiem \u2013 korzy\u015bci logistyczne<\/a><\/li><li><a href=\"#ha-wesele-z-noclegiem-w-gorach-unikalne-doswiadczenie\">Wesele z noclegiem w g\u00f3rach \u2013 unikalne do\u015bwiadczenie<\/a><\/li><li><a href=\"#ha-dlaczego-warto-zorganizowac-wesele-z-noclegiem-w-gorach-zima\">Dlaczego warto zorganizowa\u0107 wesele z noclegiem w g\u00f3rach zim\u0105?<\/a><\/li><li><a href=\"#ha-czy-warto-zorganizowac-poprawiny-po-weselu-w-gorach\">Czy warto zorganizowa\u0107 poprawiny po weselu w g\u00f3rach?<\/a><\/li><li><a href=\"#ha-wesele-z-noclegiem-w-gorach-zima\">Wesele z noclegiem w g\u00f3rach zim\u0105<\/a><\/li><li><a href=\"#ha-jak-zorganizowac-plenerowe-wesele-w-gorach-z-noclegiem\">Jak zorganizowa\u0107 plenerowe wesele w g\u00f3rach z noclegiem?<\/a><\/li><li><a href=\"#ha-jak-wybrac-idealna-sale-na-wesele-z-noclegiem-w-gorach\">Jak wybra\u0107 idealn\u0105 sal\u0119 na wesele z noclegiem w g\u00f3rach?<\/a><\/li><\/ul>\r\n<\/div>\r\n\r\n\r\n\r\n\n\n\n<h2 class=\"wp-block-heading\" id=\"ha-jakie-sa-zalety-wesela-w-gorach\">Jakie s\u0105 zalety wesela w g\u00f3rach?<\/h2>\n\n\n\n<p>Wesele w g\u00f3rach &#8211; brzmi jak bajka? Wst\u0119puj\u0105c w zwi\u0105zek ma\u0142\u017ce\u0144ski ka\u017cdy z nas marzy, aby ten dzie\u0144 by\u0142 wyj\u0105tkowy, a wspomnienia z niego zosta\u0142y nam na ca\u0142e \u017cycie. Oczywi\u015bcie najwa\u017cniejsza jest sama ceremonia i jej znaczenie. Wa\u017cne te\u017c jest, gdzie odbywa si\u0119 \u015blub i wesele. Czy mo\u017cna sobie wyobrazi\u0107 pi\u0119kniejsze i bardziej romantyczne miejsce na rozpocz\u0119cie wsp\u00f3lnej drogi \u017cycia ni\u017c g\u00f3ry?<\/p>\n\n\n<section id=\"leonardo-block_450911163c6f179e2b3c05f9bb54ed79\" class=\"leonardo page-breaker leonardo-image-left\">\r\n    <div class=\"leonardo-body\">\r\n                <div class=\"leonardo-content\"><h3 id=\"ha-co-stoi-za-fenomenem-wesela-w-gorach\">Co stoi za fenomenem wesela w g\u00f3rach?<\/h3>\n<p>Wesele w g\u00f3rach &#8211; dzika przyroda, zachwycaj\u0105ce pejza\u017ce i wspania\u0142a architektura. Nikogo nie dziwi wi\u0119c fakt, \u017ce to w\u0142a\u015bnie Dolny \u015al\u0105sk jest \u015blubn\u0105 stolic\u0105 Polski. W g\u00f3rach &#8211; Karkonoszach znajdziemy wiele dwork\u00f3w, pa\u0142ac\u00f3w i dom\u00f3w weselnych, kt\u00f3re przyci\u0105gaj\u0105 pary z ca\u0142ego kraju i z zagranicy. Jak zauwa\u017ca Joanna Hoc-Kopiej, ekspertka weselna w Dworze Korona Karkonoszy: \u201eZ roku na rok przyje\u017cd\u017ca do nas coraz wi\u0119cej M\u0142odych Par z odleg\u0142ych zak\u0105tk\u00f3w kraju i z zagranicy.<\/p>\n<p>Okazuje si\u0119 bowiem, \u017ce koszty takiego wesela w g\u00f3rach wcale nie musz\u0105 by\u0107 wy\u017csze ni\u017c urz\u0105dzanego w miejscu zamieszkania. Oczywi\u015bcie musz\u0105 po\u015bwi\u0119ci\u0107 czas na dojazd, ale w zamian otrzymuj\u0105 doskona\u0142\u0105 organizacj\u0119 i obs\u0142ug\u0119, \u015bwietn\u0105 kuchni\u0119 oraz pobyt w sercu g\u00f3r, co samo w sobie jest niezwyk\u0142\u0105 przygod\u0105\u201d \u2013 podkre\u015bla ekspertka.<\/p>\n<\/div>\r\n            <\/div>\r\n    <div class=\"leonardo-image\">\r\n        <img loading=\"lazy\" decoding=\"async\" width=\"1024\" height=\"683\" src=\"https:\/\/www.koronakarkonoszy.pl\/blog\/wp-content\/uploads\/2021\/07\/wesele-w-gorach-z-noclegiem.jpg\" class=\"attachment-full size-full\" alt=\"\" srcset=\"https:\/\/www.koronakarkonoszy.pl\/blog\/wp-content\/uploads\/2021\/07\/wesele-w-gorach-z-noclegiem.jpg 1024w, https:\/\/www.koronakarkonoszy.pl\/blog\/wp-content\/uploads\/2021\/07\/wesele-w-gorach-z-noclegiem-300x200.jpg 300w, https:\/\/www.koronakarkonoszy.pl\/blog\/wp-content\/uploads\/2021\/07\/wesele-w-gorach-z-noclegiem-768x512.jpg 768w\" sizes=\"auto, (max-width: 1024px) 100vw, 1024px\" \/>            <\/div>\r\n<\/section>\n\n\n<p>Dzi\u0119ki du\u017cej konkurencji i ci\u0105g\u0142emu podnoszeniu standardu us\u0142ug, na Dolnym \u015al\u0105sku naj\u0142atwiej znajdziemy obiekty zajmuj\u0105ce si\u0119 kompleksow\u0105 organizacj\u0105 wesel. Oferuj\u0105 one uroczysto\u015bci weselne \u201eszyte na miar\u0119\u201d. Najlepsze obiekty bran\u017cy weselnej w regionie proponuj\u0105 organizacj\u0119, pomoc i doradztwo na ka\u017cdym etapie przygotowa\u0144. Pomagaj\u0105 tak\u017ce w dostosowaniu ka\u017cdego aspektu wesela do \u017cycze\u0144 M\u0142odej Pary. Je\u015bli wi\u0119c marzymy na przyk\u0142ad o weselu tematycznym w g\u00f3rach czy stylizowanym na lata 20., nie ma problemu.<\/p>\n\n\n\n<figure class=\"wp-block-image size-large\"><a href=\"https:\/\/www.koronakarkonoszy.pl\/wesele\/\" target=\"_blank\" rel=\"noreferrer noopener\"><img loading=\"lazy\" decoding=\"async\" width=\"1024\" height=\"512\" src=\"https:\/\/www.koronakarkonoszy.pl\/blog\/wp-content\/uploads\/2021\/05\/stylowy_dwor_wesleny_DKK-4-1024x512.jpg\" alt=\"\" class=\"wp-image-4431\" srcset=\"https:\/\/www.koronakarkonoszy.pl\/blog\/wp-content\/uploads\/2021\/05\/stylowy_dwor_wesleny_DKK-4-1024x512.jpg 1024w, https:\/\/www.koronakarkonoszy.pl\/blog\/wp-content\/uploads\/2021\/05\/stylowy_dwor_wesleny_DKK-4-300x150.jpg 300w, https:\/\/www.koronakarkonoszy.pl\/blog\/wp-content\/uploads\/2021\/05\/stylowy_dwor_wesleny_DKK-4-768x384.jpg 768w, https:\/\/www.koronakarkonoszy.pl\/blog\/wp-content\/uploads\/2021\/05\/stylowy_dwor_wesleny_DKK-4.jpg 1200w\" sizes=\"auto, (max-width: 1024px) 100vw, 1024px\" \/><\/a><\/figure>\n\n\n\n<p>Ponadto <strong>wesele w g\u00f3rach<\/strong> charakteryzuje si\u0119 wyj\u0105tkowym klimatem. Spok\u00f3j i cisza, kt\u00f3re w tak wa\u017cnym dniu przydaj\u0105 si\u0119 szczeg\u00f3lnie Parze M\u0142odej, s\u0105 tu na wyci\u0105gni\u0119cie r\u0119ki. To miejsce uspokaja i tego w\u0142a\u015bnie w Karkonoszach szukaj\u0105 m\u0142odzi ludzie. M\u0142ode Pary, kt\u00f3re stoj\u0105 przed najwa\u017cniejszym wydarzeniem w swoim \u017cyciu wiedz\u0105, \u017ce <strong>wesela w g\u00f3rach<\/strong> mog\u0105 im pozazdro\u015bci\u0107 wszyscy, kt\u00f3rzy szukaj\u0105 wyj\u0105tkowego miejsca na swoje wymarzone za\u015blubiny.<\/p>\n\n\n\n<style>\n    .cta_block{\n        margin: 1.5em 0;\n    }\n    .cta_block_content {\n        position: relative;\n        color: white;\n        padding: 1em;\n    }\n    .cta_block_content h3{\n        text-align: center;\n        font: normal normal normal 36px\/50px Yeseva One;\n    }\n    .cta_block_content .cta_block_desc{\n        text-align: center;\n        font-size: 1.1em;\n        position: relative;\n    }\n    .cta_block_content .cta_block_desc:before {\n        content: '';\n        width: 80px;\n        height: 4px;\n        background: #EEB315;\n        position: absolute;\n        left: 0;\n        right: 0;\n        margin-left: auto;\n        margin-right: auto;\n        top: -22px;\n    }\n\n    .cta_block_content picture{\n        position: absolute;\n        top: 0;\n        right: 0;\n        z-index: -1;\n        height: 100%;\n        overflow: hidden;\n        width: 100%;\n    }\n    .cta_block_content picture img{\n        object-fit: cover;\n        height: 100%;\n        width: 100%;\n    }\n    .cta_block .cta_block_content .ninja-forms-field{\n        background: #FFFFFF2F;\n        border: 1px solid #EEB315;\n        border-radius: 25px;\n        opacity: 1;\n        color: #ffffff;\n    }\n    .cta_block .cta_block_content .nf-form-content input[type=submit]{\n        background-color: #EEB315;\n        color: #292929;\n        text-align: center;\n        font: normal normal bold 14px\/20px Work Sans;\n        padding: 0 2em;\n    }\n\n    .cta_block ::placeholder{\n        color: white!important;\n        opacity: 1;\n    }\n\n    .cta_block_content::after {\n        height: 100%;\n        width: 100%;\n        content: \"\";\n        z-index: -1;\n        position: absolute;\n        top: 0;\n        background: #00000070;\n        right: 0;\n        left: 0;\n        bottom: 0;\n    }\n    #ha-cta-block, .cta_block_desc, .cta_block .nf-field-label, .cta_block .nf-error-msg {\n        filter: drop-shadow(1px 1px 8px black);\n    }\n\n\/*    .cta_block nf-rows-wrap {\n        display: flex;\n        justify-content: space-around;\n        flex-direction: row;\n    }*\/\n\n    .cta_block .nf-field-label {\n        display:none;\n    }\n\n    .cta_block .nf-error.field-wrap .nf-field-element::after {\n        border-radius: 50px;\n    }\n\n    .cta_block .nf-error-msg {\n        color: #fff;\n    }\n\n    .cta_block .nf-form-cont {\n        margin-top: 3em;\n        margin-bottom: 1em;\n    }\n\n    .wp-admin .cta_block_content{\n        display: none;\n    }\n    .cta_block .nf-form-fields-required {\n        display: none;\n    }\n    body:not(.wp-admin) .cta_block_admin {\n        display: none;\n    }\n<\/style>\n<div id=\"cta_block-block_b104cd7adf14e1d1f124442b02d3486c\" class=\"cta_block\">\n    <div class=\"cta_block_admin\" style=\"background-color: blue; color: white\">\n        Blok CTA\n    <\/div>\n    <div class=\"cta_block\">\n        <div class=\"cta_block_content\">   \n        <h3 id=\"ha-marzysz-o-klimatycznym-weselu-w-gorach\">Marzysz o klimatycznym weselu w g\u00f3rach?<\/h3>\n                    <div class=\"cta_block_desc\">Wszystkim si\u0119 zajmiemy! <\/div>\n                <noscript class=\"ninja-forms-noscript-message\">\n\tHinweis: F\u00fcr diesen Inhalt ist JavaScript erforderlich.<\/noscript>\n<div id=\"nf-form-3-cont\" class=\"nf-form-cont\" aria-live=\"polite\" aria-labelledby=\"nf-form-title-3\" aria-describedby=\"nf-form-errors-3\" role=\"form\">\n\n    <div class=\"nf-loading-spinner\"><\/div>\n\n<\/div>\n        <!-- That data is being printed as a workaround to page builders reordering the order of the scripts loaded-->\n        <script>var formDisplay=1;var nfForms=nfForms||[];var form=[];form.id='3';form.settings={\"objectType\":\"Form Setting\",\"editActive\":true,\"title\":\"Block CTA\",\"created_at\":\"2022-11-08 16:03:33\",\"default_label_pos\":\"above\",\"show_title\":0,\"clear_complete\":\"1\",\"hide_complete\":\"1\",\"logged_in\":\"\",\"wrapper_class\":\"\",\"element_class\":\"\",\"key\":\"\",\"add_submit\":\"0\",\"changeEmailErrorMsg\":\"Bitte gib eine g\\u00fcltige E-Mail-Adresse ein.\",\"changeDateErrorMsg\":\"Bitte gib ein g\\u00fcltiges Datum ein!\",\"confirmFieldErrorMsg\":\"Diese Felder m\\u00fcssen \\u00fcbereinstimmen!\",\"fieldNumberNumMinError\":\"Die eingegebene Zahl ist zu klein.\",\"fieldNumberNumMaxError\":\"Die eingegebene Zahl ist zu gross.\",\"fieldNumberIncrementBy\":\"Bitte erh\\u00f6hen in Schritten von\",\"formErrorsCorrectErrors\":\"Bitte korrigiere die Fehler, bevor du das Formular sendest.\",\"validateRequiredField\":\"Dies ist ein Pflichtfeld.\",\"honeypotHoneypotError\":\"Honeypot-Fehler\",\"fieldsMarkedRequired\":\"Felder mit einem <span class=\\\"ninja-forms-req-symbol\\\">*<\\\/span> sind Pflichtfelder\",\"currency\":\"\",\"repeatable_fieldsets\":\"\",\"unique_field_error\":\"Formularz z t\\u0105 warto\\u015bci\\u0105 zosta\\u0142 ju\\u017c przes\\u0142any.\",\"not_logged_in_msg\":\"\",\"sub_limit_msg\":\"Formularz osi\\u0105gn\\u0105\\u0142 limit wys\\u0142a\\u0144.\",\"calculations\":[],\"container_styles_show_advanced_css\":\"0\",\"title_styles_show_advanced_css\":\"0\",\"row_styles_show_advanced_css\":\"0\",\"row-odd_styles_show_advanced_css\":\"0\",\"success-msg_styles_show_advanced_css\":\"0\",\"error_msg_styles_show_advanced_css\":\"0\",\"formContentData\":[{\"order\":1,\"cells\":[{\"order\":0,\"fields\":[\"phone_1640098023980\"],\"width\":35},{\"order\":1,\"fields\":[\"adres_e-mail_1667919839452\"],\"width\":35},{\"order\":2,\"fields\":[\"zapisz_mnie_1667919853255\"],\"width\":30}]}],\"drawerDisabled\":false,\"conditions\":[],\"allow_public_link\":0,\"embed_form\":\"\",\"container_styles_border\":\"\",\"container_styles_height\":\"\",\"container_styles_margin\":\"\",\"container_styles_padding\":\"\",\"container_styles_float\":\"\",\"title_styles_border\":\"\",\"title_styles_height\":\"\",\"title_styles_width\":\"\",\"title_styles_font-size\":\"\",\"title_styles_margin\":\"\",\"title_styles_padding\":\"\",\"title_styles_float\":\"\",\"row_styles_border\":\"\",\"row_styles_width\":\"\",\"row_styles_font-size\":\"\",\"row_styles_margin\":\"\",\"row_styles_padding\":\"\",\"row-odd_styles_border\":\"\",\"row-odd_styles_height\":\"\",\"row-odd_styles_width\":\"\",\"row-odd_styles_font-size\":\"\",\"row-odd_styles_margin\":\"\",\"row-odd_styles_padding\":\"\",\"success-msg_styles_border\":\"\",\"success-msg_styles_height\":\"\",\"success-msg_styles_width\":\"\",\"success-msg_styles_font-size\":\"\",\"success-msg_styles_margin\":\"\",\"success-msg_styles_padding\":\"\",\"error_msg_styles_border\":\"\",\"error_msg_styles_width\":\"\",\"error_msg_styles_font-size\":\"\",\"error_msg_styles_margin\":\"\",\"error_msg_styles_padding\":\"\",\"form_title_heading_level\":\"3\",\"ninjaForms\":\"Ninja Forms\",\"fieldTextareaRTEInsertLink\":\"Link einf\\u00fcgen\",\"fieldTextareaRTEInsertMedia\":\"Medien einf\\u00fcgen\",\"fieldTextareaRTESelectAFile\":\"Eine Datei ausw\\u00e4hlen\",\"formHoneypot\":\"Falls du ein Mensch bist und dieses Feld siehst, dann lasse es bitte leer.\",\"fileUploadOldCodeFileUploadInProgress\":\"Datei-Upload l\\u00e4uft.\",\"fileUploadOldCodeFileUpload\":\"DATEI-UPLOAD\",\"currencySymbol\":\"&#36;\",\"thousands_sep\":\".\",\"decimal_point\":\",\",\"siteLocale\":\"de_DE\",\"dateFormat\":\"m\\\/d\\\/Y\",\"startOfWeek\":\"1\",\"of\":\"von\",\"previousMonth\":\"Vorheriger Monat\",\"nextMonth\":\"N\\u00e4chster Monat\",\"months\":[\"Januar\",\"Februar\",\"M\\u00e4rz\",\"April\",\"Mai\",\"Juni\",\"Juli\",\"August\",\"September\",\"Oktober\",\"November\",\"Dezember\"],\"monthsShort\":[\"Jan.\",\"Feb.\",\"M\\u00e4rz\",\"Apr.\",\"Mai\",\"Juni\",\"Juli\",\"Aug\",\"Sep.\",\"Okt.\",\"Nov.\",\"Dez.\"],\"weekdays\":[\"Sonntag\",\"Montag\",\"Dienstag\",\"Mittwoch\",\"Donnerstag\",\"Freitag\",\"Samstag\"],\"weekdaysShort\":[\"So.\",\"Mo.\",\"Di.\",\"Mi.\",\"Do.\",\"Fr.\",\"Sa.\"],\"weekdaysMin\":[\"So.\",\"Mo.\",\"Di.\",\"Mi.\",\"Do.\",\"Fr.\",\"Sa.\"],\"recaptchaConsentMissing\":\"reCaptcha validation couldn&#039;t load.\",\"recaptchaMissingCookie\":\"reCaptcha v3 validation couldn&#039;t load the cookie needed to submit the form.\",\"recaptchaConsentEvent\":\"Accept reCaptcha cookies before sending the form.\",\"currency_symbol\":\"\",\"beforeForm\":\"\",\"beforeFields\":\"\",\"afterFields\":\"\",\"afterForm\":\"\"};form.fields=[{\"objectType\":\"Field\",\"objectDomain\":\"fields\",\"editActive\":false,\"order\":1,\"idAttribute\":\"id\",\"type\":\"phone\",\"label\":\"Numer telefonu\",\"key\":\"phone_1640098023980\",\"label_pos\":\"above\",\"required\":1,\"default\":\"\",\"placeholder\":\"Numer telefonu\",\"container_class\":\"\",\"element_class\":\"\",\"input_limit\":\"\",\"input_limit_type\":\"characters\",\"input_limit_msg\":\"Liczba pozosta\\u0142ych znak\\u00f3w:\",\"manual_key\":\"\",\"admin_label\":\"\",\"help_text\":\"\",\"mask\":\"\",\"custom_mask\":\"\",\"custom_name_attribute\":\"phone\",\"personally_identifiable\":1,\"wrap_styles_border\":\"\",\"wrap_styles_width\":\"\",\"wrap_styles_margin\":\"\",\"wrap_styles_padding\":\"\",\"wrap_styles_float\":\"\",\"wrap_styles_show_advanced_css\":0,\"label_styles_border\":\"\",\"label_styles_width\":\"\",\"label_styles_font-size\":\"\",\"label_styles_margin\":\"\",\"label_styles_padding\":\"\",\"label_styles_float\":\"\",\"label_styles_show_advanced_css\":0,\"element_styles_border\":\"\",\"element_styles_width\":\"\",\"element_styles_font-size\":\"\",\"element_styles_margin\":\"\",\"element_styles_padding\":\"\",\"element_styles_float\":\"\",\"element_styles_show_advanced_css\":0,\"cellcid\":\"c3386\",\"value\":\"\",\"field_label\":\"Numer telefonu\",\"field_key\":\"phone_1640098023980\",\"drawerDisabled\":false,\"id\":8,\"beforeField\":\"\",\"afterField\":\"\",\"parentType\":\"textbox\",\"element_templates\":[\"tel\",\"textbox\",\"input\"],\"old_classname\":\"\",\"wrap_template\":\"wrap\"},{\"objectType\":\"Field\",\"objectDomain\":\"fields\",\"editActive\":false,\"order\":2,\"idAttribute\":\"id\",\"type\":\"email\",\"label\":\"Adres e-mail\",\"key\":\"adres_e-mail_1667919839452\",\"label_pos\":\"above\",\"required\":1,\"default\":\"\",\"placeholder\":\"Adres e-mail\",\"container_class\":\"\",\"element_class\":\"\",\"admin_label\":\"\",\"help_text\":\"\",\"custom_name_attribute\":\"email\",\"personally_identifiable\":1,\"wrap_styles_border\":\"\",\"wrap_styles_width\":\"\",\"wrap_styles_margin\":\"\",\"wrap_styles_padding\":\"\",\"wrap_styles_float\":\"\",\"wrap_styles_show_advanced_css\":0,\"label_styles_border\":\"\",\"label_styles_width\":\"\",\"label_styles_font-size\":\"\",\"label_styles_margin\":\"\",\"label_styles_padding\":\"\",\"label_styles_float\":\"\",\"label_styles_show_advanced_css\":0,\"element_styles_border\":\"\",\"element_styles_width\":\"\",\"element_styles_font-size\":\"\",\"element_styles_margin\":\"\",\"element_styles_padding\":\"\",\"element_styles_float\":\"\",\"element_styles_show_advanced_css\":0,\"cellcid\":\"c3389\",\"value\":\"\",\"drawerDisabled\":false,\"field_label\":\"E-mail\",\"field_key\":\"email_1640098026199\",\"id\":9,\"beforeField\":\"\",\"afterField\":\"\",\"parentType\":\"email\",\"element_templates\":[\"email\",\"input\"],\"old_classname\":\"\",\"wrap_template\":\"wrap\"},{\"objectType\":\"Field\",\"objectDomain\":\"fields\",\"editActive\":false,\"order\":3,\"idAttribute\":\"id\",\"type\":\"submit\",\"label\":\"Zapisz mnie\",\"processing_label\":\"W trakcie realizacji\",\"container_class\":\"\",\"element_class\":\"\",\"key\":\"zapisz_mnie_1667919853255\",\"wrap_styles_border\":\"\",\"wrap_styles_width\":\"\",\"wrap_styles_margin\":\"\",\"wrap_styles_padding\":\"\",\"wrap_styles_float\":\"\",\"wrap_styles_show_advanced_css\":0,\"element_styles_border\":\"\",\"element_styles_width\":\"\",\"element_styles_font-size\":\"\",\"element_styles_margin\":\"\",\"element_styles_padding\":\"\",\"element_styles_float\":\"\",\"element_styles_show_advanced_css\":0,\"submit_element_hover_styles_border\":\"\",\"submit_element_hover_styles_width\":\"\",\"submit_element_hover_styles_font-size\":\"\",\"submit_element_hover_styles_margin\":\"\",\"submit_element_hover_styles_padding\":\"\",\"submit_element_hover_styles_float\":\"\",\"submit_element_hover_styles_show_advanced_css\":0,\"cellcid\":\"c3391\",\"drawerDisabled\":false,\"field_label\":\"Zamawiam rozmow\\u0119\",\"field_key\":\"zamawiam_rozmowe_1640098067453\",\"id\":10,\"beforeField\":\"\",\"afterField\":\"\",\"value\":\"\",\"label_pos\":\"above\",\"parentType\":\"textbox\",\"element_templates\":[\"submit\",\"button\",\"input\"],\"old_classname\":\"\",\"wrap_template\":\"wrap-no-label\"}];nfForms.push(form);<\/script>\n                <script id=\"nf-tmpl-cell\" type=\"text\/template\">\n            <nf-fields><\/nf-fields>\n        <\/script>\n\n        <script id=\"nf-tmpl-row\" type=\"text\/template\">\n            <nf-cells><\/nf-cells>\n        <\/script>\n\n                <img loading=\"lazy\" decoding=\"async\" width=\"1500\" height=\"705\" src=\"https:\/\/www.koronakarkonoszy.pl\/blog\/wp-content\/uploads\/2022\/06\/Dwor-Korona-Karkonoszy.jpg\" class=\"attachment-full size-full\" alt=\"\" srcset=\"https:\/\/www.koronakarkonoszy.pl\/blog\/wp-content\/uploads\/2022\/06\/Dwor-Korona-Karkonoszy.jpg 1500w, https:\/\/www.koronakarkonoszy.pl\/blog\/wp-content\/uploads\/2022\/06\/Dwor-Korona-Karkonoszy-300x141.jpg 300w, https:\/\/www.koronakarkonoszy.pl\/blog\/wp-content\/uploads\/2022\/06\/Dwor-Korona-Karkonoszy-1024x481.jpg 1024w, https:\/\/www.koronakarkonoszy.pl\/blog\/wp-content\/uploads\/2022\/06\/Dwor-Korona-Karkonoszy-768x361.jpg 768w\" sizes=\"auto, (max-width: 1500px) 100vw, 1500px\" \/>        <\/div> \n    <\/div>\n<\/div>\n\n\n\n<h2 class=\"wp-block-heading\" id=\"h-lub-po-czony-z-urlopem\">Czy warto po\u0142\u0105czy\u0107 \u015blub z urlopem?<\/h2>\n\n\n\n<p>Wesele z noclegiem w g\u00f3rach to dla wielu Par M\u0142odych, a tak\u017ce ich go\u015bci, idealna okazja do sp\u0119dzenia ciekawego urlopu. Mo\u017ce to by\u0107 tak\u017ce pomys\u0142 na wspania\u0142\u0105 podr\u00f3\u017c po\u015blubn\u0105, kt\u00f3ra nie zawsze musi odbywa\u0107 si\u0119 za granic\u0105. Niekt\u00f3re Pary M\u0142ode to w\u0142a\u015bnie w Polsce szukaj\u0105 wyj\u0105tkowych miejsc, kt\u00f3re mog\u0105 odwiedzi\u0107 po zabawie weselnej. Po stresuj\u0105cym i intensywnym czasie, jakim s\u0105 przygotowania do wesela, ma\u0142\u017conkom z pewno\u015bci\u0105 nale\u017cy si\u0119 odrobina relaksu i czasu tylko we dwoje.<\/p>\n\n\n<section id=\"leonardo-block_0bca8b9779fa766040a40c7348d76e51\" class=\"leonardo page-breaker leonardo-image-right\">\r\n    <div class=\"leonardo-body\">\r\n                <div class=\"leonardo-content\"><p>Oczywi\u015bcie je\u015bli mamy zgran\u0105 paczk\u0119 przyjaci\u00f3\u0142, to mo\u017cemy ten czas sp\u0119dzi\u0107 z nimi. Warto przed\u0142u\u017cy\u0107 pobyt na przyk\u0142ad do tygodnia, albo i dw\u00f3ch. Pozostaniemy wtedy wierni szlacheckiej tradycji, zgodnie z kt\u00f3r\u0105 nawet zwyk\u0142e spotkania potrafi\u0142y trwa\u0107 tydzie\u0144, a co dopiero wesele! Wsp\u00f3lna zabawa i odrobina szale\u0144stwa w takim gronie z pewno\u015bci\u0105 zapisze si\u0119 w pami\u0119ci do ko\u0144ca \u017cycia. Mo\u017cna te\u017c zaplanowa\u0107 wsp\u00f3lne pokonanie jakiej\u015b malowniczej trasy.<\/p>\n<p>Dw\u00f3r Korona Karkonoszy oferuje nie tylko komfortowe apartamenty, ale tak\u017ce blisko\u015b\u0107 szlak\u00f3w g\u00f3rskich i zabytk\u00f3w Dolnego \u015al\u0105ska, kt\u00f3re z pewno\u015bci\u0105 zachwyc\u0105 ka\u017cdego mi\u0142o\u015bnika podr\u00f3\u017cy.<\/p>\n<p>Dla go\u015bci taki wyjazd weselny jest r\u00f3wnie\u017c powodem do zrobienia sobie kr\u00f3tszego b\u0105d\u017a d\u0142u\u017cszego urlopu po\u015br\u00f3d g\u00f3rskich szczyt\u00f3w. Z pewno\u015bci\u0105 taki wyjazd zbli\u017ca rodzin\u0119 i znajomych, pozwala si\u0119 szybciej pozna\u0107, a na weselu bawi\u0107 jeszcze lepiej!<\/p>\n<\/div>\r\n                    <aside class=\"leonardo-interlink\">\r\n                <b>Polecamy<\/b>\r\n                <a href=\"https:\/\/www.koronakarkonoszy.pl\/blog\/de\/tance-i-zabawa-do-bialego-rana-czyli-wesele-na-ludowo\/\">Ta\u0144ce i zabawa do bia\u0142ego rana, czyli wesele na ludowo<\/a>\r\n            <\/aside>\r\n            <\/div>\r\n    <div class=\"leonardo-image\">\r\n        <img loading=\"lazy\" decoding=\"async\" width=\"1024\" height=\"576\" src=\"https:\/\/www.koronakarkonoszy.pl\/blog\/wp-content\/uploads\/2021\/07\/wesele-w-gorach-z-noclegiem1.jpg\" class=\"attachment-full size-full\" alt=\"\" srcset=\"https:\/\/www.koronakarkonoszy.pl\/blog\/wp-content\/uploads\/2021\/07\/wesele-w-gorach-z-noclegiem1.jpg 1024w, https:\/\/www.koronakarkonoszy.pl\/blog\/wp-content\/uploads\/2021\/07\/wesele-w-gorach-z-noclegiem1-300x169.jpg 300w, https:\/\/www.koronakarkonoszy.pl\/blog\/wp-content\/uploads\/2021\/07\/wesele-w-gorach-z-noclegiem1-768x432.jpg 768w\" sizes=\"auto, (max-width: 1024px) 100vw, 1024px\" \/>            <\/div>\r\n<\/section>\n\n\n<h2 class=\"wp-block-heading\" id=\"h-wesele-w-g-rach-z-noclegiem\">Jak zaplanowa\u0107 wesele w g\u00f3rach z noclegiem?<\/h2>\n\n\n\n<p>Idealnym rozwi\u0105zaniem zar\u00f3wno dla go\u015bci weselnych, jak i Pary M\u0142odej jest posiadanie do dyspozycji apartament\u00f3w w miejscu, gdzie odbywa si\u0119 wesele. <a href=\"https:\/\/www.koronakarkonoszy.pl\/blog\/wesele-w-gorach-z-noclegiem\/\" class=\"links-placer\">Wesele z noclegiem w g\u00f3rach<\/a> sprawia, \u017ce zawsze mo\u017cna si\u0119 tam przebra\u0107 czy od\u015bwie\u017cy\u0107, zw\u0142aszcza je\u015bli wesele obfituje w ta\u0144ce i gor\u0105c\u0105 zabaw\u0119 \u2013 a tak zwykle jest. Czasem te\u017c potrzebujemy po prostu chwili dla siebie. Dost\u0119pno\u015b\u0107 pokoj\u00f3w na miejscu jest wa\u017cna zw\u0142aszcza dla Pary M\u0142odej. Zdarza si\u0119 przecie\u017c, \u017ce w trakcie wesela zechcemy zmieni\u0107 str\u00f3j na bardziej swobodny. Albo wr\u0119cz zaskoczy\u0107 go\u015bci jak\u0105\u015b now\u0105 aran\u017cacj\u0105 stroju \u015blubnego czy przebraniem.<\/p>\n\n\n\n<figure class=\"wp-block-image size-large\"><img loading=\"lazy\" decoding=\"async\" width=\"1024\" height=\"683\" src=\"https:\/\/www.koronakarkonoszy.pl\/blog\/wp-content\/uploads\/2023\/02\/0157-1024x683.jpg\" alt=\"\" class=\"wp-image-8285\" srcset=\"https:\/\/www.koronakarkonoszy.pl\/blog\/wp-content\/uploads\/2023\/02\/0157-1024x683.jpg 1024w, https:\/\/www.koronakarkonoszy.pl\/blog\/wp-content\/uploads\/2023\/02\/0157-300x200.jpg 300w, https:\/\/www.koronakarkonoszy.pl\/blog\/wp-content\/uploads\/2023\/02\/0157-768x512.jpg 768w, https:\/\/www.koronakarkonoszy.pl\/blog\/wp-content\/uploads\/2023\/02\/0157-1920x1280.jpg 1920w, https:\/\/www.koronakarkonoszy.pl\/blog\/wp-content\/uploads\/2023\/02\/0157-1536x1024.jpg 1536w, https:\/\/www.koronakarkonoszy.pl\/blog\/wp-content\/uploads\/2023\/02\/0157-2048x1365.jpg 2048w, https:\/\/www.koronakarkonoszy.pl\/blog\/wp-content\/uploads\/2023\/02\/0157-18x12.jpg 18w\" sizes=\"auto, (max-width: 1024px) 100vw, 1024px\" \/><figcaption class=\"wp-element-caption\"><strong>Wesele z widokiem na g\u00f3ry, Dw\u00f3r Korona Karkonoszy, <a href=\"https:\/\/www.koronakarkonoszy.pl\/blog-atrakcje\/sosnowka\/\" class=\"links-placer\">Sosn\u00f3wka<\/a> k. Karpacz<\/strong>a<\/figcaption><\/figure>\n\n\n\n<p>Czyli postanowione &#8211; wesele w g\u00f3rach to opcja dla Was. Je\u015bli urz\u0105dzamy wesele poza domem, nocleg zawsze jest wskazany. Chodzi oczywi\u015bcie o komfort i bezpiecze\u0144stwo naszych go\u015bci, kt\u00f3rzy nie powinni wraca\u0107 z wesela bez odpowiedniego wypoczynku. Ponadto powinni mie\u0107 zapewnione miejsce do przygotowania si\u0119 na zabaw\u0119 weseln\u0105. Istotne s\u0105 tak\u017ce noclegi dla dzieci czy starszych os\u00f3b, kt\u00f3re tak\u017ce b\u0119d\u0105 go\u015b\u0107mi weselnymi.<\/p>\n\n\n<section id=\"leonardo-block_1b3278e97b62b855a51ed6cfc19feefb\" class=\"leonardo page-breaker leonardo-image-left\">\r\n    <div class=\"leonardo-body\">\r\n                <div class=\"leonardo-content\"><h3 id=\"ha-okazja-do-zintegrowania-gosci\">Okazja do zintegrowania go\u015bci<\/h3>\n<p>Po ca\u0142onocnej zabawie go\u015bcie maj\u0105 prawo do odpoczynku i przygotowania si\u0119 do drugiego dnia zabawy. Zabawy w formie tradycyjnych poprawin, czy takich w formie rekreacji. Szczeg\u00f3lnie jednak przy g\u00f3rskich weselach a\u017c szkoda by\u0142oby nie wykorzysta\u0107 drugiego dnia na zwiedzanie i inne dodatkowe g\u00f3rskie atrakcje. Niekoniecznie musimy urz\u0105dza\u0107 przy tym tradycyjne poprawiny. Ta\u0144sz\u0105 opcj\u0105 b\u0119dzie na przyk\u0142ad samo \u015bniadanie czy lunch. Pozosta\u0142y czas mo\u017cemy po\u015bwi\u0119ci\u0107 na grilla, ognisko czy g\u00f3rskie wycieczki.<\/p>\n<p>Takie odej\u015bcie od tradycji z pewno\u015bci\u0105 spodoba si\u0119 go\u015bciom i doceni\u0105 oni inwencj\u0119 i kreatywno\u015b\u0107 Pa\u0144stwa M\u0142odych. Kt\u00f3\u017c nie chcia\u0142by ogrza\u0107 si\u0119 w cieple ogniska, patrz\u0105c na g\u00f3rskie szczyty o zachodzie s\u0142o\u0144ca? Dw\u00f3r Korona Karkonoszy w pe\u0142ni przystosowa\u0142a sw\u00f3j obiekt do nawet najbardziej szalonych i kreatywnych pomys\u0142\u00f3w. W\u0142a\u015bnie dlatego go\u015bcie tak ch\u0119tnie nas odwiedzaj\u0105.<\/p>\n<p>Wesele z noclegiem w g\u00f3rach to nie tylko spe\u0142nienie marze\u0144 Pary M\u0142odej. To r\u00f3wnie\u017c okazja dla rodziny czy przyjaci\u00f3\u0142 na spotkanie w plenerze, wsp\u00f3lny spacer czy ma\u0142\u0105 wycieczk\u0119. Te wyj\u0105tkowe chwile, kiedy oderwiemy si\u0119 od codzienno\u015bci i pogr\u0105\u017cymy w g\u00f3rskiej przestrzeni zawsze pozwalaj\u0105 spojrze\u0107 na wiele rzeczy z dystansu i sprzyjaj\u0105 zacie\u015bnianiu wi\u0119zi.<\/p>\n<\/div>\r\n            <\/div>\r\n    <div class=\"leonardo-image\">\r\n        <img loading=\"lazy\" decoding=\"async\" width=\"800\" height=\"534\" src=\"https:\/\/www.koronakarkonoszy.pl\/blog\/wp-content\/uploads\/2021\/07\/wydatki-na-wesele2.jpg\" class=\"attachment-full size-full\" alt=\"\" srcset=\"https:\/\/www.koronakarkonoszy.pl\/blog\/wp-content\/uploads\/2021\/07\/wydatki-na-wesele2.jpg 800w, https:\/\/www.koronakarkonoszy.pl\/blog\/wp-content\/uploads\/2021\/07\/wydatki-na-wesele2-300x200.jpg 300w, https:\/\/www.koronakarkonoszy.pl\/blog\/wp-content\/uploads\/2021\/07\/wydatki-na-wesele2-768x513.jpg 768w\" sizes=\"auto, (max-width: 800px) 100vw, 800px\" \/>            <\/div>\r\n<\/section>\n\n\n<h2 class=\"wp-block-heading\" id=\"ha-wesele-w-gorach-zdjecia-weselne\">Wesele w g\u00f3rach &#8211; zdj\u0119cia weselne <\/h2>\n\n\n\n<p>Zdj\u0119cia ze \u015blubu pozwalaj\u0105 uchwyci\u0107 i zatrzyma\u0107 w kadrze pe\u0142ne emocji i wzrusze\u0144 chwile. P\u00f3\u017aniej, czasem dopiero po latach, a czasem ju\u017c wcze\u015bniej mo\u017cemy do nich wr\u00f3ci\u0107 i zn\u00f3w si\u0119 u\u015bmiechn\u0105\u0107. Warto mie\u0107 tak\u0105 pami\u0105tk\u0119. Te wszystkie momenty przed i po, emocje i ludzie, kt\u00f3rzy nam towarzyszyli, zostan\u0105 z nami ju\u017c na zawsze. Czasem podczas ogl\u0105dania zdj\u0119\u0107 przypominaj\u0105 nam si\u0119 r\u00f3wnie\u017c zapachy, a nawet smaki. Dobre fotografie potrafi\u0105 pobudzi\u0107 pami\u0119\u0107 praktycznie wszystkich zmys\u0142\u00f3w. W pi\u0119knych g\u00f3rskich plenerach Para M\u0142oda b\u0119dzie wygl\u0105da\u0107 czaruj\u0105co. Przestrze\u0144 i kolory dope\u0142ni\u0105 ca\u0142o\u015bci.<\/p>\n\n\n<section id=\"leonardo-block_1ab70ca679b5097d9011868f75d0abcd\" class=\"leonardo page-breaker leonardo-image-left\">\r\n    <div class=\"leonardo-body\">\r\n                <div class=\"leonardo-content\"><h3 id=\"ha-jak-wybrac-fotografa\">Jak wybra\u0107 fotografa?<\/h3>\n<p>Dobry fotograf potrafi s\u0142ucha\u0107 Pa\u0144stwa M\u0142odych. Powinien towarzyszy\u0107 im od pierwszych przygotowa\u0144, poprzez ca\u0142\u0105 uroczysto\u015b\u0107, a\u017c do momentu rozpakowania prezent\u00f3w i wyjazdu go\u015bci.\u00a0Zdj\u0119cia weselne powinny utrwala\u0107 najciekawsze i najwa\u017cniejsze momenty, ale tak\u017ce tworzy\u0107 pewn\u0105 ca\u0142o\u015b\u0107. Fotografia \u015blubna to sztuka przedstawienia kr\u00f3tkiej historii, pierwszych moment\u00f3w bycia ma\u0142\u017ce\u0144stwem. Po latach zatr\u0105 si\u0119 pewnie w pami\u0119ci pewne szczeg\u00f3\u0142y, ale ogl\u0105daj\u0105c zdj\u0119cia z dzie\u0107mi czy wnukami wr\u00f3cimy do tych szcz\u0119\u015bliwych chwil.<\/p>\n<p>Przed wyborem fotografa warto spotka\u0107 si\u0119 z nim osobi\u015bcie. Musimy sprawdzi\u0107, czy nadajemy na tych samych falach, czy b\u0119dziemy czuli si\u0119 przy nim swobodnie. Koniecznie popro\u015bmy o portfolio! I ustalmy czas \u015bwiadczenia us\u0142ugi. A tak\u017ce, w jakiej formie odda nam zdj\u0119cia (foto ksi\u0105\u017cka, p\u0142yta, wydrukowane zdj\u0119cia dla najbli\u017cszych itp.).<mark id=\"annotation-text-6d82bd86-0dcf-4f70-a696-ca732df90ad0\" class=\"annotation-text annotation-text-yoast\"><\/mark><\/p>\n<\/div>\r\n                    <aside class=\"leonardo-interlink\">\r\n                <b>Polecamy<\/b>\r\n                <a href=\"https:\/\/www.koronakarkonoszy.pl\/blog\/de\/koszt-wesela-na-100-osob\/\">Koszt wesela na 100 os\u00f3b &#8211; praktyczne wskaz\u00f3wki<\/a>\r\n            <\/aside>\r\n            <\/div>\r\n    <div class=\"leonardo-image\">\r\n        <img loading=\"lazy\" decoding=\"async\" width=\"1920\" height=\"1280\" src=\"https:\/\/www.koronakarkonoszy.pl\/blog\/wp-content\/uploads\/2022\/05\/kamerzysta-na-weselu-1.jpg\" class=\"attachment-full size-full\" alt=\"kamerzysta na weselu: sprz\u0119t\" srcset=\"https:\/\/www.koronakarkonoszy.pl\/blog\/wp-content\/uploads\/2022\/05\/kamerzysta-na-weselu-1.jpg 1920w, https:\/\/www.koronakarkonoszy.pl\/blog\/wp-content\/uploads\/2022\/05\/kamerzysta-na-weselu-1-300x200.jpg 300w, https:\/\/www.koronakarkonoszy.pl\/blog\/wp-content\/uploads\/2022\/05\/kamerzysta-na-weselu-1-1024x683.jpg 1024w, https:\/\/www.koronakarkonoszy.pl\/blog\/wp-content\/uploads\/2022\/05\/kamerzysta-na-weselu-1-768x512.jpg 768w, https:\/\/www.koronakarkonoszy.pl\/blog\/wp-content\/uploads\/2022\/05\/kamerzysta-na-weselu-1-1536x1024.jpg 1536w\" sizes=\"auto, (max-width: 1920px) 100vw, 1920px\" \/>            <\/div>\r\n<\/section>\n\n\n<h2 class=\"wp-block-heading\" id=\"ha-czy-wesele-w-gorach-z-noclegiem-jesienia-to-dobry-pomysl\">Czy wesele w g\u00f3rach z noclegiem jesieni\u0105 to dobry pomys\u0142?<\/h2>\n\n\n\n<p>Wesele w g\u00f3rach jesieni\u0105 to opcja warta rozwagi. Zw\u0142aszcza, je\u015bli martwi nas koszt takiej dwudniowej uroczysto\u015bci, warto pomy\u015ble\u0107 o wyborze jesieni czy zimy na dat\u0119 \u015blubu. Te pory roku to nie jest wysoki sezon, wi\u0119c ceny s\u0105 ni\u017csze. A w dodatku g\u00f3ry prezentuj\u0105 si\u0119 wtedy szczeg\u00f3lnie pi\u0119knie. W grudniu i styczniu panuje wyj\u0105tkowa atmosfera Bo\u017cego Narodzenia i karnawa\u0142u. Dodatkowo mo\u017cemy naszym go\u015bciom zapewni\u0107 atrakcje w postaci kuligu, jazdy na sankach czy nartach. Takie wesele wszyscy zapami\u0119taj\u0105 na zawsze!<br>&nbsp;<strong><br><\/strong>Jesie\u0144 w g\u00f3rach \u2013 to przepi\u0119kne kolorowe krajobrazy. Pami\u0119tajmy te\u017c, \u017ce wesele jesieni\u0105 w g\u00f3rach oferuje nam mn\u00f3stwo rozwi\u0105za\u0144, takich jak na przyk\u0142ad dekoracje sali z jesiennych li\u015bci. Typowe <a href=\"https:\/\/www.koronakarkonoszy.pl\/blog\/kwiaty-na-stoly-weselne\/\"><strong>kwiaty \u015blubne na st\u00f3\u0142<\/strong><\/a> warto o tej porze roku zast\u0105pi\u0107 czym\u015b bardziej oryginalnym. To z jesieni mo\u017cemy czerpa\u0107 inspiracj\u0119; te wszystkie rudo-br\u0105zowe kolory, kt\u00f3re b\u0119d\u0105 ponadczasowym dope\u0142nieniem tego dnia. Ponadto jesieni\u0105 mo\u017cemy nieco zaoszcz\u0119dzi\u0107 na kwiatach, wybieraj\u0105c cho\u0107by wrzosy w doniczkach, kasztany, dynie czy orzechy. B\u0119d\u0105 wygl\u0105da\u0142y wspaniale, a jednocze\u015bnie nie obci\u0105\u017c\u0105 bud\u017cetu Pary M\u0142odej.&nbsp;<br><\/p>\n\n\n\n<figure class=\"wp-block-image size-full\"><img loading=\"lazy\" decoding=\"async\" width=\"1024\" height=\"683\" src=\"https:\/\/www.koronakarkonoszy.pl\/blog\/wp-content\/uploads\/2021\/07\/listopadowe-wesele.jpg\" alt=\"wesele w listopadzie\" class=\"wp-image-941\" srcset=\"https:\/\/www.koronakarkonoszy.pl\/blog\/wp-content\/uploads\/2021\/07\/listopadowe-wesele.jpg 1024w, https:\/\/www.koronakarkonoszy.pl\/blog\/wp-content\/uploads\/2021\/07\/listopadowe-wesele-300x200.jpg 300w, https:\/\/www.koronakarkonoszy.pl\/blog\/wp-content\/uploads\/2021\/07\/listopadowe-wesele-768x512.jpg 768w\" sizes=\"auto, (max-width: 1024px) 100vw, 1024px\" \/><figcaption class=\"wp-element-caption\"><strong>Dw\u00f3r Korona Karkonoszy &#8211; wesele jesieni\u0105 <\/strong><\/figcaption><\/figure>\n\n\n\n<p>Za\u015blubiny plenerowe w okresie jesienno-zimowym to tak\u017ce wspania\u0142a okazja na urozmaicenie tego dnia. Klimatyczna, z\u0142ota jesie\u0144 oferuje nam pi\u0119kne kolory, rozmait\u0105 ro\u015blinno\u015b\u0107. Wszystko to b\u0119dzie doskona\u0142ym dope\u0142nieniem \u015blubu w plenerze. Pami\u0119tajmy r\u00f3wnie\u017c, \u017ce zdj\u0119cia w takich okoliczno\u015bciach b\u0119d\u0105 niezapomnian\u0105 pami\u0105tk\u0105.<br>&nbsp;<br>Wesele w g\u00f3rach praktycznie o ka\u017cdej porze roku jest wspania\u0142ym do\u015bwiadczeniem. I to zar\u00f3wno dla Pa\u0144stwa M\u0142odych, jak i go\u015bci w ka\u017cdym wieku. Wszyscy znajd\u0105 dla siebie co\u015b wyj\u0105tkowego.<\/p>\n\n\n\n<figure class=\"wp-block-image size-full\"><img loading=\"lazy\" decoding=\"async\" width=\"1024\" height=\"683\" src=\"https:\/\/www.koronakarkonoszy.pl\/blog\/wp-content\/uploads\/2020\/12\/atrakcje-na-wesele-zima.jpg\" alt=\"\" class=\"wp-image-2342\" srcset=\"https:\/\/www.koronakarkonoszy.pl\/blog\/wp-content\/uploads\/2020\/12\/atrakcje-na-wesele-zima.jpg 1024w, https:\/\/www.koronakarkonoszy.pl\/blog\/wp-content\/uploads\/2020\/12\/atrakcje-na-wesele-zima-300x200.jpg 300w, https:\/\/www.koronakarkonoszy.pl\/blog\/wp-content\/uploads\/2020\/12\/atrakcje-na-wesele-zima-768x512.jpg 768w\" sizes=\"auto, (max-width: 1024px) 100vw, 1024px\" \/><figcaption class=\"wp-element-caption\"><strong><a href=\"https:\/\/www.koronakarkonoszy.pl\/wesele\/\" target=\"_blank\" rel=\"noreferrer noopener\">Wesele w g\u00f3rach<\/a><\/strong><\/figcaption><\/figure>\n\n\n\n<h2 class=\"wp-block-heading\" id=\"ha-kto-pokrywa-koszty-noclegu\">Kto pokrywa koszty noclegu?<\/h2>\n\n\n\n<p>Je\u015bli urz\u0105dzacie wesele w g\u00f3rach z noclegiem, by\u0107 mo\u017ce zastanawiacie si\u0119, kto za to p\u0142aci? Zgodnie ze \u015blubn\u0105 etykiet\u0105 obowi\u0105zkiem Pary M\u0142odej jest zapewni\u0107 go\u015bciom nocleg w noc weseln\u0105 w dw\u00f3ch przypadkach:<\/p>\n\n\n\n<ul class=\"wp-block-list\">\n<li>je\u015bli go\u015bcie przybywaj\u0105 z daleka,<\/li>\n\n\n\n<li>je\u015bli wesele jest wyjazdowe, tzn. odbywa si\u0119 w innym mie\u015bcie ni\u017c miejsce zamieszkania wi\u0119kszo\u015bci go\u015bci.<\/li>\n<\/ul>\n\n\n\n<p>Czasem przyszli nowo\u017ce\u0144cy rezerwuj\u0105 nocleg na dwie noce \u2013 jedn\u0105 przed weselem i drug\u0105 po przyj\u0119ciu. Jest to dobre rozwi\u0105zanie w przypadku organizacji imprezy w lokalizacji, kt\u00f3ra znajduje si\u0119 bardzo daleko od miejsca zamieszkania wi\u0119kszo\u015bci weselnik\u00f3w. Go\u015bcie nie tylko mog\u0105 odpocz\u0105\u0107 po sko\u0144czonej zabawie. Maj\u0105 tak\u017ce mo\u017cliwo\u015b\u0107 na spokojnie przygotowa\u0107 si\u0119 do uroczysto\u015bci w swoich hotelowych apartamentach, co niew\u0105tpliwie jest bardzo komfortow\u0105 opcj\u0105.<\/p>\n\n\n<section id=\"leonardo-block_4620bb13304836eacc5db867cbd8c562\" class=\"leonardo page-breaker leonardo-image-right\">\r\n    <div class=\"leonardo-body\">\r\n                <div class=\"leonardo-content\"><h3 id=\"ha-pokoje-dla-gosci\">Pokoje dla go\u015bci<\/h3>\n<p><strong><a href=\"https:\/\/www.koronakarkonoszy.pl\/blog\/wesele-z-noclegiem\/\">Wesele z noclegiem<\/a><\/strong> to du\u017ce przedsi\u0119wzi\u0119cie i spory wydatek. Kto powinien pokry\u0107 koszty zakwaterowania? Wed\u0142ug etykiety zap\u0142ata za nocleg le\u017cy po stronie organizator\u00f3w wesela, czyli Pary M\u0142odej. Wliczenie koszt\u00f3w noclegu w weselny bud\u017cet to wyraz szacunku dla go\u015bci i podzi\u0119kowania za przybycie z daleka i wsp\u00f3lne \u015bwi\u0119towanie dnia za\u015blubin.<\/p>\n<p>Przy kameralnych przyj\u0119ciach nie jest to du\u017ce obci\u0105\u017cenie finansowe. Problem mo\u017ce pojawi\u0107 si\u0119 w przypadku hucznego wesela w g\u00f3rach. Pokrycie koszt\u00f3w noclegu dla 150 czy 200 os\u00f3b wi\u0105\u017ce si\u0119 z niema\u0142ym wydatkiem dodatkowym. Je\u015bli Wasz bud\u017cet jest mocno ograniczony, rozwa\u017ccie opcj\u0119 zap\u0142aty za zakwaterowanie dla najwa\u017cniejszych go\u015bci \u2013 tj. dziadk\u00f3w, chrzestnych, \u015bwiadk\u00f3w, rodze\u0144stwa i rodzic\u00f3w. Dalsz\u0105 rodzin\u0119 i znajomych powiadomcie o konieczno\u015bci uiszczenia op\u0142aty za nocleg we w\u0142asnym zakresie. Mimo wszystko na pewno warto urz\u0105dzi\u0107 wesele z noclegiem w g\u00f3rach \u2013 nigdzie indziej nie b\u0119dzie takiej atmosfery!<\/p>\n<\/div>\r\n            <\/div>\r\n    <div class=\"leonardo-image\">\r\n        <img loading=\"lazy\" decoding=\"async\" width=\"800\" height=\"534\" src=\"https:\/\/www.koronakarkonoszy.pl\/blog\/wp-content\/uploads\/2021\/07\/Apartament_Mlodej_Pary__2_.jpg\" class=\"attachment-full size-full\" alt=\"Apartament M\u0142odej Pary\" srcset=\"https:\/\/www.koronakarkonoszy.pl\/blog\/wp-content\/uploads\/2021\/07\/Apartament_Mlodej_Pary__2_.jpg 800w, https:\/\/www.koronakarkonoszy.pl\/blog\/wp-content\/uploads\/2021\/07\/Apartament_Mlodej_Pary__2_-300x200.jpg 300w, https:\/\/www.koronakarkonoszy.pl\/blog\/wp-content\/uploads\/2021\/07\/Apartament_Mlodej_Pary__2_-768x513.jpg 768w\" sizes=\"auto, (max-width: 800px) 100vw, 800px\" \/>            <\/div>\r\n<\/section>\n\n\n<h3 class=\"wp-block-heading\" id=\"ha-wesele-w-gorach-z-noclegiem-kwestie-organizacyjne\">Wesele w g\u00f3rach z noclegiem \u2013 kwestie organizacyjne<\/h3>\n\n\n\n<p>Bez wzgl\u0119du na to, kto pokrywa koszty zakwaterowania, to do Waszych obowi\u0105zk\u00f3w nale\u017c\u0105 wszelkie kwestie organizacyjne zwi\u0105zane z rezerwacj\u0105 noclegu. O tym, \u017ce urz\u0105dzacie wesele w g\u00f3rach z noclegiem powiadomcie go\u015bci z wi\u0119kszym wyprzedzeniem. Trzeba da\u0107 im czas na zorganizowanie dwu- czy trzydniowego urlopu w pracy.<\/p>\n\n\n\n<p>Je\u015bli wesele odbywa si\u0119 w obiekcie, kt\u00f3ry dysponuje miejscami noclegowymi, przeka\u017ccie go\u015bciom informacje o godzinach zameldowania i wymeldowania si\u0119 z obiektu oraz podajcie im godzin\u0119 serwowania \u015bniadania (je\u015bli jest zaplanowane). Poinformujcie ich r\u00f3wnie\u017c o terminie potwierdzenia rezerwacji i zap\u0142aty za nocleg (je\u015bli to po ich stronie le\u017cy pokrycie koszt\u00f3w zakwaterowania).<\/p>\n\n\n\n<figure class=\"wp-block-image size-full\"><img loading=\"lazy\" decoding=\"async\" width=\"1000\" height=\"857\" src=\"https:\/\/www.koronakarkonoszy.pl\/blog\/wp-content\/uploads\/2021\/07\/Stylowe_apartamenty_pokoje_saloniki.jpg\" alt=\"stylowe apartamenty pokoje saloniki\" class=\"wp-image-713\" srcset=\"https:\/\/www.koronakarkonoszy.pl\/blog\/wp-content\/uploads\/2021\/07\/Stylowe_apartamenty_pokoje_saloniki.jpg 1000w, https:\/\/www.koronakarkonoszy.pl\/blog\/wp-content\/uploads\/2021\/07\/Stylowe_apartamenty_pokoje_saloniki-300x257.jpg 300w, https:\/\/www.koronakarkonoszy.pl\/blog\/wp-content\/uploads\/2021\/07\/Stylowe_apartamenty_pokoje_saloniki-768x658.jpg 768w\" sizes=\"auto, (max-width: 1000px) 100vw, 1000px\" \/><figcaption class=\"wp-element-caption\"><strong>Dw\u00f3r Korona Karkonoszy &#8211; <a href=\"https:\/\/www.koronakarkonoszy.pl\/pokoje\/\" target=\"_blank\" rel=\"noreferrer noopener\">stylowe pokoje<\/a> <\/strong><\/figcaption><\/figure>\n\n\n\n<p>W przypadku rezerwacji nocleg\u00f3w w innym obiekcie ni\u017c ten, w kt\u00f3rym odbywa si\u0119 zabawa weselna, zadbajcie o to, by przekaza\u0107 go\u015bciom szczeg\u00f3\u0142owe informacje dotycz\u0105ce dojazdu do ko\u015bcio\u0142a\/urz\u0119du oraz do sali weselnej. Mo\u017cecie zorganizowa\u0107 transport, aby u\u0142atwi\u0107 go\u015bciom dotarcie na uroczysto\u015b\u0107 i powr\u00f3t do hotelu po sko\u0144czonej imprezie.&nbsp;<\/p>\n\n\n\n<h3 class=\"wp-block-heading\" id=\"ha-wesele-w-gorach-huczna-impreza-czy-kameralne-przyjecie\">Wesele w g\u00f3rach \u2013 huczna impreza czy kameralne przyj\u0119cie?<\/h3>\n\n\n\n<p>W czasach m\u0142odo\u015bci naszych dziadk\u00f3w czy rodzic\u00f3w wesela musia\u0142y by\u0107 huczne. Nie wyobra\u017cano sobie innej formy \u015bwi\u0119towania dnia za\u015blubin ni\u017c w gronie ca\u0142ej rodziny, bli\u017cszych i dalszych znajomych, a nawet s\u0105siad\u00f3w. 150 czy 200 go\u015bci by\u0142o standardem. Dzi\u015b coraz wi\u0119cej par stawia na kameralno\u015b\u0107. Listy go\u015bci weselnych s\u0105 mocno redukowane, a same uroczysto\u015bci maj\u0105 inny, wyr\u00f3\u017cniaj\u0105cy si\u0119, nieco bardziej intymny charakter.<\/p>\n\n\n\n<p>G\u00f3ry to idealne miejsce na organizacj\u0119 zar\u00f3wno hucznego, jak i kameralnego przyj\u0119cia weselnego. Du\u017ca, ca\u0142onocna biesiada w licznym gronie to gwarancja wy\u015bmienitej zabawy i pozytywnej energii. Taka impreza bez w\u0105tpienia dostarczy Parze M\u0142odej i wszystkim weselnikom niezapomnianych wra\u017ce\u0144. <a href=\"https:\/\/www.koronakarkonoszy.pl\/blog\/kameralny-slub-w-gorach\/\" class=\"links-placer\">Kameralne wesele w g\u00f3rach<\/a> to szansa na to, by prze\u017cywa\u0107 dzie\u0144 za\u015blubin intensywniej. Wyj\u0105tkowa aura, panuj\u0105ca w g\u00f3rskich okolicach, to kwintesencja romantyczno\u015bci. Najpierw sakramentalne \u201etak\u201d w otoczeniu malowniczych, g\u00f3rskich widok\u00f3w i w obecno\u015bci najbli\u017cszych. A potem kameralny <a href=\"https:\/\/www.koronakarkonoszy.pl\/blog\/obiad-weselny\/\"><strong>obiad weselny<\/strong><\/a> w magicznej atmosferze to wspania\u0142y spos\u00f3b na to, by rozpocz\u0105\u0107 nowy rozdzia\u0142 w \u017cyciu.<\/p>\n\n\n\n<figure class=\"wp-block-image size-full\"><img loading=\"lazy\" decoding=\"async\" width=\"800\" height=\"365\" src=\"https:\/\/www.koronakarkonoszy.pl\/blog\/wp-content\/uploads\/2021\/07\/wesele_karkonosze_gory.jpg\" alt=\"wesele Karkonosze g\u00f3ry\" class=\"wp-image-720\" srcset=\"https:\/\/www.koronakarkonoszy.pl\/blog\/wp-content\/uploads\/2021\/07\/wesele_karkonosze_gory.jpg 800w, https:\/\/www.koronakarkonoszy.pl\/blog\/wp-content\/uploads\/2021\/07\/wesele_karkonosze_gory-300x137.jpg 300w, https:\/\/www.koronakarkonoszy.pl\/blog\/wp-content\/uploads\/2021\/07\/wesele_karkonosze_gory-768x350.jpg 768w\" sizes=\"auto, (max-width: 800px) 100vw, 800px\" \/><figcaption class=\"wp-element-caption\"><strong>Wesele w g\u00f3rach<\/strong><\/figcaption><\/figure>\n\n\n\n<p>Lista go\u015bci weselnych to nie lada wyzwanie. Cz\u0119sto jest tak, \u017ce to rodzice lub te\u015bciowie maj\u0105 ju\u017c list\u0119 go\u015bci na \u015blub dziecka. Czasem s\u0105 to dalsi krewni albo znajomi, kt\u00f3rym chc\u0105 si\u0119 zrewan\u017cowa\u0107 za podobne zaproszenie w przesz\u0142o\u015bci lub jak\u0105\u015b przys\u0142ug\u0119. <\/p>\n\n\n\n<p>Wydaje si\u0119 jednak, \u017ce organizuj\u0105c mniejsze wesele czy kameralne <a href=\"https:\/\/www.koronakarkonoszy.pl\/blog\/jak-zorganizowac-przyjecie-weselne-na-30-osob\/\" class=\"links-placer\">przyj\u0119cie weselne<\/a> przede wszystkim g\u0142os powinni mie\u0107 Pa\u0144stwo M\u0142odzi. To oni powinni jako pierwsi umie\u015bci\u0107 na li\u015bcie go\u015bci weselnych ludzi, bez kt\u00f3rych nie wyobra\u017caj\u0105 sobie tego dnia. Dopiero w dalszej kolejno\u015bci, je\u015bli jeszcze b\u0119dzie taka mo\u017cliwo\u015b\u0107, wpisujemy pozosta\u0142e osoby. Do\u015bwiadczenie pokazuje, \u017ce czasem przyjaci\u00f3\u0142ka czy kolega z pracy mog\u0105 by\u0107 nam bli\u017csi ni\u017c ktokolwiek inny.<\/p>\n\n\n\n<h3 class=\"wp-block-heading\" id=\"ha-kameralny-slub-w-gorach\">Kameralny \u015blub w g\u00f3rach<\/h3>\n\n\n\n<p>Czy \u015blub zawsze musi by\u0107 huczny? Kiedy\u015b wesela by\u0142y cz\u0119sto urz\u0105dzane wed\u0142ug zasady \u201ezastaw si\u0119, a postaw si\u0119\u201d. Zapraszano na nie najdalsz\u0105 nawet rodzin\u0119, powinowatych, wszystkich s\u0105siad\u00f3w oraz partner\u00f3w handlowych. By\u0142y okazj\u0105 do zawierania sojuszy czy um\u00f3w. Musia\u0142y wi\u0119c by\u0107 du\u017ce i \u201ena bogato\u201d. <\/p>\n\n\n\n<p>Przepych i wystawno\u015b\u0107 a\u017c k\u0142u\u0142y w oczy. W zwi\u0105zku z tym na przestrzeni wiek\u00f3w wydawano coraz to nowe prawa, reguluj\u0105ce r\u00f3\u017cne kwestie. Cho\u0107by liczb\u0119 go\u015bci, ich stroje, rodzaj prezent\u00f3w dla M\u0142odych Par, d\u0142ugo\u015b\u0107 trwania imprezy. A nawet liczb\u0119 i rodzaje serwowanych potraw! Mia\u0142o to ograniczy\u0107 weselne rozpasanie. Chodzi\u0142o o to, by unikn\u0105\u0107 sytuacji jak ta z Augsburga z 1493 r. &#8211; na za\u015blubiny tr\u0119bacza miejskiego z c\u00f3rk\u0105 piekarza zaproszono 720 go\u015bci, a wesele trwa\u0142o a\u017c 8 dni!<\/p>\n\n\n\n<figure class=\"wp-block-image size-full\"><img loading=\"lazy\" decoding=\"async\" width=\"800\" height=\"534\" src=\"https:\/\/www.koronakarkonoszy.pl\/blog\/wp-content\/uploads\/2021\/07\/widoki_karkonosze.jpg\" alt=\"Widoki Karkonosze\" class=\"wp-image-378\" srcset=\"https:\/\/www.koronakarkonoszy.pl\/blog\/wp-content\/uploads\/2021\/07\/widoki_karkonosze.jpg 800w, https:\/\/www.koronakarkonoszy.pl\/blog\/wp-content\/uploads\/2021\/07\/widoki_karkonosze-300x200.jpg 300w, https:\/\/www.koronakarkonoszy.pl\/blog\/wp-content\/uploads\/2021\/07\/widoki_karkonosze-768x513.jpg 768w\" sizes=\"auto, (max-width: 800px) 100vw, 800px\" \/><figcaption class=\"wp-element-caption\"><strong>Wesele w g\u00f3rach<\/strong><\/figcaption><\/figure>\n\n\n\n<p>Dzisiaj, na szcz\u0119\u015bcie, ju\u017c \u017cadne regulacje prawne w tym wzgl\u0119dzie nie obowi\u0105zuj\u0105. Nikt nam nie m\u00f3wi, jak du\u017ce powinno by\u0107 nasze wesele, warto wi\u0119c pos\u0142ucha\u0107 po prostu swych pragnie\u0144. Ewentualnie te\u017c g\u0142osu rozs\u0105dku\u2026 Mamy wielk\u0105 rodzin\u0119, licznych przyjaci\u00f3\u0142 i znajomych? Ze wszystkimi utrzymujemy bliskie stosunki? Nie wyobra\u017camy sobie, by zabrak\u0142o ich na naszym weselu? W dodatku jeste\u015bmy w stanie zafundowa\u0107 im <strong>wesele z noclegiem w g\u00f3rach<\/strong>? Bardzo dobrze, zr\u00f3bmy tak!<\/p>\n\n\n\n<p>Je\u015bli jednak nie przemawia do nas wizja wielkiego wesela pe\u0142nego os\u00f3b, z kt\u00f3rymi jednak nie \u0142\u0105cz\u0105 nas \u017cadne bli\u017csze wi\u0119zy, zdecydujmy si\u0119 na <a href=\"https:\/\/www.koronakarkonoszy.pl\/blog\/kameralny-slub-w-gorach\/\" class=\"links-placer\">kameralny \u015blub<\/a> w g\u00f3rach. Starannie wyselekcjonowane grono najbli\u017cszych os\u00f3b na pewno sprawi, \u017ce poczujemy si\u0119 wyj\u0105tkowo i b\u0119dziemy dobrze bawi\u0107. A reszcie mo\u017cna przecie\u017c wys\u0142a\u0107 link do zdj\u0119\u0107 w chmurze, by te\u017c cieszyli si\u0119 naszym szcz\u0119\u015bciem.&nbsp;&nbsp;<\/p>\n\n\n<section id=\"leonardo-block_612edfba2dbf25fdb1fe742d6448d047\" class=\"leonardo page-breaker leonardo-image-left\">\r\n    <div class=\"leonardo-body\">\r\n                <div class=\"leonardo-content\"><p><!-- wp:heading --><\/p>\n<h3 id=\"ha-wesele-w-gorach-wykorzystajcie-uroki-regionu\">Wesele w g\u00f3rach \u2013 wykorzystajcie uroki regionu!<\/h3>\n<p>Polskie g\u00f3ry \u2013 a szczeg\u00f3lnie Karkonosze \u2013 maj\u0105 w sobie co\u015b magicznego. Liczne doliny, wartkie potoki, szczyty o urozmaiconej rze\u017abie z ponad 1600-metrow\u0105 \u015anie\u017ck\u0105 na czele \u2013 to wszystko sprawia, \u017ce Karkonosze ka\u017cdego roku przyci\u0105gaj\u0105 do siebie wielu turyst\u00f3w z najbardziej odleg\u0142ych zak\u0105tk\u00f3w kraju, a nawet zza jego granic. W regionie panuje niezwykle romantyczna, bajeczna aura, kt\u00f3ra idealnie oddaje magiczny charakter dnia \u015blubu. Wesele w g\u00f3rach karkonoskich to gwarancja wspania\u0142ych emocji, kt\u00f3re zar\u00f3wno zakochani, jak i wszyscy zaproszeni go\u015bcie przez d\u0142ugi czas b\u0119d\u0105 wspomina\u0107 z u\u015bmiechami na twarzach i rado\u015bci\u0105 wype\u0142niaj\u0105c\u0105 serca.<\/p>\n<p><!-- \/wp:paragraph --> <!-- wp:paragraph --><\/p>\n<p>Jak wesele w g\u00f3rach, to po g\u00f3ralsku! Tradycyjne g\u00f3ralskie wesela maj\u0105 w sobie co\u015b niesamowitego. To przyj\u0119cia z dusz\u0105, wyr\u00f3\u017cniaj\u0105ce si\u0119 pasj\u0105 i najpi\u0119kniejsz\u0105 mi\u0142o\u015bci\u0105, wype\u0142nione po brzegi wy\u015bmienit\u0105 zabaw\u0105. Jak zorganizowa\u0107 prawdziwe g\u00f3ralskie wesele, zawsze kojarz\u0105ce si\u0119 z Podhalem, nawet je\u015bli chcemy je urz\u0105dzi\u0107 w Pieninach, Beskidach czy Karkonoszach?<\/p>\n<p><!-- \/wp:paragraph --><\/p>\n<\/div>\r\n            <\/div>\r\n    <div class=\"leonardo-image\">\r\n        <img loading=\"lazy\" decoding=\"async\" width=\"1642\" height=\"1094\" src=\"https:\/\/www.koronakarkonoszy.pl\/blog\/wp-content\/uploads\/2021\/05\/Wesele-w-gorach-z-noclegiem-to-doskonaly-pomysl.jpg\" class=\"attachment-full size-full\" alt=\"\" srcset=\"https:\/\/www.koronakarkonoszy.pl\/blog\/wp-content\/uploads\/2021\/05\/Wesele-w-gorach-z-noclegiem-to-doskonaly-pomysl.jpg 1642w, https:\/\/www.koronakarkonoszy.pl\/blog\/wp-content\/uploads\/2021\/05\/Wesele-w-gorach-z-noclegiem-to-doskonaly-pomysl-300x200.jpg 300w, https:\/\/www.koronakarkonoszy.pl\/blog\/wp-content\/uploads\/2021\/05\/Wesele-w-gorach-z-noclegiem-to-doskonaly-pomysl-1024x682.jpg 1024w, https:\/\/www.koronakarkonoszy.pl\/blog\/wp-content\/uploads\/2021\/05\/Wesele-w-gorach-z-noclegiem-to-doskonaly-pomysl-768x512.jpg 768w, https:\/\/www.koronakarkonoszy.pl\/blog\/wp-content\/uploads\/2021\/05\/Wesele-w-gorach-z-noclegiem-to-doskonaly-pomysl-1536x1023.jpg 1536w\" sizes=\"auto, (max-width: 1642px) 100vw, 1642px\" \/>            <\/div>\r\n<\/section>\n\n\n<h3 class=\"wp-block-heading\" id=\"ha-wesele-w-karkonoszach\">Wesele w Karkonoszach<\/h3>\n\n\n\n<p>G\u00f3ralskie wesele mo\u017cna zorganizowa\u0107 w tradycyjnej g\u00f3ralskiej chacie, wykonanej z drewnianych bali i kamienia (opcja trudno dost\u0119pna poza Tatrami), b\u0105d\u017a w klasycznej sali weselnej. W tym drugim przypadku warto pokusi\u0107 si\u0119 o odpowiednie dekoracje, kt\u00f3re oddadz\u0105 g\u00f3ralski charakter wydarzenia. <\/p>\n\n\n\n<p>Folkowa aran\u017cacja to drewniane sto\u0142y pokryte sk\u00f3r\u0105 owcz\u0105, \u015bwie\u017ce polne kwiaty w prostych, szklanych wazonach. Tak\u017ce kolorowe wycinanki, zdobi\u0105ce \u015bciany, haftowane firany oraz mn\u00f3stwo czerwonych akcent\u00f3w w najr\u00f3\u017cniejszych postaciach. Starannie dobrane ozdoby stworz\u0105 w sali weselnej tradycyjny g\u00f3ralski klimat, kt\u00f3ry przeniesie weselnik\u00f3w w magiczny \u015bwiat doskona\u0142ej zabawy.<\/p>\n\n\n\n<figure class=\"wp-block-image size-full\"><img loading=\"lazy\" decoding=\"async\" width=\"750\" height=\"500\" src=\"https:\/\/www.koronakarkonoszy.pl\/blog\/wp-content\/uploads\/2021\/07\/wesele-folkowe.jpg\" alt=\"\" class=\"wp-image-182\" srcset=\"https:\/\/www.koronakarkonoszy.pl\/blog\/wp-content\/uploads\/2021\/07\/wesele-folkowe.jpg 750w, https:\/\/www.koronakarkonoszy.pl\/blog\/wp-content\/uploads\/2021\/07\/wesele-folkowe-300x200.jpg 300w\" sizes=\"auto, (max-width: 750px) 100vw, 750px\" \/><figcaption class=\"wp-element-caption\"><strong>Wesele folkowe w g\u00f3rach, Dw\u00f3r Korona Karkonoszy<\/strong><\/figcaption><\/figure>\n\n\n\n<p>Na weselu w g\u00f3rach nie mo\u017ce zabrakn\u0105\u0107 skocznej muzyki, przygrywanej przez prawdziw\u0105, g\u00f3ralsk\u0105 kapel\u0119. <a href=\"https:\/\/www.koronakarkonoszy.pl\/blog\/urocze-i-sielskie-wesele-folkowe\/\"><strong>Wesele folkowe<\/strong><\/a> w Karkonoszach to doskona\u0142a okazja do tego, \u017ceby spr\u00f3bowa\u0107 r\u00f3\u017cnorodnej i smacznej kuchni dolno\u015bl\u0105skiej. <a href=\"https:\/\/www.koronakarkonoszy.pl\/blog\/jedzenie-na-wesele\/\"><strong>Jedzenie na wesele<\/strong><\/a> mo\u017ce i nawet powinno uwzgl\u0119dnia\u0107 dania regionalne. Klasyczna zupa z tych g\u00f3r to kyselo na zakwasie chlebowym lub karkonoski ukrop czyli zupa czosnkowa.<\/p>\n\n\n\n<p>Ponadto w weselnym menu nie mo\u017ce zabrakn\u0105\u0107 \u017curku i \u201esikorek karkonoskich\u201d z kwa\u015bn\u0105 \u015bmietan\u0105. Go\u015bcie weselni ch\u0119tnie te\u017c delektuj\u0105 si\u0119 zapo\u017cyczeniami z kuchni g\u00f3rno\u015bl\u0105skiej. Na sto\u0142ach koniecznie powinny pojawi\u0107 si\u0119 tradycyjne kluski \u015bl\u0105skie w towarzystwie wy\u015bmienitych zraz\u00f3w, modrej kapusty i sosu pieczeniowego.<\/p>\n\n\n<section id=\"leonardo-block_93f22fbffb8b69b593e18ef8f12cb22e\" class=\"leonardo page-breaker leonardo-image-left\">\r\n    <div class=\"leonardo-body\">\r\n                <div class=\"leonardo-content\"><p><!-- wp:heading {\"level\":3} --><\/p>\n<h3 class=\"wp-block-heading\" id=\"ha-rustykalne-wesele-w-gorach\">Rustykalne wesele w g\u00f3rach<\/h3>\n<p><!-- \/wp:heading --> <!-- wp:paragraph --><\/p>\n<p>Je\u015bli g\u00f3ralski klimat do Was nie przemawia, mo\u017cecie postawi\u0107 na styl rustykalny. Nawi\u0105zuje on do wsi, natury i perfekcyjnie wpisuje si\u0119 w g\u00f3rsk\u0105 aur\u0119. <a href=\"https:\/\/www.koronakarkonoszy.pl\/blog\/rustykalne-wesele\/\" class=\"links-placer\">Rustykalne wesele<\/a> w g\u00f3rach mo\u017cecie zorganizowa\u0107 w namiocie lub w klasycznej sali weselnej.<\/p>\n<p><!-- \/wp:paragraph --> <!-- wp:paragraph --><\/p>\n<p>W weselnej aran\u017cacji koniecznie powinny pojawi\u0107 si\u0119 zielone girlandy, \u015bwiece, koronki, jutowe sznurki i drewno w r\u00f3\u017cnych postaciach. Dope\u0142nieniem wystroju powinny by\u0107 \u015bwie\u017ce kwiaty w delikatnych odcieniach. Ze stylem rustykalnym doskonale komponuj\u0105 si\u0119 gips\u00f3wki, eustomy, eukaliptusy, paprocie, go\u017adziki, winoro\u015ble, piwonie i r\u00f3\u017ce.<\/p>\n<p><!-- \/wp:paragraph -->Ale tak w\u0142a\u015bciwie mo\u017cliwe s\u0105 bardzo r\u00f3\u017cne <strong><a href=\"https:\/\/www.koronakarkonoszy.pl\/blog\/motywy-przewodnie-wesela\/\">motywy przewodnie wesela<\/a><\/strong>, i od nas tylko zale\u017cy, jaki styl wybierzemy. Mo\u017cemy dopasowa\u0107 go do pory roku (wesela w stylu tropikalnym lub Hampton b\u0119d\u0105 idealne na lato), sali weselnej (\u015blub folkowy lub klasyczny), aktualnie panuj\u0105cej mody (boho lub glamour) lub po prostu w\u0142asnych upodoba\u0144.<\/p>\n<\/div>\r\n                    <aside class=\"leonardo-interlink\">\r\n                <b>Polecamy<\/b>\r\n                <a href=\"https:\/\/www.koronakarkonoszy.pl\/blog\/de\/slub-jelenia-gora\/\">\u015alub Jelenia G\u00f3ra \u2013 sielska ceremonia w stolicy Karkonoszy<\/a>\r\n            <\/aside>\r\n            <\/div>\r\n    <div class=\"leonardo-image\">\r\n        <img loading=\"lazy\" decoding=\"async\" width=\"800\" height=\"534\" src=\"https:\/\/www.koronakarkonoszy.pl\/blog\/wp-content\/uploads\/2021\/07\/wesele-folkowe2jpg.jpg\" class=\"attachment-full size-full\" alt=\"\" srcset=\"https:\/\/www.koronakarkonoszy.pl\/blog\/wp-content\/uploads\/2021\/07\/wesele-folkowe2jpg.jpg 800w, https:\/\/www.koronakarkonoszy.pl\/blog\/wp-content\/uploads\/2021\/07\/wesele-folkowe2jpg-300x200.jpg 300w, https:\/\/www.koronakarkonoszy.pl\/blog\/wp-content\/uploads\/2021\/07\/wesele-folkowe2jpg-768x513.jpg 768w\" sizes=\"auto, (max-width: 800px) 100vw, 800px\" \/>            <\/div>\r\n<\/section>\n\n\n<h3 class=\"wp-block-heading\" id=\"ha-wesela-w-gorach-w-stylu-glamour\">Wesela w g\u00f3rach w stylu glamour<\/h3>\n\n\n\n<p>Je\u015bli marzycie o wystawnym, eleganckim weselu, wybierzcie styl glamour. G\u00f3rska okolica perfekcyjnie wpisuje si\u0119 w luksusowy charakter stylu. Jak zorganizowa\u0107 takie wydarzenie? Najpierw musicie znale\u017a\u0107 odpowiedni obiekt weselny. \u015alub i wesele glamour powinni\u015bcie zorganizowa\u0107 w pi\u0119knym, pa\u0142acowym wn\u0119trzu. Aby podkre\u015bli\u0107 wystawny charakter przyj\u0119cia, na sto\u0142ach ustawcie pi\u0119kne kompozycje z subtelnych r\u00f3\u017c lub piwonii. W weselnej aran\u017cacji nie mo\u017ce zabrakn\u0105\u0107 r\u00f3wnie\u017c z\u0142otych lub srebrnych element\u00f3w.<\/p>\n\n\n<section id=\"leonardo-block_96f17a208e6c7547d6bcdd47ae4a1415\" class=\"leonardo page-breaker leonardo-image-right\">\r\n    <div class=\"leonardo-body\">\r\n                <div class=\"leonardo-content\"><h3 id=\"ha-bawcie-sie-w-dworskiej-sali-balowej\">Bawcie si\u0119 w Dworskiej Sali Balowej<\/h3>\n<p>W Dworze Korona Karkonoszy do dyspozycji macie gustownie urz\u0105dzon\u0105 <a href=\"https:\/\/www.koronakarkonoszy.pl\/sala-balowa\/\" target=\"_blank\" rel=\"noopener\">Dworsk\u0105 Sal\u0119 Balow\u0105<\/a>, kt\u00f3ra mo\u017ce pomie\u015bci\u0107 nawet 170 os\u00f3b. Tym, co nadaje wn\u0119trzu luksusowego charakteru, s\u0105 du\u017ce, \u0142ukowe okna, z kt\u00f3rych rozpo\u015bciera si\u0119 widok na elegancki ogr\u00f3d z fontann\u0105, a tak\u017ce bia\u0142e, drewniane sklepienie, zawieszone 9 metr\u00f3w nad ziemi\u0105. Wystroju dope\u0142niaj\u0105 stylowe \u015bwieczniki, eleganckie lampiony i angielskie patery na owoce.<\/p>\n<\/div>\r\n            <\/div>\r\n    <div class=\"leonardo-image\">\r\n        <img loading=\"lazy\" decoding=\"async\" width=\"800\" height=\"533\" src=\"https:\/\/www.koronakarkonoszy.pl\/blog\/wp-content\/uploads\/2021\/07\/baloniki_na_weselu__7_.jpg\" class=\"attachment-full size-full\" alt=\"baloniki na weselu\" srcset=\"https:\/\/www.koronakarkonoszy.pl\/blog\/wp-content\/uploads\/2021\/07\/baloniki_na_weselu__7_.jpg 800w, https:\/\/www.koronakarkonoszy.pl\/blog\/wp-content\/uploads\/2021\/07\/baloniki_na_weselu__7_-300x200.jpg 300w, https:\/\/www.koronakarkonoszy.pl\/blog\/wp-content\/uploads\/2021\/07\/baloniki_na_weselu__7_-768x512.jpg 768w\" sizes=\"auto, (max-width: 800px) 100vw, 800px\" \/>            <\/div>\r\n<\/section>\n\n\n<h2 class=\"wp-block-heading\" id=\"ha-wesele-z-noclegiem-w-gorach-co-zabrac\">Wesele z noclegiem w g\u00f3rach \u2013 co zabra\u0107?<\/h2>\n\n\n\n<p>Wbrew temu, co na pierwszy rzut oka podpowiada nam intuicja, na wesele z noclegiem w g\u00f3rach nie musimy zabiera\u0107 sprz\u0119tu alpinistycznego. Chyba \u017ce zostajemy po weselu i za\u015blubinach na urlop i b\u0119dziemy mieli czas na wspinaczke. Na og\u00f3\u0142 jednak wesela w g\u00f3rach organizowane s\u0105 w miejscach z \u0142atwym i prostym dojazdem. Sale weselne w g\u00f3rach s\u0105 najcz\u0119\u015bciej integraln\u0105 cz\u0119\u015bci\u0105 hotelu, dworku lub pa\u0142acu. Jako go\u015bcie weselni zabierzmy po prostu odpowiedni do uroczysto\u015bci za\u015blubin str\u00f3j weselny, dostosowany oczywi\u015bcie do pory roku. Zw\u0142aszcza je\u015bli \u015blub b\u0119dzie odbywa\u0142 si\u0119 w plenerze, warto przewidzie\u0107, \u017ce mo\u017ce by\u0107 upa\u0142 lub pokropi\u0107 deszcz. Tu przyda si\u0119 odpowiedni parasol. Poza tym je\u015bli przewidziane s\u0105 poprawiny, warto mie\u0107 drugie ubranie na zmian\u0119.<\/p>\n\n\n<section id=\"leonardo-block_d02de7e2ba04ad78e16ce4bd01a5fe99\" class=\"leonardo page-breaker leonardo-image-left\">\r\n    <div class=\"leonardo-body\">\r\n                <div class=\"leonardo-content\"><p><!-- wp:heading --><\/p>\n<h3 id=\"ha-slub-w-gorach-jak-sprawic-zeby-byl-udany\">\u015alub w g\u00f3rach \u2013 jak sprawi\u0107, \u017ceby by\u0142 udany?<\/h3>\n<p>Najprostszym sposobem na udane wesele jest korzystanie z do\u015bwiadczonych i sprawdzonych podwykonawc\u00f3w. Tylko jak to zrobi\u0107, kiedy organizujemy wesele z noclegiem w g\u00f3rach z dala od domu? Tu warto wybra\u0107 taki obiekt na wesele, kt\u00f3ry oferuje pe\u0142ny pakiet us\u0142ug weselnych.<\/p>\n<p>Specjalista od organizacji wesel, tak zwany wedding planner, ma zwykle wok\u00f3\u0142 siebie wypr\u00f3bowan\u0105 ekip\u0119 lokalnych us\u0142ugodawc\u00f3w. Ekspertka w tej dziedzinie Joanna Hoc-Kopiej z Dworu Korona Karkonoszy ma ju\u017c za sob\u0105 kilkaset udanych \u015blub\u00f3w i wesel.<\/p>\n<p>Jak m\u00f3wi: przez lata sama wsp\u00f3\u0142pracowa\u0142am z r\u00f3\u017cnymi zespo\u0142ami muzycznymi, fotografami, cukierniami i florystami. Na lokalnym rynku r\u00f3wnie\u017c jest konkurencja i poziom us\u0142ug jest coraz wy\u017cszy. Do wsp\u00f3\u0142pracy wybieramy tych, kt\u00f3rzy si\u0119 ju\u017c sprawdzili i utrzymuj\u0105 wysok\u0105 jako\u015b\u0107, a jednocze\u015bnie ci\u0105gle s\u0105 otwarci na nowo\u015bci.<\/p>\n<p><!-- \/wp:paragraph --><\/p>\n<\/div>\r\n            <\/div>\r\n    <div class=\"leonardo-image\">\r\n        <img loading=\"lazy\" decoding=\"async\" width=\"1392\" height=\"928\" src=\"https:\/\/www.koronakarkonoszy.pl\/blog\/wp-content\/uploads\/2021\/01\/altana-dkk.jpg\" class=\"attachment-full size-full\" alt=\"\" srcset=\"https:\/\/www.koronakarkonoszy.pl\/blog\/wp-content\/uploads\/2021\/01\/altana-dkk.jpg 1392w, https:\/\/www.koronakarkonoszy.pl\/blog\/wp-content\/uploads\/2021\/01\/altana-dkk-300x200.jpg 300w, https:\/\/www.koronakarkonoszy.pl\/blog\/wp-content\/uploads\/2021\/01\/altana-dkk-1024x683.jpg 1024w, https:\/\/www.koronakarkonoszy.pl\/blog\/wp-content\/uploads\/2021\/01\/altana-dkk-768x512.jpg 768w\" sizes=\"auto, (max-width: 1392px) 100vw, 1392px\" \/>            <\/div>\r\n<\/section>\n\n\n<p>Je\u015bli jednak po weselu przewidziano tylko \u015bniadanie, to z pewno\u015bci\u0105 warto zabra\u0107 ze sob\u0105 wygodne buty i ubranie na spacer po okolicy. Zazwyczaj po hucznym weselu ograniczamy wysi\u0142ek tylko do kr\u00f3tkich wypad\u00f3w w g\u00f3ry, a i trasy najcz\u0119\u015bciej wybieramy \u0142atwe. Dobrym pomys\u0142em jest te\u017c wtedy zwiedzenie okolicy pod k\u0105tem znalezienia na przyk\u0142ad innych pi\u0119knych dwor\u00f3w czy pa\u0142ac\u00f3w, gdzie zwykle mo\u017cna co\u015b zje\u015b\u0107. <\/p>\n\n\n\n<p>A propos, to du\u017cym powodzeniem dzie\u0144 po weselu ciesz\u0105 si\u0119 wycieczki do magicznych \u017ar\u00f3de\u0142ek czy kapliczek, kt\u00f3re dodatkowo przynosz\u0105 szcz\u0119\u015bcie. Polecamy na przyk\u0142ad kaplic\u0119 \u015aw. Anny niedaleko Sosn\u00f3wki i Karpacza,<strong> <\/strong>postawion\u0105 na zachodnim stoku Grabowca w miejscu poga\u0144skich wierze\u0144. Bije tam tak zwane \u017ar\u00f3de\u0142ko szcz\u0119\u015bcia,<strong> <\/strong>zwane tak\u017ce \u017ar\u00f3de\u0142kiem mi\u0142o\u015bci.&nbsp;Podobno aby by\u0107 szcz\u0119\u015bliwym w ma\u0142\u017ce\u0144stwie, wystarczy 7 razy przebiec wok\u00f3\u0142 kaplicy. W lew\u0105 stron\u0119, z wod\u0105 z tego \u017ar\u00f3de\u0142ka w ustach.&nbsp;Wiele Par M\u0142odych ju\u017c zaufa\u0142o legendzie! Dlatego <a href=\"https:\/\/www.koronakarkonoszy.pl\/wesela\/sala-weselna-karpacz\/\"><strong>wesele w Karpaczu<\/strong><\/a> czy okolicach to dobry pomys\u0142.<\/p>\n\n\n\n<p>Dobry humor i nastawienie na udan\u0105 zabaw\u0119 &#8211; oto co jest niezb\u0119dne. Reszta to tylko dodatki. <\/p>\n\n\n\n<h2 class=\"wp-block-heading\" id=\"ha-wesele-w-gorach-2024-2025\">Wesele w g\u00f3rach 2024\/2025<\/h2>\n\n\n\n<p>M\u0142ode Pary cz\u0119sto planuj\u0105 \u015blub i wesele z du\u017cym wyprzedzeniem. Pozwala to zarezerwowa\u0107 sal\u0119 weseln\u0105 w wymarzonym miejscu i spokojnie zastanowi\u0107 si\u0119 nad r\u00f3\u017cnymi detalami. Jednak cz\u0119\u015b\u0107 par wykorzystuje okazj\u0119 i podobnie jak z wakacjami, organizuje tak zwane <a href=\"https:\/\/www.koronakarkonoszy.pl\/blog\/wesele-last-minute-jak-szybko-zorganizowac-przyjecie-weselne\/\" target=\"_blank\" rel=\"noreferrer noopener\"><strong>wesele last minute<\/strong><\/a>. Jest to nowy trend, kt\u00f3ry zosta\u0142 wywo\u0142any przerw\u0105 pandemiczn\u0105. <\/p>\n\n\n\n<p>Cz\u0119\u015b\u0107 par, ze wzgl\u0119du na odg\u00f3rne ograniczenia, musia\u0142a zrezygnowa\u0107 z wesela pomimo tego, \u017ce wszystko by\u0142o gotowe, a inni po prostu decyzj\u0119 o \u015blubie odk\u0142adali na p\u00f3\u017aniej. Teraz szukaj\u0105 okazji i wolnych termin\u00f3w, wcale niekoniecznie odleg\u0142ych. Zreszt\u0105 \u015bwiat tak przy\u015bpieszy\u0142, \u017ce wydaje si\u0119 to ca\u0142kiem rozs\u0105dnym pomys\u0142em. Sezon weselny 2023 i 2024 to dobry wyb\u00f3r tak\u017ce ze wzgl\u0119du na inflacj\u0119. Wiele os\u00f3b po prostu woli ju\u017c teraz inwestowa\u0107 w szcz\u0119\u015bliwy zwi\u0105zek i dobr\u0105 zabaw\u0119.<\/p>\n\n\n\n<p>Sezon weselny w g\u00f3rach trwa praktycznie ca\u0142y rok, cho\u0107 oczywi\u015bcie najwi\u0119ksze ob\u0142o\u017cenie jest w miesi\u0105cach letnich. Ka\u017cda pora roku ma sw\u00f3j urok, wi\u0119c organizuj\u0105c \u015blub i wesele w g\u00f3rach z noclegiem nie warto si\u0119 ogranicza\u0107 czasowo.<\/p>\n\n\n\n<h2 class=\"wp-block-heading\" id=\"ha-wesele-w-gorach-z-noclegiem-na-czym-sie-skupic\">Wesele w g\u00f3rach z noclegiem &#8211; na czym si\u0119 skupi\u0107?<\/h2>\n\n\n\n<p>Na czym si\u0119 skupi\u0107 organizuj\u0105c wesele w g\u00f3rach? Dopilnujmy przede wszystkim, \u017ceby po udanych wieczorach panie\u0144skich i kawalerskich dotrze\u0107 na \u015blub\u2026 To oczywi\u015bcie \u017cart, ale oddaje istot\u0119 tego, na czym nale\u017cy si\u0119 skupi\u0107. Przede wszystkim musimy by\u0107 w urz\u0119dzie, ko\u015bciele czy te\u017c w innym ustalonym wcze\u015bniej miejscu na czas. Chyba, \u017ce zale\u017cy nam na filmowym wej\u015bciu i przytrzymaniu go\u015bci i partnera\/ partnerki w niepewno\u015bci. Zawsze lepiej doliczy\u0107 kilkana\u015bcie minut czasu na dotarcie. W mniejszych miejscowo\u015bciach mo\u017ce si\u0119 zdarzy\u0107, \u017ce kto\u015b zrobi nam tzw. bram\u0119 i trzeba si\u0119 b\u0119dzie wykupi\u0107. A w du\u017cych miastach cz\u0119sto na drodze zdarzaj\u0105 si\u0119 nieprzewidziane sytuacje, jak cho\u0107by korek czy kolizja.<\/p>\n\n\n\n<p>Kolejna sprawa to \u015bwiadkowie i obr\u0105czki. Z pewno\u015bci\u0105 ka\u017cdy, kto kiedy\u015b by\u0142 na \u015blubie pami\u0119ta, \u017ce istniej\u0105 pewne <a href=\"https:\/\/www.koronakarkonoszy.pl\/blog\/obowiazki-swiadka-na-weselu-o-czym-warto-wiedziec\/\"><strong>obowi\u0105zki \u015bwiadka na weselu<\/strong><\/a>. Jednak jak to w \u017cyciu bywa, sytuacje losowe mog\u0105 nam czasem pokrzy\u017cowa\u0107 plany. Je\u015bli chodzi o \u015bwiadk\u00f3w \u015blubu, to w zasadzie nie jest du\u017cy problem. Zast\u0105pi\u0107 ich mo\u017ce ka\u017cda doros\u0142a osoba, a obr\u0105czk\u0119 przecie\u017c zawsze mo\u017cna po\u017cyczy\u0107. Ca\u0142a reszta to tylko oprawa. Najwa\u017cniejsze, \u017ceby\u015bmy do \u015blubu szli z przekonaniem, \u017ce to w\u0142a\u015bciwa decyzja i z nastawieniem, \u017ce niezale\u017cnie od tego, co si\u0119 wydarzy, b\u0119dziemy szcz\u0119\u015bliwi. Do tego odrobina dystansu i dobrego humoru &#8211; oto klucz do udanego wesela!<\/p>\n\n\n\n<h2 class=\"wp-block-heading\" id=\"ha-wesele-z-noclegiem-w-gorach-atrakcje-dla-gosci\">Wesele z noclegiem w g\u00f3rach \u2013 atrakcje dla go\u015bci<\/h2>\n\n\n\n<p>Organizuj\u0105c <strong>wesele z noclegiem w g\u00f3rach<\/strong>, warto zadba\u0107 o dodatkowe atrakcje, kt\u00f3re umil\u0105 czas go\u015bciom przed i po uroczysto\u015bci. Malownicze Karkonosze oferuj\u0105 liczne szlaki turystyczne, idealne na wsp\u00f3lne spacery czy wycieczki rowerowe. Decyduj\u0105c si\u0119 na <strong>wesele w g\u00f3rach z noclegiem<\/strong>, mo\u017cna r\u00f3wnie\u017c zorganizowa\u0107 ognisko z regionalnymi przysmakami, co dodatkowo zacie\u015bni wi\u0119zi mi\u0119dzy go\u015b\u0107mi.<\/p>\n\n\n\n<h2 class=\"wp-block-heading\" id=\"ha-wesele-w-gorach-z-noclegiem-korzysci-logistyczne\">Wesele w g\u00f3rach z noclegiem \u2013 korzy\u015bci logistyczne<\/h2>\n\n\n\n<p>Decyduj\u0105c si\u0119 na <strong>wesele w g\u00f3rach z noclegiem<\/strong>, zyskujemy nie tylko pi\u0119kne otoczenie, ale tak\u017ce u\u0142atwienia logistyczne. Go\u015bcie nie musz\u0105 martwi\u0107 si\u0119 o transport po przyj\u0119ciu, co zwi\u0119ksza ich komfort i bezpiecze\u0144stwo. Ponadto mo\u017cliwo\u015b\u0107 zakwaterowania w jednym miejscu, takim jak <a href=\"https:\/\/www.koronakarkonoszy.pl\/\"><strong>Dw\u00f3r Korona Karkonoszy<\/strong><\/a>, sprzyja integracji i przed\u0142u\u017ca czas wsp\u00f3lnego \u015bwi\u0119towania. Warto rozwa\u017cy\u0107 takie rozwi\u0105zanie, planuj\u0105c <strong>wesele w g\u00f3rach,<\/strong> aby zapewni\u0107 niezapomniane wra\u017cenia zar\u00f3wno sobie, jak i zaproszonym osobom.<\/p>\n\n\n\n<h2 class=\"wp-block-heading\" id=\"ha-wesele-z-noclegiem-w-gorach-unikalne-doswiadczenie\">Wesele z noclegiem w g\u00f3rach \u2013 unikalne do\u015bwiadczenie<\/h2>\n\n\n\n<p><strong>Wesele z noclegiem w g\u00f3rach<\/strong> to nie tylko ceremonia i przyj\u0119cie, ale tak\u017ce okazja do stworzenia niezapomnianych wspomnie\u0144. G\u00f3rska sceneria stanowi idealne t\u0142o do sesji zdj\u0119ciowych, a \u015bwie\u017ce powietrze i blisko\u015b\u0107 natury sprzyjaj\u0105 relaksowi. Dodatkowo, lokalne tradycje i kuchnia mog\u0105 wzbogaci\u0107 <a href=\"https:\/\/www.koronakarkonoszy.pl\/blog\/wesele-w-polsce\/\"><strong>wesele w Polsce<\/strong><\/a> o regionalny akcent, czyni\u0105c <strong>wesele w g\u00f3rach z noclegiem<\/strong> jeszcze bardziej wyj\u0105tkowym.<\/p>\n\n\n\n<h2 class=\"wp-block-heading\" id=\"ha-dlaczego-warto-zorganizowac-wesele-z-noclegiem-w-gorach-zima\">Dlaczego warto zorganizowa\u0107 wesele z noclegiem w g\u00f3rach zim\u0105?<\/h2>\n\n\n\n<p><strong>Wesele z noclegiem w g\u00f3rach<\/strong> zim\u0105 to wyj\u0105tkowa sceneria \u2013 o\u015bnie\u017cone szczyty i bajkowy klimat sprawiaj\u0105, \u017ce uroczysto\u015b\u0107 nabiera magicznego charakteru. Romantyczna aura g\u00f3r zim\u0105 zapewnia niezapomniane wspomnienia oraz wspania\u0142e fotografie. Zimowe miesi\u0105ce to tak\u017ce wi\u0119ksza dost\u0119pno\u015b\u0107 termin\u00f3w w popularnych miejscach weselnych, co u\u0142atwia organizacj\u0119. Dodatkowo <strong>wesele z noclegiem w g\u00f3rach<\/strong> daje go\u015bciom komfort, eliminuj\u0105c konieczno\u015b\u0107 powrotu po przyj\u0119ciu. Wsp\u00f3lne sp\u0119dzenie czasu w g\u00f3rskiej atmosferze sprzyja integracji, a zimowe oferty cz\u0119sto bywaj\u0105 bardziej korzystne cenowo.<\/p>\n\n\n\n<h2 class=\"wp-block-heading\" id=\"ha-czy-warto-zorganizowac-poprawiny-po-weselu-w-gorach\">Czy warto zorganizowa\u0107 poprawiny po weselu w g\u00f3rach?<\/h2>\n\n\n\n<p>Poprawiny po <strong>weselu z noclegiem w g\u00f3rach<\/strong> to doskona\u0142y spos\u00f3b na przed\u0142u\u017cenie \u015bwi\u0119towania w lu\u017anej atmosferze. Go\u015bcie mog\u0105 odpocz\u0105\u0107, wspominaj\u0105c przyj\u0119cie, a malownicza okolica daje wiele mo\u017cliwo\u015bci na atrakcje, takie jak kulig czy ognisko. Dodatkowo poprawiny pozwalaj\u0105 na spokojne po\u017cegnanie i przygotowanie do podr\u00f3\u017cy. Je\u015bli wyb\u00f3r pad\u0142 na <strong>wesele z noclegiem w g\u00f3rach<\/strong>, warto w pe\u0142ni wykorzysta\u0107 to miejsce, zapewniaj\u0105c go\u015bciom niezapomniane chwile i relaks po intensywnym \u015bwi\u0119towaniu.<\/p>\n\n\n\n<h2 class=\"wp-block-heading\" id=\"ha-wesele-z-noclegiem-w-gorach-zima\">Wesele z noclegiem w g\u00f3rach zim\u0105<\/h2>\n\n\n\n<p>Zimowe <strong>wesele z noclegiem w g\u00f3rach<\/strong> to spos\u00f3b na magiczn\u0105 uroczysto\u015b\u0107 w otoczeniu o\u015bnie\u017conych szczyt\u00f3w i le\u015bnych krajobraz\u00f3w. Taka sceneria tworzy wyj\u0105tkow\u0105 atmosfer\u0119, idealn\u0105 na sesj\u0119 zdj\u0119ciow\u0105 i niezapomniane wspomnienia. Organizuj\u0105c <strong>wesele w g\u00f3rach z noclegiem<\/strong> zim\u0105, warto zadba\u0107 o komfort go\u015bci \u2013 ciep\u0142e zakwaterowanie, kulig czy ognisko z grzanym winem dodadz\u0105 klimatu i pozwol\u0105 cieszy\u0107 si\u0119 g\u00f3rsk\u0105 zim\u0105 bez trosk. Obiekty oferuj\u0105ce <strong>wesele z noclegiem w g\u00f3rach<\/strong> cz\u0119sto zapewniaj\u0105 kompleksow\u0105 obs\u0142ug\u0119, dzi\u0119ki czemu organizacja nawet zim\u0105 przebiega sprawnie. Kluczowa jest te\u017c dobra dost\u0119pno\u015b\u0107 drogowa i do\u015bwiadczenie w prowadzeniu uroczysto\u015bci zimowych. Takie wesele to po\u0142\u0105czenie elegancji z bajkow\u0105 aur\u0105 natury.<\/p>\n\n\n\n<h2 class=\"wp-block-heading\" id=\"ha-jak-zorganizowac-plenerowe-wesele-w-gorach-z-noclegiem\">Jak zorganizowa\u0107 plenerowe wesele w g\u00f3rach z noclegiem?<\/h2>\n\n\n\n<p>Plenerowe <strong>wesele z noclegiem w g\u00f3rach<\/strong> wymaga nieco wi\u0119cej logistyki, ale nagrod\u0105 jest niezapomniana ceremonia z widokiem na g\u00f3rskie szczyty. Idealne miejsce to takie, kt\u00f3re zapewnia zar\u00f3wno przestrze\u0144 pod chmurk\u0105, jak i zaplecze w razie zmiany pogody. Planuj\u0105c <strong>wesele w g\u00f3rach z noclegiem<\/strong>, warto postawi\u0107 na obiekt z do\u015bwiadczeniem, kt\u00f3ry zapewni nie tylko pi\u0119kne otoczenie, ale te\u017c noclegi i profesjonaln\u0105 obs\u0142ug\u0119. Niezwyk\u0142e doznania pot\u0119guj\u0105 regionalne akcenty: lokalne dania, muzyka i dekoracje. Tego typu <strong>wesele z noclegiem w g\u00f3rach<\/strong> to nie tylko uroczysto\u015b\u0107, ale te\u017c g\u00f3rska przygoda, kt\u00f3ra zachwyci wszystkich uczestnik\u00f3w. Go\u015bcie doceni\u0105 mo\u017cliwo\u015b\u0107 sp\u0119dzenia wi\u0119cej ni\u017c jednego dnia w wyj\u0105tkowym miejscu.<\/p>\n\n\n\n<h2 class=\"wp-block-heading\" id=\"ha-jak-wybrac-idealna-sale-na-wesele-z-noclegiem-w-gorach\">Jak wybra\u0107 idealn\u0105 sal\u0119 na wesele z noclegiem w g\u00f3rach?<\/h2>\n\n\n\n<p>Wyb\u00f3r sali na <strong>wesele z noclegiem w g\u00f3rach<\/strong> to jeden z najwa\u017cniejszych etap\u00f3w planowania. Warto postawi\u0107 na miejsce, kt\u00f3re \u0142\u0105czy pi\u0119kny widok, komfort i klimatyczne wn\u0119trze. Coraz wi\u0119cej par decyduje si\u0119 na <strong>wesele w g\u00f3rach z noclegiem<\/strong>, kt\u00f3re pozwala nie tylko na zabaw\u0119 do bia\u0142ego rana, ale te\u017c wypoczynek i integracj\u0119 w kolejnych dniach. Kluczowe s\u0105: liczba miejsc noclegowych, kuchnia oraz elastyczno\u015b\u0107 obs\u0142ugi. Sale z widokiem na panoram\u0119 g\u00f3r \u2013 jak np. w okolicach Karkonoszy \u2013 ciesz\u0105 si\u0119 rosn\u0105c\u0105 popularno\u015bci\u0105 w\u015br\u00f3d par szukaj\u0105cych wyj\u0105tkowego klimatu. Wybieraj\u0105c <strong>wesele z noclegiem w g\u00f3rach<\/strong>, warto te\u017c zapozna\u0107 si\u0119 z opiniami innych nowo\u017ce\u0144c\u00f3w i sprawdzi\u0107 pe\u0142n\u0105 ofert\u0119 miejsca.<\/p>\n\n\n<section id=\"leonardo-block_d4cdcb2c15811ac3e82a50d2c9326f50\" class=\"leonardo page-breaker leonardo-image-left\">\r\n    <div class=\"leonardo-body\">\r\n                <div class=\"leonardo-content\"><p><!-- wp:heading --><\/p>\n<h3 id=\"ha-wybor-sali-weselnej\">Wyb\u00f3r sali weselnej<\/h3>\n<p><strong><a href=\"https:\/\/www.koronakarkonoszy.pl\/blog\/wesele-dolny-slask\/\">Sala weselna Dolny \u015al\u0105sk<\/a><\/strong> &#8211; najwa\u017cniejsze przy organizacji wesela w g\u00f3rach (oczywi\u015bcie poza wyborem partnera \u017cyciowego i samym \u015blubem&#8230;) jest wyb\u00f3r odpowiedniej <strong>sali weselnej<\/strong>. To tu odb\u0119dzie si\u0119 uroczysto\u015b\u0107 weselna i tu w\u0142a\u015bnie sp\u0119dzimy kilkana\u015bcie bardzo wa\u017cnych w naszym \u017cyciu godzin. Przede wszystkim musi by\u0107 w naszym gu\u015bcie. Dla podkre\u015blenia rangi uroczysto\u015bci powinna by\u0107 te\u017c odpowiednio przystrojona. R\u00f3wnie\u017c wielko\u015b\u0107 ma znaczenie \u2013\u00a0 musi pomie\u015bci\u0107 zaplanowan\u0105 przez nas liczb\u0119 go\u015bci i to tak, \u017ceby czuli si\u0119 oni swobodnie i mieli odpowiednio du\u017co miejsca do zabawy. Wysoko\u015b\u0107 sali r\u00f3wnie\u017c podkre\u015bla majestat uroczysto\u015bci, a poza tym ma znaczenie praktyczne ze wzgl\u0119du na ilo\u015b\u0107 powietrza i akustyk\u0119.<\/p>\n<p><!-- \/wp:paragraph --><\/p>\n<\/div>\r\n                    <aside class=\"leonardo-interlink\">\r\n                <b>Polecamy<\/b>\r\n                <a href=\"https:\/\/www.koronakarkonoszy.pl\/blog\/de\/sala-na-wesele-co-warto-wiedziec\/\">Sala na wesele &#8211; co warto wiedzie\u0107?<\/a>\r\n            <\/aside>\r\n            <\/div>\r\n    <div class=\"leonardo-image\">\r\n        <img loading=\"lazy\" decoding=\"async\" width=\"683\" height=\"1024\" src=\"https:\/\/www.koronakarkonoszy.pl\/blog\/wp-content\/uploads\/2020\/10\/100_0007.jpg\" class=\"attachment-full size-full\" alt=\"\" srcset=\"https:\/\/www.koronakarkonoszy.pl\/blog\/wp-content\/uploads\/2020\/10\/100_0007.jpg 683w, https:\/\/www.koronakarkonoszy.pl\/blog\/wp-content\/uploads\/2020\/10\/100_0007-200x300.jpg 200w\" sizes=\"auto, (max-width: 683px) 100vw, 683px\" \/>            <\/div>\r\n<\/section>\n\n\n<h3 class=\"wp-block-heading\" id=\"ha-ciekawe-miejsca-w-gorach-gdzie-urzadzic-wesele\">Ciekawe miejsca w g\u00f3rach \u2013 gdzie urz\u0105dzi\u0107 wesele?<\/h3>\n\n\n\n<p>Ca\u0142a po\u0142udniowa granica Polski to g\u00f3ry. W\u0142a\u015bciwie wsz\u0119dzie mo\u017cna znale\u017a\u0107 pensjonaty i hotele, kt\u00f3re oferuj\u0105 mo\u017cliwo\u015b\u0107 zorganizowania w nich przyj\u0119cia. Pami\u0119tajmy jednak jeszcze o odleg\u0142o\u015bciach. Je\u015bli przesadzimy, to mo\u017ce by\u0107 problem z dojazdem dla cz\u0119\u015bci naszych go\u015bci. Dodatkowo w wysokim sezonie drogi dojazdowe do najbardziej obleganych kurort\u00f3w zwykle s\u0105 zakorkowane. <\/p>\n\n\n\n<p>Optymalnie jest wi\u0119c wybra\u0107 miejsce z dobrym dojazdem i odleg\u0142o\u015bci\u0105 mo\u017cliw\u0105 do pokonania dla ka\u017cdego. Na przyk\u0142ad z Wroc\u0142awia czy Poznania stosunkowo blisko b\u0119dzie w Karkonosze (cho\u0107 oczywi\u015bcie <a href=\"https:\/\/www.koronakarkonoszy.pl\/blog\/wesele-okolice-wroclawia\/\"><strong>wesele Wroc\u0142aw<\/strong><\/a> to te\u017c dobra opcja). G\u00f3ry te oferuj\u0105 szlaki i szczyty do zdobycia dla ka\u017cdego. Dodatkowym atutem jest te\u017c r\u00f3\u017cnorodno\u015b\u0107 atrakcji, pa\u0142ac\u00f3w, zamk\u00f3w i ogrod\u00f3w po\u0142o\u017conych bardzo blisko siebie. Ciekawie i malowniczo jest po\u0142o\u017cona Sosn\u00f3wka, u jej stop rozpo\u015bciera si\u0119 pi\u0119kny zalew, a bezpo\u015brednio nad ni\u0105 ju\u017c g\u00f3ry, z ich najwy\u017cszymi szczytami.<\/p>\n\n\n\n<figure class=\"wp-block-image size-large\"><a href=\"https:\/\/www.koronakarkonoszy.pl\/wesele\/\" target=\"_blank\" rel=\"noreferrer noopener\"><img loading=\"lazy\" decoding=\"async\" width=\"1024\" height=\"512\" src=\"https:\/\/www.koronakarkonoszy.pl\/blog\/wp-content\/uploads\/2022\/06\/piekne_wesela_DKK-2-1024x512.jpg\" alt=\"\" class=\"wp-image-4072\" srcset=\"https:\/\/www.koronakarkonoszy.pl\/blog\/wp-content\/uploads\/2022\/06\/piekne_wesela_DKK-2-1024x512.jpg 1024w, https:\/\/www.koronakarkonoszy.pl\/blog\/wp-content\/uploads\/2022\/06\/piekne_wesela_DKK-2-300x150.jpg 300w, https:\/\/www.koronakarkonoszy.pl\/blog\/wp-content\/uploads\/2022\/06\/piekne_wesela_DKK-2-768x384.jpg 768w, https:\/\/www.koronakarkonoszy.pl\/blog\/wp-content\/uploads\/2022\/06\/piekne_wesela_DKK-2.jpg 1200w\" sizes=\"auto, (max-width: 1024px) 100vw, 1024px\" \/><\/a><\/figure>\n\n\n\n<p>Go\u015bciom weselnym i Pa\u0144stwu M\u0142odym takie otocznie da szans\u0119 na wzbogacenie pobytu o niezapomniane wra\u017cenia estetyczne.<\/p>\n","protected":false},"excerpt":{"rendered":"<p>\u015aluby i wesela w g\u00f3rach od zawsze cieszy\u0142y si\u0119 ogromn\u0105 popularno\u015bci\u0105. O takim weselu jak z bajki marz\u0105 nie tylko romantycy. Przepi\u0119kne krajobrazy i architektura nadaj\u0105 jeszcze bardziej niezwyk\u0142ego charakteru uroczysto\u015bci za\u015blubin. Dlaczego warto zdecydowa\u0107 si\u0119 na&nbsp;wesele w g\u00f3rach z noclegiem, i o czym warto wiedzie\u0107? Czego si\u0119 dowiesz z artyku\u0142u? Planujesz wesele i zastanawiasz [&hellip;]<\/p>\n","protected":false},"author":11,"featured_media":266,"comment_status":"closed","ping_status":"closed","sticky":false,"template":"","format":"standard","meta":{"_acf_changed":false,"footnotes":""},"categories":[2,11,3],"class_list":["post-265","post","type-post","status-publish","format-standard","has-post-thumbnail","hentry","category-porady","category-sala-weselna","category-trendy"],"acf":[],"yoast_head":"<!-- This site is optimized with the Yoast SEO plugin v27.4 - https:\/\/yoast.com\/product\/yoast-seo-wordpress\/ -->\n<title>Wesele z noclegiem w g\u00f3rach \u2013 planowanie krok po kroku<\/title>\n<meta name=\"description\" content=\"Wesele z noclegiem w g\u00f3rach \u0142\u0105czy pi\u0119kne widoki z wygod\u0105 dla go\u015bci. Sprawd\u017a, jak zorganizowa\u0107 takie przyj\u0119cie, aby wszystko przebieg\u0142o dobrze.\" \/>\n<meta name=\"robots\" content=\"index, follow, max-snippet:-1, max-image-preview:large, max-video-preview:-1\" \/>\n<link rel=\"canonical\" href=\"https:\/\/www.koronakarkonoszy.pl\/blog\/de\/hochzeit-in-den-bergen-mit-ubernachtung\/\" \/>\n<meta property=\"og:locale\" content=\"de_DE\" \/>\n<meta property=\"og:type\" content=\"article\" \/>\n<meta property=\"og:title\" content=\"Wesele z noclegiem w g\u00f3rach \u2013 planowanie krok po kroku\" \/>\n<meta property=\"og:description\" content=\"Wesele z noclegiem w g\u00f3rach \u0142\u0105czy pi\u0119kne widoki z wygod\u0105 dla go\u015bci. Sprawd\u017a, jak zorganizowa\u0107 takie przyj\u0119cie, aby wszystko przebieg\u0142o dobrze.\" \/>\n<meta property=\"og:url\" content=\"https:\/\/www.koronakarkonoszy.pl\/blog\/de\/hochzeit-in-den-bergen-mit-ubernachtung\/\" \/>\n<meta property=\"og:site_name\" content=\":: Blog weselny\" \/>\n<meta property=\"article:published_time\" content=\"2024-07-20T15:15:00+00:00\" \/>\n<meta property=\"article:modified_time\" content=\"2025-04-18T07:43:13+00:00\" \/>\n<meta property=\"og:image\" content=\"https:\/\/www.koronakarkonoszy.pl\/blog\/wp-content\/uploads\/2021\/07\/wesele-w-gorach-z-noclegiem.jpg\" \/>\n\t<meta property=\"og:image:width\" content=\"1024\" \/>\n\t<meta property=\"og:image:height\" content=\"683\" \/>\n\t<meta property=\"og:image:type\" content=\"image\/jpeg\" \/>\n<meta name=\"author\" content=\"agnieszka\" \/>\n<meta name=\"twitter:card\" content=\"summary_large_image\" \/>\n<meta name=\"twitter:label1\" content=\"Verfasst von\" \/>\n\t<meta name=\"twitter:data1\" content=\"agnieszka\" \/>\n\t<meta name=\"twitter:label2\" content=\"Gesch\u00e4tzte Lesezeit\" \/>\n\t<meta name=\"twitter:data2\" content=\"24\u00a0Minuten\" \/>\n<script type=\"application\/ld+json\" class=\"yoast-schema-graph\">{\"@context\":\"https:\\\/\\\/schema.org\",\"@graph\":[{\"@type\":\"Article\",\"@id\":\"https:\\\/\\\/www.koronakarkonoszy.pl\\\/blog\\\/wesele-w-gorach-z-noclegiem\\\/#article\",\"isPartOf\":{\"@id\":\"https:\\\/\\\/www.koronakarkonoszy.pl\\\/blog\\\/wesele-w-gorach-z-noclegiem\\\/\"},\"author\":{\"name\":\"agnieszka\",\"@id\":\"https:\\\/\\\/www.koronakarkonoszy.pl\\\/blog\\\/#\\\/schema\\\/person\\\/ec8c88bd01ebe6cbf6a16435ce22276f\"},\"headline\":\"Wesele w g\u00f3rach z noclegiem &#8211; o czym trzeba wiedzie\u0107?\",\"datePublished\":\"2024-07-20T15:15:00+00:00\",\"dateModified\":\"2025-04-18T07:43:13+00:00\",\"mainEntityOfPage\":{\"@id\":\"https:\\\/\\\/www.koronakarkonoszy.pl\\\/blog\\\/wesele-w-gorach-z-noclegiem\\\/\"},\"wordCount\":4436,\"image\":{\"@id\":\"https:\\\/\\\/www.koronakarkonoszy.pl\\\/blog\\\/wesele-w-gorach-z-noclegiem\\\/#primaryimage\"},\"thumbnailUrl\":\"https:\\\/\\\/www.koronakarkonoszy.pl\\\/blog\\\/wp-content\\\/uploads\\\/2021\\\/07\\\/wesele-w-gorach-z-noclegiem.jpg\",\"articleSection\":[\"Porady\",\"Sala weselna\",\"Trendy\"],\"inLanguage\":\"de\"},{\"@type\":\"WebPage\",\"@id\":\"https:\\\/\\\/www.koronakarkonoszy.pl\\\/blog\\\/wesele-w-gorach-z-noclegiem\\\/\",\"url\":\"https:\\\/\\\/www.koronakarkonoszy.pl\\\/blog\\\/wesele-w-gorach-z-noclegiem\\\/\",\"name\":\"Wesele z noclegiem w g\u00f3rach \u2013 planowanie krok po kroku\",\"isPartOf\":{\"@id\":\"https:\\\/\\\/www.koronakarkonoszy.pl\\\/blog\\\/#website\"},\"primaryImageOfPage\":{\"@id\":\"https:\\\/\\\/www.koronakarkonoszy.pl\\\/blog\\\/wesele-w-gorach-z-noclegiem\\\/#primaryimage\"},\"image\":{\"@id\":\"https:\\\/\\\/www.koronakarkonoszy.pl\\\/blog\\\/wesele-w-gorach-z-noclegiem\\\/#primaryimage\"},\"thumbnailUrl\":\"https:\\\/\\\/www.koronakarkonoszy.pl\\\/blog\\\/wp-content\\\/uploads\\\/2021\\\/07\\\/wesele-w-gorach-z-noclegiem.jpg\",\"datePublished\":\"2024-07-20T15:15:00+00:00\",\"dateModified\":\"2025-04-18T07:43:13+00:00\",\"author\":{\"@id\":\"https:\\\/\\\/www.koronakarkonoszy.pl\\\/blog\\\/#\\\/schema\\\/person\\\/ec8c88bd01ebe6cbf6a16435ce22276f\"},\"description\":\"Wesele z noclegiem w g\u00f3rach \u0142\u0105czy pi\u0119kne widoki z wygod\u0105 dla go\u015bci. Sprawd\u017a, jak zorganizowa\u0107 takie przyj\u0119cie, aby wszystko przebieg\u0142o dobrze.\",\"breadcrumb\":{\"@id\":\"https:\\\/\\\/www.koronakarkonoszy.pl\\\/blog\\\/wesele-w-gorach-z-noclegiem\\\/#breadcrumb\"},\"inLanguage\":\"de\",\"potentialAction\":[{\"@type\":\"ReadAction\",\"target\":[\"https:\\\/\\\/www.koronakarkonoszy.pl\\\/blog\\\/wesele-w-gorach-z-noclegiem\\\/\"]}]},{\"@type\":\"ImageObject\",\"inLanguage\":\"de\",\"@id\":\"https:\\\/\\\/www.koronakarkonoszy.pl\\\/blog\\\/wesele-w-gorach-z-noclegiem\\\/#primaryimage\",\"url\":\"https:\\\/\\\/www.koronakarkonoszy.pl\\\/blog\\\/wp-content\\\/uploads\\\/2021\\\/07\\\/wesele-w-gorach-z-noclegiem.jpg\",\"contentUrl\":\"https:\\\/\\\/www.koronakarkonoszy.pl\\\/blog\\\/wp-content\\\/uploads\\\/2021\\\/07\\\/wesele-w-gorach-z-noclegiem.jpg\",\"width\":1024,\"height\":683},{\"@type\":\"BreadcrumbList\",\"@id\":\"https:\\\/\\\/www.koronakarkonoszy.pl\\\/blog\\\/wesele-w-gorach-z-noclegiem\\\/#breadcrumb\",\"itemListElement\":[{\"@type\":\"ListItem\",\"position\":1,\"name\":\"Strona g\u0142\u00f3wna\",\"item\":\"https:\\\/\\\/www.koronakarkonoszy.pl\\\/blog\\\/\"},{\"@type\":\"ListItem\",\"position\":2,\"name\":\"Wesele w g\u00f3rach z noclegiem &#8211; o czym trzeba wiedzie\u0107?\"}]},{\"@type\":\"WebSite\",\"@id\":\"https:\\\/\\\/www.koronakarkonoszy.pl\\\/blog\\\/#website\",\"url\":\"https:\\\/\\\/www.koronakarkonoszy.pl\\\/blog\\\/\",\"name\":\":: Blog weselny\",\"description\":\"Blog weselny Dw\u00f3r Korona Karkonoszy\",\"potentialAction\":[{\"@type\":\"SearchAction\",\"target\":{\"@type\":\"EntryPoint\",\"urlTemplate\":\"https:\\\/\\\/www.koronakarkonoszy.pl\\\/blog\\\/?s={search_term_string}\"},\"query-input\":{\"@type\":\"PropertyValueSpecification\",\"valueRequired\":true,\"valueName\":\"search_term_string\"}}],\"inLanguage\":\"de\"},{\"@type\":\"Person\",\"@id\":\"https:\\\/\\\/www.koronakarkonoszy.pl\\\/blog\\\/#\\\/schema\\\/person\\\/ec8c88bd01ebe6cbf6a16435ce22276f\",\"name\":\"agnieszka\",\"image\":{\"@type\":\"ImageObject\",\"inLanguage\":\"de\",\"@id\":\"https:\\\/\\\/www.koronakarkonoszy.pl\\\/blog\\\/wp-content\\\/litespeed\\\/avatar\\\/53ee7b676463f74d0aea1a09de3d003b.jpg?ver=1776833699\",\"url\":\"https:\\\/\\\/www.koronakarkonoszy.pl\\\/blog\\\/wp-content\\\/litespeed\\\/avatar\\\/53ee7b676463f74d0aea1a09de3d003b.jpg?ver=1776833699\",\"contentUrl\":\"https:\\\/\\\/www.koronakarkonoszy.pl\\\/blog\\\/wp-content\\\/litespeed\\\/avatar\\\/53ee7b676463f74d0aea1a09de3d003b.jpg?ver=1776833699\",\"caption\":\"agnieszka\"},\"url\":\"https:\\\/\\\/www.koronakarkonoszy.pl\\\/blog\\\/de\\\/author\\\/agnieszka\\\/\"}]}<\/script>\n<!-- \/ Yoast SEO plugin. -->","yoast_head_json":{"title":"Hochzeit \u00fcber Nacht in den Bergen - Schritt-f\u00fcr-Schritt-Planung","description":"Eine Hochzeit mit \u00dcbernachtung in den Bergen verbindet sch\u00f6ne Aussichten mit Komfort f\u00fcr die G\u00e4ste. Erfahren Sie, wie Sie ein solches Fest organisieren, damit alles gut l\u00e4uft.","robots":{"index":"index","follow":"follow","max-snippet":"max-snippet:-1","max-image-preview":"max-image-preview:large","max-video-preview":"max-video-preview:-1"},"canonical":"https:\/\/www.koronakarkonoszy.pl\/blog\/de\/hochzeit-in-den-bergen-mit-ubernachtung\/","og_locale":"de_DE","og_type":"article","og_title":"Wesele z noclegiem w g\u00f3rach \u2013 planowanie krok po kroku","og_description":"Wesele z noclegiem w g\u00f3rach \u0142\u0105czy pi\u0119kne widoki z wygod\u0105 dla go\u015bci. Sprawd\u017a, jak zorganizowa\u0107 takie przyj\u0119cie, aby wszystko przebieg\u0142o dobrze.","og_url":"https:\/\/www.koronakarkonoszy.pl\/blog\/de\/hochzeit-in-den-bergen-mit-ubernachtung\/","og_site_name":":: Blog weselny","article_published_time":"2024-07-20T15:15:00+00:00","article_modified_time":"2025-04-18T07:43:13+00:00","og_image":[{"width":1024,"height":683,"url":"https:\/\/www.koronakarkonoszy.pl\/blog\/wp-content\/uploads\/2021\/07\/wesele-w-gorach-z-noclegiem.jpg","type":"image\/jpeg"}],"author":"agnieszka","twitter_card":"summary_large_image","twitter_misc":{"Verfasst von":"agnieszka","Gesch\u00e4tzte Lesezeit":"24\u00a0Minuten"},"schema":{"@context":"https:\/\/schema.org","@graph":[{"@type":"Article","@id":"https:\/\/www.koronakarkonoszy.pl\/blog\/wesele-w-gorach-z-noclegiem\/#article","isPartOf":{"@id":"https:\/\/www.koronakarkonoszy.pl\/blog\/wesele-w-gorach-z-noclegiem\/"},"author":{"name":"agnieszka","@id":"https:\/\/www.koronakarkonoszy.pl\/blog\/#\/schema\/person\/ec8c88bd01ebe6cbf6a16435ce22276f"},"headline":"Wesele w g\u00f3rach z noclegiem &#8211; o czym trzeba wiedzie\u0107?","datePublished":"2024-07-20T15:15:00+00:00","dateModified":"2025-04-18T07:43:13+00:00","mainEntityOfPage":{"@id":"https:\/\/www.koronakarkonoszy.pl\/blog\/wesele-w-gorach-z-noclegiem\/"},"wordCount":4436,"image":{"@id":"https:\/\/www.koronakarkonoszy.pl\/blog\/wesele-w-gorach-z-noclegiem\/#primaryimage"},"thumbnailUrl":"https:\/\/www.koronakarkonoszy.pl\/blog\/wp-content\/uploads\/2021\/07\/wesele-w-gorach-z-noclegiem.jpg","articleSection":["Porady","Sala weselna","Trendy"],"inLanguage":"de"},{"@type":"WebPage","@id":"https:\/\/www.koronakarkonoszy.pl\/blog\/wesele-w-gorach-z-noclegiem\/","url":"https:\/\/www.koronakarkonoszy.pl\/blog\/wesele-w-gorach-z-noclegiem\/","name":"Hochzeit \u00fcber Nacht in den Bergen - Schritt-f\u00fcr-Schritt-Planung","isPartOf":{"@id":"https:\/\/www.koronakarkonoszy.pl\/blog\/#website"},"primaryImageOfPage":{"@id":"https:\/\/www.koronakarkonoszy.pl\/blog\/wesele-w-gorach-z-noclegiem\/#primaryimage"},"image":{"@id":"https:\/\/www.koronakarkonoszy.pl\/blog\/wesele-w-gorach-z-noclegiem\/#primaryimage"},"thumbnailUrl":"https:\/\/www.koronakarkonoszy.pl\/blog\/wp-content\/uploads\/2021\/07\/wesele-w-gorach-z-noclegiem.jpg","datePublished":"2024-07-20T15:15:00+00:00","dateModified":"2025-04-18T07:43:13+00:00","author":{"@id":"https:\/\/www.koronakarkonoszy.pl\/blog\/#\/schema\/person\/ec8c88bd01ebe6cbf6a16435ce22276f"},"description":"Eine Hochzeit mit \u00dcbernachtung in den Bergen verbindet sch\u00f6ne Aussichten mit Komfort f\u00fcr die G\u00e4ste. Erfahren Sie, wie Sie ein solches Fest organisieren, damit alles gut l\u00e4uft.","breadcrumb":{"@id":"https:\/\/www.koronakarkonoszy.pl\/blog\/wesele-w-gorach-z-noclegiem\/#breadcrumb"},"inLanguage":"de","potentialAction":[{"@type":"ReadAction","target":["https:\/\/www.koronakarkonoszy.pl\/blog\/wesele-w-gorach-z-noclegiem\/"]}]},{"@type":"ImageObject","inLanguage":"de","@id":"https:\/\/www.koronakarkonoszy.pl\/blog\/wesele-w-gorach-z-noclegiem\/#primaryimage","url":"https:\/\/www.koronakarkonoszy.pl\/blog\/wp-content\/uploads\/2021\/07\/wesele-w-gorach-z-noclegiem.jpg","contentUrl":"https:\/\/www.koronakarkonoszy.pl\/blog\/wp-content\/uploads\/2021\/07\/wesele-w-gorach-z-noclegiem.jpg","width":1024,"height":683},{"@type":"BreadcrumbList","@id":"https:\/\/www.koronakarkonoszy.pl\/blog\/wesele-w-gorach-z-noclegiem\/#breadcrumb","itemListElement":[{"@type":"ListItem","position":1,"name":"Strona g\u0142\u00f3wna","item":"https:\/\/www.koronakarkonoszy.pl\/blog\/"},{"@type":"ListItem","position":2,"name":"Wesele w g\u00f3rach z noclegiem &#8211; o czym trzeba wiedzie\u0107?"}]},{"@type":"WebSite","@id":"https:\/\/www.koronakarkonoszy.pl\/blog\/#website","url":"https:\/\/www.koronakarkonoszy.pl\/blog\/","name":":: Hochzeitsblog","description":"Hochzeitsblog Dw\u00f3r Korona Karkonosze","potentialAction":[{"@type":"SearchAction","target":{"@type":"EntryPoint","urlTemplate":"https:\/\/www.koronakarkonoszy.pl\/blog\/?s={search_term_string}"},"query-input":{"@type":"PropertyValueSpecification","valueRequired":true,"valueName":"search_term_string"}}],"inLanguage":"de"},{"@type":"Person","@id":"https:\/\/www.koronakarkonoszy.pl\/blog\/#\/schema\/person\/ec8c88bd01ebe6cbf6a16435ce22276f","name":"Agnes","image":{"@type":"ImageObject","inLanguage":"de","@id":"https:\/\/www.koronakarkonoszy.pl\/blog\/wp-content\/litespeed\/avatar\/53ee7b676463f74d0aea1a09de3d003b.jpg?ver=1776833699","url":"https:\/\/www.koronakarkonoszy.pl\/blog\/wp-content\/litespeed\/avatar\/53ee7b676463f74d0aea1a09de3d003b.jpg?ver=1776833699","contentUrl":"https:\/\/www.koronakarkonoszy.pl\/blog\/wp-content\/litespeed\/avatar\/53ee7b676463f74d0aea1a09de3d003b.jpg?ver=1776833699","caption":"agnieszka"},"url":"https:\/\/www.koronakarkonoszy.pl\/blog\/de\/author\/agnieszka\/"}]}},"_links":{"self":[{"href":"https:\/\/www.koronakarkonoszy.pl\/blog\/de\/wp-json\/wp\/v2\/posts\/265","targetHints":{"allow":["GET"]}}],"collection":[{"href":"https:\/\/www.koronakarkonoszy.pl\/blog\/de\/wp-json\/wp\/v2\/posts"}],"about":[{"href":"https:\/\/www.koronakarkonoszy.pl\/blog\/de\/wp-json\/wp\/v2\/types\/post"}],"author":[{"embeddable":true,"href":"https:\/\/www.koronakarkonoszy.pl\/blog\/de\/wp-json\/wp\/v2\/users\/11"}],"replies":[{"embeddable":true,"href":"https:\/\/www.koronakarkonoszy.pl\/blog\/de\/wp-json\/wp\/v2\/comments?post=265"}],"version-history":[{"count":6,"href":"https:\/\/www.koronakarkonoszy.pl\/blog\/de\/wp-json\/wp\/v2\/posts\/265\/revisions"}],"predecessor-version":[{"id":11736,"href":"https:\/\/www.koronakarkonoszy.pl\/blog\/de\/wp-json\/wp\/v2\/posts\/265\/revisions\/11736"}],"wp:featuredmedia":[{"embeddable":true,"href":"https:\/\/www.koronakarkonoszy.pl\/blog\/de\/wp-json\/wp\/v2\/media\/266"}],"wp:attachment":[{"href":"https:\/\/www.koronakarkonoszy.pl\/blog\/de\/wp-json\/wp\/v2\/media?parent=265"}],"wp:term":[{"taxonomy":"category","embeddable":true,"href":"https:\/\/www.koronakarkonoszy.pl\/blog\/de\/wp-json\/wp\/v2\/categories?post=265"}],"curies":[{"name":"wp","href":"https:\/\/api.w.org\/{rel}","templated":true}]}}