{"id":1260,"date":"2021-08-19T12:45:00","date_gmt":"2021-08-19T10:45:00","guid":{"rendered":"https:\/\/www.koronakarkonoszy.pl\/blog\/?p=1260"},"modified":"2023-02-01T17:30:02","modified_gmt":"2023-02-01T16:30:02","slug":"pastell-hochzeit","status":"publish","type":"post","link":"https:\/\/www.koronakarkonoszy.pl\/blog\/de\/pastelowe-wesele\/","title":{"rendered":"Wie arrangiere ich eine romantische, pastellfarbene Hochzeit?"},"content":{"rendered":"\n<p><strong>Wesele tematyczne to magiczna, niesamowita impreza. Wystr\u00f3j zgodny z zasadami konkretnego stylu b\u0119dzie sp\u00f3jny i estetyczny. Idealnym stylem na wiosenne&nbsp;lub letnie przyj\u0119cie s\u0105 pastele, kt\u00f3re wyra\u017caj\u0105 lekko\u015b\u0107 i delikatno\u015b\u0107. Pozwalaj\u0105 stworzy\u0107 niezwykle romantyczn\u0105, subteln\u0105 aran\u017cacj\u0119. Jak zorganizowa\u0107 pastelowe wesele? Podpowiadamy!<\/strong>&nbsp;<\/p>\n\n\n<div id=\"ariadna-block_b56445099f25163d4c6da420a1349bb6\" class=\"ariadna\">\r\n    <ul><li><a href=\"#h-styl-wesela-co-to-jest-i-jak-go-okre-li\">Styl wesela \u2013 co to jest i jak go okre\u015bli\u0107?&nbsp;<\/a><\/li><li><a href=\"#h-pastelowe-wesele-czy-jednak-co-innego\">Pastelowe wesele czy jednak co\u015b innego?&nbsp;<\/a><\/li><li><a href=\"#h-kolory-wesela\">Kolory wesela<\/a><\/li><li><a href=\"#h-idealne-dekoracje-na-pastelowe-wesele\">Idealne dekoracje na pastelowe&nbsp;wesele&nbsp;<\/a><\/li><li><a href=\"#ha-szukasz-oryginalnego-miejsca-na-swoje-wesele\">Szukasz oryginalnego miejsca na swoje wesele?<\/a><\/li><li><a href=\"#h-pastelowe-wesele-dodatki\">Pastelowe wesele \u2013 dodatki&nbsp;<\/a><\/li><li><a href=\"#h-kreacje-dla-pary-mlodej-i-swiadkow\">Kreacje dla Pary M\u0142odej i \u015bwiadk\u00f3w<\/a><\/li><\/ul>\r\n<\/div>\r\n\r\n\r\n\r\n\n\n\n<h2 class=\"wp-block-heading\" id=\"h-styl-wesela-co-to-jest-i-jak-go-okre-li\">Styl wesela \u2013 co to jest i jak go okre\u015bli\u0107?&nbsp;<\/h2>\n\n\n\n<p>Wesele to nie jest zwyczajne&nbsp;przyj\u0119cie. To nie co\u015b, co prze\u017cywa si\u0119 na co dzie\u0144. Jest to wyj\u0105tkowe, bardzo podnios\u0142e wydarzenie, do kt\u00f3rego przyszli nowo\u017ce\u0144cy przygotowuj\u0105 si\u0119 przez wiele tygodni, a nawet miesi\u0119cy. Nic wi\u0119c dziwnego, \u017ce Para M\u0142oda dok\u0142ada wszelkich stara\u0144 do tego, aby dzie\u0144 \u015blubu by\u0142 idealny w ka\u017cdym calu.&nbsp;<\/p>\n\n\n\n<p>Dobrym pomys\u0142em jest urz\u0105dzenie przyj\u0119cia wed\u0142ug zasad konkretnego stylu. Styl spaja wystr\u00f3j i nadaje imprezie wyj\u0105tkowego charakteru. Pozwala zaaran\u017cowa\u0107 wesele idealnie wpisuj\u0105ce si\u0119 w gusta, preferencje i marzenia nowo\u017ce\u0144c\u00f3w.&nbsp;<\/p>\n\n\n\n<h2 class=\"wp-block-heading\" id=\"h-pastelowe-wesele-czy-jednak-co-innego\">Pastelowe wesele czy jednak co\u015b innego?&nbsp;<\/h2>\n\n\n\n<p>Wiele Par M\u0142odych decyduje si\u0119 na wyb\u00f3r jednego, g\u0142\u00f3wnego stylu przyj\u0119cia.&nbsp;<a href=\"https:\/\/www.koronakarkonoszy.pl\/blog\/motywy-przewodnie-wesela\/\" target=\"_blank\" rel=\"noreferrer noopener\">Motywy przewodnie wesela<\/a>&nbsp;mog\u0105 stanowi\u0107 t\u0142o dla prawdziwie wyj\u0105tkowej zabawy. Du\u017c\u0105 popularno\u015bci\u0105 cieszy si\u0119 na przyk\u0142ad lekki styl rustykalny, w kt\u00f3rym rz\u0105dzi natura i drewno w r\u00f3\u017cnych formach, a wystr\u00f3j uzupe\u0142niaj\u0105 jutowe i wiklinowe dodatki. Mi\u0142o\u015bnicy luksusu stawiaj\u0105 na&nbsp;<a href=\"https:\/\/www.koronakarkonoszy.pl\/blog\/wesele-i-slub-w-stylu-glamour\/\" target=\"_blank\" rel=\"noreferrer noopener\">wesele i \u015blub w stylu&nbsp;glamour<\/a>. Wystr\u00f3j&nbsp;glamour&nbsp;to pikowane meble, wszechobecny blask i mn\u00f3stwo kryszta\u0142owych ozd\u00f3b.&nbsp;<\/p>\n\n\n<section id=\"leonardo-block_a40aed32b22dfe8fac17a09096babc20\" class=\"leonardo page-breaker leonardo-image-left\">\r\n    <div class=\"leonardo-body\">\r\n        <h2 class=\"leonardo-title\" id=\"h-kolory-wesela\">Kolory wesela <\/h2>        <div class=\"leonardo-content\"><p><span class=\"TextRun SCXW171544482 BCX0\" lang=\"PL-PL\" xml:lang=\"PL-PL\" data-contrast=\"auto\"><span class=\"NormalTextRun SCXW171544482 BCX0\" data-ccp-parastyle=\"Standard\" data-ccp-parastyle-defn=\"{&quot;ObjectId&quot;:&quot;1a75b0b2-b112-4d36-bfc7-a2b840fa986f|5&quot;,&quot;ClassId&quot;:1073872969,&quot;Properties&quot;:[134233614,&quot;true&quot;,201340122,&quot;2&quot;,469775450,&quot;Standard&quot;,469778129,&quot;Standard&quot;,469778325,&quot;[\\&quot;Heading\\&quot;,\\&quot;Text body\\&quot;,\\&quot;caption\\&quot;,\\&quot;Index\\&quot;]&quot;]}\">Alternatyw\u0105 dla tradycyjnych motyw\u00f3w weselnych s\u0105 style inspirowane kolorami \u2013 w t<\/span><span class=\"NormalTextRun SCXW171544482 BCX0\" data-ccp-parastyle=\"Standard\">ym pastelowe wesele. Na czym to polega? Nie trzeba ogranicza\u0107 si\u0119 do konkretnych ozd\u00f3b weselnych. Mo\u017cna je ze sob\u0105 \u0142\u0105czy\u0107 i miesza\u0107 w dowolny spos\u00f3b. Jedyna obowi\u0105zuj\u0105ca zasada to kolorystyczne dopasowanie dekoracji. Te w delikatniejszych kolorach idealnie<\/span><span class=\"NormalTextRun SCXW171544482 BCX0\" data-ccp-parastyle=\"Standard\">\u00a0wpisuj\u0105 si\u0119 np. w\u00a0<\/span><\/span><a class=\"Hyperlink SCXW171544482 BCX0\" href=\"https:\/\/www.koronakarkonoszy.pl\/blog\/urocze-i-sielskie-wesele-folkowe\/\" target=\"_blank\" rel=\"noreferrer noopener\"><span class=\"TextRun Underlined SCXW171544482 BCX0\" lang=\"PL-PL\" xml:lang=\"PL-PL\" data-contrast=\"none\"><span class=\"NormalTextRun SCXW171544482 BCX0\" data-ccp-charstyle=\"Hyperlink\">urocze i sielskie wesele folkowe<\/span><\/span><\/a><span class=\"TextRun SCXW171544482 BCX0\" lang=\"PL-PL\" xml:lang=\"PL-PL\" data-contrast=\"auto\"><span class=\"NormalTextRun SCXW171544482 BCX0\" data-ccp-parastyle=\"Standard\">. W towarzystwie polnych kwiat\u00f3w i w harmonii z natur\u0105 nie ma miejsca na krzykliwo\u015b\u0107.<\/span><\/span><span class=\"EOP SCXW171544482 BCX0\" data-ccp-props=\"{&quot;335551550&quot;:6,&quot;335551620&quot;:6}\">\u00a0<\/span><\/p>\n<\/div>\r\n                    <aside class=\"leonardo-interlink\">\r\n                <b>Polecamy<\/b>\r\n                <a href=\"https:\/\/www.koronakarkonoszy.pl\/blog\/de\/ile-kosztuje-wesele-jak-z-bajki\/\">Ile kosztuje wesele jak z bajki?<\/a>\r\n            <\/aside>\r\n            <\/div>\r\n    <div class=\"leonardo-image\">\r\n        <img loading=\"lazy\" decoding=\"async\" width=\"1280\" height=\"847\" src=\"https:\/\/www.koronakarkonoszy.pl\/blog\/wp-content\/uploads\/2021\/08\/pastelowe-wesele2.jpg\" class=\"attachment-full size-full\" alt=\"\" srcset=\"https:\/\/www.koronakarkonoszy.pl\/blog\/wp-content\/uploads\/2021\/08\/pastelowe-wesele2.jpg 1280w, https:\/\/www.koronakarkonoszy.pl\/blog\/wp-content\/uploads\/2021\/08\/pastelowe-wesele2-300x199.jpg 300w, https:\/\/www.koronakarkonoszy.pl\/blog\/wp-content\/uploads\/2021\/08\/pastelowe-wesele2-1024x678.jpg 1024w, https:\/\/www.koronakarkonoszy.pl\/blog\/wp-content\/uploads\/2021\/08\/pastelowe-wesele2-768x508.jpg 768w\" sizes=\"auto, (max-width: 1280px) 100vw, 1280px\" \/>            <\/div>\r\n<\/section>\n\n\n<h2 class=\"wp-block-heading\" id=\"h-idealne-dekoracje-na-pastelowe-wesele\">Idealne dekoracje na pastelowe&nbsp;wesele&nbsp;<\/h2>\n\n\n\n<p>Na pastelowym weselu rz\u0105dz\u0105&#8230; pastele. Jasny \u017c\u00f3\u0142ty, be\u017c, delikatna ziele\u0144, b\u0142\u0119kit, brzoskwinia, lilia, subtelne szaro\u015bci, czy te\u017c mi\u0119ta \u2013 pastelowe odcienie s\u0105 lekkie, niezwykle romantyczne i wprost idealne do weselnej aran\u017cacji. Mo\u017cna ograniczy\u0107&nbsp;si\u0119 do jednego koloru lub po\u0142\u0105czy\u0107 dwa \u2013 co wydaje si\u0119 lepszym rozwi\u0105zaniem. \u015awietnym pomys\u0142em jest zestawienie pudrowego r\u00f3\u017cu i szaro\u015bci, r\u00f3\u017cu i zieleni, czy te\u017c brzoskwini z pomara\u0144cz\u0105. Pastele doskonale komponuj\u0105 si\u0119 z jasnym drewnem lub z drewnem pomalowanym na bia\u0142o. Ciekawym rozwi\u0105zaniem jest&nbsp; prze\u0142amanie pastelowego wystroju z\u0142otymi lub srebrnymi elementami.&nbsp;<\/p>\n\n\n\n<p>Jakie dekoracje na pastelowe wesele sprawdz\u0105 si\u0119 najlepiej? Pastelowe obrusy, serwetki, pokrowce na krzes\u0142a z kokardami w mocniejszym odcieniu, wst\u0105\u017cki, ozdobne girlandy, papierowe pompony, eleganckie \u015bwiece i wszystko inne, co przyjdzie do g\u0142owy przysz\u0142ym nowo\u017ce\u0144com. Dekoracje mo\u017cna ze sob\u0105 \u0142\u0105czy\u0107 na wiele r\u00f3\u017cnych sposob\u00f3w, tworz\u0105c aran\u017cacje jedyne w swoim rodzaju. Je\u015bli nie mamy zmys\u0142u dekoratorskiego, mo\u017cemy poprosi\u0107 o pomoc do\u015bwiadczony zesp\u00f3\u0142 \u2013 np. firm\u0119 specjalizuj\u0105c\u0105 si\u0119 w tworzeniu weselnych aran\u017cacji.&nbsp;<a href=\"https:\/\/www.koronakarkonoszy.pl\/sala-weselna\/\" target=\"_blank\" rel=\"noreferrer noopener\">Sala weselna<\/a>&nbsp;czy&nbsp;<a href=\"https:\/\/www.koronakarkonoszy.pl\/sala-balowa\/\" target=\"_blank\" rel=\"noreferrer noopener\">sala balowa<\/a>&nbsp;mo\u017ce si\u0119 diametralnie zmieni\u0107 dzi\u0119ki odpowiednim dodatkom.&nbsp;&nbsp;<\/p>\n\n\n<section id=\"ctaninja-block_1fb76bb552bacec44261dec0f3cec5ce\" class=\"ctaninja\">\r\n    <div class=\"ctaninja-body\">\r\n        <h2 class=\"h1\" id=\"ha-szukasz-oryginalnego-miejsca-na-swoje-wesele\">Szukasz oryginalnego miejsca na swoje wesele?<\/h2>\r\n        <p>Nie musisz wi\u0119cej szuka\u0107! Sprawd\u017a, co oferujemy.<\/p>\r\n        <div class=\"nf-container\">\r\n            <noscript class=\"ninja-forms-noscript-message\">\n\tHinweis: F\u00fcr diesen Inhalt ist JavaScript erforderlich.<\/noscript>\n<div id=\"nf-form-1-cont\" class=\"nf-form-cont\" aria-live=\"polite\" aria-labelledby=\"nf-form-title-1\" aria-describedby=\"nf-form-errors-1\" role=\"form\">\n\n    <div class=\"nf-loading-spinner\"><\/div>\n\n<\/div>\n        <!-- That data is being printed as a workaround to page builders reordering the order of the scripts loaded-->\n        <script>var formDisplay=1;var nfForms=nfForms||[];var form=[];form.id='1';form.settings={\"objectType\":\"Form Setting\",\"editActive\":\"\",\"title\":\"Contact Me\",\"key\":\"\",\"created_at\":\"2021-05-31 16:57:05\",\"default_label_pos\":\"above\",\"conditions\":[],\"show_title\":\"1\",\"clear_complete\":\"1\",\"hide_complete\":\"1\",\"wrapper_class\":\"\",\"element_class\":\"\",\"add_submit\":\"1\",\"logged_in\":\"\",\"not_logged_in_msg\":\"\",\"sub_limit_number\":\"\",\"sub_limit_msg\":\"\",\"calculations\":[],\"formContentData\":[{\"order\":1,\"cells\":[{\"order\":0,\"fields\":[\"email\"],\"width\":50},{\"order\":1,\"fields\":[\"wyslij_1640001513358\"],\"width\":50}]}],\"container_styles_background-color\":\"\",\"container_styles_border\":\"\",\"container_styles_border-style\":\"\",\"container_styles_border-color\":\"\",\"container_styles_color\":\"\",\"container_styles_height\":\"\",\"container_styles_width\":\"\",\"container_styles_font-size\":\"\",\"container_styles_margin\":\"\",\"container_styles_padding\":\"\",\"container_styles_display\":\"\",\"container_styles_float\":\"\",\"container_styles_show_advanced_css\":\"0\",\"container_styles_advanced\":\"\",\"title_styles_background-color\":\"\",\"title_styles_border\":\"\",\"title_styles_border-style\":\"\",\"title_styles_border-color\":\"\",\"title_styles_color\":\"\",\"title_styles_height\":\"\",\"title_styles_width\":\"\",\"title_styles_font-size\":\"\",\"title_styles_margin\":\"\",\"title_styles_padding\":\"\",\"title_styles_display\":\"\",\"title_styles_float\":\"\",\"title_styles_show_advanced_css\":\"0\",\"title_styles_advanced\":\"\",\"row_styles_background-color\":\"\",\"row_styles_border\":\"\",\"row_styles_border-style\":\"\",\"row_styles_border-color\":\"\",\"row_styles_color\":\"\",\"row_styles_height\":\"\",\"row_styles_width\":\"\",\"row_styles_font-size\":\"\",\"row_styles_margin\":\"\",\"row_styles_padding\":\"\",\"row_styles_display\":\"\",\"row_styles_show_advanced_css\":\"0\",\"row_styles_advanced\":\"\",\"row-odd_styles_background-color\":\"\",\"row-odd_styles_border\":\"\",\"row-odd_styles_border-style\":\"\",\"row-odd_styles_border-color\":\"\",\"row-odd_styles_color\":\"\",\"row-odd_styles_height\":\"\",\"row-odd_styles_width\":\"\",\"row-odd_styles_font-size\":\"\",\"row-odd_styles_margin\":\"\",\"row-odd_styles_padding\":\"\",\"row-odd_styles_display\":\"\",\"row-odd_styles_show_advanced_css\":\"0\",\"row-odd_styles_advanced\":\"\",\"success-msg_styles_background-color\":\"\",\"success-msg_styles_border\":\"\",\"success-msg_styles_border-style\":\"\",\"success-msg_styles_border-color\":\"\",\"success-msg_styles_color\":\"\",\"success-msg_styles_height\":\"\",\"success-msg_styles_width\":\"\",\"success-msg_styles_font-size\":\"\",\"success-msg_styles_margin\":\"\",\"success-msg_styles_padding\":\"\",\"success-msg_styles_display\":\"\",\"success-msg_styles_show_advanced_css\":\"0\",\"success-msg_styles_advanced\":\"\",\"error_msg_styles_background-color\":\"\",\"error_msg_styles_border\":\"\",\"error_msg_styles_border-style\":\"\",\"error_msg_styles_border-color\":\"\",\"error_msg_styles_color\":\"\",\"error_msg_styles_height\":\"\",\"error_msg_styles_width\":\"\",\"error_msg_styles_font-size\":\"\",\"error_msg_styles_margin\":\"\",\"error_msg_styles_padding\":\"\",\"error_msg_styles_display\":\"\",\"error_msg_styles_show_advanced_css\":\"0\",\"error_msg_styles_advanced\":\"\",\"allow_public_link\":0,\"embed_form\":\"\",\"currency\":\"\",\"repeatable_fieldsets\":\"\",\"unique_field_error\":\"Formularz z t\\u0105 warto\\u015bci\\u0105 zosta\\u0142 ju\\u017c przes\\u0142any.\",\"ninjaForms\":\"Ninja Forms\",\"changeEmailErrorMsg\":\"Bitte gib eine g\\u00fcltige E-Mail-Adresse ein.\",\"changeDateErrorMsg\":\"Bitte gib ein g\\u00fcltiges Datum ein!\",\"confirmFieldErrorMsg\":\"Diese Felder m\\u00fcssen \\u00fcbereinstimmen!\",\"fieldNumberNumMinError\":\"Die eingegebene Zahl ist zu klein.\",\"fieldNumberNumMaxError\":\"Die eingegebene Zahl ist zu gross.\",\"fieldNumberIncrementBy\":\"Bitte erh\\u00f6hen in Schritten von\",\"fieldTextareaRTEInsertLink\":\"Link einf\\u00fcgen\",\"fieldTextareaRTEInsertMedia\":\"Medien einf\\u00fcgen\",\"fieldTextareaRTESelectAFile\":\"Eine Datei ausw\\u00e4hlen\",\"formErrorsCorrectErrors\":\"Bitte korrigiere die Fehler, bevor du das Formular sendest.\",\"formHoneypot\":\"Falls du ein Mensch bist und dieses Feld siehst, dann lasse es bitte leer.\",\"validateRequiredField\":\"Dies ist ein Pflichtfeld.\",\"honeypotHoneypotError\":\"Honeypot-Fehler\",\"fileUploadOldCodeFileUploadInProgress\":\"Datei-Upload l\\u00e4uft.\",\"fileUploadOldCodeFileUpload\":\"DATEI-UPLOAD\",\"currencySymbol\":\"&#36;\",\"fieldsMarkedRequired\":\"Felder mit einem <span class=\\\"ninja-forms-req-symbol\\\">*<\\\/span> sind Pflichtfelder\",\"thousands_sep\":\".\",\"decimal_point\":\",\",\"siteLocale\":\"de_DE\",\"dateFormat\":\"m\\\/d\\\/Y\",\"startOfWeek\":\"1\",\"of\":\"von\",\"previousMonth\":\"Vorheriger Monat\",\"nextMonth\":\"N\\u00e4chster Monat\",\"months\":[\"Januar\",\"Februar\",\"M\\u00e4rz\",\"April\",\"Mai\",\"Juni\",\"Juli\",\"August\",\"September\",\"Oktober\",\"November\",\"Dezember\"],\"monthsShort\":[\"Jan.\",\"Feb.\",\"M\\u00e4rz\",\"Apr.\",\"Mai\",\"Juni\",\"Juli\",\"Aug\",\"Sep.\",\"Okt.\",\"Nov.\",\"Dez.\"],\"weekdays\":[\"Sonntag\",\"Montag\",\"Dienstag\",\"Mittwoch\",\"Donnerstag\",\"Freitag\",\"Samstag\"],\"weekdaysShort\":[\"So.\",\"Mo.\",\"Di.\",\"Mi.\",\"Do.\",\"Fr.\",\"Sa.\"],\"weekdaysMin\":[\"So.\",\"Mo.\",\"Di.\",\"Mi.\",\"Do.\",\"Fr.\",\"Sa.\"],\"recaptchaConsentMissing\":\"reCaptcha validation couldn&#039;t load.\",\"recaptchaMissingCookie\":\"reCaptcha v3 validation couldn&#039;t load the cookie needed to submit the form.\",\"recaptchaConsentEvent\":\"Accept reCaptcha cookies before sending the form.\",\"currency_symbol\":\"\",\"beforeForm\":\"\",\"beforeFields\":\"\",\"afterFields\":\"\",\"afterForm\":\"\"};form.fields=[{\"objectType\":\"Field\",\"objectDomain\":\"fields\",\"editActive\":false,\"order\":1,\"idAttribute\":\"id\",\"label\":\"Email\",\"key\":\"email\",\"type\":\"email\",\"created_at\":\"2021-05-31 16:57:06\",\"label_pos\":\"above\",\"required\":1,\"placeholder\":\"Podaj maila, skontaktujemy si\\u0119 z Tob\\u0105\",\"default\":\"\",\"wrapper_class\":\"\",\"element_class\":\"\",\"container_class\":\"\",\"admin_label\":\"\",\"help_text\":\"\",\"desc_text\":\"\",\"wrap_styles_background-color\":\"\",\"wrap_styles_border\":\"\",\"wrap_styles_border-style\":\"\",\"wrap_styles_border-color\":\"\",\"wrap_styles_color\":\"\",\"wrap_styles_height\":\"\",\"wrap_styles_width\":\"\",\"wrap_styles_font-size\":\"\",\"wrap_styles_margin\":\"\",\"wrap_styles_padding\":\"\",\"wrap_styles_display\":\"\",\"wrap_styles_float\":\"\",\"wrap_styles_show_advanced_css\":0,\"wrap_styles_advanced\":\"\",\"label_styles_background-color\":\"\",\"label_styles_border\":\"\",\"label_styles_border-style\":\"\",\"label_styles_border-color\":\"\",\"label_styles_color\":\"\",\"label_styles_height\":\"\",\"label_styles_width\":\"\",\"label_styles_font-size\":\"\",\"label_styles_margin\":\"\",\"label_styles_padding\":\"\",\"label_styles_display\":\"\",\"label_styles_float\":\"\",\"label_styles_show_advanced_css\":0,\"label_styles_advanced\":\"\",\"element_styles_background-color\":\"\",\"element_styles_border\":\"\",\"element_styles_border-style\":\"\",\"element_styles_border-color\":\"\",\"element_styles_color\":\"\",\"element_styles_height\":\"\",\"element_styles_width\":\"\",\"element_styles_font-size\":\"\",\"element_styles_margin\":\"\",\"element_styles_padding\":\"\",\"element_styles_display\":\"\",\"element_styles_float\":\"\",\"element_styles_show_advanced_css\":0,\"element_styles_advanced\":\"\",\"cellcid\":\"c3375\",\"custom_name_attribute\":\"email\",\"personally_identifiable\":1,\"value\":\"\",\"drawerDisabled\":false,\"id\":2,\"beforeField\":\"\",\"afterField\":\"\",\"parentType\":\"email\",\"element_templates\":[\"email\",\"input\"],\"old_classname\":\"\",\"wrap_template\":\"wrap\"},{\"objectType\":\"Field\",\"objectDomain\":\"fields\",\"editActive\":false,\"order\":2,\"idAttribute\":\"id\",\"label\":\"Wy\\u015blij\",\"key\":\"wyslij_1640001513358\",\"type\":\"submit\",\"created_at\":\"2021-05-31 16:57:06\",\"processing_label\":\"Wysy\\u0142anie...\",\"container_class\":\"\",\"element_class\":\"\",\"wrap_styles_background-color\":\"\",\"wrap_styles_border\":\"\",\"wrap_styles_border-style\":\"\",\"wrap_styles_border-color\":\"\",\"wrap_styles_color\":\"\",\"wrap_styles_height\":\"\",\"wrap_styles_width\":\"\",\"wrap_styles_font-size\":\"\",\"wrap_styles_margin\":\"\",\"wrap_styles_padding\":\"\",\"wrap_styles_display\":\"\",\"wrap_styles_float\":\"\",\"wrap_styles_show_advanced_css\":0,\"wrap_styles_advanced\":\"\",\"label_styles_background-color\":\"\",\"label_styles_border\":\"\",\"label_styles_border-style\":\"\",\"label_styles_border-color\":\"\",\"label_styles_color\":\"\",\"label_styles_height\":\"\",\"label_styles_width\":\"\",\"label_styles_font-size\":\"\",\"label_styles_margin\":\"\",\"label_styles_padding\":\"\",\"label_styles_display\":\"\",\"label_styles_float\":\"\",\"label_styles_show_advanced_css\":0,\"label_styles_advanced\":\"\",\"element_styles_background-color\":\"\",\"element_styles_border\":\"\",\"element_styles_border-style\":\"\",\"element_styles_border-color\":\"\",\"element_styles_color\":\"\",\"element_styles_height\":\"\",\"element_styles_width\":\"\",\"element_styles_font-size\":\"\",\"element_styles_margin\":\"\",\"element_styles_padding\":\"\",\"element_styles_display\":\"\",\"element_styles_float\":\"\",\"element_styles_show_advanced_css\":0,\"element_styles_advanced\":\"\",\"submit_element_hover_styles_background-color\":\"\",\"submit_element_hover_styles_border\":\"\",\"submit_element_hover_styles_border-style\":\"\",\"submit_element_hover_styles_border-color\":\"\",\"submit_element_hover_styles_color\":\"\",\"submit_element_hover_styles_height\":\"\",\"submit_element_hover_styles_width\":\"\",\"submit_element_hover_styles_font-size\":\"\",\"submit_element_hover_styles_margin\":\"\",\"submit_element_hover_styles_padding\":\"\",\"submit_element_hover_styles_display\":\"\",\"submit_element_hover_styles_float\":\"\",\"submit_element_hover_styles_show_advanced_css\":0,\"submit_element_hover_styles_advanced\":\"\",\"cellcid\":\"c3378\",\"drawerDisabled\":false,\"id\":4,\"beforeField\":\"\",\"afterField\":\"\",\"value\":\"\",\"label_pos\":\"above\",\"parentType\":\"textbox\",\"element_templates\":[\"submit\",\"button\",\"input\"],\"old_classname\":\"\",\"wrap_template\":\"wrap-no-label\"}];nfForms.push(form);<\/script>\n                <script id=\"nf-tmpl-cell\" type=\"text\/template\">\n            <nf-fields><\/nf-fields>\n        <\/script>\n\n        <script id=\"nf-tmpl-row\" type=\"text\/template\">\n            <nf-cells><\/nf-cells>\n        <\/script>\n\n                <\/div>\r\n    <\/div>\r\n    <div class=\"ctaninja-onm ctaninja-onm-1 rbg\"><\/div>\r\n    <div class=\"ctaninja-onm ctaninja-onm-2 rbg\"><\/div>\r\n<\/section>\n\n\n<p>Na pastelowym weselu nie mo\u017ce zabrakn\u0105\u0107 kwiat\u00f3w w najr\u00f3\u017cniejszych postaciach. Sto\u0142y mo\u017cna ozdobi\u0107 du\u017cymi, szklanymi wazonami z r\u00f3\u017cnokolorowymi r\u00f3\u017cami czy tulipanami z dodatkiem&nbsp;jasnozielonych li\u015bci. Doskonale sprawdz\u0105 si\u0119 r\u00f3wnie\u017c wisz\u0105ce dekoracje kwiatowe. Elegancka \u015bcianka za Par\u0105 M\u0142od\u0105 wykonana z kwiat\u00f3w w przewodnim kolorze wesela doda romantycznego klimatu ca\u0142ej aran\u017cacji. Ponadto mo\u017ce by\u0107 ciekawym t\u0142em do zdj\u0119\u0107 \u015blubnych.&nbsp;<\/p>\n\n\n\n<p>Weselne s\u0142odko\u015bci r\u00f3wnie\u017c powinny by\u0107 utrzymane w pastelowym klimacie. Doskonale sprawdzi si\u0119 kolorowy lukier na torcie weselnym, czy te\u017c jasnor\u00f3\u017cowy krem na babeczkach. Jasne ozdoby na deserach (np. p\u0142atki migda\u0142\u00f3w czy wi\u00f3rki kokosowe) jeszcze bardziej podkre\u015bl\u0105 pastelowy charakter przyj\u0119cia.&nbsp;<\/p>\n\n\n\n<figure class=\"wp-block-image size-large\"><img loading=\"lazy\" decoding=\"async\" width=\"1024\" height=\"683\" src=\"https:\/\/www.koronakarkonoszy.pl\/blog\/wp-content\/uploads\/2021\/08\/wesele-wroclaw3-1024x683.jpg\" alt=\"\" class=\"wp-image-7437\" srcset=\"https:\/\/www.koronakarkonoszy.pl\/blog\/wp-content\/uploads\/2021\/08\/wesele-wroclaw3-1024x683.jpg 1024w, https:\/\/www.koronakarkonoszy.pl\/blog\/wp-content\/uploads\/2021\/08\/wesele-wroclaw3-300x200.jpg 300w, https:\/\/www.koronakarkonoszy.pl\/blog\/wp-content\/uploads\/2021\/08\/wesele-wroclaw3-768x512.jpg 768w, https:\/\/www.koronakarkonoszy.pl\/blog\/wp-content\/uploads\/2021\/08\/wesele-wroclaw3-1536x1024.jpg 1536w, https:\/\/www.koronakarkonoszy.pl\/blog\/wp-content\/uploads\/2021\/08\/wesele-wroclaw3-18x12.jpg 18w, https:\/\/www.koronakarkonoszy.pl\/blog\/wp-content\/uploads\/2021\/08\/wesele-wroclaw3.jpg 1600w\" sizes=\"auto, (max-width: 1024px) 100vw, 1024px\" \/><figcaption class=\"wp-element-caption\"><a href=\"https:\/\/www.koronakarkonoszy.pl\/blog\/wesele-okolice-wroclawia\/\" target=\"_blank\" rel=\"noreferrer noopener\"><strong>Wesele Wroc\u0142aw<\/strong><\/a><\/figcaption><\/figure>\n\n\n\n<h2 class=\"wp-block-heading\" id=\"h-pastelowe-wesele-dodatki\">Pastelowe wesele \u2013 dodatki&nbsp;<\/h2>\n\n\n\n<p>Styl to nie tylko dekoracje sali weselnej. Tworz\u0105 go r\u00f3wnie\u017c inne elementy \u2013 takie jak np. \u015blubna papeteria i upominki dla go\u015bci. Zaproszenia, podzi\u0119kowania dla rodzic\u00f3w, naklejki na alkohol, winietki i numery sto\u0142\u00f3w warto dopasowa\u0107 stylem do pastelowego motywu przewodniego. Go\u015bciom mo\u017cna podarowa\u0107 wykwintne czekoladki \u015blubne z imionami nowo\u017ce\u0144c\u00f3w zapakowane w bia\u0142e papierki ozdobione pastelowymi kwiatami. Doskona\u0142ym pomys\u0142em na prezenty dla&nbsp;rodzic\u00f3w i \u015bwiadk\u00f3w b\u0119d\u0105 za\u015b pude\u0142eczka w kolorze jasnego drewna ze specjalnym grawerem i niespodziank\u0105 w \u015brodku. \u015arodek pude\u0142ek warto wy\u0142o\u017cy\u0107 delikatnym materia\u0142em (np. szyfonem) w kolorze przewodnim.&nbsp;<\/p>\n\n\n<section id=\"leonardo-block_d63e30da3d725c4ff370f3a10789d8f8\" class=\"leonardo page-breaker leonardo-image-right\">\r\n    <div class=\"leonardo-body\">\r\n        <h2 class=\"leonardo-title\" id=\"h-kreacje-dla-pary-mlodej-i-swiadkow\">Kreacje dla Pary M\u0142odej i \u015bwiadk\u00f3w <\/h2>        <div class=\"leonardo-content\"><p><span class=\"TextRun SCXW34997658 BCX0\" lang=\"PL-PL\" xml:lang=\"PL-PL\" data-contrast=\"auto\"><span class=\"NormalTextRun SCXW34997658 BCX0\" data-ccp-parastyle=\"Standard\" data-ccp-parastyle-defn=\"{&quot;ObjectId&quot;:&quot;1a75b0b2-b112-4d36-bfc7-a2b840fa986f|5&quot;,&quot;ClassId&quot;:1073872969,&quot;Properties&quot;:[134233614,&quot;true&quot;,201340122,&quot;2&quot;,469775450,&quot;Standard&quot;,469778129,&quot;Standard&quot;,469778325,&quot;[\\&quot;Heading\\&quot;,\\&quot;Text body\\&quot;,\\&quot;caption\\&quot;,\\&quot;Index\\&quot;]&quot;]}\">Dope\u0142ni<\/span><span class=\"NormalTextRun SCXW34997658 BCX0\" data-ccp-parastyle=\"Standard\">eniem pastelowej aran\u017cacji \u015blubnej b\u0119d\u0105 odpowiednio dobrane kreacje Pary M\u0142odej oraz \u015bwiadk\u00f3w. Do bia\u0142ej sukni Panny M\u0142odej b\u0119d\u0105 pasowa\u0107 pastelowe buty oraz ozdoby we w\u0142osach np. delikatna opaska z kwiatuszkami. Sprawdz\u0105 si\u0119 tak\u017ce\u00a0<\/span><\/span><a class=\"Hyperlink SCXW34997658 BCX0\" href=\"https:\/\/www.koronakarkonoszy.pl\/blog\/wianki-na-slub-o-czym-warto-wiedziec\/\" target=\"_blank\" rel=\"noreferrer noopener\"><span class=\"TextRun Underlined SCXW34997658 BCX0\" lang=\"PL-PL\" xml:lang=\"PL-PL\" data-contrast=\"none\"><span class=\"NormalTextRun SCXW34997658 BCX0\" data-ccp-charstyle=\"Hyperlink\">wianki na \u015blub<\/span><\/span><\/a><span class=\"TextRun SCXW34997658 BCX0\" lang=\"PL-PL\" xml:lang=\"PL-PL\" data-contrast=\"auto\"><span class=\"NormalTextRun SCXW34997658 BCX0\" data-ccp-parastyle=\"Standard\">\u00a0\u2013 by\u0107 mo\u017ce opr\u00f3cz Panny M\u0142odej za\u0142o\u017c\u0105 je tak\u017ce druhny? Bukiet r\u00f3wnie\u017c powinien by\u0107 pastelowy \u2013 najlepiej b\u0119dzie, je\u015bli zostanie wykonany z takich samych kwiat\u00f3w jak te, kt\u00f3re<\/span><span class=\"NormalTextRun SCXW34997658 BCX0\" data-ccp-parastyle=\"Standard\">\u00a0znajduj\u0105 si\u0119 na \u015blubnych sto\u0142ach. Pami\u0119tajmy, \u017ce suknia Panny M\u0142odej wcale nie musi by\u0107 \u015bnie\u017cnobia\u0142a. Na pastelowe wesele doskonale sprawdzi si\u0119 delikatnie r\u00f3\u017cowa, kremowa lub lekko liliowa kreacja.<\/span><\/span><span class=\"EOP SCXW34997658 BCX0\" data-ccp-props=\"{&quot;335551550&quot;:6,&quot;335551620&quot;:6}\">\u00a0<\/span><\/p>\n<\/div>\r\n                    <aside class=\"leonardo-interlink\">\r\n                <b>Polecamy<\/b>\r\n                <a href=\"https:\/\/www.koronakarkonoszy.pl\/blog\/de\/kolor-przewodni-wesela-fiolet\/\">Kolor przewodni wesela fiolet \u2013 sprawdzi si\u0119 nie tylko jesieni\u0105<\/a>\r\n            <\/aside>\r\n            <\/div>\r\n    <div class=\"leonardo-image\">\r\n        <img loading=\"lazy\" decoding=\"async\" width=\"1280\" height=\"853\" src=\"https:\/\/www.koronakarkonoszy.pl\/blog\/wp-content\/uploads\/2021\/08\/pastelowe-wesele1.jpg\" class=\"attachment-full size-full\" alt=\"\" srcset=\"https:\/\/www.koronakarkonoszy.pl\/blog\/wp-content\/uploads\/2021\/08\/pastelowe-wesele1.jpg 1280w, https:\/\/www.koronakarkonoszy.pl\/blog\/wp-content\/uploads\/2021\/08\/pastelowe-wesele1-300x200.jpg 300w, https:\/\/www.koronakarkonoszy.pl\/blog\/wp-content\/uploads\/2021\/08\/pastelowe-wesele1-1024x682.jpg 1024w, https:\/\/www.koronakarkonoszy.pl\/blog\/wp-content\/uploads\/2021\/08\/pastelowe-wesele1-768x512.jpg 768w\" sizes=\"auto, (max-width: 1280px) 100vw, 1280px\" \/>            <\/div>\r\n<\/section>\n\n\n<p>Pan M\u0142ody mo\u017ce wybra\u0107 jasny garnitur oraz pastelowe dodatki \u2013 np. much\u0119 lub krawat. Doskonale b\u0119dzie wygl\u0105da\u0107 butonierka z takim samym kwiatem, jakie Panna M\u0142oda ma w swoim bukiecie.&nbsp;<\/p>\n\n\n\n<p>Kreacje \u015bwiadk\u00f3w r\u00f3wnie\u017c powinny pasowa\u0107 do motywu przewodniego wesela. Idealnym rozwi\u0105zaniem dla druhny b\u0119dzie lekka, zwiewna&nbsp;sukienka w pastelowym kolorze. Dru\u017cba za\u015b \u2013 podobnie jak Pan M\u0142ody \u2013 mo\u017ce postawi\u0107 na jasny garnitur oraz pastelowe dodatki.&nbsp;<\/p>\n\n\n\n<p>Pastelowe wesele mo\u017ce by\u0107 jednocze\u015bnie niezwykle romantyczne, wystawne, eleganckie i nietuzinkowe. Grunt to wybra\u0107 takie kolory, kt\u00f3re idealnie si\u0119 ze sob\u0105 \u0142\u0105cz\u0105 i m\u0105drze dopasowa\u0107 wszystkie dekoracje.&nbsp;<\/p>\n","protected":false},"excerpt":{"rendered":"<p>Wesele tematyczne to magiczna, niesamowita impreza. Wystr\u00f3j zgodny z zasadami konkretnego stylu b\u0119dzie sp\u00f3jny i estetyczny. Idealnym stylem na wiosenne&nbsp;lub letnie przyj\u0119cie s\u0105 pastele, kt\u00f3re wyra\u017caj\u0105 lekko\u015b\u0107 i delikatno\u015b\u0107. Pozwalaj\u0105 stworzy\u0107 niezwykle romantyczn\u0105, subteln\u0105 aran\u017cacj\u0119. Jak zorganizowa\u0107 pastelowe wesele? Podpowiadamy!&nbsp; Styl wesela \u2013 co to jest i jak go okre\u015bli\u0107?&nbsp; Wesele to nie jest zwyczajne&nbsp;przyj\u0119cie. [&hellip;]<\/p>\n","protected":false},"author":4,"featured_media":1261,"comment_status":"closed","ping_status":"closed","sticky":false,"template":"","format":"standard","meta":{"_acf_changed":false,"footnotes":""},"categories":[2,8],"class_list":["post-1260","post","type-post","status-publish","format-standard","has-post-thumbnail","hentry","category-porady","category-stylizacje"],"acf":[],"yoast_head":"<!-- This site is optimized with the Yoast SEO plugin v27.5 - https:\/\/yoast.com\/product\/yoast-seo-wordpress\/ -->\n<title>Jak urz\u0105dzi\u0107 romantyczne, pastelowe wesele? - :: Blog weselny<\/title>\n<meta name=\"description\" content=\"Niekt\u00f3re kolory wyra\u017caj\u0105 lekko\u015b\u0107 i delikatno\u015b\u0107. Pozwalaj\u0105 stworzy\u0107 niezwyk\u0142e aran\u017cacje. Jak zorganizowa\u0107 pastelowe wesele? Podpowiadamy!\u00a0\" \/>\n<meta name=\"robots\" content=\"index, follow, max-snippet:-1, max-image-preview:large, max-video-preview:-1\" \/>\n<link rel=\"canonical\" href=\"https:\/\/www.koronakarkonoszy.pl\/blog\/de\/pastell-hochzeit\/\" \/>\n<meta property=\"og:locale\" content=\"de_DE\" \/>\n<meta property=\"og:type\" content=\"article\" \/>\n<meta property=\"og:title\" content=\"Jak urz\u0105dzi\u0107 romantyczne, pastelowe wesele? - :: Blog weselny\" \/>\n<meta property=\"og:description\" content=\"Niekt\u00f3re kolory wyra\u017caj\u0105 lekko\u015b\u0107 i delikatno\u015b\u0107. Pozwalaj\u0105 stworzy\u0107 niezwyk\u0142e aran\u017cacje. Jak zorganizowa\u0107 pastelowe wesele? Podpowiadamy!\u00a0\" \/>\n<meta property=\"og:url\" content=\"https:\/\/www.koronakarkonoszy.pl\/blog\/de\/pastell-hochzeit\/\" \/>\n<meta property=\"og:site_name\" content=\":: Blog weselny\" \/>\n<meta property=\"article:published_time\" content=\"2021-08-19T10:45:00+00:00\" \/>\n<meta property=\"article:modified_time\" content=\"2023-02-01T16:30:02+00:00\" \/>\n<meta property=\"og:image\" content=\"https:\/\/www.koronakarkonoszy.pl\/blog\/wp-content\/uploads\/2021\/08\/pastelowe-wesele.jpg\" \/>\n\t<meta property=\"og:image:width\" content=\"1920\" \/>\n\t<meta property=\"og:image:height\" content=\"1280\" \/>\n\t<meta property=\"og:image:type\" content=\"image\/jpeg\" \/>\n<meta name=\"author\" content=\"Maria Szruba\" \/>\n<meta name=\"twitter:card\" content=\"summary_large_image\" \/>\n<meta name=\"twitter:label1\" content=\"Verfasst von\" \/>\n\t<meta name=\"twitter:data1\" content=\"Maria Szruba\" \/>\n\t<meta name=\"twitter:label2\" content=\"Gesch\u00e4tzte Lesezeit\" \/>\n\t<meta name=\"twitter:data2\" content=\"5\u00a0Minuten\" \/>\n<script type=\"application\/ld+json\" class=\"yoast-schema-graph\">{\"@context\":\"https:\\\/\\\/schema.org\",\"@graph\":[{\"@type\":\"Article\",\"@id\":\"https:\\\/\\\/www.koronakarkonoszy.pl\\\/blog\\\/pastelowe-wesele\\\/#article\",\"isPartOf\":{\"@id\":\"https:\\\/\\\/www.koronakarkonoszy.pl\\\/blog\\\/pastelowe-wesele\\\/\"},\"author\":{\"name\":\"Maria Szruba\",\"@id\":\"https:\\\/\\\/www.koronakarkonoszy.pl\\\/blog\\\/#\\\/schema\\\/person\\\/c3d9d467cc9af49e50c67be561c643eb\"},\"headline\":\"Jak urz\u0105dzi\u0107 romantyczne, pastelowe wesele?\",\"datePublished\":\"2021-08-19T10:45:00+00:00\",\"dateModified\":\"2023-02-01T16:30:02+00:00\",\"mainEntityOfPage\":{\"@id\":\"https:\\\/\\\/www.koronakarkonoszy.pl\\\/blog\\\/pastelowe-wesele\\\/\"},\"wordCount\":842,\"image\":{\"@id\":\"https:\\\/\\\/www.koronakarkonoszy.pl\\\/blog\\\/pastelowe-wesele\\\/#primaryimage\"},\"thumbnailUrl\":\"https:\\\/\\\/www.koronakarkonoszy.pl\\\/blog\\\/wp-content\\\/uploads\\\/2021\\\/08\\\/pastelowe-wesele.jpg\",\"articleSection\":[\"Porady\",\"Stylizacje\"],\"inLanguage\":\"de\"},{\"@type\":\"WebPage\",\"@id\":\"https:\\\/\\\/www.koronakarkonoszy.pl\\\/blog\\\/pastelowe-wesele\\\/\",\"url\":\"https:\\\/\\\/www.koronakarkonoszy.pl\\\/blog\\\/pastelowe-wesele\\\/\",\"name\":\"Jak urz\u0105dzi\u0107 romantyczne, pastelowe wesele? - :: Blog weselny\",\"isPartOf\":{\"@id\":\"https:\\\/\\\/www.koronakarkonoszy.pl\\\/blog\\\/#website\"},\"primaryImageOfPage\":{\"@id\":\"https:\\\/\\\/www.koronakarkonoszy.pl\\\/blog\\\/pastelowe-wesele\\\/#primaryimage\"},\"image\":{\"@id\":\"https:\\\/\\\/www.koronakarkonoszy.pl\\\/blog\\\/pastelowe-wesele\\\/#primaryimage\"},\"thumbnailUrl\":\"https:\\\/\\\/www.koronakarkonoszy.pl\\\/blog\\\/wp-content\\\/uploads\\\/2021\\\/08\\\/pastelowe-wesele.jpg\",\"datePublished\":\"2021-08-19T10:45:00+00:00\",\"dateModified\":\"2023-02-01T16:30:02+00:00\",\"author\":{\"@id\":\"https:\\\/\\\/www.koronakarkonoszy.pl\\\/blog\\\/#\\\/schema\\\/person\\\/c3d9d467cc9af49e50c67be561c643eb\"},\"description\":\"Niekt\u00f3re kolory wyra\u017caj\u0105 lekko\u015b\u0107 i delikatno\u015b\u0107. Pozwalaj\u0105 stworzy\u0107 niezwyk\u0142e aran\u017cacje. Jak zorganizowa\u0107 pastelowe wesele? Podpowiadamy!\u00a0\",\"breadcrumb\":{\"@id\":\"https:\\\/\\\/www.koronakarkonoszy.pl\\\/blog\\\/pastelowe-wesele\\\/#breadcrumb\"},\"inLanguage\":\"de\",\"potentialAction\":[{\"@type\":\"ReadAction\",\"target\":[\"https:\\\/\\\/www.koronakarkonoszy.pl\\\/blog\\\/pastelowe-wesele\\\/\"]}]},{\"@type\":\"ImageObject\",\"inLanguage\":\"de\",\"@id\":\"https:\\\/\\\/www.koronakarkonoszy.pl\\\/blog\\\/pastelowe-wesele\\\/#primaryimage\",\"url\":\"https:\\\/\\\/www.koronakarkonoszy.pl\\\/blog\\\/wp-content\\\/uploads\\\/2021\\\/08\\\/pastelowe-wesele.jpg\",\"contentUrl\":\"https:\\\/\\\/www.koronakarkonoszy.pl\\\/blog\\\/wp-content\\\/uploads\\\/2021\\\/08\\\/pastelowe-wesele.jpg\",\"width\":1920,\"height\":1280,\"caption\":\"Jak urz\u0105dzi\u0107 romantyczne, pastelowe wesele?\"},{\"@type\":\"BreadcrumbList\",\"@id\":\"https:\\\/\\\/www.koronakarkonoszy.pl\\\/blog\\\/pastelowe-wesele\\\/#breadcrumb\",\"itemListElement\":[{\"@type\":\"ListItem\",\"position\":1,\"name\":\"Strona g\u0142\u00f3wna\",\"item\":\"https:\\\/\\\/www.koronakarkonoszy.pl\\\/blog\\\/\"},{\"@type\":\"ListItem\",\"position\":2,\"name\":\"Jak urz\u0105dzi\u0107 romantyczne, pastelowe wesele?\"}]},{\"@type\":\"WebSite\",\"@id\":\"https:\\\/\\\/www.koronakarkonoszy.pl\\\/blog\\\/#website\",\"url\":\"https:\\\/\\\/www.koronakarkonoszy.pl\\\/blog\\\/\",\"name\":\":: Blog weselny\",\"description\":\"Blog weselny Dw\u00f3r Korona Karkonoszy\",\"potentialAction\":[{\"@type\":\"SearchAction\",\"target\":{\"@type\":\"EntryPoint\",\"urlTemplate\":\"https:\\\/\\\/www.koronakarkonoszy.pl\\\/blog\\\/?s={search_term_string}\"},\"query-input\":{\"@type\":\"PropertyValueSpecification\",\"valueRequired\":true,\"valueName\":\"search_term_string\"}}],\"inLanguage\":\"de\"},{\"@type\":\"Person\",\"@id\":\"https:\\\/\\\/www.koronakarkonoszy.pl\\\/blog\\\/#\\\/schema\\\/person\\\/c3d9d467cc9af49e50c67be561c643eb\",\"name\":\"Maria Szruba\",\"image\":{\"@type\":\"ImageObject\",\"inLanguage\":\"de\",\"@id\":\"https:\\\/\\\/www.koronakarkonoszy.pl\\\/blog\\\/wp-content\\\/litespeed\\\/avatar\\\/d0fe7fde2b2277621e0a2904789bab14.jpg?ver=1777440145\",\"url\":\"https:\\\/\\\/www.koronakarkonoszy.pl\\\/blog\\\/wp-content\\\/litespeed\\\/avatar\\\/d0fe7fde2b2277621e0a2904789bab14.jpg?ver=1777440145\",\"contentUrl\":\"https:\\\/\\\/www.koronakarkonoszy.pl\\\/blog\\\/wp-content\\\/litespeed\\\/avatar\\\/d0fe7fde2b2277621e0a2904789bab14.jpg?ver=1777440145\",\"caption\":\"Maria Szruba\"},\"url\":\"https:\\\/\\\/www.koronakarkonoszy.pl\\\/blog\\\/de\\\/author\\\/m-szruba\\\/\"}]}<\/script>\n<!-- \/ Yoast SEO plugin. -->","yoast_head_json":{"title":"Wie organisiert man eine romantische Hochzeit in Pastellt\u00f6nen? - :: Hochzeitsblog","description":"Manche Farben dr\u00fccken Leichtigkeit und Zartheit aus. Sie erm\u00f6glichen es Ihnen, ungew\u00f6hnliche Arrangements zu kreieren. Wie organisiert man eine Pastellhochzeit? wir schlagen vor!\u00a0","robots":{"index":"index","follow":"follow","max-snippet":"max-snippet:-1","max-image-preview":"max-image-preview:large","max-video-preview":"max-video-preview:-1"},"canonical":"https:\/\/www.koronakarkonoszy.pl\/blog\/de\/pastell-hochzeit\/","og_locale":"de_DE","og_type":"article","og_title":"Jak urz\u0105dzi\u0107 romantyczne, pastelowe wesele? - :: Blog weselny","og_description":"Niekt\u00f3re kolory wyra\u017caj\u0105 lekko\u015b\u0107 i delikatno\u015b\u0107. Pozwalaj\u0105 stworzy\u0107 niezwyk\u0142e aran\u017cacje. Jak zorganizowa\u0107 pastelowe wesele? Podpowiadamy!\u00a0","og_url":"https:\/\/www.koronakarkonoszy.pl\/blog\/de\/pastell-hochzeit\/","og_site_name":":: Blog weselny","article_published_time":"2021-08-19T10:45:00+00:00","article_modified_time":"2023-02-01T16:30:02+00:00","og_image":[{"width":1920,"height":1280,"url":"https:\/\/www.koronakarkonoszy.pl\/blog\/wp-content\/uploads\/2021\/08\/pastelowe-wesele.jpg","type":"image\/jpeg"}],"author":"Maria Szruba","twitter_card":"summary_large_image","twitter_misc":{"Verfasst von":"Maria Szruba","Gesch\u00e4tzte Lesezeit":"5\u00a0Minuten"},"schema":{"@context":"https:\/\/schema.org","@graph":[{"@type":"Article","@id":"https:\/\/www.koronakarkonoszy.pl\/blog\/pastelowe-wesele\/#article","isPartOf":{"@id":"https:\/\/www.koronakarkonoszy.pl\/blog\/pastelowe-wesele\/"},"author":{"name":"Maria Szruba","@id":"https:\/\/www.koronakarkonoszy.pl\/blog\/#\/schema\/person\/c3d9d467cc9af49e50c67be561c643eb"},"headline":"Jak urz\u0105dzi\u0107 romantyczne, pastelowe wesele?","datePublished":"2021-08-19T10:45:00+00:00","dateModified":"2023-02-01T16:30:02+00:00","mainEntityOfPage":{"@id":"https:\/\/www.koronakarkonoszy.pl\/blog\/pastelowe-wesele\/"},"wordCount":842,"image":{"@id":"https:\/\/www.koronakarkonoszy.pl\/blog\/pastelowe-wesele\/#primaryimage"},"thumbnailUrl":"https:\/\/www.koronakarkonoszy.pl\/blog\/wp-content\/uploads\/2021\/08\/pastelowe-wesele.jpg","articleSection":["Porady","Stylizacje"],"inLanguage":"de"},{"@type":"WebPage","@id":"https:\/\/www.koronakarkonoszy.pl\/blog\/pastelowe-wesele\/","url":"https:\/\/www.koronakarkonoszy.pl\/blog\/pastelowe-wesele\/","name":"Wie organisiert man eine romantische Hochzeit in Pastellt\u00f6nen? - :: Hochzeitsblog","isPartOf":{"@id":"https:\/\/www.koronakarkonoszy.pl\/blog\/#website"},"primaryImageOfPage":{"@id":"https:\/\/www.koronakarkonoszy.pl\/blog\/pastelowe-wesele\/#primaryimage"},"image":{"@id":"https:\/\/www.koronakarkonoszy.pl\/blog\/pastelowe-wesele\/#primaryimage"},"thumbnailUrl":"https:\/\/www.koronakarkonoszy.pl\/blog\/wp-content\/uploads\/2021\/08\/pastelowe-wesele.jpg","datePublished":"2021-08-19T10:45:00+00:00","dateModified":"2023-02-01T16:30:02+00:00","author":{"@id":"https:\/\/www.koronakarkonoszy.pl\/blog\/#\/schema\/person\/c3d9d467cc9af49e50c67be561c643eb"},"description":"Manche Farben dr\u00fccken Leichtigkeit und Zartheit aus. Sie erm\u00f6glichen es Ihnen, ungew\u00f6hnliche Arrangements zu kreieren. Wie organisiert man eine Pastellhochzeit? wir schlagen vor!\u00a0","breadcrumb":{"@id":"https:\/\/www.koronakarkonoszy.pl\/blog\/pastelowe-wesele\/#breadcrumb"},"inLanguage":"de","potentialAction":[{"@type":"ReadAction","target":["https:\/\/www.koronakarkonoszy.pl\/blog\/pastelowe-wesele\/"]}]},{"@type":"ImageObject","inLanguage":"de","@id":"https:\/\/www.koronakarkonoszy.pl\/blog\/pastelowe-wesele\/#primaryimage","url":"https:\/\/www.koronakarkonoszy.pl\/blog\/wp-content\/uploads\/2021\/08\/pastelowe-wesele.jpg","contentUrl":"https:\/\/www.koronakarkonoszy.pl\/blog\/wp-content\/uploads\/2021\/08\/pastelowe-wesele.jpg","width":1920,"height":1280,"caption":"Jak urz\u0105dzi\u0107 romantyczne, pastelowe wesele?"},{"@type":"BreadcrumbList","@id":"https:\/\/www.koronakarkonoszy.pl\/blog\/pastelowe-wesele\/#breadcrumb","itemListElement":[{"@type":"ListItem","position":1,"name":"Strona g\u0142\u00f3wna","item":"https:\/\/www.koronakarkonoszy.pl\/blog\/"},{"@type":"ListItem","position":2,"name":"Jak urz\u0105dzi\u0107 romantyczne, pastelowe wesele?"}]},{"@type":"WebSite","@id":"https:\/\/www.koronakarkonoszy.pl\/blog\/#website","url":"https:\/\/www.koronakarkonoszy.pl\/blog\/","name":":: Hochzeitsblog","description":"Hochzeitsblog Dw\u00f3r Korona Karkonosze","potentialAction":[{"@type":"SearchAction","target":{"@type":"EntryPoint","urlTemplate":"https:\/\/www.koronakarkonoszy.pl\/blog\/?s={search_term_string}"},"query-input":{"@type":"PropertyValueSpecification","valueRequired":true,"valueName":"search_term_string"}}],"inLanguage":"de"},{"@type":"Person","@id":"https:\/\/www.koronakarkonoszy.pl\/blog\/#\/schema\/person\/c3d9d467cc9af49e50c67be561c643eb","name":"Maria Szruba","image":{"@type":"ImageObject","inLanguage":"de","@id":"https:\/\/www.koronakarkonoszy.pl\/blog\/wp-content\/litespeed\/avatar\/d0fe7fde2b2277621e0a2904789bab14.jpg?ver=1777440145","url":"https:\/\/www.koronakarkonoszy.pl\/blog\/wp-content\/litespeed\/avatar\/d0fe7fde2b2277621e0a2904789bab14.jpg?ver=1777440145","contentUrl":"https:\/\/www.koronakarkonoszy.pl\/blog\/wp-content\/litespeed\/avatar\/d0fe7fde2b2277621e0a2904789bab14.jpg?ver=1777440145","caption":"Maria Szruba"},"url":"https:\/\/www.koronakarkonoszy.pl\/blog\/de\/author\/m-szruba\/"}]}},"_links":{"self":[{"href":"https:\/\/www.koronakarkonoszy.pl\/blog\/de\/wp-json\/wp\/v2\/posts\/1260","targetHints":{"allow":["GET"]}}],"collection":[{"href":"https:\/\/www.koronakarkonoszy.pl\/blog\/de\/wp-json\/wp\/v2\/posts"}],"about":[{"href":"https:\/\/www.koronakarkonoszy.pl\/blog\/de\/wp-json\/wp\/v2\/types\/post"}],"author":[{"embeddable":true,"href":"https:\/\/www.koronakarkonoszy.pl\/blog\/de\/wp-json\/wp\/v2\/users\/4"}],"replies":[{"embeddable":true,"href":"https:\/\/www.koronakarkonoszy.pl\/blog\/de\/wp-json\/wp\/v2\/comments?post=1260"}],"version-history":[{"count":0,"href":"https:\/\/www.koronakarkonoszy.pl\/blog\/de\/wp-json\/wp\/v2\/posts\/1260\/revisions"}],"wp:featuredmedia":[{"embeddable":true,"href":"https:\/\/www.koronakarkonoszy.pl\/blog\/de\/wp-json\/wp\/v2\/media\/1261"}],"wp:attachment":[{"href":"https:\/\/www.koronakarkonoszy.pl\/blog\/de\/wp-json\/wp\/v2\/media?parent=1260"}],"wp:term":[{"taxonomy":"category","embeddable":true,"href":"https:\/\/www.koronakarkonoszy.pl\/blog\/de\/wp-json\/wp\/v2\/categories?post=1260"}],"curies":[{"name":"wp","href":"https:\/\/api.w.org\/{rel}","templated":true}]}}