{"id":11578,"date":"2024-10-15T10:56:48","date_gmt":"2024-10-15T08:56:48","guid":{"rendered":"https:\/\/www.koronakarkonoszy.pl\/blog\/?p=11578"},"modified":"2024-11-07T10:28:19","modified_gmt":"2024-11-07T09:28:19","slug":"zusammensetzung-der-hochzeitstafel","status":"publish","type":"post","link":"https:\/\/www.koronakarkonoszy.pl\/blog\/de\/sklad-talerzyka-weselnego\/","title":{"rendered":"Was geh\u00f6rt zu einem \"Hochzeitsteller\"?"},"content":{"rendered":"\n<p>Tradycyjny obiad, zimny bufet, gor\u0105ce przek\u0105ski oraz wyb\u00f3r napoj\u00f3w bezalkoholowych \u2013 ceny posi\u0142k\u00f3w na weselu to zaledwie u\u0142amek koszt\u00f3w wliczanych w ramach standardowego \u201etalerzyka weselnego\u201d. Doliczy\u0107 nale\u017cy przede wszystkim koszty wynajmu i przygotowania sali, a tak\u017ce profesjonaln\u0105 obs\u0142ug\u0119 go\u015bci, a to i tak nie koniec. Takie globalne spojrzenie na sk\u0142ad \u201etalerzyka weselnego\u201d, w konfrontacji z panuj\u0105cymi obecnie realiami ekonomicznymi, znacznie szerzej otwiera oczy i pozwala znale\u017a\u0107 logiczne uzasadnienie takiej, a nie innej ceny. Czy s\u0105 elementy, z kt\u00f3rych mimo wszystko mo\u017cna zrezygnowa\u0107, by obni\u017cy\u0107 koszty? Podpowiadamy.<\/p>\n\n\n<div id=\"ariadna-block_37ab7b99c6c1882e4a00929b796b0bb3\" class=\"ariadna\">\r\n    <ul><li><a href=\"#ha-sklad-talerzyka-weselnego-to-wiecej-niz-myslisz\">Sk\u0142ad &#8222;talerzyka weselnego&#8221; to wi\u0119cej, ni\u017c my\u015blisz<\/a><\/li><li><a href=\"#ha-marzysz-o-wyjatkowym-slubie\">Marzysz o wyj\u0105tkowym \u015blubie?<\/a><\/li><li><a href=\"#ha-co-nalezy-doliczyc-do-kosztow-talerzyka-weselnego\">Co nale\u017cy doliczy\u0107 do koszt\u00f3w \u201etalerzyka weselnego\u201d?<\/a><\/li><li><a href=\"#ha-czy-mozna-zaoszczedzic-na-talerzyku-weselnym\">Czy mo\u017cna zaoszcz\u0119dzi\u0107 na \u201etalerzyku weselnym\u201d?<\/a><\/li><\/ul>\r\n<\/div>\r\n\r\n\r\n\r\n\n\n\n<h2 class=\"wp-block-heading\" id=\"ha-sklad-talerzyka-weselnego-to-wiecej-niz-myslisz\">Sk\u0142ad &#8222;talerzyka weselnego&#8221; to wi\u0119cej, ni\u017c my\u015blisz<\/h2>\n\n\n\n<p>Pierwszym grzechem m\u0142odej pary jest \u0142opatologiczne por\u00f3wnanie cen \u201etalerzyk\u00f3w weselnych\u201d oferowanych w r\u00f3\u017cnych miejscach. Tymczasem diabe\u0142 naprawd\u0119 tkwi w szczeg\u00f3\u0142ach. Nic wi\u0119c dziwnego, \u017ce analiza cen \u201etalerzyk\u00f3w weselnych\u201d to cz\u0119sto praca na wielowarstwowych arkuszach kalkulacyjnych.<\/p>\n\n\n<section id=\"ctaninja-block_6352efa52046f8e63ce2524c648b0ed4\" class=\"ctaninja\">\r\n    <div class=\"ctaninja-body\">\r\n        <h2 class=\"h1\" id=\"ha-marzysz-o-wyjatkowym-slubie\">Marzysz o wyj\u0105tkowym \u015blubie?<\/h2>\r\n        <p>Jeste\u015b w dobrym miejscu!<\/p>\r\n        <div class=\"nf-container\">\r\n            <noscript class=\"ninja-forms-noscript-message\">\n\tHinweis: F\u00fcr diesen Inhalt ist JavaScript erforderlich.<\/noscript>\n<div id=\"nf-form-1-cont\" class=\"nf-form-cont\" aria-live=\"polite\" aria-labelledby=\"nf-form-title-1\" aria-describedby=\"nf-form-errors-1\" role=\"form\">\n\n    <div class=\"nf-loading-spinner\"><\/div>\n\n<\/div>\n        <!-- That data is being printed as a workaround to page builders reordering the order of the scripts loaded-->\n        <script>var formDisplay=1;var nfForms=nfForms||[];var form=[];form.id='1';form.settings={\"objectType\":\"Form Setting\",\"editActive\":\"\",\"title\":\"Contact Me\",\"key\":\"\",\"created_at\":\"2021-05-31 16:57:05\",\"default_label_pos\":\"above\",\"conditions\":[],\"show_title\":\"1\",\"clear_complete\":\"1\",\"hide_complete\":\"1\",\"wrapper_class\":\"\",\"element_class\":\"\",\"add_submit\":\"1\",\"logged_in\":\"\",\"not_logged_in_msg\":\"\",\"sub_limit_number\":\"\",\"sub_limit_msg\":\"\",\"calculations\":[],\"formContentData\":[{\"order\":1,\"cells\":[{\"order\":0,\"fields\":[\"email\"],\"width\":50},{\"order\":1,\"fields\":[\"wyslij_1640001513358\"],\"width\":50}]}],\"container_styles_background-color\":\"\",\"container_styles_border\":\"\",\"container_styles_border-style\":\"\",\"container_styles_border-color\":\"\",\"container_styles_color\":\"\",\"container_styles_height\":\"\",\"container_styles_width\":\"\",\"container_styles_font-size\":\"\",\"container_styles_margin\":\"\",\"container_styles_padding\":\"\",\"container_styles_display\":\"\",\"container_styles_float\":\"\",\"container_styles_show_advanced_css\":\"0\",\"container_styles_advanced\":\"\",\"title_styles_background-color\":\"\",\"title_styles_border\":\"\",\"title_styles_border-style\":\"\",\"title_styles_border-color\":\"\",\"title_styles_color\":\"\",\"title_styles_height\":\"\",\"title_styles_width\":\"\",\"title_styles_font-size\":\"\",\"title_styles_margin\":\"\",\"title_styles_padding\":\"\",\"title_styles_display\":\"\",\"title_styles_float\":\"\",\"title_styles_show_advanced_css\":\"0\",\"title_styles_advanced\":\"\",\"row_styles_background-color\":\"\",\"row_styles_border\":\"\",\"row_styles_border-style\":\"\",\"row_styles_border-color\":\"\",\"row_styles_color\":\"\",\"row_styles_height\":\"\",\"row_styles_width\":\"\",\"row_styles_font-size\":\"\",\"row_styles_margin\":\"\",\"row_styles_padding\":\"\",\"row_styles_display\":\"\",\"row_styles_show_advanced_css\":\"0\",\"row_styles_advanced\":\"\",\"row-odd_styles_background-color\":\"\",\"row-odd_styles_border\":\"\",\"row-odd_styles_border-style\":\"\",\"row-odd_styles_border-color\":\"\",\"row-odd_styles_color\":\"\",\"row-odd_styles_height\":\"\",\"row-odd_styles_width\":\"\",\"row-odd_styles_font-size\":\"\",\"row-odd_styles_margin\":\"\",\"row-odd_styles_padding\":\"\",\"row-odd_styles_display\":\"\",\"row-odd_styles_show_advanced_css\":\"0\",\"row-odd_styles_advanced\":\"\",\"success-msg_styles_background-color\":\"\",\"success-msg_styles_border\":\"\",\"success-msg_styles_border-style\":\"\",\"success-msg_styles_border-color\":\"\",\"success-msg_styles_color\":\"\",\"success-msg_styles_height\":\"\",\"success-msg_styles_width\":\"\",\"success-msg_styles_font-size\":\"\",\"success-msg_styles_margin\":\"\",\"success-msg_styles_padding\":\"\",\"success-msg_styles_display\":\"\",\"success-msg_styles_show_advanced_css\":\"0\",\"success-msg_styles_advanced\":\"\",\"error_msg_styles_background-color\":\"\",\"error_msg_styles_border\":\"\",\"error_msg_styles_border-style\":\"\",\"error_msg_styles_border-color\":\"\",\"error_msg_styles_color\":\"\",\"error_msg_styles_height\":\"\",\"error_msg_styles_width\":\"\",\"error_msg_styles_font-size\":\"\",\"error_msg_styles_margin\":\"\",\"error_msg_styles_padding\":\"\",\"error_msg_styles_display\":\"\",\"error_msg_styles_show_advanced_css\":\"0\",\"error_msg_styles_advanced\":\"\",\"allow_public_link\":0,\"embed_form\":\"\",\"currency\":\"\",\"repeatable_fieldsets\":\"\",\"unique_field_error\":\"Formularz z t\\u0105 warto\\u015bci\\u0105 zosta\\u0142 ju\\u017c przes\\u0142any.\",\"ninjaForms\":\"Ninja Forms\",\"changeEmailErrorMsg\":\"Bitte gib eine g\\u00fcltige E-Mail-Adresse ein.\",\"changeDateErrorMsg\":\"Bitte gib ein g\\u00fcltiges Datum ein!\",\"confirmFieldErrorMsg\":\"Diese Felder m\\u00fcssen \\u00fcbereinstimmen!\",\"fieldNumberNumMinError\":\"Die eingegebene Zahl ist zu klein.\",\"fieldNumberNumMaxError\":\"Die eingegebene Zahl ist zu gross.\",\"fieldNumberIncrementBy\":\"Bitte erh\\u00f6hen in Schritten von\",\"fieldTextareaRTEInsertLink\":\"Link einf\\u00fcgen\",\"fieldTextareaRTEInsertMedia\":\"Medien einf\\u00fcgen\",\"fieldTextareaRTESelectAFile\":\"Eine Datei ausw\\u00e4hlen\",\"formErrorsCorrectErrors\":\"Bitte korrigiere die Fehler, bevor du das Formular sendest.\",\"formHoneypot\":\"Falls du ein Mensch bist und dieses Feld siehst, dann lasse es bitte leer.\",\"validateRequiredField\":\"Dies ist ein Pflichtfeld.\",\"honeypotHoneypotError\":\"Honeypot-Fehler\",\"fileUploadOldCodeFileUploadInProgress\":\"Datei-Upload l\\u00e4uft.\",\"fileUploadOldCodeFileUpload\":\"DATEI-UPLOAD\",\"currencySymbol\":\"&#36;\",\"fieldsMarkedRequired\":\"Felder mit einem <span class=\\\"ninja-forms-req-symbol\\\">*<\\\/span> sind Pflichtfelder\",\"thousands_sep\":\".\",\"decimal_point\":\",\",\"siteLocale\":\"de_DE\",\"dateFormat\":\"m\\\/d\\\/Y\",\"startOfWeek\":\"1\",\"of\":\"von\",\"previousMonth\":\"Vorheriger Monat\",\"nextMonth\":\"N\\u00e4chster Monat\",\"months\":[\"Januar\",\"Februar\",\"M\\u00e4rz\",\"April\",\"Mai\",\"Juni\",\"Juli\",\"August\",\"September\",\"Oktober\",\"November\",\"Dezember\"],\"monthsShort\":[\"Jan.\",\"Feb.\",\"M\\u00e4rz\",\"Apr.\",\"Mai\",\"Juni\",\"Juli\",\"Aug\",\"Sep.\",\"Okt.\",\"Nov.\",\"Dez.\"],\"weekdays\":[\"Sonntag\",\"Montag\",\"Dienstag\",\"Mittwoch\",\"Donnerstag\",\"Freitag\",\"Samstag\"],\"weekdaysShort\":[\"So.\",\"Mo.\",\"Di.\",\"Mi.\",\"Do.\",\"Fr.\",\"Sa.\"],\"weekdaysMin\":[\"So.\",\"Mo.\",\"Di.\",\"Mi.\",\"Do.\",\"Fr.\",\"Sa.\"],\"recaptchaConsentMissing\":\"reCaptcha validation couldn&#039;t load.\",\"recaptchaMissingCookie\":\"reCaptcha v3 validation couldn&#039;t load the cookie needed to submit the form.\",\"recaptchaConsentEvent\":\"Accept reCaptcha cookies before sending the form.\",\"currency_symbol\":\"\",\"beforeForm\":\"\",\"beforeFields\":\"\",\"afterFields\":\"\",\"afterForm\":\"\"};form.fields=[{\"objectType\":\"Field\",\"objectDomain\":\"fields\",\"editActive\":false,\"order\":1,\"idAttribute\":\"id\",\"label\":\"Email\",\"key\":\"email\",\"type\":\"email\",\"created_at\":\"2021-05-31 16:57:06\",\"label_pos\":\"above\",\"required\":1,\"placeholder\":\"Podaj maila, skontaktujemy si\\u0119 z Tob\\u0105\",\"default\":\"\",\"wrapper_class\":\"\",\"element_class\":\"\",\"container_class\":\"\",\"admin_label\":\"\",\"help_text\":\"\",\"desc_text\":\"\",\"wrap_styles_background-color\":\"\",\"wrap_styles_border\":\"\",\"wrap_styles_border-style\":\"\",\"wrap_styles_border-color\":\"\",\"wrap_styles_color\":\"\",\"wrap_styles_height\":\"\",\"wrap_styles_width\":\"\",\"wrap_styles_font-size\":\"\",\"wrap_styles_margin\":\"\",\"wrap_styles_padding\":\"\",\"wrap_styles_display\":\"\",\"wrap_styles_float\":\"\",\"wrap_styles_show_advanced_css\":0,\"wrap_styles_advanced\":\"\",\"label_styles_background-color\":\"\",\"label_styles_border\":\"\",\"label_styles_border-style\":\"\",\"label_styles_border-color\":\"\",\"label_styles_color\":\"\",\"label_styles_height\":\"\",\"label_styles_width\":\"\",\"label_styles_font-size\":\"\",\"label_styles_margin\":\"\",\"label_styles_padding\":\"\",\"label_styles_display\":\"\",\"label_styles_float\":\"\",\"label_styles_show_advanced_css\":0,\"label_styles_advanced\":\"\",\"element_styles_background-color\":\"\",\"element_styles_border\":\"\",\"element_styles_border-style\":\"\",\"element_styles_border-color\":\"\",\"element_styles_color\":\"\",\"element_styles_height\":\"\",\"element_styles_width\":\"\",\"element_styles_font-size\":\"\",\"element_styles_margin\":\"\",\"element_styles_padding\":\"\",\"element_styles_display\":\"\",\"element_styles_float\":\"\",\"element_styles_show_advanced_css\":0,\"element_styles_advanced\":\"\",\"cellcid\":\"c3375\",\"custom_name_attribute\":\"email\",\"personally_identifiable\":1,\"value\":\"\",\"drawerDisabled\":false,\"id\":2,\"beforeField\":\"\",\"afterField\":\"\",\"parentType\":\"email\",\"element_templates\":[\"email\",\"input\"],\"old_classname\":\"\",\"wrap_template\":\"wrap\"},{\"objectType\":\"Field\",\"objectDomain\":\"fields\",\"editActive\":false,\"order\":2,\"idAttribute\":\"id\",\"label\":\"Wy\\u015blij\",\"key\":\"wyslij_1640001513358\",\"type\":\"submit\",\"created_at\":\"2021-05-31 16:57:06\",\"processing_label\":\"Wysy\\u0142anie...\",\"container_class\":\"\",\"element_class\":\"\",\"wrap_styles_background-color\":\"\",\"wrap_styles_border\":\"\",\"wrap_styles_border-style\":\"\",\"wrap_styles_border-color\":\"\",\"wrap_styles_color\":\"\",\"wrap_styles_height\":\"\",\"wrap_styles_width\":\"\",\"wrap_styles_font-size\":\"\",\"wrap_styles_margin\":\"\",\"wrap_styles_padding\":\"\",\"wrap_styles_display\":\"\",\"wrap_styles_float\":\"\",\"wrap_styles_show_advanced_css\":0,\"wrap_styles_advanced\":\"\",\"label_styles_background-color\":\"\",\"label_styles_border\":\"\",\"label_styles_border-style\":\"\",\"label_styles_border-color\":\"\",\"label_styles_color\":\"\",\"label_styles_height\":\"\",\"label_styles_width\":\"\",\"label_styles_font-size\":\"\",\"label_styles_margin\":\"\",\"label_styles_padding\":\"\",\"label_styles_display\":\"\",\"label_styles_float\":\"\",\"label_styles_show_advanced_css\":0,\"label_styles_advanced\":\"\",\"element_styles_background-color\":\"\",\"element_styles_border\":\"\",\"element_styles_border-style\":\"\",\"element_styles_border-color\":\"\",\"element_styles_color\":\"\",\"element_styles_height\":\"\",\"element_styles_width\":\"\",\"element_styles_font-size\":\"\",\"element_styles_margin\":\"\",\"element_styles_padding\":\"\",\"element_styles_display\":\"\",\"element_styles_float\":\"\",\"element_styles_show_advanced_css\":0,\"element_styles_advanced\":\"\",\"submit_element_hover_styles_background-color\":\"\",\"submit_element_hover_styles_border\":\"\",\"submit_element_hover_styles_border-style\":\"\",\"submit_element_hover_styles_border-color\":\"\",\"submit_element_hover_styles_color\":\"\",\"submit_element_hover_styles_height\":\"\",\"submit_element_hover_styles_width\":\"\",\"submit_element_hover_styles_font-size\":\"\",\"submit_element_hover_styles_margin\":\"\",\"submit_element_hover_styles_padding\":\"\",\"submit_element_hover_styles_display\":\"\",\"submit_element_hover_styles_float\":\"\",\"submit_element_hover_styles_show_advanced_css\":0,\"submit_element_hover_styles_advanced\":\"\",\"cellcid\":\"c3378\",\"drawerDisabled\":false,\"id\":4,\"beforeField\":\"\",\"afterField\":\"\",\"value\":\"\",\"label_pos\":\"above\",\"parentType\":\"textbox\",\"element_templates\":[\"submit\",\"button\",\"input\"],\"old_classname\":\"\",\"wrap_template\":\"wrap-no-label\"}];nfForms.push(form);<\/script>\n                <script id=\"nf-tmpl-cell\" type=\"text\/template\">\n            <nf-fields><\/nf-fields>\n        <\/script>\n\n        <script id=\"nf-tmpl-row\" type=\"text\/template\">\n            <nf-cells><\/nf-cells>\n        <\/script>\n\n                <\/div>\r\n    <\/div>\r\n    <div class=\"ctaninja-onm ctaninja-onm-1 rbg\"><\/div>\r\n    <div class=\"ctaninja-onm ctaninja-onm-2 rbg\"><\/div>\r\n<\/section>\n\n\n<p>Na ostateczn\u0105 cen\u0119 \u201eweselnego talerzyka\u201d wp\u0142ywa przede wszystkim:<\/p>\n\n\n\n<ul class=\"wp-block-list\">\n<li>lokalizacja przyj\u0119cia,<\/li>\n\n\n\n<li>temin przyj\u0119cia,<\/li>\n\n\n\n<li>liczba go\u015bci, w tym ilo\u015b\u0107 os\u00f3b doros\u0142ych i dzieci,<\/li>\n\n\n\n<li>sezonowo\u015b\u0107 u\u017cytych sk\u0142adnik\u00f3w,<\/li>\n\n\n\n<li>styl serwowania potraw.<\/li>\n<\/ul>\n\n\n\n<p>Sk\u0142ad &#8222;talerzyka weselnego\u201d powinien zawiera\u0107 przede wszystkim cen\u0119:<\/p>\n\n\n\n<ul class=\"wp-block-list\">\n<li>trzydaniowego obiadu dla go\u015bci,<\/li>\n\n\n\n<li>kawy, herbaty, wody i napoj\u00f3w bezalkoholowych serwowanych do posi\u0142ku oraz dost\u0119pnych w formie bufetu,<\/li>\n\n\n\n<li>\u201ezimnej p\u0142yty\u201d uzupe\u0142nianej na bie\u017c\u0105co przez ca\u0142y czas trwania przyj\u0119cia,<\/li>\n\n\n\n<li>ciep\u0142ych przek\u0105sek serwowanych w r\u00f3wnych odst\u0119pach czasu, a\u017c do zako\u0144czenia przyj\u0119cia.<\/li>\n<\/ul>\n\n\n<section id=\"leonardo-block_a206ecfc4e919841b5ea814a97999af7\" class=\"leonardo page-breaker leonardo-image-left\">\r\n    <div class=\"leonardo-body\">\r\n                <div class=\"leonardo-content\"><p>Koszty \u201etalerzyka weselnego\u201d zawieraj\u0105 tak\u017ce koszt rezerwacji i przygotowania sali, koszty obs\u0142ugi go\u015bci, czyli sta\u0142\u0105 obecno\u015b\u0107 kelner\u00f3w i mened\u017cera sali oraz wynajem sprz\u0119tu \u2013 krzese\u0142, sto\u0142\u00f3w i zastawy.<\/p>\n<p>\u201eTalerzyk weselny\u201d to tak\u017ce koszty korzystania z wszystkich og\u00f3lnodost\u0119pnych pomieszcze\u0144 w lokalu oraz parkingu, a tak\u017ce mo\u017cliwo\u015b\u0107 wniesienia, przechowywania, sch\u0142odzenia i serwowania w\u0142asnego alkoholu, czyli tzw. \u201ekorkowe\u201d.<\/p>\n<\/div>\r\n                    <aside class=\"leonardo-interlink\">\r\n                <b>Polecamy<\/b>\r\n                <a href=\"https:\/\/www.koronakarkonoszy.pl\/blog\/de\/akcesoria-weselne\/\">Akcesoria weselne, kt\u00f3re nadadz\u0105 przyj\u0119ciu niepowtarzalny charakter<\/a>\r\n            <\/aside>\r\n            <\/div>\r\n    <div class=\"leonardo-image\">\r\n        <img loading=\"lazy\" decoding=\"async\" width=\"1024\" height=\"683\" src=\"https:\/\/www.koronakarkonoszy.pl\/blog\/wp-content\/uploads\/2021\/07\/menu_wesele_jesienia.jpg\" class=\"attachment-full size-full\" alt=\"menu wesele jesieni\u0105\" srcset=\"https:\/\/www.koronakarkonoszy.pl\/blog\/wp-content\/uploads\/2021\/07\/menu_wesele_jesienia.jpg 1024w, https:\/\/www.koronakarkonoszy.pl\/blog\/wp-content\/uploads\/2021\/07\/menu_wesele_jesienia-300x200.jpg 300w, https:\/\/www.koronakarkonoszy.pl\/blog\/wp-content\/uploads\/2021\/07\/menu_wesele_jesienia-768x512.jpg 768w\" sizes=\"auto, (max-width: 1024px) 100vw, 1024px\" \/>            <\/div>\r\n<\/section>\n\n\n<h2 class=\"wp-block-heading\" id=\"ha-co-nalezy-doliczyc-do-kosztow-talerzyka-weselnego\">Co nale\u017cy doliczy\u0107 do koszt\u00f3w \u201etalerzyka weselnego\u201d?<\/h2>\n\n\n\n<p>Tort weselny to cz\u0119sto prawdziwe dzie\u0142o sztuki, stanowi\u0105ce odr\u0119bn\u0105 atrakcj\u0119 dla pary m\u0142odej i jej go\u015bci. Najcz\u0119\u015bciej zamawiany jest w wyspecjalizowanej cukierni, a jego wyb\u00f3r poprzedza wieloetapowa faza test\u00f3w smaku i wygl\u0105du. Tort nie tylko stanowi dodatkowy koszt przyj\u0119cia weselnego, ale cz\u0119sto wi\u0105\u017ce si\u0119 tak\u017ce z konieczno\u015bci\u0105 doliczenia dodatkowej op\u0142aty do \u201etalerzyka\u201d za przechowanie i serwowanie tortu.<\/p>\n\n\n\n<p>Jak wspominali\u015bmy, cena \u201etalerzyka weselnego\u201d nie obejmuje koszt\u00f3w alkoholu. Liczba butelek, kt\u00f3re nale\u017cy dostarczy\u0107 na miejsce przyj\u0119cia uzale\u017cniona jest od liczby go\u015bci. Przyjmuje si\u0119, \u017ce na ka\u017cd\u0105 doros\u0142\u0105 osob\u0119 powinno przypada\u0107 minimum p\u00f3\u0142 butelki wina serwowanego do obiadu, p\u00f3\u0142 litra alkoholu wysokoprocentowego oraz kieliszek szampana do toastu. Dodatkowym kosztem jest tak\u017ce obs\u0142uga barma\u0144ska.<\/p>\n\n\n\n<h2 class=\"wp-block-heading\" id=\"ha-czy-mozna-zaoszczedzic-na-talerzyku-weselnym\">Czy mo\u017cna zaoszcz\u0119dzi\u0107 na \u201etalerzyku weselnym\u201d?<\/h2>\n\n\n\n<p>Przyjmuje si\u0119, \u017ce z uwagi na koszty surowc\u00f3w i koszty pracy, cena przyj\u0119cia weselnego \u201eza talerzyk\u201d powinna zaczyna\u0107 si\u0119 od 200 z\u0142, cho\u0107 zdaniem ekspert\u00f3w dopiero cena na poziomie ok. 250 z\u0142 jest gwarancj\u0105 zachowania odpowiedniego standardu poziomu us\u0142ug. Warto pami\u0119ta\u0107, \u017ce cena ta mo\u017ce zasadniczo wzrosn\u0105\u0107, je\u017celi zdecydujemy si\u0119 na wykwintne menu z wykorzystaniem sk\u0142adnik\u00f3w klasy premium. Podobnie specjalistyczne opcje dietetyczne np. menu wegetaria\u0144skie lub wykluczaj\u0105ce okre\u015blone sk\u0142adniki mo\u017ce podwy\u017cszy\u0107 standardow\u0105 cen\u0119 \u201etalerzyka weselnego\u201d.<\/p>\n\n\n<section id=\"leonardo-block_e873c4f338d2396965e00cf9f8844754\" class=\"leonardo page-breaker leonardo-image-right\">\r\n    <div class=\"leonardo-body\">\r\n                <div class=\"leonardo-content\"><p>Szukaj\u0105c oszcz\u0119dno\u015bci koszt\u00f3w weselnych, warto pami\u0119ta\u0107, \u017ce nie zawsze najta\u0144sze opcje w efekcie oka\u017c\u0105 si\u0119 najlepsze. Jako\u015b\u0107 zawsze idzie w parze z cen\u0105, a przyj\u0119cie weselne, jak \u017cadne inne musi spe\u0142nia\u0107 wyg\u00f3rowane oczekiwania zar\u00f3wno pary m\u0142odej, jak i zaproszonych go\u015bci.<\/p>\n<p>Negocjuj\u0105c z organizatorami przyj\u0119cia weselnego warto wykaza\u0107 si\u0119 elastyczno\u015bci\u0105 i ewentualn\u0105 gotowo\u015bci\u0105 na rezygnacj\u0119 z niekt\u00f3rych, mniej istotnych element\u00f3w. Czasem niewielkie zmiany mog\u0105 znacz\u0105co wp\u0142yn\u0105\u0107 na bud\u017cet, bez wp\u0142ywu na og\u00f3lne wra\u017cenia, jakie przyj\u0119cie wywo\u0142a na zaproszonych go\u015bciach.<\/p>\n<\/div>\r\n                    <aside class=\"leonardo-interlink\">\r\n                <b>Polecamy<\/b>\r\n                <a href=\"https:\/\/www.koronakarkonoszy.pl\/blog\/de\/desery-na-wesele\/\">Ciasta i desery na wesele &#8211; jakie poda\u0107?<\/a>\r\n            <\/aside>\r\n            <\/div>\r\n    <div class=\"leonardo-image\">\r\n        <img loading=\"lazy\" decoding=\"async\" width=\"840\" height=\"560\" src=\"https:\/\/www.koronakarkonoszy.pl\/blog\/wp-content\/uploads\/2022\/12\/wesele-wroclaw-Dwor-Korona-piekne-wesele.jpg\" class=\"attachment-full size-full\" alt=\"\" srcset=\"https:\/\/www.koronakarkonoszy.pl\/blog\/wp-content\/uploads\/2022\/12\/wesele-wroclaw-Dwor-Korona-piekne-wesele.jpg 840w, https:\/\/www.koronakarkonoszy.pl\/blog\/wp-content\/uploads\/2022\/12\/wesele-wroclaw-Dwor-Korona-piekne-wesele-300x200.jpg 300w, https:\/\/www.koronakarkonoszy.pl\/blog\/wp-content\/uploads\/2022\/12\/wesele-wroclaw-Dwor-Korona-piekne-wesele-768x512.jpg 768w\" sizes=\"auto, (max-width: 840px) 100vw, 840px\" \/>            <\/div>\r\n<\/section>\n\n\n<p><\/p>\n","protected":false},"excerpt":{"rendered":"<p>Tradycyjny obiad, zimny bufet, gor\u0105ce przek\u0105ski oraz wyb\u00f3r napoj\u00f3w bezalkoholowych \u2013 ceny posi\u0142k\u00f3w na weselu to zaledwie u\u0142amek koszt\u00f3w wliczanych w ramach standardowego \u201etalerzyka weselnego\u201d. Doliczy\u0107 nale\u017cy przede wszystkim koszty wynajmu i przygotowania sali, a tak\u017ce profesjonaln\u0105 obs\u0142ug\u0119 go\u015bci, a to i tak nie koniec. Takie globalne spojrzenie na sk\u0142ad \u201etalerzyka weselnego\u201d, w konfrontacji z [&hellip;]<\/p>\n","protected":false},"author":4,"featured_media":11579,"comment_status":"open","ping_status":"open","sticky":false,"template":"","format":"standard","meta":{"_acf_changed":false,"footnotes":""},"categories":[2],"class_list":["post-11578","post","type-post","status-publish","format-standard","has-post-thumbnail","hentry","category-porady"],"acf":[],"yoast_head":"<!-- This site is optimized with the Yoast SEO plugin v27.5 - https:\/\/yoast.com\/product\/yoast-seo-wordpress\/ -->\n<title>Co wchodzi w sk\u0142ad \u201etalerzyka weselnego\u201d? - :: Blog weselny<\/title>\n<meta name=\"description\" content=\"Ceny posi\u0142k\u00f3w na weselu to zaledwie u\u0142amek koszt\u00f3w, je\u015bli chodzi o sk\u0142ad talerzyka weselnego. Co jeszcze wp\u0142ywa na cen\u0119? Wyja\u015bniamy!\" \/>\n<meta name=\"robots\" content=\"index, follow, max-snippet:-1, max-image-preview:large, max-video-preview:-1\" \/>\n<link rel=\"canonical\" href=\"https:\/\/www.koronakarkonoszy.pl\/blog\/de\/zusammensetzung-der-hochzeitstafel\/\" \/>\n<meta property=\"og:locale\" content=\"de_DE\" \/>\n<meta property=\"og:type\" content=\"article\" \/>\n<meta property=\"og:title\" content=\"Co wchodzi w sk\u0142ad \u201etalerzyka weselnego\u201d? - :: Blog weselny\" \/>\n<meta property=\"og:description\" content=\"Ceny posi\u0142k\u00f3w na weselu to zaledwie u\u0142amek koszt\u00f3w, je\u015bli chodzi o sk\u0142ad talerzyka weselnego. Co jeszcze wp\u0142ywa na cen\u0119? Wyja\u015bniamy!\" \/>\n<meta property=\"og:url\" content=\"https:\/\/www.koronakarkonoszy.pl\/blog\/de\/zusammensetzung-der-hochzeitstafel\/\" \/>\n<meta property=\"og:site_name\" content=\":: Blog weselny\" \/>\n<meta property=\"article:published_time\" content=\"2024-10-15T08:56:48+00:00\" \/>\n<meta property=\"article:modified_time\" content=\"2024-11-07T09:28:19+00:00\" \/>\n<meta property=\"og:image\" content=\"https:\/\/www.koronakarkonoszy.pl\/blog\/wp-content\/uploads\/2024\/11\/Co-wchodzi-w-sklad-talerzyka-weselnego.jpg\" \/>\n\t<meta property=\"og:image:width\" content=\"1000\" \/>\n\t<meta property=\"og:image:height\" content=\"640\" \/>\n\t<meta property=\"og:image:type\" content=\"image\/jpeg\" \/>\n<meta name=\"author\" content=\"Maria Szruba\" \/>\n<meta name=\"twitter:card\" content=\"summary_large_image\" \/>\n<meta name=\"twitter:label1\" content=\"Verfasst von\" \/>\n\t<meta name=\"twitter:data1\" content=\"Maria Szruba\" \/>\n\t<meta name=\"twitter:label2\" content=\"Gesch\u00e4tzte Lesezeit\" \/>\n\t<meta name=\"twitter:data2\" content=\"3\u00a0Minuten\" \/>\n<script type=\"application\/ld+json\" class=\"yoast-schema-graph\">{\"@context\":\"https:\\\/\\\/schema.org\",\"@graph\":[{\"@type\":\"Article\",\"@id\":\"https:\\\/\\\/www.koronakarkonoszy.pl\\\/blog\\\/sklad-talerzyka-weselnego\\\/#article\",\"isPartOf\":{\"@id\":\"https:\\\/\\\/www.koronakarkonoszy.pl\\\/blog\\\/sklad-talerzyka-weselnego\\\/\"},\"author\":{\"name\":\"Maria Szruba\",\"@id\":\"https:\\\/\\\/www.koronakarkonoszy.pl\\\/blog\\\/#\\\/schema\\\/person\\\/c3d9d467cc9af49e50c67be561c643eb\"},\"headline\":\"Co wchodzi w sk\u0142ad \u201etalerzyka weselnego\u201d?\",\"datePublished\":\"2024-10-15T08:56:48+00:00\",\"dateModified\":\"2024-11-07T09:28:19+00:00\",\"mainEntityOfPage\":{\"@id\":\"https:\\\/\\\/www.koronakarkonoszy.pl\\\/blog\\\/sklad-talerzyka-weselnego\\\/\"},\"wordCount\":503,\"commentCount\":0,\"image\":{\"@id\":\"https:\\\/\\\/www.koronakarkonoszy.pl\\\/blog\\\/sklad-talerzyka-weselnego\\\/#primaryimage\"},\"thumbnailUrl\":\"https:\\\/\\\/www.koronakarkonoszy.pl\\\/blog\\\/wp-content\\\/uploads\\\/2024\\\/11\\\/Co-wchodzi-w-sklad-talerzyka-weselnego.jpg\",\"articleSection\":[\"Porady\"],\"inLanguage\":\"de\",\"potentialAction\":[{\"@type\":\"CommentAction\",\"name\":\"Comment\",\"target\":[\"https:\\\/\\\/www.koronakarkonoszy.pl\\\/blog\\\/sklad-talerzyka-weselnego\\\/#respond\"]}]},{\"@type\":\"WebPage\",\"@id\":\"https:\\\/\\\/www.koronakarkonoszy.pl\\\/blog\\\/sklad-talerzyka-weselnego\\\/\",\"url\":\"https:\\\/\\\/www.koronakarkonoszy.pl\\\/blog\\\/sklad-talerzyka-weselnego\\\/\",\"name\":\"Co wchodzi w sk\u0142ad \u201etalerzyka weselnego\u201d? - :: Blog weselny\",\"isPartOf\":{\"@id\":\"https:\\\/\\\/www.koronakarkonoszy.pl\\\/blog\\\/#website\"},\"primaryImageOfPage\":{\"@id\":\"https:\\\/\\\/www.koronakarkonoszy.pl\\\/blog\\\/sklad-talerzyka-weselnego\\\/#primaryimage\"},\"image\":{\"@id\":\"https:\\\/\\\/www.koronakarkonoszy.pl\\\/blog\\\/sklad-talerzyka-weselnego\\\/#primaryimage\"},\"thumbnailUrl\":\"https:\\\/\\\/www.koronakarkonoszy.pl\\\/blog\\\/wp-content\\\/uploads\\\/2024\\\/11\\\/Co-wchodzi-w-sklad-talerzyka-weselnego.jpg\",\"datePublished\":\"2024-10-15T08:56:48+00:00\",\"dateModified\":\"2024-11-07T09:28:19+00:00\",\"author\":{\"@id\":\"https:\\\/\\\/www.koronakarkonoszy.pl\\\/blog\\\/#\\\/schema\\\/person\\\/c3d9d467cc9af49e50c67be561c643eb\"},\"description\":\"Ceny posi\u0142k\u00f3w na weselu to zaledwie u\u0142amek koszt\u00f3w, je\u015bli chodzi o sk\u0142ad talerzyka weselnego. Co jeszcze wp\u0142ywa na cen\u0119? Wyja\u015bniamy!\",\"breadcrumb\":{\"@id\":\"https:\\\/\\\/www.koronakarkonoszy.pl\\\/blog\\\/sklad-talerzyka-weselnego\\\/#breadcrumb\"},\"inLanguage\":\"de\",\"potentialAction\":[{\"@type\":\"ReadAction\",\"target\":[\"https:\\\/\\\/www.koronakarkonoszy.pl\\\/blog\\\/sklad-talerzyka-weselnego\\\/\"]}]},{\"@type\":\"ImageObject\",\"inLanguage\":\"de\",\"@id\":\"https:\\\/\\\/www.koronakarkonoszy.pl\\\/blog\\\/sklad-talerzyka-weselnego\\\/#primaryimage\",\"url\":\"https:\\\/\\\/www.koronakarkonoszy.pl\\\/blog\\\/wp-content\\\/uploads\\\/2024\\\/11\\\/Co-wchodzi-w-sklad-talerzyka-weselnego.jpg\",\"contentUrl\":\"https:\\\/\\\/www.koronakarkonoszy.pl\\\/blog\\\/wp-content\\\/uploads\\\/2024\\\/11\\\/Co-wchodzi-w-sklad-talerzyka-weselnego.jpg\",\"width\":1000,\"height\":640},{\"@type\":\"BreadcrumbList\",\"@id\":\"https:\\\/\\\/www.koronakarkonoszy.pl\\\/blog\\\/sklad-talerzyka-weselnego\\\/#breadcrumb\",\"itemListElement\":[{\"@type\":\"ListItem\",\"position\":1,\"name\":\"Strona g\u0142\u00f3wna\",\"item\":\"https:\\\/\\\/www.koronakarkonoszy.pl\\\/blog\\\/\"},{\"@type\":\"ListItem\",\"position\":2,\"name\":\"Co wchodzi w sk\u0142ad \u201etalerzyka weselnego\u201d?\"}]},{\"@type\":\"WebSite\",\"@id\":\"https:\\\/\\\/www.koronakarkonoszy.pl\\\/blog\\\/#website\",\"url\":\"https:\\\/\\\/www.koronakarkonoszy.pl\\\/blog\\\/\",\"name\":\":: Blog weselny\",\"description\":\"Blog weselny Dw\u00f3r Korona Karkonoszy\",\"potentialAction\":[{\"@type\":\"SearchAction\",\"target\":{\"@type\":\"EntryPoint\",\"urlTemplate\":\"https:\\\/\\\/www.koronakarkonoszy.pl\\\/blog\\\/?s={search_term_string}\"},\"query-input\":{\"@type\":\"PropertyValueSpecification\",\"valueRequired\":true,\"valueName\":\"search_term_string\"}}],\"inLanguage\":\"de\"},{\"@type\":\"Person\",\"@id\":\"https:\\\/\\\/www.koronakarkonoszy.pl\\\/blog\\\/#\\\/schema\\\/person\\\/c3d9d467cc9af49e50c67be561c643eb\",\"name\":\"Maria Szruba\",\"image\":{\"@type\":\"ImageObject\",\"inLanguage\":\"de\",\"@id\":\"https:\\\/\\\/www.koronakarkonoszy.pl\\\/blog\\\/wp-content\\\/litespeed\\\/avatar\\\/d0fe7fde2b2277621e0a2904789bab14.jpg?ver=1777440145\",\"url\":\"https:\\\/\\\/www.koronakarkonoszy.pl\\\/blog\\\/wp-content\\\/litespeed\\\/avatar\\\/d0fe7fde2b2277621e0a2904789bab14.jpg?ver=1777440145\",\"contentUrl\":\"https:\\\/\\\/www.koronakarkonoszy.pl\\\/blog\\\/wp-content\\\/litespeed\\\/avatar\\\/d0fe7fde2b2277621e0a2904789bab14.jpg?ver=1777440145\",\"caption\":\"Maria Szruba\"},\"url\":\"https:\\\/\\\/www.koronakarkonoszy.pl\\\/blog\\\/de\\\/author\\\/m-szruba\\\/\"}]}<\/script>\n<!-- \/ Yoast SEO plugin. -->","yoast_head_json":{"title":"Was geh\u00f6rt auf einen \"Hochzeitsteller\"? - :: Hochzeits-Blog","description":"Die Preise f\u00fcr die Mahlzeiten bei Hochzeiten sind nur ein Bruchteil der Kosten, wenn es um die Zusammensetzung des Hochzeitstellers geht. Was beeinflusst noch den Preis? Wir erkl\u00e4ren es!","robots":{"index":"index","follow":"follow","max-snippet":"max-snippet:-1","max-image-preview":"max-image-preview:large","max-video-preview":"max-video-preview:-1"},"canonical":"https:\/\/www.koronakarkonoszy.pl\/blog\/de\/zusammensetzung-der-hochzeitstafel\/","og_locale":"de_DE","og_type":"article","og_title":"Co wchodzi w sk\u0142ad \u201etalerzyka weselnego\u201d? - :: Blog weselny","og_description":"Ceny posi\u0142k\u00f3w na weselu to zaledwie u\u0142amek koszt\u00f3w, je\u015bli chodzi o sk\u0142ad talerzyka weselnego. Co jeszcze wp\u0142ywa na cen\u0119? Wyja\u015bniamy!","og_url":"https:\/\/www.koronakarkonoszy.pl\/blog\/de\/zusammensetzung-der-hochzeitstafel\/","og_site_name":":: Blog weselny","article_published_time":"2024-10-15T08:56:48+00:00","article_modified_time":"2024-11-07T09:28:19+00:00","og_image":[{"width":1000,"height":640,"url":"https:\/\/www.koronakarkonoszy.pl\/blog\/wp-content\/uploads\/2024\/11\/Co-wchodzi-w-sklad-talerzyka-weselnego.jpg","type":"image\/jpeg"}],"author":"Maria Szruba","twitter_card":"summary_large_image","twitter_misc":{"Verfasst von":"Maria Szruba","Gesch\u00e4tzte Lesezeit":"3\u00a0Minuten"},"schema":{"@context":"https:\/\/schema.org","@graph":[{"@type":"Article","@id":"https:\/\/www.koronakarkonoszy.pl\/blog\/sklad-talerzyka-weselnego\/#article","isPartOf":{"@id":"https:\/\/www.koronakarkonoszy.pl\/blog\/sklad-talerzyka-weselnego\/"},"author":{"name":"Maria Szruba","@id":"https:\/\/www.koronakarkonoszy.pl\/blog\/#\/schema\/person\/c3d9d467cc9af49e50c67be561c643eb"},"headline":"Co wchodzi w sk\u0142ad \u201etalerzyka weselnego\u201d?","datePublished":"2024-10-15T08:56:48+00:00","dateModified":"2024-11-07T09:28:19+00:00","mainEntityOfPage":{"@id":"https:\/\/www.koronakarkonoszy.pl\/blog\/sklad-talerzyka-weselnego\/"},"wordCount":503,"commentCount":0,"image":{"@id":"https:\/\/www.koronakarkonoszy.pl\/blog\/sklad-talerzyka-weselnego\/#primaryimage"},"thumbnailUrl":"https:\/\/www.koronakarkonoszy.pl\/blog\/wp-content\/uploads\/2024\/11\/Co-wchodzi-w-sklad-talerzyka-weselnego.jpg","articleSection":["Porady"],"inLanguage":"de","potentialAction":[{"@type":"CommentAction","name":"Comment","target":["https:\/\/www.koronakarkonoszy.pl\/blog\/sklad-talerzyka-weselnego\/#respond"]}]},{"@type":"WebPage","@id":"https:\/\/www.koronakarkonoszy.pl\/blog\/sklad-talerzyka-weselnego\/","url":"https:\/\/www.koronakarkonoszy.pl\/blog\/sklad-talerzyka-weselnego\/","name":"Was geh\u00f6rt auf einen \"Hochzeitsteller\"? - :: Hochzeits-Blog","isPartOf":{"@id":"https:\/\/www.koronakarkonoszy.pl\/blog\/#website"},"primaryImageOfPage":{"@id":"https:\/\/www.koronakarkonoszy.pl\/blog\/sklad-talerzyka-weselnego\/#primaryimage"},"image":{"@id":"https:\/\/www.koronakarkonoszy.pl\/blog\/sklad-talerzyka-weselnego\/#primaryimage"},"thumbnailUrl":"https:\/\/www.koronakarkonoszy.pl\/blog\/wp-content\/uploads\/2024\/11\/Co-wchodzi-w-sklad-talerzyka-weselnego.jpg","datePublished":"2024-10-15T08:56:48+00:00","dateModified":"2024-11-07T09:28:19+00:00","author":{"@id":"https:\/\/www.koronakarkonoszy.pl\/blog\/#\/schema\/person\/c3d9d467cc9af49e50c67be561c643eb"},"description":"Die Preise f\u00fcr die Mahlzeiten bei Hochzeiten sind nur ein Bruchteil der Kosten, wenn es um die Zusammensetzung des Hochzeitstellers geht. Was beeinflusst noch den Preis? Wir erkl\u00e4ren es!","breadcrumb":{"@id":"https:\/\/www.koronakarkonoszy.pl\/blog\/sklad-talerzyka-weselnego\/#breadcrumb"},"inLanguage":"de","potentialAction":[{"@type":"ReadAction","target":["https:\/\/www.koronakarkonoszy.pl\/blog\/sklad-talerzyka-weselnego\/"]}]},{"@type":"ImageObject","inLanguage":"de","@id":"https:\/\/www.koronakarkonoszy.pl\/blog\/sklad-talerzyka-weselnego\/#primaryimage","url":"https:\/\/www.koronakarkonoszy.pl\/blog\/wp-content\/uploads\/2024\/11\/Co-wchodzi-w-sklad-talerzyka-weselnego.jpg","contentUrl":"https:\/\/www.koronakarkonoszy.pl\/blog\/wp-content\/uploads\/2024\/11\/Co-wchodzi-w-sklad-talerzyka-weselnego.jpg","width":1000,"height":640},{"@type":"BreadcrumbList","@id":"https:\/\/www.koronakarkonoszy.pl\/blog\/sklad-talerzyka-weselnego\/#breadcrumb","itemListElement":[{"@type":"ListItem","position":1,"name":"Strona g\u0142\u00f3wna","item":"https:\/\/www.koronakarkonoszy.pl\/blog\/"},{"@type":"ListItem","position":2,"name":"Co wchodzi w sk\u0142ad \u201etalerzyka weselnego\u201d?"}]},{"@type":"WebSite","@id":"https:\/\/www.koronakarkonoszy.pl\/blog\/#website","url":"https:\/\/www.koronakarkonoszy.pl\/blog\/","name":":: Hochzeitsblog","description":"Hochzeitsblog Dw\u00f3r Korona Karkonosze","potentialAction":[{"@type":"SearchAction","target":{"@type":"EntryPoint","urlTemplate":"https:\/\/www.koronakarkonoszy.pl\/blog\/?s={search_term_string}"},"query-input":{"@type":"PropertyValueSpecification","valueRequired":true,"valueName":"search_term_string"}}],"inLanguage":"de"},{"@type":"Person","@id":"https:\/\/www.koronakarkonoszy.pl\/blog\/#\/schema\/person\/c3d9d467cc9af49e50c67be561c643eb","name":"Maria Szruba","image":{"@type":"ImageObject","inLanguage":"de","@id":"https:\/\/www.koronakarkonoszy.pl\/blog\/wp-content\/litespeed\/avatar\/d0fe7fde2b2277621e0a2904789bab14.jpg?ver=1777440145","url":"https:\/\/www.koronakarkonoszy.pl\/blog\/wp-content\/litespeed\/avatar\/d0fe7fde2b2277621e0a2904789bab14.jpg?ver=1777440145","contentUrl":"https:\/\/www.koronakarkonoszy.pl\/blog\/wp-content\/litespeed\/avatar\/d0fe7fde2b2277621e0a2904789bab14.jpg?ver=1777440145","caption":"Maria Szruba"},"url":"https:\/\/www.koronakarkonoszy.pl\/blog\/de\/author\/m-szruba\/"}]}},"_links":{"self":[{"href":"https:\/\/www.koronakarkonoszy.pl\/blog\/de\/wp-json\/wp\/v2\/posts\/11578","targetHints":{"allow":["GET"]}}],"collection":[{"href":"https:\/\/www.koronakarkonoszy.pl\/blog\/de\/wp-json\/wp\/v2\/posts"}],"about":[{"href":"https:\/\/www.koronakarkonoszy.pl\/blog\/de\/wp-json\/wp\/v2\/types\/post"}],"author":[{"embeddable":true,"href":"https:\/\/www.koronakarkonoszy.pl\/blog\/de\/wp-json\/wp\/v2\/users\/4"}],"replies":[{"embeddable":true,"href":"https:\/\/www.koronakarkonoszy.pl\/blog\/de\/wp-json\/wp\/v2\/comments?post=11578"}],"version-history":[{"count":5,"href":"https:\/\/www.koronakarkonoszy.pl\/blog\/de\/wp-json\/wp\/v2\/posts\/11578\/revisions"}],"predecessor-version":[{"id":11591,"href":"https:\/\/www.koronakarkonoszy.pl\/blog\/de\/wp-json\/wp\/v2\/posts\/11578\/revisions\/11591"}],"wp:featuredmedia":[{"embeddable":true,"href":"https:\/\/www.koronakarkonoszy.pl\/blog\/de\/wp-json\/wp\/v2\/media\/11579"}],"wp:attachment":[{"href":"https:\/\/www.koronakarkonoszy.pl\/blog\/de\/wp-json\/wp\/v2\/media?parent=11578"}],"wp:term":[{"taxonomy":"category","embeddable":true,"href":"https:\/\/www.koronakarkonoszy.pl\/blog\/de\/wp-json\/wp\/v2\/categories?post=11578"}],"curies":[{"name":"wp","href":"https:\/\/api.w.org\/{rel}","templated":true}]}}