{"id":828,"date":"2024-08-09T17:15:00","date_gmt":"2024-08-09T15:15:00","guid":{"rendered":"https:\/\/www.koronakarkonoszy.pl\/blog-dla-firm\/?p=828"},"modified":"2024-12-11T10:53:16","modified_gmt":"2024-12-11T09:53:16","slug":"miejsce-na-szkolenie","status":"publish","type":"post","link":"https:\/\/www.koronakarkonoszy.pl\/blog-dla-firm\/en\/miejsce-na-szkolenie\/","title":{"rendered":"Miejsce na szkolenie &#8211; jak wybra\u0107 idealne?"},"content":{"rendered":"\n<p>Jednym z element\u00f3w, kt\u00f3ry kszta\u0142tuje zesp\u00f3\u0142, s\u0105 szkolenia. Cyklicznie organizowane spotkania zbuduj\u0105 siln\u0105, sprawnie funkcjonuj\u0105c\u0105 grup\u0119 pracownicz\u0105, kt\u00f3ra doskonale zna si\u0119 na tym, co robi i osi\u0105ga sukcesy na rynku. Organizacja szkolenia to nie\u0142atwe zadanie. Wi\u0105\u017ce si\u0119 z d\u0142ugim okresem przygotowa\u0144, podczas kt\u00f3rych mi\u0119dzy innymi trzeba znale\u017a\u0107 odpowiedni\u0105 sal\u0119 szkoleniow\u0105. Jak powinno wygl\u0105da\u0107 idealne miejsce na szkolenie? Na co zwr\u00f3ci\u0107 uwag\u0119 przy wyborze takiego obiektu?<\/p>\n\n\n\n<p><strong>Czego si\u0119 dowiesz z artyku\u0142u? <\/strong><\/p>\n\n\n\n<p>Idealne miejsce na szkolenie, czyli jakie? Czy lepiej zorganizowa\u0107 szkolenie wyjazdowe, czy mo\u017ce w siedzibie firmy? Jakie atrakcje powinno oferowa\u0107 miejsce na szkolenie, aby zapewni\u0107 uczestnikom nie tylko wiedz\u0119, ale i rozrywk\u0119? Je\u015bli te pytania zaprz\u0105taj\u0105 Twoje my\u015bli, to trafi\u0142e\u015b we w\u0142a\u015bciwe miejsce.<\/p>\n\n\n\n<p>Wyb\u00f3r odpowiedniego miejsca na szkolenie to kluczowy element, kt\u00f3ry mo\u017ce zadecydowa\u0107 o sukcesie ca\u0142ego wydarzenia. Niezale\u017cnie od tego, czy planujesz kr\u00f3tki warsztat dla kilku pracownik\u00f3w, czy kilkudniowe szkolenie dla ca\u0142ego zespo\u0142u, warto po\u015bwi\u0119ci\u0107 czas na dok\u0142adne przemy\u015blenie lokalizacji.<\/p>\n\n\n\n<p>W tym wpisie podzielimy si\u0119 wskaz\u00f3wkami i najlepszymi praktykami dotycz\u0105cymi wyboru miejsca na szkolenie. Zajmiemy si\u0119 takimi tematami jak:<\/p>\n\n\n<div id=\"ariadna-block_afe9a646f6beea695478f032591bd5e8\" class=\"ariadna\">\n    <ul><li><a href=\"#h-idealne-miejsce-na-szkolenie-czyli-jakie\">Idealne miejsce na szkolenie, czyli jakie?<\/a><\/li><li><a href=\"#h-szkolenie-dla-firm-wyjazdowo-czy-w-siedzibie-firmy\">Szkolenie dla firm &#8211; wyjazdowo czy w siedzibie firmy?<\/a><\/li><li><a href=\"#h-miejsce-na-szkolenie-i-dostepne-atrakcje-co-wybrac\">Miejsce na szkolenie i dost\u0119pne atrakcje &#8211; co wybra\u0107?<\/a><\/li><li><a href=\"#h-jak-znalezc-miejsce-na-szkolenie-kilkudniowe\">Jak znale\u017a\u0107 miejsce na szkolenie kilkudniowe?<\/a><\/li><li><a href=\"#h-dobre-miejsce-na-szkolenie-jak-wybrac-lokalizacje\">Dobre miejsce na szkolenie \u2013 jak wybra\u0107 lokalizacj\u0119?<\/a><\/li><\/ul>\n<\/div>\n\n\n\n\n\n\n<figure class=\"wp-block-image size-large is-resized\"><a href=\"https:\/\/www.koronakarkonoszy.pl\/konfigurator-imprez\/\" target=\"_blank\" rel=\"noreferrer noopener\"><img loading=\"lazy\" decoding=\"async\" width=\"1024\" height=\"510\" src=\"https:\/\/www.koronakarkonoszy.pl\/blog-dla-firm\/wp-content\/uploads\/2023\/11\/DKK-konfigurator_01-1024x510.jpg\" alt=\"Konfigurator imprez firmowych agencji eventowej Dw\u00f3r Korona Karkonoszy\" class=\"wp-image-7804\" style=\"width:855px;height:auto\" title=\"Konfigurator imprez firmowych agencji eventowej \" srcset=\"https:\/\/www.koronakarkonoszy.pl\/blog-dla-firm\/wp-content\/uploads\/2023\/11\/DKK-konfigurator_01-1024x510.jpg 1024w, https:\/\/www.koronakarkonoszy.pl\/blog-dla-firm\/wp-content\/uploads\/2023\/11\/DKK-konfigurator_01-300x150.jpg 300w, https:\/\/www.koronakarkonoszy.pl\/blog-dla-firm\/wp-content\/uploads\/2023\/11\/DKK-konfigurator_01-768x383.jpg 768w, https:\/\/www.koronakarkonoszy.pl\/blog-dla-firm\/wp-content\/uploads\/2023\/11\/DKK-konfigurator_01-1920x957.jpg 1920w, https:\/\/www.koronakarkonoszy.pl\/blog-dla-firm\/wp-content\/uploads\/2023\/11\/DKK-konfigurator_01-1536x766.jpg 1536w, https:\/\/www.koronakarkonoszy.pl\/blog-dla-firm\/wp-content\/uploads\/2023\/11\/DKK-konfigurator_01-18x9.jpg 18w, https:\/\/www.koronakarkonoszy.pl\/blog-dla-firm\/wp-content\/uploads\/2023\/11\/DKK-konfigurator_01.jpg 2040w\" sizes=\"auto, (max-width: 1024px) 100vw, 1024px\" \/><\/a><\/figure>\n\n\n\n<h2 class=\"wp-block-heading\" id=\"h-idealne-miejsce-na-szkolenie-czyli-jakie\">Idealne miejsce na szkolenie, czyli jakie?<\/h2>\n\n\n\n<p>Regularne <a href=\"https:\/\/www.koronakarkonoszy.pl\/blog-dla-firm\/efektywne-szkolenie-dla-pracownikow-jak-je-zorganizowac\/\" target=\"_blank\" rel=\"noreferrer noopener\">szkolenia<\/a> firmowe to klucz do sukcesu! Takie spotkania to doskona\u0142y spos\u00f3b na to, aby przekaza\u0107 pracownikom pot\u0119\u017cn\u0105 dawk\u0119 przydatnej wiedzy o produktach czy us\u0142ugach oferowanych przez firm\u0119, nowych systemach czy innych wa\u017cnych sprawach zwi\u0105zanych z biznesem. Szkolenia organizuje si\u0119 r\u00f3wnie\u017c po to, aby poprawi\u0107 komunikacj\u0119 mi\u0119dzy pracownikami, zwi\u0119kszy\u0107 ich motywacj\u0119 do pracy, czy te\u017c nauczy\u0107 skutecznych metod radzenia sobie z przewlek\u0142ym stresem, zwi\u0105zanym z codziennymi obowi\u0105zkami s\u0142u\u017cbowymi.<\/p>\n\n\n\n<figure class=\"wp-block-image size-large\"><a href=\"https:\/\/www.koronakarkonoszy.pl\/imprezy-firmowe\/\" target=\"_blank\" rel=\"noreferrer noopener\"><img loading=\"lazy\" decoding=\"async\" width=\"1024\" height=\"512\" src=\"https:\/\/www.koronakarkonoszy.pl\/blog-dla-firm\/wp-content\/uploads\/2021\/07\/imprezy_firmowe_DKK-1024x512.jpg\" alt=\"\" class=\"wp-image-3006\" srcset=\"https:\/\/www.koronakarkonoszy.pl\/blog-dla-firm\/wp-content\/uploads\/2021\/07\/imprezy_firmowe_DKK-1024x512.jpg 1024w, https:\/\/www.koronakarkonoszy.pl\/blog-dla-firm\/wp-content\/uploads\/2021\/07\/imprezy_firmowe_DKK-300x150.jpg 300w, https:\/\/www.koronakarkonoszy.pl\/blog-dla-firm\/wp-content\/uploads\/2021\/07\/imprezy_firmowe_DKK-768x384.jpg 768w, https:\/\/www.koronakarkonoszy.pl\/blog-dla-firm\/wp-content\/uploads\/2021\/07\/imprezy_firmowe_DKK.jpg 1200w\" sizes=\"auto, (max-width: 1024px) 100vw, 1024px\" \/><\/a><\/figure>\n\n\n\n<p>Kompleksowa <a href=\"https:\/\/www.koronakarkonoszy.pl\/blog-dla-firm\/organizacja-konferencji-dla-firm-jak-zrobic-to-dobrze\/\" target=\"_blank\" rel=\"noreferrer noopener\">organizacja<\/a> szkolenia wymaga sporo pracy i zaanga\u017cowania. Trzeba ustali\u0107 optymaln\u0105 dat\u0119, przygotowa\u0107 szczeg\u00f3\u0142owy plan spotkania i wyczerpuj\u0105ce materia\u0142y szkoleniowe, a tak\u017ce zaprosi\u0107 uczestnik\u00f3w i ekspert\u00f3w. Wa\u017cn\u0105 kwesti\u0105 jest r\u00f3wnie\u017c znalezienie sali szkoleniowej.<\/p>\n\n\n\n<p>Idealne miejsce na szkolenie powinno by\u0107 funkcjonalne, ergonomiczne, a jednocze\u015bnie komfortowe. Uczestnicy spotkania musz\u0105 czu\u0107 si\u0119 swobodnie podczas kilku (czasem nawet kilkunastu) godzin sp\u0119dzonych w sali szkoleniowej. W pomieszczeniu nie mo\u017ce zabrakn\u0105\u0107 niezb\u0119dnych udogodnie\u0144, kt\u00f3re zapewni\u0105 pracownikom pe\u0142n\u0105 wygod\u0119 i pozwol\u0105 na sprawne i efektywne prowadzenie szkolenia. W sali szkoleniowej powinny znale\u017a\u0107 si\u0119 takie elementy jak:<\/p>\n\n\n\n<ul class=\"wp-block-list\">\n<li>odpowiednie meble (wygodne krzes\u0142a, fotele, sto\u0142y),<\/li>\n\n\n\n<li>projektor i inne urz\u0105dzenia potrzebne do przedstawienia prezentacji szkoleniowej,<\/li>\n\n\n\n<li>klimatyzacja.<\/li>\n<\/ul>\n\n\n<section id=\"leonardo-block_80a92ac31e2f294961395b4310c8874f\" class=\"leonardo page-breaker leonardo-image-left\">\n    <div class=\"leonardo-body\">\n                <div class=\"leonardo-content\"><h3 id=\"ha-miejsce-na-szkolenie\">Miejsce na szkolenie<\/h3>\n<p><a href=\"https:\/\/www.koronakarkonoszy.pl\/blog-dla-firm\/miejsce-na-event\/\" target=\"_blank\" rel=\"noopener\">Miejsce<\/a> na szkolenie przede wszystkim powinno by\u0107 dopasowane do charakteru spotkania. Przed rozpocz\u0119ciem poszukiwa\u0144 idealnej lokalizacji przede wszystkim nale\u017cy okre\u015bli\u0107 cel szkolenia. Na tradycyjn\u0105 konferencj\u0119 przedstawiaj\u0105c\u0105 nowy produkt czy us\u0142ug\u0119 doskonale sprawdzi si\u0119 klasyczna sala konferencyjna wyposa\u017cona w wygodne krzes\u0142a oraz w projektor i ekran do wy\u015bwietlania prezentacji. <a href=\"https:\/\/www.koronakarkonoszy.pl\/blog-dla-firm\/co-zawiera-w-sobie-impreza-turystyczna-wyjazd-integracyjny-szkolenie\/\" target=\"_blank\" rel=\"noopener\">Szkolenie<\/a> integracyjne (kt\u00f3rego celem jest rozwi\u0105zanie problem\u00f3w, z kt\u00f3rymi boryka si\u0119 <a href=\"https:\/\/www.koronakarkonoszy.pl\/blog-dla-firm\/budowanie-zespolu-kompleksowy-przewodnik-po-skutecznym-team-buildingu\/\" target=\"_blank\" rel=\"noopener\">zesp\u00f3\u0142 pracowniczy<\/a>) mo\u017cna zorganizowa\u0107 zar\u00f3wno w sali szkoleniowej, jak i w przytulnym obiekcie wypoczynkowym lub w plenerze \u2013 na przyk\u0142ad w eleganckim ogrodzie przynale\u017c\u0105cym do <a href=\"https:\/\/www.koronakarkonoszy.pl\/blog-dla-firm\/hotel-na-imprezy-integracyjne-kiedy-i-w-jakich-sytuacjach-sie-sprawdzi\/\" target=\"_blank\" rel=\"noopener\">hotelu<\/a>, dworku czy restauracji.<\/p>\n<\/div>\n            <\/div>\n    <div class=\"leonardo-image\">\n        <img loading=\"lazy\" decoding=\"async\" width=\"2560\" height=\"1707\" src=\"https:\/\/www.koronakarkonoszy.pl\/blog-dla-firm\/wp-content\/uploads\/2022\/11\/Sala-Szkoleniowa-Refektarz-4-scaled.jpg\" class=\"attachment-full size-full\" alt=\"Sala Szkoleniowa Refektarz w Dworze Korona Karkonoszy, spotkanie firmowe\" srcset=\"https:\/\/www.koronakarkonoszy.pl\/blog-dla-firm\/wp-content\/uploads\/2022\/11\/Sala-Szkoleniowa-Refektarz-4-scaled.jpg 2560w, https:\/\/www.koronakarkonoszy.pl\/blog-dla-firm\/wp-content\/uploads\/2022\/11\/Sala-Szkoleniowa-Refektarz-4-300x200.jpg 300w, https:\/\/www.koronakarkonoszy.pl\/blog-dla-firm\/wp-content\/uploads\/2022\/11\/Sala-Szkoleniowa-Refektarz-4-1024x683.jpg 1024w, https:\/\/www.koronakarkonoszy.pl\/blog-dla-firm\/wp-content\/uploads\/2022\/11\/Sala-Szkoleniowa-Refektarz-4-768x512.jpg 768w, https:\/\/www.koronakarkonoszy.pl\/blog-dla-firm\/wp-content\/uploads\/2022\/11\/Sala-Szkoleniowa-Refektarz-4-1920x1280.jpg 1920w, https:\/\/www.koronakarkonoszy.pl\/blog-dla-firm\/wp-content\/uploads\/2022\/11\/Sala-Szkoleniowa-Refektarz-4-1536x1024.jpg 1536w, https:\/\/www.koronakarkonoszy.pl\/blog-dla-firm\/wp-content\/uploads\/2022\/11\/Sala-Szkoleniowa-Refektarz-4-2048x1365.jpg 2048w\" sizes=\"auto, (max-width: 2560px) 100vw, 2560px\" \/>            <\/div>\n<\/section>\n\n\n<h2 class=\"wp-block-heading\" id=\"h-szkolenie-dla-firm-wyjazdowo-czy-w-siedzibie-firmy\"><strong>Szkolenie dla firm<\/strong> &#8211; wyjazdowo czy w siedzibie firmy?<\/h2>\n\n\n\n<p>Czy mo\u017cna zorganizowa\u0107 szkolenie w siedzibie firmy? Oczywi\u015bcie! Doskonale sprawdzi si\u0119 przestronna sala konferencyjna. Nie jest to jednak najlepsze rozwi\u0105zanie. Lepiej przenie\u015b\u0107 spotkanie na neutralny grunt \u2013 czyli taki, na kt\u00f3rym pracownicy b\u0119d\u0105 czu\u0107 si\u0119 swobodnie. Wybrany o\u015brodek powinien stwarza\u0107 doskona\u0142e warunki do pe\u0142nego skupienia i stuprocentowej produktywno\u015bci. Powinien rozwija\u0107 kreatywno\u015b\u0107 i pobudza\u0107 wyobra\u017ani\u0119. Doskona\u0142ym rozwi\u0105zaniem \u2013 kt\u00f3re cieszy si\u0119 spor\u0105 popularno\u015bci\u0105 \u2013 jest organizacja szkole\u0144 w obiektach wypoczynkowych usytuowanych po\u015br\u00f3d malowniczych okoliczno\u015bci przyrody, na przyk\u0142ad w <a href=\"https:\/\/www.koronakarkonoszy.pl\/blog-dla-firm\/malownicze-karkonosze-czyli-doskonale-miejsce-na-wyjazd-integracyjny\/\" target=\"_blank\" rel=\"noreferrer noopener\">Karkonoszach<\/a>.<\/p>\n\n\n\n<figure class=\"wp-block-image size-large\"><img loading=\"lazy\" decoding=\"async\" width=\"1024\" height=\"683\" src=\"https:\/\/www.koronakarkonoszy.pl\/blog-dla-firm\/wp-content\/uploads\/2021\/07\/AL-26072021-rs_284-1024x683.jpg\" alt=\"\" class=\"wp-image-5004\" srcset=\"https:\/\/www.koronakarkonoszy.pl\/blog-dla-firm\/wp-content\/uploads\/2021\/07\/AL-26072021-rs_284-1024x683.jpg 1024w, https:\/\/www.koronakarkonoszy.pl\/blog-dla-firm\/wp-content\/uploads\/2021\/07\/AL-26072021-rs_284-300x200.jpg 300w, https:\/\/www.koronakarkonoszy.pl\/blog-dla-firm\/wp-content\/uploads\/2021\/07\/AL-26072021-rs_284-768x512.jpg 768w, https:\/\/www.koronakarkonoszy.pl\/blog-dla-firm\/wp-content\/uploads\/2021\/07\/AL-26072021-rs_284-1536x1024.jpg 1536w, https:\/\/www.koronakarkonoszy.pl\/blog-dla-firm\/wp-content\/uploads\/2021\/07\/AL-26072021-rs_284.jpg 1600w\" sizes=\"auto, (max-width: 1024px) 100vw, 1024px\" \/><figcaption class=\"wp-element-caption\"><strong>Sala balowa na wyjazdy integracyjne i <a href=\"https:\/\/www.koronakarkonoszy.pl\/blog\/wesele-dolny-slask\/\" target=\"_blank\" rel=\"noreferrer noopener\">sala weselna &#8211; Dolny \u015al\u0105sk<\/a>, <strong>Dw\u00f3r Korona Karkonoszy, <a href=\"https:\/\/www.koronakarkonoszy.pl\/blog-atrakcje\/sosnowka\/\" class=\"links-placer\">Sosn\u00f3wka<\/a> k. Karpacza<\/strong><\/strong><\/figcaption><\/figure>\n\n\n\n<p>Wiele o\u015brodk\u00f3w dysponuje przestronnymi, doskonale wyposa\u017conymi salami szkoleniowymi lub konferencyjnymi, kt\u00f3re pomieszcz\u0105 kilkadziesi\u0105t \/ kilkaset os\u00f3b. Pi\u0119kna przyroda otaczaj\u0105ca wybrany obiekt ukoi zmys\u0142y uczestnik\u00f3w szkolenia i pozytywnie wp\u0142ynie na ich skupienie. O\u015brodek wypoczynkowy to dobre miejsce zar\u00f3wno na jednodniowe szkolenia, jak i na te, kt\u00f3re zaplanowane s\u0105 na kilka dni. W obiekcie mo\u017cna zarezerwowa\u0107 komfortowe <a href=\"https:\/\/www.koronakarkonoszy.pl\/pokoje\/\" target=\"_blank\" rel=\"noreferrer noopener\">pokoje<\/a>, w kt\u00f3rych uczestnicy odpoczn\u0105 po wielogodzinnym spotkaniu.<\/p>\n\n\n\n<h2 class=\"wp-block-heading\" id=\"h-miejsce-na-szkolenie-i-dostepne-atrakcje-co-wybrac\">Miejsce na szkolenie i dost\u0119pne atrakcje &#8211; co wybra\u0107?<\/h2>\n\n\n\n<p>Istotn\u0105 kwesti\u0105, o kt\u00f3rej nie mo\u017cna zapomnie\u0107 przy organizacji szkolenia, jest wy\u017cywienie dla uczestnik\u00f3w. Plusem <a href=\"https:\/\/www.koronakarkonoszy.pl\/blog-dla-firm\/organizacja-imprez-firmowych-krok-po-kroku\/\" target=\"_blank\" rel=\"noreferrer noopener\">organizacji<\/a> spotkania w obiekcie wypoczynkowym jest dost\u0119p do restauracji i&nbsp;profesjonalnej obs\u0142ugi. Dzi\u0119ki temu nie trzeba zamawia\u0107 dodatkowego <a href=\"https:\/\/www.koronakarkonoszy.pl\/catering\/\" target=\"_blank\" rel=\"noreferrer noopener\">cateringu<\/a>.<\/p>\n\n\n<section id=\"leonardo-block_badf5c01fca206b06d5f8e06f2ceb583\" class=\"leonardo page-breaker leonardo-image-right\">\n    <div class=\"leonardo-body\">\n                <div class=\"leonardo-content\"><h3 id=\"ha-catering-na-imprezy-firmowe\">Catering na imprezy firmowe<\/h3>\n<p>Na jednodniowym szkoleniu nie mo\u017ce zabrakn\u0105\u0107 przerwy obiadowej, podczas kt\u00f3rej uczestnicy odpoczn\u0105 i nape\u0142ni\u0105 \u017co\u0142\u0105dki. Warto zapewni\u0107 im r\u00f3wnie\u017c mo\u017cliwo\u015b\u0107 zam\u00f3wienia kawy, herbaty czy innych napoj\u00f3w w czasie szkolenia. Kilkudniowe szkolenie to wskazanie do organizacji pe\u0142nowymiarowego <a href=\"https:\/\/www.koronakarkonoszy.pl\/catering\/\" target=\"_blank\" rel=\"noopener\">cateringu<\/a> \u2013 ze \u015bniadaniem, obiadem i kolacj\u0105.<\/p>\n<\/div>\n                    <aside class=\"leonardo-interlink\">\n                <b>Polecamy<\/b>\n                <a href=\"https:\/\/www.koronakarkonoszy.pl\/blog-dla-firm\/en\/spotkanie-firmowe\/\">Spotkanie firmowe &#8211; jak je zorganizowa\u0107?<\/a>\n            <\/aside>\n            <\/div>\n    <div class=\"leonardo-image\">\n        <img loading=\"lazy\" decoding=\"async\" width=\"1120\" height=\"746\" src=\"https:\/\/www.koronakarkonoszy.pl\/blog-dla-firm\/wp-content\/uploads\/2023\/12\/catering58.jpg\" class=\"attachment-full size-full\" alt=\"Catering na imprez\u0119 firmow\u0105, Dw\u00f3r Korona Karkonoszy, Sosn\u00f3wka ko\u0142o Karpacza\" srcset=\"https:\/\/www.koronakarkonoszy.pl\/blog-dla-firm\/wp-content\/uploads\/2023\/12\/catering58.jpg 1120w, https:\/\/www.koronakarkonoszy.pl\/blog-dla-firm\/wp-content\/uploads\/2023\/12\/catering58-300x200.jpg 300w, https:\/\/www.koronakarkonoszy.pl\/blog-dla-firm\/wp-content\/uploads\/2023\/12\/catering58-1024x682.jpg 1024w, https:\/\/www.koronakarkonoszy.pl\/blog-dla-firm\/wp-content\/uploads\/2023\/12\/catering58-768x512.jpg 768w, https:\/\/www.koronakarkonoszy.pl\/blog-dla-firm\/wp-content\/uploads\/2023\/12\/catering58-18x12.jpg 18w\" sizes=\"auto, (max-width: 1120px) 100vw, 1120px\" \/>            <\/div>\n<\/section>\n\n\n<p>Ciekawym urozmaiceniem dnia szkoleniowego jest przygotowanie <a href=\"https:\/\/www.koronakarkonoszy.pl\/blog-dla-firm\/atrakcje-na-imprezy-plenerowe\/\">atrakcji<\/a> dla uczestnik\u00f3w. Znakomitym pomys\u0142em jest organizacja <a href=\"https:\/\/www.koronakarkonoszy.pl\/blog-dla-firm\/atrakcje-na-imprezy-plenerowe\/\" target=\"_blank\" rel=\"noreferrer noopener\">ogniska integracyjnego<\/a> z pieczonymi kie\u0142baskami, smacznym <a href=\"https:\/\/www.koronakarkonoszy.pl\/blog-dla-firm\/degustacja-piwa\/\" target=\"_blank\" rel=\"noreferrer noopener\">piwem<\/a> i cich\u0105 muzyk\u0105 w tle. Alternatyw\u0105 dla ogniska jest szalona <a href=\"https:\/\/www.koronakarkonoszy.pl\/blog-dla-firm\/impreza-przebierana\/\" target=\"_blank\" rel=\"noreferrer noopener\">impreza przebierana<\/a> z idealnie dopasowanym menu, orze\u017awiaj\u0105cymi drinkami i skoczn\u0105 muzyk\u0105 taneczn\u0105. Mo\u017cna nieco wyj\u015b\u0107 poza utarte schematy i postawi\u0107 na zabaw\u0119 tematyczn\u0105. Niesamowite przyj\u0119cie w stylu lat 80., czy te\u017c pota\u0144c\u00f3wka z hawajskim klimatem przeniesie uczestnik\u00f3w w magiczny \u015bwiat. Taka impreza to niezawodny przepis na wy\u015bmienit\u0105 zabaw\u0119 i niezapomniane wspomnienia. Firmowa ekipa z pewno\u015bci\u0105 doceni taki gest.<\/p>\n\n\n\n<figure class=\"wp-block-image size-large is-resized\"><a href=\"https:\/\/www.koronakarkonoszy.pl\/konfigurator-imprez\/\" target=\"_blank\" rel=\"noreferrer noopener\"><img loading=\"lazy\" decoding=\"async\" width=\"1024\" height=\"510\" src=\"https:\/\/www.koronakarkonoszy.pl\/blog-dla-firm\/wp-content\/uploads\/2023\/11\/DKK-konfigurator_01-1024x510.jpg\" alt=\"Konfigurator imprez firmowych agencji eventowej Dw\u00f3r Korona Karkonoszy\" class=\"wp-image-7804\" style=\"width:855px;height:auto\" title=\"Konfigurator imprez firmowych agencji eventowej \" srcset=\"https:\/\/www.koronakarkonoszy.pl\/blog-dla-firm\/wp-content\/uploads\/2023\/11\/DKK-konfigurator_01-1024x510.jpg 1024w, https:\/\/www.koronakarkonoszy.pl\/blog-dla-firm\/wp-content\/uploads\/2023\/11\/DKK-konfigurator_01-300x150.jpg 300w, https:\/\/www.koronakarkonoszy.pl\/blog-dla-firm\/wp-content\/uploads\/2023\/11\/DKK-konfigurator_01-768x383.jpg 768w, https:\/\/www.koronakarkonoszy.pl\/blog-dla-firm\/wp-content\/uploads\/2023\/11\/DKK-konfigurator_01-1920x957.jpg 1920w, https:\/\/www.koronakarkonoszy.pl\/blog-dla-firm\/wp-content\/uploads\/2023\/11\/DKK-konfigurator_01-1536x766.jpg 1536w, https:\/\/www.koronakarkonoszy.pl\/blog-dla-firm\/wp-content\/uploads\/2023\/11\/DKK-konfigurator_01-18x9.jpg 18w, https:\/\/www.koronakarkonoszy.pl\/blog-dla-firm\/wp-content\/uploads\/2023\/11\/DKK-konfigurator_01.jpg 2040w\" sizes=\"auto, (max-width: 1024px) 100vw, 1024px\" \/><\/a><\/figure>\n\n\n\n<p>Czy znalezienie idealnego miejsca na szkolenie to trudne zadanie? Nie! Czasem wystarczy w\u0142o\u017cy\u0107 w ten proces tylko troch\u0119 kreatywno\u015bci i odrobin\u0119 zaanga\u017cowania, \u017ceby znale\u017a\u0107 obiekt, kt\u00f3ry sprosta naszym \u2013 nawet tym najbardziej nietypowym \u2013 wymaganiom! Jakie s\u0105 <strong>zalety organizowania szkole\u0144 w ciekawej miejscowo\u015bci<\/strong>? To do\u015b\u0107 oczywiste. Po szkoleniu mo\u017cna zaproponowa\u0107 uczestnikom imprezy firmowej jakie\u015b miejscowe atrakcje. Na przyk\u0142ad zwiedzanie okolicy czy wizyt\u0119 w warsztatach rzemie\u015blniczych, gdzie wytwarzane s\u0105 regionalne sery lub miody.<\/p>\n\n\n\n<style>\n    .cta_block{\n        margin: 1.5em 0;\n    }\n    .cta_block_content {\n        position: relative;\n        color: white;\n        padding: 1em;\n    }\n    .cta_block_content h3{\n        text-align: center;\n        font: normal normal normal 36px\/50px Yeseva One;\n    }\n    .cta_block_content .cta_block_desc{\n        text-align: center;\n        font-size: 1.1em;\n        position: relative;\n    }\n    .cta_block_content .cta_block_desc:before {\n        content: '';\n        width: 80px;\n        height: 4px;\n        background: #EEB315;\n        position: absolute;\n        left: 0;\n        right: 0;\n        margin-left: auto;\n        margin-right: auto;\n        top: -22px;\n    }\n\n    .cta_block_content picture{\n        position: absolute;\n        top: 0;\n        right: 0;\n        z-index: -1;\n        height: 100%;\n        overflow: hidden;\n        width: 100%;\n    }\n    .cta_block_content picture img{\n        object-fit: cover;\n        height: 100%;\n        width: 100%;\n    }\n    .cta_block .cta_block_content .ninja-forms-field{\n        background: #FFFFFF2F;\n        border: 1px solid #EEB315;\n        border-radius: 25px;\n        opacity: 1;\n        color: #ffffff;\n    }\n    .cta_block .cta_block_content .nf-form-content input[type=submit]{\n        background-color: #EEB315;\n        color: #292929;\n        text-align: center;\n        font: normal normal bold 14px\/20px Work Sans;\n        padding: 0 2em;\n    }\n\n    .cta_block ::placeholder{\n        color: white!important;\n        opacity: 1;\n    }\n\n    .cta_block_content::after {\n        height: 100%;\n        width: 100%;\n        content: \"\";\n        z-index: -1;\n        position: absolute;\n        top: 0;\n        background: #00000070;\n        right: 0;\n        left: 0;\n        bottom: 0;\n    }\n    #ha-cta-block, .cta_block_desc, .cta_block .nf-field-label, .cta_block .nf-error-msg {\n        filter: drop-shadow(1px 1px 8px black);\n    }\n\n\/*    .cta_block nf-rows-wrap {\n        display: flex;\n        justify-content: space-around;\n        flex-direction: row;\n    }*\/\n\n    .cta_block .nf-field-label {\n        display:none;\n    }\n\n    .cta_block .nf-error.field-wrap .nf-field-element::after {\n        border-radius: 50px;\n    }\n\n    .cta_block .nf-error-msg {\n        color: #fff;\n    }\n\n    .cta_block .nf-form-cont {\n        margin-top: 3em;\n        margin-bottom: 1em;\n    }\n\n    .wp-admin .cta_block_content{\n        display: none;\n    }\n    .cta_block .nf-form-fields-required {\n        display: none;\n    }\n    body:not(.wp-admin) .cta_block_admin {\n        display: none;\n    }\n<\/style>\n<div id=\"cta_block-block_db5c4549c330b7842dc4e8c19614cf6f\" class=\"cta_block\">\n    <div class=\"cta_block_admin\" style=\"background-color: blue; color: white\">\n        Blok CTA\n    <\/div>\n    <div class=\"cta_block\">\n        <div class=\"cta_block_content\">   \n        <h3 id=\"ha-szukasz-idealnego-miejsca-na-impreze-firmowa\">Szukasz idealnego miejsca na imprez\u0119 firmow\u0105?<\/h3>\n                    <div class=\"cta_block_desc\">Sprawd\u017a dost\u0119pne terminy w Dworze Korona Karkonoszy!<\/div>\n                <noscript class=\"ninja-forms-noscript-message\">\n\tNotice: JavaScript is required for this content.<\/noscript>\n<div id=\"nf-form-3-cont\" class=\"nf-form-cont\" aria-live=\"polite\" aria-labelledby=\"nf-form-title-3\" aria-describedby=\"nf-form-errors-3\" role=\"form\">\n\n    <div class=\"nf-loading-spinner\"><\/div>\n\n<\/div>\n        <!-- That data is being printed as a workaround to page builders reordering the order of the scripts loaded-->\n        <script>var formDisplay=1;var nfForms=nfForms||[];var form=[];form.id='3';form.settings={\"objectType\":\"Form Setting\",\"editActive\":true,\"title\":\"Block CTA\",\"created_at\":\"2022-11-09 19:27:14\",\"default_label_pos\":\"above\",\"show_title\":0,\"clear_complete\":\"1\",\"hide_complete\":\"1\",\"logged_in\":\"\",\"wrapper_class\":\"\",\"element_class\":\"\",\"key\":\"\",\"add_submit\":\"0\",\"currency\":\"\",\"repeatable_fieldsets\":\"\",\"unique_field_error\":\"Formularz z t\\u0105 warto\\u015bci\\u0105 zosta\\u0142 ju\\u017c przes\\u0142any.\",\"not_logged_in_msg\":\"\",\"sub_limit_msg\":\"Formularz osi\\u0105gn\\u0105\\u0142 limit wys\\u0142a\\u0144.\",\"calculations\":[],\"container_styles_show_advanced_css\":\"0\",\"title_styles_show_advanced_css\":\"0\",\"row_styles_show_advanced_css\":\"0\",\"row-odd_styles_show_advanced_css\":\"0\",\"success-msg_styles_show_advanced_css\":\"0\",\"error_msg_styles_show_advanced_css\":\"0\",\"formContentData\":[{\"order\":1,\"cells\":[{\"order\":0,\"fields\":[\"phone_1640098275087\"],\"width\":35},{\"order\":1,\"fields\":[\"adres_e-mail_1668018487177\"],\"width\":35},{\"order\":2,\"fields\":[\"zapisz_mnie_1668018472281\"],\"width\":30}]}],\"conditions\":[],\"drawerDisabled\":false,\"allow_public_link\":0,\"embed_form\":\"\",\"changeEmailErrorMsg\":\"Please enter a valid email address!\",\"changeDateErrorMsg\":\"Please enter a valid date!\",\"confirmFieldErrorMsg\":\"These fields must match!\",\"fieldNumberNumMinError\":\"Number Min Error\",\"fieldNumberNumMaxError\":\"Number Max Error\",\"fieldNumberIncrementBy\":\"Please increment by \",\"formErrorsCorrectErrors\":\"Please correct errors before submitting this form.\",\"validateRequiredField\":\"This is a required field.\",\"honeypotHoneypotError\":\"Honeypot Error\",\"fieldsMarkedRequired\":\"Fields marked with an <span class=\\\"ninja-forms-req-symbol\\\">*<\\\/span> are required\",\"form_title_heading_level\":\"3\",\"ninjaForms\":\"Ninja Forms\",\"fieldTextareaRTEInsertLink\":\"Insert Link\",\"fieldTextareaRTEInsertMedia\":\"Insert Media\",\"fieldTextareaRTESelectAFile\":\"Select a file\",\"formHoneypot\":\"If you are a human seeing this field, please leave it empty.\",\"fileUploadOldCodeFileUploadInProgress\":\"File Upload in Progress.\",\"fileUploadOldCodeFileUpload\":\"FILE UPLOAD\",\"currencySymbol\":\"&#36;\",\"thousands_sep\":\",\",\"decimal_point\":\".\",\"siteLocale\":\"en_GB\",\"dateFormat\":\"m\\\/d\\\/Y\",\"startOfWeek\":\"1\",\"of\":\"of\",\"previousMonth\":\"Previous Month\",\"nextMonth\":\"Next Month\",\"months\":[\"January\",\"February\",\"March\",\"April\",\"May\",\"June\",\"July\",\"August\",\"September\",\"October\",\"November\",\"December\"],\"monthsShort\":[\"Jan\",\"Feb\",\"Mar\",\"Apr\",\"May\",\"Jun\",\"Jul\",\"Aug\",\"Sep\",\"Oct\",\"Nov\",\"Dec\"],\"weekdays\":[\"Sunday\",\"Monday\",\"Tuesday\",\"Wednesday\",\"Thursday\",\"Friday\",\"Saturday\"],\"weekdaysShort\":[\"Sun\",\"Mon\",\"Tue\",\"Wed\",\"Thu\",\"Fri\",\"Sat\"],\"weekdaysMin\":[\"Su\",\"Mo\",\"Tu\",\"We\",\"Th\",\"Fr\",\"Sa\"],\"recaptchaConsentMissing\":\"reCaptcha validation couldn&#039;t load.\",\"recaptchaMissingCookie\":\"reCaptcha v3 validation couldn&#039;t load the cookie needed to submit the form.\",\"recaptchaConsentEvent\":\"Accept reCaptcha cookies before sending the form.\",\"currency_symbol\":\"\",\"beforeForm\":\"\",\"beforeFields\":\"\",\"afterFields\":\"\",\"afterForm\":\"\"};form.fields=[{\"objectType\":\"Field\",\"objectDomain\":\"fields\",\"editActive\":false,\"order\":1,\"idAttribute\":\"id\",\"type\":\"phone\",\"label\":\"Numer telefonu\",\"key\":\"phone_1640098275087\",\"label_pos\":\"above\",\"required\":\"\",\"default\":\"\",\"placeholder\":\"Numer telefonu\",\"container_class\":\"\",\"element_class\":\"\",\"input_limit\":\"\",\"input_limit_type\":\"characters\",\"input_limit_msg\":\"Liczba pozosta\\u0142ych znak\\u00f3w:\",\"manual_key\":\"\",\"admin_label\":\"\",\"help_text\":\"\",\"mask\":\"\",\"custom_mask\":\"\",\"custom_name_attribute\":\"phone\",\"personally_identifiable\":1,\"wrap_styles_border\":\"\",\"wrap_styles_width\":\"\",\"wrap_styles_margin\":\"\",\"wrap_styles_padding\":\"\",\"wrap_styles_float\":\"\",\"wrap_styles_show_advanced_css\":0,\"label_styles_border\":\"\",\"label_styles_width\":\"\",\"label_styles_font-size\":\"\",\"label_styles_margin\":\"\",\"label_styles_padding\":\"\",\"label_styles_float\":\"\",\"label_styles_show_advanced_css\":0,\"element_styles_border\":\"\",\"element_styles_width\":\"\",\"element_styles_font-size\":\"\",\"element_styles_margin\":\"\",\"element_styles_padding\":\"\",\"element_styles_float\":\"\",\"element_styles_show_advanced_css\":0,\"cellcid\":\"c3398\",\"value\":\"\",\"drawerDisabled\":\"\",\"field_label\":\"Numer telefonu\",\"field_key\":\"phone_1640098275087\",\"id\":9,\"beforeField\":\"\",\"afterField\":\"\",\"parentType\":\"textbox\",\"element_templates\":[\"tel\",\"textbox\",\"input\"],\"old_classname\":\"\",\"wrap_template\":\"wrap\"},{\"objectType\":\"Field\",\"objectDomain\":\"fields\",\"editActive\":false,\"order\":2,\"idAttribute\":\"id\",\"type\":\"email\",\"label\":\"Adres e-mail\",\"key\":\"adres_e-mail_1668018487177\",\"label_pos\":\"above\",\"required\":\"\",\"default\":\"\",\"placeholder\":\"Adres e-mail\",\"container_class\":\"\",\"element_class\":\"\",\"admin_label\":\"\",\"help_text\":\"\",\"custom_name_attribute\":\"email\",\"personally_identifiable\":1,\"wrap_styles_border\":\"\",\"wrap_styles_width\":\"\",\"wrap_styles_margin\":\"\",\"wrap_styles_padding\":\"\",\"wrap_styles_float\":\"\",\"wrap_styles_show_advanced_css\":0,\"label_styles_border\":\"\",\"label_styles_width\":\"\",\"label_styles_font-size\":\"\",\"label_styles_margin\":\"\",\"label_styles_padding\":\"\",\"label_styles_float\":\"\",\"label_styles_show_advanced_css\":0,\"element_styles_border\":\"\",\"element_styles_width\":\"\",\"element_styles_font-size\":\"\",\"element_styles_margin\":\"\",\"element_styles_padding\":\"\",\"element_styles_float\":\"\",\"element_styles_show_advanced_css\":0,\"cellcid\":\"c3401\",\"value\":\"\",\"drawerDisabled\":false,\"field_label\":\"E-mail\",\"field_key\":\"email_1640098276066\",\"id\":10,\"beforeField\":\"\",\"afterField\":\"\",\"parentType\":\"email\",\"element_templates\":[\"email\",\"input\"],\"old_classname\":\"\",\"wrap_template\":\"wrap\"},{\"objectType\":\"Field\",\"objectDomain\":\"fields\",\"editActive\":false,\"order\":3,\"idAttribute\":\"id\",\"type\":\"submit\",\"label\":\"Zapisz mnie\",\"processing_label\":\"W trakcie realizacji\",\"container_class\":\"\",\"element_class\":\"\",\"key\":\"zapisz_mnie_1668018472281\",\"wrap_styles_border\":\"\",\"wrap_styles_width\":\"\",\"wrap_styles_margin\":\"\",\"wrap_styles_padding\":\"\",\"wrap_styles_float\":\"\",\"wrap_styles_show_advanced_css\":0,\"element_styles_border\":\"\",\"element_styles_width\":\"\",\"element_styles_font-size\":\"\",\"element_styles_margin\":\"\",\"element_styles_padding\":\"\",\"element_styles_float\":\"\",\"element_styles_show_advanced_css\":0,\"submit_element_hover_styles_border\":\"\",\"submit_element_hover_styles_width\":\"\",\"submit_element_hover_styles_font-size\":\"\",\"submit_element_hover_styles_margin\":\"\",\"submit_element_hover_styles_padding\":\"\",\"submit_element_hover_styles_float\":\"\",\"submit_element_hover_styles_show_advanced_css\":0,\"cellcid\":\"c3403\",\"drawerDisabled\":false,\"field_label\":\"Zamawiam rozmow\\u0119\",\"field_key\":\"zamawiam_rozmowe_1640098314862\",\"id\":8,\"beforeField\":\"\",\"afterField\":\"\",\"value\":\"\",\"label_pos\":\"above\",\"parentType\":\"textbox\",\"element_templates\":[\"submit\",\"button\",\"input\"],\"old_classname\":\"\",\"wrap_template\":\"wrap-no-label\"}];nfForms.push(form);<\/script>\n                <script id=\"nf-tmpl-cell\" type=\"text\/template\">\n            <nf-fields><\/nf-fields>\n        <\/script>\n\n        <script id=\"nf-tmpl-row\" type=\"text\/template\">\n            <nf-cells><\/nf-cells>\n        <\/script>\n\n                <img loading=\"lazy\" decoding=\"async\" width=\"840\" height=\"560\" src=\"https:\/\/www.koronakarkonoszy.pl\/blog-dla-firm\/wp-content\/uploads\/2021\/05\/Sosnowka-Karkonosze-Dwor-Korona-Karkonoszy-1.jpg\" class=\"attachment-full size-full\" alt=\"Sosn\u00f3wka, Karkonosze, okolice Dworu Korona Karkonoszy\" srcset=\"https:\/\/www.koronakarkonoszy.pl\/blog-dla-firm\/wp-content\/uploads\/2021\/05\/Sosnowka-Karkonosze-Dwor-Korona-Karkonoszy-1.jpg 840w, https:\/\/www.koronakarkonoszy.pl\/blog-dla-firm\/wp-content\/uploads\/2021\/05\/Sosnowka-Karkonosze-Dwor-Korona-Karkonoszy-1-300x200.jpg 300w, https:\/\/www.koronakarkonoszy.pl\/blog-dla-firm\/wp-content\/uploads\/2021\/05\/Sosnowka-Karkonosze-Dwor-Korona-Karkonoszy-1-768x512.jpg 768w\" sizes=\"auto, (max-width: 840px) 100vw, 840px\" \/>        <\/div> \n    <\/div>\n<\/div>\n\n\n\n<h2 class=\"wp-block-heading\" id=\"h-jak-znalezc-miejsce-na-szkolenie-kilkudniowe\">Jak znale\u017a\u0107 miejsce na szkolenie kilkudniowe?<\/h2>\n\n\n\n<p>Czasem nie da si\u0119 przedstawi\u0107 ca\u0142ego materia\u0142u szkoleniowego w kilka godzin. Doskona\u0142ym rozwi\u0105zaniem w takim wypadku jest wyd\u0142u\u017cenie szkolenia do kilku dni. Wyb\u00f3r odpowiedniego <a href=\"https:\/\/www.koronakarkonoszy.pl\/blog-dla-firm\/miejsce-na-impreze-integracyjna\/\" target=\"_blank\" rel=\"noreferrer noopener\">miejsca<\/a> na szkolenie kilkudniowe to nie lada wyzwanie. Oferowany obiekt, poza przestronn\u0105 sal\u0105 szkoleniow\u0105 i pe\u0142nym wy\u017cywieniem, powinien zapewnia\u0107 komfortowe <a href=\"https:\/\/www.koronakarkonoszy.pl\/pokoje\/\" target=\"_blank\" rel=\"noreferrer noopener\">miejsca noclegowe<\/a> dla wszystkich uczestnik\u00f3w wyjazdu. Najlepszym wyborem b\u0119dzie hotel oferuj\u0105cy wysoki standard zakwaterowania.<\/p>\n\n\n\n<figure class=\"wp-block-image size-full\"><img loading=\"lazy\" decoding=\"async\" width=\"960\" height=\"640\" src=\"https:\/\/www.koronakarkonoszy.pl\/blog-dla-firm\/wp-content\/uploads\/2023\/07\/16216227_10202838504879981_1196053464_n.jpg\" alt=\"\" class=\"wp-image-6728\" srcset=\"https:\/\/www.koronakarkonoszy.pl\/blog-dla-firm\/wp-content\/uploads\/2023\/07\/16216227_10202838504879981_1196053464_n.jpg 960w, https:\/\/www.koronakarkonoszy.pl\/blog-dla-firm\/wp-content\/uploads\/2023\/07\/16216227_10202838504879981_1196053464_n-300x200.jpg 300w, https:\/\/www.koronakarkonoszy.pl\/blog-dla-firm\/wp-content\/uploads\/2023\/07\/16216227_10202838504879981_1196053464_n-768x512.jpg 768w, https:\/\/www.koronakarkonoszy.pl\/blog-dla-firm\/wp-content\/uploads\/2023\/07\/16216227_10202838504879981_1196053464_n-18x12.jpg 18w\" sizes=\"auto, (max-width: 960px) 100vw, 960px\" \/><figcaption class=\"wp-element-caption\"><strong>Miejsce na szkolenie firmowe, <\/strong><a href=\"https:\/\/www.koronakarkonoszy.pl\/imprezy-firmowe\/\" target=\"_blank\" rel=\"noreferrer noopener\"><strong>Dw\u00f3r Korona Karkonoszy<\/strong><\/a><\/figcaption><\/figure>\n\n\n\n<p><a href=\"https:\/\/www.koronakarkonoszy.pl\/blog-dla-firm\/jak-zorganizowac-szkolenie-4-rzeczy-o-ktorych-warto-pamietac\/\" target=\"_blank\" rel=\"noreferrer noopener\">Jak zorganizowa\u0107 kilkudniowe szkolenie<\/a>? W pierwszej kolejno\u015bci nale\u017cy okre\u015bli\u0107 dat\u0119 eventu. Warto zrobi\u0107 to odpowiednio wcze\u015bniej, szczeg\u00f3lnie je\u015bli na szkolenie przybywaj\u0105 pracownicy z kilku oddzia\u0142\u00f3w usytuowanych w r\u00f3\u017cnych cz\u0119\u015bciach Polski. Dzi\u0119ki temu uczestnicy wydarzenia b\u0119d\u0105 mogli zarezerwowa\u0107 sobie czas w okre\u015blonym terminie. Wyznaczenie daty szkolenia zaw\u0119zi r\u00f3wnie\u017c kr\u0105g poszukiwa\u0144 hotelu. Nie wszystkie obiekty mog\u0105 by\u0107 bowiem dost\u0119pne w okre\u015blonym terminie.<\/p>\n\n\n\n<p>Kolejny krok to wyb\u00f3r <a href=\"https:\/\/www.koronakarkonoszy.pl\/blog-dla-firm\/miejsce-na-impreze-integracyjna\/\" target=\"_blank\" rel=\"noreferrer noopener\">miejsca<\/a> na szkolenie. Jak ju\u017c wspomnieli\u015bmy, hotel powinien zapewni\u0107 uczestnikom dost\u0119p do przestronnej, dobrze wyposa\u017conej sali szkoleniowej i komfortowych miejsc noclegowych. Wa\u017cna jest r\u00f3wnie\u017c obecno\u015b\u0107 zaplecza gastronomicznego oraz wykwalifikowanej obs\u0142ugi, kt\u00f3ra zadba o to, aby uczestnikom szkolenia niczego nie brakowa\u0142o.<\/p>\n\n\n<section id=\"leonardo-block_2c0bb5ccc662a6c533c0559fe20a4da3\" class=\"leonardo page-breaker leonardo-image-left\">\n    <div class=\"leonardo-body\">\n                <div class=\"leonardo-content\"><p><strong>Miejsce na <a href=\"https:\/\/www.koronakarkonoszy.pl\/blog-dla-firm\/eventy-firmowe\/\" class=\"links-placer\">event firmowy<\/a> &#8211; Dw\u00f3r Korona Karkonoszy<\/strong><\/p>\n<p>Dw\u00f3r Korona Karkonoszy oferuje szeroki wyb\u00f3r atrakcji, kt\u00f3re mog\u0105 urozmaici\u0107 ka\u017cdy <a href=\"https:\/\/www.koronakarkonoszy.pl\/blog-dla-firm\/organizacja-wyjazdow-firmowych\/\" target=\"_blank\" rel=\"noopener\">wyjazd firmowy<\/a>. W\u015br\u00f3d szerokiej gamy propozycji znajdziemy m. in.:<\/p>\n<ul>\n<li>wyj\u0105tkowe <a href=\"https:\/\/www.koronakarkonoszy.pl\/blog-dla-firm\/warsztaty-integracyjne-w-gorach\/\" target=\"_blank\" rel=\"noopener\">warsztaty<\/a>, na kt\u00f3rych mo\u017cna pozna\u0107 tajniki rzemios\u0142a regionalnego, sztuki kulinarnej czy ta\u0144ca,<\/li>\n<li>najr\u00f3\u017cniejsze gry i <a href=\"https:\/\/www.koronakarkonoszy.pl\/blog-dla-firm\/jakie-kompetencje-rozwijaja-zabawy-integracyjne-dla-pracownikow\/\" target=\"_blank\" rel=\"noopener\">zabawy integracyjne<\/a>,<\/li>\n<li>klasyczne przyj\u0119cia, <a href=\"https:\/\/www.koronakarkonoszy.pl\/blog-dla-firm\/impreza-tematyczna-hollywood\/\" target=\"_blank\" rel=\"noopener\">imprezy tematyczne<\/a> lub karaoke party,<\/li>\n<li><a href=\"https:\/\/www.koronakarkonoszy.pl\/blog-dla-firm\/pikniki-firmowe-jak-je-organizowac\/\" target=\"_blank\" rel=\"noopener\">pikniki<\/a> i ogniska,<\/li>\n<li>lot szybowcem lub helikopterem,<\/li>\n<li>wycieczki z przewodnikiem,<\/li>\n<li>i wiele, wiele innych.<\/li>\n<\/ul>\n<p>Warto te\u017c wspomnie\u0107, \u017ce w tym obiekcie, opr\u00f3cz \u015bwietnych <a href=\"https:\/\/www.koronakarkonoszy.pl\/blog-dla-firm\/event-dla-pracownikow\/\" target=\"_blank\" rel=\"noopener\">event\u00f3w firmowych<\/a>, w trakcie kt\u00f3rych mo\u017cna wybiera\u0107 spo\u015br\u00f3d 113 scenariuszy gier i zabaw, organizowane s\u0105 tak\u017ce pi\u0119kne <a href=\"https:\/\/www.koronakarkonoszy.pl\/wesele\/\" target=\"_blank\" rel=\"noopener\">wesela w g\u00f3rach.\u00a0<\/a><\/p>\n<\/div>\n                    <aside class=\"leonardo-interlink\">\n                <b>Polecamy<\/b>\n                <a href=\"https:\/\/www.koronakarkonoszy.pl\/blog-dla-firm\/en\/imprezy-firmowe-wroclaw\/\">Imprezy firmowe Wroc\u0142aw<\/a>\n            <\/aside>\n            <\/div>\n    <div class=\"leonardo-image\">\n        <img loading=\"lazy\" decoding=\"async\" width=\"2560\" height=\"1707\" src=\"https:\/\/www.koronakarkonoszy.pl\/blog-dla-firm\/wp-content\/uploads\/2023\/12\/team_building_ognisko-scaled.jpg\" class=\"attachment-full size-full\" alt=\"Ognisko integracyjne, Dw\u00f3r Korona Karkonoszy, Sosn\u00f3wka k. Karpacza\" srcset=\"https:\/\/www.koronakarkonoszy.pl\/blog-dla-firm\/wp-content\/uploads\/2023\/12\/team_building_ognisko-scaled.jpg 2560w, https:\/\/www.koronakarkonoszy.pl\/blog-dla-firm\/wp-content\/uploads\/2023\/12\/team_building_ognisko-300x200.jpg 300w, https:\/\/www.koronakarkonoszy.pl\/blog-dla-firm\/wp-content\/uploads\/2023\/12\/team_building_ognisko-1024x683.jpg 1024w, https:\/\/www.koronakarkonoszy.pl\/blog-dla-firm\/wp-content\/uploads\/2023\/12\/team_building_ognisko-768x512.jpg 768w, https:\/\/www.koronakarkonoszy.pl\/blog-dla-firm\/wp-content\/uploads\/2023\/12\/team_building_ognisko-1920x1280.jpg 1920w, https:\/\/www.koronakarkonoszy.pl\/blog-dla-firm\/wp-content\/uploads\/2023\/12\/team_building_ognisko-1536x1024.jpg 1536w, https:\/\/www.koronakarkonoszy.pl\/blog-dla-firm\/wp-content\/uploads\/2023\/12\/team_building_ognisko-2048x1365.jpg 2048w, https:\/\/www.koronakarkonoszy.pl\/blog-dla-firm\/wp-content\/uploads\/2023\/12\/team_building_ognisko-18x12.jpg 18w\" sizes=\"auto, (max-width: 2560px) 100vw, 2560px\" \/>            <\/div>\n<\/section>\n\n\n<p>Du\u017cym atutem miejsca na szkolenie b\u0119dzie dost\u0119p do ciekawych <a href=\"https:\/\/www.koronakarkonoszy.pl\/blog-dla-firm\/atrakcje-integracyjne\/\" target=\"_blank\" rel=\"noreferrer noopener\">atrakcji<\/a>. Nie sam\u0105 prac\u0105 cz\u0142owiek \u017cyje! Na kilkudniowym szkoleniu nie mo\u017ce zabrakn\u0105\u0107 rozrywki, kt\u00f3ra dostarczy uczestnikom wra\u017ce\u0144 i pot\u0119\u017cn\u0105 dawk\u0119 wy\u015bmienitej zabawy. Pozwoli im si\u0119 zrelaksowa\u0107 po kilku czy kilkunastu godzinach sp\u0119dzonych w sali szkoleniowej i nabra\u0107 si\u0142 przed kolejnym dniem szkoleniowym.<\/p>\n\n\n\n<figure class=\"wp-block-image size-large\"><img loading=\"lazy\" decoding=\"async\" width=\"1024\" height=\"683\" src=\"https:\/\/www.koronakarkonoszy.pl\/blog-dla-firm\/wp-content\/uploads\/2023\/12\/kasyno80-1024x683.jpg\" alt=\"\" class=\"wp-image-8554\" srcset=\"https:\/\/www.koronakarkonoszy.pl\/blog-dla-firm\/wp-content\/uploads\/2023\/12\/kasyno80-1024x683.jpg 1024w, https:\/\/www.koronakarkonoszy.pl\/blog-dla-firm\/wp-content\/uploads\/2023\/12\/kasyno80-300x200.jpg 300w, https:\/\/www.koronakarkonoszy.pl\/blog-dla-firm\/wp-content\/uploads\/2023\/12\/kasyno80-768x512.jpg 768w, https:\/\/www.koronakarkonoszy.pl\/blog-dla-firm\/wp-content\/uploads\/2023\/12\/kasyno80-1920x1280.jpg 1920w, https:\/\/www.koronakarkonoszy.pl\/blog-dla-firm\/wp-content\/uploads\/2023\/12\/kasyno80-1536x1024.jpg 1536w, https:\/\/www.koronakarkonoszy.pl\/blog-dla-firm\/wp-content\/uploads\/2023\/12\/kasyno80-2048x1365.jpg 2048w, https:\/\/www.koronakarkonoszy.pl\/blog-dla-firm\/wp-content\/uploads\/2023\/12\/kasyno80-18x12.jpg 18w\" sizes=\"auto, (max-width: 1024px) 100vw, 1024px\" \/><figcaption class=\"wp-element-caption\"><strong>Atrakcje na imprezy firmowe &#8211; kasyno, <\/strong><a href=\"https:\/\/www.koronakarkonoszy.pl\/imprezy-firmowe\/\" target=\"_blank\" rel=\"noreferrer noopener\"><strong>Dw\u00f3r Korona Karkonoszy<\/strong><\/a><strong>, Sosn\u00f3wka ko\u0142o Karpacza<\/strong><\/figcaption><\/figure>\n\n\n\n<p><a href=\"https:\/\/www.koronakarkonoszy.pl\/blog-dla-firm\/organizator-imprez-firmowych-zakres-obowiazkow\/\" target=\"_blank\" rel=\"noreferrer noopener\">Organizator<\/a> eventu firmowego powinien przygotowa\u0107 szczeg\u00f3\u0142owy harmonogram szkolenia. Dzi\u0119ki niemu ka\u017cdy uczestnik b\u0119dzie wiedzia\u0142, kiedy odbywaj\u0105 si\u0119 poszczeg\u00f3lne bloki szkolenia, kiedy zaplanowano kr\u00f3tsze i d\u0142u\u017csze przerwy, o kt\u00f3rej godzinie sko\u0144czy si\u0119 cz\u0119\u015b\u0107 szkoleniowa, a zacznie rozrywkowa.<\/p>\n\n\n<section id=\"leonardo-block_d408b57efc691f4d634785c0027c5f15\" class=\"leonardo page-breaker leonardo-image-right\">\n    <div class=\"leonardo-body\">\n                <div class=\"leonardo-content\"><p><strong>Sale szkoleniowe w g\u00f3rach<\/strong><\/p>\n<p>Wybieraj\u0105c sale szkoleniowe w g\u00f3rach, warto poszuka\u0107 miejsc, kt\u00f3re \u0142\u0105cz\u0105 funkcjonalno\u015b\u0107 sal konferencyjnych z pi\u0119knem otaczaj\u0105cej przyrody. Na przyk\u0142ad wiele hoteli konferencyjnych i o\u015brodk\u00f3w w g\u00f3rach posiada doskona\u0142e sale konferencyjne oraz nowoczesn\u0105 infrastruktur\u0119 konferencyjn\u0105. A ma\u0142e, urokliwe pensjonaty mog\u0105 oferowa\u0107 kameralne sale szkoleniowe, idealne dla mniejszych grup. Jedne i drugie sale na <a href=\"https:\/\/www.koronakarkonoszy.pl\/blog-dla-firm\/event-biznesowy\/\" target=\"_blank\" rel=\"noopener\">event biznesowy<\/a> znajdziemy w hotelu szkoleniowym <a href=\"https:\/\/www.koronakarkonoszy.pl\/imprezy-firmowe\/\" target=\"_blank\" rel=\"noopener\">Dw\u00f3r Korona Karkonoszy<\/a> w Sosn\u00f3wce k. Karpacza. Opr\u00f3cz tego znajdziemy tam udogodnienia do organizacji aktywno\u015bci w plenerze.<\/p>\n<p>Przy wyborze <strong>miejsca na szkolenie<\/strong> warto uwzgl\u0119dni\u0107 nie tylko sam\u0105 sal\u0119 konferencyjn\u0105, ale tak\u017ce otoczenie i dost\u0119pno\u015b\u0107 <a href=\"https:\/\/www.koronakarkonoszy.pl\/blog-dla-firm\/atrakcje-eventowe\/\" target=\"_blank\" rel=\"noopener\">atrakcji<\/a> dla uczestnik\u00f3w poza czasem szkolenia. Dla wielu os\u00f3b otoczenie g\u00f3rskie mo\u017ce by\u0107 inspiruj\u0105ce \u2013 sprzyja ono koncentracji i kreatywno\u015bci. Wa\u017cne jest r\u00f3wnie\u017c sprawdzenie, czy miejsce spe\u0142nia wszystkie techniczne i logistyczne wymagania niezb\u0119dne do przeprowadzenia udanych szkole\u0144.<\/p>\n<\/div>\n                    <aside class=\"leonardo-interlink\">\n                <b>Polecamy<\/b>\n                <a href=\"https:\/\/www.koronakarkonoszy.pl\/blog-dla-firm\/en\/konfigurator-imprez-firmowych\/\">Konfigurator imprez firmowych<\/a>\n            <\/aside>\n            <\/div>\n    <div class=\"leonardo-image\">\n        <img loading=\"lazy\" decoding=\"async\" width=\"2384\" height=\"1590\" src=\"https:\/\/www.koronakarkonoszy.pl\/blog-dla-firm\/wp-content\/uploads\/2023\/12\/team_building08.jpg\" class=\"attachment-full size-full\" alt=\"Integracja w plenerze, Dw\u00f3r Korona Karkonoszy, Sosn\u00f3wka k. Karpacza\" srcset=\"https:\/\/www.koronakarkonoszy.pl\/blog-dla-firm\/wp-content\/uploads\/2023\/12\/team_building08.jpg 2384w, https:\/\/www.koronakarkonoszy.pl\/blog-dla-firm\/wp-content\/uploads\/2023\/12\/team_building08-300x200.jpg 300w, https:\/\/www.koronakarkonoszy.pl\/blog-dla-firm\/wp-content\/uploads\/2023\/12\/team_building08-1024x683.jpg 1024w, https:\/\/www.koronakarkonoszy.pl\/blog-dla-firm\/wp-content\/uploads\/2023\/12\/team_building08-768x512.jpg 768w, https:\/\/www.koronakarkonoszy.pl\/blog-dla-firm\/wp-content\/uploads\/2023\/12\/team_building08-1920x1281.jpg 1920w, https:\/\/www.koronakarkonoszy.pl\/blog-dla-firm\/wp-content\/uploads\/2023\/12\/team_building08-1536x1024.jpg 1536w, https:\/\/www.koronakarkonoszy.pl\/blog-dla-firm\/wp-content\/uploads\/2023\/12\/team_building08-2048x1366.jpg 2048w, https:\/\/www.koronakarkonoszy.pl\/blog-dla-firm\/wp-content\/uploads\/2023\/12\/team_building08-18x12.jpg 18w\" sizes=\"auto, (max-width: 2384px) 100vw, 2384px\" \/>            <\/div>\n<\/section>\n\n\n<h2 class=\"wp-block-heading\" id=\"h-dobre-miejsce-na-szkolenie-jak-wybrac-lokalizacje\">Dobre miejsce na szkolenie \u2013 jak wybra\u0107 lokalizacj\u0119?<\/h2>\n\n\n\n<p>Tak samo wa\u017cna, jak sala szkoleniowa, jest lokalizacja, w kt\u00f3rej odb\u0119dzie si\u0119 szkolenie. <a href=\"https:\/\/www.koronakarkonoszy.pl\/blog-dla-firm\/hotel-na-wyjazd-firmowy-jak-znalezc-idealna-lokalizacje\/\" target=\"_blank\" rel=\"noreferrer noopener\">Hotel na wyjazd firmowy<\/a> powinien znajdowa\u0107 si\u0119 w spokojnej okolicy, kt\u00f3ra sprzyja odpr\u0119\u017ceniu. Obiekty usytuowane tu\u017c przy g\u0142\u00f3wnej drodze lub w centrum miasta nie s\u0105 dobrym rozwi\u0105zaniem. Dlaczego? Ha\u0142as przeje\u017cd\u017caj\u0105cych samochod\u00f3w i odg\u0142osy miasta mog\u0105 zaburza\u0107 cisz\u0119 i spok\u00f3j, kt\u00f3re s\u0105 niezb\u0119dne w dniu szkoleniowym. Uczestnicy wydarzenia potrzebuj\u0105 bowiem komfortowych warunk\u00f3w do tego, \u017ceby w pe\u0142ni skupi\u0107 si\u0119 na informacjach przekazywanych przez osob\u0119 prowadz\u0105c\u0105. Wa\u017cne jest r\u00f3wnie\u017c to, aby <a href=\"https:\/\/www.koronakarkonoszy.pl\/pokoje\/\" target=\"_blank\" rel=\"noreferrer noopener\">pokoje<\/a> by\u0142y idealnie wyciszone, co umo\u017cliwi pracownikom spokojny wypoczynek po wielu godzinach sp\u0119dzonych na sali szkoleniowej. Idealne miejsce na szkolenie to te po\u0142o\u017cone na uboczu, z dala od miejskiego zgie\u0142ku, w otoczeniu wyj\u0105tkowych okoliczno\u015bci przyrody.<\/p>\n\n\n\n<figure class=\"wp-block-image size-large\"><a href=\"https:\/\/www.koronakarkonoszy.pl\/imprezy-firmowe\/\" target=\"_blank\" rel=\"noreferrer noopener\"><img loading=\"lazy\" decoding=\"async\" width=\"1024\" height=\"512\" src=\"https:\/\/www.koronakarkonoszy.pl\/blog-dla-firm\/wp-content\/uploads\/2021\/09\/agencja_eventowa_DKK-1024x512.jpg\" alt=\"\" class=\"wp-image-2960\" srcset=\"https:\/\/www.koronakarkonoszy.pl\/blog-dla-firm\/wp-content\/uploads\/2021\/09\/agencja_eventowa_DKK-1024x512.jpg 1024w, https:\/\/www.koronakarkonoszy.pl\/blog-dla-firm\/wp-content\/uploads\/2021\/09\/agencja_eventowa_DKK-300x150.jpg 300w, https:\/\/www.koronakarkonoszy.pl\/blog-dla-firm\/wp-content\/uploads\/2021\/09\/agencja_eventowa_DKK-768x384.jpg 768w, https:\/\/www.koronakarkonoszy.pl\/blog-dla-firm\/wp-content\/uploads\/2021\/09\/agencja_eventowa_DKK.jpg 1200w\" sizes=\"auto, (max-width: 1024px) 100vw, 1024px\" \/><\/a><\/figure>\n\n\n\n<p>Doskona\u0142ym miejscem na szkolenie jest <strong>Dolny \u015al\u0105sk<\/strong>. Jest to rejon niezwykle atrakcyjny turystycznie. Ka\u017cdego roku przyci\u0105ga mn\u00f3stwo wczasowicz\u00f3w z r\u00f3\u017cnych cz\u0119\u015bci kraju. W regionie znajduje si\u0119 wiele przepi\u0119knych jezior, dolin i las\u00f3w. We Wroc\u0142awiu podziwia\u0107 mo\u017cemy wyj\u0105tkowe zabytki i inne niesamowite elementy architektury \u2013 takie jak Stary Ratusz czy ko\u015bci\u00f3\u0142 \u015bw. Wojciecha. W po\u0142udniowej cz\u0119\u015bci Dolnego \u015al\u0105ska rozci\u0105ga si\u0119 za\u015b <strong>Karkonoski Park Narodowy<\/strong>, kt\u00f3ry zachwyca zapieraj\u0105cymi dech w piersiach krajobrazami i bogactwem niezwyk\u0142ych ro\u015blin.<\/p>\n\n\n\n<p>Mimo \u017ce Dolny \u015al\u0105sk to miejsce oblegane przez turyst\u00f3w, to w okolicy znajdziemy wiele obiekt\u00f3w wypoczynkowych usytuowanych na uboczu, kt\u00f3re okre\u015bli\u0107 mo\u017cna jako wyj\u0105tkowe oazy spokoju sprzyjaj\u0105ce odpr\u0119\u017ceniu i skupieniu. Poszukuj\u0105c <strong>idealnego miejsca na szkolenie<\/strong>, nale\u017cy zwr\u00f3ci\u0107 uwag\u0119 na takie obiekty \u2013 te spokojne, na uboczu, wyj\u0105tkowo klimatyczne.<\/p>\n\n\n<section id=\"leonardo-block_a579fba246690f51bd0bd4b216503092\" class=\"leonardo page-breaker leonardo-image-left\">\n    <div class=\"leonardo-body\">\n                <div class=\"leonardo-content\"><p><!-- wp:heading --><\/p>\n<p><strong>Podsumowanie<\/strong><\/p>\n<p>Miejsce na szkolenie przede wszystkim powinno by\u0107 idealnie dopasowane do formy i charakteru <a href=\"https:\/\/www.koronakarkonoszy.pl\/blog-dla-firm\/zimowa-integracja-dla-firm-przewodnik-po-organizacji-wyjazdow-integracyjnych\/\" target=\"_blank\" rel=\"noopener\">firmowego wyjazdu<\/a> i liczby uczestnik\u00f3w. W obiekcie powinna znale\u017a\u0107 si\u0119 przestronna, dobrze wyposa\u017cona sala szkoleniowa, odpowiednia liczba miejsc noclegowych oraz zaplecze gastronomiczne. Przewidziane w harmonogramie dnia <a href=\"https:\/\/www.koronakarkonoszy.pl\/blog-dla-firm\/ciekawe-i-angazujace-atrakcje-na-imprezy-firmowe\/\" target=\"_blank\" rel=\"noreferrer noopener\">atrakcje na imprezy firmowe<\/a> z pewno\u015bci\u0105 b\u0119d\u0105 mi\u0142ym ukoronowaniem szkolenia.<\/p>\n<p><!-- \/wp:paragraph --> <!-- wp:paragraph --><\/p>\n<p>Idealne miejsce na szkolenie to te oddalone od miejskiego zgie\u0142ku. Warto szuka\u0107 hoteli usytuowanych po\u015br\u00f3d malowniczych okoliczno\u015bci przyrody. Natura tworzy bowiem wyj\u0105tkowo magiczn\u0105, spokojn\u0105 aur\u0119, kt\u00f3ra sprzyja skupieniu i produktywno\u015bci. Szkolenie w takim miejscu z ca\u0142\u0105 pewno\u015bci\u0105 b\u0119dzie du\u017co przyjemniejsze ni\u017c to zorganizowane w centrum g\u0142o\u015bnego miasta lub w pobli\u017cu g\u0142\u00f3wnej drogi.<\/p>\n<p><!-- \/wp:paragraph --><\/p>\n<\/div>\n                    <aside class=\"leonardo-interlink\">\n                <b>Polecamy<\/b>\n                <a href=\"https:\/\/www.koronakarkonoszy.pl\/blog-dla-firm\/en\/miejsce-na-szkolenie\/\"><\/a>\n            <\/aside>\n            <\/div>\n    <div class=\"leonardo-image\">\n        <img loading=\"lazy\" decoding=\"async\" width=\"2247\" height=\"1498\" src=\"https:\/\/www.koronakarkonoszy.pl\/blog-dla-firm\/wp-content\/uploads\/2023\/11\/refektarz67.jpg\" class=\"attachment-full size-full\" alt=\"Miejsce na warsztaty dla firm, Dw\u00f3r Korona Karkonoszy, Sosn\u00f3wka k. Karpacza\" srcset=\"https:\/\/www.koronakarkonoszy.pl\/blog-dla-firm\/wp-content\/uploads\/2023\/11\/refektarz67.jpg 2247w, https:\/\/www.koronakarkonoszy.pl\/blog-dla-firm\/wp-content\/uploads\/2023\/11\/refektarz67-300x200.jpg 300w, https:\/\/www.koronakarkonoszy.pl\/blog-dla-firm\/wp-content\/uploads\/2023\/11\/refektarz67-1024x683.jpg 1024w, https:\/\/www.koronakarkonoszy.pl\/blog-dla-firm\/wp-content\/uploads\/2023\/11\/refektarz67-768x512.jpg 768w, https:\/\/www.koronakarkonoszy.pl\/blog-dla-firm\/wp-content\/uploads\/2023\/11\/refektarz67-1920x1280.jpg 1920w, https:\/\/www.koronakarkonoszy.pl\/blog-dla-firm\/wp-content\/uploads\/2023\/11\/refektarz67-1536x1024.jpg 1536w, https:\/\/www.koronakarkonoszy.pl\/blog-dla-firm\/wp-content\/uploads\/2023\/11\/refektarz67-2048x1365.jpg 2048w, https:\/\/www.koronakarkonoszy.pl\/blog-dla-firm\/wp-content\/uploads\/2023\/11\/refektarz67-18x12.jpg 18w\" sizes=\"auto, (max-width: 2247px) 100vw, 2247px\" \/>            <\/div>\n<\/section>\n\n<style>\n  .destination_map {\n    margin: 1.5em 0;\n  }\n\n  body:not(.wp-admin) .admin {\n    display: none;\n  }\n\n  .map {\n    max-width: 800px;\n    height: 400px;\n  }\n\n  .wp-admin .map {\n    display: none;\n  }\n<\/style>\n\n<div id=\"destination_map-block_62e5895dc37f6ff0c3b12622f1646141\" class=\"destination_map\">\n  <div class=\"destinationmap-body admin\" style=\"background-color: lightblue;\">\n        Mapa dojazdu\n  <\/div>\n  <div id=\"block_62e5895dc37f6ff0c3b12622f1646141\" class=\"map\"><\/div>\n<\/div>\n\n<script>\n  (function($) {\n\n    function mapLocation() {\n      var directionsDisplay;\n      var directionsService = new google.maps.DirectionsService();\n      var map;\n\n      function initialize() {\n        var pos = new google.maps.LatLng(50.8190591, 15.7212853);\n        var mapOptions = {\n          zoom: 11,\n          center: pos\n        };\n        map = new google.maps.Map(document.getElementById('block_62e5895dc37f6ff0c3b12622f1646141'), mapOptions);\n\n        var marker = new google.maps.Marker({\n          position: pos,\n          map: map\n        });\n\n      }\n\n      google.maps.event.addDomListener(window, 'load', initialize);\n    }\n    mapLocation();\n\n  })(jQuery);\n<\/script>\n\n\n<p>Jak zorganizowa\u0107 imprez\u0119 &#8211; zobacz <a href=\"https:\/\/www.koronakarkonoszy.pl\/blog-dla-firm\/konfigurator-imprez-firmowych\/\">konfigurator imprez<\/a><\/p>\n","protected":false},"excerpt":{"rendered":"<p>Jednym z element\u00f3w, kt\u00f3ry kszta\u0142tuje zesp\u00f3\u0142, s\u0105 szkolenia. Cyklicznie organizowane spotkania zbuduj\u0105 siln\u0105, sprawnie funkcjonuj\u0105c\u0105 grup\u0119 pracownicz\u0105, kt\u00f3ra doskonale zna si\u0119 na tym, co robi i osi\u0105ga sukcesy na rynku. Organizacja szkolenia to nie\u0142atwe zadanie. Wi\u0105\u017ce si\u0119 z d\u0142ugim okresem przygotowa\u0144, podczas kt\u00f3rych mi\u0119dzy innymi trzeba znale\u017a\u0107 odpowiedni\u0105 sal\u0119 szkoleniow\u0105. Jak powinno wygl\u0105da\u0107 idealne miejsce [&hellip;]<\/p>\n","protected":false},"author":11,"featured_media":2933,"comment_status":"closed","ping_status":"closed","sticky":false,"template":"","format":"standard","meta":{"_acf_changed":false,"footnotes":""},"categories":[16,2],"class_list":["post-828","post","type-post","status-publish","format-standard","has-post-thumbnail","hentry","category-imprezy-firmowe","category-porady"],"acf":[],"yoast_head":"<!-- This site is optimized with the Yoast SEO Premium plugin v27.4 (Yoast SEO v27.4) - https:\/\/yoast.com\/product\/yoast-seo-premium-wordpress\/ -->\n<title>Miejsce na szkolenie - jak wybra\u0107 idealne? - :: Blog dla firm - szkolenia, zarz\u0105dzanie zespo\u0142em, team building<\/title>\n<meta name=\"description\" content=\"Jak powinno wygl\u0105da\u0107 idealne miejsce na szkolenie? Gdzie je znale\u017a\u0107? Na co zwr\u00f3ci\u0107 uwag\u0119 przy wyborze takiego obiektu? Podpowiadamy!\" \/>\n<meta name=\"robots\" content=\"index, follow, max-snippet:-1, max-image-preview:large, max-video-preview:-1\" \/>\n<link rel=\"canonical\" href=\"https:\/\/www.koronakarkonoszy.pl\/blog-dla-firm\/en\/how-to-choose-the-perfect-place-for-training\/\" \/>\n<meta property=\"og:locale\" content=\"en_GB\" \/>\n<meta property=\"og:type\" content=\"article\" \/>\n<meta property=\"og:title\" content=\"Miejsce na szkolenie - jak wybra\u0107 idealne?\" \/>\n<meta property=\"og:description\" content=\"Jak powinno wygl\u0105da\u0107 idealne miejsce na szkolenie? Gdzie je znale\u017a\u0107? Na co zwr\u00f3ci\u0107 uwag\u0119 przy wyborze takiego obiektu? Podpowiadamy!\" \/>\n<meta property=\"og:url\" content=\"https:\/\/www.koronakarkonoszy.pl\/blog-dla-firm\/en\/how-to-choose-the-perfect-place-for-training\/\" \/>\n<meta property=\"og:site_name\" content=\":: Blog dla firm - szkolenia, zarz\u0105dzanie zespo\u0142em, team building\" \/>\n<meta property=\"article:published_time\" content=\"2024-08-09T15:15:00+00:00\" \/>\n<meta property=\"article:modified_time\" content=\"2024-12-11T09:53:16+00:00\" \/>\n<meta property=\"og:image\" content=\"https:\/\/www.koronakarkonoszy.pl\/blog-dla-firm\/wp-content\/uploads\/2021\/07\/3.jpg\" \/>\n\t<meta property=\"og:image:width\" content=\"1024\" \/>\n\t<meta property=\"og:image:height\" content=\"681\" \/>\n\t<meta property=\"og:image:type\" content=\"image\/jpeg\" \/>\n<meta name=\"author\" content=\"agnieszka\" \/>\n<meta name=\"twitter:card\" content=\"summary_large_image\" \/>\n<meta name=\"twitter:label1\" content=\"Written by\" \/>\n\t<meta name=\"twitter:data1\" content=\"agnieszka\" \/>\n\t<meta name=\"twitter:label2\" content=\"Estimated reading time\" \/>\n\t<meta name=\"twitter:data2\" content=\"10 minutes\" \/>\n<script type=\"application\/ld+json\" class=\"yoast-schema-graph\">{\"@context\":\"https:\\\/\\\/schema.org\",\"@graph\":[{\"@type\":\"Article\",\"@id\":\"https:\\\/\\\/www.koronakarkonoszy.pl\\\/blog-dla-firm\\\/miejsce-na-szkolenie\\\/#article\",\"isPartOf\":{\"@id\":\"https:\\\/\\\/www.koronakarkonoszy.pl\\\/blog-dla-firm\\\/miejsce-na-szkolenie\\\/\"},\"author\":{\"name\":\"agnieszka\",\"@id\":\"https:\\\/\\\/www.koronakarkonoszy.pl\\\/blog-dla-firm\\\/#\\\/schema\\\/person\\\/c06752c3cb176906b455582ff7ef925e\"},\"headline\":\"Miejsce na szkolenie &#8211; jak wybra\u0107 idealne?\",\"datePublished\":\"2024-08-09T15:15:00+00:00\",\"dateModified\":\"2024-12-11T09:53:16+00:00\",\"mainEntityOfPage\":{\"@id\":\"https:\\\/\\\/www.koronakarkonoszy.pl\\\/blog-dla-firm\\\/miejsce-na-szkolenie\\\/\"},\"wordCount\":1505,\"image\":{\"@id\":\"https:\\\/\\\/www.koronakarkonoszy.pl\\\/blog-dla-firm\\\/miejsce-na-szkolenie\\\/#primaryimage\"},\"thumbnailUrl\":\"https:\\\/\\\/www.koronakarkonoszy.pl\\\/blog-dla-firm\\\/wp-content\\\/uploads\\\/2021\\\/07\\\/3.jpg\",\"articleSection\":[\"Imprezy firmowe\",\"Porady\"],\"inLanguage\":\"en-GB\"},{\"@type\":\"WebPage\",\"@id\":\"https:\\\/\\\/www.koronakarkonoszy.pl\\\/blog-dla-firm\\\/miejsce-na-szkolenie\\\/\",\"url\":\"https:\\\/\\\/www.koronakarkonoszy.pl\\\/blog-dla-firm\\\/miejsce-na-szkolenie\\\/\",\"name\":\"Miejsce na szkolenie - jak wybra\u0107 idealne? - :: Blog dla firm - szkolenia, zarz\u0105dzanie zespo\u0142em, team building\",\"isPartOf\":{\"@id\":\"https:\\\/\\\/www.koronakarkonoszy.pl\\\/blog-dla-firm\\\/#website\"},\"primaryImageOfPage\":{\"@id\":\"https:\\\/\\\/www.koronakarkonoszy.pl\\\/blog-dla-firm\\\/miejsce-na-szkolenie\\\/#primaryimage\"},\"image\":{\"@id\":\"https:\\\/\\\/www.koronakarkonoszy.pl\\\/blog-dla-firm\\\/miejsce-na-szkolenie\\\/#primaryimage\"},\"thumbnailUrl\":\"https:\\\/\\\/www.koronakarkonoszy.pl\\\/blog-dla-firm\\\/wp-content\\\/uploads\\\/2021\\\/07\\\/3.jpg\",\"datePublished\":\"2024-08-09T15:15:00+00:00\",\"dateModified\":\"2024-12-11T09:53:16+00:00\",\"author\":{\"@id\":\"https:\\\/\\\/www.koronakarkonoszy.pl\\\/blog-dla-firm\\\/#\\\/schema\\\/person\\\/c06752c3cb176906b455582ff7ef925e\"},\"description\":\"Jak powinno wygl\u0105da\u0107 idealne miejsce na szkolenie? Gdzie je znale\u017a\u0107? Na co zwr\u00f3ci\u0107 uwag\u0119 przy wyborze takiego obiektu? Podpowiadamy!\",\"breadcrumb\":{\"@id\":\"https:\\\/\\\/www.koronakarkonoszy.pl\\\/blog-dla-firm\\\/miejsce-na-szkolenie\\\/#breadcrumb\"},\"inLanguage\":\"en-GB\",\"potentialAction\":[{\"@type\":\"ReadAction\",\"target\":[\"https:\\\/\\\/www.koronakarkonoszy.pl\\\/blog-dla-firm\\\/miejsce-na-szkolenie\\\/\"]}]},{\"@type\":\"ImageObject\",\"inLanguage\":\"en-GB\",\"@id\":\"https:\\\/\\\/www.koronakarkonoszy.pl\\\/blog-dla-firm\\\/miejsce-na-szkolenie\\\/#primaryimage\",\"url\":\"https:\\\/\\\/www.koronakarkonoszy.pl\\\/blog-dla-firm\\\/wp-content\\\/uploads\\\/2021\\\/07\\\/3.jpg\",\"contentUrl\":\"https:\\\/\\\/www.koronakarkonoszy.pl\\\/blog-dla-firm\\\/wp-content\\\/uploads\\\/2021\\\/07\\\/3.jpg\",\"width\":1024,\"height\":681,\"caption\":\"Centrum Eventowe Dworu Korona Karkonoszy w Sosn\u00f3wce ko\u0142o Karpacza\"},{\"@type\":\"BreadcrumbList\",\"@id\":\"https:\\\/\\\/www.koronakarkonoszy.pl\\\/blog-dla-firm\\\/miejsce-na-szkolenie\\\/#breadcrumb\",\"itemListElement\":[{\"@type\":\"ListItem\",\"position\":1,\"name\":\"Strona g\u0142\u00f3wna\",\"item\":\"https:\\\/\\\/www.koronakarkonoszy.pl\\\/blog-dla-firm\\\/\"},{\"@type\":\"ListItem\",\"position\":2,\"name\":\"Miejsce na szkolenie &#8211; jak wybra\u0107 idealne?\"}]},{\"@type\":\"WebSite\",\"@id\":\"https:\\\/\\\/www.koronakarkonoszy.pl\\\/blog-dla-firm\\\/#website\",\"url\":\"https:\\\/\\\/www.koronakarkonoszy.pl\\\/blog-dla-firm\\\/\",\"name\":\":: Blog dla firm - szkolenia, zarz\u0105dzanie zespo\u0142em, team building\",\"description\":\"\",\"potentialAction\":[{\"@type\":\"SearchAction\",\"target\":{\"@type\":\"EntryPoint\",\"urlTemplate\":\"https:\\\/\\\/www.koronakarkonoszy.pl\\\/blog-dla-firm\\\/?s={search_term_string}\"},\"query-input\":{\"@type\":\"PropertyValueSpecification\",\"valueRequired\":true,\"valueName\":\"search_term_string\"}}],\"inLanguage\":\"en-GB\"},{\"@type\":\"Person\",\"@id\":\"https:\\\/\\\/www.koronakarkonoszy.pl\\\/blog-dla-firm\\\/#\\\/schema\\\/person\\\/c06752c3cb176906b455582ff7ef925e\",\"name\":\"agnieszka\",\"image\":{\"@type\":\"ImageObject\",\"inLanguage\":\"en-GB\",\"@id\":\"https:\\\/\\\/www.koronakarkonoszy.pl\\\/blog-dla-firm\\\/wp-content\\\/litespeed\\\/avatar\\\/53ee7b676463f74d0aea1a09de3d003b.jpg?ver=1777446304\",\"url\":\"https:\\\/\\\/www.koronakarkonoszy.pl\\\/blog-dla-firm\\\/wp-content\\\/litespeed\\\/avatar\\\/53ee7b676463f74d0aea1a09de3d003b.jpg?ver=1777446304\",\"contentUrl\":\"https:\\\/\\\/www.koronakarkonoszy.pl\\\/blog-dla-firm\\\/wp-content\\\/litespeed\\\/avatar\\\/53ee7b676463f74d0aea1a09de3d003b.jpg?ver=1777446304\",\"caption\":\"agnieszka\"},\"url\":\"https:\\\/\\\/www.koronakarkonoszy.pl\\\/blog-dla-firm\\\/en\\\/author\\\/agnieszka\\\/\"}]}<\/script>\n<!-- \/ Yoast SEO Premium plugin. -->","yoast_head_json":{"title":"Miejsce na szkolenie - jak wybra\u0107 idealne? - :: Blog dla firm - szkolenia, zarz\u0105dzanie zespo\u0142em, team building","description":"What should an ideal training venue look like? Where to find them? What should you pay attention to when choosing such a facility? we suggest!","robots":{"index":"index","follow":"follow","max-snippet":"max-snippet:-1","max-image-preview":"max-image-preview:large","max-video-preview":"max-video-preview:-1"},"canonical":"https:\/\/www.koronakarkonoszy.pl\/blog-dla-firm\/en\/how-to-choose-the-perfect-place-for-training\/","og_locale":"en_GB","og_type":"article","og_title":"Miejsce na szkolenie - jak wybra\u0107 idealne?","og_description":"Jak powinno wygl\u0105da\u0107 idealne miejsce na szkolenie? Gdzie je znale\u017a\u0107? Na co zwr\u00f3ci\u0107 uwag\u0119 przy wyborze takiego obiektu? Podpowiadamy!","og_url":"https:\/\/www.koronakarkonoszy.pl\/blog-dla-firm\/en\/how-to-choose-the-perfect-place-for-training\/","og_site_name":":: Blog dla firm - szkolenia, zarz\u0105dzanie zespo\u0142em, team building","article_published_time":"2024-08-09T15:15:00+00:00","article_modified_time":"2024-12-11T09:53:16+00:00","og_image":[{"width":1024,"height":681,"url":"https:\/\/www.koronakarkonoszy.pl\/blog-dla-firm\/wp-content\/uploads\/2021\/07\/3.jpg","type":"image\/jpeg"}],"author":"agnieszka","twitter_card":"summary_large_image","twitter_misc":{"Written by":"agnieszka","Estimated reading time":"10 minutes"},"schema":{"@context":"https:\/\/schema.org","@graph":[{"@type":"Article","@id":"https:\/\/www.koronakarkonoszy.pl\/blog-dla-firm\/miejsce-na-szkolenie\/#article","isPartOf":{"@id":"https:\/\/www.koronakarkonoszy.pl\/blog-dla-firm\/miejsce-na-szkolenie\/"},"author":{"name":"agnieszka","@id":"https:\/\/www.koronakarkonoszy.pl\/blog-dla-firm\/#\/schema\/person\/c06752c3cb176906b455582ff7ef925e"},"headline":"Miejsce na szkolenie &#8211; jak wybra\u0107 idealne?","datePublished":"2024-08-09T15:15:00+00:00","dateModified":"2024-12-11T09:53:16+00:00","mainEntityOfPage":{"@id":"https:\/\/www.koronakarkonoszy.pl\/blog-dla-firm\/miejsce-na-szkolenie\/"},"wordCount":1505,"image":{"@id":"https:\/\/www.koronakarkonoszy.pl\/blog-dla-firm\/miejsce-na-szkolenie\/#primaryimage"},"thumbnailUrl":"https:\/\/www.koronakarkonoszy.pl\/blog-dla-firm\/wp-content\/uploads\/2021\/07\/3.jpg","articleSection":["Imprezy firmowe","Porady"],"inLanguage":"en-GB"},{"@type":"WebPage","@id":"https:\/\/www.koronakarkonoszy.pl\/blog-dla-firm\/miejsce-na-szkolenie\/","url":"https:\/\/www.koronakarkonoszy.pl\/blog-dla-firm\/miejsce-na-szkolenie\/","name":"Miejsce na szkolenie - jak wybra\u0107 idealne? - :: Blog dla firm - szkolenia, zarz\u0105dzanie zespo\u0142em, team building","isPartOf":{"@id":"https:\/\/www.koronakarkonoszy.pl\/blog-dla-firm\/#website"},"primaryImageOfPage":{"@id":"https:\/\/www.koronakarkonoszy.pl\/blog-dla-firm\/miejsce-na-szkolenie\/#primaryimage"},"image":{"@id":"https:\/\/www.koronakarkonoszy.pl\/blog-dla-firm\/miejsce-na-szkolenie\/#primaryimage"},"thumbnailUrl":"https:\/\/www.koronakarkonoszy.pl\/blog-dla-firm\/wp-content\/uploads\/2021\/07\/3.jpg","datePublished":"2024-08-09T15:15:00+00:00","dateModified":"2024-12-11T09:53:16+00:00","author":{"@id":"https:\/\/www.koronakarkonoszy.pl\/blog-dla-firm\/#\/schema\/person\/c06752c3cb176906b455582ff7ef925e"},"description":"What should an ideal training venue look like? Where to find them? What should you pay attention to when choosing such a facility? we suggest!","breadcrumb":{"@id":"https:\/\/www.koronakarkonoszy.pl\/blog-dla-firm\/miejsce-na-szkolenie\/#breadcrumb"},"inLanguage":"en-GB","potentialAction":[{"@type":"ReadAction","target":["https:\/\/www.koronakarkonoszy.pl\/blog-dla-firm\/miejsce-na-szkolenie\/"]}]},{"@type":"ImageObject","inLanguage":"en-GB","@id":"https:\/\/www.koronakarkonoszy.pl\/blog-dla-firm\/miejsce-na-szkolenie\/#primaryimage","url":"https:\/\/www.koronakarkonoszy.pl\/blog-dla-firm\/wp-content\/uploads\/2021\/07\/3.jpg","contentUrl":"https:\/\/www.koronakarkonoszy.pl\/blog-dla-firm\/wp-content\/uploads\/2021\/07\/3.jpg","width":1024,"height":681,"caption":"Centrum Eventowe Dworu Korona Karkonoszy w Sosn\u00f3wce ko\u0142o Karpacza"},{"@type":"BreadcrumbList","@id":"https:\/\/www.koronakarkonoszy.pl\/blog-dla-firm\/miejsce-na-szkolenie\/#breadcrumb","itemListElement":[{"@type":"ListItem","position":1,"name":"Strona g\u0142\u00f3wna","item":"https:\/\/www.koronakarkonoszy.pl\/blog-dla-firm\/"},{"@type":"ListItem","position":2,"name":"Miejsce na szkolenie &#8211; jak wybra\u0107 idealne?"}]},{"@type":"WebSite","@id":"https:\/\/www.koronakarkonoszy.pl\/blog-dla-firm\/#website","url":"https:\/\/www.koronakarkonoszy.pl\/blog-dla-firm\/","name":":: Blog for companies - training, team management, team building","description":"","potentialAction":[{"@type":"SearchAction","target":{"@type":"EntryPoint","urlTemplate":"https:\/\/www.koronakarkonoszy.pl\/blog-dla-firm\/?s={search_term_string}"},"query-input":{"@type":"PropertyValueSpecification","valueRequired":true,"valueName":"search_term_string"}}],"inLanguage":"en-GB"},{"@type":"Person","@id":"https:\/\/www.koronakarkonoszy.pl\/blog-dla-firm\/#\/schema\/person\/c06752c3cb176906b455582ff7ef925e","name":"Agnes","image":{"@type":"ImageObject","inLanguage":"en-GB","@id":"https:\/\/www.koronakarkonoszy.pl\/blog-dla-firm\/wp-content\/litespeed\/avatar\/53ee7b676463f74d0aea1a09de3d003b.jpg?ver=1777446304","url":"https:\/\/www.koronakarkonoszy.pl\/blog-dla-firm\/wp-content\/litespeed\/avatar\/53ee7b676463f74d0aea1a09de3d003b.jpg?ver=1777446304","contentUrl":"https:\/\/www.koronakarkonoszy.pl\/blog-dla-firm\/wp-content\/litespeed\/avatar\/53ee7b676463f74d0aea1a09de3d003b.jpg?ver=1777446304","caption":"agnieszka"},"url":"https:\/\/www.koronakarkonoszy.pl\/blog-dla-firm\/en\/author\/agnieszka\/"}]}},"_links":{"self":[{"href":"https:\/\/www.koronakarkonoszy.pl\/blog-dla-firm\/en\/wp-json\/wp\/v2\/posts\/828","targetHints":{"allow":["GET"]}}],"collection":[{"href":"https:\/\/www.koronakarkonoszy.pl\/blog-dla-firm\/en\/wp-json\/wp\/v2\/posts"}],"about":[{"href":"https:\/\/www.koronakarkonoszy.pl\/blog-dla-firm\/en\/wp-json\/wp\/v2\/types\/post"}],"author":[{"embeddable":true,"href":"https:\/\/www.koronakarkonoszy.pl\/blog-dla-firm\/en\/wp-json\/wp\/v2\/users\/11"}],"replies":[{"embeddable":true,"href":"https:\/\/www.koronakarkonoszy.pl\/blog-dla-firm\/en\/wp-json\/wp\/v2\/comments?post=828"}],"version-history":[{"count":8,"href":"https:\/\/www.koronakarkonoszy.pl\/blog-dla-firm\/en\/wp-json\/wp\/v2\/posts\/828\/revisions"}],"predecessor-version":[{"id":10337,"href":"https:\/\/www.koronakarkonoszy.pl\/blog-dla-firm\/en\/wp-json\/wp\/v2\/posts\/828\/revisions\/10337"}],"wp:featuredmedia":[{"embeddable":true,"href":"https:\/\/www.koronakarkonoszy.pl\/blog-dla-firm\/en\/wp-json\/wp\/v2\/media\/2933"}],"wp:attachment":[{"href":"https:\/\/www.koronakarkonoszy.pl\/blog-dla-firm\/en\/wp-json\/wp\/v2\/media?parent=828"}],"wp:term":[{"taxonomy":"category","embeddable":true,"href":"https:\/\/www.koronakarkonoszy.pl\/blog-dla-firm\/en\/wp-json\/wp\/v2\/categories?post=828"}],"curies":[{"name":"wp","href":"https:\/\/api.w.org\/{rel}","templated":true}]}}