{"id":818,"date":"2023-11-02T16:34:01","date_gmt":"2023-11-02T15:34:01","guid":{"rendered":"https:\/\/www.koronakarkonoszy.pl\/blog-dla-firm\/?p=818"},"modified":"2024-05-30T16:06:52","modified_gmt":"2024-05-30T14:06:52","slug":"organizacja-konferencji-dla-firm-jak-zrobic-to-dobrze","status":"publish","type":"post","link":"https:\/\/www.koronakarkonoszy.pl\/blog-dla-firm\/en\/organizacja-konferencji-dla-firm-jak-zrobic-to-dobrze\/","title":{"rendered":"Organization of conferences for companies - how to do it right?"},"content":{"rendered":"\n<p>Bez znaczenia, czy organizujemy wielk\u0105 konferencj\u0119 mi\u0119dzynarodow\u0105, czy kameralne spotkanie biznesowe \u2013 przygotowanie takiego wydarzenia to nie lada wyzwanie! Wymaga konsekwencji, umiej\u0119tnego planowania dzia\u0142a\u0144, sporo zaanga\u017cowania i pot\u0119\u017cnej dawki kreatywno\u015bci. Czasem nawet mimo usilnych stara\u0144, nie wszystko wychodzi tak, jak chcieli\u015bmy. Jak zrobi\u0107 to dobrze? Przedstawiamy, jak powinna przebiega\u0107 organizacja konferencji dla firm krok po kroku.<\/p>\n\n\n<div id=\"ariadna-block_721f93fbe2890a0b613cd7011e648d4b\" class=\"ariadna\">\n    <ul><li><a href=\"#h-organizacja-konferencji-wskazowki\">Organizacja konferencji &#8211; wskaz\u00f3wki<\/a><\/li><li><a href=\"#h-termin-konferencji\">Termin konferencji<\/a><\/li><li><a href=\"#h-gdzie-zorganizowac-konferencje\"><a href=\"https:\/\/www.koronakarkonoszy.pl\/blog-dla-firm\/gdzie-na-wyjazd-integracyjny\/\" target=\"_blank\" rel=\"noreferrer noopener\">Gdzie zorganizowa\u0107 konferencj\u0119?<\/a><\/li><li><a href=\"#h-organizacja-konferencji-dla-firm-jak-wybrac-idealne-miejsce\">Organizacja konferencji dla firm &#8211; jak wybra\u0107 idealne miejsce?<\/a><\/li><li><a href=\"#h-konferencje-wroclaw-i-okolice\">Konferencje Wroc\u0142aw i okolice<\/a><\/li><li><a href=\"#h-menu-na-konferencje-dla-firm\">Menu na konferencje dla firm<\/a><\/li><li><a href=\"#h-organizacja-konferencji-a-catering\">Organizacja konferencji a catering<\/a><\/li><li><a href=\"#h-konferencja-dla-firm-o-czym-nie-wolno-zapomniec\">Konferencja dla firm &#8211; o czym nie wolno zapomnie\u0107?<\/a><\/li><li><a href=\"#h-jak-zorganizowac-konferencje-w-7-krokach\">Jak zorganizowa\u0107 konferencj\u0119 w 7 krokach?<\/a><\/li><li><a href=\"#h-organizacja-konferencji-krok-po-kroku\">Organizacja konferencji krok po kroku<\/a><\/li><\/ul>\n<\/div>\n\n\n\n\n\n\n<figure class=\"wp-block-image size-large is-resized\"><a href=\"https:\/\/www.koronakarkonoszy.pl\/konfigurator-imprez\/\" target=\"_blank\" rel=\"noreferrer noopener\"><img loading=\"lazy\" decoding=\"async\" width=\"1024\" height=\"510\" src=\"https:\/\/www.koronakarkonoszy.pl\/blog-dla-firm\/wp-content\/uploads\/2023\/11\/DKK-konfigurator_01-1024x510.jpg\" alt=\"Konfigurator imprez firmowych agencji eventowej Dw\u00f3r Korona Karkonoszy\" class=\"wp-image-7804\" style=\"width:855px;height:auto\" title=\"Konfigurator imprez firmowych agencji eventowej \" srcset=\"https:\/\/www.koronakarkonoszy.pl\/blog-dla-firm\/wp-content\/uploads\/2023\/11\/DKK-konfigurator_01-1024x510.jpg 1024w, https:\/\/www.koronakarkonoszy.pl\/blog-dla-firm\/wp-content\/uploads\/2023\/11\/DKK-konfigurator_01-300x150.jpg 300w, https:\/\/www.koronakarkonoszy.pl\/blog-dla-firm\/wp-content\/uploads\/2023\/11\/DKK-konfigurator_01-768x383.jpg 768w, https:\/\/www.koronakarkonoszy.pl\/blog-dla-firm\/wp-content\/uploads\/2023\/11\/DKK-konfigurator_01-1920x957.jpg 1920w, https:\/\/www.koronakarkonoszy.pl\/blog-dla-firm\/wp-content\/uploads\/2023\/11\/DKK-konfigurator_01-1536x766.jpg 1536w, https:\/\/www.koronakarkonoszy.pl\/blog-dla-firm\/wp-content\/uploads\/2023\/11\/DKK-konfigurator_01-18x9.jpg 18w, https:\/\/www.koronakarkonoszy.pl\/blog-dla-firm\/wp-content\/uploads\/2023\/11\/DKK-konfigurator_01.jpg 2040w\" sizes=\"auto, (max-width: 1024px) 100vw, 1024px\" \/><\/a><\/figure>\n\n\n\n<h2 class=\"wp-block-heading\" id=\"h-organizacja-konferencji-wskazowki\">Organizacja konferencji &#8211; wskaz\u00f3wki <\/h2>\n\n\n\n<p>Zanim zabierzemy si\u0119 za za\u0142atwianie jakiejkolwiek sprawy zwi\u0105zanej z organizacj\u0105 konferencji, musimy szczeg\u00f3\u0142owo okre\u015bli\u0107, czego oczekujemy od wydarzenia. Przede wszystkim powinni\u015bmy odpowiedzie\u0107 sobie na pytania:<\/p>\n\n\n\n<ul class=\"wp-block-list\">\n<li>Jaki jest cel konferencji?<\/li>\n\n\n\n<li>Kogo chcemy zaprosi\u0107?<\/li>\n\n\n\n<li>Jaki b\u0119dzie charakter imprezy?<\/li>\n\n\n\n<li>Jak d\u0142ugo b\u0119dzie trwa\u0142a?<\/li>\n\n\n\n<li>Jaki mamy bud\u017cet?<\/li>\n<\/ul>\n\n\n\n<p>Odpowiedzi na te pytania powinny by\u0107 przemy\u015blane i wyczerpuj\u0105ce. Pozwoli nam to przygotowa\u0107 szczeg\u00f3\u0142ow\u0105 <strong>koncepcj\u0119 eventu<\/strong>. Warto ustali\u0107 harmonogram, kt\u00f3ry udost\u0119pnimy uczestnikom eventu. Dzi\u0119ki temu ka\u017cda osoba b\u0119dzie \u015bwiadoma, kiedy rozpoczynaj\u0105 si\u0119 poszczeg\u00f3lne bloki konferencji, ile przerw zaplanowano, a tak\u017ce, jak d\u0142ugo potrwa ca\u0142e wydarzenie.<\/p>\n\n\n<section id=\"leonardo-block_70a4ce324b3270d0b0233ae5f0d6ff78\" class=\"leonardo page-breaker leonardo-image-right\">\n    <div class=\"leonardo-body\">\n        <h2 class=\"leonardo-title\" id=\"h-termin-konferencji\">Termin konferencji <\/h2>        <div class=\"leonardo-content\"><p>Kolejny wa\u017cny etap to ustalenie <strong>terminu konferencji<\/strong>. Przy wyborze daty przede wszystkim nale\u017cy wzi\u0105\u0107 pod uwag\u0119 dost\u0119pno\u015b\u0107 naszych go\u015bci oraz prelegent\u00f3w. Nie bez znaczenia jest kalendarz wydarze\u0144 bran\u017cowych. Nie warto planowa\u0107 konferencji w czasie, w kt\u00f3rym b\u0119dzie odbywa\u0107 si\u0119 konkurencyjne wydarzenie. Taka sytuacja mo\u017ce spowodowa\u0107 mniejsze zainteresowanie naszym eventem. Wi\u0105\u017ce si\u0119 r\u00f3wnie\u017c z ryzykiem niedost\u0119pno\u015bci niekt\u00f3rych ekspert\u00f3w. Kiepskim pomys\u0142em jest tak\u017ce <a href=\"https:\/\/www.koronakarkonoszy.pl\/blog-dla-firm\/organizacja-wyjazdow-firmowych\/\" target=\"_blank\" rel=\"noopener\">organizacja konferencji dla firm<\/a> w okresie urlopowym lub \u015bwi\u0105tecznym \u2013 czerwiec-sierpie\u0144 oraz grudzie\u0144.<\/p>\n<\/div>\n                    <aside class=\"leonardo-interlink\">\n                <b>Polecamy<\/b>\n                <a href=\"https:\/\/www.koronakarkonoszy.pl\/blog-dla-firm\/en\/maszyna-goldberga\/\">Maszyna Goldberga event z ni\u0105 przejdzie do historii!<\/a>\n            <\/aside>\n            <\/div>\n    <div class=\"leonardo-image\">\n        <img loading=\"lazy\" decoding=\"async\" width=\"1707\" height=\"2560\" src=\"https:\/\/www.koronakarkonoszy.pl\/blog-dla-firm\/wp-content\/uploads\/2023\/07\/bankiet32-scaled.jpg\" class=\"attachment-full size-full\" alt=\"Bankiet dla firm, Dw\u00f3r Korona Karkonoszy w Sosn\u00f3wce, impreza firmowa\" srcset=\"https:\/\/www.koronakarkonoszy.pl\/blog-dla-firm\/wp-content\/uploads\/2023\/07\/bankiet32-scaled.jpg 1707w, https:\/\/www.koronakarkonoszy.pl\/blog-dla-firm\/wp-content\/uploads\/2023\/07\/bankiet32-200x300.jpg 200w, https:\/\/www.koronakarkonoszy.pl\/blog-dla-firm\/wp-content\/uploads\/2023\/07\/bankiet32-683x1024.jpg 683w, https:\/\/www.koronakarkonoszy.pl\/blog-dla-firm\/wp-content\/uploads\/2023\/07\/bankiet32-768x1152.jpg 768w, https:\/\/www.koronakarkonoszy.pl\/blog-dla-firm\/wp-content\/uploads\/2023\/07\/bankiet32-1280x1920.jpg 1280w, https:\/\/www.koronakarkonoszy.pl\/blog-dla-firm\/wp-content\/uploads\/2023\/07\/bankiet32-1024x1536.jpg 1024w, https:\/\/www.koronakarkonoszy.pl\/blog-dla-firm\/wp-content\/uploads\/2023\/07\/bankiet32-1365x2048.jpg 1365w, https:\/\/www.koronakarkonoszy.pl\/blog-dla-firm\/wp-content\/uploads\/2023\/07\/bankiet32-8x12.jpg 8w\" sizes=\"auto, (max-width: 1707px) 100vw, 1707px\" \/>            <\/div>\n<\/section>\n\n\n<h2 class=\"wp-block-heading\" id=\"h-gdzie-zorganizowac-konferencje\"><a href=\"https:\/\/www.koronakarkonoszy.pl\/blog-dla-firm\/gdzie-na-wyjazd-integracyjny\/\" target=\"_blank\" rel=\"noreferrer noopener\">Gdzie<\/a> zorganizowa\u0107 konferencj\u0119?<\/h2>\n\n\n\n<p>Organizacja konferencji i kongres\u00f3w powinna by\u0107 przemy\u015blana. Jedna z najwa\u017cniejszych decyzji to miejsce wydarzenia. Zw\u0142aszcza <strong>planowanie wi\u0119kszej konferencji <\/strong>wymaga znalezienia odpowiedniego hotelu. Wyb\u00f3r miejsca, w kt\u00f3rym chcemy zorganizowa\u0107 konferencj\u0119, zale\u017cy od wielu czynnik\u00f3w, takich jak <strong>liczba uczestnik\u00f3w konferencji<\/strong>, bud\u017cet, cele i koncepcja organizacji konferencji.<\/p>\n\n\n\n<p>Oto kilka popularnych opcji miejsc do organizacji konferencji:<\/p>\n\n\n\n<h3 class=\"wp-block-heading\" id=\"ha-hotele-i-osrodki-wypoczynkowe\">Hotele i o\u015brodki wypoczynkowe<\/h3>\n\n\n\n<p>Hotele i o\u015brodki konferencyjne s\u0105 cz\u0119sto wybierane na miejsce konferencji czy innych <a href=\"https:\/\/www.koronakarkonoszy.pl\/blog-dla-firm\/jak-zorganizowac-spotkanie-firmowe\/\" target=\"_blank\" rel=\"noreferrer noopener\">spotka\u0144 firmowych<\/a> ze wzgl\u0119du na wygod\u0119 i kompleksow\u0105 obs\u0142ug\u0119. Oferuj\u0105 r\u00f3\u017cne rozmiary sal konferencyjnych, zakwaterowanie i us\u0142ugi gastronomiczne.<\/p>\n\n\n\n<figure class=\"wp-block-image size-full\"><img loading=\"lazy\" decoding=\"async\" width=\"800\" height=\"534\" src=\"https:\/\/www.koronakarkonoszy.pl\/blog-dla-firm\/wp-content\/uploads\/2021\/05\/Sala_Szkoleniowa_Refektarz.jpg\" alt=\"\" class=\"wp-image-144\" srcset=\"https:\/\/www.koronakarkonoszy.pl\/blog-dla-firm\/wp-content\/uploads\/2021\/05\/Sala_Szkoleniowa_Refektarz.jpg 800w, https:\/\/www.koronakarkonoszy.pl\/blog-dla-firm\/wp-content\/uploads\/2021\/05\/Sala_Szkoleniowa_Refektarz-300x200.jpg 300w, https:\/\/www.koronakarkonoszy.pl\/blog-dla-firm\/wp-content\/uploads\/2021\/05\/Sala_Szkoleniowa_Refektarz-768x513.jpg 768w\" sizes=\"auto, (max-width: 800px) 100vw, 800px\" \/><figcaption class=\"wp-element-caption\"><strong>Konferencje dla firm, <a href=\"https:\/\/www.koronakarkonoszy.pl\/imprezy-firmowe\/\" target=\"_blank\" rel=\"noreferrer noopener\">Dw\u00f3r Korona Karkonoszy<\/a>, Sosn\u00f3wka<\/strong> <\/figcaption><\/figure>\n\n\n\n<h3 class=\"wp-block-heading\" id=\"ha-centra-konferencyjne\">Centra konferencyjne<\/h3>\n\n\n\n<p>Specjalne centra konferencyjne s\u0105 zaprojektowane z my\u015bl\u0105 o organizowaniu r\u00f3\u017cnych <a href=\"https:\/\/www.koronakarkonoszy.pl\/blog-dla-firm\/imprezy-pracownicze\/\" target=\"_blank\" rel=\"noreferrer noopener\">imprez pracowniczych<\/a>, w tym konferencji. Posiadaj\u0105 nowoczesny sprz\u0119t i \u015bwiadcz\u0105 kompleksowe us\u0142ugi.<\/p>\n\n\n\n<h3 class=\"wp-block-heading\" id=\"ha-uczelnie-wyzsze\">Uczelnie wy\u017csze<\/h3>\n\n\n\n<p>Uniwersytety i inne uczelnie cz\u0119sto wynajmuj\u0105 swoje obiekty na <strong>organizacj\u0119 konferencji.<\/strong> To dobre rozwi\u0105zanie, je\u015bli konferencja ma charakter naukowy lub edukacyjny.<\/p>\n\n\n\n<figure class=\"wp-block-image size-large\"><img loading=\"lazy\" decoding=\"async\" width=\"1024\" height=\"683\" src=\"https:\/\/www.koronakarkonoszy.pl\/blog-dla-firm\/wp-content\/uploads\/2023\/10\/event_biznesowy-1024x683.jpg\" alt=\"\" class=\"wp-image-7592\" srcset=\"https:\/\/www.koronakarkonoszy.pl\/blog-dla-firm\/wp-content\/uploads\/2023\/10\/event_biznesowy-1024x683.jpg 1024w, https:\/\/www.koronakarkonoszy.pl\/blog-dla-firm\/wp-content\/uploads\/2023\/10\/event_biznesowy-300x200.jpg 300w, https:\/\/www.koronakarkonoszy.pl\/blog-dla-firm\/wp-content\/uploads\/2023\/10\/event_biznesowy-768x512.jpg 768w, https:\/\/www.koronakarkonoszy.pl\/blog-dla-firm\/wp-content\/uploads\/2023\/10\/event_biznesowy-1920x1280.jpg 1920w, https:\/\/www.koronakarkonoszy.pl\/blog-dla-firm\/wp-content\/uploads\/2023\/10\/event_biznesowy-1536x1024.jpg 1536w, https:\/\/www.koronakarkonoszy.pl\/blog-dla-firm\/wp-content\/uploads\/2023\/10\/event_biznesowy-2048x1365.jpg 2048w, https:\/\/www.koronakarkonoszy.pl\/blog-dla-firm\/wp-content\/uploads\/2023\/10\/event_biznesowy-18x12.jpg 18w\" sizes=\"auto, (max-width: 1024px) 100vw, 1024px\" \/><figcaption class=\"wp-element-caption\"><strong>Event biznesowy, <a href=\"https:\/\/www.koronakarkonoszy.pl\/imprezy-firmowe\/\" target=\"_blank\" rel=\"noreferrer noopener\">Dw\u00f3r Korona Karkonoszy<\/a>, <a href=\"https:\/\/www.koronakarkonoszy.pl\/blog-atrakcje\/sosnowka\/\" class=\"links-placer\">Sosn\u00f3wka<\/a> k. Karpacza <\/strong><\/figcaption><\/figure>\n\n\n\n<h3 class=\"wp-block-heading\" id=\"ha-przestrzenie-coworkingowe-i-biznesowe\">Przestrzenie coworkingowe i biznesowe<\/h3>\n\n\n\n<p>W du\u017cych miastach mo\u017cna znale\u017a\u0107 wiele przestrzeni coworkingowych i biurowych, kt\u00f3re oferuj\u0105 <strong>sale konferencyjne<\/strong> do wynaj\u0119cia. To dobre rozwi\u0105zanie, je\u015bli konferencja ma charakter biznesowy.<\/p>\n\n\n\n<h3 class=\"wp-block-heading\" id=\"ha-muzea-galerie-sztuki-i-inne-miejsca-kultury\">Muzea, galerie sztuki i inne miejsca kultury<\/h3>\n\n\n\n<p>Miejsca kultury mog\u0105 by\u0107 interesuj\u0105c\u0105 opcj\u0105 dla konferencji, szczeg\u00f3lnie je\u015bli zwi\u0105zane s\u0105 z tematem wydarzenia. Takie miejsca oferuj\u0105 unikalne otoczenie. Mo\u017cna w nich zorganizowa\u0107 mi\u0119dzynarodowy event, by przy okazji pochwali\u0107 si\u0119 naszym dziedzictwem kulturowym.&nbsp;<\/p>\n\n\n<section id=\"leonardo-block_f4889896e1e370a15c0a0f8c268d171e\" class=\"leonardo page-breaker leonardo-image-left\">\n    <div class=\"leonardo-body\">\n                <div class=\"leonardo-content\"><p><!-- wp:heading {\"level\":3} --><\/p>\n<h3 class=\"wp-block-heading\" id=\"ha-miejsca-na-swiezym-powietrzu\">Miejsca na \u015bwie\u017cym powietrzu<\/h3>\n<p><!-- \/wp:heading --> <!-- wp:paragraph --><\/p>\n<p>Je\u015bli konferencja ma charakter bardziej nieformalny lub jest zwi\u0105zana z aktywno\u015bciami w plenerze, mo\u017cna rozwa\u017cy\u0107 parki, ogrody botaniczne lub g\u00f3rskie o\u015brodki wczasowe. Na przyk\u0142ad w <a href=\"https:\/\/www.koronakarkonoszy.pl\/blog-dla-firm\/sosnowka-w-samym-sercu-karkonoszy\/\" target=\"_blank\" rel=\"noopener\">Sosn\u00f3wce<\/a>, na tle g\u00f3rskich szczyt\u00f3w, w <strong>Dworze Korona Karkonoszy<\/strong>.<\/p>\n<p><!-- \/wp:paragraph --> <!-- wp:heading {\"level\":3} --><\/p>\n<h3 class=\"wp-block-heading\" id=\"ha-restauracje-i-sale-bankietowe\">Restauracje i sale bankietowe<\/h3>\n<p><!-- \/wp:heading --> <!-- wp:paragraph --><\/p>\n<p>Restauracje i sale bankietowe mog\u0105 by\u0107 odpowiednie do organizacji niewielkich konferencji lub spotka\u0144 bran\u017cowych.<\/p>\n<p><!-- \/wp:paragraph --> <!-- wp:heading {\"level\":3} --><\/p>\n<h3 class=\"wp-block-heading\" id=\"ha-puby-i-kluby\">Puby i kluby<\/h3>\n<p><!-- \/wp:heading --> <!-- wp:paragraph --><\/p>\n<p>Je\u015bli konferencja ma charakter bardziej nieformalny lub jest zwi\u0105zana z bran\u017c\u0105 kreatywn\u0105, puby lub kluby nocne mog\u0105 by\u0107 dobrym, cho\u0107 nietypowym miejscem do <a href=\"https:\/\/www.koronakarkonoszy.pl\/blog-dla-firm\/organizacja-imprez-firmowych-co-warto-wiedziec\/\" target=\"_blank\" rel=\"noopener\">organizacji eventu<\/a>. Udane spotkanie biznesowe wcale nie musi przebiega\u0107 w sztywnej atmosferze!<\/p>\n<p><!-- \/wp:paragraph --><\/p>\n<\/div>\n                    <aside class=\"leonardo-interlink\">\n                <b>Polecamy<\/b>\n                <a href=\"https:\/\/www.koronakarkonoszy.pl\/blog-dla-firm\/en\/wyjazd-firmowy-w-gory\/\">Wyjazd firmowy w g\u00f3ry: dlaczego warto?<\/a>\n            <\/aside>\n            <\/div>\n    <div class=\"leonardo-image\">\n        <img loading=\"lazy\" decoding=\"async\" width=\"1800\" height=\"989\" src=\"https:\/\/www.koronakarkonoszy.pl\/blog-dla-firm\/wp-content\/uploads\/2022\/11\/DSC06575aa.jpg\" class=\"attachment-full size-full\" alt=\"Centrum Eventowe Dworu Korona Karkonoszy w Sosn\u00f3wce ko\u0142o Karpacza\" srcset=\"https:\/\/www.koronakarkonoszy.pl\/blog-dla-firm\/wp-content\/uploads\/2022\/11\/DSC06575aa.jpg 1800w, https:\/\/www.koronakarkonoszy.pl\/blog-dla-firm\/wp-content\/uploads\/2022\/11\/DSC06575aa-300x165.jpg 300w, https:\/\/www.koronakarkonoszy.pl\/blog-dla-firm\/wp-content\/uploads\/2022\/11\/DSC06575aa-1024x563.jpg 1024w, https:\/\/www.koronakarkonoszy.pl\/blog-dla-firm\/wp-content\/uploads\/2022\/11\/DSC06575aa-768x422.jpg 768w, https:\/\/www.koronakarkonoszy.pl\/blog-dla-firm\/wp-content\/uploads\/2022\/11\/DSC06575aa-1536x844.jpg 1536w\" sizes=\"auto, (max-width: 1800px) 100vw, 1800px\" \/>            <\/div>\n<\/section>\n\n\n<p>Przy wyborze miejsca na konferencj\u0119 warto r\u00f3wnie\u017c uwzgl\u0119dni\u0107 koszt organizacji wydarzenia \u2013 dost\u0119pno\u015b\u0107 lokalu, koszt wynaj\u0119cia sali konferencyjnej, udogodnienia techniczne, ewentualn\u0105 pomoc w organizacji konferencji, zakwaterowanie i wy\u017cywienie. Ostateczny wyb\u00f3r zale\u017cy od specyficznych potrzeb i cel\u00f3w twojego wydarzenia.<\/p>\n\n\n\n<h2 class=\"wp-block-heading\" id=\"h-organizacja-konferencji-dla-firm-jak-wybrac-idealne-miejsce\">Organizacja konferencji dla firm &#8211; jak wybra\u0107 idealne miejsce?<\/h2>\n\n\n\n<p>Ustalili\u015bmy podstawowe kwestie, wybrali\u015bmy dat\u0119 i przygotowali\u015bmy wst\u0119pny harmonogram \u2013 zatem czas znale\u017a\u0107 odpowiednie miejsce. <a href=\"https:\/\/www.koronakarkonoszy.pl\/blog-dla-firm\/obiekty-konferencyjne-w-gorach-idealne-miejsca-na-spotkania-firmowe\/\" target=\"_blank\" rel=\"noreferrer noopener\">Obiekt<\/a> musi idealnie wpisywa\u0107 si\u0119 w charakter wydarzenia. Powinien by\u0107 dostosowany do liczby zaproszonych go\u015bci w taki spos\u00f3b, aby zapewni\u0107 im pe\u0142en komfort i swobod\u0119 przez ca\u0142y czas. Wa\u017cne jest r\u00f3wnie\u017c wyposa\u017cenie lokalu. W \u015brodku powinny znale\u017a\u0107 si\u0119 wszelkie sprz\u0119ty niezb\u0119dne do przedstawienia prezentacji, nag\u0142o\u015bnienie, odpowiednie o\u015bwietlenie, porz\u0105dne i wygodne meble oraz klimatyzacja. Kilka dni przed rozpocz\u0119ciem konferencji warto dok\u0142adnie sprawdzi\u0107 stan techniczny wszystkich urz\u0105dze\u0144. Pozwoli to unikn\u0105\u0107 przykrych niespodzianek podczas konferencji.<\/p>\n\n\n\n<figure class=\"wp-block-image size-large is-resized\"><a href=\"https:\/\/www.koronakarkonoszy.pl\/konfigurator-imprez\/\" target=\"_blank\" rel=\"noreferrer noopener\"><img loading=\"lazy\" decoding=\"async\" width=\"1024\" height=\"510\" src=\"https:\/\/www.koronakarkonoszy.pl\/blog-dla-firm\/wp-content\/uploads\/2023\/11\/DKK-konfigurator_01-1024x510.jpg\" alt=\"Konfigurator imprez firmowych agencji eventowej Dw\u00f3r Korona Karkonoszy\" class=\"wp-image-7804\" style=\"width:855px;height:auto\" title=\"Konfigurator imprez firmowych agencji eventowej \" srcset=\"https:\/\/www.koronakarkonoszy.pl\/blog-dla-firm\/wp-content\/uploads\/2023\/11\/DKK-konfigurator_01-1024x510.jpg 1024w, https:\/\/www.koronakarkonoszy.pl\/blog-dla-firm\/wp-content\/uploads\/2023\/11\/DKK-konfigurator_01-300x150.jpg 300w, https:\/\/www.koronakarkonoszy.pl\/blog-dla-firm\/wp-content\/uploads\/2023\/11\/DKK-konfigurator_01-768x383.jpg 768w, https:\/\/www.koronakarkonoszy.pl\/blog-dla-firm\/wp-content\/uploads\/2023\/11\/DKK-konfigurator_01-1920x957.jpg 1920w, https:\/\/www.koronakarkonoszy.pl\/blog-dla-firm\/wp-content\/uploads\/2023\/11\/DKK-konfigurator_01-1536x766.jpg 1536w, https:\/\/www.koronakarkonoszy.pl\/blog-dla-firm\/wp-content\/uploads\/2023\/11\/DKK-konfigurator_01-18x9.jpg 18w, https:\/\/www.koronakarkonoszy.pl\/blog-dla-firm\/wp-content\/uploads\/2023\/11\/DKK-konfigurator_01.jpg 2040w\" sizes=\"auto, (max-width: 1024px) 100vw, 1024px\" \/><\/a><\/figure>\n\n\n\n<style>\n    .cta_block{\n        margin: 1.5em 0;\n    }\n    .cta_block_content {\n        position: relative;\n        color: white;\n        padding: 1em;\n    }\n    .cta_block_content h3{\n        text-align: center;\n        font: normal normal normal 36px\/50px Yeseva One;\n    }\n    .cta_block_content .cta_block_desc{\n        text-align: center;\n        font-size: 1.1em;\n        position: relative;\n    }\n    .cta_block_content .cta_block_desc:before {\n        content: '';\n        width: 80px;\n        height: 4px;\n        background: #EEB315;\n        position: absolute;\n        left: 0;\n        right: 0;\n        margin-left: auto;\n        margin-right: auto;\n        top: -22px;\n    }\n\n    .cta_block_content picture{\n        position: absolute;\n        top: 0;\n        right: 0;\n        z-index: -1;\n        height: 100%;\n        overflow: hidden;\n        width: 100%;\n    }\n    .cta_block_content picture img{\n        object-fit: cover;\n        height: 100%;\n        width: 100%;\n    }\n    .cta_block .cta_block_content .ninja-forms-field{\n        background: #FFFFFF2F;\n        border: 1px solid #EEB315;\n        border-radius: 25px;\n        opacity: 1;\n        color: #ffffff;\n    }\n    .cta_block .cta_block_content .nf-form-content input[type=submit]{\n        background-color: #EEB315;\n        color: #292929;\n        text-align: center;\n        font: normal normal bold 14px\/20px Work Sans;\n        padding: 0 2em;\n    }\n\n    .cta_block ::placeholder{\n        color: white!important;\n        opacity: 1;\n    }\n\n    .cta_block_content::after {\n        height: 100%;\n        width: 100%;\n        content: \"\";\n        z-index: -1;\n        position: absolute;\n        top: 0;\n        background: #00000070;\n        right: 0;\n        left: 0;\n        bottom: 0;\n    }\n    #ha-cta-block, .cta_block_desc, .cta_block .nf-field-label, .cta_block .nf-error-msg {\n        filter: drop-shadow(1px 1px 8px black);\n    }\n\n\/*    .cta_block nf-rows-wrap {\n        display: flex;\n        justify-content: space-around;\n        flex-direction: row;\n    }*\/\n\n    .cta_block .nf-field-label {\n        display:none;\n    }\n\n    .cta_block .nf-error.field-wrap .nf-field-element::after {\n        border-radius: 50px;\n    }\n\n    .cta_block .nf-error-msg {\n        color: #fff;\n    }\n\n    .cta_block .nf-form-cont {\n        margin-top: 3em;\n        margin-bottom: 1em;\n    }\n\n    .wp-admin .cta_block_content{\n        display: none;\n    }\n    .cta_block .nf-form-fields-required {\n        display: none;\n    }\n    body:not(.wp-admin) .cta_block_admin {\n        display: none;\n    }\n<\/style>\n<div id=\"cta_block-block_669db5c187366656b2853c2d1a85b2e2\" class=\"cta_block\">\n    <div class=\"cta_block_admin\" style=\"background-color: blue; color: white\">\n        Blok CTA\n    <\/div>\n    <div class=\"cta_block\">\n        <div class=\"cta_block_content\">   \n        <h3 id=\"ha-hotel-w-gorach-z-zapleczem-konferencyjnym\">Hotel w g\u00f3rach z zapleczem konferencyjnym?<\/h3>\n                    <div class=\"cta_block_desc\">Sprawd\u017a dost\u0119pne terminy i zarezerwuj termin ju\u017c dzi\u015b!<\/div>\n                <noscript class=\"ninja-forms-noscript-message\">\n\tNotice: JavaScript is required for this content.<\/noscript>\n<div id=\"nf-form-3-cont\" class=\"nf-form-cont\" aria-live=\"polite\" aria-labelledby=\"nf-form-title-3\" aria-describedby=\"nf-form-errors-3\" role=\"form\">\n\n    <div class=\"nf-loading-spinner\"><\/div>\n\n<\/div>\n        <!-- That data is being printed as a workaround to page builders reordering the order of the scripts loaded-->\n        <script>var formDisplay=1;var nfForms=nfForms||[];var form=[];form.id='3';form.settings={\"objectType\":\"Form Setting\",\"editActive\":true,\"title\":\"Block CTA\",\"created_at\":\"2022-11-09 19:27:14\",\"default_label_pos\":\"above\",\"show_title\":0,\"clear_complete\":\"1\",\"hide_complete\":\"1\",\"logged_in\":\"\",\"wrapper_class\":\"\",\"element_class\":\"\",\"key\":\"\",\"add_submit\":\"0\",\"currency\":\"\",\"repeatable_fieldsets\":\"\",\"unique_field_error\":\"Formularz z t\\u0105 warto\\u015bci\\u0105 zosta\\u0142 ju\\u017c przes\\u0142any.\",\"not_logged_in_msg\":\"\",\"sub_limit_msg\":\"Formularz osi\\u0105gn\\u0105\\u0142 limit wys\\u0142a\\u0144.\",\"calculations\":[],\"container_styles_show_advanced_css\":\"0\",\"title_styles_show_advanced_css\":\"0\",\"row_styles_show_advanced_css\":\"0\",\"row-odd_styles_show_advanced_css\":\"0\",\"success-msg_styles_show_advanced_css\":\"0\",\"error_msg_styles_show_advanced_css\":\"0\",\"formContentData\":[{\"order\":1,\"cells\":[{\"order\":0,\"fields\":[\"phone_1640098275087\"],\"width\":35},{\"order\":1,\"fields\":[\"adres_e-mail_1668018487177\"],\"width\":35},{\"order\":2,\"fields\":[\"zapisz_mnie_1668018472281\"],\"width\":30}]}],\"conditions\":[],\"drawerDisabled\":false,\"allow_public_link\":0,\"embed_form\":\"\",\"changeEmailErrorMsg\":\"Please enter a valid email address!\",\"changeDateErrorMsg\":\"Please enter a valid date!\",\"confirmFieldErrorMsg\":\"These fields must match!\",\"fieldNumberNumMinError\":\"Number Min Error\",\"fieldNumberNumMaxError\":\"Number Max Error\",\"fieldNumberIncrementBy\":\"Please increment by \",\"formErrorsCorrectErrors\":\"Please correct errors before submitting this form.\",\"validateRequiredField\":\"This is a required field.\",\"honeypotHoneypotError\":\"Honeypot Error\",\"fieldsMarkedRequired\":\"Fields marked with an <span class=\\\"ninja-forms-req-symbol\\\">*<\\\/span> are required\",\"form_title_heading_level\":\"3\",\"ninjaForms\":\"Ninja Forms\",\"fieldTextareaRTEInsertLink\":\"Insert Link\",\"fieldTextareaRTEInsertMedia\":\"Insert Media\",\"fieldTextareaRTESelectAFile\":\"Select a file\",\"formHoneypot\":\"If you are a human seeing this field, please leave it empty.\",\"fileUploadOldCodeFileUploadInProgress\":\"File Upload in Progress.\",\"fileUploadOldCodeFileUpload\":\"FILE UPLOAD\",\"currencySymbol\":\"&#36;\",\"thousands_sep\":\",\",\"decimal_point\":\".\",\"siteLocale\":\"en_GB\",\"dateFormat\":\"m\\\/d\\\/Y\",\"startOfWeek\":\"1\",\"of\":\"of\",\"previousMonth\":\"Previous Month\",\"nextMonth\":\"Next Month\",\"months\":[\"January\",\"February\",\"March\",\"April\",\"May\",\"June\",\"July\",\"August\",\"September\",\"October\",\"November\",\"December\"],\"monthsShort\":[\"Jan\",\"Feb\",\"Mar\",\"Apr\",\"May\",\"Jun\",\"Jul\",\"Aug\",\"Sep\",\"Oct\",\"Nov\",\"Dec\"],\"weekdays\":[\"Sunday\",\"Monday\",\"Tuesday\",\"Wednesday\",\"Thursday\",\"Friday\",\"Saturday\"],\"weekdaysShort\":[\"Sun\",\"Mon\",\"Tue\",\"Wed\",\"Thu\",\"Fri\",\"Sat\"],\"weekdaysMin\":[\"Su\",\"Mo\",\"Tu\",\"We\",\"Th\",\"Fr\",\"Sa\"],\"recaptchaConsentMissing\":\"reCaptcha validation couldn&#039;t load.\",\"recaptchaMissingCookie\":\"reCaptcha v3 validation couldn&#039;t load the cookie needed to submit the form.\",\"recaptchaConsentEvent\":\"Accept reCaptcha cookies before sending the form.\",\"currency_symbol\":\"\",\"beforeForm\":\"\",\"beforeFields\":\"\",\"afterFields\":\"\",\"afterForm\":\"\"};form.fields=[{\"objectType\":\"Field\",\"objectDomain\":\"fields\",\"editActive\":false,\"order\":1,\"idAttribute\":\"id\",\"type\":\"phone\",\"label\":\"Numer telefonu\",\"key\":\"phone_1640098275087\",\"label_pos\":\"above\",\"required\":\"\",\"default\":\"\",\"placeholder\":\"Numer telefonu\",\"container_class\":\"\",\"element_class\":\"\",\"input_limit\":\"\",\"input_limit_type\":\"characters\",\"input_limit_msg\":\"Liczba pozosta\\u0142ych znak\\u00f3w:\",\"manual_key\":\"\",\"admin_label\":\"\",\"help_text\":\"\",\"mask\":\"\",\"custom_mask\":\"\",\"custom_name_attribute\":\"phone\",\"personally_identifiable\":1,\"wrap_styles_border\":\"\",\"wrap_styles_width\":\"\",\"wrap_styles_margin\":\"\",\"wrap_styles_padding\":\"\",\"wrap_styles_float\":\"\",\"wrap_styles_show_advanced_css\":0,\"label_styles_border\":\"\",\"label_styles_width\":\"\",\"label_styles_font-size\":\"\",\"label_styles_margin\":\"\",\"label_styles_padding\":\"\",\"label_styles_float\":\"\",\"label_styles_show_advanced_css\":0,\"element_styles_border\":\"\",\"element_styles_width\":\"\",\"element_styles_font-size\":\"\",\"element_styles_margin\":\"\",\"element_styles_padding\":\"\",\"element_styles_float\":\"\",\"element_styles_show_advanced_css\":0,\"cellcid\":\"c3398\",\"value\":\"\",\"drawerDisabled\":\"\",\"field_label\":\"Numer telefonu\",\"field_key\":\"phone_1640098275087\",\"id\":9,\"beforeField\":\"\",\"afterField\":\"\",\"parentType\":\"textbox\",\"element_templates\":[\"tel\",\"textbox\",\"input\"],\"old_classname\":\"\",\"wrap_template\":\"wrap\"},{\"objectType\":\"Field\",\"objectDomain\":\"fields\",\"editActive\":false,\"order\":2,\"idAttribute\":\"id\",\"type\":\"email\",\"label\":\"Adres e-mail\",\"key\":\"adres_e-mail_1668018487177\",\"label_pos\":\"above\",\"required\":\"\",\"default\":\"\",\"placeholder\":\"Adres e-mail\",\"container_class\":\"\",\"element_class\":\"\",\"admin_label\":\"\",\"help_text\":\"\",\"custom_name_attribute\":\"email\",\"personally_identifiable\":1,\"wrap_styles_border\":\"\",\"wrap_styles_width\":\"\",\"wrap_styles_margin\":\"\",\"wrap_styles_padding\":\"\",\"wrap_styles_float\":\"\",\"wrap_styles_show_advanced_css\":0,\"label_styles_border\":\"\",\"label_styles_width\":\"\",\"label_styles_font-size\":\"\",\"label_styles_margin\":\"\",\"label_styles_padding\":\"\",\"label_styles_float\":\"\",\"label_styles_show_advanced_css\":0,\"element_styles_border\":\"\",\"element_styles_width\":\"\",\"element_styles_font-size\":\"\",\"element_styles_margin\":\"\",\"element_styles_padding\":\"\",\"element_styles_float\":\"\",\"element_styles_show_advanced_css\":0,\"cellcid\":\"c3401\",\"value\":\"\",\"drawerDisabled\":false,\"field_label\":\"E-mail\",\"field_key\":\"email_1640098276066\",\"id\":10,\"beforeField\":\"\",\"afterField\":\"\",\"parentType\":\"email\",\"element_templates\":[\"email\",\"input\"],\"old_classname\":\"\",\"wrap_template\":\"wrap\"},{\"objectType\":\"Field\",\"objectDomain\":\"fields\",\"editActive\":false,\"order\":3,\"idAttribute\":\"id\",\"type\":\"submit\",\"label\":\"Zapisz mnie\",\"processing_label\":\"W trakcie realizacji\",\"container_class\":\"\",\"element_class\":\"\",\"key\":\"zapisz_mnie_1668018472281\",\"wrap_styles_border\":\"\",\"wrap_styles_width\":\"\",\"wrap_styles_margin\":\"\",\"wrap_styles_padding\":\"\",\"wrap_styles_float\":\"\",\"wrap_styles_show_advanced_css\":0,\"element_styles_border\":\"\",\"element_styles_width\":\"\",\"element_styles_font-size\":\"\",\"element_styles_margin\":\"\",\"element_styles_padding\":\"\",\"element_styles_float\":\"\",\"element_styles_show_advanced_css\":0,\"submit_element_hover_styles_border\":\"\",\"submit_element_hover_styles_width\":\"\",\"submit_element_hover_styles_font-size\":\"\",\"submit_element_hover_styles_margin\":\"\",\"submit_element_hover_styles_padding\":\"\",\"submit_element_hover_styles_float\":\"\",\"submit_element_hover_styles_show_advanced_css\":0,\"cellcid\":\"c3403\",\"drawerDisabled\":false,\"field_label\":\"Zamawiam rozmow\\u0119\",\"field_key\":\"zamawiam_rozmowe_1640098314862\",\"id\":8,\"beforeField\":\"\",\"afterField\":\"\",\"value\":\"\",\"label_pos\":\"above\",\"parentType\":\"textbox\",\"element_templates\":[\"submit\",\"button\",\"input\"],\"old_classname\":\"\",\"wrap_template\":\"wrap-no-label\"}];nfForms.push(form);<\/script>\n                <script id=\"nf-tmpl-cell\" type=\"text\/template\">\n            <nf-fields><\/nf-fields>\n        <\/script>\n\n        <script id=\"nf-tmpl-row\" type=\"text\/template\">\n            <nf-cells><\/nf-cells>\n        <\/script>\n\n                <img loading=\"lazy\" decoding=\"async\" width=\"1280\" height=\"959\" src=\"https:\/\/www.koronakarkonoszy.pl\/blog-dla-firm\/wp-content\/uploads\/2022\/09\/DJI_0077.jpg\" class=\"attachment-full size-full\" alt=\"Miejscowo\u015b\u0107 letniskowa Sosn\u00f3wka k. Karpacza\" srcset=\"https:\/\/www.koronakarkonoszy.pl\/blog-dla-firm\/wp-content\/uploads\/2022\/09\/DJI_0077.jpg 1280w, https:\/\/www.koronakarkonoszy.pl\/blog-dla-firm\/wp-content\/uploads\/2022\/09\/DJI_0077-300x225.jpg 300w, https:\/\/www.koronakarkonoszy.pl\/blog-dla-firm\/wp-content\/uploads\/2022\/09\/DJI_0077-1024x767.jpg 1024w, https:\/\/www.koronakarkonoszy.pl\/blog-dla-firm\/wp-content\/uploads\/2022\/09\/DJI_0077-768x575.jpg 768w\" sizes=\"auto, (max-width: 1280px) 100vw, 1280px\" \/>        <\/div> \n    <\/div>\n<\/div>\n\n\n\n<p>W Polsce funkcjonuje mn\u00f3stwo o\u015brodk\u00f3w, w kt\u00f3rych mo\u017cna zorganizowa\u0107 najr\u00f3\u017cniejsze konferencje na wybran\u0105 liczb\u0119 os\u00f3b. Du\u017c\u0105 popularno\u015bci\u0105 ciesz\u0105 si\u0119 sale konferencyjne w obiektach wypoczynkowych. Jest to doskona\u0142e rozwi\u0105zanie na konferencje og\u00f3lnopolskie lub mi\u0119dzynarodowe, na kt\u00f3re przybywaj\u0105 go\u015bcie z odleg\u0142ych miejsc. Organizatorzy mog\u0105 zapewni\u0107 uczestnikom wydarze\u0144 komfortowy <a href=\"https:\/\/www.koronakarkonoszy.pl\/pokoje\/\" target=\"_blank\" rel=\"noreferrer noopener\">nocleg<\/a> w pokojach znajduj\u0105cych si\u0119 w o\u015brodkach.<\/p>\n\n\n\n<p>Lokal konferencyjny powinien by\u0107 usytuowany w atrakcyjnym miejscu, do kt\u00f3rego \u0142atwo dojecha\u0107. \u015awietnie sprawdzi si\u0119 obiekt po\u0142o\u017cony po\u015br\u00f3d pi\u0119knych okoliczno\u015bci przyrody \u2013 na przyk\u0142ad <a href=\"https:\/\/www.koronakarkonoszy.pl\/blog-dla-firm\/wyjazd-integracyjny-w-gorach-ekscytujace-i-niezapomniane-przezycie\/\" target=\"_blank\" rel=\"noreferrer noopener\">w g\u00f3rach.<\/a> Wyj\u0105tkowo urokliwa natura stwarza znakomite warunki do produktywno\u015bci, skupienia i odpr\u0119\u017cenia.<\/p>\n\n\n<section id=\"leonardo-block_78d805b0dc4997220a932cbb51048b88\" class=\"leonardo page-breaker leonardo-image-right\">\n    <div class=\"leonardo-body\">\n        <h2 class=\"leonardo-title\" id=\"h-konferencje-wroclaw-i-okolice\">Konferencje Wroc\u0142aw i okolice<\/h2>        <div class=\"leonardo-content\"><p><!-- wp:heading --><\/p>\n<p><strong>Organizacja konferencji biznesowej<\/strong> w du\u017cym mie\u015bcie zawsze si\u0119 sprawdza. <a href=\"https:\/\/www.koronakarkonoszy.pl\/blog-dla-firm\/imprezy-firmowe-wroclaw\/\" target=\"_blank\" rel=\"noopener\">Wroc\u0142aw<\/a> i jego okolice oferuj\u0105 wiele miejsc, kt\u00f3re mog\u0105 by\u0107 odpowiednie do organizacji konferencji. Na przyk\u0142ad <a href=\"https:\/\/www.koronakarkonoszy.pl\/blog-dla-firm\/hotel-na-wyjazd-firmowy-jak-znalezc-idealna-lokalizacje\/\" target=\"_blank\" rel=\"noopener\">hotele<\/a> w centrum Wroc\u0142awia, oferuj\u0105ce du\u017ce sale konferencyjne i nowoczesny sprz\u0119t. Sprawdz\u0105 si\u0119 te\u017c specjalne centra konferencyjne z kompleksow\u0105 obs\u0142ug\u0105. Wroc\u0142aw to miasto akademickie, wi\u0119c kampusy uniwersytet\u00f3w mog\u0105 by\u0107 odpowiednie do organizacji konferencji naukowych lub edukacyjnych. W stolicy dolnego \u015al\u0105ska znajdziemy te\u017c wiele restauracji i lokali eventowych, kt\u00f3re mog\u0105 by\u0107 wynaj\u0119te na organizacj\u0119 nieformalnych spotka\u0144 biznesowych i konferencji.<\/p>\n<p><!-- \/wp:paragraph --> <!-- wp:paragraph --><\/p>\n<p>Je\u015bli chcemy, by uczestnicy konferencji zapami\u0119tali nasz\u0105 <a href=\"https:\/\/www.koronakarkonoszy.pl\/blog-dla-firm\/impreza-firmowa\/\" target=\"_blank\" rel=\"noopener\">imprez\u0119<\/a>, wybierzmy jaki\u015b <strong>zamek czy pa\u0142ac w okolicach Wroc\u0142awia<\/strong>. W takim otoczeniu konferencja zrobi wra\u017cenie! Wa\u017cne jest zapewnienie uczestnikom konferencji odpowiednich udogodnie\u0144, wi\u0119c znajd\u017amy <a href=\"https:\/\/www.koronakarkonoszy.pl\/blog-dla-firm\/hotel-na-imprezy-integracyjne-kiedy-i-w-jakich-sytuacjach-sie-sprawdzi\/\" target=\"_blank\" rel=\"noopener\">hotel<\/a>, kt\u00f3ry pomo\u017ce w organizacji spotkania biznesowego.<\/p>\n<p><!-- \/wp:paragraph --> <!-- wp:paragraph --><\/p>\n<p>Przy wyborze miejsca na konferencj\u0119 w okolicach Wroc\u0142awia wa\u017cne jest, aby dostosowa\u0107 je do cel\u00f3w i potrzeb twojego wydarzenia, a tak\u017ce zapewni\u0107 dogodny dost\u0119p dla uczestnik\u00f3w. Nie zapomnij r\u00f3wnie\u017c o udogodnieniach technicznych, zakwaterowaniu i wy\u017cywieniu.<\/p>\n<p><!-- \/wp:paragraph --><\/p>\n<\/div>\n                    <aside class=\"leonardo-interlink\">\n                <b>Polecamy<\/b>\n                <a href=\"https:\/\/www.koronakarkonoszy.pl\/blog-dla-firm\/en\/co-zrobic-zeby-impreza-integracyjna-dla-pracownikow-byla-udana\/\">Co zrobi\u0107, \u017ceby impreza integracyjna dla pracownik\u00f3w by\u0142a udana?<\/a>\n            <\/aside>\n            <\/div>\n    <div class=\"leonardo-image\">\n        <img loading=\"lazy\" decoding=\"async\" width=\"512\" height=\"512\" src=\"https:\/\/www.koronakarkonoszy.pl\/blog-dla-firm\/wp-content\/uploads\/2022\/09\/chojnik4.jpeg\" class=\"attachment-full size-full\" alt=\"Widok na zamek Chojnik w Karkonoszach\" srcset=\"https:\/\/www.koronakarkonoszy.pl\/blog-dla-firm\/wp-content\/uploads\/2022\/09\/chojnik4.jpeg 512w, https:\/\/www.koronakarkonoszy.pl\/blog-dla-firm\/wp-content\/uploads\/2022\/09\/chojnik4-300x300.jpeg 300w, https:\/\/www.koronakarkonoszy.pl\/blog-dla-firm\/wp-content\/uploads\/2022\/09\/chojnik4-150x150.jpeg 150w\" sizes=\"auto, (max-width: 512px) 100vw, 512px\" \/>            <\/div>\n<\/section>\n\n\n<h2 class=\"wp-block-heading\" id=\"h-menu-na-konferencje-dla-firm\">Menu na konferencje dla firm<\/h2>\n\n\n\n<p>Mo\u017cna r\u00f3wnie\u017c zaplanowa\u0107 d\u0142u\u017csz\u0105 przerw\u0119 obiadow\u0105, podczas kt\u00f3rej zostanie podany ciep\u0142y posi\u0142ek dla wszystkich go\u015bci. Nie warto ogranicza\u0107 si\u0119 do jednej potrawy. Lepiej da\u0107 go\u015bciom wyb\u00f3r \u2013 na przyk\u0142ad mi\u0119dzy trzema daniami. Na li\u015bcie koniecznie powinna znale\u017a\u0107 si\u0119 opcja wega\u0144ska. Nie mo\u017cna zapomnie\u0107 r\u00f3wnie\u017c o alergikach czy osobach z nietolerancjami pokarmowymi. Warto zapewni\u0107 im mo\u017cliwo\u015b\u0107 zam\u00f3wienia czego\u015b spersonalizowanego.<\/p>\n\n\n<section id=\"leonardo-block_2deef6259049f2a0afefc574804cc567\" class=\"leonardo page-breaker leonardo-image-left\">\n    <div class=\"leonardo-body\">\n        <h2 class=\"leonardo-title\" id=\"h-organizacja-konferencji-a-catering\">Organizacja konferencji a catering<\/h2>        <div class=\"leonardo-content\"><p>Na konferencji dla firm nie mo\u017ce zabrakn\u0105\u0107 smacznego <a href=\"https:\/\/www.koronakarkonoszy.pl\/catering\/\" target=\"_blank\" rel=\"noopener\">cateringu<\/a>. Go\u015bcie przede wszystkim powinni mie\u0107 dost\u0119p do kawy, herbaty i zimnych napoj\u00f3w. W sali konferencyjnej (lub w pomieszczeniu obok) mo\u017ce znale\u017a\u0107 si\u0119 bufet z zimnymi przek\u0105skami i ciastami, do kt\u00f3rego uczestnicy b\u0119d\u0105 mogli podej\u015b\u0107 w wolnych chwilach pomi\u0119dzy kolejnymi blokami firmowego <a href=\"https:\/\/www.koronakarkonoszy.pl\/blog-dla-firm\/event-biznesowy\/\" target=\"_blank\" rel=\"noopener\">eventu<\/a>.<\/p>\n<\/div>\n                    <aside class=\"leonardo-interlink\">\n                <b>Polecamy<\/b>\n                <a href=\"https:\/\/www.koronakarkonoszy.pl\/blog-dla-firm\/en\/integracja-pracownicza\/\">Integracja pracownicza &#8211; pomys\u0142y, kt\u00f3re zaskocz\u0105 zesp\u00f3\u0142!<\/a>\n            <\/aside>\n            <\/div>\n    <div class=\"leonardo-image\">\n        <img loading=\"lazy\" decoding=\"async\" width=\"1500\" height=\"1000\" src=\"https:\/\/www.koronakarkonoszy.pl\/blog-dla-firm\/wp-content\/uploads\/2021\/05\/Dwor-Korona-Karkonoszy-bufet-rybny-2.jpg\" class=\"attachment-full size-full\" alt=\"Bufet rybny, Dw\u00f3r Korona Karkonoszy, spotkanie firmowe\" srcset=\"https:\/\/www.koronakarkonoszy.pl\/blog-dla-firm\/wp-content\/uploads\/2021\/05\/Dwor-Korona-Karkonoszy-bufet-rybny-2.jpg 1500w, https:\/\/www.koronakarkonoszy.pl\/blog-dla-firm\/wp-content\/uploads\/2021\/05\/Dwor-Korona-Karkonoszy-bufet-rybny-2-300x200.jpg 300w, https:\/\/www.koronakarkonoszy.pl\/blog-dla-firm\/wp-content\/uploads\/2021\/05\/Dwor-Korona-Karkonoszy-bufet-rybny-2-1024x683.jpg 1024w, https:\/\/www.koronakarkonoszy.pl\/blog-dla-firm\/wp-content\/uploads\/2021\/05\/Dwor-Korona-Karkonoszy-bufet-rybny-2-768x512.jpg 768w\" sizes=\"auto, (max-width: 1500px) 100vw, 1500px\" \/>            <\/div>\n<\/section>\n\n\n<p>Kilkudniowa konferencja to wskazanie do organizacji pe\u0142nowymiarowego wy\u017cywienia dla go\u015bci \u2013 sk\u0142adaj\u0105cego si\u0119 ze \u015bniadania, obiadu i kolacji ka\u017cdego dnia. Oczywi\u015bcie nie jest to konieczne. Dost\u0119pno\u015b\u0107 cateringu lub brak wy\u017cywienia nale\u017cy wyra\u017anie zaznaczy\u0107 w zaproszeniu na <a href=\"https:\/\/www.koronakarkonoszy.pl\/blog-dla-firm\/eventy-integracyjne\/\">event<\/a>.<\/p>\n\n\n\n<h2 class=\"wp-block-heading\" id=\"h-konferencja-dla-firm-o-czym-nie-wolno-zapomniec\">Konferencja dla firm &#8211; o czym nie wolno zapomnie\u0107? <\/h2>\n\n\n\n<p>Kilka dni przed konferencj\u0105 warto pomy\u015ble\u0107 o przygotowaniu materia\u0142\u00f3w promocyjnych i toreb prezentowych dla go\u015bci. <strong>Gad\u017cety prezentowe <\/strong>umieszczone w torbach giftowych powinny idealnie wpisywa\u0107 si\u0119 w charakter eventu. Ponadto musz\u0105 by\u0107 sp\u00f3jne z wizj\u0105 organizator\u00f3w wydarzenia. Mog\u0105 by\u0107 to na przyk\u0142ad d\u0142ugopisy z logo, teczki, notesy, zak\u0142adki, bony promocyjne, katalogi, <strong>eleganckie pralinki, zestawy konfitur, kaw czy herbat.<\/strong><\/p>\n\n\n\n<figure class=\"wp-block-image size-large is-resized\"><a href=\"https:\/\/www.koronakarkonoszy.pl\/imprezy-firmowe\/\" target=\"_blank\" rel=\"noreferrer noopener\"><img loading=\"lazy\" decoding=\"async\" width=\"1024\" height=\"683\" src=\"https:\/\/www.koronakarkonoszy.pl\/blog-dla-firm\/wp-content\/uploads\/2023\/11\/upominki_firmowe-1024x683.jpg\" alt=\"\" class=\"wp-image-7628\" style=\"aspect-ratio:1.499267935578331;width:856px;height:auto\" srcset=\"https:\/\/www.koronakarkonoszy.pl\/blog-dla-firm\/wp-content\/uploads\/2023\/11\/upominki_firmowe-1024x683.jpg 1024w, https:\/\/www.koronakarkonoszy.pl\/blog-dla-firm\/wp-content\/uploads\/2023\/11\/upominki_firmowe-300x200.jpg 300w, https:\/\/www.koronakarkonoszy.pl\/blog-dla-firm\/wp-content\/uploads\/2023\/11\/upominki_firmowe-768x512.jpg 768w, https:\/\/www.koronakarkonoszy.pl\/blog-dla-firm\/wp-content\/uploads\/2023\/11\/upominki_firmowe-1920x1280.jpg 1920w, https:\/\/www.koronakarkonoszy.pl\/blog-dla-firm\/wp-content\/uploads\/2023\/11\/upominki_firmowe-1536x1024.jpg 1536w, https:\/\/www.koronakarkonoszy.pl\/blog-dla-firm\/wp-content\/uploads\/2023\/11\/upominki_firmowe-2048x1365.jpg 2048w, https:\/\/www.koronakarkonoszy.pl\/blog-dla-firm\/wp-content\/uploads\/2023\/11\/upominki_firmowe-18x12.jpg 18w\" sizes=\"auto, (max-width: 1024px) 100vw, 1024px\" \/><\/a><figcaption class=\"wp-element-caption\"><strong>Upominki firmowe &#8211; <a href=\"https:\/\/www.koronakarkonoszy.pl\/imprezy-firmowe\/\" target=\"_blank\" rel=\"noreferrer noopener\">Dw\u00f3r Korona Karkonoszy<\/a>, Sosn\u00f3wka<\/strong> <\/figcaption><\/figure>\n\n\n\n<p>Kolejna wa\u017cna kwestia to zaproszenia i marketing. Go\u015bci nale\u017cy powiadomi\u0107 o konferencji odpowiednio wcze\u015bnie. W zaproszeniu powinny znale\u017a\u0107 si\u0119 szczeg\u00f3\u0142owe informacje dotycz\u0105ce eventu \u2013 w tym miejsce i data, cel i charakter konferencji, harmonogram oraz ewentualne informacje dodatkowe. Warto wspomnie\u0107 r\u00f3wnie\u017c o konieczno\u015bci potwierdzenia przybycia.<\/p>\n\n\n\n<p>Je\u015bli chcemy, aby o naszej konferencji by\u0142o g\u0142o\u015bno, koniecznie zadbajmy o odpowiedni\u0105 reklam\u0119. W dobie internetowych mo\u017cliwo\u015bci mo\u017cemy zrobi\u0107 to za po\u015brednictwem medi\u00f3w spo\u0142eczno\u015bciowych. Dobrym rozwi\u0105zaniem jest przygotowanie atrakcyjnych wizualnie, czytelnych grafik, kt\u00f3re umie\u015bcimy na profilach marki w social mediach. Posty warto wypromowa\u0107. Dzi\u0119ki temu wi\u0119cej os\u00f3b dowie si\u0119 o wydarzeniu. Jest to szczeg\u00f3lnie wa\u017cne, je\u015bli zamierzamy streamowa\u0107 event w internecie.<\/p>\n\n\n\n<style>\n    .cta_block{\n        margin: 1.5em 0;\n    }\n    .cta_block_content {\n        position: relative;\n        color: white;\n        padding: 1em;\n    }\n    .cta_block_content h3{\n        text-align: center;\n        font: normal normal normal 36px\/50px Yeseva One;\n    }\n    .cta_block_content .cta_block_desc{\n        text-align: center;\n        font-size: 1.1em;\n        position: relative;\n    }\n    .cta_block_content .cta_block_desc:before {\n        content: '';\n        width: 80px;\n        height: 4px;\n        background: #EEB315;\n        position: absolute;\n        left: 0;\n        right: 0;\n        margin-left: auto;\n        margin-right: auto;\n        top: -22px;\n    }\n\n    .cta_block_content picture{\n        position: absolute;\n        top: 0;\n        right: 0;\n        z-index: -1;\n        height: 100%;\n        overflow: hidden;\n        width: 100%;\n    }\n    .cta_block_content picture img{\n        object-fit: cover;\n        height: 100%;\n        width: 100%;\n    }\n    .cta_block .cta_block_content .ninja-forms-field{\n        background: #FFFFFF2F;\n        border: 1px solid #EEB315;\n        border-radius: 25px;\n        opacity: 1;\n        color: #ffffff;\n    }\n    .cta_block .cta_block_content .nf-form-content input[type=submit]{\n        background-color: #EEB315;\n        color: #292929;\n        text-align: center;\n        font: normal normal bold 14px\/20px Work Sans;\n        padding: 0 2em;\n    }\n\n    .cta_block ::placeholder{\n        color: white!important;\n        opacity: 1;\n    }\n\n    .cta_block_content::after {\n        height: 100%;\n        width: 100%;\n        content: \"\";\n        z-index: -1;\n        position: absolute;\n        top: 0;\n        background: #00000070;\n        right: 0;\n        left: 0;\n        bottom: 0;\n    }\n    #ha-cta-block, .cta_block_desc, .cta_block .nf-field-label, .cta_block .nf-error-msg {\n        filter: drop-shadow(1px 1px 8px black);\n    }\n\n\/*    .cta_block nf-rows-wrap {\n        display: flex;\n        justify-content: space-around;\n        flex-direction: row;\n    }*\/\n\n    .cta_block .nf-field-label {\n        display:none;\n    }\n\n    .cta_block .nf-error.field-wrap .nf-field-element::after {\n        border-radius: 50px;\n    }\n\n    .cta_block .nf-error-msg {\n        color: #fff;\n    }\n\n    .cta_block .nf-form-cont {\n        margin-top: 3em;\n        margin-bottom: 1em;\n    }\n\n    .wp-admin .cta_block_content{\n        display: none;\n    }\n    .cta_block .nf-form-fields-required {\n        display: none;\n    }\n    body:not(.wp-admin) .cta_block_admin {\n        display: none;\n    }\n<\/style>\n<div id=\"cta_block-block_265c4dc838ceaa2e4fda86ffdb071de5\" class=\"cta_block\">\n    <div class=\"cta_block_admin\" style=\"background-color: blue; color: white\">\n        Blok CTA\n    <\/div>\n    <div class=\"cta_block\">\n        <div class=\"cta_block_content\">   \n        <h3 id=\"ha-organizacja-konferencji-i-innych-imprez-firmowych\">Organizacja konferencji i innych imprez firmowych? <\/h3>\n                    <div class=\"cta_block_desc\">Zaufaj naszemu do\u015bwiadczeniu! <\/div>\n                <noscript class=\"ninja-forms-noscript-message\">\n\tNotice: JavaScript is required for this content.<\/noscript>\n<div id=\"nf-form-3_1-cont\" class=\"nf-form-cont\" aria-live=\"polite\" aria-labelledby=\"nf-form-title-3_1\" aria-describedby=\"nf-form-errors-3_1\" role=\"form\">\n\n    <div class=\"nf-loading-spinner\"><\/div>\n\n<\/div>\n        <!-- That data is being printed as a workaround to page builders reordering the order of the scripts loaded-->\n        <script>var formDisplay=1;var nfForms=nfForms||[];var form=[];form.id='3_1';form.settings={\"objectType\":\"Form Setting\",\"editActive\":true,\"title\":\"Block CTA\",\"created_at\":\"2022-11-09 19:27:14\",\"default_label_pos\":\"above\",\"show_title\":0,\"clear_complete\":\"1\",\"hide_complete\":\"1\",\"logged_in\":\"\",\"wrapper_class\":\"\",\"element_class\":\"\",\"key\":\"\",\"add_submit\":\"0\",\"currency\":\"\",\"repeatable_fieldsets\":\"\",\"unique_field_error\":\"Formularz z t\\u0105 warto\\u015bci\\u0105 zosta\\u0142 ju\\u017c przes\\u0142any.\",\"not_logged_in_msg\":\"\",\"sub_limit_msg\":\"Formularz osi\\u0105gn\\u0105\\u0142 limit wys\\u0142a\\u0144.\",\"calculations\":[],\"container_styles_show_advanced_css\":\"0\",\"title_styles_show_advanced_css\":\"0\",\"row_styles_show_advanced_css\":\"0\",\"row-odd_styles_show_advanced_css\":\"0\",\"success-msg_styles_show_advanced_css\":\"0\",\"error_msg_styles_show_advanced_css\":\"0\",\"formContentData\":[{\"order\":1,\"cells\":[{\"order\":0,\"fields\":[\"phone_1640098275087\"],\"width\":35},{\"order\":1,\"fields\":[\"adres_e-mail_1668018487177\"],\"width\":35},{\"order\":2,\"fields\":[\"zapisz_mnie_1668018472281\"],\"width\":30}]}],\"conditions\":[],\"drawerDisabled\":false,\"allow_public_link\":0,\"embed_form\":\"\",\"changeEmailErrorMsg\":\"Please enter a valid email address!\",\"changeDateErrorMsg\":\"Please enter a valid date!\",\"confirmFieldErrorMsg\":\"These fields must match!\",\"fieldNumberNumMinError\":\"Number Min Error\",\"fieldNumberNumMaxError\":\"Number Max Error\",\"fieldNumberIncrementBy\":\"Please increment by \",\"formErrorsCorrectErrors\":\"Please correct errors before submitting this form.\",\"validateRequiredField\":\"This is a required field.\",\"honeypotHoneypotError\":\"Honeypot Error\",\"fieldsMarkedRequired\":\"Fields marked with an &lt;span class=&quot;ninja-forms-req-symbol&quot;&gt;*&lt;\\\/span&gt; are required\",\"form_title_heading_level\":\"3\",\"ninjaForms\":\"Ninja Forms\",\"fieldTextareaRTEInsertLink\":\"Insert Link\",\"fieldTextareaRTEInsertMedia\":\"Insert Media\",\"fieldTextareaRTESelectAFile\":\"Select a file\",\"formHoneypot\":\"If you are a human seeing this field, please leave it empty.\",\"fileUploadOldCodeFileUploadInProgress\":\"File Upload in Progress.\",\"fileUploadOldCodeFileUpload\":\"FILE UPLOAD\",\"currencySymbol\":\"&#36;\",\"thousands_sep\":\",\",\"decimal_point\":\".\",\"siteLocale\":\"en_GB\",\"dateFormat\":\"m\\\/d\\\/Y\",\"startOfWeek\":\"1\",\"of\":\"of\",\"previousMonth\":\"Previous Month\",\"nextMonth\":\"Next Month\",\"months\":[\"January\",\"February\",\"March\",\"April\",\"May\",\"June\",\"July\",\"August\",\"September\",\"October\",\"November\",\"December\"],\"monthsShort\":[\"Jan\",\"Feb\",\"Mar\",\"Apr\",\"May\",\"Jun\",\"Jul\",\"Aug\",\"Sep\",\"Oct\",\"Nov\",\"Dec\"],\"weekdays\":[\"Sunday\",\"Monday\",\"Tuesday\",\"Wednesday\",\"Thursday\",\"Friday\",\"Saturday\"],\"weekdaysShort\":[\"Sun\",\"Mon\",\"Tue\",\"Wed\",\"Thu\",\"Fri\",\"Sat\"],\"weekdaysMin\":[\"Su\",\"Mo\",\"Tu\",\"We\",\"Th\",\"Fr\",\"Sa\"],\"recaptchaConsentMissing\":\"reCaptcha validation couldn&#039;t load.\",\"recaptchaMissingCookie\":\"reCaptcha v3 validation couldn&#039;t load the cookie needed to submit the form.\",\"recaptchaConsentEvent\":\"Accept reCaptcha cookies before sending the form.\",\"currency_symbol\":\"\",\"beforeForm\":\"\",\"beforeFields\":\"\",\"afterFields\":\"\",\"afterForm\":\"\"};form.fields=[{\"objectType\":\"Field\",\"objectDomain\":\"fields\",\"editActive\":false,\"order\":1,\"idAttribute\":\"id\",\"type\":\"phone\",\"label\":\"Numer telefonu\",\"key\":\"phone_1640098275087\",\"label_pos\":\"above\",\"required\":\"\",\"default\":\"\",\"placeholder\":\"Numer telefonu\",\"container_class\":\"\",\"element_class\":\"\",\"input_limit\":\"\",\"input_limit_type\":\"characters\",\"input_limit_msg\":\"Liczba pozosta\\u0142ych znak\\u00f3w:\",\"manual_key\":\"\",\"admin_label\":\"\",\"help_text\":\"\",\"mask\":\"\",\"custom_mask\":\"\",\"custom_name_attribute\":\"phone\",\"personally_identifiable\":1,\"wrap_styles_border\":\"\",\"wrap_styles_width\":\"\",\"wrap_styles_margin\":\"\",\"wrap_styles_padding\":\"\",\"wrap_styles_float\":\"\",\"wrap_styles_show_advanced_css\":0,\"label_styles_border\":\"\",\"label_styles_width\":\"\",\"label_styles_font-size\":\"\",\"label_styles_margin\":\"\",\"label_styles_padding\":\"\",\"label_styles_float\":\"\",\"label_styles_show_advanced_css\":0,\"element_styles_border\":\"\",\"element_styles_width\":\"\",\"element_styles_font-size\":\"\",\"element_styles_margin\":\"\",\"element_styles_padding\":\"\",\"element_styles_float\":\"\",\"element_styles_show_advanced_css\":0,\"cellcid\":\"c3398\",\"value\":\"\",\"drawerDisabled\":\"\",\"field_label\":\"Numer telefonu\",\"field_key\":\"phone_1640098275087\",\"id\":\"9_1\",\"beforeField\":\"\",\"afterField\":\"\",\"parentType\":\"textbox\",\"element_templates\":[\"tel\",\"textbox\",\"input\"],\"old_classname\":\"\",\"wrap_template\":\"wrap\"},{\"objectType\":\"Field\",\"objectDomain\":\"fields\",\"editActive\":false,\"order\":2,\"idAttribute\":\"id\",\"type\":\"email\",\"label\":\"Adres e-mail\",\"key\":\"adres_e-mail_1668018487177\",\"label_pos\":\"above\",\"required\":\"\",\"default\":\"\",\"placeholder\":\"Adres e-mail\",\"container_class\":\"\",\"element_class\":\"\",\"admin_label\":\"\",\"help_text\":\"\",\"custom_name_attribute\":\"email\",\"personally_identifiable\":1,\"wrap_styles_border\":\"\",\"wrap_styles_width\":\"\",\"wrap_styles_margin\":\"\",\"wrap_styles_padding\":\"\",\"wrap_styles_float\":\"\",\"wrap_styles_show_advanced_css\":0,\"label_styles_border\":\"\",\"label_styles_width\":\"\",\"label_styles_font-size\":\"\",\"label_styles_margin\":\"\",\"label_styles_padding\":\"\",\"label_styles_float\":\"\",\"label_styles_show_advanced_css\":0,\"element_styles_border\":\"\",\"element_styles_width\":\"\",\"element_styles_font-size\":\"\",\"element_styles_margin\":\"\",\"element_styles_padding\":\"\",\"element_styles_float\":\"\",\"element_styles_show_advanced_css\":0,\"cellcid\":\"c3401\",\"value\":\"\",\"drawerDisabled\":false,\"field_label\":\"E-mail\",\"field_key\":\"email_1640098276066\",\"id\":\"10_1\",\"beforeField\":\"\",\"afterField\":\"\",\"parentType\":\"email\",\"element_templates\":[\"email\",\"input\"],\"old_classname\":\"\",\"wrap_template\":\"wrap\"},{\"objectType\":\"Field\",\"objectDomain\":\"fields\",\"editActive\":false,\"order\":3,\"idAttribute\":\"id\",\"type\":\"submit\",\"label\":\"Zapisz mnie\",\"processing_label\":\"W trakcie realizacji\",\"container_class\":\"\",\"element_class\":\"\",\"key\":\"zapisz_mnie_1668018472281\",\"wrap_styles_border\":\"\",\"wrap_styles_width\":\"\",\"wrap_styles_margin\":\"\",\"wrap_styles_padding\":\"\",\"wrap_styles_float\":\"\",\"wrap_styles_show_advanced_css\":0,\"element_styles_border\":\"\",\"element_styles_width\":\"\",\"element_styles_font-size\":\"\",\"element_styles_margin\":\"\",\"element_styles_padding\":\"\",\"element_styles_float\":\"\",\"element_styles_show_advanced_css\":0,\"submit_element_hover_styles_border\":\"\",\"submit_element_hover_styles_width\":\"\",\"submit_element_hover_styles_font-size\":\"\",\"submit_element_hover_styles_margin\":\"\",\"submit_element_hover_styles_padding\":\"\",\"submit_element_hover_styles_float\":\"\",\"submit_element_hover_styles_show_advanced_css\":0,\"cellcid\":\"c3403\",\"drawerDisabled\":false,\"field_label\":\"Zamawiam rozmow\\u0119\",\"field_key\":\"zamawiam_rozmowe_1640098314862\",\"id\":\"8_1\",\"beforeField\":\"\",\"afterField\":\"\",\"value\":\"\",\"label_pos\":\"above\",\"parentType\":\"textbox\",\"element_templates\":[\"submit\",\"button\",\"input\"],\"old_classname\":\"\",\"wrap_template\":\"wrap-no-label\"}];nfForms.push(form);<\/script>\n                <script id=\"nf-tmpl-cell\" type=\"text\/template\">\n            <nf-fields><\/nf-fields>\n        <\/script>\n\n        <script id=\"nf-tmpl-row\" type=\"text\/template\">\n            <nf-cells><\/nf-cells>\n        <\/script>\n\n                <img loading=\"lazy\" decoding=\"async\" width=\"1920\" height=\"1279\" src=\"https:\/\/www.koronakarkonoszy.pl\/blog-dla-firm\/wp-content\/uploads\/2022\/09\/karkonosze2.jpg\" class=\"attachment-full size-full\" alt=\"hotel Sosn\u00f3wka po\u0142o\u017cenie\" srcset=\"https:\/\/www.koronakarkonoszy.pl\/blog-dla-firm\/wp-content\/uploads\/2022\/09\/karkonosze2.jpg 1920w, https:\/\/www.koronakarkonoszy.pl\/blog-dla-firm\/wp-content\/uploads\/2022\/09\/karkonosze2-300x200.jpg 300w, https:\/\/www.koronakarkonoszy.pl\/blog-dla-firm\/wp-content\/uploads\/2022\/09\/karkonosze2-1024x682.jpg 1024w, https:\/\/www.koronakarkonoszy.pl\/blog-dla-firm\/wp-content\/uploads\/2022\/09\/karkonosze2-768x512.jpg 768w, https:\/\/www.koronakarkonoszy.pl\/blog-dla-firm\/wp-content\/uploads\/2022\/09\/karkonosze2-1536x1023.jpg 1536w\" sizes=\"auto, (max-width: 1920px) 100vw, 1920px\" \/>        <\/div> \n    <\/div>\n<\/div>\n\n\n\n<p>Dzie\u0144 eventu biznesowego trzeba nieco urozmaici\u0107. Jak? Mo\u017cna przygotowa\u0107 <a href=\"https:\/\/www.koronakarkonoszy.pl\/blog-dla-firm\/ciekawe-i-angazujace-atrakcje-na-imprezy-firmowe\/\" target=\"_blank\" rel=\"noreferrer noopener\">atrakcje<\/a> dla go\u015bci, kt\u00f3re odpr\u0119\u017c\u0105 ich po ca\u0142ym dniu sp\u0119dzonym na sali konferencyjnej. Po wa\u017cnej, podnios\u0142ej konferencji warto zorganizowa\u0107 wystawny <a href=\"https:\/\/www.koronakarkonoszy.pl\/blog-dla-firm\/organizacja-bankietow\/\" target=\"_blank\" rel=\"noreferrer noopener\">bankiet<\/a> z przyjemn\u0105 muzyk\u0105, starannie dobranym, wykwintnym <a href=\"https:\/\/www.koronakarkonoszy.pl\/catering\/\" target=\"_blank\" rel=\"noreferrer noopener\">menu<\/a> i orze\u017awiaj\u0105cymi drinkami. Je\u015bli konferencja ma nieco lu\u017aniejszy charakter, doskonale sprawdzi si\u0119 <a href=\"https:\/\/www.koronakarkonoszy.pl\/blog-dla-firm\/czy-ognisko-integracyjne-dla-pracownikow-to-dobry-pomysl\/\" target=\"_blank\" rel=\"noreferrer noopener\">ognisko<\/a> z pieczonymi kie\u0142baskami i muzyk\u0105 gran\u0105 na gitarze.<\/p>\n\n\n\n<figure class=\"wp-block-image size-large\"><img loading=\"lazy\" decoding=\"async\" width=\"1024\" height=\"682\" src=\"https:\/\/www.koronakarkonoszy.pl\/blog-dla-firm\/wp-content\/uploads\/2023\/10\/ognisko-78-1024x682.jpg\" alt=\"\" class=\"wp-image-7356\" srcset=\"https:\/\/www.koronakarkonoszy.pl\/blog-dla-firm\/wp-content\/uploads\/2023\/10\/ognisko-78-1024x682.jpg 1024w, https:\/\/www.koronakarkonoszy.pl\/blog-dla-firm\/wp-content\/uploads\/2023\/10\/ognisko-78-300x200.jpg 300w, https:\/\/www.koronakarkonoszy.pl\/blog-dla-firm\/wp-content\/uploads\/2023\/10\/ognisko-78-768x512.jpg 768w, https:\/\/www.koronakarkonoszy.pl\/blog-dla-firm\/wp-content\/uploads\/2023\/10\/ognisko-78-1920x1280.jpg 1920w, https:\/\/www.koronakarkonoszy.pl\/blog-dla-firm\/wp-content\/uploads\/2023\/10\/ognisko-78-1536x1024.jpg 1536w, https:\/\/www.koronakarkonoszy.pl\/blog-dla-firm\/wp-content\/uploads\/2023\/10\/ognisko-78-18x12.jpg 18w, https:\/\/www.koronakarkonoszy.pl\/blog-dla-firm\/wp-content\/uploads\/2023\/10\/ognisko-78.jpg 2000w\" sizes=\"auto, (max-width: 1024px) 100vw, 1024px\" \/><figcaption class=\"wp-element-caption\"><strong>Ognisko firmowe, <a href=\"https:\/\/www.koronakarkonoszy.pl\/imprezy-firmowe\/\" target=\"_blank\" rel=\"noreferrer noopener\">Dw\u00f3r Korona Karkonoszy<\/a>, Sosn\u00f3wka k. Karpacza <\/strong><\/figcaption><\/figure>\n\n\n\n<p><a href=\"https:\/\/www.koronakarkonoszy.pl\/blog-dla-firm\/organizacja-imprez-firmowych-krok-po-kroku\/\" target=\"_blank\" rel=\"noreferrer noopener\">Organizacja konferencji dla firm<\/a> to z\u0142o\u017cone, czasoch\u0142onne zadanie. Kluczem do sukcesu jest porz\u0105dny, przemy\u015blany plan. I to w\u0142a\u015bnie od niego powinni\u015bmy zacz\u0105\u0107 prace nad tym wymagaj\u0105cym przedsi\u0119wzi\u0119ciem!<\/p>\n\n\n\n<h2 class=\"wp-block-heading\" id=\"h-jak-zorganizowac-konferencje-w-7-krokach\">Jak zorganizowa\u0107 konferencj\u0119 w 7 krokach?<\/h2>\n\n\n\n<p>Jak wygl\u0105da przygotowanie konferencji krok po kroku? Organizacja konferencji wymaga starannego planowania i zarz\u0105dzania wieloma detalami. Oto 7 krok\u00f3w, kt\u00f3re pomog\u0105 Ci zorganizowa\u0107 udan\u0105 konferencj\u0119. <\/p>\n\n\n<section id=\"leonardo-block_0fab0caaae432738c9a517c1e3fd61cc\" class=\"leonardo page-breaker leonardo-image-right\">\n    <div class=\"leonardo-body\">\n        <h2 class=\"leonardo-title\" id=\"h-organizacja-konferencji-krok-po-kroku\">Organizacja konferencji krok po kroku <\/h2>        <div class=\"leonardo-content\"><p><strong>1. Okre\u015blenie cel\u00f3w konferencji<\/strong>. Odpowiedz sobie na pytanie, czy ma to by\u0107 konferencja edukacyjna, bran\u017cowa, naukowa czy inna? Okre\u015bl grup\u0119 docelow\u0105 i zakres tematyczny konferencji.<\/p>\n<p><strong>2. Wyb\u00f3r daty, lokalizacji i bud\u017cetu<\/strong>. Wybierz dat\u0119, kt\u00f3ra nie koliduje z innymi wa\u017cnymi wydarzeniami w bran\u017cy. Wybierz odpowiednie <a href=\"https:\/\/www.koronakarkonoszy.pl\/blog-dla-firm\/malownicze-karkonosze-czyli-doskonale-miejsce-na-wyjazd-integracyjny\/\" target=\"_blank\" rel=\"noopener\">miejsce<\/a>, uwzgl\u0119dniaj\u0105c liczb\u0119 uczestnik\u00f3w, udogodnienia i dost\u0119pno\u015b\u0107. Okre\u015bl bud\u017cet konferencji, uwzgl\u0119dniaj\u0105c koszty wynajmu <a href=\"https:\/\/www.koronakarkonoszy.pl\/blog-dla-firm\/miejsce-na-event\/\" target=\"_blank\" rel=\"noopener\">miejsca<\/a>, wy\u017cywienia, materia\u0142\u00f3w promocyjnych i innych koszt\u00f3w.<\/p>\n<p><strong>3. Rejestracja i promocja<\/strong>. Opracuj stron\u0119 internetow\u0105 konferencji, na kt\u00f3rej uczestnicy b\u0119d\u0105 mogli si\u0119 zarejestrowa\u0107. Rozpocznij kampani\u0119 promocyjn\u0105, wykorzystuj\u0105c media spo\u0142eczno\u015bciowe, e-maile, strony internetowe bran\u017cowe itp. Skalkuluj ew. op\u0142aty rejestracyjne.<\/p>\n<p><strong>4. Program konferencji<\/strong>. Opracuj harmonogram wydarze\u0144 i zaplanuj sesje, prelegent\u00f3w i tematy. Zapro\u015b renomowanych m\u00f3wc\u00f3w. Zaplanuj sesje panelowe, <a href=\"https:\/\/www.koronakarkonoszy.pl\/blog-dla-firm\/warsztaty-integracyjne\/\" target=\"_blank\" rel=\"noopener\">warsztaty<\/a> i dodatkowe <a href=\"https:\/\/www.koronakarkonoszy.pl\/blog-dla-firm\/atrakcje-eventowe\/\" target=\"_blank\" rel=\"noopener\">atrakcje eventowe.<\/a><\/p>\n<p><strong>5. Przygotowanie materia\u0142\u00f3w i logistyka<\/strong>. Dostarcz niezb\u0119dne materia\u0142y konferencyjne, takie jak identyfikatory, programy, notatki i gad\u017cety. Zorganizuj obs\u0142ug\u0119 techniczn\u0105 i sprz\u0119t audiowizualny.<\/p>\n<p><strong>6. Zarz\u0105dzanie dniem konferencji. <\/strong>Zapewnij p\u0142ynno\u015b\u0107 rejestracji uczestnik\u00f3w i obs\u0142ugi go\u015bci. Upewnij si\u0119, \u017ce wszystkie sesje i prezentacje rozpoczynaj\u0105 si\u0119 i ko\u0144cz\u0105 punktualnie. Monitoruj feedback od uczestnik\u00f3w i reaguj na bie\u017c\u0105ce potrzeby.<\/p>\n<p><strong>7. Podsumowanie konferencji<\/strong>. Podsumuj event i przeprowad\u017a ocen\u0119, aby dowiedzie\u0107 si\u0119, co mo\u017cna poprawi\u0107 w przysz\u0142o\u015bci. Podzi\u0119kuj m\u00f3wcom, sponsorom i uczestnikom. Opublikuj materia\u0142y konferencyjne, relacje i zdj\u0119cia na stronie internetowej.<\/p>\n<\/div>\n                    <aside class=\"leonardo-interlink\">\n                <b>Polecamy<\/b>\n                <a href=\"https:\/\/www.koronakarkonoszy.pl\/blog-dla-firm\/en\/jubileusz-firmy\/\">Jak zorganizowa\u0107 niezapomniany jubileusz firmy?<\/a>\n            <\/aside>\n            <\/div>\n    <div class=\"leonardo-image\">\n        <img loading=\"lazy\" decoding=\"async\" width=\"1180\" height=\"787\" src=\"https:\/\/www.koronakarkonoszy.pl\/blog-dla-firm\/wp-content\/uploads\/2021\/05\/IMG_5228.jpg\" class=\"attachment-full size-full\" alt=\"Sala szkoleniowa Refektarz w Dworze Korona Karkonoszy\" srcset=\"https:\/\/www.koronakarkonoszy.pl\/blog-dla-firm\/wp-content\/uploads\/2021\/05\/IMG_5228.jpg 1180w, https:\/\/www.koronakarkonoszy.pl\/blog-dla-firm\/wp-content\/uploads\/2021\/05\/IMG_5228-300x200.jpg 300w, https:\/\/www.koronakarkonoszy.pl\/blog-dla-firm\/wp-content\/uploads\/2021\/05\/IMG_5228-1024x683.jpg 1024w, https:\/\/www.koronakarkonoszy.pl\/blog-dla-firm\/wp-content\/uploads\/2021\/05\/IMG_5228-768x512.jpg 768w\" sizes=\"auto, (max-width: 1180px) 100vw, 1180px\" \/>            <\/div>\n<\/section>\n\n\n<ol class=\"wp-block-list\" style=\"list-style-type:1\">\n<li><\/li>\n<\/ol>\n\n\n\n<p>Zorganizowanie udanej konferencji to skomplikowany proces, ale z odpowiednim wsparciem przy organizacji konferencji \u2013 na przyk\u0142ad do\u015bwiadczonej <a href=\"https:\/\/www.koronakarkonoszy.pl\/blog-dla-firm\/firma-eventowa\/\" target=\"_blank\" rel=\"noreferrer noopener\">firmy eventowej<\/a> Dw\u00f3r Korona Karkonoszy &#8211; mo\u017cesz stworzy\u0107 warto\u015bciowe wydarzenie, kt\u00f3re zyska pozytywne opinie. Nie zapomnij o elastyczno\u015bci i szybkim reagowaniu na ewentualne problemy.<\/p>\n\n\n\n<figure class=\"wp-block-image size-large\"><a href=\"https:\/\/www.koronakarkonoszy.pl\/imprezy-firmowe\/\" target=\"_blank\" rel=\"noreferrer noopener\"><img loading=\"lazy\" decoding=\"async\" width=\"1024\" height=\"512\" src=\"https:\/\/www.koronakarkonoszy.pl\/blog-dla-firm\/wp-content\/uploads\/2022\/10\/team_building_DKK-1024x512.jpg\" alt=\"\" class=\"wp-image-3867\" srcset=\"https:\/\/www.koronakarkonoszy.pl\/blog-dla-firm\/wp-content\/uploads\/2022\/10\/team_building_DKK-1024x512.jpg 1024w, https:\/\/www.koronakarkonoszy.pl\/blog-dla-firm\/wp-content\/uploads\/2022\/10\/team_building_DKK-300x150.jpg 300w, https:\/\/www.koronakarkonoszy.pl\/blog-dla-firm\/wp-content\/uploads\/2022\/10\/team_building_DKK-768x384.jpg 768w, https:\/\/www.koronakarkonoszy.pl\/blog-dla-firm\/wp-content\/uploads\/2022\/10\/team_building_DKK.jpg 1200w\" sizes=\"auto, (max-width: 1024px) 100vw, 1024px\" \/><\/a><\/figure>\n\n\n\n<p>Jak zorganizowa\u0107 imprez\u0119 &#8211; zobacz <a href=\"https:\/\/www.koronakarkonoszy.pl\/blog-dla-firm\/konfigurator-imprez-firmowych\/\">konfigurator imprez<\/a><\/p>\n","protected":false},"excerpt":{"rendered":"<p>Bez znaczenia, czy organizujemy wielk\u0105 konferencj\u0119 mi\u0119dzynarodow\u0105, czy kameralne spotkanie biznesowe \u2013 przygotowanie takiego wydarzenia to nie lada wyzwanie! Wymaga konsekwencji, umiej\u0119tnego planowania dzia\u0142a\u0144, sporo zaanga\u017cowania i pot\u0119\u017cnej dawki kreatywno\u015bci. Czasem nawet mimo usilnych stara\u0144, nie wszystko wychodzi tak, jak chcieli\u015bmy. Jak zrobi\u0107 to dobrze? Przedstawiamy, jak powinna przebiega\u0107 organizacja konferencji dla firm krok po [&hellip;]<\/p>\n","protected":false},"author":11,"featured_media":7637,"comment_status":"closed","ping_status":"closed","sticky":false,"template":"","format":"standard","meta":{"_acf_changed":false,"footnotes":""},"categories":[16,2],"class_list":["post-818","post","type-post","status-publish","format-standard","has-post-thumbnail","hentry","category-imprezy-firmowe","category-porady"],"acf":[],"yoast_head":"<!-- This site is optimized with the Yoast SEO Premium plugin v27.4 (Yoast SEO v27.4) - https:\/\/yoast.com\/product\/yoast-seo-premium-wordpress\/ -->\n<title>Organizacja konferencji dla firm \u2013 jak zrobi\u0107 to dobrze? - :: Blog dla firm - szkolenia, zarz\u0105dzanie zespo\u0142em, team building<\/title>\n<meta name=\"description\" content=\"Jak powinna przebiega\u0107 organizacja konferencji dla firm krok po kroku? Jak zrobi\u0107 to dobrze? Sprawd\u017a i zastosuj nasze wskaz\u00f3wki!\" \/>\n<meta name=\"robots\" content=\"index, follow, max-snippet:-1, max-image-preview:large, max-video-preview:-1\" \/>\n<link rel=\"canonical\" href=\"https:\/\/www.koronakarkonoszy.pl\/blog-dla-firm\/en\/organization-of-conferences-for-companies-how-to-do-it-right\/\" \/>\n<meta property=\"og:locale\" content=\"en_GB\" \/>\n<meta property=\"og:type\" content=\"article\" \/>\n<meta property=\"og:title\" content=\"Organizacja konferencji dla firm \u2013 jak zrobi\u0107 to dobrze?\" \/>\n<meta property=\"og:description\" content=\"Jak powinna przebiega\u0107 organizacja konferencji dla firm krok po kroku? Jak zrobi\u0107 to dobrze? Sprawd\u017a i zastosuj nasze wskaz\u00f3wki!\" \/>\n<meta property=\"og:url\" content=\"https:\/\/www.koronakarkonoszy.pl\/blog-dla-firm\/en\/organization-of-conferences-for-companies-how-to-do-it-right\/\" \/>\n<meta property=\"og:site_name\" content=\":: Blog dla firm - szkolenia, zarz\u0105dzanie zespo\u0142em, team building\" \/>\n<meta property=\"article:published_time\" content=\"2023-11-02T15:34:01+00:00\" \/>\n<meta property=\"article:modified_time\" content=\"2024-05-30T14:06:52+00:00\" \/>\n<meta property=\"og:image\" content=\"https:\/\/www.koronakarkonoszy.pl\/blog-dla-firm\/wp-content\/uploads\/2023\/11\/konferencje_dla_firm-scaled.jpg\" \/>\n\t<meta property=\"og:image:width\" content=\"2560\" \/>\n\t<meta property=\"og:image:height\" content=\"1707\" \/>\n\t<meta property=\"og:image:type\" content=\"image\/jpeg\" \/>\n<meta name=\"author\" content=\"agnieszka\" \/>\n<meta name=\"twitter:card\" content=\"summary_large_image\" \/>\n<meta name=\"twitter:label1\" content=\"Written by\" \/>\n\t<meta name=\"twitter:data1\" content=\"agnieszka\" \/>\n\t<meta name=\"twitter:label2\" content=\"Estimated reading time\" \/>\n\t<meta name=\"twitter:data2\" content=\"8 minutes\" \/>\n<script type=\"application\/ld+json\" class=\"yoast-schema-graph\">{\"@context\":\"https:\\\/\\\/schema.org\",\"@graph\":[{\"@type\":\"Article\",\"@id\":\"https:\\\/\\\/www.koronakarkonoszy.pl\\\/blog-dla-firm\\\/organizacja-konferencji-dla-firm-jak-zrobic-to-dobrze\\\/#article\",\"isPartOf\":{\"@id\":\"https:\\\/\\\/www.koronakarkonoszy.pl\\\/blog-dla-firm\\\/organizacja-konferencji-dla-firm-jak-zrobic-to-dobrze\\\/\"},\"author\":{\"name\":\"agnieszka\",\"@id\":\"https:\\\/\\\/www.koronakarkonoszy.pl\\\/blog-dla-firm\\\/#\\\/schema\\\/person\\\/c06752c3cb176906b455582ff7ef925e\"},\"headline\":\"Organizacja konferencji dla firm \u2013 jak zrobi\u0107 to dobrze?\",\"datePublished\":\"2023-11-02T15:34:01+00:00\",\"dateModified\":\"2024-05-30T14:06:52+00:00\",\"mainEntityOfPage\":{\"@id\":\"https:\\\/\\\/www.koronakarkonoszy.pl\\\/blog-dla-firm\\\/organizacja-konferencji-dla-firm-jak-zrobic-to-dobrze\\\/\"},\"wordCount\":1275,\"image\":{\"@id\":\"https:\\\/\\\/www.koronakarkonoszy.pl\\\/blog-dla-firm\\\/organizacja-konferencji-dla-firm-jak-zrobic-to-dobrze\\\/#primaryimage\"},\"thumbnailUrl\":\"https:\\\/\\\/www.koronakarkonoszy.pl\\\/blog-dla-firm\\\/wp-content\\\/uploads\\\/2023\\\/11\\\/konferencje_dla_firm-scaled.jpg\",\"articleSection\":[\"Imprezy firmowe\",\"Porady\"],\"inLanguage\":\"en-GB\"},{\"@type\":\"WebPage\",\"@id\":\"https:\\\/\\\/www.koronakarkonoszy.pl\\\/blog-dla-firm\\\/organizacja-konferencji-dla-firm-jak-zrobic-to-dobrze\\\/\",\"url\":\"https:\\\/\\\/www.koronakarkonoszy.pl\\\/blog-dla-firm\\\/organizacja-konferencji-dla-firm-jak-zrobic-to-dobrze\\\/\",\"name\":\"Organizacja konferencji dla firm \u2013 jak zrobi\u0107 to dobrze? - :: Blog dla firm - szkolenia, zarz\u0105dzanie zespo\u0142em, team building\",\"isPartOf\":{\"@id\":\"https:\\\/\\\/www.koronakarkonoszy.pl\\\/blog-dla-firm\\\/#website\"},\"primaryImageOfPage\":{\"@id\":\"https:\\\/\\\/www.koronakarkonoszy.pl\\\/blog-dla-firm\\\/organizacja-konferencji-dla-firm-jak-zrobic-to-dobrze\\\/#primaryimage\"},\"image\":{\"@id\":\"https:\\\/\\\/www.koronakarkonoszy.pl\\\/blog-dla-firm\\\/organizacja-konferencji-dla-firm-jak-zrobic-to-dobrze\\\/#primaryimage\"},\"thumbnailUrl\":\"https:\\\/\\\/www.koronakarkonoszy.pl\\\/blog-dla-firm\\\/wp-content\\\/uploads\\\/2023\\\/11\\\/konferencje_dla_firm-scaled.jpg\",\"datePublished\":\"2023-11-02T15:34:01+00:00\",\"dateModified\":\"2024-05-30T14:06:52+00:00\",\"author\":{\"@id\":\"https:\\\/\\\/www.koronakarkonoszy.pl\\\/blog-dla-firm\\\/#\\\/schema\\\/person\\\/c06752c3cb176906b455582ff7ef925e\"},\"description\":\"Jak powinna przebiega\u0107 organizacja konferencji dla firm krok po kroku? Jak zrobi\u0107 to dobrze? Sprawd\u017a i zastosuj nasze wskaz\u00f3wki!\",\"breadcrumb\":{\"@id\":\"https:\\\/\\\/www.koronakarkonoszy.pl\\\/blog-dla-firm\\\/organizacja-konferencji-dla-firm-jak-zrobic-to-dobrze\\\/#breadcrumb\"},\"inLanguage\":\"en-GB\",\"potentialAction\":[{\"@type\":\"ReadAction\",\"target\":[\"https:\\\/\\\/www.koronakarkonoszy.pl\\\/blog-dla-firm\\\/organizacja-konferencji-dla-firm-jak-zrobic-to-dobrze\\\/\"]}]},{\"@type\":\"ImageObject\",\"inLanguage\":\"en-GB\",\"@id\":\"https:\\\/\\\/www.koronakarkonoszy.pl\\\/blog-dla-firm\\\/organizacja-konferencji-dla-firm-jak-zrobic-to-dobrze\\\/#primaryimage\",\"url\":\"https:\\\/\\\/www.koronakarkonoszy.pl\\\/blog-dla-firm\\\/wp-content\\\/uploads\\\/2023\\\/11\\\/konferencje_dla_firm-scaled.jpg\",\"contentUrl\":\"https:\\\/\\\/www.koronakarkonoszy.pl\\\/blog-dla-firm\\\/wp-content\\\/uploads\\\/2023\\\/11\\\/konferencje_dla_firm-scaled.jpg\",\"width\":2560,\"height\":1707,\"caption\":\"Bankiet firmowy w Dworze Korona Karkonoszy w Sosn\u00f3wce\"},{\"@type\":\"BreadcrumbList\",\"@id\":\"https:\\\/\\\/www.koronakarkonoszy.pl\\\/blog-dla-firm\\\/organizacja-konferencji-dla-firm-jak-zrobic-to-dobrze\\\/#breadcrumb\",\"itemListElement\":[{\"@type\":\"ListItem\",\"position\":1,\"name\":\"Strona g\u0142\u00f3wna\",\"item\":\"https:\\\/\\\/www.koronakarkonoszy.pl\\\/blog-dla-firm\\\/\"},{\"@type\":\"ListItem\",\"position\":2,\"name\":\"Organizacja konferencji dla firm \u2013 jak zrobi\u0107 to dobrze?\"}]},{\"@type\":\"WebSite\",\"@id\":\"https:\\\/\\\/www.koronakarkonoszy.pl\\\/blog-dla-firm\\\/#website\",\"url\":\"https:\\\/\\\/www.koronakarkonoszy.pl\\\/blog-dla-firm\\\/\",\"name\":\":: Blog dla firm - szkolenia, zarz\u0105dzanie zespo\u0142em, team building\",\"description\":\"\",\"potentialAction\":[{\"@type\":\"SearchAction\",\"target\":{\"@type\":\"EntryPoint\",\"urlTemplate\":\"https:\\\/\\\/www.koronakarkonoszy.pl\\\/blog-dla-firm\\\/?s={search_term_string}\"},\"query-input\":{\"@type\":\"PropertyValueSpecification\",\"valueRequired\":true,\"valueName\":\"search_term_string\"}}],\"inLanguage\":\"en-GB\"},{\"@type\":\"Person\",\"@id\":\"https:\\\/\\\/www.koronakarkonoszy.pl\\\/blog-dla-firm\\\/#\\\/schema\\\/person\\\/c06752c3cb176906b455582ff7ef925e\",\"name\":\"agnieszka\",\"image\":{\"@type\":\"ImageObject\",\"inLanguage\":\"en-GB\",\"@id\":\"https:\\\/\\\/www.koronakarkonoszy.pl\\\/blog-dla-firm\\\/wp-content\\\/litespeed\\\/avatar\\\/53ee7b676463f74d0aea1a09de3d003b.jpg?ver=1777446304\",\"url\":\"https:\\\/\\\/www.koronakarkonoszy.pl\\\/blog-dla-firm\\\/wp-content\\\/litespeed\\\/avatar\\\/53ee7b676463f74d0aea1a09de3d003b.jpg?ver=1777446304\",\"contentUrl\":\"https:\\\/\\\/www.koronakarkonoszy.pl\\\/blog-dla-firm\\\/wp-content\\\/litespeed\\\/avatar\\\/53ee7b676463f74d0aea1a09de3d003b.jpg?ver=1777446304\",\"caption\":\"agnieszka\"},\"url\":\"https:\\\/\\\/www.koronakarkonoszy.pl\\\/blog-dla-firm\\\/en\\\/author\\\/agnieszka\\\/\"}]}<\/script>\n<!-- \/ Yoast SEO Premium plugin. -->","yoast_head_json":{"title":"Organizing conferences for companies \u2013 how to do it right? - :: Blog for companies - training, team management, team building","description":"How should the organization of a conference for companies go step by step? How to do it right? Check and apply our tips!","robots":{"index":"index","follow":"follow","max-snippet":"max-snippet:-1","max-image-preview":"max-image-preview:large","max-video-preview":"max-video-preview:-1"},"canonical":"https:\/\/www.koronakarkonoszy.pl\/blog-dla-firm\/en\/organization-of-conferences-for-companies-how-to-do-it-right\/","og_locale":"en_GB","og_type":"article","og_title":"Organizacja konferencji dla firm \u2013 jak zrobi\u0107 to dobrze?","og_description":"Jak powinna przebiega\u0107 organizacja konferencji dla firm krok po kroku? Jak zrobi\u0107 to dobrze? Sprawd\u017a i zastosuj nasze wskaz\u00f3wki!","og_url":"https:\/\/www.koronakarkonoszy.pl\/blog-dla-firm\/en\/organization-of-conferences-for-companies-how-to-do-it-right\/","og_site_name":":: Blog dla firm - szkolenia, zarz\u0105dzanie zespo\u0142em, team building","article_published_time":"2023-11-02T15:34:01+00:00","article_modified_time":"2024-05-30T14:06:52+00:00","og_image":[{"width":2560,"height":1707,"url":"https:\/\/www.koronakarkonoszy.pl\/blog-dla-firm\/wp-content\/uploads\/2023\/11\/konferencje_dla_firm-scaled.jpg","type":"image\/jpeg"}],"author":"agnieszka","twitter_card":"summary_large_image","twitter_misc":{"Written by":"agnieszka","Estimated reading time":"8 minutes"},"schema":{"@context":"https:\/\/schema.org","@graph":[{"@type":"Article","@id":"https:\/\/www.koronakarkonoszy.pl\/blog-dla-firm\/organizacja-konferencji-dla-firm-jak-zrobic-to-dobrze\/#article","isPartOf":{"@id":"https:\/\/www.koronakarkonoszy.pl\/blog-dla-firm\/organizacja-konferencji-dla-firm-jak-zrobic-to-dobrze\/"},"author":{"name":"agnieszka","@id":"https:\/\/www.koronakarkonoszy.pl\/blog-dla-firm\/#\/schema\/person\/c06752c3cb176906b455582ff7ef925e"},"headline":"Organizacja konferencji dla firm \u2013 jak zrobi\u0107 to dobrze?","datePublished":"2023-11-02T15:34:01+00:00","dateModified":"2024-05-30T14:06:52+00:00","mainEntityOfPage":{"@id":"https:\/\/www.koronakarkonoszy.pl\/blog-dla-firm\/organizacja-konferencji-dla-firm-jak-zrobic-to-dobrze\/"},"wordCount":1275,"image":{"@id":"https:\/\/www.koronakarkonoszy.pl\/blog-dla-firm\/organizacja-konferencji-dla-firm-jak-zrobic-to-dobrze\/#primaryimage"},"thumbnailUrl":"https:\/\/www.koronakarkonoszy.pl\/blog-dla-firm\/wp-content\/uploads\/2023\/11\/konferencje_dla_firm-scaled.jpg","articleSection":["Imprezy firmowe","Porady"],"inLanguage":"en-GB"},{"@type":"WebPage","@id":"https:\/\/www.koronakarkonoszy.pl\/blog-dla-firm\/organizacja-konferencji-dla-firm-jak-zrobic-to-dobrze\/","url":"https:\/\/www.koronakarkonoszy.pl\/blog-dla-firm\/organizacja-konferencji-dla-firm-jak-zrobic-to-dobrze\/","name":"Organizing conferences for companies \u2013 how to do it right? - :: Blog for companies - training, team management, team building","isPartOf":{"@id":"https:\/\/www.koronakarkonoszy.pl\/blog-dla-firm\/#website"},"primaryImageOfPage":{"@id":"https:\/\/www.koronakarkonoszy.pl\/blog-dla-firm\/organizacja-konferencji-dla-firm-jak-zrobic-to-dobrze\/#primaryimage"},"image":{"@id":"https:\/\/www.koronakarkonoszy.pl\/blog-dla-firm\/organizacja-konferencji-dla-firm-jak-zrobic-to-dobrze\/#primaryimage"},"thumbnailUrl":"https:\/\/www.koronakarkonoszy.pl\/blog-dla-firm\/wp-content\/uploads\/2023\/11\/konferencje_dla_firm-scaled.jpg","datePublished":"2023-11-02T15:34:01+00:00","dateModified":"2024-05-30T14:06:52+00:00","author":{"@id":"https:\/\/www.koronakarkonoszy.pl\/blog-dla-firm\/#\/schema\/person\/c06752c3cb176906b455582ff7ef925e"},"description":"How should the organization of a conference for companies go step by step? How to do it right? Check and apply our tips!","breadcrumb":{"@id":"https:\/\/www.koronakarkonoszy.pl\/blog-dla-firm\/organizacja-konferencji-dla-firm-jak-zrobic-to-dobrze\/#breadcrumb"},"inLanguage":"en-GB","potentialAction":[{"@type":"ReadAction","target":["https:\/\/www.koronakarkonoszy.pl\/blog-dla-firm\/organizacja-konferencji-dla-firm-jak-zrobic-to-dobrze\/"]}]},{"@type":"ImageObject","inLanguage":"en-GB","@id":"https:\/\/www.koronakarkonoszy.pl\/blog-dla-firm\/organizacja-konferencji-dla-firm-jak-zrobic-to-dobrze\/#primaryimage","url":"https:\/\/www.koronakarkonoszy.pl\/blog-dla-firm\/wp-content\/uploads\/2023\/11\/konferencje_dla_firm-scaled.jpg","contentUrl":"https:\/\/www.koronakarkonoszy.pl\/blog-dla-firm\/wp-content\/uploads\/2023\/11\/konferencje_dla_firm-scaled.jpg","width":2560,"height":1707,"caption":"Bankiet firmowy w Dworze Korona Karkonoszy w Sosn\u00f3wce"},{"@type":"BreadcrumbList","@id":"https:\/\/www.koronakarkonoszy.pl\/blog-dla-firm\/organizacja-konferencji-dla-firm-jak-zrobic-to-dobrze\/#breadcrumb","itemListElement":[{"@type":"ListItem","position":1,"name":"Strona g\u0142\u00f3wna","item":"https:\/\/www.koronakarkonoszy.pl\/blog-dla-firm\/"},{"@type":"ListItem","position":2,"name":"Organizacja konferencji dla firm \u2013 jak zrobi\u0107 to dobrze?"}]},{"@type":"WebSite","@id":"https:\/\/www.koronakarkonoszy.pl\/blog-dla-firm\/#website","url":"https:\/\/www.koronakarkonoszy.pl\/blog-dla-firm\/","name":":: Blog for companies - training, team management, team building","description":"","potentialAction":[{"@type":"SearchAction","target":{"@type":"EntryPoint","urlTemplate":"https:\/\/www.koronakarkonoszy.pl\/blog-dla-firm\/?s={search_term_string}"},"query-input":{"@type":"PropertyValueSpecification","valueRequired":true,"valueName":"search_term_string"}}],"inLanguage":"en-GB"},{"@type":"Person","@id":"https:\/\/www.koronakarkonoszy.pl\/blog-dla-firm\/#\/schema\/person\/c06752c3cb176906b455582ff7ef925e","name":"Agnes","image":{"@type":"ImageObject","inLanguage":"en-GB","@id":"https:\/\/www.koronakarkonoszy.pl\/blog-dla-firm\/wp-content\/litespeed\/avatar\/53ee7b676463f74d0aea1a09de3d003b.jpg?ver=1777446304","url":"https:\/\/www.koronakarkonoszy.pl\/blog-dla-firm\/wp-content\/litespeed\/avatar\/53ee7b676463f74d0aea1a09de3d003b.jpg?ver=1777446304","contentUrl":"https:\/\/www.koronakarkonoszy.pl\/blog-dla-firm\/wp-content\/litespeed\/avatar\/53ee7b676463f74d0aea1a09de3d003b.jpg?ver=1777446304","caption":"agnieszka"},"url":"https:\/\/www.koronakarkonoszy.pl\/blog-dla-firm\/en\/author\/agnieszka\/"}]}},"_links":{"self":[{"href":"https:\/\/www.koronakarkonoszy.pl\/blog-dla-firm\/en\/wp-json\/wp\/v2\/posts\/818","targetHints":{"allow":["GET"]}}],"collection":[{"href":"https:\/\/www.koronakarkonoszy.pl\/blog-dla-firm\/en\/wp-json\/wp\/v2\/posts"}],"about":[{"href":"https:\/\/www.koronakarkonoszy.pl\/blog-dla-firm\/en\/wp-json\/wp\/v2\/types\/post"}],"author":[{"embeddable":true,"href":"https:\/\/www.koronakarkonoszy.pl\/blog-dla-firm\/en\/wp-json\/wp\/v2\/users\/11"}],"replies":[{"embeddable":true,"href":"https:\/\/www.koronakarkonoszy.pl\/blog-dla-firm\/en\/wp-json\/wp\/v2\/comments?post=818"}],"version-history":[{"count":2,"href":"https:\/\/www.koronakarkonoszy.pl\/blog-dla-firm\/en\/wp-json\/wp\/v2\/posts\/818\/revisions"}],"predecessor-version":[{"id":9842,"href":"https:\/\/www.koronakarkonoszy.pl\/blog-dla-firm\/en\/wp-json\/wp\/v2\/posts\/818\/revisions\/9842"}],"wp:featuredmedia":[{"embeddable":true,"href":"https:\/\/www.koronakarkonoszy.pl\/blog-dla-firm\/en\/wp-json\/wp\/v2\/media\/7637"}],"wp:attachment":[{"href":"https:\/\/www.koronakarkonoszy.pl\/blog-dla-firm\/en\/wp-json\/wp\/v2\/media?parent=818"}],"wp:term":[{"taxonomy":"category","embeddable":true,"href":"https:\/\/www.koronakarkonoszy.pl\/blog-dla-firm\/en\/wp-json\/wp\/v2\/categories?post=818"}],"curies":[{"name":"wp","href":"https:\/\/api.w.org\/{rel}","templated":true}]}}