{"id":643,"date":"2023-08-09T14:25:38","date_gmt":"2023-08-09T12:25:38","guid":{"rendered":"https:\/\/www.koronakarkonoszy.pl\/blog-dla-firm\/?p=643"},"modified":"2024-05-30T16:16:09","modified_gmt":"2024-05-30T14:16:09","slug":"organizacja-wycieczek-firmowych-sposob-na-integracje-pracownikow","status":"publish","type":"post","link":"https:\/\/www.koronakarkonoszy.pl\/blog-dla-firm\/en\/organizacja-wycieczek-firmowych-sposob-na-integracje-pracownikow\/","title":{"rendered":"Organization of company trips - a way to integrate employees"},"content":{"rendered":"\n<p>Dla wielu firm organizacja wycieczek firmowych wi\u0105\u017ce si\u0119 z d\u0142ugoterminowym planowaniem, kt\u00f3re przyprawiaj\u0105 o b\u00f3l g\u0142owy. Wcale nie musi tak by\u0107! Wystarczy wiedzie\u0107, na co szczeg\u00f3lnie zwr\u00f3ci\u0107 uwag\u0119, aby ka\u017cda wycieczka zako\u0144czy\u0142a si\u0119 sukcesem. Podpowiadamy, co zrobi\u0107, aby pracownicy mi\u0142o wspominali ten czas.<\/p>\n\n\n<div id=\"ariadna-block_4f4a1a4d6fb49e77e3b2bccd3c3f4c85\" class=\"ariadna\">\n    <ul><li><a href=\"#h-propozycje-wyjazdow-integracyjnych\">Propozycje wyjazd\u00f3w integracyjnych<\/a><\/li><li><a href=\"#h-organizacja-wycieczek-firmowych-latem\">Organizacja wycieczek firmowych latem<\/a><\/li><li><a href=\"#ha-wyjazdy-integracyjne-dla-firm\">Wyjazdy integracyjne dla firm<\/a><\/li><li><a href=\"#h-atrakcja-wyjazdu-firmowego\">Atrakcja wyjazdu firmowego<\/a><\/li><li><a href=\"#h-organizacja-wycieczek-firmowych-jesienia\">Organizacja wycieczek firmowych jesieni\u0105<\/a><\/li><li><a href=\"#h-atrakcje-na-wyjazdach-integracyjnych-i-motywacyjnych\">Atrakcje na wyjazdach integracyjnych i motywacyjnych<\/a><\/li><li><a href=\"#ha-wycieczki-firmowe-dolny-slask\">Wycieczki firmowe Dolny \u015al\u0105sk<\/a><\/li><li><a href=\"#h-udany-wyjazd-integracyjny-postaw-na-gory\">Udany wyjazd integracyjny &#8211; postaw na g\u00f3ry!<\/a><\/li><li><a href=\"#ha-zima-to-takze-dobry-czas-na-wycieczke-firmowa\">Zima to tak\u017ce dobry czas na wycieczk\u0119 firmow\u0105<\/a><\/li><li><a href=\"#h-wiosenne-wycieczki-firmowe\">Wiosenne wycieczki firmowe<\/a><\/li><li><a href=\"#ha-kilka-slow-o-organizacji-imprez-firmowych\">Kilka s\u0142\u00f3w o organizacji imprez firmowych<\/a><\/li><\/ul>\n<\/div>\n\n\n\n\n\n\n<figure class=\"wp-block-image size-large is-resized\"><a href=\"https:\/\/www.koronakarkonoszy.pl\/konfigurator-imprez\/\" target=\"_blank\" rel=\"noreferrer noopener\"><img loading=\"lazy\" decoding=\"async\" width=\"1024\" height=\"510\" src=\"https:\/\/www.koronakarkonoszy.pl\/blog-dla-firm\/wp-content\/uploads\/2023\/11\/DKK-konfigurator_01-1024x510.jpg\" alt=\"Konfigurator imprez firmowych agencji eventowej Dw\u00f3r Korona Karkonoszy\" class=\"wp-image-7804\" style=\"width:855px;height:auto\" title=\"Konfigurator imprez firmowych agencji eventowej \" srcset=\"https:\/\/www.koronakarkonoszy.pl\/blog-dla-firm\/wp-content\/uploads\/2023\/11\/DKK-konfigurator_01-1024x510.jpg 1024w, https:\/\/www.koronakarkonoszy.pl\/blog-dla-firm\/wp-content\/uploads\/2023\/11\/DKK-konfigurator_01-300x150.jpg 300w, https:\/\/www.koronakarkonoszy.pl\/blog-dla-firm\/wp-content\/uploads\/2023\/11\/DKK-konfigurator_01-768x383.jpg 768w, https:\/\/www.koronakarkonoszy.pl\/blog-dla-firm\/wp-content\/uploads\/2023\/11\/DKK-konfigurator_01-1920x957.jpg 1920w, https:\/\/www.koronakarkonoszy.pl\/blog-dla-firm\/wp-content\/uploads\/2023\/11\/DKK-konfigurator_01-1536x766.jpg 1536w, https:\/\/www.koronakarkonoszy.pl\/blog-dla-firm\/wp-content\/uploads\/2023\/11\/DKK-konfigurator_01-18x9.jpg 18w, https:\/\/www.koronakarkonoszy.pl\/blog-dla-firm\/wp-content\/uploads\/2023\/11\/DKK-konfigurator_01.jpg 2040w\" sizes=\"auto, (max-width: 1024px) 100vw, 1024px\" \/><\/a><\/figure>\n\n\n\n<p>Organizacja wycieczek firmowych to spos\u00f3b na zbudowanie silnego i zgranego <a href=\"https:\/\/www.koronakarkonoszy.pl\/blog-dla-firm\/integracja-zespolu\/\" target=\"_blank\" rel=\"noreferrer noopener\">zespo\u0142u<\/a>, kt\u00f3ry ch\u0119tnie ze sob\u0105 wsp\u00f3\u0142pracuje. S\u0105 takie <a href=\"https:\/\/www.koronakarkonoszy.pl\/blog-dla-firm\/atrakcje-eventowe\/\" target=\"_blank\" rel=\"noreferrer noopener\">atrakcje eventowe<\/a>, kt\u00f3re sprawdzaj\u0105 si\u0119 zawsze, ale czasem warto si\u0119gn\u0105\u0107 po nowo\u015bci i zaskoczy\u0107 swoich pracownik\u00f3w.<\/p>\n\n\n<section id=\"leonardo-block_bceb6e55d079ca55323ca523a264d4c7\" class=\"leonardo page-breaker leonardo-image-right\">\n    <div class=\"leonardo-body\">\n        <h2 class=\"leonardo-title\" id=\"h-propozycje-wyjazdow-integracyjnych\">Propozycje wyjazd\u00f3w integracyjnych <\/h2>        <div class=\"leonardo-content\"><p>Nieszablonowe pomys\u0142y i niecodzienne aktywno\u015bci b\u0119d\u0105 wyzwaniem dla ka\u017cdego. Nie ulega w\u0105tpliwo\u015bci, \u017ce wycieczki firmowe, kt\u00f3re propaguj\u0105 zdrowy tryb \u017cycia, s\u0105 niezapomnian\u0105 przygod\u0105. Trzeba jednak pami\u0119ta\u0107, \u017ce to zesp\u00f3\u0142 ma przede wszystkim skorzysta\u0107 z zabawy, dlatego ju\u017c na etapie planowania, nale\u017cy wzi\u0105\u0107 pod uwag\u0119 specyfik\u0119 grupy.<\/p>\n<p>Licz\u0105 si\u0119 przede wszystkim predyspozycje sportowe i poziom zaawansowania atrakcji. Nie ka\u017cdy chce uczy\u0107 si\u0119 jazdy na nartach, bo przera\u017ca go pr\u0119dko\u015b\u0107, tak samo jak nie wszyscy dobrze czuj\u0105 si\u0119 na trudnych i wymagaj\u0105cych trasach rowerowych.<\/p>\n<\/div>\n                    <aside class=\"leonardo-interlink\">\n                <b>Polecamy<\/b>\n                <a href=\"https:\/\/www.koronakarkonoszy.pl\/blog-dla-firm\/en\/doskonale-miejsce-na-wyjazd-integracyjny\/\">Doskona\u0142e miejsce na wyjazd integracyjny istnieje<\/a>\n            <\/aside>\n            <\/div>\n    <div class=\"leonardo-image\">\n        <img loading=\"lazy\" decoding=\"async\" width=\"1920\" height=\"1440\" src=\"https:\/\/www.koronakarkonoszy.pl\/blog-dla-firm\/wp-content\/uploads\/2023\/08\/zamek-ksiecia-henryka87.jpg\" class=\"attachment-full size-full\" alt=\"Wycieczka firmowa w g\u00f3ry - Zamek ksi\u0119cia Henryka\" srcset=\"https:\/\/www.koronakarkonoszy.pl\/blog-dla-firm\/wp-content\/uploads\/2023\/08\/zamek-ksiecia-henryka87.jpg 1920w, https:\/\/www.koronakarkonoszy.pl\/blog-dla-firm\/wp-content\/uploads\/2023\/08\/zamek-ksiecia-henryka87-300x225.jpg 300w, https:\/\/www.koronakarkonoszy.pl\/blog-dla-firm\/wp-content\/uploads\/2023\/08\/zamek-ksiecia-henryka87-1024x768.jpg 1024w, https:\/\/www.koronakarkonoszy.pl\/blog-dla-firm\/wp-content\/uploads\/2023\/08\/zamek-ksiecia-henryka87-768x576.jpg 768w, https:\/\/www.koronakarkonoszy.pl\/blog-dla-firm\/wp-content\/uploads\/2023\/08\/zamek-ksiecia-henryka87-1536x1152.jpg 1536w, https:\/\/www.koronakarkonoszy.pl\/blog-dla-firm\/wp-content\/uploads\/2023\/08\/zamek-ksiecia-henryka87-16x12.jpg 16w\" sizes=\"auto, (max-width: 1920px) 100vw, 1920px\" \/>            <\/div>\n<\/section>\n\n\n<h2 class=\"wp-block-heading\" id=\"h-organizacja-wycieczek-firmowych-latem\">Organizacja wycieczek firmowych latem<\/h2>\n\n\n\n<p>Pi\u0119kna pogoda i wysokie temperatury sprzyjaj\u0105 przede wszystkim planowaniu aktywno\u015bci na \u015bwie\u017cym powietrzu. Je\u015bli wycieczka firmowa przypada na czas intensywnych upa\u0142\u00f3w, warto rozwa\u017cy\u0107 wszystkie opcje zwi\u0105zane z zabaw\u0105 nad wod\u0105. Odrobina och\u0142ody w gor\u0105ce dni z pewno\u015bci\u0105 oka\u017ce si\u0119 zbawienna dla wszystkich uczestnik\u00f3w. Dobrym pomys\u0142em b\u0119dzie siatk\u00f3wka pla\u017cowa czy turniej badmintona. To przede wszystkim ten rodzaj gier, kt\u00f3ry wymaga <strong>silnej wsp\u00f3\u0142pracy zespo\u0142owej<\/strong>. Zesp\u00f3\u0142, kt\u00f3ry z ch\u0119ci\u0105 skorzysta z nieco bardziej ekstremalnych atrakcji, mo\u017cna zabra\u0107 na sp\u0142yw kajakowy albo zafundowa\u0107 im windsurfing. A je\u015bli pracownicy s\u0105 amatorami naprawd\u0119 mocnych wra\u017ce\u0144, nic nie stoi na przeszkodzie, aby wybra\u0107 si\u0119 do parku rozrywki. Jednym z najprostszych pomys\u0142\u00f3w, ale pozytywnie odbieranych przez pracownik\u00f3w, jest <a href=\"https:\/\/www.koronakarkonoszy.pl\/blog-dla-firm\/piknik-integracyjny\/\" target=\"_blank\" rel=\"noreferrer noopener\">piknik integracyjny<\/a> albo wsp\u00f3lne pla\u017cowanie.<\/p>\n\n\n\n<h2 class=\"wp-block-heading\" id=\"ha-wyjazdy-integracyjne-dla-firm\">Wyjazdy integracyjne dla firm<\/h2>\n\n\n\n<p>Wyjazdy integracyjne dla firm s\u0105 doskona\u0142ym sposobem na wzmocnienie relacji mi\u0119dzy pracownikami, zwi\u0119kszenie zaanga\u017cowania i popraw\u0119 atmosfery w miejscu pracy. Istnieje wiele r\u00f3\u017cnorodnych opcji wyjazd\u00f3w, kt\u00f3re mo\u017cna dostosowa\u0107 do potrzeb i preferencji danej firmy. Oto kilka popularnych rodzaj\u00f3w wyjazd\u00f3w integracyjnych dla firm:<\/p>\n\n\n<section id=\"leonardo-block_3b6cee9d3b250eeced731c3fbcd567e7\" class=\"leonardo page-breaker leonardo-image-left\">\n    <div class=\"leonardo-body\">\n        <h2 class=\"leonardo-title\" id=\"h-atrakcja-wyjazdu-firmowego\">Atrakcja wyjazdu firmowego <\/h2>        <div class=\"leonardo-content\"><p><!-- wp:list {\"ordered\":true,\"type\":\"1\"} --><\/p>\n<ul>\n<li>Aktywne wycieczki. W\u0119dr\u00f3wki, wspinaczka, wyprawy rowerowe, sp\u0142ywy kajakowe, czy inne aktywno\u015bci fizyczne to doskona\u0142e wyzwanie integracyjne.<\/li>\n<li>Warsztaty rozwoju osobistego. Organizacja warsztat\u00f3w z zakresu rozwoju osobistego, zarz\u0105dzania czasem, efektywnej komunikacji czy budowania zaufania przyczyni si\u0119 do rozwoju kompetencji pracownik\u00f3w i umiej\u0119tno\u015bci pracy zespo\u0142owej.<\/li>\n<li>Zaj\u0119cia artystyczne i kreatywne. Prace r\u0119kodzielnicze, malowanie czy inne aktywno\u015bci artystyczne sprzyjaj\u0105 kreatywnemu my\u015bleniu i budowaniu wi\u0119zi w grupie.<\/li>\n<li>Gry i zabawy zespo\u0142owe. Organizacja gier i zabaw zespo\u0142owych rozwija umiej\u0119tno\u015bci wsp\u00f3\u0142pracy, strategii i rozwi\u0105zywania problem\u00f3w, jednocze\u015bnie zapewniaj\u0105c rozrywk\u0119.<\/li>\n<li>Imprezy tematyczne. Zorganizowanie <a href=\"https:\/\/www.koronakarkonoszy.pl\/blog-dla-firm\/impreza-w-stylu-lat-20\/\" target=\"_blank\" rel=\"noopener\">imprezy z motywem lat 20.<\/a> lub 80., Dzikiego Zachodu czy z innego tematu &#8211; <strong>kasyno!<\/strong> &#8211; mo\u017ce by\u0107 \u015bwietnym sposobem na wsp\u00f3lne zrelaksowanie si\u0119.<\/li>\n<li>Wyjazdy zagraniczne. Je\u015bli bud\u017cet wycieczki firmowej na to pozwala, zorganizuj <a href=\"https:\/\/www.koronakarkonoszy.pl\/blog-dla-firm\/wyjazd-firmowy\/\" class=\"links-placer\">wyjazd firmowy<\/a> za granic\u0119. Wyjazd incentive mog\u0105 dostarczy\u0107 niezapomnianych do\u015bwiadcze\u0144 i wra\u017ce\u0144, jednocze\u015bnie zach\u0119caj\u0105c do interakcji mi\u0119dzykulturowych. Zagraniczne wyjazdy integracyjne to niezapomniane eventy.<\/li>\n<li>Obozy i wycieczki survivalowe. Wsp\u00f3lne prze\u017cycie przygody w warunkach zbli\u017conych do survivalu buduje zaufanie i umo\u017cliwia wsp\u00f3lne przezwyci\u0119\u017canie trudno\u015bci.<\/li>\n<\/ul>\n<ol type=\"1\">\n<li style=\"list-style-type: none;\"><\/li>\n<\/ol>\n<p><!-- \/wp:list-item --><\/p>\n<p><!-- \/wp:list --><\/p>\n<\/div>\n            <\/div>\n    <div class=\"leonardo-image\">\n        <img loading=\"lazy\" decoding=\"async\" width=\"2560\" height=\"1707\" src=\"https:\/\/www.koronakarkonoszy.pl\/blog-dla-firm\/wp-content\/uploads\/2022\/12\/kasyno-scaled.jpg\" class=\"attachment-full size-full\" alt=\"Atrakcje na imprezy firmowe - kasyno\" srcset=\"https:\/\/www.koronakarkonoszy.pl\/blog-dla-firm\/wp-content\/uploads\/2022\/12\/kasyno-scaled.jpg 2560w, https:\/\/www.koronakarkonoszy.pl\/blog-dla-firm\/wp-content\/uploads\/2022\/12\/kasyno-300x200.jpg 300w, https:\/\/www.koronakarkonoszy.pl\/blog-dla-firm\/wp-content\/uploads\/2022\/12\/kasyno-1024x683.jpg 1024w, https:\/\/www.koronakarkonoszy.pl\/blog-dla-firm\/wp-content\/uploads\/2022\/12\/kasyno-768x512.jpg 768w, https:\/\/www.koronakarkonoszy.pl\/blog-dla-firm\/wp-content\/uploads\/2022\/12\/kasyno-1920x1280.jpg 1920w, https:\/\/www.koronakarkonoszy.pl\/blog-dla-firm\/wp-content\/uploads\/2022\/12\/kasyno-1536x1024.jpg 1536w, https:\/\/www.koronakarkonoszy.pl\/blog-dla-firm\/wp-content\/uploads\/2022\/12\/kasyno-2048x1365.jpg 2048w\" sizes=\"auto, (max-width: 2560px) 100vw, 2560px\" \/>            <\/div>\n<\/section>\n\n\n<ol class=\"wp-block-list\" style=\"list-style-type:1\">\n<li><\/li>\n<\/ol>\n\n\n\n<p>Wa\u017cne jest, aby wybiera\u0107 takie aktywno\u015bci na firmowe wyjazdy integracyjne, kt\u00f3re b\u0119d\u0105 dostosowane do charakteru firmy i preferencji pracownik\u00f3w. Odpowiednio dobrana i zorganizowana wycieczka integracyjna przyniesie korzy\u015bci dla ca\u0142ego zespo\u0142u, wzmacniaj\u0105c wsp\u00f3\u0142prac\u0119 i atmosfer\u0119 w miejscu pracy.<\/p>\n\n\n\n<figure class=\"wp-block-image size-large is-resized\"><img loading=\"lazy\" decoding=\"async\" width=\"1024\" height=\"768\" src=\"https:\/\/www.koronakarkonoszy.pl\/blog-dla-firm\/wp-content\/uploads\/2021\/10\/olimpiada-firmowa346-1024x768.jpg\" alt=\"\" class=\"wp-image-6634\" style=\"width:869px;height:581px\" srcset=\"https:\/\/www.koronakarkonoszy.pl\/blog-dla-firm\/wp-content\/uploads\/2021\/10\/olimpiada-firmowa346-1024x768.jpg 1024w, https:\/\/www.koronakarkonoszy.pl\/blog-dla-firm\/wp-content\/uploads\/2021\/10\/olimpiada-firmowa346-300x225.jpg 300w, https:\/\/www.koronakarkonoszy.pl\/blog-dla-firm\/wp-content\/uploads\/2021\/10\/olimpiada-firmowa346-768x576.jpg 768w, https:\/\/www.koronakarkonoszy.pl\/blog-dla-firm\/wp-content\/uploads\/2021\/10\/olimpiada-firmowa346-1536x1152.jpg 1536w, https:\/\/www.koronakarkonoszy.pl\/blog-dla-firm\/wp-content\/uploads\/2021\/10\/olimpiada-firmowa346-16x12.jpg 16w, https:\/\/www.koronakarkonoszy.pl\/blog-dla-firm\/wp-content\/uploads\/2021\/10\/olimpiada-firmowa346.jpg 1824w\" sizes=\"auto, (max-width: 1024px) 100vw, 1024px\" \/><figcaption class=\"wp-element-caption\"><strong><a href=\"https:\/\/www.koronakarkonoszy.pl\/blog-dla-firm\/\" target=\"_blank\" rel=\"noreferrer noopener\">Olimpiada firmowa<\/a>, Dw\u00f3r Korona Karkonoszy, <a href=\"https:\/\/www.koronakarkonoszy.pl\/blog-atrakcje\/sosnowka\/\" class=\"links-placer\">Sosn\u00f3wka<\/a> <\/strong><\/figcaption><\/figure>\n\n\n\n<h2 class=\"wp-block-heading\" id=\"h-organizacja-wycieczek-firmowych-jesienia\">Organizacja wycieczek firmowych jesieni\u0105<\/h2>\n\n\n\n<p>Nie da si\u0119 ukry\u0107, \u017ce pi\u0119kno polskiej z\u0142otej jesieni najwierniej oddaj\u0105 g\u00f3ry. <a href=\"https:\/\/www.koronakarkonoszy.pl\/blog-dla-firm\/warsztaty-integracyjne-w-gorach\/\" target=\"_blank\" rel=\"noreferrer noopener\">Warsztaty integracyjne w g\u00f3rach<\/a>, na przyk\u0142ad w malowniczych Karkonoszach, to \u015bwietny pomys\u0142. Aktywny wypoczynek jesieni\u0105 to przede wszystkim w\u0119dr\u00f3wki po g\u00f3rskich szlakach, kt\u00f3rych akurat w naszym kraju nie brakuje. Chodzenie po g\u00f3rach mo\u017ce zaj\u0105\u0107 ca\u0142y dzie\u0144, dlatego warto przyj\u0105\u0107 to za g\u0142\u00f3wny punkt wycieczki firmowej. Je\u015bli pracownicy nie s\u0105 przygotowani kondycyjnie na zdobywanie najwy\u017cszych szczyt\u00f3w, lepiej wybra\u0107 si\u0119 na mniej wymagaj\u0105ce trasy, kt\u00f3re mo\u017ce przej\u015b\u0107 ka\u017cdy.<\/p>\n\n\n<section id=\"leonardo-block_5e37bcb9fc3e8037eecac87803ed6623\" class=\"leonardo page-breaker leonardo-image-right\">\n    <div class=\"leonardo-body\">\n        <h2 class=\"leonardo-title\" id=\"h-atrakcje-na-wyjazdach-integracyjnych-i-motywacyjnych\">Atrakcje na wyjazdach integracyjnych i motywacyjnych <\/h2>        <div class=\"leonardo-content\"><p>Jesie\u0144 to tak\u017ce doskona\u0142y czas na eksploracj\u0119 najciekawszych zak\u0105tk\u00f3w Polski. Niekt\u00f3re regiony to prawdziwe bogactwo kulturowe, dlatego warto zapozna\u0107 si\u0119 z najciekawszymi miejscami i pozna\u0107 ich histori\u0119. A po ka\u017cdym intensywnym dniu, kiedy wieczory staj\u0105 si\u0119 coraz ch\u0142odniejsze, mo\u017cna rozgrza\u0107 si\u0119 winem i zje\u015b\u0107 wsp\u00f3lny posi\u0142ek.<\/p>\n<\/div>\n                    <aside class=\"leonardo-interlink\">\n                <b>Polecamy<\/b>\n                <a href=\"https:\/\/www.koronakarkonoszy.pl\/blog-dla-firm\/en\/wyjazd-firmowy-w-gory\/\">Wyjazd firmowy w g\u00f3ry: dlaczego warto?<\/a>\n            <\/aside>\n            <\/div>\n    <div class=\"leonardo-image\">\n        <img loading=\"lazy\" decoding=\"async\" width=\"1280\" height=\"812\" src=\"https:\/\/www.koronakarkonoszy.pl\/blog-dla-firm\/wp-content\/uploads\/2021\/07\/wycieczki-firmowe.jpg\" class=\"attachment-full size-full\" alt=\"Wycieczki firmowe\" srcset=\"https:\/\/www.koronakarkonoszy.pl\/blog-dla-firm\/wp-content\/uploads\/2021\/07\/wycieczki-firmowe.jpg 1280w, https:\/\/www.koronakarkonoszy.pl\/blog-dla-firm\/wp-content\/uploads\/2021\/07\/wycieczki-firmowe-300x190.jpg 300w, https:\/\/www.koronakarkonoszy.pl\/blog-dla-firm\/wp-content\/uploads\/2021\/07\/wycieczki-firmowe-1024x650.jpg 1024w, https:\/\/www.koronakarkonoszy.pl\/blog-dla-firm\/wp-content\/uploads\/2021\/07\/wycieczki-firmowe-768x487.jpg 768w\" sizes=\"auto, (max-width: 1280px) 100vw, 1280px\" \/>            <\/div>\n<\/section>\n\n\n<h2 class=\"wp-block-heading\" id=\"ha-wycieczki-firmowe-dolny-slask\">Wycieczki firmowe Dolny \u015al\u0105sk<\/h2>\n\n\n\n<p><strong>Wycieczki firmowe na Dolnym \u015al\u0105sku<\/strong> s\u0105 popularnym sposobem na zintegrowanie zespo\u0142u, zapewnienie rozrywki pracownikom oraz poznanie atrakcji turystycznych regionu. Dolny \u015al\u0105sk oferuje wiele interesuj\u0105cych miejsc i mo\u017cliwo\u015bci sp\u0119dzenia czasu dla firm, dlatego cz\u0119sto jest wybierany jako miejsce na jednodniowe wycieczki firmowe czy na kilkudniowe wyjazdy firmowe. Sam <strong>Wroc\u0142aw<\/strong>, stolica regionu, jako cel na wyjazdy firmowe integracyjne cieszy si\u0119 du\u017c\u0105 popularno\u015bci\u0105. Star\u00f3wka, Ostr\u00f3w Tumski, Hala Stulecia, jeden z najwi\u0119kszych w kraju ogr\u00f3d zoologiczny, zabytkowy ogr\u00f3d botaniczny, imponuj\u0105cy Ogr\u00f3d Japo\u0144ski, liczne parki, restauracje i kawiarnie &#8211; mo\u017cna zorganizowa\u0107 spacery po malowniczych uliczkach miasta, a tak\u017ce zobaczy\u0107 s\u0142ynne krasnale, kt\u00f3re s\u0105 symbolem Wroc\u0142awia.<\/p>\n\n\n\n<figure class=\"wp-block-image size-large is-resized\"><a href=\"https:\/\/www.koronakarkonoszy.pl\/konfigurator-imprez\/\" target=\"_blank\" rel=\"noreferrer noopener\"><img loading=\"lazy\" decoding=\"async\" width=\"1024\" height=\"510\" src=\"https:\/\/www.koronakarkonoszy.pl\/blog-dla-firm\/wp-content\/uploads\/2023\/11\/DKK-konfigurator_01-1024x510.jpg\" alt=\"Konfigurator imprez firmowych agencji eventowej Dw\u00f3r Korona Karkonoszy\" class=\"wp-image-7804\" style=\"width:855px;height:auto\" title=\"Konfigurator imprez firmowych agencji eventowej \" srcset=\"https:\/\/www.koronakarkonoszy.pl\/blog-dla-firm\/wp-content\/uploads\/2023\/11\/DKK-konfigurator_01-1024x510.jpg 1024w, https:\/\/www.koronakarkonoszy.pl\/blog-dla-firm\/wp-content\/uploads\/2023\/11\/DKK-konfigurator_01-300x150.jpg 300w, https:\/\/www.koronakarkonoszy.pl\/blog-dla-firm\/wp-content\/uploads\/2023\/11\/DKK-konfigurator_01-768x383.jpg 768w, https:\/\/www.koronakarkonoszy.pl\/blog-dla-firm\/wp-content\/uploads\/2023\/11\/DKK-konfigurator_01-1920x957.jpg 1920w, https:\/\/www.koronakarkonoszy.pl\/blog-dla-firm\/wp-content\/uploads\/2023\/11\/DKK-konfigurator_01-1536x766.jpg 1536w, https:\/\/www.koronakarkonoszy.pl\/blog-dla-firm\/wp-content\/uploads\/2023\/11\/DKK-konfigurator_01-18x9.jpg 18w, https:\/\/www.koronakarkonoszy.pl\/blog-dla-firm\/wp-content\/uploads\/2023\/11\/DKK-konfigurator_01.jpg 2040w\" sizes=\"auto, (max-width: 1024px) 100vw, 1024px\" \/><\/a><\/figure>\n\n\n\n<p>Program wycieczki mo\u017ce te\u017c obejmowa\u0107 inne atrakcje regionu &#8211; Zamek Ksi\u0105\u017c, jeden z najwi\u0119kszych zamk\u00f3w w Polsce, na pewno wart jest polecenia. Zwiedzanie tego przepi\u0119knego &nbsp;gmachu otoczonego wspania\u0142ymi ogrodami uprzyjemni <strong>wsp\u00f3lny wyjazd pracownik\u00f3w<\/strong>.<\/p>\n\n\n<section id=\"leonardo-block_49d113957930ace95180d624187c9655\" class=\"leonardo page-breaker leonardo-image-left\">\n    <div class=\"leonardo-body\">\n        <h2 class=\"leonardo-title\" id=\"h-udany-wyjazd-integracyjny-postaw-na-gory\">Udany wyjazd integracyjny &#8211; postaw na g\u00f3ry! <\/h2>        <div class=\"leonardo-content\"><p>Rozwa\u017caj\u0105c pomys\u0142y na wycieczki firmowe na Dolnym \u015al\u0105sku, nie spos\u00f3b pomin\u0105\u0107 Karkonoszy. To wspania\u0142e pasmo zwie\u0144czone \u015anie\u017ck\u0105 popularno\u015bci\u0105 przebija ju\u017c nawet Tatry. Bogata oferta gastronomiczna i noclegowa pozwala zorganizowa\u0107 tu ka\u017cdy rodzaj eventu firmowego. Mog\u0105 to by\u0107 wyjazdy tematyczne, firmowy wyjazd motywacyjny, weekendowa wycieczka firmowa, firmowe wycieczki objazdowe, kreatywne wyjazdy firmowe czy dwudniowe wycieczki firmowe. Mo\u017cemy te\u017c zorganizowa\u0107 tam <strong>team building podczas wyjazdu firmowego<\/strong>.<\/p>\n<p>A jak znale\u017a\u0107 idealny <a href=\"https:\/\/www.koronakarkonoszy.pl\/blog-dla-firm\/hotel-na-wyjazd-firmowy-jak-znalezc-idealna-lokalizacje\/\" target=\"_blank\" rel=\"noopener\">hotel na wyjazd firmowy<\/a>? Na przyk\u0142ad warto wybra\u0107 si\u0119 kilka kilometr\u00f3w od mocno ju\u017c zat\u0142oczonego Karpacza, by znale\u017a\u0107 si\u0119 w oazie spokoju, jak\u0105 jest <strong>Dw\u00f3r Korona Karkonoszy w Sosn\u00f3wce<\/strong>. Otoczony wspania\u0142ymi ogrodami o\u015brodek eventowo- szkoleniowy to idealne miejsce na imprez\u0119 firmow\u0105 z widokiem na g\u00f3ry.<\/p>\n<\/div>\n                    <aside class=\"leonardo-interlink\">\n                <b>Polecamy<\/b>\n                <a href=\"https:\/\/www.koronakarkonoszy.pl\/blog-dla-firm\/en\/organizacja-bankietow\/\">Skuteczna organizacja bankiet\u00f3w \u2013 Wroc\u0142aw i okolica maj\u0105 potencja\u0142!<\/a>\n            <\/aside>\n            <\/div>\n    <div class=\"leonardo-image\">\n        <img loading=\"lazy\" decoding=\"async\" width=\"1024\" height=\"682\" src=\"https:\/\/www.koronakarkonoszy.pl\/blog-dla-firm\/wp-content\/uploads\/2021\/05\/dwor-weselny-karkonosze-1-.jpg\" class=\"attachment-full size-full\" alt=\"Ogrody w Dworze Korona Karkonoszy - kawiarnia\" srcset=\"https:\/\/www.koronakarkonoszy.pl\/blog-dla-firm\/wp-content\/uploads\/2021\/05\/dwor-weselny-karkonosze-1-.jpg 1024w, https:\/\/www.koronakarkonoszy.pl\/blog-dla-firm\/wp-content\/uploads\/2021\/05\/dwor-weselny-karkonosze-1--300x200.jpg 300w, https:\/\/www.koronakarkonoszy.pl\/blog-dla-firm\/wp-content\/uploads\/2021\/05\/dwor-weselny-karkonosze-1--768x512.jpg 768w\" sizes=\"auto, (max-width: 1024px) 100vw, 1024px\" \/>            <\/div>\n<\/section>\n\n\n<h2 class=\"wp-block-heading\" id=\"ha-zima-to-takze-dobry-czas-na-wycieczke-firmowa\">Zima to tak\u017ce dobry czas na wycieczk\u0119 firmow\u0105<\/h2>\n\n\n\n<p>Wiele firm rezygnuje z wyjazd\u00f3w integracyjnych zim\u0105, obawiaj\u0105c si\u0119 niesprzyjaj\u0105cej aury pogodowej, kt\u00f3ra utrudnia organizacj\u0119 atrakcji. Tak naprawd\u0119 zima to r\u00f3wnie dobry moment na wyjazd \u2013 podobnie jak ka\u017cda inna pora roku \u2013 a i pomys\u0142\u00f3w na wsp\u00f3ln\u0105 zabaw\u0119 nie brakuje. Niemal naturalnym skojarzeniem z zim\u0105 jest <strong>wyjazd w g\u00f3ry<\/strong>, co automatycznie otwiera szereg nowych mo\u017cliwo\u015bci. Stoki to prawdziwy raj dla mi\u0142o\u015bnik\u00f3w <a href=\"https:\/\/www.koronakarkonoszy.pl\/blog-dla-firm\/narciarskie-wyjazdy-firmowe\/\" target=\"_blank\" rel=\"noreferrer noopener\">bia\u0142ego szale\u0144stwa<\/a>, a nie mniejszym powodzeniem ciesz\u0105 si\u0119 lodowiska. Wyj\u0105tkow\u0105 atrakcj\u0105 b\u0119d\u0105 tak\u017ce <strong>skutery \u015bnie\u017cne<\/strong> czy narty biegowe. Do niebanalnych propozycji mo\u017cna zaliczy\u0107 tak\u017ce <strong>kulig<\/strong>, kt\u00f3ry wspaniale zwie\u0144czy pieczenie kie\u0142basek w ognisku i odrobina rozgrzewaj\u0105cego wina. Du\u017c\u0105 popularno\u015bci\u0105 cieszy si\u0119 tak\u017ce <strong>rze\u017abienie w lodzie<\/strong>, kt\u00f3re mo\u017cna zako\u0144czy\u0107 <a href=\"https:\/\/www.koronakarkonoszy.pl\/blog-dla-firm\/zabawy-taneczne-integracyjne\/\" target=\"_blank\" rel=\"noreferrer noopener\">wieczorkiem tanecznym<\/a>. Jak wida\u0107 \u2013 mo\u017cliwo\u015bci jest naprawd\u0119 mn\u00f3stwo.<\/p>\n\n\n\n<style>\n    .cta_block{\n        margin: 1.5em 0;\n    }\n    .cta_block_content {\n        position: relative;\n        color: white;\n        padding: 1em;\n    }\n    .cta_block_content h3{\n        text-align: center;\n        font: normal normal normal 36px\/50px Yeseva One;\n    }\n    .cta_block_content .cta_block_desc{\n        text-align: center;\n        font-size: 1.1em;\n        position: relative;\n    }\n    .cta_block_content .cta_block_desc:before {\n        content: '';\n        width: 80px;\n        height: 4px;\n        background: #EEB315;\n        position: absolute;\n        left: 0;\n        right: 0;\n        margin-left: auto;\n        margin-right: auto;\n        top: -22px;\n    }\n\n    .cta_block_content picture{\n        position: absolute;\n        top: 0;\n        right: 0;\n        z-index: -1;\n        height: 100%;\n        overflow: hidden;\n        width: 100%;\n    }\n    .cta_block_content picture img{\n        object-fit: cover;\n        height: 100%;\n        width: 100%;\n    }\n    .cta_block .cta_block_content .ninja-forms-field{\n        background: #FFFFFF2F;\n        border: 1px solid #EEB315;\n        border-radius: 25px;\n        opacity: 1;\n        color: #ffffff;\n    }\n    .cta_block .cta_block_content .nf-form-content input[type=submit]{\n        background-color: #EEB315;\n        color: #292929;\n        text-align: center;\n        font: normal normal bold 14px\/20px Work Sans;\n        padding: 0 2em;\n    }\n\n    .cta_block ::placeholder{\n        color: white!important;\n        opacity: 1;\n    }\n\n    .cta_block_content::after {\n        height: 100%;\n        width: 100%;\n        content: \"\";\n        z-index: -1;\n        position: absolute;\n        top: 0;\n        background: #00000070;\n        right: 0;\n        left: 0;\n        bottom: 0;\n    }\n    #ha-cta-block, .cta_block_desc, .cta_block .nf-field-label, .cta_block .nf-error-msg {\n        filter: drop-shadow(1px 1px 8px black);\n    }\n\n\/*    .cta_block nf-rows-wrap {\n        display: flex;\n        justify-content: space-around;\n        flex-direction: row;\n    }*\/\n\n    .cta_block .nf-field-label {\n        display:none;\n    }\n\n    .cta_block .nf-error.field-wrap .nf-field-element::after {\n        border-radius: 50px;\n    }\n\n    .cta_block .nf-error-msg {\n        color: #fff;\n    }\n\n    .cta_block .nf-form-cont {\n        margin-top: 3em;\n        margin-bottom: 1em;\n    }\n\n    .wp-admin .cta_block_content{\n        display: none;\n    }\n    .cta_block .nf-form-fields-required {\n        display: none;\n    }\n    body:not(.wp-admin) .cta_block_admin {\n        display: none;\n    }\n<\/style>\n<div id=\"cta_block-block_c74d768fc53087c50f26195261ea324e\" class=\"cta_block\">\n    <div class=\"cta_block_admin\" style=\"background-color: blue; color: white\">\n        Blok CTA\n    <\/div>\n    <div class=\"cta_block\">\n        <div class=\"cta_block_content\">   \n        <h3>Organizacja wycieczek firmowych? <br>Wszystkim si\u0119 zajmiemy! <\/h3>\n                    <div class=\"cta_block_desc\">Sprawd\u017a dost\u0119pne terminy i zarezerwuj dogodn\u0105 dat\u0119 ju\u017c dzi\u015b!<\/div>\n                <noscript class=\"ninja-forms-noscript-message\">\n\tNotice: JavaScript is required for this content.<\/noscript>\n<div id=\"nf-form-3-cont\" class=\"nf-form-cont\" aria-live=\"polite\" aria-labelledby=\"nf-form-title-3\" aria-describedby=\"nf-form-errors-3\" role=\"form\">\n\n    <div class=\"nf-loading-spinner\"><\/div>\n\n<\/div>\n        <!-- That data is being printed as a workaround to page builders reordering the order of the scripts loaded-->\n        <script>var formDisplay=1;var nfForms=nfForms||[];var form=[];form.id='3';form.settings={\"objectType\":\"Form Setting\",\"editActive\":true,\"title\":\"Block CTA\",\"created_at\":\"2022-11-09 19:27:14\",\"default_label_pos\":\"above\",\"show_title\":0,\"clear_complete\":\"1\",\"hide_complete\":\"1\",\"logged_in\":\"\",\"wrapper_class\":\"\",\"element_class\":\"\",\"key\":\"\",\"add_submit\":\"0\",\"currency\":\"\",\"repeatable_fieldsets\":\"\",\"unique_field_error\":\"Formularz z t\\u0105 warto\\u015bci\\u0105 zosta\\u0142 ju\\u017c przes\\u0142any.\",\"not_logged_in_msg\":\"\",\"sub_limit_msg\":\"Formularz osi\\u0105gn\\u0105\\u0142 limit wys\\u0142a\\u0144.\",\"calculations\":[],\"container_styles_show_advanced_css\":\"0\",\"title_styles_show_advanced_css\":\"0\",\"row_styles_show_advanced_css\":\"0\",\"row-odd_styles_show_advanced_css\":\"0\",\"success-msg_styles_show_advanced_css\":\"0\",\"error_msg_styles_show_advanced_css\":\"0\",\"formContentData\":[{\"order\":1,\"cells\":[{\"order\":0,\"fields\":[\"phone_1640098275087\"],\"width\":35},{\"order\":1,\"fields\":[\"adres_e-mail_1668018487177\"],\"width\":35},{\"order\":2,\"fields\":[\"zapisz_mnie_1668018472281\"],\"width\":30}]}],\"conditions\":[],\"drawerDisabled\":false,\"allow_public_link\":0,\"embed_form\":\"\",\"changeEmailErrorMsg\":\"Please enter a valid email address!\",\"changeDateErrorMsg\":\"Please enter a valid date!\",\"confirmFieldErrorMsg\":\"These fields must match!\",\"fieldNumberNumMinError\":\"Number Min Error\",\"fieldNumberNumMaxError\":\"Number Max Error\",\"fieldNumberIncrementBy\":\"Please increment by \",\"formErrorsCorrectErrors\":\"Please correct errors before submitting this form.\",\"validateRequiredField\":\"This is a required field.\",\"honeypotHoneypotError\":\"Honeypot Error\",\"fieldsMarkedRequired\":\"Fields marked with an <span class=\\\"ninja-forms-req-symbol\\\">*<\\\/span> are required\",\"form_title_heading_level\":\"3\",\"ninjaForms\":\"Ninja Forms\",\"fieldTextareaRTEInsertLink\":\"Insert Link\",\"fieldTextareaRTEInsertMedia\":\"Insert Media\",\"fieldTextareaRTESelectAFile\":\"Select a file\",\"formHoneypot\":\"If you are a human seeing this field, please leave it empty.\",\"fileUploadOldCodeFileUploadInProgress\":\"File Upload in Progress.\",\"fileUploadOldCodeFileUpload\":\"FILE UPLOAD\",\"currencySymbol\":\"&#36;\",\"thousands_sep\":\",\",\"decimal_point\":\".\",\"siteLocale\":\"en_GB\",\"dateFormat\":\"m\\\/d\\\/Y\",\"startOfWeek\":\"1\",\"of\":\"of\",\"previousMonth\":\"Previous Month\",\"nextMonth\":\"Next Month\",\"months\":[\"January\",\"February\",\"March\",\"April\",\"May\",\"June\",\"July\",\"August\",\"September\",\"October\",\"November\",\"December\"],\"monthsShort\":[\"Jan\",\"Feb\",\"Mar\",\"Apr\",\"May\",\"Jun\",\"Jul\",\"Aug\",\"Sep\",\"Oct\",\"Nov\",\"Dec\"],\"weekdays\":[\"Sunday\",\"Monday\",\"Tuesday\",\"Wednesday\",\"Thursday\",\"Friday\",\"Saturday\"],\"weekdaysShort\":[\"Sun\",\"Mon\",\"Tue\",\"Wed\",\"Thu\",\"Fri\",\"Sat\"],\"weekdaysMin\":[\"Su\",\"Mo\",\"Tu\",\"We\",\"Th\",\"Fr\",\"Sa\"],\"recaptchaConsentMissing\":\"reCaptcha validation couldn&#039;t load.\",\"recaptchaMissingCookie\":\"reCaptcha v3 validation couldn&#039;t load the cookie needed to submit the form.\",\"recaptchaConsentEvent\":\"Accept reCaptcha cookies before sending the form.\",\"currency_symbol\":\"\",\"beforeForm\":\"\",\"beforeFields\":\"\",\"afterFields\":\"\",\"afterForm\":\"\"};form.fields=[{\"objectType\":\"Field\",\"objectDomain\":\"fields\",\"editActive\":false,\"order\":1,\"idAttribute\":\"id\",\"type\":\"phone\",\"label\":\"Numer telefonu\",\"key\":\"phone_1640098275087\",\"label_pos\":\"above\",\"required\":\"\",\"default\":\"\",\"placeholder\":\"Numer telefonu\",\"container_class\":\"\",\"element_class\":\"\",\"input_limit\":\"\",\"input_limit_type\":\"characters\",\"input_limit_msg\":\"Liczba pozosta\\u0142ych znak\\u00f3w:\",\"manual_key\":\"\",\"admin_label\":\"\",\"help_text\":\"\",\"mask\":\"\",\"custom_mask\":\"\",\"custom_name_attribute\":\"phone\",\"personally_identifiable\":1,\"wrap_styles_border\":\"\",\"wrap_styles_width\":\"\",\"wrap_styles_margin\":\"\",\"wrap_styles_padding\":\"\",\"wrap_styles_float\":\"\",\"wrap_styles_show_advanced_css\":0,\"label_styles_border\":\"\",\"label_styles_width\":\"\",\"label_styles_font-size\":\"\",\"label_styles_margin\":\"\",\"label_styles_padding\":\"\",\"label_styles_float\":\"\",\"label_styles_show_advanced_css\":0,\"element_styles_border\":\"\",\"element_styles_width\":\"\",\"element_styles_font-size\":\"\",\"element_styles_margin\":\"\",\"element_styles_padding\":\"\",\"element_styles_float\":\"\",\"element_styles_show_advanced_css\":0,\"cellcid\":\"c3398\",\"value\":\"\",\"drawerDisabled\":\"\",\"field_label\":\"Numer telefonu\",\"field_key\":\"phone_1640098275087\",\"id\":9,\"beforeField\":\"\",\"afterField\":\"\",\"parentType\":\"textbox\",\"element_templates\":[\"tel\",\"textbox\",\"input\"],\"old_classname\":\"\",\"wrap_template\":\"wrap\"},{\"objectType\":\"Field\",\"objectDomain\":\"fields\",\"editActive\":false,\"order\":2,\"idAttribute\":\"id\",\"type\":\"email\",\"label\":\"Adres e-mail\",\"key\":\"adres_e-mail_1668018487177\",\"label_pos\":\"above\",\"required\":\"\",\"default\":\"\",\"placeholder\":\"Adres e-mail\",\"container_class\":\"\",\"element_class\":\"\",\"admin_label\":\"\",\"help_text\":\"\",\"custom_name_attribute\":\"email\",\"personally_identifiable\":1,\"wrap_styles_border\":\"\",\"wrap_styles_width\":\"\",\"wrap_styles_margin\":\"\",\"wrap_styles_padding\":\"\",\"wrap_styles_float\":\"\",\"wrap_styles_show_advanced_css\":0,\"label_styles_border\":\"\",\"label_styles_width\":\"\",\"label_styles_font-size\":\"\",\"label_styles_margin\":\"\",\"label_styles_padding\":\"\",\"label_styles_float\":\"\",\"label_styles_show_advanced_css\":0,\"element_styles_border\":\"\",\"element_styles_width\":\"\",\"element_styles_font-size\":\"\",\"element_styles_margin\":\"\",\"element_styles_padding\":\"\",\"element_styles_float\":\"\",\"element_styles_show_advanced_css\":0,\"cellcid\":\"c3401\",\"value\":\"\",\"drawerDisabled\":false,\"field_label\":\"E-mail\",\"field_key\":\"email_1640098276066\",\"id\":10,\"beforeField\":\"\",\"afterField\":\"\",\"parentType\":\"email\",\"element_templates\":[\"email\",\"input\"],\"old_classname\":\"\",\"wrap_template\":\"wrap\"},{\"objectType\":\"Field\",\"objectDomain\":\"fields\",\"editActive\":false,\"order\":3,\"idAttribute\":\"id\",\"type\":\"submit\",\"label\":\"Zapisz mnie\",\"processing_label\":\"W trakcie realizacji\",\"container_class\":\"\",\"element_class\":\"\",\"key\":\"zapisz_mnie_1668018472281\",\"wrap_styles_border\":\"\",\"wrap_styles_width\":\"\",\"wrap_styles_margin\":\"\",\"wrap_styles_padding\":\"\",\"wrap_styles_float\":\"\",\"wrap_styles_show_advanced_css\":0,\"element_styles_border\":\"\",\"element_styles_width\":\"\",\"element_styles_font-size\":\"\",\"element_styles_margin\":\"\",\"element_styles_padding\":\"\",\"element_styles_float\":\"\",\"element_styles_show_advanced_css\":0,\"submit_element_hover_styles_border\":\"\",\"submit_element_hover_styles_width\":\"\",\"submit_element_hover_styles_font-size\":\"\",\"submit_element_hover_styles_margin\":\"\",\"submit_element_hover_styles_padding\":\"\",\"submit_element_hover_styles_float\":\"\",\"submit_element_hover_styles_show_advanced_css\":0,\"cellcid\":\"c3403\",\"drawerDisabled\":false,\"field_label\":\"Zamawiam rozmow\\u0119\",\"field_key\":\"zamawiam_rozmowe_1640098314862\",\"id\":8,\"beforeField\":\"\",\"afterField\":\"\",\"value\":\"\",\"label_pos\":\"above\",\"parentType\":\"textbox\",\"element_templates\":[\"submit\",\"button\",\"input\"],\"old_classname\":\"\",\"wrap_template\":\"wrap-no-label\"}];nfForms.push(form);<\/script>\n                <script id=\"nf-tmpl-cell\" type=\"text\/template\">\n            <nf-fields><\/nf-fields>\n        <\/script>\n\n        <script id=\"nf-tmpl-row\" type=\"text\/template\">\n            <nf-cells><\/nf-cells>\n        <\/script>\n\n                <img loading=\"lazy\" decoding=\"async\" width=\"1280\" height=\"959\" src=\"https:\/\/www.koronakarkonoszy.pl\/blog-dla-firm\/wp-content\/uploads\/2022\/09\/DJI_0077.jpg\" class=\"attachment-full size-full\" alt=\"Miejscowo\u015b\u0107 letniskowa Sosn\u00f3wka k. Karpacza\" srcset=\"https:\/\/www.koronakarkonoszy.pl\/blog-dla-firm\/wp-content\/uploads\/2022\/09\/DJI_0077.jpg 1280w, https:\/\/www.koronakarkonoszy.pl\/blog-dla-firm\/wp-content\/uploads\/2022\/09\/DJI_0077-300x225.jpg 300w, https:\/\/www.koronakarkonoszy.pl\/blog-dla-firm\/wp-content\/uploads\/2022\/09\/DJI_0077-1024x767.jpg 1024w, https:\/\/www.koronakarkonoszy.pl\/blog-dla-firm\/wp-content\/uploads\/2022\/09\/DJI_0077-768x575.jpg 768w\" sizes=\"auto, (max-width: 1280px) 100vw, 1280px\" \/>        <\/div> \n    <\/div>\n<\/div>\n\n\n\n<p>Wszystkie te aktywno\u015bci mo\u017cna zrealizowa\u0107 na przyk\u0142ad w Dworze Korona Karkonoszy w <a href=\"https:\/\/www.koronakarkonoszy.pl\/blog-dla-firm\/sosnowka-w-samym-sercu-karkonoszy\/\" target=\"_blank\" rel=\"noreferrer noopener\">Sosn\u00f3wce<\/a> ko\u0142o Karpacza \u2013 \u015bwietnym <a href=\"https:\/\/www.koronakarkonoszy.pl\/blog-dla-firm\/malownicze-karkonosze-czyli-doskonale-miejsce-na-wyjazd-integracyjny\/\" target=\"_blank\" rel=\"noreferrer noopener\">miejscu na wyjazd integracyjny<\/a>. Ta firma eventowa posiada bogate do\u015bwiadczenie w kompleksowej organizacji wyjazd\u00f3w firmowych.<\/p>\n\n\n<section id=\"leonardo-block_795d7fd3513429bc3f942a1c0cb49a55\" class=\"leonardo page-breaker leonardo-image-right\">\n    <div class=\"leonardo-body\">\n        <h2 class=\"leonardo-title\" id=\"h-wiosenne-wycieczki-firmowe\">Wiosenne wycieczki firmowe<\/h2>        <div class=\"leonardo-content\"><p><!-- wp:heading --><\/p>\n<p>Wiosna to doskona\u0142y czas na wycieczki firmowe, kt\u00f3re wymagaj\u0105 du\u017cego wysi\u0142ku fizycznego. Temperatura jeszcze nie jest na tyle wysoka, aby m\u0119czy\u0107 bardziej ni\u017c sport, dlatego sprawdz\u0105 si\u0119 wycieki rowerowe albo trekking. R\u00f3wnie dobrym pomys\u0142em b\u0119d\u0105 wycieczki objazdowe i tematyczne, czyli wszystkie wyjazdy, podczas kt\u00f3rych pieszo zwiedza si\u0119 najciekawsze zak\u0105tki miast. Ze wzgl\u0119du na zmienn\u0105 pogod\u0119, warto rozwa\u017cy\u0107 tak\u017ce wycieczki, kt\u00f3re stosunkowo \u0142atwo prze\u0142o\u017cy\u0107 albo <a href=\"https:\/\/www.koronakarkonoszy.pl\/blog-dla-firm\/ciekawe-i-angazujace-atrakcje-na-imprezy-firmowe\/\" target=\"_blank\" rel=\"noopener\">atrakcje na imprezy firmowe<\/a> odbywaj\u0105ce si\u0119 na zamkni\u0119tym lub zadaszonym terenie.<\/p>\n<p><!-- \/wp:paragraph --><\/p>\n<\/div>\n                    <aside class=\"leonardo-interlink\">\n                <b>Polecamy<\/b>\n                <a href=\"https:\/\/www.koronakarkonoszy.pl\/blog-dla-firm\/en\/wyjazd-integracyjny-w-gorach\/\">Wyjazd integracyjny w g\u00f3rach &#8211; tw\u00f3rz niezapomniane prze\u017cycia!<\/a>\n            <\/aside>\n            <\/div>\n    <div class=\"leonardo-image\">\n        <img loading=\"lazy\" decoding=\"async\" width=\"1940\" height=\"1294\" src=\"https:\/\/www.koronakarkonoszy.pl\/blog-dla-firm\/wp-content\/uploads\/2023\/07\/impreza-tematyczna78.jpg\" class=\"attachment-full size-full\" alt=\"Impreza przebierana w Dworze Korona Karkonoszy\" srcset=\"https:\/\/www.koronakarkonoszy.pl\/blog-dla-firm\/wp-content\/uploads\/2023\/07\/impreza-tematyczna78.jpg 1940w, https:\/\/www.koronakarkonoszy.pl\/blog-dla-firm\/wp-content\/uploads\/2023\/07\/impreza-tematyczna78-300x200.jpg 300w, https:\/\/www.koronakarkonoszy.pl\/blog-dla-firm\/wp-content\/uploads\/2023\/07\/impreza-tematyczna78-1024x683.jpg 1024w, https:\/\/www.koronakarkonoszy.pl\/blog-dla-firm\/wp-content\/uploads\/2023\/07\/impreza-tematyczna78-768x512.jpg 768w, https:\/\/www.koronakarkonoszy.pl\/blog-dla-firm\/wp-content\/uploads\/2023\/07\/impreza-tematyczna78-1920x1281.jpg 1920w, https:\/\/www.koronakarkonoszy.pl\/blog-dla-firm\/wp-content\/uploads\/2023\/07\/impreza-tematyczna78-1536x1025.jpg 1536w, https:\/\/www.koronakarkonoszy.pl\/blog-dla-firm\/wp-content\/uploads\/2023\/07\/impreza-tematyczna78-18x12.jpg 18w\" sizes=\"auto, (max-width: 1940px) 100vw, 1940px\" \/>            <\/div>\n<\/section>\n\n\n<h2 class=\"wp-block-heading\" id=\"ha-kilka-slow-o-organizacji-imprez-firmowych\">Kilka s\u0142\u00f3w o organizacji imprez firmowych<\/h2>\n\n\n\n<p>Organizacja wycieczek firmowych to karko\u0142omne zadanie, kt\u00f3re wymaga skrupulatnego planowania. Firma, kt\u00f3ra nie czuje si\u0119 na si\u0142ach, aby podj\u0105\u0107 si\u0119 samodzielnej organizacji, mo\u017ce zda\u0107 si\u0119 na profesjonalist\u00f3w, kt\u00f3rzy od lat dzia\u0142aj\u0105 w bran\u017cy. Na rynku spotka\u0144 dzia\u0142a wiele \u2026. Nie istnieje z g\u00f3ry okre\u015blony przepis na sukces \u2013 to pracodawca doskonale zda sw\u00f3j zesp\u00f3\u0142, dlatego powinien mie\u0107 na uwadze indywidualne preferencje ka\u017cdego uczestnika.<\/p>\n\n\n\n<figure class=\"wp-block-image size-large\"><img loading=\"lazy\" decoding=\"async\" width=\"1024\" height=\"683\" src=\"https:\/\/www.koronakarkonoszy.pl\/blog-dla-firm\/wp-content\/uploads\/2023\/07\/jubileusz33-1024x683.jpg\" alt=\"\" class=\"wp-image-6800\" srcset=\"https:\/\/www.koronakarkonoszy.pl\/blog-dla-firm\/wp-content\/uploads\/2023\/07\/jubileusz33-1024x683.jpg 1024w, https:\/\/www.koronakarkonoszy.pl\/blog-dla-firm\/wp-content\/uploads\/2023\/07\/jubileusz33-300x200.jpg 300w, https:\/\/www.koronakarkonoszy.pl\/blog-dla-firm\/wp-content\/uploads\/2023\/07\/jubileusz33-768x512.jpg 768w, https:\/\/www.koronakarkonoszy.pl\/blog-dla-firm\/wp-content\/uploads\/2023\/07\/jubileusz33-1920x1280.jpg 1920w, https:\/\/www.koronakarkonoszy.pl\/blog-dla-firm\/wp-content\/uploads\/2023\/07\/jubileusz33-1536x1024.jpg 1536w, https:\/\/www.koronakarkonoszy.pl\/blog-dla-firm\/wp-content\/uploads\/2023\/07\/jubileusz33-2048x1365.jpg 2048w, https:\/\/www.koronakarkonoszy.pl\/blog-dla-firm\/wp-content\/uploads\/2023\/07\/jubileusz33-18x12.jpg 18w\" sizes=\"auto, (max-width: 1024px) 100vw, 1024px\" \/><figcaption class=\"wp-element-caption\"><strong>Organizacja <a href=\"https:\/\/www.koronakarkonoszy.pl\/imprezy-firmowe\/\" target=\"_blank\" rel=\"noreferrer noopener\">wyjazd\u00f3w firmowych<\/a> \u2013 Dw\u00f3r Korona Karkonoszy, Sosn\u00f3wka k. Karpacza <\/strong><\/figcaption><\/figure>\n\n\n\n<p>Podczas wycieczki firmowej mo\u017cna realizowa\u0107 wszystkie za\u0142o\u017cenia dobrego <a href=\"https:\/\/www.koronakarkonoszy.pl\/blog-dla-firm\/zabawy-teambuildingowe-czyli-3-pomysly-na-udana-integracje\/\" target=\"_blank\" rel=\"noreferrer noopener\">team buildingu<\/a> \u2013 integracji i budowania zespo\u0142u. Niejedna firma przekona\u0142a si\u0119, \u017ce wyjazdy firmowe pomagaj\u0105 rozwi\u0105za\u0107 problemy komunikacyjne i pozytywnie wp\u0142ywaj\u0105 na skuteczno\u015b\u0107 dzia\u0142a\u0144, podejmowanych podczas pracy.<\/p>\n\n\n\n<figure class=\"wp-block-image size-large\"><a href=\"https:\/\/www.koronakarkonoszy.pl\/blog-dla-firm\/\" target=\"_blank\" rel=\"noreferrer noopener\"><img loading=\"lazy\" decoding=\"async\" width=\"1024\" height=\"512\" src=\"https:\/\/www.koronakarkonoszy.pl\/blog-dla-firm\/wp-content\/uploads\/2021\/07\/team_building_DKK-1024x512.jpg\" alt=\"\" class=\"wp-image-3321\" srcset=\"https:\/\/www.koronakarkonoszy.pl\/blog-dla-firm\/wp-content\/uploads\/2021\/07\/team_building_DKK-1024x512.jpg 1024w, https:\/\/www.koronakarkonoszy.pl\/blog-dla-firm\/wp-content\/uploads\/2021\/07\/team_building_DKK-300x150.jpg 300w, https:\/\/www.koronakarkonoszy.pl\/blog-dla-firm\/wp-content\/uploads\/2021\/07\/team_building_DKK-768x384.jpg 768w, https:\/\/www.koronakarkonoszy.pl\/blog-dla-firm\/wp-content\/uploads\/2021\/07\/team_building_DKK.jpg 1200w\" sizes=\"auto, (max-width: 1024px) 100vw, 1024px\" \/><\/a><\/figure>\n\n\n\n<p>Jak zorganizowa\u0107 imprez\u0119 &#8211; zobacz <a href=\"https:\/\/www.koronakarkonoszy.pl\/blog-dla-firm\/konfigurator-imprez-firmowych\/\">konfigurator imprez<\/a><\/p>\n","protected":false},"excerpt":{"rendered":"<p>Dla wielu firm organizacja wycieczek firmowych wi\u0105\u017ce si\u0119 z d\u0142ugoterminowym planowaniem, kt\u00f3re przyprawiaj\u0105 o b\u00f3l g\u0142owy. Wcale nie musi tak by\u0107! Wystarczy wiedzie\u0107, na co szczeg\u00f3lnie zwr\u00f3ci\u0107 uwag\u0119, aby ka\u017cda wycieczka zako\u0144czy\u0142a si\u0119 sukcesem. Podpowiadamy, co zrobi\u0107, aby pracownicy mi\u0142o wspominali ten czas. Organizacja wycieczek firmowych to spos\u00f3b na zbudowanie silnego i zgranego zespo\u0142u, kt\u00f3ry [&hellip;]<\/p>\n","protected":false},"author":11,"featured_media":645,"comment_status":"closed","ping_status":"closed","sticky":false,"template":"","format":"standard","meta":{"_acf_changed":false,"footnotes":""},"categories":[16,17,2],"class_list":["post-643","post","type-post","status-publish","format-standard","has-post-thumbnail","hentry","category-imprezy-firmowe","category-integracja","category-porady"],"acf":[],"yoast_head":"<!-- This site is optimized with the Yoast SEO Premium plugin v27.4 (Yoast SEO v27.4) - https:\/\/yoast.com\/product\/yoast-seo-premium-wordpress\/ -->\n<title>Organizacja wycieczek firmowych \u2013 spos\u00f3b na integracj\u0119 pracownik\u00f3w - :: Blog dla firm - szkolenia, zarz\u0105dzanie zespo\u0142em, team building<\/title>\n<meta name=\"description\" content=\"Organizacja wycieczek firmowych przyprawia Ci\u0119 o b\u00f3l g\u0142owy? Podpowiadamy, jak zrobi\u0107 to lekko, \u0142atwo i przyjemnie!\" \/>\n<meta name=\"robots\" content=\"index, follow, max-snippet:-1, max-image-preview:large, max-video-preview:-1\" \/>\n<link rel=\"canonical\" href=\"https:\/\/www.koronakarkonoszy.pl\/blog-dla-firm\/en\/organization-of-company-tours-a-way-to-integrate-employees\/\" \/>\n<meta property=\"og:locale\" content=\"en_GB\" \/>\n<meta property=\"og:type\" content=\"article\" \/>\n<meta property=\"og:title\" content=\"Organizacja wycieczek firmowych \u2013 spos\u00f3b na integracj\u0119 pracownik\u00f3w\" \/>\n<meta property=\"og:description\" content=\"Organizacja wycieczek firmowych przyprawia Ci\u0119 o b\u00f3l g\u0142owy? Podpowiadamy, jak zrobi\u0107 to lekko, \u0142atwo i przyjemnie!\" \/>\n<meta property=\"og:url\" content=\"https:\/\/www.koronakarkonoszy.pl\/blog-dla-firm\/en\/organization-of-company-tours-a-way-to-integrate-employees\/\" \/>\n<meta property=\"og:site_name\" content=\":: Blog dla firm - szkolenia, zarz\u0105dzanie zespo\u0142em, team building\" \/>\n<meta property=\"article:published_time\" content=\"2023-08-09T12:25:38+00:00\" \/>\n<meta property=\"article:modified_time\" content=\"2024-05-30T14:16:09+00:00\" \/>\n<meta property=\"og:image\" content=\"https:\/\/www.koronakarkonoszy.pl\/blog-dla-firm\/wp-content\/uploads\/2021\/07\/organizacja-wycieczek-firmowych.jpg\" \/>\n\t<meta property=\"og:image:width\" content=\"1280\" \/>\n\t<meta property=\"og:image:height\" content=\"853\" \/>\n\t<meta property=\"og:image:type\" content=\"image\/jpeg\" \/>\n<meta name=\"author\" content=\"agnieszka\" \/>\n<meta name=\"twitter:card\" content=\"summary_large_image\" \/>\n<meta name=\"twitter:label1\" content=\"Written by\" \/>\n\t<meta name=\"twitter:data1\" content=\"agnieszka\" \/>\n\t<meta name=\"twitter:label2\" content=\"Estimated reading time\" \/>\n\t<meta name=\"twitter:data2\" content=\"6 minutes\" \/>\n<script type=\"application\/ld+json\" class=\"yoast-schema-graph\">{\"@context\":\"https:\\\/\\\/schema.org\",\"@graph\":[{\"@type\":\"Article\",\"@id\":\"https:\\\/\\\/www.koronakarkonoszy.pl\\\/blog-dla-firm\\\/organizacja-wycieczek-firmowych-sposob-na-integracje-pracownikow\\\/#article\",\"isPartOf\":{\"@id\":\"https:\\\/\\\/www.koronakarkonoszy.pl\\\/blog-dla-firm\\\/organizacja-wycieczek-firmowych-sposob-na-integracje-pracownikow\\\/\"},\"author\":{\"name\":\"agnieszka\",\"@id\":\"https:\\\/\\\/www.koronakarkonoszy.pl\\\/blog-dla-firm\\\/#\\\/schema\\\/person\\\/c06752c3cb176906b455582ff7ef925e\"},\"headline\":\"Organizacja wycieczek firmowych \u2013 spos\u00f3b na integracj\u0119 pracownik\u00f3w\",\"datePublished\":\"2023-08-09T12:25:38+00:00\",\"dateModified\":\"2024-05-30T14:16:09+00:00\",\"mainEntityOfPage\":{\"@id\":\"https:\\\/\\\/www.koronakarkonoszy.pl\\\/blog-dla-firm\\\/organizacja-wycieczek-firmowych-sposob-na-integracje-pracownikow\\\/\"},\"wordCount\":976,\"image\":{\"@id\":\"https:\\\/\\\/www.koronakarkonoszy.pl\\\/blog-dla-firm\\\/organizacja-wycieczek-firmowych-sposob-na-integracje-pracownikow\\\/#primaryimage\"},\"thumbnailUrl\":\"https:\\\/\\\/www.koronakarkonoszy.pl\\\/blog-dla-firm\\\/wp-content\\\/uploads\\\/2021\\\/07\\\/organizacja-wycieczek-firmowych.jpg\",\"articleSection\":[\"Imprezy firmowe\",\"Integracja\",\"Porady\"],\"inLanguage\":\"en-GB\"},{\"@type\":\"WebPage\",\"@id\":\"https:\\\/\\\/www.koronakarkonoszy.pl\\\/blog-dla-firm\\\/organizacja-wycieczek-firmowych-sposob-na-integracje-pracownikow\\\/\",\"url\":\"https:\\\/\\\/www.koronakarkonoszy.pl\\\/blog-dla-firm\\\/organizacja-wycieczek-firmowych-sposob-na-integracje-pracownikow\\\/\",\"name\":\"Organizacja wycieczek firmowych \u2013 spos\u00f3b na integracj\u0119 pracownik\u00f3w - :: Blog dla firm - szkolenia, zarz\u0105dzanie zespo\u0142em, team building\",\"isPartOf\":{\"@id\":\"https:\\\/\\\/www.koronakarkonoszy.pl\\\/blog-dla-firm\\\/#website\"},\"primaryImageOfPage\":{\"@id\":\"https:\\\/\\\/www.koronakarkonoszy.pl\\\/blog-dla-firm\\\/organizacja-wycieczek-firmowych-sposob-na-integracje-pracownikow\\\/#primaryimage\"},\"image\":{\"@id\":\"https:\\\/\\\/www.koronakarkonoszy.pl\\\/blog-dla-firm\\\/organizacja-wycieczek-firmowych-sposob-na-integracje-pracownikow\\\/#primaryimage\"},\"thumbnailUrl\":\"https:\\\/\\\/www.koronakarkonoszy.pl\\\/blog-dla-firm\\\/wp-content\\\/uploads\\\/2021\\\/07\\\/organizacja-wycieczek-firmowych.jpg\",\"datePublished\":\"2023-08-09T12:25:38+00:00\",\"dateModified\":\"2024-05-30T14:16:09+00:00\",\"author\":{\"@id\":\"https:\\\/\\\/www.koronakarkonoszy.pl\\\/blog-dla-firm\\\/#\\\/schema\\\/person\\\/c06752c3cb176906b455582ff7ef925e\"},\"description\":\"Organizacja wycieczek firmowych przyprawia Ci\u0119 o b\u00f3l g\u0142owy? Podpowiadamy, jak zrobi\u0107 to lekko, \u0142atwo i przyjemnie!\",\"breadcrumb\":{\"@id\":\"https:\\\/\\\/www.koronakarkonoszy.pl\\\/blog-dla-firm\\\/organizacja-wycieczek-firmowych-sposob-na-integracje-pracownikow\\\/#breadcrumb\"},\"inLanguage\":\"en-GB\",\"potentialAction\":[{\"@type\":\"ReadAction\",\"target\":[\"https:\\\/\\\/www.koronakarkonoszy.pl\\\/blog-dla-firm\\\/organizacja-wycieczek-firmowych-sposob-na-integracje-pracownikow\\\/\"]}]},{\"@type\":\"ImageObject\",\"inLanguage\":\"en-GB\",\"@id\":\"https:\\\/\\\/www.koronakarkonoszy.pl\\\/blog-dla-firm\\\/organizacja-wycieczek-firmowych-sposob-na-integracje-pracownikow\\\/#primaryimage\",\"url\":\"https:\\\/\\\/www.koronakarkonoszy.pl\\\/blog-dla-firm\\\/wp-content\\\/uploads\\\/2021\\\/07\\\/organizacja-wycieczek-firmowych.jpg\",\"contentUrl\":\"https:\\\/\\\/www.koronakarkonoszy.pl\\\/blog-dla-firm\\\/wp-content\\\/uploads\\\/2021\\\/07\\\/organizacja-wycieczek-firmowych.jpg\",\"width\":1280,\"height\":853,\"caption\":\"Organizacja wycieczek firmowych w g\u00f3ry\"},{\"@type\":\"BreadcrumbList\",\"@id\":\"https:\\\/\\\/www.koronakarkonoszy.pl\\\/blog-dla-firm\\\/organizacja-wycieczek-firmowych-sposob-na-integracje-pracownikow\\\/#breadcrumb\",\"itemListElement\":[{\"@type\":\"ListItem\",\"position\":1,\"name\":\"Strona g\u0142\u00f3wna\",\"item\":\"https:\\\/\\\/www.koronakarkonoszy.pl\\\/blog-dla-firm\\\/\"},{\"@type\":\"ListItem\",\"position\":2,\"name\":\"Organizacja wycieczek firmowych \u2013 spos\u00f3b na integracj\u0119 pracownik\u00f3w\"}]},{\"@type\":\"WebSite\",\"@id\":\"https:\\\/\\\/www.koronakarkonoszy.pl\\\/blog-dla-firm\\\/#website\",\"url\":\"https:\\\/\\\/www.koronakarkonoszy.pl\\\/blog-dla-firm\\\/\",\"name\":\":: Blog dla firm - szkolenia, zarz\u0105dzanie zespo\u0142em, team building\",\"description\":\"\",\"potentialAction\":[{\"@type\":\"SearchAction\",\"target\":{\"@type\":\"EntryPoint\",\"urlTemplate\":\"https:\\\/\\\/www.koronakarkonoszy.pl\\\/blog-dla-firm\\\/?s={search_term_string}\"},\"query-input\":{\"@type\":\"PropertyValueSpecification\",\"valueRequired\":true,\"valueName\":\"search_term_string\"}}],\"inLanguage\":\"en-GB\"},{\"@type\":\"Person\",\"@id\":\"https:\\\/\\\/www.koronakarkonoszy.pl\\\/blog-dla-firm\\\/#\\\/schema\\\/person\\\/c06752c3cb176906b455582ff7ef925e\",\"name\":\"agnieszka\",\"image\":{\"@type\":\"ImageObject\",\"inLanguage\":\"en-GB\",\"@id\":\"https:\\\/\\\/www.koronakarkonoszy.pl\\\/blog-dla-firm\\\/wp-content\\\/litespeed\\\/avatar\\\/53ee7b676463f74d0aea1a09de3d003b.jpg?ver=1777446304\",\"url\":\"https:\\\/\\\/www.koronakarkonoszy.pl\\\/blog-dla-firm\\\/wp-content\\\/litespeed\\\/avatar\\\/53ee7b676463f74d0aea1a09de3d003b.jpg?ver=1777446304\",\"contentUrl\":\"https:\\\/\\\/www.koronakarkonoszy.pl\\\/blog-dla-firm\\\/wp-content\\\/litespeed\\\/avatar\\\/53ee7b676463f74d0aea1a09de3d003b.jpg?ver=1777446304\",\"caption\":\"agnieszka\"},\"url\":\"https:\\\/\\\/www.koronakarkonoszy.pl\\\/blog-dla-firm\\\/en\\\/author\\\/agnieszka\\\/\"}]}<\/script>\n<!-- \/ Yoast SEO Premium plugin. -->","yoast_head_json":{"title":"Organization of company trips - a way to integrate employees - :: Blog for companies - training, team management, team building","description":"Is organizing company trips giving you a headache? We show you how to do it lightly, easily and pleasantly!","robots":{"index":"index","follow":"follow","max-snippet":"max-snippet:-1","max-image-preview":"max-image-preview:large","max-video-preview":"max-video-preview:-1"},"canonical":"https:\/\/www.koronakarkonoszy.pl\/blog-dla-firm\/en\/organization-of-company-tours-a-way-to-integrate-employees\/","og_locale":"en_GB","og_type":"article","og_title":"Organizacja wycieczek firmowych \u2013 spos\u00f3b na integracj\u0119 pracownik\u00f3w","og_description":"Organizacja wycieczek firmowych przyprawia Ci\u0119 o b\u00f3l g\u0142owy? Podpowiadamy, jak zrobi\u0107 to lekko, \u0142atwo i przyjemnie!","og_url":"https:\/\/www.koronakarkonoszy.pl\/blog-dla-firm\/en\/organization-of-company-tours-a-way-to-integrate-employees\/","og_site_name":":: Blog dla firm - szkolenia, zarz\u0105dzanie zespo\u0142em, team building","article_published_time":"2023-08-09T12:25:38+00:00","article_modified_time":"2024-05-30T14:16:09+00:00","og_image":[{"width":1280,"height":853,"url":"https:\/\/www.koronakarkonoszy.pl\/blog-dla-firm\/wp-content\/uploads\/2021\/07\/organizacja-wycieczek-firmowych.jpg","type":"image\/jpeg"}],"author":"agnieszka","twitter_card":"summary_large_image","twitter_misc":{"Written by":"agnieszka","Estimated reading time":"6 minutes"},"schema":{"@context":"https:\/\/schema.org","@graph":[{"@type":"Article","@id":"https:\/\/www.koronakarkonoszy.pl\/blog-dla-firm\/organizacja-wycieczek-firmowych-sposob-na-integracje-pracownikow\/#article","isPartOf":{"@id":"https:\/\/www.koronakarkonoszy.pl\/blog-dla-firm\/organizacja-wycieczek-firmowych-sposob-na-integracje-pracownikow\/"},"author":{"name":"agnieszka","@id":"https:\/\/www.koronakarkonoszy.pl\/blog-dla-firm\/#\/schema\/person\/c06752c3cb176906b455582ff7ef925e"},"headline":"Organizacja wycieczek firmowych \u2013 spos\u00f3b na integracj\u0119 pracownik\u00f3w","datePublished":"2023-08-09T12:25:38+00:00","dateModified":"2024-05-30T14:16:09+00:00","mainEntityOfPage":{"@id":"https:\/\/www.koronakarkonoszy.pl\/blog-dla-firm\/organizacja-wycieczek-firmowych-sposob-na-integracje-pracownikow\/"},"wordCount":976,"image":{"@id":"https:\/\/www.koronakarkonoszy.pl\/blog-dla-firm\/organizacja-wycieczek-firmowych-sposob-na-integracje-pracownikow\/#primaryimage"},"thumbnailUrl":"https:\/\/www.koronakarkonoszy.pl\/blog-dla-firm\/wp-content\/uploads\/2021\/07\/organizacja-wycieczek-firmowych.jpg","articleSection":["Imprezy firmowe","Integracja","Porady"],"inLanguage":"en-GB"},{"@type":"WebPage","@id":"https:\/\/www.koronakarkonoszy.pl\/blog-dla-firm\/organizacja-wycieczek-firmowych-sposob-na-integracje-pracownikow\/","url":"https:\/\/www.koronakarkonoszy.pl\/blog-dla-firm\/organizacja-wycieczek-firmowych-sposob-na-integracje-pracownikow\/","name":"Organization of company trips - a way to integrate employees - :: Blog for companies - training, team management, team building","isPartOf":{"@id":"https:\/\/www.koronakarkonoszy.pl\/blog-dla-firm\/#website"},"primaryImageOfPage":{"@id":"https:\/\/www.koronakarkonoszy.pl\/blog-dla-firm\/organizacja-wycieczek-firmowych-sposob-na-integracje-pracownikow\/#primaryimage"},"image":{"@id":"https:\/\/www.koronakarkonoszy.pl\/blog-dla-firm\/organizacja-wycieczek-firmowych-sposob-na-integracje-pracownikow\/#primaryimage"},"thumbnailUrl":"https:\/\/www.koronakarkonoszy.pl\/blog-dla-firm\/wp-content\/uploads\/2021\/07\/organizacja-wycieczek-firmowych.jpg","datePublished":"2023-08-09T12:25:38+00:00","dateModified":"2024-05-30T14:16:09+00:00","author":{"@id":"https:\/\/www.koronakarkonoszy.pl\/blog-dla-firm\/#\/schema\/person\/c06752c3cb176906b455582ff7ef925e"},"description":"Is organizing company trips giving you a headache? We show you how to do it lightly, easily and pleasantly!","breadcrumb":{"@id":"https:\/\/www.koronakarkonoszy.pl\/blog-dla-firm\/organizacja-wycieczek-firmowych-sposob-na-integracje-pracownikow\/#breadcrumb"},"inLanguage":"en-GB","potentialAction":[{"@type":"ReadAction","target":["https:\/\/www.koronakarkonoszy.pl\/blog-dla-firm\/organizacja-wycieczek-firmowych-sposob-na-integracje-pracownikow\/"]}]},{"@type":"ImageObject","inLanguage":"en-GB","@id":"https:\/\/www.koronakarkonoszy.pl\/blog-dla-firm\/organizacja-wycieczek-firmowych-sposob-na-integracje-pracownikow\/#primaryimage","url":"https:\/\/www.koronakarkonoszy.pl\/blog-dla-firm\/wp-content\/uploads\/2021\/07\/organizacja-wycieczek-firmowych.jpg","contentUrl":"https:\/\/www.koronakarkonoszy.pl\/blog-dla-firm\/wp-content\/uploads\/2021\/07\/organizacja-wycieczek-firmowych.jpg","width":1280,"height":853,"caption":"Organizacja wycieczek firmowych w g\u00f3ry"},{"@type":"BreadcrumbList","@id":"https:\/\/www.koronakarkonoszy.pl\/blog-dla-firm\/organizacja-wycieczek-firmowych-sposob-na-integracje-pracownikow\/#breadcrumb","itemListElement":[{"@type":"ListItem","position":1,"name":"Strona g\u0142\u00f3wna","item":"https:\/\/www.koronakarkonoszy.pl\/blog-dla-firm\/"},{"@type":"ListItem","position":2,"name":"Organizacja wycieczek firmowych \u2013 spos\u00f3b na integracj\u0119 pracownik\u00f3w"}]},{"@type":"WebSite","@id":"https:\/\/www.koronakarkonoszy.pl\/blog-dla-firm\/#website","url":"https:\/\/www.koronakarkonoszy.pl\/blog-dla-firm\/","name":":: Blog for companies - training, team management, team building","description":"","potentialAction":[{"@type":"SearchAction","target":{"@type":"EntryPoint","urlTemplate":"https:\/\/www.koronakarkonoszy.pl\/blog-dla-firm\/?s={search_term_string}"},"query-input":{"@type":"PropertyValueSpecification","valueRequired":true,"valueName":"search_term_string"}}],"inLanguage":"en-GB"},{"@type":"Person","@id":"https:\/\/www.koronakarkonoszy.pl\/blog-dla-firm\/#\/schema\/person\/c06752c3cb176906b455582ff7ef925e","name":"Agnes","image":{"@type":"ImageObject","inLanguage":"en-GB","@id":"https:\/\/www.koronakarkonoszy.pl\/blog-dla-firm\/wp-content\/litespeed\/avatar\/53ee7b676463f74d0aea1a09de3d003b.jpg?ver=1777446304","url":"https:\/\/www.koronakarkonoszy.pl\/blog-dla-firm\/wp-content\/litespeed\/avatar\/53ee7b676463f74d0aea1a09de3d003b.jpg?ver=1777446304","contentUrl":"https:\/\/www.koronakarkonoszy.pl\/blog-dla-firm\/wp-content\/litespeed\/avatar\/53ee7b676463f74d0aea1a09de3d003b.jpg?ver=1777446304","caption":"agnieszka"},"url":"https:\/\/www.koronakarkonoszy.pl\/blog-dla-firm\/en\/author\/agnieszka\/"}]}},"_links":{"self":[{"href":"https:\/\/www.koronakarkonoszy.pl\/blog-dla-firm\/en\/wp-json\/wp\/v2\/posts\/643","targetHints":{"allow":["GET"]}}],"collection":[{"href":"https:\/\/www.koronakarkonoszy.pl\/blog-dla-firm\/en\/wp-json\/wp\/v2\/posts"}],"about":[{"href":"https:\/\/www.koronakarkonoszy.pl\/blog-dla-firm\/en\/wp-json\/wp\/v2\/types\/post"}],"author":[{"embeddable":true,"href":"https:\/\/www.koronakarkonoszy.pl\/blog-dla-firm\/en\/wp-json\/wp\/v2\/users\/11"}],"replies":[{"embeddable":true,"href":"https:\/\/www.koronakarkonoszy.pl\/blog-dla-firm\/en\/wp-json\/wp\/v2\/comments?post=643"}],"version-history":[{"count":2,"href":"https:\/\/www.koronakarkonoszy.pl\/blog-dla-firm\/en\/wp-json\/wp\/v2\/posts\/643\/revisions"}],"predecessor-version":[{"id":9864,"href":"https:\/\/www.koronakarkonoszy.pl\/blog-dla-firm\/en\/wp-json\/wp\/v2\/posts\/643\/revisions\/9864"}],"wp:featuredmedia":[{"embeddable":true,"href":"https:\/\/www.koronakarkonoszy.pl\/blog-dla-firm\/en\/wp-json\/wp\/v2\/media\/645"}],"wp:attachment":[{"href":"https:\/\/www.koronakarkonoszy.pl\/blog-dla-firm\/en\/wp-json\/wp\/v2\/media?parent=643"}],"wp:term":[{"taxonomy":"category","embeddable":true,"href":"https:\/\/www.koronakarkonoszy.pl\/blog-dla-firm\/en\/wp-json\/wp\/v2\/categories?post=643"}],"curies":[{"name":"wp","href":"https:\/\/api.w.org\/{rel}","templated":true}]}}