{"id":560,"date":"2024-06-28T18:41:00","date_gmt":"2024-06-28T16:41:00","guid":{"rendered":"https:\/\/www.koronakarkonoszy.pl\/blog-dla-firm\/?p=560"},"modified":"2025-04-18T09:24:42","modified_gmt":"2025-04-18T07:24:42","slug":"wyjazd-integracyjny-w-gorach","status":"publish","type":"post","link":"https:\/\/www.koronakarkonoszy.pl\/blog-dla-firm\/en\/wyjazd-integracyjny-w-gorach\/","title":{"rendered":"Integration trip in the mountains \u2013 create unforgettable experiences!"},"content":{"rendered":"\n<p>Integracja,&nbsp;team building, tworzenie wi\u0119zi w zespole \u2013 te idee w ostatnich latach zyska\u0142y ogromn\u0105 popularno\u015b\u0107 w\u015br\u00f3d firm i przedsi\u0119biorc\u00f3w na ca\u0142ym \u015bwiecie. Okaza\u0142o si\u0119 bowiem, \u017ce eventy integracyjne bardzo wyra\u017anie przyczyniaj\u0105 si\u0119 do podniesienia produktywno\u015bci i zaanga\u017cowania pracownik\u00f3w w codzienne obowi\u0105zki. Jest to te\u017c \u015bwietny spos\u00f3b na odstresowania i roz\u0142adowanie napi\u0119cia w zespole. Jednym z najpopularniejszych jest wyjazd integracyjny w g\u00f3rach. Dlaczego?<\/p>\n\n\n\n<h3 class=\"wp-block-heading\" id=\"h-czego-sie-dowiesz-z-artykulu\">Czego si\u0119 dowiesz z artyku\u0142u?<\/h3>\n\n\n\n<p>Czy zastanawiali\u015bcie si\u0119 kiedy\u015b, dlaczego wyjazdy integracyjne w g\u00f3rach ciesz\u0105 si\u0119 tak du\u017c\u0105 popularno\u015bci\u0105? To nie tylko okazja do oderwania si\u0119 od codziennych obowi\u0105zk\u00f3w i podziwiania malowniczych krajobraz\u00f3w, ale przede wszystkim doskona\u0142y spos\u00f3b na wzmocnienie wi\u0119zi w zespole. Firmowe imprezy integracyjne zdaj\u0105 egzamin jako narz\u0119dzie budowania relacji mi\u0119dzy pracownikami, co przek\u0142ada si\u0119 na zwi\u0119kszenie efektywno\u015bci pracy i lepsz\u0105 atmosfer\u0119 w biurze. W tym artykule przyjrzymy si\u0119, dlaczego warto zorganizowa\u0107 wyjazd integracyjny w g\u00f3ry, jakie atrakcje mo\u017cna w\u0142\u0105czy\u0107 do programu oraz jak skutecznie przeprowadzi\u0107 elementy team buildingu, aby odnie\u015b\u0107 maksymalne korzy\u015bci z takiego przedsi\u0119wzi\u0119cia. Dowiesz si\u0119 tak\u017ce, jak urozmaici\u0107 wyjazd poprzez tematyczne imprezy, ile kosztuje organizacja takiego eventu oraz jak prawid\u0142owo rozliczy\u0107 firmowy wyjazd w g\u00f3ry. Przygotujcie si\u0119 na pe\u0142n\u0105 inspiracji podr\u00f3\u017c po \u015bwiecie firmowych wyjazd\u00f3w integracyjnych!<\/p>\n\n\n<div id=\"ariadna-block_08816a61fcd5677cdf9986d3c6dd9419\" class=\"ariadna\">\n    <ul><li><a href=\"#h-wyjazd-integracyjny-w-gorach-co-w-nim-tak-urzeka\">Wyjazd integracyjny w g\u00f3rach &#8211; co w nim tak urzeka?<\/a><\/li><li><a href=\"#h-dlaczego-firmowe-imprezy-integracyjne-maja-duze-znaczenie\">Dlaczego firmowe imprezy integracyjne maj\u0105 du\u017ce znaczenie?<\/a><\/li><li><a href=\"#h-integracyjny-wyjazd-firmowy-atrakcje\">Integracyjny <a href=\"https:\/\/www.koronakarkonoszy.pl\/blog-dla-firm\/wyjazd-firmowy\/\" class=\"links-placer\">wyjazd firmowy &#8211; atrakcje<\/a><\/li><li><a href=\"#h-wyjazd-integracyjny-w-gorach-z-elementami-team-buildingu\">Wyjazd integracyjny w g\u00f3rach z elementami team buildingu<\/a><\/li><li><a href=\"#h-sposob-na-urozmaicenie-wyjazdu-integracyjnego-w-gory-impreza-tematyczna\">Spos\u00f3b na urozmaicenie wyjazdu integracyjnego w g\u00f3ry \u2013 impreza tematyczna<\/a><\/li><li><a href=\"#ha-team-building-w-gorach-pomysly\">Team building w g\u00f3rach &#8211; pomys\u0142y<\/a><\/li><li><a href=\"#h-jak-zorganizowac-wyjazd-integracyjny-w-gory\">Jak zorganizowa\u0107 wyjazd integracyjny w g\u00f3ry?<\/a><\/li><li><a href=\"#h-ile-kosztuje-wyjazd-integracyjny-w-gory\">Ile kosztuje wyjazd integracyjny w g\u00f3ry?<\/a><\/li><li><a href=\"#ha-integracja-firmowa-w-gorach-korzysci-dla-zespolu\">Integracja firmowa w g\u00f3rach \u2013 korzy\u015bci dla zespo\u0142u<\/a><\/li><li><a href=\"#ha-pomysly-na-imprezy-integracyjne-w-gorach\">Pomys\u0142y na imprezy integracyjne w g\u00f3rach<\/a><\/li><li><a href=\"#ha-integracja-na-lonie-natury-integracja-firmowa-w-gorach\">Integracja na \u0142onie natury \u2013 integracja firmowa w g\u00f3rach<\/a><\/li><li><a href=\"#ha-imprezy-integracyjne-w-gorach-scenariusze-wieczornych-atrakcji\">Imprezy integracyjne w g\u00f3rach \u2013 scenariusze wieczornych atrakcji<\/a><\/li><li><a href=\"#ha-aktywnosci-zespolowe-na-swiezym-powietrzu-impreza-integracyjna-w-gorach\">Aktywno\u015bci zespo\u0142owe na \u015bwie\u017cym powietrzu \u2013 impreza integracyjna w g\u00f3rach<\/a><\/li><li><a href=\"#ha-wspomnienia-z-wyjazdu-integracyjnego-w-gory\">Wspomnienia z wyjazdu integracyjnego w g\u00f3ry<\/a><\/li><li><a href=\"#ha-wybor-miejsca-na-wyjazd-integracyjny-w-gory\">Wyb\u00f3r miejsca na wyjazd integracyjny w g\u00f3ry<\/a><\/li><li><a href=\"#ha-czy-wyjazd-integracyjny-w-gory-sprawdzi-sie-w-kazdej-branzy\">Czy wyjazd integracyjny w g\u00f3ry sprawdzi si\u0119 w ka\u017cdej bran\u017cy?<\/a><\/li><li><a href=\"#ha-integracja-miedzypokoleniowa-a-imprezy-integracyjne-w-gorach\">Integracja mi\u0119dzypokoleniowa a imprezy integracyjne w g\u00f3rach<\/a><\/li><li><a href=\"#ha-dlaczego-wyjazd-integracyjny-w-gory-sprzyja-budowaniu-relacji-w-zespole\">Dlaczego wyjazd integracyjny w g\u00f3ry sprzyja budowaniu relacji w zespole?<\/a><\/li><li><a href=\"#ha-jak-dopasowac-spotkania-integracyjne-w-gorach-do-charakteru-firmy\">Jak dopasowa\u0107 spotkania integracyjne w g\u00f3rach do charakteru firmy?<\/a><\/li><li><a href=\"#ha-imprezy-integracyjne-w-gorach-zima-vs-latem-jakie-sa-kluczowe-roznice\">Imprezy integracyjne w g\u00f3rach zim\u0105 vs latem \u2013 jakie s\u0105 kluczowe r\u00f3\u017cnice?<\/a><\/li><li><a href=\"#h-jak-rozliczyc-wyjazd-firmowy-w-gory\">Jak rozliczy\u0107 wyjazd firmowy w g\u00f3ry?<\/a><\/li><\/ul>\n<\/div>\n\n\n\n\n\n\n<h2 class=\"wp-block-heading\" id=\"h-wyjazd-integracyjny-w-gorach-co-w-nim-tak-urzeka\">Wyjazd integracyjny w g\u00f3rach &#8211; co w nim tak urzeka?<\/h2>\n\n\n\n<p>Tereny g\u00f3rskie od zawsze przyci\u0105gaj\u0105 turyst\u00f3w pi\u0119knymi widokami, dzik\u0105 przyrod\u0105 i ciekawymi atrakcjami. Decyduj\u0105c si\u0119 na wyjazd integracyjny w g\u00f3rach b\u0119dziemy mie\u0107 du\u017co wi\u0119cej mo\u017cliwo\u015bci, ni\u017c w innych rejonach kraju. Na czo\u0142o wysuwa si\u0119 tu oczywi\u015bcie jazda na nartach, zar\u00f3wno po wyznaczonych trasach, jak i stokach narciarskich (niekt\u00f3re z nich czynne s\u0105 ca\u0142y rok). Do tego dochodz\u0105 sporty i zaj\u0119cia typowo zimowe, kt\u00f3re zyskuj\u0105 na atrakcyjno\u015bci w\u0142a\u015bnie w g\u00f3rach: kulig, jazda na saniach czy skuterach \u015bnie\u017cnych, wsp\u00f3lne lepienie ba\u0142wana, konkurs lodowej rze\u017aby czy bitwa na \u015bnie\u017cki.<\/p>\n\n\n\n<p><strong><a href=\"https:\/\/www.koronakarkonoszy.pl\/konfigurator-imprez\/\">KLIKNIJ<\/a><\/strong>&nbsp;poni\u017cej w banner Konfigurator Imprez Firmowych<\/p>\n\n\n\n<figure class=\"wp-block-image\"><a href=\"https:\/\/www.koronakarkonoszy.pl\/konfigurator-imprez\/\" target=\"_blank\" rel=\"noreferrer noopener\"><img decoding=\"async\" src=\"https:\/\/commplace.pl\/blog\/wp-content\/uploads\/2024\/03\/banner_konfigurator-imprez-1600x900.jpg\" alt=\"\" class=\"wp-image-23244\"\/><\/a><\/figure>\n\n\n\n<p><strong><a href=\"https:\/\/www.koronakarkonoszy.pl\/konfigurator-imprez\/\">KLIKNIJ<\/a><\/strong>&nbsp;powy\u017cej w banner Konfigurator Imprez Firmowych<\/p>\n\n\n\n<p>Warto taki g\u00f3rski wyjazd po\u0142\u0105czy\u0107 z innymi atrakcjami, kt\u00f3re tak\u017ce sprzyjaj\u0105 integracji zespo\u0142u. Jak radzi Joanna Hoc-Kopiej, ekspertka eventowa z Dworu Korona Karkonoszy w Sosn\u00f3wce: \u201eZ naszego do\u015bwiadczenia wynika, \u017ce najlepiej sprawdzaj\u0105 si\u0119 kilkudniowe wyjazdy integracyjne. Zaj\u0119cia wymagaj\u0105ce du\u017cej aktywno\u015bci dobrze jest \u0142\u0105czy\u0107 z mniej intensywnymi, na przyk\u0142ad wsp\u00f3lnym \u015bpiewaniem przy ognisku z kie\u0142baskami podczas <a href=\"https:\/\/www.koronakarkonoszy.pl\/blog-dla-firm\/pikniki-firmowe-jak-je-organizowac\/\"><strong>pikniku firmowego<\/strong><\/a>, staropolsk\u0105 uczt\u0105 czy biesiad\u0105 piwn\u0105\u201d \u2013 dodaje do\u015bwiadczona organizatorka imprez firmowych.&nbsp;<\/p>\n\n\n\n<figure class=\"wp-block-image size-full\"><a href=\"https:\/\/www.koronakarkonoszy.pl\/imprezy-firmowe\/\" target=\"_blank\" rel=\"noreferrer noopener\"><img loading=\"lazy\" decoding=\"async\" width=\"1024\" height=\"683\" src=\"https:\/\/www.koronakarkonoszy.pl\/blog-dla-firm\/wp-content\/uploads\/2021\/07\/Zabawy-teambuildingowe.jpg\" alt=\"\" class=\"wp-image-494\" srcset=\"https:\/\/www.koronakarkonoszy.pl\/blog-dla-firm\/wp-content\/uploads\/2021\/07\/Zabawy-teambuildingowe.jpg 1024w, https:\/\/www.koronakarkonoszy.pl\/blog-dla-firm\/wp-content\/uploads\/2021\/07\/Zabawy-teambuildingowe-300x200.jpg 300w, https:\/\/www.koronakarkonoszy.pl\/blog-dla-firm\/wp-content\/uploads\/2021\/07\/Zabawy-teambuildingowe-768x512.jpg 768w\" sizes=\"auto, (max-width: 1024px) 100vw, 1024px\" \/><\/a><figcaption class=\"wp-element-caption\"><strong>Firmowe imprezy integracyjne&nbsp;&#8211; warsztaty kulinarne,<\/strong> <strong>Dw\u00f3r Korona Karkonoszy, <a href=\"https:\/\/www.koronakarkonoszy.pl\/blog-atrakcje\/sosnowka\/\" class=\"links-placer\">Sosn\u00f3wka<\/a> <\/strong> <\/figcaption><\/figure>\n\n\n\n<p>Na popularno\u015bci zyskuje tak\u017ce <strong>wsp\u00f3lne obchodzenie r\u00f3\u017cnych \u015bwi\u0105t i jubileuszy w firmach<\/strong>, cho\u0107by <a href=\"https:\/\/www.koronakarkonoszy.pl\/blog-dla-firm\/wigilia-firmowa-jak-gdzie-i-kiedy-zorganizowac-niezapomniana-impreze\/\"><strong>wigilia firmowa<\/strong><\/a> z uroczyst\u0105 kolacj\u0105, albo <a href=\"https:\/\/www.koronakarkonoszy.pl\/blog-dla-firm\/impreza-w-stylu-lat-20\/\"><strong>zabawa karnawa\u0142owa w stylu lat 20<\/strong><\/a>. z ta\u0144cami do bia\u0142ego rana. Warto te okazje wzbogaci\u0107 o dodatkowe, typowo team buildingowe atrakcje i zaj\u0119cia, aby w pe\u0142ni wykorzysta\u0107 tkwi\u0105cy w nich potencja\u0142.<\/p>\n\n\n<section id=\"leonardo-block_09e30b01badb48c03fed5b46ee39e66d\" class=\"leonardo page-breaker leonardo-image-left\">\n    <div class=\"leonardo-body\">\n        <h2 class=\"leonardo-title\" id=\"h-dlaczego-firmowe-imprezy-integracyjne-maja-duze-znaczenie\">Dlaczego firmowe imprezy integracyjne maj\u0105 du\u017ce znaczenie?<\/h2>        <div class=\"leonardo-content\"><p>Firmowe imprezy integracyjne dzi\u015b s\u0105 ju\u017c standardem funkcjonowania wi\u0119kszo\u015bci firm. Wynika to nie tylko z konieczno\u015bci integrowania zespo\u0142\u00f3w pracowniczych, ale tak\u017ce z potrzeby zatrzymania najbardziej warto\u015bciowych os\u00f3b w firmie. Jak wynika z og\u00f3lno\u015bwiatowych bada\u0144, tylko 13% wszystkich pracownik\u00f3w czerpie prawdziw\u0105 satysfakcj\u0119 z wykonywanej pracy. A to oznacza, \u017ce zdecydowana wi\u0119kszo\u015b\u0107 pracownik\u00f3w nie wk\u0142ada serca w wykonywane zadania. O ile w krajach, gdzie trudno jest o prac\u0119, przedsi\u0119biorcy i korporacje i tak maj\u0105 ch\u0119tnych do zatrudnienia, to w bogatszych krajach jest ju\u017c zgo\u0142a inaczej.<\/p>\n<p>Ten trend widoczny jest r\u00f3wnie\u017c w Polsce, gdzie bezrobocie jest niewielkie. Dlatego trzeba bardziej zadba\u0107 o pracownika. A jego pozyskanie i wyszkolenie jest do\u015b\u0107 kosztowne. Tym bardziej op\u0142aca si\u0119 wi\u0119c do\u0142o\u017cy\u0107 stara\u0144, by wyszkolonych pracownik\u00f3w utrzyma\u0107 w firmie. St\u0105d te\u017c tak popularne s\u0105 r\u00f3\u017cnego rodzaju wyjazdy integracyjne, imprezy firmowe i motywacyjne, <strong><a href=\"https:\/\/www.koronakarkonoszy.pl\/blog-dla-firm\/warsztaty-integracyjne\/\">warsztaty integracyjne<\/a><\/strong>, eventy oraz szkolenia. A wi\u0119c je\u015bli widzisz, \u017ce jest <strong><a href=\"https:\/\/www.koronakarkonoszy.pl\/blog-dla-firm\/zla-atmosfera-w-pracy\/\" target=\"_blank\" rel=\"noopener\">z\u0142a atmosfera w pracy<\/a><\/strong>, zdecyduj si\u0119 na zorganizowanie imprezy integracyjnej.<\/p>\n<\/div>\n            <\/div>\n    <div class=\"leonardo-image\">\n        <img loading=\"lazy\" decoding=\"async\" width=\"2560\" height=\"1707\" src=\"https:\/\/www.koronakarkonoszy.pl\/blog-dla-firm\/wp-content\/uploads\/2022\/12\/kasyno-scaled.jpg\" class=\"attachment-full size-full\" alt=\"Atrakcje na imprezy firmowe - kasyno\" srcset=\"https:\/\/www.koronakarkonoszy.pl\/blog-dla-firm\/wp-content\/uploads\/2022\/12\/kasyno-scaled.jpg 2560w, https:\/\/www.koronakarkonoszy.pl\/blog-dla-firm\/wp-content\/uploads\/2022\/12\/kasyno-300x200.jpg 300w, https:\/\/www.koronakarkonoszy.pl\/blog-dla-firm\/wp-content\/uploads\/2022\/12\/kasyno-1024x683.jpg 1024w, https:\/\/www.koronakarkonoszy.pl\/blog-dla-firm\/wp-content\/uploads\/2022\/12\/kasyno-768x512.jpg 768w, https:\/\/www.koronakarkonoszy.pl\/blog-dla-firm\/wp-content\/uploads\/2022\/12\/kasyno-1920x1280.jpg 1920w, https:\/\/www.koronakarkonoszy.pl\/blog-dla-firm\/wp-content\/uploads\/2022\/12\/kasyno-1536x1024.jpg 1536w, https:\/\/www.koronakarkonoszy.pl\/blog-dla-firm\/wp-content\/uploads\/2022\/12\/kasyno-2048x1365.jpg 2048w\" sizes=\"auto, (max-width: 2560px) 100vw, 2560px\" \/>            <\/div>\n<\/section>\n\n\n<h3 class=\"wp-block-heading\" id=\"h-wyjazdy-integracyjne-dla-firm\">Wyjazdy integracyjne dla firm<\/h3>\n\n\n\n<p>Oczywi\u015bcie g\u00f3ry to doskona\u0142e miejsce na <a href=\"https:\/\/www.koronakarkonoszy.pl\/blog-dla-firm\/organizacja-imprez-integracyjnych\/\" class=\"links-placer\">imprezy integracyjne dla firm<\/a> nie tylko zim\u0105, ale przez ca\u0142y rok. Teren pozwala na organizacj\u0119 r\u00f3\u017cnego typu bieg\u00f3w z przeszkodami z elementami wspinaczki, czy te\u017c wypraw survivalowych z opiekunem. Tego rodzaju eventy to \u015bwietny sprawdzian silnej woli i wsp\u00f3\u0142pracy w dru\u017cynie, wymagaj\u0105 jednak one od uczestnik\u00f3w stosunkowo dobrej kondycji i stanu zdrowia, nie b\u0119d\u0105 wi\u0119c odpowiednie dla wszystkich. Spokojniejsz\u0105 form\u0105 integracji mog\u0105 by\u0107 r\u00f3\u017cnego rodzaju wycieczki (piesze, rowerowe lub autokarowe). Wyjazdy z przewodnikiem pomog\u0105 nam odkry\u0107 najciekawsze zabytki przyrodnicze, architektoniczne i historyczne regionu.&nbsp;<\/p>\n\n\n<section id=\"leonardo-block_80a7bfec72f095868b5e2d844b286ee8\" class=\"leonardo page-breaker leonardo-image-right\">\n    <div class=\"leonardo-body\">\n        <h2 class=\"leonardo-title\" id=\"h-integracyjny-wyjazd-firmowy-atrakcje\">Integracyjny <a href=\"https:\/\/www.koronakarkonoszy.pl\/blog-dla-firm\/wyjazd-firmowy\/\" class=\"links-placer\">wyjazd firmowy<\/a> &#8211; atrakcje <\/h2>        <div class=\"leonardo-content\"><p>W g\u00f3rach znajdziemy specjalnie przygotowane trasy o r\u00f3\u017cnym poziomie trudno\u015bci i czasie potrzebnym na ich pokonanie. <strong>Organizatorzy event\u00f3w integracyjnych oferuj\u0105 te\u017c czasem specjalne wycieczki tematyczne lub dodatkowe atrakcje.<\/strong> Dw\u00f3r Korona Karkonoszy zaprasza na przyk\u0142ad na odkrywanie tajemnic nieczynnej kopalni uranu, dru\u017cynowe <strong><a href=\"https:\/\/www.koronakarkonoszy.pl\/blog-dla-firm\/gra-poszukiwacze-skarbow\/\" target=\"_blank\" rel=\"noopener\">poszukiwanie skarb\u00f3w<\/a><\/strong> na zamku Chojnik czy podr\u00f3\u017c szlakiem lokalnego rzemios\u0142a. Niezapomnianym do\u015bwiadczeniem, kt\u00f3re na pewno podniesie wszystkim poziom adrenaliny jest te\u017c lot balonem czy \u015bmig\u0142owcem. G\u00f3rskie pejza\u017ce widziane z lotu ptaka to prze\u017cycie, kt\u00f3re pozostaje z nami na zawsze.<\/p>\n<\/div>\n                    <aside class=\"leonardo-interlink\">\n                <b>Polecamy<\/b>\n                <a href=\"https:\/\/www.koronakarkonoszy.pl\/blog-dla-firm\/en\/efektywna-praca-w-zespole\/\">Efektywna praca w zespole &#8211; warunek sukcesu ka\u017cdej firmy?<\/a>\n            <\/aside>\n            <\/div>\n    <div class=\"leonardo-image\">\n        <img loading=\"lazy\" decoding=\"async\" width=\"1024\" height=\"768\" src=\"https:\/\/www.koronakarkonoszy.pl\/blog-dla-firm\/wp-content\/uploads\/2021\/07\/Wyjazd-integracyjny-w-gorach2.jpg\" class=\"attachment-full size-full\" alt=\"Wyjazd integracyjny - lot helikopterem\" srcset=\"https:\/\/www.koronakarkonoszy.pl\/blog-dla-firm\/wp-content\/uploads\/2021\/07\/Wyjazd-integracyjny-w-gorach2.jpg 1024w, https:\/\/www.koronakarkonoszy.pl\/blog-dla-firm\/wp-content\/uploads\/2021\/07\/Wyjazd-integracyjny-w-gorach2-300x225.jpg 300w, https:\/\/www.koronakarkonoszy.pl\/blog-dla-firm\/wp-content\/uploads\/2021\/07\/Wyjazd-integracyjny-w-gorach2-768x576.jpg 768w\" sizes=\"auto, (max-width: 1024px) 100vw, 1024px\" \/>            <\/div>\n<\/section>\n\n\n<p>Eventy team buildingowe nie trac\u0105 na popularno\u015bci, a po\u0142\u0105czenie przyjemnego z po\u017cytecznym przyci\u0105ga coraz wi\u0119cej firm. Wyjazd integracyjny w g\u00f3rach to najlepsza opcja dla wszystkich, kt\u00f3rym zale\u017cy na jak najlepszym wykorzystaniu tego wsp\u00f3lnego czasu.<\/p>\n\n\n<section id=\"leonardo-block_c145e4d08721cc6d3984ea6b335be739\" class=\"leonardo page-breaker leonardo-image-left\">\n    <div class=\"leonardo-body\">\n                <div class=\"leonardo-content\"><p><!-- wp:heading --><\/p>\n<p>Organizacji wyjazdu firmowego zawsze towarzyszy pewne napi\u0119cie i pytanie, czy na pewno wszystko si\u0119 uda. Zw\u0142aszcza je\u015bli integracyjny wyjazd firmowy musia\u0142 przygotowa\u0107 kto\u015b bez do\u015bwiadczenia w tym wzgl\u0119dzie. Najpro\u015bciej jest taki wyjazd przygotowa\u0107 w obiekcie konferencyjnym, specjalizuj\u0105cym si\u0119 na przyk\u0142ad w team buildingu. Wtedy kupuj\u0105c us\u0142ug\u0119 imprezy firmowej, mo\u017cna od razu w pakiecie zam\u00f3wi\u0107 gry integracyjne, ognisko firmowe, uroczyst\u0105 kolacj\u0119, <strong><a href=\"https:\/\/www.koronakarkonoszy.pl\/blog-dla-firm\/bal-firmowy\/\" target=\"_blank\" rel=\"noopener\">bal firmowy<\/a><\/strong> lub inne <a href=\"https:\/\/www.koronakarkonoszy.pl\/blog-dla-firm\/atrakcje-eventowe\/\" class=\"links-placer\">atrakcje eventowe<\/a>. W dodatku do\u015bwiadczona <strong><a href=\"https:\/\/www.koronakarkonoszy.pl\/blog-dla-firm\/firma-eventowa\/\">firma eventowa<\/a><\/strong> potrafi dobra\u0107 aktywno\u015bci do charakteru grupy i celu wyjazdy firmowego.<\/p>\n<p><!-- \/wp:paragraph --><\/p>\n<\/div>\n                    <aside class=\"leonardo-interlink\">\n                <b>Polecamy<\/b>\n                <a href=\"https:\/\/www.koronakarkonoszy.pl\/blog-dla-firm\/en\/cwiczenia-na-warsztaty-z-motywacji\/\">\u0106wiczenia na warsztaty z motywacji &#8211; poznaj ich moc!<\/a>\n            <\/aside>\n            <\/div>\n    <div class=\"leonardo-image\">\n        <img loading=\"lazy\" decoding=\"async\" width=\"840\" height=\"560\" src=\"https:\/\/www.koronakarkonoszy.pl\/blog-dla-firm\/wp-content\/uploads\/2021\/05\/Samotnia-Karkonosze-Dwor-Korona-Karkonoszy.jpg\" class=\"attachment-full size-full\" alt=\"Schronisko Samotnia, Karkonosze\" srcset=\"https:\/\/www.koronakarkonoszy.pl\/blog-dla-firm\/wp-content\/uploads\/2021\/05\/Samotnia-Karkonosze-Dwor-Korona-Karkonoszy.jpg 840w, https:\/\/www.koronakarkonoszy.pl\/blog-dla-firm\/wp-content\/uploads\/2021\/05\/Samotnia-Karkonosze-Dwor-Korona-Karkonoszy-300x200.jpg 300w, https:\/\/www.koronakarkonoszy.pl\/blog-dla-firm\/wp-content\/uploads\/2021\/05\/Samotnia-Karkonosze-Dwor-Korona-Karkonoszy-768x512.jpg 768w\" sizes=\"auto, (max-width: 840px) 100vw, 840px\" \/>            <\/div>\n<\/section>\n\n\n<h2 class=\"wp-block-heading\" id=\"h-wyjazd-integracyjny-w-gorach-z-elementami-team-buildingu\">Wyjazd integracyjny w g\u00f3rach z elementami team buildingu<\/h2>\n\n\n\n<p>Warto po\u0142\u0105czy\u0107 przyjemne z po\u017cytecznym i wzbogaci\u0107 wyjazd integracyjny w g\u00f3ry o <strong>elementy team buildingu.<\/strong> Dlaczego? Bo dobrze przeprowadzony <a href=\"https:\/\/www.koronakarkonoszy.pl\/blog-dla-firm\/15-niezawodnych-zabaw-team-buildingowych-ktore-przypadna-do-gustu-pracownikom\/\">team building<\/a> przynosi mn\u00f3stwo korzy\u015bci! Jego celem jest budowa silnego zespo\u0142u pracowniczego, kt\u00f3ry sprawnie i efektywnie wykonuje wszystkie zadania s\u0142u\u017cbowe, potrafi szybko rozwi\u0105za\u0107 wszelkie problemy, ma motywacj\u0119 do dzia\u0142ania i dzi\u0119ki temu odnosi sukcesy w bran\u017cy. <a href=\"https:\/\/www.koronakarkonoszy.pl\/blog-dla-firm\/15-zabaw-team-buildingowych\/\" class=\"links-placer\">Team building<\/a> uczy komunikacji, rozlu\u017ania atmosfer\u0119 i wzmacnia wi\u0119zi.<\/p>\n\n\n\n<style>\n    .cta_block{\n        margin: 1.5em 0;\n    }\n    .cta_block_content {\n        position: relative;\n        color: white;\n        padding: 1em;\n    }\n    .cta_block_content h3{\n        text-align: center;\n        font: normal normal normal 36px\/50px Yeseva One;\n    }\n    .cta_block_content .cta_block_desc{\n        text-align: center;\n        font-size: 1.1em;\n        position: relative;\n    }\n    .cta_block_content .cta_block_desc:before {\n        content: '';\n        width: 80px;\n        height: 4px;\n        background: #EEB315;\n        position: absolute;\n        left: 0;\n        right: 0;\n        margin-left: auto;\n        margin-right: auto;\n        top: -22px;\n    }\n\n    .cta_block_content picture{\n        position: absolute;\n        top: 0;\n        right: 0;\n        z-index: -1;\n        height: 100%;\n        overflow: hidden;\n        width: 100%;\n    }\n    .cta_block_content picture img{\n        object-fit: cover;\n        height: 100%;\n        width: 100%;\n    }\n    .cta_block .cta_block_content .ninja-forms-field{\n        background: #FFFFFF2F;\n        border: 1px solid #EEB315;\n        border-radius: 25px;\n        opacity: 1;\n        color: #ffffff;\n    }\n    .cta_block .cta_block_content .nf-form-content input[type=submit]{\n        background-color: #EEB315;\n        color: #292929;\n        text-align: center;\n        font: normal normal bold 14px\/20px Work Sans;\n        padding: 0 2em;\n    }\n\n    .cta_block ::placeholder{\n        color: white!important;\n        opacity: 1;\n    }\n\n    .cta_block_content::after {\n        height: 100%;\n        width: 100%;\n        content: \"\";\n        z-index: -1;\n        position: absolute;\n        top: 0;\n        background: #00000070;\n        right: 0;\n        left: 0;\n        bottom: 0;\n    }\n    #ha-cta-block, .cta_block_desc, .cta_block .nf-field-label, .cta_block .nf-error-msg {\n        filter: drop-shadow(1px 1px 8px black);\n    }\n\n\/*    .cta_block nf-rows-wrap {\n        display: flex;\n        justify-content: space-around;\n        flex-direction: row;\n    }*\/\n\n    .cta_block .nf-field-label {\n        display:none;\n    }\n\n    .cta_block .nf-error.field-wrap .nf-field-element::after {\n        border-radius: 50px;\n    }\n\n    .cta_block .nf-error-msg {\n        color: #fff;\n    }\n\n    .cta_block .nf-form-cont {\n        margin-top: 3em;\n        margin-bottom: 1em;\n    }\n\n    .wp-admin .cta_block_content{\n        display: none;\n    }\n    .cta_block .nf-form-fields-required {\n        display: none;\n    }\n    body:not(.wp-admin) .cta_block_admin {\n        display: none;\n    }\n<\/style>\n<div id=\"cta_block-block_db5e3909bf7c9320d1f2cc24bbd19b1f\" class=\"cta_block\">\n    <div class=\"cta_block_admin\" style=\"background-color: blue; color: white\">\n        Blok CTA\n    <\/div>\n    <div class=\"cta_block\">\n        <div class=\"cta_block_content\">   \n        <h3 id=\"ha-szukasz-miejsca-na-event-integracyjny-w-gorach\">Szukasz miejsca na event integracyjny w g\u00f3rach?<\/h3>\n                    <div class=\"cta_block_desc\">Dw\u00f3r Korona Karkonoszy spe\u0142ni Twoje oczekiwania!<\/div>\n                <noscript class=\"ninja-forms-noscript-message\">\n\tNotice: JavaScript is required for this content.<\/noscript>\n<div id=\"nf-form-3-cont\" class=\"nf-form-cont\" aria-live=\"polite\" aria-labelledby=\"nf-form-title-3\" aria-describedby=\"nf-form-errors-3\" role=\"form\">\n\n    <div class=\"nf-loading-spinner\"><\/div>\n\n<\/div>\n        <!-- That data is being printed as a workaround to page builders reordering the order of the scripts loaded-->\n        <script>var formDisplay=1;var nfForms=nfForms||[];var form=[];form.id='3';form.settings={\"objectType\":\"Form Setting\",\"editActive\":true,\"title\":\"Block CTA\",\"created_at\":\"2022-11-09 19:27:14\",\"default_label_pos\":\"above\",\"show_title\":0,\"clear_complete\":\"1\",\"hide_complete\":\"1\",\"logged_in\":\"\",\"wrapper_class\":\"\",\"element_class\":\"\",\"key\":\"\",\"add_submit\":\"0\",\"currency\":\"\",\"repeatable_fieldsets\":\"\",\"unique_field_error\":\"Formularz z t\\u0105 warto\\u015bci\\u0105 zosta\\u0142 ju\\u017c przes\\u0142any.\",\"not_logged_in_msg\":\"\",\"sub_limit_msg\":\"Formularz osi\\u0105gn\\u0105\\u0142 limit wys\\u0142a\\u0144.\",\"calculations\":[],\"container_styles_show_advanced_css\":\"0\",\"title_styles_show_advanced_css\":\"0\",\"row_styles_show_advanced_css\":\"0\",\"row-odd_styles_show_advanced_css\":\"0\",\"success-msg_styles_show_advanced_css\":\"0\",\"error_msg_styles_show_advanced_css\":\"0\",\"formContentData\":[{\"order\":1,\"cells\":[{\"order\":0,\"fields\":[\"phone_1640098275087\"],\"width\":35},{\"order\":1,\"fields\":[\"adres_e-mail_1668018487177\"],\"width\":35},{\"order\":2,\"fields\":[\"zapisz_mnie_1668018472281\"],\"width\":30}]}],\"conditions\":[],\"drawerDisabled\":false,\"allow_public_link\":0,\"embed_form\":\"\",\"changeEmailErrorMsg\":\"Please enter a valid email address!\",\"changeDateErrorMsg\":\"Please enter a valid date!\",\"confirmFieldErrorMsg\":\"These fields must match!\",\"fieldNumberNumMinError\":\"Number Min Error\",\"fieldNumberNumMaxError\":\"Number Max Error\",\"fieldNumberIncrementBy\":\"Please increment by \",\"formErrorsCorrectErrors\":\"Please correct errors before submitting this form.\",\"validateRequiredField\":\"This is a required field.\",\"honeypotHoneypotError\":\"Honeypot Error\",\"fieldsMarkedRequired\":\"Fields marked with an <span class=\\\"ninja-forms-req-symbol\\\">*<\\\/span> are required\",\"form_title_heading_level\":\"3\",\"ninjaForms\":\"Ninja Forms\",\"fieldTextareaRTEInsertLink\":\"Insert Link\",\"fieldTextareaRTEInsertMedia\":\"Insert Media\",\"fieldTextareaRTESelectAFile\":\"Select a file\",\"formHoneypot\":\"If you are a human seeing this field, please leave it empty.\",\"fileUploadOldCodeFileUploadInProgress\":\"File Upload in Progress.\",\"fileUploadOldCodeFileUpload\":\"FILE UPLOAD\",\"currencySymbol\":\"&#36;\",\"thousands_sep\":\",\",\"decimal_point\":\".\",\"siteLocale\":\"en_GB\",\"dateFormat\":\"m\\\/d\\\/Y\",\"startOfWeek\":\"1\",\"of\":\"of\",\"previousMonth\":\"Previous Month\",\"nextMonth\":\"Next Month\",\"months\":[\"January\",\"February\",\"March\",\"April\",\"May\",\"June\",\"July\",\"August\",\"September\",\"October\",\"November\",\"December\"],\"monthsShort\":[\"Jan\",\"Feb\",\"Mar\",\"Apr\",\"May\",\"Jun\",\"Jul\",\"Aug\",\"Sep\",\"Oct\",\"Nov\",\"Dec\"],\"weekdays\":[\"Sunday\",\"Monday\",\"Tuesday\",\"Wednesday\",\"Thursday\",\"Friday\",\"Saturday\"],\"weekdaysShort\":[\"Sun\",\"Mon\",\"Tue\",\"Wed\",\"Thu\",\"Fri\",\"Sat\"],\"weekdaysMin\":[\"Su\",\"Mo\",\"Tu\",\"We\",\"Th\",\"Fr\",\"Sa\"],\"recaptchaConsentMissing\":\"reCaptcha validation couldn&#039;t load.\",\"recaptchaMissingCookie\":\"reCaptcha v3 validation couldn&#039;t load the cookie needed to submit the form.\",\"recaptchaConsentEvent\":\"Accept reCaptcha cookies before sending the form.\",\"currency_symbol\":\"\",\"beforeForm\":\"\",\"beforeFields\":\"\",\"afterFields\":\"\",\"afterForm\":\"\"};form.fields=[{\"objectType\":\"Field\",\"objectDomain\":\"fields\",\"editActive\":false,\"order\":1,\"idAttribute\":\"id\",\"type\":\"phone\",\"label\":\"Numer telefonu\",\"key\":\"phone_1640098275087\",\"label_pos\":\"above\",\"required\":\"\",\"default\":\"\",\"placeholder\":\"Numer telefonu\",\"container_class\":\"\",\"element_class\":\"\",\"input_limit\":\"\",\"input_limit_type\":\"characters\",\"input_limit_msg\":\"Liczba pozosta\\u0142ych znak\\u00f3w:\",\"manual_key\":\"\",\"admin_label\":\"\",\"help_text\":\"\",\"mask\":\"\",\"custom_mask\":\"\",\"custom_name_attribute\":\"phone\",\"personally_identifiable\":1,\"wrap_styles_border\":\"\",\"wrap_styles_width\":\"\",\"wrap_styles_margin\":\"\",\"wrap_styles_padding\":\"\",\"wrap_styles_float\":\"\",\"wrap_styles_show_advanced_css\":0,\"label_styles_border\":\"\",\"label_styles_width\":\"\",\"label_styles_font-size\":\"\",\"label_styles_margin\":\"\",\"label_styles_padding\":\"\",\"label_styles_float\":\"\",\"label_styles_show_advanced_css\":0,\"element_styles_border\":\"\",\"element_styles_width\":\"\",\"element_styles_font-size\":\"\",\"element_styles_margin\":\"\",\"element_styles_padding\":\"\",\"element_styles_float\":\"\",\"element_styles_show_advanced_css\":0,\"cellcid\":\"c3398\",\"value\":\"\",\"drawerDisabled\":\"\",\"field_label\":\"Numer telefonu\",\"field_key\":\"phone_1640098275087\",\"id\":9,\"beforeField\":\"\",\"afterField\":\"\",\"parentType\":\"textbox\",\"element_templates\":[\"tel\",\"textbox\",\"input\"],\"old_classname\":\"\",\"wrap_template\":\"wrap\"},{\"objectType\":\"Field\",\"objectDomain\":\"fields\",\"editActive\":false,\"order\":2,\"idAttribute\":\"id\",\"type\":\"email\",\"label\":\"Adres e-mail\",\"key\":\"adres_e-mail_1668018487177\",\"label_pos\":\"above\",\"required\":\"\",\"default\":\"\",\"placeholder\":\"Adres e-mail\",\"container_class\":\"\",\"element_class\":\"\",\"admin_label\":\"\",\"help_text\":\"\",\"custom_name_attribute\":\"email\",\"personally_identifiable\":1,\"wrap_styles_border\":\"\",\"wrap_styles_width\":\"\",\"wrap_styles_margin\":\"\",\"wrap_styles_padding\":\"\",\"wrap_styles_float\":\"\",\"wrap_styles_show_advanced_css\":0,\"label_styles_border\":\"\",\"label_styles_width\":\"\",\"label_styles_font-size\":\"\",\"label_styles_margin\":\"\",\"label_styles_padding\":\"\",\"label_styles_float\":\"\",\"label_styles_show_advanced_css\":0,\"element_styles_border\":\"\",\"element_styles_width\":\"\",\"element_styles_font-size\":\"\",\"element_styles_margin\":\"\",\"element_styles_padding\":\"\",\"element_styles_float\":\"\",\"element_styles_show_advanced_css\":0,\"cellcid\":\"c3401\",\"value\":\"\",\"drawerDisabled\":false,\"field_label\":\"E-mail\",\"field_key\":\"email_1640098276066\",\"id\":10,\"beforeField\":\"\",\"afterField\":\"\",\"parentType\":\"email\",\"element_templates\":[\"email\",\"input\"],\"old_classname\":\"\",\"wrap_template\":\"wrap\"},{\"objectType\":\"Field\",\"objectDomain\":\"fields\",\"editActive\":false,\"order\":3,\"idAttribute\":\"id\",\"type\":\"submit\",\"label\":\"Zapisz mnie\",\"processing_label\":\"W trakcie realizacji\",\"container_class\":\"\",\"element_class\":\"\",\"key\":\"zapisz_mnie_1668018472281\",\"wrap_styles_border\":\"\",\"wrap_styles_width\":\"\",\"wrap_styles_margin\":\"\",\"wrap_styles_padding\":\"\",\"wrap_styles_float\":\"\",\"wrap_styles_show_advanced_css\":0,\"element_styles_border\":\"\",\"element_styles_width\":\"\",\"element_styles_font-size\":\"\",\"element_styles_margin\":\"\",\"element_styles_padding\":\"\",\"element_styles_float\":\"\",\"element_styles_show_advanced_css\":0,\"submit_element_hover_styles_border\":\"\",\"submit_element_hover_styles_width\":\"\",\"submit_element_hover_styles_font-size\":\"\",\"submit_element_hover_styles_margin\":\"\",\"submit_element_hover_styles_padding\":\"\",\"submit_element_hover_styles_float\":\"\",\"submit_element_hover_styles_show_advanced_css\":0,\"cellcid\":\"c3403\",\"drawerDisabled\":false,\"field_label\":\"Zamawiam rozmow\\u0119\",\"field_key\":\"zamawiam_rozmowe_1640098314862\",\"id\":8,\"beforeField\":\"\",\"afterField\":\"\",\"value\":\"\",\"label_pos\":\"above\",\"parentType\":\"textbox\",\"element_templates\":[\"submit\",\"button\",\"input\"],\"old_classname\":\"\",\"wrap_template\":\"wrap-no-label\"}];nfForms.push(form);<\/script>\n                <script id=\"nf-tmpl-cell\" type=\"text\/template\">\n            <nf-fields><\/nf-fields>\n        <\/script>\n\n        <script id=\"nf-tmpl-row\" type=\"text\/template\">\n            <nf-cells><\/nf-cells>\n        <\/script>\n\n                <img loading=\"lazy\" decoding=\"async\" width=\"2048\" height=\"1534\" src=\"https:\/\/www.koronakarkonoszy.pl\/blog-dla-firm\/wp-content\/uploads\/2022\/10\/zamek-z-drona-17.jpeg\" class=\"attachment-full size-full\" alt=\"Zamek ksi\u0119cia Henryka i widok na Zalew Sosn\u00f3wka\" srcset=\"https:\/\/www.koronakarkonoszy.pl\/blog-dla-firm\/wp-content\/uploads\/2022\/10\/zamek-z-drona-17.jpeg 2048w, https:\/\/www.koronakarkonoszy.pl\/blog-dla-firm\/wp-content\/uploads\/2022\/10\/zamek-z-drona-17-300x225.jpeg 300w, https:\/\/www.koronakarkonoszy.pl\/blog-dla-firm\/wp-content\/uploads\/2022\/10\/zamek-z-drona-17-1024x767.jpeg 1024w, https:\/\/www.koronakarkonoszy.pl\/blog-dla-firm\/wp-content\/uploads\/2022\/10\/zamek-z-drona-17-768x575.jpeg 768w, https:\/\/www.koronakarkonoszy.pl\/blog-dla-firm\/wp-content\/uploads\/2022\/10\/zamek-z-drona-17-1920x1438.jpeg 1920w, https:\/\/www.koronakarkonoszy.pl\/blog-dla-firm\/wp-content\/uploads\/2022\/10\/zamek-z-drona-17-1536x1151.jpeg 1536w\" sizes=\"auto, (max-width: 2048px) 100vw, 2048px\" \/>        <\/div> \n    <\/div>\n<\/div>\n\n\n\n<p>Jak wple\u015b\u0107 team building w wyjazd integracyjny w g\u00f3rach? <strong>Team building to r\u00f3\u017cne gry i zadania oparte na wsp\u00f3\u0142pracy i wzajemnym zrozumieniu.<\/strong> Przyk\u0142adem s\u0105 firmowe igrzyska olimpijskie. Pracownicy podzieleni na dru\u017cyny rywalizuj\u0105 ze sob\u0105 w ciekawych konkurencjach. Za ka\u017cde zwyci\u0119stwo przydzielane s\u0105 punkty. Wygrywa ta grupa, kt\u00f3ra ostatecznie uzyska ich najwi\u0119cej. A co jest potrzebne do tego, \u017ceby odnie\u015b\u0107 sukces? Poza dobr\u0105 kondycj\u0105 i umiej\u0119tno\u015bci\u0105 logicznego my\u015blenia wa\u017cna jest wsp\u00f3\u0142praca, aktywne s\u0142uchanie swoich koleg\u00f3w\/kole\u017canek z dru\u017cyny i umiej\u0119tno\u015b\u0107 wykorzystania potencja\u0142u ka\u017cdego cz\u0142onka grupy. Uczestnictwo w firmowych igrzyskach to spos\u00f3b na popraw\u0119 funkcjonowania zespo\u0142u pracowniczego na co dzie\u0144, a przy tym pot\u0119\u017cna dawka wy\u015bmienitej zabawy i mn\u00f3stwo niezapomnianych wra\u017ce\u0144.<\/p>\n\n\n\n<figure class=\"wp-block-image size-large\"><img loading=\"lazy\" decoding=\"async\" width=\"1024\" height=\"682\" src=\"https:\/\/www.koronakarkonoszy.pl\/blog-dla-firm\/wp-content\/uploads\/2021\/04\/PJ_06_19_49_IR6_2031-1024x682.jpg\" alt=\"\" class=\"wp-image-6210\" srcset=\"https:\/\/www.koronakarkonoszy.pl\/blog-dla-firm\/wp-content\/uploads\/2021\/04\/PJ_06_19_49_IR6_2031-1024x682.jpg 1024w, https:\/\/www.koronakarkonoszy.pl\/blog-dla-firm\/wp-content\/uploads\/2021\/04\/PJ_06_19_49_IR6_2031-300x200.jpg 300w, https:\/\/www.koronakarkonoszy.pl\/blog-dla-firm\/wp-content\/uploads\/2021\/04\/PJ_06_19_49_IR6_2031-768x512.jpg 768w, https:\/\/www.koronakarkonoszy.pl\/blog-dla-firm\/wp-content\/uploads\/2021\/04\/PJ_06_19_49_IR6_2031-1920x1280.jpg 1920w, https:\/\/www.koronakarkonoszy.pl\/blog-dla-firm\/wp-content\/uploads\/2021\/04\/PJ_06_19_49_IR6_2031-1536x1024.jpg 1536w, https:\/\/www.koronakarkonoszy.pl\/blog-dla-firm\/wp-content\/uploads\/2021\/04\/PJ_06_19_49_IR6_2031-18x12.jpg 18w, https:\/\/www.koronakarkonoszy.pl\/blog-dla-firm\/wp-content\/uploads\/2021\/04\/PJ_06_19_49_IR6_2031.jpg 2000w\" sizes=\"auto, (max-width: 1024px) 100vw, 1024px\" \/><figcaption class=\"wp-element-caption\"><strong>Ognisko integracyjne&nbsp;w g\u00f3rach<\/strong>, <strong>Dw\u00f3r Korona Karkonoszy, Sosn\u00f3wka <\/strong> <\/figcaption><\/figure>\n\n\n\n<p>Firmowe igrzyska to jedna z wielu <a href=\"https:\/\/www.koronakarkonoszy.pl\/blog-dla-firm\/zabawy-teambuildingowe-czyli-3-pomysly-na-udana-integracje\/\"><strong>zabaw team buildingowych<\/strong><\/a>, kt\u00f3re mo\u017cna wykorzysta\u0107 na wyje\u017adzie integracyjnym w g\u00f3rach. Inne rozwi\u0105zania to:<\/p>\n\n\n\n<ul class=\"wp-block-list\">\n<li>mecz pi\u0142ki no\u017cnej,<\/li>\n\n\n\n<li>zabawa scenariuszowa \u2013 na przyk\u0142ad <a href=\"https:\/\/www.koronakarkonoszy.pl\/blog-dla-firm\/gra-detektywistyczna-scenariusz\/\"><strong>gra detektywistyczna<\/strong><\/a>,<\/li>\n\n\n\n<li>budowa <a href=\"https:\/\/www.koronakarkonoszy.pl\/blog-dla-firm\/maszyna-goldberga-event\/\" target=\"_blank\" rel=\"noreferrer noopener\"><strong>maszyny Goldberga<\/strong><\/a>,<\/li>\n\n\n\n<li>proste zadania, takie jak \u201e\u015alepe zaufanie\u201d, \u201eDwie prawdy i k\u0142amstwo\u201d, \u201eDru\u017cynowe kalambury\u201d, \u201eKonkurs taneczny\u201d itp.<\/li>\n<\/ul>\n\n\n\n<figure class=\"wp-block-image size-large\"><img loading=\"lazy\" decoding=\"async\" width=\"1024\" height=\"694\" src=\"https:\/\/www.koronakarkonoszy.pl\/blog-dla-firm\/wp-content\/uploads\/2023\/02\/maszyna-goldberga18-1024x694.jpg\" alt=\"\" class=\"wp-image-6484\" srcset=\"https:\/\/www.koronakarkonoszy.pl\/blog-dla-firm\/wp-content\/uploads\/2023\/02\/maszyna-goldberga18-1024x694.jpg 1024w, https:\/\/www.koronakarkonoszy.pl\/blog-dla-firm\/wp-content\/uploads\/2023\/02\/maszyna-goldberga18-300x203.jpg 300w, https:\/\/www.koronakarkonoszy.pl\/blog-dla-firm\/wp-content\/uploads\/2023\/02\/maszyna-goldberga18-768x521.jpg 768w, https:\/\/www.koronakarkonoszy.pl\/blog-dla-firm\/wp-content\/uploads\/2023\/02\/maszyna-goldberga18-1920x1302.jpg 1920w, https:\/\/www.koronakarkonoszy.pl\/blog-dla-firm\/wp-content\/uploads\/2023\/02\/maszyna-goldberga18-1536x1041.jpg 1536w, https:\/\/www.koronakarkonoszy.pl\/blog-dla-firm\/wp-content\/uploads\/2023\/02\/maszyna-goldberga18-18x12.jpg 18w, https:\/\/www.koronakarkonoszy.pl\/blog-dla-firm\/wp-content\/uploads\/2023\/02\/maszyna-goldberga18.jpg 1975w\" sizes=\"auto, (max-width: 1024px) 100vw, 1024px\" \/><figcaption class=\"wp-element-caption\"><strong>Imprezy integracyjne &#8211; budowa maszyny Goldberga, Dw\u00f3r Korona Karkonoszy <\/strong><\/figcaption><\/figure>\n\n\n\n<h2 class=\"wp-block-heading\" id=\"h-sposob-na-urozmaicenie-wyjazdu-integracyjnego-w-gory-impreza-tematyczna\">Spos\u00f3b na urozmaicenie wyjazdu integracyjnego w g\u00f3ry \u2013 impreza tematyczna<\/h2>\n\n\n\n<p>Gdzie znale\u017a\u0107 atrakcje na imprezy firmowe? Jazda na nartach, piesze wycieczki, wyprawy survivalowe, czy te\u017c wspinaczka po malowniczych szczytach \u2013 g\u00f3rska okolica oferuje ich niezwyk\u0142\u0105 r\u00f3\u017cnorodno\u015b\u0107. Przy odrobinie zaanga\u017cowania mo\u017cna zapewni\u0107 uczestnikom wyjazdu kilka dni pe\u0142nych wra\u017ce\u0144. Zwie\u0144czeniem wyjazdu integracyjnego mo\u017ce by\u0107 szalona <a href=\"https:\/\/www.koronakarkonoszy.pl\/blog-dla-firm\/impreza-tematyczna-hollywood\/\" class=\"links-placer\">impreza tematyczna<\/a>. Wieczorek w klimacie lat 80.? Egzotyczne party w hawajskim stylu? A mo\u017ce wystawne przyj\u0119cie w stylu Hollywood z czerwonym dywanem i blaskiem fleszy, kt\u00f3re przeniesie uczestnik\u00f3w prosto do tej magicznej krainy? Mo\u017cliwo\u015bci jest mn\u00f3stwo! Ograniczeniem jest tylko wyobra\u017ania.<\/p>\n\n\n<section id=\"leonardo-block_a9904b4c8e63fb2f507ce308058daca7\" class=\"leonardo page-breaker leonardo-image-left\">\n    <div class=\"leonardo-body\">\n                <div class=\"leonardo-content\"><p>Na imprezie tematycznej kluczow\u0105 rol\u0119 odgrywa aran\u017cacja. Odpowiednio dobrane dekoracje sprawi\u0105, \u017ce go\u015bcie w pe\u0142ni wczuj\u0105 si\u0119 w klimat przyj\u0119cia. Na pota\u0144c\u00f3wce w stylu lat 80. powinny kr\u00f3lowa\u0107 blask i kolor! Sal\u0119 warto ozdobi\u0107 kolorowymi balonami, b\u0142yszcz\u0105c\u0105 kul\u0105 dyskotekow\u0105 i serpentynami z bibu\u0142y. Na hawajskiej imprezie nie mo\u017ce zabrakn\u0105\u0107 zielonych palm, egzotycznych girland, kolorowych kwiat\u00f3w tropikalnych i ozdobnych element\u00f3w w kszta\u0142cie ananas\u00f3w czy kokos\u00f3w. Na przyj\u0119ciu w stylu Hollywood powinny znale\u017a\u0107 si\u0119 takie elementy jak czerwony dywan, elegancka \u015bcianka do zdj\u0119\u0107, tablica powitalna przypominaj\u0105ca klaps filmowy i klimatyczne o\u015bwietlenie.<\/p>\n<\/div>\n                    <aside class=\"leonardo-interlink\">\n                <b>Polecamy<\/b>\n                <a href=\"https:\/\/www.koronakarkonoszy.pl\/blog-dla-firm\/en\/event-biznesowy\/\">Event biznesowy &#8211; organizacja krok po kroku<\/a>\n            <\/aside>\n            <\/div>\n    <div class=\"leonardo-image\">\n        <img loading=\"lazy\" decoding=\"async\" width=\"960\" height=\"638\" src=\"https:\/\/www.koronakarkonoszy.pl\/blog-dla-firm\/wp-content\/uploads\/2021\/10\/impreza-tematyczna-hollywood1.jpg\" class=\"attachment-full size-full\" alt=\"Impreza tematyczna w stylu Hollywood, 25 lecie firmy\" srcset=\"https:\/\/www.koronakarkonoszy.pl\/blog-dla-firm\/wp-content\/uploads\/2021\/10\/impreza-tematyczna-hollywood1.jpg 960w, https:\/\/www.koronakarkonoszy.pl\/blog-dla-firm\/wp-content\/uploads\/2021\/10\/impreza-tematyczna-hollywood1-300x199.jpg 300w, https:\/\/www.koronakarkonoszy.pl\/blog-dla-firm\/wp-content\/uploads\/2021\/10\/impreza-tematyczna-hollywood1-768x510.jpg 768w\" sizes=\"auto, (max-width: 960px) 100vw, 960px\" \/>            <\/div>\n<\/section>\n\n\n<p>Nie mo\u017cna zapomnie\u0107 o tanecznej muzyce i starannie skomponowanym menu sk\u0142adaj\u0105cym si\u0119 z gor\u0105cych da\u0144, bufetu zimnych przek\u0105sek i karty alkoholi \u2013 wszystko w stylu przyj\u0119cia.<\/p>\n\n\n\n<h2 class=\"wp-block-heading\" id=\"ha-team-building-w-gorach-pomysly\">Team building w g\u00f3rach &#8211; pomys\u0142y<\/h2>\n\n\n\n<p>Co mo\u017cna robi\u0107 w g\u00f3rach? Wszystko! <strong>Oto kilka pomys\u0142\u00f3w na team building w g\u00f3rach<\/strong>.<\/p>\n\n\n\n<h3 class=\"wp-block-heading\" id=\"ha-wspinaczka-gorska\">Wspinaczka g\u00f3rska<\/h3>\n\n\n\n<p>Zorganizuj sesj\u0119 wspinaczki g\u00f3rskiej. Cz\u0142onkowie zespo\u0142u b\u0119d\u0105 wsp\u00f3lnie pokonywa\u0107 trudno\u015bci i wzmacnia\u0107 wsp\u00f3\u0142prac\u0119 oraz zaufanie. To doskona\u0142a aktywno\u015b\u0107, kt\u00f3ra wymaga wzajemnej pomocy i komunikacji.<\/p>\n\n\n\n<p><strong><a href=\"https:\/\/www.koronakarkonoszy.pl\/konfigurator-imprez\/\">KLIKNIJ<\/a><\/strong>&nbsp;poni\u017cej w banner Konfigurator Imprez Firmowych<\/p>\n\n\n\n<figure class=\"wp-block-image\"><a href=\"https:\/\/www.koronakarkonoszy.pl\/konfigurator-imprez\/\" target=\"_blank\" rel=\"noreferrer noopener\"><img decoding=\"async\" src=\"https:\/\/commplace.pl\/blog\/wp-content\/uploads\/2024\/03\/banner_konfigurator-imprez-1600x900.jpg\" alt=\"\" class=\"wp-image-23244\"\/><\/a><\/figure>\n\n\n\n<p><strong><a href=\"https:\/\/www.koronakarkonoszy.pl\/konfigurator-imprez\/\">KLIKNIJ<\/a><\/strong>&nbsp;powy\u017cej w banner Konfigurator Imprez Firmowych<\/p>\n\n\n\n<h3 class=\"wp-block-heading\" id=\"ha-rajdy-piesze\">Rajdy piesze<\/h3>\n\n\n\n<p>Zaplanuj rajd pieszy, podczas kt\u00f3rego zesp\u00f3\u0142 b\u0119dzie musia\u0142 wsp\u00f3\u0142pracowa\u0107, rozwi\u0105zywa\u0107 zagadki i osi\u0105gn\u0105\u0107 okre\u015blone cele. To nie tylko pozwoli uczestnikom odkry\u0107 pi\u0119kno g\u00f3r, ale r\u00f3wnie\u017c wzmocni ich zdolno\u015bci do pracy zespo\u0142owej.<\/p>\n\n\n\n<h3 class=\"wp-block-heading\" id=\"ha-zjazdy-na-linie\">Zjazdy na linie<\/h3>\n\n\n\n<p>Zorganizuj zjazdy na linie lub tyrolce, podczas kt\u00f3rych cz\u0142onkowie zespo\u0142u b\u0119d\u0105 wsp\u00f3lnie przemieszcza\u0107 si\u0119 po wysoko zawieszonych trasach. To nie tylko dostarczy im adrenaliny, ale r\u00f3wnie\u017c umo\u017cliwi wsp\u00f3lne przezwyci\u0119\u017canie wyzwa\u0144.<\/p>\n\n\n\n<figure class=\"wp-block-image size-large is-resized\"><img loading=\"lazy\" decoding=\"async\" width=\"1024\" height=\"682\" src=\"https:\/\/www.koronakarkonoszy.pl\/blog-dla-firm\/wp-content\/uploads\/2021\/07\/integracja_przez_szkolenie-1024x682.jpg\" alt=\"integracja przez szkolenie\" class=\"wp-image-732\" style=\"width:817px;height:544px\" srcset=\"https:\/\/www.koronakarkonoszy.pl\/blog-dla-firm\/wp-content\/uploads\/2021\/07\/integracja_przez_szkolenie-1024x682.jpg 1024w, https:\/\/www.koronakarkonoszy.pl\/blog-dla-firm\/wp-content\/uploads\/2021\/07\/integracja_przez_szkolenie-300x200.jpg 300w, https:\/\/www.koronakarkonoszy.pl\/blog-dla-firm\/wp-content\/uploads\/2021\/07\/integracja_przez_szkolenie-768x512.jpg 768w, https:\/\/www.koronakarkonoszy.pl\/blog-dla-firm\/wp-content\/uploads\/2021\/07\/integracja_przez_szkolenie.jpg 1280w\" sizes=\"auto, (max-width: 1024px) 100vw, 1024px\" \/><figcaption class=\"wp-element-caption\"><strong>Firmowe wyjazdy integracyjne&nbsp;<\/strong><\/figcaption><\/figure>\n\n\n\n<h3 class=\"wp-block-heading\" id=\"ha-wycieczka-na-szczyt\">Wycieczka na szczyt<\/h3>\n\n\n\n<p>Zaplanuj wycieczk\u0119 na szczyt g\u00f3ry \u2013 na przyk\u0142ad kultowej \u015anie\u017cki. Cz\u0142onkowie zespo\u0142u b\u0119d\u0105 musieli wsp\u00f3lnie pokonywa\u0107 trudno\u015bci i motywowa\u0107 si\u0119 nawzajem, by osi\u0105gn\u0105\u0107 wsp\u00f3lny cel. Ta d\u0142ugotrwa\u0142a aktywno\u015b\u0107 pomo\u017ce w budowaniu wi\u0119zi i umiej\u0119tno\u015bci przyw\u00f3dczych.<\/p>\n\n\n\n<h3 class=\"wp-block-heading\" id=\"ha-ognisko-integracyjne\">Ognisko integracyjne<\/h3>\n\n\n\n<p>Zorganizuj wieczorne ognisko w g\u00f3rach, kiedy cz\u0142onkowie zespo\u0142u b\u0119d\u0105 mogli sp\u0119dzi\u0107 czas razem, \u015bpiewa\u0107, ta\u0144czy\u0107 i dzieli\u0107 si\u0119 opowie\u015bciami. To doskona\u0142a okazja do nieformalnych rozm\u00f3w i budowania relacji.<\/p>\n\n\n\n<figure class=\"wp-block-image size-large is-resized\"><img loading=\"lazy\" decoding=\"async\" width=\"1024\" height=\"578\" src=\"https:\/\/www.koronakarkonoszy.pl\/blog-dla-firm\/wp-content\/uploads\/2021\/07\/obiekty-konferencyjne-na-integracje-1024x578.jpg\" alt=\"obiekty konferencyjne na integracj\u0119\" class=\"wp-image-771\" style=\"width:840px;height:474px\" srcset=\"https:\/\/www.koronakarkonoszy.pl\/blog-dla-firm\/wp-content\/uploads\/2021\/07\/obiekty-konferencyjne-na-integracje-1024x578.jpg 1024w, https:\/\/www.koronakarkonoszy.pl\/blog-dla-firm\/wp-content\/uploads\/2021\/07\/obiekty-konferencyjne-na-integracje-300x169.jpg 300w, https:\/\/www.koronakarkonoszy.pl\/blog-dla-firm\/wp-content\/uploads\/2021\/07\/obiekty-konferencyjne-na-integracje-768x433.jpg 768w, https:\/\/www.koronakarkonoszy.pl\/blog-dla-firm\/wp-content\/uploads\/2021\/07\/obiekty-konferencyjne-na-integracje.jpg 1280w\" sizes=\"auto, (max-width: 1024px) 100vw, 1024px\" \/><figcaption class=\"wp-element-caption\"><strong>Wyjazd firmowy&nbsp;w g\u00f3rach <\/strong><\/figcaption><\/figure>\n\n\n\n<h3 class=\"wp-block-heading\" id=\"ha-warsztaty-survivalowe\">Warsztaty survivalowe<\/h3>\n\n\n\n<p>Zorganizuj warsztaty survivalowe w g\u00f3rach, gdzie zesp\u00f3\u0142 b\u0119dzie uczy\u0107 si\u0119 podstawowych umiej\u0119tno\u015bci przetrwania w naturalnym \u015brodowisku. To nie tylko rozwija umiej\u0119tno\u015bci teamworku, ale r\u00f3wnie\u017c buduje zaufanie i zdolno\u015bci adaptacyjne.<\/p>\n\n\n\n<figure class=\"wp-block-image size-full\"><img loading=\"lazy\" decoding=\"async\" width=\"852\" height=\"563\" src=\"https:\/\/www.koronakarkonoszy.pl\/blog-dla-firm\/wp-content\/uploads\/2021\/10\/wycieczki-integracyjne-dla-firm2.jpg\" alt=\"\" class=\"wp-image-1597\" srcset=\"https:\/\/www.koronakarkonoszy.pl\/blog-dla-firm\/wp-content\/uploads\/2021\/10\/wycieczki-integracyjne-dla-firm2.jpg 852w, https:\/\/www.koronakarkonoszy.pl\/blog-dla-firm\/wp-content\/uploads\/2021\/10\/wycieczki-integracyjne-dla-firm2-300x198.jpg 300w, https:\/\/www.koronakarkonoszy.pl\/blog-dla-firm\/wp-content\/uploads\/2021\/10\/wycieczki-integracyjne-dla-firm2-768x507.jpg 768w\" sizes=\"auto, (max-width: 852px) 100vw, 852px\" \/><figcaption class=\"wp-element-caption\"><strong>Team building&nbsp;&#8211; survival<\/strong> <\/figcaption><\/figure>\n\n\n\n<h3 class=\"wp-block-heading\" id=\"ha-gry-terenowe\">Gry terenowe<\/h3>\n\n\n\n<p>Zorganizuj r\u00f3\u017cne gry terenowe, takie jak paintball, sp\u0142yw kajakowy, downhill. Zesp\u00f3\u0142 b\u0119dzie rywalizowa\u0107 i wsp\u00f3\u0142pracowa\u0107 przy realizacji r\u00f3\u017cnych zadaniach. To \u015bwietny spos\u00f3b na integracj\u0119.<\/p>\n\n\n\n<p>Pami\u0119taj, \u017ce dob\u00f3r konkretnych aktywno\u015bci zale\u017cy od preferencji i umiej\u0119tno\u015bci cz\u0142onk\u00f3w zespo\u0142u, a tak\u017ce od warunk\u00f3w g\u00f3rskich i bezpiecze\u0144stwa. Upewnij si\u0119, \u017ce dostosowujesz program do potrzeb i mo\u017cliwo\u015bci uczestnik\u00f3w.<\/p>\n\n\n<section id=\"leonardo-block_eb7c9984aa0a14b9992cd914e82b1cac\" class=\"leonardo page-breaker leonardo-image-left\">\n    <div class=\"leonardo-body\">\n        <h2 class=\"leonardo-title\" id=\"h-jak-zorganizowac-wyjazd-integracyjny-w-gory\">Jak zorganizowa\u0107 wyjazd integracyjny w g\u00f3ry?<\/h2>        <div class=\"leonardo-content\"><p><!-- wp:heading --><\/p>\n<p>Wyjazd integracyjny w g\u00f3ry to doskona\u0142y spos\u00f3b na odpoczynek od codziennych obowi\u0105zk\u00f3w s\u0142u\u017cbowych i na\u0142adowanie baterii, by z now\u0105 energi\u0105 i motywacj\u0105 wr\u00f3ci\u0107 do pracy. Malownicza, g\u00f3rska okolica, zapieraj\u0105ce dech w piersiach widoki i blisko\u015b\u0107 wyj\u0105tkowej natury sprzyjaj\u0105 odpr\u0119\u017ceniu i budowaniu pozytywnych relacji mi\u0119dzy pracownikami. G\u00f3rskie klimaty rozlu\u017aniaj\u0105 napi\u0119cia i poprawiaj\u0105 atmosfer\u0119.<\/p>\n<p><!-- \/wp:paragraph --> <!-- wp:paragraph --><\/p>\n<p><strong>Jak zorganizowa\u0107 niezapomniany wyjazd integracyjny w g\u00f3ry? <\/strong>Przede wszystkim nale\u017cy ustali\u0107 rodzaj i charakter eventu. Wyjazd integracyjny mo\u017ce przybra\u0107 najr\u00f3\u017cniejsze formy \u2013 tradycyjna integracja, integracja po\u0142\u0105czona ze szkoleniem, warsztaty integracyjne itd. Okre\u015blenie charakteru wyjazdu u\u0142atwi wyb\u00f3r miejsca i innych element\u00f3w, od kt\u00f3rych b\u0119dzie zale\u017ce\u0107 to, czy ca\u0142e przedsi\u0119wzi\u0119cie si\u0119 powiedzie.<\/p>\n<p><!-- \/wp:paragraph --> <!-- wp:paragraph --><\/p>\n<p>Nast\u0119pnym krokiem jest wyb\u00f3r miejsca. Jaki powinien by\u0107 <strong><a href=\"https:\/\/www.koronakarkonoszy.pl\/blog-dla-firm\/hotel-na-imprezy-integracyjne-kiedy-i-w-jakich-sytuacjach-sie-sprawdzi\/\">hotel na imprezy integracyjne<\/a><\/strong>? \u00a0Komfortowy i jednocze\u015bnie przytulny. Jednym z nich jest <strong>Dw\u00f3r Korona Karkonoszy <\/strong>oferuj\u0105cy wygodne miejsca noclegowe ze \u015bniadaniem, dost\u0119p do przestronnej sali konferencyjnej, sal balowych w r\u00f3\u017cnych stylach oraz do urokliwego ogrodu, w kt\u00f3rym mo\u017cna zorganizowa\u0107 ognisko integracyjne. Ponadto zapewnia ponad 100 scenariuszy imprez, kt\u00f3re urozmaic\u0105 firmowy wyjazd.<!-- wp:paragraph --><\/p>\n<p><!-- \/wp:paragraph --><\/p>\n<\/div>\n            <\/div>\n    <div class=\"leonardo-image\">\n        <img loading=\"lazy\" decoding=\"async\" width=\"1800\" height=\"989\" src=\"https:\/\/www.koronakarkonoszy.pl\/blog-dla-firm\/wp-content\/uploads\/2022\/11\/DSC06575aa.jpg\" class=\"attachment-full size-full\" alt=\"Centrum Eventowe Dworu Korona Karkonoszy w Sosn\u00f3wce ko\u0142o Karpacza\" srcset=\"https:\/\/www.koronakarkonoszy.pl\/blog-dla-firm\/wp-content\/uploads\/2022\/11\/DSC06575aa.jpg 1800w, https:\/\/www.koronakarkonoszy.pl\/blog-dla-firm\/wp-content\/uploads\/2022\/11\/DSC06575aa-300x165.jpg 300w, https:\/\/www.koronakarkonoszy.pl\/blog-dla-firm\/wp-content\/uploads\/2022\/11\/DSC06575aa-1024x563.jpg 1024w, https:\/\/www.koronakarkonoszy.pl\/blog-dla-firm\/wp-content\/uploads\/2022\/11\/DSC06575aa-768x422.jpg 768w, https:\/\/www.koronakarkonoszy.pl\/blog-dla-firm\/wp-content\/uploads\/2022\/11\/DSC06575aa-1536x844.jpg 1536w\" sizes=\"auto, (max-width: 1800px) 100vw, 1800px\" \/>            <\/div>\n<\/section>\n\n\n<p>Na wyje\u017adzie integracyjnym nie mo\u017ce zabrakn\u0105\u0107 ciekawych atrakcji. Rozrywka powinna by\u0107 dopasowana do oczekiwa\u0144 grupy. Przed rozpocz\u0119ciem planowania wyjazdu warto zrobi\u0107 ma\u0142y research \u2013 zapyta\u0107 pracownik\u00f3w, co lubi\u0105 najbardziej, jaka forma sp\u0119dzania wolnego czasu sprawia im najwi\u0119ksz\u0105 frajd\u0119. Odpowiednio dopasowane atrakcje to gwarancja wy\u015bmienitej zabawy i niezapomnianych wra\u017ce\u0144!<\/p>\n\n\n<section id=\"leonardo-block_ca05cff529d9c00ab9dbb8902298366e\" class=\"leonardo page-breaker leonardo-image-right\">\n    <div class=\"leonardo-body\">\n        <h2 class=\"leonardo-title\" id=\"h-ile-kosztuje-wyjazd-integracyjny-w-gory\">Ile kosztuje wyjazd integracyjny w g\u00f3ry?<\/h2>        <div class=\"leonardo-content\"><p>Koszt wyjazdu integracyjnego w g\u00f3ry zale\u017cy od wielu czynnik\u00f3w. Jakich?<\/p>\n<ul>\n<li>Liczba uczestnik\u00f3w: im wi\u0119ksza grupa, tym wy\u017csze b\u0119d\u0105 koszty zakwaterowania, transportu i innych us\u0142ug.<\/li>\n<li>Okres wyjazdu: cena mo\u017ce si\u0119 r\u00f3\u017cni\u0107 w zale\u017cno\u015bci od pory roku. Popularne miejsca w g\u00f3rach mog\u0105 by\u0107 dro\u017csze w sezonie turystycznym, a ta\u0144sze poza tym okresem.<\/li>\n<li>Wyb\u00f3r zakwaterowania: cena zakwaterowania zale\u017cy od standardu i lokalizacji. Mo\u017cesz wybiera\u0107 mi\u0119dzy hotelami, pensjonatami, apartamentami lub domkami letniskowymi.<\/li>\n<li>Transport: koszty transportu b\u0119d\u0105 zale\u017ce\u0107 od odleg\u0142o\u015bci, \u015brodka transportu (autokar, poci\u0105g, samolot) oraz ewentualnych transfer\u00f3w na miejscu.<\/li>\n<li>Aktywno\u015bci i atrakcje: je\u015bli planujesz dodatkowe atrakcje, takie jak wycieczki, lekcje narciarstwa, g\u00f3rskie wspinaczki, koszty mog\u0105 si\u0119 zwi\u0119kszy\u0107.<\/li>\n<li><strong>Wy\u017cywienie<\/strong>: jego koszt, w zale\u017cno\u015bci od rodzaju cateringu, mo\u017ce znacz\u0105co wp\u0142yn\u0105\u0107 na ca\u0142kowity bud\u017cet imprezy firmowej.<\/li>\n<\/ul>\n<p>Tak wi\u0119c trudno jest oszacowa\u0107 koszt wyjazdy firmowego w g\u00f3rach bez szczeg\u00f3\u0142owych danych. Warto skontaktowa\u0107 si\u0119 z firmami organizuj\u0105cymi tego rodzaju wyjazdy, aby otrzyma\u0107 dok\u0142adniejsze szacunki.<\/p>\n<\/div>\n            <\/div>\n    <div class=\"leonardo-image\">\n        <img loading=\"lazy\" decoding=\"async\" width=\"1180\" height=\"787\" src=\"https:\/\/www.koronakarkonoszy.pl\/blog-dla-firm\/wp-content\/uploads\/2021\/05\/los.gravlaks-1.jpg\" class=\"attachment-full size-full\" alt=\"Catering na imprezy firmowe Dworu Korona Karkonoszy\" srcset=\"https:\/\/www.koronakarkonoszy.pl\/blog-dla-firm\/wp-content\/uploads\/2021\/05\/los.gravlaks-1.jpg 1180w, https:\/\/www.koronakarkonoszy.pl\/blog-dla-firm\/wp-content\/uploads\/2021\/05\/los.gravlaks-1-300x200.jpg 300w, https:\/\/www.koronakarkonoszy.pl\/blog-dla-firm\/wp-content\/uploads\/2021\/05\/los.gravlaks-1-1024x683.jpg 1024w, https:\/\/www.koronakarkonoszy.pl\/blog-dla-firm\/wp-content\/uploads\/2021\/05\/los.gravlaks-1-768x512.jpg 768w\" sizes=\"auto, (max-width: 1180px) 100vw, 1180px\" \/>            <\/div>\n<\/section>\n\n\n<h3 class=\"wp-block-heading\" id=\"h-wyjazd-integracyjny-w-gorach-pomysly-warte-uwagi\">Wyjazd integracyjny w g\u00f3rach &#8211; pomys\u0142y warte uwagi<\/h3>\n\n\n\n<p>Oto kilka pomys\u0142\u00f3w na aktywno\u015bci podczas wyjazdu integracyjnego w g\u00f3ry. Wspinaczka w ska\u0142ach lub na sztucznej \u015bcianie wspinaczkowej to doskona\u0142a aktywno\u015b\u0107, kt\u00f3ra wymaga wsp\u00f3\u0142pracy, zaufania i wzajemnej pomocy. Wycieczki piesze po g\u00f3rskich szlakach, pozwalaj\u0105 podziwia\u0107 pi\u0119kne krajobrazy i cieszy\u0107 si\u0119 \u015bwie\u017cym powietrzem. Mo\u017cna zaplanowa\u0107 trasy o r\u00f3\u017cnym stopniu trudno\u015bci, aby dostosowa\u0107 je do mo\u017cliwo\u015bci uczestnik\u00f3w.<\/p>\n\n\n\n<p>Je\u015bli wszyscy lubi\u0105 jazd\u0119 na rowerze, wynajmijcie rowery g\u00f3rskie i wybierzcie si\u0119 na przeja\u017cd\u017cki po g\u00f3rskich szlakach. To \u015bwietny spos\u00f3b na aktywno\u015b\u0107 fizyczn\u0105 i eksploracj\u0119 okolicy. A je\u015bli wyjazd odbywa si\u0119 w sezonie zimowym i macie do dyspozycji o\u015brodek narciarski, skorzystajcie z okazji do zjazd\u00f3w na nartach lub snowboardzie. Pami\u0119tajcie o zorganizowaniu lekcji dla pocz\u0105tkuj\u0105cych i dostosowaniu tras do umiej\u0119tno\u015bci uczestnik\u00f3w.<\/p>\n\n\n\n<figure class=\"wp-block-image size-large\"><img loading=\"lazy\" decoding=\"async\" width=\"1024\" height=\"682\" src=\"https:\/\/www.koronakarkonoszy.pl\/blog-dla-firm\/wp-content\/uploads\/2021\/07\/organizacja-wycieczek-firmowych-1024x682.jpg\" alt=\"organizacja wycieczek firmowych\" class=\"wp-image-645\" srcset=\"https:\/\/www.koronakarkonoszy.pl\/blog-dla-firm\/wp-content\/uploads\/2021\/07\/organizacja-wycieczek-firmowych-1024x682.jpg 1024w, https:\/\/www.koronakarkonoszy.pl\/blog-dla-firm\/wp-content\/uploads\/2021\/07\/organizacja-wycieczek-firmowych-300x200.jpg 300w, https:\/\/www.koronakarkonoszy.pl\/blog-dla-firm\/wp-content\/uploads\/2021\/07\/organizacja-wycieczek-firmowych-768x512.jpg 768w, https:\/\/www.koronakarkonoszy.pl\/blog-dla-firm\/wp-content\/uploads\/2021\/07\/organizacja-wycieczek-firmowych.jpg 1280w\" sizes=\"auto, (max-width: 1024px) 100vw, 1024px\" \/><figcaption class=\"wp-element-caption\"><strong>Firmowe wyjazdy integracyjne&nbsp;<\/strong><\/figcaption><\/figure>\n\n\n\n<p>Mo\u017cecie te\u017c zorganizowa\u0107 g\u00f3rskie gry i zabawy, takie jak zawody w rzutach \u015bnie\u017ckami, budowanie igloo, lepienie ba\u0142wana czy poszukiwanie skarb\u00f3w na trasie w\u0119dr\u00f3wki. To \u015bwietny spos\u00f3b na integracj\u0119 i wsp\u00f3ln\u0105 zabaw\u0119. Podobnie jak wsp\u00f3lne gotowanie &#8211; mo\u017cecie zaplanowa\u0107 ognisko lub grilla, przy kt\u00f3rym wszyscy b\u0119d\u0105 mogli sp\u0119dzi\u0107 czas. Albo zaplanowa\u0107 <strong><a href=\"https:\/\/www.koronakarkonoszy.pl\/blog-dla-firm\/warsztaty-gotowania\/\">warsztaty kulinarne dla firm<\/a><\/strong>, a potem wsp\u00f3lnie skonsumowa\u0107 przygotowane dania.<\/p>\n\n\n\n<p>Podczas wyjazdu firmowego w g\u00f3rach mo\u017cna te\u017c zorganizowa\u0107 sesje relaksacyjne, takie jak joga na \u015bwie\u017cym powietrzu, medytacja czy stretching. To pomo\u017ce uczestnikom zrelaksowa\u0107 si\u0119 i odpr\u0119\u017cy\u0107 po intensywnych aktywno\u015bciach. G\u00f3rskie kurorty cz\u0119sto oferuj\u0105 te\u017c bogate zaplecze spa i wellness. Zarezerwuj czas na relaks w saunie, jacuzzi lub masa\u017ce.<\/p>\n\n\n\n<h2 class=\"wp-block-heading\" id=\"ha-integracja-firmowa-w-gorach-korzysci-dla-zespolu\">Integracja firmowa w g\u00f3rach \u2013 korzy\u015bci dla zespo\u0142u<\/h2>\n\n\n\n<p>Organizowanie <strong>imprez integracyjnych w g\u00f3rach<\/strong> przynosi liczne korzy\u015bci dla zespo\u0142u. Przede wszystkim, malownicze <a href=\"https:\/\/www.koronakarkonoszy.pl\/blog-dla-firm\/miejsca-na-impreze-integracyjna\/\"><strong>miejsce na imprez\u0119 integracyjn\u0105<\/strong><\/a>sprzyja odpr\u0119\u017ceniu i redukcji stresu, co pozytywnie wp\u0142ywa na relacje mi\u0119dzy pracownikami. Wsp\u00f3lne pokonywanie g\u00f3rskich szlak\u00f3w czy udzia\u0142 w zaj\u0119ciach na \u015bwie\u017cym powietrzu wzmacnia poczucie wsp\u00f3lnoty i zaufania w zespole. Dodatkowo, <strong>wyjazd integracyjny w g\u00f3ry<\/strong> umo\u017cliwia oderwanie si\u0119 od codziennych obowi\u0105zk\u00f3w biurowych, co sprzyja kreatywno\u015bci i innowacyjnemu my\u015bleniu. Warto r\u00f3wnie\u017c zauwa\u017cy\u0107, \u017ce <a href=\"https:\/\/www.koronakarkonoszy.pl\/blog-dla-firm\/spotkanie-integracyjne\/\"><strong>spotkania integracyjne<\/strong><\/a>w g\u00f3rach cz\u0119sto prowadz\u0105 do lepszej komunikacji mi\u0119dzy pracownikami, co przek\u0142ada si\u0119 na efektywniejsz\u0105 wsp\u00f3\u0142prac\u0119 w przysz\u0142o\u015bci.<\/p>\n\n\n\n<h2 class=\"wp-block-heading\" id=\"ha-pomysly-na-imprezy-integracyjne-w-gorach\">Pomys\u0142y na imprezy integracyjne w g\u00f3rach<\/h2>\n\n\n\n<p>Planowanie <strong>imprezy integracyjnej w g\u00f3rach<\/strong> daje wiele mo\u017cliwo\u015bci dostosowania programu <a href=\"https:\/\/www.koronakarkonoszy.pl\/blog-dla-firm\/organizacja-imprez-integracyjnych\/\"><strong>organizacji imprez integracyjnych dla firm<\/strong><\/a>do potrzeb zespo\u0142u. Mo\u017cna zorganizowa\u0107 warsztaty kulinarne, podczas kt\u00f3rych uczestnicy wsp\u00f3lnie przygotuj\u0105 regionalne potrawy, co sprzyja integracji i nauce nowych umiej\u0119tno\u015bci. Innym <a href=\"https:\/\/www.koronakarkonoszy.pl\/blog-dla-firm\/pomysly-na-integracje-firmowa\/\"><strong>pomys\u0142em na integracj\u0119 firmow\u0105<\/strong><\/a> jest zorganizowanie gry terenowej, kt\u00f3ra wymaga wsp\u00f3\u0142pracy i komunikacji, co wzmacnia relacje w zespole.<\/p>\n\n\n\n<h2 class=\"wp-block-heading\" id=\"ha-integracja-na-lonie-natury-integracja-firmowa-w-gorach\">Integracja na \u0142onie natury \u2013 integracja firmowa w g\u00f3rach<\/h2>\n\n\n\n<p><strong>Imprezy integracyjne w g\u00f3rach<\/strong> oferuj\u0105 wyj\u0105tkowe mo\u017cliwo\u015bci budowania wi\u0119zi w malowniczym otoczeniu. G\u00f3rska sceneria pomaga odpr\u0119\u017cy\u0107 si\u0119 i oderwa\u0107 od codzienno\u015bci, co sprzyja lepszej wsp\u00f3\u0142pracy. <strong>Wyjazd integracyjny w g\u00f3ry<\/strong> wspiera kreatywno\u015b\u0107 i motywacj\u0119, a blisko\u015b\u0107 natury wzmacnia relacje w zespole. Wsp\u00f3lne do\u015bwiadczenia podczas <strong>spotkania integracyjnego w g\u00f3rach<\/strong> buduj\u0105 zaufanie i poczucie jedno\u015bci, co pozytywnie wp\u0142ywa na atmosfer\u0119 w pracy. Dlatego taki wyjazdto inwestycja w efektywno\u015b\u0107 i harmonijn\u0105 wsp\u00f3\u0142prac\u0119 pracownik\u00f3w.<\/p>\n\n\n\n<h2 class=\"wp-block-heading\" id=\"ha-imprezy-integracyjne-w-gorach-scenariusze-wieczornych-atrakcji\">Imprezy integracyjne w g\u00f3rach \u2013 scenariusze wieczornych atrakcji<\/h2>\n\n\n\n<p>Wieczorne <strong>imprezy integracyjne w g\u00f3rach<\/strong> to \u015bwietna okazja do wsp\u00f3lnego relaksu i zabawy. Ogniska z pieczeniem kie\u0142basek czy wieczory tematyczne z regionalnymi potrawami tworz\u0105 niezapomnian\u0105 atmosfer\u0119. <strong>Impreza integracyjna w g\u00f3rach<\/strong> mo\u017ce obejmowa\u0107 r\u00f3wnie\u017c nocne gry terenowe, takie jak podchody, kt\u00f3re rozwijaj\u0105 wsp\u00f3\u0142prac\u0119. Dzi\u0119ki takim atrakcjom <strong>spotkania integracyjne w g\u00f3rach<\/strong> \u0142\u0105cz\u0105 rozrywk\u0119 z umacnianiem wi\u0119zi mi\u0119dzy uczestnikami.<\/p>\n\n\n\n<h2 class=\"wp-block-heading\" id=\"ha-aktywnosci-zespolowe-na-swiezym-powietrzu-impreza-integracyjna-w-gorach\">Aktywno\u015bci zespo\u0142owe na \u015bwie\u017cym powietrzu \u2013 impreza integracyjna w g\u00f3rach<\/h2>\n\n\n\n<p>Podczas <strong>wyjazdu integracyjnego w g\u00f3ry<\/strong> warto postawi\u0107 na aktywno\u015bci sprzyjaj\u0105ce wsp\u00f3\u0142pracy. W\u0119dr\u00f3wki po szlakach czy warsztaty survivalowe ucz\u0105 radzenia sobie w trudnych warunkach. <strong>Impreza integracyjna w g\u00f3rach<\/strong> mo\u017ce obejmowa\u0107 te\u017c zjazdy linowe lub wspinaczk\u0119 ska\u0142kow\u0105, kt\u00f3re dostarczaj\u0105 emocji i wzmacniaj\u0105 zaufanie w zespole. Dzi\u0119ki takim zaj\u0119ciom <strong>integracja firmowa w g\u00f3rach<\/strong> wspiera zar\u00f3wno relacje, jak i zdrowie uczestnik\u00f3w.<\/p>\n\n\n\n<h2 class=\"wp-block-heading\" id=\"ha-wspomnienia-z-wyjazdu-integracyjnego-w-gory\">Wspomnienia z wyjazdu integracyjnego w g\u00f3ry<\/h2>\n\n\n\n<p>Zachowanie wspomnie\u0144 z <strong>imprezy integracyjnej w g\u00f3rach<\/strong> to wa\u017cny element budowania trwa\u0142ych wi\u0119zi. Profesjonalne zdj\u0119cia i filmy z <strong>wyjazdu integracyjnego w g\u00f3ry<\/strong> mog\u0105 by\u0107 doskona\u0142\u0105 pami\u0105tk\u0105. Udost\u0119pnianie relacji z <strong>spotkania integracyjnego w g\u00f3rach<\/strong> w mediach spo\u0142eczno\u015bciowych wzmacnia wizerunek firmy. Regularne wspomnienia o takich wydarzeniach motywuj\u0105 pracownik\u00f3w do udzia\u0142u w kolejnych imprezach, podkre\u015blaj\u0105c ich korzy\u015bci.<\/p>\n\n\n\n<h2 class=\"wp-block-heading\" id=\"ha-wybor-miejsca-na-wyjazd-integracyjny-w-gory\">Wyb\u00f3r miejsca na wyjazd integracyjny w g\u00f3ry<\/h2>\n\n\n\n<p>Kluczowym elementem udanej <strong>integracji firmowej w g\u00f3rach<\/strong> jest wyb\u00f3r <a href=\"https:\/\/www.koronakarkonoszy.pl\/blog-dla-firm\/gdzie-na-wyjazd-integracyjny\/\"><strong>fajnego miejsca na wyjazd integracyjny<\/strong><\/a>. Warto zwr\u00f3ci\u0107 uwag\u0119 na lokalizacje oferuj\u0105ce r\u00f3\u017cnorodne atrakcje oraz komfortowe warunki pobytu. Przyk\u0142adem takiego miejsca jest <a href=\"https:\/\/www.koronakarkonoszy.pl\/\"><strong>Dw\u00f3r Korona Karkonoszy<\/strong><\/a><strong>,<\/strong> kt\u00f3ry \u0142\u0105czy tradycyjn\u0105 architektur\u0119 z nowoczesnymi udogodnieniami. Oferuje on przestronne sale konferencyjne, idealne do przeprowadzenia warsztat\u00f3w czy szkole\u0144, a tak\u017ce mo\u017cliwo\u015b\u0107 organizacji <strong>imprez integracyjnych w g\u00f3rach<\/strong> dostosowanych do indywidualnych potrzeb firmy. Warto rozwa\u017cy\u0107 organizacj\u0119 <a href=\"https:\/\/www.koronakarkonoszy.pl\/imprezy\/imprezy-firmowe-karpacz\/\"><strong>imprez integracyjnych w Karpaczu<\/strong><\/a>, gdzie dost\u0119pne s\u0105 liczne atrakcje, takie jak szlaki turystyczne i o\u015brodki sportowe.<\/p>\n\n\n\n<h2 class=\"wp-block-heading\" id=\"ha-czy-wyjazd-integracyjny-w-gory-sprawdzi-sie-w-kazdej-branzy\">Czy wyjazd integracyjny w g\u00f3ry sprawdzi si\u0119 w ka\u017cdej bran\u017cy?<\/h2>\n\n\n\n<p><strong>Imprezy integracyjne w g\u00f3rach<\/strong> ciesz\u0105 si\u0119 rosn\u0105c\u0105 popularno\u015bci\u0105 w\u015br\u00f3d firm z r\u00f3\u017cnych sektor\u00f3w. Niezale\u017cnie od bran\u017cy, takie wyjazdy oferuj\u0105 unikalne do\u015bwiadczenia, kt\u00f3re sprzyjaj\u0105 budowaniu zespo\u0142u. Pracownicy z sektora IT mog\u0105 czerpa\u0107 korzy\u015bci z oderwania si\u0119 od ekran\u00f3w komputer\u00f3w, uczestnicz\u0105c w aktywno\u015bciach na \u015bwie\u017cym powietrzu. Z kolei zespo\u0142y sprzeda\u017cowe mog\u0105 wzmocni\u0107 swoje relacje poprzez wsp\u00f3lne wyzwania, takie jak wspinaczka czy gry terenowe. Nawet w bran\u017cach kreatywnych, <strong>imprezy integracyjne w g\u00f3rach<\/strong> mog\u0105 pobudzi\u0107 inspiracj\u0119 dzi\u0119ki blisko\u015bci natury.<\/p>\n\n\n\n<h2 class=\"wp-block-heading\" id=\"ha-integracja-miedzypokoleniowa-a-imprezy-integracyjne-w-gorach\">Integracja mi\u0119dzypokoleniowa a imprezy integracyjne w g\u00f3rach<\/h2>\n\n\n\n<p>R\u00f3\u017cnorodno\u015b\u0107 pokole\u0144 w zespole to dzi\u015b codzienno\u015b\u0107, dlatego <strong>imprezy integracyjne w g\u00f3rach<\/strong> \u015bwietnie wspieraj\u0105 budowanie most\u00f3w mi\u0119dzy pracownikami w r\u00f3\u017cnym wieku. G\u00f3rska sceneria u\u0142atwia nawi\u0105zywanie relacji i prze\u0142amywanie barier \u2013 wsp\u00f3lne wyzwania jednocz\u0105 i ucz\u0105 wsp\u00f3\u0142pracy. <strong>Impreza integracyjna w g\u00f3rach<\/strong> to tak\u017ce okazja do wzajemnego poznania si\u0119 w nieformalnej atmosferze, sprzyjaj\u0105cej szczerym rozmowom. Wielopokoleniowe zespo\u0142y mog\u0105 dzieli\u0107 si\u0119 do\u015bwiadczeniem, ucz\u0105c si\u0119 od siebie nawzajem \u2013 przy ognisku, w trakcie gier terenowych czy spacer\u00f3w. Dzi\u0119ki temu <strong>spotkania integracyjne w g\u00f3rach<\/strong> staj\u0105 si\u0119 przestrzeni\u0105 dla wymiany warto\u015bci i perspektyw.<\/p>\n\n\n\n<h2 class=\"wp-block-heading\" id=\"ha-dlaczego-wyjazd-integracyjny-w-gory-sprzyja-budowaniu-relacji-w-zespole\">Dlaczego wyjazd integracyjny w g\u00f3ry sprzyja budowaniu relacji w zespole?<\/h2>\n\n\n\n<p><strong>Wyjazd integracyjny w g\u00f3ry<\/strong> buduje zesp\u00f3\u0142 dzi\u0119ki wsp\u00f3lnemu prze\u017cywaniu przyg\u00f3d i pokonywaniu trudno\u015bci. Tego typu do\u015bwiadczenia sprzyjaj\u0105 budowaniu zaufania, rozwijaniu komunikacji i ujawnianiu naturalnych lider\u00f3w. <strong>Spotkania integracyjne w g\u00f3rach<\/strong> pozwalaj\u0105 uczestnikom spojrze\u0107 na siebie z innej perspektywy ni\u017c w biurze. Nieformalne warunki sprzyjaj\u0105 lepszej atmosferze i u\u0142atwiaj\u0105 budowanie relacji, kt\u00f3re procentuj\u0105 w codziennej pracy. Jednocze\u015bnie <strong>integracja firmowa w g\u00f3rach<\/strong> to skuteczny spos\u00f3b na redukcj\u0119 stresu i popraw\u0119 samopoczucia. Dzi\u0119ki r\u00f3\u017cnorodnym aktywno\u015bciom <strong>imprezy integracyjne w g\u00f3rach<\/strong> anga\u017cuj\u0105 wszystkich \u2013 niezale\u017cnie od wieku czy roli w firmie.<\/p>\n\n\n\n<h2 class=\"wp-block-heading\" id=\"ha-jak-dopasowac-spotkania-integracyjne-w-gorach-do-charakteru-firmy\">Jak dopasowa\u0107 spotkania integracyjne w g\u00f3rach do charakteru firmy?<\/h2>\n\n\n\n<p>Aby <strong>spotkania integracyjne w g\u00f3rach<\/strong> by\u0142y skuteczne, musz\u0105 odpowiada\u0107 potrzebom konkretnej organizacji. Zespo\u0142y kreatywne mog\u0105 skorzysta\u0107 z warsztat\u00f3w w plenerze, techniczne \u2013 z logicznych gier terenowych. Kluczem jest elastyczno\u015b\u0107 i mo\u017cliwo\u015b\u0107 wsp\u00f3\u0142tworzenia programu \u2013 wtedy <strong>imprezy integracyjne w g\u00f3rach<\/strong> s\u0105 bardziej anga\u017cuj\u0105ce. Wa\u017cne, by znale\u017a\u0107 balans mi\u0119dzy relaksem a integracj\u0105. Dobrze przemy\u015blany <strong>wyjazd integracyjny w g\u00f3ry<\/strong> wzmacnia motywacj\u0119, lojalno\u015b\u0107 i zaanga\u017cowanie zespo\u0142u. Dlatego <strong>integracja firmowa w g\u00f3rach<\/strong> to inwestycja, kt\u00f3ra przynosi d\u0142ugofalowe korzy\u015bci \u2013 zar\u00f3wno zespo\u0142owe, jak i biznesowe.<\/p>\n\n\n\n<h2 class=\"wp-block-heading\" id=\"ha-imprezy-integracyjne-w-gorach-zima-vs-latem-jakie-sa-kluczowe-roznice\">Imprezy integracyjne w g\u00f3rach zim\u0105 vs latem \u2013 jakie s\u0105 kluczowe r\u00f3\u017cnice?<\/h2>\n\n\n\n<p>Organizuj\u0105c <strong>imprezy integracyjne w g\u00f3rach<\/strong>, warto rozwa\u017cy\u0107 sezon, w kt\u00f3rym maj\u0105 si\u0119 odby\u0107. Zim\u0105 dominuj\u0105 atrakcje takie jak jazda na nartach, kuligi czy budowanie igloo, kt\u00f3re wymagaj\u0105 od uczestnik\u00f3w wsp\u00f3\u0142pracy w trudniejszych warunkach. Latem natomiast popularne s\u0105 piesze w\u0119dr\u00f3wki, sp\u0142ywy kajakowe czy wspinaczka, oferuj\u0105ce r\u00f3\u017cnorodne formy aktywno\u015bci. Niezale\u017cnie od pory roku, <strong>imprezy integracyjne w g\u00f3rach<\/strong> dostarczaj\u0105 niezapomnianych wra\u017ce\u0144 i skutecznie wzmacniaj\u0105 wi\u0119zi w zespole.<\/p>\n\n\n<section id=\"leonardo-block_046605765821309aa4bd9b520aaaa641\" class=\"leonardo page-breaker leonardo-image-left\">\n    <div class=\"leonardo-body\">\n        <h2 class=\"leonardo-title\" id=\"h-jak-rozliczyc-wyjazd-firmowy-w-gory\">Jak rozliczy\u0107 wyjazd firmowy w g\u00f3ry?<\/h2>        <div class=\"leonardo-content\"><p><!-- wp:heading --><\/p>\n<p>Rozliczenie wyjazdu firmowego w g\u00f3ry zale\u017cy od polityki finansowej i procedur obowi\u0105zuj\u0105cych w Twojej firmie. Oto og\u00f3lne wskaz\u00f3wki dotycz\u0105ce rozliczania takiego wyjazdu:<\/p>\n<p><!-- \/wp:paragraph --> <!-- wp:paragraph --><\/p>\n<ul>\n<li>Zachowaj dokumentacj\u0119. Upewnij si\u0119, \u017ce masz pe\u0142n\u0105 dokumentacj\u0119 dotycz\u0105c\u0105 wydatk\u00f3w zwi\u0105zanych z wyjazdem. Obejmuje to faktury, rachunki, potwierdzenia p\u0142atno\u015bci, bilety, dokumenty dotycz\u0105ce zakwaterowania, transportu, atrakcji, posi\u0142k\u00f3w itp. Staraj si\u0119 zachowa\u0107 orygina\u0142y lub skanowa\u0107 dokumenty dla cel\u00f3w archiwizacyjnych.<\/li>\n<li><!-- \/wp:paragraph --> <!-- wp:paragraph -->Zapoznaj si\u0119 z polityk\u0105 firmow\u0105 dotycz\u0105c\u0105 rozliczania podr\u00f3\u017cy s\u0142u\u017cbowych. Upewnij si\u0119, \u017ce wiesz, jakie s\u0105 limity koszt\u00f3w, jakie s\u0105 akceptowane rodzaje wydatk\u00f3w i jakie s\u0105 procedury rozliczeniowe.<\/li>\n<li><!-- \/wp:paragraph --> <!-- wp:paragraph -->Wype\u0142nij formularze rozliczeniowe zgodnie z wymaganiami Twojej firmy. Zazwyczaj b\u0119d\u0105 zawiera\u0107 informacje o celu podr\u00f3\u017cy, daty, koszty zakwaterowania, transportu, posi\u0142k\u00f3w, atrakcji, itp. Przedstaw pe\u0142n\u0105 i dok\u0142adn\u0105 informacj\u0119.<\/li>\n<li><!-- \/wp:paragraph --> <!-- wp:paragraph -->Podaj koszty zwi\u0105zane z transportem, takie jak bilety lotnicze, poci\u0105gowe, koszty wynajmu samochod\u00f3w, przejazdy taks\u00f3wk\u0105 itp. Do\u0142\u0105cz dokumenty potwierdzaj\u0105ce te wydatki.<\/li>\n<li><!-- \/wp:paragraph --> <!-- wp:paragraph -->Uwzgl\u0119dnij koszty zakwaterowania w g\u00f3rach, takie jak hotel, pensjonat, apartament lub domek letniskowy. Do\u0142\u0105cz rachunki i potwierdzenia p\u0142atno\u015bci.<\/li>\n<li><!-- \/wp:paragraph --> <!-- wp:paragraph -->Zanotuj koszty posi\u0142k\u00f3w podczas wyjazdu, zar\u00f3wno w restauracjach, jak i w przypadku cateringu na miejscu. Dostosuj si\u0119 do limit\u00f3w okre\u015blonych przez firm\u0119.<\/li>\n<li><!-- \/wp:paragraph --> <!-- wp:paragraph -->Je\u015bli by\u0142y jakiekolwiek dodatkowe wydatki, takie jak atrakcje turystyczne, bilety wst\u0119pu, lekcje narciarstwa itp., podaj je w formularzu rozliczeniowym i do\u0142\u0105cz dokumenty potwierdzaj\u0105ce p\u0142atno\u015bci.<\/li>\n<li><!-- \/wp:paragraph --> <!-- wp:paragraph -->Przedstaw wszystkie koszty w formie raportu rozliczeniowego zgodnie z procedurami obowi\u0105zuj\u0105cymi w Twojej firmie. Wprowad\u017a dok\u0142adne dane i zapewnij przejrzysto\u015b\u0107 w swoim rozliczeniu.<\/li>\n<li><!-- \/wp:paragraph --> <!-- wp:paragraph -->Terminy i procedury: Przestrzegaj termin\u00f3w i procedur dotycz\u0105cych rozliczenia wyjazdu. Upewnij si\u0119, \u017ce przesy\u0142asz rozliczenie we wskazanym czasie i zgodnie z obowi\u0105zuj\u0105cymi wymaganiami.<\/li>\n<\/ul>\n<p><!-- \/wp:paragraph --><\/p>\n<\/div>\n            <\/div>\n    <div class=\"leonardo-image\">\n        <img loading=\"lazy\" decoding=\"async\" width=\"788\" height=\"525\" src=\"https:\/\/www.koronakarkonoszy.pl\/blog-dla-firm\/wp-content\/uploads\/2021\/05\/imprezy-firmowe-w-gorach-2.jpg\" class=\"attachment-full size-full\" alt=\"Imprezy firmowe w g\u00f3rach, Karkonosze\" srcset=\"https:\/\/www.koronakarkonoszy.pl\/blog-dla-firm\/wp-content\/uploads\/2021\/05\/imprezy-firmowe-w-gorach-2.jpg 788w, https:\/\/www.koronakarkonoszy.pl\/blog-dla-firm\/wp-content\/uploads\/2021\/05\/imprezy-firmowe-w-gorach-2-300x200.jpg 300w, https:\/\/www.koronakarkonoszy.pl\/blog-dla-firm\/wp-content\/uploads\/2021\/05\/imprezy-firmowe-w-gorach-2-768x512.jpg 768w\" sizes=\"auto, (max-width: 788px) 100vw, 788px\" \/>            <\/div>\n<\/section>\n\n\n<h3 class=\"wp-block-heading\" id=\"ha-gdzie-na-wyjazd-integracyjny-w-gory\">Gdzie na wyjazd integracyjny w g\u00f3ry?<\/h3>\n\n\n\n<p>Istnieje wiele wspania\u0142ych miejsc na wyjazd integracyjny w g\u00f3ry, zar\u00f3wno w Polsce, jak i za granic\u0105. Oto kilka popularnych destynacji:<\/p>\n\n\n\n<ul class=\"wp-block-list\">\n<li>Karkonosze to wspania\u0142e i malownicze g\u00f3ry w po\u0142udniowej Polsce. Oferuj\u0105 r\u00f3\u017cnorodne mo\u017cliwo\u015bci aktywnego sp\u0119dzania czasu, takie jak w\u0119dr\u00f3wki, wspinaczka, jazda na nartach czy snowboardzie. Karpacz i okolice, na przyk\u0142ad Sosn\u00f3wka po\u0142o\u017cona nad pi\u0119knym zalewem, s\u0105 popularnymi miejscowo\u015bciami, gdzie mo\u017cna znale\u017a\u0107 liczne schroniska, pensjonaty i atrakcje turystyczne.<\/li>\n<\/ul>\n\n\n\n<figure class=\"wp-block-image size-large\"><img loading=\"lazy\" decoding=\"async\" width=\"1024\" height=\"615\" src=\"https:\/\/www.koronakarkonoszy.pl\/blog-dla-firm\/wp-content\/uploads\/2022\/09\/DJI_0018-1-1024x615.jpg\" alt=\"\" class=\"wp-image-3581\" srcset=\"https:\/\/www.koronakarkonoszy.pl\/blog-dla-firm\/wp-content\/uploads\/2022\/09\/DJI_0018-1-1024x615.jpg 1024w, https:\/\/www.koronakarkonoszy.pl\/blog-dla-firm\/wp-content\/uploads\/2022\/09\/DJI_0018-1-300x180.jpg 300w, https:\/\/www.koronakarkonoszy.pl\/blog-dla-firm\/wp-content\/uploads\/2022\/09\/DJI_0018-1-768x461.jpg 768w, https:\/\/www.koronakarkonoszy.pl\/blog-dla-firm\/wp-content\/uploads\/2022\/09\/DJI_0018-1-1920x1152.jpg 1920w, https:\/\/www.koronakarkonoszy.pl\/blog-dla-firm\/wp-content\/uploads\/2022\/09\/DJI_0018-1-1536x922.jpg 1536w, https:\/\/www.koronakarkonoszy.pl\/blog-dla-firm\/wp-content\/uploads\/2022\/09\/DJI_0018-1.jpg 2048w\" sizes=\"auto, (max-width: 1024px) 100vw, 1024px\" \/><\/figure>\n\n\n\n<ul class=\"wp-block-list\">\n<li>Alpy to najwy\u017csze g\u00f3ry w Europie, rozci\u0105gaj\u0105ce si\u0119 przez kilka kraj\u00f3w, takich jak Francja, Szwajcaria, W\u0142ochy, Austria i Niemcy. Oferuj\u0105 szeroki wyb\u00f3r o\u015brodk\u00f3w narciarskich, wspania\u0142e trasy piesze i rowerowe, oraz wiele innych atrakcji.<\/li>\n<\/ul>\n\n\n\n<ul class=\"wp-block-list\">\n<li>Dolomity we W\u0142oszech znane s\u0105 z malowniczych krajobraz\u00f3w, skalnych formacji i spektakularnych tras wspinaczkowych. Dolomity oferuj\u0105 r\u00f3wnie\u017c wiele tras narciarskich oraz mo\u017cliwo\u015bci pieszych wycieczek.<\/li>\n<\/ul>\n\n\n\n<ul class=\"wp-block-list\">\n<li>Rocky Mountains, Kanada i USA. G\u00f3ry Skaliste to obszar o imponuj\u0105cych krajobrazach i r\u00f3\u017cnorodnych atrakcjach. Oferuj\u0105 wspania\u0142e trasy narciarskie, szlaki do uprawiania turystyki pieszej, wspinaczki, kajakarstwa i wiele wi\u0119cej.<\/li>\n<\/ul>\n\n\n\n<figure class=\"wp-block-image size-large\"><img loading=\"lazy\" decoding=\"async\" width=\"1024\" height=\"683\" src=\"https:\/\/www.koronakarkonoszy.pl\/blog-dla-firm\/wp-content\/uploads\/2021\/04\/karkonosze-1024x683.jpg\" alt=\"\" class=\"wp-image-6185\" srcset=\"https:\/\/www.koronakarkonoszy.pl\/blog-dla-firm\/wp-content\/uploads\/2021\/04\/karkonosze-1024x683.jpg 1024w, https:\/\/www.koronakarkonoszy.pl\/blog-dla-firm\/wp-content\/uploads\/2021\/04\/karkonosze-300x200.jpg 300w, https:\/\/www.koronakarkonoszy.pl\/blog-dla-firm\/wp-content\/uploads\/2021\/04\/karkonosze-768x512.jpg 768w, https:\/\/www.koronakarkonoszy.pl\/blog-dla-firm\/wp-content\/uploads\/2021\/04\/karkonosze-1920x1280.jpg 1920w, https:\/\/www.koronakarkonoszy.pl\/blog-dla-firm\/wp-content\/uploads\/2021\/04\/karkonosze-1536x1024.jpg 1536w, https:\/\/www.koronakarkonoszy.pl\/blog-dla-firm\/wp-content\/uploads\/2021\/04\/karkonosze-2048x1365.jpg 2048w, https:\/\/www.koronakarkonoszy.pl\/blog-dla-firm\/wp-content\/uploads\/2021\/04\/karkonosze-18x12.jpg 18w\" sizes=\"auto, (max-width: 1024px) 100vw, 1024px\" \/><\/figure>\n\n\n\n<ul class=\"wp-block-list\">\n<li>Szwajcaria jest znanym krajem g\u00f3rskim, oferuj\u0105cym wiele pi\u0119knych miejsc do odwiedzenia. Alpy Szwajcarskie zapewniaj\u0105 doskona\u0142e warunki do wspinaczki, narciarstwa, snowboardingu oraz turystyki pieszej. Znajdziesz tam r\u00f3wnie\u017c urokliwe miasteczka, takie jak Zermatt czy St. Moritz.<\/li>\n<\/ul>\n\n\n\n<ul class=\"wp-block-list\">\n<li>Chamonix jest popularnym o\u015brodkiem narciarskim i g\u00f3rskim, po\u0142o\u017conym w Alpach Francuskich. To miejsce s\u0142ynie z wspania\u0142ych tras narciarskich, wspinaczki, snowboardingu oraz mo\u017cliwo\u015bci podziwiania malowniczych krajobraz\u00f3w.<\/li>\n<\/ul>\n\n\n\n<p>Pami\u0119taj, \u017ce wyb\u00f3r miejsca zale\u017cy od preferencji grupy, sezonu, bud\u017cetu oraz dost\u0119pnych atrakcji i infrastruktury w danym regionie. Wiadomo, \u017ce w przypadku wyjazdu firmowego dla ca\u0142ej za\u0142ogi nie wybierzemy G\u00f3r Skalistych, ale je\u015bli chodzi o <a href=\"https:\/\/www.koronakarkonoszy.pl\/blog-dla-firm\/wyjazd-motywacyjny\/\"><strong>wyjazd motywacyjny<\/strong><\/a> dla kilku os\u00f3b, to dlaczego nie?&nbsp;<\/p>\n\n\n\n<figure class=\"wp-block-image size-full\"><img loading=\"lazy\" decoding=\"async\" width=\"1000\" height=\"562\" src=\"https:\/\/www.koronakarkonoszy.pl\/blog-dla-firm\/wp-content\/uploads\/2023\/06\/karpacz3.jpg\" alt=\"\" class=\"wp-image-6526\" srcset=\"https:\/\/www.koronakarkonoszy.pl\/blog-dla-firm\/wp-content\/uploads\/2023\/06\/karpacz3.jpg 1000w, https:\/\/www.koronakarkonoszy.pl\/blog-dla-firm\/wp-content\/uploads\/2023\/06\/karpacz3-300x169.jpg 300w, https:\/\/www.koronakarkonoszy.pl\/blog-dla-firm\/wp-content\/uploads\/2023\/06\/karpacz3-768x432.jpg 768w, https:\/\/www.koronakarkonoszy.pl\/blog-dla-firm\/wp-content\/uploads\/2023\/06\/karpacz3-18x10.jpg 18w\" sizes=\"auto, (max-width: 1000px) 100vw, 1000px\" \/><figcaption class=\"wp-element-caption\"><strong>Karpacz \u2013 popularne miejsce na wyjazd integracyjny w g\u00f3ry<\/strong><\/figcaption><\/figure>\n\n\n\n<h3 class=\"wp-block-heading\" id=\"h-jak-zorganizowac-wyjazd-integracyjny-w-gorach-podsumowanie\">Jak zorganizowa\u0107 wyjazd integracyjny w g\u00f3rach &#8211; podsumowanie<\/h3>\n\n\n\n<p>Organizacja wyjazdu firmowego mo\u017ce by\u0107 ciekawym, ale r\u00f3wnie\u017c wymagaj\u0105cym zadaniem. Oto kilka rad, kt\u00f3re pomog\u0105 Ci zorganizowa\u0107 udan\u0105 imprez\u0119 integracyjn\u0105. Przede wszystkim okre\u015bl cel wyjazdu i bud\u017cet. Czy chcesz zwi\u0119kszy\u0107 zaanga\u017cowanie zespo\u0142u, zintegrowa\u0107 nowych cz\u0142onk\u00f3w zespo\u0142u czy po prostu umo\u017cliwi\u0107 relaks i zabaw\u0119? Ustal r\u00f3wnie\u017c bud\u017cet, kt\u00f3ry masz do dyspozycji, aby mie\u0107 jasne wytyczne podczas planowania. Nast\u0119pnie wybierz odpowiedni\u0105 lokalizacj\u0119. To kluczowy element udanego wyjazdu integracyjnego. Zastan\u00f3w si\u0119, czy chcesz zorganizowa\u0107 event w mie\u015bcie, na wsi, w o\u015brodku wypoczynkowym czy mo\u017ce w innym kraju. Rozwa\u017c dost\u0119pno\u015b\u0107 obiekt\u00f3w konferencyjnych i eventowych, atrakcje turystyczne, zakwaterowanie i transport w wybranej lokalizacji. Zapytaj cz\u0142onk\u00f3w zespo\u0142u o ich preferencje i sugestie dotycz\u0105ce wyjazdu. Mo\u017cesz przeprowadzi\u0107 ankiet\u0119 lub zorganizowa\u0107 spotkanie, aby pozna\u0107 ich oczekiwania i upewni\u0107 si\u0119, \u017ce planujesz wyjazd, kt\u00f3ry spe\u0142ni ich oczekiwania. Zaplanuj takie aktywno\u015bci, kt\u00f3re b\u0119d\u0105 sprzyja\u0107 integracji i budowaniu relacji w zespole. Mog\u0105 to by\u0107 gry zespo\u0142owe, wsp\u00f3lne projekty, warsztaty rozwojowe, wyzwania itp. Wa\u017cne jest, aby uwzgl\u0119dni\u0107 r\u00f3\u017cne zainteresowania i umiej\u0119tno\u015bci cz\u0142onk\u00f3w zespo\u0142u.<\/p>\n\n\n\n<figure class=\"wp-block-image size-large\"><a href=\"https:\/\/www.koronakarkonoszy.pl\/imprezy-firmowe\/\" target=\"_blank\" rel=\"noreferrer noopener\"><img loading=\"lazy\" decoding=\"async\" width=\"1024\" height=\"512\" src=\"https:\/\/www.koronakarkonoszy.pl\/blog-dla-firm\/wp-content\/uploads\/2022\/10\/team_building_DKK-1024x512.jpg\" alt=\"\" class=\"wp-image-3867\" srcset=\"https:\/\/www.koronakarkonoszy.pl\/blog-dla-firm\/wp-content\/uploads\/2022\/10\/team_building_DKK-1024x512.jpg 1024w, https:\/\/www.koronakarkonoszy.pl\/blog-dla-firm\/wp-content\/uploads\/2022\/10\/team_building_DKK-300x150.jpg 300w, https:\/\/www.koronakarkonoszy.pl\/blog-dla-firm\/wp-content\/uploads\/2022\/10\/team_building_DKK-768x384.jpg 768w, https:\/\/www.koronakarkonoszy.pl\/blog-dla-firm\/wp-content\/uploads\/2022\/10\/team_building_DKK.jpg 1200w\" sizes=\"auto, (max-width: 1024px) 100vw, 1024px\" \/><\/a><\/figure>\n\n\n\n<p>Nast\u0119pnie opracuj harmonogram, kt\u00f3ry uwzgl\u0119dnia r\u00f3\u017cne aktywno\u015bci i atrakcje. Mo\u017ce on obejmowa\u0107 gry zespo\u0142owe, warsztaty, relaks, wieczorne wydarzenia rozrywkowe itp. Upewnij si\u0119, \u017ce harmonogram jest zr\u00f3wnowa\u017cony i daje czas zar\u00f3wno na aktywno\u015b\u0107, jak i na relaks. Zapewnij smaczne jedzenie i napoje, kt\u00f3re zaspokoj\u0105 r\u00f3\u017cne preferencje dietetyczne. Najlepiej skonsultuj si\u0119 z uczestnikami, je\u015bli maj\u0105 specjalne wymagania \u017cywieniowe.<\/p>\n\n\n<style>\n  .destination_map {\n    margin: 1.5em 0;\n  }\n\n  body:not(.wp-admin) .admin {\n    display: none;\n  }\n\n  .map {\n    max-width: 800px;\n    height: 400px;\n  }\n\n  .wp-admin .map {\n    display: none;\n  }\n<\/style>\n\n<div id=\"destination_map-block_7f62e5b71827610276b1edc280906f9e\" class=\"destination_map\">\n  <div class=\"destinationmap-body admin\" style=\"background-color: lightblue;\">\n        Mapa dojazdu\n  <\/div>\n  <div id=\"block_7f62e5b71827610276b1edc280906f9e\" class=\"map\"><\/div>\n<\/div>\n\n<script>\n  (function($) {\n\n    function mapLocation() {\n      var directionsDisplay;\n      var directionsService = new google.maps.DirectionsService();\n      var map;\n\n      function initialize() {\n        var pos = new google.maps.LatLng(50.8190591, 15.7212853);\n        var mapOptions = {\n          zoom: 11,\n          center: pos\n        };\n        map = new google.maps.Map(document.getElementById('block_7f62e5b71827610276b1edc280906f9e'), mapOptions);\n\n        var marker = new google.maps.Marker({\n          position: pos,\n          map: map\n        });\n\n      }\n\n      google.maps.event.addDomListener(window, 'load', initialize);\n    }\n    mapLocation();\n\n  })(jQuery);\n<\/script>\n\n\n<p>Jak zorganizowa\u0107 imprez\u0119 &#8211; zobacz <a href=\"https:\/\/www.koronakarkonoszy.pl\/blog-dla-firm\/konfigurator-imprez-firmowych\/\">konfigurator imprez<\/a><\/p>\n","protected":false},"excerpt":{"rendered":"<p>Integracja,&nbsp;team building, tworzenie wi\u0119zi w zespole \u2013 te idee w ostatnich latach zyska\u0142y ogromn\u0105 popularno\u015b\u0107 w\u015br\u00f3d firm i przedsi\u0119biorc\u00f3w na ca\u0142ym \u015bwiecie. Okaza\u0142o si\u0119 bowiem, \u017ce eventy integracyjne bardzo wyra\u017anie przyczyniaj\u0105 si\u0119 do podniesienia produktywno\u015bci i zaanga\u017cowania pracownik\u00f3w w codzienne obowi\u0105zki. Jest to te\u017c \u015bwietny spos\u00f3b na odstresowania i roz\u0142adowanie napi\u0119cia w zespole. Jednym z [&hellip;]<\/p>\n","protected":false},"author":11,"featured_media":562,"comment_status":"closed","ping_status":"closed","sticky":false,"template":"","format":"standard","meta":{"_acf_changed":false,"footnotes":""},"categories":[16,17,8],"class_list":["post-560","post","type-post","status-publish","format-standard","has-post-thumbnail","hentry","category-imprezy-firmowe","category-integracja","category-team-building"],"acf":[],"yoast_head":"<!-- This site is optimized with the Yoast SEO Premium plugin v27.4 (Yoast SEO v27.4) - https:\/\/yoast.com\/product\/yoast-seo-premium-wordpress\/ -->\n<title>Imprezy integracyjne w g\u00f3rach \u2013 zalety i organizacja<\/title>\n<meta name=\"description\" content=\"Imprezy integracyjne w g\u00f3rach to po\u0142\u0105czenie aktywno\u015bci z relaksem. Dowiedz si\u0119, jak zorganizowa\u0107 takie wydarzenie. Kliknij i sprawd\u017a!\" \/>\n<meta name=\"robots\" content=\"index, follow, max-snippet:-1, max-image-preview:large, max-video-preview:-1\" \/>\n<link rel=\"canonical\" href=\"https:\/\/www.koronakarkonoszy.pl\/blog-dla-firm\/en\/integration-trip-in-the-mountains-exciting-and-unforgettable-experience\/\" \/>\n<meta property=\"og:locale\" content=\"en_GB\" \/>\n<meta property=\"og:type\" content=\"article\" \/>\n<meta property=\"og:title\" content=\"Wyjazd integracyjny w g\u00f3rach - tw\u00f3rz niezapomniane prze\u017cycia!\" \/>\n<meta property=\"og:description\" content=\"Imprezy integracyjne w g\u00f3rach to po\u0142\u0105czenie aktywno\u015bci z relaksem. Dowiedz si\u0119, jak zorganizowa\u0107 takie wydarzenie. Kliknij i sprawd\u017a!\" \/>\n<meta property=\"og:url\" content=\"https:\/\/www.koronakarkonoszy.pl\/blog-dla-firm\/en\/integration-trip-in-the-mountains-exciting-and-unforgettable-experience\/\" \/>\n<meta property=\"og:site_name\" content=\":: Blog dla firm - szkolenia, zarz\u0105dzanie zespo\u0142em, team building\" \/>\n<meta property=\"article:published_time\" content=\"2024-06-28T16:41:00+00:00\" \/>\n<meta property=\"article:modified_time\" content=\"2025-04-18T07:24:42+00:00\" \/>\n<meta property=\"og:image\" content=\"https:\/\/www.koronakarkonoszy.pl\/blog-dla-firm\/wp-content\/uploads\/2021\/07\/Wyjazd-integracyjny-w-gorach1.jpg\" \/>\n\t<meta property=\"og:image:width\" content=\"1024\" \/>\n\t<meta property=\"og:image:height\" content=\"768\" \/>\n\t<meta property=\"og:image:type\" content=\"image\/jpeg\" \/>\n<meta name=\"author\" content=\"agnieszka\" \/>\n<meta name=\"twitter:card\" content=\"summary_large_image\" \/>\n<meta name=\"twitter:label1\" content=\"Written by\" \/>\n\t<meta name=\"twitter:data1\" content=\"agnieszka\" \/>\n\t<meta name=\"twitter:label2\" content=\"Estimated reading time\" \/>\n\t<meta name=\"twitter:data2\" content=\"21 minutes\" \/>\n<script type=\"application\/ld+json\" class=\"yoast-schema-graph\">{\"@context\":\"https:\\\/\\\/schema.org\",\"@graph\":[{\"@type\":\"Article\",\"@id\":\"https:\\\/\\\/www.koronakarkonoszy.pl\\\/blog-dla-firm\\\/wyjazd-integracyjny-w-gorach\\\/#article\",\"isPartOf\":{\"@id\":\"https:\\\/\\\/www.koronakarkonoszy.pl\\\/blog-dla-firm\\\/wyjazd-integracyjny-w-gorach\\\/\"},\"author\":{\"name\":\"agnieszka\",\"@id\":\"https:\\\/\\\/www.koronakarkonoszy.pl\\\/blog-dla-firm\\\/#\\\/schema\\\/person\\\/c06752c3cb176906b455582ff7ef925e\"},\"headline\":\"Wyjazd integracyjny w g\u00f3rach &#8211; tw\u00f3rz niezapomniane prze\u017cycia!\",\"datePublished\":\"2024-06-28T16:41:00+00:00\",\"dateModified\":\"2025-04-18T07:24:42+00:00\",\"mainEntityOfPage\":{\"@id\":\"https:\\\/\\\/www.koronakarkonoszy.pl\\\/blog-dla-firm\\\/wyjazd-integracyjny-w-gorach\\\/\"},\"wordCount\":3685,\"image\":{\"@id\":\"https:\\\/\\\/www.koronakarkonoszy.pl\\\/blog-dla-firm\\\/wyjazd-integracyjny-w-gorach\\\/#primaryimage\"},\"thumbnailUrl\":\"https:\\\/\\\/www.koronakarkonoszy.pl\\\/blog-dla-firm\\\/wp-content\\\/uploads\\\/2021\\\/07\\\/Wyjazd-integracyjny-w-gorach1.jpg\",\"articleSection\":[\"Imprezy firmowe\",\"Integracja\",\"Team Building\"],\"inLanguage\":\"en-GB\"},{\"@type\":\"WebPage\",\"@id\":\"https:\\\/\\\/www.koronakarkonoszy.pl\\\/blog-dla-firm\\\/wyjazd-integracyjny-w-gorach\\\/\",\"url\":\"https:\\\/\\\/www.koronakarkonoszy.pl\\\/blog-dla-firm\\\/wyjazd-integracyjny-w-gorach\\\/\",\"name\":\"Imprezy integracyjne w g\u00f3rach \u2013 zalety i organizacja\",\"isPartOf\":{\"@id\":\"https:\\\/\\\/www.koronakarkonoszy.pl\\\/blog-dla-firm\\\/#website\"},\"primaryImageOfPage\":{\"@id\":\"https:\\\/\\\/www.koronakarkonoszy.pl\\\/blog-dla-firm\\\/wyjazd-integracyjny-w-gorach\\\/#primaryimage\"},\"image\":{\"@id\":\"https:\\\/\\\/www.koronakarkonoszy.pl\\\/blog-dla-firm\\\/wyjazd-integracyjny-w-gorach\\\/#primaryimage\"},\"thumbnailUrl\":\"https:\\\/\\\/www.koronakarkonoszy.pl\\\/blog-dla-firm\\\/wp-content\\\/uploads\\\/2021\\\/07\\\/Wyjazd-integracyjny-w-gorach1.jpg\",\"datePublished\":\"2024-06-28T16:41:00+00:00\",\"dateModified\":\"2025-04-18T07:24:42+00:00\",\"author\":{\"@id\":\"https:\\\/\\\/www.koronakarkonoszy.pl\\\/blog-dla-firm\\\/#\\\/schema\\\/person\\\/c06752c3cb176906b455582ff7ef925e\"},\"description\":\"Imprezy integracyjne w g\u00f3rach to po\u0142\u0105czenie aktywno\u015bci z relaksem. Dowiedz si\u0119, jak zorganizowa\u0107 takie wydarzenie. Kliknij i sprawd\u017a!\",\"breadcrumb\":{\"@id\":\"https:\\\/\\\/www.koronakarkonoszy.pl\\\/blog-dla-firm\\\/wyjazd-integracyjny-w-gorach\\\/#breadcrumb\"},\"inLanguage\":\"en-GB\",\"potentialAction\":[{\"@type\":\"ReadAction\",\"target\":[\"https:\\\/\\\/www.koronakarkonoszy.pl\\\/blog-dla-firm\\\/wyjazd-integracyjny-w-gorach\\\/\"]}]},{\"@type\":\"ImageObject\",\"inLanguage\":\"en-GB\",\"@id\":\"https:\\\/\\\/www.koronakarkonoszy.pl\\\/blog-dla-firm\\\/wyjazd-integracyjny-w-gorach\\\/#primaryimage\",\"url\":\"https:\\\/\\\/www.koronakarkonoszy.pl\\\/blog-dla-firm\\\/wp-content\\\/uploads\\\/2021\\\/07\\\/Wyjazd-integracyjny-w-gorach1.jpg\",\"contentUrl\":\"https:\\\/\\\/www.koronakarkonoszy.pl\\\/blog-dla-firm\\\/wp-content\\\/uploads\\\/2021\\\/07\\\/Wyjazd-integracyjny-w-gorach1.jpg\",\"width\":1024,\"height\":768,\"caption\":\"Wyjazd integracyjny w g\u00f3rach - skutery\"},{\"@type\":\"BreadcrumbList\",\"@id\":\"https:\\\/\\\/www.koronakarkonoszy.pl\\\/blog-dla-firm\\\/wyjazd-integracyjny-w-gorach\\\/#breadcrumb\",\"itemListElement\":[{\"@type\":\"ListItem\",\"position\":1,\"name\":\"Strona g\u0142\u00f3wna\",\"item\":\"https:\\\/\\\/www.koronakarkonoszy.pl\\\/blog-dla-firm\\\/\"},{\"@type\":\"ListItem\",\"position\":2,\"name\":\"Wyjazd integracyjny w g\u00f3rach &#8211; tw\u00f3rz niezapomniane prze\u017cycia!\"}]},{\"@type\":\"WebSite\",\"@id\":\"https:\\\/\\\/www.koronakarkonoszy.pl\\\/blog-dla-firm\\\/#website\",\"url\":\"https:\\\/\\\/www.koronakarkonoszy.pl\\\/blog-dla-firm\\\/\",\"name\":\":: Blog dla firm - szkolenia, zarz\u0105dzanie zespo\u0142em, team building\",\"description\":\"\",\"potentialAction\":[{\"@type\":\"SearchAction\",\"target\":{\"@type\":\"EntryPoint\",\"urlTemplate\":\"https:\\\/\\\/www.koronakarkonoszy.pl\\\/blog-dla-firm\\\/?s={search_term_string}\"},\"query-input\":{\"@type\":\"PropertyValueSpecification\",\"valueRequired\":true,\"valueName\":\"search_term_string\"}}],\"inLanguage\":\"en-GB\"},{\"@type\":\"Person\",\"@id\":\"https:\\\/\\\/www.koronakarkonoszy.pl\\\/blog-dla-firm\\\/#\\\/schema\\\/person\\\/c06752c3cb176906b455582ff7ef925e\",\"name\":\"agnieszka\",\"image\":{\"@type\":\"ImageObject\",\"inLanguage\":\"en-GB\",\"@id\":\"https:\\\/\\\/www.koronakarkonoszy.pl\\\/blog-dla-firm\\\/wp-content\\\/litespeed\\\/avatar\\\/53ee7b676463f74d0aea1a09de3d003b.jpg?ver=1777446304\",\"url\":\"https:\\\/\\\/www.koronakarkonoszy.pl\\\/blog-dla-firm\\\/wp-content\\\/litespeed\\\/avatar\\\/53ee7b676463f74d0aea1a09de3d003b.jpg?ver=1777446304\",\"contentUrl\":\"https:\\\/\\\/www.koronakarkonoszy.pl\\\/blog-dla-firm\\\/wp-content\\\/litespeed\\\/avatar\\\/53ee7b676463f74d0aea1a09de3d003b.jpg?ver=1777446304\",\"caption\":\"agnieszka\"},\"url\":\"https:\\\/\\\/www.koronakarkonoszy.pl\\\/blog-dla-firm\\\/en\\\/author\\\/agnieszka\\\/\"}]}<\/script>\n<!-- \/ Yoast SEO Premium plugin. -->","yoast_head_json":{"title":"Imprezy integracyjne w g\u00f3rach \u2013 zalety i organizacja","description":"Imprezy integracyjne w g\u00f3rach to po\u0142\u0105czenie aktywno\u015bci z relaksem. Dowiedz si\u0119, jak zorganizowa\u0107 takie wydarzenie. Kliknij i sprawd\u017a!","robots":{"index":"index","follow":"follow","max-snippet":"max-snippet:-1","max-image-preview":"max-image-preview:large","max-video-preview":"max-video-preview:-1"},"canonical":"https:\/\/www.koronakarkonoszy.pl\/blog-dla-firm\/en\/integration-trip-in-the-mountains-exciting-and-unforgettable-experience\/","og_locale":"en_GB","og_type":"article","og_title":"Wyjazd integracyjny w g\u00f3rach - tw\u00f3rz niezapomniane prze\u017cycia!","og_description":"Imprezy integracyjne w g\u00f3rach to po\u0142\u0105czenie aktywno\u015bci z relaksem. Dowiedz si\u0119, jak zorganizowa\u0107 takie wydarzenie. Kliknij i sprawd\u017a!","og_url":"https:\/\/www.koronakarkonoszy.pl\/blog-dla-firm\/en\/integration-trip-in-the-mountains-exciting-and-unforgettable-experience\/","og_site_name":":: Blog dla firm - szkolenia, zarz\u0105dzanie zespo\u0142em, team building","article_published_time":"2024-06-28T16:41:00+00:00","article_modified_time":"2025-04-18T07:24:42+00:00","og_image":[{"width":1024,"height":768,"url":"https:\/\/www.koronakarkonoszy.pl\/blog-dla-firm\/wp-content\/uploads\/2021\/07\/Wyjazd-integracyjny-w-gorach1.jpg","type":"image\/jpeg"}],"author":"agnieszka","twitter_card":"summary_large_image","twitter_misc":{"Written by":"agnieszka","Estimated reading time":"21 minutes"},"schema":{"@context":"https:\/\/schema.org","@graph":[{"@type":"Article","@id":"https:\/\/www.koronakarkonoszy.pl\/blog-dla-firm\/wyjazd-integracyjny-w-gorach\/#article","isPartOf":{"@id":"https:\/\/www.koronakarkonoszy.pl\/blog-dla-firm\/wyjazd-integracyjny-w-gorach\/"},"author":{"name":"agnieszka","@id":"https:\/\/www.koronakarkonoszy.pl\/blog-dla-firm\/#\/schema\/person\/c06752c3cb176906b455582ff7ef925e"},"headline":"Wyjazd integracyjny w g\u00f3rach &#8211; tw\u00f3rz niezapomniane prze\u017cycia!","datePublished":"2024-06-28T16:41:00+00:00","dateModified":"2025-04-18T07:24:42+00:00","mainEntityOfPage":{"@id":"https:\/\/www.koronakarkonoszy.pl\/blog-dla-firm\/wyjazd-integracyjny-w-gorach\/"},"wordCount":3685,"image":{"@id":"https:\/\/www.koronakarkonoszy.pl\/blog-dla-firm\/wyjazd-integracyjny-w-gorach\/#primaryimage"},"thumbnailUrl":"https:\/\/www.koronakarkonoszy.pl\/blog-dla-firm\/wp-content\/uploads\/2021\/07\/Wyjazd-integracyjny-w-gorach1.jpg","articleSection":["Imprezy firmowe","Integracja","Team Building"],"inLanguage":"en-GB"},{"@type":"WebPage","@id":"https:\/\/www.koronakarkonoszy.pl\/blog-dla-firm\/wyjazd-integracyjny-w-gorach\/","url":"https:\/\/www.koronakarkonoszy.pl\/blog-dla-firm\/wyjazd-integracyjny-w-gorach\/","name":"Imprezy integracyjne w g\u00f3rach \u2013 zalety i organizacja","isPartOf":{"@id":"https:\/\/www.koronakarkonoszy.pl\/blog-dla-firm\/#website"},"primaryImageOfPage":{"@id":"https:\/\/www.koronakarkonoszy.pl\/blog-dla-firm\/wyjazd-integracyjny-w-gorach\/#primaryimage"},"image":{"@id":"https:\/\/www.koronakarkonoszy.pl\/blog-dla-firm\/wyjazd-integracyjny-w-gorach\/#primaryimage"},"thumbnailUrl":"https:\/\/www.koronakarkonoszy.pl\/blog-dla-firm\/wp-content\/uploads\/2021\/07\/Wyjazd-integracyjny-w-gorach1.jpg","datePublished":"2024-06-28T16:41:00+00:00","dateModified":"2025-04-18T07:24:42+00:00","author":{"@id":"https:\/\/www.koronakarkonoszy.pl\/blog-dla-firm\/#\/schema\/person\/c06752c3cb176906b455582ff7ef925e"},"description":"Imprezy integracyjne w g\u00f3rach to po\u0142\u0105czenie aktywno\u015bci z relaksem. Dowiedz si\u0119, jak zorganizowa\u0107 takie wydarzenie. Kliknij i sprawd\u017a!","breadcrumb":{"@id":"https:\/\/www.koronakarkonoszy.pl\/blog-dla-firm\/wyjazd-integracyjny-w-gorach\/#breadcrumb"},"inLanguage":"en-GB","potentialAction":[{"@type":"ReadAction","target":["https:\/\/www.koronakarkonoszy.pl\/blog-dla-firm\/wyjazd-integracyjny-w-gorach\/"]}]},{"@type":"ImageObject","inLanguage":"en-GB","@id":"https:\/\/www.koronakarkonoszy.pl\/blog-dla-firm\/wyjazd-integracyjny-w-gorach\/#primaryimage","url":"https:\/\/www.koronakarkonoszy.pl\/blog-dla-firm\/wp-content\/uploads\/2021\/07\/Wyjazd-integracyjny-w-gorach1.jpg","contentUrl":"https:\/\/www.koronakarkonoszy.pl\/blog-dla-firm\/wp-content\/uploads\/2021\/07\/Wyjazd-integracyjny-w-gorach1.jpg","width":1024,"height":768,"caption":"Wyjazd integracyjny w g\u00f3rach - skutery"},{"@type":"BreadcrumbList","@id":"https:\/\/www.koronakarkonoszy.pl\/blog-dla-firm\/wyjazd-integracyjny-w-gorach\/#breadcrumb","itemListElement":[{"@type":"ListItem","position":1,"name":"Strona g\u0142\u00f3wna","item":"https:\/\/www.koronakarkonoszy.pl\/blog-dla-firm\/"},{"@type":"ListItem","position":2,"name":"Wyjazd integracyjny w g\u00f3rach &#8211; tw\u00f3rz niezapomniane prze\u017cycia!"}]},{"@type":"WebSite","@id":"https:\/\/www.koronakarkonoszy.pl\/blog-dla-firm\/#website","url":"https:\/\/www.koronakarkonoszy.pl\/blog-dla-firm\/","name":":: Blog for companies - training, team management, team building","description":"","potentialAction":[{"@type":"SearchAction","target":{"@type":"EntryPoint","urlTemplate":"https:\/\/www.koronakarkonoszy.pl\/blog-dla-firm\/?s={search_term_string}"},"query-input":{"@type":"PropertyValueSpecification","valueRequired":true,"valueName":"search_term_string"}}],"inLanguage":"en-GB"},{"@type":"Person","@id":"https:\/\/www.koronakarkonoszy.pl\/blog-dla-firm\/#\/schema\/person\/c06752c3cb176906b455582ff7ef925e","name":"Agnes","image":{"@type":"ImageObject","inLanguage":"en-GB","@id":"https:\/\/www.koronakarkonoszy.pl\/blog-dla-firm\/wp-content\/litespeed\/avatar\/53ee7b676463f74d0aea1a09de3d003b.jpg?ver=1777446304","url":"https:\/\/www.koronakarkonoszy.pl\/blog-dla-firm\/wp-content\/litespeed\/avatar\/53ee7b676463f74d0aea1a09de3d003b.jpg?ver=1777446304","contentUrl":"https:\/\/www.koronakarkonoszy.pl\/blog-dla-firm\/wp-content\/litespeed\/avatar\/53ee7b676463f74d0aea1a09de3d003b.jpg?ver=1777446304","caption":"agnieszka"},"url":"https:\/\/www.koronakarkonoszy.pl\/blog-dla-firm\/en\/author\/agnieszka\/"}]}},"_links":{"self":[{"href":"https:\/\/www.koronakarkonoszy.pl\/blog-dla-firm\/en\/wp-json\/wp\/v2\/posts\/560","targetHints":{"allow":["GET"]}}],"collection":[{"href":"https:\/\/www.koronakarkonoszy.pl\/blog-dla-firm\/en\/wp-json\/wp\/v2\/posts"}],"about":[{"href":"https:\/\/www.koronakarkonoszy.pl\/blog-dla-firm\/en\/wp-json\/wp\/v2\/types\/post"}],"author":[{"embeddable":true,"href":"https:\/\/www.koronakarkonoszy.pl\/blog-dla-firm\/en\/wp-json\/wp\/v2\/users\/11"}],"replies":[{"embeddable":true,"href":"https:\/\/www.koronakarkonoszy.pl\/blog-dla-firm\/en\/wp-json\/wp\/v2\/comments?post=560"}],"version-history":[{"count":8,"href":"https:\/\/www.koronakarkonoszy.pl\/blog-dla-firm\/en\/wp-json\/wp\/v2\/posts\/560\/revisions"}],"predecessor-version":[{"id":10483,"href":"https:\/\/www.koronakarkonoszy.pl\/blog-dla-firm\/en\/wp-json\/wp\/v2\/posts\/560\/revisions\/10483"}],"wp:featuredmedia":[{"embeddable":true,"href":"https:\/\/www.koronakarkonoszy.pl\/blog-dla-firm\/en\/wp-json\/wp\/v2\/media\/562"}],"wp:attachment":[{"href":"https:\/\/www.koronakarkonoszy.pl\/blog-dla-firm\/en\/wp-json\/wp\/v2\/media?parent=560"}],"wp:term":[{"taxonomy":"category","embeddable":true,"href":"https:\/\/www.koronakarkonoszy.pl\/blog-dla-firm\/en\/wp-json\/wp\/v2\/categories?post=560"}],"curies":[{"name":"wp","href":"https:\/\/api.w.org\/{rel}","templated":true}]}}