{"id":515,"date":"2023-08-05T08:50:11","date_gmt":"2023-08-05T06:50:11","guid":{"rendered":"https:\/\/www.koronakarkonoszy.pl\/blog-dla-firm\/?p=515"},"modified":"2024-12-11T11:12:27","modified_gmt":"2024-12-11T10:12:27","slug":"warsztaty-integracyjne-w-gorach","status":"publish","type":"post","link":"https:\/\/www.koronakarkonoszy.pl\/blog-dla-firm\/en\/warsztaty-integracyjne-w-gorach\/","title":{"rendered":"Integration workshops in the mountains"},"content":{"rendered":"\n<p>Jak zorganizowa\u0107 warto\u015bciowy <a href=\"https:\/\/www.koronakarkonoszy.pl\/blog-dla-firm\/wyjazd-integracyjny-dla-pracownikow-korzysci\/\" target=\"_blank\" rel=\"noreferrer noopener\">wyjazd integracyjny<\/a> dla pracownik\u00f3w? To pytanie zadaje sobie coraz wi\u0119cej w\u0142a\u015bcicieli firm w Polsce. O zaletach team buildingu napisano ju\u017c tysi\u0105ce artyku\u0142\u00f3w, jednak nie u\u0142atwia to wyboru konkretnej oferty czy scenariusza takiej imprezy. Je\u015bli nie mamy na tym polu do\u015bwiadczenia, lub po prostu nie mo\u017cemy si\u0119 zdecydowa\u0107, najpewniejszym wyborem b\u0119d\u0105 warsztaty integracyjne.<\/p>\n\n\n<div id=\"ariadna-block_5b7936b664277feefce939ab220e3255\" class=\"ariadna\">\n    <ul><li><a href=\"#h-warsztaty-integracyjne-dla-pracownikow\">Warsztaty integracyjne dla pracownik\u00f3w<\/a><\/li><li><a href=\"#h-warsztaty-integracyjne-dla-firm-w-gorach\">Warsztaty integracyjne dla firm w g\u00f3rach<\/a><\/li><li><a href=\"#h-organizacja-imprez-firmowych-co-wybrac\">Organizacja imprez firmowych &#8211; co wybra\u0107?<\/a><\/li><li><a href=\"#h-jak-zorganizowac-warsztaty-integracyjne\">Jak zorganizowa\u0107 warsztaty integracyjne?<\/a><\/li><li><a href=\"#h-miejsce-na-wyjazd-integracyjny\">Miejsce na wyjazd integracyjny<\/a><\/li><li><a href=\"#ha-warsztaty-integracyjne-a-fluktuacja-pracownikow\">Warsztaty integracyjne a fluktuacja pracownik\u00f3w<\/a><\/li><li><a href=\"#h-warsztaty-integracyjne-dla-firm-co-oferuje-dwor-korona-karkonoszy\">Warsztaty integracyjne dla firm \u2013 co oferuje Dw\u00f3r Korona Karkonoszy?<\/a><\/li><li><a href=\"#h-konflikty-w-firmie-a-warsztaty-integracyjne\">Konflikty w firmie a warsztaty integracyjne<\/a><\/li><li><a href=\"#ha-dwor-korona-karkonoszy-idealne-miejsce-na-eventy-integracyjne\">Dw\u00f3r Korona Karkonoszy &#8211; idealne miejsce na eventy integracyjne<\/a><\/li><li><a href=\"#h-integracja-firmowa\">Integracja firmowa<\/a><\/li><li><a href=\"#ha-kreatywne-warsztaty-integracyjne-dla-firm\">Kreatywne warsztaty integracyjne dla firm<\/a><\/li><li><a href=\"#ha-jak-zorganizowac-szkolenie-integracyjne\">Jak zorganizowa\u0107 szkolenie integracyjne?<\/a><\/li><li><a href=\"#h-organizacja-szkolen-i-warsztatow-integracyjnych\">Organizacja szkole\u0144 i warsztat\u00f3w integracyjnych<\/a><\/li><\/ul>\n<\/div>\n\n\n\n\n\n\n<h2 class=\"wp-block-heading\" id=\"h-warsztaty-integracyjne-dla-pracownikow\"><strong>Warsztaty integracyjne dla pracownik\u00f3w<\/strong><\/h2>\n\n\n\n<p>Czym s\u0105 warsztaty integracyjne? Najpro\u015bciej m\u00f3wi\u0105c jest to forma zdobywania nowych umiej\u0119tno\u015bci czy trenowania pewnych cech, wzbogacona jednak o dodatkowy element, mianowicie&nbsp;<a href=\"https:\/\/www.koronakarkonoszy.pl\/team,building\/0,,0,1\" target=\"_blank\" rel=\"noreferrer noopener\">team building<\/a>. Pod tym z kolei has\u0142em kryje si\u0119 budowanie wi\u0119zi w zespole pracownik\u00f3w, zar\u00f3wno pod wzgl\u0119dem emocjonalnym, jak i zawodowym. Istotne jest bowiem nie tylko poznanie swoich mocnych i s\u0142abych stron czy tego, jak zachowujemy si\u0119 w sytuacjach stresowych, ale tak\u017ce wsp\u00f3lne \u015bwi\u0119towanie zwyci\u0119stwa czy kibicowanie innym uczestnikom. W ten spos\u00f3b budowane s\u0105 najlepsze zespo\u0142y sportowe, odnosz\u0105ce sukcesy na arenie \u015bwiatowej. Nic wi\u0119c dziwnego, \u017ce zasady te prze\u0142o\u017cono na potrzeby funkcjonowania firm i przedsi\u0119biorstw. Im bardziej zgrana dru\u017cyna, tym wi\u0119ksze nasze szanse na zwyci\u0119stwo (a konkurencja przecie\u017c nie \u015bpi).<\/p>\n\n\n\n<figure class=\"wp-block-image size-large is-resized\"><a href=\"https:\/\/www.koronakarkonoszy.pl\/konfigurator-imprez\/\" target=\"_blank\" rel=\"noreferrer noopener\"><img loading=\"lazy\" decoding=\"async\" width=\"1024\" height=\"510\" src=\"https:\/\/www.koronakarkonoszy.pl\/blog-dla-firm\/wp-content\/uploads\/2023\/11\/DKK-konfigurator_01-1024x510.jpg\" alt=\"Konfigurator imprez firmowych agencji eventowej Dw\u00f3r Korona Karkonoszy\" class=\"wp-image-7804\" style=\"width:855px;height:auto\" title=\"Konfigurator imprez firmowych agencji eventowej \" srcset=\"https:\/\/www.koronakarkonoszy.pl\/blog-dla-firm\/wp-content\/uploads\/2023\/11\/DKK-konfigurator_01-1024x510.jpg 1024w, https:\/\/www.koronakarkonoszy.pl\/blog-dla-firm\/wp-content\/uploads\/2023\/11\/DKK-konfigurator_01-300x150.jpg 300w, https:\/\/www.koronakarkonoszy.pl\/blog-dla-firm\/wp-content\/uploads\/2023\/11\/DKK-konfigurator_01-768x383.jpg 768w, https:\/\/www.koronakarkonoszy.pl\/blog-dla-firm\/wp-content\/uploads\/2023\/11\/DKK-konfigurator_01-1920x957.jpg 1920w, https:\/\/www.koronakarkonoszy.pl\/blog-dla-firm\/wp-content\/uploads\/2023\/11\/DKK-konfigurator_01-1536x766.jpg 1536w, https:\/\/www.koronakarkonoszy.pl\/blog-dla-firm\/wp-content\/uploads\/2023\/11\/DKK-konfigurator_01-18x9.jpg 18w, https:\/\/www.koronakarkonoszy.pl\/blog-dla-firm\/wp-content\/uploads\/2023\/11\/DKK-konfigurator_01.jpg 2040w\" sizes=\"auto, (max-width: 1024px) 100vw, 1024px\" \/><\/a><\/figure>\n\n\n\n<p>O tym, \u017ce <strong>warsztaty integracyjne dla pracownik\u00f3w<\/strong> ciesz\u0105 si\u0119 nies\u0142abn\u0105c\u0105 popularno\u015bci\u0105 decyduje jednak jeszcze co innego. S\u0105 one nie tylko narz\u0119dziem samodoskonalenia ka\u017cdego z uczestnik\u00f3w i ulepszania pracy zespo\u0142owej, ale przede wszystkim doskona\u0142\u0105 rozrywk\u0105. Przyjmuj\u0105c form\u0119 zabawy, gry czy rywalizacji, warsztaty integracyjne s\u0105 najlepsz\u0105 ilustracj\u0105 zasady \u0142\u0105czenia przyjemnego z po\u017cytecznym.<\/p>\n\n\n\n<style>\n    .cta_block{\n        margin: 1.5em 0;\n    }\n    .cta_block_content {\n        position: relative;\n        color: white;\n        padding: 1em;\n    }\n    .cta_block_content h3{\n        text-align: center;\n        font: normal normal normal 36px\/50px Yeseva One;\n    }\n    .cta_block_content .cta_block_desc{\n        text-align: center;\n        font-size: 1.1em;\n        position: relative;\n    }\n    .cta_block_content .cta_block_desc:before {\n        content: '';\n        width: 80px;\n        height: 4px;\n        background: #EEB315;\n        position: absolute;\n        left: 0;\n        right: 0;\n        margin-left: auto;\n        margin-right: auto;\n        top: -22px;\n    }\n\n    .cta_block_content picture{\n        position: absolute;\n        top: 0;\n        right: 0;\n        z-index: -1;\n        height: 100%;\n        overflow: hidden;\n        width: 100%;\n    }\n    .cta_block_content picture img{\n        object-fit: cover;\n        height: 100%;\n        width: 100%;\n    }\n    .cta_block .cta_block_content .ninja-forms-field{\n        background: #FFFFFF2F;\n        border: 1px solid #EEB315;\n        border-radius: 25px;\n        opacity: 1;\n        color: #ffffff;\n    }\n    .cta_block .cta_block_content .nf-form-content input[type=submit]{\n        background-color: #EEB315;\n        color: #292929;\n        text-align: center;\n        font: normal normal bold 14px\/20px Work Sans;\n        padding: 0 2em;\n    }\n\n    .cta_block ::placeholder{\n        color: white!important;\n        opacity: 1;\n    }\n\n    .cta_block_content::after {\n        height: 100%;\n        width: 100%;\n        content: \"\";\n        z-index: -1;\n        position: absolute;\n        top: 0;\n        background: #00000070;\n        right: 0;\n        left: 0;\n        bottom: 0;\n    }\n    #ha-cta-block, .cta_block_desc, .cta_block .nf-field-label, .cta_block .nf-error-msg {\n        filter: drop-shadow(1px 1px 8px black);\n    }\n\n\/*    .cta_block nf-rows-wrap {\n        display: flex;\n        justify-content: space-around;\n        flex-direction: row;\n    }*\/\n\n    .cta_block .nf-field-label {\n        display:none;\n    }\n\n    .cta_block .nf-error.field-wrap .nf-field-element::after {\n        border-radius: 50px;\n    }\n\n    .cta_block .nf-error-msg {\n        color: #fff;\n    }\n\n    .cta_block .nf-form-cont {\n        margin-top: 3em;\n        margin-bottom: 1em;\n    }\n\n    .wp-admin .cta_block_content{\n        display: none;\n    }\n    .cta_block .nf-form-fields-required {\n        display: none;\n    }\n    body:not(.wp-admin) .cta_block_admin {\n        display: none;\n    }\n<\/style>\n<div id=\"cta_block-block_f980e69d90308ee06b15d83670c9c966\" class=\"cta_block\">\n    <div class=\"cta_block_admin\" style=\"background-color: blue; color: white\">\n        Blok CTA\n    <\/div>\n    <div class=\"cta_block\">\n        <div class=\"cta_block_content\">   \n        <h3 id=\"ha-szukasz-miejsca-na-warsztaty-integracyjne-dla-twojej-firmy\">Szukasz miejsca na warsztaty integracyjne dla Twojej firmy? <\/h3>\n                    <div class=\"cta_block_desc\">Sprawd\u017a nasz\u0105 ofert\u0119. <br>Ju\u017c dzi\u015b zarezerwuj termin!<\/div>\n                <noscript class=\"ninja-forms-noscript-message\">\n\tNotice: JavaScript is required for this content.<\/noscript>\n<div id=\"nf-form-3-cont\" class=\"nf-form-cont\" aria-live=\"polite\" aria-labelledby=\"nf-form-title-3\" aria-describedby=\"nf-form-errors-3\" role=\"form\">\n\n    <div class=\"nf-loading-spinner\"><\/div>\n\n<\/div>\n        <!-- That data is being printed as a workaround to page builders reordering the order of the scripts loaded-->\n        <script>var formDisplay=1;var nfForms=nfForms||[];var form=[];form.id='3';form.settings={\"objectType\":\"Form Setting\",\"editActive\":true,\"title\":\"Block CTA\",\"created_at\":\"2022-11-09 19:27:14\",\"default_label_pos\":\"above\",\"show_title\":0,\"clear_complete\":\"1\",\"hide_complete\":\"1\",\"logged_in\":\"\",\"wrapper_class\":\"\",\"element_class\":\"\",\"key\":\"\",\"add_submit\":\"0\",\"currency\":\"\",\"repeatable_fieldsets\":\"\",\"unique_field_error\":\"Formularz z t\\u0105 warto\\u015bci\\u0105 zosta\\u0142 ju\\u017c przes\\u0142any.\",\"not_logged_in_msg\":\"\",\"sub_limit_msg\":\"Formularz osi\\u0105gn\\u0105\\u0142 limit wys\\u0142a\\u0144.\",\"calculations\":[],\"container_styles_show_advanced_css\":\"0\",\"title_styles_show_advanced_css\":\"0\",\"row_styles_show_advanced_css\":\"0\",\"row-odd_styles_show_advanced_css\":\"0\",\"success-msg_styles_show_advanced_css\":\"0\",\"error_msg_styles_show_advanced_css\":\"0\",\"formContentData\":[{\"order\":1,\"cells\":[{\"order\":0,\"fields\":[\"phone_1640098275087\"],\"width\":35},{\"order\":1,\"fields\":[\"adres_e-mail_1668018487177\"],\"width\":35},{\"order\":2,\"fields\":[\"zapisz_mnie_1668018472281\"],\"width\":30}]}],\"conditions\":[],\"drawerDisabled\":false,\"allow_public_link\":0,\"embed_form\":\"\",\"changeEmailErrorMsg\":\"Please enter a valid email address!\",\"changeDateErrorMsg\":\"Please enter a valid date!\",\"confirmFieldErrorMsg\":\"These fields must match!\",\"fieldNumberNumMinError\":\"Number Min Error\",\"fieldNumberNumMaxError\":\"Number Max Error\",\"fieldNumberIncrementBy\":\"Please increment by \",\"formErrorsCorrectErrors\":\"Please correct errors before submitting this form.\",\"validateRequiredField\":\"This is a required field.\",\"honeypotHoneypotError\":\"Honeypot Error\",\"fieldsMarkedRequired\":\"Fields marked with an <span class=\\\"ninja-forms-req-symbol\\\">*<\\\/span> are required\",\"form_title_heading_level\":\"3\",\"ninjaForms\":\"Ninja Forms\",\"fieldTextareaRTEInsertLink\":\"Insert Link\",\"fieldTextareaRTEInsertMedia\":\"Insert Media\",\"fieldTextareaRTESelectAFile\":\"Select a file\",\"formHoneypot\":\"If you are a human seeing this field, please leave it empty.\",\"fileUploadOldCodeFileUploadInProgress\":\"File Upload in Progress.\",\"fileUploadOldCodeFileUpload\":\"FILE UPLOAD\",\"currencySymbol\":\"&#36;\",\"thousands_sep\":\",\",\"decimal_point\":\".\",\"siteLocale\":\"en_GB\",\"dateFormat\":\"m\\\/d\\\/Y\",\"startOfWeek\":\"1\",\"of\":\"of\",\"previousMonth\":\"Previous Month\",\"nextMonth\":\"Next Month\",\"months\":[\"January\",\"February\",\"March\",\"April\",\"May\",\"June\",\"July\",\"August\",\"September\",\"October\",\"November\",\"December\"],\"monthsShort\":[\"Jan\",\"Feb\",\"Mar\",\"Apr\",\"May\",\"Jun\",\"Jul\",\"Aug\",\"Sep\",\"Oct\",\"Nov\",\"Dec\"],\"weekdays\":[\"Sunday\",\"Monday\",\"Tuesday\",\"Wednesday\",\"Thursday\",\"Friday\",\"Saturday\"],\"weekdaysShort\":[\"Sun\",\"Mon\",\"Tue\",\"Wed\",\"Thu\",\"Fri\",\"Sat\"],\"weekdaysMin\":[\"Su\",\"Mo\",\"Tu\",\"We\",\"Th\",\"Fr\",\"Sa\"],\"recaptchaConsentMissing\":\"reCaptcha validation couldn&#039;t load.\",\"recaptchaMissingCookie\":\"reCaptcha v3 validation couldn&#039;t load the cookie needed to submit the form.\",\"recaptchaConsentEvent\":\"Accept reCaptcha cookies before sending the form.\",\"currency_symbol\":\"\",\"beforeForm\":\"\",\"beforeFields\":\"\",\"afterFields\":\"\",\"afterForm\":\"\"};form.fields=[{\"objectType\":\"Field\",\"objectDomain\":\"fields\",\"editActive\":false,\"order\":1,\"idAttribute\":\"id\",\"type\":\"phone\",\"label\":\"Numer telefonu\",\"key\":\"phone_1640098275087\",\"label_pos\":\"above\",\"required\":\"\",\"default\":\"\",\"placeholder\":\"Numer telefonu\",\"container_class\":\"\",\"element_class\":\"\",\"input_limit\":\"\",\"input_limit_type\":\"characters\",\"input_limit_msg\":\"Liczba pozosta\\u0142ych znak\\u00f3w:\",\"manual_key\":\"\",\"admin_label\":\"\",\"help_text\":\"\",\"mask\":\"\",\"custom_mask\":\"\",\"custom_name_attribute\":\"phone\",\"personally_identifiable\":1,\"wrap_styles_border\":\"\",\"wrap_styles_width\":\"\",\"wrap_styles_margin\":\"\",\"wrap_styles_padding\":\"\",\"wrap_styles_float\":\"\",\"wrap_styles_show_advanced_css\":0,\"label_styles_border\":\"\",\"label_styles_width\":\"\",\"label_styles_font-size\":\"\",\"label_styles_margin\":\"\",\"label_styles_padding\":\"\",\"label_styles_float\":\"\",\"label_styles_show_advanced_css\":0,\"element_styles_border\":\"\",\"element_styles_width\":\"\",\"element_styles_font-size\":\"\",\"element_styles_margin\":\"\",\"element_styles_padding\":\"\",\"element_styles_float\":\"\",\"element_styles_show_advanced_css\":0,\"cellcid\":\"c3398\",\"value\":\"\",\"drawerDisabled\":\"\",\"field_label\":\"Numer telefonu\",\"field_key\":\"phone_1640098275087\",\"id\":9,\"beforeField\":\"\",\"afterField\":\"\",\"parentType\":\"textbox\",\"element_templates\":[\"tel\",\"textbox\",\"input\"],\"old_classname\":\"\",\"wrap_template\":\"wrap\"},{\"objectType\":\"Field\",\"objectDomain\":\"fields\",\"editActive\":false,\"order\":2,\"idAttribute\":\"id\",\"type\":\"email\",\"label\":\"Adres e-mail\",\"key\":\"adres_e-mail_1668018487177\",\"label_pos\":\"above\",\"required\":\"\",\"default\":\"\",\"placeholder\":\"Adres e-mail\",\"container_class\":\"\",\"element_class\":\"\",\"admin_label\":\"\",\"help_text\":\"\",\"custom_name_attribute\":\"email\",\"personally_identifiable\":1,\"wrap_styles_border\":\"\",\"wrap_styles_width\":\"\",\"wrap_styles_margin\":\"\",\"wrap_styles_padding\":\"\",\"wrap_styles_float\":\"\",\"wrap_styles_show_advanced_css\":0,\"label_styles_border\":\"\",\"label_styles_width\":\"\",\"label_styles_font-size\":\"\",\"label_styles_margin\":\"\",\"label_styles_padding\":\"\",\"label_styles_float\":\"\",\"label_styles_show_advanced_css\":0,\"element_styles_border\":\"\",\"element_styles_width\":\"\",\"element_styles_font-size\":\"\",\"element_styles_margin\":\"\",\"element_styles_padding\":\"\",\"element_styles_float\":\"\",\"element_styles_show_advanced_css\":0,\"cellcid\":\"c3401\",\"value\":\"\",\"drawerDisabled\":false,\"field_label\":\"E-mail\",\"field_key\":\"email_1640098276066\",\"id\":10,\"beforeField\":\"\",\"afterField\":\"\",\"parentType\":\"email\",\"element_templates\":[\"email\",\"input\"],\"old_classname\":\"\",\"wrap_template\":\"wrap\"},{\"objectType\":\"Field\",\"objectDomain\":\"fields\",\"editActive\":false,\"order\":3,\"idAttribute\":\"id\",\"type\":\"submit\",\"label\":\"Zapisz mnie\",\"processing_label\":\"W trakcie realizacji\",\"container_class\":\"\",\"element_class\":\"\",\"key\":\"zapisz_mnie_1668018472281\",\"wrap_styles_border\":\"\",\"wrap_styles_width\":\"\",\"wrap_styles_margin\":\"\",\"wrap_styles_padding\":\"\",\"wrap_styles_float\":\"\",\"wrap_styles_show_advanced_css\":0,\"element_styles_border\":\"\",\"element_styles_width\":\"\",\"element_styles_font-size\":\"\",\"element_styles_margin\":\"\",\"element_styles_padding\":\"\",\"element_styles_float\":\"\",\"element_styles_show_advanced_css\":0,\"submit_element_hover_styles_border\":\"\",\"submit_element_hover_styles_width\":\"\",\"submit_element_hover_styles_font-size\":\"\",\"submit_element_hover_styles_margin\":\"\",\"submit_element_hover_styles_padding\":\"\",\"submit_element_hover_styles_float\":\"\",\"submit_element_hover_styles_show_advanced_css\":0,\"cellcid\":\"c3403\",\"drawerDisabled\":false,\"field_label\":\"Zamawiam rozmow\\u0119\",\"field_key\":\"zamawiam_rozmowe_1640098314862\",\"id\":8,\"beforeField\":\"\",\"afterField\":\"\",\"value\":\"\",\"label_pos\":\"above\",\"parentType\":\"textbox\",\"element_templates\":[\"submit\",\"button\",\"input\"],\"old_classname\":\"\",\"wrap_template\":\"wrap-no-label\"}];nfForms.push(form);<\/script>\n                <script id=\"nf-tmpl-cell\" type=\"text\/template\">\n            <nf-fields><\/nf-fields>\n        <\/script>\n\n        <script id=\"nf-tmpl-row\" type=\"text\/template\">\n            <nf-cells><\/nf-cells>\n        <\/script>\n\n                <img loading=\"lazy\" decoding=\"async\" width=\"2048\" height=\"1212\" src=\"https:\/\/www.koronakarkonoszy.pl\/blog-dla-firm\/wp-content\/uploads\/2022\/06\/sosnowka2.jpg\" class=\"attachment-full size-full\" alt=\"Sosn\u00f3wka ko\u0142o Karpacza\" srcset=\"https:\/\/www.koronakarkonoszy.pl\/blog-dla-firm\/wp-content\/uploads\/2022\/06\/sosnowka2.jpg 2048w, https:\/\/www.koronakarkonoszy.pl\/blog-dla-firm\/wp-content\/uploads\/2022\/06\/sosnowka2-300x178.jpg 300w, https:\/\/www.koronakarkonoszy.pl\/blog-dla-firm\/wp-content\/uploads\/2022\/06\/sosnowka2-1024x606.jpg 1024w, https:\/\/www.koronakarkonoszy.pl\/blog-dla-firm\/wp-content\/uploads\/2022\/06\/sosnowka2-768x455.jpg 768w, https:\/\/www.koronakarkonoszy.pl\/blog-dla-firm\/wp-content\/uploads\/2022\/06\/sosnowka2-1920x1136.jpg 1920w, https:\/\/www.koronakarkonoszy.pl\/blog-dla-firm\/wp-content\/uploads\/2022\/06\/sosnowka2-1536x909.jpg 1536w\" sizes=\"auto, (max-width: 2048px) 100vw, 2048px\" \/>        <\/div> \n    <\/div>\n<\/div>\n\n\n\n<h2 class=\"wp-block-heading\" id=\"h-warsztaty-integracyjne-dla-firm-w-gorach\"><strong>Warsztaty integracyjne dla firm w g\u00f3rach<\/strong><\/h2>\n\n\n\n<p>Na warsztaty czy <a href=\"https:\/\/www.koronakarkonoszy.pl\/blog-dla-firm\/wyjazd-integracyjny-w-gorach-ekscytujace-i-niezapomniane-przezycie\/\" target=\"_blank\" rel=\"noreferrer noopener\">wyjazd integracyjny<\/a> mo\u017cemy oczywi\u015bcie wybra\u0107 ka\u017cde miejsce, kt\u00f3re oferuje takie us\u0142ugi. Warto jednak na pierwszym miejscu wzi\u0105\u0107 pod uwag\u0119 g\u00f3ry. Dlaczego? Opr\u00f3cz oczywistych walor\u00f3w krajobrazowych i przyrodniczych, kt\u00f3re same w sobie korzystnie wp\u0142ywaj\u0105 na odwiedzaj\u0105cych, <strong>tereny g\u00f3rskie dysponuj\u0105 tak\u017ce unikaln\u0105 ofert\u0105 event\u00f3w<\/strong>, oraz doskona\u0142ym <a href=\"https:\/\/www.koronakarkonoszy.pl\/blog-dla-firm\/hotel-na-imprezy-integracyjne-kiedy-i-w-jakich-sytuacjach-sie-sprawdzi\/\" target=\"_blank\" rel=\"noreferrer noopener\">zapleczem hotelowym<\/a> i gastronomicznym. Je\u015bli wi\u0119c chcemy, aby nasze warsztaty integracyjne dla firm da\u0142y nam jak najwi\u0119cej korzy\u015bci, w\u0142a\u015bnie na ten rejon powinni\u015bmy skierowa\u0107 w pierwszej kolejno\u015bci uwag\u0119.&nbsp;<\/p>\n\n\n<section id=\"leonardo-block_bb61ede3d6fee18a9569f148b367fc0d\" class=\"leonardo page-breaker leonardo-image-left\">\n    <div class=\"leonardo-body\">\n        <h2 class=\"leonardo-title\" id=\"h-organizacja-imprez-firmowych-co-wybrac\">Organizacja imprez firmowych &#8211; co wybra\u0107? <\/h2>        <div class=\"leonardo-content\"><p>Jak zauwa\u017ca Joanna Hoc-Kopiej z Dworu Korona Karkonoszy, <a href=\"https:\/\/www.koronakarkonoszy.pl\/blog-dla-firm\/firma-eventowa\/\" target=\"_blank\" rel=\"noopener\">firmy eventowej<\/a> z w\u0142asnym o\u015brodkiem w <a href=\"https:\/\/www.koronakarkonoszy.pl\/blog-dla-firm\/sosnowka-w-samym-sercu-karkonoszy\/\" target=\"_blank\" rel=\"noopener\">Sosn\u00f3wce<\/a> ko\u0142o Karpacza: \u201eZauwa\u017camy, \u017ce firmy coraz cz\u0119\u015bciej poszukuj\u0105 zr\u00f3\u017cnicowanych i oryginalnych form sp\u0119dzania czasu dla swoich pracownik\u00f3w. Wychodz\u0105c temu naprzeciw, do naszej oferty wprowadzili\u015bmy pakiety \u0142\u0105cz\u0105ce np. konferencj\u0119 z pota\u0144c\u00f3wk\u0105 integracyjn\u0105 czy spotkanie szkoleniowe z wycieczk\u0105 edukacyjn\u0105\u201d \u2013 ko\u0144czy wypowied\u017a ekspertka. Decyduj\u0105c si\u0119 na miejsce warsztat\u00f3w integracyjnych warto wi\u0119c te\u017c zwr\u00f3ci\u0107 uwag\u0119 na dodatkowe atrakcje i r\u00f3\u017cnorodno\u015b\u0107 oferty.<\/p>\n<\/div>\n                    <aside class=\"leonardo-interlink\">\n                <b>Polecamy<\/b>\n                <a href=\"https:\/\/www.koronakarkonoszy.pl\/blog-dla-firm\/en\/degustacja-piwa\/\">Degustacja piwa jako motyw przewodni eventu firmowego<\/a>\n            <\/aside>\n            <\/div>\n    <div class=\"leonardo-image\">\n        <img loading=\"lazy\" decoding=\"async\" width=\"1024\" height=\"683\" src=\"https:\/\/www.koronakarkonoszy.pl\/blog-dla-firm\/wp-content\/uploads\/2021\/07\/Warsztaty-integracyjne-w-gorach2.jpg\" class=\"attachment-full size-full\" alt=\"Warsztaty gotowania, Dw\u00f3r Korona Karkonoszy, Sosn\u00f3wka k. Karpacza\" srcset=\"https:\/\/www.koronakarkonoszy.pl\/blog-dla-firm\/wp-content\/uploads\/2021\/07\/Warsztaty-integracyjne-w-gorach2.jpg 1024w, https:\/\/www.koronakarkonoszy.pl\/blog-dla-firm\/wp-content\/uploads\/2021\/07\/Warsztaty-integracyjne-w-gorach2-300x200.jpg 300w, https:\/\/www.koronakarkonoszy.pl\/blog-dla-firm\/wp-content\/uploads\/2021\/07\/Warsztaty-integracyjne-w-gorach2-768x512.jpg 768w\" sizes=\"auto, (max-width: 1024px) 100vw, 1024px\" \/>            <\/div>\n<\/section>\n\n\n<p>Wspomniany <strong>Dw\u00f3r Korona Karkonoszy<\/strong> dzi\u0119ki du\u017cemu do\u015bwiadczeniu w organizacji event\u00f3w, bogatemu <a href=\"https:\/\/www.koronakarkonoszy.pl\/catering\/\" target=\"_blank\" rel=\"noreferrer noopener\">zapleczu gastronomicznemu<\/a> oraz po\u0142o\u017ceniu w samym sercu g\u00f3r mo\u017ce zaoferowa\u0107 swoim klientom unikatowe do\u015bwiadczenie. W ofercie znajdziemy tu zar\u00f3wno rywalizacj\u0119 dru\u017cynow\u0105 podczas turnieju kulinarnego czy igrzysk firmowych, wsp\u00f3lne budowanie wielkiego mechanizmu zwanego <a href=\"https:\/\/www.koronakarkonoszy.pl\/blog-dla-firm\/maszyna-goldberga\/\" target=\"_blank\" rel=\"noreferrer noopener\">maszyn\u0105 Goldberga<\/a>, jak i <a href=\"https:\/\/www.koronakarkonoszy.pl\/blog-dla-firm\/gra-poszukiwacze-skarbow\/\" target=\"_blank\" rel=\"noreferrer noopener\">poszukiwanie skarbu<\/a> na Zamku Ksi\u0119cia Henryka czy na Zamku Chojnik lub igrzyska firmowe. Skorzysta\u0107 tak\u017ce mo\u017cemy z warsztat\u00f3w wizerunku osobistego czy rzemios\u0142a regionalnego, podczas kt\u00f3rych uczestnicy zdobywaj\u0105 now\u0105 wiedz\u0119 i umiej\u0119tno\u015bci. Du\u017cy wyb\u00f3r event\u00f3w nastawionych na&nbsp;<a href=\"https:\/\/www.koronakarkonoszy.pl\/team,building\/0,,0,1\" target=\"_blank\" rel=\"noreferrer noopener\">team building<\/a>&nbsp;pozwoli nam na idealne dopasowanie wyjazdu integracyjnego do potrzeb i oczekiwa\u0144 naszej firmy. A <a href=\"https:\/\/www.koronakarkonoszy.pl\/blog-dla-firm\/malownicze-karkonosze-czyli-doskonale-miejsce-na-wyjazd-integracyjny\/\" target=\"_blank\" rel=\"noreferrer noopener\">malownicze Karkonosze<\/a> zapewni\u0105 idealn\u0105 opraw\u0119 naszemu eventowi.<\/p>\n\n\n\n<figure class=\"wp-block-image size-large\"><a href=\"https:\/\/www.koronakarkonoszy.pl\/imprezy-firmowe\/\" target=\"_blank\" rel=\"noreferrer noopener\"><img loading=\"lazy\" decoding=\"async\" width=\"1024\" height=\"512\" src=\"https:\/\/www.koronakarkonoszy.pl\/blog-dla-firm\/wp-content\/uploads\/2021\/07\/agencja_eventowa_DKK-2-1024x512.jpg\" alt=\"\" class=\"wp-image-3471\" srcset=\"https:\/\/www.koronakarkonoszy.pl\/blog-dla-firm\/wp-content\/uploads\/2021\/07\/agencja_eventowa_DKK-2-1024x512.jpg 1024w, https:\/\/www.koronakarkonoszy.pl\/blog-dla-firm\/wp-content\/uploads\/2021\/07\/agencja_eventowa_DKK-2-300x150.jpg 300w, https:\/\/www.koronakarkonoszy.pl\/blog-dla-firm\/wp-content\/uploads\/2021\/07\/agencja_eventowa_DKK-2-768x384.jpg 768w, https:\/\/www.koronakarkonoszy.pl\/blog-dla-firm\/wp-content\/uploads\/2021\/07\/agencja_eventowa_DKK-2.jpg 1200w\" sizes=\"auto, (max-width: 1024px) 100vw, 1024px\" \/><\/a><\/figure>\n\n\n\n<h2 class=\"wp-block-heading\" id=\"h-jak-zorganizowac-warsztaty-integracyjne\">Jak zorganizowa\u0107 warsztaty integracyjne?<\/h2>\n\n\n\n<p><a href=\"https:\/\/www.koronakarkonoszy.pl\/blog-dla-firm\/warsztaty-integracyjne\/\" target=\"_blank\" rel=\"noreferrer noopener\">Warsztaty integracyjne<\/a> to wydarzenie organizowane z my\u015bl\u0105 o kadrze pracowniczej. Aby maksymalnie dopasowa\u0107 program kursu do wymaga\u0144 pracownik\u00f3w, nale\u017cy wzi\u0105\u0107 pod uwag\u0119 ich zainteresowania i preferencje. Warsztaty musz\u0105 by\u0107 ciekawe i wci\u0105gaj\u0105ce. Tylko wtedy spe\u0142ni\u0105 swoj\u0105 funkcj\u0119, a dodatkowo zapewni\u0105 uczestnikom mn\u00f3stwo wy\u015bmienitej zabawy i niezapomnianych wspomnie\u0144.<\/p>\n\n\n\n<p>Pierwszym etapem organizacji warsztat\u00f3w integracyjnych powinien by\u0107 wywiad z samymi zainteresowanymi. Warto przeprowadzi\u0107 anonimow\u0105 ankiet\u0119 przedstawiaj\u0105c\u0105 nasze propozycje wydarze\u0144 integracyjnych. Pracownicy b\u0119d\u0105 mogli odnie\u015b\u0107 si\u0119 do ka\u017cdej opcji, a my dzi\u0119ki temu wybierzemy t\u0119, kt\u00f3ra spodoba\u0142a im si\u0119 najbardziej. Pami\u0119tajmy, \u017ce niewa\u017cne, jak bardzo b\u0119dziemy si\u0119 stara\u0107, nie sprostamy oczekiwaniom wszystkich pracownik\u00f3w. Nie da si\u0119 dogodzi\u0107 ka\u017cdemu. Dlatego do planowania warsztat\u00f3w integracyjnych przede wszystkim nale\u017cy podej\u015b\u0107 ze spokojn\u0105 g\u0142ow\u0105 i dystansem. W\u0142o\u017cy\u0107 w to maksimum zaanga\u017cowania, ale jednocze\u015bnie nie oczekiwa\u0107, \u017ce zaspokoimy potrzeby ka\u017cdego pracownika.<\/p>\n\n\n\n<figure class=\"wp-block-image size-large\"><img loading=\"lazy\" decoding=\"async\" width=\"1024\" height=\"694\" src=\"https:\/\/www.koronakarkonoszy.pl\/blog-dla-firm\/wp-content\/uploads\/2023\/02\/maszyna-goldberga18-1024x694.jpg\" alt=\"\" class=\"wp-image-6484\" srcset=\"https:\/\/www.koronakarkonoszy.pl\/blog-dla-firm\/wp-content\/uploads\/2023\/02\/maszyna-goldberga18-1024x694.jpg 1024w, https:\/\/www.koronakarkonoszy.pl\/blog-dla-firm\/wp-content\/uploads\/2023\/02\/maszyna-goldberga18-300x203.jpg 300w, https:\/\/www.koronakarkonoszy.pl\/blog-dla-firm\/wp-content\/uploads\/2023\/02\/maszyna-goldberga18-768x521.jpg 768w, https:\/\/www.koronakarkonoszy.pl\/blog-dla-firm\/wp-content\/uploads\/2023\/02\/maszyna-goldberga18-1920x1302.jpg 1920w, https:\/\/www.koronakarkonoszy.pl\/blog-dla-firm\/wp-content\/uploads\/2023\/02\/maszyna-goldberga18-1536x1041.jpg 1536w, https:\/\/www.koronakarkonoszy.pl\/blog-dla-firm\/wp-content\/uploads\/2023\/02\/maszyna-goldberga18-18x12.jpg 18w, https:\/\/www.koronakarkonoszy.pl\/blog-dla-firm\/wp-content\/uploads\/2023\/02\/maszyna-goldberga18.jpg 1975w\" sizes=\"auto, (max-width: 1024px) 100vw, 1024px\" \/><figcaption class=\"wp-element-caption\"><strong>Bogata oferta <a href=\"https:\/\/www.koronakarkonoszy.pl\/imprezy-firmowe\/\" target=\"_blank\" rel=\"noreferrer noopener\">warsztat\u00f3w integracyjnych<\/a> \u2013 Dw\u00f3r Korona Karkonoszy, <a href=\"https:\/\/www.koronakarkonoszy.pl\/blog-atrakcje\/sosnowka\/\" class=\"links-placer\">Sosn\u00f3wka<\/a> k. Karpacza<\/strong><\/figcaption><\/figure>\n\n\n\n<p><a href=\"https:\/\/www.koronakarkonoszy.pl\/blog-dla-firm\/ciekawe-zajecia-integracyjne-na-pierwszy-firmowy-wyjazd\/\" target=\"_blank\" rel=\"noreferrer noopener\">Zaj\u0119cia integracyjne<\/a> mog\u0105 stanowi\u0107 element d\u0142u\u017cszego <a href=\"https:\/\/www.koronakarkonoszy.pl\/blog-dla-firm\/wyjazd-firmowy-w-gory\/\" target=\"_blank\" rel=\"noreferrer noopener\">wyjazdu firmowego<\/a>. Kilkudniowe wydarzenie bez w\u0105tpienia zbli\u017cy do siebie pracownik\u00f3w i u\u0142atwi im zbudowanie przyjacielskich relacji. Ciekawym urozmaiceniem takiego wyjazdu s\u0105 gry i <a href=\"https:\/\/www.koronakarkonoszy.pl\/blog-dla-firm\/zabawy-teambuildingowe-czyli-3-pomysly-na-udana-integracje\/\" target=\"_blank\" rel=\"noreferrer noopener\">zabawy team buildingowe<\/a>. Team building, czyli budowanie zespo\u0142u, to procesy, kt\u00f3re wdra\u017ca si\u0119:<\/p>\n\n\n\n<ul class=\"wp-block-list\">\n<li>w momencie pojawienia si\u0119 problem\u00f3w w grupie pracowniczej,<\/li>\n\n\n\n<li>wtedy, gdy chcemy wzmocni\u0107 zesp\u00f3\u0142,<\/li>\n\n\n\n<li>jako forma integracji nowo powsta\u0142ej grupy.<\/li>\n<\/ul>\n\n\n\n<p>Team building mo\u017ce przybra\u0107 r\u00f3\u017cne formy \u2013 pocz\u0105wszy od prostych zabaw takich jak dru\u017cynowe kalambury, poprzez gry ruchowe (na przyk\u0142ad mecz pi\u0142ki no\u017cnej, paintball czy <a href=\"https:\/\/www.koronakarkonoszy.pl\/blog-dla-firm\/zabawy-taneczne-integracyjne\/\" target=\"_blank\" rel=\"noreferrer noopener\">zabawy taneczne<\/a>), a\u017c do z\u0142o\u017conych zada\u0144 (takich jak dru\u017cynowe igrzyska firmowe).<\/p>\n\n\n<section id=\"leonardo-block_2dca6701fae2be4f80efddb41a7e6e09\" class=\"leonardo page-breaker leonardo-image-right\">\n    <div class=\"leonardo-body\">\n        <h2 class=\"leonardo-title\" id=\"h-miejsce-na-wyjazd-integracyjny\">Miejsce na wyjazd integracyjny <\/h2>        <div class=\"leonardo-content\"><p><a href=\"https:\/\/www.koronakarkonoszy.pl\/blog-dla-firm\/gdzie-na-wyjazd-integracyjny\/\" target=\"_blank\" rel=\"noopener\">Gdzie na wyjazd integracyjny<\/a>, najlepiej kilkudniowy, warto si\u0119 wybra\u0107? Najlepiej z dala od firmy! Warto wybra\u0107 si\u0119 w jakie\u015b pi\u0119kne, malownicze miejsce. Blisko\u015b\u0107 natury i spektakularne widoki sprzyjaj\u0105 odpr\u0119\u017ceniu, pobudzaj\u0105 wyobra\u017ani\u0119 i tworz\u0105 znakomite t\u0142o do pog\u0142\u0119biana relacji i budowy przyjacielskich wi\u0119zi. Przy wyborze <a href=\"https:\/\/www.koronakarkonoszy.pl\/blog-dla-firm\/miejsce-na-event\/\" target=\"_blank\" rel=\"noopener\">miejsca na event<\/a> nale\u017cy wzi\u0105\u0107 pod uwag\u0119 to, czy obiekt oferuje mo\u017cliwo\u015b\u0107 organizacji warsztat\u00f3w integracyjnych. Nie mo\u017cna zapomnie\u0107 r\u00f3wnie\u017c o tym, aby zapewni\u0107 pracownikom pe\u0142ne wy\u017cywienie i zakwaterowanie w komfortowych pokojach, w kt\u00f3rych b\u0119d\u0105 mogli odpocz\u0105\u0107 po wielogodzinnych aktywno\u015bciach.<\/p>\n<p>&nbsp;<\/p>\n<\/div>\n                    <aside class=\"leonardo-interlink\">\n                <b>Polecamy<\/b>\n                <a href=\"https:\/\/www.koronakarkonoszy.pl\/blog-dla-firm\/en\/zabawy-integracyjne-dla-pracownikow\/\">Zabawy integracyjne dla pracownik\u00f3w &#8211; jakie kompetencje rozwijaj\u0105?<\/a>\n            <\/aside>\n            <\/div>\n    <div class=\"leonardo-image\">\n        <img loading=\"lazy\" decoding=\"async\" width=\"1180\" height=\"787\" src=\"https:\/\/www.koronakarkonoszy.pl\/blog-dla-firm\/wp-content\/uploads\/2021\/05\/Dwor-Korona-Karkonoszy-wesele-wroclaw.jpg\" class=\"attachment-full size-full\" alt=\"Sommelier Club w Dworze Korona Karkonoszy\" srcset=\"https:\/\/www.koronakarkonoszy.pl\/blog-dla-firm\/wp-content\/uploads\/2021\/05\/Dwor-Korona-Karkonoszy-wesele-wroclaw.jpg 1180w, https:\/\/www.koronakarkonoszy.pl\/blog-dla-firm\/wp-content\/uploads\/2021\/05\/Dwor-Korona-Karkonoszy-wesele-wroclaw-300x200.jpg 300w, https:\/\/www.koronakarkonoszy.pl\/blog-dla-firm\/wp-content\/uploads\/2021\/05\/Dwor-Korona-Karkonoszy-wesele-wroclaw-1024x683.jpg 1024w, https:\/\/www.koronakarkonoszy.pl\/blog-dla-firm\/wp-content\/uploads\/2021\/05\/Dwor-Korona-Karkonoszy-wesele-wroclaw-768x512.jpg 768w\" sizes=\"auto, (max-width: 1180px) 100vw, 1180px\" \/>            <\/div>\n<\/section>\n\n\n<h2 class=\"wp-block-heading\" id=\"ha-warsztaty-integracyjne-a-fluktuacja-pracownikow\">Warsztaty integracyjne a fluktuacja pracownik\u00f3w<\/h2>\n\n\n\n<p>Jakie korzy\u015bci daje <a href=\"https:\/\/www.koronakarkonoszy.pl\/blog-dla-firm\/formy-integracji\/\" class=\"links-placer\">integracja zespo\u0142u<\/a>? Przede wszystkim warsztaty integracyjne na pewno pomog\u0105 zatrzyma\u0107 pracownik\u00f3w w firmie. Tak wi\u0119c pozytywnie wp\u0142yn\u0105 na poziom fluktuacji pracownik\u00f3w. Z czego wynika taki efekt? Integracyjne warsztaty pomog\u0105 zwi\u0119kszy\u0107 poczucie wsp\u00f3lnoty i przynale\u017cno\u015bci do zespo\u0142u. Kiedy pracownicy czuj\u0105 si\u0119 bardziej zintegrowani z grup\u0105, s\u0105 bardziej zmotywowani do pozostawania w firmie. Integracyjne aktywno\u015bci pozwalaj\u0105 te\u017c pracownikom lepiej si\u0119 pozna\u0107 i nawi\u0105za\u0107 bli\u017csze relacje pracownicze. To mo\u017ce prowadzi\u0107 do wi\u0119kszego zaufania mi\u0119dzy kolegami.<\/p>\n\n\n\n<figure class=\"wp-block-image size-full\"><img loading=\"lazy\" decoding=\"async\" width=\"1008\" height=\"756\" src=\"https:\/\/www.koronakarkonoszy.pl\/blog-dla-firm\/wp-content\/uploads\/2023\/08\/grywalizacja87.jpg\" alt=\"\" class=\"wp-image-6945\" srcset=\"https:\/\/www.koronakarkonoszy.pl\/blog-dla-firm\/wp-content\/uploads\/2023\/08\/grywalizacja87.jpg 1008w, https:\/\/www.koronakarkonoszy.pl\/blog-dla-firm\/wp-content\/uploads\/2023\/08\/grywalizacja87-300x225.jpg 300w, https:\/\/www.koronakarkonoszy.pl\/blog-dla-firm\/wp-content\/uploads\/2023\/08\/grywalizacja87-768x576.jpg 768w, https:\/\/www.koronakarkonoszy.pl\/blog-dla-firm\/wp-content\/uploads\/2023\/08\/grywalizacja87-16x12.jpg 16w\" sizes=\"auto, (max-width: 1008px) 100vw, 1008px\" \/><figcaption class=\"wp-element-caption\"><strong>Atrakcje na <a href=\"https:\/\/www.koronakarkonoszy.pl\/imprezy-firmowe\/\" target=\"_blank\" rel=\"noreferrer noopener\">imprez\u0119 firmow\u0105 <\/a>&#8211; grywalizacja, Dw\u00f3r Korona Karkonoszy <\/strong><\/figcaption><\/figure>\n\n\n\n<p>Niekt\u00f3re zaj\u0119cia integracyjne skupiaj\u0105 si\u0119 na rozwoju umiej\u0119tno\u015bci komunikacyjnych, pracy zespo\u0142owej i rozwi\u0105zywania problem\u00f3w. Te umiej\u0119tno\u015bci mi\u0119kkie s\u0105 warto\u015bciowe zar\u00f3wno w pracy, jak i \u017cyciu osobistym, co mo\u017ce zwi\u0119kszy\u0107 zaanga\u017cowanie pracownik\u00f3w. Integracyjne warsztaty mog\u0105 wp\u0142yn\u0105\u0107 na og\u00f3ln\u0105 satysfakcj\u0119 z pracy i poczucie spe\u0142nienia zawodowego. Kiedy pracownicy s\u0105 bardziej zadowoleni z pracy, s\u0105 bardziej sk\u0142onni w niej pozosta\u0107. Celem warsztat\u00f3w mo\u017ce te\u017c by\u0107 relaks &#8211; mog\u0105 one pom\u00f3c odreagowa\u0107 stres zwi\u0105zany z prac\u0105 i unikn\u0105\u0107 wypalenia zawodowego.<\/p>\n\n\n\n<p>Nale\u017cy jednak pami\u0119ta\u0107, \u017ce warsztaty integracyjne same w sobie nie rozwi\u0105\u017c\u0105 wszystkich problem\u00f3w zwi\u0105zanych z fluktuacj\u0105 pracownik\u00f3w. Kluczowe jest r\u00f3wnie\u017c zrozumienie przyczyn wysokiej fluktuacji, a nast\u0119pnie podejmowanie odpowiednich dzia\u0142a\u0144, kt\u00f3re b\u0119d\u0105 skierowane na redukcj\u0119 tych problem\u00f3w. Warsztaty integracyjne powinny by\u0107 cz\u0119\u015bci\u0105 szerszej strategii zarz\u0105dzania personelem i kultury organizacyjnej, kt\u00f3ra sprzyja zaanga\u017cowaniu i zatrzymaniu warto\u015bciowych pracownik\u00f3w. Warto te\u017c mie\u0107 na uwadze, \u017ce efekt warsztat\u00f3w integracyjnych cz\u0119sto jest widoczny dopiero po pewnym czasie.<\/p>\n\n\n\n<figure class=\"wp-block-image size-large is-resized\"><a href=\"https:\/\/www.koronakarkonoszy.pl\/konfigurator-imprez\/\" target=\"_blank\" rel=\"noreferrer noopener\"><img loading=\"lazy\" decoding=\"async\" width=\"1024\" height=\"510\" src=\"https:\/\/www.koronakarkonoszy.pl\/blog-dla-firm\/wp-content\/uploads\/2023\/11\/DKK-konfigurator_01-1024x510.jpg\" alt=\"Konfigurator imprez firmowych agencji eventowej Dw\u00f3r Korona Karkonoszy\" class=\"wp-image-7804\" style=\"width:855px;height:auto\" title=\"Konfigurator imprez firmowych agencji eventowej \" srcset=\"https:\/\/www.koronakarkonoszy.pl\/blog-dla-firm\/wp-content\/uploads\/2023\/11\/DKK-konfigurator_01-1024x510.jpg 1024w, https:\/\/www.koronakarkonoszy.pl\/blog-dla-firm\/wp-content\/uploads\/2023\/11\/DKK-konfigurator_01-300x150.jpg 300w, https:\/\/www.koronakarkonoszy.pl\/blog-dla-firm\/wp-content\/uploads\/2023\/11\/DKK-konfigurator_01-768x383.jpg 768w, https:\/\/www.koronakarkonoszy.pl\/blog-dla-firm\/wp-content\/uploads\/2023\/11\/DKK-konfigurator_01-1920x957.jpg 1920w, https:\/\/www.koronakarkonoszy.pl\/blog-dla-firm\/wp-content\/uploads\/2023\/11\/DKK-konfigurator_01-1536x766.jpg 1536w, https:\/\/www.koronakarkonoszy.pl\/blog-dla-firm\/wp-content\/uploads\/2023\/11\/DKK-konfigurator_01-18x9.jpg 18w, https:\/\/www.koronakarkonoszy.pl\/blog-dla-firm\/wp-content\/uploads\/2023\/11\/DKK-konfigurator_01.jpg 2040w\" sizes=\"auto, (max-width: 1024px) 100vw, 1024px\" \/><\/a><\/figure>\n\n\n\n<h2 class=\"wp-block-heading\" id=\"h-warsztaty-integracyjne-dla-firm-co-oferuje-dwor-korona-karkonoszy\">Warsztaty integracyjne dla firm \u2013 co oferuje Dw\u00f3r Korona Karkonoszy?<\/h2>\n\n\n\n<p><strong>Dw\u00f3r Korona Karkonoszy<\/strong> oferuje szeroki wyb\u00f3r warsztat\u00f3w integracyjnych, kt\u00f3re urozmaic\u0105 ka\u017cdy <a href=\"https:\/\/www.koronakarkonoszy.pl\/blog-dla-firm\/organizacja-wyjazdow-firmowych\/\" target=\"_blank\" rel=\"noreferrer noopener\">wyjazd firmowy<\/a>. Ciekaw\u0105 propozycj\u0105 jest profesjonalny kurs gotowania, kt\u00f3ry zabiera uczestnik\u00f3w w \u015bwiat wy\u015bmienitych smak\u00f3w, nietuzinkowych receptur i niesamowitych tajnik\u00f3w sztuki kulinarnej. Warsztaty prowadzone przez do\u015bwiadczonego, wykwalifikowanego szefa kuchni wype\u0142nione s\u0105 po brzegi ciekawostkami i wskaz\u00f3wkami kulinarnymi.<\/p>\n\n\n\n<p>Uczestnicy m.in. mog\u0105 dowiedzie\u0107 si\u0119, jak dekorowa\u0107 dania, \u017ceby prezentowa\u0142y si\u0119 niczym te z najdro\u017cszych, najbardziej wykwintnych restauracji. Szef kuchni podpowiada, jak ustrzec si\u0119 b\u0142\u0119d\u00f3w, kt\u00f3re mog\u0105 zepsu\u0107 nawet najprostsz\u0105 potraw\u0119. Warsztaty kulinarne z pewno\u015bci\u0105 przypadn\u0105 do gustu wszystkim smakoszom i mi\u0142o\u015bnikom gotowania. Po zako\u0144czonym kursie mo\u017cna zorganizowa\u0107 <strong>turniej kulinarny<\/strong>, kt\u00f3ry zweryfikuje wiedz\u0119, kt\u00f3r\u0105 uczestnicy zyskali na warsztatach. Za zwyci\u0119stwo w konkursie powinna przys\u0142ugiwa\u0107 wyj\u0105tkowa nagroda \u2013 oraz tytu\u0142 mistrza gotowania!<\/p>\n\n\n<section id=\"leonardo-block_dd0ebf4d324461032ee4e0b2f4cfd1bb\" class=\"leonardo page-breaker leonardo-image-right\">\n    <div class=\"leonardo-body\">\n        <h2 class=\"leonardo-title\" id=\"h-konflikty-w-firmie-a-warsztaty-integracyjne\">Konflikty w firmie a warsztaty integracyjne<\/h2>        <div class=\"leonardo-content\"><p><!-- wp:heading --><\/p>\n<p>Jak skutecznie integrowa\u0107 zesp\u00f3\u0142? To pytanie cz\u0119sto zadaj\u0105 sobie managerowie, zw\u0142aszcza kiedy wsp\u00f3\u0142praca i komunikacja w firmie szwankuj\u0105. Kiedy spada kreatywno\u015b\u0107 w zespole,\u00a0 warto pomy\u015ble\u0107 o organizacji spotkania integracyjnego. Kiedy zespo\u0142owa komunikacja coraz cz\u0119\u015bciej zawodzi, nie ma na co czeka\u0107. Trzeba rozwa\u017cy\u0107 r\u00f3\u017cne pomys\u0142y na integracj\u0119 pracownik\u00f3w. Najlepiej takie, by zapewnia\u0142y nie tylko team building, lecz tak\u017ce dobr\u0105 zabaw\u0119. Idealny spos\u00f3b przeprowadzania warsztat\u00f3w integracyjnych to taki, kiedy niejako przy okazji gier i zabawy nast\u0105pi integracja firmowa.<\/p>\n<p><!-- \/wp:paragraph --> <!-- wp:paragraph --><\/p>\n<p>A wi\u0119c jak zintegrowa\u0107 pracownik\u00f3w? Najlepiej organizuj\u0105c cyklicznie szkolenia integracyjne, tematyczne imprezy integracyjne, <strong>integracyjne warsztaty kulinarne<\/strong> lub innego typu imprezy integracyjne, cho\u0107by warsztaty teatralne dla firm.<\/p>\n<p><!-- \/wp:paragraph --><\/p>\n<\/div>\n                    <aside class=\"leonardo-interlink\">\n                <b>Polecamy<\/b>\n                <a href=\"https:\/\/www.koronakarkonoszy.pl\/blog-dla-firm\/en\/imprezy-firmowe-wroclaw\/\">Imprezy firmowe Wroc\u0142aw<\/a>\n            <\/aside>\n            <\/div>\n    <div class=\"leonardo-image\">\n        <img loading=\"lazy\" decoding=\"async\" width=\"1500\" height=\"2000\" src=\"https:\/\/www.koronakarkonoszy.pl\/blog-dla-firm\/wp-content\/uploads\/2021\/10\/warsztaty-kulinarne87.jpg\" class=\"attachment-full size-full\" alt=\"Warsztaty kulinarne w Dworze Korona Karkonoszy\" srcset=\"https:\/\/www.koronakarkonoszy.pl\/blog-dla-firm\/wp-content\/uploads\/2021\/10\/warsztaty-kulinarne87.jpg 1500w, https:\/\/www.koronakarkonoszy.pl\/blog-dla-firm\/wp-content\/uploads\/2021\/10\/warsztaty-kulinarne87-225x300.jpg 225w, https:\/\/www.koronakarkonoszy.pl\/blog-dla-firm\/wp-content\/uploads\/2021\/10\/warsztaty-kulinarne87-768x1024.jpg 768w, https:\/\/www.koronakarkonoszy.pl\/blog-dla-firm\/wp-content\/uploads\/2021\/10\/warsztaty-kulinarne87-1440x1920.jpg 1440w, https:\/\/www.koronakarkonoszy.pl\/blog-dla-firm\/wp-content\/uploads\/2021\/10\/warsztaty-kulinarne87-1152x1536.jpg 1152w, https:\/\/www.koronakarkonoszy.pl\/blog-dla-firm\/wp-content\/uploads\/2021\/10\/warsztaty-kulinarne87-9x12.jpg 9w\" sizes=\"auto, (max-width: 1500px) 100vw, 1500px\" \/>            <\/div>\n<\/section>\n\n\n<h2 class=\"wp-block-heading\" id=\"ha-dwor-korona-karkonoszy-idealne-miejsce-na-eventy-integracyjne\">Dw\u00f3r Korona Karkonoszy &#8211; idealne miejsce na eventy integracyjne<\/h2>\n\n\n\n<p>A co powiecie na warsztaty integracyjne z technik relaksacyjnych? \u017byjemy w ci\u0105g\u0142ym biegu. Wszystko wok\u00f3\u0142 nasz p\u0119dzi jak szalone. Ka\u017cdy oczekuje od nas, \u017ce zawsze b\u0119dziemy dawa\u0107 z siebie sto procent. Niestety ci\u0105g\u0142a presja, nieustanna pogo\u0144 za sukcesem i mn\u00f3stwo obowi\u0105zk\u00f3w to najcz\u0119stsze przyczyny przewlek\u0142ego stresu, kt\u00f3ry mo\u017ce skutecznie zaburzy\u0107 nasze funkcjonowanie na co dzie\u0144. Dlatego wa\u017cne jest, aby walczy\u0107 z tym stresem. Postawi\u0107 na relaks i stara\u0107 si\u0119 chocia\u017c na chwil\u0119 oderwa\u0107 od szarej rzeczywisto\u015bci.<\/p>\n\n\n<section id=\"leonardo-block_397cad722e3eca9dd5edf105102fb133\" class=\"leonardo page-breaker leonardo-image-left\">\n    <div class=\"leonardo-body\">\n        <h2 class=\"leonardo-title\" id=\"h-integracja-firmowa\">Integracja firmowa <\/h2>        <div class=\"leonardo-content\"><p><!-- wp:paragraph --><\/p>\n<p>Uczestnicy warsztat\u00f3w integracyjnych organizowanych w <strong>Dworze Korona Karkonoszy<\/strong> pod okiem do\u015bwiadczonego instruktora jogi poznaj\u0105 techniki relaksacyjne, kt\u00f3re pomog\u0105 im si\u0119 wyciszy\u0107 i odpr\u0119\u017cy\u0107. Naucz\u0105 ich jak w \u017cyciu pe\u0142nym stresu i negatywnych bod\u017ac\u00f3w z ka\u017cdej strony znale\u017a\u0107 czas na to, by doceni\u0107 otaczaj\u0105cy nas \u015bwiat \u2013 jego pi\u0119kno i mo\u017cliwo\u015bci, kt\u00f3re nam daje.<\/p>\n<p><!-- \/wp:paragraph --> <!-- wp:paragraph --><\/p>\n<p>Nigdy nie wiadomo, kiedy znajdziemy si\u0119 w sytuacji realnego zagro\u017cenia. Kiedy kto\u015b b\u0119dzie potrzebowa\u0142 naszej pomocy, powinni\u015bmy wiedzie\u0107, jak zrobi\u0107 to dobrze. <strong>Kurs pierwszej pomocy to bardzo przydatny rodzaj warsztat\u00f3w integracyjnych dla pracownik\u00f3w<\/strong>, kt\u00f3ry wyposa\u017cy ich w cenne umiej\u0119tno\u015bci. Ciekawa forma warsztat\u00f3w (symulacja wypadku, gdzie uczestnicy wcielaj\u0105 si\u0119 w ratownik\u00f3w medycznych i musz\u0105 pom\u00f3c poszkodowanym) sprawia, \u017ce wiedza i umiej\u0119tno\u015bci zdobyte na kursie pozostan\u0105 z uczestnikami na zawsze. Kurs poza zasadami udzielania pierwszej pomocy uczy logicznego my\u015blenia, szybkiego podejmowania decyzji i panowania nad stresem w sytuacjach kryzysowych.<\/p>\n<p><!-- \/wp:paragraph --><\/p>\n<\/div>\n                    <aside class=\"leonardo-interlink\">\n                <b>Polecamy<\/b>\n                <a href=\"https:\/\/www.koronakarkonoszy.pl\/blog-dla-firm\/en\/zabawy-zespolowe\/\">Jakie zabawy zespo\u0142owe sprawdz\u0105 si\u0119 przy niepogodzie?<\/a>\n            <\/aside>\n            <\/div>\n    <div class=\"leonardo-image\">\n        <img loading=\"lazy\" decoding=\"async\" width=\"1441\" height=\"2560\" src=\"https:\/\/www.koronakarkonoszy.pl\/blog-dla-firm\/wp-content\/uploads\/2023\/08\/pierwsza-pomoc3-scaled.jpeg\" class=\"attachment-full size-full\" alt=\"Szkolenia dla firm - pierwsza pomoc\" srcset=\"https:\/\/www.koronakarkonoszy.pl\/blog-dla-firm\/wp-content\/uploads\/2023\/08\/pierwsza-pomoc3-scaled.jpeg 1441w, https:\/\/www.koronakarkonoszy.pl\/blog-dla-firm\/wp-content\/uploads\/2023\/08\/pierwsza-pomoc3-169x300.jpeg 169w, https:\/\/www.koronakarkonoszy.pl\/blog-dla-firm\/wp-content\/uploads\/2023\/08\/pierwsza-pomoc3-577x1024.jpeg 577w, https:\/\/www.koronakarkonoszy.pl\/blog-dla-firm\/wp-content\/uploads\/2023\/08\/pierwsza-pomoc3-768x1364.jpeg 768w, https:\/\/www.koronakarkonoszy.pl\/blog-dla-firm\/wp-content\/uploads\/2023\/08\/pierwsza-pomoc3-1081x1920.jpeg 1081w, https:\/\/www.koronakarkonoszy.pl\/blog-dla-firm\/wp-content\/uploads\/2023\/08\/pierwsza-pomoc3-865x1536.jpeg 865w, https:\/\/www.koronakarkonoszy.pl\/blog-dla-firm\/wp-content\/uploads\/2023\/08\/pierwsza-pomoc3-1153x2048.jpeg 1153w, https:\/\/www.koronakarkonoszy.pl\/blog-dla-firm\/wp-content\/uploads\/2023\/08\/pierwsza-pomoc3-7x12.jpeg 7w\" sizes=\"auto, (max-width: 1441px) 100vw, 1441px\" \/>            <\/div>\n<\/section>\n\n\n<h2 class=\"wp-block-heading\" id=\"ha-kreatywne-warsztaty-integracyjne-dla-firm\">Kreatywne warsztaty integracyjne dla firm<\/h2>\n\n\n\n<p>Co daje integracja zespo\u0142u? W integracji firmowej chodzi o wzmocnienie wi\u0119zi mi\u0119dzy pracownikami oraz rozwijanie ich umiej\u0119tno\u015bci. <strong>Firmowe eventy<\/strong> w postaci <a href=\"https:\/\/www.koronakarkonoszy.pl\/blog-dla-firm\/kreatywne-zabawy-integracyjne\/\" target=\"_blank\" rel=\"noreferrer noopener\">kreatywnych zabaw integracyjnych<\/a> nie tylko pozwol\u0105 zacie\u015bni\u0107 relacje w zespole i nauczy\u0107 pracownik\u00f3w czego\u015b nowego, lecz tak\u017ce b\u0119d\u0105 dla wszystkich znakomit\u0105 zabaw\u0105.&nbsp;<\/p>\n\n\n\n<figure class=\"wp-block-image size-large\"><img loading=\"lazy\" decoding=\"async\" width=\"1024\" height=\"683\" src=\"https:\/\/www.koronakarkonoszy.pl\/blog-dla-firm\/wp-content\/uploads\/2023\/07\/impreza-tematyczna78-1024x683.jpg\" alt=\"\" class=\"wp-image-6774\" srcset=\"https:\/\/www.koronakarkonoszy.pl\/blog-dla-firm\/wp-content\/uploads\/2023\/07\/impreza-tematyczna78-1024x683.jpg 1024w, https:\/\/www.koronakarkonoszy.pl\/blog-dla-firm\/wp-content\/uploads\/2023\/07\/impreza-tematyczna78-300x200.jpg 300w, https:\/\/www.koronakarkonoszy.pl\/blog-dla-firm\/wp-content\/uploads\/2023\/07\/impreza-tematyczna78-768x512.jpg 768w, https:\/\/www.koronakarkonoszy.pl\/blog-dla-firm\/wp-content\/uploads\/2023\/07\/impreza-tematyczna78-1920x1281.jpg 1920w, https:\/\/www.koronakarkonoszy.pl\/blog-dla-firm\/wp-content\/uploads\/2023\/07\/impreza-tematyczna78-1536x1025.jpg 1536w, https:\/\/www.koronakarkonoszy.pl\/blog-dla-firm\/wp-content\/uploads\/2023\/07\/impreza-tematyczna78-18x12.jpg 18w, https:\/\/www.koronakarkonoszy.pl\/blog-dla-firm\/wp-content\/uploads\/2023\/07\/impreza-tematyczna78.jpg 1940w\" sizes=\"auto, (max-width: 1024px) 100vw, 1024px\" \/><figcaption class=\"wp-element-caption\"><strong>Miejsce na imprezy integracyjne &#8211; <a href=\"https:\/\/www.koronakarkonoszy.pl\/dworska-sala-balowa\/\" target=\"_blank\" rel=\"noreferrer noopener\">Dworska Sala Balowa<\/a>, Dw\u00f3r Korona Karkonoszy, Sosn\u00f3wka <\/strong><\/figcaption><\/figure>\n\n\n\n<h3 class=\"wp-block-heading\" id=\"ha-warsztaty-sztuki\">Warsztaty sztuki<\/h3>\n\n\n\n<p>Malowanie, rze\u017abienie czy tworzenie bi\u017cuterii to przyk\u0142ady warsztat\u00f3w artystycznych, kt\u00f3re pozwalaj\u0105 pracownikom wyrazi\u0107 swoj\u0105 kreatywno\u015b\u0107, wsp\u00f3lnie tworzy\u0107 i dzieli\u0107 si\u0119 inspiracjami.<\/p>\n\n\n\n<h3 class=\"wp-block-heading\" id=\"ha-warsztaty-kulinarno-kreatywne\">Warsztaty kulinarno-kreatywne<\/h3>\n\n\n\n<p>Organizacja wsp\u00f3lnego gotowania czy dekorowania potraw mo\u017ce sprzyja\u0107 wsp\u00f3\u0142pracy, a tak\u017ce pozwala na odkrycie talent\u00f3w kulinarnych w\u015br\u00f3d pracownik\u00f3w.<\/p>\n\n\n\n<figure class=\"wp-block-image size-large\"><img loading=\"lazy\" decoding=\"async\" width=\"1024\" height=\"683\" src=\"https:\/\/www.koronakarkonoszy.pl\/blog-dla-firm\/wp-content\/uploads\/2023\/08\/warszaty-kulinarne70-1024x683.jpg\" alt=\"\" class=\"wp-image-6941\" srcset=\"https:\/\/www.koronakarkonoszy.pl\/blog-dla-firm\/wp-content\/uploads\/2023\/08\/warszaty-kulinarne70-1024x683.jpg 1024w, https:\/\/www.koronakarkonoszy.pl\/blog-dla-firm\/wp-content\/uploads\/2023\/08\/warszaty-kulinarne70-300x200.jpg 300w, https:\/\/www.koronakarkonoszy.pl\/blog-dla-firm\/wp-content\/uploads\/2023\/08\/warszaty-kulinarne70-768x512.jpg 768w, https:\/\/www.koronakarkonoszy.pl\/blog-dla-firm\/wp-content\/uploads\/2023\/08\/warszaty-kulinarne70-1920x1280.jpg 1920w, https:\/\/www.koronakarkonoszy.pl\/blog-dla-firm\/wp-content\/uploads\/2023\/08\/warszaty-kulinarne70-1536x1024.jpg 1536w, https:\/\/www.koronakarkonoszy.pl\/blog-dla-firm\/wp-content\/uploads\/2023\/08\/warszaty-kulinarne70-2048x1365.jpg 2048w, https:\/\/www.koronakarkonoszy.pl\/blog-dla-firm\/wp-content\/uploads\/2023\/08\/warszaty-kulinarne70-18x12.jpg 18w\" sizes=\"auto, (max-width: 1024px) 100vw, 1024px\" \/><figcaption class=\"wp-element-caption\"><strong><a href=\"https:\/\/www.koronakarkonoszy.pl\/imprezy-firmowe\/\" target=\"_blank\" rel=\"noreferrer noopener\">Atrakcja na firmow\u0105 integracj\u0119<\/a> \u2013 warsztaty kulinarne, Dw\u00f3r Korona Karkonoszy, Sosn\u00f3wka k. Karpacza<\/strong><\/figcaption><\/figure>\n\n\n\n<h3 class=\"wp-block-heading\" id=\"ha-warsztaty-teatralne\">Warsztaty teatralne<\/h3>\n\n\n\n<p>\u0106wiczenia aktorskie czy sztuka improwizacji s\u0105 \u015bwietnym sposobem na rozwijanie umiej\u0119tno\u015bci komunikacyjnych i wsp\u00f3\u0142pracy w zespole.<\/p>\n\n\n\n<h3 class=\"wp-block-heading\" id=\"ha-warsztaty-muzyczne\">Warsztaty muzyczne<\/h3>\n\n\n\n<p>Nauka grania na instrumentach, wsp\u00f3lne \u015bpiewanie lub komponowanie muzyki mo\u017ce sprzyja\u0107 budowaniu harmonii w grupie.<\/p>\n\n\n\n<h3 class=\"wp-block-heading\" id=\"h-warsztaty-rozwiazywania-zagadek-i-escape-roomy\">Warsztaty rozwi\u0105zywania zagadek i escape roomy<\/h3>\n\n\n\n<p>Rozwi\u0105zywanie zagadek, \u0142amig\u0142\u00f3wek i wsp\u00f3lne przechodzenie przez escape roomy wymagaj\u0105 wsp\u00f3\u0142pracy i kreatywnego my\u015blenia.<\/p>\n\n\n\n<figure class=\"wp-block-image size-large\"><img loading=\"lazy\" decoding=\"async\" width=\"1024\" height=\"436\" src=\"https:\/\/www.koronakarkonoszy.pl\/blog-dla-firm\/wp-content\/uploads\/2021\/10\/detektyw78-1024x436.jpg\" alt=\"\" class=\"wp-image-6625\" srcset=\"https:\/\/www.koronakarkonoszy.pl\/blog-dla-firm\/wp-content\/uploads\/2021\/10\/detektyw78-1024x436.jpg 1024w, https:\/\/www.koronakarkonoszy.pl\/blog-dla-firm\/wp-content\/uploads\/2021\/10\/detektyw78-300x128.jpg 300w, https:\/\/www.koronakarkonoszy.pl\/blog-dla-firm\/wp-content\/uploads\/2021\/10\/detektyw78-768x327.jpg 768w, https:\/\/www.koronakarkonoszy.pl\/blog-dla-firm\/wp-content\/uploads\/2021\/10\/detektyw78-1536x654.jpg 1536w, https:\/\/www.koronakarkonoszy.pl\/blog-dla-firm\/wp-content\/uploads\/2021\/10\/detektyw78-18x8.jpg 18w, https:\/\/www.koronakarkonoszy.pl\/blog-dla-firm\/wp-content\/uploads\/2021\/10\/detektyw78.jpg 1920w\" sizes=\"auto, (max-width: 1024px) 100vw, 1024px\" \/><figcaption class=\"wp-element-caption\"><strong>Gra detektywistyczna &#8211; integracja firmowa<\/strong> <\/figcaption><\/figure>\n\n\n\n<h3 class=\"wp-block-heading\" id=\"ha-warsztaty-fotograficzne\">Warsztaty fotograficzne<\/h3>\n\n\n\n<p>Nauka fotografii i wsp\u00f3lne robienie zdj\u0119\u0107 pozwala pracownikom zobaczy\u0107 \u015bwiat w nowy spos\u00f3b i tworzy\u0107 wsp\u00f3lne wspomnienia.<\/p>\n\n\n\n<h3 class=\"wp-block-heading\" id=\"ha-warsztaty-rozwoju-osobistego\">Warsztaty rozwoju osobistego<\/h3>\n\n\n\n<p>Organizacja warsztat\u00f3w zwi\u0105zanych z zarz\u0105dzaniem stresem, radzeniem sobie z konfliktami czy rozwojem umiej\u0119tno\u015bci mi\u0119kkich mo\u017ce poprawi\u0107 atmosfer\u0119 w pracy i zwi\u0119kszy\u0107 efektywno\u015b\u0107 zespo\u0142u.<\/p>\n\n\n\n<style>\n    .cta_block{\n        margin: 1.5em 0;\n    }\n    .cta_block_content {\n        position: relative;\n        color: white;\n        padding: 1em;\n    }\n    .cta_block_content h3{\n        text-align: center;\n        font: normal normal normal 36px\/50px Yeseva One;\n    }\n    .cta_block_content .cta_block_desc{\n        text-align: center;\n        font-size: 1.1em;\n        position: relative;\n    }\n    .cta_block_content .cta_block_desc:before {\n        content: '';\n        width: 80px;\n        height: 4px;\n        background: #EEB315;\n        position: absolute;\n        left: 0;\n        right: 0;\n        margin-left: auto;\n        margin-right: auto;\n        top: -22px;\n    }\n\n    .cta_block_content picture{\n        position: absolute;\n        top: 0;\n        right: 0;\n        z-index: -1;\n        height: 100%;\n        overflow: hidden;\n        width: 100%;\n    }\n    .cta_block_content picture img{\n        object-fit: cover;\n        height: 100%;\n        width: 100%;\n    }\n    .cta_block .cta_block_content .ninja-forms-field{\n        background: #FFFFFF2F;\n        border: 1px solid #EEB315;\n        border-radius: 25px;\n        opacity: 1;\n        color: #ffffff;\n    }\n    .cta_block .cta_block_content .nf-form-content input[type=submit]{\n        background-color: #EEB315;\n        color: #292929;\n        text-align: center;\n        font: normal normal bold 14px\/20px Work Sans;\n        padding: 0 2em;\n    }\n\n    .cta_block ::placeholder{\n        color: white!important;\n        opacity: 1;\n    }\n\n    .cta_block_content::after {\n        height: 100%;\n        width: 100%;\n        content: \"\";\n        z-index: -1;\n        position: absolute;\n        top: 0;\n        background: #00000070;\n        right: 0;\n        left: 0;\n        bottom: 0;\n    }\n    #ha-cta-block, .cta_block_desc, .cta_block .nf-field-label, .cta_block .nf-error-msg {\n        filter: drop-shadow(1px 1px 8px black);\n    }\n\n\/*    .cta_block nf-rows-wrap {\n        display: flex;\n        justify-content: space-around;\n        flex-direction: row;\n    }*\/\n\n    .cta_block .nf-field-label {\n        display:none;\n    }\n\n    .cta_block .nf-error.field-wrap .nf-field-element::after {\n        border-radius: 50px;\n    }\n\n    .cta_block .nf-error-msg {\n        color: #fff;\n    }\n\n    .cta_block .nf-form-cont {\n        margin-top: 3em;\n        margin-bottom: 1em;\n    }\n\n    .wp-admin .cta_block_content{\n        display: none;\n    }\n    .cta_block .nf-form-fields-required {\n        display: none;\n    }\n    body:not(.wp-admin) .cta_block_admin {\n        display: none;\n    }\n<\/style>\n<div id=\"cta_block-block_cdb8fd3764c4ba44398e61528fef16ad\" class=\"cta_block\">\n    <div class=\"cta_block_admin\" style=\"background-color: blue; color: white\">\n        Blok CTA\n    <\/div>\n    <div class=\"cta_block\">\n        <div class=\"cta_block_content\">   \n        <h3 id=\"ha-warsztaty-integracyjne-dolny-slask\">Warsztaty integracyjne Dolny \u015al\u0105sk? <\/h3>\n                    <div class=\"cta_block_desc\">Dw\u00f3r Korona Karkonoszy zaprasza! <\/div>\n                <noscript class=\"ninja-forms-noscript-message\">\n\tNotice: JavaScript is required for this content.<\/noscript>\n<div id=\"nf-form-3_1-cont\" class=\"nf-form-cont\" aria-live=\"polite\" aria-labelledby=\"nf-form-title-3_1\" aria-describedby=\"nf-form-errors-3_1\" role=\"form\">\n\n    <div class=\"nf-loading-spinner\"><\/div>\n\n<\/div>\n        <!-- That data is being printed as a workaround to page builders reordering the order of the scripts loaded-->\n        <script>var formDisplay=1;var nfForms=nfForms||[];var form=[];form.id='3_1';form.settings={\"objectType\":\"Form Setting\",\"editActive\":true,\"title\":\"Block CTA\",\"created_at\":\"2022-11-09 19:27:14\",\"default_label_pos\":\"above\",\"show_title\":0,\"clear_complete\":\"1\",\"hide_complete\":\"1\",\"logged_in\":\"\",\"wrapper_class\":\"\",\"element_class\":\"\",\"key\":\"\",\"add_submit\":\"0\",\"currency\":\"\",\"repeatable_fieldsets\":\"\",\"unique_field_error\":\"Formularz z t\\u0105 warto\\u015bci\\u0105 zosta\\u0142 ju\\u017c przes\\u0142any.\",\"not_logged_in_msg\":\"\",\"sub_limit_msg\":\"Formularz osi\\u0105gn\\u0105\\u0142 limit wys\\u0142a\\u0144.\",\"calculations\":[],\"container_styles_show_advanced_css\":\"0\",\"title_styles_show_advanced_css\":\"0\",\"row_styles_show_advanced_css\":\"0\",\"row-odd_styles_show_advanced_css\":\"0\",\"success-msg_styles_show_advanced_css\":\"0\",\"error_msg_styles_show_advanced_css\":\"0\",\"formContentData\":[{\"order\":1,\"cells\":[{\"order\":0,\"fields\":[\"phone_1640098275087\"],\"width\":35},{\"order\":1,\"fields\":[\"adres_e-mail_1668018487177\"],\"width\":35},{\"order\":2,\"fields\":[\"zapisz_mnie_1668018472281\"],\"width\":30}]}],\"conditions\":[],\"drawerDisabled\":false,\"allow_public_link\":0,\"embed_form\":\"\",\"changeEmailErrorMsg\":\"Please enter a valid email address!\",\"changeDateErrorMsg\":\"Please enter a valid date!\",\"confirmFieldErrorMsg\":\"These fields must match!\",\"fieldNumberNumMinError\":\"Number Min Error\",\"fieldNumberNumMaxError\":\"Number Max Error\",\"fieldNumberIncrementBy\":\"Please increment by \",\"formErrorsCorrectErrors\":\"Please correct errors before submitting this form.\",\"validateRequiredField\":\"This is a required field.\",\"honeypotHoneypotError\":\"Honeypot Error\",\"fieldsMarkedRequired\":\"Fields marked with an &lt;span class=&quot;ninja-forms-req-symbol&quot;&gt;*&lt;\\\/span&gt; are required\",\"form_title_heading_level\":\"3\",\"ninjaForms\":\"Ninja Forms\",\"fieldTextareaRTEInsertLink\":\"Insert Link\",\"fieldTextareaRTEInsertMedia\":\"Insert Media\",\"fieldTextareaRTESelectAFile\":\"Select a file\",\"formHoneypot\":\"If you are a human seeing this field, please leave it empty.\",\"fileUploadOldCodeFileUploadInProgress\":\"File Upload in Progress.\",\"fileUploadOldCodeFileUpload\":\"FILE UPLOAD\",\"currencySymbol\":\"&#36;\",\"thousands_sep\":\",\",\"decimal_point\":\".\",\"siteLocale\":\"en_GB\",\"dateFormat\":\"m\\\/d\\\/Y\",\"startOfWeek\":\"1\",\"of\":\"of\",\"previousMonth\":\"Previous Month\",\"nextMonth\":\"Next Month\",\"months\":[\"January\",\"February\",\"March\",\"April\",\"May\",\"June\",\"July\",\"August\",\"September\",\"October\",\"November\",\"December\"],\"monthsShort\":[\"Jan\",\"Feb\",\"Mar\",\"Apr\",\"May\",\"Jun\",\"Jul\",\"Aug\",\"Sep\",\"Oct\",\"Nov\",\"Dec\"],\"weekdays\":[\"Sunday\",\"Monday\",\"Tuesday\",\"Wednesday\",\"Thursday\",\"Friday\",\"Saturday\"],\"weekdaysShort\":[\"Sun\",\"Mon\",\"Tue\",\"Wed\",\"Thu\",\"Fri\",\"Sat\"],\"weekdaysMin\":[\"Su\",\"Mo\",\"Tu\",\"We\",\"Th\",\"Fr\",\"Sa\"],\"recaptchaConsentMissing\":\"reCaptcha validation couldn&#039;t load.\",\"recaptchaMissingCookie\":\"reCaptcha v3 validation couldn&#039;t load the cookie needed to submit the form.\",\"recaptchaConsentEvent\":\"Accept reCaptcha cookies before sending the form.\",\"currency_symbol\":\"\",\"beforeForm\":\"\",\"beforeFields\":\"\",\"afterFields\":\"\",\"afterForm\":\"\"};form.fields=[{\"objectType\":\"Field\",\"objectDomain\":\"fields\",\"editActive\":false,\"order\":1,\"idAttribute\":\"id\",\"type\":\"phone\",\"label\":\"Numer telefonu\",\"key\":\"phone_1640098275087\",\"label_pos\":\"above\",\"required\":\"\",\"default\":\"\",\"placeholder\":\"Numer telefonu\",\"container_class\":\"\",\"element_class\":\"\",\"input_limit\":\"\",\"input_limit_type\":\"characters\",\"input_limit_msg\":\"Liczba pozosta\\u0142ych znak\\u00f3w:\",\"manual_key\":\"\",\"admin_label\":\"\",\"help_text\":\"\",\"mask\":\"\",\"custom_mask\":\"\",\"custom_name_attribute\":\"phone\",\"personally_identifiable\":1,\"wrap_styles_border\":\"\",\"wrap_styles_width\":\"\",\"wrap_styles_margin\":\"\",\"wrap_styles_padding\":\"\",\"wrap_styles_float\":\"\",\"wrap_styles_show_advanced_css\":0,\"label_styles_border\":\"\",\"label_styles_width\":\"\",\"label_styles_font-size\":\"\",\"label_styles_margin\":\"\",\"label_styles_padding\":\"\",\"label_styles_float\":\"\",\"label_styles_show_advanced_css\":0,\"element_styles_border\":\"\",\"element_styles_width\":\"\",\"element_styles_font-size\":\"\",\"element_styles_margin\":\"\",\"element_styles_padding\":\"\",\"element_styles_float\":\"\",\"element_styles_show_advanced_css\":0,\"cellcid\":\"c3398\",\"value\":\"\",\"drawerDisabled\":\"\",\"field_label\":\"Numer telefonu\",\"field_key\":\"phone_1640098275087\",\"id\":\"9_1\",\"beforeField\":\"\",\"afterField\":\"\",\"parentType\":\"textbox\",\"element_templates\":[\"tel\",\"textbox\",\"input\"],\"old_classname\":\"\",\"wrap_template\":\"wrap\"},{\"objectType\":\"Field\",\"objectDomain\":\"fields\",\"editActive\":false,\"order\":2,\"idAttribute\":\"id\",\"type\":\"email\",\"label\":\"Adres e-mail\",\"key\":\"adres_e-mail_1668018487177\",\"label_pos\":\"above\",\"required\":\"\",\"default\":\"\",\"placeholder\":\"Adres e-mail\",\"container_class\":\"\",\"element_class\":\"\",\"admin_label\":\"\",\"help_text\":\"\",\"custom_name_attribute\":\"email\",\"personally_identifiable\":1,\"wrap_styles_border\":\"\",\"wrap_styles_width\":\"\",\"wrap_styles_margin\":\"\",\"wrap_styles_padding\":\"\",\"wrap_styles_float\":\"\",\"wrap_styles_show_advanced_css\":0,\"label_styles_border\":\"\",\"label_styles_width\":\"\",\"label_styles_font-size\":\"\",\"label_styles_margin\":\"\",\"label_styles_padding\":\"\",\"label_styles_float\":\"\",\"label_styles_show_advanced_css\":0,\"element_styles_border\":\"\",\"element_styles_width\":\"\",\"element_styles_font-size\":\"\",\"element_styles_margin\":\"\",\"element_styles_padding\":\"\",\"element_styles_float\":\"\",\"element_styles_show_advanced_css\":0,\"cellcid\":\"c3401\",\"value\":\"\",\"drawerDisabled\":false,\"field_label\":\"E-mail\",\"field_key\":\"email_1640098276066\",\"id\":\"10_1\",\"beforeField\":\"\",\"afterField\":\"\",\"parentType\":\"email\",\"element_templates\":[\"email\",\"input\"],\"old_classname\":\"\",\"wrap_template\":\"wrap\"},{\"objectType\":\"Field\",\"objectDomain\":\"fields\",\"editActive\":false,\"order\":3,\"idAttribute\":\"id\",\"type\":\"submit\",\"label\":\"Zapisz mnie\",\"processing_label\":\"W trakcie realizacji\",\"container_class\":\"\",\"element_class\":\"\",\"key\":\"zapisz_mnie_1668018472281\",\"wrap_styles_border\":\"\",\"wrap_styles_width\":\"\",\"wrap_styles_margin\":\"\",\"wrap_styles_padding\":\"\",\"wrap_styles_float\":\"\",\"wrap_styles_show_advanced_css\":0,\"element_styles_border\":\"\",\"element_styles_width\":\"\",\"element_styles_font-size\":\"\",\"element_styles_margin\":\"\",\"element_styles_padding\":\"\",\"element_styles_float\":\"\",\"element_styles_show_advanced_css\":0,\"submit_element_hover_styles_border\":\"\",\"submit_element_hover_styles_width\":\"\",\"submit_element_hover_styles_font-size\":\"\",\"submit_element_hover_styles_margin\":\"\",\"submit_element_hover_styles_padding\":\"\",\"submit_element_hover_styles_float\":\"\",\"submit_element_hover_styles_show_advanced_css\":0,\"cellcid\":\"c3403\",\"drawerDisabled\":false,\"field_label\":\"Zamawiam rozmow\\u0119\",\"field_key\":\"zamawiam_rozmowe_1640098314862\",\"id\":\"8_1\",\"beforeField\":\"\",\"afterField\":\"\",\"value\":\"\",\"label_pos\":\"above\",\"parentType\":\"textbox\",\"element_templates\":[\"submit\",\"button\",\"input\"],\"old_classname\":\"\",\"wrap_template\":\"wrap-no-label\"}];nfForms.push(form);<\/script>\n                <script id=\"nf-tmpl-cell\" type=\"text\/template\">\n            <nf-fields><\/nf-fields>\n        <\/script>\n\n        <script id=\"nf-tmpl-row\" type=\"text\/template\">\n            <nf-cells><\/nf-cells>\n        <\/script>\n\n                <img loading=\"lazy\" decoding=\"async\" width=\"840\" height=\"560\" src=\"https:\/\/www.koronakarkonoszy.pl\/blog-dla-firm\/wp-content\/uploads\/2021\/05\/Sosnowka-Karkonosze-Dwor-Korona-Karkonoszy-1.jpg\" class=\"attachment-full size-full\" alt=\"Sosn\u00f3wka, Karkonosze, okolice Dworu Korona Karkonoszy\" srcset=\"https:\/\/www.koronakarkonoszy.pl\/blog-dla-firm\/wp-content\/uploads\/2021\/05\/Sosnowka-Karkonosze-Dwor-Korona-Karkonoszy-1.jpg 840w, https:\/\/www.koronakarkonoszy.pl\/blog-dla-firm\/wp-content\/uploads\/2021\/05\/Sosnowka-Karkonosze-Dwor-Korona-Karkonoszy-1-300x200.jpg 300w, https:\/\/www.koronakarkonoszy.pl\/blog-dla-firm\/wp-content\/uploads\/2021\/05\/Sosnowka-Karkonosze-Dwor-Korona-Karkonoszy-1-768x512.jpg 768w\" sizes=\"auto, (max-width: 840px) 100vw, 840px\" \/>        <\/div> \n    <\/div>\n<\/div>\n\n\n\n<h3 class=\"wp-block-heading\" id=\"ha-warsztaty-gier-i-zabaw-zespolowych\">Warsztaty gier i zabaw zespo\u0142owych<\/h3>\n\n\n\n<p>Gra w dru\u017cynie w r\u00f3\u017cnorodne gry planszowe, gry terenowe czy sportowe mo\u017ce wzmacnia\u0107 wsp\u00f3\u0142prac\u0119 i rywalizacj\u0119 w zdrowy spos\u00f3b.<\/p>\n\n\n\n<h3 class=\"wp-block-heading\" id=\"ha-warsztaty-ekologiczne-i-charytatywne\">Warsztaty ekologiczne i charytatywne<\/h3>\n\n\n\n<p>Wsp\u00f3lne dzia\u0142ania na rzecz ochrony \u015brodowiska lub akcje charytatywne pozwalaj\u0105 pracownikom poczu\u0107 satysfakcj\u0119 z tego, \u017ce wsp\u00f3lnie przyczyniaj\u0105 si\u0119 do pozytywnych zmian w spo\u0142eczno\u015bci.<\/p>\n\n\n\n<figure class=\"wp-block-image size-large\"><a href=\"https:\/\/www.koronakarkonoszy.pl\/imprezy-firmowe\/\" target=\"_blank\" rel=\"noreferrer noopener\"><img loading=\"lazy\" decoding=\"async\" width=\"1024\" height=\"512\" src=\"https:\/\/www.koronakarkonoszy.pl\/blog-dla-firm\/wp-content\/uploads\/2022\/06\/organizacja_imprez_DKK-2-1024x512.jpg\" alt=\"\" class=\"wp-image-2841\" srcset=\"https:\/\/www.koronakarkonoszy.pl\/blog-dla-firm\/wp-content\/uploads\/2022\/06\/organizacja_imprez_DKK-2-1024x512.jpg 1024w, https:\/\/www.koronakarkonoszy.pl\/blog-dla-firm\/wp-content\/uploads\/2022\/06\/organizacja_imprez_DKK-2-300x150.jpg 300w, https:\/\/www.koronakarkonoszy.pl\/blog-dla-firm\/wp-content\/uploads\/2022\/06\/organizacja_imprez_DKK-2-768x384.jpg 768w, https:\/\/www.koronakarkonoszy.pl\/blog-dla-firm\/wp-content\/uploads\/2022\/06\/organizacja_imprez_DKK-2.jpg 1200w\" sizes=\"auto, (max-width: 1024px) 100vw, 1024px\" \/><\/a><\/figure>\n\n\n\n<h2 class=\"wp-block-heading\" id=\"ha-jak-zorganizowac-szkolenie-integracyjne\">Jak zorganizowa\u0107 szkolenie integracyjne?<\/h2>\n\n\n\n<p>Na czym polega integracja firmowa? Na budowaniu atmosfery zaufania i nawi\u0105zywaniu wi\u0119zi w zespole. Organizacja wydarze\u0144 integracyjnych wa\u017cna jest zw\u0142aszcza wtedy, gdy w zespole pojawiaj\u0105 si\u0119 nowe osoby, albo gdy komunikacja w firmie szwankuje. Aby <a href=\"https:\/\/www.koronakarkonoszy.pl\/blog-dla-firm\/spotkanie-firmowe\/\" class=\"links-placer\">spotkania firmowe<\/a> o charakterze integracyjnym przynios\u0142o efekt, trzeba si\u0119 postara\u0107. Po\u015bwi\u0119ci\u0107 troch\u0119 czasu i \u015brodk\u00f3w. Organizacja szkolenia integracyjnego wymaga odpowiedniego planowania i przygotowania, podobnie jak organizacja wyjazd\u00f3w firmowych czy organizacja imprez firmowych innego typu.<\/p>\n\n\n<section id=\"leonardo-block_4756067de6788daa8178951d85951223\" class=\"leonardo page-breaker leonardo-image-left\">\n    <div class=\"leonardo-body\">\n        <h2 class=\"leonardo-title\" id=\"h-organizacja-szkolen-i-warsztatow-integracyjnych\">Organizacja szkole\u0144 i warsztat\u00f3w integracyjnych <\/h2>        <div class=\"leonardo-content\"><p><strong>Jak organizowa\u0107 warsztaty integracyjne?<\/strong> Na pocz\u0105tek wyznacz cel lub cele szkolenia integracyjnego. Mo\u017ce to by\u0107 poprawa komunikacji w zespole, budowanie zaufania, wzmocnienie wi\u0119zi czy rozwijanie umiej\u0119tno\u015bci zespo\u0142owych. Konkretne cele pomog\u0105 dostosowa\u0107 program szkolenia do potrzeb uczestnik\u00f3w. Nast\u0119pnie zdecyduj, jakie aktywno\u015bci lub warsztaty chcia\u0142by\u015b w\u0142\u0105czy\u0107 do programu. Mo\u017cesz skorzysta\u0107 z r\u00f3\u017cnorodnych dzia\u0142a\u0144, takich jak gry i zabawy zespo\u0142owe, warsztaty artystyczne, wsp\u00f3lne gotowanie, rozwi\u0105zywanie zagadek czy te\u017c outdoorowe aktywno\u015bci.<\/p>\n<p>Wybierz termin, kt\u00f3ry b\u0119dzie odpowiada\u0142 wi\u0119kszo\u015bci uczestnik\u00f3w. Nast\u0119pnie zarezerwuj odpowiednie miejsce, kt\u00f3re pozwoli na przeprowadzenie planowanych aktywno\u015bci. Okre\u015bl bud\u017cet na organizacj\u0119 szkolenia. Prze\u015blij uczestnikom zaproszenia wraz z programem szkolenia i informacjami dotycz\u0105cymi terminu, miejsca, zakwaterowania, transportu. Przygotuj wszystkie materia\u0142y potrzebne do przeprowadzenia szkolenia lub warsztat\u00f3w, takie jak prezentacje, instrukcje, materia\u0142y do \u0107wicze\u0144 itp. Nie zapomnij tak\u017ce o czasie na relaks i zabaw\u0119. Integracyjne szkolenie powinno by\u0107 przede wszystkim pozytywnym i przyjemnym do\u015bwiadczeniem.<\/p>\n<\/div>\n                    <aside class=\"leonardo-interlink\">\n                <b>Polecamy<\/b>\n                <a href=\"https:\/\/www.koronakarkonoszy.pl\/blog-dla-firm\/en\/wieczor-integracyjny\/\">Wiecz\u00f3r integracyjny: kilka sprawdzonych scenariuszy<\/a>\n            <\/aside>\n            <\/div>\n    <div class=\"leonardo-image\">\n        <img loading=\"lazy\" decoding=\"async\" width=\"1920\" height=\"2560\" src=\"https:\/\/www.koronakarkonoszy.pl\/blog-dla-firm\/wp-content\/uploads\/2021\/10\/olimpiada-firmowa34-scaled.jpg\" class=\"attachment-full size-full\" alt=\"Impreza integracyjna dla firm\" srcset=\"https:\/\/www.koronakarkonoszy.pl\/blog-dla-firm\/wp-content\/uploads\/2021\/10\/olimpiada-firmowa34-scaled.jpg 1920w, https:\/\/www.koronakarkonoszy.pl\/blog-dla-firm\/wp-content\/uploads\/2021\/10\/olimpiada-firmowa34-225x300.jpg 225w, https:\/\/www.koronakarkonoszy.pl\/blog-dla-firm\/wp-content\/uploads\/2021\/10\/olimpiada-firmowa34-768x1024.jpg 768w, https:\/\/www.koronakarkonoszy.pl\/blog-dla-firm\/wp-content\/uploads\/2021\/10\/olimpiada-firmowa34-1440x1920.jpg 1440w, https:\/\/www.koronakarkonoszy.pl\/blog-dla-firm\/wp-content\/uploads\/2021\/10\/olimpiada-firmowa34-1152x1536.jpg 1152w, https:\/\/www.koronakarkonoszy.pl\/blog-dla-firm\/wp-content\/uploads\/2021\/10\/olimpiada-firmowa34-1536x2048.jpg 1536w, https:\/\/www.koronakarkonoszy.pl\/blog-dla-firm\/wp-content\/uploads\/2021\/10\/olimpiada-firmowa34-9x12.jpg 9w\" sizes=\"auto, (max-width: 1920px) 100vw, 1920px\" \/>            <\/div>\n<\/section>\n\n\n<p>Pami\u0119taj, \u017ce kluczem do sukcesu szkolenia integracyjnego jest dopasowanie go do specyfiki zespo\u0142u oraz stworzenie atmosfery otwartej na wsp\u00f3\u0142prac\u0119 i budowanie wi\u0119zi.<\/p>\n\n\n<style>\n  .destination_map {\n    margin: 1.5em 0;\n  }\n\n  body:not(.wp-admin) .admin {\n    display: none;\n  }\n\n  .map {\n    max-width: 800px;\n    height: 400px;\n  }\n\n  .wp-admin .map {\n    display: none;\n  }\n<\/style>\n\n<div id=\"destination_map-block_e5b56b3da4100da969602755a8148cad\" class=\"destination_map\">\n  <div class=\"destinationmap-body admin\" style=\"background-color: lightblue;\">\n        Mapa dojazdu\n  <\/div>\n  <div id=\"block_e5b56b3da4100da969602755a8148cad\" class=\"map\"><\/div>\n<\/div>\n\n<script>\n  (function($) {\n\n    function mapLocation() {\n      var directionsDisplay;\n      var directionsService = new google.maps.DirectionsService();\n      var map;\n\n      function initialize() {\n        var pos = new google.maps.LatLng(50.8190591, 15.7212853);\n        var mapOptions = {\n          zoom: 11,\n          center: pos\n        };\n        map = new google.maps.Map(document.getElementById('block_e5b56b3da4100da969602755a8148cad'), mapOptions);\n\n        var marker = new google.maps.Marker({\n          position: pos,\n          map: map\n        });\n\n      }\n\n      google.maps.event.addDomListener(window, 'load', initialize);\n    }\n    mapLocation();\n\n  })(jQuery);\n<\/script>","protected":false},"excerpt":{"rendered":"<p>Jak zorganizowa\u0107 warto\u015bciowy wyjazd integracyjny dla pracownik\u00f3w? To pytanie zadaje sobie coraz wi\u0119cej w\u0142a\u015bcicieli firm w Polsce. O zaletach team buildingu napisano ju\u017c tysi\u0105ce artyku\u0142\u00f3w, jednak nie u\u0142atwia to wyboru konkretnej oferty czy scenariusza takiej imprezy. Je\u015bli nie mamy na tym polu do\u015bwiadczenia, lub po prostu nie mo\u017cemy si\u0119 zdecydowa\u0107, najpewniejszym wyborem b\u0119d\u0105 warsztaty integracyjne. [&hellip;]<\/p>\n","protected":false},"author":11,"featured_media":516,"comment_status":"closed","ping_status":"closed","sticky":false,"template":"","format":"standard","meta":{"_acf_changed":false,"footnotes":""},"categories":[17,8],"class_list":["post-515","post","type-post","status-publish","format-standard","has-post-thumbnail","hentry","category-integracja","category-team-building"],"acf":[],"yoast_head":"<!-- This site is optimized with the Yoast SEO Premium plugin v27.4 (Yoast SEO v27.4) - https:\/\/yoast.com\/product\/yoast-seo-premium-wordpress\/ -->\n<title>Warsztaty integracyjne w g\u00f3rach - :: Blog dla firm - szkolenia, zarz\u0105dzanie zespo\u0142em, team building<\/title>\n<meta name=\"description\" content=\"Jak wybra\u0107 scenariusz imprezy firmowej? Czy najpewniejszym wyborem b\u0119d\u0105 warsztaty integracyjne? Czym si\u0119 charakteryzuj\u0105? Sprawdzamy.\" \/>\n<meta name=\"robots\" content=\"index, follow, max-snippet:-1, max-image-preview:large, max-video-preview:-1\" \/>\n<link rel=\"canonical\" href=\"https:\/\/www.koronakarkonoszy.pl\/blog-dla-firm\/en\/integration-workshops-in-the-mountains\/\" \/>\n<meta property=\"og:locale\" content=\"en_GB\" \/>\n<meta property=\"og:type\" content=\"article\" \/>\n<meta property=\"og:title\" content=\"Warsztaty integracyjne w g\u00f3rach\" \/>\n<meta property=\"og:description\" content=\"Jak wybra\u0107 scenariusz imprezy firmowej? Czy najpewniejszym wyborem b\u0119d\u0105 warsztaty integracyjne? Czym si\u0119 charakteryzuj\u0105? Sprawdzamy.\" \/>\n<meta property=\"og:url\" content=\"https:\/\/www.koronakarkonoszy.pl\/blog-dla-firm\/en\/integration-workshops-in-the-mountains\/\" \/>\n<meta property=\"og:site_name\" content=\":: Blog dla firm - szkolenia, zarz\u0105dzanie zespo\u0142em, team building\" \/>\n<meta property=\"article:published_time\" content=\"2023-08-05T06:50:11+00:00\" \/>\n<meta property=\"article:modified_time\" content=\"2024-12-11T10:12:27+00:00\" \/>\n<meta property=\"og:image\" content=\"https:\/\/www.koronakarkonoszy.pl\/blog-dla-firm\/wp-content\/uploads\/2021\/07\/Warsztaty-integracyjne-w-gorach.jpg\" \/>\n\t<meta property=\"og:image:width\" content=\"1024\" \/>\n\t<meta property=\"og:image:height\" content=\"683\" \/>\n\t<meta property=\"og:image:type\" content=\"image\/jpeg\" \/>\n<meta name=\"author\" content=\"agnieszka\" \/>\n<meta name=\"twitter:card\" content=\"summary_large_image\" \/>\n<meta name=\"twitter:label1\" content=\"Written by\" \/>\n\t<meta name=\"twitter:data1\" content=\"agnieszka\" \/>\n\t<meta name=\"twitter:label2\" content=\"Estimated reading time\" \/>\n\t<meta name=\"twitter:data2\" content=\"11 minutes\" \/>\n<script type=\"application\/ld+json\" class=\"yoast-schema-graph\">{\"@context\":\"https:\\\/\\\/schema.org\",\"@graph\":[{\"@type\":\"Article\",\"@id\":\"https:\\\/\\\/www.koronakarkonoszy.pl\\\/blog-dla-firm\\\/warsztaty-integracyjne-w-gorach\\\/#article\",\"isPartOf\":{\"@id\":\"https:\\\/\\\/www.koronakarkonoszy.pl\\\/blog-dla-firm\\\/warsztaty-integracyjne-w-gorach\\\/\"},\"author\":{\"name\":\"agnieszka\",\"@id\":\"https:\\\/\\\/www.koronakarkonoszy.pl\\\/blog-dla-firm\\\/#\\\/schema\\\/person\\\/c06752c3cb176906b455582ff7ef925e\"},\"headline\":\"Warsztaty integracyjne w g\u00f3rach\",\"datePublished\":\"2023-08-05T06:50:11+00:00\",\"dateModified\":\"2024-12-11T10:12:27+00:00\",\"mainEntityOfPage\":{\"@id\":\"https:\\\/\\\/www.koronakarkonoszy.pl\\\/blog-dla-firm\\\/warsztaty-integracyjne-w-gorach\\\/\"},\"wordCount\":1808,\"image\":{\"@id\":\"https:\\\/\\\/www.koronakarkonoszy.pl\\\/blog-dla-firm\\\/warsztaty-integracyjne-w-gorach\\\/#primaryimage\"},\"thumbnailUrl\":\"https:\\\/\\\/www.koronakarkonoszy.pl\\\/blog-dla-firm\\\/wp-content\\\/uploads\\\/2021\\\/07\\\/Warsztaty-integracyjne-w-gorach.jpg\",\"articleSection\":[\"Integracja\",\"Team Building\"],\"inLanguage\":\"en-GB\"},{\"@type\":\"WebPage\",\"@id\":\"https:\\\/\\\/www.koronakarkonoszy.pl\\\/blog-dla-firm\\\/warsztaty-integracyjne-w-gorach\\\/\",\"url\":\"https:\\\/\\\/www.koronakarkonoszy.pl\\\/blog-dla-firm\\\/warsztaty-integracyjne-w-gorach\\\/\",\"name\":\"Warsztaty integracyjne w g\u00f3rach - :: Blog dla firm - szkolenia, zarz\u0105dzanie zespo\u0142em, team building\",\"isPartOf\":{\"@id\":\"https:\\\/\\\/www.koronakarkonoszy.pl\\\/blog-dla-firm\\\/#website\"},\"primaryImageOfPage\":{\"@id\":\"https:\\\/\\\/www.koronakarkonoszy.pl\\\/blog-dla-firm\\\/warsztaty-integracyjne-w-gorach\\\/#primaryimage\"},\"image\":{\"@id\":\"https:\\\/\\\/www.koronakarkonoszy.pl\\\/blog-dla-firm\\\/warsztaty-integracyjne-w-gorach\\\/#primaryimage\"},\"thumbnailUrl\":\"https:\\\/\\\/www.koronakarkonoszy.pl\\\/blog-dla-firm\\\/wp-content\\\/uploads\\\/2021\\\/07\\\/Warsztaty-integracyjne-w-gorach.jpg\",\"datePublished\":\"2023-08-05T06:50:11+00:00\",\"dateModified\":\"2024-12-11T10:12:27+00:00\",\"author\":{\"@id\":\"https:\\\/\\\/www.koronakarkonoszy.pl\\\/blog-dla-firm\\\/#\\\/schema\\\/person\\\/c06752c3cb176906b455582ff7ef925e\"},\"description\":\"Jak wybra\u0107 scenariusz imprezy firmowej? Czy najpewniejszym wyborem b\u0119d\u0105 warsztaty integracyjne? Czym si\u0119 charakteryzuj\u0105? Sprawdzamy.\",\"breadcrumb\":{\"@id\":\"https:\\\/\\\/www.koronakarkonoszy.pl\\\/blog-dla-firm\\\/warsztaty-integracyjne-w-gorach\\\/#breadcrumb\"},\"inLanguage\":\"en-GB\",\"potentialAction\":[{\"@type\":\"ReadAction\",\"target\":[\"https:\\\/\\\/www.koronakarkonoszy.pl\\\/blog-dla-firm\\\/warsztaty-integracyjne-w-gorach\\\/\"]}]},{\"@type\":\"ImageObject\",\"inLanguage\":\"en-GB\",\"@id\":\"https:\\\/\\\/www.koronakarkonoszy.pl\\\/blog-dla-firm\\\/warsztaty-integracyjne-w-gorach\\\/#primaryimage\",\"url\":\"https:\\\/\\\/www.koronakarkonoszy.pl\\\/blog-dla-firm\\\/wp-content\\\/uploads\\\/2021\\\/07\\\/Warsztaty-integracyjne-w-gorach.jpg\",\"contentUrl\":\"https:\\\/\\\/www.koronakarkonoszy.pl\\\/blog-dla-firm\\\/wp-content\\\/uploads\\\/2021\\\/07\\\/Warsztaty-integracyjne-w-gorach.jpg\",\"width\":1024,\"height\":683,\"caption\":\"Warsztaty integracyjne w g\u00f3rach\"},{\"@type\":\"BreadcrumbList\",\"@id\":\"https:\\\/\\\/www.koronakarkonoszy.pl\\\/blog-dla-firm\\\/warsztaty-integracyjne-w-gorach\\\/#breadcrumb\",\"itemListElement\":[{\"@type\":\"ListItem\",\"position\":1,\"name\":\"Strona g\u0142\u00f3wna\",\"item\":\"https:\\\/\\\/www.koronakarkonoszy.pl\\\/blog-dla-firm\\\/\"},{\"@type\":\"ListItem\",\"position\":2,\"name\":\"Warsztaty integracyjne w g\u00f3rach\"}]},{\"@type\":\"WebSite\",\"@id\":\"https:\\\/\\\/www.koronakarkonoszy.pl\\\/blog-dla-firm\\\/#website\",\"url\":\"https:\\\/\\\/www.koronakarkonoszy.pl\\\/blog-dla-firm\\\/\",\"name\":\":: Blog dla firm - szkolenia, zarz\u0105dzanie zespo\u0142em, team building\",\"description\":\"\",\"potentialAction\":[{\"@type\":\"SearchAction\",\"target\":{\"@type\":\"EntryPoint\",\"urlTemplate\":\"https:\\\/\\\/www.koronakarkonoszy.pl\\\/blog-dla-firm\\\/?s={search_term_string}\"},\"query-input\":{\"@type\":\"PropertyValueSpecification\",\"valueRequired\":true,\"valueName\":\"search_term_string\"}}],\"inLanguage\":\"en-GB\"},{\"@type\":\"Person\",\"@id\":\"https:\\\/\\\/www.koronakarkonoszy.pl\\\/blog-dla-firm\\\/#\\\/schema\\\/person\\\/c06752c3cb176906b455582ff7ef925e\",\"name\":\"agnieszka\",\"image\":{\"@type\":\"ImageObject\",\"inLanguage\":\"en-GB\",\"@id\":\"https:\\\/\\\/www.koronakarkonoszy.pl\\\/blog-dla-firm\\\/wp-content\\\/litespeed\\\/avatar\\\/53ee7b676463f74d0aea1a09de3d003b.jpg?ver=1777446304\",\"url\":\"https:\\\/\\\/www.koronakarkonoszy.pl\\\/blog-dla-firm\\\/wp-content\\\/litespeed\\\/avatar\\\/53ee7b676463f74d0aea1a09de3d003b.jpg?ver=1777446304\",\"contentUrl\":\"https:\\\/\\\/www.koronakarkonoszy.pl\\\/blog-dla-firm\\\/wp-content\\\/litespeed\\\/avatar\\\/53ee7b676463f74d0aea1a09de3d003b.jpg?ver=1777446304\",\"caption\":\"agnieszka\"},\"url\":\"https:\\\/\\\/www.koronakarkonoszy.pl\\\/blog-dla-firm\\\/en\\\/author\\\/agnieszka\\\/\"}]}<\/script>\n<!-- \/ Yoast SEO Premium plugin. -->","yoast_head_json":{"title":"Integration workshops in the mountains - :: Blog for companies - training, team management, team building","description":"How to choose a scenario for a corporate event? Will integration workshops be the surest choice? What are they characterized by? We check.","robots":{"index":"index","follow":"follow","max-snippet":"max-snippet:-1","max-image-preview":"max-image-preview:large","max-video-preview":"max-video-preview:-1"},"canonical":"https:\/\/www.koronakarkonoszy.pl\/blog-dla-firm\/en\/integration-workshops-in-the-mountains\/","og_locale":"en_GB","og_type":"article","og_title":"Warsztaty integracyjne w g\u00f3rach","og_description":"Jak wybra\u0107 scenariusz imprezy firmowej? Czy najpewniejszym wyborem b\u0119d\u0105 warsztaty integracyjne? Czym si\u0119 charakteryzuj\u0105? Sprawdzamy.","og_url":"https:\/\/www.koronakarkonoszy.pl\/blog-dla-firm\/en\/integration-workshops-in-the-mountains\/","og_site_name":":: Blog dla firm - szkolenia, zarz\u0105dzanie zespo\u0142em, team building","article_published_time":"2023-08-05T06:50:11+00:00","article_modified_time":"2024-12-11T10:12:27+00:00","og_image":[{"width":1024,"height":683,"url":"https:\/\/www.koronakarkonoszy.pl\/blog-dla-firm\/wp-content\/uploads\/2021\/07\/Warsztaty-integracyjne-w-gorach.jpg","type":"image\/jpeg"}],"author":"agnieszka","twitter_card":"summary_large_image","twitter_misc":{"Written by":"agnieszka","Estimated reading time":"11 minutes"},"schema":{"@context":"https:\/\/schema.org","@graph":[{"@type":"Article","@id":"https:\/\/www.koronakarkonoszy.pl\/blog-dla-firm\/warsztaty-integracyjne-w-gorach\/#article","isPartOf":{"@id":"https:\/\/www.koronakarkonoszy.pl\/blog-dla-firm\/warsztaty-integracyjne-w-gorach\/"},"author":{"name":"agnieszka","@id":"https:\/\/www.koronakarkonoszy.pl\/blog-dla-firm\/#\/schema\/person\/c06752c3cb176906b455582ff7ef925e"},"headline":"Warsztaty integracyjne w g\u00f3rach","datePublished":"2023-08-05T06:50:11+00:00","dateModified":"2024-12-11T10:12:27+00:00","mainEntityOfPage":{"@id":"https:\/\/www.koronakarkonoszy.pl\/blog-dla-firm\/warsztaty-integracyjne-w-gorach\/"},"wordCount":1808,"image":{"@id":"https:\/\/www.koronakarkonoszy.pl\/blog-dla-firm\/warsztaty-integracyjne-w-gorach\/#primaryimage"},"thumbnailUrl":"https:\/\/www.koronakarkonoszy.pl\/blog-dla-firm\/wp-content\/uploads\/2021\/07\/Warsztaty-integracyjne-w-gorach.jpg","articleSection":["Integracja","Team Building"],"inLanguage":"en-GB"},{"@type":"WebPage","@id":"https:\/\/www.koronakarkonoszy.pl\/blog-dla-firm\/warsztaty-integracyjne-w-gorach\/","url":"https:\/\/www.koronakarkonoszy.pl\/blog-dla-firm\/warsztaty-integracyjne-w-gorach\/","name":"Integration workshops in the mountains - :: Blog for companies - training, team management, team building","isPartOf":{"@id":"https:\/\/www.koronakarkonoszy.pl\/blog-dla-firm\/#website"},"primaryImageOfPage":{"@id":"https:\/\/www.koronakarkonoszy.pl\/blog-dla-firm\/warsztaty-integracyjne-w-gorach\/#primaryimage"},"image":{"@id":"https:\/\/www.koronakarkonoszy.pl\/blog-dla-firm\/warsztaty-integracyjne-w-gorach\/#primaryimage"},"thumbnailUrl":"https:\/\/www.koronakarkonoszy.pl\/blog-dla-firm\/wp-content\/uploads\/2021\/07\/Warsztaty-integracyjne-w-gorach.jpg","datePublished":"2023-08-05T06:50:11+00:00","dateModified":"2024-12-11T10:12:27+00:00","author":{"@id":"https:\/\/www.koronakarkonoszy.pl\/blog-dla-firm\/#\/schema\/person\/c06752c3cb176906b455582ff7ef925e"},"description":"How to choose a scenario for a corporate event? Will integration workshops be the surest choice? What are they characterized by? We check.","breadcrumb":{"@id":"https:\/\/www.koronakarkonoszy.pl\/blog-dla-firm\/warsztaty-integracyjne-w-gorach\/#breadcrumb"},"inLanguage":"en-GB","potentialAction":[{"@type":"ReadAction","target":["https:\/\/www.koronakarkonoszy.pl\/blog-dla-firm\/warsztaty-integracyjne-w-gorach\/"]}]},{"@type":"ImageObject","inLanguage":"en-GB","@id":"https:\/\/www.koronakarkonoszy.pl\/blog-dla-firm\/warsztaty-integracyjne-w-gorach\/#primaryimage","url":"https:\/\/www.koronakarkonoszy.pl\/blog-dla-firm\/wp-content\/uploads\/2021\/07\/Warsztaty-integracyjne-w-gorach.jpg","contentUrl":"https:\/\/www.koronakarkonoszy.pl\/blog-dla-firm\/wp-content\/uploads\/2021\/07\/Warsztaty-integracyjne-w-gorach.jpg","width":1024,"height":683,"caption":"Warsztaty integracyjne w g\u00f3rach"},{"@type":"BreadcrumbList","@id":"https:\/\/www.koronakarkonoszy.pl\/blog-dla-firm\/warsztaty-integracyjne-w-gorach\/#breadcrumb","itemListElement":[{"@type":"ListItem","position":1,"name":"Strona g\u0142\u00f3wna","item":"https:\/\/www.koronakarkonoszy.pl\/blog-dla-firm\/"},{"@type":"ListItem","position":2,"name":"Warsztaty integracyjne w g\u00f3rach"}]},{"@type":"WebSite","@id":"https:\/\/www.koronakarkonoszy.pl\/blog-dla-firm\/#website","url":"https:\/\/www.koronakarkonoszy.pl\/blog-dla-firm\/","name":":: Blog for companies - training, team management, team building","description":"","potentialAction":[{"@type":"SearchAction","target":{"@type":"EntryPoint","urlTemplate":"https:\/\/www.koronakarkonoszy.pl\/blog-dla-firm\/?s={search_term_string}"},"query-input":{"@type":"PropertyValueSpecification","valueRequired":true,"valueName":"search_term_string"}}],"inLanguage":"en-GB"},{"@type":"Person","@id":"https:\/\/www.koronakarkonoszy.pl\/blog-dla-firm\/#\/schema\/person\/c06752c3cb176906b455582ff7ef925e","name":"Agnes","image":{"@type":"ImageObject","inLanguage":"en-GB","@id":"https:\/\/www.koronakarkonoszy.pl\/blog-dla-firm\/wp-content\/litespeed\/avatar\/53ee7b676463f74d0aea1a09de3d003b.jpg?ver=1777446304","url":"https:\/\/www.koronakarkonoszy.pl\/blog-dla-firm\/wp-content\/litespeed\/avatar\/53ee7b676463f74d0aea1a09de3d003b.jpg?ver=1777446304","contentUrl":"https:\/\/www.koronakarkonoszy.pl\/blog-dla-firm\/wp-content\/litespeed\/avatar\/53ee7b676463f74d0aea1a09de3d003b.jpg?ver=1777446304","caption":"agnieszka"},"url":"https:\/\/www.koronakarkonoszy.pl\/blog-dla-firm\/en\/author\/agnieszka\/"}]}},"_links":{"self":[{"href":"https:\/\/www.koronakarkonoszy.pl\/blog-dla-firm\/en\/wp-json\/wp\/v2\/posts\/515","targetHints":{"allow":["GET"]}}],"collection":[{"href":"https:\/\/www.koronakarkonoszy.pl\/blog-dla-firm\/en\/wp-json\/wp\/v2\/posts"}],"about":[{"href":"https:\/\/www.koronakarkonoszy.pl\/blog-dla-firm\/en\/wp-json\/wp\/v2\/types\/post"}],"author":[{"embeddable":true,"href":"https:\/\/www.koronakarkonoszy.pl\/blog-dla-firm\/en\/wp-json\/wp\/v2\/users\/11"}],"replies":[{"embeddable":true,"href":"https:\/\/www.koronakarkonoszy.pl\/blog-dla-firm\/en\/wp-json\/wp\/v2\/comments?post=515"}],"version-history":[{"count":2,"href":"https:\/\/www.koronakarkonoszy.pl\/blog-dla-firm\/en\/wp-json\/wp\/v2\/posts\/515\/revisions"}],"predecessor-version":[{"id":10354,"href":"https:\/\/www.koronakarkonoszy.pl\/blog-dla-firm\/en\/wp-json\/wp\/v2\/posts\/515\/revisions\/10354"}],"wp:featuredmedia":[{"embeddable":true,"href":"https:\/\/www.koronakarkonoszy.pl\/blog-dla-firm\/en\/wp-json\/wp\/v2\/media\/516"}],"wp:attachment":[{"href":"https:\/\/www.koronakarkonoszy.pl\/blog-dla-firm\/en\/wp-json\/wp\/v2\/media?parent=515"}],"wp:term":[{"taxonomy":"category","embeddable":true,"href":"https:\/\/www.koronakarkonoszy.pl\/blog-dla-firm\/en\/wp-json\/wp\/v2\/categories?post=515"}],"curies":[{"name":"wp","href":"https:\/\/api.w.org\/{rel}","templated":true}]}}