{"id":4430,"date":"2023-03-27T10:49:14","date_gmt":"2023-03-27T08:49:14","guid":{"rendered":"https:\/\/www.koronakarkonoszy.pl\/blog-dla-firm\/?p=4430"},"modified":"2024-12-11T11:48:44","modified_gmt":"2024-12-11T10:48:44","slug":"wigilia-firmowa-jak-gdzie-i-kiedy-zorganizowac-niezapomniana-impreze","status":"publish","type":"post","link":"https:\/\/www.koronakarkonoszy.pl\/blog-dla-firm\/en\/wigilia-firmowa-jak-gdzie-i-kiedy-zorganizowac-niezapomniana-impreze\/","title":{"rendered":"company Christmas party. How, where and when to organize an unforgettable party?\u00a0"},"content":{"rendered":"\n<p>Wigilia firmowa ma same zalety. Jakie? Po pierwsze, doskonale integruje zesp\u00f3\u0142. Po drugie, pozwala pokaza\u0107 pracownikom, \u017ce s\u0105 wa\u017cni dla firmy. Kiedy wi\u0119c urz\u0105dzi\u0107 firmow\u0105 Gwiazdk\u0119? Wybra\u0107 menu tradycyjne, regionalne czy jaki\u015b nowoczesny wariant? I najwa\u017cniejsza kwestia &#8211; jakie niespodzianki przygotowa\u0107 dla naszej za\u0142ogi? Podpowiadamy, jak zorganizowa\u0107 udan\u0105 firmow\u0105 imprez\u0119 \u015bwi\u0105teczn\u0105.<\/p>\n\n\n<div id=\"ariadna-block_37bcfa85dc74d99e01533e2497b4c7a7\" class=\"ariadna\">\n    <ul><li><a href=\"#h-wigilia-bozego-narodzenia\">Wigilia Bo\u017cego Narodzenia<\/a><\/li><li><a href=\"#h-kiedy-zrobic-wigilie-firmowa\">Kiedy zrobi\u0107 wigili\u0119 firmow\u0105?<\/a><\/li><li><a href=\"#ha-wigilia-firmowa-a-wyjazd-integracyjny\">Wigilia firmowa a wyjazd integracyjny<\/a><\/li><li><a href=\"#ha-miejsce-na-wigilie-firmowa\">Miejsce na wigili\u0119 firmow\u0105<\/a><\/li><li><a href=\"#h-kameralny-hotel-na-wigilie-firmowa\">Kameralny hotel na wigili\u0119 firmow\u0105<\/a><\/li><li><a href=\"#ha-wigilia-firmowa-wroclaw\">Wigilia firmowa Wroc\u0142aw<\/a><\/li><li><a href=\"#h-wigilia-impreza-firmowa-w-najlepszym-stylu\">Wigilia &#8211; impreza firmowa w najlepszym stylu!<\/a><\/li><li><a href=\"#ha-wigilia-firmowa-karpacz-i-okolice\">Wigilia firmowa Karpacz i okolice<\/a><\/li><li><a href=\"#h-wigilia-firmowa-sosnowka-k-karpacza\">Wigilia firmowa \u2013 <a href=\"https:\/\/www.koronakarkonoszy.pl\/blog-atrakcje\/sosnowka\/\" class=\"links-placer\">Sosn\u00f3wka k. Karpacza<\/a><\/li><li><a href=\"#ha-organizacja-wigilii-firmowych\">Organizacja wigilii firmowych<\/a><\/li><li><a href=\"#ha-oferta-wigilii-firmowej\">Oferta wigilii firmowej<\/a><\/li><li><a href=\"#h-wigilia-firmowa-o-co-pytac\">Wigilia firmowa &#8211; o co pyta\u0107?<\/a><\/li><li><a href=\"#ha-stol-wigilijny-co-podac\">St\u00f3\u0142 wigilijny \u2013 co poda\u0107?<\/a><\/li><li><a href=\"#ha-wigilia-firmowa-przykladowe-menu\">Wigilia firmowa \u2013 przyk\u0142adowe menu<\/a><\/li><li><a href=\"#h-regionalna-kuchnia-wigilia-karkonoska\">Regionalna kuchnia &#8211; wigilia karkonoska<\/a><\/li><li><a href=\"#h-tradycyjna-kolacja-wigilijna\">Tradycyjna kolacja wigilijna<\/a><\/li><li><a href=\"#ha-zyczenia-na-wigilie-firmowa\">\u017byczenia na wigili\u0119 firmow\u0105<\/a><\/li><li><a href=\"#ha-czy-robic-prezenty-na-wigilie-firmowa\">Czy robi\u0107 prezenty na wigili\u0119 firmow\u0105?<\/a><\/li><li><a href=\"#h-upominki-swiateczne\">Upominki \u015bwi\u0105teczne<\/a><\/li><li><a href=\"#ha-gwiazdka-firmowa-czy-przyjecie-wigilijne-co-wybrac\">Gwiazdka firmowa czy przyj\u0119cie wigilijne \u2013 co wybra\u0107?<\/a><\/li><li><a href=\"#h-charakter-firmowej-wigilii\">Charakter firmowej wigilii<\/a><\/li><li><a href=\"#ha-firmowa-impreza-wigilijna-last-minute\">Firmowa impreza wigilijna last minute<\/a><\/li><li><a href=\"#h-jak-sie-ubrac-na-wigilie-firmowa\">Jak si\u0119 ubra\u0107 na wigili\u0119 firmow\u0105?<\/a><\/li><li><a href=\"#ha-atrakcje-na-wigilie-firmowe\">Atrakcje na wigilie firmowe<\/a><\/li><li><a href=\"#h-sprawdzone-pomysly-na-wigilie-firmowa\">Sprawdzone pomys\u0142y na wigili\u0119 firmow\u0105<\/a><\/li><li><a href=\"#ha-spotkanie-wigilijne-dla-pracownikow-czy-warto\">Spotkanie wigilijne dla pracownik\u00f3w \u2013 czy warto?<\/a><\/li><li><a href=\"#h-firmowa-gwiazdka\">Firmowa Gwiazdka<\/a><\/li><\/ul>\n<\/div>\n\n\n\n\n\n\n<h2 class=\"wp-block-heading\" id=\"h-wigilia-bozego-narodzenia\">Wigilia Bo\u017cego Narodzenia<\/h2>\n\n\n\n<p>24 dzie\u0144 grudnia czyli Wigilia to tradycyjne chrze\u015bcija\u0144skie \u015bwi\u0119to. Ko\u0144czy ono okres adwentu. Akurat w Polsce to w\u0142a\u015bnie od Wigilii rozpoczynaj\u0105 si\u0119 obchody Bo\u017cego Narodzenia, cho\u0107 wielu Europejczyk\u00f3w zaczyna \u015bwi\u0119towa\u0107 dopiero 25 grudnia. Z kolei w Ko\u015bciele greckokatolickim&nbsp;i&nbsp;prawos\u0142awnym&nbsp;wieczerza wigilijna urz\u0105dzana jest 6 stycznia. Wigilia nazywana jest te\u017c Gwiazdk\u0105, poniewa\u017c symbolicznie nawi\u0105zuje do Gwiazdy Betlejemskiej<\/p>\n\n\n\n<figure class=\"wp-block-image size-large is-resized\"><a href=\"https:\/\/www.koronakarkonoszy.pl\/konfigurator-imprez\/\" target=\"_blank\" rel=\"noreferrer noopener\"><img loading=\"lazy\" decoding=\"async\" width=\"1024\" height=\"510\" src=\"https:\/\/www.koronakarkonoszy.pl\/blog-dla-firm\/wp-content\/uploads\/2023\/11\/DKK-konfigurator_01-1024x510.jpg\" alt=\"Konfigurator imprez firmowych agencji eventowej Dw\u00f3r Korona Karkonoszy\" class=\"wp-image-7804\" style=\"width:855px;height:auto\" title=\"Konfigurator imprez firmowych agencji eventowej \" srcset=\"https:\/\/www.koronakarkonoszy.pl\/blog-dla-firm\/wp-content\/uploads\/2023\/11\/DKK-konfigurator_01-1024x510.jpg 1024w, https:\/\/www.koronakarkonoszy.pl\/blog-dla-firm\/wp-content\/uploads\/2023\/11\/DKK-konfigurator_01-300x150.jpg 300w, https:\/\/www.koronakarkonoszy.pl\/blog-dla-firm\/wp-content\/uploads\/2023\/11\/DKK-konfigurator_01-768x383.jpg 768w, https:\/\/www.koronakarkonoszy.pl\/blog-dla-firm\/wp-content\/uploads\/2023\/11\/DKK-konfigurator_01-1920x957.jpg 1920w, https:\/\/www.koronakarkonoszy.pl\/blog-dla-firm\/wp-content\/uploads\/2023\/11\/DKK-konfigurator_01-1536x766.jpg 1536w, https:\/\/www.koronakarkonoszy.pl\/blog-dla-firm\/wp-content\/uploads\/2023\/11\/DKK-konfigurator_01-18x9.jpg 18w, https:\/\/www.koronakarkonoszy.pl\/blog-dla-firm\/wp-content\/uploads\/2023\/11\/DKK-konfigurator_01.jpg 2040w\" sizes=\"auto, (max-width: 1024px) 100vw, 1024px\" \/><\/a><\/figure>\n\n\n\n<p>Z czym kojarzy si\u0119 nam Wigilia? Skrz\u0105cy si\u0119 za oknem \u015bnieg, skrzypi\u0105cy mr\u00f3z, pi\u0119knie przystrojona choinka, \u015bwi\u0105teczny obrus, op\u0142atek i kol\u0119dy. Ta uroczysta kolacja jest \u015bwi\u0119tem radosnym i nios\u0105cym nadziej\u0119. Uczestnicy wieczerzy prze\u0142amuj\u0105 si\u0119 op\u0142atkiem i sk\u0142adaj\u0105 sobie wzajemnie \u017cyczenia. A potem moment, na kt\u00f3ry czekaj\u0105 nie tylko najm\u0142odsi &#8211; prezenty! Kolorowe opakowania, wst\u0105\u017cki, bileciki i ta chwila niepewno\u015bci \u2013 co tym razem dostan\u0119 od Gwiazdki, Gwiazdora czy Miko\u0142aja? (zale\u017cnie od regionu).<\/p>\n\n\n\n<figure class=\"wp-block-image size-large\"><img loading=\"lazy\" decoding=\"async\" width=\"1024\" height=\"650\" src=\"https:\/\/www.koronakarkonoszy.pl\/blog-dla-firm\/wp-content\/uploads\/2022\/11\/annie-spratt-QKo-op_gR9I-unsplash-1024x650.jpg\" alt=\"\" class=\"wp-image-4500\" srcset=\"https:\/\/www.koronakarkonoszy.pl\/blog-dla-firm\/wp-content\/uploads\/2022\/11\/annie-spratt-QKo-op_gR9I-unsplash-1024x650.jpg 1024w, https:\/\/www.koronakarkonoszy.pl\/blog-dla-firm\/wp-content\/uploads\/2022\/11\/annie-spratt-QKo-op_gR9I-unsplash-300x190.jpg 300w, https:\/\/www.koronakarkonoszy.pl\/blog-dla-firm\/wp-content\/uploads\/2022\/11\/annie-spratt-QKo-op_gR9I-unsplash-768x488.jpg 768w, https:\/\/www.koronakarkonoszy.pl\/blog-dla-firm\/wp-content\/uploads\/2022\/11\/annie-spratt-QKo-op_gR9I-unsplash-1920x1219.jpg 1920w, https:\/\/www.koronakarkonoszy.pl\/blog-dla-firm\/wp-content\/uploads\/2022\/11\/annie-spratt-QKo-op_gR9I-unsplash-1536x975.jpg 1536w, https:\/\/www.koronakarkonoszy.pl\/blog-dla-firm\/wp-content\/uploads\/2022\/11\/annie-spratt-QKo-op_gR9I-unsplash-2048x1300.jpg 2048w\" sizes=\"auto, (max-width: 1024px) 100vw, 1024px\" \/><figcaption class=\"wp-element-caption\"><strong>Dekoracje \u015bwi\u0105teczne<\/strong> <\/figcaption><\/figure>\n\n\n\n<p>Tradycja ta tak mocno wros\u0142a w nasz\u0105 kultur\u0119, \u017ce obecna jest w\u0142a\u015bciwie we wszystkich dziedzinach \u017cycia. Nie tylko zreszt\u0105 u nas. Ca\u0142y zachodni \u015bwiat \u015bwi\u0119tuje Gwiazdk\u0119, i nie tylko. \u015awi\u0119to to bardzo popularne jest na przyk\u0142ad w Chinach.<\/p>\n\n\n\n<figure class=\"wp-block-image size-large\"><img loading=\"lazy\" decoding=\"async\" width=\"1024\" height=\"683\" src=\"https:\/\/www.koronakarkonoszy.pl\/blog-dla-firm\/wp-content\/uploads\/2022\/11\/DKK_16_15_41_MIV_1217-1024x683.jpg\" alt=\"\" class=\"wp-image-4462\" srcset=\"https:\/\/www.koronakarkonoszy.pl\/blog-dla-firm\/wp-content\/uploads\/2022\/11\/DKK_16_15_41_MIV_1217-1024x683.jpg 1024w, https:\/\/www.koronakarkonoszy.pl\/blog-dla-firm\/wp-content\/uploads\/2022\/11\/DKK_16_15_41_MIV_1217-300x200.jpg 300w, https:\/\/www.koronakarkonoszy.pl\/blog-dla-firm\/wp-content\/uploads\/2022\/11\/DKK_16_15_41_MIV_1217-768x512.jpg 768w, https:\/\/www.koronakarkonoszy.pl\/blog-dla-firm\/wp-content\/uploads\/2022\/11\/DKK_16_15_41_MIV_1217-1920x1280.jpg 1920w, https:\/\/www.koronakarkonoszy.pl\/blog-dla-firm\/wp-content\/uploads\/2022\/11\/DKK_16_15_41_MIV_1217-1536x1024.jpg 1536w, https:\/\/www.koronakarkonoszy.pl\/blog-dla-firm\/wp-content\/uploads\/2022\/11\/DKK_16_15_41_MIV_1217-2048x1366.jpg 2048w\" sizes=\"auto, (max-width: 1024px) 100vw, 1024px\" \/><figcaption class=\"wp-element-caption\"><strong>Impreza \u015bwi\u0105teczna,<\/strong> <strong><a href=\"https:\/\/www.koronakarkonoszy.pl\/dla-firm\/\" target=\"_blank\" rel=\"noreferrer noopener\">Dw\u00f3r Korona Karkonoszy <\/a><\/strong><\/figcaption><\/figure>\n\n\n\n<p>Gwiazdka obecna jest r\u00f3wnie\u017c w kulturze korporacyjnej. Wsp\u00f3\u0142pracownicy r\u00f3wnie\u017c staraj\u0105 si\u0119 j\u0105 uczci\u0107 cho\u0107by symbolicznym spotkaniem. <strong>Wigilia firmowa<\/strong> w wielu miejscach jest ju\u017c sta\u0142ym i wyczekiwanym przerywnikiem biurowej codzienno\u015bci. I nic dziwnego, w ko\u0144cu kto nie lubi dostawa\u0107 prezent\u00f3w?<\/p>\n\n\n\n<p>Oczywi\u015bcie, poniewa\u017c \u015bwi\u0119ta te wszyscy obchodz\u0105 w rodzinnym lub przyjacielskim kr\u0119gu, uroczysto\u015bci firmowe i urz\u0119dowe odbywaj\u0105 si\u0119 w innych terminach. Firmowe przyj\u0119cia wigilijne urz\u0105dzane s\u0105 wcze\u015bniej, nawet 2-3 tygodnie przed w\u0142a\u015bciwym terminem, na przyk\u0142ad w okolicy Miko\u0142ajek.<\/p>\n\n\n<section id=\"leonardo-block_6d618faabccbe04c292b35de49e9ab07\" class=\"leonardo page-breaker leonardo-image-left\">\n    <div class=\"leonardo-body\">\n        <h2 class=\"leonardo-title\" id=\"h-kiedy-zrobic-wigilie-firmowa\">Kiedy zrobi\u0107 wigili\u0119 firmow\u0105?<\/h2>        <div class=\"leonardo-content\"><p><!-- wp:heading --><\/p>\n<p>Czy przed\u015bwi\u0105teczna gor\u0105czka to dobry moment na organizacj\u0119 <strong>wigilii firmowej<\/strong>? Z jednej strony jeste\u015bmy i tak bardzo zaj\u0119ci ko\u0144czeniem r\u00f3\u017cnych spraw, szukaniem prezent\u00f3w i przygotowaniami do \u015bwi\u0105t. Z drugiej &#8211; czujemy ju\u017c t\u0119 wyj\u0105tkow\u0105 atmosfer\u0119. Wi\u0119c mo\u017ce dobrze by\u0142oby na chwil\u0119 zwolni\u0107 i sp\u0119dzi\u0107 troch\u0119 czasu z osobami, z kt\u00f3rymi na co dzie\u0144 pracujemy. Jednak w innych okoliczno\u015bciach, ni\u017c zwykle \u2013 podczas wspania\u0142ego wyjazdu \u015bwi\u0105tecznego i integracyjnego zarazem.<\/p>\n<p><!-- \/wp:paragraph --> <!-- wp:paragraph --><\/p>\n<p>A zatem <strong>kiedy zrobi\u0107 wigili\u0119 firmow\u0105<\/strong>? Na pewno nie w ostatniej chwili! Nigdy tu\u017c przed tym, gdy ka\u017cdy my\u015bli ju\u017c tylko o \u015bwi\u0105tecznej kolacji w rodzinnym gronie. I na pewno nie po godzinach, w pracy. Pracownicy mog\u0105 to odebra\u0107 jako przykr\u0105 konieczno\u015b\u0107 i wcale nie zechc\u0105 uczestniczy\u0107 w firmowej wigilii. A przecie\u017c urz\u0105dzamy to przyj\u0119cie po to, by sprawi\u0107 przyjemno\u015b\u0107 za\u0142odze, bo <a href=\"https:\/\/www.koronakarkonoszy.pl\/blog-dla-firm\/zadowolony-pracownik\/\" target=\"_blank\" rel=\"noopener\">zadowolony pracownik<\/a> to dobry pracownik.<\/p>\n<p><!-- \/wp:paragraph --><\/p>\n<\/div>\n            <\/div>\n    <div class=\"leonardo-image\">\n        <img loading=\"lazy\" decoding=\"async\" width=\"800\" height=\"533\" src=\"https:\/\/www.koronakarkonoszy.pl\/blog-dla-firm\/wp-content\/uploads\/2021\/07\/wigilia-pracownicza.jpg\" class=\"attachment-full size-full\" alt=\"Wigilia dla firm w Dworze Korona Karkonoszy, Miko\u0142aj\" srcset=\"https:\/\/www.koronakarkonoszy.pl\/blog-dla-firm\/wp-content\/uploads\/2021\/07\/wigilia-pracownicza.jpg 800w, https:\/\/www.koronakarkonoszy.pl\/blog-dla-firm\/wp-content\/uploads\/2021\/07\/wigilia-pracownicza-300x200.jpg 300w, https:\/\/www.koronakarkonoszy.pl\/blog-dla-firm\/wp-content\/uploads\/2021\/07\/wigilia-pracownicza-768x512.jpg 768w\" sizes=\"auto, (max-width: 800px) 100vw, 800px\" \/>            <\/div>\n<\/section>\n\n\n<h2 class=\"wp-block-heading\" id=\"ha-wigilia-firmowa-a-wyjazd-integracyjny\">Wigilia firmowa a wyjazd integracyjny <\/h2>\n\n\n\n<p>Chyba najlepszym rozwi\u0105zaniem jest <strong>organizacja wigilii firmowej<\/strong> w ramach <strong>wyjazdu integracyjnego<\/strong>. Wystarczy dobra\u0107 odpowiednie menu i uprzedzi\u0107 pracownik\u00f3w, \u017ce planujemy r\u00f3wnie\u017c firmowe przyj\u0119cie wigilijne. Oczywi\u015bcie forma wigilii firmowej mo\u017ce by\u0107 te\u017c nieco bardziej swobodna i zawiera\u0107 r\u00f3\u017cne niespodzianki i dodatkowe atrakcje. Wtedy na pewno wiele os\u00f3b ucieszy si\u0119 z tego pomys\u0142u. I ch\u0119tnie wyrwie si\u0119 na dwa dni z gor\u0105czki \u015bwi\u0105tecznych przygotowa\u0144, by pojecha\u0107 gdzie\u015b, gdzie wszystko b\u0119dzie gotowe. I gdzie mo\u017cna b\u0119dzie, zamiast samemu organizowa\u0107 wigili\u0119, po prostu cieszy\u0107 si\u0119 \u015bwi\u0105teczn\u0105 imprez\u0105.<\/p>\n\n\n\n<figure class=\"wp-block-image size-large\"><img loading=\"lazy\" decoding=\"async\" width=\"819\" height=\"1024\" src=\"https:\/\/www.koronakarkonoszy.pl\/blog-dla-firm\/wp-content\/uploads\/2022\/11\/caroline-hernandez-8IR7jXjNG0w-unsplash1-819x1024.jpg\" alt=\"\" class=\"wp-image-4524\" srcset=\"https:\/\/www.koronakarkonoszy.pl\/blog-dla-firm\/wp-content\/uploads\/2022\/11\/caroline-hernandez-8IR7jXjNG0w-unsplash1-819x1024.jpg 819w, https:\/\/www.koronakarkonoszy.pl\/blog-dla-firm\/wp-content\/uploads\/2022\/11\/caroline-hernandez-8IR7jXjNG0w-unsplash1-240x300.jpg 240w, https:\/\/www.koronakarkonoszy.pl\/blog-dla-firm\/wp-content\/uploads\/2022\/11\/caroline-hernandez-8IR7jXjNG0w-unsplash1-768x960.jpg 768w, https:\/\/www.koronakarkonoszy.pl\/blog-dla-firm\/wp-content\/uploads\/2022\/11\/caroline-hernandez-8IR7jXjNG0w-unsplash1-1536x1920.jpg 1536w, https:\/\/www.koronakarkonoszy.pl\/blog-dla-firm\/wp-content\/uploads\/2022\/11\/caroline-hernandez-8IR7jXjNG0w-unsplash1-1229x1536.jpg 1229w, https:\/\/www.koronakarkonoszy.pl\/blog-dla-firm\/wp-content\/uploads\/2022\/11\/caroline-hernandez-8IR7jXjNG0w-unsplash1-1638x2048.jpg 1638w, https:\/\/www.koronakarkonoszy.pl\/blog-dla-firm\/wp-content\/uploads\/2022\/11\/caroline-hernandez-8IR7jXjNG0w-unsplash1-scaled.jpg 2048w\" sizes=\"auto, (max-width: 819px) 100vw, 819px\" \/><figcaption class=\"wp-element-caption\"><strong>Menu na wigilijne spotkanie integracyjne <\/strong><\/figcaption><\/figure>\n\n\n\n<h2 class=\"wp-block-heading\" id=\"ha-miejsce-na-wigilie-firmowa\">Miejsce na wigili\u0119 firmow\u0105<\/h2>\n\n\n\n<p>Gdzie urz\u0105dzi\u0107 firmow\u0105 Gwiazdk\u0119? To chyba najwa\u017cniejsze pytanie, jakie zadaj\u0105 sobie organizatorzy wigilii firmowych. Wybieraj\u0105c hotel czy restauracj\u0119 na imprezy integracyjne warto zwr\u00f3ci\u0107 uwag\u0119 na kilka element\u00f3w. Zw\u0142aszcza je\u015bli zdecydujemy si\u0119 na firmow\u0105 Gwiazdk\u0119 na wyje\u017adzie, koniecznie sprawd\u017amy pewne kwestie. Na przyk\u0142ad, czy organizator naszego firmowego eventu zapewni o<strong>piek\u0119 i pomoc koordynatora<\/strong> przez ca\u0142y proces przygotowania i realizacji pobytu. To wa\u017cne, \u017ceby mie\u0107 ci\u0105gle do dyspozycji osob\u0119, kt\u00f3ra mo\u017ce nam doradzi\u0107 i zagwarantowa\u0107 udan\u0105 <strong>wigili\u0119 firmow\u0105<\/strong>. Powinna pom\u00f3c nam ona w przygotowaniu scenariusza spotkania, wyborze menu i ewentualnych atrakcji dodatkowych na wigilijny wiecz\u00f3r i ca\u0142y pobyt.<\/p>\n\n\n\n<figure class=\"wp-block-image size-large\"><img loading=\"lazy\" decoding=\"async\" width=\"1024\" height=\"576\" src=\"https:\/\/www.koronakarkonoszy.pl\/blog-dla-firm\/wp-content\/uploads\/2022\/11\/9-1024x576.jpg\" alt=\"\" class=\"wp-image-4463\" srcset=\"https:\/\/www.koronakarkonoszy.pl\/blog-dla-firm\/wp-content\/uploads\/2022\/11\/9-1024x576.jpg 1024w, https:\/\/www.koronakarkonoszy.pl\/blog-dla-firm\/wp-content\/uploads\/2022\/11\/9-300x169.jpg 300w, https:\/\/www.koronakarkonoszy.pl\/blog-dla-firm\/wp-content\/uploads\/2022\/11\/9-768x432.jpg 768w, https:\/\/www.koronakarkonoszy.pl\/blog-dla-firm\/wp-content\/uploads\/2022\/11\/9-1920x1080.jpg 1920w, https:\/\/www.koronakarkonoszy.pl\/blog-dla-firm\/wp-content\/uploads\/2022\/11\/9-1536x864.jpg 1536w, https:\/\/www.koronakarkonoszy.pl\/blog-dla-firm\/wp-content\/uploads\/2022\/11\/9-2048x1152.jpg 2048w\" sizes=\"auto, (max-width: 1024px) 100vw, 1024px\" \/><figcaption class=\"wp-element-caption\"><strong>Miejsce na wigili\u0119 firmow\u0105, <a href=\"https:\/\/www.koronakarkonoszy.pl\/dla-firm\/\" target=\"_blank\" rel=\"noreferrer noopener\">Dw\u00f3r Korona Karkonoszy <\/a><\/strong><\/figcaption><\/figure>\n\n\n\n<p>Bardzo wa\u017cna jest z pewno\u015bci\u0105 kwestia \u015bwi\u0105tecznego menu. Czy musi to by\u0107 kuchnia tradycyjna? Niekoniecznie. Mo\u017ce lepiej zrobi\u0107 pracownikom niespodziank\u0119 i zaproponowa\u0107 potrawy \u015bwi\u0105teczne wywodz\u0105ce si\u0119 z innych tradycji i kultur? Wtedy kolacja wigilijna b\u0119dzie ciekawym do\u015bwiadczeniem nie tylko o charakterze kulinarnym. &nbsp;<\/p>\n\n\n\n<style>\n    .cta_block{\n        margin: 1.5em 0;\n    }\n    .cta_block_content {\n        position: relative;\n        color: white;\n        padding: 1em;\n    }\n    .cta_block_content h3{\n        text-align: center;\n        font: normal normal normal 36px\/50px Yeseva One;\n    }\n    .cta_block_content .cta_block_desc{\n        text-align: center;\n        font-size: 1.1em;\n        position: relative;\n    }\n    .cta_block_content .cta_block_desc:before {\n        content: '';\n        width: 80px;\n        height: 4px;\n        background: #EEB315;\n        position: absolute;\n        left: 0;\n        right: 0;\n        margin-left: auto;\n        margin-right: auto;\n        top: -22px;\n    }\n\n    .cta_block_content picture{\n        position: absolute;\n        top: 0;\n        right: 0;\n        z-index: -1;\n        height: 100%;\n        overflow: hidden;\n        width: 100%;\n    }\n    .cta_block_content picture img{\n        object-fit: cover;\n        height: 100%;\n        width: 100%;\n    }\n    .cta_block .cta_block_content .ninja-forms-field{\n        background: #FFFFFF2F;\n        border: 1px solid #EEB315;\n        border-radius: 25px;\n        opacity: 1;\n        color: #ffffff;\n    }\n    .cta_block .cta_block_content .nf-form-content input[type=submit]{\n        background-color: #EEB315;\n        color: #292929;\n        text-align: center;\n        font: normal normal bold 14px\/20px Work Sans;\n        padding: 0 2em;\n    }\n\n    .cta_block ::placeholder{\n        color: white!important;\n        opacity: 1;\n    }\n\n    .cta_block_content::after {\n        height: 100%;\n        width: 100%;\n        content: \"\";\n        z-index: -1;\n        position: absolute;\n        top: 0;\n        background: #00000070;\n        right: 0;\n        left: 0;\n        bottom: 0;\n    }\n    #ha-cta-block, .cta_block_desc, .cta_block .nf-field-label, .cta_block .nf-error-msg {\n        filter: drop-shadow(1px 1px 8px black);\n    }\n\n\/*    .cta_block nf-rows-wrap {\n        display: flex;\n        justify-content: space-around;\n        flex-direction: row;\n    }*\/\n\n    .cta_block .nf-field-label {\n        display:none;\n    }\n\n    .cta_block .nf-error.field-wrap .nf-field-element::after {\n        border-radius: 50px;\n    }\n\n    .cta_block .nf-error-msg {\n        color: #fff;\n    }\n\n    .cta_block .nf-form-cont {\n        margin-top: 3em;\n        margin-bottom: 1em;\n    }\n\n    .wp-admin .cta_block_content{\n        display: none;\n    }\n    .cta_block .nf-form-fields-required {\n        display: none;\n    }\n    body:not(.wp-admin) .cta_block_admin {\n        display: none;\n    }\n<\/style>\n<div id=\"cta_block-block_43dac2d66d89400b5cac2b721134c9f9\" class=\"cta_block\">\n    <div class=\"cta_block_admin\" style=\"background-color: blue; color: white\">\n        Blok CTA\n    <\/div>\n    <div class=\"cta_block\">\n        <div class=\"cta_block_content\">   \n        <h3 id=\"ha-magiczna-wigilia-firmowa\">Magiczna wigilia firmowa?<\/h3>\n                    <div class=\"cta_block_desc\">Tylko w Dworze Korona Karkonoszy! <\/div>\n                <noscript class=\"ninja-forms-noscript-message\">\n\tNotice: JavaScript is required for this content.<\/noscript>\n<div id=\"nf-form-3-cont\" class=\"nf-form-cont\" aria-live=\"polite\" aria-labelledby=\"nf-form-title-3\" aria-describedby=\"nf-form-errors-3\" role=\"form\">\n\n    <div class=\"nf-loading-spinner\"><\/div>\n\n<\/div>\n        <!-- That data is being printed as a workaround to page builders reordering the order of the scripts loaded-->\n        <script>var formDisplay=1;var nfForms=nfForms||[];var form=[];form.id='3';form.settings={\"objectType\":\"Form Setting\",\"editActive\":true,\"title\":\"Block CTA\",\"created_at\":\"2022-11-09 19:27:14\",\"default_label_pos\":\"above\",\"show_title\":0,\"clear_complete\":\"1\",\"hide_complete\":\"1\",\"logged_in\":\"\",\"wrapper_class\":\"\",\"element_class\":\"\",\"key\":\"\",\"add_submit\":\"0\",\"currency\":\"\",\"repeatable_fieldsets\":\"\",\"unique_field_error\":\"Formularz z t\\u0105 warto\\u015bci\\u0105 zosta\\u0142 ju\\u017c przes\\u0142any.\",\"not_logged_in_msg\":\"\",\"sub_limit_msg\":\"Formularz osi\\u0105gn\\u0105\\u0142 limit wys\\u0142a\\u0144.\",\"calculations\":[],\"container_styles_show_advanced_css\":\"0\",\"title_styles_show_advanced_css\":\"0\",\"row_styles_show_advanced_css\":\"0\",\"row-odd_styles_show_advanced_css\":\"0\",\"success-msg_styles_show_advanced_css\":\"0\",\"error_msg_styles_show_advanced_css\":\"0\",\"formContentData\":[{\"order\":1,\"cells\":[{\"order\":0,\"fields\":[\"phone_1640098275087\"],\"width\":35},{\"order\":1,\"fields\":[\"adres_e-mail_1668018487177\"],\"width\":35},{\"order\":2,\"fields\":[\"zapisz_mnie_1668018472281\"],\"width\":30}]}],\"conditions\":[],\"drawerDisabled\":false,\"allow_public_link\":0,\"embed_form\":\"\",\"changeEmailErrorMsg\":\"Please enter a valid email address!\",\"changeDateErrorMsg\":\"Please enter a valid date!\",\"confirmFieldErrorMsg\":\"These fields must match!\",\"fieldNumberNumMinError\":\"Number Min Error\",\"fieldNumberNumMaxError\":\"Number Max Error\",\"fieldNumberIncrementBy\":\"Please increment by \",\"formErrorsCorrectErrors\":\"Please correct errors before submitting this form.\",\"validateRequiredField\":\"This is a required field.\",\"honeypotHoneypotError\":\"Honeypot Error\",\"fieldsMarkedRequired\":\"Fields marked with an <span class=\\\"ninja-forms-req-symbol\\\">*<\\\/span> are required\",\"form_title_heading_level\":\"3\",\"ninjaForms\":\"Ninja Forms\",\"fieldTextareaRTEInsertLink\":\"Insert Link\",\"fieldTextareaRTEInsertMedia\":\"Insert Media\",\"fieldTextareaRTESelectAFile\":\"Select a file\",\"formHoneypot\":\"If you are a human seeing this field, please leave it empty.\",\"fileUploadOldCodeFileUploadInProgress\":\"File Upload in Progress.\",\"fileUploadOldCodeFileUpload\":\"FILE UPLOAD\",\"currencySymbol\":\"&#36;\",\"thousands_sep\":\",\",\"decimal_point\":\".\",\"siteLocale\":\"en_GB\",\"dateFormat\":\"m\\\/d\\\/Y\",\"startOfWeek\":\"1\",\"of\":\"of\",\"previousMonth\":\"Previous Month\",\"nextMonth\":\"Next Month\",\"months\":[\"January\",\"February\",\"March\",\"April\",\"May\",\"June\",\"July\",\"August\",\"September\",\"October\",\"November\",\"December\"],\"monthsShort\":[\"Jan\",\"Feb\",\"Mar\",\"Apr\",\"May\",\"Jun\",\"Jul\",\"Aug\",\"Sep\",\"Oct\",\"Nov\",\"Dec\"],\"weekdays\":[\"Sunday\",\"Monday\",\"Tuesday\",\"Wednesday\",\"Thursday\",\"Friday\",\"Saturday\"],\"weekdaysShort\":[\"Sun\",\"Mon\",\"Tue\",\"Wed\",\"Thu\",\"Fri\",\"Sat\"],\"weekdaysMin\":[\"Su\",\"Mo\",\"Tu\",\"We\",\"Th\",\"Fr\",\"Sa\"],\"recaptchaConsentMissing\":\"reCaptcha validation couldn&#039;t load.\",\"recaptchaMissingCookie\":\"reCaptcha v3 validation couldn&#039;t load the cookie needed to submit the form.\",\"recaptchaConsentEvent\":\"Accept reCaptcha cookies before sending the form.\",\"currency_symbol\":\"\",\"beforeForm\":\"\",\"beforeFields\":\"\",\"afterFields\":\"\",\"afterForm\":\"\"};form.fields=[{\"objectType\":\"Field\",\"objectDomain\":\"fields\",\"editActive\":false,\"order\":1,\"idAttribute\":\"id\",\"type\":\"phone\",\"label\":\"Numer telefonu\",\"key\":\"phone_1640098275087\",\"label_pos\":\"above\",\"required\":\"\",\"default\":\"\",\"placeholder\":\"Numer telefonu\",\"container_class\":\"\",\"element_class\":\"\",\"input_limit\":\"\",\"input_limit_type\":\"characters\",\"input_limit_msg\":\"Liczba pozosta\\u0142ych znak\\u00f3w:\",\"manual_key\":\"\",\"admin_label\":\"\",\"help_text\":\"\",\"mask\":\"\",\"custom_mask\":\"\",\"custom_name_attribute\":\"phone\",\"personally_identifiable\":1,\"wrap_styles_border\":\"\",\"wrap_styles_width\":\"\",\"wrap_styles_margin\":\"\",\"wrap_styles_padding\":\"\",\"wrap_styles_float\":\"\",\"wrap_styles_show_advanced_css\":0,\"label_styles_border\":\"\",\"label_styles_width\":\"\",\"label_styles_font-size\":\"\",\"label_styles_margin\":\"\",\"label_styles_padding\":\"\",\"label_styles_float\":\"\",\"label_styles_show_advanced_css\":0,\"element_styles_border\":\"\",\"element_styles_width\":\"\",\"element_styles_font-size\":\"\",\"element_styles_margin\":\"\",\"element_styles_padding\":\"\",\"element_styles_float\":\"\",\"element_styles_show_advanced_css\":0,\"cellcid\":\"c3398\",\"value\":\"\",\"drawerDisabled\":\"\",\"field_label\":\"Numer telefonu\",\"field_key\":\"phone_1640098275087\",\"id\":9,\"beforeField\":\"\",\"afterField\":\"\",\"parentType\":\"textbox\",\"element_templates\":[\"tel\",\"textbox\",\"input\"],\"old_classname\":\"\",\"wrap_template\":\"wrap\"},{\"objectType\":\"Field\",\"objectDomain\":\"fields\",\"editActive\":false,\"order\":2,\"idAttribute\":\"id\",\"type\":\"email\",\"label\":\"Adres e-mail\",\"key\":\"adres_e-mail_1668018487177\",\"label_pos\":\"above\",\"required\":\"\",\"default\":\"\",\"placeholder\":\"Adres e-mail\",\"container_class\":\"\",\"element_class\":\"\",\"admin_label\":\"\",\"help_text\":\"\",\"custom_name_attribute\":\"email\",\"personally_identifiable\":1,\"wrap_styles_border\":\"\",\"wrap_styles_width\":\"\",\"wrap_styles_margin\":\"\",\"wrap_styles_padding\":\"\",\"wrap_styles_float\":\"\",\"wrap_styles_show_advanced_css\":0,\"label_styles_border\":\"\",\"label_styles_width\":\"\",\"label_styles_font-size\":\"\",\"label_styles_margin\":\"\",\"label_styles_padding\":\"\",\"label_styles_float\":\"\",\"label_styles_show_advanced_css\":0,\"element_styles_border\":\"\",\"element_styles_width\":\"\",\"element_styles_font-size\":\"\",\"element_styles_margin\":\"\",\"element_styles_padding\":\"\",\"element_styles_float\":\"\",\"element_styles_show_advanced_css\":0,\"cellcid\":\"c3401\",\"value\":\"\",\"drawerDisabled\":false,\"field_label\":\"E-mail\",\"field_key\":\"email_1640098276066\",\"id\":10,\"beforeField\":\"\",\"afterField\":\"\",\"parentType\":\"email\",\"element_templates\":[\"email\",\"input\"],\"old_classname\":\"\",\"wrap_template\":\"wrap\"},{\"objectType\":\"Field\",\"objectDomain\":\"fields\",\"editActive\":false,\"order\":3,\"idAttribute\":\"id\",\"type\":\"submit\",\"label\":\"Zapisz mnie\",\"processing_label\":\"W trakcie realizacji\",\"container_class\":\"\",\"element_class\":\"\",\"key\":\"zapisz_mnie_1668018472281\",\"wrap_styles_border\":\"\",\"wrap_styles_width\":\"\",\"wrap_styles_margin\":\"\",\"wrap_styles_padding\":\"\",\"wrap_styles_float\":\"\",\"wrap_styles_show_advanced_css\":0,\"element_styles_border\":\"\",\"element_styles_width\":\"\",\"element_styles_font-size\":\"\",\"element_styles_margin\":\"\",\"element_styles_padding\":\"\",\"element_styles_float\":\"\",\"element_styles_show_advanced_css\":0,\"submit_element_hover_styles_border\":\"\",\"submit_element_hover_styles_width\":\"\",\"submit_element_hover_styles_font-size\":\"\",\"submit_element_hover_styles_margin\":\"\",\"submit_element_hover_styles_padding\":\"\",\"submit_element_hover_styles_float\":\"\",\"submit_element_hover_styles_show_advanced_css\":0,\"cellcid\":\"c3403\",\"drawerDisabled\":false,\"field_label\":\"Zamawiam rozmow\\u0119\",\"field_key\":\"zamawiam_rozmowe_1640098314862\",\"id\":8,\"beforeField\":\"\",\"afterField\":\"\",\"value\":\"\",\"label_pos\":\"above\",\"parentType\":\"textbox\",\"element_templates\":[\"submit\",\"button\",\"input\"],\"old_classname\":\"\",\"wrap_template\":\"wrap-no-label\"}];nfForms.push(form);<\/script>\n                <script id=\"nf-tmpl-cell\" type=\"text\/template\">\n            <nf-fields><\/nf-fields>\n        <\/script>\n\n        <script id=\"nf-tmpl-row\" type=\"text\/template\">\n            <nf-cells><\/nf-cells>\n        <\/script>\n\n                <img loading=\"lazy\" decoding=\"async\" width=\"1280\" height=\"735\" src=\"https:\/\/www.koronakarkonoszy.pl\/blog-dla-firm\/wp-content\/uploads\/2022\/09\/DJI_0089.jpg\" class=\"attachment-full size-full\" alt=\"Miejscowo\u015b\u0107 letniskowa Sosn\u00f3wka k. Karpacza, widok na zalew\" srcset=\"https:\/\/www.koronakarkonoszy.pl\/blog-dla-firm\/wp-content\/uploads\/2022\/09\/DJI_0089.jpg 1280w, https:\/\/www.koronakarkonoszy.pl\/blog-dla-firm\/wp-content\/uploads\/2022\/09\/DJI_0089-300x172.jpg 300w, https:\/\/www.koronakarkonoszy.pl\/blog-dla-firm\/wp-content\/uploads\/2022\/09\/DJI_0089-1024x588.jpg 1024w, https:\/\/www.koronakarkonoszy.pl\/blog-dla-firm\/wp-content\/uploads\/2022\/09\/DJI_0089-768x441.jpg 768w\" sizes=\"auto, (max-width: 1280px) 100vw, 1280px\" \/>        <\/div> \n    <\/div>\n<\/div>\n\n\n\n<p>Kolejna kwestia, na kt\u00f3r\u0105 warto zwr\u00f3ci\u0107 uwag\u0119, to wy\u0142\u0105czno\u015b\u0107. Czy b\u0119dziemy mieli obiekt tylko dla siebie? Ca\u0142y <strong>lokal na wigili\u0119 firmow\u0105<\/strong> pozostaj\u0105cy tylko do naszej dyspozycji pozwoli nam nie tylko zorganizowa\u0107 kameraln\u0105 wigili\u0119, ale tak\u017ce uzyska\u0107 dodatkowy efekt w postaci integracji grupy. W takim przypadku \u0142atwiej&nbsp; jest r\u00f3wnie\u017c przygotowa\u0107 dodatkowe atrakcje dedykowane wy\u0142\u0105cznie naszym pracownikom.<\/p>\n\n\n<section id=\"leonardo-block_e5613f47fe284f33acdebd96a6ff48c4\" class=\"leonardo page-breaker leonardo-image-left\">\n    <div class=\"leonardo-body\">\n        <h2 class=\"leonardo-title\" id=\"h-kameralny-hotel-na-wigilie-firmowa\">Kameralny hotel na wigili\u0119 firmow\u0105<\/h2>        <div class=\"leonardo-content\"><p><!-- wp:heading --><\/p>\n<p>Gdzie sp\u0119dzi\u0107 wigili\u0119 firmow\u0105? Dok\u0105d zaprosi\u0107 pracownik\u00f3w, kontrahent\u00f3w czy klient\u00f3w? <a href=\"https:\/\/www.koronakarkonoszy.pl\/blog-dla-firm\/obiekty-konferencyjne-w-gorach-idealne-miejsca-na-spotkania-firmowe\/\" target=\"_blank\" rel=\"noopener\">Obiekty konferencyjne w g\u00f3rach<\/a> oferuj\u0105 wiele mo\u017cliwo\u015bci wspania\u0142ego sp\u0119dzania czasu ze wsp\u00f3\u0142pracownikami. Ten \u015bwi\u0105teczny okres w g\u00f3rach zyskuje dodatkowy walor \u2013 \u015bnieg na nizinach zdarza si\u0119 ju\u017c rzadko, za to w g\u00f3rach wci\u0105\u017c mo\u017cemy cieszy\u0107 bia\u0142ym puchem, lodowymi soplami i podziwia\u0107 setki kszta\u0142t\u00f3w mro\u017anych \u015bnie\u017cynek.<\/p>\n<p><!-- \/wp:paragraph --> <!-- wp:paragraph --><\/p>\n<p>Jazda na nartach czy desce, kulig, lepienie ba\u0142wana czy rzucanie si\u0119 \u015bnie\u017ckami\u2026 Zabawy dzieci\u0144stwa pozwol\u0105 naszej za\u0142odze oderwa\u0107 si\u0119 od codzienno\u015bci. A je\u015bli jeszcze wieczorem czeka\u0107 b\u0119dzie wspania\u0142a uczta dla duszy i cia\u0142a, czyli impreza w pi\u0119knie udekorowanych wn\u0119trzach, z pysznym jedzeniem i ta\u0144cami \u2013 czeg\u00f3\u017c chcie\u0107 wi\u0119cej?<\/p>\n<p><!-- \/wp:paragraph --> <!-- wp:paragraph --><\/p>\n<p>A mo\u017ce zorganizowa\u0107 <strong>\u015bwi\u0105teczne <\/strong><a href=\"https:\/\/www.koronakarkonoszy.pl\/blog-dla-firm\/czy-ognisko-integracyjne-dla-pracownikow-to-dobry-pomysl\/\" target=\"_blank\" rel=\"noopener\"><strong>ognisko<\/strong><\/a>? Grudniowa impreza \u00a0na \u015bwie\u017cym powietrzu to niebanalny pomys\u0142, lecz czemu nie? Podstawa to ciep\u0142y str\u00f3j i du\u017ce ognisko. Je\u015bli dorzucimy do tego zestawu aromatyczne grza\u0144ce i szalone ta\u0144ce, to na pewno nikt nie zmarznie. A wspomnienia &#8211; bezcenne!<\/p>\n<p><!-- \/wp:paragraph --><\/p>\n<\/div>\n            <\/div>\n    <div class=\"leonardo-image\">\n        <img loading=\"lazy\" decoding=\"async\" width=\"2560\" height=\"1440\" src=\"https:\/\/www.koronakarkonoszy.pl\/blog-dla-firm\/wp-content\/uploads\/2021\/07\/DSC_0059-scaled.jpg\" class=\"attachment-full size-full\" alt=\"Dw\u00f3r Korona Karkonoszy zim\u0105\" srcset=\"https:\/\/www.koronakarkonoszy.pl\/blog-dla-firm\/wp-content\/uploads\/2021\/07\/DSC_0059-scaled.jpg 2560w, https:\/\/www.koronakarkonoszy.pl\/blog-dla-firm\/wp-content\/uploads\/2021\/07\/DSC_0059-300x169.jpg 300w, https:\/\/www.koronakarkonoszy.pl\/blog-dla-firm\/wp-content\/uploads\/2021\/07\/DSC_0059-1024x576.jpg 1024w, https:\/\/www.koronakarkonoszy.pl\/blog-dla-firm\/wp-content\/uploads\/2021\/07\/DSC_0059-768x432.jpg 768w, https:\/\/www.koronakarkonoszy.pl\/blog-dla-firm\/wp-content\/uploads\/2021\/07\/DSC_0059-1920x1080.jpg 1920w, https:\/\/www.koronakarkonoszy.pl\/blog-dla-firm\/wp-content\/uploads\/2021\/07\/DSC_0059-1536x864.jpg 1536w, https:\/\/www.koronakarkonoszy.pl\/blog-dla-firm\/wp-content\/uploads\/2021\/07\/DSC_0059-2048x1152.jpg 2048w\" sizes=\"auto, (max-width: 2560px) 100vw, 2560px\" \/>            <\/div>\n<\/section>\n\n\n<h2 class=\"wp-block-heading\" id=\"ha-wigilia-firmowa-wroclaw\">Wigilia firmowa Wroc\u0142aw<\/h2>\n\n\n\n<p>Stolica Dolnego \u015al\u0105ska znana jest jako miasto spotka\u0144. Nic dziwnego. Wroc\u0142aw to miasto otwarte, klimatyczne, pe\u0142ne wspania\u0142ych zabytk\u00f3w, lecz jednocze\u015bnie pe\u0142ne energii, kt\u00f3r\u0105 kipi tak\u017ce podczas \u015bwi\u0105t. S\u0142ynny ju\u017c \u015bwi\u0105teczny jarmark, na kt\u00f3ry zje\u017cd\u017caj\u0105 tury\u015bci z ca\u0142ej Polski i nie tylko, wspania\u0142a choinka na Rynku oraz pi\u0119knie udekorowane ulice i place tworz\u0105 wyj\u0105tkow\u0105, magiczn\u0105 atmosfer\u0119.<\/p>\n\n\n\n<figure class=\"wp-block-image size-large\"><img loading=\"lazy\" decoding=\"async\" width=\"683\" height=\"1024\" src=\"https:\/\/www.koronakarkonoszy.pl\/blog-dla-firm\/wp-content\/uploads\/2022\/11\/stefan-frolov-KSe9n_fZG3Y-unsplash-683x1024.jpg\" alt=\"\" class=\"wp-image-4454\" srcset=\"https:\/\/www.koronakarkonoszy.pl\/blog-dla-firm\/wp-content\/uploads\/2022\/11\/stefan-frolov-KSe9n_fZG3Y-unsplash-683x1024.jpg 683w, https:\/\/www.koronakarkonoszy.pl\/blog-dla-firm\/wp-content\/uploads\/2022\/11\/stefan-frolov-KSe9n_fZG3Y-unsplash-200x300.jpg 200w, https:\/\/www.koronakarkonoszy.pl\/blog-dla-firm\/wp-content\/uploads\/2022\/11\/stefan-frolov-KSe9n_fZG3Y-unsplash-768x1152.jpg 768w, https:\/\/www.koronakarkonoszy.pl\/blog-dla-firm\/wp-content\/uploads\/2022\/11\/stefan-frolov-KSe9n_fZG3Y-unsplash-1280x1920.jpg 1280w, https:\/\/www.koronakarkonoszy.pl\/blog-dla-firm\/wp-content\/uploads\/2022\/11\/stefan-frolov-KSe9n_fZG3Y-unsplash-1024x1536.jpg 1024w, https:\/\/www.koronakarkonoszy.pl\/blog-dla-firm\/wp-content\/uploads\/2022\/11\/stefan-frolov-KSe9n_fZG3Y-unsplash-1365x2048.jpg 1365w, https:\/\/www.koronakarkonoszy.pl\/blog-dla-firm\/wp-content\/uploads\/2022\/11\/stefan-frolov-KSe9n_fZG3Y-unsplash-scaled.jpg 1707w\" sizes=\"auto, (max-width: 683px) 100vw, 683px\" \/><figcaption class=\"wp-element-caption\"><strong>\u015awi\u0105teczny Wroc\u0142aw <\/strong> <\/figcaption><\/figure>\n\n\n\n<p>A jednak <strong>wigilia firmowa w g\u00f3rach<\/strong> jest nie do przebicia! Wystarczy pojecha\u0107 oko\u0142o 100 kilometr\u00f3w od stolicy regionu, by ujrze\u0107 przypr\u00f3szone \u015bniegiem szczyty. Poczu\u0107 g\u00f3rskie klimaty, w\u0142o\u017cy\u0107 sweterki w renifery i mie\u0107 do dyspozycji nie jedn\u0105, lecz ca\u0142y las choinek! Brzmi troch\u0119 jak z bajki albo przes\u0142odzonej reklamy, jednak dla wroc\u0142awian to osi\u0105galne bez wi\u0119kszego problemu. Jednym z najch\u0119tniej wybieranych miejsc s\u0105 Karkonosze. W ostatnim czasie w rankingu popularno\u015bci wyprzedzi\u0142y nawet Tatry. Dlaczego zatem nie zaprosi\u0107 naszych pracownik\u00f3w w miejsce, gdzie i tak ch\u0119tnie by si\u0119 wybrali? <strong>Wigilia firmowa w g\u00f3rach<\/strong> z pewno\u015bci\u0105 zrobi wra\u017cenie!<\/p>\n\n\n<section id=\"leonardo-block_2fa6bf1d348e44ac7fa9e88e93e64a3d\" class=\"leonardo page-breaker leonardo-image-right\">\n    <div class=\"leonardo-body\">\n        <h2 class=\"leonardo-title\" id=\"h-wigilia-impreza-firmowa-w-najlepszym-stylu\">Wigilia &#8211; impreza firmowa w najlepszym stylu!<\/h2>        <div class=\"leonardo-content\"><p><!-- wp:heading --><\/p>\n<p>Je\u015bli szukasz miejsca na organizacj\u0119 niezapomnianej <strong>wigilii firmowej<\/strong>, pomy\u015bl o Dworze Korona Karkonoszy. To idealne miejsce na tak wa\u017cne i uroczyste spotkanie. Pi\u0119kna <strong>Dworska Sala Balowa <\/strong>(pe\u0142ni\u0105ca tak\u017ce rol\u0119 <a href=\"https:\/\/www.koronakarkonoszy.pl\/blog\/wesele-dolny-slask\/\" target=\"_blank\" rel=\"noopener\">sali weselnej<\/a>), doskona\u0142a kuchnia bazuj\u0105ca na idei slow food, \u015bwi\u0105teczny klimat, wyj\u0105tkowa atmosfera i szereg atrakcji dodatkowych \u2013 to wszystko znajdziemy w Dworze Korona Karkonoszy.<\/p>\n<p><!-- \/wp:paragraph --> <!-- wp:paragraph --><\/p>\n<p><strong>Dw\u00f3r Korona Karkonoszy<\/strong> specjalizuje si\u0119 w organizacji imprez firmowych \u201eszytych na miar\u0119\u201d. Realizuje imprezy integracyjne, uroczysto\u015bci firmowe, bale, bankiety, szkolenia, seminaria. Wigilie firmowe w Karkonoszach s\u0105 jedyne w swoim rodzaju!<\/p>\n<p><!-- \/wp:paragraph --><\/p>\n<\/div>\n            <\/div>\n    <div class=\"leonardo-image\">\n        <img loading=\"lazy\" decoding=\"async\" width=\"1024\" height=\"683\" src=\"https:\/\/www.koronakarkonoszy.pl\/blog-dla-firm\/wp-content\/uploads\/2021\/05\/sala-weselna-w-gorach-2-.jpg\" class=\"attachment-full size-full\" alt=\"Dworska Sala Balowa\" srcset=\"https:\/\/www.koronakarkonoszy.pl\/blog-dla-firm\/wp-content\/uploads\/2021\/05\/sala-weselna-w-gorach-2-.jpg 1024w, https:\/\/www.koronakarkonoszy.pl\/blog-dla-firm\/wp-content\/uploads\/2021\/05\/sala-weselna-w-gorach-2--300x200.jpg 300w, https:\/\/www.koronakarkonoszy.pl\/blog-dla-firm\/wp-content\/uploads\/2021\/05\/sala-weselna-w-gorach-2--768x512.jpg 768w\" sizes=\"auto, (max-width: 1024px) 100vw, 1024px\" \/>            <\/div>\n<\/section>\n\n\n<h2 class=\"wp-block-heading\" id=\"ha-wigilia-firmowa-karpacz-i-okolice\">Wigilia firmowa Karpacz i okolice<\/h2>\n\n\n\n<p>Niezwyk\u0142a Gwiazdka w g\u00f3rach? To zawsze si\u0119 sprawdzi! Tylko tam rozgwie\u017cd\u017cone, zimowe niebo wydaje si\u0119 by\u0107 na wyci\u0105gni\u0119cie r\u0119ki. Wystarczy si\u0119gn\u0105\u0107, by schwyci\u0107 Gwiazdk\u0119 i wypowiedzie\u0107 \u017cyczenie\u2026 W\u0142a\u015bciwie tylko w g\u00f3rach mamy szans\u0119 na prawdziwy \u015bnieg, a co to za spotkanie wigilijne bez bia\u0142ego puchu? Zamarzni\u0119te wodospady, kt\u00f3re mo\u017cemy podziwia\u0107 podczas spaceru, o\u015bnie\u017cone szczyty&#8230; Warto wi\u0119c zaprosi\u0107 pracownik\u00f3w na <strong>wigili\u0119 firmow\u0105 w g\u00f3ry<\/strong>. <a href=\"https:\/\/www.koronakarkonoszy.pl\/blog-dla-firm\/malownicze-karkonosze-czyli-doskonale-miejsce-na-wyjazd-integracyjny\/\" target=\"_blank\" rel=\"noreferrer noopener\">Karkonosze<\/a> z pewno\u015bci\u0105 wszystkim przypadn\u0105 do gustu.<\/p>\n\n\n\n<figure class=\"wp-block-image size-large\"><img loading=\"lazy\" decoding=\"async\" width=\"1024\" height=\"678\" src=\"https:\/\/www.koronakarkonoszy.pl\/blog-dla-firm\/wp-content\/uploads\/2022\/11\/artur-rutkowski-1uXda0NDpu0-unsplash-1024x678.jpg\" alt=\"\" class=\"wp-image-4453\" srcset=\"https:\/\/www.koronakarkonoszy.pl\/blog-dla-firm\/wp-content\/uploads\/2022\/11\/artur-rutkowski-1uXda0NDpu0-unsplash-1024x678.jpg 1024w, https:\/\/www.koronakarkonoszy.pl\/blog-dla-firm\/wp-content\/uploads\/2022\/11\/artur-rutkowski-1uXda0NDpu0-unsplash-300x199.jpg 300w, https:\/\/www.koronakarkonoszy.pl\/blog-dla-firm\/wp-content\/uploads\/2022\/11\/artur-rutkowski-1uXda0NDpu0-unsplash-768x509.jpg 768w, https:\/\/www.koronakarkonoszy.pl\/blog-dla-firm\/wp-content\/uploads\/2022\/11\/artur-rutkowski-1uXda0NDpu0-unsplash-1920x1272.jpg 1920w, https:\/\/www.koronakarkonoszy.pl\/blog-dla-firm\/wp-content\/uploads\/2022\/11\/artur-rutkowski-1uXda0NDpu0-unsplash-1536x1017.jpg 1536w, https:\/\/www.koronakarkonoszy.pl\/blog-dla-firm\/wp-content\/uploads\/2022\/11\/artur-rutkowski-1uXda0NDpu0-unsplash-2048x1357.jpg 2048w\" sizes=\"auto, (max-width: 1024px) 100vw, 1024px\" \/><figcaption class=\"wp-element-caption\"><strong>Zimowe Karkonosze<\/strong> <\/figcaption><\/figure>\n\n\n\n<p>Wigilia firmowa kojarzy si\u0119 z g\u00f3rami, \u015bniegiem, a by\u0107 mo\u017ce nawet kuligiem i nartami? Wyobra\u017amy sobie firmow\u0105 Gwiazdk\u0119 przy ognisku, z widokiem na Chojnik albo \u015anie\u017ck\u0119. Do tego degustacja rozgrzewaj\u0105cych, lokalnych nalewek i tradycyjne karkonoskie menu w trakcie wsp\u00f3lnej firmowej kolacji wigilijnej. Takie <strong>spotkanie wigilijne<\/strong> z pewno\u015bci\u0105 ucieszy i zintegruje nasz zesp\u00f3\u0142. B\u0119dzie te\u017c \u015bwietnym prezentem dla za\u0142ogi oraz motorem nap\u0119dowym do nadchodz\u0105cych z Nowym Rokiem wyzwa\u0144, kt\u00f3re czekaj\u0105 na wszystkich na gruncie s\u0142u\u017cbowym.<\/p>\n\n\n<section id=\"leonardo-block_e63b9a22cd1729e8e5b4acfb6147dca5\" class=\"leonardo page-breaker leonardo-image-left\">\n    <div class=\"leonardo-body\">\n        <h2 class=\"leonardo-title\" id=\"h-wigilia-firmowa-sosnowka-k-karpacza\">Wigilia firmowa \u2013 <a href=\"https:\/\/www.koronakarkonoszy.pl\/blog-atrakcje\/sosnowka\/\" class=\"links-placer\">Sosn\u00f3wka<\/a> k. Karpacza<\/h2>        <div class=\"leonardo-content\"><p><!-- wp:heading --><\/p>\n<p>Karkonosze to rozleg\u0142y teren. Gdzie konkretnie warto wybra\u0107 si\u0119 na imprez\u0119 \u015bwi\u0105teczn\u0105? Mo\u017ce w okolice Karpacza? Samo miasto jest ju\u017c nieco zbyt zat\u0142oczone, ale w okolicy jest mn\u00f3stwo pi\u0119knych zak\u0105tk\u00f3w i zabytkowych miejscowo\u015bci. Cho\u0107by <a href=\"https:\/\/www.koronakarkonoszy.pl\/blog-dla-firm\/sosnowka-w-samym-sercu-karkonoszy\/\" target=\"_blank\" rel=\"noopener\"><strong>Sosn\u00f3wka<\/strong><\/a>, stara miejscowo\u015b\u0107 letniskowa. Po\u0142o\u017cona nad wspania\u0142ym zalewem, oferuj\u0105ca doskona\u0142e widoki na ruiny Zamku Ksi\u0119cia Henryka i na Zamek Chojnik, stanowi doskona\u0142e miejsce na imprezy integracyjne wszelkiego rodzaju, zw\u0142aszcza zim\u0105. <strong>Wigilia firmowa w Sosn\u00f3wce<\/strong> urzeknie pracownik\u00f3w swym wyj\u0105tkowym klimatem.<\/p>\n<p><!-- \/wp:paragraph --><\/p>\n<\/div>\n            <\/div>\n    <div class=\"leonardo-image\">\n        <img loading=\"lazy\" decoding=\"async\" width=\"960\" height=\"540\" src=\"https:\/\/www.koronakarkonoszy.pl\/blog-dla-firm\/wp-content\/uploads\/2022\/11\/DKK_night.jpg\" class=\"attachment-full size-full\" alt=\"Dw\u00f3r Korona Karkonoszy zim\u0105\" srcset=\"https:\/\/www.koronakarkonoszy.pl\/blog-dla-firm\/wp-content\/uploads\/2022\/11\/DKK_night.jpg 960w, https:\/\/www.koronakarkonoszy.pl\/blog-dla-firm\/wp-content\/uploads\/2022\/11\/DKK_night-300x169.jpg 300w, https:\/\/www.koronakarkonoszy.pl\/blog-dla-firm\/wp-content\/uploads\/2022\/11\/DKK_night-768x432.jpg 768w\" sizes=\"auto, (max-width: 960px) 100vw, 960px\" \/>            <\/div>\n<\/section>\n\n\n<h2 class=\"wp-block-heading\" id=\"ha-organizacja-wigilii-firmowych\">Organizacja wigilii firmowych<\/h2>\n\n\n\n<p>Zastan\u00f3wmy si\u0119, czy <strong>organizacja wigilii firmowych<\/strong> jest \u0142atwa czy to raczej trudne zadanie? Wszystko zale\u017cy od tego, z jakim rozmachem chcemy urz\u0105dzi\u0107 <strong>w<\/strong><strong>igili\u0119 pracownicz\u0105<\/strong>. Gdzie ma mie\u0107 miejsce nasz \u015bwi\u0105teczny event. I czy ma ograniczy\u0107 si\u0119 do do\u015b\u0107 kr\u00f3tkiego spotkania w firmie ze skromnym cateringiem, czy marzy nam si\u0119 kilkudniowa wyjazdowa impreza integracyjna po\u0142\u0105czona z wigili\u0105?<\/p>\n\n\n\n<figure class=\"wp-block-image size-large\"><img loading=\"lazy\" decoding=\"async\" width=\"683\" height=\"1024\" src=\"https:\/\/www.koronakarkonoszy.pl\/blog-dla-firm\/wp-content\/uploads\/2022\/11\/monika-grabkowska-yuAEcsAe4lk-unsplash-683x1024.jpg\" alt=\"\" class=\"wp-image-4504\" srcset=\"https:\/\/www.koronakarkonoszy.pl\/blog-dla-firm\/wp-content\/uploads\/2022\/11\/monika-grabkowska-yuAEcsAe4lk-unsplash-683x1024.jpg 683w, https:\/\/www.koronakarkonoszy.pl\/blog-dla-firm\/wp-content\/uploads\/2022\/11\/monika-grabkowska-yuAEcsAe4lk-unsplash-200x300.jpg 200w, https:\/\/www.koronakarkonoszy.pl\/blog-dla-firm\/wp-content\/uploads\/2022\/11\/monika-grabkowska-yuAEcsAe4lk-unsplash-768x1152.jpg 768w, https:\/\/www.koronakarkonoszy.pl\/blog-dla-firm\/wp-content\/uploads\/2022\/11\/monika-grabkowska-yuAEcsAe4lk-unsplash-1280x1920.jpg 1280w, https:\/\/www.koronakarkonoszy.pl\/blog-dla-firm\/wp-content\/uploads\/2022\/11\/monika-grabkowska-yuAEcsAe4lk-unsplash-1024x1536.jpg 1024w, https:\/\/www.koronakarkonoszy.pl\/blog-dla-firm\/wp-content\/uploads\/2022\/11\/monika-grabkowska-yuAEcsAe4lk-unsplash-1365x2048.jpg 1365w, https:\/\/www.koronakarkonoszy.pl\/blog-dla-firm\/wp-content\/uploads\/2022\/11\/monika-grabkowska-yuAEcsAe4lk-unsplash-scaled.jpg 1707w\" sizes=\"auto, (max-width: 683px) 100vw, 683px\" \/><figcaption class=\"wp-element-caption\"><strong>Dekoracje na wigili\u0119 firmow\u0105 <\/strong><\/figcaption><\/figure>\n\n\n\n<p>W przypadku wi\u0119kszych imprez \u015bwi\u0105tecznych warto pomy\u015ble\u0107 o wynaj\u0119ciu agencji eventowej. Profesjonalna pomoc pozwoli nam si\u0119 odpr\u0119\u017cy\u0107 i cieszy\u0107 towarzystwem podw\u0142adnych i wsp\u00f3\u0142pracownik\u00f3w, bo wszystkim zajmie si\u0119 <strong>event manager<\/strong>. Stworzy <a href=\"https:\/\/www.koronakarkonoszy.pl\/blog-dla-firm\/scenariusz-spotkania-wigilijnego-jak-go-stworzyc\/\" target=\"_blank\" rel=\"noreferrer noopener\">scenariusz spotkania wigilijnego<\/a>, zadba o zatrudnienie podwykonawc\u00f3w i przygotowanie rekwizyt\u00f3w. Doradzi w kwestii menu i <a href=\"https:\/\/www.koronakarkonoszy.pl\/blog-dla-firm\/miejsce-na-impreze-integracyjna\/\" target=\"_blank\" rel=\"noreferrer noopener\">miejsca&nbsp; na imprez\u0119 integracyjn\u0105<\/a>. Po prostu zdejmie nam z g\u0142owy ca\u0142y ci\u0119\u017car przygotowa\u0144.&nbsp;&nbsp; &nbsp;<\/p>\n\n\n\n<figure class=\"wp-block-image size-large is-resized\"><a href=\"https:\/\/www.koronakarkonoszy.pl\/konfigurator-imprez\/\" target=\"_blank\" rel=\"noreferrer noopener\"><img loading=\"lazy\" decoding=\"async\" width=\"1024\" height=\"510\" src=\"https:\/\/www.koronakarkonoszy.pl\/blog-dla-firm\/wp-content\/uploads\/2023\/11\/DKK-konfigurator_01-1024x510.jpg\" alt=\"Konfigurator imprez firmowych agencji eventowej Dw\u00f3r Korona Karkonoszy\" class=\"wp-image-7804\" style=\"width:855px;height:auto\" title=\"Konfigurator imprez firmowych agencji eventowej \" srcset=\"https:\/\/www.koronakarkonoszy.pl\/blog-dla-firm\/wp-content\/uploads\/2023\/11\/DKK-konfigurator_01-1024x510.jpg 1024w, https:\/\/www.koronakarkonoszy.pl\/blog-dla-firm\/wp-content\/uploads\/2023\/11\/DKK-konfigurator_01-300x150.jpg 300w, https:\/\/www.koronakarkonoszy.pl\/blog-dla-firm\/wp-content\/uploads\/2023\/11\/DKK-konfigurator_01-768x383.jpg 768w, https:\/\/www.koronakarkonoszy.pl\/blog-dla-firm\/wp-content\/uploads\/2023\/11\/DKK-konfigurator_01-1920x957.jpg 1920w, https:\/\/www.koronakarkonoszy.pl\/blog-dla-firm\/wp-content\/uploads\/2023\/11\/DKK-konfigurator_01-1536x766.jpg 1536w, https:\/\/www.koronakarkonoszy.pl\/blog-dla-firm\/wp-content\/uploads\/2023\/11\/DKK-konfigurator_01-18x9.jpg 18w, https:\/\/www.koronakarkonoszy.pl\/blog-dla-firm\/wp-content\/uploads\/2023\/11\/DKK-konfigurator_01.jpg 2040w\" sizes=\"auto, (max-width: 1024px) 100vw, 1024px\" \/><\/a><\/figure>\n\n\n\n<h2 class=\"wp-block-heading\" id=\"ha-oferta-wigilii-firmowej\">Oferta wigilii firmowej<\/h2>\n\n\n\n<p>Je\u015bli chcemy zorganizowa\u0107 wigili\u0119 firmow\u0105, musimy zastanowi\u0107 si\u0119, co sk\u0142ada si\u0119 na tego typu imprez\u0119. Nie ka\u017cdy z nas ma do\u015bwiadczenie w organizacji spotka\u0144 wigilijnych dla swojej firmy. Dlatego warto wiedzie\u0107, o co trzeba pyta\u0107, je\u015bli chcemy zleci\u0107 to zadanie agencji eventowej albo restauracji.<\/p>\n\n\n<section id=\"leonardo-block_96cd5b1ecfabd8ced841ff7e7f24e8cb\" class=\"leonardo page-breaker leonardo-image-left\">\n    <div class=\"leonardo-body\">\n        <h2 class=\"leonardo-title\" id=\"h-wigilia-firmowa-o-co-pytac\">Wigilia firmowa &#8211; o co pyta\u0107? <\/h2>        <div class=\"leonardo-content\"><p><!-- wp:list --><\/p>\n<ul>\n<li style=\"list-style-type: none;\">Wa\u017cne kwestie to:\n<ul><!-- wp:list-item --><\/p>\n<li><strong>Opieka i pomoc koordynatora<\/strong> przez ca\u0142y proces organizacji i realizacji pobytu;<\/li>\n<li>Przygotowanie<strong> scenariusza spotkania wigilijnego oraz kosztorysu <\/strong>us\u0142ug dodatkowych;<\/li>\n<li><strong>Kompleksowe i kreatywne podej\u015bcie, <\/strong>czyli zapewnienie &#8211; wedle potrzeb &#8211; wszelkiego rodzaju podwykonawc\u00f3w, na przyk\u0142ad konferansjer\u00f3w, muzyk\u00f3w, animator\u00f3w, obs\u0142ug\u0119 techniczn\u0105;<\/li>\n<li>Specjalne<strong> menu<\/strong> \u2013 wigilijne \u2013 jednak dostosowane te\u017c do naszego gustu;<\/li>\n<li>Dodatkowe <strong>atrakcje \u201eszyte na miar\u0119\u201d<\/strong>: integracje indoor, outdoor, wieczory tematyczne, ognisko;<\/li>\n<li><strong>Sale<\/strong> dopasowane do potrzeb naszego eventu;<\/li>\n<li><strong>Ogr\u00f3d, <\/strong>w kt\u00f3rym mo\u017cna zorganizowa\u0107 <strong>biesiad\u0119 przy ognisku lub grillu;<\/strong><\/li>\n<li><strong>Pomocny i do\u015bwiadczony personel<\/strong>;<\/li>\n<li>Odpowiednia liczba<strong>\u00a0miejsc noclegowych<\/strong>;<\/li>\n<li><strong>Parking;<\/strong><\/li>\n<li><strong>Eventowy charakter obiektu \u2013 <\/strong>do\u015bwiadczenie w obs\u0142udze nawet du\u017cych grup.<\/li>\n<\/ul>\n<\/li>\n<\/ul>\n<p><!-- \/wp:list-item --><\/p>\n<p><!-- \/wp:list --><\/p>\n<\/div>\n            <\/div>\n    <div class=\"leonardo-image\">\n        <img loading=\"lazy\" decoding=\"async\" width=\"2000\" height=\"1333\" src=\"https:\/\/www.koronakarkonoszy.pl\/blog-dla-firm\/wp-content\/uploads\/2021\/07\/PJ_06_19_49_IR6_2031.jpg\" class=\"attachment-full size-full\" alt=\"Ognisko integracyjne zim\u0105, pomys\u0142y na integracj\u0119 firmow\u0105\" srcset=\"https:\/\/www.koronakarkonoszy.pl\/blog-dla-firm\/wp-content\/uploads\/2021\/07\/PJ_06_19_49_IR6_2031.jpg 2000w, https:\/\/www.koronakarkonoszy.pl\/blog-dla-firm\/wp-content\/uploads\/2021\/07\/PJ_06_19_49_IR6_2031-300x200.jpg 300w, https:\/\/www.koronakarkonoszy.pl\/blog-dla-firm\/wp-content\/uploads\/2021\/07\/PJ_06_19_49_IR6_2031-1024x682.jpg 1024w, https:\/\/www.koronakarkonoszy.pl\/blog-dla-firm\/wp-content\/uploads\/2021\/07\/PJ_06_19_49_IR6_2031-768x512.jpg 768w, https:\/\/www.koronakarkonoszy.pl\/blog-dla-firm\/wp-content\/uploads\/2021\/07\/PJ_06_19_49_IR6_2031-1920x1280.jpg 1920w, https:\/\/www.koronakarkonoszy.pl\/blog-dla-firm\/wp-content\/uploads\/2021\/07\/PJ_06_19_49_IR6_2031-1536x1024.jpg 1536w\" sizes=\"auto, (max-width: 2000px) 100vw, 2000px\" \/>            <\/div>\n<\/section>\n\n\n<ul class=\"wp-block-list\">\n<li><\/li>\n<\/ul>\n\n\n\n<h2 class=\"wp-block-heading\" id=\"ha-stol-wigilijny-co-podac\">St\u00f3\u0142 wigilijny \u2013 co poda\u0107?<\/h2>\n\n\n\n<p>Czego spodziewamy si\u0119 na stole podczas <strong>wigilii firmowej<\/strong>? Wiadomo, \u017ce zale\u017cy to od regionu, w jakim si\u0119 wychowali\u015bmy i tradycji piel\u0119gnowanych w naszych rodzinach. Z pewno\u015bci\u0105 w menu znajdziemy ryby. Tradycyjne to karp i \u015bled\u017a. Ale coraz cz\u0119\u015bciej pojawiaj\u0105 si\u0119 inne ryby, przede wszystkim powszechnie lubiany \u0142oso\u015b, ale te\u017c dorsz czy sandacz. Zwykle na stole go\u015bci te\u017c barszcz z uszkami, zupa grzybowa, pierogi z kapust\u0105 i grzybami oraz kompot z suszonych owoc\u00f3w. Albo kluski z makiem, zupa rybna, kapusta z grzybami oraz kutia. Tak\u017ce groch z kapust\u0105 i piernik staropolski w niekt\u00f3rych regionach kraju maj\u0105 swoje sta\u0142e miejsce w wigilijnym menu.<\/p>\n\n\n\n<figure class=\"wp-block-image size-large\"><img loading=\"lazy\" decoding=\"async\" width=\"683\" height=\"1024\" src=\"https:\/\/www.koronakarkonoszy.pl\/blog-dla-firm\/wp-content\/uploads\/2022\/11\/micheile-dot-com-_ne6O9qqhhg-unsplash-683x1024.jpg\" alt=\"\" class=\"wp-image-4482\" srcset=\"https:\/\/www.koronakarkonoszy.pl\/blog-dla-firm\/wp-content\/uploads\/2022\/11\/micheile-dot-com-_ne6O9qqhhg-unsplash-683x1024.jpg 683w, https:\/\/www.koronakarkonoszy.pl\/blog-dla-firm\/wp-content\/uploads\/2022\/11\/micheile-dot-com-_ne6O9qqhhg-unsplash-200x300.jpg 200w, https:\/\/www.koronakarkonoszy.pl\/blog-dla-firm\/wp-content\/uploads\/2022\/11\/micheile-dot-com-_ne6O9qqhhg-unsplash-768x1152.jpg 768w, https:\/\/www.koronakarkonoszy.pl\/blog-dla-firm\/wp-content\/uploads\/2022\/11\/micheile-dot-com-_ne6O9qqhhg-unsplash-1280x1920.jpg 1280w, https:\/\/www.koronakarkonoszy.pl\/blog-dla-firm\/wp-content\/uploads\/2022\/11\/micheile-dot-com-_ne6O9qqhhg-unsplash-1024x1536.jpg 1024w, https:\/\/www.koronakarkonoszy.pl\/blog-dla-firm\/wp-content\/uploads\/2022\/11\/micheile-dot-com-_ne6O9qqhhg-unsplash-1365x2048.jpg 1365w, https:\/\/www.koronakarkonoszy.pl\/blog-dla-firm\/wp-content\/uploads\/2022\/11\/micheile-dot-com-_ne6O9qqhhg-unsplash-scaled.jpg 1707w\" sizes=\"auto, (max-width: 683px) 100vw, 683px\" \/><figcaption class=\"wp-element-caption\"><strong>St\u00f3\u0142 wigilijny <\/strong><\/figcaption><\/figure>\n\n\n\n<p>Jedno jest pewne &#8211; <strong>firmowy st\u00f3\u0142 wigilijny<\/strong> nie powinien by\u0107 zbyt skromny. \u015awi\u0119ta to czas radosny i wymaga odpowiedniej oprawy. By\u0107 mo\u017ce nawet odrobiny przesady? Cho\u0107 oczywi\u015bcie nie namawiamy nikogo do marnowania jedzenia! Jednak menu powinno by\u0107 ciekawe i r\u00f3\u017cnorodne. Dlatego na stole nie powinno zabrakn\u0105\u0107 rozmaitych s\u0142odko\u015bci i pi\u0119knych \u015bwi\u0105tecznych dekoracji.<\/p>\n\n\n\n<p>A co najwa\u017cniejsze, musimy zadba\u0107 o \u015bwi\u0105teczn\u0105 i mi\u0142\u0105 atmosfer\u0119 przy stole. Pami\u0119tajmy, \u017ceby nie porusza\u0107 dra\u017cliwych temat\u00f3w i nie robi\u0107 w tym czasie firmowych rozlicze\u0144. Wr\u0119cz przeciwnie, skupmy si\u0119 na tym, co w pracy dobre i pozytywne. Niech nasz firmowy st\u00f3\u0142 wigilijny b\u0119dzie pe\u0142en \u017cyczliwo\u015bci, u\u015bmiechu i nadziei \u2013 jak ca\u0142e \u015bwi\u0119ta!<\/p>\n\n\n\n<figure class=\"wp-block-image size-large\"><img loading=\"lazy\" decoding=\"async\" width=\"1024\" height=\"683\" src=\"https:\/\/www.koronakarkonoszy.pl\/blog-dla-firm\/wp-content\/uploads\/2022\/11\/grudzien-1024x683.jpg\" alt=\"\" class=\"wp-image-4471\" srcset=\"https:\/\/www.koronakarkonoszy.pl\/blog-dla-firm\/wp-content\/uploads\/2022\/11\/grudzien-1024x683.jpg 1024w, https:\/\/www.koronakarkonoszy.pl\/blog-dla-firm\/wp-content\/uploads\/2022\/11\/grudzien-300x200.jpg 300w, https:\/\/www.koronakarkonoszy.pl\/blog-dla-firm\/wp-content\/uploads\/2022\/11\/grudzien-768x512.jpg 768w, https:\/\/www.koronakarkonoszy.pl\/blog-dla-firm\/wp-content\/uploads\/2022\/11\/grudzien-1920x1280.jpg 1920w, https:\/\/www.koronakarkonoszy.pl\/blog-dla-firm\/wp-content\/uploads\/2022\/11\/grudzien-1536x1024.jpg 1536w, https:\/\/www.koronakarkonoszy.pl\/blog-dla-firm\/wp-content\/uploads\/2022\/11\/grudzien-2048x1365.jpg 2048w\" sizes=\"auto, (max-width: 1024px) 100vw, 1024px\" \/><figcaption class=\"wp-element-caption\"><strong>Tradycyjne menu na wigili\u0119 firmow\u0105 &#8211; karp<\/strong> <\/figcaption><\/figure>\n\n\n\n<h2 class=\"wp-block-heading\" id=\"ha-wigilia-firmowa-przykladowe-menu\">Wigilia firmowa \u2013 przyk\u0142adowe menu<\/h2>\n\n\n\n<p>Co powinno si\u0119 znale\u017a\u0107 w menu podczas firmowej wigilii? Klasyka to karp, pierogi z grzybami, barszcz, kutia. Wydaje si\u0119 wi\u0119c, \u017ce wyb\u00f3r menu na wigili\u0119 firmow\u0105 nie powinien sprawia\u0107 problem\u00f3w. Pewnie ka\u017cdy ma jakie\u015b skojarzenia zwi\u0105zane z Gwiazdk\u0105 i wieczerz\u0105 wigilijn\u0105. Jednak samodzielne skomponowanie zestawu wigilijnych potraw, nie tylko dla siebie, lecz r\u00f3wnie\u017c dla zespo\u0142u wsp\u00f3\u0142pracownik\u00f3w wymaga ju\u017c pewnego wysi\u0142ku. Dlatego poni\u017cej podpowiadamy, jak mog\u0142oby wygl\u0105da\u0107 menu wigilijne dla firm. To propozycje Dworu Korona Karkonoszy, organizuj\u0105cej imprezy firmowe ka\u017cdego typu, tak\u017ce niezapomniane wigilie dla firm.&nbsp;<\/p>\n\n\n<section id=\"leonardo-block_fa964b237fa0d7858d4f61b88730937e\" class=\"leonardo page-breaker leonardo-image-left\">\n    <div class=\"leonardo-body\">\n        <h2 class=\"leonardo-title\" id=\"h-regionalna-kuchnia-wigilia-karkonoska\">Regionalna kuchnia &#8211; wigilia karkonoska<\/h2>        <div class=\"leonardo-content\"><ul>\n<li>przystawka z \u0142ososia w\u0119dzonego z delikatnym serkiem<\/li>\n<li>s\u0142ynna zupa grzybowa zabielana z kluseczkami<\/li>\n<li>delikatny filet z dorsza podany z sosem cytrynowym (lub karpia w sosie chrzanowym)<\/li>\n<li>ziemniaki pur\u00e9e z koperkiem<\/li>\n<li>sa\u0142atka z papryki i pomara\u0144czy<\/li>\n<li>tradycyjna sa\u0142atka jarzynowa<\/li>\n<li>\u015bled\u017a po w\u0119giersku<\/li>\n<li>karp w galarecie<\/li>\n<li>jajka w sosie tatarskim<\/li>\n<li>jab\u0142ko pieczone z \u017curawin\u0105 podane w sosie waniliowym z likierem kawowym \u2013 na deser<\/li>\n<li>wino grzane korzenne z pomara\u0144cz\u0105<\/li>\n<li>patera ciast \u015bwi\u0105tecznych<\/li>\n<li>domowy kompot lub kompot z suszu<\/li>\n<\/ul>\n<\/div>\n            <\/div>\n    <div class=\"leonardo-image\">\n        <img loading=\"lazy\" decoding=\"async\" width=\"1734\" height=\"2560\" src=\"https:\/\/www.koronakarkonoszy.pl\/blog-dla-firm\/wp-content\/uploads\/2022\/11\/brooke-lark-F_IST8bKxhI-unsplash-scaled.jpg\" class=\"attachment-full size-full\" alt=\"Dekoracje \u015bwi\u0105teczne\" srcset=\"https:\/\/www.koronakarkonoszy.pl\/blog-dla-firm\/wp-content\/uploads\/2022\/11\/brooke-lark-F_IST8bKxhI-unsplash-scaled.jpg 1734w, https:\/\/www.koronakarkonoszy.pl\/blog-dla-firm\/wp-content\/uploads\/2022\/11\/brooke-lark-F_IST8bKxhI-unsplash-203x300.jpg 203w, https:\/\/www.koronakarkonoszy.pl\/blog-dla-firm\/wp-content\/uploads\/2022\/11\/brooke-lark-F_IST8bKxhI-unsplash-693x1024.jpg 693w, https:\/\/www.koronakarkonoszy.pl\/blog-dla-firm\/wp-content\/uploads\/2022\/11\/brooke-lark-F_IST8bKxhI-unsplash-768x1134.jpg 768w, https:\/\/www.koronakarkonoszy.pl\/blog-dla-firm\/wp-content\/uploads\/2022\/11\/brooke-lark-F_IST8bKxhI-unsplash-1300x1920.jpg 1300w, https:\/\/www.koronakarkonoszy.pl\/blog-dla-firm\/wp-content\/uploads\/2022\/11\/brooke-lark-F_IST8bKxhI-unsplash-1040x1536.jpg 1040w, https:\/\/www.koronakarkonoszy.pl\/blog-dla-firm\/wp-content\/uploads\/2022\/11\/brooke-lark-F_IST8bKxhI-unsplash-1387x2048.jpg 1387w\" sizes=\"auto, (max-width: 1734px) 100vw, 1734px\" \/>            <\/div>\n<\/section>\n\n\n<figure class=\"wp-block-image size-large\"><a href=\"https:\/\/www.koronakarkonoszy.pl\/imprezy-firmowe\/\" target=\"_blank\" rel=\"noreferrer noopener\"><img loading=\"lazy\" decoding=\"async\" width=\"1024\" height=\"512\" src=\"https:\/\/www.koronakarkonoszy.pl\/blog-dla-firm\/wp-content\/uploads\/2021\/07\/imprezy_firmowe_DKK-2-1024x512.jpg\" alt=\"\" class=\"wp-image-3469\" srcset=\"https:\/\/www.koronakarkonoszy.pl\/blog-dla-firm\/wp-content\/uploads\/2021\/07\/imprezy_firmowe_DKK-2-1024x512.jpg 1024w, https:\/\/www.koronakarkonoszy.pl\/blog-dla-firm\/wp-content\/uploads\/2021\/07\/imprezy_firmowe_DKK-2-300x150.jpg 300w, https:\/\/www.koronakarkonoszy.pl\/blog-dla-firm\/wp-content\/uploads\/2021\/07\/imprezy_firmowe_DKK-2-768x384.jpg 768w, https:\/\/www.koronakarkonoszy.pl\/blog-dla-firm\/wp-content\/uploads\/2021\/07\/imprezy_firmowe_DKK-2.jpg 1200w\" sizes=\"auto, (max-width: 1024px) 100vw, 1024px\" \/><\/a><\/figure>\n\n\n<section id=\"leonardo-block_95a4bec574d24b01dfd885dd837b7121\" class=\"leonardo page-breaker leonardo-image-left\">\n    <div class=\"leonardo-body\">\n        <h2 class=\"leonardo-title\" id=\"h-tradycyjna-kolacja-wigilijna\">Tradycyjna kolacja wigilijna<\/h2>        <div class=\"leonardo-content\"><p><!-- wp:heading --><\/p>\n<ul>\n<li>\u015bled\u017a z porem i bakaliami oraz grzankami<\/li>\n<li>tradycyjny barszcz czerwony z uszkami<\/li>\n<li>karp duszony w pieczarkach<\/li>\n<li><!-- \/wp:paragraph --> <!-- wp:paragraph -->ziemniaki pur\u00e9e z koperkiem<\/li>\n<li><!-- \/wp:paragraph --> <!-- wp:paragraph -->sa\u0142atka z kapusty czerwonej z rodzynkami i granatami<\/li>\n<li><!-- \/wp:paragraph --> <!-- wp:paragraph -->patera ciast \u015bwi\u0105tecznych<\/li>\n<li><!-- \/wp:paragraph --> <!-- wp:paragraph -->kompot domowy lub z suszu<\/li>\n<\/ul>\n<p><!-- \/wp:paragraph --><\/p>\n<\/div>\n            <\/div>\n    <div class=\"leonardo-image\">\n        <img loading=\"lazy\" decoding=\"async\" width=\"2560\" height=\"1709\" src=\"https:\/\/www.koronakarkonoszy.pl\/blog-dla-firm\/wp-content\/uploads\/2022\/11\/anshu-a-DfOSCJcmvEU-unsplash-scaled.jpg\" class=\"attachment-full size-full\" alt=\"Miseczka barszczu\" srcset=\"https:\/\/www.koronakarkonoszy.pl\/blog-dla-firm\/wp-content\/uploads\/2022\/11\/anshu-a-DfOSCJcmvEU-unsplash-scaled.jpg 2560w, https:\/\/www.koronakarkonoszy.pl\/blog-dla-firm\/wp-content\/uploads\/2022\/11\/anshu-a-DfOSCJcmvEU-unsplash-300x200.jpg 300w, https:\/\/www.koronakarkonoszy.pl\/blog-dla-firm\/wp-content\/uploads\/2022\/11\/anshu-a-DfOSCJcmvEU-unsplash-1024x684.jpg 1024w, https:\/\/www.koronakarkonoszy.pl\/blog-dla-firm\/wp-content\/uploads\/2022\/11\/anshu-a-DfOSCJcmvEU-unsplash-768x513.jpg 768w, https:\/\/www.koronakarkonoszy.pl\/blog-dla-firm\/wp-content\/uploads\/2022\/11\/anshu-a-DfOSCJcmvEU-unsplash-1920x1282.jpg 1920w, https:\/\/www.koronakarkonoszy.pl\/blog-dla-firm\/wp-content\/uploads\/2022\/11\/anshu-a-DfOSCJcmvEU-unsplash-1536x1025.jpg 1536w, https:\/\/www.koronakarkonoszy.pl\/blog-dla-firm\/wp-content\/uploads\/2022\/11\/anshu-a-DfOSCJcmvEU-unsplash-2048x1367.jpg 2048w\" sizes=\"auto, (max-width: 2560px) 100vw, 2560px\" \/>            <\/div>\n<\/section>\n\n\n<h2 class=\"wp-block-heading\" id=\"ha-zyczenia-na-wigilie-firmowa\">\u017byczenia na wigili\u0119 firmow\u0105<\/h2>\n\n\n\n<p><strong>\u017byczenia \u015bwi\u0105teczne<\/strong>\u2026 Tradycyjny element ka\u017cdych \u015bwi\u0105t. Kiedy jest najlepszy czas na to, by powiedzie\u0107 pracownikom, managerom i ca\u0142emu zespo\u0142owi DZI\u0118KUJ\u0118? Koniec roku, podsumowania, nowe plany i \u015bwi\u0105teczna atmosfera &#8211; to wszystko ma swoj\u0105 kulminacj\u0119 w\u0142a\u015bnie w Wigili\u0119. \u017byczenia wypowiadane przy tej okazji nabieraj\u0105 wyj\u0105tkowego znaczenia.<\/p>\n\n\n\n<figure class=\"wp-block-image size-large\"><img loading=\"lazy\" decoding=\"async\" width=\"1024\" height=\"768\" src=\"https:\/\/www.koronakarkonoszy.pl\/blog-dla-firm\/wp-content\/uploads\/2022\/11\/sincerely-media-EuZuJrYJbmg-unsplash-1024x768.jpg\" alt=\"\" class=\"wp-image-4477\" srcset=\"https:\/\/www.koronakarkonoszy.pl\/blog-dla-firm\/wp-content\/uploads\/2022\/11\/sincerely-media-EuZuJrYJbmg-unsplash-1024x768.jpg 1024w, https:\/\/www.koronakarkonoszy.pl\/blog-dla-firm\/wp-content\/uploads\/2022\/11\/sincerely-media-EuZuJrYJbmg-unsplash-300x225.jpg 300w, https:\/\/www.koronakarkonoszy.pl\/blog-dla-firm\/wp-content\/uploads\/2022\/11\/sincerely-media-EuZuJrYJbmg-unsplash-768x576.jpg 768w, https:\/\/www.koronakarkonoszy.pl\/blog-dla-firm\/wp-content\/uploads\/2022\/11\/sincerely-media-EuZuJrYJbmg-unsplash-1920x1440.jpg 1920w, https:\/\/www.koronakarkonoszy.pl\/blog-dla-firm\/wp-content\/uploads\/2022\/11\/sincerely-media-EuZuJrYJbmg-unsplash-1536x1152.jpg 1536w, https:\/\/www.koronakarkonoszy.pl\/blog-dla-firm\/wp-content\/uploads\/2022\/11\/sincerely-media-EuZuJrYJbmg-unsplash-2048x1536.jpg 2048w\" sizes=\"auto, (max-width: 1024px) 100vw, 1024px\" \/><figcaption class=\"wp-element-caption\"><strong>Dekoracje \u015bwi\u0105teczne<\/strong><\/figcaption><\/figure>\n\n\n\n<p><strong>Wigilia firmowa<\/strong> to na pewno najlepszy moment na pokazanie pracownikom i kolegom, \u017ce s\u0105 dla nas wa\u017cni. \u017be pami\u0119tamy o ich wysi\u0142ku, cenimy i szanujemy ich pasje, marzenia i styl \u017cycia. Wa\u017cne, by pokaza\u0107, \u017ce s\u0105 dla nas lud\u017ami, a nie bezosobowymi trybikami w firmowej machinie. <strong>\u017byczenia na wigili\u0119 firmow\u0105<\/strong> mog\u0105 odnosi\u0107 si\u0119 r\u00f3wnie\u017c do plan\u00f3w firmy. Jednak powinny by\u0107 przemy\u015blane. Powinny by\u0107 prawdziwymi \u017cyczeniami, a nie koncertem \u017cycze\u0144, kt\u00f3ry jedynie sfrustruje wszystkich nierealistycznymi oczekiwaniami. Je\u015bli firma faktycznie jest w dobrej kondycji, to mo\u017cemy \u017cyczy\u0107 wszystkim osobistego rozwoju i awans\u00f3w. Zawsze pami\u0119tajmy te\u017c, \u017ceby uwzgl\u0119dni\u0107 w \u017cyczeniach rodziny pracownik\u00f3w i osoby im bliskie.<\/p>\n\n\n\n<figure class=\"wp-block-image size-large\"><img loading=\"lazy\" decoding=\"async\" width=\"1024\" height=\"681\" src=\"https:\/\/www.koronakarkonoszy.pl\/blog-dla-firm\/wp-content\/uploads\/2022\/11\/mel-poole-LUPXhXj2ip0-unsplash1-1024x681.jpg\" alt=\"\" class=\"wp-image-4490\" srcset=\"https:\/\/www.koronakarkonoszy.pl\/blog-dla-firm\/wp-content\/uploads\/2022\/11\/mel-poole-LUPXhXj2ip0-unsplash1-1024x681.jpg 1024w, https:\/\/www.koronakarkonoszy.pl\/blog-dla-firm\/wp-content\/uploads\/2022\/11\/mel-poole-LUPXhXj2ip0-unsplash1-300x199.jpg 300w, https:\/\/www.koronakarkonoszy.pl\/blog-dla-firm\/wp-content\/uploads\/2022\/11\/mel-poole-LUPXhXj2ip0-unsplash1-768x511.jpg 768w, https:\/\/www.koronakarkonoszy.pl\/blog-dla-firm\/wp-content\/uploads\/2022\/11\/mel-poole-LUPXhXj2ip0-unsplash1-1920x1277.jpg 1920w, https:\/\/www.koronakarkonoszy.pl\/blog-dla-firm\/wp-content\/uploads\/2022\/11\/mel-poole-LUPXhXj2ip0-unsplash1-1536x1021.jpg 1536w, https:\/\/www.koronakarkonoszy.pl\/blog-dla-firm\/wp-content\/uploads\/2022\/11\/mel-poole-LUPXhXj2ip0-unsplash1-2048x1362.jpg 2048w\" sizes=\"auto, (max-width: 1024px) 100vw, 1024px\" \/><figcaption class=\"wp-element-caption\"><strong>Prezenty gwiazdkowe <\/strong><\/figcaption><\/figure>\n\n\n\n<h2 class=\"wp-block-heading\" id=\"ha-czy-robic-prezenty-na-wigilie-firmowa\">Czy robi\u0107 prezenty na wigili\u0119 firmow\u0105?<\/h2>\n\n\n\n<p>Prezenty podczas imprez firmowych to dra\u017cliwa kwestia. Robi\u0107, nie robi\u0107? A je\u015bli tak, to w jakiej postaci? Czy to dobry pomys\u0142, by robi\u0107 pracownikom prezenty, nawet z okazji \u015bwi\u0105t?<\/p>\n\n\n<section id=\"leonardo-block_669afec747622bc9753ecd6fc0f9cd94\" class=\"leonardo page-breaker leonardo-image-left\">\n    <div class=\"leonardo-body\">\n        <h2 class=\"leonardo-title\" id=\"h-upominki-swiateczne\">Upominki \u015bwi\u0105teczne <\/h2>        <div class=\"leonardo-content\"><p>Pami\u0119tajmy, \u017ce<strong> prezent na wigili\u0119 firmow\u0105<\/strong> nie musi by\u0107 kosztowny, to mo\u017ce by\u0107 drobiazg. Po prostu symbol oznaczaj\u0105cy, \u017ce pami\u0119tamy o pracownikach czy kontrahentach. Przecie\u017c poniek\u0105d prezentem wigilijnym dla pracownik\u00f3w jest ju\u017c samo zaproszenie ich w g\u00f3ry na przyj\u0119cie \u015bwi\u0105teczne. A wi\u0119c jako upominki sprawdz\u0105 si\u0119 cho\u0107by lokalne wyroby rzemie\u015blnicze, na przyk\u0142ad s\u0142odkie przetwory &#8211; d\u017cem z czarnych porzeczek, d\u017cem malinowy czy rabarbarowy, galaretka z czerwonych porzeczek, konfitura wi\u015bniowa i syrop malinowy. Albo wytrawne &#8211; pikantne og\u00f3reczki z dodatkiem czosnku i papryki chili, czy salsa paprykowa z chili i czosnkiem, kt\u00f3ra ka\u017cde danie zmieni w wykwintn\u0105 i egzotyczn\u0105 potraw\u0119. Czy bor\u00f3wka brusznica z gruszk\u0105, kt\u00f3ra idealnie sprawdza si\u0119 jako dodatek do mi\u0119s i ser\u00f3w. Tak\u017ce rozp\u0142ywaj\u0105ce si\u0119 w ustach trufle czy t\u0142oczone na zimno oleje lniane z r\u00f3\u017cnymi dodatkami b\u0119d\u0105 doskona\u0142ym prezentem dla pracownik\u00f3w czy kontrahent\u00f3w.<\/p>\n<\/div>\n            <\/div>\n    <div class=\"leonardo-image\">\n        <img loading=\"lazy\" decoding=\"async\" width=\"2560\" height=\"1707\" src=\"https:\/\/www.koronakarkonoszy.pl\/blog-dla-firm\/wp-content\/uploads\/2022\/11\/augustynstudio-_s1_2888-scaled.jpg\" class=\"attachment-full size-full\" alt=\"Upominki firmowe Dworu Korona Karkonoszy\" srcset=\"https:\/\/www.koronakarkonoszy.pl\/blog-dla-firm\/wp-content\/uploads\/2022\/11\/augustynstudio-_s1_2888-scaled.jpg 2560w, https:\/\/www.koronakarkonoszy.pl\/blog-dla-firm\/wp-content\/uploads\/2022\/11\/augustynstudio-_s1_2888-300x200.jpg 300w, https:\/\/www.koronakarkonoszy.pl\/blog-dla-firm\/wp-content\/uploads\/2022\/11\/augustynstudio-_s1_2888-1024x683.jpg 1024w, https:\/\/www.koronakarkonoszy.pl\/blog-dla-firm\/wp-content\/uploads\/2022\/11\/augustynstudio-_s1_2888-768x512.jpg 768w, https:\/\/www.koronakarkonoszy.pl\/blog-dla-firm\/wp-content\/uploads\/2022\/11\/augustynstudio-_s1_2888-1920x1280.jpg 1920w, https:\/\/www.koronakarkonoszy.pl\/blog-dla-firm\/wp-content\/uploads\/2022\/11\/augustynstudio-_s1_2888-1536x1024.jpg 1536w, https:\/\/www.koronakarkonoszy.pl\/blog-dla-firm\/wp-content\/uploads\/2022\/11\/augustynstudio-_s1_2888-2048x1365.jpg 2048w\" sizes=\"auto, (max-width: 2560px) 100vw, 2560px\" \/>            <\/div>\n<\/section>\n\n\n<p>Je\u015bli jednak nie jeste\u015bmy pewni, czy wr\u0119czanie jakichkolwiek upomink\u00f3w to dobry pomys\u0142, rozwa\u017cmy inny wariant. Zamiast kupowa\u0107 prezenty, zr\u00f3bmy co\u015b dobrego dla innych ludzi czy zwierz\u0105t. Zorganizujmy <strong>akcj\u0119 charytatywn\u0105<\/strong>. Licz\u0105 si\u0119 nawet drobne gesty. Z pewno\u015bci\u0105 wzmocni to pozytywny wizerunek firmy w\u015br\u00f3d pracownik\u00f3w. Je\u015bli tak\u0105 akcj\u0119 zorganizujemy z g\u0142ow\u0105, to nie tylko zrobimy dobr\u0105 rzecz, na przyk\u0142ad dla lokalnej spo\u0142eczno\u015b\u0107, ale tak\u017ce zjednoczymy ludzi wok\u00f3\u0142 wsp\u00f3lnej warto\u015bci, jak\u0105 jest pomaganie innym. Tego typu dzia\u0142ania idealnie wpisuj\u0105 si\u0119 te\u017c w nurt CSR, czyli <strong>spo\u0142ecznej odpowiedzialno\u015b\u0107 biznesu<\/strong>. Dzi\u0119ki temu wszyscy poczuj\u0105 si\u0119 lepiej \u2013 czynienie dobra zawsze jest przyjemne, a w czasie \u015bwi\u0105t odczujemy to w dw\u00f3jnas\u00f3b.<\/p>\n\n\n\n<figure class=\"wp-block-image size-large\"><img loading=\"lazy\" decoding=\"async\" width=\"1024\" height=\"683\" src=\"https:\/\/www.koronakarkonoszy.pl\/blog-dla-firm\/wp-content\/uploads\/2022\/11\/augustynstudio_s1_50721-1024x683.jpg\" alt=\"\" class=\"wp-image-4473\" srcset=\"https:\/\/www.koronakarkonoszy.pl\/blog-dla-firm\/wp-content\/uploads\/2022\/11\/augustynstudio_s1_50721-1024x683.jpg 1024w, https:\/\/www.koronakarkonoszy.pl\/blog-dla-firm\/wp-content\/uploads\/2022\/11\/augustynstudio_s1_50721-300x200.jpg 300w, https:\/\/www.koronakarkonoszy.pl\/blog-dla-firm\/wp-content\/uploads\/2022\/11\/augustynstudio_s1_50721-768x512.jpg 768w, https:\/\/www.koronakarkonoszy.pl\/blog-dla-firm\/wp-content\/uploads\/2022\/11\/augustynstudio_s1_50721-1920x1280.jpg 1920w, https:\/\/www.koronakarkonoszy.pl\/blog-dla-firm\/wp-content\/uploads\/2022\/11\/augustynstudio_s1_50721-1536x1024.jpg 1536w, https:\/\/www.koronakarkonoszy.pl\/blog-dla-firm\/wp-content\/uploads\/2022\/11\/augustynstudio_s1_50721-2048x1365.jpg 2048w\" sizes=\"auto, (max-width: 1024px) 100vw, 1024px\" \/><figcaption class=\"wp-element-caption\"><strong>Upominki na wigili\u0119 firmow\u0105, <a href=\"https:\/\/www.koronakarkonoszy.pl\/dla-firm\/\" target=\"_blank\" rel=\"noreferrer noopener\">Dw\u00f3r Korona Karkonoszy <\/a><\/strong><\/figcaption><\/figure>\n\n\n\n<h2 class=\"wp-block-heading\" id=\"ha-gwiazdka-firmowa-czy-przyjecie-wigilijne-co-wybrac\">Gwiazdka firmowa czy przyj\u0119cie wigilijne \u2013 co wybra\u0107?<\/h2>\n\n\n\n<p><strong>Wigilie firmowe<\/strong> mog\u0105 mie\u0107 r\u00f3\u017cny charakter. Nasi pracownicy to cz\u0119sto ludzie w r\u00f3\u017cnym wieku, niekoniecznie o jednorodnych przekonaniach. Cz\u0119sto tak\u017ce wywodz\u0105cy si\u0119 z r\u00f3\u017cnych tradycji lub zgo\u0142a odmiennych kultur. A wi\u0119c okre\u015blenie \u201ewieczerza wigilijna\u201d dla wielu os\u00f3b mo\u017ce brzmie\u0107 zbyt staro\u015bwiecko i kojarzy\u0107 si\u0119 wy\u0142\u0105cznie z rodzinn\u0105 kolacj\u0105 poprzedzaj\u0105c\u0105 Bo\u017ce Narodzenie, z tradycj\u0105 typowo staropolsk\u0105.<\/p>\n\n\n\n<figure class=\"wp-block-image size-full\"><img loading=\"lazy\" decoding=\"async\" width=\"960\" height=\"640\" src=\"https:\/\/www.koronakarkonoszy.pl\/blog-dla-firm\/wp-content\/uploads\/2022\/11\/16215912_10202838506280016_440647019_n.jpg\" alt=\"\" class=\"wp-image-5053\" srcset=\"https:\/\/www.koronakarkonoszy.pl\/blog-dla-firm\/wp-content\/uploads\/2022\/11\/16215912_10202838506280016_440647019_n.jpg 960w, https:\/\/www.koronakarkonoszy.pl\/blog-dla-firm\/wp-content\/uploads\/2022\/11\/16215912_10202838506280016_440647019_n-300x200.jpg 300w, https:\/\/www.koronakarkonoszy.pl\/blog-dla-firm\/wp-content\/uploads\/2022\/11\/16215912_10202838506280016_440647019_n-768x512.jpg 768w\" sizes=\"auto, (max-width: 960px) 100vw, 960px\" \/><figcaption class=\"wp-element-caption\"><strong>Sala na wigilie firmowe &#8211; <\/strong><a href=\"https:\/\/www.koronakarkonoszy.pl\/wesele\/\" target=\"_blank\" rel=\"noreferrer noopener\"><strong>sala weselna w g\u00f3rach<\/strong><\/a><strong>, Dw\u00f3r Korona Karkonoszy Sosn\u00f3wka k. Karpacza<\/strong><\/figcaption><\/figure>\n\n\n\n<p>Czy wi\u0119c istnieje tak zwany z\u0142oty \u015brodek? Czy mo\u017cna na firmowym gruncie pogodzi\u0107 odmienne&nbsp; \u015bwiatopogl\u0105dy i oczekiwania? Co wybra\u0107? Firmow\u0105 Gwiazdk\u0119, firmowe przyj\u0119cie wigilijne, wieczerz\u0119 wigilijn\u0105 czy \u015bwi\u0105teczn\u0105 imprez\u0119?<\/p>\n\n\n\n<p>Rada jest jedna \u2013 po prostu nie urz\u0105dzajmy klasycznej kolacji, na si\u0142\u0119 na\u015bladuj\u0105cej to, co wi\u0119kszo\u015b\u0107 z nas i tak ma w domu. Zr\u00f3bmy co\u015b innego, zabawnego, ale nawi\u0105zuj\u0105cego do \u015bwi\u0105t. Na przyk\u0142ad wypad w g\u00f3ry, ale z bo\u017conarodzeniowymi akcentami. Albo przyj\u0119cie w jakiej\u015b lu\u017anej konwencji, ale z menu nawi\u0105zuj\u0105cym do Wigilii. Lub jak\u0105\u015b wsp\u00f3ln\u0105 akcj\u0119 charytatywn\u0105 w duchu nawr\u00f3conego pana Scrooge\u2019a z <em>Opowie\u015bci Wigilijnej<\/em> Dickensa. &nbsp;&nbsp;<\/p>\n\n\n\n<style>\n    .cta_block{\n        margin: 1.5em 0;\n    }\n    .cta_block_content {\n        position: relative;\n        color: white;\n        padding: 1em;\n    }\n    .cta_block_content h3{\n        text-align: center;\n        font: normal normal normal 36px\/50px Yeseva One;\n    }\n    .cta_block_content .cta_block_desc{\n        text-align: center;\n        font-size: 1.1em;\n        position: relative;\n    }\n    .cta_block_content .cta_block_desc:before {\n        content: '';\n        width: 80px;\n        height: 4px;\n        background: #EEB315;\n        position: absolute;\n        left: 0;\n        right: 0;\n        margin-left: auto;\n        margin-right: auto;\n        top: -22px;\n    }\n\n    .cta_block_content picture{\n        position: absolute;\n        top: 0;\n        right: 0;\n        z-index: -1;\n        height: 100%;\n        overflow: hidden;\n        width: 100%;\n    }\n    .cta_block_content picture img{\n        object-fit: cover;\n        height: 100%;\n        width: 100%;\n    }\n    .cta_block .cta_block_content .ninja-forms-field{\n        background: #FFFFFF2F;\n        border: 1px solid #EEB315;\n        border-radius: 25px;\n        opacity: 1;\n        color: #ffffff;\n    }\n    .cta_block .cta_block_content .nf-form-content input[type=submit]{\n        background-color: #EEB315;\n        color: #292929;\n        text-align: center;\n        font: normal normal bold 14px\/20px Work Sans;\n        padding: 0 2em;\n    }\n\n    .cta_block ::placeholder{\n        color: white!important;\n        opacity: 1;\n    }\n\n    .cta_block_content::after {\n        height: 100%;\n        width: 100%;\n        content: \"\";\n        z-index: -1;\n        position: absolute;\n        top: 0;\n        background: #00000070;\n        right: 0;\n        left: 0;\n        bottom: 0;\n    }\n    #ha-cta-block, .cta_block_desc, .cta_block .nf-field-label, .cta_block .nf-error-msg {\n        filter: drop-shadow(1px 1px 8px black);\n    }\n\n\/*    .cta_block nf-rows-wrap {\n        display: flex;\n        justify-content: space-around;\n        flex-direction: row;\n    }*\/\n\n    .cta_block .nf-field-label {\n        display:none;\n    }\n\n    .cta_block .nf-error.field-wrap .nf-field-element::after {\n        border-radius: 50px;\n    }\n\n    .cta_block .nf-error-msg {\n        color: #fff;\n    }\n\n    .cta_block .nf-form-cont {\n        margin-top: 3em;\n        margin-bottom: 1em;\n    }\n\n    .wp-admin .cta_block_content{\n        display: none;\n    }\n    .cta_block .nf-form-fields-required {\n        display: none;\n    }\n    body:not(.wp-admin) .cta_block_admin {\n        display: none;\n    }\n<\/style>\n<div id=\"cta_block-block_a0fcbabced9ac3b266b5c5a1ac809459\" class=\"cta_block\">\n    <div class=\"cta_block_admin\" style=\"background-color: blue; color: white\">\n        Blok CTA\n    <\/div>\n    <div class=\"cta_block\">\n        <div class=\"cta_block_content\">   \n        <h3 id=\"ha-wigilia-firmowa-w-gorach\">Wigilia firmowa w g\u00f3rach? <\/h3>\n                    <div class=\"cta_block_desc\">Zawsze wyj\u0105tkowa! <\/div>\n                <noscript class=\"ninja-forms-noscript-message\">\n\tNotice: JavaScript is required for this content.<\/noscript>\n<div id=\"nf-form-3_1-cont\" class=\"nf-form-cont\" aria-live=\"polite\" aria-labelledby=\"nf-form-title-3_1\" aria-describedby=\"nf-form-errors-3_1\" role=\"form\">\n\n    <div class=\"nf-loading-spinner\"><\/div>\n\n<\/div>\n        <!-- That data is being printed as a workaround to page builders reordering the order of the scripts loaded-->\n        <script>var formDisplay=1;var nfForms=nfForms||[];var form=[];form.id='3_1';form.settings={\"objectType\":\"Form Setting\",\"editActive\":true,\"title\":\"Block CTA\",\"created_at\":\"2022-11-09 19:27:14\",\"default_label_pos\":\"above\",\"show_title\":0,\"clear_complete\":\"1\",\"hide_complete\":\"1\",\"logged_in\":\"\",\"wrapper_class\":\"\",\"element_class\":\"\",\"key\":\"\",\"add_submit\":\"0\",\"currency\":\"\",\"repeatable_fieldsets\":\"\",\"unique_field_error\":\"Formularz z t\\u0105 warto\\u015bci\\u0105 zosta\\u0142 ju\\u017c przes\\u0142any.\",\"not_logged_in_msg\":\"\",\"sub_limit_msg\":\"Formularz osi\\u0105gn\\u0105\\u0142 limit wys\\u0142a\\u0144.\",\"calculations\":[],\"container_styles_show_advanced_css\":\"0\",\"title_styles_show_advanced_css\":\"0\",\"row_styles_show_advanced_css\":\"0\",\"row-odd_styles_show_advanced_css\":\"0\",\"success-msg_styles_show_advanced_css\":\"0\",\"error_msg_styles_show_advanced_css\":\"0\",\"formContentData\":[{\"order\":1,\"cells\":[{\"order\":0,\"fields\":[\"phone_1640098275087\"],\"width\":35},{\"order\":1,\"fields\":[\"adres_e-mail_1668018487177\"],\"width\":35},{\"order\":2,\"fields\":[\"zapisz_mnie_1668018472281\"],\"width\":30}]}],\"conditions\":[],\"drawerDisabled\":false,\"allow_public_link\":0,\"embed_form\":\"\",\"changeEmailErrorMsg\":\"Please enter a valid email address!\",\"changeDateErrorMsg\":\"Please enter a valid date!\",\"confirmFieldErrorMsg\":\"These fields must match!\",\"fieldNumberNumMinError\":\"Number Min Error\",\"fieldNumberNumMaxError\":\"Number Max Error\",\"fieldNumberIncrementBy\":\"Please increment by \",\"formErrorsCorrectErrors\":\"Please correct errors before submitting this form.\",\"validateRequiredField\":\"This is a required field.\",\"honeypotHoneypotError\":\"Honeypot Error\",\"fieldsMarkedRequired\":\"Fields marked with an &lt;span class=&quot;ninja-forms-req-symbol&quot;&gt;*&lt;\\\/span&gt; are required\",\"form_title_heading_level\":\"3\",\"ninjaForms\":\"Ninja Forms\",\"fieldTextareaRTEInsertLink\":\"Insert Link\",\"fieldTextareaRTEInsertMedia\":\"Insert Media\",\"fieldTextareaRTESelectAFile\":\"Select a file\",\"formHoneypot\":\"If you are a human seeing this field, please leave it empty.\",\"fileUploadOldCodeFileUploadInProgress\":\"File Upload in Progress.\",\"fileUploadOldCodeFileUpload\":\"FILE UPLOAD\",\"currencySymbol\":\"&#36;\",\"thousands_sep\":\",\",\"decimal_point\":\".\",\"siteLocale\":\"en_GB\",\"dateFormat\":\"m\\\/d\\\/Y\",\"startOfWeek\":\"1\",\"of\":\"of\",\"previousMonth\":\"Previous Month\",\"nextMonth\":\"Next Month\",\"months\":[\"January\",\"February\",\"March\",\"April\",\"May\",\"June\",\"July\",\"August\",\"September\",\"October\",\"November\",\"December\"],\"monthsShort\":[\"Jan\",\"Feb\",\"Mar\",\"Apr\",\"May\",\"Jun\",\"Jul\",\"Aug\",\"Sep\",\"Oct\",\"Nov\",\"Dec\"],\"weekdays\":[\"Sunday\",\"Monday\",\"Tuesday\",\"Wednesday\",\"Thursday\",\"Friday\",\"Saturday\"],\"weekdaysShort\":[\"Sun\",\"Mon\",\"Tue\",\"Wed\",\"Thu\",\"Fri\",\"Sat\"],\"weekdaysMin\":[\"Su\",\"Mo\",\"Tu\",\"We\",\"Th\",\"Fr\",\"Sa\"],\"recaptchaConsentMissing\":\"reCaptcha validation couldn&#039;t load.\",\"recaptchaMissingCookie\":\"reCaptcha v3 validation couldn&#039;t load the cookie needed to submit the form.\",\"recaptchaConsentEvent\":\"Accept reCaptcha cookies before sending the form.\",\"currency_symbol\":\"\",\"beforeForm\":\"\",\"beforeFields\":\"\",\"afterFields\":\"\",\"afterForm\":\"\"};form.fields=[{\"objectType\":\"Field\",\"objectDomain\":\"fields\",\"editActive\":false,\"order\":1,\"idAttribute\":\"id\",\"type\":\"phone\",\"label\":\"Numer telefonu\",\"key\":\"phone_1640098275087\",\"label_pos\":\"above\",\"required\":\"\",\"default\":\"\",\"placeholder\":\"Numer telefonu\",\"container_class\":\"\",\"element_class\":\"\",\"input_limit\":\"\",\"input_limit_type\":\"characters\",\"input_limit_msg\":\"Liczba pozosta\\u0142ych znak\\u00f3w:\",\"manual_key\":\"\",\"admin_label\":\"\",\"help_text\":\"\",\"mask\":\"\",\"custom_mask\":\"\",\"custom_name_attribute\":\"phone\",\"personally_identifiable\":1,\"wrap_styles_border\":\"\",\"wrap_styles_width\":\"\",\"wrap_styles_margin\":\"\",\"wrap_styles_padding\":\"\",\"wrap_styles_float\":\"\",\"wrap_styles_show_advanced_css\":0,\"label_styles_border\":\"\",\"label_styles_width\":\"\",\"label_styles_font-size\":\"\",\"label_styles_margin\":\"\",\"label_styles_padding\":\"\",\"label_styles_float\":\"\",\"label_styles_show_advanced_css\":0,\"element_styles_border\":\"\",\"element_styles_width\":\"\",\"element_styles_font-size\":\"\",\"element_styles_margin\":\"\",\"element_styles_padding\":\"\",\"element_styles_float\":\"\",\"element_styles_show_advanced_css\":0,\"cellcid\":\"c3398\",\"value\":\"\",\"drawerDisabled\":\"\",\"field_label\":\"Numer telefonu\",\"field_key\":\"phone_1640098275087\",\"id\":\"9_1\",\"beforeField\":\"\",\"afterField\":\"\",\"parentType\":\"textbox\",\"element_templates\":[\"tel\",\"textbox\",\"input\"],\"old_classname\":\"\",\"wrap_template\":\"wrap\"},{\"objectType\":\"Field\",\"objectDomain\":\"fields\",\"editActive\":false,\"order\":2,\"idAttribute\":\"id\",\"type\":\"email\",\"label\":\"Adres e-mail\",\"key\":\"adres_e-mail_1668018487177\",\"label_pos\":\"above\",\"required\":\"\",\"default\":\"\",\"placeholder\":\"Adres e-mail\",\"container_class\":\"\",\"element_class\":\"\",\"admin_label\":\"\",\"help_text\":\"\",\"custom_name_attribute\":\"email\",\"personally_identifiable\":1,\"wrap_styles_border\":\"\",\"wrap_styles_width\":\"\",\"wrap_styles_margin\":\"\",\"wrap_styles_padding\":\"\",\"wrap_styles_float\":\"\",\"wrap_styles_show_advanced_css\":0,\"label_styles_border\":\"\",\"label_styles_width\":\"\",\"label_styles_font-size\":\"\",\"label_styles_margin\":\"\",\"label_styles_padding\":\"\",\"label_styles_float\":\"\",\"label_styles_show_advanced_css\":0,\"element_styles_border\":\"\",\"element_styles_width\":\"\",\"element_styles_font-size\":\"\",\"element_styles_margin\":\"\",\"element_styles_padding\":\"\",\"element_styles_float\":\"\",\"element_styles_show_advanced_css\":0,\"cellcid\":\"c3401\",\"value\":\"\",\"drawerDisabled\":false,\"field_label\":\"E-mail\",\"field_key\":\"email_1640098276066\",\"id\":\"10_1\",\"beforeField\":\"\",\"afterField\":\"\",\"parentType\":\"email\",\"element_templates\":[\"email\",\"input\"],\"old_classname\":\"\",\"wrap_template\":\"wrap\"},{\"objectType\":\"Field\",\"objectDomain\":\"fields\",\"editActive\":false,\"order\":3,\"idAttribute\":\"id\",\"type\":\"submit\",\"label\":\"Zapisz mnie\",\"processing_label\":\"W trakcie realizacji\",\"container_class\":\"\",\"element_class\":\"\",\"key\":\"zapisz_mnie_1668018472281\",\"wrap_styles_border\":\"\",\"wrap_styles_width\":\"\",\"wrap_styles_margin\":\"\",\"wrap_styles_padding\":\"\",\"wrap_styles_float\":\"\",\"wrap_styles_show_advanced_css\":0,\"element_styles_border\":\"\",\"element_styles_width\":\"\",\"element_styles_font-size\":\"\",\"element_styles_margin\":\"\",\"element_styles_padding\":\"\",\"element_styles_float\":\"\",\"element_styles_show_advanced_css\":0,\"submit_element_hover_styles_border\":\"\",\"submit_element_hover_styles_width\":\"\",\"submit_element_hover_styles_font-size\":\"\",\"submit_element_hover_styles_margin\":\"\",\"submit_element_hover_styles_padding\":\"\",\"submit_element_hover_styles_float\":\"\",\"submit_element_hover_styles_show_advanced_css\":0,\"cellcid\":\"c3403\",\"drawerDisabled\":false,\"field_label\":\"Zamawiam rozmow\\u0119\",\"field_key\":\"zamawiam_rozmowe_1640098314862\",\"id\":\"8_1\",\"beforeField\":\"\",\"afterField\":\"\",\"value\":\"\",\"label_pos\":\"above\",\"parentType\":\"textbox\",\"element_templates\":[\"submit\",\"button\",\"input\"],\"old_classname\":\"\",\"wrap_template\":\"wrap-no-label\"}];nfForms.push(form);<\/script>\n                <script id=\"nf-tmpl-cell\" type=\"text\/template\">\n            <nf-fields><\/nf-fields>\n        <\/script>\n\n        <script id=\"nf-tmpl-row\" type=\"text\/template\">\n            <nf-cells><\/nf-cells>\n        <\/script>\n\n                <img loading=\"lazy\" decoding=\"async\" width=\"2048\" height=\"1534\" src=\"https:\/\/www.koronakarkonoszy.pl\/blog-dla-firm\/wp-content\/uploads\/2022\/10\/zamek-z-drona-17.jpeg\" class=\"attachment-full size-full\" alt=\"Zamek ksi\u0119cia Henryka i widok na Zalew Sosn\u00f3wka\" srcset=\"https:\/\/www.koronakarkonoszy.pl\/blog-dla-firm\/wp-content\/uploads\/2022\/10\/zamek-z-drona-17.jpeg 2048w, https:\/\/www.koronakarkonoszy.pl\/blog-dla-firm\/wp-content\/uploads\/2022\/10\/zamek-z-drona-17-300x225.jpeg 300w, https:\/\/www.koronakarkonoszy.pl\/blog-dla-firm\/wp-content\/uploads\/2022\/10\/zamek-z-drona-17-1024x767.jpeg 1024w, https:\/\/www.koronakarkonoszy.pl\/blog-dla-firm\/wp-content\/uploads\/2022\/10\/zamek-z-drona-17-768x575.jpeg 768w, https:\/\/www.koronakarkonoszy.pl\/blog-dla-firm\/wp-content\/uploads\/2022\/10\/zamek-z-drona-17-1920x1438.jpeg 1920w, https:\/\/www.koronakarkonoszy.pl\/blog-dla-firm\/wp-content\/uploads\/2022\/10\/zamek-z-drona-17-1536x1151.jpeg 1536w\" sizes=\"auto, (max-width: 2048px) 100vw, 2048px\" \/>        <\/div> \n    <\/div>\n<\/div>\n\n\n\n<p>Najwa\u017cniejsze to z jednej strony uszanowa\u0107 tradycj\u0119, lecz jednocze\u015bnie cieszy\u0107 si\u0119 r\u00f3\u017cnorodno\u015bci\u0105 i mo\u017cliwo\u015bciami wsp\u00f3\u0142czesnego \u015bwiata, oferuj\u0105cego nam r\u00f3\u017cne sposoby i modele obchodzenia \u015bwi\u0105t. Bierzmy przyk\u0142ad z ameryka\u0144skich firm, kt\u00f3re w okolicach \u015bwi\u0105t i Nowego Roku organizuj\u0105 spotkania dla pracownik\u00f3w, stanowi\u0105ce pewnego rodzaju konglomerat r\u00f3\u017cnych wierze\u0144, tradycji i zwyczaj\u00f3w. W\u0142a\u015bnie w takim tyglu kulturowym rodz\u0105 si\u0119 \u015bwietne <strong>firmowe imprezy \u015bwi\u0105teczne<\/strong>.<\/p>\n\n\n<section id=\"leonardo-block_fdfe24798782cff7b5f9e59f7bf44fc3\" class=\"leonardo page-breaker leonardo-image-left\">\n    <div class=\"leonardo-body\">\n        <h2 class=\"leonardo-title\" id=\"h-charakter-firmowej-wigilii\">Charakter firmowej wigilii<\/h2>        <div class=\"leonardo-content\"><p><!-- wp:heading --><\/p>\n<p>Obecnie Bo\u017ce Narodzenie, podobnie zreszt\u0105 jak inne \u015bwi\u0119ta nie maj\u0105 ju\u017c charakteru typowo religijnego. Nadali\u015bmy im raczej wymiar kulturowy czy nawet popkulturowy. Zreszt\u0105 jak wi\u0119kszo\u015b\u0107 \u015bwi\u0105t, tak i Wigili\u0119 ustanowiono w miejsce du\u017co wcze\u015bniejszych, poga\u0144skich obchod\u00f3w przesilenia zimowego. A wi\u0119c zwyczaje z innych kultur mog\u0105 by\u0107 bardzo na miejscu. Miko\u0142aj przywo\u017c\u0105cy prezenty nie saniami, tylko na desce surfingowej jak w Australii \u2013 czemu nie? Na stole wigilijnym zamiast karpia i pierog\u00f3w z grzybami pojawi\u0107 si\u0119 mo\u017ce pieczony indyk czy jagni\u0119cina jak w Hiszpanii albo, wzorem francuskim, owoce morza, ostrygi czy langusty. Zamiast kol\u0119d gra w karty, jak we W\u0142oszech albo rodzaj hokeja na trawie, jak w Etiopii. Mi\u0119dzykulturowa <a href=\"https:\/\/www.koronakarkonoszy.pl\/blog-dla-firm\/wigilia-pracownicza-ktorej-twoj-zespol-nie-zapomni\/\" target=\"_blank\" rel=\"noopener\">wigilia pracownicza<\/a> mo\u017ce okaza\u0107 si\u0119 szalenie inspiruj\u0105ca.<\/p>\n<p><!-- \/wp:paragraph --><\/p>\n<\/div>\n            <\/div>\n    <div class=\"leonardo-image\">\n        <img loading=\"lazy\" decoding=\"async\" width=\"1706\" height=\"2560\" src=\"https:\/\/www.koronakarkonoszy.pl\/blog-dla-firm\/wp-content\/uploads\/2022\/11\/kate-laine-kE19SiUhkDA-unsplash-scaled.jpg\" class=\"attachment-full size-full\" alt=\"Dekoracje \u015bwi\u0105teczne\" srcset=\"https:\/\/www.koronakarkonoszy.pl\/blog-dla-firm\/wp-content\/uploads\/2022\/11\/kate-laine-kE19SiUhkDA-unsplash-scaled.jpg 1706w, https:\/\/www.koronakarkonoszy.pl\/blog-dla-firm\/wp-content\/uploads\/2022\/11\/kate-laine-kE19SiUhkDA-unsplash-200x300.jpg 200w, https:\/\/www.koronakarkonoszy.pl\/blog-dla-firm\/wp-content\/uploads\/2022\/11\/kate-laine-kE19SiUhkDA-unsplash-683x1024.jpg 683w, https:\/\/www.koronakarkonoszy.pl\/blog-dla-firm\/wp-content\/uploads\/2022\/11\/kate-laine-kE19SiUhkDA-unsplash-768x1152.jpg 768w, https:\/\/www.koronakarkonoszy.pl\/blog-dla-firm\/wp-content\/uploads\/2022\/11\/kate-laine-kE19SiUhkDA-unsplash-1280x1920.jpg 1280w, https:\/\/www.koronakarkonoszy.pl\/blog-dla-firm\/wp-content\/uploads\/2022\/11\/kate-laine-kE19SiUhkDA-unsplash-1024x1536.jpg 1024w, https:\/\/www.koronakarkonoszy.pl\/blog-dla-firm\/wp-content\/uploads\/2022\/11\/kate-laine-kE19SiUhkDA-unsplash-1365x2048.jpg 1365w\" sizes=\"auto, (max-width: 1706px) 100vw, 1706px\" \/>            <\/div>\n<\/section>\n\n\n<h2 class=\"wp-block-heading\" id=\"ha-firmowa-impreza-wigilijna-last-minute\">Firmowa impreza wigilijna last minute<\/h2>\n\n\n\n<p>Czy firmowa wigilia last minute to dobry pomys\u0142? Bo czasem dopiero w ostatniej chwili przychodzi nam na my\u015bl, \u017ce warto by by\u0142o zorganizowa\u0107 <strong>przyj\u0119cie \u015bwi\u0105teczne dla pracownik\u00f3w<\/strong>. Mo\u017ce dlatego, \u017ce dosz\u0142y nas g\u0142osy manager\u00f3w ni\u017cszego szczebla, maj\u0105cych cz\u0119stszy kontakt z za\u0142og\u0105 ni\u017c my, \u017ce pracownicy tego oczekuj\u0105. A mo\u017ce sami pomy\u015bleli\u015bmy, \u017ce mi\u0142o by by\u0142o spotka\u0107 za\u0142og\u0119 na bardziej neutralnym gruncie, sp\u0119dzi\u0107 troch\u0119 czasu razem w \u015bwi\u0105tecznym nastroju? Takie spotkania to przecie\u017c doskona\u0142a metoda <a href=\"https:\/\/www.koronakarkonoszy.pl\/blog-dla-firm\/systemy-motywowania-pracownikow\/\" target=\"_blank\" rel=\"noreferrer noopener\">motywowania pracownik\u00f3w<\/a>.&nbsp;<\/p>\n\n\n\n<figure class=\"wp-block-image size-large\"><img loading=\"lazy\" decoding=\"async\" width=\"683\" height=\"1024\" src=\"https:\/\/www.koronakarkonoszy.pl\/blog-dla-firm\/wp-content\/uploads\/2022\/11\/taisiia-shestopal-CnQaLU-0Zlc-unsplash-683x1024.jpg\" alt=\"\" class=\"wp-image-4468\" srcset=\"https:\/\/www.koronakarkonoszy.pl\/blog-dla-firm\/wp-content\/uploads\/2022\/11\/taisiia-shestopal-CnQaLU-0Zlc-unsplash-683x1024.jpg 683w, https:\/\/www.koronakarkonoszy.pl\/blog-dla-firm\/wp-content\/uploads\/2022\/11\/taisiia-shestopal-CnQaLU-0Zlc-unsplash-200x300.jpg 200w, https:\/\/www.koronakarkonoszy.pl\/blog-dla-firm\/wp-content\/uploads\/2022\/11\/taisiia-shestopal-CnQaLU-0Zlc-unsplash-768x1152.jpg 768w, https:\/\/www.koronakarkonoszy.pl\/blog-dla-firm\/wp-content\/uploads\/2022\/11\/taisiia-shestopal-CnQaLU-0Zlc-unsplash-1280x1920.jpg 1280w, https:\/\/www.koronakarkonoszy.pl\/blog-dla-firm\/wp-content\/uploads\/2022\/11\/taisiia-shestopal-CnQaLU-0Zlc-unsplash-1024x1536.jpg 1024w, https:\/\/www.koronakarkonoszy.pl\/blog-dla-firm\/wp-content\/uploads\/2022\/11\/taisiia-shestopal-CnQaLU-0Zlc-unsplash-1365x2048.jpg 1365w, https:\/\/www.koronakarkonoszy.pl\/blog-dla-firm\/wp-content\/uploads\/2022\/11\/taisiia-shestopal-CnQaLU-0Zlc-unsplash-scaled.jpg 1707w\" sizes=\"auto, (max-width: 683px) 100vw, 683px\" \/><figcaption class=\"wp-element-caption\"><strong>Dekoracje \u015bwi\u0105teczne<\/strong><\/figcaption><\/figure>\n\n\n\n<p>Je\u015bli jednak nie zarezerwowali\u015bmy miejsca na wigili\u0119 firmow\u0105 wcze\u015bniej, mo\u017cemy mie\u0107 problem ze znalezieniem wolnego lokalu. Wigilie firmowe na sta\u0142e ju\u017c wpisa\u0142y si\u0119 w krajobraz polskich przedsi\u0119biorstw. W zwi\u0105zku z tym grudzie\u0144 to do\u015b\u0107 oblegany termin w eventowych terminarzach. Ale wybawieniem z opresji mo\u017ce okaza\u0107 si\u0119 wynaj\u0119cie <a href=\"https:\/\/www.koronakarkonoszy.pl\/blog-dla-firm\/firma-eventowa\/\" target=\"_blank\" rel=\"noreferrer noopener\">firmy eventowej<\/a>, kt\u00f3ra zorganizuje imprez\u0119 wigilijn\u0105 nawet w ostatniej chwili. Nie zastanawiajmy si\u0119 wi\u0119c i organizujmy imprez\u0119. Nawet <strong>wigilia last minute<\/strong> mo\u017ce okaza\u0107 si\u0119 bardzo udana. Poza tym b\u0119dzie dla naszych pracownik\u00f3w prawdziw\u0105 \u015bwi\u0105teczn\u0105 niespodziank\u0105!<\/p>\n\n\n<section id=\"leonardo-block_1ca1ca473744e8235848109b12b212b2\" class=\"leonardo page-breaker leonardo-image-right\">\n    <div class=\"leonardo-body\">\n        <h2 class=\"leonardo-title\" id=\"h-jak-sie-ubrac-na-wigilie-firmowa\">Jak si\u0119 ubra\u0107 na wigili\u0119 firmow\u0105?<\/h2>        <div class=\"leonardo-content\"><p><!-- wp:heading --><\/p>\n<p>Wydaje si\u0119, \u017ce w kwestii ubioru na s\u0142u\u017cbow\u0105 imprez\u0119 wigilijn\u0105 istniej\u0105 dwa podej\u015bcia. Jedno tradycyjne &#8211; ubieramy si\u0119 jak na zwyk\u0142y bankiet. Do\u015b\u0107 elegancko, ewentualnie wk\u0142adamy nawet stroje balowe, je\u015bli mia\u0142by to by\u0142 prawdziwy bal. Druga opcja \u2013 traktujemy t\u0119 imprez\u0119 i stroje jak zabaw\u0119, wi\u0119c im bardziej szalony \u201e\u015bwi\u0105teczny\u201d str\u00f3j, tym lepiej. A wi\u0119c wk\u0142adamy kiczowate sweterki w ameryka\u0144skim \u015bwi\u0105tecznym stylu.<\/p>\n<p><!-- \/wp:paragraph --> <!-- wp:paragraph --><\/p>\n<p>Sk\u0105d wzi\u0119\u0142y si\u0119 te \u015bwi\u0105teczne sweterki? Kto wpad\u0142 na pomys\u0142, by doro\u015bli ludzie wk\u0142adali swetry w renifery czy z motywem \u015bwi\u0105tecznej choinki? Historia ubior\u00f3w w typowe motywy gwiazdkowe ma sw\u00f3j pocz\u0105tek w Ameryce, w latach 70. XX wieku. Wtedy zarejestrowano pierwszy publiczny \u201ewyst\u0119p\u201d tego typu swetr\u00f3w \u2013 ubrali je dwaj piosenkarze w programie telewizyjnym. Szybko okaza\u0142y prawdziwym hitem, trafi\u0142y do Europy i podbi\u0142y \u015bwiatowy rynek.<\/p>\n<p><!-- \/wp:paragraph --> <!-- wp:paragraph --><\/p>\n<p>Od tamtej pory wiele os\u00f3b nie wyobra\u017ca ju\u017c sobie \u015bwi\u0105t bez sweterk\u00f3w w renifery, Miko\u0142aj\u00f3w, ba\u0142wank\u00f3w, dziadk\u00f3w do orzech\u00f3w czy piernikowych ludzik\u00f3w. Tak\u017ce \u015bwi\u0105teczne skarpetki sta\u0142y si\u0119 ju\u017c sta\u0142ym elementem \u015bwi\u0105t. Im bardziej kiczowate, tym lepiej! Wszystkie te elementy garderoby tworz\u0105 niepowtarzalny, \u015bwi\u0105teczny klimat. I wcale nie s\u0105 zarezerwowane dla dzieci, podobnie jak miko\u0142ajowe czapki, bi\u017cuteria i dodatki w \u015bwi\u0105teczne motywy &#8211; opaski na w\u0142osy czy szelki w kszta\u0142cie lub z motywami choinek, bombek, \u015bnie\u017cynek i renifer\u00f3w! Gad\u017cety tego typu mo\u017cna kupi\u0107 teraz prawie za grosze w r\u00f3\u017cnego rodzaju sieci\u00f3wkach, a i rynek \u015bwi\u0105tecznych sweterk\u00f3w rozrasta si\u0119 z roku na rok.<\/p>\n<p><!-- \/wp:paragraph --> <!-- wp:paragraph --><\/p>\n<p>Tak wi\u0119c wydaje si\u0119, \u017ce jednym z najprostszych &#8211; a przy tym zawsze dobrych! &#8211; pomys\u0142\u00f3w na wigili\u0119 firmow\u0105 jest wsp\u00f3lna impreza w <strong>\u015bwi\u0105tecznych strojach<\/strong>. Dobra zabawa gwarantowana!<\/p>\n<p><!-- \/wp:paragraph --><\/p>\n<\/div>\n            <\/div>\n    <div class=\"leonardo-image\">\n        <img loading=\"lazy\" decoding=\"async\" width=\"2560\" height=\"1912\" src=\"https:\/\/www.koronakarkonoszy.pl\/blog-dla-firm\/wp-content\/uploads\/2022\/11\/toa-heftiba-hkFwxX_M14I-unsplash-scaled.jpg\" class=\"attachment-full size-full\" alt=\"Str\u00f3j \u015bwi\u0105teczny w \u017cartobliwej formie\" srcset=\"https:\/\/www.koronakarkonoszy.pl\/blog-dla-firm\/wp-content\/uploads\/2022\/11\/toa-heftiba-hkFwxX_M14I-unsplash-scaled.jpg 2560w, https:\/\/www.koronakarkonoszy.pl\/blog-dla-firm\/wp-content\/uploads\/2022\/11\/toa-heftiba-hkFwxX_M14I-unsplash-300x224.jpg 300w, https:\/\/www.koronakarkonoszy.pl\/blog-dla-firm\/wp-content\/uploads\/2022\/11\/toa-heftiba-hkFwxX_M14I-unsplash-1024x765.jpg 1024w, https:\/\/www.koronakarkonoszy.pl\/blog-dla-firm\/wp-content\/uploads\/2022\/11\/toa-heftiba-hkFwxX_M14I-unsplash-768x574.jpg 768w, https:\/\/www.koronakarkonoszy.pl\/blog-dla-firm\/wp-content\/uploads\/2022\/11\/toa-heftiba-hkFwxX_M14I-unsplash-1920x1434.jpg 1920w, https:\/\/www.koronakarkonoszy.pl\/blog-dla-firm\/wp-content\/uploads\/2022\/11\/toa-heftiba-hkFwxX_M14I-unsplash-1536x1147.jpg 1536w, https:\/\/www.koronakarkonoszy.pl\/blog-dla-firm\/wp-content\/uploads\/2022\/11\/toa-heftiba-hkFwxX_M14I-unsplash-2048x1529.jpg 2048w\" sizes=\"auto, (max-width: 2560px) 100vw, 2560px\" \/>            <\/div>\n<\/section>\n\n\n<h2 class=\"wp-block-heading\" id=\"ha-atrakcje-na-wigilie-firmowe\">Atrakcje na wigilie firmowe<\/h2>\n\n\n\n<p>Zimowe \u015bwi\u0119ta to czas niezwyk\u0142y. Czas magii. To oderwanie od codziennej rutyny i przeniesienie si\u0119 w krain\u0119 wyobra\u017ani. W krain\u0119, w kt\u00f3rej spotkamy Gwiazdk\u0119, Miko\u0142aja z orszakiem elf\u00f3w, oczywi\u015bcie w towarzystwie \u015anie\u017cynek, kt\u00f3re na pewno wr\u0119cz\u0105 nam prezenty. A wi\u0119c <strong>atrakcje na wigilie firmowe<\/strong> tak\u017ce powinny by\u0107 troch\u0119 bajkowe i czarodziejskie.<\/p>\n\n\n\n<p>Co wi\u0119c by pasowa\u0142o? Chyba najlepsza b\u0119dzie impreza kostiumowa, podczas kt\u00f3rej ka\u017cdy b\u0119dzie m\u00f3g\u0142 spe\u0142ni\u0107 dawno zapomniane marzenia o byciu odkrywc\u0105 nieznanych l\u0105d\u00f3w lub wynalazc\u0105. W ko\u0144cu kiedy marzy\u0107, je\u015bli nie podczas \u015bwi\u0105t? D\u0142ugie wieczory sprzyjaj\u0105 pogr\u0105\u017caniu si\u0119 w \u015bwiecie wy\u015bnionym. Ten jeden raz w roku pozw\u00f3lmy pracownikom na bujanie w ob\u0142okach!&nbsp;<\/p>\n\n\n\n<figure class=\"wp-block-image size-large\"><img loading=\"lazy\" decoding=\"async\" width=\"1024\" height=\"683\" src=\"https:\/\/www.koronakarkonoszy.pl\/blog-dla-firm\/wp-content\/uploads\/2021\/07\/team-building-dkk-1024x683.jpg\" alt=\"Team building\" class=\"wp-image-683\" srcset=\"https:\/\/www.koronakarkonoszy.pl\/blog-dla-firm\/wp-content\/uploads\/2021\/07\/team-building-dkk-1024x683.jpg 1024w, https:\/\/www.koronakarkonoszy.pl\/blog-dla-firm\/wp-content\/uploads\/2021\/07\/team-building-dkk-300x200.jpg 300w, https:\/\/www.koronakarkonoszy.pl\/blog-dla-firm\/wp-content\/uploads\/2021\/07\/team-building-dkk-768x512.jpg 768w, https:\/\/www.koronakarkonoszy.pl\/blog-dla-firm\/wp-content\/uploads\/2021\/07\/team-building-dkk-1536x1024.jpg 1536w, https:\/\/www.koronakarkonoszy.pl\/blog-dla-firm\/wp-content\/uploads\/2021\/07\/team-building-dkk.jpg 1920w\" sizes=\"auto, (max-width: 1024px) 100vw, 1024px\" \/><figcaption class=\"wp-element-caption\"><strong>Atrakcje na wigili\u0119 firmow\u0105 &#8211; lepienie ba\u0142wana, <a href=\"https:\/\/www.koronakarkonoszy.pl\/dla-firm\/\" target=\"_blank\" rel=\"noreferrer noopener\">Dw\u00f3r Korona Karkonoszy <\/a><\/strong><\/figcaption><\/figure>\n\n\n\n<p>Co jeszcze sprawdzi si\u0119 podcza<strong>s wigilii firmowej<\/strong>? Na przyk\u0142ad wyst\u0119p iluzjonisty. Poczujemy si\u0119 jak ma\u0142e dzieci pr\u00f3buj\u0105c odgadn\u0105\u0107, jakim cudem znikn\u0119\u0142a talia kart. Albo pokazy sztucznych ogni, sprawiaj\u0105ce, \u017ce niebo b\u0119dzie jeszcze bardziej tajemnicze. Tak\u017ce gry scenariuszowe pozwol\u0105 nam przenie\u015b\u0107 si\u0119 do innej rzeczywisto\u015bci! Na przyk\u0142ad do fascynuj\u0105cego \u015bwiata poszukiwaczy skarb\u00f3w albo troch\u0119 strasznego \u015bwiata zbrodni podczas zabawy w detektyw\u00f3w. Zawsze mo\u017cna te\u017c zorganizowa\u0107 klasyczny <a href=\"https:\/\/www.koronakarkonoszy.pl\/blog-dla-firm\/bal-firmowy\/\" target=\"_blank\" rel=\"noreferrer noopener\">bal firmowy<\/a> \u2013 eleganckie stroje, wykwintne menu, otoczenie z wysmakowanymi dekoracjami. To na pewno si\u0119 sprawdzi!<\/p>\n\n\n<section id=\"leonardo-block_035a1c19b66f8e8cb5cccd65bf37941a\" class=\"leonardo page-breaker leonardo-image-left\">\n    <div class=\"leonardo-body\">\n        <h2 class=\"leonardo-title\" id=\"h-sprawdzone-pomysly-na-wigilie-firmowa\">Sprawdzone pomys\u0142y na wigili\u0119 firmow\u0105<\/h2>        <div class=\"leonardo-content\"><p><!-- wp:heading --><\/p>\n<p>Inn\u0105 niebanaln\u0105 i jednocze\u015bnie \u015bwietnie integruj\u0105c\u0105 zesp\u00f3\u0142 propozycj\u0105 na wigili\u0119 firmow\u0105 mo\u017ce by\u0107 wsp\u00f3lne przygotowanie wigilijnych potraw. Oczywi\u015bcie naj\u0142atwiej jest taki event zorganizowa\u0107 w ramach wyjazdu integracyjnego przed \u015bwi\u0119tami. Mo\u017cemy zaproponowa\u0107 firmowe <a href=\"https:\/\/www.koronakarkonoszy.pl\/blog-dla-firm\/warsztaty-gotowania\/\" target=\"_blank\" rel=\"noopener\">warsztaty gotowania<\/a> &#8211; wsp\u00f3lne przygotowanie niekt\u00f3rych potraw, a tak\u017ce wieczerz\u0119 wigilijn\u0105 i degustacj\u0119 lokalnych specja\u0142\u00f3w. A tak\u017ce tych przygotowanych przez pracownik\u00f3w. Na przyk\u0142ad <strong>pieczenie i dekorowanie \u015bwi\u0105tecznych pierniczk\u00f3w<\/strong> doskonale sprawdzi si\u0119 jako <a href=\"https:\/\/www.koronakarkonoszy.pl\/blog-dla-firm\/15-niezawodnych-zabaw-team-buildingowych-ktore-przypadna-do-gustu-pracownikom\/\" target=\"_blank\" rel=\"noopener\">zabawa team buildingowa<\/a>. Inne tradycyjne pomys\u0142y to na przyk\u0142ad wsp\u00f3lne ubieranie choinki, a wcze\u015bniej w\u0142asnor\u0119czne przygotowywanie ozd\u00f3b choinkowych w ramach warsztat\u00f3w DIY. Ostatnio w naszym klimacie coraz trudniej o lepienie ba\u0142wana, ale alternatyw\u0105 pozostaje firmowy wypad w g\u00f3ry. Tam na \u015bnieg, sanki, narty a nawet firmowy kulig szanse b\u0119d\u0105 du\u017co wi\u0119ksze.<\/p>\n<p><!-- \/wp:paragraph --> <!-- wp:paragraph --><\/p>\n<p>W du\u017cych firmach zatrudniaj\u0105cych osoby pochodz\u0105ce z r\u00f3\u017cnych kultur i tradycji mo\u017cna zaproponowa\u0107 turniej wiedzy o \u015bwi\u0105tecznych zwyczajach. Taki <strong>\u015bwi\u0105teczny quiz<\/strong> nie tylko poszerzy nasz\u0105 wiedz\u0119, ale te\u017c pozwoli lepiej si\u0119 pozna\u0107. Z pewno\u015bci\u0105 dla wielu os\u00f3b mo\u017ce to by\u0107 ciekawe do\u015bwiadczenie, a przy okazji \u015bwietna zabawa.<\/p>\n<p><!-- \/wp:paragraph --><\/p>\n<\/div>\n            <\/div>\n    <div class=\"leonardo-image\">\n        <img loading=\"lazy\" decoding=\"async\" width=\"1160\" height=\"1740\" src=\"https:\/\/www.koronakarkonoszy.pl\/blog-dla-firm\/wp-content\/uploads\/2022\/11\/eko-019.jpg\" class=\"attachment-full size-full\" alt=\"Warsztaty kulinarne w Dworze Korona Karkonoszy - pieczenie \u015bwi\u0105tecznych piernik\u00f3w\" srcset=\"https:\/\/www.koronakarkonoszy.pl\/blog-dla-firm\/wp-content\/uploads\/2022\/11\/eko-019.jpg 1160w, https:\/\/www.koronakarkonoszy.pl\/blog-dla-firm\/wp-content\/uploads\/2022\/11\/eko-019-200x300.jpg 200w, https:\/\/www.koronakarkonoszy.pl\/blog-dla-firm\/wp-content\/uploads\/2022\/11\/eko-019-683x1024.jpg 683w, https:\/\/www.koronakarkonoszy.pl\/blog-dla-firm\/wp-content\/uploads\/2022\/11\/eko-019-768x1152.jpg 768w, https:\/\/www.koronakarkonoszy.pl\/blog-dla-firm\/wp-content\/uploads\/2022\/11\/eko-019-1024x1536.jpg 1024w\" sizes=\"auto, (max-width: 1160px) 100vw, 1160px\" \/>            <\/div>\n<\/section>\n\n\n<h2 class=\"wp-block-heading\" id=\"ha-spotkanie-wigilijne-dla-pracownikow-czy-warto\">Spotkanie wigilijne dla pracownik\u00f3w \u2013 czy warto?<\/h2>\n\n\n\n<p>Zako\u0144czenie roku to w wielu formach okres podsumowa\u0144 i rozlicze\u0144. A tak\u017ce planowania kolejnego roku w bran\u017cy. Czy wi\u0119c warto w tym gor\u0105cym okresie dok\u0142ada\u0107 jeszcze element do firmowej uk\u0142adanki i urz\u0105dza\u0107 <strong>firmow\u0105 wigili\u0119<\/strong>? Czy pracownicy oczekuj\u0105 Gwiazdki w miejscu pracy?<\/p>\n\n\n\n<p>Dla pracownik\u00f3w to r\u00f3wnie\u017c wa\u017cny okres z kilku powod\u00f3w. Dlaczego? Dla wielu oznacza przerw\u0119 \u015bwi\u0105teczn\u0105. To te\u017c okres, w kt\u00f3rym spodziewaj\u0105 si\u0119 premii. A tak\u017ce pewnego poluzowania dyscypliny pracy. Jednak przede wszystkim udziela im si\u0119 \u015bwi\u0105teczna atmosfera i nastr\u00f3j. Mimowolnie wszyscy przecie\u017c ulegamy \u015bwi\u0105tecznym melodiom, od kt\u00f3rych nie spos\u00f3b si\u0119 uwolni\u0107, przes\u0142odzonym reklamom i zwyk\u0142ej \u017cyczliwo\u015bci, pomimo przed\u015bwi\u0105tecznego zabiegania.<\/p>\n\n\n<section id=\"leonardo-block_bf0bb9efcb7c96914483e9c9882d5ae5\" class=\"leonardo page-breaker leonardo-image-left\">\n    <div class=\"leonardo-body\">\n        <h2 class=\"leonardo-title\" id=\"h-firmowa-gwiazdka\">Firmowa Gwiazdka <\/h2>        <div class=\"leonardo-content\"><p>A wi\u0119c tak, firmowa Gwiazdka to \u015bwietny pomys\u0142. Pracownicy oczekuj\u0105 od swojego lidera przede wszystkim tego, \u017ce b\u0119dzie o nich dba\u0142. I nie chodzi tylko o mo\u017cliwo\u015bci rozwoju i wysoko\u015b\u0107 pensji. Wa\u017cnym aspektem jest te\u017c zapewnienie im poczucia sensu wykonywanej pracy. a tak\u017ce poczucia w\u0142asnej warto\u015bci oraz przynale\u017cno\u015bci do zespo\u0142u i za\u0142ogi. Jak to zrobi\u0107? Na przyk\u0142ad organizuj\u0105c <strong>spotkanie wigilijne<\/strong> dla pracownik\u00f3w.<\/p>\n<\/div>\n            <\/div>\n    <div class=\"leonardo-image\">\n        <img loading=\"lazy\" decoding=\"async\" width=\"1780\" height=\"2560\" src=\"https:\/\/www.koronakarkonoszy.pl\/blog-dla-firm\/wp-content\/uploads\/2022\/11\/nati-melnychuk-DHMWVqTaHus-unsplash-scaled.jpg\" class=\"attachment-full size-full\" alt=\"\u015awi\u0105teczne pierniczki\" srcset=\"https:\/\/www.koronakarkonoszy.pl\/blog-dla-firm\/wp-content\/uploads\/2022\/11\/nati-melnychuk-DHMWVqTaHus-unsplash-scaled.jpg 1780w, https:\/\/www.koronakarkonoszy.pl\/blog-dla-firm\/wp-content\/uploads\/2022\/11\/nati-melnychuk-DHMWVqTaHus-unsplash-209x300.jpg 209w, https:\/\/www.koronakarkonoszy.pl\/blog-dla-firm\/wp-content\/uploads\/2022\/11\/nati-melnychuk-DHMWVqTaHus-unsplash-712x1024.jpg 712w, https:\/\/www.koronakarkonoszy.pl\/blog-dla-firm\/wp-content\/uploads\/2022\/11\/nati-melnychuk-DHMWVqTaHus-unsplash-768x1105.jpg 768w, https:\/\/www.koronakarkonoszy.pl\/blog-dla-firm\/wp-content\/uploads\/2022\/11\/nati-melnychuk-DHMWVqTaHus-unsplash-1335x1920.jpg 1335w, https:\/\/www.koronakarkonoszy.pl\/blog-dla-firm\/wp-content\/uploads\/2022\/11\/nati-melnychuk-DHMWVqTaHus-unsplash-1068x1536.jpg 1068w, https:\/\/www.koronakarkonoszy.pl\/blog-dla-firm\/wp-content\/uploads\/2022\/11\/nati-melnychuk-DHMWVqTaHus-unsplash-1424x2048.jpg 1424w\" sizes=\"auto, (max-width: 1780px) 100vw, 1780px\" \/>            <\/div>\n<\/section>\n\n\n<p>Badania pokazuj\u0105, \u017ce pracownicy, kt\u00f3rzy maj\u0105 poczucie sensu wykonywanych przez siebie zada\u0144, o wiele bardziej anga\u017cuj\u0105 si\u0119 w swoj\u0105 prac\u0119. Nawet je\u015bli wynagrodzenie nie jest zbyt wysokie, poczucie sensu dzia\u0142a\u0144 rekompensuje im, w pewnej mierze oczywi\u015bcie, niedobory w tej dziedzinie. A <a href=\"https:\/\/www.koronakarkonoszy.pl\/blog-dla-firm\/impreza-swiateczna\/\" target=\"_blank\" rel=\"noreferrer noopener\">impreza \u015bwi\u0105teczna<\/a> to dobra okazja dla prezesa do kr\u00f3tkiej przemowy, podsumowania dzia\u0142a\u0144 i w\u0142a\u015bnie pokazania sensu i celu, jaki przy\u015bwieca firmie.&nbsp;<\/p>\n\n\n\n<figure class=\"wp-block-image size-large\"><a href=\"https:\/\/www.koronakarkonoszy.pl\/imprezy-firmowe\/\" target=\"_blank\" rel=\"noreferrer noopener\"><img loading=\"lazy\" decoding=\"async\" width=\"1024\" height=\"512\" src=\"https:\/\/www.koronakarkonoszy.pl\/blog-dla-firm\/wp-content\/uploads\/2021\/07\/agencja_eventowa_DKK-2-1024x512.jpg\" alt=\"\" class=\"wp-image-3471\" srcset=\"https:\/\/www.koronakarkonoszy.pl\/blog-dla-firm\/wp-content\/uploads\/2021\/07\/agencja_eventowa_DKK-2-1024x512.jpg 1024w, https:\/\/www.koronakarkonoszy.pl\/blog-dla-firm\/wp-content\/uploads\/2021\/07\/agencja_eventowa_DKK-2-300x150.jpg 300w, https:\/\/www.koronakarkonoszy.pl\/blog-dla-firm\/wp-content\/uploads\/2021\/07\/agencja_eventowa_DKK-2-768x384.jpg 768w, https:\/\/www.koronakarkonoszy.pl\/blog-dla-firm\/wp-content\/uploads\/2021\/07\/agencja_eventowa_DKK-2.jpg 1200w\" sizes=\"auto, (max-width: 1024px) 100vw, 1024px\" \/><\/a><\/figure>\n\n\n\n<p>Takie <strong>spotkanie w \u015bwi\u0105tecznej atmosferze<\/strong> z pewno\u015bci\u0105 zbli\u017ca ludzi. I wcale nie chodzi o jak\u0105\u015b bardzo oficjaln\u0105 imprez\u0119. Konwencja mo\u017ce by\u0107 w\u0142a\u015bciwie dowolna. Liczy si\u0119 to, \u017ce pami\u0119tamy o swoich pracownikach. \u017be chcemy po\u015bwi\u0119ci\u0107 im troch\u0119 czasu i da\u0107 nieco rado\u015bci. Ka\u017cdy taki gest &#8211; a niestety czasem tak\u017ce jego brak! &#8211; z pewno\u015bci\u0105 zostanie zapami\u0119tany przez za\u0142og\u0119.<\/p>\n\n\n\n<p>Jak zorganizowa\u0107 imprez\u0119 &#8211; zobacz <a href=\"https:\/\/www.koronakarkonoszy.pl\/blog-dla-firm\/konfigurator-imprez-firmowych\/\">konfigurator imprez<\/a><\/p>\n","protected":false},"excerpt":{"rendered":"<p>Wigilia firmowa ma same zalety. Jakie? Po pierwsze, doskonale integruje zesp\u00f3\u0142. Po drugie, pozwala pokaza\u0107 pracownikom, \u017ce s\u0105 wa\u017cni dla firmy. Kiedy wi\u0119c urz\u0105dzi\u0107 firmow\u0105 Gwiazdk\u0119? Wybra\u0107 menu tradycyjne, regionalne czy jaki\u015b nowoczesny wariant? I najwa\u017cniejsza kwestia &#8211; jakie niespodzianki przygotowa\u0107 dla naszej za\u0142ogi? Podpowiadamy, jak zorganizowa\u0107 udan\u0105 firmow\u0105 imprez\u0119 \u015bwi\u0105teczn\u0105. Wigilia Bo\u017cego Narodzenia 24 [&hellip;]<\/p>\n","protected":false},"author":11,"featured_media":4458,"comment_status":"closed","ping_status":"closed","sticky":false,"template":"","format":"standard","meta":{"_acf_changed":false,"footnotes":""},"categories":[16,17,9],"class_list":["post-4430","post","type-post","status-publish","format-standard","has-post-thumbnail","hentry","category-imprezy-firmowe","category-integracja","category-zima-imprezy"],"acf":[],"yoast_head":"<!-- This site is optimized with the Yoast SEO Premium plugin v27.4 (Yoast SEO v27.4) - https:\/\/yoast.com\/product\/yoast-seo-premium-wordpress\/ -->\n<title>Wigilia firmowa. Jak, gdzie i kiedy zorganizowa\u0107 niezapomnian\u0105 imprez\u0119?\u00a0 - :: Blog dla firm - szkolenia, zarz\u0105dzanie zespo\u0142em, team building<\/title>\n<meta name=\"description\" content=\"Jakie zalety ma wigilia firmowa? Jak, gdzie i kiedy zorganizowa\u0107 niezapomnian\u0105 imprez\u0119 \u015bwi\u0105teczn\u0105? Podpowiadamy!\" \/>\n<meta name=\"robots\" content=\"index, follow, max-snippet:-1, max-image-preview:large, max-video-preview:-1\" \/>\n<link rel=\"canonical\" href=\"https:\/\/www.koronakarkonoszy.pl\/blog-dla-firm\/en\/company-eve-how-where-and-when-organize-an-unforgettable-event\/\" \/>\n<meta property=\"og:locale\" content=\"en_GB\" \/>\n<meta property=\"og:type\" content=\"article\" \/>\n<meta property=\"og:title\" content=\"Wigilia firmowa. Jak, gdzie i kiedy zorganizowa\u0107 niezapomnian\u0105 imprez\u0119?\u00a0\" \/>\n<meta property=\"og:description\" content=\"Jakie zalety ma wigilia firmowa? Jak, gdzie i kiedy zorganizowa\u0107 niezapomnian\u0105 imprez\u0119 \u015bwi\u0105teczn\u0105? Podpowiadamy!\" \/>\n<meta property=\"og:url\" content=\"https:\/\/www.koronakarkonoszy.pl\/blog-dla-firm\/en\/company-eve-how-where-and-when-organize-an-unforgettable-event\/\" \/>\n<meta property=\"og:site_name\" content=\":: Blog dla firm - szkolenia, zarz\u0105dzanie zespo\u0142em, team building\" \/>\n<meta property=\"article:published_time\" content=\"2023-03-27T08:49:14+00:00\" \/>\n<meta property=\"article:modified_time\" content=\"2024-12-11T10:48:44+00:00\" \/>\n<meta property=\"og:image\" content=\"https:\/\/www.koronakarkonoszy.pl\/blog-dla-firm\/wp-content\/uploads\/2022\/11\/karolina-kolodziejczak-bDzeXTo2Rnc-unsplash-scaled.jpg\" \/>\n\t<meta property=\"og:image:width\" content=\"2560\" \/>\n\t<meta property=\"og:image:height\" content=\"1707\" \/>\n\t<meta property=\"og:image:type\" content=\"image\/jpeg\" \/>\n<meta name=\"author\" content=\"agnieszka\" \/>\n<meta name=\"twitter:card\" content=\"summary_large_image\" \/>\n<meta name=\"twitter:label1\" content=\"Written by\" \/>\n\t<meta name=\"twitter:data1\" content=\"agnieszka\" \/>\n\t<meta name=\"twitter:label2\" content=\"Estimated reading time\" \/>\n\t<meta name=\"twitter:data2\" content=\"20 minutes\" \/>\n<script type=\"application\/ld+json\" class=\"yoast-schema-graph\">{\"@context\":\"https:\\\/\\\/schema.org\",\"@graph\":[{\"@type\":\"Article\",\"@id\":\"https:\\\/\\\/www.koronakarkonoszy.pl\\\/blog-dla-firm\\\/wigilia-firmowa-jak-gdzie-i-kiedy-zorganizowac-niezapomniana-impreze\\\/#article\",\"isPartOf\":{\"@id\":\"https:\\\/\\\/www.koronakarkonoszy.pl\\\/blog-dla-firm\\\/wigilia-firmowa-jak-gdzie-i-kiedy-zorganizowac-niezapomniana-impreze\\\/\"},\"author\":{\"name\":\"agnieszka\",\"@id\":\"https:\\\/\\\/www.koronakarkonoszy.pl\\\/blog-dla-firm\\\/#\\\/schema\\\/person\\\/c06752c3cb176906b455582ff7ef925e\"},\"headline\":\"Wigilia firmowa. Jak, gdzie i kiedy zorganizowa\u0107 niezapomnian\u0105 imprez\u0119?\u00a0\",\"datePublished\":\"2023-03-27T08:49:14+00:00\",\"dateModified\":\"2024-12-11T10:48:44+00:00\",\"mainEntityOfPage\":{\"@id\":\"https:\\\/\\\/www.koronakarkonoszy.pl\\\/blog-dla-firm\\\/wigilia-firmowa-jak-gdzie-i-kiedy-zorganizowac-niezapomniana-impreze\\\/\"},\"wordCount\":3059,\"image\":{\"@id\":\"https:\\\/\\\/www.koronakarkonoszy.pl\\\/blog-dla-firm\\\/wigilia-firmowa-jak-gdzie-i-kiedy-zorganizowac-niezapomniana-impreze\\\/#primaryimage\"},\"thumbnailUrl\":\"https:\\\/\\\/www.koronakarkonoszy.pl\\\/blog-dla-firm\\\/wp-content\\\/uploads\\\/2022\\\/11\\\/karolina-kolodziejczak-bDzeXTo2Rnc-unsplash-scaled.jpg\",\"articleSection\":[\"Imprezy firmowe\",\"Integracja\",\"Zima - imprezy\"],\"inLanguage\":\"en-GB\"},{\"@type\":\"WebPage\",\"@id\":\"https:\\\/\\\/www.koronakarkonoszy.pl\\\/blog-dla-firm\\\/wigilia-firmowa-jak-gdzie-i-kiedy-zorganizowac-niezapomniana-impreze\\\/\",\"url\":\"https:\\\/\\\/www.koronakarkonoszy.pl\\\/blog-dla-firm\\\/wigilia-firmowa-jak-gdzie-i-kiedy-zorganizowac-niezapomniana-impreze\\\/\",\"name\":\"Wigilia firmowa. Jak, gdzie i kiedy zorganizowa\u0107 niezapomnian\u0105 imprez\u0119?\u00a0 - :: Blog dla firm - szkolenia, zarz\u0105dzanie zespo\u0142em, team building\",\"isPartOf\":{\"@id\":\"https:\\\/\\\/www.koronakarkonoszy.pl\\\/blog-dla-firm\\\/#website\"},\"primaryImageOfPage\":{\"@id\":\"https:\\\/\\\/www.koronakarkonoszy.pl\\\/blog-dla-firm\\\/wigilia-firmowa-jak-gdzie-i-kiedy-zorganizowac-niezapomniana-impreze\\\/#primaryimage\"},\"image\":{\"@id\":\"https:\\\/\\\/www.koronakarkonoszy.pl\\\/blog-dla-firm\\\/wigilia-firmowa-jak-gdzie-i-kiedy-zorganizowac-niezapomniana-impreze\\\/#primaryimage\"},\"thumbnailUrl\":\"https:\\\/\\\/www.koronakarkonoszy.pl\\\/blog-dla-firm\\\/wp-content\\\/uploads\\\/2022\\\/11\\\/karolina-kolodziejczak-bDzeXTo2Rnc-unsplash-scaled.jpg\",\"datePublished\":\"2023-03-27T08:49:14+00:00\",\"dateModified\":\"2024-12-11T10:48:44+00:00\",\"author\":{\"@id\":\"https:\\\/\\\/www.koronakarkonoszy.pl\\\/blog-dla-firm\\\/#\\\/schema\\\/person\\\/c06752c3cb176906b455582ff7ef925e\"},\"description\":\"Jakie zalety ma wigilia firmowa? Jak, gdzie i kiedy zorganizowa\u0107 niezapomnian\u0105 imprez\u0119 \u015bwi\u0105teczn\u0105? Podpowiadamy!\",\"breadcrumb\":{\"@id\":\"https:\\\/\\\/www.koronakarkonoszy.pl\\\/blog-dla-firm\\\/wigilia-firmowa-jak-gdzie-i-kiedy-zorganizowac-niezapomniana-impreze\\\/#breadcrumb\"},\"inLanguage\":\"en-GB\",\"potentialAction\":[{\"@type\":\"ReadAction\",\"target\":[\"https:\\\/\\\/www.koronakarkonoszy.pl\\\/blog-dla-firm\\\/wigilia-firmowa-jak-gdzie-i-kiedy-zorganizowac-niezapomniana-impreze\\\/\"]}]},{\"@type\":\"ImageObject\",\"inLanguage\":\"en-GB\",\"@id\":\"https:\\\/\\\/www.koronakarkonoszy.pl\\\/blog-dla-firm\\\/wigilia-firmowa-jak-gdzie-i-kiedy-zorganizowac-niezapomniana-impreze\\\/#primaryimage\",\"url\":\"https:\\\/\\\/www.koronakarkonoszy.pl\\\/blog-dla-firm\\\/wp-content\\\/uploads\\\/2022\\\/11\\\/karolina-kolodziejczak-bDzeXTo2Rnc-unsplash-scaled.jpg\",\"contentUrl\":\"https:\\\/\\\/www.koronakarkonoszy.pl\\\/blog-dla-firm\\\/wp-content\\\/uploads\\\/2022\\\/11\\\/karolina-kolodziejczak-bDzeXTo2Rnc-unsplash-scaled.jpg\",\"width\":2560,\"height\":1707,\"caption\":\"Choinka z bombkami\"},{\"@type\":\"BreadcrumbList\",\"@id\":\"https:\\\/\\\/www.koronakarkonoszy.pl\\\/blog-dla-firm\\\/wigilia-firmowa-jak-gdzie-i-kiedy-zorganizowac-niezapomniana-impreze\\\/#breadcrumb\",\"itemListElement\":[{\"@type\":\"ListItem\",\"position\":1,\"name\":\"Strona g\u0142\u00f3wna\",\"item\":\"https:\\\/\\\/www.koronakarkonoszy.pl\\\/blog-dla-firm\\\/\"},{\"@type\":\"ListItem\",\"position\":2,\"name\":\"Wigilia firmowa. Jak, gdzie i kiedy zorganizowa\u0107 niezapomnian\u0105 imprez\u0119?\u00a0\"}]},{\"@type\":\"WebSite\",\"@id\":\"https:\\\/\\\/www.koronakarkonoszy.pl\\\/blog-dla-firm\\\/#website\",\"url\":\"https:\\\/\\\/www.koronakarkonoszy.pl\\\/blog-dla-firm\\\/\",\"name\":\":: Blog dla firm - szkolenia, zarz\u0105dzanie zespo\u0142em, team building\",\"description\":\"\",\"potentialAction\":[{\"@type\":\"SearchAction\",\"target\":{\"@type\":\"EntryPoint\",\"urlTemplate\":\"https:\\\/\\\/www.koronakarkonoszy.pl\\\/blog-dla-firm\\\/?s={search_term_string}\"},\"query-input\":{\"@type\":\"PropertyValueSpecification\",\"valueRequired\":true,\"valueName\":\"search_term_string\"}}],\"inLanguage\":\"en-GB\"},{\"@type\":\"Person\",\"@id\":\"https:\\\/\\\/www.koronakarkonoszy.pl\\\/blog-dla-firm\\\/#\\\/schema\\\/person\\\/c06752c3cb176906b455582ff7ef925e\",\"name\":\"agnieszka\",\"image\":{\"@type\":\"ImageObject\",\"inLanguage\":\"en-GB\",\"@id\":\"https:\\\/\\\/www.koronakarkonoszy.pl\\\/blog-dla-firm\\\/wp-content\\\/litespeed\\\/avatar\\\/53ee7b676463f74d0aea1a09de3d003b.jpg?ver=1776841233\",\"url\":\"https:\\\/\\\/www.koronakarkonoszy.pl\\\/blog-dla-firm\\\/wp-content\\\/litespeed\\\/avatar\\\/53ee7b676463f74d0aea1a09de3d003b.jpg?ver=1776841233\",\"contentUrl\":\"https:\\\/\\\/www.koronakarkonoszy.pl\\\/blog-dla-firm\\\/wp-content\\\/litespeed\\\/avatar\\\/53ee7b676463f74d0aea1a09de3d003b.jpg?ver=1776841233\",\"caption\":\"agnieszka\"},\"url\":\"https:\\\/\\\/www.koronakarkonoszy.pl\\\/blog-dla-firm\\\/en\\\/author\\\/agnieszka\\\/\"}]}<\/script>\n<!-- \/ Yoast SEO Premium plugin. -->","yoast_head_json":{"title":"Company Christmas Eve. How, where and when to organize an unforgettable party? - :: Blog for companies - training, team management, team building","description":"What are the advantages of a company Christmas party? How, where and when to organize an unforgettable Christmas party? we suggest!","robots":{"index":"index","follow":"follow","max-snippet":"max-snippet:-1","max-image-preview":"max-image-preview:large","max-video-preview":"max-video-preview:-1"},"canonical":"https:\/\/www.koronakarkonoszy.pl\/blog-dla-firm\/en\/company-eve-how-where-and-when-organize-an-unforgettable-event\/","og_locale":"en_GB","og_type":"article","og_title":"Wigilia firmowa. Jak, gdzie i kiedy zorganizowa\u0107 niezapomnian\u0105 imprez\u0119?\u00a0","og_description":"Jakie zalety ma wigilia firmowa? Jak, gdzie i kiedy zorganizowa\u0107 niezapomnian\u0105 imprez\u0119 \u015bwi\u0105teczn\u0105? Podpowiadamy!","og_url":"https:\/\/www.koronakarkonoszy.pl\/blog-dla-firm\/en\/company-eve-how-where-and-when-organize-an-unforgettable-event\/","og_site_name":":: Blog dla firm - szkolenia, zarz\u0105dzanie zespo\u0142em, team building","article_published_time":"2023-03-27T08:49:14+00:00","article_modified_time":"2024-12-11T10:48:44+00:00","og_image":[{"width":2560,"height":1707,"url":"https:\/\/www.koronakarkonoszy.pl\/blog-dla-firm\/wp-content\/uploads\/2022\/11\/karolina-kolodziejczak-bDzeXTo2Rnc-unsplash-scaled.jpg","type":"image\/jpeg"}],"author":"agnieszka","twitter_card":"summary_large_image","twitter_misc":{"Written by":"agnieszka","Estimated reading time":"20 minutes"},"schema":{"@context":"https:\/\/schema.org","@graph":[{"@type":"Article","@id":"https:\/\/www.koronakarkonoszy.pl\/blog-dla-firm\/wigilia-firmowa-jak-gdzie-i-kiedy-zorganizowac-niezapomniana-impreze\/#article","isPartOf":{"@id":"https:\/\/www.koronakarkonoszy.pl\/blog-dla-firm\/wigilia-firmowa-jak-gdzie-i-kiedy-zorganizowac-niezapomniana-impreze\/"},"author":{"name":"agnieszka","@id":"https:\/\/www.koronakarkonoszy.pl\/blog-dla-firm\/#\/schema\/person\/c06752c3cb176906b455582ff7ef925e"},"headline":"Wigilia firmowa. Jak, gdzie i kiedy zorganizowa\u0107 niezapomnian\u0105 imprez\u0119?\u00a0","datePublished":"2023-03-27T08:49:14+00:00","dateModified":"2024-12-11T10:48:44+00:00","mainEntityOfPage":{"@id":"https:\/\/www.koronakarkonoszy.pl\/blog-dla-firm\/wigilia-firmowa-jak-gdzie-i-kiedy-zorganizowac-niezapomniana-impreze\/"},"wordCount":3059,"image":{"@id":"https:\/\/www.koronakarkonoszy.pl\/blog-dla-firm\/wigilia-firmowa-jak-gdzie-i-kiedy-zorganizowac-niezapomniana-impreze\/#primaryimage"},"thumbnailUrl":"https:\/\/www.koronakarkonoszy.pl\/blog-dla-firm\/wp-content\/uploads\/2022\/11\/karolina-kolodziejczak-bDzeXTo2Rnc-unsplash-scaled.jpg","articleSection":["Imprezy firmowe","Integracja","Zima - imprezy"],"inLanguage":"en-GB"},{"@type":"WebPage","@id":"https:\/\/www.koronakarkonoszy.pl\/blog-dla-firm\/wigilia-firmowa-jak-gdzie-i-kiedy-zorganizowac-niezapomniana-impreze\/","url":"https:\/\/www.koronakarkonoszy.pl\/blog-dla-firm\/wigilia-firmowa-jak-gdzie-i-kiedy-zorganizowac-niezapomniana-impreze\/","name":"Company Christmas Eve. How, where and when to organize an unforgettable party? - :: Blog for companies - training, team management, team building","isPartOf":{"@id":"https:\/\/www.koronakarkonoszy.pl\/blog-dla-firm\/#website"},"primaryImageOfPage":{"@id":"https:\/\/www.koronakarkonoszy.pl\/blog-dla-firm\/wigilia-firmowa-jak-gdzie-i-kiedy-zorganizowac-niezapomniana-impreze\/#primaryimage"},"image":{"@id":"https:\/\/www.koronakarkonoszy.pl\/blog-dla-firm\/wigilia-firmowa-jak-gdzie-i-kiedy-zorganizowac-niezapomniana-impreze\/#primaryimage"},"thumbnailUrl":"https:\/\/www.koronakarkonoszy.pl\/blog-dla-firm\/wp-content\/uploads\/2022\/11\/karolina-kolodziejczak-bDzeXTo2Rnc-unsplash-scaled.jpg","datePublished":"2023-03-27T08:49:14+00:00","dateModified":"2024-12-11T10:48:44+00:00","author":{"@id":"https:\/\/www.koronakarkonoszy.pl\/blog-dla-firm\/#\/schema\/person\/c06752c3cb176906b455582ff7ef925e"},"description":"What are the advantages of a company Christmas party? How, where and when to organize an unforgettable Christmas party? we suggest!","breadcrumb":{"@id":"https:\/\/www.koronakarkonoszy.pl\/blog-dla-firm\/wigilia-firmowa-jak-gdzie-i-kiedy-zorganizowac-niezapomniana-impreze\/#breadcrumb"},"inLanguage":"en-GB","potentialAction":[{"@type":"ReadAction","target":["https:\/\/www.koronakarkonoszy.pl\/blog-dla-firm\/wigilia-firmowa-jak-gdzie-i-kiedy-zorganizowac-niezapomniana-impreze\/"]}]},{"@type":"ImageObject","inLanguage":"en-GB","@id":"https:\/\/www.koronakarkonoszy.pl\/blog-dla-firm\/wigilia-firmowa-jak-gdzie-i-kiedy-zorganizowac-niezapomniana-impreze\/#primaryimage","url":"https:\/\/www.koronakarkonoszy.pl\/blog-dla-firm\/wp-content\/uploads\/2022\/11\/karolina-kolodziejczak-bDzeXTo2Rnc-unsplash-scaled.jpg","contentUrl":"https:\/\/www.koronakarkonoszy.pl\/blog-dla-firm\/wp-content\/uploads\/2022\/11\/karolina-kolodziejczak-bDzeXTo2Rnc-unsplash-scaled.jpg","width":2560,"height":1707,"caption":"Choinka z bombkami"},{"@type":"BreadcrumbList","@id":"https:\/\/www.koronakarkonoszy.pl\/blog-dla-firm\/wigilia-firmowa-jak-gdzie-i-kiedy-zorganizowac-niezapomniana-impreze\/#breadcrumb","itemListElement":[{"@type":"ListItem","position":1,"name":"Strona g\u0142\u00f3wna","item":"https:\/\/www.koronakarkonoszy.pl\/blog-dla-firm\/"},{"@type":"ListItem","position":2,"name":"Wigilia firmowa. Jak, gdzie i kiedy zorganizowa\u0107 niezapomnian\u0105 imprez\u0119?\u00a0"}]},{"@type":"WebSite","@id":"https:\/\/www.koronakarkonoszy.pl\/blog-dla-firm\/#website","url":"https:\/\/www.koronakarkonoszy.pl\/blog-dla-firm\/","name":":: Blog for companies - training, team management, team building","description":"","potentialAction":[{"@type":"SearchAction","target":{"@type":"EntryPoint","urlTemplate":"https:\/\/www.koronakarkonoszy.pl\/blog-dla-firm\/?s={search_term_string}"},"query-input":{"@type":"PropertyValueSpecification","valueRequired":true,"valueName":"search_term_string"}}],"inLanguage":"en-GB"},{"@type":"Person","@id":"https:\/\/www.koronakarkonoszy.pl\/blog-dla-firm\/#\/schema\/person\/c06752c3cb176906b455582ff7ef925e","name":"Agnes","image":{"@type":"ImageObject","inLanguage":"en-GB","@id":"https:\/\/www.koronakarkonoszy.pl\/blog-dla-firm\/wp-content\/litespeed\/avatar\/53ee7b676463f74d0aea1a09de3d003b.jpg?ver=1776841233","url":"https:\/\/www.koronakarkonoszy.pl\/blog-dla-firm\/wp-content\/litespeed\/avatar\/53ee7b676463f74d0aea1a09de3d003b.jpg?ver=1776841233","contentUrl":"https:\/\/www.koronakarkonoszy.pl\/blog-dla-firm\/wp-content\/litespeed\/avatar\/53ee7b676463f74d0aea1a09de3d003b.jpg?ver=1776841233","caption":"agnieszka"},"url":"https:\/\/www.koronakarkonoszy.pl\/blog-dla-firm\/en\/author\/agnieszka\/"}]}},"_links":{"self":[{"href":"https:\/\/www.koronakarkonoszy.pl\/blog-dla-firm\/en\/wp-json\/wp\/v2\/posts\/4430","targetHints":{"allow":["GET"]}}],"collection":[{"href":"https:\/\/www.koronakarkonoszy.pl\/blog-dla-firm\/en\/wp-json\/wp\/v2\/posts"}],"about":[{"href":"https:\/\/www.koronakarkonoszy.pl\/blog-dla-firm\/en\/wp-json\/wp\/v2\/types\/post"}],"author":[{"embeddable":true,"href":"https:\/\/www.koronakarkonoszy.pl\/blog-dla-firm\/en\/wp-json\/wp\/v2\/users\/11"}],"replies":[{"embeddable":true,"href":"https:\/\/www.koronakarkonoszy.pl\/blog-dla-firm\/en\/wp-json\/wp\/v2\/comments?post=4430"}],"version-history":[{"count":3,"href":"https:\/\/www.koronakarkonoszy.pl\/blog-dla-firm\/en\/wp-json\/wp\/v2\/posts\/4430\/revisions"}],"predecessor-version":[{"id":10401,"href":"https:\/\/www.koronakarkonoszy.pl\/blog-dla-firm\/en\/wp-json\/wp\/v2\/posts\/4430\/revisions\/10401"}],"wp:featuredmedia":[{"embeddable":true,"href":"https:\/\/www.koronakarkonoszy.pl\/blog-dla-firm\/en\/wp-json\/wp\/v2\/media\/4458"}],"wp:attachment":[{"href":"https:\/\/www.koronakarkonoszy.pl\/blog-dla-firm\/en\/wp-json\/wp\/v2\/media?parent=4430"}],"wp:term":[{"taxonomy":"category","embeddable":true,"href":"https:\/\/www.koronakarkonoszy.pl\/blog-dla-firm\/en\/wp-json\/wp\/v2\/categories?post=4430"}],"curies":[{"name":"wp","href":"https:\/\/api.w.org\/{rel}","templated":true}]}}