{"id":1027,"date":"2021-08-31T00:07:00","date_gmt":"2021-08-30T22:07:00","guid":{"rendered":"https:\/\/www.koronakarkonoszy.pl\/blog-dla-firm\/?p=1027"},"modified":"2025-02-14T11:01:30","modified_gmt":"2025-02-14T10:01:30","slug":"gala-firmowa","status":"publish","type":"post","link":"https:\/\/www.koronakarkonoszy.pl\/blog-dla-firm\/en\/gala-firmowa\/","title":{"rendered":"Company gala - where is the best place to organize it?"},"content":{"rendered":"\n<p>Jak uczci\u0107 sukces lub jubileusz? Czasem wystarczy, \u017ce poklepiesz pracownika po plecach lub og\u0142osisz co\u015b na firmowym korytarzu. S\u0105 jednak okazje, kt\u00f3re wymagaj\u0105 bardziej uroczystej oprawy. W\u00f3wczas sprawdzi si\u0119\u00a0gala\u00a0firmowa\u00a0z prawdziwego zdarzenia.\u00a0<\/p>\n\n\n<div id=\"ariadna-block_0894d4498434d276b1ce6b189710df40\" class=\"ariadna\">\n    <ul><li><a href=\"#h-gala-firmowa-w-siedzibie-firmy-za-i-przeciw-nbsp\">Gala firmowa w siedzibie firmy \u2013 za i przeciw&nbsp;<\/a><\/li><li><a href=\"#h-a-moze-sala-bankietowa-w-miescie-nbsp\">A mo\u017ce sala bankietowa w mie\u015bcie?&nbsp;<\/a><\/li><li><a href=\"#ha-chcesz-by-twoja-gala-firmowa-wywarla-niezapomniane-wrazenie\">Chcesz by Twoja gala firmowa wywar\u0142a niezapomniane wra\u017cenie?<\/a><\/li><li><a href=\"#h-wyjazdowa-gala-nbsp-firmowa-nbsp-nbsp-czy-to-nbsp-dobry-pomysl-nbsp\">Wyjazdowa gala&nbsp;firmowa&nbsp;\u2013&nbsp;czy to&nbsp;dobry pomys\u0142?&nbsp;<\/a><\/li><li><a href=\"#h-gala-nbsp-firmowa-unikalna-czy-tradycyjna-nbsp\">Gala&nbsp;firmowa &#8211; unikalna czy tradycyjna?&nbsp;<\/a><\/li><\/ul>\n<\/div>\n\n\n\n\n\n\n<figure class=\"wp-block-image size-large is-resized\"><a href=\"https:\/\/www.koronakarkonoszy.pl\/konfigurator-imprez\/\" target=\"_blank\" rel=\"noreferrer noopener\"><img loading=\"lazy\" decoding=\"async\" width=\"1024\" height=\"510\" src=\"https:\/\/www.koronakarkonoszy.pl\/blog-dla-firm\/wp-content\/uploads\/2023\/11\/DKK-konfigurator_01-1024x510.jpg\" alt=\"Konfigurator imprez firmowych agencji eventowej Dw\u00f3r Korona Karkonoszy\" class=\"wp-image-7804\" style=\"width:855px;height:auto\" title=\"Konfigurator imprez firmowych agencji eventowej \" srcset=\"https:\/\/www.koronakarkonoszy.pl\/blog-dla-firm\/wp-content\/uploads\/2023\/11\/DKK-konfigurator_01-1024x510.jpg 1024w, https:\/\/www.koronakarkonoszy.pl\/blog-dla-firm\/wp-content\/uploads\/2023\/11\/DKK-konfigurator_01-300x150.jpg 300w, https:\/\/www.koronakarkonoszy.pl\/blog-dla-firm\/wp-content\/uploads\/2023\/11\/DKK-konfigurator_01-768x383.jpg 768w, https:\/\/www.koronakarkonoszy.pl\/blog-dla-firm\/wp-content\/uploads\/2023\/11\/DKK-konfigurator_01-1920x957.jpg 1920w, https:\/\/www.koronakarkonoszy.pl\/blog-dla-firm\/wp-content\/uploads\/2023\/11\/DKK-konfigurator_01-1536x766.jpg 1536w, https:\/\/www.koronakarkonoszy.pl\/blog-dla-firm\/wp-content\/uploads\/2023\/11\/DKK-konfigurator_01-18x9.jpg 18w, https:\/\/www.koronakarkonoszy.pl\/blog-dla-firm\/wp-content\/uploads\/2023\/11\/DKK-konfigurator_01.jpg 2040w\" sizes=\"auto, (max-width: 1024px) 100vw, 1024px\" \/><\/a><\/figure>\n\n\n\n<p>Twoja firma to Ty \u2013 inni nie musz\u0105 zdawa\u0107 sobie sprawy z wa\u017cnych jubileuszy czy krok\u00f3w milowych. Ma znaczenie symboliczne, gdy sukcesy \u015bwi\u0119tujesz z pomp\u0105, organizuj\u0105c gal\u0119 firmow\u0105 z prawdziwego zdarzenia. Czy to b\u0119dzie&nbsp;<a href=\"https:\/\/www.koronakarkonoszy.pl\/blog-dla-firm\/25-lecie-firmy\/\" target=\"_blank\" rel=\"noreferrer noopener\">25-lecie firmy<\/a>, czy pierwszych stu obs\u0142u\u017conych klient\u00f3w, zas\u0142ugujesz na od\u015bwi\u0119tn\u0105 opraw\u0119.&nbsp;<\/p>\n\n\n\n<h2 class=\"wp-block-heading\" id=\"h-gala-firmowa-w-siedzibie-firmy-za-i-przeciw-nbsp\">Gala firmowa w siedzibie firmy \u2013 za i przeciw&nbsp;<\/h2>\n\n\n\n<p>Z tego powodu gala firmowa w siedzibie firmy nie jest zbyt dobrym pomys\u0142em. Oczywi\u015bcie \u2013 je\u015bli wydarzenie jest symboliczne, to nie ma chyba sensu jecha\u0107 na drugi koniec Polski, bo wystarczy odkorkowa\u0107 szampana w firmowej kuchni. Jednak zbyt wielu w\u0142a\u015bcicieli firm przed Tob\u0105 przekona\u0142o si\u0119, jak problematyczne bywaj\u0105&nbsp;<strong>imprezy w firmowej siedzibie.<\/strong>&nbsp;&nbsp;<\/p>\n\n\n\n<ul class=\"wp-block-list\">\n<li>Zazwyczaj jest na nich za ma\u0142o miejsca, bo biuro nie s\u0142u\u017cy do ta\u0144c\u00f3w, pokaz\u00f3w kulinarnych ani przebierania si\u0119.&nbsp;&nbsp;<\/li>\n\n\n\n<li>Nawet, je\u015bli skorzystasz z us\u0142ug ekipy sprz\u0105taj\u0105cej po przyj\u0119ciu, pracownicy d\u0142ugo jeszcze b\u0119d\u0105 szuka\u0107 wszystkich potrzebnych przedmiot\u00f3w.&nbsp;&nbsp;<\/li>\n\n\n\n<li>Jedynym wyj\u0105tkiem jest sytuacja, gdy posiadasz ogr\u00f3d. O ile ma wi\u0119cej ni\u017c 100-200 mkw. powierzchni, warto zorganizowa\u0107 w nim&nbsp;<a href=\"https:\/\/www.koronakarkonoszy.pl\/imprezy\/0,,0,1\" target=\"_blank\" rel=\"noreferrer noopener\">imprez\u0119 firmow\u0105<\/a>&nbsp;(je\u015bli nie b\u0119dzie to przeszkadza\u0142o s\u0105siadom).&nbsp;&nbsp;<\/li>\n<\/ul>\n\n\n<section id=\"leonardo-block_c8f54a6f3b6243787310893ba46d1415\" class=\"leonardo page-breaker leonardo-image-left\">\n    <div class=\"leonardo-body\">\n                <div class=\"leonardo-content\"><p><span class=\"TextRun SCXW171931226 BCX0\" lang=\"PL-PL\" xml:lang=\"PL-PL\" data-contrast=\"auto\"><span class=\"NormalTextRun SCXW171931226 BCX0\">Dekoracje takie jak\u00a0<\/span><\/span><span class=\"TextRun SCXW171931226 BCX0\" lang=\"PL-PL\" xml:lang=\"PL-PL\" data-contrast=\"auto\"><span class=\"NormalTextRun SCXW171931226 BCX0\">\u015bwietliste girlandy czy bia\u0142e balony z helem<\/span><\/span><span class=\"TextRun SCXW171931226 BCX0\" lang=\"PL-PL\" xml:lang=\"PL-PL\" data-contrast=\"auto\"><span class=\"NormalTextRun SCXW171931226 BCX0\">\u00a0s\u0105 tanie, a w\u015br\u00f3d drzew wygl\u0105daj\u0105 wprost magicznie. Najwi\u0119ksz\u0105 zalet\u0105 gal firmowych w siedzibie firmy jest to, \u017ce ich organizacja jest tania. Je\u015bli jednak nie zamierzasz korzysta\u0107 z pomocy profesjonalist\u00f3w, we\u017a pod uwag\u0119 odpowiedzialno\u015b\u0107, jaka b\u0119dzie na Tobie spoczywa\u0107 i ogrom pracy organizacyjnej, kt\u00f3ra jest wymagana, by wszystko odby\u0142o si\u0119 w por\u0119 i z odpowiedni\u0105 opraw\u0105.<\/span><\/span><\/p>\n<\/div>\n                    <aside class=\"leonardo-interlink\">\n                <b>Polecamy<\/b>\n                <a href=\"https:\/\/www.koronakarkonoszy.pl\/blog-dla-firm\/en\/pomysly-na-integracje-firmowa\/\">Pomys\u0142y na integracj\u0119 firmow\u0105<\/a>\n            <\/aside>\n            <\/div>\n    <div class=\"leonardo-image\">\n        <img loading=\"lazy\" decoding=\"async\" width=\"1280\" height=\"854\" src=\"https:\/\/www.koronakarkonoszy.pl\/blog-dla-firm\/wp-content\/uploads\/2021\/08\/Gala-firmowa2.jpg\" class=\"attachment-full size-full\" alt=\"Catering na gal\u0119 firmow\u0105\" srcset=\"https:\/\/www.koronakarkonoszy.pl\/blog-dla-firm\/wp-content\/uploads\/2021\/08\/Gala-firmowa2.jpg 1280w, https:\/\/www.koronakarkonoszy.pl\/blog-dla-firm\/wp-content\/uploads\/2021\/08\/Gala-firmowa2-300x200.jpg 300w, https:\/\/www.koronakarkonoszy.pl\/blog-dla-firm\/wp-content\/uploads\/2021\/08\/Gala-firmowa2-1024x683.jpg 1024w, https:\/\/www.koronakarkonoszy.pl\/blog-dla-firm\/wp-content\/uploads\/2021\/08\/Gala-firmowa2-768x512.jpg 768w\" sizes=\"auto, (max-width: 1280px) 100vw, 1280px\" \/>            <\/div>\n<\/section>\n\n\n<h2 class=\"wp-block-heading\" id=\"h-a-moze-sala-bankietowa-w-miescie-nbsp\">A mo\u017ce sala bankietowa w mie\u015bcie?&nbsp;<\/h2>\n\n\n\n<p>Gala firmowa mo\u017ce te\u017c odby\u0107 si\u0119 w pobli\u017cu firmy. To odbiera jej nieco od\u015bwi\u0119tnego charakteru, ale przynajmniej cz\u0142onkowie zespo\u0142u b\u0119d\u0105 mieli blisko. Zdejmujesz z siebie obowi\u0105zki organizacyjne, bo<strong>&nbsp;menu czy wystr\u00f3j mog\u0105 pozosta\u0107 po stronie w\u0142a\u015bcicieli obiektu<\/strong>. Je\u015bli masz dost\u0119p do urokliwie po\u0142o\u017conej sali na firmow\u0105 gal\u0119, to warto j\u0105 wykorzysta\u0107. Gorzej, je\u015bli jest to jedna z wielu podmiejskich&nbsp;sal&nbsp;weselnych.<\/p>\n\n\n\n<p>Ruchliwa droga za parkanem i odbywaj\u0105ce si\u0119 r\u00f3wnolegle inne wydarzenia odejm\u0105 wydarzeniu uroku. B\u0119dziesz czu\u0142, \u017ce to nie jest do ko\u0144ca \u201eTwoje\u201d \u015bwi\u0119to. Przy mniejszych jubileuszach to mimo wszystko mo\u017ce si\u0119 sprawdzi\u0107, w zwi\u0105zku z omawianymi ju\u017c u\u0142atwieniami dotycz\u0105cymi transportu (dodatkowo mo\u017cesz zam\u00f3wi\u0107 np. autokar lub&nbsp;bus, kt\u00f3ry o okre\u015blonych godzinach zacznie rozwozi\u0107 go\u015bci). Je\u015bli jednak okazja jest naprawd\u0119 wyj\u0105tkowa, by\u0107 mo\u017ce lepiej b\u0119dzie, gdy go\u015bcie oderw\u0105 si\u0119 od codzienno\u015bci i zaczn\u0105 \u015bwi\u0119towa\u0107 w zupe\u0142nie nowym miejscu.<\/p>\n\n\n<section id=\"ctaninja-block_14e350d5c519c731caf2392fbe213ac4\" class=\"ctaninja\">\n    <div class=\"ctaninja-body\">\n        <h2 id=\"ha-chcesz-by-twoja-gala-firmowa-wywarla-niezapomniane-wrazenie\">Chcesz by Twoja gala firmowa wywar\u0142a niezapomniane wra\u017cenie?<\/h2>\n        <p>Nasza sala balowa stanowi idealn\u0105 opraw\u0119<br>&#8211; przekonaj si\u0119 osobi\u015bcie!<\/p>\n        <div class=\"nf-container\">\n            <noscript class=\"ninja-forms-noscript-message\">\n\tNotice: JavaScript is required for this content.<\/noscript>\n<div id=\"nf-form-1-cont\" class=\"nf-form-cont\" aria-live=\"polite\" aria-labelledby=\"nf-form-title-1\" aria-describedby=\"nf-form-errors-1\" role=\"form\">\n\n    <div class=\"nf-loading-spinner\"><\/div>\n\n<\/div>\n        <!-- That data is being printed as a workaround to page builders reordering the order of the scripts loaded-->\n        <script>var formDisplay=1;var nfForms=nfForms||[];var form=[];form.id='1';form.settings={\"objectType\":\"Form Setting\",\"editActive\":\"\",\"title\":\"Contact Me\",\"key\":\"\",\"created_at\":\"2021-05-24 17:00:03\",\"default_label_pos\":\"above\",\"conditions\":[],\"show_title\":\"1\",\"clear_complete\":\"1\",\"hide_complete\":\"1\",\"wrapper_class\":\"\",\"element_class\":\"\",\"add_submit\":\"1\",\"logged_in\":\"\",\"not_logged_in_msg\":\"\",\"sub_limit_number\":\"\",\"sub_limit_msg\":\"\",\"calculations\":[],\"formContentData\":[{\"order\":1,\"cells\":[{\"order\":0,\"fields\":[\"email\"],\"width\":50},{\"order\":1,\"fields\":[\"wyslij_1675426055268\"],\"width\":50}]}],\"container_styles_background-color\":\"\",\"container_styles_border\":\"\",\"container_styles_border-style\":\"\",\"container_styles_border-color\":\"\",\"container_styles_color\":\"\",\"container_styles_height\":\"\",\"container_styles_width\":\"\",\"container_styles_font-size\":\"\",\"container_styles_margin\":\"\",\"container_styles_padding\":\"\",\"container_styles_display\":\"\",\"container_styles_float\":\"\",\"container_styles_show_advanced_css\":\"0\",\"container_styles_advanced\":\"\",\"title_styles_background-color\":\"\",\"title_styles_border\":\"\",\"title_styles_border-style\":\"\",\"title_styles_border-color\":\"\",\"title_styles_color\":\"\",\"title_styles_height\":\"\",\"title_styles_width\":\"\",\"title_styles_font-size\":\"\",\"title_styles_margin\":\"\",\"title_styles_padding\":\"\",\"title_styles_display\":\"\",\"title_styles_float\":\"\",\"title_styles_show_advanced_css\":\"0\",\"title_styles_advanced\":\"\",\"row_styles_background-color\":\"\",\"row_styles_border\":\"\",\"row_styles_border-style\":\"\",\"row_styles_border-color\":\"\",\"row_styles_color\":\"\",\"row_styles_height\":\"\",\"row_styles_width\":\"\",\"row_styles_font-size\":\"\",\"row_styles_margin\":\"\",\"row_styles_padding\":\"\",\"row_styles_display\":\"\",\"row_styles_show_advanced_css\":\"0\",\"row_styles_advanced\":\"\",\"row-odd_styles_background-color\":\"\",\"row-odd_styles_border\":\"\",\"row-odd_styles_border-style\":\"\",\"row-odd_styles_border-color\":\"\",\"row-odd_styles_color\":\"\",\"row-odd_styles_height\":\"\",\"row-odd_styles_width\":\"\",\"row-odd_styles_font-size\":\"\",\"row-odd_styles_margin\":\"\",\"row-odd_styles_padding\":\"\",\"row-odd_styles_display\":\"\",\"row-odd_styles_show_advanced_css\":\"0\",\"row-odd_styles_advanced\":\"\",\"success-msg_styles_background-color\":\"\",\"success-msg_styles_border\":\"\",\"success-msg_styles_border-style\":\"\",\"success-msg_styles_border-color\":\"\",\"success-msg_styles_color\":\"\",\"success-msg_styles_height\":\"\",\"success-msg_styles_width\":\"\",\"success-msg_styles_font-size\":\"\",\"success-msg_styles_margin\":\"\",\"success-msg_styles_padding\":\"\",\"success-msg_styles_display\":\"\",\"success-msg_styles_show_advanced_css\":\"0\",\"success-msg_styles_advanced\":\"\",\"error_msg_styles_background-color\":\"\",\"error_msg_styles_border\":\"\",\"error_msg_styles_border-style\":\"\",\"error_msg_styles_border-color\":\"\",\"error_msg_styles_color\":\"\",\"error_msg_styles_height\":\"\",\"error_msg_styles_width\":\"\",\"error_msg_styles_font-size\":\"\",\"error_msg_styles_margin\":\"\",\"error_msg_styles_padding\":\"\",\"error_msg_styles_display\":\"\",\"error_msg_styles_show_advanced_css\":\"0\",\"error_msg_styles_advanced\":\"\",\"allow_public_link\":0,\"embed_form\":\"\",\"currency\":\"\",\"repeatable_fieldsets\":\"\",\"unique_field_error\":\"Formularz z t\\u0105 warto\\u015bci\\u0105 zosta\\u0142 ju\\u017c przes\\u0142any.\",\"form_title_heading_level\":\"3\",\"ninjaForms\":\"Ninja Forms\",\"changeEmailErrorMsg\":\"Please enter a valid email address!\",\"changeDateErrorMsg\":\"Please enter a valid date!\",\"confirmFieldErrorMsg\":\"These fields must match!\",\"fieldNumberNumMinError\":\"Number Min Error\",\"fieldNumberNumMaxError\":\"Number Max Error\",\"fieldNumberIncrementBy\":\"Please increment by \",\"fieldTextareaRTEInsertLink\":\"Insert Link\",\"fieldTextareaRTEInsertMedia\":\"Insert Media\",\"fieldTextareaRTESelectAFile\":\"Select a file\",\"formErrorsCorrectErrors\":\"Please correct errors before submitting this form.\",\"formHoneypot\":\"If you are a human seeing this field, please leave it empty.\",\"validateRequiredField\":\"This is a required field.\",\"honeypotHoneypotError\":\"Honeypot Error\",\"fileUploadOldCodeFileUploadInProgress\":\"File Upload in Progress.\",\"fileUploadOldCodeFileUpload\":\"FILE UPLOAD\",\"currencySymbol\":\"&#36;\",\"fieldsMarkedRequired\":\"Fields marked with an <span class=\\\"ninja-forms-req-symbol\\\">*<\\\/span> are required\",\"thousands_sep\":\",\",\"decimal_point\":\".\",\"siteLocale\":\"en_GB\",\"dateFormat\":\"m\\\/d\\\/Y\",\"startOfWeek\":\"1\",\"of\":\"of\",\"previousMonth\":\"Previous Month\",\"nextMonth\":\"Next Month\",\"months\":[\"January\",\"February\",\"March\",\"April\",\"May\",\"June\",\"July\",\"August\",\"September\",\"October\",\"November\",\"December\"],\"monthsShort\":[\"Jan\",\"Feb\",\"Mar\",\"Apr\",\"May\",\"Jun\",\"Jul\",\"Aug\",\"Sep\",\"Oct\",\"Nov\",\"Dec\"],\"weekdays\":[\"Sunday\",\"Monday\",\"Tuesday\",\"Wednesday\",\"Thursday\",\"Friday\",\"Saturday\"],\"weekdaysShort\":[\"Sun\",\"Mon\",\"Tue\",\"Wed\",\"Thu\",\"Fri\",\"Sat\"],\"weekdaysMin\":[\"Su\",\"Mo\",\"Tu\",\"We\",\"Th\",\"Fr\",\"Sa\"],\"recaptchaConsentMissing\":\"reCaptcha validation couldn&#039;t load.\",\"recaptchaMissingCookie\":\"reCaptcha v3 validation couldn&#039;t load the cookie needed to submit the form.\",\"recaptchaConsentEvent\":\"Accept reCaptcha cookies before sending the form.\",\"currency_symbol\":\"\",\"beforeForm\":\"\",\"beforeFields\":\"\",\"afterFields\":\"\",\"afterForm\":\"\"};form.fields=[{\"objectType\":\"Field\",\"objectDomain\":\"fields\",\"editActive\":false,\"order\":1,\"idAttribute\":\"id\",\"label\":\"Email\",\"key\":\"email\",\"type\":\"email\",\"created_at\":\"2021-05-24 17:00:04\",\"label_pos\":\"above\",\"required\":1,\"placeholder\":\"Podaj maila, skontaktujemy si\\u0119 z Tob\\u0105\",\"default\":\"\",\"wrapper_class\":\"\",\"element_class\":\"\",\"container_class\":\"\",\"admin_label\":\"\",\"help_text\":\"\",\"desc_text\":\"\",\"wrap_styles_background-color\":\"\",\"wrap_styles_border\":\"\",\"wrap_styles_border-style\":\"\",\"wrap_styles_border-color\":\"\",\"wrap_styles_color\":\"\",\"wrap_styles_height\":\"\",\"wrap_styles_width\":\"\",\"wrap_styles_font-size\":\"\",\"wrap_styles_margin\":\"\",\"wrap_styles_padding\":\"\",\"wrap_styles_display\":\"\",\"wrap_styles_float\":\"\",\"wrap_styles_show_advanced_css\":0,\"wrap_styles_advanced\":\"\",\"label_styles_background-color\":\"\",\"label_styles_border\":\"\",\"label_styles_border-style\":\"\",\"label_styles_border-color\":\"\",\"label_styles_color\":\"\",\"label_styles_height\":\"\",\"label_styles_width\":\"\",\"label_styles_font-size\":\"\",\"label_styles_margin\":\"\",\"label_styles_padding\":\"\",\"label_styles_display\":\"\",\"label_styles_float\":\"\",\"label_styles_show_advanced_css\":0,\"label_styles_advanced\":\"\",\"element_styles_background-color\":\"\",\"element_styles_border\":\"\",\"element_styles_border-style\":\"\",\"element_styles_border-color\":\"\",\"element_styles_color\":\"\",\"element_styles_height\":\"\",\"element_styles_width\":\"\",\"element_styles_font-size\":\"\",\"element_styles_margin\":\"\",\"element_styles_padding\":\"\",\"element_styles_display\":\"\",\"element_styles_float\":\"\",\"element_styles_show_advanced_css\":0,\"element_styles_advanced\":\"\",\"cellcid\":\"c3391\",\"custom_name_attribute\":\"email\",\"personally_identifiable\":1,\"value\":\"\",\"drawerDisabled\":false,\"id\":2,\"beforeField\":\"\",\"afterField\":\"\",\"parentType\":\"email\",\"element_templates\":[\"email\",\"input\"],\"old_classname\":\"\",\"wrap_template\":\"wrap\"},{\"objectType\":\"Field\",\"objectDomain\":\"fields\",\"editActive\":false,\"order\":2,\"idAttribute\":\"id\",\"label\":\"Wy\\u015blij\",\"key\":\"wyslij_1675426055268\",\"type\":\"submit\",\"created_at\":\"2021-05-24 17:00:05\",\"processing_label\":\"Wysy\\u0142anie...\",\"container_class\":\"\",\"element_class\":\"\",\"wrap_styles_background-color\":\"\",\"wrap_styles_border\":\"\",\"wrap_styles_border-style\":\"\",\"wrap_styles_border-color\":\"\",\"wrap_styles_color\":\"\",\"wrap_styles_height\":\"\",\"wrap_styles_width\":\"\",\"wrap_styles_font-size\":\"\",\"wrap_styles_margin\":\"\",\"wrap_styles_padding\":\"\",\"wrap_styles_display\":\"\",\"wrap_styles_float\":\"\",\"wrap_styles_show_advanced_css\":0,\"wrap_styles_advanced\":\"\",\"label_styles_background-color\":\"\",\"label_styles_border\":\"\",\"label_styles_border-style\":\"\",\"label_styles_border-color\":\"\",\"label_styles_color\":\"\",\"label_styles_height\":\"\",\"label_styles_width\":\"\",\"label_styles_font-size\":\"\",\"label_styles_margin\":\"\",\"label_styles_padding\":\"\",\"label_styles_display\":\"\",\"label_styles_float\":\"\",\"label_styles_show_advanced_css\":0,\"label_styles_advanced\":\"\",\"element_styles_background-color\":\"\",\"element_styles_border\":\"\",\"element_styles_border-style\":\"\",\"element_styles_border-color\":\"\",\"element_styles_color\":\"\",\"element_styles_height\":\"\",\"element_styles_width\":\"\",\"element_styles_font-size\":\"\",\"element_styles_margin\":\"\",\"element_styles_padding\":\"\",\"element_styles_display\":\"\",\"element_styles_float\":\"\",\"element_styles_show_advanced_css\":0,\"element_styles_advanced\":\"\",\"submit_element_hover_styles_background-color\":\"\",\"submit_element_hover_styles_border\":\"\",\"submit_element_hover_styles_border-style\":\"\",\"submit_element_hover_styles_border-color\":\"\",\"submit_element_hover_styles_color\":\"\",\"submit_element_hover_styles_height\":\"\",\"submit_element_hover_styles_width\":\"\",\"submit_element_hover_styles_font-size\":\"\",\"submit_element_hover_styles_margin\":\"\",\"submit_element_hover_styles_padding\":\"\",\"submit_element_hover_styles_display\":\"\",\"submit_element_hover_styles_float\":\"\",\"submit_element_hover_styles_show_advanced_css\":0,\"submit_element_hover_styles_advanced\":\"\",\"cellcid\":\"c3394\",\"drawerDisabled\":false,\"id\":4,\"beforeField\":\"\",\"afterField\":\"\",\"value\":\"\",\"label_pos\":\"above\",\"parentType\":\"textbox\",\"element_templates\":[\"submit\",\"button\",\"input\"],\"old_classname\":\"\",\"wrap_template\":\"wrap-no-label\"}];nfForms.push(form);<\/script>\n                <script id=\"nf-tmpl-cell\" type=\"text\/template\">\n            <nf-fields><\/nf-fields>\n        <\/script>\n\n        <script id=\"nf-tmpl-row\" type=\"text\/template\">\n            <nf-cells><\/nf-cells>\n        <\/script>\n\n                <\/div>\n    <\/div>\n    <div class=\"ctaninja-onm ctaninja-onm-1 rbg\"><\/div>\n    <div class=\"ctaninja-onm ctaninja-onm-2 rbg\"><\/div>\n<\/section>\n\n\n<figure class=\"wp-block-image size-large is-resized\"><a href=\"https:\/\/www.koronakarkonoszy.pl\/konfigurator-imprez\/\" target=\"_blank\" rel=\"noreferrer noopener\"><img loading=\"lazy\" decoding=\"async\" width=\"1024\" height=\"510\" src=\"https:\/\/www.koronakarkonoszy.pl\/blog-dla-firm\/wp-content\/uploads\/2023\/11\/DKK-konfigurator_01-1024x510.jpg\" alt=\"Konfigurator imprez firmowych agencji eventowej Dw\u00f3r Korona Karkonoszy\" class=\"wp-image-7804\" style=\"width:855px;height:auto\" title=\"Konfigurator imprez firmowych agencji eventowej \" srcset=\"https:\/\/www.koronakarkonoszy.pl\/blog-dla-firm\/wp-content\/uploads\/2023\/11\/DKK-konfigurator_01-1024x510.jpg 1024w, https:\/\/www.koronakarkonoszy.pl\/blog-dla-firm\/wp-content\/uploads\/2023\/11\/DKK-konfigurator_01-300x150.jpg 300w, https:\/\/www.koronakarkonoszy.pl\/blog-dla-firm\/wp-content\/uploads\/2023\/11\/DKK-konfigurator_01-768x383.jpg 768w, https:\/\/www.koronakarkonoszy.pl\/blog-dla-firm\/wp-content\/uploads\/2023\/11\/DKK-konfigurator_01-1920x957.jpg 1920w, https:\/\/www.koronakarkonoszy.pl\/blog-dla-firm\/wp-content\/uploads\/2023\/11\/DKK-konfigurator_01-1536x766.jpg 1536w, https:\/\/www.koronakarkonoszy.pl\/blog-dla-firm\/wp-content\/uploads\/2023\/11\/DKK-konfigurator_01-18x9.jpg 18w, https:\/\/www.koronakarkonoszy.pl\/blog-dla-firm\/wp-content\/uploads\/2023\/11\/DKK-konfigurator_01.jpg 2040w\" sizes=\"auto, (max-width: 1024px) 100vw, 1024px\" \/><\/a><\/figure>\n\n\n\n<h2 class=\"wp-block-heading\" id=\"h-wyjazdowa-gala-nbsp-firmowa-nbsp-nbsp-czy-to-nbsp-dobry-pomysl-nbsp\">Wyjazdowa gala&nbsp;firmowa&nbsp;\u2013&nbsp;czy to&nbsp;dobry pomys\u0142?&nbsp;<\/h2>\n\n\n\n<p>Szczeg\u00f3lnie wi\u0119ksze wydarzenia, jak&nbsp;<a href=\"https:\/\/www.koronakarkonoszy.pl\/blog-dla-firm\/10-lecie-firmy\/\" target=\"_blank\" rel=\"noreferrer noopener\">10-lecie firmy<\/a>&nbsp;czy du\u017cy sukces finansowy, wymagaj\u0105 wyj\u0105tkowej oprawy. Wyobra\u017a sobie, \u017ce za kolejne 10 lat pracownicy wspominaj\u0105 poprzedni jubileusz. Je\u015bli odby\u0142 si\u0119 w przypadkowym miejscu w pobli\u017cu biura, raczej nie b\u0119d\u0105 ju\u017c wtedy mogli przypomnie\u0107 sobie jego nazwy&#8230; Co innego, je\u015bli sp\u0119dzili\u015bcie ten czas w miejscu szczeg\u00f3lnym.&nbsp;Malownicze Karkonosze, Sopot, a mo\u017ce wyspa na jeziorze? Nie ignoruj wiedzy psycholog\u00f3w na temat tego, jak budowane s\u0105 wspomnienia.&nbsp;<strong>Wystarczy jeden dzie\u0144 w pi\u0119knej scenerii, by zmieni\u0107 \u017cycie na zawsze.<\/strong>&nbsp;<\/p>\n\n\n<section id=\"leonardo-block_adca8e20575ebbbad91e031d752f2b12\" class=\"leonardo page-breaker leonardo-image-right\">\n    <div class=\"leonardo-body\">\n                <div class=\"leonardo-content\"><p><span data-contrast=\"auto\">Je\u015bli dobrze wybierzesz miejsce, Twoi pracownicy b\u0119d\u0105 je wspomina\u0107 jeszcze d\u0142ugo, a nawet sami ch\u0119tnie do niego wr\u00f3c\u0105 w przysz\u0142o\u015bci. Z czasem to pozwala te\u017c budowa\u0107 wsp\u00f3ln\u0105 \u201emap\u0119 wspomnie\u0144\u201d &#8211; na mapie Polski, a mo\u017ce i Europy, b\u0119dzie coraz wi\u0119cej miejsc, kt\u00f3re b\u0119dziecie razem z zespo\u0142em dobrze wspomina\u0107.\u00a0<\/span><span data-ccp-props=\"{&quot;335551550&quot;:6,&quot;335551620&quot;:6,&quot;335559740&quot;:360}\">\u00a0<\/span><\/p>\n<p><span data-contrast=\"auto\">\u0141adne, nietypowe miejsce podkre\u015bla te\u017c wyj\u0105tkowo\u015b\u0107 chwili. Jak konkurencja odbierze informacj\u0119, \u017ce sw\u00f3j wielki jubileusz urz\u0105dzi\u0142e\u015b na polanie za firmowym gara\u017cem? A jak zareaguj\u0105, je\u015bli okazj\u0119 uczci\u0142e\u015b na Malediwach, na Majorce lub w wynaj\u0119tym na wy\u0142\u0105czno\u015b\u0107 hotelu w Karkonoszach? Jak wida\u0107, wyb\u00f3r miejsce ma te\u017c znaczenie\u00a0<\/span><a href=\"https:\/\/commplace.pl\/blog\/pr-czym-jest-a-czym-nie-jest\/\"><span data-contrast=\"none\">PR<\/span><\/a><span data-contrast=\"auto\">-owe i wizerunkowe. Dlatego warto po\u015bwi\u0119ci\u0107 czas, by wybra\u0107 idealne.<\/span><\/p>\n<\/div>\n                    <aside class=\"leonardo-interlink\">\n                <b>Polecamy<\/b>\n                <a href=\"https:\/\/www.koronakarkonoszy.pl\/blog-dla-firm\/en\/gala-firmowa\/\"><\/a>\n            <\/aside>\n            <\/div>\n    <div class=\"leonardo-image\">\n        <img loading=\"lazy\" decoding=\"async\" width=\"1280\" height=\"853\" src=\"https:\/\/www.koronakarkonoszy.pl\/blog-dla-firm\/wp-content\/uploads\/2021\/08\/Gala-firmowa1.jpg\" class=\"attachment-full size-full\" alt=\"Gala firmowa - stroje\" srcset=\"https:\/\/www.koronakarkonoszy.pl\/blog-dla-firm\/wp-content\/uploads\/2021\/08\/Gala-firmowa1.jpg 1280w, https:\/\/www.koronakarkonoszy.pl\/blog-dla-firm\/wp-content\/uploads\/2021\/08\/Gala-firmowa1-300x200.jpg 300w, https:\/\/www.koronakarkonoszy.pl\/blog-dla-firm\/wp-content\/uploads\/2021\/08\/Gala-firmowa1-1024x682.jpg 1024w, https:\/\/www.koronakarkonoszy.pl\/blog-dla-firm\/wp-content\/uploads\/2021\/08\/Gala-firmowa1-768x512.jpg 768w\" sizes=\"auto, (max-width: 1280px) 100vw, 1280px\" \/>            <\/div>\n<\/section>\n\n\n<h2 class=\"wp-block-heading\" id=\"h-gala-nbsp-firmowa-unikalna-czy-tradycyjna-nbsp\">Gala&nbsp;firmowa &#8211; unikalna czy tradycyjna?&nbsp;<\/h2>\n\n\n\n<p>Tradycyjna impreza tego typu to wieczorowe kreacje, eleganckie stoliki i wiecz\u00f3r pe\u0142en przem\u00f3w. To si\u0119 sprawdza od pocz\u0105tku ubieg\u0142ego wieku, a mo\u017ce jeszcze d\u0142u\u017cej. Je\u015bli jednak masz m\u0142ody zesp\u00f3\u0142, dla niego taka gala&nbsp;firmowa&nbsp;mo\u017ce by\u0107 nudna. Co zamiast?&nbsp;<\/p>\n\n\n\n<ul class=\"wp-block-list\">\n<li>Nieformalna gala a nad basenem lub na pla\u017cy;&nbsp;<\/li>\n\n\n\n<li>gala&nbsp;firmowa&nbsp;w stylu&nbsp;eko, z papierow\u0105 zastaw\u0105, domowym piwem czy organicznym winem;&nbsp;<\/li>\n\n\n\n<li>uroczysto\u015b\u0107&nbsp;z wyst\u0119pami, na kt\u00f3r\u0105 ka\u017cdy zesp\u00f3\u0142 przygotuje co\u015b od siebie.&nbsp;&nbsp;<\/li>\n<\/ul>\n\n\n\n<p>W ten spos\u00f3b poka\u017cesz, \u017ce idziesz z duchem czasu. Je\u015bli Tw\u00f3j zesp\u00f3\u0142 na co dzie\u0144 ubiera si\u0119 bardzo swobodnie, to z rado\u015bci\u0105 us\u0142yszy, \u017ce nie trzeba na t\u0119 okazj\u0119 przebiera\u0107 w garnitur, ani kupowa\u0107 balowej sukni. W\u0142a\u015bnie takie drobiazgi sprawiaj\u0105, \u017ce wida\u0107, jak bardzo dbasz o swoich pracownik\u00f3w.&nbsp;<\/p>\n\n\n\n<p>Jak zorganizowa\u0107 imprez\u0119 &#8211; zobacz <a href=\"https:\/\/www.koronakarkonoszy.pl\/blog-dla-firm\/konfigurator-imprez-firmowych\/\">konfigurator imprez<\/a><\/p>\n","protected":false},"excerpt":{"rendered":"<p>Jak uczci\u0107 sukces lub jubileusz? Czasem wystarczy, \u017ce poklepiesz pracownika po plecach lub og\u0142osisz co\u015b na firmowym korytarzu. S\u0105 jednak okazje, kt\u00f3re wymagaj\u0105 bardziej uroczystej oprawy. W\u00f3wczas sprawdzi si\u0119\u00a0gala\u00a0firmowa\u00a0z prawdziwego zdarzenia.\u00a0 Twoja firma to Ty \u2013 inni nie musz\u0105 zdawa\u0107 sobie sprawy z wa\u017cnych jubileuszy czy krok\u00f3w milowych. Ma znaczenie symboliczne, gdy sukcesy \u015bwi\u0119tujesz z [&hellip;]<\/p>\n","protected":false},"author":4,"featured_media":1028,"comment_status":"closed","ping_status":"closed","sticky":false,"template":"","format":"standard","meta":{"_acf_changed":false,"footnotes":""},"categories":[16,2],"class_list":["post-1027","post","type-post","status-publish","format-standard","has-post-thumbnail","hentry","category-imprezy-firmowe","category-porady"],"acf":[],"yoast_head":"<!-- This site is optimized with the Yoast SEO Premium plugin v27.5 (Yoast SEO v27.5) - https:\/\/yoast.com\/product\/yoast-seo-premium-wordpress\/ -->\n<title>Gala firmowa - jak wybra\u0107 idealne miejsce na organizacj\u0119?<\/title>\n<meta name=\"description\" content=\"S\u0105 okazje, kt\u00f3re wymagaj\u0105 bardziej uroczystej oprawy. W\u00f3wczas sprawdzi si\u0119\u00a0gala\u00a0firmowa\u00a0z prawdziwego zdarzenia.\u00a0Zorganizuj tak\u0105!\" \/>\n<meta name=\"robots\" content=\"index, follow, max-snippet:-1, max-image-preview:large, max-video-preview:-1\" \/>\n<link rel=\"canonical\" href=\"https:\/\/www.koronakarkonoszy.pl\/blog-dla-firm\/en\/company-gala\/\" \/>\n<meta property=\"og:locale\" content=\"en_GB\" \/>\n<meta property=\"og:type\" content=\"article\" \/>\n<meta property=\"og:title\" content=\"Gala firmowa - gdzie j\u0105 najlepiej zorganizowa\u0107?\" \/>\n<meta property=\"og:description\" content=\"S\u0105 okazje, kt\u00f3re wymagaj\u0105 bardziej uroczystej oprawy. W\u00f3wczas sprawdzi si\u0119\u00a0gala\u00a0firmowa\u00a0z prawdziwego zdarzenia.\u00a0Zorganizuj tak\u0105!\" \/>\n<meta property=\"og:url\" content=\"https:\/\/www.koronakarkonoszy.pl\/blog-dla-firm\/en\/company-gala\/\" \/>\n<meta property=\"og:site_name\" content=\":: Blog dla firm - szkolenia, zarz\u0105dzanie zespo\u0142em, team building\" \/>\n<meta property=\"article:published_time\" content=\"2021-08-30T22:07:00+00:00\" \/>\n<meta property=\"article:modified_time\" content=\"2025-02-14T10:01:30+00:00\" \/>\n<meta property=\"og:image\" content=\"https:\/\/www.koronakarkonoszy.pl\/blog-dla-firm\/wp-content\/uploads\/2021\/08\/Gala-firmowa.jpg\" \/>\n\t<meta property=\"og:image:width\" content=\"1280\" \/>\n\t<meta property=\"og:image:height\" content=\"853\" \/>\n\t<meta property=\"og:image:type\" content=\"image\/jpeg\" \/>\n<meta name=\"author\" content=\"Maria Szruba\" \/>\n<meta name=\"twitter:card\" content=\"summary_large_image\" \/>\n<meta name=\"twitter:label1\" content=\"Written by\" \/>\n\t<meta name=\"twitter:data1\" content=\"Maria Szruba\" \/>\n\t<meta name=\"twitter:label2\" content=\"Estimated reading time\" \/>\n\t<meta name=\"twitter:data2\" content=\"4 minutes\" \/>\n<script type=\"application\/ld+json\" class=\"yoast-schema-graph\">{\"@context\":\"https:\\\/\\\/schema.org\",\"@graph\":[{\"@type\":\"Article\",\"@id\":\"https:\\\/\\\/www.koronakarkonoszy.pl\\\/blog-dla-firm\\\/gala-firmowa\\\/#article\",\"isPartOf\":{\"@id\":\"https:\\\/\\\/www.koronakarkonoszy.pl\\\/blog-dla-firm\\\/gala-firmowa\\\/\"},\"author\":{\"name\":\"Maria Szruba\",\"@id\":\"https:\\\/\\\/www.koronakarkonoszy.pl\\\/blog-dla-firm\\\/#\\\/schema\\\/person\\\/534aa22a9d8f007f1dee4909d6985b1b\"},\"headline\":\"Gala firmowa &#8211; gdzie j\u0105 najlepiej zorganizowa\u0107?\",\"datePublished\":\"2021-08-30T22:07:00+00:00\",\"dateModified\":\"2025-02-14T10:01:30+00:00\",\"mainEntityOfPage\":{\"@id\":\"https:\\\/\\\/www.koronakarkonoszy.pl\\\/blog-dla-firm\\\/gala-firmowa\\\/\"},\"wordCount\":732,\"image\":{\"@id\":\"https:\\\/\\\/www.koronakarkonoszy.pl\\\/blog-dla-firm\\\/gala-firmowa\\\/#primaryimage\"},\"thumbnailUrl\":\"https:\\\/\\\/www.koronakarkonoszy.pl\\\/blog-dla-firm\\\/wp-content\\\/uploads\\\/2021\\\/08\\\/Gala-firmowa.jpg\",\"articleSection\":[\"Imprezy firmowe\",\"Porady\"],\"inLanguage\":\"en-GB\"},{\"@type\":\"WebPage\",\"@id\":\"https:\\\/\\\/www.koronakarkonoszy.pl\\\/blog-dla-firm\\\/gala-firmowa\\\/\",\"url\":\"https:\\\/\\\/www.koronakarkonoszy.pl\\\/blog-dla-firm\\\/gala-firmowa\\\/\",\"name\":\"Gala firmowa - jak wybra\u0107 idealne miejsce na organizacj\u0119?\",\"isPartOf\":{\"@id\":\"https:\\\/\\\/www.koronakarkonoszy.pl\\\/blog-dla-firm\\\/#website\"},\"primaryImageOfPage\":{\"@id\":\"https:\\\/\\\/www.koronakarkonoszy.pl\\\/blog-dla-firm\\\/gala-firmowa\\\/#primaryimage\"},\"image\":{\"@id\":\"https:\\\/\\\/www.koronakarkonoszy.pl\\\/blog-dla-firm\\\/gala-firmowa\\\/#primaryimage\"},\"thumbnailUrl\":\"https:\\\/\\\/www.koronakarkonoszy.pl\\\/blog-dla-firm\\\/wp-content\\\/uploads\\\/2021\\\/08\\\/Gala-firmowa.jpg\",\"datePublished\":\"2021-08-30T22:07:00+00:00\",\"dateModified\":\"2025-02-14T10:01:30+00:00\",\"author\":{\"@id\":\"https:\\\/\\\/www.koronakarkonoszy.pl\\\/blog-dla-firm\\\/#\\\/schema\\\/person\\\/534aa22a9d8f007f1dee4909d6985b1b\"},\"description\":\"S\u0105 okazje, kt\u00f3re wymagaj\u0105 bardziej uroczystej oprawy. W\u00f3wczas sprawdzi si\u0119\u00a0gala\u00a0firmowa\u00a0z prawdziwego zdarzenia.\u00a0Zorganizuj tak\u0105!\",\"breadcrumb\":{\"@id\":\"https:\\\/\\\/www.koronakarkonoszy.pl\\\/blog-dla-firm\\\/gala-firmowa\\\/#breadcrumb\"},\"inLanguage\":\"en-GB\",\"potentialAction\":[{\"@type\":\"ReadAction\",\"target\":[\"https:\\\/\\\/www.koronakarkonoszy.pl\\\/blog-dla-firm\\\/gala-firmowa\\\/\"]}]},{\"@type\":\"ImageObject\",\"inLanguage\":\"en-GB\",\"@id\":\"https:\\\/\\\/www.koronakarkonoszy.pl\\\/blog-dla-firm\\\/gala-firmowa\\\/#primaryimage\",\"url\":\"https:\\\/\\\/www.koronakarkonoszy.pl\\\/blog-dla-firm\\\/wp-content\\\/uploads\\\/2021\\\/08\\\/Gala-firmowa.jpg\",\"contentUrl\":\"https:\\\/\\\/www.koronakarkonoszy.pl\\\/blog-dla-firm\\\/wp-content\\\/uploads\\\/2021\\\/08\\\/Gala-firmowa.jpg\",\"width\":1280,\"height\":853,\"caption\":\"Szampan na gal\u0119 firmow\u0105\"},{\"@type\":\"BreadcrumbList\",\"@id\":\"https:\\\/\\\/www.koronakarkonoszy.pl\\\/blog-dla-firm\\\/gala-firmowa\\\/#breadcrumb\",\"itemListElement\":[{\"@type\":\"ListItem\",\"position\":1,\"name\":\"Strona g\u0142\u00f3wna\",\"item\":\"https:\\\/\\\/www.koronakarkonoszy.pl\\\/blog-dla-firm\\\/\"},{\"@type\":\"ListItem\",\"position\":2,\"name\":\"Gala firmowa &#8211; gdzie j\u0105 najlepiej zorganizowa\u0107?\"}]},{\"@type\":\"WebSite\",\"@id\":\"https:\\\/\\\/www.koronakarkonoszy.pl\\\/blog-dla-firm\\\/#website\",\"url\":\"https:\\\/\\\/www.koronakarkonoszy.pl\\\/blog-dla-firm\\\/\",\"name\":\":: Blog dla firm - szkolenia, zarz\u0105dzanie zespo\u0142em, team building\",\"description\":\"\",\"potentialAction\":[{\"@type\":\"SearchAction\",\"target\":{\"@type\":\"EntryPoint\",\"urlTemplate\":\"https:\\\/\\\/www.koronakarkonoszy.pl\\\/blog-dla-firm\\\/?s={search_term_string}\"},\"query-input\":{\"@type\":\"PropertyValueSpecification\",\"valueRequired\":true,\"valueName\":\"search_term_string\"}}],\"inLanguage\":\"en-GB\"},{\"@type\":\"Person\",\"@id\":\"https:\\\/\\\/www.koronakarkonoszy.pl\\\/blog-dla-firm\\\/#\\\/schema\\\/person\\\/534aa22a9d8f007f1dee4909d6985b1b\",\"name\":\"Maria Szruba\",\"image\":{\"@type\":\"ImageObject\",\"inLanguage\":\"en-GB\",\"@id\":\"https:\\\/\\\/www.koronakarkonoszy.pl\\\/blog-dla-firm\\\/wp-content\\\/litespeed\\\/avatar\\\/d0fe7fde2b2277621e0a2904789bab14.jpg?ver=1777451721\",\"url\":\"https:\\\/\\\/www.koronakarkonoszy.pl\\\/blog-dla-firm\\\/wp-content\\\/litespeed\\\/avatar\\\/d0fe7fde2b2277621e0a2904789bab14.jpg?ver=1777451721\",\"contentUrl\":\"https:\\\/\\\/www.koronakarkonoszy.pl\\\/blog-dla-firm\\\/wp-content\\\/litespeed\\\/avatar\\\/d0fe7fde2b2277621e0a2904789bab14.jpg?ver=1777451721\",\"caption\":\"Maria Szruba\"},\"url\":\"https:\\\/\\\/www.koronakarkonoszy.pl\\\/blog-dla-firm\\\/en\\\/author\\\/m-szruba\\\/\"}]}<\/script>\n<!-- \/ Yoast SEO Premium plugin. -->","yoast_head_json":{"title":"Gala firmowa - jak wybra\u0107 idealne miejsce na organizacj\u0119?","description":"There are occasions that require a more solemn setting. Then a real company gala will work. Organize one!","robots":{"index":"index","follow":"follow","max-snippet":"max-snippet:-1","max-image-preview":"max-image-preview:large","max-video-preview":"max-video-preview:-1"},"canonical":"https:\/\/www.koronakarkonoszy.pl\/blog-dla-firm\/en\/company-gala\/","og_locale":"en_GB","og_type":"article","og_title":"Gala firmowa - gdzie j\u0105 najlepiej zorganizowa\u0107?","og_description":"S\u0105 okazje, kt\u00f3re wymagaj\u0105 bardziej uroczystej oprawy. W\u00f3wczas sprawdzi si\u0119\u00a0gala\u00a0firmowa\u00a0z prawdziwego zdarzenia.\u00a0Zorganizuj tak\u0105!","og_url":"https:\/\/www.koronakarkonoszy.pl\/blog-dla-firm\/en\/company-gala\/","og_site_name":":: Blog dla firm - szkolenia, zarz\u0105dzanie zespo\u0142em, team building","article_published_time":"2021-08-30T22:07:00+00:00","article_modified_time":"2025-02-14T10:01:30+00:00","og_image":[{"width":1280,"height":853,"url":"https:\/\/www.koronakarkonoszy.pl\/blog-dla-firm\/wp-content\/uploads\/2021\/08\/Gala-firmowa.jpg","type":"image\/jpeg"}],"author":"Maria Szruba","twitter_card":"summary_large_image","twitter_misc":{"Written by":"Maria Szruba","Estimated reading time":"4 minutes"},"schema":{"@context":"https:\/\/schema.org","@graph":[{"@type":"Article","@id":"https:\/\/www.koronakarkonoszy.pl\/blog-dla-firm\/gala-firmowa\/#article","isPartOf":{"@id":"https:\/\/www.koronakarkonoszy.pl\/blog-dla-firm\/gala-firmowa\/"},"author":{"name":"Maria Szruba","@id":"https:\/\/www.koronakarkonoszy.pl\/blog-dla-firm\/#\/schema\/person\/534aa22a9d8f007f1dee4909d6985b1b"},"headline":"Gala firmowa &#8211; gdzie j\u0105 najlepiej zorganizowa\u0107?","datePublished":"2021-08-30T22:07:00+00:00","dateModified":"2025-02-14T10:01:30+00:00","mainEntityOfPage":{"@id":"https:\/\/www.koronakarkonoszy.pl\/blog-dla-firm\/gala-firmowa\/"},"wordCount":732,"image":{"@id":"https:\/\/www.koronakarkonoszy.pl\/blog-dla-firm\/gala-firmowa\/#primaryimage"},"thumbnailUrl":"https:\/\/www.koronakarkonoszy.pl\/blog-dla-firm\/wp-content\/uploads\/2021\/08\/Gala-firmowa.jpg","articleSection":["Imprezy firmowe","Porady"],"inLanguage":"en-GB"},{"@type":"WebPage","@id":"https:\/\/www.koronakarkonoszy.pl\/blog-dla-firm\/gala-firmowa\/","url":"https:\/\/www.koronakarkonoszy.pl\/blog-dla-firm\/gala-firmowa\/","name":"Gala firmowa - jak wybra\u0107 idealne miejsce na organizacj\u0119?","isPartOf":{"@id":"https:\/\/www.koronakarkonoszy.pl\/blog-dla-firm\/#website"},"primaryImageOfPage":{"@id":"https:\/\/www.koronakarkonoszy.pl\/blog-dla-firm\/gala-firmowa\/#primaryimage"},"image":{"@id":"https:\/\/www.koronakarkonoszy.pl\/blog-dla-firm\/gala-firmowa\/#primaryimage"},"thumbnailUrl":"https:\/\/www.koronakarkonoszy.pl\/blog-dla-firm\/wp-content\/uploads\/2021\/08\/Gala-firmowa.jpg","datePublished":"2021-08-30T22:07:00+00:00","dateModified":"2025-02-14T10:01:30+00:00","author":{"@id":"https:\/\/www.koronakarkonoszy.pl\/blog-dla-firm\/#\/schema\/person\/534aa22a9d8f007f1dee4909d6985b1b"},"description":"There are occasions that require a more solemn setting. Then a real company gala will work. Organize one!","breadcrumb":{"@id":"https:\/\/www.koronakarkonoszy.pl\/blog-dla-firm\/gala-firmowa\/#breadcrumb"},"inLanguage":"en-GB","potentialAction":[{"@type":"ReadAction","target":["https:\/\/www.koronakarkonoszy.pl\/blog-dla-firm\/gala-firmowa\/"]}]},{"@type":"ImageObject","inLanguage":"en-GB","@id":"https:\/\/www.koronakarkonoszy.pl\/blog-dla-firm\/gala-firmowa\/#primaryimage","url":"https:\/\/www.koronakarkonoszy.pl\/blog-dla-firm\/wp-content\/uploads\/2021\/08\/Gala-firmowa.jpg","contentUrl":"https:\/\/www.koronakarkonoszy.pl\/blog-dla-firm\/wp-content\/uploads\/2021\/08\/Gala-firmowa.jpg","width":1280,"height":853,"caption":"Szampan na gal\u0119 firmow\u0105"},{"@type":"BreadcrumbList","@id":"https:\/\/www.koronakarkonoszy.pl\/blog-dla-firm\/gala-firmowa\/#breadcrumb","itemListElement":[{"@type":"ListItem","position":1,"name":"Strona g\u0142\u00f3wna","item":"https:\/\/www.koronakarkonoszy.pl\/blog-dla-firm\/"},{"@type":"ListItem","position":2,"name":"Gala firmowa &#8211; gdzie j\u0105 najlepiej zorganizowa\u0107?"}]},{"@type":"WebSite","@id":"https:\/\/www.koronakarkonoszy.pl\/blog-dla-firm\/#website","url":"https:\/\/www.koronakarkonoszy.pl\/blog-dla-firm\/","name":":: Blog for companies - training, team management, team building","description":"","potentialAction":[{"@type":"SearchAction","target":{"@type":"EntryPoint","urlTemplate":"https:\/\/www.koronakarkonoszy.pl\/blog-dla-firm\/?s={search_term_string}"},"query-input":{"@type":"PropertyValueSpecification","valueRequired":true,"valueName":"search_term_string"}}],"inLanguage":"en-GB"},{"@type":"Person","@id":"https:\/\/www.koronakarkonoszy.pl\/blog-dla-firm\/#\/schema\/person\/534aa22a9d8f007f1dee4909d6985b1b","name":"Maria Szruba","image":{"@type":"ImageObject","inLanguage":"en-GB","@id":"https:\/\/www.koronakarkonoszy.pl\/blog-dla-firm\/wp-content\/litespeed\/avatar\/d0fe7fde2b2277621e0a2904789bab14.jpg?ver=1777451721","url":"https:\/\/www.koronakarkonoszy.pl\/blog-dla-firm\/wp-content\/litespeed\/avatar\/d0fe7fde2b2277621e0a2904789bab14.jpg?ver=1777451721","contentUrl":"https:\/\/www.koronakarkonoszy.pl\/blog-dla-firm\/wp-content\/litespeed\/avatar\/d0fe7fde2b2277621e0a2904789bab14.jpg?ver=1777451721","caption":"Maria Szruba"},"url":"https:\/\/www.koronakarkonoszy.pl\/blog-dla-firm\/en\/author\/m-szruba\/"}]}},"_links":{"self":[{"href":"https:\/\/www.koronakarkonoszy.pl\/blog-dla-firm\/en\/wp-json\/wp\/v2\/posts\/1027","targetHints":{"allow":["GET"]}}],"collection":[{"href":"https:\/\/www.koronakarkonoszy.pl\/blog-dla-firm\/en\/wp-json\/wp\/v2\/posts"}],"about":[{"href":"https:\/\/www.koronakarkonoszy.pl\/blog-dla-firm\/en\/wp-json\/wp\/v2\/types\/post"}],"author":[{"embeddable":true,"href":"https:\/\/www.koronakarkonoszy.pl\/blog-dla-firm\/en\/wp-json\/wp\/v2\/users\/4"}],"replies":[{"embeddable":true,"href":"https:\/\/www.koronakarkonoszy.pl\/blog-dla-firm\/en\/wp-json\/wp\/v2\/comments?post=1027"}],"version-history":[{"count":2,"href":"https:\/\/www.koronakarkonoszy.pl\/blog-dla-firm\/en\/wp-json\/wp\/v2\/posts\/1027\/revisions"}],"predecessor-version":[{"id":9970,"href":"https:\/\/www.koronakarkonoszy.pl\/blog-dla-firm\/en\/wp-json\/wp\/v2\/posts\/1027\/revisions\/9970"}],"wp:featuredmedia":[{"embeddable":true,"href":"https:\/\/www.koronakarkonoszy.pl\/blog-dla-firm\/en\/wp-json\/wp\/v2\/media\/1028"}],"wp:attachment":[{"href":"https:\/\/www.koronakarkonoszy.pl\/blog-dla-firm\/en\/wp-json\/wp\/v2\/media?parent=1027"}],"wp:term":[{"taxonomy":"category","embeddable":true,"href":"https:\/\/www.koronakarkonoszy.pl\/blog-dla-firm\/en\/wp-json\/wp\/v2\/categories?post=1027"}],"curies":[{"name":"wp","href":"https:\/\/api.w.org\/{rel}","templated":true}]}}