{"id":980,"date":"2023-11-24T14:03:57","date_gmt":"2023-11-24T13:03:57","guid":{"rendered":"https:\/\/www.koronakarkonoszy.pl\/blog-dla-firm\/?p=980"},"modified":"2025-01-08T12:09:16","modified_gmt":"2025-01-08T11:09:16","slug":"integracja-w-grupie","status":"publish","type":"post","link":"https:\/\/www.koronakarkonoszy.pl\/blog-dla-firm\/de\/integracja-w-grupie\/","title":{"rendered":"Gruppenintegration"},"content":{"rendered":"\n<p>Grupa, odpowiedzialna za realizacj\u0119 konkretnego celu, powinna stanowi\u0107 jeden organizm, po\u0142\u0105czony wsp\u00f3lnymi&nbsp;oczekiwaniami, przekonaniami i praktykami. Integracja w grupie sprawia, \u017ce zacie\u015bniaj\u0105 si\u0119 wi\u0119zi mi\u0119dzy lud\u017ami, tworz\u0105 si\u0119 bliskie relacje, a zesp\u00f3\u0142 staje si\u0119 z\u017cyty, mocniejszy i bardziej zaanga\u017cowany w realizacj\u0119 wsp\u00f3lnych cel\u00f3w.&nbsp;<\/p>\n\n\n<div id=\"ariadna-block_57d7a83268e6c2d38e97daaa4e85fdff\" class=\"ariadna\">\n    <ul><li><a href=\"#ha-zespol-pracownikow-jak-go-stworzyc\">Zesp\u00f3\u0142 pracownik\u00f3w \u2013 jak go stworzy\u0107?<\/a><\/li><li><a href=\"#h-team-building-a-integracja-grupy\">Team building a integracja grupy<\/a><\/li><li><a href=\"#h-czym-jest-integracja-grupy\">Czym jest <a href=\"https:\/\/www.koronakarkonoszy.pl\/blog-dla-firm\/integracja-dla-firm-z-pomyslem-jak-zorganizowac-nietypowe-wydarzenie\/\">integracja grupy?<\/a><\/li><li><a href=\"#ha-jak-zintegrowac-zespol\">Jak zintegrowa\u0107 zesp\u00f3\u0142?<\/a><\/li><li><a href=\"#h-relacje-w-grupie\">Relacje w grupie<\/a><\/li><li><a href=\"#h-integracja-w-grupie-zacznij-od-stworzenia-kultury-nbsp\">Integracja w grupie \u2013 zacznij od stworzenia kultury&nbsp;<\/a><\/li><li><a href=\"#h-integracja-firmowa\">Integracja firmowa<\/a><\/li><li><a href=\"#h-integracja-w-grupie-wypracuj-skuteczna-komunikacje-nbsp\">Integracja w grupie \u2013 wypracuj skuteczn\u0105 komunikacj\u0119&nbsp;<\/a><\/li><li><a href=\"#h-integracja-w-grupie-pomysly-do-zastosowania-w-praktyce-nbsp\">Integracja w grupie \u2013 pomys\u0142y do zastosowania w praktyce&nbsp;<\/a><\/li><li><a href=\"#h-gry-i-zabawy-integracyjne\">Gry i zabawy integracyjne<\/a><\/li><li><a href=\"#ha-skuteczna-integracja-grupy\">Skuteczna integracja grupy<\/a><\/li><li><a href=\"#h-organizacja-imprez-integracyjnych\">Organizacja imprez integracyjnych<\/a><\/li><\/ul>\n<\/div>\n\n\n\n\n\n\n<figure class=\"wp-block-image size-large is-resized\"><a href=\"https:\/\/www.koronakarkonoszy.pl\/konfigurator-imprez\/\" target=\"_blank\" rel=\"noreferrer noopener\"><img loading=\"lazy\" decoding=\"async\" width=\"1024\" height=\"510\" src=\"https:\/\/www.koronakarkonoszy.pl\/blog-dla-firm\/wp-content\/uploads\/2023\/11\/DKK-konfigurator_01-1024x510.jpg\" alt=\"Konfigurator imprez firmowych agencji eventowej Dw\u00f3r Korona Karkonoszy\" class=\"wp-image-7804\" style=\"width:855px;height:auto\" title=\"Konfigurator imprez firmowych agencji eventowej \" srcset=\"https:\/\/www.koronakarkonoszy.pl\/blog-dla-firm\/wp-content\/uploads\/2023\/11\/DKK-konfigurator_01-1024x510.jpg 1024w, https:\/\/www.koronakarkonoszy.pl\/blog-dla-firm\/wp-content\/uploads\/2023\/11\/DKK-konfigurator_01-300x150.jpg 300w, https:\/\/www.koronakarkonoszy.pl\/blog-dla-firm\/wp-content\/uploads\/2023\/11\/DKK-konfigurator_01-768x383.jpg 768w, https:\/\/www.koronakarkonoszy.pl\/blog-dla-firm\/wp-content\/uploads\/2023\/11\/DKK-konfigurator_01-1920x957.jpg 1920w, https:\/\/www.koronakarkonoszy.pl\/blog-dla-firm\/wp-content\/uploads\/2023\/11\/DKK-konfigurator_01-1536x766.jpg 1536w, https:\/\/www.koronakarkonoszy.pl\/blog-dla-firm\/wp-content\/uploads\/2023\/11\/DKK-konfigurator_01-18x9.jpg 18w, https:\/\/www.koronakarkonoszy.pl\/blog-dla-firm\/wp-content\/uploads\/2023\/11\/DKK-konfigurator_01.jpg 2040w\" sizes=\"auto, (max-width: 1024px) 100vw, 1024px\" \/><\/a><\/figure>\n\n\n\n<h2 class=\"wp-block-heading\" id=\"ha-zespol-pracownikow-jak-go-stworzyc\">Zesp\u00f3\u0142 pracownik\u00f3w \u2013 jak go stworzy\u0107?<\/h2>\n\n\n\n<p>Nie da si\u0119 stworzy\u0107 grupy&nbsp;bez w\u0142o\u017cenia wysi\u0142ku w jej integracj\u0119. Nawet najbardziej sceptyczni przedsi\u0119biorcy zdaj\u0105 sobie spraw\u0119 z konieczno\u015bci przeprowadzania r\u00f3\u017cnego rodzaju zaj\u0119\u0107 interakcyjnych. Rozw\u00f3j ka\u017cdego biznesu wymusza konieczno\u015b\u0107 rozwoju struktur.<\/p>\n\n\n\n<figure class=\"wp-block-image size-large\"><img loading=\"lazy\" decoding=\"async\" width=\"1024\" height=\"768\" src=\"https:\/\/www.koronakarkonoszy.pl\/blog-dla-firm\/wp-content\/uploads\/2023\/11\/team_building75-1024x768.jpg\" alt=\"\" class=\"wp-image-8132\" srcset=\"https:\/\/www.koronakarkonoszy.pl\/blog-dla-firm\/wp-content\/uploads\/2023\/11\/team_building75-1024x768.jpg 1024w, https:\/\/www.koronakarkonoszy.pl\/blog-dla-firm\/wp-content\/uploads\/2023\/11\/team_building75-300x225.jpg 300w, https:\/\/www.koronakarkonoszy.pl\/blog-dla-firm\/wp-content\/uploads\/2023\/11\/team_building75-768x576.jpg 768w, https:\/\/www.koronakarkonoszy.pl\/blog-dla-firm\/wp-content\/uploads\/2023\/11\/team_building75-1920x1440.jpg 1920w, https:\/\/www.koronakarkonoszy.pl\/blog-dla-firm\/wp-content\/uploads\/2023\/11\/team_building75-1536x1152.jpg 1536w, https:\/\/www.koronakarkonoszy.pl\/blog-dla-firm\/wp-content\/uploads\/2023\/11\/team_building75-2048x1536.jpg 2048w, https:\/\/www.koronakarkonoszy.pl\/blog-dla-firm\/wp-content\/uploads\/2023\/11\/team_building75-16x12.jpg 16w\" sizes=\"auto, (max-width: 1024px) 100vw, 1024px\" \/><figcaption class=\"wp-element-caption\"><strong>\u0106wiczenia grupowe, <\/strong><a href=\"https:\/\/www.koronakarkonoszy.pl\/imprezy-firmowe\/\" target=\"_blank\" rel=\"noreferrer noopener\"><strong>Dw\u00f3r Korona Karkonoszy<\/strong><\/a><\/figcaption><\/figure>\n\n\n\n<p><a href=\"https:\/\/www.koronakarkonoszy.pl\/blog-dla-firm\/integracja-w-grupie\/\" target=\"_blank\" rel=\"noreferrer noopener\">Integracja w grupie<\/a> wymaga wcze\u015bniejszej analizy wyst\u0119puj\u0105cych w grupie relacji, tego jak realizowane s\u0105 wsp\u00f3lne zadania, czy zesp\u00f3\u0142 potrafi i lubi ze sob\u0105 wsp\u00f3\u0142pracowa\u0107 oraz tego, czy skupia si\u0119 na celu czy na rywalizacji.&nbsp;Dobr\u0105 okazj\u0105 by to sprawdzi\u0107 jest&nbsp;<a href=\"https:\/\/www.koronakarkonoszy.pl\/blog-dla-firm\/spotkanie-integracyjne-czym-jest-i-dlaczego-warto-w-nim-uczestniczyc\/\" target=\"_blank\" rel=\"noreferrer noopener\">spotkanie integracyjne<\/a>.&nbsp;&nbsp;&nbsp;<\/p>\n\n\n<section id=\"leonardo-block_04c3414a5fbc1680dd3b93b7eef9e076\" class=\"leonardo page-breaker leonardo-image-left\">\n    <div class=\"leonardo-body\">\n        <h2 class=\"leonardo-title\" id=\"h-team-building-a-integracja-grupy\">Team building a integracja grupy<\/h2>        <div class=\"leonardo-content\"><p><a name=\"_Toc151544810\"><\/a><strong>Jakie s\u0105 najlepsze sposoby na integracj\u0119? Istniej\u0105 r\u00f3\u017cne <\/strong>formy integracji, ale na pewno jedne z najskuteczniejszych s\u0105 zespo\u0142owe <a href=\"https:\/\/www.koronakarkonoszy.pl\/blog-dla-firm\/cwiczenia-integracyjne\/\" target=\"_blank\" rel=\"noopener\">\u0107wiczenia team buildingowe<\/a>. Jakie s\u0105 zalety <a href=\"https:\/\/www.koronakarkonoszy.pl\/blog-dla-firm\/15-zabaw-team-buildingowych\/\" class=\"links-placer\">team building<\/a>? Czego oczekiwa\u0107 po imprezie integracyjnej, wykorzystuj\u0105cej gry i <a href=\"https:\/\/www.koronakarkonoszy.pl\/blog-dla-firm\/zabawy-teambuildingowe-czyli-3-pomysly-na-udana-integracje\/\" target=\"_blank\" rel=\"noopener\">zabawy team buildingowe<\/a>?<\/p>\n<p>Dobrze zorganizowany <a href=\"https:\/\/www.koronakarkonoszy.pl\/blog-dla-firm\/team-building-zadania-ktore-stworza-silny-zespol\/\" target=\"_blank\" rel=\"noopener\">team building<\/a> pozwala na naturalne budowanie wi\u0119zi mi\u0119dzy wsp\u00f3\u0142pracownikami .Podczas <a href=\"https:\/\/www.koronakarkonoszy.pl\/blog-dla-firm\/gra-integracyjna-2\/\" target=\"_blank\" rel=\"noopener\">gier integracyjnych<\/a> w zespole \u0107wiczona jest wsp\u00f3\u0142praca i komunikacja. Uczestnicy zabawy cz\u0119sto te\u017c uruchamiaj\u0105 kreatywne my\u015blenie, cho\u0107by wymy\u015blaj\u0105c stroje na <strong>imprezy tematyczne<\/strong>. <a href=\"https:\/\/www.koronakarkonoszy.pl\/blog-dla-firm\/jakie-kompetencje-rozwijaja-zabawy-integracyjne-dla-pracownikow\/\" target=\"_blank\" rel=\"noopener\">Zabawy integracyjne<\/a> pozwalaj\u0105 tak\u017ce na zdrowe wsp\u00f3\u0142zawodnictwo, zw\u0142aszcza <strong>gry plenerowe<\/strong>, o charakterze sportowym czy <a href=\"https:\/\/www.koronakarkonoszy.pl\/blog-dla-firm\/zabawy-terenowe\/\" target=\"_blank\" rel=\"noopener\">zabawy terenowe<\/a>.<\/p>\n<\/div>\n                    <aside class=\"leonardo-interlink\">\n                <b>Polecamy<\/b>\n                <a href=\"https:\/\/www.koronakarkonoszy.pl\/blog-dla-firm\/de\/konfigurator-imprez-firmowych\/\">Konfigurator imprez firmowych<\/a>\n            <\/aside>\n            <\/div>\n    <div class=\"leonardo-image\">\n        <img loading=\"lazy\" decoding=\"async\" width=\"1734\" height=\"2312\" src=\"https:\/\/www.koronakarkonoszy.pl\/blog-dla-firm\/wp-content\/uploads\/2023\/11\/off_road4.jpg\" class=\"attachment-full size-full\" alt=\"Off-road, Dw\u00f3r Korona Karkonoszy, Sosn\u00f3wka k. Karpacza\" srcset=\"https:\/\/www.koronakarkonoszy.pl\/blog-dla-firm\/wp-content\/uploads\/2023\/11\/off_road4.jpg 1734w, https:\/\/www.koronakarkonoszy.pl\/blog-dla-firm\/wp-content\/uploads\/2023\/11\/off_road4-225x300.jpg 225w, https:\/\/www.koronakarkonoszy.pl\/blog-dla-firm\/wp-content\/uploads\/2023\/11\/off_road4-768x1024.jpg 768w, https:\/\/www.koronakarkonoszy.pl\/blog-dla-firm\/wp-content\/uploads\/2023\/11\/off_road4-1440x1920.jpg 1440w, https:\/\/www.koronakarkonoszy.pl\/blog-dla-firm\/wp-content\/uploads\/2023\/11\/off_road4-1152x1536.jpg 1152w, https:\/\/www.koronakarkonoszy.pl\/blog-dla-firm\/wp-content\/uploads\/2023\/11\/off_road4-1536x2048.jpg 1536w, https:\/\/www.koronakarkonoszy.pl\/blog-dla-firm\/wp-content\/uploads\/2023\/11\/off_road4-9x12.jpg 9w\" sizes=\"auto, (max-width: 1734px) 100vw, 1734px\" \/>            <\/div>\n<\/section>\n\n\n<h2 class=\"wp-block-heading\" id=\"h-czym-jest-integracja-grupy\">Czym jest <a href=\"https:\/\/www.koronakarkonoszy.pl\/blog-dla-firm\/integracja-dla-firm-z-pomyslem-jak-zorganizowac-nietypowe-wydarzenie\/\">integracja grupy?<\/a><\/h2>\n\n\n\n<p>Integracja grupy to proces, w kt\u00f3rym jednostki lub elementy sk\u0142adaj\u0105ce si\u0119 na dan\u0105 grup\u0119 lub zesp\u00f3\u0142 wsp\u00f3\u0142pracuj\u0105 ze sob\u0105 i tworz\u0105 sp\u00f3jn\u0105 ca\u0142o\u015b\u0107. Mo\u017ce dotyczy\u0107 r\u00f3\u017cnych kontekst\u00f3w, takich jak firmy, organizacje czy zespo\u0142y projektowe. <a href=\"https:\/\/www.koronakarkonoszy.pl\/blog-dla-firm\/integracja-dla-firm-z-pomyslem-jak-zorganizowac-nietypowe-wydarzenie\/\">Integracja grupy<\/a> ma na celu rozwijanie wsp\u00f3\u0142pracy, budowanie relacji, popraw\u0119 komunikacji oraz osi\u0105gni\u0119cie wsp\u00f3lnych cel\u00f3w i rezultat\u00f3w. Podstawowe elementy integracji grupy:<\/p>\n\n\n\n<p><strong>Komunikacja. <\/strong>Skuteczna komunikacja jest kluczowa dla integracji grupy. Cz\u0142onkowie grupy powinni by\u0107 otwarci na dzielenie si\u0119 informacjami, pomys\u0142ami i opiniami. Efektywna komunikacja pomaga zrozumie\u0107 cele grupy i indywidualne oczekiwania.<\/p>\n\n\n\n<p><strong>Wsp\u00f3lna wizja i cel. <\/strong>Grupa musi mie\u0107 jasno okre\u015blony cel oraz wizj\u0119, aby skupi\u0107 si\u0119 na celu i efektywnie d\u0105\u017cy\u0107 do osi\u0105gni\u0119cia zamierzonych rezultat\u00f3w.<\/p>\n\n\n\n<figure class=\"wp-block-image size-large is-resized\"><a href=\"https:\/\/www.koronakarkonoszy.pl\/konfigurator-imprez\/\" target=\"_blank\" rel=\"noreferrer noopener\"><img loading=\"lazy\" decoding=\"async\" width=\"1024\" height=\"510\" src=\"https:\/\/www.koronakarkonoszy.pl\/blog-dla-firm\/wp-content\/uploads\/2023\/11\/DKK-konfigurator_01-1024x510.jpg\" alt=\"Konfigurator imprez firmowych agencji eventowej Dw\u00f3r Korona Karkonoszy\" class=\"wp-image-7804\" style=\"width:855px;height:auto\" title=\"Konfigurator imprez firmowych agencji eventowej \" srcset=\"https:\/\/www.koronakarkonoszy.pl\/blog-dla-firm\/wp-content\/uploads\/2023\/11\/DKK-konfigurator_01-1024x510.jpg 1024w, https:\/\/www.koronakarkonoszy.pl\/blog-dla-firm\/wp-content\/uploads\/2023\/11\/DKK-konfigurator_01-300x150.jpg 300w, https:\/\/www.koronakarkonoszy.pl\/blog-dla-firm\/wp-content\/uploads\/2023\/11\/DKK-konfigurator_01-768x383.jpg 768w, https:\/\/www.koronakarkonoszy.pl\/blog-dla-firm\/wp-content\/uploads\/2023\/11\/DKK-konfigurator_01-1920x957.jpg 1920w, https:\/\/www.koronakarkonoszy.pl\/blog-dla-firm\/wp-content\/uploads\/2023\/11\/DKK-konfigurator_01-1536x766.jpg 1536w, https:\/\/www.koronakarkonoszy.pl\/blog-dla-firm\/wp-content\/uploads\/2023\/11\/DKK-konfigurator_01-18x9.jpg 18w, https:\/\/www.koronakarkonoszy.pl\/blog-dla-firm\/wp-content\/uploads\/2023\/11\/DKK-konfigurator_01.jpg 2040w\" sizes=\"auto, (max-width: 1024px) 100vw, 1024px\" \/><\/a><\/figure>\n\n\n\n<p><strong>Wzajemne zrozumienie. <\/strong>Cz\u0142onkowie grupy powinni stara\u0107 si\u0119 zrozumie\u0107 nawzajem swoje perspektywy, umiej\u0119tno\u015bci i do\u015bwiadczenia. To wspieranie wzajemnego zrozumienia mo\u017ce pom\u00f3c w zminimalizowaniu konflikt\u00f3w i budowaniu zaufania.<\/p>\n\n\n\n<p><strong>Wsp\u00f3\u0142praca. <\/strong><a href=\"https:\/\/www.koronakarkonoszy.pl\/blog-dla-firm\/integracja-firmowa-sprawdzone-pomysly-na-kazda-pore-roku\/\" target=\"_blank\" rel=\"noreferrer noopener\">Integracja firmowa<\/a> wymaga <a href=\"https:\/\/www.koronakarkonoszy.pl\/blog-dla-firm\/wspolpraca-w-grupie-scenariusz-zajec\/\" target=\"_blank\" rel=\"noreferrer noopener\">wsp\u00f3\u0142pracy<\/a> mi\u0119dzy jej cz\u0142onkami. Wsp\u00f3lna praca nad projektami, dzielenie si\u0119 obowi\u0105zkami i wzajemne wsparcie s\u0105 kluczowymi elementami tego procesu.<\/p>\n\n\n\n<style>\n    .cta_block{\n        margin: 1.5em 0;\n    }\n    .cta_block_content {\n        position: relative;\n        color: white;\n        padding: 1em;\n    }\n    .cta_block_content h3{\n        text-align: center;\n        font: normal normal normal 36px\/50px Yeseva One;\n    }\n    .cta_block_content .cta_block_desc{\n        text-align: center;\n        font-size: 1.1em;\n        position: relative;\n    }\n    .cta_block_content .cta_block_desc:before {\n        content: '';\n        width: 80px;\n        height: 4px;\n        background: #EEB315;\n        position: absolute;\n        left: 0;\n        right: 0;\n        margin-left: auto;\n        margin-right: auto;\n        top: -22px;\n    }\n\n    .cta_block_content picture{\n        position: absolute;\n        top: 0;\n        right: 0;\n        z-index: -1;\n        height: 100%;\n        overflow: hidden;\n        width: 100%;\n    }\n    .cta_block_content picture img{\n        object-fit: cover;\n        height: 100%;\n        width: 100%;\n    }\n    .cta_block .cta_block_content .ninja-forms-field{\n        background: #FFFFFF2F;\n        border: 1px solid #EEB315;\n        border-radius: 25px;\n        opacity: 1;\n        color: #ffffff;\n    }\n    .cta_block .cta_block_content .nf-form-content input[type=submit]{\n        background-color: #EEB315;\n        color: #292929;\n        text-align: center;\n        font: normal normal bold 14px\/20px Work Sans;\n        padding: 0 2em;\n    }\n\n    .cta_block ::placeholder{\n        color: white!important;\n        opacity: 1;\n    }\n\n    .cta_block_content::after {\n        height: 100%;\n        width: 100%;\n        content: \"\";\n        z-index: -1;\n        position: absolute;\n        top: 0;\n        background: #00000070;\n        right: 0;\n        left: 0;\n        bottom: 0;\n    }\n    #ha-cta-block, .cta_block_desc, .cta_block .nf-field-label, .cta_block .nf-error-msg {\n        filter: drop-shadow(1px 1px 8px black);\n    }\n\n\/*    .cta_block nf-rows-wrap {\n        display: flex;\n        justify-content: space-around;\n        flex-direction: row;\n    }*\/\n\n    .cta_block .nf-field-label {\n        display:none;\n    }\n\n    .cta_block .nf-error.field-wrap .nf-field-element::after {\n        border-radius: 50px;\n    }\n\n    .cta_block .nf-error-msg {\n        color: #fff;\n    }\n\n    .cta_block .nf-form-cont {\n        margin-top: 3em;\n        margin-bottom: 1em;\n    }\n\n    .wp-admin .cta_block_content{\n        display: none;\n    }\n    .cta_block .nf-form-fields-required {\n        display: none;\n    }\n    body:not(.wp-admin) .cta_block_admin {\n        display: none;\n    }\n<\/style>\n<div id=\"cta_block-block_a3337f1514f07e2cb97624b7c6fa388d\" class=\"cta_block\">\n    <div class=\"cta_block_admin\" style=\"background-color: blue; color: white\">\n        Blok CTA\n    <\/div>\n    <div class=\"cta_block\">\n        <div class=\"cta_block_content\">   \n        <h3 id=\"ha-zabawy-i-gry-integrujace-grupe\">Zabawy i gry integruj\u0105ce grup\u0119?<\/h3>\n                    <div class=\"cta_block_desc\">Oferujemy a\u017c 113 scenariuszy imprez firmowych! <\/div>\n                <noscript class=\"ninja-forms-noscript-message\">\n\tHinweis: F\u00fcr diesen Inhalt ist JavaScript erforderlich.<\/noscript>\n<div id=\"nf-form-3-cont\" class=\"nf-form-cont\" aria-live=\"polite\" aria-labelledby=\"nf-form-title-3\" aria-describedby=\"nf-form-errors-3\" role=\"form\">\n\n    <div class=\"nf-loading-spinner\"><\/div>\n\n<\/div>\n        <!-- That data is being printed as a workaround to page builders reordering the order of the scripts loaded-->\n        <script>var formDisplay=1;var nfForms=nfForms||[];var form=[];form.id='3';form.settings={\"objectType\":\"Form Setting\",\"editActive\":true,\"title\":\"Block CTA\",\"created_at\":\"2022-11-09 19:27:14\",\"default_label_pos\":\"above\",\"show_title\":0,\"clear_complete\":\"1\",\"hide_complete\":\"1\",\"logged_in\":\"\",\"wrapper_class\":\"\",\"element_class\":\"\",\"key\":\"\",\"add_submit\":\"0\",\"currency\":\"\",\"repeatable_fieldsets\":\"\",\"unique_field_error\":\"Formularz z t\\u0105 warto\\u015bci\\u0105 zosta\\u0142 ju\\u017c przes\\u0142any.\",\"not_logged_in_msg\":\"\",\"sub_limit_msg\":\"Formularz osi\\u0105gn\\u0105\\u0142 limit wys\\u0142a\\u0144.\",\"calculations\":[],\"container_styles_show_advanced_css\":\"0\",\"title_styles_show_advanced_css\":\"0\",\"row_styles_show_advanced_css\":\"0\",\"row-odd_styles_show_advanced_css\":\"0\",\"success-msg_styles_show_advanced_css\":\"0\",\"error_msg_styles_show_advanced_css\":\"0\",\"formContentData\":[{\"order\":1,\"cells\":[{\"order\":0,\"fields\":[\"phone_1640098275087\"],\"width\":35},{\"order\":1,\"fields\":[\"adres_e-mail_1668018487177\"],\"width\":35},{\"order\":2,\"fields\":[\"zapisz_mnie_1668018472281\"],\"width\":30}]}],\"conditions\":[],\"drawerDisabled\":false,\"allow_public_link\":0,\"embed_form\":\"\",\"changeEmailErrorMsg\":\"Bitte gib eine g\\u00fcltige E-Mail-Adresse ein.\",\"changeDateErrorMsg\":\"Bitte gib ein g\\u00fcltiges Datum ein!\",\"confirmFieldErrorMsg\":\"Diese Felder m\\u00fcssen \\u00fcbereinstimmen!\",\"fieldNumberNumMinError\":\"Die eingegebene Zahl ist zu klein.\",\"fieldNumberNumMaxError\":\"Die eingegebene Zahl ist zu gross.\",\"fieldNumberIncrementBy\":\"Bitte erh\\u00f6hen in Schritten von\",\"formErrorsCorrectErrors\":\"Bitte korrigiere die Fehler, bevor du das Formular sendest.\",\"validateRequiredField\":\"Dies ist ein Pflichtfeld.\",\"honeypotHoneypotError\":\"Honeypot-Fehler\",\"fieldsMarkedRequired\":\"Felder mit einem <span class=\\\"ninja-forms-req-symbol\\\">*<\\\/span> sind Pflichtfelder\",\"form_title_heading_level\":\"3\",\"ninjaForms\":\"Ninja Forms\",\"fieldTextareaRTEInsertLink\":\"Link einf\\u00fcgen\",\"fieldTextareaRTEInsertMedia\":\"Medien einf\\u00fcgen\",\"fieldTextareaRTESelectAFile\":\"Eine Datei ausw\\u00e4hlen\",\"formHoneypot\":\"Falls du ein Mensch bist und dieses Feld siehst, dann lasse es bitte leer.\",\"fileUploadOldCodeFileUploadInProgress\":\"Datei-Upload l\\u00e4uft.\",\"fileUploadOldCodeFileUpload\":\"DATEI-UPLOAD\",\"currencySymbol\":\"&#36;\",\"thousands_sep\":\".\",\"decimal_point\":\",\",\"siteLocale\":\"de_DE\",\"dateFormat\":\"m\\\/d\\\/Y\",\"startOfWeek\":\"1\",\"of\":\"von\",\"previousMonth\":\"Vorheriger Monat\",\"nextMonth\":\"N\\u00e4chster Monat\",\"months\":[\"Januar\",\"Februar\",\"M\\u00e4rz\",\"April\",\"Mai\",\"Juni\",\"Juli\",\"August\",\"September\",\"Oktober\",\"November\",\"Dezember\"],\"monthsShort\":[\"Jan.\",\"Feb.\",\"M\\u00e4rz\",\"Apr.\",\"Mai\",\"Juni\",\"Juli\",\"Aug\",\"Sep.\",\"Okt.\",\"Nov.\",\"Dez.\"],\"weekdays\":[\"Sonntag\",\"Montag\",\"Dienstag\",\"Mittwoch\",\"Donnerstag\",\"Freitag\",\"Samstag\"],\"weekdaysShort\":[\"So.\",\"Mo.\",\"Di.\",\"Mi.\",\"Do.\",\"Fr.\",\"Sa.\"],\"weekdaysMin\":[\"So.\",\"Mo.\",\"Di.\",\"Mi.\",\"Do.\",\"Fr.\",\"Sa.\"],\"recaptchaConsentMissing\":\"reCaptcha validation couldn&#039;t load.\",\"recaptchaMissingCookie\":\"reCaptcha v3 validation couldn&#039;t load the cookie needed to submit the form.\",\"recaptchaConsentEvent\":\"Accept reCaptcha cookies before sending the form.\",\"currency_symbol\":\"\",\"beforeForm\":\"\",\"beforeFields\":\"\",\"afterFields\":\"\",\"afterForm\":\"\"};form.fields=[{\"objectType\":\"Field\",\"objectDomain\":\"fields\",\"editActive\":false,\"order\":1,\"idAttribute\":\"id\",\"type\":\"phone\",\"label\":\"Numer telefonu\",\"key\":\"phone_1640098275087\",\"label_pos\":\"above\",\"required\":\"\",\"default\":\"\",\"placeholder\":\"Numer telefonu\",\"container_class\":\"\",\"element_class\":\"\",\"input_limit\":\"\",\"input_limit_type\":\"characters\",\"input_limit_msg\":\"Liczba pozosta\\u0142ych znak\\u00f3w:\",\"manual_key\":\"\",\"admin_label\":\"\",\"help_text\":\"\",\"mask\":\"\",\"custom_mask\":\"\",\"custom_name_attribute\":\"phone\",\"personally_identifiable\":1,\"wrap_styles_border\":\"\",\"wrap_styles_width\":\"\",\"wrap_styles_margin\":\"\",\"wrap_styles_padding\":\"\",\"wrap_styles_float\":\"\",\"wrap_styles_show_advanced_css\":0,\"label_styles_border\":\"\",\"label_styles_width\":\"\",\"label_styles_font-size\":\"\",\"label_styles_margin\":\"\",\"label_styles_padding\":\"\",\"label_styles_float\":\"\",\"label_styles_show_advanced_css\":0,\"element_styles_border\":\"\",\"element_styles_width\":\"\",\"element_styles_font-size\":\"\",\"element_styles_margin\":\"\",\"element_styles_padding\":\"\",\"element_styles_float\":\"\",\"element_styles_show_advanced_css\":0,\"cellcid\":\"c3398\",\"value\":\"\",\"drawerDisabled\":\"\",\"field_label\":\"Numer telefonu\",\"field_key\":\"phone_1640098275087\",\"id\":9,\"beforeField\":\"\",\"afterField\":\"\",\"parentType\":\"textbox\",\"element_templates\":[\"tel\",\"textbox\",\"input\"],\"old_classname\":\"\",\"wrap_template\":\"wrap\"},{\"objectType\":\"Field\",\"objectDomain\":\"fields\",\"editActive\":false,\"order\":2,\"idAttribute\":\"id\",\"type\":\"email\",\"label\":\"Adres e-mail\",\"key\":\"adres_e-mail_1668018487177\",\"label_pos\":\"above\",\"required\":\"\",\"default\":\"\",\"placeholder\":\"Adres e-mail\",\"container_class\":\"\",\"element_class\":\"\",\"admin_label\":\"\",\"help_text\":\"\",\"custom_name_attribute\":\"email\",\"personally_identifiable\":1,\"wrap_styles_border\":\"\",\"wrap_styles_width\":\"\",\"wrap_styles_margin\":\"\",\"wrap_styles_padding\":\"\",\"wrap_styles_float\":\"\",\"wrap_styles_show_advanced_css\":0,\"label_styles_border\":\"\",\"label_styles_width\":\"\",\"label_styles_font-size\":\"\",\"label_styles_margin\":\"\",\"label_styles_padding\":\"\",\"label_styles_float\":\"\",\"label_styles_show_advanced_css\":0,\"element_styles_border\":\"\",\"element_styles_width\":\"\",\"element_styles_font-size\":\"\",\"element_styles_margin\":\"\",\"element_styles_padding\":\"\",\"element_styles_float\":\"\",\"element_styles_show_advanced_css\":0,\"cellcid\":\"c3401\",\"value\":\"\",\"drawerDisabled\":false,\"field_label\":\"E-mail\",\"field_key\":\"email_1640098276066\",\"id\":10,\"beforeField\":\"\",\"afterField\":\"\",\"parentType\":\"email\",\"element_templates\":[\"email\",\"input\"],\"old_classname\":\"\",\"wrap_template\":\"wrap\"},{\"objectType\":\"Field\",\"objectDomain\":\"fields\",\"editActive\":false,\"order\":3,\"idAttribute\":\"id\",\"type\":\"submit\",\"label\":\"Zapisz mnie\",\"processing_label\":\"W trakcie realizacji\",\"container_class\":\"\",\"element_class\":\"\",\"key\":\"zapisz_mnie_1668018472281\",\"wrap_styles_border\":\"\",\"wrap_styles_width\":\"\",\"wrap_styles_margin\":\"\",\"wrap_styles_padding\":\"\",\"wrap_styles_float\":\"\",\"wrap_styles_show_advanced_css\":0,\"element_styles_border\":\"\",\"element_styles_width\":\"\",\"element_styles_font-size\":\"\",\"element_styles_margin\":\"\",\"element_styles_padding\":\"\",\"element_styles_float\":\"\",\"element_styles_show_advanced_css\":0,\"submit_element_hover_styles_border\":\"\",\"submit_element_hover_styles_width\":\"\",\"submit_element_hover_styles_font-size\":\"\",\"submit_element_hover_styles_margin\":\"\",\"submit_element_hover_styles_padding\":\"\",\"submit_element_hover_styles_float\":\"\",\"submit_element_hover_styles_show_advanced_css\":0,\"cellcid\":\"c3403\",\"drawerDisabled\":false,\"field_label\":\"Zamawiam rozmow\\u0119\",\"field_key\":\"zamawiam_rozmowe_1640098314862\",\"id\":8,\"beforeField\":\"\",\"afterField\":\"\",\"value\":\"\",\"label_pos\":\"above\",\"parentType\":\"textbox\",\"element_templates\":[\"submit\",\"button\",\"input\"],\"old_classname\":\"\",\"wrap_template\":\"wrap-no-label\"}];nfForms.push(form);<\/script>\n                <script id=\"nf-tmpl-cell\" type=\"text\/template\">\n            <nf-fields><\/nf-fields>\n        <\/script>\n\n        <script id=\"nf-tmpl-row\" type=\"text\/template\">\n            <nf-cells><\/nf-cells>\n        <\/script>\n\n                <img loading=\"lazy\" decoding=\"async\" width=\"1280\" height=\"959\" src=\"https:\/\/www.koronakarkonoszy.pl\/blog-dla-firm\/wp-content\/uploads\/2022\/09\/DJI_0077.jpg\" class=\"attachment-full size-full\" alt=\"Miejscowo\u015b\u0107 letniskowa Sosn\u00f3wka k. Karpacza\" srcset=\"https:\/\/www.koronakarkonoszy.pl\/blog-dla-firm\/wp-content\/uploads\/2022\/09\/DJI_0077.jpg 1280w, https:\/\/www.koronakarkonoszy.pl\/blog-dla-firm\/wp-content\/uploads\/2022\/09\/DJI_0077-300x225.jpg 300w, https:\/\/www.koronakarkonoszy.pl\/blog-dla-firm\/wp-content\/uploads\/2022\/09\/DJI_0077-1024x767.jpg 1024w, https:\/\/www.koronakarkonoszy.pl\/blog-dla-firm\/wp-content\/uploads\/2022\/09\/DJI_0077-768x575.jpg 768w\" sizes=\"auto, (max-width: 1280px) 100vw, 1280px\" \/>        <\/div> \n    <\/div>\n<\/div>\n\n\n\n<p><strong>Budowanie zaufania. <\/strong>Zaufanie jest kluczowym elementem skutecznej integracji grupy. Cz\u0142onkowie grupy musz\u0105 by\u0107 pewni, \u017ce mog\u0105 polega\u0107 na swoich kolegach, \u017ceby skutecznie pracowa\u0107 razem.<\/p>\n\n\n\n<p><strong>Rozwi\u0105zywanie konflikt\u00f3w.<\/strong> Konflikty s\u0105 nieuniknione w zespo\u0142ach. Istotne jest skuteczne rozwi\u0105zywanie <a href=\"https:\/\/www.koronakarkonoszy.pl\/blog-dla-firm\/konflikty-w-pracy\/\" target=\"_blank\" rel=\"noreferrer noopener\">konflikt\u00f3w<\/a>, aby nie wp\u0142ywa\u0142y one negatywnie na dynamik\u0119 grupy.<\/p>\n\n\n\n<figure class=\"wp-block-image size-large\"><img loading=\"lazy\" decoding=\"async\" width=\"1024\" height=\"683\" src=\"https:\/\/www.koronakarkonoszy.pl\/blog-dla-firm\/wp-content\/uploads\/2023\/11\/paintball70-1024x683.jpg\" alt=\"\" class=\"wp-image-8140\" srcset=\"https:\/\/www.koronakarkonoszy.pl\/blog-dla-firm\/wp-content\/uploads\/2023\/11\/paintball70-1024x683.jpg 1024w, https:\/\/www.koronakarkonoszy.pl\/blog-dla-firm\/wp-content\/uploads\/2023\/11\/paintball70-300x200.jpg 300w, https:\/\/www.koronakarkonoszy.pl\/blog-dla-firm\/wp-content\/uploads\/2023\/11\/paintball70-768x512.jpg 768w, https:\/\/www.koronakarkonoszy.pl\/blog-dla-firm\/wp-content\/uploads\/2023\/11\/paintball70-1920x1280.jpg 1920w, https:\/\/www.koronakarkonoszy.pl\/blog-dla-firm\/wp-content\/uploads\/2023\/11\/paintball70-1536x1024.jpg 1536w, https:\/\/www.koronakarkonoszy.pl\/blog-dla-firm\/wp-content\/uploads\/2023\/11\/paintball70-18x12.jpg 18w, https:\/\/www.koronakarkonoszy.pl\/blog-dla-firm\/wp-content\/uploads\/2023\/11\/paintball70.jpg 2048w\" sizes=\"auto, (max-width: 1024px) 100vw, 1024px\" \/><figcaption class=\"wp-element-caption\"><strong>Integracja w g\u00f3rach, <\/strong><a href=\"https:\/\/www.koronakarkonoszy.pl\/imprezy-firmowe\/\" target=\"_blank\" rel=\"noreferrer noopener\"><strong>Dw\u00f3r Korona Karkonoszy<\/strong><\/a><strong>, <a href=\"https:\/\/www.koronakarkonoszy.pl\/blog-atrakcje\/sosnowka\/\" class=\"links-placer\">Sosn\u00f3wka<\/a> k. Karpacza<\/strong><\/figcaption><\/figure>\n\n\n\n<h2 class=\"wp-block-heading\" id=\"ha-jak-zintegrowac-zespol\">Jak zintegrowa\u0107 zesp\u00f3\u0142?<\/h2>\n\n\n\n<p>Zintegrowanie zespo\u0142u to proces, kt\u00f3ry wymaga \u015bwiadomego podej\u015bcia i zaanga\u017cowania. Najlepiej postawi\u0107 na zabawy dla pracownik\u00f3w \u2013 dobra <a href=\"https:\/\/www.koronakarkonoszy.pl\/blog-dla-firm\/15-niezawodnych-zabaw-team-buildingowych-ktore-przypadna-do-gustu-pracownikom\/\" target=\"_blank\" rel=\"noreferrer noopener\">zabawa team buildingowa<\/a> potrafi wzmocni\u0107 relacje mi\u0119dzy cz\u0142onkami zespo\u0142u. Wydarzenia rekreacyjne, gry zespo\u0142owe i inne <a href=\"https:\/\/www.koronakarkonoszy.pl\/blog-dla-firm\/spotkanie-firmowe\/\" class=\"links-placer\">zabawy integracyjne<\/a> ucz\u0105 w\u0142a\u015bciwej komunikacji cz\u0142onk\u00f3w zespo\u0142u.&nbsp;<\/p>\n\n\n\n<p>Zadbaj o regularne <a href=\"https:\/\/www.koronakarkonoszy.pl\/blog-dla-firm\/spotkanie-integracyjne-czym-jest-i-dlaczego-warto-w-nim-uczestniczyc\/\" target=\"_blank\" rel=\"noreferrer noopener\">spotkania integracyjne<\/a>, podczas kt\u00f3rych cz\u0142onkowie zespo\u0142u mog\u0105 nie tylko pracowa\u0107 nad projektami, ale r\u00f3wnie\u017c sp\u0119dza\u0107 czas razem w bardziej nieformalnej atmosferze. W budowaniu zgranej i efektywnej grupy mog\u0105 pom\u00f3c regularne spotkania, na kt\u00f3rych cz\u0142onkowie zespo\u0142u mog\u0105 dzieli\u0107 si\u0119 swoimi pomys\u0142ami, obawami i sukcesami. Tak wi\u0119c stawiaj na komunikacj\u0119. To kluczowy element budowania zaufania. Zdefiniuj jasne cele i oczekiwania dotycz\u0105ce pracy zespo\u0142u. To pomaga cz\u0142onkom zespo\u0142u zrozumie\u0107, dlaczego ich praca jest wa\u017cna i jakie cele powinni razem osi\u0105gn\u0105\u0107. Pom\u00f3\u017c zespo\u0142owi zrozumie\u0107, dlaczego ich praca jest istotna dla firmy i jak wpisuje si\u0119 w szersz\u0105 wizj\u0119 organizacji.<\/p>\n\n\n<section id=\"leonardo-block_76c7d9d4419b0db7faf749765d047dc7\" class=\"leonardo page-breaker leonardo-image-right\">\n    <div class=\"leonardo-body\">\n        <h2 class=\"leonardo-title\" id=\"h-relacje-w-grupie\">Relacje w grupie <\/h2>        <div class=\"leonardo-content\"><p>Wspieraj rozw\u00f3j osobisty pracownik\u00f3w &#8211; rozmawiaj z nimi o ich celach zawodowych i pomagaj im osi\u0105ga\u0107 sukcesy. Oferuj <a href=\"https:\/\/www.koronakarkonoszy.pl\/blog-dla-firm\/czy-warto-organizowac-szkolenia-integracyjne-dla-firm\/\" target=\"_blank\" rel=\"noopener\">szkolenia<\/a> i mo\u017cliwo\u015bci rozwoju zawodowego, aby cz\u0142onkowie zespo\u0142u mogli si\u0119 rozwija\u0107. Stawiaj na transparentno\u015b\u0107 w dzia\u0142aniach zespo\u0142u. Podkre\u015blaj i nagradzaj osi\u0105gni\u0119cia zespo\u0142u. Konflikty w zespole s\u0105 nieuniknione, ale wa\u017cne jest, aby rozwi\u0105zywa\u0107 je skutecznie i konstruktywnie.<\/p>\n<p>Zach\u0119caj do otwartej rozmowy i poszukiwania wsp\u00f3lnych rozwi\u0105za\u0144. B\u0105d\u017a liderem, kt\u00f3ry pokazuje zaanga\u017cowanie, etyk\u0119 pracy i pozytywne podej\u015bcie. Tw\u00f3j entuzjazm mo\u017ce zara\u017ca\u0107 innych i motywowa\u0107 do wsp\u00f3lnej pracy. Pami\u0119taj, \u017ce <strong>proces integracji zespo\u0142u<\/strong> to d\u0142ugotrwa\u0142y wysi\u0142ek, kt\u00f3ry wymaga ci\u0105g\u0142ego wsparcia.<\/p>\n<\/div>\n                    <aside class=\"leonardo-interlink\">\n                <b>Polecamy<\/b>\n                <a href=\"https:\/\/www.koronakarkonoszy.pl\/blog-dla-firm\/de\/integracja-w-grupie\/\"><\/a>\n            <\/aside>\n            <\/div>\n    <div class=\"leonardo-image\">\n        <img loading=\"lazy\" decoding=\"async\" width=\"1568\" height=\"2351\" src=\"https:\/\/www.koronakarkonoszy.pl\/blog-dla-firm\/wp-content\/uploads\/2023\/11\/impreza_tematyczna85.jpg\" class=\"attachment-full size-full\" alt=\"Impreza przebierana, Dw\u00f3r Korona Karkonoszy, Sosn\u00f3wka k. Karpacza\" srcset=\"https:\/\/www.koronakarkonoszy.pl\/blog-dla-firm\/wp-content\/uploads\/2023\/11\/impreza_tematyczna85.jpg 1568w, https:\/\/www.koronakarkonoszy.pl\/blog-dla-firm\/wp-content\/uploads\/2023\/11\/impreza_tematyczna85-200x300.jpg 200w, https:\/\/www.koronakarkonoszy.pl\/blog-dla-firm\/wp-content\/uploads\/2023\/11\/impreza_tematyczna85-683x1024.jpg 683w, https:\/\/www.koronakarkonoszy.pl\/blog-dla-firm\/wp-content\/uploads\/2023\/11\/impreza_tematyczna85-768x1152.jpg 768w, https:\/\/www.koronakarkonoszy.pl\/blog-dla-firm\/wp-content\/uploads\/2023\/11\/impreza_tematyczna85-1281x1920.jpg 1281w, https:\/\/www.koronakarkonoszy.pl\/blog-dla-firm\/wp-content\/uploads\/2023\/11\/impreza_tematyczna85-1024x1536.jpg 1024w, https:\/\/www.koronakarkonoszy.pl\/blog-dla-firm\/wp-content\/uploads\/2023\/11\/impreza_tematyczna85-1366x2048.jpg 1366w, https:\/\/www.koronakarkonoszy.pl\/blog-dla-firm\/wp-content\/uploads\/2023\/11\/impreza_tematyczna85-8x12.jpg 8w\" sizes=\"auto, (max-width: 1568px) 100vw, 1568px\" \/>            <\/div>\n<\/section>\n\n\n<h2 class=\"wp-block-heading\" id=\"h-integracja-w-grupie-zacznij-od-stworzenia-kultury-nbsp\">Integracja w grupie \u2013 zacznij od stworzenia kultury&nbsp;<\/h2>\n\n\n\n<p>Sukces osi\u0105ga si\u0119 wy\u0142\u0105cznie wtedy, gdy wszyscy cz\u0142onkowie danej grupy my\u015bl\u0105, czuj\u0105, m\u00f3wi\u0105 i zachowuj\u0105 si\u0119 w zgodzie z przyj\u0119t\u0105 filozofi\u0105. Wszystko ma sw\u00f3j pocz\u0105tek w kulturze. To ona kszta\u0142tuje nasze oczekiwania i postawy, a one nap\u0119dzaj\u0105 nawyki i kreuj\u0105 przysz\u0142o\u015b\u0107.&nbsp;Na kultur\u0119 grupy sk\u0142adaj\u0105 si\u0119 wsp\u00f3lne motywacje, przekonania, cele i praktyki. <a href=\"https:\/\/www.koronakarkonoszy.pl\/blog-dla-firm\/integracja-zespolu\/\" target=\"_blank\" rel=\"noreferrer noopener\">Integracja zespo\u0142u<\/a> wymaga sformu\u0142owania jednocz\u0105cej wizji i poczucia misji, kt\u00f3re b\u0119d\u0105 prowadzi\u0107 ludzi we w\u0142a\u015bciwym kierunku. Poczucie wsp\u00f3lnoty jest kluczem do budowania wybitnych dru\u017cyn. <a href=\"https:\/\/www.koronakarkonoszy.pl\/blog-dla-firm\/integracja-pracownicza\/\" target=\"_blank\" rel=\"noreferrer noopener\">Integracja pracownicza<\/a> skutkuje lepsz\u0105 jako\u015bci\u0105 wsp\u00f3\u0142pracy i wzrostem za\u017cy\u0142o\u015bci mi\u0119dzy cz\u0142onkami zespo\u0142u.&nbsp;<\/p>\n\n\n\n<figure class=\"wp-block-image size-large\"><a href=\"https:\/\/www.koronakarkonoszy.pl\/imprezy-firmowe\/\" target=\"_blank\" rel=\"noreferrer noopener\"><img loading=\"lazy\" decoding=\"async\" width=\"1024\" height=\"512\" src=\"https:\/\/www.koronakarkonoszy.pl\/blog-dla-firm\/wp-content\/uploads\/2022\/10\/team_building_DKK-1024x512.jpg\" alt=\"\" class=\"wp-image-3867\" srcset=\"https:\/\/www.koronakarkonoszy.pl\/blog-dla-firm\/wp-content\/uploads\/2022\/10\/team_building_DKK-1024x512.jpg 1024w, https:\/\/www.koronakarkonoszy.pl\/blog-dla-firm\/wp-content\/uploads\/2022\/10\/team_building_DKK-300x150.jpg 300w, https:\/\/www.koronakarkonoszy.pl\/blog-dla-firm\/wp-content\/uploads\/2022\/10\/team_building_DKK-768x384.jpg 768w, https:\/\/www.koronakarkonoszy.pl\/blog-dla-firm\/wp-content\/uploads\/2022\/10\/team_building_DKK.jpg 1200w\" sizes=\"auto, (max-width: 1024px) 100vw, 1024px\" \/><\/a><\/figure>\n\n\n\n<p>Zar\u00f3wno wizja, jak i misja powinny by\u0107 proste, jasne, mocne i przekonuj\u0105ce. Nale\u017cy ubra\u0107 je w odpowiednie s\u0142owa, kt\u00f3re niczym okrzyk bojowy,&nbsp;b\u0119d\u0105 mobilizowa\u0107 i zagrzewa\u0107 do walki. Grupy mog\u0105 mie\u0107 r\u00f3\u017cne misje. Niekt\u00f3re chc\u0105 by\u0107 najbardziej pracowitym zespo\u0142em w firmie. Innym przy\u015bwieca jaki\u015b cel spo\u0142eczny, a jeszcze inne chc\u0105 budowa\u0107 tradycj\u0119 i zostawi\u0107 po sobie jaki\u015b trwa\u0142y \u015blad.&nbsp;<\/p>\n\n\n<section id=\"leonardo-block_26d2bd9842876a686da3eb7c96bcb2a2\" class=\"leonardo page-breaker leonardo-image-left\">\n    <div class=\"leonardo-body\">\n        <h2 class=\"leonardo-title\" id=\"h-integracja-firmowa\">Integracja firmowa <\/h2>        <div class=\"leonardo-content\"><p>Kiedy ludzie\u00a0\u0142\u0105cz\u0105 si\u0119 na poziomie emocjonalnym, grupa ro\u015bnie w si\u0142\u0119. Z\u017cyty zesp\u00f3\u0142 ma w sobie pewien rodzaj synergii, kt\u00f3ra nie pozwoli mu si\u0119 rozpa\u015b\u0107. <strong>Integracja w grupie<\/strong>\u00a0 to niezwykle wa\u017cny czynnik sukcesu, kt\u00f3remu trzeba po\u015bwi\u0119ci\u0107 czas i \u015bwiadomie planowa\u0107 zaj\u0119cia,\u00a0kt\u00f3re temu sprzyjaj\u0105. \u0106wiczenia czy <a href=\"https:\/\/www.koronakarkonoszy.pl\/blog-dla-firm\/warsztaty-integracyjne-w-gorach\/\" target=\"_blank\" rel=\"noopener\">warsztaty\u00a0integracyjne<\/a>\u00a0wymagaj\u0105 od uczestnik\u00f3w pewnego emocjonalnego obna\u017cenia, dzielenia si\u0119 osobistymi historiami i m\u00f3wienia o swoich uczuciach.\u00a0Dlatego nale\u017cy przeprowadza\u0107 je pod okiem profesjonalisty.<\/p>\n<\/div>\n                    <aside class=\"leonardo-interlink\">\n                <b>Polecamy<\/b>\n                <a href=\"https:\/\/www.koronakarkonoszy.pl\/blog-dla-firm\/de\/pomysl-na-impreze-integracyjna-z-elementami-team-buildingu\/\">Pomys\u0142 na imprez\u0119 integracyjn\u0105 z elementami team buildingu<\/a>\n            <\/aside>\n            <\/div>\n    <div class=\"leonardo-image\">\n        <img loading=\"lazy\" decoding=\"async\" width=\"640\" height=\"427\" src=\"https:\/\/www.koronakarkonoszy.pl\/blog-dla-firm\/wp-content\/uploads\/2021\/08\/integracja-w-grupie2.jpg\" class=\"attachment-full size-full\" alt=\"Integracja w grupie - gry i zabawy\" srcset=\"https:\/\/www.koronakarkonoszy.pl\/blog-dla-firm\/wp-content\/uploads\/2021\/08\/integracja-w-grupie2.jpg 640w, https:\/\/www.koronakarkonoszy.pl\/blog-dla-firm\/wp-content\/uploads\/2021\/08\/integracja-w-grupie2-300x200.jpg 300w\" sizes=\"auto, (max-width: 640px) 100vw, 640px\" \/>            <\/div>\n<\/section>\n\n\n<h2 class=\"wp-block-heading\" id=\"h-integracja-w-grupie-wypracuj-skuteczna-komunikacje-nbsp\">Integracja w grupie \u2013 wypracuj skuteczn\u0105 komunikacj\u0119&nbsp;<\/h2>\n\n\n\n<p>Odpowiednio wypracowana <a href=\"https:\/\/www.koronakarkonoszy.pl\/blog-dla-firm\/komunikacja-w-pracy\/\" target=\"_blank\" rel=\"noreferrer noopener\">komunikacja<\/a> prowadzi do powstania wi\u0119zi mi\u0119dzy cz\u0142onkami zespo\u0142u. Integracja w grupie pomaga wzmocni\u0107 <a href=\"https:\/\/www.koronakarkonoszy.pl\/blog-dla-firm\/relacje-pracownicze-2\/\" target=\"_blank\" rel=\"noreferrer noopener\">relacje<\/a> w zespole, a to skutkuje powstaniem za\u017cy\u0142o\u015bci mi\u0119dzy jego cz\u0142onkami. Ma to zasadnicze znacznie, poniewa\u017c od jako\u015bci komunikacji w grupie zale\u017ce\u0107 b\u0119dzie efektywno\u015b\u0107 prowadzonych dzia\u0142a\u0144.&nbsp;<\/p>\n\n\n\n<p>Mamy obecnie wiele mo\u017cliwo\u015bci komunikowania si\u0119 z innymi lud\u017ami. Nasze kontakty s\u0105 niestety coraz p\u0142ytsze i coraz bardziej pozbawione znaczenia. Wsp\u00f3\u0142czesne technologie mog\u0105 by\u0107 niezwykle cenne, je\u015bli korzysta si\u0119 z nich w odpowiedni spos\u00f3b. Jednak powinien to by\u0107 wy\u0142\u0105cznie dodatek do prawdziwej rozmowy, w kt\u00f3rej mo\u017cna spojrze\u0107 ludziom w oczy i naprawd\u0119 si\u0119 z nimi zbli\u017cy\u0107. Tylko w taki spos\u00f3b mo\u017cna zbudowa\u0107 autentyczn\u0105 relacj\u0119 i za\u017cy\u0142o\u015b\u0107. Telefony i media spo\u0142eczno\u015bciowe, wykorzystywane z rozwag\u0105, mog\u0105 te wi\u0119zi jedynie wzmacnia\u0107.&nbsp;<\/p>\n\n\n\n<style>\n    .cta_block{\n        margin: 1.5em 0;\n    }\n    .cta_block_content {\n        position: relative;\n        color: white;\n        padding: 1em;\n    }\n    .cta_block_content h3{\n        text-align: center;\n        font: normal normal normal 36px\/50px Yeseva One;\n    }\n    .cta_block_content .cta_block_desc{\n        text-align: center;\n        font-size: 1.1em;\n        position: relative;\n    }\n    .cta_block_content .cta_block_desc:before {\n        content: '';\n        width: 80px;\n        height: 4px;\n        background: #EEB315;\n        position: absolute;\n        left: 0;\n        right: 0;\n        margin-left: auto;\n        margin-right: auto;\n        top: -22px;\n    }\n\n    .cta_block_content picture{\n        position: absolute;\n        top: 0;\n        right: 0;\n        z-index: -1;\n        height: 100%;\n        overflow: hidden;\n        width: 100%;\n    }\n    .cta_block_content picture img{\n        object-fit: cover;\n        height: 100%;\n        width: 100%;\n    }\n    .cta_block .cta_block_content .ninja-forms-field{\n        background: #FFFFFF2F;\n        border: 1px solid #EEB315;\n        border-radius: 25px;\n        opacity: 1;\n        color: #ffffff;\n    }\n    .cta_block .cta_block_content .nf-form-content input[type=submit]{\n        background-color: #EEB315;\n        color: #292929;\n        text-align: center;\n        font: normal normal bold 14px\/20px Work Sans;\n        padding: 0 2em;\n    }\n\n    .cta_block ::placeholder{\n        color: white!important;\n        opacity: 1;\n    }\n\n    .cta_block_content::after {\n        height: 100%;\n        width: 100%;\n        content: \"\";\n        z-index: -1;\n        position: absolute;\n        top: 0;\n        background: #00000070;\n        right: 0;\n        left: 0;\n        bottom: 0;\n    }\n    #ha-cta-block, .cta_block_desc, .cta_block .nf-field-label, .cta_block .nf-error-msg {\n        filter: drop-shadow(1px 1px 8px black);\n    }\n\n\/*    .cta_block nf-rows-wrap {\n        display: flex;\n        justify-content: space-around;\n        flex-direction: row;\n    }*\/\n\n    .cta_block .nf-field-label {\n        display:none;\n    }\n\n    .cta_block .nf-error.field-wrap .nf-field-element::after {\n        border-radius: 50px;\n    }\n\n    .cta_block .nf-error-msg {\n        color: #fff;\n    }\n\n    .cta_block .nf-form-cont {\n        margin-top: 3em;\n        margin-bottom: 1em;\n    }\n\n    .wp-admin .cta_block_content{\n        display: none;\n    }\n    .cta_block .nf-form-fields-required {\n        display: none;\n    }\n    body:not(.wp-admin) .cta_block_admin {\n        display: none;\n    }\n<\/style>\n<div id=\"cta_block-block_afb029c949eff87405251b5e8823cd80\" class=\"cta_block\">\n    <div class=\"cta_block_admin\" style=\"background-color: blue; color: white\">\n        Blok CTA\n    <\/div>\n    <div class=\"cta_block\">\n        <div class=\"cta_block_content\">   \n        <h3>Tw\u00f3j zesp\u00f3\u0142 pracuje mniej wydajnie?<br>Ludzie nie s\u0105 zmotywowani?<\/h3>\n                    <div class=\"cta_block_desc\">Zadbaj o nich, a oni zadbaj\u0105 o sprzeda\u017c!<br>Sprawd\u017a, jak mo\u017cemy Ci pom\u00f3c.<\/div>\n                <noscript class=\"ninja-forms-noscript-message\">\n\tHinweis: F\u00fcr diesen Inhalt ist JavaScript erforderlich.<\/noscript>\n<div id=\"nf-form-3_1-cont\" class=\"nf-form-cont\" aria-live=\"polite\" aria-labelledby=\"nf-form-title-3_1\" aria-describedby=\"nf-form-errors-3_1\" role=\"form\">\n\n    <div class=\"nf-loading-spinner\"><\/div>\n\n<\/div>\n        <!-- That data is being printed as a workaround to page builders reordering the order of the scripts loaded-->\n        <script>var formDisplay=1;var nfForms=nfForms||[];var form=[];form.id='3_1';form.settings={\"objectType\":\"Form Setting\",\"editActive\":true,\"title\":\"Block CTA\",\"created_at\":\"2022-11-09 19:27:14\",\"default_label_pos\":\"above\",\"show_title\":0,\"clear_complete\":\"1\",\"hide_complete\":\"1\",\"logged_in\":\"\",\"wrapper_class\":\"\",\"element_class\":\"\",\"key\":\"\",\"add_submit\":\"0\",\"currency\":\"\",\"repeatable_fieldsets\":\"\",\"unique_field_error\":\"Formularz z t\\u0105 warto\\u015bci\\u0105 zosta\\u0142 ju\\u017c przes\\u0142any.\",\"not_logged_in_msg\":\"\",\"sub_limit_msg\":\"Formularz osi\\u0105gn\\u0105\\u0142 limit wys\\u0142a\\u0144.\",\"calculations\":[],\"container_styles_show_advanced_css\":\"0\",\"title_styles_show_advanced_css\":\"0\",\"row_styles_show_advanced_css\":\"0\",\"row-odd_styles_show_advanced_css\":\"0\",\"success-msg_styles_show_advanced_css\":\"0\",\"error_msg_styles_show_advanced_css\":\"0\",\"formContentData\":[{\"order\":1,\"cells\":[{\"order\":0,\"fields\":[\"phone_1640098275087\"],\"width\":35},{\"order\":1,\"fields\":[\"adres_e-mail_1668018487177\"],\"width\":35},{\"order\":2,\"fields\":[\"zapisz_mnie_1668018472281\"],\"width\":30}]}],\"conditions\":[],\"drawerDisabled\":false,\"allow_public_link\":0,\"embed_form\":\"\",\"changeEmailErrorMsg\":\"Bitte gib eine g\\u00fcltige E-Mail-Adresse ein.\",\"changeDateErrorMsg\":\"Bitte gib ein g\\u00fcltiges Datum ein!\",\"confirmFieldErrorMsg\":\"Diese Felder m\\u00fcssen \\u00fcbereinstimmen!\",\"fieldNumberNumMinError\":\"Die eingegebene Zahl ist zu klein.\",\"fieldNumberNumMaxError\":\"Die eingegebene Zahl ist zu gross.\",\"fieldNumberIncrementBy\":\"Bitte erh\\u00f6hen in Schritten von\",\"formErrorsCorrectErrors\":\"Bitte korrigiere die Fehler, bevor du das Formular sendest.\",\"validateRequiredField\":\"Dies ist ein Pflichtfeld.\",\"honeypotHoneypotError\":\"Honeypot-Fehler\",\"fieldsMarkedRequired\":\"Felder mit einem &lt;span class=&quot;ninja-forms-req-symbol&quot;&gt;*&lt;\\\/span&gt; sind Pflichtfelder\",\"form_title_heading_level\":\"3\",\"ninjaForms\":\"Ninja Forms\",\"fieldTextareaRTEInsertLink\":\"Link einf\\u00fcgen\",\"fieldTextareaRTEInsertMedia\":\"Medien einf\\u00fcgen\",\"fieldTextareaRTESelectAFile\":\"Eine Datei ausw\\u00e4hlen\",\"formHoneypot\":\"Falls du ein Mensch bist und dieses Feld siehst, dann lasse es bitte leer.\",\"fileUploadOldCodeFileUploadInProgress\":\"Datei-Upload l\\u00e4uft.\",\"fileUploadOldCodeFileUpload\":\"DATEI-UPLOAD\",\"currencySymbol\":\"&#36;\",\"thousands_sep\":\".\",\"decimal_point\":\",\",\"siteLocale\":\"de_DE\",\"dateFormat\":\"m\\\/d\\\/Y\",\"startOfWeek\":\"1\",\"of\":\"von\",\"previousMonth\":\"Vorheriger Monat\",\"nextMonth\":\"N\\u00e4chster Monat\",\"months\":[\"Januar\",\"Februar\",\"M\\u00e4rz\",\"April\",\"Mai\",\"Juni\",\"Juli\",\"August\",\"September\",\"Oktober\",\"November\",\"Dezember\"],\"monthsShort\":[\"Jan.\",\"Feb.\",\"M\\u00e4rz\",\"Apr.\",\"Mai\",\"Juni\",\"Juli\",\"Aug\",\"Sep.\",\"Okt.\",\"Nov.\",\"Dez.\"],\"weekdays\":[\"Sonntag\",\"Montag\",\"Dienstag\",\"Mittwoch\",\"Donnerstag\",\"Freitag\",\"Samstag\"],\"weekdaysShort\":[\"So.\",\"Mo.\",\"Di.\",\"Mi.\",\"Do.\",\"Fr.\",\"Sa.\"],\"weekdaysMin\":[\"So.\",\"Mo.\",\"Di.\",\"Mi.\",\"Do.\",\"Fr.\",\"Sa.\"],\"recaptchaConsentMissing\":\"reCaptcha validation couldn&#039;t load.\",\"recaptchaMissingCookie\":\"reCaptcha v3 validation couldn&#039;t load the cookie needed to submit the form.\",\"recaptchaConsentEvent\":\"Accept reCaptcha cookies before sending the form.\",\"currency_symbol\":\"\",\"beforeForm\":\"\",\"beforeFields\":\"\",\"afterFields\":\"\",\"afterForm\":\"\"};form.fields=[{\"objectType\":\"Field\",\"objectDomain\":\"fields\",\"editActive\":false,\"order\":1,\"idAttribute\":\"id\",\"type\":\"phone\",\"label\":\"Numer telefonu\",\"key\":\"phone_1640098275087\",\"label_pos\":\"above\",\"required\":\"\",\"default\":\"\",\"placeholder\":\"Numer telefonu\",\"container_class\":\"\",\"element_class\":\"\",\"input_limit\":\"\",\"input_limit_type\":\"characters\",\"input_limit_msg\":\"Liczba pozosta\\u0142ych znak\\u00f3w:\",\"manual_key\":\"\",\"admin_label\":\"\",\"help_text\":\"\",\"mask\":\"\",\"custom_mask\":\"\",\"custom_name_attribute\":\"phone\",\"personally_identifiable\":1,\"wrap_styles_border\":\"\",\"wrap_styles_width\":\"\",\"wrap_styles_margin\":\"\",\"wrap_styles_padding\":\"\",\"wrap_styles_float\":\"\",\"wrap_styles_show_advanced_css\":0,\"label_styles_border\":\"\",\"label_styles_width\":\"\",\"label_styles_font-size\":\"\",\"label_styles_margin\":\"\",\"label_styles_padding\":\"\",\"label_styles_float\":\"\",\"label_styles_show_advanced_css\":0,\"element_styles_border\":\"\",\"element_styles_width\":\"\",\"element_styles_font-size\":\"\",\"element_styles_margin\":\"\",\"element_styles_padding\":\"\",\"element_styles_float\":\"\",\"element_styles_show_advanced_css\":0,\"cellcid\":\"c3398\",\"value\":\"\",\"drawerDisabled\":\"\",\"field_label\":\"Numer telefonu\",\"field_key\":\"phone_1640098275087\",\"id\":\"9_1\",\"beforeField\":\"\",\"afterField\":\"\",\"parentType\":\"textbox\",\"element_templates\":[\"tel\",\"textbox\",\"input\"],\"old_classname\":\"\",\"wrap_template\":\"wrap\"},{\"objectType\":\"Field\",\"objectDomain\":\"fields\",\"editActive\":false,\"order\":2,\"idAttribute\":\"id\",\"type\":\"email\",\"label\":\"Adres e-mail\",\"key\":\"adres_e-mail_1668018487177\",\"label_pos\":\"above\",\"required\":\"\",\"default\":\"\",\"placeholder\":\"Adres e-mail\",\"container_class\":\"\",\"element_class\":\"\",\"admin_label\":\"\",\"help_text\":\"\",\"custom_name_attribute\":\"email\",\"personally_identifiable\":1,\"wrap_styles_border\":\"\",\"wrap_styles_width\":\"\",\"wrap_styles_margin\":\"\",\"wrap_styles_padding\":\"\",\"wrap_styles_float\":\"\",\"wrap_styles_show_advanced_css\":0,\"label_styles_border\":\"\",\"label_styles_width\":\"\",\"label_styles_font-size\":\"\",\"label_styles_margin\":\"\",\"label_styles_padding\":\"\",\"label_styles_float\":\"\",\"label_styles_show_advanced_css\":0,\"element_styles_border\":\"\",\"element_styles_width\":\"\",\"element_styles_font-size\":\"\",\"element_styles_margin\":\"\",\"element_styles_padding\":\"\",\"element_styles_float\":\"\",\"element_styles_show_advanced_css\":0,\"cellcid\":\"c3401\",\"value\":\"\",\"drawerDisabled\":false,\"field_label\":\"E-mail\",\"field_key\":\"email_1640098276066\",\"id\":\"10_1\",\"beforeField\":\"\",\"afterField\":\"\",\"parentType\":\"email\",\"element_templates\":[\"email\",\"input\"],\"old_classname\":\"\",\"wrap_template\":\"wrap\"},{\"objectType\":\"Field\",\"objectDomain\":\"fields\",\"editActive\":false,\"order\":3,\"idAttribute\":\"id\",\"type\":\"submit\",\"label\":\"Zapisz mnie\",\"processing_label\":\"W trakcie realizacji\",\"container_class\":\"\",\"element_class\":\"\",\"key\":\"zapisz_mnie_1668018472281\",\"wrap_styles_border\":\"\",\"wrap_styles_width\":\"\",\"wrap_styles_margin\":\"\",\"wrap_styles_padding\":\"\",\"wrap_styles_float\":\"\",\"wrap_styles_show_advanced_css\":0,\"element_styles_border\":\"\",\"element_styles_width\":\"\",\"element_styles_font-size\":\"\",\"element_styles_margin\":\"\",\"element_styles_padding\":\"\",\"element_styles_float\":\"\",\"element_styles_show_advanced_css\":0,\"submit_element_hover_styles_border\":\"\",\"submit_element_hover_styles_width\":\"\",\"submit_element_hover_styles_font-size\":\"\",\"submit_element_hover_styles_margin\":\"\",\"submit_element_hover_styles_padding\":\"\",\"submit_element_hover_styles_float\":\"\",\"submit_element_hover_styles_show_advanced_css\":0,\"cellcid\":\"c3403\",\"drawerDisabled\":false,\"field_label\":\"Zamawiam rozmow\\u0119\",\"field_key\":\"zamawiam_rozmowe_1640098314862\",\"id\":\"8_1\",\"beforeField\":\"\",\"afterField\":\"\",\"value\":\"\",\"label_pos\":\"above\",\"parentType\":\"textbox\",\"element_templates\":[\"submit\",\"button\",\"input\"],\"old_classname\":\"\",\"wrap_template\":\"wrap-no-label\"}];nfForms.push(form);<\/script>\n                <script id=\"nf-tmpl-cell\" type=\"text\/template\">\n            <nf-fields><\/nf-fields>\n        <\/script>\n\n        <script id=\"nf-tmpl-row\" type=\"text\/template\">\n            <nf-cells><\/nf-cells>\n        <\/script>\n\n                <img loading=\"lazy\" decoding=\"async\" width=\"1280\" height=\"735\" src=\"https:\/\/www.koronakarkonoszy.pl\/blog-dla-firm\/wp-content\/uploads\/2022\/09\/DJI_0089.jpg\" class=\"attachment-full size-full\" alt=\"Miejscowo\u015b\u0107 letniskowa Sosn\u00f3wka k. Karpacza, widok na zalew\" srcset=\"https:\/\/www.koronakarkonoszy.pl\/blog-dla-firm\/wp-content\/uploads\/2022\/09\/DJI_0089.jpg 1280w, https:\/\/www.koronakarkonoszy.pl\/blog-dla-firm\/wp-content\/uploads\/2022\/09\/DJI_0089-300x172.jpg 300w, https:\/\/www.koronakarkonoszy.pl\/blog-dla-firm\/wp-content\/uploads\/2022\/09\/DJI_0089-1024x588.jpg 1024w, https:\/\/www.koronakarkonoszy.pl\/blog-dla-firm\/wp-content\/uploads\/2022\/09\/DJI_0089-768x441.jpg 768w\" sizes=\"auto, (max-width: 1280px) 100vw, 1280px\" \/>        <\/div> \n    <\/div>\n<\/div>\n\n\n\n<h2 class=\"wp-block-heading\" id=\"h-integracja-w-grupie-pomysly-do-zastosowania-w-praktyce-nbsp\">Integracja w grupie \u2013 pomys\u0142y do zastosowania w praktyce&nbsp;<\/h2>\n\n\n\n<p>Ludzie dzia\u0142aj\u0105 z zaanga\u017cowaniem wtedy, kiedy przy\u015bwieca im konkretny, istotny i wsp\u00f3lny cel. <strong>Integracja w grupie<\/strong> wymaga, by cz\u0142onkowie zespo\u0142u porzucili egoistyczne pragnienia na rzecz wsp\u00f3lnego dobra. Zak\u0142ada zapewnienie cz\u0142onkom zespo\u0142u mo\u017cliwo\u015bci, by pod otoczk\u0105 wsp\u00f3lnej zabawy i mi\u0142o sp\u0119dzanego czasu poza prac\u0105, na <a href=\"https:\/\/www.koronakarkonoszy.pl\/blog-dla-firm\/wyjazd-firmowy-w-gory\/\" target=\"_blank\" rel=\"noreferrer noopener\">wyje\u017adzie firmowym<\/a>, mogli wypracowa\u0107 mechanizmy, kt\u00f3re pomog\u0105 im p\u00f3\u017aniej wsp\u00f3lnie realizowa\u0107 cele zawodowe.&nbsp;&nbsp;<\/p>\n\n\n<section id=\"leonardo-block_4cdeaac13cc7b2dab853ba9fc1dd200b\" class=\"leonardo page-breaker leonardo-image-right\">\n    <div class=\"leonardo-body\">\n        <h2 class=\"leonardo-title\" id=\"h-gry-i-zabawy-integracyjne\">Gry i zabawy integracyjne <\/h2>        <div class=\"leonardo-content\"><p><span data-contrast=\"auto\">Do takich zabaw integracyjnych zaliczamy:<\/span><span data-ccp-props=\"{&quot;201341983&quot;:0,&quot;335559739&quot;:160,&quot;335559740&quot;:256}\">\u00a0<\/span><\/p>\n<ul>\n<li>warsztaty\u00a0kulinarne\u00a0z udzia\u0142em mistrza, kt\u00f3re sprawiaj\u0105, \u017ce uczestnicy nie tylko mog\u0105 nauczy\u0107 si\u0119 czego\u015b ciekawego, ale musz\u0105 dokona\u0107 czego\u015b, co nauczy ich podzia\u0142u obowi\u0105zk\u00f3w i odpowiedzialno\u015bci za efekt pracy zespo\u0142owej,<\/li>\n<li>zawody, kt\u00f3re ucz\u0105 tzw. zdrowej rywalizacji i mog\u0105 by\u0107 rozgrywane w formie sztafety,<\/li>\n<li>survival, kt\u00f3ry polega na prze\u017cyciu w ekstremalnie trudnych warunkach, ucz\u0105c\u00a0jednocze\u015bnie, \u017ce pomoc innym jest wa\u017cniejsza ni\u017c osi\u0105gniecie indywidualnego celu,<\/li>\n<li><a href=\"https:\/\/www.koronakarkonoszy.pl\/blog-dla-firm\/team-escape\/\" target=\"_blank\" rel=\"noopener\">escape\u00a0room<\/a>, kt\u00f3ry wymaga od cz\u0142onk\u00f3w grupy wsp\u00f3\u0142pracy, wykorzystania wszelkich dost\u0119pnych mo\u017cliwo\u015bci oraz niestandardowego my\u015blenia w poszukiwaniu rozwi\u0105zania,<\/li>\n<li>wsp\u00f3lnie realizowana pomoc charytatywna, kt\u00f3ra uczy empatii, zaanga\u017cowania oraz wzmacnia morale cz\u0142onk\u00f3w grupy.<\/li>\n<\/ul>\n<\/div>\n                    <aside class=\"leonardo-interlink\">\n                <b>Polecamy<\/b>\n                <a href=\"https:\/\/www.koronakarkonoszy.pl\/blog-dla-firm\/de\/organizacja-konferencji-dla-firm-jak-zrobic-to-dobrze\/\">Organizacja konferencji dla firm \u2013 jak zrobi\u0107 to dobrze?<\/a>\n            <\/aside>\n            <\/div>\n    <div class=\"leonardo-image\">\n        <img loading=\"lazy\" decoding=\"async\" width=\"1500\" height=\"2000\" src=\"https:\/\/www.koronakarkonoszy.pl\/blog-dla-firm\/wp-content\/uploads\/2023\/06\/maszyna_goldberga84.jpg\" class=\"attachment-full size-full\" alt=\"Budowa maszyny Goldberga, Dw\u00f3r Korona Karkonoszy, Sosn\u00f3wka\" srcset=\"https:\/\/www.koronakarkonoszy.pl\/blog-dla-firm\/wp-content\/uploads\/2023\/06\/maszyna_goldberga84.jpg 1500w, https:\/\/www.koronakarkonoszy.pl\/blog-dla-firm\/wp-content\/uploads\/2023\/06\/maszyna_goldberga84-225x300.jpg 225w, https:\/\/www.koronakarkonoszy.pl\/blog-dla-firm\/wp-content\/uploads\/2023\/06\/maszyna_goldberga84-768x1024.jpg 768w, https:\/\/www.koronakarkonoszy.pl\/blog-dla-firm\/wp-content\/uploads\/2023\/06\/maszyna_goldberga84-1440x1920.jpg 1440w, https:\/\/www.koronakarkonoszy.pl\/blog-dla-firm\/wp-content\/uploads\/2023\/06\/maszyna_goldberga84-1152x1536.jpg 1152w, https:\/\/www.koronakarkonoszy.pl\/blog-dla-firm\/wp-content\/uploads\/2023\/06\/maszyna_goldberga84-9x12.jpg 9w\" sizes=\"auto, (max-width: 1500px) 100vw, 1500px\" \/>            <\/div>\n<\/section>\n\n\n<h2 class=\"wp-block-heading\" id=\"ha-skuteczna-integracja-grupy\">Skuteczna integracja grupy<\/h2>\n\n\n\n<p>Integracja w grupie, aby przynosi\u0142a po\u017c\u0105dane rezultaty, musi spe\u0142nia\u0107 kilka podstawowych warunk\u00f3w. Po pierwsze, musi by\u0107 dobrowolna \u2013 nikogo do&nbsp;niczego nie wolno zmusza\u0107. Je\u017celi kto\u015b unika udzia\u0142u w r\u00f3\u017cnego rodzaju <a href=\"https:\/\/www.koronakarkonoszy.pl\/blog-dla-firm\/zajecia-integrujace-grupe\/\" target=\"_blank\" rel=\"noreferrer noopener\">zaj\u0119ciach integracyjnych<\/a> nale\u017cy sprawdzi\u0107, z czego to wynika. Nast\u0119pnie tak dopasowa\u0107 proponowanie rozwi\u0105zania, by przekona\u0107 i zach\u0119ci\u0107 do wsp\u00f3lnych dzia\u0142a\u0144. Po drugie, wszystkim uczestnikom zaj\u0119\u0107 integracyjnych musimy zagwarantowa\u0107 bezpiecze\u0144stwo oraz zapewnienie, \u017ce wszelkie&nbsp; informacje, kt\u00f3re padn\u0105 podczas zabawy, nie zostan\u0105 u\u017cyte przeciwko nim oraz nie wyjd\u0105 poza grup\u0119. Po trzecie, integracja w grupie powinna by\u0107 przeprowadzana pod okiem profesjonalist\u00f3w, kt\u00f3rzy b\u0119d\u0105 potrafili tak moderowa\u0107 spotkania, by w efekcie prowadzi\u0142y do konkretnych efekt\u00f3w w p\u00f3\u017aniejszej pracy nad realizowaniem cel\u00f3w zawodowych.&nbsp;<\/p>\n\n\n<section id=\"leonardo-block_b1b9ac4dd90c30d4c35ef9dfc4f236fe\" class=\"leonardo page-breaker leonardo-image-left\">\n    <div class=\"leonardo-body\">\n        <h2 class=\"leonardo-title\" id=\"h-organizacja-imprez-integracyjnych\">Organizacja imprez integracyjnych <\/h2>        <div class=\"leonardo-content\"><p><!-- wp:paragraph --><\/p>\n<p><a href=\"https:\/\/www.koronakarkonoszy.pl\/blog-dla-firm\/organizacja-imprez-integracyjnych-o-czym-musisz-wiedziec\/\" target=\"_blank\" rel=\"noopener\">Organizacj\u0119 imprezy integracyjnej<\/a> najlepiej powierzy\u0107 profesjonalistom. <a href=\"https:\/\/www.koronakarkonoszy.pl\/blog-dla-firm\/firma-eventowa\/\" target=\"_blank\" rel=\"noopener\">Firmy eventowe<\/a> dysponuj\u0105 do\u015bwiadczeniem, baz\u0105 kontakt\u00f3w i zapleczem logistycznym, co daje pewno\u015b\u0107, \u017ce <a href=\"https:\/\/www.koronakarkonoszy.pl\/blog-dla-firm\/pomysl-na-impreze-integracyjna-z-elementami-team-buildingu\/\" target=\"_blank\" rel=\"noopener\">impreza integracyjna<\/a> zostanie przeprowadzona we w\u0142a\u015bciwy spos\u00f3b. Zadba te\u017c o bezpiecze\u0144stwo wydarzenia, ewentualne zezwolenia oraz pomo\u017ce w marketingu spo\u0142eczno\u015bciowym. Agencja eventowa bez problemu zorganizuje imprezy specjalne. Takie jak <a href=\"https:\/\/www.koronakarkonoszy.pl\/blog-dla-firm\/gra-detektywistyczna-scenariusz\/\" target=\"_blank\" rel=\"noopener\">gra detektywistyczna<\/a> czy zabawa w <a href=\"https:\/\/www.koronakarkonoszy.pl\/blog-dla-firm\/gra-poszukiwacze-skarbow\/\" target=\"_blank\" rel=\"noopener\">poszukiwanie skarb\u00f3w<\/a>, <a href=\"https:\/\/www.koronakarkonoszy.pl\/blog-dla-firm\/impreza-w-stylu-lat-20\/\" target=\"_blank\" rel=\"noopener\">impreza w stylu lat 20.<\/a> czy <a href=\"https:\/\/www.koronakarkonoszy.pl\/blog-dla-firm\/wigilia-firmowa-jak-gdzie-i-kiedy-zorganizowac-niezapomniana-impreze\/\" target=\"_blank\" rel=\"noopener\">Wigili\u0119 firmow\u0105<\/a>. Te i inne atrakcje na <strong>eventy integracyjne<\/strong> oferuje <strong>Dw\u00f3r Korona Karkonoszy<\/strong> z <a href=\"https:\/\/www.koronakarkonoszy.pl\/blog-dla-firm\/sosnowka-w-samym-sercu-karkonoszy\/\">Sosn\u00f3wki<\/a> ko\u0142o Karpacza.<\/p>\n<p><!-- \/wp:paragraph --> <!-- wp:paragraph --><\/p>\n<p>Agencje eventowe dostosowuj\u0105 si\u0119 do unikalnych potrzeb klienta, oferuj\u0105c pe\u0142n\u0105 gam\u0119 us\u0142ug. Skuteczne zarz\u0105dzanie i planowanie <a href=\"https:\/\/www.koronakarkonoszy.pl\/blog-dla-firm\/imprezy-firmowe-wroclaw\/\" target=\"_blank\" rel=\"noopener\">imprez firmowych<\/a> wymaga elastyczno\u015bci, kreatywno\u015bci i precyzji w dzia\u0142aniu. I to w\u0142a\u015bnie zapewnia Dw\u00f3r Korona Karkonoszy.<\/p>\n<p><!-- \/wp:paragraph --><\/p>\n<\/div>\n                    <aside class=\"leonardo-interlink\">\n                <b>Polecamy<\/b>\n                <a href=\"https:\/\/www.koronakarkonoszy.pl\/blog-dla-firm\/de\/obsluga-imprez\/\">Obs\u0142uga imprez: jak zorganizowa\u0107 niezapomniany event?<\/a>\n            <\/aside>\n            <\/div>\n    <div class=\"leonardo-image\">\n        <img loading=\"lazy\" decoding=\"async\" width=\"1041\" height=\"1388\" src=\"https:\/\/www.koronakarkonoszy.pl\/blog-dla-firm\/wp-content\/uploads\/2023\/11\/team_building90.jpg\" class=\"attachment-full size-full\" alt=\"Olimpiada firmowa, Dw\u00f3r Korona Karkonoszy, Sosn\u00f3wka k. Karpacza\" srcset=\"https:\/\/www.koronakarkonoszy.pl\/blog-dla-firm\/wp-content\/uploads\/2023\/11\/team_building90.jpg 1041w, https:\/\/www.koronakarkonoszy.pl\/blog-dla-firm\/wp-content\/uploads\/2023\/11\/team_building90-225x300.jpg 225w, https:\/\/www.koronakarkonoszy.pl\/blog-dla-firm\/wp-content\/uploads\/2023\/11\/team_building90-768x1024.jpg 768w, https:\/\/www.koronakarkonoszy.pl\/blog-dla-firm\/wp-content\/uploads\/2023\/11\/team_building90-9x12.jpg 9w\" sizes=\"auto, (max-width: 1041px) 100vw, 1041px\" \/>            <\/div>\n<\/section>\n\n\n<p><\/p>\n","protected":false},"excerpt":{"rendered":"<p>Grupa, odpowiedzialna za realizacj\u0119 konkretnego celu, powinna stanowi\u0107 jeden organizm, po\u0142\u0105czony wsp\u00f3lnymi&nbsp;oczekiwaniami, przekonaniami i praktykami. Integracja w grupie sprawia, \u017ce zacie\u015bniaj\u0105 si\u0119 wi\u0119zi mi\u0119dzy lud\u017ami, tworz\u0105 si\u0119 bliskie relacje, a zesp\u00f3\u0142 staje si\u0119 z\u017cyty, mocniejszy i bardziej zaanga\u017cowany w realizacj\u0119 wsp\u00f3lnych cel\u00f3w.&nbsp; Zesp\u00f3\u0142 pracownik\u00f3w \u2013 jak go stworzy\u0107? Nie da si\u0119 stworzy\u0107 grupy&nbsp;bez w\u0142o\u017cenia wysi\u0142ku [&hellip;]<\/p>\n","protected":false},"author":11,"featured_media":8147,"comment_status":"closed","ping_status":"closed","sticky":false,"template":"","format":"standard","meta":{"_acf_changed":false,"footnotes":""},"categories":[17,2,8],"class_list":["post-980","post","type-post","status-publish","format-standard","has-post-thumbnail","hentry","category-integracja","category-porady","category-team-building"],"acf":[],"yoast_head":"<!-- This site is optimized with the Yoast SEO Premium plugin v27.4 (Yoast SEO v27.4) - https:\/\/yoast.com\/product\/yoast-seo-premium-wordpress\/ -->\n<title>Integracja w grupie - :: Blog dla firm - szkolenia, zarz\u0105dzanie zespo\u0142em, team building<\/title>\n<meta name=\"description\" content=\"Integracja w grupie sprawia, \u017ce zacie\u015bniaj\u0105 si\u0119 wi\u0119zi mi\u0119dzy lud\u017ami. Tworz\u0105 si\u0119 relacje, a zesp\u00f3\u0142 bardziej anga\u017cuje si\u0119 w realizacj\u0119 cel\u00f3w.\" \/>\n<meta name=\"robots\" content=\"index, follow, max-snippet:-1, max-image-preview:large, max-video-preview:-1\" \/>\n<link rel=\"canonical\" href=\"https:\/\/www.koronakarkonoszy.pl\/blog-dla-firm\/de\/gruppenintegration\/\" \/>\n<meta property=\"og:locale\" content=\"de_DE\" \/>\n<meta property=\"og:type\" content=\"article\" \/>\n<meta property=\"og:title\" content=\"Integracja w grupie\" \/>\n<meta property=\"og:description\" content=\"Integracja w grupie sprawia, \u017ce zacie\u015bniaj\u0105 si\u0119 wi\u0119zi mi\u0119dzy lud\u017ami. Tworz\u0105 si\u0119 relacje, a zesp\u00f3\u0142 bardziej anga\u017cuje si\u0119 w realizacj\u0119 cel\u00f3w.\" \/>\n<meta property=\"og:url\" content=\"https:\/\/www.koronakarkonoszy.pl\/blog-dla-firm\/de\/gruppenintegration\/\" \/>\n<meta property=\"og:site_name\" content=\":: Blog dla firm - szkolenia, zarz\u0105dzanie zespo\u0142em, team building\" \/>\n<meta property=\"article:published_time\" content=\"2023-11-24T13:03:57+00:00\" \/>\n<meta property=\"article:modified_time\" content=\"2025-01-08T11:09:16+00:00\" \/>\n<meta property=\"og:image\" content=\"https:\/\/www.koronakarkonoszy.pl\/blog-dla-firm\/wp-content\/uploads\/2023\/11\/team_building72-scaled.jpg\" \/>\n\t<meta property=\"og:image:width\" content=\"2560\" \/>\n\t<meta property=\"og:image:height\" content=\"1714\" \/>\n\t<meta property=\"og:image:type\" content=\"image\/jpeg\" \/>\n<meta name=\"author\" content=\"agnieszka\" \/>\n<meta name=\"twitter:card\" content=\"summary_large_image\" \/>\n<meta name=\"twitter:label1\" content=\"Verfasst von\" \/>\n\t<meta name=\"twitter:data1\" content=\"agnieszka\" \/>\n\t<meta name=\"twitter:label2\" content=\"Gesch\u00e4tzte Lesezeit\" \/>\n\t<meta name=\"twitter:data2\" content=\"7\u00a0Minuten\" \/>\n<script type=\"application\/ld+json\" class=\"yoast-schema-graph\">{\"@context\":\"https:\\\/\\\/schema.org\",\"@graph\":[{\"@type\":\"Article\",\"@id\":\"https:\\\/\\\/www.koronakarkonoszy.pl\\\/blog-dla-firm\\\/integracja-w-grupie\\\/#article\",\"isPartOf\":{\"@id\":\"https:\\\/\\\/www.koronakarkonoszy.pl\\\/blog-dla-firm\\\/integracja-w-grupie\\\/\"},\"author\":{\"name\":\"agnieszka\",\"@id\":\"https:\\\/\\\/www.koronakarkonoszy.pl\\\/blog-dla-firm\\\/#\\\/schema\\\/person\\\/c06752c3cb176906b455582ff7ef925e\"},\"headline\":\"Integracja w grupie\",\"datePublished\":\"2023-11-24T13:03:57+00:00\",\"dateModified\":\"2025-01-08T11:09:16+00:00\",\"mainEntityOfPage\":{\"@id\":\"https:\\\/\\\/www.koronakarkonoszy.pl\\\/blog-dla-firm\\\/integracja-w-grupie\\\/\"},\"wordCount\":1185,\"image\":{\"@id\":\"https:\\\/\\\/www.koronakarkonoszy.pl\\\/blog-dla-firm\\\/integracja-w-grupie\\\/#primaryimage\"},\"thumbnailUrl\":\"https:\\\/\\\/www.koronakarkonoszy.pl\\\/blog-dla-firm\\\/wp-content\\\/uploads\\\/2023\\\/11\\\/team_building72-scaled.jpg\",\"articleSection\":[\"Integracja\",\"Porady\",\"Team Building\"],\"inLanguage\":\"de\"},{\"@type\":\"WebPage\",\"@id\":\"https:\\\/\\\/www.koronakarkonoszy.pl\\\/blog-dla-firm\\\/integracja-w-grupie\\\/\",\"url\":\"https:\\\/\\\/www.koronakarkonoszy.pl\\\/blog-dla-firm\\\/integracja-w-grupie\\\/\",\"name\":\"Integracja w grupie - :: Blog dla firm - szkolenia, zarz\u0105dzanie zespo\u0142em, team building\",\"isPartOf\":{\"@id\":\"https:\\\/\\\/www.koronakarkonoszy.pl\\\/blog-dla-firm\\\/#website\"},\"primaryImageOfPage\":{\"@id\":\"https:\\\/\\\/www.koronakarkonoszy.pl\\\/blog-dla-firm\\\/integracja-w-grupie\\\/#primaryimage\"},\"image\":{\"@id\":\"https:\\\/\\\/www.koronakarkonoszy.pl\\\/blog-dla-firm\\\/integracja-w-grupie\\\/#primaryimage\"},\"thumbnailUrl\":\"https:\\\/\\\/www.koronakarkonoszy.pl\\\/blog-dla-firm\\\/wp-content\\\/uploads\\\/2023\\\/11\\\/team_building72-scaled.jpg\",\"datePublished\":\"2023-11-24T13:03:57+00:00\",\"dateModified\":\"2025-01-08T11:09:16+00:00\",\"author\":{\"@id\":\"https:\\\/\\\/www.koronakarkonoszy.pl\\\/blog-dla-firm\\\/#\\\/schema\\\/person\\\/c06752c3cb176906b455582ff7ef925e\"},\"description\":\"Integracja w grupie sprawia, \u017ce zacie\u015bniaj\u0105 si\u0119 wi\u0119zi mi\u0119dzy lud\u017ami. Tworz\u0105 si\u0119 relacje, a zesp\u00f3\u0142 bardziej anga\u017cuje si\u0119 w realizacj\u0119 cel\u00f3w.\",\"breadcrumb\":{\"@id\":\"https:\\\/\\\/www.koronakarkonoszy.pl\\\/blog-dla-firm\\\/integracja-w-grupie\\\/#breadcrumb\"},\"inLanguage\":\"de\",\"potentialAction\":[{\"@type\":\"ReadAction\",\"target\":[\"https:\\\/\\\/www.koronakarkonoszy.pl\\\/blog-dla-firm\\\/integracja-w-grupie\\\/\"]}]},{\"@type\":\"ImageObject\",\"inLanguage\":\"de\",\"@id\":\"https:\\\/\\\/www.koronakarkonoszy.pl\\\/blog-dla-firm\\\/integracja-w-grupie\\\/#primaryimage\",\"url\":\"https:\\\/\\\/www.koronakarkonoszy.pl\\\/blog-dla-firm\\\/wp-content\\\/uploads\\\/2023\\\/11\\\/team_building72-scaled.jpg\",\"contentUrl\":\"https:\\\/\\\/www.koronakarkonoszy.pl\\\/blog-dla-firm\\\/wp-content\\\/uploads\\\/2023\\\/11\\\/team_building72-scaled.jpg\",\"width\":2560,\"height\":1714,\"caption\":\"Impreza firmowa, Dw\u00f3r Korona Karkonoszy, Sosn\u00f3wka k. Karpacza\"},{\"@type\":\"BreadcrumbList\",\"@id\":\"https:\\\/\\\/www.koronakarkonoszy.pl\\\/blog-dla-firm\\\/integracja-w-grupie\\\/#breadcrumb\",\"itemListElement\":[{\"@type\":\"ListItem\",\"position\":1,\"name\":\"Strona g\u0142\u00f3wna\",\"item\":\"https:\\\/\\\/www.koronakarkonoszy.pl\\\/blog-dla-firm\\\/\"},{\"@type\":\"ListItem\",\"position\":2,\"name\":\"Integracja w grupie\"}]},{\"@type\":\"WebSite\",\"@id\":\"https:\\\/\\\/www.koronakarkonoszy.pl\\\/blog-dla-firm\\\/#website\",\"url\":\"https:\\\/\\\/www.koronakarkonoszy.pl\\\/blog-dla-firm\\\/\",\"name\":\":: Blog dla firm - szkolenia, zarz\u0105dzanie zespo\u0142em, team building\",\"description\":\"\",\"potentialAction\":[{\"@type\":\"SearchAction\",\"target\":{\"@type\":\"EntryPoint\",\"urlTemplate\":\"https:\\\/\\\/www.koronakarkonoszy.pl\\\/blog-dla-firm\\\/?s={search_term_string}\"},\"query-input\":{\"@type\":\"PropertyValueSpecification\",\"valueRequired\":true,\"valueName\":\"search_term_string\"}}],\"inLanguage\":\"de\"},{\"@type\":\"Person\",\"@id\":\"https:\\\/\\\/www.koronakarkonoszy.pl\\\/blog-dla-firm\\\/#\\\/schema\\\/person\\\/c06752c3cb176906b455582ff7ef925e\",\"name\":\"agnieszka\",\"image\":{\"@type\":\"ImageObject\",\"inLanguage\":\"de\",\"@id\":\"https:\\\/\\\/www.koronakarkonoszy.pl\\\/blog-dla-firm\\\/wp-content\\\/litespeed\\\/avatar\\\/53ee7b676463f74d0aea1a09de3d003b.jpg?ver=1777446304\",\"url\":\"https:\\\/\\\/www.koronakarkonoszy.pl\\\/blog-dla-firm\\\/wp-content\\\/litespeed\\\/avatar\\\/53ee7b676463f74d0aea1a09de3d003b.jpg?ver=1777446304\",\"contentUrl\":\"https:\\\/\\\/www.koronakarkonoszy.pl\\\/blog-dla-firm\\\/wp-content\\\/litespeed\\\/avatar\\\/53ee7b676463f74d0aea1a09de3d003b.jpg?ver=1777446304\",\"caption\":\"agnieszka\"},\"url\":\"https:\\\/\\\/www.koronakarkonoszy.pl\\\/blog-dla-firm\\\/de\\\/author\\\/agnieszka\\\/\"}]}<\/script>\n<!-- \/ Yoast SEO Premium plugin. -->","yoast_head_json":{"title":"Gruppenintegration - :: Blog f\u00fcr Unternehmen - Schulung, Teammanagement, Teambuilding","description":"Durch die Integration in einer Gruppe werden die Bindungen zwischen Menschen st\u00e4rker. Es entstehen Beziehungen und das Team engagiert sich st\u00e4rker f\u00fcr die Erreichung der Ziele.","robots":{"index":"index","follow":"follow","max-snippet":"max-snippet:-1","max-image-preview":"max-image-preview:large","max-video-preview":"max-video-preview:-1"},"canonical":"https:\/\/www.koronakarkonoszy.pl\/blog-dla-firm\/de\/gruppenintegration\/","og_locale":"de_DE","og_type":"article","og_title":"Integracja w grupie","og_description":"Integracja w grupie sprawia, \u017ce zacie\u015bniaj\u0105 si\u0119 wi\u0119zi mi\u0119dzy lud\u017ami. Tworz\u0105 si\u0119 relacje, a zesp\u00f3\u0142 bardziej anga\u017cuje si\u0119 w realizacj\u0119 cel\u00f3w.","og_url":"https:\/\/www.koronakarkonoszy.pl\/blog-dla-firm\/de\/gruppenintegration\/","og_site_name":":: Blog dla firm - szkolenia, zarz\u0105dzanie zespo\u0142em, team building","article_published_time":"2023-11-24T13:03:57+00:00","article_modified_time":"2025-01-08T11:09:16+00:00","og_image":[{"width":2560,"height":1714,"url":"https:\/\/www.koronakarkonoszy.pl\/blog-dla-firm\/wp-content\/uploads\/2023\/11\/team_building72-scaled.jpg","type":"image\/jpeg"}],"author":"agnieszka","twitter_card":"summary_large_image","twitter_misc":{"Verfasst von":"agnieszka","Gesch\u00e4tzte Lesezeit":"7\u00a0Minuten"},"schema":{"@context":"https:\/\/schema.org","@graph":[{"@type":"Article","@id":"https:\/\/www.koronakarkonoszy.pl\/blog-dla-firm\/integracja-w-grupie\/#article","isPartOf":{"@id":"https:\/\/www.koronakarkonoszy.pl\/blog-dla-firm\/integracja-w-grupie\/"},"author":{"name":"agnieszka","@id":"https:\/\/www.koronakarkonoszy.pl\/blog-dla-firm\/#\/schema\/person\/c06752c3cb176906b455582ff7ef925e"},"headline":"Integracja w grupie","datePublished":"2023-11-24T13:03:57+00:00","dateModified":"2025-01-08T11:09:16+00:00","mainEntityOfPage":{"@id":"https:\/\/www.koronakarkonoszy.pl\/blog-dla-firm\/integracja-w-grupie\/"},"wordCount":1185,"image":{"@id":"https:\/\/www.koronakarkonoszy.pl\/blog-dla-firm\/integracja-w-grupie\/#primaryimage"},"thumbnailUrl":"https:\/\/www.koronakarkonoszy.pl\/blog-dla-firm\/wp-content\/uploads\/2023\/11\/team_building72-scaled.jpg","articleSection":["Integracja","Porady","Team Building"],"inLanguage":"de"},{"@type":"WebPage","@id":"https:\/\/www.koronakarkonoszy.pl\/blog-dla-firm\/integracja-w-grupie\/","url":"https:\/\/www.koronakarkonoszy.pl\/blog-dla-firm\/integracja-w-grupie\/","name":"Gruppenintegration - :: Blog f\u00fcr Unternehmen - Schulung, Teammanagement, Teambuilding","isPartOf":{"@id":"https:\/\/www.koronakarkonoszy.pl\/blog-dla-firm\/#website"},"primaryImageOfPage":{"@id":"https:\/\/www.koronakarkonoszy.pl\/blog-dla-firm\/integracja-w-grupie\/#primaryimage"},"image":{"@id":"https:\/\/www.koronakarkonoszy.pl\/blog-dla-firm\/integracja-w-grupie\/#primaryimage"},"thumbnailUrl":"https:\/\/www.koronakarkonoszy.pl\/blog-dla-firm\/wp-content\/uploads\/2023\/11\/team_building72-scaled.jpg","datePublished":"2023-11-24T13:03:57+00:00","dateModified":"2025-01-08T11:09:16+00:00","author":{"@id":"https:\/\/www.koronakarkonoszy.pl\/blog-dla-firm\/#\/schema\/person\/c06752c3cb176906b455582ff7ef925e"},"description":"Durch die Integration in einer Gruppe werden die Bindungen zwischen Menschen st\u00e4rker. Es entstehen Beziehungen und das Team engagiert sich st\u00e4rker f\u00fcr die Erreichung der Ziele.","breadcrumb":{"@id":"https:\/\/www.koronakarkonoszy.pl\/blog-dla-firm\/integracja-w-grupie\/#breadcrumb"},"inLanguage":"de","potentialAction":[{"@type":"ReadAction","target":["https:\/\/www.koronakarkonoszy.pl\/blog-dla-firm\/integracja-w-grupie\/"]}]},{"@type":"ImageObject","inLanguage":"de","@id":"https:\/\/www.koronakarkonoszy.pl\/blog-dla-firm\/integracja-w-grupie\/#primaryimage","url":"https:\/\/www.koronakarkonoszy.pl\/blog-dla-firm\/wp-content\/uploads\/2023\/11\/team_building72-scaled.jpg","contentUrl":"https:\/\/www.koronakarkonoszy.pl\/blog-dla-firm\/wp-content\/uploads\/2023\/11\/team_building72-scaled.jpg","width":2560,"height":1714,"caption":"Impreza firmowa, Dw\u00f3r Korona Karkonoszy, Sosn\u00f3wka k. Karpacza"},{"@type":"BreadcrumbList","@id":"https:\/\/www.koronakarkonoszy.pl\/blog-dla-firm\/integracja-w-grupie\/#breadcrumb","itemListElement":[{"@type":"ListItem","position":1,"name":"Strona g\u0142\u00f3wna","item":"https:\/\/www.koronakarkonoszy.pl\/blog-dla-firm\/"},{"@type":"ListItem","position":2,"name":"Integracja w grupie"}]},{"@type":"WebSite","@id":"https:\/\/www.koronakarkonoszy.pl\/blog-dla-firm\/#website","url":"https:\/\/www.koronakarkonoszy.pl\/blog-dla-firm\/","name":":: Blog f\u00fcr Unternehmen \u2013 Schulung, Teammanagement, Teambuilding","description":"","potentialAction":[{"@type":"SearchAction","target":{"@type":"EntryPoint","urlTemplate":"https:\/\/www.koronakarkonoszy.pl\/blog-dla-firm\/?s={search_term_string}"},"query-input":{"@type":"PropertyValueSpecification","valueRequired":true,"valueName":"search_term_string"}}],"inLanguage":"de"},{"@type":"Person","@id":"https:\/\/www.koronakarkonoszy.pl\/blog-dla-firm\/#\/schema\/person\/c06752c3cb176906b455582ff7ef925e","name":"Agnes","image":{"@type":"ImageObject","inLanguage":"de","@id":"https:\/\/www.koronakarkonoszy.pl\/blog-dla-firm\/wp-content\/litespeed\/avatar\/53ee7b676463f74d0aea1a09de3d003b.jpg?ver=1777446304","url":"https:\/\/www.koronakarkonoszy.pl\/blog-dla-firm\/wp-content\/litespeed\/avatar\/53ee7b676463f74d0aea1a09de3d003b.jpg?ver=1777446304","contentUrl":"https:\/\/www.koronakarkonoszy.pl\/blog-dla-firm\/wp-content\/litespeed\/avatar\/53ee7b676463f74d0aea1a09de3d003b.jpg?ver=1777446304","caption":"agnieszka"},"url":"https:\/\/www.koronakarkonoszy.pl\/blog-dla-firm\/de\/author\/agnieszka\/"}]}},"_links":{"self":[{"href":"https:\/\/www.koronakarkonoszy.pl\/blog-dla-firm\/de\/wp-json\/wp\/v2\/posts\/980","targetHints":{"allow":["GET"]}}],"collection":[{"href":"https:\/\/www.koronakarkonoszy.pl\/blog-dla-firm\/de\/wp-json\/wp\/v2\/posts"}],"about":[{"href":"https:\/\/www.koronakarkonoszy.pl\/blog-dla-firm\/de\/wp-json\/wp\/v2\/types\/post"}],"author":[{"embeddable":true,"href":"https:\/\/www.koronakarkonoszy.pl\/blog-dla-firm\/de\/wp-json\/wp\/v2\/users\/11"}],"replies":[{"embeddable":true,"href":"https:\/\/www.koronakarkonoszy.pl\/blog-dla-firm\/de\/wp-json\/wp\/v2\/comments?post=980"}],"version-history":[{"count":7,"href":"https:\/\/www.koronakarkonoszy.pl\/blog-dla-firm\/de\/wp-json\/wp\/v2\/posts\/980\/revisions"}],"predecessor-version":[{"id":10411,"href":"https:\/\/www.koronakarkonoszy.pl\/blog-dla-firm\/de\/wp-json\/wp\/v2\/posts\/980\/revisions\/10411"}],"wp:featuredmedia":[{"embeddable":true,"href":"https:\/\/www.koronakarkonoszy.pl\/blog-dla-firm\/de\/wp-json\/wp\/v2\/media\/8147"}],"wp:attachment":[{"href":"https:\/\/www.koronakarkonoszy.pl\/blog-dla-firm\/de\/wp-json\/wp\/v2\/media?parent=980"}],"wp:term":[{"taxonomy":"category","embeddable":true,"href":"https:\/\/www.koronakarkonoszy.pl\/blog-dla-firm\/de\/wp-json\/wp\/v2\/categories?post=980"}],"curies":[{"name":"wp","href":"https:\/\/api.w.org\/{rel}","templated":true}]}}