{"id":768,"date":"2024-08-07T14:33:00","date_gmt":"2024-08-07T12:33:00","guid":{"rendered":"https:\/\/www.koronakarkonoszy.pl\/blog-dla-firm\/?p=768"},"modified":"2024-09-06T11:53:05","modified_gmt":"2024-09-06T09:53:05","slug":"obiekty-konferencyjne-w-gorach","status":"publish","type":"post","link":"https:\/\/www.koronakarkonoszy.pl\/blog-dla-firm\/de\/obiekty-konferencyjne-w-gorach\/","title":{"rendered":"Tagungsm\u00f6glichkeiten in den Bergen \u2013 perfekt f\u00fcr Firmenmeetings"},"content":{"rendered":"\n<p>Konferencje, imprezy integracyjne, szkolenia team buildingowe i inne zebrania biznesowe powinny by\u0107 organizowane w odpowiednich miejscach. Wybrana sala musi by\u0107 przystosowana do typu spotkania. Musi zapewni\u0107 uczestnikom pe\u0142en komfort i swobod\u0119 podczas kilkugodzinnych posiedze\u0144. Du\u017c\u0105 popularno\u015bci\u0105 w\u015br\u00f3d organizator\u00f3w takich wydarze\u0144 ciesz\u0105 si\u0119 obiekty konferencyjne w g\u00f3rach. Dlaczego warto wybra\u0107 takie miejsca?<\/p>\n\n\n\n<p><strong>Czego si\u0119 dowiesz z artyku\u0142u?<\/strong><\/p>\n\n\n\n<p>W sercu malowniczych krajobraz\u00f3w, otulone majestatycznym spokojem g\u00f3r, znajduj\u0105 si\u0119 obiekty konferencyjne, kt\u00f3re stanowi\u0105 wyj\u0105tkowe miejsce na organizacj\u0119 szkole\u0144, warsztat\u00f3w czy spotka\u0144 integracyjnych. Wyb\u00f3r obiektu konferencyjnego w g\u00f3rach to nie tylko decyzja o lokalizacji, ale przede wszystkim inwestycja w kreatywno\u015b\u0107 i produktywno\u015b\u0107 zespo\u0142u. Miejsce z dusz\u0105, inspirowane natur\u0105, sprzyja wymianie my\u015bli, budowaniu zespo\u0142u oraz ucieczce od codziennej rutyny biurowej. Kieruj\u0105c si\u0119 kilkoma kluczowymi kryteriami, mo\u017cna wybra\u0107 lokalizacj\u0119, kt\u00f3ra nie tylko wzbogaci cel spotkania, ale tak\u017ce stanie si\u0119 niezapomnian\u0105 przygod\u0105 dla wszystkich uczestnik\u00f3w.<\/p>\n\n\n<div id=\"ariadna-block_68037f601c8d7d9526f5c9afaf4cedc8\" class=\"ariadna\">\n    <ul><li><a href=\"#h-miejsce-z-dusza-co-sprzyja-kreatywnosci-i-produktywnosci\">Miejsce z dusz\u0105 &#8211; co sprzyja kreatywno\u015bci i produktywno\u015bci?<\/a><\/li><li><a href=\"#h-obiekty-konferencyjne-w-gorach-miejsce-na-integracje-pracownikow\">Obiekty konferencyjne w g\u00f3rach \u2013 miejsce na integracj\u0119 pracownik\u00f3w?<\/a><\/li><li><a href=\"#h-obiekty-konferencyjne-w-gorach-jak-wybrac-odpowiednia-lokalizacje\">Obiekty konferencyjne w g\u00f3rach \u2013 jak wybra\u0107 odpowiedni\u0105 lokalizacj\u0119?<\/a><\/li><\/ul>\n<\/div>\n\n\n\n\n\n\n<figure class=\"wp-block-image size-large is-resized\"><a href=\"https:\/\/www.koronakarkonoszy.pl\/konfigurator-imprez\/\" target=\"_blank\" rel=\"noreferrer noopener\"><img loading=\"lazy\" decoding=\"async\" width=\"1024\" height=\"510\" src=\"https:\/\/www.koronakarkonoszy.pl\/blog-dla-firm\/wp-content\/uploads\/2023\/11\/DKK-konfigurator_01-1024x510.jpg\" alt=\"Konfigurator imprez firmowych agencji eventowej Dw\u00f3r Korona Karkonoszy\" class=\"wp-image-7804\" style=\"width:855px;height:auto\" title=\"Konfigurator imprez firmowych agencji eventowej \" srcset=\"https:\/\/www.koronakarkonoszy.pl\/blog-dla-firm\/wp-content\/uploads\/2023\/11\/DKK-konfigurator_01-1024x510.jpg 1024w, https:\/\/www.koronakarkonoszy.pl\/blog-dla-firm\/wp-content\/uploads\/2023\/11\/DKK-konfigurator_01-300x150.jpg 300w, https:\/\/www.koronakarkonoszy.pl\/blog-dla-firm\/wp-content\/uploads\/2023\/11\/DKK-konfigurator_01-768x383.jpg 768w, https:\/\/www.koronakarkonoszy.pl\/blog-dla-firm\/wp-content\/uploads\/2023\/11\/DKK-konfigurator_01-1920x957.jpg 1920w, https:\/\/www.koronakarkonoszy.pl\/blog-dla-firm\/wp-content\/uploads\/2023\/11\/DKK-konfigurator_01-1536x766.jpg 1536w, https:\/\/www.koronakarkonoszy.pl\/blog-dla-firm\/wp-content\/uploads\/2023\/11\/DKK-konfigurator_01-18x9.jpg 18w, https:\/\/www.koronakarkonoszy.pl\/blog-dla-firm\/wp-content\/uploads\/2023\/11\/DKK-konfigurator_01.jpg 2040w\" sizes=\"auto, (max-width: 1024px) 100vw, 1024px\" \/><\/a><\/figure>\n\n\n\n<h2 class=\"wp-block-heading\" id=\"h-miejsce-z-dusza-co-sprzyja-kreatywnosci-i-produktywnosci\">Miejsce z dusz\u0105 &#8211; co sprzyja kreatywno\u015bci i produktywno\u015bci?<\/h2>\n\n\n\n<p>Wiele firm organizuje cykliczne konferencje czy spotkania dla pracownik\u00f3w lub partner\u00f3w biznesowych. Celem takich zebra\u0144 zwykle jest podsumowanie dotychczasowych dzia\u0142a\u0144, przedstawienie i wprowadzenie nowych produkt\u00f3w na rynek, czy te\u017c rozmowy o dalszych losach przedsi\u0119biorstwa. Bardzo cz\u0119sto nie da si\u0119 om\u00f3wi\u0107 wszystkich kwestii na kilkugodzinnym spotkaniu, dlatego te\u017c organizatorzy zwykle decyduj\u0105 si\u0119 na kilkudniowe zebrania. Takie rozwi\u0105zanie umo\u017cliwia dok\u0142adniejsz\u0105 i, co najwa\u017cniejsze, spokojniejsz\u0105 analiz\u0119 bie\u017c\u0105cych spraw.<\/p>\n\n\n\n<figure class=\"wp-block-image size-large\"><a href=\"https:\/\/www.koronakarkonoszy.pl\/dla-firm\/\" target=\"_blank\" rel=\"noreferrer noopener\"><img loading=\"lazy\" decoding=\"async\" width=\"1024\" height=\"512\" src=\"https:\/\/www.koronakarkonoszy.pl\/blog-dla-firm\/wp-content\/uploads\/2021\/07\/imprezy_firmowe_DKK-2-1024x512.jpg\" alt=\"\" class=\"wp-image-3469\" srcset=\"https:\/\/www.koronakarkonoszy.pl\/blog-dla-firm\/wp-content\/uploads\/2021\/07\/imprezy_firmowe_DKK-2-1024x512.jpg 1024w, https:\/\/www.koronakarkonoszy.pl\/blog-dla-firm\/wp-content\/uploads\/2021\/07\/imprezy_firmowe_DKK-2-300x150.jpg 300w, https:\/\/www.koronakarkonoszy.pl\/blog-dla-firm\/wp-content\/uploads\/2021\/07\/imprezy_firmowe_DKK-2-768x384.jpg 768w, https:\/\/www.koronakarkonoszy.pl\/blog-dla-firm\/wp-content\/uploads\/2021\/07\/imprezy_firmowe_DKK-2.jpg 1200w\" sizes=\"auto, (max-width: 1024px) 100vw, 1024px\" \/><\/a><\/figure>\n\n\n\n<p>Spotkanie biznesowe powinno odbywa\u0107 si\u0119 w odpowiednio przystosowanym miejscu. Najlepszym wyborem jest obiekt, kt\u00f3ry dysponuje przestronn\u0105 sal\u0105 konferencyjn\u0105 ze wszystkimi niezb\u0119dnymi sprz\u0119tami, a tak\u017ce jest w stanie zapewni\u0107 uczestnikom komfortowe miejsca noclegowe oraz smaczne i po\u017cywne posi\u0142ki. Budynek powinien znajdowa\u0107 si\u0119 w spokojnym miejscu. Atrakcyjna, zielona okolica sprzyja produktywno\u015bci i rozbudza kreatywno\u015b\u0107. Dzi\u0119ki temu spotkanie jest przyjemniejsze i prowadzi do osi\u0105gni\u0119cia wyznaczonych cel\u00f3w.<\/p>\n\n\n<section id=\"leonardo-block_cc3fcef2729dc51eadcbe0ae7462c39d\" class=\"leonardo page-breaker leonardo-image-right\">\n    <div class=\"leonardo-body\">\n                <div class=\"leonardo-content\"><h3 id=\"ha-eventy-w-gorach\">Eventy w g\u00f3rach<\/h3>\n<p>Du\u017c\u0105 popularno\u015bci\u0105 ciesz\u0105 si\u0119 <strong>obiekty konferencyjne w g\u00f3rach<\/strong>. Po\u0142udnie Polski to niezwykle malowniczy region, kt\u00f3ry przez ca\u0142y rok przyci\u0105ga do siebie mn\u00f3stwo os\u00f3b z r\u00f3\u017cnych cz\u0119\u015bci kraju. Jest to idealne miejsce zar\u00f3wno na spokojny odpoczynek w gronie najbli\u017cszych z dala od miejskiego zgie\u0142ku i szybkiego \u017cycia, jak i na produktywne spotkanie biznesowe z pracownikami lub kontrahentami.<\/p>\n<\/div>\n                    <aside class=\"leonardo-interlink\">\n                <b>Polecamy<\/b>\n                <a href=\"https:\/\/www.koronakarkonoszy.pl\/blog-dla-firm\/de\/cwiczenia-integracyjne\/\">\u0106wiczenia integracyjne &#8211; co si\u0119 sprawdza?<\/a>\n            <\/aside>\n            <\/div>\n    <div class=\"leonardo-image\">\n        <img loading=\"lazy\" decoding=\"async\" width=\"1280\" height=\"812\" src=\"https:\/\/www.koronakarkonoszy.pl\/blog-dla-firm\/wp-content\/uploads\/2021\/07\/obiekt-na-konferencje-w-gorach.jpg\" class=\"attachment-full size-full\" alt=\"Obiekt na konferencj\u0119 w g\u00f3rach\" srcset=\"https:\/\/www.koronakarkonoszy.pl\/blog-dla-firm\/wp-content\/uploads\/2021\/07\/obiekt-na-konferencje-w-gorach.jpg 1280w, https:\/\/www.koronakarkonoszy.pl\/blog-dla-firm\/wp-content\/uploads\/2021\/07\/obiekt-na-konferencje-w-gorach-300x190.jpg 300w, https:\/\/www.koronakarkonoszy.pl\/blog-dla-firm\/wp-content\/uploads\/2021\/07\/obiekt-na-konferencje-w-gorach-1024x650.jpg 1024w, https:\/\/www.koronakarkonoszy.pl\/blog-dla-firm\/wp-content\/uploads\/2021\/07\/obiekt-na-konferencje-w-gorach-768x487.jpg 768w\" sizes=\"auto, (max-width: 1280px) 100vw, 1280px\" \/>            <\/div>\n<\/section>\n\n\n<p>Dw\u00f3r Korona Karkonoszy dysponuje kilkoma salami idealnymi na konferencje, szkolenia dla pracownik\u00f3w czy inne spotkania biznesowe. Jedn\u0105 z nich jest przestronna sala \u201eRefektarz\u201d, kt\u00f3ra mo\u017ce pomie\u015bci\u0107 nawet 90 os\u00f3b. Pomieszczenie zosta\u0142o wyposa\u017cone w klimatyzacj\u0119 oraz wszystkie niezb\u0119dne sprz\u0119ty. Uczestnicy spotka\u0144 maj\u0105 do dyspozycji osobne wyj\u015bcie do ogrodu oraz w\u0142asne zaplecze <a href=\"https:\/\/www.koronakarkonoszy.pl\/catering\/\" target=\"_blank\" rel=\"noreferrer noopener\">cateringowe<\/a>.<\/p>\n\n\n\n<figure class=\"wp-block-image size-large is-resized\"><a href=\"https:\/\/www.koronakarkonoszy.pl\/dla-firm\/\" target=\"_blank\" rel=\"noreferrer noopener\"><img loading=\"lazy\" decoding=\"async\" width=\"1024\" height=\"683\" src=\"https:\/\/www.koronakarkonoszy.pl\/blog-dla-firm\/wp-content\/uploads\/2022\/11\/Sala-Szkoleniowa-Refektarz-4-1024x683.jpg\" alt=\"\" class=\"wp-image-4228\" style=\"width:839px;height:559px\" srcset=\"https:\/\/www.koronakarkonoszy.pl\/blog-dla-firm\/wp-content\/uploads\/2022\/11\/Sala-Szkoleniowa-Refektarz-4-1024x683.jpg 1024w, https:\/\/www.koronakarkonoszy.pl\/blog-dla-firm\/wp-content\/uploads\/2022\/11\/Sala-Szkoleniowa-Refektarz-4-300x200.jpg 300w, https:\/\/www.koronakarkonoszy.pl\/blog-dla-firm\/wp-content\/uploads\/2022\/11\/Sala-Szkoleniowa-Refektarz-4-768x512.jpg 768w, https:\/\/www.koronakarkonoszy.pl\/blog-dla-firm\/wp-content\/uploads\/2022\/11\/Sala-Szkoleniowa-Refektarz-4-1920x1280.jpg 1920w, https:\/\/www.koronakarkonoszy.pl\/blog-dla-firm\/wp-content\/uploads\/2022\/11\/Sala-Szkoleniowa-Refektarz-4-1536x1024.jpg 1536w, https:\/\/www.koronakarkonoszy.pl\/blog-dla-firm\/wp-content\/uploads\/2022\/11\/Sala-Szkoleniowa-Refektarz-4-2048x1365.jpg 2048w\" sizes=\"auto, (max-width: 1024px) 100vw, 1024px\" \/><\/a><figcaption class=\"wp-element-caption\"><strong>Sala Refektarz &#8211; <a href=\"https:\/\/www.koronakarkonoszy.pl\/imprezy-firmowe\/\" target=\"_blank\" rel=\"noreferrer noopener\">Dw\u00f3r Korona Karkonoszy,<\/a> Sosn\u00f3wka<\/strong><\/figcaption><\/figure>\n\n\n\n<h2 class=\"wp-block-heading\"><strong>Jak zach\u0119ci\u0107 do uczestnictwa w konferencji?<\/strong><\/h2>\n\n\n\n<p>Konferencja \u2013 jak j\u0105 uczyni\u0107 atrakcyjn\u0105? Jak zapewni\u0107 frekwencj\u0119 podczas prelekcji i wyk\u0142ad\u00f3w? <a href=\"https:\/\/www.koronakarkonoszy.pl\/blog-dla-firm\/organizacja-konferencji-w-hotelu\/\" target=\"_blank\" rel=\"noreferrer noopener\">Organizacja konferencji<\/a> to nie\u0142atwa sprawa. Wiadomo, \u017ce organizatorom du\u017cych, otwartych event\u00f3w zale\u017cy na \u015bci\u0105gni\u0119ciu jak najwi\u0119kszej liczby go\u015bci. Je\u015bli jest to wydarzenie bran\u017cowe lub naukowe, to warto postara\u0107 si\u0119, by uczestniczy\u0142y w nim osoby uznane za autorytety, osoby wp\u0142ywowe w danej dziedzinie. Takie osobisto\u015bci ju\u017c sam\u0105 swoj\u0105 obecno\u015bci\u0105 podnios\u0105 presti\u017c wydarzenia i nadadz\u0105 mu wy\u017csz\u0105 rang\u0119.<\/p>\n\n\n\n<figure class=\"wp-block-image size-large is-resized\"><img loading=\"lazy\" decoding=\"async\" width=\"1024\" height=\"682\" src=\"https:\/\/www.koronakarkonoszy.pl\/blog-dla-firm\/wp-content\/uploads\/2022\/09\/DJI_0028-1-1024x682.jpg\" alt=\"\" class=\"wp-image-3571\" style=\"width:836px;height:557px\" srcset=\"https:\/\/www.koronakarkonoszy.pl\/blog-dla-firm\/wp-content\/uploads\/2022\/09\/DJI_0028-1-1024x682.jpg 1024w, https:\/\/www.koronakarkonoszy.pl\/blog-dla-firm\/wp-content\/uploads\/2022\/09\/DJI_0028-1-300x200.jpg 300w, https:\/\/www.koronakarkonoszy.pl\/blog-dla-firm\/wp-content\/uploads\/2022\/09\/DJI_0028-1-768x512.jpg 768w, https:\/\/www.koronakarkonoszy.pl\/blog-dla-firm\/wp-content\/uploads\/2022\/09\/DJI_0028-1.jpg 1280w\" sizes=\"auto, (max-width: 1024px) 100vw, 1024px\" \/><figcaption class=\"wp-element-caption\"><strong>Obiekty konferencyjne w g\u00f3rach<strong> &#8211; Dw\u00f3r Korona Karkonoszy, <a href=\"https:\/\/www.koronakarkonoszy.pl\/blog-dla-firm\/sosnowka-w-samym-sercu-karkonoszy\/\" target=\"_blank\" rel=\"noreferrer noopener\">Sosn\u00f3wka<\/a><\/strong><\/strong><\/figcaption><\/figure>\n\n\n\n<p>Co mo\u017ce sprawi\u0107, \u017ce zainteresujemy potencjalnych uczestnik\u00f3w tematyk\u0105 i zach\u0119cimy do uczestnictwa? Oczywi\u015bcie kampanie promocyjne i informacyjne, bezpo\u015brednie dotarcie do tych os\u00f3b i atrakcyjne wydarzenia towarzysz\u0105ce konferencji &#8211; tego typu dzia\u0142ania na pewno w tym pomog\u0105.<\/p>\n\n\n\n<figure class=\"wp-block-image size-full\"><img loading=\"lazy\" decoding=\"async\" width=\"840\" height=\"560\" src=\"https:\/\/www.koronakarkonoszy.pl\/blog-dla-firm\/wp-content\/uploads\/2021\/05\/Dwor-Korona-Karkonoszy-pozna-jesien-1.jpg\" alt=\"\" class=\"wp-image-325\" srcset=\"https:\/\/www.koronakarkonoszy.pl\/blog-dla-firm\/wp-content\/uploads\/2021\/05\/Dwor-Korona-Karkonoszy-pozna-jesien-1.jpg 840w, https:\/\/www.koronakarkonoszy.pl\/blog-dla-firm\/wp-content\/uploads\/2021\/05\/Dwor-Korona-Karkonoszy-pozna-jesien-1-300x200.jpg 300w, https:\/\/www.koronakarkonoszy.pl\/blog-dla-firm\/wp-content\/uploads\/2021\/05\/Dwor-Korona-Karkonoszy-pozna-jesien-1-768x512.jpg 768w\" sizes=\"auto, (max-width: 840px) 100vw, 840px\" \/><figcaption class=\"wp-element-caption\"><strong><a href=\"https:\/\/www.koronakarkonoszy.pl\/imprezy-firmowe\/\" target=\"_blank\" rel=\"noreferrer noopener\">Dw\u00f3r Korona Karkonoszy,<\/a> Sosn\u00f3wka<\/strong><\/figcaption><\/figure>\n\n\n\n<p>Zatem jak <strong>zach\u0119ci\u0107 do uczestnictwa w konferencji<\/strong>? Pami\u0119tajmy, \u017ce dla wielu ludzi r\u00f3wnie\u017c atrakcyjno\u015b\u0107 i rozpoznawalno\u015b\u0107 miejsca, do kt\u00f3rego mieliby si\u0119 uda\u0107, te\u017c b\u0119dzie du\u017c\u0105 zach\u0119t\u0105. S\u0105 takie obiekty konferencyjne w g\u00f3rach, do kt\u00f3rych w\u0142a\u015bciwie wszyscy ch\u0119tnie pojad\u0105. A wiadomo, \u017ce im wi\u0119cej uczestnik\u00f3w i wydarze\u0144 towarzysz\u0105cych, tym lepiej. Mo\u017cna te\u017c przy okazji w taki w\u0142a\u015bnie spos\u00f3b promowa\u0107 mark\u0119 albo okre\u015blony produkt.<\/p>\n\n\n<section id=\"leonardo-block_a94850275f6de9e8218b141a7dcdb08e\" class=\"leonardo page-breaker leonardo-image-left\">\n    <div class=\"leonardo-body\">\n                <div class=\"leonardo-content\"><p><!-- wp:heading --><\/p>\n<h3 id=\"ha-hotele-konferencyjne-w-gorach\">Hotele konferencyjne w g\u00f3rach<\/h3>\n<p>G\u00f3ry maj\u0105 w sobie co\u015b magicznego. Majestatyczne szczyty, rozleg\u0142e po\u0142oniny, rw\u0105ce potoki tworz\u0105 niepowtarzalny klimat. Dlatego w\u0142a\u015bnie hotele konferencyjne w Polsce ciesz\u0105 si\u0119 du\u017c\u0105 popularno\u015bci\u0105, zar\u00f3wno w\u015br\u00f3d krajowych uczestnik\u00f3w event\u00f3w, jak r\u00f3wnie\u017c w\u015br\u00f3d go\u015bci z zagranicy. Jest wiele <strong>obiekt\u00f3w konferencyjnych<\/strong>, kt\u00f3re wcale nie ust\u0119puj\u0105 jako\u015bci\u0105 i standardem tym znanym z innych kraj\u00f3w. Co wi\u0119cej, niekt\u00f3rzy zagraniczni uczestnicy konferencji i event\u00f3w uwa\u017caj\u0105, \u017ce niekt\u00f3re obiekty konferencyjne w polskich g\u00f3rach przewy\u017cszaj\u0105 te zachodnie dba\u0142o\u015bci\u0105 o detale i indywidualnym podej\u015bciem do uczestnik\u00f3w.<\/p>\n<p><!-- \/wp:paragraph --> <!-- wp:paragraph --><\/p>\n<p>Warto pami\u0119ta\u0107, \u017ce w Polsce mamy sporo zupe\u0142nie nowych albo zmodernizowanych, a jednocze\u015bnie nawi\u0105zuj\u0105cych do tradycyjnych obiekt\u00f3w pensjonat\u00f3w, hoteli, pa\u0142acyk\u00f3w czy dwor\u00f3w. Stare, urokliwe pa\u0142ace i wyj\u0105tkowe zamki doczeka\u0142y si\u0119 remont\u00f3w. Zosta\u0142y przystosowane do wsp\u00f3\u0142czesnych standard\u00f3w i idealnie nadaj\u0105 si\u0119 do organizacji konferencji, szkole\u0144 i event\u00f3w.<\/p>\n<p><!-- \/wp:paragraph --> <!-- wp:paragraph --><\/p>\n<p>Naturalne zatem, \u017ce <strong>hotele konferencyjne w g\u00f3rach<\/strong> s\u0105 cz\u0119sto wybierane na miejsce mi\u0119dzynarodowych konferencji, spotka\u0144 czy sympozj\u00f3w. Niekt\u00f3re z nich, jak cho\u0107by Mi\u0119dzynarodowe Forum Ekonomiczne, na sta\u0142e wpisa\u0142y si\u0119 ju\u017c w kalendarz spotka\u0144 ludzi ze \u015bwiata biznesu i ekonomii.<\/p>\n<p><!-- \/wp:paragraph --><\/p>\n<\/div>\n            <\/div>\n    <div class=\"leonardo-image\">\n        <img loading=\"lazy\" decoding=\"async\" width=\"780\" height=\"520\" src=\"https:\/\/www.koronakarkonoszy.pl\/blog-dla-firm\/wp-content\/uploads\/2021\/05\/piekne-wesele-wesele-Karpacz-Dwor-Korona-Karkonoszy.jpg\" class=\"attachment-full size-full\" alt=\"Centrum Eventowe Dworu Korona Karkonoszy w Sosn\u00f3wce ko\u0142o Karpacza\" srcset=\"https:\/\/www.koronakarkonoszy.pl\/blog-dla-firm\/wp-content\/uploads\/2021\/05\/piekne-wesele-wesele-Karpacz-Dwor-Korona-Karkonoszy.jpg 780w, https:\/\/www.koronakarkonoszy.pl\/blog-dla-firm\/wp-content\/uploads\/2021\/05\/piekne-wesele-wesele-Karpacz-Dwor-Korona-Karkonoszy-300x200.jpg 300w, https:\/\/www.koronakarkonoszy.pl\/blog-dla-firm\/wp-content\/uploads\/2021\/05\/piekne-wesele-wesele-Karpacz-Dwor-Korona-Karkonoszy-768x512.jpg 768w\" sizes=\"auto, (max-width: 780px) 100vw, 780px\" \/>            <\/div>\n<\/section>\n\n\n<h2 class=\"wp-block-heading\" id=\"h-obiekty-konferencyjne-w-gorach-miejsce-na-integracje-pracownikow\">Obiekty konferencyjne w g\u00f3rach \u2013 miejsce na integracj\u0119 pracownik\u00f3w?<\/h2>\n\n\n\n<p>Dobra atmosfera w miejscu pracy to podstawa! Kiedy pracownicy potrafi\u0105 si\u0119 dogada\u0107 i pozostaj\u0105 w dobrych, przyjacielskich relacjach, ich dzia\u0142ania s\u0105 bardziej efektywne. Zesp\u00f3\u0142 funkcjonuje sprawniej i osi\u0105ga lepsze rezultaty, oferuj\u0105c swoje us\u0142ugi czy produkty na rynku.<\/p>\n\n\n\n<figure class=\"wp-block-image size-full\"><img loading=\"lazy\" decoding=\"async\" width=\"640\" height=\"427\" src=\"https:\/\/www.koronakarkonoszy.pl\/blog-dla-firm\/wp-content\/uploads\/2021\/08\/integracja-w-grupie2.jpg\" alt=\"\" class=\"wp-image-983\" srcset=\"https:\/\/www.koronakarkonoszy.pl\/blog-dla-firm\/wp-content\/uploads\/2021\/08\/integracja-w-grupie2.jpg 640w, https:\/\/www.koronakarkonoszy.pl\/blog-dla-firm\/wp-content\/uploads\/2021\/08\/integracja-w-grupie2-300x200.jpg 300w\" sizes=\"auto, (max-width: 640px) 100vw, 640px\" \/><figcaption class=\"wp-element-caption\"><strong>Integracja w g\u00f3rach &#8211; <a href=\"https:\/\/www.koronakarkonoszy.pl\/imprezy-firmowe\/\" target=\"_blank\" rel=\"noreferrer noopener\">Dw\u00f3r Korona Karkonoszy<\/a>, <a href=\"https:\/\/www.koronakarkonoszy.pl\/blog-atrakcje\/sosnowka\/\" class=\"links-placer\">Sosn\u00f3wka<\/a> <\/strong><\/figcaption><\/figure>\n\n\n\n<p>Doskona\u0142ym sposobem na stworzenie pozytywnej atmosfery mi\u0119dzy cz\u0142onkami firmowej za\u0142ogi jest organizacja cyklicznych <strong>imprez integracyjnych<\/strong>. Wydarzenia integracyjne stwarzaj\u0105 znakomite warunki do rozmowy na tematy inne ni\u017c praca i pozwalaj\u0105 zbudowa\u0107 przyjacielskie wi\u0119zi mi\u0119dzy pracownikami. Mo\u017cna podzieli\u0107 si\u0119 do\u015bwiadczeniami zar\u00f3wno zawodowymi, jak i swoj\u0105 pasj\u0105 czy zainteresowaniami.<\/p>\n\n\n\n<style>\n    .cta_block{\n        margin: 1.5em 0;\n    }\n    .cta_block_content {\n        position: relative;\n        color: white;\n        padding: 1em;\n    }\n    .cta_block_content h3{\n        text-align: center;\n        font: normal normal normal 36px\/50px Yeseva One;\n    }\n    .cta_block_content .cta_block_desc{\n        text-align: center;\n        font-size: 1.1em;\n        position: relative;\n    }\n    .cta_block_content .cta_block_desc:before {\n        content: '';\n        width: 80px;\n        height: 4px;\n        background: #EEB315;\n        position: absolute;\n        left: 0;\n        right: 0;\n        margin-left: auto;\n        margin-right: auto;\n        top: -22px;\n    }\n\n    .cta_block_content picture{\n        position: absolute;\n        top: 0;\n        right: 0;\n        z-index: -1;\n        height: 100%;\n        overflow: hidden;\n        width: 100%;\n    }\n    .cta_block_content picture img{\n        object-fit: cover;\n        height: 100%;\n        width: 100%;\n    }\n    .cta_block .cta_block_content .ninja-forms-field{\n        background: #FFFFFF2F;\n        border: 1px solid #EEB315;\n        border-radius: 25px;\n        opacity: 1;\n        color: #ffffff;\n    }\n    .cta_block .cta_block_content .nf-form-content input[type=submit]{\n        background-color: #EEB315;\n        color: #292929;\n        text-align: center;\n        font: normal normal bold 14px\/20px Work Sans;\n        padding: 0 2em;\n    }\n\n    .cta_block ::placeholder{\n        color: white!important;\n        opacity: 1;\n    }\n\n    .cta_block_content::after {\n        height: 100%;\n        width: 100%;\n        content: \"\";\n        z-index: -1;\n        position: absolute;\n        top: 0;\n        background: #00000070;\n        right: 0;\n        left: 0;\n        bottom: 0;\n    }\n    #ha-cta-block, .cta_block_desc, .cta_block .nf-field-label, .cta_block .nf-error-msg {\n        filter: drop-shadow(1px 1px 8px black);\n    }\n\n\/*    .cta_block nf-rows-wrap {\n        display: flex;\n        justify-content: space-around;\n        flex-direction: row;\n    }*\/\n\n    .cta_block .nf-field-label {\n        display:none;\n    }\n\n    .cta_block .nf-error.field-wrap .nf-field-element::after {\n        border-radius: 50px;\n    }\n\n    .cta_block .nf-error-msg {\n        color: #fff;\n    }\n\n    .cta_block .nf-form-cont {\n        margin-top: 3em;\n        margin-bottom: 1em;\n    }\n\n    .wp-admin .cta_block_content{\n        display: none;\n    }\n    .cta_block .nf-form-fields-required {\n        display: none;\n    }\n    body:not(.wp-admin) .cta_block_admin {\n        display: none;\n    }\n<\/style>\n<div id=\"cta_block-block_a3e8bc947119c326b5fb470197198e07\" class=\"cta_block\">\n    <div class=\"cta_block_admin\" style=\"background-color: blue; color: white\">\n        Blok CTA\n    <\/div>\n    <div class=\"cta_block\">\n        <div class=\"cta_block_content\">   \n        <h3 id=\"ha-szukasz-atrakcyjnego-obiektu-konferencyjnego-w-gorach\">Szukasz atrakcyjnego obiektu konferencyjnego w g\u00f3rach?<\/h3>\n                    <div class=\"cta_block_desc\">Sprawd\u017a dost\u0119pne terminy i zarezerwuj dogodn\u0105 dat\u0119 ju\u017c dzi\u015b!<\/div>\n                <noscript class=\"ninja-forms-noscript-message\">\n\tHinweis: F\u00fcr diesen Inhalt ist JavaScript erforderlich.<\/noscript>\n<div id=\"nf-form-3-cont\" class=\"nf-form-cont\" aria-live=\"polite\" aria-labelledby=\"nf-form-title-3\" aria-describedby=\"nf-form-errors-3\" role=\"form\">\n\n    <div class=\"nf-loading-spinner\"><\/div>\n\n<\/div>\n        <!-- That data is being printed as a workaround to page builders reordering the order of the scripts loaded-->\n        <script>var formDisplay=1;var nfForms=nfForms||[];var form=[];form.id='3';form.settings={\"objectType\":\"Form Setting\",\"editActive\":true,\"title\":\"Block CTA\",\"created_at\":\"2022-11-09 19:27:14\",\"default_label_pos\":\"above\",\"show_title\":0,\"clear_complete\":\"1\",\"hide_complete\":\"1\",\"logged_in\":\"\",\"wrapper_class\":\"\",\"element_class\":\"\",\"key\":\"\",\"add_submit\":\"0\",\"currency\":\"\",\"repeatable_fieldsets\":\"\",\"unique_field_error\":\"Formularz z t\\u0105 warto\\u015bci\\u0105 zosta\\u0142 ju\\u017c przes\\u0142any.\",\"not_logged_in_msg\":\"\",\"sub_limit_msg\":\"Formularz osi\\u0105gn\\u0105\\u0142 limit wys\\u0142a\\u0144.\",\"calculations\":[],\"container_styles_show_advanced_css\":\"0\",\"title_styles_show_advanced_css\":\"0\",\"row_styles_show_advanced_css\":\"0\",\"row-odd_styles_show_advanced_css\":\"0\",\"success-msg_styles_show_advanced_css\":\"0\",\"error_msg_styles_show_advanced_css\":\"0\",\"formContentData\":[{\"order\":1,\"cells\":[{\"order\":0,\"fields\":[\"phone_1640098275087\"],\"width\":35},{\"order\":1,\"fields\":[\"adres_e-mail_1668018487177\"],\"width\":35},{\"order\":2,\"fields\":[\"zapisz_mnie_1668018472281\"],\"width\":30}]}],\"conditions\":[],\"drawerDisabled\":false,\"allow_public_link\":0,\"embed_form\":\"\",\"changeEmailErrorMsg\":\"Bitte gib eine g\\u00fcltige E-Mail-Adresse ein.\",\"changeDateErrorMsg\":\"Bitte gib ein g\\u00fcltiges Datum ein!\",\"confirmFieldErrorMsg\":\"Diese Felder m\\u00fcssen \\u00fcbereinstimmen!\",\"fieldNumberNumMinError\":\"Die eingegebene Zahl ist zu klein.\",\"fieldNumberNumMaxError\":\"Die eingegebene Zahl ist zu gross.\",\"fieldNumberIncrementBy\":\"Bitte erh\\u00f6hen in Schritten von\",\"formErrorsCorrectErrors\":\"Bitte korrigiere die Fehler, bevor du das Formular sendest.\",\"validateRequiredField\":\"Dies ist ein Pflichtfeld.\",\"honeypotHoneypotError\":\"Honeypot-Fehler\",\"fieldsMarkedRequired\":\"Felder mit einem <span class=\\\"ninja-forms-req-symbol\\\">*<\\\/span> sind Pflichtfelder\",\"form_title_heading_level\":\"3\",\"ninjaForms\":\"Ninja Forms\",\"fieldTextareaRTEInsertLink\":\"Link einf\\u00fcgen\",\"fieldTextareaRTEInsertMedia\":\"Medien einf\\u00fcgen\",\"fieldTextareaRTESelectAFile\":\"Eine Datei ausw\\u00e4hlen\",\"formHoneypot\":\"Falls du ein Mensch bist und dieses Feld siehst, dann lasse es bitte leer.\",\"fileUploadOldCodeFileUploadInProgress\":\"Datei-Upload l\\u00e4uft.\",\"fileUploadOldCodeFileUpload\":\"DATEI-UPLOAD\",\"currencySymbol\":\"&#36;\",\"thousands_sep\":\".\",\"decimal_point\":\",\",\"siteLocale\":\"de_DE\",\"dateFormat\":\"m\\\/d\\\/Y\",\"startOfWeek\":\"1\",\"of\":\"von\",\"previousMonth\":\"Vorheriger Monat\",\"nextMonth\":\"N\\u00e4chster Monat\",\"months\":[\"Januar\",\"Februar\",\"M\\u00e4rz\",\"April\",\"Mai\",\"Juni\",\"Juli\",\"August\",\"September\",\"Oktober\",\"November\",\"Dezember\"],\"monthsShort\":[\"Jan.\",\"Feb.\",\"M\\u00e4rz\",\"Apr.\",\"Mai\",\"Juni\",\"Juli\",\"Aug\",\"Sep.\",\"Okt.\",\"Nov.\",\"Dez.\"],\"weekdays\":[\"Sonntag\",\"Montag\",\"Dienstag\",\"Mittwoch\",\"Donnerstag\",\"Freitag\",\"Samstag\"],\"weekdaysShort\":[\"So.\",\"Mo.\",\"Di.\",\"Mi.\",\"Do.\",\"Fr.\",\"Sa.\"],\"weekdaysMin\":[\"So.\",\"Mo.\",\"Di.\",\"Mi.\",\"Do.\",\"Fr.\",\"Sa.\"],\"recaptchaConsentMissing\":\"reCaptcha validation couldn&#039;t load.\",\"recaptchaMissingCookie\":\"reCaptcha v3 validation couldn&#039;t load the cookie needed to submit the form.\",\"recaptchaConsentEvent\":\"Accept reCaptcha cookies before sending the form.\",\"currency_symbol\":\"\",\"beforeForm\":\"\",\"beforeFields\":\"\",\"afterFields\":\"\",\"afterForm\":\"\"};form.fields=[{\"objectType\":\"Field\",\"objectDomain\":\"fields\",\"editActive\":false,\"order\":1,\"idAttribute\":\"id\",\"type\":\"phone\",\"label\":\"Numer telefonu\",\"key\":\"phone_1640098275087\",\"label_pos\":\"above\",\"required\":\"\",\"default\":\"\",\"placeholder\":\"Numer telefonu\",\"container_class\":\"\",\"element_class\":\"\",\"input_limit\":\"\",\"input_limit_type\":\"characters\",\"input_limit_msg\":\"Liczba pozosta\\u0142ych znak\\u00f3w:\",\"manual_key\":\"\",\"admin_label\":\"\",\"help_text\":\"\",\"mask\":\"\",\"custom_mask\":\"\",\"custom_name_attribute\":\"phone\",\"personally_identifiable\":1,\"wrap_styles_border\":\"\",\"wrap_styles_width\":\"\",\"wrap_styles_margin\":\"\",\"wrap_styles_padding\":\"\",\"wrap_styles_float\":\"\",\"wrap_styles_show_advanced_css\":0,\"label_styles_border\":\"\",\"label_styles_width\":\"\",\"label_styles_font-size\":\"\",\"label_styles_margin\":\"\",\"label_styles_padding\":\"\",\"label_styles_float\":\"\",\"label_styles_show_advanced_css\":0,\"element_styles_border\":\"\",\"element_styles_width\":\"\",\"element_styles_font-size\":\"\",\"element_styles_margin\":\"\",\"element_styles_padding\":\"\",\"element_styles_float\":\"\",\"element_styles_show_advanced_css\":0,\"cellcid\":\"c3398\",\"value\":\"\",\"drawerDisabled\":\"\",\"field_label\":\"Numer telefonu\",\"field_key\":\"phone_1640098275087\",\"id\":9,\"beforeField\":\"\",\"afterField\":\"\",\"parentType\":\"textbox\",\"element_templates\":[\"tel\",\"textbox\",\"input\"],\"old_classname\":\"\",\"wrap_template\":\"wrap\"},{\"objectType\":\"Field\",\"objectDomain\":\"fields\",\"editActive\":false,\"order\":2,\"idAttribute\":\"id\",\"type\":\"email\",\"label\":\"Adres e-mail\",\"key\":\"adres_e-mail_1668018487177\",\"label_pos\":\"above\",\"required\":\"\",\"default\":\"\",\"placeholder\":\"Adres e-mail\",\"container_class\":\"\",\"element_class\":\"\",\"admin_label\":\"\",\"help_text\":\"\",\"custom_name_attribute\":\"email\",\"personally_identifiable\":1,\"wrap_styles_border\":\"\",\"wrap_styles_width\":\"\",\"wrap_styles_margin\":\"\",\"wrap_styles_padding\":\"\",\"wrap_styles_float\":\"\",\"wrap_styles_show_advanced_css\":0,\"label_styles_border\":\"\",\"label_styles_width\":\"\",\"label_styles_font-size\":\"\",\"label_styles_margin\":\"\",\"label_styles_padding\":\"\",\"label_styles_float\":\"\",\"label_styles_show_advanced_css\":0,\"element_styles_border\":\"\",\"element_styles_width\":\"\",\"element_styles_font-size\":\"\",\"element_styles_margin\":\"\",\"element_styles_padding\":\"\",\"element_styles_float\":\"\",\"element_styles_show_advanced_css\":0,\"cellcid\":\"c3401\",\"value\":\"\",\"drawerDisabled\":false,\"field_label\":\"E-mail\",\"field_key\":\"email_1640098276066\",\"id\":10,\"beforeField\":\"\",\"afterField\":\"\",\"parentType\":\"email\",\"element_templates\":[\"email\",\"input\"],\"old_classname\":\"\",\"wrap_template\":\"wrap\"},{\"objectType\":\"Field\",\"objectDomain\":\"fields\",\"editActive\":false,\"order\":3,\"idAttribute\":\"id\",\"type\":\"submit\",\"label\":\"Zapisz mnie\",\"processing_label\":\"W trakcie realizacji\",\"container_class\":\"\",\"element_class\":\"\",\"key\":\"zapisz_mnie_1668018472281\",\"wrap_styles_border\":\"\",\"wrap_styles_width\":\"\",\"wrap_styles_margin\":\"\",\"wrap_styles_padding\":\"\",\"wrap_styles_float\":\"\",\"wrap_styles_show_advanced_css\":0,\"element_styles_border\":\"\",\"element_styles_width\":\"\",\"element_styles_font-size\":\"\",\"element_styles_margin\":\"\",\"element_styles_padding\":\"\",\"element_styles_float\":\"\",\"element_styles_show_advanced_css\":0,\"submit_element_hover_styles_border\":\"\",\"submit_element_hover_styles_width\":\"\",\"submit_element_hover_styles_font-size\":\"\",\"submit_element_hover_styles_margin\":\"\",\"submit_element_hover_styles_padding\":\"\",\"submit_element_hover_styles_float\":\"\",\"submit_element_hover_styles_show_advanced_css\":0,\"cellcid\":\"c3403\",\"drawerDisabled\":false,\"field_label\":\"Zamawiam rozmow\\u0119\",\"field_key\":\"zamawiam_rozmowe_1640098314862\",\"id\":8,\"beforeField\":\"\",\"afterField\":\"\",\"value\":\"\",\"label_pos\":\"above\",\"parentType\":\"textbox\",\"element_templates\":[\"submit\",\"button\",\"input\"],\"old_classname\":\"\",\"wrap_template\":\"wrap-no-label\"}];nfForms.push(form);<\/script>\n                <script id=\"nf-tmpl-cell\" type=\"text\/template\">\n            <nf-fields><\/nf-fields>\n        <\/script>\n\n        <script id=\"nf-tmpl-row\" type=\"text\/template\">\n            <nf-cells><\/nf-cells>\n        <\/script>\n\n                <img loading=\"lazy\" decoding=\"async\" width=\"2048\" height=\"1534\" src=\"https:\/\/www.koronakarkonoszy.pl\/blog-dla-firm\/wp-content\/uploads\/2022\/10\/zamek-z-drona-17.jpeg\" class=\"attachment-full size-full\" alt=\"Zamek ksi\u0119cia Henryka i widok na Zalew Sosn\u00f3wka\" srcset=\"https:\/\/www.koronakarkonoszy.pl\/blog-dla-firm\/wp-content\/uploads\/2022\/10\/zamek-z-drona-17.jpeg 2048w, https:\/\/www.koronakarkonoszy.pl\/blog-dla-firm\/wp-content\/uploads\/2022\/10\/zamek-z-drona-17-300x225.jpeg 300w, https:\/\/www.koronakarkonoszy.pl\/blog-dla-firm\/wp-content\/uploads\/2022\/10\/zamek-z-drona-17-1024x767.jpeg 1024w, https:\/\/www.koronakarkonoszy.pl\/blog-dla-firm\/wp-content\/uploads\/2022\/10\/zamek-z-drona-17-768x575.jpeg 768w, https:\/\/www.koronakarkonoszy.pl\/blog-dla-firm\/wp-content\/uploads\/2022\/10\/zamek-z-drona-17-1920x1438.jpeg 1920w, https:\/\/www.koronakarkonoszy.pl\/blog-dla-firm\/wp-content\/uploads\/2022\/10\/zamek-z-drona-17-1536x1151.jpeg 1536w\" sizes=\"auto, (max-width: 2048px) 100vw, 2048px\" \/>        <\/div> \n    <\/div>\n<\/div>\n\n\n\n<p>Jak wybra\u0107 <a href=\"https:\/\/www.koronakarkonoszy.pl\/blog-dla-firm\/miejsce-na-impreze-integracyjna\/\" target=\"_blank\" rel=\"noreferrer noopener\">miejsce na imprez\u0119 integracyjn\u0105<\/a>? Obiekty konferencyjne w g\u00f3rach to \u015bwietne miejsca na <a href=\"https:\/\/www.koronakarkonoszy.pl\/blog-dla-firm\/wyjazd-integracyjny-dla-pracownikow-korzysci\/\" class=\"links-placer\">wyjazdy integracyjne dla pracownik\u00f3w<\/a>. Otoczenie malowniczej, zielonej natury doskonale odpr\u0119\u017ca i redukuje stres zwi\u0105zany z codziennymi obowi\u0105zkami s\u0142u\u017cbowymi. Stwarza idealne warunki do lepszego poznania wsp\u00f3\u0142pracownik\u00f3w i umocnienia przyjacielskich wi\u0119zi. Dwa czy trzy dni sp\u0119dzone w takim miejscu bez w\u0105tpienia poprawi\u0105 relacje mi\u0119dzy pracownikami, co prze\u0142o\u017cy si\u0119 na popraw\u0119 atmosfery w pracy.<\/p>\n\n\n\n<figure class=\"wp-block-image size-large\"><a href=\"https:\/\/www.koronakarkonoszy.pl\/dla-firm\/\" target=\"_blank\" rel=\"noreferrer noopener\"><img loading=\"lazy\" decoding=\"async\" width=\"1024\" height=\"683\" src=\"https:\/\/www.koronakarkonoszy.pl\/blog-dla-firm\/wp-content\/uploads\/2022\/02\/DKK_16_15_12_MIV_1190-1024x683.jpg\" alt=\"\" class=\"wp-image-3276\" srcset=\"https:\/\/www.koronakarkonoszy.pl\/blog-dla-firm\/wp-content\/uploads\/2022\/02\/DKK_16_15_12_MIV_1190-1024x683.jpg 1024w, https:\/\/www.koronakarkonoszy.pl\/blog-dla-firm\/wp-content\/uploads\/2022\/02\/DKK_16_15_12_MIV_1190-300x200.jpg 300w, https:\/\/www.koronakarkonoszy.pl\/blog-dla-firm\/wp-content\/uploads\/2022\/02\/DKK_16_15_12_MIV_1190-768x512.jpg 768w, https:\/\/www.koronakarkonoszy.pl\/blog-dla-firm\/wp-content\/uploads\/2022\/02\/DKK_16_15_12_MIV_1190-1920x1280.jpg 1920w, https:\/\/www.koronakarkonoszy.pl\/blog-dla-firm\/wp-content\/uploads\/2022\/02\/DKK_16_15_12_MIV_1190-1536x1024.jpg 1536w, https:\/\/www.koronakarkonoszy.pl\/blog-dla-firm\/wp-content\/uploads\/2022\/02\/DKK_16_15_12_MIV_1190-2048x1365.jpg 2048w\" sizes=\"auto, (max-width: 1024px) 100vw, 1024px\" \/><\/a><figcaption class=\"wp-element-caption\"><strong>Centrum Imprez Plenerowych &#8211; <a href=\"https:\/\/www.koronakarkonoszy.pl\/imprezy-firmowe\/\" target=\"_blank\" rel=\"noreferrer noopener\">Dw\u00f3r Korona Karkonoszy, <\/a>Sosn\u00f3wka <\/strong><\/figcaption><\/figure>\n\n\n\n<p>Na <strong>wyje\u017adzie integracyjnym<\/strong> nie mo\u017ce zabrakn\u0105\u0107 imprezy z ciekawym menu i orze\u017awiaj\u0105cymi drinkami. Mo\u017cna postawi\u0107 na tradycyjne przyj\u0119cie w sali balowej lub na szalon\u0105 zabaw\u0119 tematyczn\u0105. Wieczorek taneczny w stylu lat 20., czy te\u017c egzotyczna <a href=\"https:\/\/www.koronakarkonoszy.pl\/blog-dla-firm\/miejsce-na-impreze-integracyjna\/\" target=\"_blank\" rel=\"noreferrer noopener\">impreza integracyjna<\/a> w hawajskich rytmach \u2013 liczy si\u0119 kreatywno\u015b\u0107! Pracownicy z pewno\u015bci\u0105 d\u0142ugo nie zapomn\u0105 takiego wydarzenia.<\/p>\n\n\n<section id=\"leonardo-block_7137157e9b5ac9259f05cfe9bfdbac2f\" class=\"leonardo page-breaker leonardo-image-right\">\n    <div class=\"leonardo-body\">\n                <div class=\"leonardo-content\"><p><!-- wp:heading --><\/p>\n<h3 id=\"ha-konferencje-w-gorach-catering\">Konferencje w g\u00f3rach &#8211; catering<\/h3>\n<p>Chcesz zrobi\u0107 wra\u017cenie na go\u015bciach konferencyjnych? Zastanawiasz si\u0119, jak i gdzie zorganizowa\u0107 konferencj\u0119? Jak wybra\u0107 miejsce na imprez\u0119 integracyjn\u0105, szkolenie czy konferencj\u0119? Mo\u017cemy ci pom\u00f3c! Doradzamy g\u00f3ry. <strong>Konferencje w g\u00f3rach<\/strong> kojarz\u0105 si\u0119 z pi\u0119knymi widokami, <strong>dobr\u0105 kuchni\u0105<\/strong> i presti\u017cem. Chyba ka\u017cdy lubi od czasu do czasu zorganizowa\u0107 sobie wyjazd w g\u00f3ry. A wyobra\u017amy sobie teraz sytuacj\u0119, \u017ce w\u0142a\u015bnie tam b\u0119dziemy mieli okazj\u0119 sp\u0119dzi\u0107 troch\u0119 czasu. W dodatku na koszt organizatora albo swojej firmy.<\/p>\n<p><!-- \/wp:paragraph --> <!-- wp:paragraph --><\/p>\n<p>Pami\u0119tajmy, \u017ce wcale nie chodzi o to, \u017ceby to wyg\u00f3rowana cena za hotel by\u0142a g\u0142\u00f3wnym czynnikiem nadaj\u0105cym odpowiedni\u0105 rang\u0119 eventowi firmowemu. Hotel w g\u00f3rach przez sam\u0105 swoj\u0105 lokalizacj\u0119 wynosi nasze spotkanie na wy\u017cszy poziom. Je\u015bli i tak musimy zrealizowa\u0107 pewne plany biznesowe, odby\u0107 kilka wa\u017cnych spotka\u0144 s\u0142u\u017cbowych i mo\u017cemy to zrobi\u0107 w miejscu, do kt\u00f3rego od dawna nas ci\u0105gnie. Szkoda by\u0142oby nie skorzysta\u0107 z takiej okazji. Organizacja konferencji w\u0142a\u015bnie w g\u00f3rach na pewno oka\u017ce si\u0119 strza\u0142em w dziesi\u0105tk\u0119!<\/p>\n<p><!-- \/wp:paragraph --><\/p>\n<\/div>\n            <\/div>\n    <div class=\"leonardo-image\">\n        <img loading=\"lazy\" decoding=\"async\" width=\"480\" height=\"640\" src=\"https:\/\/www.koronakarkonoszy.pl\/blog-dla-firm\/wp-content\/uploads\/2021\/05\/02A10JXN.jpg\" class=\"attachment-full size-full\" alt=\"Catering na imprez\u0119 firmow\u0105\" srcset=\"https:\/\/www.koronakarkonoszy.pl\/blog-dla-firm\/wp-content\/uploads\/2021\/05\/02A10JXN.jpg 480w, https:\/\/www.koronakarkonoszy.pl\/blog-dla-firm\/wp-content\/uploads\/2021\/05\/02A10JXN-225x300.jpg 225w\" sizes=\"auto, (max-width: 480px) 100vw, 480px\" \/>            <\/div>\n<\/section>\n\n\n<h2 class=\"wp-block-heading\" id=\"h-obiekty-konferencyjne-w-gorach-jak-wybrac-odpowiednia-lokalizacje\">Obiekty konferencyjne w g\u00f3rach \u2013 jak wybra\u0107 odpowiedni\u0105 lokalizacj\u0119?<\/h2>\n\n\n\n<p>Zgrany zesp\u00f3\u0142 pracowniczy odnosi spektakularne sukcesy na rynku. Sprawnie wykonuje powierzone zadania i efektywnie realizuje za\u0142o\u017cone cele. Zgrany zesp\u00f3\u0142 czerpie maksimum z potencja\u0142u i umiej\u0119tno\u015bci ka\u017cdego cz\u0142onka. <strong>Komunikacja w grupie<\/strong> przebiega dynamicznie, a wszelkie konflikty s\u0105 rozwi\u0105zywane w mgnieniu oka. Tylko jak zbudowa\u0107 taki zesp\u00f3l, kiedy na drodze wci\u0105\u017c pojawiaj\u0105 si\u0119 nowe problemy?<\/p>\n\n\n<section id=\"leonardo-block_69b921043e1261b9d7cfb96c8abb1bb9\" class=\"leonardo page-breaker leonardo-image-left\">\n    <div class=\"leonardo-body\">\n                <div class=\"leonardo-content\"><p>Bardzo pomocne mog\u0105 okaza\u0107 si\u0119 <a href=\"https:\/\/www.koronakarkonoszy.pl\/blog-dla-firm\/czy-warto-organizowac-szkolenia-integracyjne-dla-firm\/\" target=\"_blank\" rel=\"noopener\">szkolenia integracyjne<\/a> i <strong>warsztaty team buildingowe<\/strong>. Zaj\u0119cia skupiaj\u0105 si\u0119 na jednej, konkretnej trudno\u015bci, z kt\u00f3r\u0105 boryka si\u0119 grupa pracownicza. Mo\u017ce by\u0107 to na przyk\u0142ad z\u0142a komunikacja, spadek motywacji do dzia\u0142ania, nadmierny stres, czy te\u017c s\u0142aba znajomo\u015b\u0107 poszczeg\u00f3lnych cz\u0142onk\u00f3w grupy. Specjalne, odpowiednio dopasowane gry i <a href=\"https:\/\/www.koronakarkonoszy.pl\/blog-dla-firm\/jakie-kompetencje-rozwijaja-zabawy-integracyjne-dla-pracownikow\/\" target=\"_blank\" rel=\"noopener\">zabawy integracyjne<\/a> prowadzone przez do\u015bwiadczonych trener\u00f3w pomagaj\u0105 uczestnikom zrozumie\u0107 i pokona\u0107 problem. Efektem takich dzia\u0142a\u0144 jest silny, sprawnie funkcjonuj\u0105cy zesp\u00f3\u0142 pracowniczy, kt\u00f3rego cz\u0142onkowie wzajemnie si\u0119 wspieraj\u0105 i d\u0105\u017c\u0105 do realizacji wsp\u00f3lnych cel\u00f3w.<\/p>\n<\/div>\n                    <aside class=\"leonardo-interlink\">\n                <b>Polecamy<\/b>\n                <a href=\"https:\/\/www.koronakarkonoszy.pl\/blog-dla-firm\/de\/15-zabaw-team-buildingowych\/\">15 zabaw team buildingowych<\/a>\n            <\/aside>\n            <\/div>\n    <div class=\"leonardo-image\">\n        <img loading=\"lazy\" decoding=\"async\" width=\"1280\" height=\"722\" src=\"https:\/\/www.koronakarkonoszy.pl\/blog-dla-firm\/wp-content\/uploads\/2021\/07\/obiekty-konferencyjne-na-integracje.jpg\" class=\"attachment-full size-full\" alt=\"Imprezy firmowe w g\u00f3rach\" srcset=\"https:\/\/www.koronakarkonoszy.pl\/blog-dla-firm\/wp-content\/uploads\/2021\/07\/obiekty-konferencyjne-na-integracje.jpg 1280w, https:\/\/www.koronakarkonoszy.pl\/blog-dla-firm\/wp-content\/uploads\/2021\/07\/obiekty-konferencyjne-na-integracje-300x169.jpg 300w, https:\/\/www.koronakarkonoszy.pl\/blog-dla-firm\/wp-content\/uploads\/2021\/07\/obiekty-konferencyjne-na-integracje-1024x578.jpg 1024w, https:\/\/www.koronakarkonoszy.pl\/blog-dla-firm\/wp-content\/uploads\/2021\/07\/obiekty-konferencyjne-na-integracje-768x433.jpg 768w\" sizes=\"auto, (max-width: 1280px) 100vw, 1280px\" \/>            <\/div>\n<\/section>\n\n\n<h3 class=\"wp-block-heading\"><strong>Miejsce na konferencj\u0119<\/strong><\/h3>\n\n\n\n<p>Wszyscy wiemy, \u017ce uczestnicy konferencji ka\u017cde wydarzenie firmowe ocenia\u0107 b\u0119d\u0105 g\u0142\u00f3wnie przez pryzmat miejsca, w kt\u00f3rym si\u0119 znajd\u0105. Postarajmy si\u0119, by nie by\u0142 to kolejny anonimowy obiekt, lecz ciekawy butikowy hotel, maj\u0105cy sw\u00f3j styl i charakter. Jak wi\u0119c wybra\u0107 <strong>hotel na wyjazd firmowy<\/strong>? To pytanie zawsze zadaj\u0105 sobie organizatorzy wyjazd\u00f3w. Podpowiadamy &#8211; najwa\u017cniejsza jest lokalizacja!<\/p>\n\n\n\n<figure class=\"wp-block-image size-large\"><img loading=\"lazy\" decoding=\"async\" width=\"1024\" height=\"767\" src=\"https:\/\/www.koronakarkonoszy.pl\/blog-dla-firm\/wp-content\/uploads\/2022\/09\/zamek-z-drona-17-1024x767.jpeg\" alt=\"\" class=\"wp-image-3568\" srcset=\"https:\/\/www.koronakarkonoszy.pl\/blog-dla-firm\/wp-content\/uploads\/2022\/09\/zamek-z-drona-17-1024x767.jpeg 1024w, https:\/\/www.koronakarkonoszy.pl\/blog-dla-firm\/wp-content\/uploads\/2022\/09\/zamek-z-drona-17-300x225.jpeg 300w, https:\/\/www.koronakarkonoszy.pl\/blog-dla-firm\/wp-content\/uploads\/2022\/09\/zamek-z-drona-17-768x575.jpeg 768w, https:\/\/www.koronakarkonoszy.pl\/blog-dla-firm\/wp-content\/uploads\/2022\/09\/zamek-z-drona-17-1920x1438.jpeg 1920w, https:\/\/www.koronakarkonoszy.pl\/blog-dla-firm\/wp-content\/uploads\/2022\/09\/zamek-z-drona-17-1536x1151.jpeg 1536w, https:\/\/www.koronakarkonoszy.pl\/blog-dla-firm\/wp-content\/uploads\/2022\/09\/zamek-z-drona-17.jpeg 2048w\" sizes=\"auto, (max-width: 1024px) 100vw, 1024px\" \/><figcaption class=\"wp-element-caption\"><strong>Sosn\u00f3wka k. Karpacza <\/strong><\/figcaption><\/figure>\n\n\n\n<p>Najlepiej, by<strong> miejsce na konferencj\u0119<\/strong> po\u0142o\u017cone by\u0142o w atrakcyjnej miejscowo\u015bci. Wszystko jedno, czy b\u0119dzie to hotel w wielkim mie\u015bcie, w g\u00f3rach czy nad morzem. Wa\u017cne, by by\u0142 efektownie usytuowany i dysponowa\u0142 odpowiednim zapleczem. Wiadomo, \u017ce konferencje cz\u0119sto gromadz\u0105 du\u017ce rzesze uczestnik\u00f3w, nawet kilkaset os\u00f3b i wszystkim trzeba zaproponowa\u0107 nie tylko dobre warunki do obradowania i dyskusji, ale te\u017c zwykle zakwaterowanie. Du\u017ca, doskonale zaaran\u017cowana cz\u0119\u015b\u0107 hotelowa, kilka sal konferencyjnych w r\u00f3\u017cnych rozmiarach i urz\u0105dzonych w r\u00f3\u017cnych stylach, a do tego <strong>wielki ogr\u00f3d<\/strong> z miejscem na grilla i ognisko \u2013 to zawsze si\u0119 sprawdzi!<\/p>\n\n\n\n<figure class=\"wp-block-image size-full\"><a href=\"https:\/\/www.koronakarkonoszy.pl\/dla-firm\/\" target=\"_blank\" rel=\"noreferrer noopener\"><img loading=\"lazy\" decoding=\"async\" width=\"800\" height=\"534\" src=\"https:\/\/www.koronakarkonoszy.pl\/blog-dla-firm\/wp-content\/uploads\/2021\/05\/ogrody_dla_firm__4_.jpg\" alt=\"\" class=\"wp-image-48\" srcset=\"https:\/\/www.koronakarkonoszy.pl\/blog-dla-firm\/wp-content\/uploads\/2021\/05\/ogrody_dla_firm__4_.jpg 800w, https:\/\/www.koronakarkonoszy.pl\/blog-dla-firm\/wp-content\/uploads\/2021\/05\/ogrody_dla_firm__4_-300x200.jpg 300w, https:\/\/www.koronakarkonoszy.pl\/blog-dla-firm\/wp-content\/uploads\/2021\/05\/ogrody_dla_firm__4_-768x513.jpg 768w\" sizes=\"auto, (max-width: 800px) 100vw, 800px\" \/><\/a><figcaption class=\"wp-element-caption\"><strong>Imprezy firmowe &#8211; Dw\u00f3r Korona Karkonoszy, Sosn\u00f3wka<\/strong><\/figcaption><\/figure>\n\n\n\n<h2 class=\"wp-block-heading\"><strong>Jakie warunki musz\u0105 spe\u0142nia\u0107 sale konferencyjne w g\u00f3rach?<\/strong><\/h2>\n\n\n\n<p>Pi\u0119kne po\u0142o\u017cenie obiektu konferencyjnego w g\u00f3rach oraz profesjonalna i mi\u0142a obs\u0142uga to szalenie wa\u017cne elementy sk\u0142adowe ca\u0142ego eventu. G\u0142\u00f3wnie na tej podstawie oceniana b\u0119dzie nasza impreza. Jednak jego zaplecze techniczne, wyposa\u017cenie i odpowiedni, nowoczesny standard materia\u0142\u00f3w audiowizualnych te\u017c b\u0119dzie wp\u0142ywa\u0142 na to, jak uczestnicy oceni\u0105 organizatora. Najwa\u017cniejszym elementem s\u0105 sale konferencyjne. Najlepiej, by mo\u017cna by\u0142o podziwia\u0107 stamt\u0105d pi\u0119kne widoki, nawet je\u015bli mia\u0142oby to troch\u0119 rozprasza\u0107 uczestnik\u00f3w konferencji. Po obradach i szkoleniach dobrze by by\u0142o zapewni\u0107 im jakie\u015b fantastyczne <a href=\"https:\/\/www.koronakarkonoszy.pl\/blog-dla-firm\/ciekawe-i-angazujace-atrakcje-na-imprezy-firmowe\/\" target=\"_blank\" rel=\"noreferrer noopener\">atrakcje na imprezy firmowe<\/a>. Albo zaproponowa\u0107 ciekawe wycieczki g\u00f3rskimi trasami. Lub zaprosi\u0107 do ogrodu z pi\u0119knym widokiem podczas przerwy na kaw\u0119.<\/p>\n\n\n<section id=\"leonardo-block_b567f0acb17aad5fd4c220a185be4624\" class=\"leonardo page-breaker leonardo-image-right\">\n    <div class=\"leonardo-body\">\n                <div class=\"leonardo-content\"><p><!-- wp:heading --><\/p>\n<p>Spotkania firmowe, narady, szkolenia czy konferencje nie musz\u0105 i nie powinny by\u0107 nudne. Oczywi\u015bcie s\u0105 rzeczy, kt\u00f3re trzeba om\u00f3wi\u0107, podsumowa\u0107 lub zaplanowa\u0107, ale korzystajmy z technik utrzymania uwagi s\u0142uchacza. Wprawdzie przerywniki, \u017carty i przerwy kawowe pozwalaj\u0105 z\u0142apa\u0107 oddech i daj\u0105 nieco wytchnienia, ale czy rzeczywi\u015bcie tak to si\u0119 musi odbywa\u0107? Dlaczego w\u0142a\u015bciwie nie przenie\u015b\u0107 wszystkiego w jakie\u015b ciekawe miejsce i zmieni\u0107 konwencj\u0119 na nieco lu\u017aniejsz\u0105?<\/p>\n<p><!-- \/wp:paragraph --> <!-- wp:paragraph --><\/p>\n<p>Na przyk\u0142ad <strong>obiekty konferencyjne w g\u00f3rach<\/strong> &#8211; oferuj\u0105 pe\u0142ne zaplecze, ale te\u017c jeszcze dodatkowy bonus w postaci atrakcyjnej lokalizacji i wyj\u0105tkowej atmosfery. Tutaj ka\u017cdy problem mo\u017cna rozwi\u0105za\u0107 w b\u0142yskawicznym tempie. Dlaczego? Bo wszyscy tego chc\u0105, marz\u0105c tylko o tym, by p\u00f3j\u015b\u0107 na g\u00f3rsk\u0105 w\u0119dr\u00f3wk\u0119. W g\u00f3rach jest nieco l\u017cejsza atmosfera. I nie chodzi tylko o powietrze, kt\u00f3rym oddychamy. Chodzi o klimat wsp\u00f3\u0142pracy, rado\u015bci i swobody. \u0141atwiej tu si\u0119 odpr\u0119\u017cy\u0107 i przyj\u0105\u0107 co\u015b do wiadomo\u015bci, nawet je\u015bli chodzi o niezbyt mi\u0142e komunikaty. R\u00f3wnie\u017c niesamowite przestrzenie i zmiana perspektywy sprzyjaj\u0105 \u015bwie\u017cemu ogl\u0105dowi.<\/p>\n<p><!-- \/wp:paragraph --><\/p>\n<\/div>\n            <\/div>\n    <div class=\"leonardo-image\">\n        <img loading=\"lazy\" decoding=\"async\" width=\"2048\" height=\"1212\" src=\"https:\/\/www.koronakarkonoszy.pl\/blog-dla-firm\/wp-content\/uploads\/2022\/09\/DJI_0024.jpg\" class=\"attachment-full size-full\" alt=\"Miejscowo\u015b\u0107 letniskowa Sosn\u00f3wka k. Karpacza\" srcset=\"https:\/\/www.koronakarkonoszy.pl\/blog-dla-firm\/wp-content\/uploads\/2022\/09\/DJI_0024.jpg 2048w, https:\/\/www.koronakarkonoszy.pl\/blog-dla-firm\/wp-content\/uploads\/2022\/09\/DJI_0024-300x178.jpg 300w, https:\/\/www.koronakarkonoszy.pl\/blog-dla-firm\/wp-content\/uploads\/2022\/09\/DJI_0024-1024x606.jpg 1024w, https:\/\/www.koronakarkonoszy.pl\/blog-dla-firm\/wp-content\/uploads\/2022\/09\/DJI_0024-768x455.jpg 768w, https:\/\/www.koronakarkonoszy.pl\/blog-dla-firm\/wp-content\/uploads\/2022\/09\/DJI_0024-1920x1136.jpg 1920w, https:\/\/www.koronakarkonoszy.pl\/blog-dla-firm\/wp-content\/uploads\/2022\/09\/DJI_0024-1536x909.jpg 1536w\" sizes=\"auto, (max-width: 2048px) 100vw, 2048px\" \/>            <\/div>\n<\/section>\n\n\n<h3 class=\"wp-block-heading\" id=\"ha-szkolenia-w-gorach\">Szkolenia w g\u00f3rach<\/h3>\n\n\n\n<p>Organizacja takich wydarze\u0144 w miejscu pracy nie jest najlepszym rozwi\u0105zaniem. Dlaczego? Firmowe pomieszczenia nie stworz\u0105 dogodnych warunk\u00f3w do rozwi\u0105zywania problem\u00f3w, z kt\u00f3rymi boryka si\u0119 zesp\u00f3\u0142. Cz\u0142onkowie grupy nie skupi\u0105 ca\u0142ej swojej uwagi na zadaniach, kt\u00f3re w konsekwencji nie przynios\u0105 maksymalnych efekt\u00f3w.<\/p>\n\n\n\n<figure class=\"wp-block-image size-large is-resized\"><a href=\"https:\/\/www.koronakarkonoszy.pl\/konfigurator-imprez\/\" target=\"_blank\" rel=\"noreferrer noopener\"><img loading=\"lazy\" decoding=\"async\" width=\"1024\" height=\"510\" src=\"https:\/\/www.koronakarkonoszy.pl\/blog-dla-firm\/wp-content\/uploads\/2023\/11\/DKK-konfigurator_01-1024x510.jpg\" alt=\"Konfigurator imprez firmowych agencji eventowej Dw\u00f3r Korona Karkonoszy\" class=\"wp-image-7804\" style=\"width:855px;height:auto\" title=\"Konfigurator imprez firmowych agencji eventowej \" srcset=\"https:\/\/www.koronakarkonoszy.pl\/blog-dla-firm\/wp-content\/uploads\/2023\/11\/DKK-konfigurator_01-1024x510.jpg 1024w, https:\/\/www.koronakarkonoszy.pl\/blog-dla-firm\/wp-content\/uploads\/2023\/11\/DKK-konfigurator_01-300x150.jpg 300w, https:\/\/www.koronakarkonoszy.pl\/blog-dla-firm\/wp-content\/uploads\/2023\/11\/DKK-konfigurator_01-768x383.jpg 768w, https:\/\/www.koronakarkonoszy.pl\/blog-dla-firm\/wp-content\/uploads\/2023\/11\/DKK-konfigurator_01-1920x957.jpg 1920w, https:\/\/www.koronakarkonoszy.pl\/blog-dla-firm\/wp-content\/uploads\/2023\/11\/DKK-konfigurator_01-1536x766.jpg 1536w, https:\/\/www.koronakarkonoszy.pl\/blog-dla-firm\/wp-content\/uploads\/2023\/11\/DKK-konfigurator_01-18x9.jpg 18w, https:\/\/www.koronakarkonoszy.pl\/blog-dla-firm\/wp-content\/uploads\/2023\/11\/DKK-konfigurator_01.jpg 2040w\" sizes=\"auto, (max-width: 1024px) 100vw, 1024px\" \/><\/a><\/figure>\n\n\n\n<p>Szkolenia i <a href=\"https:\/\/www.koronakarkonoszy.pl\/blog-dla-firm\/warsztaty-integracyjne\/\" target=\"_blank\" rel=\"noreferrer noopener\">warsztaty integracyjne<\/a> powinny odbywa\u0107 si\u0119 w neutralnych lokalizacjach. Idealnie sprawdz\u0105 si\u0119 o<strong>biekty konferencyjne w g\u00f3rach<\/strong>. Sala konferencyjna czy ogr\u00f3d przynale\u017c\u0105cy do obiektu to doskona\u0142e miejsca na zadania, gry i zabawy, kt\u00f3rych celem jest wzmocnienie zespo\u0142u. W pomieszczeniach balowych mo\u017cna za\u015b zorganizowa\u0107 przyj\u0119cia, kt\u00f3re b\u0119d\u0105 znakomit\u0105 form\u0105 odpoczynku od codziennych obowi\u0105zk\u00f3w s\u0142u\u017cbowych. Po d\u0142ugich dniach pe\u0142nych ciekawych aktywno\u015bci pracownicy b\u0119d\u0105 mogli uda\u0107 si\u0119 na spoczynek w hotelowych apartamentach.<\/p>\n\n\n\n<figure class=\"wp-block-image size-large\"><img loading=\"lazy\" decoding=\"async\" width=\"1024\" height=\"683\" src=\"https:\/\/www.koronakarkonoszy.pl\/blog-dla-firm\/wp-content\/uploads\/2021\/02\/DKK_19_02_08_IM5_9033-1024x683.jpg\" alt=\"\" class=\"wp-image-3385\" srcset=\"https:\/\/www.koronakarkonoszy.pl\/blog-dla-firm\/wp-content\/uploads\/2021\/02\/DKK_19_02_08_IM5_9033-1024x683.jpg 1024w, https:\/\/www.koronakarkonoszy.pl\/blog-dla-firm\/wp-content\/uploads\/2021\/02\/DKK_19_02_08_IM5_9033-300x200.jpg 300w, https:\/\/www.koronakarkonoszy.pl\/blog-dla-firm\/wp-content\/uploads\/2021\/02\/DKK_19_02_08_IM5_9033-768x512.jpg 768w, https:\/\/www.koronakarkonoszy.pl\/blog-dla-firm\/wp-content\/uploads\/2021\/02\/DKK_19_02_08_IM5_9033-1920x1280.jpg 1920w, https:\/\/www.koronakarkonoszy.pl\/blog-dla-firm\/wp-content\/uploads\/2021\/02\/DKK_19_02_08_IM5_9033-1536x1024.jpg 1536w, https:\/\/www.koronakarkonoszy.pl\/blog-dla-firm\/wp-content\/uploads\/2021\/02\/DKK_19_02_08_IM5_9033-2048x1365.jpg 2048w\" sizes=\"auto, (max-width: 1024px) 100vw, 1024px\" \/><figcaption class=\"wp-element-caption\"><strong>Integracja w g\u00f3rach &#8211; Dw\u00f3r Korona Karkonoszy, Sosn\u00f3wka <\/strong><\/figcaption><\/figure>\n\n\n\n<p><a href=\"https:\/\/www.koronakarkonoszy.pl\/blog-dla-firm\/organizacja-imprez-firmowych-co-warto-wiedziec\/\" target=\"_blank\" rel=\"noreferrer noopener\">Organizacja imprez firmowych<\/a> w obiektach konferencyjnych w g\u00f3rach to znakomity pomys\u0142! Najwa\u017cniejsze to znale\u017a\u0107 miejsce idealnie dopasowane do wymaga\u0144 i charakteru wydarzenia. Dzi\u0119ki temu <a href=\"https:\/\/www.koronakarkonoszy.pl\/blog-dla-firm\/wyjazd-firmowy\/\" class=\"links-placer\">wyjazd firmowy<\/a> b\u0119dzie efektywny i przy okazji bardzo przyjemny.<\/p>\n\n\n<section id=\"leonardo-block_470ff1d6fbd11203529aa7223f008e74\" class=\"leonardo page-breaker leonardo-image-left\">\n    <div class=\"leonardo-body\">\n                <div class=\"leonardo-content\"><p><!-- wp:heading --><\/p>\n<p><strong>Karkonosze<\/strong> to najciekawsze, a przez to najch\u0119tniej odwiedzane pasmo g\u00f3rskie w Sudetach. Po angielsku i niemiecku nosz\u0105 nazw\u0119 G\u00f3r Olbrzymich. Warto przekona\u0107 si\u0119, dlaczego? Mo\u017ce dlatego, \u017ce oferuj\u0105 wiele atrakcji. Mo\u017ce nie s\u0105 najwy\u017csze, ale pe\u0142ne magii i wyj\u0105tkowej atmosfery.<\/p>\n<p><!-- \/wp:paragraph --> <!-- wp:paragraph --><\/p>\n<p>Je\u015bli organizujemy konferencj\u0119, mo\u017cemy by\u0107 pewni, \u017ce znajdziemy w Karkonoszach przer\u00f3\u017cne <strong>sale konferencyjne<\/strong>. G\u00f3ry te od wiek\u00f3w przyci\u0105ga\u0142y r\u00f3\u017cne ciekawe postaci, na przyk\u0142ad g\u00f3rskich rycerzy-rabusi\u00f3w czyli raubritter\u00f3w czy r\u00f3\u017cnych opryszk\u00f3w spod ciemnej gwiazdy. Ale te\u017c, co ciekawe, osadnik\u00f3w z dalekiego Tyrolu, tkaczy i mi\u0142o\u015bnik\u00f3w magii. Ma\u0142o znany jest r\u00f3wnie\u017c fakt, \u017ce to w\u0142a\u015bnie w Karkonoszach, w <a href=\"https:\/\/www.koronakarkonoszy.pl\/blog-dla-firm\/sosnowka-w-samym-sercu-karkonoszy\/\" target=\"_blank\" rel=\"noopener\">Sosn\u00f3wce<\/a>, powsta\u0142o jedno z pierwszych g\u00f3rskich osiedli willowych, g\u0142\u00f3wnie dla najbogatszych wroc\u0142awian. Dzi\u015b ta miejscowo\u015b\u0107 letniskowa rozkwita na nowo. G\u00f3ry to niejedyny atut tej miejscowo\u015bci. Od niedawna znajduje si\u0119 tam te\u017c sztuczny zalew. Takie po\u0142\u0105czenie tworzy rzadki, nawet w g\u00f3rach, klimat i daje wiele mo\u017cliwo\u015bci do uatrakcyjnienia na przyk\u0142ad konferencji czy firmowego wyjazdu integracyjnego.<\/p>\n<p><!-- \/wp:paragraph --> <!-- wp:paragraph --><\/p>\n<p>W Sosn\u00f3wce mo\u017cna znale\u017a\u0107 bardzo atrakcyjne miejsca na <a href=\"https:\/\/www.koronakarkonoszy.pl\/blog-dla-firm\/w-jaki-sposob-zorganizowac-eventy-firmowe\/\" target=\"_blank\" rel=\"noopener\">eventy firmowe<\/a><strong>.<\/strong> Na przyk\u0142ad Dw\u00f3r Korona Karkonoszy oferuje do wyboru kilka sal konferencyjnych oraz wielki ogr\u00f3d, idealny na imprezy w plenerze.<\/p>\n<p><!-- \/wp:paragraph --><\/p>\n<\/div>\n            <\/div>\n    <div class=\"leonardo-image\">\n        <img loading=\"lazy\" decoding=\"async\" width=\"1180\" height=\"787\" src=\"https:\/\/www.koronakarkonoszy.pl\/blog-dla-firm\/wp-content\/uploads\/2021\/05\/Dwor-Korona-Karkonoszy-szkolenia-wroclaw.jpg\" class=\"attachment-full size-full\" alt=\"Sala szkoleniowa Refektarz w Dworze Korona Karkonoszy\" srcset=\"https:\/\/www.koronakarkonoszy.pl\/blog-dla-firm\/wp-content\/uploads\/2021\/05\/Dwor-Korona-Karkonoszy-szkolenia-wroclaw.jpg 1180w, https:\/\/www.koronakarkonoszy.pl\/blog-dla-firm\/wp-content\/uploads\/2021\/05\/Dwor-Korona-Karkonoszy-szkolenia-wroclaw-300x200.jpg 300w, https:\/\/www.koronakarkonoszy.pl\/blog-dla-firm\/wp-content\/uploads\/2021\/05\/Dwor-Korona-Karkonoszy-szkolenia-wroclaw-1024x683.jpg 1024w, https:\/\/www.koronakarkonoszy.pl\/blog-dla-firm\/wp-content\/uploads\/2021\/05\/Dwor-Korona-Karkonoszy-szkolenia-wroclaw-768x512.jpg 768w\" sizes=\"auto, (max-width: 1180px) 100vw, 1180px\" \/>            <\/div>\n<\/section>\n\n\n<h2 class=\"wp-block-heading\"><strong>Obiekty konferencyjne w g\u00f3rach \u2013 co si\u0119 liczy?<\/strong><\/h2>\n\n\n\n<p>Niezale\u017cnie od tego, czy nasz\u0105 konferencj\u0119 zorganizujemy w majestatycznych g\u00f3rach, nad b\u0142\u0119kitnym morzem czy w t\u0119tni\u0105cym energi\u0105 centrum du\u017cego miasta albo nad urokliwym jeziorem, s\u0105 pewne sta\u0142e elementy, kt\u00f3re trzeba wzi\u0105\u0107 pod uwag\u0119. Jednym z nich i by\u0107 mo\u017ce najwa\u017cniejszym jest to, jak go\u015bcie poczuj\u0105 si\u0119 w wybranym przez nas obiekcie konferencyjnym. Bardzo istotne jest, jakie odnios\u0105 pierwsze wra\u017cenie? Czy b\u0119dzie to efekt pozytywnego zaskoczenia i tak zwanego efektu wow, czy te\u017c ju\u017c na wst\u0119pie b\u0119d\u0105 ba\u0107 si\u0119 wypakowa\u0107 walizki\u2026 Wizualna strona obiektu, jego otoczenie i standard, ale tak\u017ce wygoda i czas dojazdu oraz dost\u0119pno\u015b\u0107 miejsc parkingowych b\u0119d\u0105 mia\u0142y znaczenie.<\/p>\n\n\n\n<style>\n    .cta_block{\n        margin: 1.5em 0;\n    }\n    .cta_block_content {\n        position: relative;\n        color: white;\n        padding: 1em;\n    }\n    .cta_block_content h3{\n        text-align: center;\n        font: normal normal normal 36px\/50px Yeseva One;\n    }\n    .cta_block_content .cta_block_desc{\n        text-align: center;\n        font-size: 1.1em;\n        position: relative;\n    }\n    .cta_block_content .cta_block_desc:before {\n        content: '';\n        width: 80px;\n        height: 4px;\n        background: #EEB315;\n        position: absolute;\n        left: 0;\n        right: 0;\n        margin-left: auto;\n        margin-right: auto;\n        top: -22px;\n    }\n\n    .cta_block_content picture{\n        position: absolute;\n        top: 0;\n        right: 0;\n        z-index: -1;\n        height: 100%;\n        overflow: hidden;\n        width: 100%;\n    }\n    .cta_block_content picture img{\n        object-fit: cover;\n        height: 100%;\n        width: 100%;\n    }\n    .cta_block .cta_block_content .ninja-forms-field{\n        background: #FFFFFF2F;\n        border: 1px solid #EEB315;\n        border-radius: 25px;\n        opacity: 1;\n        color: #ffffff;\n    }\n    .cta_block .cta_block_content .nf-form-content input[type=submit]{\n        background-color: #EEB315;\n        color: #292929;\n        text-align: center;\n        font: normal normal bold 14px\/20px Work Sans;\n        padding: 0 2em;\n    }\n\n    .cta_block ::placeholder{\n        color: white!important;\n        opacity: 1;\n    }\n\n    .cta_block_content::after {\n        height: 100%;\n        width: 100%;\n        content: \"\";\n        z-index: -1;\n        position: absolute;\n        top: 0;\n        background: #00000070;\n        right: 0;\n        left: 0;\n        bottom: 0;\n    }\n    #ha-cta-block, .cta_block_desc, .cta_block .nf-field-label, .cta_block .nf-error-msg {\n        filter: drop-shadow(1px 1px 8px black);\n    }\n\n\/*    .cta_block nf-rows-wrap {\n        display: flex;\n        justify-content: space-around;\n        flex-direction: row;\n    }*\/\n\n    .cta_block .nf-field-label {\n        display:none;\n    }\n\n    .cta_block .nf-error.field-wrap .nf-field-element::after {\n        border-radius: 50px;\n    }\n\n    .cta_block .nf-error-msg {\n        color: #fff;\n    }\n\n    .cta_block .nf-form-cont {\n        margin-top: 3em;\n        margin-bottom: 1em;\n    }\n\n    .wp-admin .cta_block_content{\n        display: none;\n    }\n    .cta_block .nf-form-fields-required {\n        display: none;\n    }\n    body:not(.wp-admin) .cta_block_admin {\n        display: none;\n    }\n<\/style>\n<div id=\"cta_block-block_07a6867c49567e663a86b1c67179c735\" class=\"cta_block\">\n    <div class=\"cta_block_admin\" style=\"background-color: blue; color: white\">\n        Blok CTA\n    <\/div>\n    <div class=\"cta_block\">\n        <div class=\"cta_block_content\">   \n        <h3 id=\"ha-konferencja-w-gorach\">Konferencja w g\u00f3rach?<\/h3>\n                    <div class=\"cta_block_desc\">Najlepiej w Dworze Korona Karkonoszy! <\/div>\n                <noscript class=\"ninja-forms-noscript-message\">\n\tHinweis: F\u00fcr diesen Inhalt ist JavaScript erforderlich.<\/noscript>\n<div id=\"nf-form-3_1-cont\" class=\"nf-form-cont\" aria-live=\"polite\" aria-labelledby=\"nf-form-title-3_1\" aria-describedby=\"nf-form-errors-3_1\" role=\"form\">\n\n    <div class=\"nf-loading-spinner\"><\/div>\n\n<\/div>\n        <!-- That data is being printed as a workaround to page builders reordering the order of the scripts loaded-->\n        <script>var formDisplay=1;var nfForms=nfForms||[];var form=[];form.id='3_1';form.settings={\"objectType\":\"Form Setting\",\"editActive\":true,\"title\":\"Block CTA\",\"created_at\":\"2022-11-09 19:27:14\",\"default_label_pos\":\"above\",\"show_title\":0,\"clear_complete\":\"1\",\"hide_complete\":\"1\",\"logged_in\":\"\",\"wrapper_class\":\"\",\"element_class\":\"\",\"key\":\"\",\"add_submit\":\"0\",\"currency\":\"\",\"repeatable_fieldsets\":\"\",\"unique_field_error\":\"Formularz z t\\u0105 warto\\u015bci\\u0105 zosta\\u0142 ju\\u017c przes\\u0142any.\",\"not_logged_in_msg\":\"\",\"sub_limit_msg\":\"Formularz osi\\u0105gn\\u0105\\u0142 limit wys\\u0142a\\u0144.\",\"calculations\":[],\"container_styles_show_advanced_css\":\"0\",\"title_styles_show_advanced_css\":\"0\",\"row_styles_show_advanced_css\":\"0\",\"row-odd_styles_show_advanced_css\":\"0\",\"success-msg_styles_show_advanced_css\":\"0\",\"error_msg_styles_show_advanced_css\":\"0\",\"formContentData\":[{\"order\":1,\"cells\":[{\"order\":0,\"fields\":[\"phone_1640098275087\"],\"width\":35},{\"order\":1,\"fields\":[\"adres_e-mail_1668018487177\"],\"width\":35},{\"order\":2,\"fields\":[\"zapisz_mnie_1668018472281\"],\"width\":30}]}],\"conditions\":[],\"drawerDisabled\":false,\"allow_public_link\":0,\"embed_form\":\"\",\"changeEmailErrorMsg\":\"Bitte gib eine g\\u00fcltige E-Mail-Adresse ein.\",\"changeDateErrorMsg\":\"Bitte gib ein g\\u00fcltiges Datum ein!\",\"confirmFieldErrorMsg\":\"Diese Felder m\\u00fcssen \\u00fcbereinstimmen!\",\"fieldNumberNumMinError\":\"Die eingegebene Zahl ist zu klein.\",\"fieldNumberNumMaxError\":\"Die eingegebene Zahl ist zu gross.\",\"fieldNumberIncrementBy\":\"Bitte erh\\u00f6hen in Schritten von\",\"formErrorsCorrectErrors\":\"Bitte korrigiere die Fehler, bevor du das Formular sendest.\",\"validateRequiredField\":\"Dies ist ein Pflichtfeld.\",\"honeypotHoneypotError\":\"Honeypot-Fehler\",\"fieldsMarkedRequired\":\"Felder mit einem &lt;span class=&quot;ninja-forms-req-symbol&quot;&gt;*&lt;\\\/span&gt; sind Pflichtfelder\",\"form_title_heading_level\":\"3\",\"ninjaForms\":\"Ninja Forms\",\"fieldTextareaRTEInsertLink\":\"Link einf\\u00fcgen\",\"fieldTextareaRTEInsertMedia\":\"Medien einf\\u00fcgen\",\"fieldTextareaRTESelectAFile\":\"Eine Datei ausw\\u00e4hlen\",\"formHoneypot\":\"Falls du ein Mensch bist und dieses Feld siehst, dann lasse es bitte leer.\",\"fileUploadOldCodeFileUploadInProgress\":\"Datei-Upload l\\u00e4uft.\",\"fileUploadOldCodeFileUpload\":\"DATEI-UPLOAD\",\"currencySymbol\":\"&#36;\",\"thousands_sep\":\".\",\"decimal_point\":\",\",\"siteLocale\":\"de_DE\",\"dateFormat\":\"m\\\/d\\\/Y\",\"startOfWeek\":\"1\",\"of\":\"von\",\"previousMonth\":\"Vorheriger Monat\",\"nextMonth\":\"N\\u00e4chster Monat\",\"months\":[\"Januar\",\"Februar\",\"M\\u00e4rz\",\"April\",\"Mai\",\"Juni\",\"Juli\",\"August\",\"September\",\"Oktober\",\"November\",\"Dezember\"],\"monthsShort\":[\"Jan.\",\"Feb.\",\"M\\u00e4rz\",\"Apr.\",\"Mai\",\"Juni\",\"Juli\",\"Aug\",\"Sep.\",\"Okt.\",\"Nov.\",\"Dez.\"],\"weekdays\":[\"Sonntag\",\"Montag\",\"Dienstag\",\"Mittwoch\",\"Donnerstag\",\"Freitag\",\"Samstag\"],\"weekdaysShort\":[\"So.\",\"Mo.\",\"Di.\",\"Mi.\",\"Do.\",\"Fr.\",\"Sa.\"],\"weekdaysMin\":[\"So.\",\"Mo.\",\"Di.\",\"Mi.\",\"Do.\",\"Fr.\",\"Sa.\"],\"recaptchaConsentMissing\":\"reCaptcha validation couldn&#039;t load.\",\"recaptchaMissingCookie\":\"reCaptcha v3 validation couldn&#039;t load the cookie needed to submit the form.\",\"recaptchaConsentEvent\":\"Accept reCaptcha cookies before sending the form.\",\"currency_symbol\":\"\",\"beforeForm\":\"\",\"beforeFields\":\"\",\"afterFields\":\"\",\"afterForm\":\"\"};form.fields=[{\"objectType\":\"Field\",\"objectDomain\":\"fields\",\"editActive\":false,\"order\":1,\"idAttribute\":\"id\",\"type\":\"phone\",\"label\":\"Numer telefonu\",\"key\":\"phone_1640098275087\",\"label_pos\":\"above\",\"required\":\"\",\"default\":\"\",\"placeholder\":\"Numer telefonu\",\"container_class\":\"\",\"element_class\":\"\",\"input_limit\":\"\",\"input_limit_type\":\"characters\",\"input_limit_msg\":\"Liczba pozosta\\u0142ych znak\\u00f3w:\",\"manual_key\":\"\",\"admin_label\":\"\",\"help_text\":\"\",\"mask\":\"\",\"custom_mask\":\"\",\"custom_name_attribute\":\"phone\",\"personally_identifiable\":1,\"wrap_styles_border\":\"\",\"wrap_styles_width\":\"\",\"wrap_styles_margin\":\"\",\"wrap_styles_padding\":\"\",\"wrap_styles_float\":\"\",\"wrap_styles_show_advanced_css\":0,\"label_styles_border\":\"\",\"label_styles_width\":\"\",\"label_styles_font-size\":\"\",\"label_styles_margin\":\"\",\"label_styles_padding\":\"\",\"label_styles_float\":\"\",\"label_styles_show_advanced_css\":0,\"element_styles_border\":\"\",\"element_styles_width\":\"\",\"element_styles_font-size\":\"\",\"element_styles_margin\":\"\",\"element_styles_padding\":\"\",\"element_styles_float\":\"\",\"element_styles_show_advanced_css\":0,\"cellcid\":\"c3398\",\"value\":\"\",\"drawerDisabled\":\"\",\"field_label\":\"Numer telefonu\",\"field_key\":\"phone_1640098275087\",\"id\":\"9_1\",\"beforeField\":\"\",\"afterField\":\"\",\"parentType\":\"textbox\",\"element_templates\":[\"tel\",\"textbox\",\"input\"],\"old_classname\":\"\",\"wrap_template\":\"wrap\"},{\"objectType\":\"Field\",\"objectDomain\":\"fields\",\"editActive\":false,\"order\":2,\"idAttribute\":\"id\",\"type\":\"email\",\"label\":\"Adres e-mail\",\"key\":\"adres_e-mail_1668018487177\",\"label_pos\":\"above\",\"required\":\"\",\"default\":\"\",\"placeholder\":\"Adres e-mail\",\"container_class\":\"\",\"element_class\":\"\",\"admin_label\":\"\",\"help_text\":\"\",\"custom_name_attribute\":\"email\",\"personally_identifiable\":1,\"wrap_styles_border\":\"\",\"wrap_styles_width\":\"\",\"wrap_styles_margin\":\"\",\"wrap_styles_padding\":\"\",\"wrap_styles_float\":\"\",\"wrap_styles_show_advanced_css\":0,\"label_styles_border\":\"\",\"label_styles_width\":\"\",\"label_styles_font-size\":\"\",\"label_styles_margin\":\"\",\"label_styles_padding\":\"\",\"label_styles_float\":\"\",\"label_styles_show_advanced_css\":0,\"element_styles_border\":\"\",\"element_styles_width\":\"\",\"element_styles_font-size\":\"\",\"element_styles_margin\":\"\",\"element_styles_padding\":\"\",\"element_styles_float\":\"\",\"element_styles_show_advanced_css\":0,\"cellcid\":\"c3401\",\"value\":\"\",\"drawerDisabled\":false,\"field_label\":\"E-mail\",\"field_key\":\"email_1640098276066\",\"id\":\"10_1\",\"beforeField\":\"\",\"afterField\":\"\",\"parentType\":\"email\",\"element_templates\":[\"email\",\"input\"],\"old_classname\":\"\",\"wrap_template\":\"wrap\"},{\"objectType\":\"Field\",\"objectDomain\":\"fields\",\"editActive\":false,\"order\":3,\"idAttribute\":\"id\",\"type\":\"submit\",\"label\":\"Zapisz mnie\",\"processing_label\":\"W trakcie realizacji\",\"container_class\":\"\",\"element_class\":\"\",\"key\":\"zapisz_mnie_1668018472281\",\"wrap_styles_border\":\"\",\"wrap_styles_width\":\"\",\"wrap_styles_margin\":\"\",\"wrap_styles_padding\":\"\",\"wrap_styles_float\":\"\",\"wrap_styles_show_advanced_css\":0,\"element_styles_border\":\"\",\"element_styles_width\":\"\",\"element_styles_font-size\":\"\",\"element_styles_margin\":\"\",\"element_styles_padding\":\"\",\"element_styles_float\":\"\",\"element_styles_show_advanced_css\":0,\"submit_element_hover_styles_border\":\"\",\"submit_element_hover_styles_width\":\"\",\"submit_element_hover_styles_font-size\":\"\",\"submit_element_hover_styles_margin\":\"\",\"submit_element_hover_styles_padding\":\"\",\"submit_element_hover_styles_float\":\"\",\"submit_element_hover_styles_show_advanced_css\":0,\"cellcid\":\"c3403\",\"drawerDisabled\":false,\"field_label\":\"Zamawiam rozmow\\u0119\",\"field_key\":\"zamawiam_rozmowe_1640098314862\",\"id\":\"8_1\",\"beforeField\":\"\",\"afterField\":\"\",\"value\":\"\",\"label_pos\":\"above\",\"parentType\":\"textbox\",\"element_templates\":[\"submit\",\"button\",\"input\"],\"old_classname\":\"\",\"wrap_template\":\"wrap-no-label\"}];nfForms.push(form);<\/script>\n                <script id=\"nf-tmpl-cell\" type=\"text\/template\">\n            <nf-fields><\/nf-fields>\n        <\/script>\n\n        <script id=\"nf-tmpl-row\" type=\"text\/template\">\n            <nf-cells><\/nf-cells>\n        <\/script>\n\n                <img loading=\"lazy\" decoding=\"async\" width=\"2048\" height=\"1534\" src=\"https:\/\/www.koronakarkonoszy.pl\/blog-dla-firm\/wp-content\/uploads\/2022\/10\/zamek-z-drona-17.jpeg\" class=\"attachment-full size-full\" alt=\"Zamek ksi\u0119cia Henryka i widok na Zalew Sosn\u00f3wka\" srcset=\"https:\/\/www.koronakarkonoszy.pl\/blog-dla-firm\/wp-content\/uploads\/2022\/10\/zamek-z-drona-17.jpeg 2048w, https:\/\/www.koronakarkonoszy.pl\/blog-dla-firm\/wp-content\/uploads\/2022\/10\/zamek-z-drona-17-300x225.jpeg 300w, https:\/\/www.koronakarkonoszy.pl\/blog-dla-firm\/wp-content\/uploads\/2022\/10\/zamek-z-drona-17-1024x767.jpeg 1024w, https:\/\/www.koronakarkonoszy.pl\/blog-dla-firm\/wp-content\/uploads\/2022\/10\/zamek-z-drona-17-768x575.jpeg 768w, https:\/\/www.koronakarkonoszy.pl\/blog-dla-firm\/wp-content\/uploads\/2022\/10\/zamek-z-drona-17-1920x1438.jpeg 1920w, https:\/\/www.koronakarkonoszy.pl\/blog-dla-firm\/wp-content\/uploads\/2022\/10\/zamek-z-drona-17-1536x1151.jpeg 1536w\" sizes=\"auto, (max-width: 2048px) 100vw, 2048px\" \/>        <\/div> \n    <\/div>\n<\/div>\n\n\n\n<p>Jako\u015b\u0107 i do\u015bwiadczenie obs\u0142ugi to kolejny element, kt\u00f3ry trzeba bra\u0107 pod uwag\u0119 oceniaj\u0105c <strong>obiekty konferencyjne w g\u00f3rach<\/strong>. Poziom pracy personelu hotelowego bezpo\u015brednio prze\u0142o\u017cy si\u0119 na zadowolenie u klienta, b\u0105d\u017a jego brak. A przecie\u017c to w\u0142a\u015bnie nasi go\u015bcie b\u0119d\u0105 nas p\u00f3\u017aniej ocenia\u0107. I nawet je\u015bli merytorycznie konferencja b\u0119dzie ciekawa, to z uwagi na ewentualne r\u00f3\u017cne drobne dolegliwo\u015bci mog\u0105 nie chcie\u0107 bra\u0107 udzia\u0142u w organizowanych przez nas kolejnych eventach. Tego typu niedoci\u0105gni\u0119cia mog\u0105 zniech\u0119ci\u0107 nawet najbardziej entuzjastycznie nastawionych do konferencji czy eventu uczestnik\u00f3w.<\/p>\n\n\n\n<figure class=\"wp-block-image size-large\"><a href=\"https:\/\/www.koronakarkonoszy.pl\/dla-firm\/\" target=\"_blank\" rel=\"noreferrer noopener\"><img loading=\"lazy\" decoding=\"async\" width=\"1024\" height=\"563\" src=\"https:\/\/www.koronakarkonoszy.pl\/blog-dla-firm\/wp-content\/uploads\/2022\/11\/DSC06575aa-1024x563.jpg\" alt=\"\" class=\"wp-image-4234\" srcset=\"https:\/\/www.koronakarkonoszy.pl\/blog-dla-firm\/wp-content\/uploads\/2022\/11\/DSC06575aa-1024x563.jpg 1024w, https:\/\/www.koronakarkonoszy.pl\/blog-dla-firm\/wp-content\/uploads\/2022\/11\/DSC06575aa-300x165.jpg 300w, https:\/\/www.koronakarkonoszy.pl\/blog-dla-firm\/wp-content\/uploads\/2022\/11\/DSC06575aa-768x422.jpg 768w, https:\/\/www.koronakarkonoszy.pl\/blog-dla-firm\/wp-content\/uploads\/2022\/11\/DSC06575aa-1536x844.jpg 1536w, https:\/\/www.koronakarkonoszy.pl\/blog-dla-firm\/wp-content\/uploads\/2022\/11\/DSC06575aa.jpg 1800w\" sizes=\"auto, (max-width: 1024px) 100vw, 1024px\" \/><\/a><figcaption class=\"wp-element-caption\"><strong>Konferencje w g\u00f3rach &#8211; Dw\u00f3r Korona Karkonoszy, Sosn\u00f3wka <\/strong><\/figcaption><\/figure>\n\n\n\n<p>Obiekty konferencyjne w g\u00f3rach \u2013 co si\u0119 liczy najbardziej? Inne korzy\u015bci z wyboru takiej lokalizacji to te\u017c zapewnienie atrakcyjnego miejsca do integracji pracownik\u00f3w i ekspert\u00f3w wielu dziedzin. <strong>Obiekty hotelowe w g\u00f3rach<\/strong> nastawione s\u0105 w\u0142a\u015bnie na taki spos\u00f3b dzia\u0142ania, aby by\u0142o si\u0119 gdzie spotyka\u0107, rozmawia\u0107 i wsp\u00f3lnie bawi\u0107.<\/p>\n\n\n\n<figure class=\"wp-block-image size-large\"><a href=\"https:\/\/www.koronakarkonoszy.pl\/dla-firm\/\" target=\"_blank\" rel=\"noreferrer noopener\"><img loading=\"lazy\" decoding=\"async\" width=\"1024\" height=\"512\" src=\"https:\/\/www.koronakarkonoszy.pl\/blog-dla-firm\/wp-content\/uploads\/2021\/07\/agencja_eventowa_DKK-2-1024x512.jpg\" alt=\"\" class=\"wp-image-3471\" srcset=\"https:\/\/www.koronakarkonoszy.pl\/blog-dla-firm\/wp-content\/uploads\/2021\/07\/agencja_eventowa_DKK-2-1024x512.jpg 1024w, https:\/\/www.koronakarkonoszy.pl\/blog-dla-firm\/wp-content\/uploads\/2021\/07\/agencja_eventowa_DKK-2-300x150.jpg 300w, https:\/\/www.koronakarkonoszy.pl\/blog-dla-firm\/wp-content\/uploads\/2021\/07\/agencja_eventowa_DKK-2-768x384.jpg 768w, https:\/\/www.koronakarkonoszy.pl\/blog-dla-firm\/wp-content\/uploads\/2021\/07\/agencja_eventowa_DKK-2.jpg 1200w\" sizes=\"auto, (max-width: 1024px) 100vw, 1024px\" \/><\/a><\/figure>\n\n\n\n<h3 class=\"wp-block-heading\" id=\"ha-atmosfera-najwiekszy-plus-obiektow-konferencyjnych-w-gorach\">Atmosfera \u2013 najwi\u0119kszy plus obiekt\u00f3w konferencyjnych w g\u00f3rach<\/h3>\n\n\n\n<p>Konferencja i g\u00f3ry to po\u0142\u0105czenie idealne!<strong> Konferencje w g\u00f3rach<\/strong> bez w\u0105tpienia maj\u0105 sw\u00f3j klimat. Wyobra\u017amy sobie jesienn\u0105 aur\u0119, przebarwiaj\u0105ce si\u0119 li\u015bcie i widoki na stare lasy z pe\u0142n\u0105 palet\u0105 ciep\u0142ych kolor\u00f3w\u2026 Albo o\u015bnie\u017cone szczyty g\u00f3r i rze\u015bkie powietrze, a po spacerze degustacj\u0119 lokalnych nalewek w sali kominkowej.<\/p>\n\n\n\n<figure class=\"wp-block-image size-full\"><a href=\"https:\/\/www.koronakarkonoszy.pl\/dla-firm\/\" target=\"_blank\" rel=\"noreferrer noopener\"><img loading=\"lazy\" decoding=\"async\" width=\"800\" height=\"534\" src=\"https:\/\/www.koronakarkonoszy.pl\/blog-dla-firm\/wp-content\/uploads\/2021\/05\/Sala_Szkoleniowa_Refektarz.jpg\" alt=\"\" class=\"wp-image-144\" srcset=\"https:\/\/www.koronakarkonoszy.pl\/blog-dla-firm\/wp-content\/uploads\/2021\/05\/Sala_Szkoleniowa_Refektarz.jpg 800w, https:\/\/www.koronakarkonoszy.pl\/blog-dla-firm\/wp-content\/uploads\/2021\/05\/Sala_Szkoleniowa_Refektarz-300x200.jpg 300w, https:\/\/www.koronakarkonoszy.pl\/blog-dla-firm\/wp-content\/uploads\/2021\/05\/Sala_Szkoleniowa_Refektarz-768x513.jpg 768w\" sizes=\"auto, (max-width: 800px) 100vw, 800px\" \/><\/a><figcaption class=\"wp-element-caption\"><strong>Sala Kominkowa &#8211; Dw\u00f3r Korona Karkonoszy, Sosn\u00f3wka <\/strong><\/figcaption><\/figure>\n\n\n\n<p><strong>Sale konferencyjne w g\u00f3rach<\/strong> powinny by\u0107 przystosowane do spotka\u0144 i szkole\u0144. Ale obiekty konferencyjne w g\u00f3rach musz\u0105 tak\u017ce mie\u0107 szerokie zaplecze rekreacyjne i wypoczynkowe. W trakcie spotka\u0144 firmowych i konferencji cz\u0119sto pojawiaj\u0105 si\u0119 spontanicznie pomys\u0142y na ta\u0144ce albo <a href=\"https:\/\/www.koronakarkonoszy.pl\/blog-dla-firm\/czy-ognisko-integracyjne-dla-pracownikow-to-dobry-pomysl\/\" target=\"_blank\" rel=\"noreferrer noopener\">ognisko integracyjne<\/a>. Dlatego trzeba sprawdzi\u0107, czy wybrany przez nas obiekt na konferencj\u0119 dysponuje na przyk\u0142ad grillem i odpowiedni\u0105 przestrzeni\u0105 do wsp\u00f3lnej zabawy. Centrum imprez plenerowych zawsze sprawdzi si\u0119 podczas event\u00f3w, szkole\u0144 i konferencji. Rekreacja na \u015bwie\u017cym powietrzu po naradach i wyk\u0142adach ucieszy wszystkich uczestnik\u00f3w.&nbsp;<\/p>\n\n\n<style>\n  .destination_map {\n    margin: 1.5em 0;\n  }\n\n  body:not(.wp-admin) .admin {\n    display: none;\n  }\n\n  .map {\n    max-width: 800px;\n    height: 400px;\n  }\n\n  .wp-admin .map {\n    display: none;\n  }\n<\/style>\n\n<div id=\"destination_map-block_51c282e239e3b62ece3ed1daf7719042\" class=\"destination_map\">\n  <div class=\"destinationmap-body admin\" style=\"background-color: lightblue;\">\n        Mapa dojazdu\n  <\/div>\n  <div id=\"block_51c282e239e3b62ece3ed1daf7719042\" class=\"map\"><\/div>\n<\/div>\n\n<script>\n  (function($) {\n\n    function mapLocation() {\n      var directionsDisplay;\n      var directionsService = new google.maps.DirectionsService();\n      var map;\n\n      function initialize() {\n        var pos = new google.maps.LatLng(50.8190591, 15.7212853);\n        var mapOptions = {\n          zoom: 11,\n          center: pos\n        };\n        map = new google.maps.Map(document.getElementById('block_51c282e239e3b62ece3ed1daf7719042'), mapOptions);\n\n        var marker = new google.maps.Marker({\n          position: pos,\n          map: map\n        });\n\n      }\n\n      google.maps.event.addDomListener(window, 'load', initialize);\n    }\n    mapLocation();\n\n  })(jQuery);\n<\/script>","protected":false},"excerpt":{"rendered":"<p>Konferencje, imprezy integracyjne, szkolenia team buildingowe i inne zebrania biznesowe powinny by\u0107 organizowane w odpowiednich miejscach. Wybrana sala musi by\u0107 przystosowana do typu spotkania. Musi zapewni\u0107 uczestnikom pe\u0142en komfort i swobod\u0119 podczas kilkugodzinnych posiedze\u0144. Du\u017c\u0105 popularno\u015bci\u0105 w\u015br\u00f3d organizator\u00f3w takich wydarze\u0144 ciesz\u0105 si\u0119 obiekty konferencyjne w g\u00f3rach. Dlaczego warto wybra\u0107 takie miejsca? Czego si\u0119 dowiesz z [&hellip;]<\/p>\n","protected":false},"author":11,"featured_media":769,"comment_status":"closed","ping_status":"closed","sticky":false,"template":"","format":"standard","meta":{"_acf_changed":false,"footnotes":""},"categories":[18,2],"class_list":["post-768","post","type-post","status-publish","format-standard","has-post-thumbnail","hentry","category-atrakcje-na-imprezy","category-porady"],"acf":[],"yoast_head":"<!-- This site is optimized with the Yoast SEO Premium plugin v27.4 (Yoast SEO v27.4) - https:\/\/yoast.com\/product\/yoast-seo-premium-wordpress\/ -->\n<title>Obiekty konferencyjne w g\u00f3rach \u2013 idealne na spotkania firmowe - :: Blog dla firm - szkolenia, zarz\u0105dzanie zespo\u0142em, team building<\/title>\n<meta name=\"description\" content=\"Du\u017c\u0105 popularno\u015bci\u0105 w\u015br\u00f3d organizator\u00f3w event\u00f3w firmowych ciesz\u0105 si\u0119 obiekty konferencyjne w g\u00f3rach. Dlaczego warto wybra\u0107 takie miejsce?\" \/>\n<meta name=\"robots\" content=\"index, follow, max-snippet:-1, max-image-preview:large, max-video-preview:-1\" \/>\n<link rel=\"canonical\" href=\"https:\/\/www.koronakarkonoszy.pl\/blog-dla-firm\/de\/tagungsraumlichkeiten-in-den-bergen-perfekte-orte-fur-firmenmeetings\/\" \/>\n<meta property=\"og:locale\" content=\"de_DE\" \/>\n<meta property=\"og:type\" content=\"article\" \/>\n<meta property=\"og:title\" content=\"Obiekty konferencyjne w g\u00f3rach \u2013 idealne na spotkania firmowe\" \/>\n<meta property=\"og:description\" content=\"Du\u017c\u0105 popularno\u015bci\u0105 w\u015br\u00f3d organizator\u00f3w event\u00f3w firmowych ciesz\u0105 si\u0119 obiekty konferencyjne w g\u00f3rach. Dlaczego warto wybra\u0107 takie miejsce?\" \/>\n<meta property=\"og:url\" content=\"https:\/\/www.koronakarkonoszy.pl\/blog-dla-firm\/de\/tagungsraumlichkeiten-in-den-bergen-perfekte-orte-fur-firmenmeetings\/\" \/>\n<meta property=\"og:site_name\" content=\":: Blog dla firm - szkolenia, zarz\u0105dzanie zespo\u0142em, team building\" \/>\n<meta property=\"article:published_time\" content=\"2024-08-07T12:33:00+00:00\" \/>\n<meta property=\"article:modified_time\" content=\"2024-09-06T09:53:05+00:00\" \/>\n<meta property=\"og:image\" content=\"https:\/\/www.koronakarkonoszy.pl\/blog-dla-firm\/wp-content\/uploads\/2021\/07\/obiekty-konferencyjne-w-gorach.jpg\" \/>\n\t<meta property=\"og:image:width\" content=\"1280\" \/>\n\t<meta property=\"og:image:height\" content=\"862\" \/>\n\t<meta property=\"og:image:type\" content=\"image\/jpeg\" \/>\n<meta name=\"author\" content=\"agnieszka\" \/>\n<meta name=\"twitter:card\" content=\"summary_large_image\" \/>\n<meta name=\"twitter:label1\" content=\"Verfasst von\" \/>\n\t<meta name=\"twitter:data1\" content=\"agnieszka\" \/>\n\t<meta name=\"twitter:label2\" content=\"Gesch\u00e4tzte Lesezeit\" \/>\n\t<meta name=\"twitter:data2\" content=\"13\u00a0Minuten\" \/>\n<script type=\"application\/ld+json\" class=\"yoast-schema-graph\">{\"@context\":\"https:\\\/\\\/schema.org\",\"@graph\":[{\"@type\":\"Article\",\"@id\":\"https:\\\/\\\/www.koronakarkonoszy.pl\\\/blog-dla-firm\\\/obiekty-konferencyjne-w-gorach\\\/#article\",\"isPartOf\":{\"@id\":\"https:\\\/\\\/www.koronakarkonoszy.pl\\\/blog-dla-firm\\\/obiekty-konferencyjne-w-gorach\\\/\"},\"author\":{\"name\":\"agnieszka\",\"@id\":\"https:\\\/\\\/www.koronakarkonoszy.pl\\\/blog-dla-firm\\\/#\\\/schema\\\/person\\\/c06752c3cb176906b455582ff7ef925e\"},\"headline\":\"Obiekty konferencyjne w g\u00f3rach \u2013 idealne na spotkania firmowe\",\"datePublished\":\"2024-08-07T12:33:00+00:00\",\"dateModified\":\"2024-09-06T09:53:05+00:00\",\"mainEntityOfPage\":{\"@id\":\"https:\\\/\\\/www.koronakarkonoszy.pl\\\/blog-dla-firm\\\/obiekty-konferencyjne-w-gorach\\\/\"},\"wordCount\":1961,\"image\":{\"@id\":\"https:\\\/\\\/www.koronakarkonoszy.pl\\\/blog-dla-firm\\\/obiekty-konferencyjne-w-gorach\\\/#primaryimage\"},\"thumbnailUrl\":\"https:\\\/\\\/www.koronakarkonoszy.pl\\\/blog-dla-firm\\\/wp-content\\\/uploads\\\/2021\\\/07\\\/obiekty-konferencyjne-w-gorach.jpg\",\"articleSection\":[\"Atrakcje na imprezy\",\"Porady\"],\"inLanguage\":\"de\"},{\"@type\":\"WebPage\",\"@id\":\"https:\\\/\\\/www.koronakarkonoszy.pl\\\/blog-dla-firm\\\/obiekty-konferencyjne-w-gorach\\\/\",\"url\":\"https:\\\/\\\/www.koronakarkonoszy.pl\\\/blog-dla-firm\\\/obiekty-konferencyjne-w-gorach\\\/\",\"name\":\"Obiekty konferencyjne w g\u00f3rach \u2013 idealne na spotkania firmowe - :: Blog dla firm - szkolenia, zarz\u0105dzanie zespo\u0142em, team building\",\"isPartOf\":{\"@id\":\"https:\\\/\\\/www.koronakarkonoszy.pl\\\/blog-dla-firm\\\/#website\"},\"primaryImageOfPage\":{\"@id\":\"https:\\\/\\\/www.koronakarkonoszy.pl\\\/blog-dla-firm\\\/obiekty-konferencyjne-w-gorach\\\/#primaryimage\"},\"image\":{\"@id\":\"https:\\\/\\\/www.koronakarkonoszy.pl\\\/blog-dla-firm\\\/obiekty-konferencyjne-w-gorach\\\/#primaryimage\"},\"thumbnailUrl\":\"https:\\\/\\\/www.koronakarkonoszy.pl\\\/blog-dla-firm\\\/wp-content\\\/uploads\\\/2021\\\/07\\\/obiekty-konferencyjne-w-gorach.jpg\",\"datePublished\":\"2024-08-07T12:33:00+00:00\",\"dateModified\":\"2024-09-06T09:53:05+00:00\",\"author\":{\"@id\":\"https:\\\/\\\/www.koronakarkonoszy.pl\\\/blog-dla-firm\\\/#\\\/schema\\\/person\\\/c06752c3cb176906b455582ff7ef925e\"},\"description\":\"Du\u017c\u0105 popularno\u015bci\u0105 w\u015br\u00f3d organizator\u00f3w event\u00f3w firmowych ciesz\u0105 si\u0119 obiekty konferencyjne w g\u00f3rach. Dlaczego warto wybra\u0107 takie miejsce?\",\"breadcrumb\":{\"@id\":\"https:\\\/\\\/www.koronakarkonoszy.pl\\\/blog-dla-firm\\\/obiekty-konferencyjne-w-gorach\\\/#breadcrumb\"},\"inLanguage\":\"de\",\"potentialAction\":[{\"@type\":\"ReadAction\",\"target\":[\"https:\\\/\\\/www.koronakarkonoszy.pl\\\/blog-dla-firm\\\/obiekty-konferencyjne-w-gorach\\\/\"]}]},{\"@type\":\"ImageObject\",\"inLanguage\":\"de\",\"@id\":\"https:\\\/\\\/www.koronakarkonoszy.pl\\\/blog-dla-firm\\\/obiekty-konferencyjne-w-gorach\\\/#primaryimage\",\"url\":\"https:\\\/\\\/www.koronakarkonoszy.pl\\\/blog-dla-firm\\\/wp-content\\\/uploads\\\/2021\\\/07\\\/obiekty-konferencyjne-w-gorach.jpg\",\"contentUrl\":\"https:\\\/\\\/www.koronakarkonoszy.pl\\\/blog-dla-firm\\\/wp-content\\\/uploads\\\/2021\\\/07\\\/obiekty-konferencyjne-w-gorach.jpg\",\"width\":1280,\"height\":862,\"caption\":\"Obiekty konferencyjne w g\u00f3rach\"},{\"@type\":\"BreadcrumbList\",\"@id\":\"https:\\\/\\\/www.koronakarkonoszy.pl\\\/blog-dla-firm\\\/obiekty-konferencyjne-w-gorach\\\/#breadcrumb\",\"itemListElement\":[{\"@type\":\"ListItem\",\"position\":1,\"name\":\"Strona g\u0142\u00f3wna\",\"item\":\"https:\\\/\\\/www.koronakarkonoszy.pl\\\/blog-dla-firm\\\/\"},{\"@type\":\"ListItem\",\"position\":2,\"name\":\"Obiekty konferencyjne w g\u00f3rach \u2013 idealne na spotkania firmowe\"}]},{\"@type\":\"WebSite\",\"@id\":\"https:\\\/\\\/www.koronakarkonoszy.pl\\\/blog-dla-firm\\\/#website\",\"url\":\"https:\\\/\\\/www.koronakarkonoszy.pl\\\/blog-dla-firm\\\/\",\"name\":\":: Blog dla firm - szkolenia, zarz\u0105dzanie zespo\u0142em, team building\",\"description\":\"\",\"potentialAction\":[{\"@type\":\"SearchAction\",\"target\":{\"@type\":\"EntryPoint\",\"urlTemplate\":\"https:\\\/\\\/www.koronakarkonoszy.pl\\\/blog-dla-firm\\\/?s={search_term_string}\"},\"query-input\":{\"@type\":\"PropertyValueSpecification\",\"valueRequired\":true,\"valueName\":\"search_term_string\"}}],\"inLanguage\":\"de\"},{\"@type\":\"Person\",\"@id\":\"https:\\\/\\\/www.koronakarkonoszy.pl\\\/blog-dla-firm\\\/#\\\/schema\\\/person\\\/c06752c3cb176906b455582ff7ef925e\",\"name\":\"agnieszka\",\"image\":{\"@type\":\"ImageObject\",\"inLanguage\":\"de\",\"@id\":\"https:\\\/\\\/www.koronakarkonoszy.pl\\\/blog-dla-firm\\\/wp-content\\\/litespeed\\\/avatar\\\/53ee7b676463f74d0aea1a09de3d003b.jpg?ver=1776841233\",\"url\":\"https:\\\/\\\/www.koronakarkonoszy.pl\\\/blog-dla-firm\\\/wp-content\\\/litespeed\\\/avatar\\\/53ee7b676463f74d0aea1a09de3d003b.jpg?ver=1776841233\",\"contentUrl\":\"https:\\\/\\\/www.koronakarkonoszy.pl\\\/blog-dla-firm\\\/wp-content\\\/litespeed\\\/avatar\\\/53ee7b676463f74d0aea1a09de3d003b.jpg?ver=1776841233\",\"caption\":\"agnieszka\"},\"url\":\"https:\\\/\\\/www.koronakarkonoszy.pl\\\/blog-dla-firm\\\/de\\\/author\\\/agnieszka\\\/\"}]}<\/script>\n<!-- \/ Yoast SEO Premium plugin. -->","yoast_head_json":{"title":"Tagungsm\u00f6glichkeiten in den Bergen \u2013 perfekt f\u00fcr Firmenmeetings \u2013 :: Blog f\u00fcr Firmen \u2013 Schulung, Teammanagement, Teambuilding","description":"Konferenzeinrichtungen in den Bergen erfreuen sich bei Organisatoren von Firmenveranstaltungen gro\u00dfer Beliebtheit. Warum lohnt es sich, einen solchen Ort zu w\u00e4hlen?","robots":{"index":"index","follow":"follow","max-snippet":"max-snippet:-1","max-image-preview":"max-image-preview:large","max-video-preview":"max-video-preview:-1"},"canonical":"https:\/\/www.koronakarkonoszy.pl\/blog-dla-firm\/de\/tagungsraumlichkeiten-in-den-bergen-perfekte-orte-fur-firmenmeetings\/","og_locale":"de_DE","og_type":"article","og_title":"Obiekty konferencyjne w g\u00f3rach \u2013 idealne na spotkania firmowe","og_description":"Du\u017c\u0105 popularno\u015bci\u0105 w\u015br\u00f3d organizator\u00f3w event\u00f3w firmowych ciesz\u0105 si\u0119 obiekty konferencyjne w g\u00f3rach. Dlaczego warto wybra\u0107 takie miejsce?","og_url":"https:\/\/www.koronakarkonoszy.pl\/blog-dla-firm\/de\/tagungsraumlichkeiten-in-den-bergen-perfekte-orte-fur-firmenmeetings\/","og_site_name":":: Blog dla firm - szkolenia, zarz\u0105dzanie zespo\u0142em, team building","article_published_time":"2024-08-07T12:33:00+00:00","article_modified_time":"2024-09-06T09:53:05+00:00","og_image":[{"width":1280,"height":862,"url":"https:\/\/www.koronakarkonoszy.pl\/blog-dla-firm\/wp-content\/uploads\/2021\/07\/obiekty-konferencyjne-w-gorach.jpg","type":"image\/jpeg"}],"author":"agnieszka","twitter_card":"summary_large_image","twitter_misc":{"Verfasst von":"agnieszka","Gesch\u00e4tzte Lesezeit":"13\u00a0Minuten"},"schema":{"@context":"https:\/\/schema.org","@graph":[{"@type":"Article","@id":"https:\/\/www.koronakarkonoszy.pl\/blog-dla-firm\/obiekty-konferencyjne-w-gorach\/#article","isPartOf":{"@id":"https:\/\/www.koronakarkonoszy.pl\/blog-dla-firm\/obiekty-konferencyjne-w-gorach\/"},"author":{"name":"agnieszka","@id":"https:\/\/www.koronakarkonoszy.pl\/blog-dla-firm\/#\/schema\/person\/c06752c3cb176906b455582ff7ef925e"},"headline":"Obiekty konferencyjne w g\u00f3rach \u2013 idealne na spotkania firmowe","datePublished":"2024-08-07T12:33:00+00:00","dateModified":"2024-09-06T09:53:05+00:00","mainEntityOfPage":{"@id":"https:\/\/www.koronakarkonoszy.pl\/blog-dla-firm\/obiekty-konferencyjne-w-gorach\/"},"wordCount":1961,"image":{"@id":"https:\/\/www.koronakarkonoszy.pl\/blog-dla-firm\/obiekty-konferencyjne-w-gorach\/#primaryimage"},"thumbnailUrl":"https:\/\/www.koronakarkonoszy.pl\/blog-dla-firm\/wp-content\/uploads\/2021\/07\/obiekty-konferencyjne-w-gorach.jpg","articleSection":["Atrakcje na imprezy","Porady"],"inLanguage":"de"},{"@type":"WebPage","@id":"https:\/\/www.koronakarkonoszy.pl\/blog-dla-firm\/obiekty-konferencyjne-w-gorach\/","url":"https:\/\/www.koronakarkonoszy.pl\/blog-dla-firm\/obiekty-konferencyjne-w-gorach\/","name":"Tagungsm\u00f6glichkeiten in den Bergen \u2013 perfekt f\u00fcr Firmenmeetings \u2013 :: Blog f\u00fcr Firmen \u2013 Schulung, Teammanagement, Teambuilding","isPartOf":{"@id":"https:\/\/www.koronakarkonoszy.pl\/blog-dla-firm\/#website"},"primaryImageOfPage":{"@id":"https:\/\/www.koronakarkonoszy.pl\/blog-dla-firm\/obiekty-konferencyjne-w-gorach\/#primaryimage"},"image":{"@id":"https:\/\/www.koronakarkonoszy.pl\/blog-dla-firm\/obiekty-konferencyjne-w-gorach\/#primaryimage"},"thumbnailUrl":"https:\/\/www.koronakarkonoszy.pl\/blog-dla-firm\/wp-content\/uploads\/2021\/07\/obiekty-konferencyjne-w-gorach.jpg","datePublished":"2024-08-07T12:33:00+00:00","dateModified":"2024-09-06T09:53:05+00:00","author":{"@id":"https:\/\/www.koronakarkonoszy.pl\/blog-dla-firm\/#\/schema\/person\/c06752c3cb176906b455582ff7ef925e"},"description":"Konferenzeinrichtungen in den Bergen erfreuen sich bei Organisatoren von Firmenveranstaltungen gro\u00dfer Beliebtheit. Warum lohnt es sich, einen solchen Ort zu w\u00e4hlen?","breadcrumb":{"@id":"https:\/\/www.koronakarkonoszy.pl\/blog-dla-firm\/obiekty-konferencyjne-w-gorach\/#breadcrumb"},"inLanguage":"de","potentialAction":[{"@type":"ReadAction","target":["https:\/\/www.koronakarkonoszy.pl\/blog-dla-firm\/obiekty-konferencyjne-w-gorach\/"]}]},{"@type":"ImageObject","inLanguage":"de","@id":"https:\/\/www.koronakarkonoszy.pl\/blog-dla-firm\/obiekty-konferencyjne-w-gorach\/#primaryimage","url":"https:\/\/www.koronakarkonoszy.pl\/blog-dla-firm\/wp-content\/uploads\/2021\/07\/obiekty-konferencyjne-w-gorach.jpg","contentUrl":"https:\/\/www.koronakarkonoszy.pl\/blog-dla-firm\/wp-content\/uploads\/2021\/07\/obiekty-konferencyjne-w-gorach.jpg","width":1280,"height":862,"caption":"Obiekty konferencyjne w g\u00f3rach"},{"@type":"BreadcrumbList","@id":"https:\/\/www.koronakarkonoszy.pl\/blog-dla-firm\/obiekty-konferencyjne-w-gorach\/#breadcrumb","itemListElement":[{"@type":"ListItem","position":1,"name":"Strona g\u0142\u00f3wna","item":"https:\/\/www.koronakarkonoszy.pl\/blog-dla-firm\/"},{"@type":"ListItem","position":2,"name":"Obiekty konferencyjne w g\u00f3rach \u2013 idealne na spotkania firmowe"}]},{"@type":"WebSite","@id":"https:\/\/www.koronakarkonoszy.pl\/blog-dla-firm\/#website","url":"https:\/\/www.koronakarkonoszy.pl\/blog-dla-firm\/","name":":: Blog f\u00fcr Unternehmen \u2013 Schulung, Teammanagement, Teambuilding","description":"","potentialAction":[{"@type":"SearchAction","target":{"@type":"EntryPoint","urlTemplate":"https:\/\/www.koronakarkonoszy.pl\/blog-dla-firm\/?s={search_term_string}"},"query-input":{"@type":"PropertyValueSpecification","valueRequired":true,"valueName":"search_term_string"}}],"inLanguage":"de"},{"@type":"Person","@id":"https:\/\/www.koronakarkonoszy.pl\/blog-dla-firm\/#\/schema\/person\/c06752c3cb176906b455582ff7ef925e","name":"Agnes","image":{"@type":"ImageObject","inLanguage":"de","@id":"https:\/\/www.koronakarkonoszy.pl\/blog-dla-firm\/wp-content\/litespeed\/avatar\/53ee7b676463f74d0aea1a09de3d003b.jpg?ver=1776841233","url":"https:\/\/www.koronakarkonoszy.pl\/blog-dla-firm\/wp-content\/litespeed\/avatar\/53ee7b676463f74d0aea1a09de3d003b.jpg?ver=1776841233","contentUrl":"https:\/\/www.koronakarkonoszy.pl\/blog-dla-firm\/wp-content\/litespeed\/avatar\/53ee7b676463f74d0aea1a09de3d003b.jpg?ver=1776841233","caption":"agnieszka"},"url":"https:\/\/www.koronakarkonoszy.pl\/blog-dla-firm\/de\/author\/agnieszka\/"}]}},"_links":{"self":[{"href":"https:\/\/www.koronakarkonoszy.pl\/blog-dla-firm\/de\/wp-json\/wp\/v2\/posts\/768","targetHints":{"allow":["GET"]}}],"collection":[{"href":"https:\/\/www.koronakarkonoszy.pl\/blog-dla-firm\/de\/wp-json\/wp\/v2\/posts"}],"about":[{"href":"https:\/\/www.koronakarkonoszy.pl\/blog-dla-firm\/de\/wp-json\/wp\/v2\/types\/post"}],"author":[{"embeddable":true,"href":"https:\/\/www.koronakarkonoszy.pl\/blog-dla-firm\/de\/wp-json\/wp\/v2\/users\/11"}],"replies":[{"embeddable":true,"href":"https:\/\/www.koronakarkonoszy.pl\/blog-dla-firm\/de\/wp-json\/wp\/v2\/comments?post=768"}],"version-history":[{"count":6,"href":"https:\/\/www.koronakarkonoszy.pl\/blog-dla-firm\/de\/wp-json\/wp\/v2\/posts\/768\/revisions"}],"predecessor-version":[{"id":10211,"href":"https:\/\/www.koronakarkonoszy.pl\/blog-dla-firm\/de\/wp-json\/wp\/v2\/posts\/768\/revisions\/10211"}],"wp:featuredmedia":[{"embeddable":true,"href":"https:\/\/www.koronakarkonoszy.pl\/blog-dla-firm\/de\/wp-json\/wp\/v2\/media\/769"}],"wp:attachment":[{"href":"https:\/\/www.koronakarkonoszy.pl\/blog-dla-firm\/de\/wp-json\/wp\/v2\/media?parent=768"}],"wp:term":[{"taxonomy":"category","embeddable":true,"href":"https:\/\/www.koronakarkonoszy.pl\/blog-dla-firm\/de\/wp-json\/wp\/v2\/categories?post=768"}],"curies":[{"name":"wp","href":"https:\/\/api.w.org\/{rel}","templated":true}]}}