{"id":737,"date":"2021-07-08T19:07:07","date_gmt":"2021-07-08T17:07:07","guid":{"rendered":"https:\/\/www.koronakarkonoszy.pl\/blog-dla-firm\/?p=737"},"modified":"2024-05-30T18:17:59","modified_gmt":"2024-05-30T16:17:59","slug":"integracja-dla-firm-z-pomyslem-jak-zorganizowac-nietypowe-wydarzenie","status":"publish","type":"post","link":"https:\/\/www.koronakarkonoszy.pl\/blog-dla-firm\/de\/integracja-dla-firm-z-pomyslem-jak-zorganizowac-nietypowe-wydarzenie\/","title":{"rendered":"Integration f\u00fcr Unternehmen mit einer Idee \u2013 wie organisiert man ein au\u00dfergew\u00f6hnliches Event?"},"content":{"rendered":"\n<p>Imprezy integracyjne to jeden z najpopularniejszych sposob\u00f3w budowania pozytywnych relacji mi\u0119dzy cz\u0142onkami firmowego zespo\u0142u. Jest to doskona\u0142y okazja na poznanie wsp\u00f3\u0142pracownik\u00f3w, wzmocnienie przyjacielskich wi\u0119zi i stworzenie sympatycznej atmosfery w miejscu pracy. Jaka integracja dla firm przyniesie najwi\u0119ksze korzy\u015bci? Jak zorganizowa\u0107 wydarzenie, o kt\u00f3rym pracownicy d\u0142ugo nie zapomn\u0105?<\/p>\n\n\n<div id=\"ariadna-block_d091c1a430ef9358a1846f24cf08d7e5\" class=\"ariadna\">\n    <ul><li><a href=\"#h-po-co-integrowac-pracownikow\">Po co integrowa\u0107 pracownik\u00f3w?<\/a><\/li><li><a href=\"#h-integracja-dla-firm-w-stylu-szalonych-lat-80\">Integracja dla firm w stylu szalonych lat 80.<\/a><\/li><li><a href=\"#ha-pracownicy-tesknia-za-imprezami-firmowymi\">Pracownicy t\u0119skni\u0105 za imprezami firmowymi?<\/a><\/li><li><a href=\"#h-integracja-dla-firm-a-moze-warsztaty\">Integracja dla firm &#8211; a mo\u017ce warsztaty?<\/a><\/li><li><a href=\"#h-wyjazd-niespodzianka-ciekawy-sposob-na-integracje-dla-firm\">Wyjazd niespodzianka \u2013 ciekawy spos\u00f3b na integracj\u0119 dla firm<\/a><\/li><\/ul>\n<\/div>\n\n\n\n\n\n\n<figure class=\"wp-block-image size-large is-resized\"><a href=\"https:\/\/www.koronakarkonoszy.pl\/konfigurator-imprez\/\" target=\"_blank\" rel=\"noreferrer noopener\"><img loading=\"lazy\" decoding=\"async\" width=\"1024\" height=\"510\" src=\"https:\/\/www.koronakarkonoszy.pl\/blog-dla-firm\/wp-content\/uploads\/2023\/11\/DKK-konfigurator_01-1024x510.jpg\" alt=\"Konfigurator imprez firmowych agencji eventowej Dw\u00f3r Korona Karkonoszy\" class=\"wp-image-7804\" style=\"width:855px;height:auto\" title=\"Konfigurator imprez firmowych agencji eventowej \" srcset=\"https:\/\/www.koronakarkonoszy.pl\/blog-dla-firm\/wp-content\/uploads\/2023\/11\/DKK-konfigurator_01-1024x510.jpg 1024w, https:\/\/www.koronakarkonoszy.pl\/blog-dla-firm\/wp-content\/uploads\/2023\/11\/DKK-konfigurator_01-300x150.jpg 300w, https:\/\/www.koronakarkonoszy.pl\/blog-dla-firm\/wp-content\/uploads\/2023\/11\/DKK-konfigurator_01-768x383.jpg 768w, https:\/\/www.koronakarkonoszy.pl\/blog-dla-firm\/wp-content\/uploads\/2023\/11\/DKK-konfigurator_01-1920x957.jpg 1920w, https:\/\/www.koronakarkonoszy.pl\/blog-dla-firm\/wp-content\/uploads\/2023\/11\/DKK-konfigurator_01-1536x766.jpg 1536w, https:\/\/www.koronakarkonoszy.pl\/blog-dla-firm\/wp-content\/uploads\/2023\/11\/DKK-konfigurator_01-18x9.jpg 18w, https:\/\/www.koronakarkonoszy.pl\/blog-dla-firm\/wp-content\/uploads\/2023\/11\/DKK-konfigurator_01.jpg 2040w\" sizes=\"auto, (max-width: 1024px) 100vw, 1024px\" \/><\/a><\/figure>\n\n\n\n<h2 class=\"wp-block-heading\" id=\"h-po-co-integrowac-pracownikow\">Po co integrowa\u0107 pracownik\u00f3w?<\/h2>\n\n\n\n<p>Czasem w zespo\u0142ach dochodzi do konflikt\u00f3w i spor\u00f3w, pracownicy nie znaj\u0105 si\u0119 na tyle dobrze, \u017ceby komunikacja by\u0142a sprawna i skuteczna, a atmosfera w firmie nie nale\u017cy do najlepszych. Niestety takie warunki nie sprzyjaj\u0105 efektywnej pracy. Kiepskie relacje mi\u0119dzy pracownikami to jedna z g\u0142\u00f3wnych przyczyn s\u0142abej pozycji danego przedsi\u0119biorstwa na rynku. Cz\u0142onkowie firmowej za\u0142ogi maj\u0105 mniej motywacji do dzia\u0142ania, nie staraj\u0105 si\u0119, wykonuj\u0105c obowi\u0105zki s\u0142u\u017cbowe i niech\u0119tnie przychodz\u0105 do pracy, a w konsekwencji nie s\u0105 w stanie wygenerowa\u0107 satysfakcjonuj\u0105cych zysk\u00f3w i nie odnosz\u0105 oczekiwanych efekt\u00f3w. Jak poprawi\u0107 tak\u0105 sytuacj\u0119? Czy jest na to skuteczny spos\u00f3b? Oczywi\u015bcie! Kluczem do sukcesu jest regularna organizacja imprez firmowych dla pracownik\u00f3w.<\/p>\n\n\n<section id=\"leonardo-block_09e7df240cadd695d8839f9d96a26776\" class=\"leonardo page-breaker leonardo-image-right\">\n    <div class=\"leonardo-body\">\n                <div class=\"leonardo-content\"><p>Integracja dla firm to doskona\u0142a metoda na zbudowanie silnego, rozumiej\u0105cego si\u0119 zespo\u0142u pracowniczego. Impreza firmowa stwarza znakomite warunki do spokojnej konwersacji na neutralnym gruncie. Cz\u0142onkowie grupy pracowniczej mog\u0105 porozmawia\u0107 na tematy niezwi\u0105zane z obowi\u0105zkami s\u0142u\u017cbowymi \u2013 takie jak rodzina, zainteresowania, czy polityka. Jest to najlepszy spos\u00f3b na to, \u017ceby z\u0142apa\u0107 wsp\u00f3lny j\u0119zyk, pozna\u0107 si\u0119 lepiej i zbudowa\u0107 lub wzmocni\u0107 relacje przyjacielskie mi\u0119dzy pracownikami. Owocem cyklicznych wydarze\u0144 integracyjnych b\u0119dzie sprawnie funkcjonuj\u0105cy zesp\u00f3\u0142, kt\u00f3ry umie si\u0119 porozumie\u0107 i dzi\u0119ki temu osi\u0105ga spektakularne sukcesy w bran\u017cy.<\/p>\n<\/div>\n            <\/div>\n    <div class=\"leonardo-image\">\n        <img loading=\"lazy\" decoding=\"async\" width=\"1280\" height=\"853\" src=\"https:\/\/www.koronakarkonoszy.pl\/blog-dla-firm\/wp-content\/uploads\/2021\/07\/integracja-dla-firm-w-gorach.jpg\" class=\"attachment-full size-full\" alt=\"Integracja dla firm w g\u00f3rach - wspinaczka na \u015bciance\" srcset=\"https:\/\/www.koronakarkonoszy.pl\/blog-dla-firm\/wp-content\/uploads\/2021\/07\/integracja-dla-firm-w-gorach.jpg 1280w, https:\/\/www.koronakarkonoszy.pl\/blog-dla-firm\/wp-content\/uploads\/2021\/07\/integracja-dla-firm-w-gorach-300x200.jpg 300w, https:\/\/www.koronakarkonoszy.pl\/blog-dla-firm\/wp-content\/uploads\/2021\/07\/integracja-dla-firm-w-gorach-1024x682.jpg 1024w, https:\/\/www.koronakarkonoszy.pl\/blog-dla-firm\/wp-content\/uploads\/2021\/07\/integracja-dla-firm-w-gorach-768x512.jpg 768w\" sizes=\"auto, (max-width: 1280px) 100vw, 1280px\" \/>            <\/div>\n<\/section>\n\n\n<p>Jaka integracja dla firm przyniesie najlepsze efekty? Jak zorganizowa\u0107 nietypowe wydarzenie, kt\u00f3re dostarczy pracownikom porz\u0105dnej dawki wy\u015bmienitej zabawy?<\/p>\n\n\n\n<h2 class=\"wp-block-heading\" id=\"h-integracja-dla-firm-w-stylu-szalonych-lat-80\">Integracja dla firm w stylu szalonych lat 80.<\/h2>\n\n\n\n<p>Czy klasyczna impreza integracyjna z ta\u0144cem i smacznym jedzeniem jest dobrym rozwi\u0105zaniem? Tak! Jednak mo\u017cna p\u00f3j\u015b\u0107 o krok dalej i zorganizowa\u0107 wydarzenie tematyczne, kt\u00f3re przeniesie uczestnik\u00f3w zabawy w inny, wyj\u0105tkowy \u015bwiat.<\/p>\n\n\n\n<p>Jednym z pomys\u0142\u00f3w na takie przyj\u0119cie jest szalony wieczorek taneczny w stylu lat 80. B\u0142yszcz\u0105ce, odwa\u017cne stroje, bujne kolorowe fryzury i skoczne ta\u0144ce w rytmach ob\u0142\u0119dnej, znanej i uwielbianej przez wielu muzyki disco granej na \u017cywo? Brzmi jak przepis na dobr\u0105 zabaw\u0119! Imprez\u0119 rodem z lat 80. mo\u017cna zorganizowa\u0107 w przestronnej sali bankietowej. Warto ozdobi\u0107 j\u0105 typowymi dla tego okresu dekoracjami i akcesoriami, kt\u00f3re stworz\u0105 we wn\u0119trzu niepowtarzalny klimat. Du\u017ce znaczenie ma r\u00f3wnie\u017c odpowiednio dopasowane menu. Na sto\u0142ach nie mo\u017ce zabrakn\u0105\u0107 tradycyjnej sa\u0142atki jarzynowej, \u015bledzi w r\u00f3\u017cnych postaciach, galaretki z n\u00f3\u017cek wieprzowych, pieczeni i schabu ze \u015bliwk\u0105.<\/p>\n\n\n\n<p>Wydarzenie przeniesie uczestnik\u00f3w w neonowy \u015bwiat lat 80., zapewni im pot\u0119\u017cn\u0105 dawk\u0119 relaksu i pozwoli chocia\u017c na chwil\u0119 zapomnie\u0107 o pracy i obowi\u0105zkach z ni\u0105 zwi\u0105zanych.<\/p>\n\n\n<section id=\"ctaninja-block_b81b67a64e563da92e2c2bddfdd3ab77\" class=\"ctaninja\">\n    <div class=\"ctaninja-body\">\n        <h2 id=\"ha-pracownicy-tesknia-za-imprezami-firmowymi\">Pracownicy t\u0119skni\u0105 za imprezami firmowymi?<\/h2>\n        <p>Sprawd\u017a dost\u0119pne terminy i zarezerwuj dogodn\u0105 dat\u0119 ju\u017c dzi\u015b!<\/p>\n        <div class=\"nf-container\">\n            <noscript class=\"ninja-forms-noscript-message\">\n\tHinweis: F\u00fcr diesen Inhalt ist JavaScript erforderlich.<\/noscript>\n<div id=\"nf-form-1-cont\" class=\"nf-form-cont\" aria-live=\"polite\" aria-labelledby=\"nf-form-title-1\" aria-describedby=\"nf-form-errors-1\" role=\"form\">\n\n    <div class=\"nf-loading-spinner\"><\/div>\n\n<\/div>\n        <!-- That data is being printed as a workaround to page builders reordering the order of the scripts loaded-->\n        <script>var formDisplay=1;var nfForms=nfForms||[];var form=[];form.id='1';form.settings={\"objectType\":\"Form Setting\",\"editActive\":\"\",\"title\":\"Contact Me\",\"key\":\"\",\"created_at\":\"2021-05-24 17:00:03\",\"default_label_pos\":\"above\",\"conditions\":[],\"show_title\":\"1\",\"clear_complete\":\"1\",\"hide_complete\":\"1\",\"wrapper_class\":\"\",\"element_class\":\"\",\"add_submit\":\"1\",\"logged_in\":\"\",\"not_logged_in_msg\":\"\",\"sub_limit_number\":\"\",\"sub_limit_msg\":\"\",\"calculations\":[],\"formContentData\":[{\"order\":1,\"cells\":[{\"order\":0,\"fields\":[\"email\"],\"width\":50},{\"order\":1,\"fields\":[\"wyslij_1675426055268\"],\"width\":50}]}],\"container_styles_background-color\":\"\",\"container_styles_border\":\"\",\"container_styles_border-style\":\"\",\"container_styles_border-color\":\"\",\"container_styles_color\":\"\",\"container_styles_height\":\"\",\"container_styles_width\":\"\",\"container_styles_font-size\":\"\",\"container_styles_margin\":\"\",\"container_styles_padding\":\"\",\"container_styles_display\":\"\",\"container_styles_float\":\"\",\"container_styles_show_advanced_css\":\"0\",\"container_styles_advanced\":\"\",\"title_styles_background-color\":\"\",\"title_styles_border\":\"\",\"title_styles_border-style\":\"\",\"title_styles_border-color\":\"\",\"title_styles_color\":\"\",\"title_styles_height\":\"\",\"title_styles_width\":\"\",\"title_styles_font-size\":\"\",\"title_styles_margin\":\"\",\"title_styles_padding\":\"\",\"title_styles_display\":\"\",\"title_styles_float\":\"\",\"title_styles_show_advanced_css\":\"0\",\"title_styles_advanced\":\"\",\"row_styles_background-color\":\"\",\"row_styles_border\":\"\",\"row_styles_border-style\":\"\",\"row_styles_border-color\":\"\",\"row_styles_color\":\"\",\"row_styles_height\":\"\",\"row_styles_width\":\"\",\"row_styles_font-size\":\"\",\"row_styles_margin\":\"\",\"row_styles_padding\":\"\",\"row_styles_display\":\"\",\"row_styles_show_advanced_css\":\"0\",\"row_styles_advanced\":\"\",\"row-odd_styles_background-color\":\"\",\"row-odd_styles_border\":\"\",\"row-odd_styles_border-style\":\"\",\"row-odd_styles_border-color\":\"\",\"row-odd_styles_color\":\"\",\"row-odd_styles_height\":\"\",\"row-odd_styles_width\":\"\",\"row-odd_styles_font-size\":\"\",\"row-odd_styles_margin\":\"\",\"row-odd_styles_padding\":\"\",\"row-odd_styles_display\":\"\",\"row-odd_styles_show_advanced_css\":\"0\",\"row-odd_styles_advanced\":\"\",\"success-msg_styles_background-color\":\"\",\"success-msg_styles_border\":\"\",\"success-msg_styles_border-style\":\"\",\"success-msg_styles_border-color\":\"\",\"success-msg_styles_color\":\"\",\"success-msg_styles_height\":\"\",\"success-msg_styles_width\":\"\",\"success-msg_styles_font-size\":\"\",\"success-msg_styles_margin\":\"\",\"success-msg_styles_padding\":\"\",\"success-msg_styles_display\":\"\",\"success-msg_styles_show_advanced_css\":\"0\",\"success-msg_styles_advanced\":\"\",\"error_msg_styles_background-color\":\"\",\"error_msg_styles_border\":\"\",\"error_msg_styles_border-style\":\"\",\"error_msg_styles_border-color\":\"\",\"error_msg_styles_color\":\"\",\"error_msg_styles_height\":\"\",\"error_msg_styles_width\":\"\",\"error_msg_styles_font-size\":\"\",\"error_msg_styles_margin\":\"\",\"error_msg_styles_padding\":\"\",\"error_msg_styles_display\":\"\",\"error_msg_styles_show_advanced_css\":\"0\",\"error_msg_styles_advanced\":\"\",\"allow_public_link\":0,\"embed_form\":\"\",\"currency\":\"\",\"repeatable_fieldsets\":\"\",\"unique_field_error\":\"Formularz z t\\u0105 warto\\u015bci\\u0105 zosta\\u0142 ju\\u017c przes\\u0142any.\",\"form_title_heading_level\":\"3\",\"ninjaForms\":\"Ninja Forms\",\"changeEmailErrorMsg\":\"Bitte gib eine g\\u00fcltige E-Mail-Adresse ein.\",\"changeDateErrorMsg\":\"Bitte gib ein g\\u00fcltiges Datum ein!\",\"confirmFieldErrorMsg\":\"Diese Felder m\\u00fcssen \\u00fcbereinstimmen!\",\"fieldNumberNumMinError\":\"Die eingegebene Zahl ist zu klein.\",\"fieldNumberNumMaxError\":\"Die eingegebene Zahl ist zu gross.\",\"fieldNumberIncrementBy\":\"Bitte erh\\u00f6hen in Schritten von\",\"fieldTextareaRTEInsertLink\":\"Link einf\\u00fcgen\",\"fieldTextareaRTEInsertMedia\":\"Medien einf\\u00fcgen\",\"fieldTextareaRTESelectAFile\":\"Eine Datei ausw\\u00e4hlen\",\"formErrorsCorrectErrors\":\"Bitte korrigiere die Fehler, bevor du das Formular sendest.\",\"formHoneypot\":\"Falls du ein Mensch bist und dieses Feld siehst, dann lasse es bitte leer.\",\"validateRequiredField\":\"Dies ist ein Pflichtfeld.\",\"honeypotHoneypotError\":\"Honeypot-Fehler\",\"fileUploadOldCodeFileUploadInProgress\":\"Datei-Upload l\\u00e4uft.\",\"fileUploadOldCodeFileUpload\":\"DATEI-UPLOAD\",\"currencySymbol\":\"&#36;\",\"fieldsMarkedRequired\":\"Felder mit einem <span class=\\\"ninja-forms-req-symbol\\\">*<\\\/span> sind Pflichtfelder\",\"thousands_sep\":\".\",\"decimal_point\":\",\",\"siteLocale\":\"de_DE\",\"dateFormat\":\"m\\\/d\\\/Y\",\"startOfWeek\":\"1\",\"of\":\"von\",\"previousMonth\":\"Vorheriger Monat\",\"nextMonth\":\"N\\u00e4chster Monat\",\"months\":[\"Januar\",\"Februar\",\"M\\u00e4rz\",\"April\",\"Mai\",\"Juni\",\"Juli\",\"August\",\"September\",\"Oktober\",\"November\",\"Dezember\"],\"monthsShort\":[\"Jan.\",\"Feb.\",\"M\\u00e4rz\",\"Apr.\",\"Mai\",\"Juni\",\"Juli\",\"Aug\",\"Sep.\",\"Okt.\",\"Nov.\",\"Dez.\"],\"weekdays\":[\"Sonntag\",\"Montag\",\"Dienstag\",\"Mittwoch\",\"Donnerstag\",\"Freitag\",\"Samstag\"],\"weekdaysShort\":[\"So.\",\"Mo.\",\"Di.\",\"Mi.\",\"Do.\",\"Fr.\",\"Sa.\"],\"weekdaysMin\":[\"So.\",\"Mo.\",\"Di.\",\"Mi.\",\"Do.\",\"Fr.\",\"Sa.\"],\"recaptchaConsentMissing\":\"reCaptcha validation couldn&#039;t load.\",\"recaptchaMissingCookie\":\"reCaptcha v3 validation couldn&#039;t load the cookie needed to submit the form.\",\"recaptchaConsentEvent\":\"Accept reCaptcha cookies before sending the form.\",\"currency_symbol\":\"\",\"beforeForm\":\"\",\"beforeFields\":\"\",\"afterFields\":\"\",\"afterForm\":\"\"};form.fields=[{\"objectType\":\"Field\",\"objectDomain\":\"fields\",\"editActive\":false,\"order\":1,\"idAttribute\":\"id\",\"label\":\"Email\",\"key\":\"email\",\"type\":\"email\",\"created_at\":\"2021-05-24 17:00:04\",\"label_pos\":\"above\",\"required\":1,\"placeholder\":\"Podaj maila, skontaktujemy si\\u0119 z Tob\\u0105\",\"default\":\"\",\"wrapper_class\":\"\",\"element_class\":\"\",\"container_class\":\"\",\"admin_label\":\"\",\"help_text\":\"\",\"desc_text\":\"\",\"wrap_styles_background-color\":\"\",\"wrap_styles_border\":\"\",\"wrap_styles_border-style\":\"\",\"wrap_styles_border-color\":\"\",\"wrap_styles_color\":\"\",\"wrap_styles_height\":\"\",\"wrap_styles_width\":\"\",\"wrap_styles_font-size\":\"\",\"wrap_styles_margin\":\"\",\"wrap_styles_padding\":\"\",\"wrap_styles_display\":\"\",\"wrap_styles_float\":\"\",\"wrap_styles_show_advanced_css\":0,\"wrap_styles_advanced\":\"\",\"label_styles_background-color\":\"\",\"label_styles_border\":\"\",\"label_styles_border-style\":\"\",\"label_styles_border-color\":\"\",\"label_styles_color\":\"\",\"label_styles_height\":\"\",\"label_styles_width\":\"\",\"label_styles_font-size\":\"\",\"label_styles_margin\":\"\",\"label_styles_padding\":\"\",\"label_styles_display\":\"\",\"label_styles_float\":\"\",\"label_styles_show_advanced_css\":0,\"label_styles_advanced\":\"\",\"element_styles_background-color\":\"\",\"element_styles_border\":\"\",\"element_styles_border-style\":\"\",\"element_styles_border-color\":\"\",\"element_styles_color\":\"\",\"element_styles_height\":\"\",\"element_styles_width\":\"\",\"element_styles_font-size\":\"\",\"element_styles_margin\":\"\",\"element_styles_padding\":\"\",\"element_styles_display\":\"\",\"element_styles_float\":\"\",\"element_styles_show_advanced_css\":0,\"element_styles_advanced\":\"\",\"cellcid\":\"c3391\",\"custom_name_attribute\":\"email\",\"personally_identifiable\":1,\"value\":\"\",\"drawerDisabled\":false,\"id\":2,\"beforeField\":\"\",\"afterField\":\"\",\"parentType\":\"email\",\"element_templates\":[\"email\",\"input\"],\"old_classname\":\"\",\"wrap_template\":\"wrap\"},{\"objectType\":\"Field\",\"objectDomain\":\"fields\",\"editActive\":false,\"order\":2,\"idAttribute\":\"id\",\"label\":\"Wy\\u015blij\",\"key\":\"wyslij_1675426055268\",\"type\":\"submit\",\"created_at\":\"2021-05-24 17:00:05\",\"processing_label\":\"Wysy\\u0142anie...\",\"container_class\":\"\",\"element_class\":\"\",\"wrap_styles_background-color\":\"\",\"wrap_styles_border\":\"\",\"wrap_styles_border-style\":\"\",\"wrap_styles_border-color\":\"\",\"wrap_styles_color\":\"\",\"wrap_styles_height\":\"\",\"wrap_styles_width\":\"\",\"wrap_styles_font-size\":\"\",\"wrap_styles_margin\":\"\",\"wrap_styles_padding\":\"\",\"wrap_styles_display\":\"\",\"wrap_styles_float\":\"\",\"wrap_styles_show_advanced_css\":0,\"wrap_styles_advanced\":\"\",\"label_styles_background-color\":\"\",\"label_styles_border\":\"\",\"label_styles_border-style\":\"\",\"label_styles_border-color\":\"\",\"label_styles_color\":\"\",\"label_styles_height\":\"\",\"label_styles_width\":\"\",\"label_styles_font-size\":\"\",\"label_styles_margin\":\"\",\"label_styles_padding\":\"\",\"label_styles_display\":\"\",\"label_styles_float\":\"\",\"label_styles_show_advanced_css\":0,\"label_styles_advanced\":\"\",\"element_styles_background-color\":\"\",\"element_styles_border\":\"\",\"element_styles_border-style\":\"\",\"element_styles_border-color\":\"\",\"element_styles_color\":\"\",\"element_styles_height\":\"\",\"element_styles_width\":\"\",\"element_styles_font-size\":\"\",\"element_styles_margin\":\"\",\"element_styles_padding\":\"\",\"element_styles_display\":\"\",\"element_styles_float\":\"\",\"element_styles_show_advanced_css\":0,\"element_styles_advanced\":\"\",\"submit_element_hover_styles_background-color\":\"\",\"submit_element_hover_styles_border\":\"\",\"submit_element_hover_styles_border-style\":\"\",\"submit_element_hover_styles_border-color\":\"\",\"submit_element_hover_styles_color\":\"\",\"submit_element_hover_styles_height\":\"\",\"submit_element_hover_styles_width\":\"\",\"submit_element_hover_styles_font-size\":\"\",\"submit_element_hover_styles_margin\":\"\",\"submit_element_hover_styles_padding\":\"\",\"submit_element_hover_styles_display\":\"\",\"submit_element_hover_styles_float\":\"\",\"submit_element_hover_styles_show_advanced_css\":0,\"submit_element_hover_styles_advanced\":\"\",\"cellcid\":\"c3394\",\"drawerDisabled\":false,\"id\":4,\"beforeField\":\"\",\"afterField\":\"\",\"value\":\"\",\"label_pos\":\"above\",\"parentType\":\"textbox\",\"element_templates\":[\"submit\",\"button\",\"input\"],\"old_classname\":\"\",\"wrap_template\":\"wrap-no-label\"}];nfForms.push(form);<\/script>\n                <script id=\"nf-tmpl-cell\" type=\"text\/template\">\n            <nf-fields><\/nf-fields>\n        <\/script>\n\n        <script id=\"nf-tmpl-row\" type=\"text\/template\">\n            <nf-cells><\/nf-cells>\n        <\/script>\n\n                <\/div>\n    <\/div>\n    <div class=\"ctaninja-onm ctaninja-onm-1 rbg\"><\/div>\n    <div class=\"ctaninja-onm ctaninja-onm-2 rbg\"><\/div>\n<\/section>\n\n\n<figure class=\"wp-block-image size-large is-resized\"><a href=\"https:\/\/www.koronakarkonoszy.pl\/konfigurator-imprez\/\" target=\"_blank\" rel=\"noreferrer noopener\"><img loading=\"lazy\" decoding=\"async\" width=\"1024\" height=\"510\" src=\"https:\/\/www.koronakarkonoszy.pl\/blog-dla-firm\/wp-content\/uploads\/2023\/11\/DKK-konfigurator_01-1024x510.jpg\" alt=\"Konfigurator imprez firmowych agencji eventowej Dw\u00f3r Korona Karkonoszy\" class=\"wp-image-7804\" style=\"width:855px;height:auto\" title=\"Konfigurator imprez firmowych agencji eventowej \" srcset=\"https:\/\/www.koronakarkonoszy.pl\/blog-dla-firm\/wp-content\/uploads\/2023\/11\/DKK-konfigurator_01-1024x510.jpg 1024w, https:\/\/www.koronakarkonoszy.pl\/blog-dla-firm\/wp-content\/uploads\/2023\/11\/DKK-konfigurator_01-300x150.jpg 300w, https:\/\/www.koronakarkonoszy.pl\/blog-dla-firm\/wp-content\/uploads\/2023\/11\/DKK-konfigurator_01-768x383.jpg 768w, https:\/\/www.koronakarkonoszy.pl\/blog-dla-firm\/wp-content\/uploads\/2023\/11\/DKK-konfigurator_01-1920x957.jpg 1920w, https:\/\/www.koronakarkonoszy.pl\/blog-dla-firm\/wp-content\/uploads\/2023\/11\/DKK-konfigurator_01-1536x766.jpg 1536w, https:\/\/www.koronakarkonoszy.pl\/blog-dla-firm\/wp-content\/uploads\/2023\/11\/DKK-konfigurator_01-18x9.jpg 18w, https:\/\/www.koronakarkonoszy.pl\/blog-dla-firm\/wp-content\/uploads\/2023\/11\/DKK-konfigurator_01.jpg 2040w\" sizes=\"auto, (max-width: 1024px) 100vw, 1024px\" \/><\/a><\/figure>\n\n\n\n<h2 class=\"wp-block-heading\" id=\"h-integracja-dla-firm-a-moze-warsztaty\">Integracja dla firm &#8211; a mo\u017ce warsztaty?<\/h2>\n\n\n\n<p>Zamiast imprezy mo\u017cna zorganizowa\u0107 warsztaty dla pracownik\u00f3w. Warsztaty to do\u015b\u0107 nietypowy pomys\u0142 na integracj\u0119 dla firm, kt\u00f3ry nie jest jeszcze do\u015b\u0107 popularny. Jednak nie mo\u017cna odm\u00f3wi\u0107 mu kreatywno\u015bci! Udzia\u0142 w takim wydarzeniu to znakomity spos\u00f3b na odstresowanie,&nbsp; budow\u0119 przyjacielskich wi\u0119zi mi\u0119dzy pracownikami i nauk\u0119 nowych, ciekawych umiej\u0119tno\u015bci. A kto wie, mo\u017ce kt\u00f3ry\u015b z uczestnik\u00f3w odkryje sw\u00f3j ukryty talent?<\/p>\n\n\n<section id=\"leonardo-block_6b4ecbebae011f2710ca07f7937f28db\" class=\"leonardo page-breaker leonardo-image-left\">\n    <div class=\"leonardo-body\">\n                <div class=\"leonardo-content\"><p><!-- wp:paragraph --><\/p>\n<p>Propozycj\u0105 Dworu Korona Karkonoszy jest szeroki wyb\u00f3r warsztat\u00f3w, kt\u00f3re \u015bwietnie sprawdz\u0105 si\u0119 jako forma integracji dla firm. Obiekt mo\u017ce zorganizowa\u0107 m.in.:<\/p>\n<p><!-- \/wp:paragraph --> <!-- wp:list --><\/p>\n<ul>\n<li>kurs rzemios\u0142a regionalnego, na kt\u00f3rym uczestnicy dowiedz\u0105 si\u0119, jak powstaj\u0105 tradycyjne, dolno\u015bl\u0105skie szk\u0142a czy tkaniny,<\/li>\n<li>warsztaty kosmetyk\u00f3w naturalnych, podczas kt\u00f3rych zesp\u00f3\u0142 przygotuje w\u0142asne kremy, myd\u0142a czy wody toaletowe,<\/li>\n<li>szkolenie z podstaw samoobrony bogate w praktyczn\u0105 wiedz\u0119 o tym, jak rozpoznawa\u0107 i unika\u0107 zagro\u017ce\u0144, a tak\u017ce, jak zachowywa\u0107 si\u0119 w przypadku niebezpiecze\u0144stwa.<\/li>\n<\/ul>\n<p><!-- \/wp:list --><\/p>\n<\/div>\n            <\/div>\n    <div class=\"leonardo-image\">\n        <img loading=\"lazy\" decoding=\"async\" width=\"1280\" height=\"853\" src=\"https:\/\/www.koronakarkonoszy.pl\/blog-dla-firm\/wp-content\/uploads\/2021\/07\/skuteczna-integracja-dla-firm.jpg\" class=\"attachment-full size-full\" alt=\"Integracja dla firm - zabawy kreatywne\" srcset=\"https:\/\/www.koronakarkonoszy.pl\/blog-dla-firm\/wp-content\/uploads\/2021\/07\/skuteczna-integracja-dla-firm.jpg 1280w, https:\/\/www.koronakarkonoszy.pl\/blog-dla-firm\/wp-content\/uploads\/2021\/07\/skuteczna-integracja-dla-firm-300x200.jpg 300w, https:\/\/www.koronakarkonoszy.pl\/blog-dla-firm\/wp-content\/uploads\/2021\/07\/skuteczna-integracja-dla-firm-1024x682.jpg 1024w, https:\/\/www.koronakarkonoszy.pl\/blog-dla-firm\/wp-content\/uploads\/2021\/07\/skuteczna-integracja-dla-firm-768x512.jpg 768w\" sizes=\"auto, (max-width: 1280px) 100vw, 1280px\" \/>            <\/div>\n<\/section>\n\n\n<h2 class=\"wp-block-heading\" id=\"h-wyjazd-niespodzianka-ciekawy-sposob-na-integracje-dla-firm\">Wyjazd niespodzianka \u2013 ciekawy spos\u00f3b na integracj\u0119 dla firm<\/h2>\n\n\n\n<p>Popularn\u0105 form\u0105 integracji dla firm s\u0105 wyjazdy \u2013 jedno- lub kilkudniowe. Odwa\u017cni mog\u0105 postawi\u0107 na wyjazd niespodziank\u0119 \u2013 tzn. utrzyma\u0107 kierunek podr\u00f3\u017cy w tajemnicy. Mo\u017cna nawet pokusi\u0107 si\u0119 o zas\u0142oni\u0119cie oczu uczestnikom zabawy pod koniec drogi. Dzi\u0119ki temu do samego ko\u0144ca nie b\u0119d\u0105 wiedzie\u0107, dok\u0105d zmierzaj\u0105. Na miejscu powinny czeka\u0107 na nich powitalne drinki i ogromny transparent z mi\u0142ymi s\u0142owami od organizator\u00f3w przedsi\u0119wzi\u0119cia.<\/p>\n\n\n\n<p>Jak przygotowa\u0107 takie wydarzenie? Kluczem do sukcesu jest przemy\u015blany plan. Na pocz\u0105tek trzeba wybra\u0107 odpowiednie miejsce. Doskonale sprawdzi si\u0119 dworek lub hotel z du\u017cym ogrodem, w kt\u00f3rym pracownicy b\u0119d\u0105 mogli sp\u0119dza\u0107 wolny czas. Pracodawca powinien r\u00f3wnie\u017c pomy\u015ble\u0107 o wy\u017cywieniu dla uczestnik\u00f3w wyjazdu. Najlepszym rozwi\u0105zaniem b\u0119dzie catering zapewniaj\u0105cy 3 lub 4 posi\u0142ki \u2013 np. w formie bufetu. Nie mo\u017cna zapomnie\u0107 r\u00f3wnie\u017c o atrakcjach. Zabawy scenariuszowe, wieczorek tematyczny, grill lub ognisko, czy te\u017c wystawny bankiet z wykwintnym menu i ta\u0144cem \u2013 wyb\u00f3r jest ogromny. Warto pu\u015bci\u0107 wodze fantazji, wyj\u015b\u0107 poza utarte schematy. Pracownicy z pewno\u015bci\u0105 doceni\u0105 starania!<\/p>\n\n\n\n<p>Istnieje wiele r\u00f3\u017cnych form integracji dla firm. Ka\u017cda przyniesie oczekiwane efekty, o ile b\u0119dzie porz\u0105dnie zaplanowana. Do organizacji takiego wydarzenia warto si\u0119 porz\u0105dnie przy\u0142o\u017cy\u0107. Kreatywne podej\u015bcie do zadania to klucz do sukcesu!<\/p>\n","protected":false},"excerpt":{"rendered":"<p>Imprezy integracyjne to jeden z najpopularniejszych sposob\u00f3w budowania pozytywnych relacji mi\u0119dzy cz\u0142onkami firmowego zespo\u0142u. Jest to doskona\u0142y okazja na poznanie wsp\u00f3\u0142pracownik\u00f3w, wzmocnienie przyjacielskich wi\u0119zi i stworzenie sympatycznej atmosfery w miejscu pracy. Jaka integracja dla firm przyniesie najwi\u0119ksze korzy\u015bci? Jak zorganizowa\u0107 wydarzenie, o kt\u00f3rym pracownicy d\u0142ugo nie zapomn\u0105? Po co integrowa\u0107 pracownik\u00f3w? Czasem w zespo\u0142ach dochodzi [&hellip;]<\/p>\n","protected":false},"author":11,"featured_media":740,"comment_status":"closed","ping_status":"closed","sticky":false,"template":"","format":"standard","meta":{"_acf_changed":false,"footnotes":""},"categories":[17,2,8],"class_list":["post-737","post","type-post","status-publish","format-standard","has-post-thumbnail","hentry","category-integracja","category-porady","category-team-building"],"acf":[],"yoast_head":"<!-- This site is optimized with the Yoast SEO Premium plugin v27.4 (Yoast SEO v27.4) - https:\/\/yoast.com\/product\/yoast-seo-premium-wordpress\/ -->\n<title>Integracja dla firm z pomys\u0142em \u2013 jak zorganizowa\u0107 nietypowe wydarzenie? - :: Blog dla firm - szkolenia, zarz\u0105dzanie zespo\u0142em, team building<\/title>\n<meta name=\"description\" content=\"Jaka integracja dla firm przyniesie najwi\u0119ksze korzy\u015bci? Jak zorganizowa\u0107 wydarzenie, o kt\u00f3rym pracownicy d\u0142ugo nie zapomn\u0105? Sprawdzamy!\" \/>\n<meta name=\"robots\" content=\"index, follow, max-snippet:-1, max-image-preview:large, max-video-preview:-1\" \/>\n<link rel=\"canonical\" href=\"https:\/\/www.koronakarkonoszy.pl\/blog-dla-firm\/de\/integration-fur-unternehmen-mit-einer-idee-wie-sie-eine-ausergewohnliche-veranstaltung-organisieren\/\" \/>\n<meta property=\"og:locale\" content=\"de_DE\" \/>\n<meta property=\"og:type\" content=\"article\" \/>\n<meta property=\"og:title\" content=\"Integracja dla firm z pomys\u0142em \u2013 jak zorganizowa\u0107 nietypowe wydarzenie?\" \/>\n<meta property=\"og:description\" content=\"Jaka integracja dla firm przyniesie najwi\u0119ksze korzy\u015bci? Jak zorganizowa\u0107 wydarzenie, o kt\u00f3rym pracownicy d\u0142ugo nie zapomn\u0105? Sprawdzamy!\" \/>\n<meta property=\"og:url\" content=\"https:\/\/www.koronakarkonoszy.pl\/blog-dla-firm\/de\/integration-fur-unternehmen-mit-einer-idee-wie-sie-eine-ausergewohnliche-veranstaltung-organisieren\/\" \/>\n<meta property=\"og:site_name\" content=\":: Blog dla firm - szkolenia, zarz\u0105dzanie zespo\u0142em, team building\" \/>\n<meta property=\"article:published_time\" content=\"2021-07-08T17:07:07+00:00\" \/>\n<meta property=\"article:modified_time\" content=\"2024-05-30T16:17:59+00:00\" \/>\n<meta property=\"og:image\" content=\"https:\/\/www.koronakarkonoszy.pl\/blog-dla-firm\/wp-content\/uploads\/2021\/07\/integracja-dla-firm.jpg\" \/>\n\t<meta property=\"og:image:width\" content=\"1280\" \/>\n\t<meta property=\"og:image:height\" content=\"717\" \/>\n\t<meta property=\"og:image:type\" content=\"image\/jpeg\" \/>\n<meta name=\"author\" content=\"agnieszka\" \/>\n<meta name=\"twitter:card\" content=\"summary_large_image\" \/>\n<meta name=\"twitter:label1\" content=\"Verfasst von\" \/>\n\t<meta name=\"twitter:data1\" content=\"agnieszka\" \/>\n\t<meta name=\"twitter:label2\" content=\"Gesch\u00e4tzte Lesezeit\" \/>\n\t<meta name=\"twitter:data2\" content=\"5\u00a0Minuten\" \/>\n<script type=\"application\/ld+json\" class=\"yoast-schema-graph\">{\"@context\":\"https:\\\/\\\/schema.org\",\"@graph\":[{\"@type\":\"Article\",\"@id\":\"https:\\\/\\\/www.koronakarkonoszy.pl\\\/blog-dla-firm\\\/integracja-dla-firm-z-pomyslem-jak-zorganizowac-nietypowe-wydarzenie\\\/#article\",\"isPartOf\":{\"@id\":\"https:\\\/\\\/www.koronakarkonoszy.pl\\\/blog-dla-firm\\\/integracja-dla-firm-z-pomyslem-jak-zorganizowac-nietypowe-wydarzenie\\\/\"},\"author\":{\"name\":\"agnieszka\",\"@id\":\"https:\\\/\\\/www.koronakarkonoszy.pl\\\/blog-dla-firm\\\/#\\\/schema\\\/person\\\/c06752c3cb176906b455582ff7ef925e\"},\"headline\":\"Integracja dla firm z pomys\u0142em \u2013 jak zorganizowa\u0107 nietypowe wydarzenie?\",\"datePublished\":\"2021-07-08T17:07:07+00:00\",\"dateModified\":\"2024-05-30T16:17:59+00:00\",\"mainEntityOfPage\":{\"@id\":\"https:\\\/\\\/www.koronakarkonoszy.pl\\\/blog-dla-firm\\\/integracja-dla-firm-z-pomyslem-jak-zorganizowac-nietypowe-wydarzenie\\\/\"},\"wordCount\":727,\"image\":{\"@id\":\"https:\\\/\\\/www.koronakarkonoszy.pl\\\/blog-dla-firm\\\/integracja-dla-firm-z-pomyslem-jak-zorganizowac-nietypowe-wydarzenie\\\/#primaryimage\"},\"thumbnailUrl\":\"https:\\\/\\\/www.koronakarkonoszy.pl\\\/blog-dla-firm\\\/wp-content\\\/uploads\\\/2021\\\/07\\\/integracja-dla-firm.jpg\",\"articleSection\":[\"Integracja\",\"Porady\",\"Team Building\"],\"inLanguage\":\"de\"},{\"@type\":\"WebPage\",\"@id\":\"https:\\\/\\\/www.koronakarkonoszy.pl\\\/blog-dla-firm\\\/integracja-dla-firm-z-pomyslem-jak-zorganizowac-nietypowe-wydarzenie\\\/\",\"url\":\"https:\\\/\\\/www.koronakarkonoszy.pl\\\/blog-dla-firm\\\/integracja-dla-firm-z-pomyslem-jak-zorganizowac-nietypowe-wydarzenie\\\/\",\"name\":\"Integracja dla firm z pomys\u0142em \u2013 jak zorganizowa\u0107 nietypowe wydarzenie? - :: Blog dla firm - szkolenia, zarz\u0105dzanie zespo\u0142em, team building\",\"isPartOf\":{\"@id\":\"https:\\\/\\\/www.koronakarkonoszy.pl\\\/blog-dla-firm\\\/#website\"},\"primaryImageOfPage\":{\"@id\":\"https:\\\/\\\/www.koronakarkonoszy.pl\\\/blog-dla-firm\\\/integracja-dla-firm-z-pomyslem-jak-zorganizowac-nietypowe-wydarzenie\\\/#primaryimage\"},\"image\":{\"@id\":\"https:\\\/\\\/www.koronakarkonoszy.pl\\\/blog-dla-firm\\\/integracja-dla-firm-z-pomyslem-jak-zorganizowac-nietypowe-wydarzenie\\\/#primaryimage\"},\"thumbnailUrl\":\"https:\\\/\\\/www.koronakarkonoszy.pl\\\/blog-dla-firm\\\/wp-content\\\/uploads\\\/2021\\\/07\\\/integracja-dla-firm.jpg\",\"datePublished\":\"2021-07-08T17:07:07+00:00\",\"dateModified\":\"2024-05-30T16:17:59+00:00\",\"author\":{\"@id\":\"https:\\\/\\\/www.koronakarkonoszy.pl\\\/blog-dla-firm\\\/#\\\/schema\\\/person\\\/c06752c3cb176906b455582ff7ef925e\"},\"description\":\"Jaka integracja dla firm przyniesie najwi\u0119ksze korzy\u015bci? Jak zorganizowa\u0107 wydarzenie, o kt\u00f3rym pracownicy d\u0142ugo nie zapomn\u0105? Sprawdzamy!\",\"breadcrumb\":{\"@id\":\"https:\\\/\\\/www.koronakarkonoszy.pl\\\/blog-dla-firm\\\/integracja-dla-firm-z-pomyslem-jak-zorganizowac-nietypowe-wydarzenie\\\/#breadcrumb\"},\"inLanguage\":\"de\",\"potentialAction\":[{\"@type\":\"ReadAction\",\"target\":[\"https:\\\/\\\/www.koronakarkonoszy.pl\\\/blog-dla-firm\\\/integracja-dla-firm-z-pomyslem-jak-zorganizowac-nietypowe-wydarzenie\\\/\"]}]},{\"@type\":\"ImageObject\",\"inLanguage\":\"de\",\"@id\":\"https:\\\/\\\/www.koronakarkonoszy.pl\\\/blog-dla-firm\\\/integracja-dla-firm-z-pomyslem-jak-zorganizowac-nietypowe-wydarzenie\\\/#primaryimage\",\"url\":\"https:\\\/\\\/www.koronakarkonoszy.pl\\\/blog-dla-firm\\\/wp-content\\\/uploads\\\/2021\\\/07\\\/integracja-dla-firm.jpg\",\"contentUrl\":\"https:\\\/\\\/www.koronakarkonoszy.pl\\\/blog-dla-firm\\\/wp-content\\\/uploads\\\/2021\\\/07\\\/integracja-dla-firm.jpg\",\"width\":1280,\"height\":717,\"caption\":\"Jak wybra\u0107 odpowiedni\u0105 gr\u0119 integracyjn\u0105?\"},{\"@type\":\"BreadcrumbList\",\"@id\":\"https:\\\/\\\/www.koronakarkonoszy.pl\\\/blog-dla-firm\\\/integracja-dla-firm-z-pomyslem-jak-zorganizowac-nietypowe-wydarzenie\\\/#breadcrumb\",\"itemListElement\":[{\"@type\":\"ListItem\",\"position\":1,\"name\":\"Strona g\u0142\u00f3wna\",\"item\":\"https:\\\/\\\/www.koronakarkonoszy.pl\\\/blog-dla-firm\\\/\"},{\"@type\":\"ListItem\",\"position\":2,\"name\":\"Integracja dla firm z pomys\u0142em \u2013 jak zorganizowa\u0107 nietypowe wydarzenie?\"}]},{\"@type\":\"WebSite\",\"@id\":\"https:\\\/\\\/www.koronakarkonoszy.pl\\\/blog-dla-firm\\\/#website\",\"url\":\"https:\\\/\\\/www.koronakarkonoszy.pl\\\/blog-dla-firm\\\/\",\"name\":\":: Blog dla firm - szkolenia, zarz\u0105dzanie zespo\u0142em, team building\",\"description\":\"\",\"potentialAction\":[{\"@type\":\"SearchAction\",\"target\":{\"@type\":\"EntryPoint\",\"urlTemplate\":\"https:\\\/\\\/www.koronakarkonoszy.pl\\\/blog-dla-firm\\\/?s={search_term_string}\"},\"query-input\":{\"@type\":\"PropertyValueSpecification\",\"valueRequired\":true,\"valueName\":\"search_term_string\"}}],\"inLanguage\":\"de\"},{\"@type\":\"Person\",\"@id\":\"https:\\\/\\\/www.koronakarkonoszy.pl\\\/blog-dla-firm\\\/#\\\/schema\\\/person\\\/c06752c3cb176906b455582ff7ef925e\",\"name\":\"agnieszka\",\"image\":{\"@type\":\"ImageObject\",\"inLanguage\":\"de\",\"@id\":\"https:\\\/\\\/www.koronakarkonoszy.pl\\\/blog-dla-firm\\\/wp-content\\\/litespeed\\\/avatar\\\/53ee7b676463f74d0aea1a09de3d003b.jpg?ver=1776841233\",\"url\":\"https:\\\/\\\/www.koronakarkonoszy.pl\\\/blog-dla-firm\\\/wp-content\\\/litespeed\\\/avatar\\\/53ee7b676463f74d0aea1a09de3d003b.jpg?ver=1776841233\",\"contentUrl\":\"https:\\\/\\\/www.koronakarkonoszy.pl\\\/blog-dla-firm\\\/wp-content\\\/litespeed\\\/avatar\\\/53ee7b676463f74d0aea1a09de3d003b.jpg?ver=1776841233\",\"caption\":\"agnieszka\"},\"url\":\"https:\\\/\\\/www.koronakarkonoszy.pl\\\/blog-dla-firm\\\/de\\\/author\\\/agnieszka\\\/\"}]}<\/script>\n<!-- \/ Yoast SEO Premium plugin. -->","yoast_head_json":{"title":"Integration f\u00fcr Unternehmen mit einer Idee \u2013 wie organisiert man eine au\u00dfergew\u00f6hnliche Veranstaltung? - :: Blog f\u00fcr Unternehmen - Schulung, Teammanagement, Teambuilding","description":"Welche Integration bringt f\u00fcr Unternehmen den gr\u00f6\u00dften Nutzen? Wie organisiert man eine Veranstaltung, die die Mitarbeiter lange nicht vergessen werden? Wir \u00fcberpr\u00fcfen!","robots":{"index":"index","follow":"follow","max-snippet":"max-snippet:-1","max-image-preview":"max-image-preview:large","max-video-preview":"max-video-preview:-1"},"canonical":"https:\/\/www.koronakarkonoszy.pl\/blog-dla-firm\/de\/integration-fur-unternehmen-mit-einer-idee-wie-sie-eine-ausergewohnliche-veranstaltung-organisieren\/","og_locale":"de_DE","og_type":"article","og_title":"Integracja dla firm z pomys\u0142em \u2013 jak zorganizowa\u0107 nietypowe wydarzenie?","og_description":"Jaka integracja dla firm przyniesie najwi\u0119ksze korzy\u015bci? Jak zorganizowa\u0107 wydarzenie, o kt\u00f3rym pracownicy d\u0142ugo nie zapomn\u0105? Sprawdzamy!","og_url":"https:\/\/www.koronakarkonoszy.pl\/blog-dla-firm\/de\/integration-fur-unternehmen-mit-einer-idee-wie-sie-eine-ausergewohnliche-veranstaltung-organisieren\/","og_site_name":":: Blog dla firm - szkolenia, zarz\u0105dzanie zespo\u0142em, team building","article_published_time":"2021-07-08T17:07:07+00:00","article_modified_time":"2024-05-30T16:17:59+00:00","og_image":[{"width":1280,"height":717,"url":"https:\/\/www.koronakarkonoszy.pl\/blog-dla-firm\/wp-content\/uploads\/2021\/07\/integracja-dla-firm.jpg","type":"image\/jpeg"}],"author":"agnieszka","twitter_card":"summary_large_image","twitter_misc":{"Verfasst von":"agnieszka","Gesch\u00e4tzte Lesezeit":"5\u00a0Minuten"},"schema":{"@context":"https:\/\/schema.org","@graph":[{"@type":"Article","@id":"https:\/\/www.koronakarkonoszy.pl\/blog-dla-firm\/integracja-dla-firm-z-pomyslem-jak-zorganizowac-nietypowe-wydarzenie\/#article","isPartOf":{"@id":"https:\/\/www.koronakarkonoszy.pl\/blog-dla-firm\/integracja-dla-firm-z-pomyslem-jak-zorganizowac-nietypowe-wydarzenie\/"},"author":{"name":"agnieszka","@id":"https:\/\/www.koronakarkonoszy.pl\/blog-dla-firm\/#\/schema\/person\/c06752c3cb176906b455582ff7ef925e"},"headline":"Integracja dla firm z pomys\u0142em \u2013 jak zorganizowa\u0107 nietypowe wydarzenie?","datePublished":"2021-07-08T17:07:07+00:00","dateModified":"2024-05-30T16:17:59+00:00","mainEntityOfPage":{"@id":"https:\/\/www.koronakarkonoszy.pl\/blog-dla-firm\/integracja-dla-firm-z-pomyslem-jak-zorganizowac-nietypowe-wydarzenie\/"},"wordCount":727,"image":{"@id":"https:\/\/www.koronakarkonoszy.pl\/blog-dla-firm\/integracja-dla-firm-z-pomyslem-jak-zorganizowac-nietypowe-wydarzenie\/#primaryimage"},"thumbnailUrl":"https:\/\/www.koronakarkonoszy.pl\/blog-dla-firm\/wp-content\/uploads\/2021\/07\/integracja-dla-firm.jpg","articleSection":["Integracja","Porady","Team Building"],"inLanguage":"de"},{"@type":"WebPage","@id":"https:\/\/www.koronakarkonoszy.pl\/blog-dla-firm\/integracja-dla-firm-z-pomyslem-jak-zorganizowac-nietypowe-wydarzenie\/","url":"https:\/\/www.koronakarkonoszy.pl\/blog-dla-firm\/integracja-dla-firm-z-pomyslem-jak-zorganizowac-nietypowe-wydarzenie\/","name":"Integration f\u00fcr Unternehmen mit einer Idee \u2013 wie organisiert man eine au\u00dfergew\u00f6hnliche Veranstaltung? - :: Blog f\u00fcr Unternehmen - Schulung, Teammanagement, Teambuilding","isPartOf":{"@id":"https:\/\/www.koronakarkonoszy.pl\/blog-dla-firm\/#website"},"primaryImageOfPage":{"@id":"https:\/\/www.koronakarkonoszy.pl\/blog-dla-firm\/integracja-dla-firm-z-pomyslem-jak-zorganizowac-nietypowe-wydarzenie\/#primaryimage"},"image":{"@id":"https:\/\/www.koronakarkonoszy.pl\/blog-dla-firm\/integracja-dla-firm-z-pomyslem-jak-zorganizowac-nietypowe-wydarzenie\/#primaryimage"},"thumbnailUrl":"https:\/\/www.koronakarkonoszy.pl\/blog-dla-firm\/wp-content\/uploads\/2021\/07\/integracja-dla-firm.jpg","datePublished":"2021-07-08T17:07:07+00:00","dateModified":"2024-05-30T16:17:59+00:00","author":{"@id":"https:\/\/www.koronakarkonoszy.pl\/blog-dla-firm\/#\/schema\/person\/c06752c3cb176906b455582ff7ef925e"},"description":"Welche Integration bringt f\u00fcr Unternehmen den gr\u00f6\u00dften Nutzen? Wie organisiert man eine Veranstaltung, die die Mitarbeiter lange nicht vergessen werden? Wir \u00fcberpr\u00fcfen!","breadcrumb":{"@id":"https:\/\/www.koronakarkonoszy.pl\/blog-dla-firm\/integracja-dla-firm-z-pomyslem-jak-zorganizowac-nietypowe-wydarzenie\/#breadcrumb"},"inLanguage":"de","potentialAction":[{"@type":"ReadAction","target":["https:\/\/www.koronakarkonoszy.pl\/blog-dla-firm\/integracja-dla-firm-z-pomyslem-jak-zorganizowac-nietypowe-wydarzenie\/"]}]},{"@type":"ImageObject","inLanguage":"de","@id":"https:\/\/www.koronakarkonoszy.pl\/blog-dla-firm\/integracja-dla-firm-z-pomyslem-jak-zorganizowac-nietypowe-wydarzenie\/#primaryimage","url":"https:\/\/www.koronakarkonoszy.pl\/blog-dla-firm\/wp-content\/uploads\/2021\/07\/integracja-dla-firm.jpg","contentUrl":"https:\/\/www.koronakarkonoszy.pl\/blog-dla-firm\/wp-content\/uploads\/2021\/07\/integracja-dla-firm.jpg","width":1280,"height":717,"caption":"Jak wybra\u0107 odpowiedni\u0105 gr\u0119 integracyjn\u0105?"},{"@type":"BreadcrumbList","@id":"https:\/\/www.koronakarkonoszy.pl\/blog-dla-firm\/integracja-dla-firm-z-pomyslem-jak-zorganizowac-nietypowe-wydarzenie\/#breadcrumb","itemListElement":[{"@type":"ListItem","position":1,"name":"Strona g\u0142\u00f3wna","item":"https:\/\/www.koronakarkonoszy.pl\/blog-dla-firm\/"},{"@type":"ListItem","position":2,"name":"Integracja dla firm z pomys\u0142em \u2013 jak zorganizowa\u0107 nietypowe wydarzenie?"}]},{"@type":"WebSite","@id":"https:\/\/www.koronakarkonoszy.pl\/blog-dla-firm\/#website","url":"https:\/\/www.koronakarkonoszy.pl\/blog-dla-firm\/","name":":: Blog f\u00fcr Unternehmen \u2013 Schulung, Teammanagement, Teambuilding","description":"","potentialAction":[{"@type":"SearchAction","target":{"@type":"EntryPoint","urlTemplate":"https:\/\/www.koronakarkonoszy.pl\/blog-dla-firm\/?s={search_term_string}"},"query-input":{"@type":"PropertyValueSpecification","valueRequired":true,"valueName":"search_term_string"}}],"inLanguage":"de"},{"@type":"Person","@id":"https:\/\/www.koronakarkonoszy.pl\/blog-dla-firm\/#\/schema\/person\/c06752c3cb176906b455582ff7ef925e","name":"Agnes","image":{"@type":"ImageObject","inLanguage":"de","@id":"https:\/\/www.koronakarkonoszy.pl\/blog-dla-firm\/wp-content\/litespeed\/avatar\/53ee7b676463f74d0aea1a09de3d003b.jpg?ver=1776841233","url":"https:\/\/www.koronakarkonoszy.pl\/blog-dla-firm\/wp-content\/litespeed\/avatar\/53ee7b676463f74d0aea1a09de3d003b.jpg?ver=1776841233","contentUrl":"https:\/\/www.koronakarkonoszy.pl\/blog-dla-firm\/wp-content\/litespeed\/avatar\/53ee7b676463f74d0aea1a09de3d003b.jpg?ver=1776841233","caption":"agnieszka"},"url":"https:\/\/www.koronakarkonoszy.pl\/blog-dla-firm\/de\/author\/agnieszka\/"}]}},"_links":{"self":[{"href":"https:\/\/www.koronakarkonoszy.pl\/blog-dla-firm\/de\/wp-json\/wp\/v2\/posts\/737","targetHints":{"allow":["GET"]}}],"collection":[{"href":"https:\/\/www.koronakarkonoszy.pl\/blog-dla-firm\/de\/wp-json\/wp\/v2\/posts"}],"about":[{"href":"https:\/\/www.koronakarkonoszy.pl\/blog-dla-firm\/de\/wp-json\/wp\/v2\/types\/post"}],"author":[{"embeddable":true,"href":"https:\/\/www.koronakarkonoszy.pl\/blog-dla-firm\/de\/wp-json\/wp\/v2\/users\/11"}],"replies":[{"embeddable":true,"href":"https:\/\/www.koronakarkonoszy.pl\/blog-dla-firm\/de\/wp-json\/wp\/v2\/comments?post=737"}],"version-history":[{"count":1,"href":"https:\/\/www.koronakarkonoszy.pl\/blog-dla-firm\/de\/wp-json\/wp\/v2\/posts\/737\/revisions"}],"predecessor-version":[{"id":10039,"href":"https:\/\/www.koronakarkonoszy.pl\/blog-dla-firm\/de\/wp-json\/wp\/v2\/posts\/737\/revisions\/10039"}],"wp:featuredmedia":[{"embeddable":true,"href":"https:\/\/www.koronakarkonoszy.pl\/blog-dla-firm\/de\/wp-json\/wp\/v2\/media\/740"}],"wp:attachment":[{"href":"https:\/\/www.koronakarkonoszy.pl\/blog-dla-firm\/de\/wp-json\/wp\/v2\/media?parent=737"}],"wp:term":[{"taxonomy":"category","embeddable":true,"href":"https:\/\/www.koronakarkonoszy.pl\/blog-dla-firm\/de\/wp-json\/wp\/v2\/categories?post=737"}],"curies":[{"name":"wp","href":"https:\/\/api.w.org\/{rel}","templated":true}]}}