{"id":66,"date":"2021-05-25T19:45:03","date_gmt":"2021-05-25T17:45:03","guid":{"rendered":"https:\/\/www.koronakarkonoszy.pl\/blog-dla-firm\/?p=66"},"modified":"2024-05-30T18:10:49","modified_gmt":"2024-05-30T16:10:49","slug":"imprezy-firmowe-w-nowym-rezimie-sanitarnym","status":"publish","type":"post","link":"https:\/\/www.koronakarkonoszy.pl\/blog-dla-firm\/de\/imprezy-firmowe-w-nowym-rezimie-sanitarnym\/","title":{"rendered":"Firmenveranstaltungen im neuen Hygieneregime"},"content":{"rendered":"\n<p>Je\u015bli organizujesz wesele lub przyj\u0119cie okoliczno\u015bciowe w trakcie epidemii SARS-CoV-2 w Polsce.<br>Zasady zapewnienia bezpiecze\u0144stwa pracownikom i go\u015bciom na podstawie wytycznych \u00a0<br>Ministerstwa Rozwoju \u00a0wraz z G\u0142\u00f3wnego Inspektora Sanitarnego:<\/p>\n\n\n\n<h3 class=\"wp-block-heading\" id=\"h-wytyczne-dla-organizatorow-imprezy-np-firmy\"><strong>Wytyczne dla organizator\u00f3w imprezy np. firmy:<\/strong><\/h3>\n\n\n\n<ul class=\"wp-block-list\">\n<li>Dostosowanie liczby zaproszonych go\u015bci do nowych wytycznych zwi\u0105zanych z dopuszczaln\u0105 liczb\u0105 os\u00f3b w trakcie imprezy, obecnie&nbsp;maksymalnie to 150 os\u00f3b.<\/li>\n\n\n\n<li>Poinformowanie go\u015bci i obs\u0142ugi, \u017ce&nbsp;w imprezie nie mog\u0105 bra\u0107 udzia\u0142u osoby chore na COVID-19, zaka\u017cone SARS-CoV-2, przebywaj\u0105ce w kwarantannie, izolacji, manifestuj\u0105ce objawy ze strony uk\u0142adu oddechowego.<\/li>\n\n\n\n<li>Poinformowanie go\u015bci o wytycznych dotycz\u0105cych zasad panuj\u0105cych w miejscu imprezy&nbsp;np. odka\u017canie r\u0105k jak najcz\u0119\u015bciej ka\u017cdorazowo po kontakcie z por\u0119czami i in. przedmiotami publicznymi, cz\u0119ste mycie r\u0105k, kichanie\/ kaszlenie w zgi\u0119cie \u0142okcia, wyrzucanie zu\u017cytych chusteczek higienicznych do zamykanego pojemnika, zachowanie dystansu mi\u0119dzy osobami, zalecane noszenie maseczek, nieu\u017cywanie suszarek do r\u0105k oraz do w\u0142os\u00f3w.<\/li>\n\n\n\n<li>Zdalne mierzenie temperatury wybranym losowo osobom. Go\u015bcie z wysok\u0105 temperatur\u0105 tj. pow. 38 st. i\/lub objawami dla SARS-CoV-2 mog\u0105 nie zosta\u0107 wpuszczeni do budynku.<\/li>\n\n\n\n<li>Zapewniamy p\u0142yn dezynfekcyjny: w restauracji na barze,&nbsp; w 8 toaletach publicznych, przed WC przy koszyczku ratunkowym, na stoliku recepcyjnym przy wej\u015bciu do restauracji, w s. kominkowej,&nbsp; przy wej\u015bciu do budynku, na 4 kondygnacjach przy windzie oraz dla personelu na zapleczu.<\/li>\n\n\n\n<li>Dysponowanie pe\u0142n\u0105 list\u0105 go\u015bci i obs\u0142ugi imprezy wraz z kontaktami do udost\u0119pnienia w razie potrzeby organom Pa\u0144stwowej Inspekcji Sanitarnej.<\/li>\n\n\n\n<li>Zapewnienie, aby &#8211; w miar\u0119 mo\u017cliwo\u015bci &#8211; przy jednym stoliku wyznaczane by\u0142y miejsca dla rodzin lub os\u00f3b pozostaj\u0105cych we wsp\u00f3lnym gospodarstwie domowym<\/li>\n\n\n\n<li>Organizatorzy i obs\u0142uga powinni nosi\u0107 maseczki lub \u015brodki ochrony ust i nosa wskazane w obowi\u0105zuj\u0105cych regulacjach prawnych.<\/li>\n<\/ul>\n\n\n\n<figure class=\"wp-block-image size-large is-resized\"><a href=\"https:\/\/www.koronakarkonoszy.pl\/konfigurator-imprez\/\" target=\"_blank\" rel=\"noreferrer noopener\"><img loading=\"lazy\" decoding=\"async\" width=\"1024\" height=\"510\" src=\"https:\/\/www.koronakarkonoszy.pl\/blog-dla-firm\/wp-content\/uploads\/2023\/11\/DKK-konfigurator_01-1024x510.jpg\" alt=\"Konfigurator imprez firmowych agencji eventowej Dw\u00f3r Korona Karkonoszy\" class=\"wp-image-7804\" style=\"width:855px;height:auto\" title=\"Konfigurator imprez firmowych agencji eventowej \" srcset=\"https:\/\/www.koronakarkonoszy.pl\/blog-dla-firm\/wp-content\/uploads\/2023\/11\/DKK-konfigurator_01-1024x510.jpg 1024w, https:\/\/www.koronakarkonoszy.pl\/blog-dla-firm\/wp-content\/uploads\/2023\/11\/DKK-konfigurator_01-300x150.jpg 300w, https:\/\/www.koronakarkonoszy.pl\/blog-dla-firm\/wp-content\/uploads\/2023\/11\/DKK-konfigurator_01-768x383.jpg 768w, https:\/\/www.koronakarkonoszy.pl\/blog-dla-firm\/wp-content\/uploads\/2023\/11\/DKK-konfigurator_01-1920x957.jpg 1920w, https:\/\/www.koronakarkonoszy.pl\/blog-dla-firm\/wp-content\/uploads\/2023\/11\/DKK-konfigurator_01-1536x766.jpg 1536w, https:\/\/www.koronakarkonoszy.pl\/blog-dla-firm\/wp-content\/uploads\/2023\/11\/DKK-konfigurator_01-18x9.jpg 18w, https:\/\/www.koronakarkonoszy.pl\/blog-dla-firm\/wp-content\/uploads\/2023\/11\/DKK-konfigurator_01.jpg 2040w\" sizes=\"auto, (max-width: 1024px) 100vw, 1024px\" \/><\/a><\/figure>\n\n\n<section id=\"ctaninja-block_ee1e268712e34abcd16e02a5abd91b10\" class=\"ctaninja\">\n    <div class=\"ctaninja-body\">\n        <h2>Chcesz zorganizowa\u0107 <a href=\"https:\/\/www.koronakarkonoszy.pl\/blog-dla-firm\/eventy-firmowe\/\" class=\"links-placer\">event firmowy<\/a>?<br>Zale\u017cy Ci na bezpiecze\u0144stwie?<\/h2>\n        <p>Jeste\u015b we w\u0142a\u015bciwym miejscu.<br>Zarezerwuj dogodny termin!<\/p>\n        <div class=\"nf-container\">\n            <noscript class=\"ninja-forms-noscript-message\">\n\tHinweis: F\u00fcr diesen Inhalt ist JavaScript erforderlich.<\/noscript>\n<div id=\"nf-form-1-cont\" class=\"nf-form-cont\" aria-live=\"polite\" aria-labelledby=\"nf-form-title-1\" aria-describedby=\"nf-form-errors-1\" role=\"form\">\n\n    <div class=\"nf-loading-spinner\"><\/div>\n\n<\/div>\n        <!-- That data is being printed as a workaround to page builders reordering the order of the scripts loaded-->\n        <script>var formDisplay=1;var nfForms=nfForms||[];var form=[];form.id='1';form.settings={\"objectType\":\"Form Setting\",\"editActive\":\"\",\"title\":\"Contact Me\",\"key\":\"\",\"created_at\":\"2021-05-24 17:00:03\",\"default_label_pos\":\"above\",\"conditions\":[],\"show_title\":\"1\",\"clear_complete\":\"1\",\"hide_complete\":\"1\",\"wrapper_class\":\"\",\"element_class\":\"\",\"add_submit\":\"1\",\"logged_in\":\"\",\"not_logged_in_msg\":\"\",\"sub_limit_number\":\"\",\"sub_limit_msg\":\"\",\"calculations\":[],\"formContentData\":[{\"order\":1,\"cells\":[{\"order\":0,\"fields\":[\"email\"],\"width\":50},{\"order\":1,\"fields\":[\"wyslij_1675426055268\"],\"width\":50}]}],\"container_styles_background-color\":\"\",\"container_styles_border\":\"\",\"container_styles_border-style\":\"\",\"container_styles_border-color\":\"\",\"container_styles_color\":\"\",\"container_styles_height\":\"\",\"container_styles_width\":\"\",\"container_styles_font-size\":\"\",\"container_styles_margin\":\"\",\"container_styles_padding\":\"\",\"container_styles_display\":\"\",\"container_styles_float\":\"\",\"container_styles_show_advanced_css\":\"0\",\"container_styles_advanced\":\"\",\"title_styles_background-color\":\"\",\"title_styles_border\":\"\",\"title_styles_border-style\":\"\",\"title_styles_border-color\":\"\",\"title_styles_color\":\"\",\"title_styles_height\":\"\",\"title_styles_width\":\"\",\"title_styles_font-size\":\"\",\"title_styles_margin\":\"\",\"title_styles_padding\":\"\",\"title_styles_display\":\"\",\"title_styles_float\":\"\",\"title_styles_show_advanced_css\":\"0\",\"title_styles_advanced\":\"\",\"row_styles_background-color\":\"\",\"row_styles_border\":\"\",\"row_styles_border-style\":\"\",\"row_styles_border-color\":\"\",\"row_styles_color\":\"\",\"row_styles_height\":\"\",\"row_styles_width\":\"\",\"row_styles_font-size\":\"\",\"row_styles_margin\":\"\",\"row_styles_padding\":\"\",\"row_styles_display\":\"\",\"row_styles_show_advanced_css\":\"0\",\"row_styles_advanced\":\"\",\"row-odd_styles_background-color\":\"\",\"row-odd_styles_border\":\"\",\"row-odd_styles_border-style\":\"\",\"row-odd_styles_border-color\":\"\",\"row-odd_styles_color\":\"\",\"row-odd_styles_height\":\"\",\"row-odd_styles_width\":\"\",\"row-odd_styles_font-size\":\"\",\"row-odd_styles_margin\":\"\",\"row-odd_styles_padding\":\"\",\"row-odd_styles_display\":\"\",\"row-odd_styles_show_advanced_css\":\"0\",\"row-odd_styles_advanced\":\"\",\"success-msg_styles_background-color\":\"\",\"success-msg_styles_border\":\"\",\"success-msg_styles_border-style\":\"\",\"success-msg_styles_border-color\":\"\",\"success-msg_styles_color\":\"\",\"success-msg_styles_height\":\"\",\"success-msg_styles_width\":\"\",\"success-msg_styles_font-size\":\"\",\"success-msg_styles_margin\":\"\",\"success-msg_styles_padding\":\"\",\"success-msg_styles_display\":\"\",\"success-msg_styles_show_advanced_css\":\"0\",\"success-msg_styles_advanced\":\"\",\"error_msg_styles_background-color\":\"\",\"error_msg_styles_border\":\"\",\"error_msg_styles_border-style\":\"\",\"error_msg_styles_border-color\":\"\",\"error_msg_styles_color\":\"\",\"error_msg_styles_height\":\"\",\"error_msg_styles_width\":\"\",\"error_msg_styles_font-size\":\"\",\"error_msg_styles_margin\":\"\",\"error_msg_styles_padding\":\"\",\"error_msg_styles_display\":\"\",\"error_msg_styles_show_advanced_css\":\"0\",\"error_msg_styles_advanced\":\"\",\"allow_public_link\":0,\"embed_form\":\"\",\"currency\":\"\",\"repeatable_fieldsets\":\"\",\"unique_field_error\":\"Formularz z t\\u0105 warto\\u015bci\\u0105 zosta\\u0142 ju\\u017c przes\\u0142any.\",\"form_title_heading_level\":\"3\",\"ninjaForms\":\"Ninja Forms\",\"changeEmailErrorMsg\":\"Bitte gib eine g\\u00fcltige E-Mail-Adresse ein.\",\"changeDateErrorMsg\":\"Bitte gib ein g\\u00fcltiges Datum ein!\",\"confirmFieldErrorMsg\":\"Diese Felder m\\u00fcssen \\u00fcbereinstimmen!\",\"fieldNumberNumMinError\":\"Die eingegebene Zahl ist zu klein.\",\"fieldNumberNumMaxError\":\"Die eingegebene Zahl ist zu gross.\",\"fieldNumberIncrementBy\":\"Bitte erh\\u00f6hen in Schritten von\",\"fieldTextareaRTEInsertLink\":\"Link einf\\u00fcgen\",\"fieldTextareaRTEInsertMedia\":\"Medien einf\\u00fcgen\",\"fieldTextareaRTESelectAFile\":\"Eine Datei ausw\\u00e4hlen\",\"formErrorsCorrectErrors\":\"Bitte korrigiere die Fehler, bevor du das Formular sendest.\",\"formHoneypot\":\"Falls du ein Mensch bist und dieses Feld siehst, dann lasse es bitte leer.\",\"validateRequiredField\":\"Dies ist ein Pflichtfeld.\",\"honeypotHoneypotError\":\"Honeypot-Fehler\",\"fileUploadOldCodeFileUploadInProgress\":\"Datei-Upload l\\u00e4uft.\",\"fileUploadOldCodeFileUpload\":\"DATEI-UPLOAD\",\"currencySymbol\":\"&#36;\",\"fieldsMarkedRequired\":\"Felder mit einem <span class=\\\"ninja-forms-req-symbol\\\">*<\\\/span> sind Pflichtfelder\",\"thousands_sep\":\".\",\"decimal_point\":\",\",\"siteLocale\":\"de_DE\",\"dateFormat\":\"m\\\/d\\\/Y\",\"startOfWeek\":\"1\",\"of\":\"von\",\"previousMonth\":\"Vorheriger Monat\",\"nextMonth\":\"N\\u00e4chster Monat\",\"months\":[\"Januar\",\"Februar\",\"M\\u00e4rz\",\"April\",\"Mai\",\"Juni\",\"Juli\",\"August\",\"September\",\"Oktober\",\"November\",\"Dezember\"],\"monthsShort\":[\"Jan.\",\"Feb.\",\"M\\u00e4rz\",\"Apr.\",\"Mai\",\"Juni\",\"Juli\",\"Aug\",\"Sep.\",\"Okt.\",\"Nov.\",\"Dez.\"],\"weekdays\":[\"Sonntag\",\"Montag\",\"Dienstag\",\"Mittwoch\",\"Donnerstag\",\"Freitag\",\"Samstag\"],\"weekdaysShort\":[\"So.\",\"Mo.\",\"Di.\",\"Mi.\",\"Do.\",\"Fr.\",\"Sa.\"],\"weekdaysMin\":[\"So.\",\"Mo.\",\"Di.\",\"Mi.\",\"Do.\",\"Fr.\",\"Sa.\"],\"recaptchaConsentMissing\":\"reCaptcha validation couldn&#039;t load.\",\"recaptchaMissingCookie\":\"reCaptcha v3 validation couldn&#039;t load the cookie needed to submit the form.\",\"recaptchaConsentEvent\":\"Accept reCaptcha cookies before sending the form.\",\"currency_symbol\":\"\",\"beforeForm\":\"\",\"beforeFields\":\"\",\"afterFields\":\"\",\"afterForm\":\"\"};form.fields=[{\"objectType\":\"Field\",\"objectDomain\":\"fields\",\"editActive\":false,\"order\":1,\"idAttribute\":\"id\",\"label\":\"Email\",\"key\":\"email\",\"type\":\"email\",\"created_at\":\"2021-05-24 17:00:04\",\"label_pos\":\"above\",\"required\":1,\"placeholder\":\"Podaj maila, skontaktujemy si\\u0119 z Tob\\u0105\",\"default\":\"\",\"wrapper_class\":\"\",\"element_class\":\"\",\"container_class\":\"\",\"admin_label\":\"\",\"help_text\":\"\",\"desc_text\":\"\",\"wrap_styles_background-color\":\"\",\"wrap_styles_border\":\"\",\"wrap_styles_border-style\":\"\",\"wrap_styles_border-color\":\"\",\"wrap_styles_color\":\"\",\"wrap_styles_height\":\"\",\"wrap_styles_width\":\"\",\"wrap_styles_font-size\":\"\",\"wrap_styles_margin\":\"\",\"wrap_styles_padding\":\"\",\"wrap_styles_display\":\"\",\"wrap_styles_float\":\"\",\"wrap_styles_show_advanced_css\":0,\"wrap_styles_advanced\":\"\",\"label_styles_background-color\":\"\",\"label_styles_border\":\"\",\"label_styles_border-style\":\"\",\"label_styles_border-color\":\"\",\"label_styles_color\":\"\",\"label_styles_height\":\"\",\"label_styles_width\":\"\",\"label_styles_font-size\":\"\",\"label_styles_margin\":\"\",\"label_styles_padding\":\"\",\"label_styles_display\":\"\",\"label_styles_float\":\"\",\"label_styles_show_advanced_css\":0,\"label_styles_advanced\":\"\",\"element_styles_background-color\":\"\",\"element_styles_border\":\"\",\"element_styles_border-style\":\"\",\"element_styles_border-color\":\"\",\"element_styles_color\":\"\",\"element_styles_height\":\"\",\"element_styles_width\":\"\",\"element_styles_font-size\":\"\",\"element_styles_margin\":\"\",\"element_styles_padding\":\"\",\"element_styles_display\":\"\",\"element_styles_float\":\"\",\"element_styles_show_advanced_css\":0,\"element_styles_advanced\":\"\",\"cellcid\":\"c3391\",\"custom_name_attribute\":\"email\",\"personally_identifiable\":1,\"value\":\"\",\"drawerDisabled\":false,\"id\":2,\"beforeField\":\"\",\"afterField\":\"\",\"parentType\":\"email\",\"element_templates\":[\"email\",\"input\"],\"old_classname\":\"\",\"wrap_template\":\"wrap\"},{\"objectType\":\"Field\",\"objectDomain\":\"fields\",\"editActive\":false,\"order\":2,\"idAttribute\":\"id\",\"label\":\"Wy\\u015blij\",\"key\":\"wyslij_1675426055268\",\"type\":\"submit\",\"created_at\":\"2021-05-24 17:00:05\",\"processing_label\":\"Wysy\\u0142anie...\",\"container_class\":\"\",\"element_class\":\"\",\"wrap_styles_background-color\":\"\",\"wrap_styles_border\":\"\",\"wrap_styles_border-style\":\"\",\"wrap_styles_border-color\":\"\",\"wrap_styles_color\":\"\",\"wrap_styles_height\":\"\",\"wrap_styles_width\":\"\",\"wrap_styles_font-size\":\"\",\"wrap_styles_margin\":\"\",\"wrap_styles_padding\":\"\",\"wrap_styles_display\":\"\",\"wrap_styles_float\":\"\",\"wrap_styles_show_advanced_css\":0,\"wrap_styles_advanced\":\"\",\"label_styles_background-color\":\"\",\"label_styles_border\":\"\",\"label_styles_border-style\":\"\",\"label_styles_border-color\":\"\",\"label_styles_color\":\"\",\"label_styles_height\":\"\",\"label_styles_width\":\"\",\"label_styles_font-size\":\"\",\"label_styles_margin\":\"\",\"label_styles_padding\":\"\",\"label_styles_display\":\"\",\"label_styles_float\":\"\",\"label_styles_show_advanced_css\":0,\"label_styles_advanced\":\"\",\"element_styles_background-color\":\"\",\"element_styles_border\":\"\",\"element_styles_border-style\":\"\",\"element_styles_border-color\":\"\",\"element_styles_color\":\"\",\"element_styles_height\":\"\",\"element_styles_width\":\"\",\"element_styles_font-size\":\"\",\"element_styles_margin\":\"\",\"element_styles_padding\":\"\",\"element_styles_display\":\"\",\"element_styles_float\":\"\",\"element_styles_show_advanced_css\":0,\"element_styles_advanced\":\"\",\"submit_element_hover_styles_background-color\":\"\",\"submit_element_hover_styles_border\":\"\",\"submit_element_hover_styles_border-style\":\"\",\"submit_element_hover_styles_border-color\":\"\",\"submit_element_hover_styles_color\":\"\",\"submit_element_hover_styles_height\":\"\",\"submit_element_hover_styles_width\":\"\",\"submit_element_hover_styles_font-size\":\"\",\"submit_element_hover_styles_margin\":\"\",\"submit_element_hover_styles_padding\":\"\",\"submit_element_hover_styles_display\":\"\",\"submit_element_hover_styles_float\":\"\",\"submit_element_hover_styles_show_advanced_css\":0,\"submit_element_hover_styles_advanced\":\"\",\"cellcid\":\"c3394\",\"drawerDisabled\":false,\"id\":4,\"beforeField\":\"\",\"afterField\":\"\",\"value\":\"\",\"label_pos\":\"above\",\"parentType\":\"textbox\",\"element_templates\":[\"submit\",\"button\",\"input\"],\"old_classname\":\"\",\"wrap_template\":\"wrap-no-label\"}];nfForms.push(form);<\/script>\n                <script id=\"nf-tmpl-cell\" type=\"text\/template\">\n            <nf-fields><\/nf-fields>\n        <\/script>\n\n        <script id=\"nf-tmpl-row\" type=\"text\/template\">\n            <nf-cells><\/nf-cells>\n        <\/script>\n\n                <\/div>\n    <\/div>\n    <div class=\"ctaninja-onm ctaninja-onm-1 rbg\"><\/div>\n    <div class=\"ctaninja-onm ctaninja-onm-2 rbg\"><\/div>\n<\/section>\n\n\n<h3 class=\"wp-block-heading\" id=\"h-bezpieczna-organizacja-imprezy-spotkania-wytyczne-dla-wlascicieli-obiektu-pracodawcow\"><strong>Bezpieczna organizacja imprezy\/spotkania &#8211; wytyczne dla w\u0142a\u015bcicieli obiektu\/ pracodawc\u00f3w:<\/strong><\/h3>\n\n\n\n<ol class=\"wp-block-list\">\n<li>Umieszczenie przy wej\u015bciu do obiektu oraz w r\u00f3\u017cnych cz\u0119\u015bciach obiektu, w widocznych miejscach \u2013&nbsp;informacji, \u017ce rekomenduje si\u0119:&nbsp;zachowanie bezpiecznej odleg\u0142o\u015bci od rozm\u00f3wcy (minimum 2 metry), cz\u0119ste mycie r\u0105k; &nbsp;dezynfekcji r\u0105k, noszenia maseczek;&nbsp;<\/li>\n\n\n\n<li>Umieszczono w na stoliku recepcyjnym&nbsp;potrzebne numery telefon\u00f3w do stacji sanitarno-epidemiologicznej, s\u0142u\u017cb medycznych.<\/li>\n\n\n\n<li>Wywieszenie w pomieszczeniach sanitarno-higienicznych instrukcji dot. mycia r\u0105k, zdejmowania i zak\u0142adania r\u0119kawiczek, zdejmowania i zak\u0142adania maseczki, a przy dozownikach z p\u0142ynem do dezynfekcji \u2013 instrukcji dezynfekcji r\u0105k.<\/li>\n\n\n\n<li>Zapewniamy pracownikom, go\u015bciom oraz innym osobom z zewn\u0105trz p\u0142yny dezynfekcyjne m.in. w restauracji na barze, &nbsp;w 8 toaletach publicznych, przed WC przy koszyczku ratunkowym, na stoliku recepcyjnym przy wej\u015bciu do restauracji, w s. kominkowej,&nbsp; przy wej\u015bciu do budynku, na 4 kondygnacjach przy windzie, dla personelu: na zapleczu kuchennym przy wej\u015bciu zewn., na rozdzielni kelnerskiej, na barze, w szatni i WC dla pracownik\u00f3w.<\/li>\n\n\n\n<li>Przy ka\u017cdym dozowniku znajduj\u0105 si\u0119 instrukcje odka\u017cania r\u0105k, w na stoliku recepcyjnym, przy wej\u015bciu do budynku, w WC znajduj\u0105 si\u0119 wszystkie wymagane instrukcje<\/li>\n\n\n\n<li>Zorganizowanie, w miar\u0119 mo\u017cliwo\u015bci, &nbsp;szatni w ten spos\u00f3b, aby odzie\u017c wierzchnia poszczeg\u00f3lnych go\u015bci nie styka\u0142a si\u0119 (np. co drugi wieszak).<\/li>\n\n\n\n<li>Wy\u0142\u0105czenie z u\u017cycia suszarek nadmuchowych, zapewnienie w toaletach jednorazowych r\u0119cznik\u00f3w papierowych.<\/li>\n\n\n\n<li>Ustalenie zasad dotycz\u0105cych liczby os\u00f3b przebywaj\u0105cych&nbsp;w toalecie, maj\u0105c na uwadze dystans spo\u0142eczny 2 metry.<\/li>\n\n\n\n<li>W miar\u0119 mo\u017cliwo\u015bci organizacja trybu pracy z uwzgl\u0119dnieniem systemu zmianowego lub rotacyjnego.<\/li>\n\n\n\n<li>Dopilnowanie, aby filtry do klimatyzacji by\u0142y regularnie czyszczone zgodnie z instrukcjami producenta.<\/li>\n\n\n\n<li>Je\u017celi klimatyzowane powietrze jest u\u017cywane do wentylacji \u2013 minimalizacja recyrkulacji, na ile to mo\u017cliwe.<\/li>\n\n\n\n<li>Rekomenduje si\u0119 jak najcz\u0119stsze wietrzenie pomieszcze\u0144.<\/li>\n\n\n\n<li>Zwi\u0119kszenie cz\u0119stotliwo\u015bci (rekomendowane co godzin\u0119) czyszczenia i dezynfekcji powierzchni wsp\u00f3lnych, takich jak: toalety, por\u0119cze, klamki, w\u0142\u0105czniki \u015bwiat\u0142a, uchwyty, por\u0119cze krzese\u0142, pod\u0142ogi, blaty.<\/li>\n\n\n\n<li>Przestrzenie samoobs\u0142ugowe np. \u201ewiejskie sto\u0142y, bary, bary kawowe pod opiek\u0105 osoby do obs\u0142ugi tych miejsc.<\/li>\n\n\n\n<li>Zapobieganie tworzeniu si\u0119 kolejek lub, je\u017celi to niemo\u017cliwe, zapewnienie zachowania bezpiecznej odleg\u0142o\u015bci mi\u0119dzy osobami w kolejce np. za pomoc\u0105 oznacze\u0144 na pod\u0142odze.<\/li>\n\n\n\n<li>Dostosowanie liczby kelner\u00f3w do liczby go\u015bci; 1 kelner na nie wi\u0119cej ni\u017c 15 os\u00f3b. &nbsp;Przy serwisie da\u0144 do sto\u0142\u00f3w zadbanie o obs\u0142ug\u0119 go\u015bci przy danym stole przez tego samego kelnera lub przez ten sam zesp\u00f3\u0142 kelnerski.<\/li>\n\n\n\n<li>Przy jednym stoliku mo\u017ce przebywa\u0107 rodzina lub osoby pozostaj\u0105ce we wsp\u00f3lnym gospodarstwie domowym. W innym przypadku, w&nbsp; celu zwi\u0119kszenia bezpiecze\u0144stwa i dystansu mi\u0119dzy go\u015b\u0107mi proponowana jest redukcja os\u00f3b przy stole o 20% wzgl\u0119dem standardowego usadzenia; &nbsp;zalecane jest usadzanie go\u015bci po obu stronach sto\u0142u tak, aby go\u015bcie nie siedzieli vis a vis siebie. &nbsp;Odleg\u0142o\u015b\u0107 mi\u0119dzy blatami stolik\u00f3w (od ich brzeg\u00f3w) powinna wynosi\u0107 min. 2 m, za\u015b 1 m w przypadku oddzielenia stolik\u00f3w przegrodami o wysoko\u015bci minimum 1 m (ponad blat stolika).<\/li>\n\n\n\n<li>Monitorowanie przestrzegania procedur oraz wytycznych przez pracownik\u00f3w oraz interesant\u00f3w\/ go\u015bci.<\/li>\n\n\n\n<li>Klucze do pokoi odka\u017cane s\u0105 przed wydaniem nowym go\u015bciom<\/li>\n\n\n\n<li>Zapewnienie s\u0142u\u017cbom porz\u0105dkowym sprz\u0119tu, \u015brodk\u00f3w czysto\u015bciowych oraz preparat\u00f3w do dezynfekcji powierzchni.<\/li>\n\n\n\n<li>Po ka\u017cdej imprezie nast\u0119puje rutynowe sprz\u0105tni\u0119cie obiektu (tekstylia prane w temp. min 60\u00ba C z dodatkiem detergentu prane i dostarczane w re\u017cimie sanitarnym wykonywane &nbsp;przez profesjonaln\u0105 pralni\u0119); &nbsp;dezynfekcja wszystkich powierzchni dotykowych, sprz\u0119tu, toalet, gruntowne wywietrzenie pomieszcze\u0144.<\/li>\n\n\n\n<li>Organizacja kilku imprez w jednym czasie w tym samym obiekcie jest mo\u017cliwa pod warunkiem zapewnienia, \u017ce grupy nie stykaj\u0105 si\u0119 ze sob\u0105; toalety, korytarze, szatnie s\u0105 odr\u0119bne dla ka\u017cdej z grup, nie wchodz\u0105 te\u017c one jednym wej\u015bciem, lub je\u015bli wchodz\u0105, to pory wej\u015bcia s\u0105 inne, tak, aby grupy nie styka\u0142y si\u0119 ze sob\u0105.<\/li>\n\n\n\n<li>Ograniczenie do niezb\u0119dnego minimum spotka\u0144 i narad wewn\u0119trznych; spotkania powinny by\u0107 przeprowadzane przy otwartych oknach z zachowaniem rekomendowanych przez s\u0142u\u017cby sanitarne odleg\u0142o\u015bci&nbsp; pomi\u0119dzy osobami (minimum 1,5 m); preferowany kontakt telefoniczny\/mailowy\/wideokonferencje.<\/li>\n\n\n\n<li>Ograniczenie kontakt\u00f3w z klientami, dostawcami i innymi osobami z zewn\u0105trz \u2013 w jak najwi\u0119kszym stopniu wykorzystywanie zdalnych \u015brodk\u00f3w komunikacji.<\/li>\n\n\n\n<li>Ograniczenie liczby pracownik\u00f3w korzystaj\u0105cych w tym samym czasie z powierzchni wsp\u00f3lnych.<\/li>\n\n\n\n<li>Szczeg\u00f3lna troska o pracownik\u00f3w z grup bardziej nara\u017conych na ryzyko epidemiczne \u2013 je\u015bli to mo\u017cliwe, nie anga\u017cowanie w bezpo\u015bredni kontakt z&nbsp; interesantami\/go\u015b\u0107mi os\u00f3b przewlekle chorych.<\/li>\n<\/ol>\n\n\n\n<figure class=\"wp-block-image size-large is-resized\"><a href=\"https:\/\/www.koronakarkonoszy.pl\/konfigurator-imprez\/\" target=\"_blank\" rel=\"noreferrer noopener\"><img loading=\"lazy\" decoding=\"async\" width=\"1024\" height=\"510\" src=\"https:\/\/www.koronakarkonoszy.pl\/blog-dla-firm\/wp-content\/uploads\/2023\/11\/DKK-konfigurator_01-1024x510.jpg\" alt=\"Konfigurator imprez firmowych agencji eventowej Dw\u00f3r Korona Karkonoszy\" class=\"wp-image-7804\" style=\"width:855px;height:auto\" title=\"Konfigurator imprez firmowych agencji eventowej \" srcset=\"https:\/\/www.koronakarkonoszy.pl\/blog-dla-firm\/wp-content\/uploads\/2023\/11\/DKK-konfigurator_01-1024x510.jpg 1024w, https:\/\/www.koronakarkonoszy.pl\/blog-dla-firm\/wp-content\/uploads\/2023\/11\/DKK-konfigurator_01-300x150.jpg 300w, https:\/\/www.koronakarkonoszy.pl\/blog-dla-firm\/wp-content\/uploads\/2023\/11\/DKK-konfigurator_01-768x383.jpg 768w, https:\/\/www.koronakarkonoszy.pl\/blog-dla-firm\/wp-content\/uploads\/2023\/11\/DKK-konfigurator_01-1920x957.jpg 1920w, https:\/\/www.koronakarkonoszy.pl\/blog-dla-firm\/wp-content\/uploads\/2023\/11\/DKK-konfigurator_01-1536x766.jpg 1536w, https:\/\/www.koronakarkonoszy.pl\/blog-dla-firm\/wp-content\/uploads\/2023\/11\/DKK-konfigurator_01-18x9.jpg 18w, https:\/\/www.koronakarkonoszy.pl\/blog-dla-firm\/wp-content\/uploads\/2023\/11\/DKK-konfigurator_01.jpg 2040w\" sizes=\"auto, (max-width: 1024px) 100vw, 1024px\" \/><\/a><\/figure>\n\n\n\n<h3 class=\"wp-block-heading\" id=\"h-wytyczne-dla-pracownikow-obslugi\"><strong>Wytyczne dla pracownik\u00f3w\/ obs\u0142ugi:<\/strong><\/h3>\n\n\n\n<ul class=\"wp-block-list\">\n<li>Cz\u0119sto i dok\u0142adnie my\u0107 r\u0119ce wod\u0105 z myd\u0142em, zgodnie z instrukcj\u0105 znajduj\u0105c\u0105 si\u0119 przy umywalce, i dezynfekowa\u0107 osuszone d\u0142onie \u015brodkiem na bazie alkoholu (min. 60%).<\/li>\n\n\n\n<li>Nosi\u0107 os\u0142on\u0119 nosa i ust tam, gdzie jest to mo\u017cliwe, i obowi\u0105zkowo przy bezpo\u015brednim kontakcie z go\u015bciem.<\/li>\n\n\n\n<li>Zachowa\u0107 bezpieczn\u0105 odleg\u0142o\u015b\u0107 od innych os\u00f3b pracuj\u0105cych w tym samym pomieszczeniu (minimum 1,5 metra).<\/li>\n\n\n\n<li>Zachowa\u0107 bezpieczn\u0105 odleg\u0142o\u015b\u0107 od rozm\u00f3wcy (minimum 2 metry).<\/li>\n\n\n\n<li>Przestrzega\u0107 zasad higieny oraz dobrych praktyk higienicznych.<\/li>\n\n\n\n<li>Podczas kaszlu i kichania zakry\u0107 usta i nos zgi\u0119tym \u0142okciem lub chusteczk\u0105 \u2013 jak najszybciej wyrzuci\u0107 chusteczk\u0119 do zamkni\u0119tego kosza i umy\u0107 lub zdezynfekowa\u0107 r\u0119ce.<\/li>\n\n\n\n<li>Stara\u0107 si\u0119 nie dotyka\u0107 d\u0142o\u0144mi okolic&nbsp; twarzy, zw\u0142aszcza ust, nosa i oczu.<\/li>\n\n\n\n<li>Do\u0142o\u017cy\u0107 wszelkich stara\u0144, aby stanowiska pracy by\u0142y czyste i higieniczne.<\/li>\n\n\n\n<li>Jak najcz\u0119\u015bciej wietrzy\u0107 pomieszczenia&nbsp;(nie zaleca si\u0119 u\u017cywania klimatyzacji), wyznaczona jest osoba pilnuj\u0105ca wietrzenia<\/li>\n\n\n\n<li>Dba\u0107 o odporno\u015b\u0107, wysypia\u0107 si\u0119, dba\u0107 o kondycj\u0119 fizyczn\u0105, racjonalnie od\u017cywia\u0107 si\u0119.<\/li>\n\n\n\n<li>\u015aledzi\u0107 oraz stosowa\u0107 si\u0119 do komunikat\u00f3w oraz wytycznych publikowanych na rz\u0105dowej stronie internetowej&nbsp;<a href=\"https:\/\/www.gov.pl\/web\/koronawirus\">https:\/www.gov.pl\/web\/koronawirus<\/a>&nbsp;oraz stronie internetowej G\u0142\u00f3wnego Inspektoratu Sanitarnego:&nbsp;<a href=\"https:\/\/gis.gov.pl\/kategoria\/aktualnosci\">https:\/\/gis.gov.pl\/kategoria\/aktualnosci<\/a>.<\/li>\n\n\n\n<li>W przypadku kelner\u00f3w i pozosta\u0142ej obs\u0142ugi zaleca si\u0119 noszenie maseczek i\/lub przy\u0142bic &nbsp;oraz r\u0119kawiczek &#8211; lub ka\u017cdorazowo dezynfekowa\u0107 r\u0119ce po wykonanej us\u0142udze.<\/li>\n\n\n\n<li>Unika\u0107 dojazd\u00f3w do pracy \u015brodkami komunikacji publicznej, je\u017celi istnieje taka mo\u017cliwo\u015b\u0107.<\/li>\n\n\n\n<li>Stosowa\u0107 si\u0119 do zalece\u0144 i procedur obowi\u0105zuj\u0105cych w obiekcie.<\/li>\n<\/ul>\n\n\n\n<h3 class=\"wp-block-heading\" id=\"h-wytyczne-dla-klientow-dostawcow-podwykonawcow-ekip-przygotowujacych-imprezy-i-pracujacych-na-miejscu-w-czasie-imprezy\"><strong>Wytyczne dla klient\u00f3w\/dostawc\u00f3w\/podwykonawc\u00f3w\/ekip przygotowuj\u0105cych imprezy i pracuj\u0105cych na miejscu w czasie imprezy:<\/strong><\/h3>\n\n\n\n<ul class=\"wp-block-list\">\n<li>Nosi\u0107 os\u0142on\u0119 nosa i ust (w przypadku dostawc\u00f3w\/podwykonawc\u00f3w\/ekip przygotowuj\u0105cych imprez\u0119 zapewnienie \u015brodk\u00f3w ochrony osobistej we w\u0142asnym zakresie).<\/li>\n\n\n\n<li>Ograniczy\u0107 spo\u017cywanie posi\u0142k\u00f3w w miejscu monta\u017cy\/demonta\u017cy.<\/li>\n\n\n\n<li>Zachowa\u0107 bezpieczn\u0105 odleg\u0142o\u015b\u0107 od innych os\u00f3b przebywaj\u0105cych w obiekcie (minimum 2 metry).<\/li>\n\n\n\n<li>Ograniczy\u0107 do niezb\u0119dnego minimum czas za\u0142atwienia sprawy; organizowanie monta\u017cy\/demonta\u017cy, minimalizuj\u0105c kontakty i mijanie si\u0119 ekip wykonawczych.<\/li>\n\n\n\n<li>Stosowa\u0107 si\u0119 do zalece\u0144 obowi\u0105zuj\u0105cych w obiekcie.<\/li>\n<\/ul>\n\n\n\n<p><strong>Procedury zapobiegawcze: podejrzenie zaka\u017cenia koronawirusem u pracownika\/wsp\u00f3\u0142pracownika<\/strong><\/p>\n\n\n\n<ol class=\"wp-block-list\">\n<li>Pracownicy\/wsp\u00f3\u0142pracownicy powinni zosta\u0107 poinstruowani, \u017ce w przypadku wyst\u0105pienia niepokoj\u0105cych objaw\u00f3w nie powinni przychodzi\u0107 do pracy, powinni pozosta\u0107 w domu i skontaktowa\u0107 si\u0119 telefonicznie ze stacj\u0105 sanitarno-epidemiologiczn\u0105, oddzia\u0142em zaka\u017anym, a w razie pogarszania si\u0119 stanu zdrowia zadzwoni\u0107 pod nr 999 lub 112 i poinformowa\u0107, \u017ce mog\u0105 by\u0107 zaka\u017ceni koronawirusem.<\/li>\n\n\n\n<li>Zaleca si\u0119 bie\u017c\u0105ce \u015bledzenie informacji G\u0142\u00f3wnego Inspektora Sanitarnego i Ministra Zdrowia, dost\u0119pnych na stronach gis.gov.pl lub https:\/\/www.gov.pl\/web\/koronawirus\/, a tak\u017ce obowi\u0105zuj\u0105cych przepis\u00f3w prawa.<\/li>\n\n\n\n<li>W przypadku wyst\u0105pienia u pracownika\/wsp\u00f3\u0142pracownika wykonuj\u0105cego swoje zadania na stanowisku pracy niepokoj\u0105cych objaw\u00f3w sugeruj\u0105cych zaka\u017cenie koronawirusem nale\u017cy niezw\u0142ocznie odsun\u0105\u0107 go od pracy i odes\u0142a\u0107 transportem indywidualnym (prywatnym, sanitarnym) do domu lub w przypadku gdy jest to niemo\u017cliwe, pracownik ten powinien oczekiwa\u0107 na transport w wyznaczonym pomieszczeniu, w kt\u00f3rym jest mo\u017cliwe czasowe odizolowanie go od innych os\u00f3b.<\/li>\n\n\n\n<li>&nbsp;Zaleca si\u0119 ustalenie obszaru, w kt\u00f3rym porusza\u0142a si\u0119 i przebywa\u0142a osoba, przeprowadzenie rutynowego sprz\u0105tania, zgodnie z procedurami zak\u0142adowymi oraz zdezynfekowanie powierzchni dotykowych (klamki, por\u0119cze, uchwyty itp.).<\/li>\n\n\n\n<li>Rekomenduje si\u0119 stosowanie si\u0119 do zalece\u0144 pa\u0144stwowego powiatowego inspektora sanitarnego przy ustalaniu, czy nale\u017cy wdro\u017cy\u0107 dodatkowe procedury bior\u0105c pod uwag\u0119 zaistnia\u0142y przypadek.<\/li>\n<\/ol>\n\n\n\n<p><strong>Procedury post\u0119powania w przypadku podejrzenia u go\u015bcia lub innej osoby z zewn\u0105trz zaka\u017cenia koronawirusem<\/strong><\/p>\n\n\n\n<ol class=\"wp-block-list\">\n<li>W przypadku stwierdzenia wyra\u017anych oznak choroby jak uporczywy kaszel, z\u0142e samopoczucie, trudno\u015bci w oddychaniu, osoba nie powinna zosta\u0107 wpuszczona na teren obiektu. Powinna zosta\u0107 poinstruowana o jak najszybszym kontakcie z lekarzem celem uzyskania teleporady medycznej lub zg\u0142oszeniu si\u0119 do najbli\u017cszego oddzia\u0142u zaka\u017anego poprzez udanie si\u0119 tam transportem w\u0142asnym lub powiadomienie pod nr 999 albo 112.<\/li>\n\n\n\n<li>Zg\u0142oszenie incydentu do kierownictwa obiektu, co umo\u017cliwi obs\u0142udze ustalenie obszaru, w kt\u00f3rym porusza\u0142a si\u0119 i przebywa\u0142a osoba, przeprowadzenie rutynowego sprz\u0105tania, zgodnie z procedurami obiektu oraz zdezynfekowanie powierzchni dotykowych (klamki, por\u0119cze, uchwyty itp.).<\/li>\n\n\n\n<li>Ustalenie listy pracownik\u00f3w, &nbsp;go\u015bci oraz innych os\u00f3b&nbsp; z zewn\u0105trz (je\u015bli to mo\u017cliwe) obecnych w tym samym czasie w cz\u0119\u015bci\/cz\u0119\u015bciach&nbsp; obiektu, w kt\u00f3rych przebywa\u0142 pracownik\/interesant i zalecenie stosowania si\u0119 do wytycznych G\u0142\u00f3wnego Inspektora Sanitarnego dost\u0119pnych na stronie gov.pl\/web\/koronawirus\/ oraz gis.gov.pl odnosz\u0105cych si\u0119 do os\u00f3b, kt\u00f3re mia\u0142y kontakt z zaka\u017conym.<\/li>\n<\/ol>\n\n\n\n<p>Informacja na stronie Ministerstwa<\/p>\n","protected":false},"excerpt":{"rendered":"<p>Je\u015bli organizujesz wesele lub przyj\u0119cie okoliczno\u015bciowe w trakcie epidemii SARS-CoV-2 w Polsce.Zasady zapewnienia bezpiecze\u0144stwa pracownikom i go\u015bciom na podstawie wytycznych \u00a0Ministerstwa Rozwoju \u00a0wraz z G\u0142\u00f3wnego Inspektora Sanitarnego: Wytyczne dla organizator\u00f3w imprezy np. firmy: Bezpieczna organizacja imprezy\/spotkania &#8211; wytyczne dla w\u0142a\u015bcicieli obiektu\/ pracodawc\u00f3w: Wytyczne dla pracownik\u00f3w\/ obs\u0142ugi: Wytyczne dla klient\u00f3w\/dostawc\u00f3w\/podwykonawc\u00f3w\/ekip przygotowuj\u0105cych imprezy i pracuj\u0105cych na miejscu [&hellip;]<\/p>\n","protected":false},"author":2,"featured_media":67,"comment_status":"closed","ping_status":"closed","sticky":false,"template":"","format":"standard","meta":{"_acf_changed":false,"footnotes":""},"categories":[2],"class_list":["post-66","post","type-post","status-publish","format-standard","has-post-thumbnail","hentry","category-porady"],"acf":[],"yoast_head":"<!-- This site is optimized with the Yoast SEO Premium plugin v27.4 (Yoast SEO v27.4) - https:\/\/yoast.com\/product\/yoast-seo-premium-wordpress\/ -->\n<title>Imprezy firmowe w nowym re\u017cimie sanitarnym - :: Blog dla firm - szkolenia, zarz\u0105dzanie zespo\u0142em, team building<\/title>\n<meta name=\"robots\" content=\"index, follow, max-snippet:-1, max-image-preview:large, max-video-preview:-1\" \/>\n<link rel=\"canonical\" href=\"https:\/\/www.koronakarkonoszy.pl\/blog-dla-firm\/de\/firmenevents-im-neuen-sanitarregime\/\" \/>\n<meta property=\"og:locale\" content=\"de_DE\" \/>\n<meta property=\"og:type\" content=\"article\" \/>\n<meta property=\"og:title\" content=\"Imprezy firmowe w nowym re\u017cimie sanitarnym\" \/>\n<meta property=\"og:description\" content=\"Je\u015bli organizujesz wesele lub przyj\u0119cie okoliczno\u015bciowe w trakcie epidemii SARS-CoV-2 w Polsce.Zasady zapewnienia bezpiecze\u0144stwa pracownikom i go\u015bciom na podstawie wytycznych \u00a0Ministerstwa Rozwoju \u00a0wraz z G\u0142\u00f3wnego Inspektora Sanitarnego: Wytyczne dla organizator\u00f3w imprezy np. firmy: Bezpieczna organizacja imprezy\/spotkania &#8211; wytyczne dla w\u0142a\u015bcicieli obiektu\/ pracodawc\u00f3w: Wytyczne dla pracownik\u00f3w\/ obs\u0142ugi: Wytyczne dla klient\u00f3w\/dostawc\u00f3w\/podwykonawc\u00f3w\/ekip przygotowuj\u0105cych imprezy i pracuj\u0105cych na miejscu [&hellip;]\" \/>\n<meta property=\"og:url\" content=\"https:\/\/www.koronakarkonoszy.pl\/blog-dla-firm\/de\/firmenevents-im-neuen-sanitarregime\/\" \/>\n<meta property=\"og:site_name\" content=\":: Blog dla firm - szkolenia, zarz\u0105dzanie zespo\u0142em, team building\" \/>\n<meta property=\"article:published_time\" content=\"2021-05-25T17:45:03+00:00\" \/>\n<meta property=\"article:modified_time\" content=\"2024-05-30T16:10:49+00:00\" \/>\n<meta property=\"og:image\" content=\"https:\/\/www.koronakarkonoszy.pl\/blog-dla-firm\/wp-content\/uploads\/2021\/05\/imprezy_covid.jpg\" \/>\n\t<meta property=\"og:image:width\" content=\"1279\" \/>\n\t<meta property=\"og:image:height\" content=\"729\" \/>\n\t<meta property=\"og:image:type\" content=\"image\/jpeg\" \/>\n<meta name=\"author\" content=\"clu.agnieszka\" \/>\n<meta name=\"twitter:card\" content=\"summary_large_image\" \/>\n<meta name=\"twitter:label1\" content=\"Verfasst von\" \/>\n\t<meta name=\"twitter:data1\" content=\"clu.agnieszka\" \/>\n\t<meta name=\"twitter:label2\" content=\"Gesch\u00e4tzte Lesezeit\" \/>\n\t<meta name=\"twitter:data2\" content=\"10\u00a0Minuten\" \/>\n<script type=\"application\/ld+json\" class=\"yoast-schema-graph\">{\"@context\":\"https:\\\/\\\/schema.org\",\"@graph\":[{\"@type\":\"Article\",\"@id\":\"https:\\\/\\\/www.koronakarkonoszy.pl\\\/blog-dla-firm\\\/imprezy-firmowe-w-nowym-rezimie-sanitarnym\\\/#article\",\"isPartOf\":{\"@id\":\"https:\\\/\\\/www.koronakarkonoszy.pl\\\/blog-dla-firm\\\/imprezy-firmowe-w-nowym-rezimie-sanitarnym\\\/\"},\"author\":{\"name\":\"clu.agnieszka\",\"@id\":\"https:\\\/\\\/www.koronakarkonoszy.pl\\\/blog-dla-firm\\\/#\\\/schema\\\/person\\\/0329e2bc128baa36c5bd290a26c24fcd\"},\"headline\":\"Imprezy firmowe w nowym re\u017cimie sanitarnym\",\"datePublished\":\"2021-05-25T17:45:03+00:00\",\"dateModified\":\"2024-05-30T16:10:49+00:00\",\"mainEntityOfPage\":{\"@id\":\"https:\\\/\\\/www.koronakarkonoszy.pl\\\/blog-dla-firm\\\/imprezy-firmowe-w-nowym-rezimie-sanitarnym\\\/\"},\"wordCount\":1906,\"image\":{\"@id\":\"https:\\\/\\\/www.koronakarkonoszy.pl\\\/blog-dla-firm\\\/imprezy-firmowe-w-nowym-rezimie-sanitarnym\\\/#primaryimage\"},\"thumbnailUrl\":\"https:\\\/\\\/www.koronakarkonoszy.pl\\\/blog-dla-firm\\\/wp-content\\\/uploads\\\/2021\\\/05\\\/imprezy_covid.jpg\",\"articleSection\":[\"Porady\"],\"inLanguage\":\"de\"},{\"@type\":\"WebPage\",\"@id\":\"https:\\\/\\\/www.koronakarkonoszy.pl\\\/blog-dla-firm\\\/imprezy-firmowe-w-nowym-rezimie-sanitarnym\\\/\",\"url\":\"https:\\\/\\\/www.koronakarkonoszy.pl\\\/blog-dla-firm\\\/imprezy-firmowe-w-nowym-rezimie-sanitarnym\\\/\",\"name\":\"Imprezy firmowe w nowym re\u017cimie sanitarnym - :: Blog dla firm - szkolenia, zarz\u0105dzanie zespo\u0142em, team building\",\"isPartOf\":{\"@id\":\"https:\\\/\\\/www.koronakarkonoszy.pl\\\/blog-dla-firm\\\/#website\"},\"primaryImageOfPage\":{\"@id\":\"https:\\\/\\\/www.koronakarkonoszy.pl\\\/blog-dla-firm\\\/imprezy-firmowe-w-nowym-rezimie-sanitarnym\\\/#primaryimage\"},\"image\":{\"@id\":\"https:\\\/\\\/www.koronakarkonoszy.pl\\\/blog-dla-firm\\\/imprezy-firmowe-w-nowym-rezimie-sanitarnym\\\/#primaryimage\"},\"thumbnailUrl\":\"https:\\\/\\\/www.koronakarkonoszy.pl\\\/blog-dla-firm\\\/wp-content\\\/uploads\\\/2021\\\/05\\\/imprezy_covid.jpg\",\"datePublished\":\"2021-05-25T17:45:03+00:00\",\"dateModified\":\"2024-05-30T16:10:49+00:00\",\"author\":{\"@id\":\"https:\\\/\\\/www.koronakarkonoszy.pl\\\/blog-dla-firm\\\/#\\\/schema\\\/person\\\/0329e2bc128baa36c5bd290a26c24fcd\"},\"breadcrumb\":{\"@id\":\"https:\\\/\\\/www.koronakarkonoszy.pl\\\/blog-dla-firm\\\/imprezy-firmowe-w-nowym-rezimie-sanitarnym\\\/#breadcrumb\"},\"inLanguage\":\"de\",\"potentialAction\":[{\"@type\":\"ReadAction\",\"target\":[\"https:\\\/\\\/www.koronakarkonoszy.pl\\\/blog-dla-firm\\\/imprezy-firmowe-w-nowym-rezimie-sanitarnym\\\/\"]}]},{\"@type\":\"ImageObject\",\"inLanguage\":\"de\",\"@id\":\"https:\\\/\\\/www.koronakarkonoszy.pl\\\/blog-dla-firm\\\/imprezy-firmowe-w-nowym-rezimie-sanitarnym\\\/#primaryimage\",\"url\":\"https:\\\/\\\/www.koronakarkonoszy.pl\\\/blog-dla-firm\\\/wp-content\\\/uploads\\\/2021\\\/05\\\/imprezy_covid.jpg\",\"contentUrl\":\"https:\\\/\\\/www.koronakarkonoszy.pl\\\/blog-dla-firm\\\/wp-content\\\/uploads\\\/2021\\\/05\\\/imprezy_covid.jpg\",\"width\":1279,\"height\":729,\"caption\":\"Sommelier Club w Dworze Korona Karkonoszy\"},{\"@type\":\"BreadcrumbList\",\"@id\":\"https:\\\/\\\/www.koronakarkonoszy.pl\\\/blog-dla-firm\\\/imprezy-firmowe-w-nowym-rezimie-sanitarnym\\\/#breadcrumb\",\"itemListElement\":[{\"@type\":\"ListItem\",\"position\":1,\"name\":\"Strona g\u0142\u00f3wna\",\"item\":\"https:\\\/\\\/www.koronakarkonoszy.pl\\\/blog-dla-firm\\\/\"},{\"@type\":\"ListItem\",\"position\":2,\"name\":\"Imprezy firmowe w nowym re\u017cimie sanitarnym\"}]},{\"@type\":\"WebSite\",\"@id\":\"https:\\\/\\\/www.koronakarkonoszy.pl\\\/blog-dla-firm\\\/#website\",\"url\":\"https:\\\/\\\/www.koronakarkonoszy.pl\\\/blog-dla-firm\\\/\",\"name\":\":: Blog dla firm - szkolenia, zarz\u0105dzanie zespo\u0142em, team building\",\"description\":\"\",\"potentialAction\":[{\"@type\":\"SearchAction\",\"target\":{\"@type\":\"EntryPoint\",\"urlTemplate\":\"https:\\\/\\\/www.koronakarkonoszy.pl\\\/blog-dla-firm\\\/?s={search_term_string}\"},\"query-input\":{\"@type\":\"PropertyValueSpecification\",\"valueRequired\":true,\"valueName\":\"search_term_string\"}}],\"inLanguage\":\"de\"},{\"@type\":\"Person\",\"@id\":\"https:\\\/\\\/www.koronakarkonoszy.pl\\\/blog-dla-firm\\\/#\\\/schema\\\/person\\\/0329e2bc128baa36c5bd290a26c24fcd\",\"name\":\"clu.agnieszka\",\"image\":{\"@type\":\"ImageObject\",\"inLanguage\":\"de\",\"@id\":\"https:\\\/\\\/www.koronakarkonoszy.pl\\\/blog-dla-firm\\\/wp-content\\\/litespeed\\\/avatar\\\/abddbaa6641239998f4efdd146b605ff.jpg?ver=1776847928\",\"url\":\"https:\\\/\\\/www.koronakarkonoszy.pl\\\/blog-dla-firm\\\/wp-content\\\/litespeed\\\/avatar\\\/abddbaa6641239998f4efdd146b605ff.jpg?ver=1776847928\",\"contentUrl\":\"https:\\\/\\\/www.koronakarkonoszy.pl\\\/blog-dla-firm\\\/wp-content\\\/litespeed\\\/avatar\\\/abddbaa6641239998f4efdd146b605ff.jpg?ver=1776847928\",\"caption\":\"clu.agnieszka\"},\"url\":\"https:\\\/\\\/www.koronakarkonoszy.pl\\\/blog-dla-firm\\\/de\\\/author\\\/sgm-soolecka\\\/\"}]}<\/script>\n<!-- \/ Yoast SEO Premium plugin. -->","yoast_head_json":{"title":"Firmenveranstaltungen im neuen Sanit\u00e4rregime - :: Blog f\u00fcr Unternehmen - Schulung, Teammanagement, Teambuilding","robots":{"index":"index","follow":"follow","max-snippet":"max-snippet:-1","max-image-preview":"max-image-preview:large","max-video-preview":"max-video-preview:-1"},"canonical":"https:\/\/www.koronakarkonoszy.pl\/blog-dla-firm\/de\/firmenevents-im-neuen-sanitarregime\/","og_locale":"de_DE","og_type":"article","og_title":"Imprezy firmowe w nowym re\u017cimie sanitarnym","og_description":"Je\u015bli organizujesz wesele lub przyj\u0119cie okoliczno\u015bciowe w trakcie epidemii SARS-CoV-2 w Polsce.Zasady zapewnienia bezpiecze\u0144stwa pracownikom i go\u015bciom na podstawie wytycznych \u00a0Ministerstwa Rozwoju \u00a0wraz z G\u0142\u00f3wnego Inspektora Sanitarnego: Wytyczne dla organizator\u00f3w imprezy np. firmy: Bezpieczna organizacja imprezy\/spotkania &#8211; wytyczne dla w\u0142a\u015bcicieli obiektu\/ pracodawc\u00f3w: Wytyczne dla pracownik\u00f3w\/ obs\u0142ugi: Wytyczne dla klient\u00f3w\/dostawc\u00f3w\/podwykonawc\u00f3w\/ekip przygotowuj\u0105cych imprezy i pracuj\u0105cych na miejscu [&hellip;]","og_url":"https:\/\/www.koronakarkonoszy.pl\/blog-dla-firm\/de\/firmenevents-im-neuen-sanitarregime\/","og_site_name":":: Blog dla firm - szkolenia, zarz\u0105dzanie zespo\u0142em, team building","article_published_time":"2021-05-25T17:45:03+00:00","article_modified_time":"2024-05-30T16:10:49+00:00","og_image":[{"width":1279,"height":729,"url":"https:\/\/www.koronakarkonoszy.pl\/blog-dla-firm\/wp-content\/uploads\/2021\/05\/imprezy_covid.jpg","type":"image\/jpeg"}],"author":"clu.agnieszka","twitter_card":"summary_large_image","twitter_misc":{"Verfasst von":"clu.agnieszka","Gesch\u00e4tzte Lesezeit":"10\u00a0Minuten"},"schema":{"@context":"https:\/\/schema.org","@graph":[{"@type":"Article","@id":"https:\/\/www.koronakarkonoszy.pl\/blog-dla-firm\/imprezy-firmowe-w-nowym-rezimie-sanitarnym\/#article","isPartOf":{"@id":"https:\/\/www.koronakarkonoszy.pl\/blog-dla-firm\/imprezy-firmowe-w-nowym-rezimie-sanitarnym\/"},"author":{"name":"clu.agnieszka","@id":"https:\/\/www.koronakarkonoszy.pl\/blog-dla-firm\/#\/schema\/person\/0329e2bc128baa36c5bd290a26c24fcd"},"headline":"Imprezy firmowe w nowym re\u017cimie sanitarnym","datePublished":"2021-05-25T17:45:03+00:00","dateModified":"2024-05-30T16:10:49+00:00","mainEntityOfPage":{"@id":"https:\/\/www.koronakarkonoszy.pl\/blog-dla-firm\/imprezy-firmowe-w-nowym-rezimie-sanitarnym\/"},"wordCount":1906,"image":{"@id":"https:\/\/www.koronakarkonoszy.pl\/blog-dla-firm\/imprezy-firmowe-w-nowym-rezimie-sanitarnym\/#primaryimage"},"thumbnailUrl":"https:\/\/www.koronakarkonoszy.pl\/blog-dla-firm\/wp-content\/uploads\/2021\/05\/imprezy_covid.jpg","articleSection":["Porady"],"inLanguage":"de"},{"@type":"WebPage","@id":"https:\/\/www.koronakarkonoszy.pl\/blog-dla-firm\/imprezy-firmowe-w-nowym-rezimie-sanitarnym\/","url":"https:\/\/www.koronakarkonoszy.pl\/blog-dla-firm\/imprezy-firmowe-w-nowym-rezimie-sanitarnym\/","name":"Firmenveranstaltungen im neuen Sanit\u00e4rregime - :: Blog f\u00fcr Unternehmen - Schulung, Teammanagement, Teambuilding","isPartOf":{"@id":"https:\/\/www.koronakarkonoszy.pl\/blog-dla-firm\/#website"},"primaryImageOfPage":{"@id":"https:\/\/www.koronakarkonoszy.pl\/blog-dla-firm\/imprezy-firmowe-w-nowym-rezimie-sanitarnym\/#primaryimage"},"image":{"@id":"https:\/\/www.koronakarkonoszy.pl\/blog-dla-firm\/imprezy-firmowe-w-nowym-rezimie-sanitarnym\/#primaryimage"},"thumbnailUrl":"https:\/\/www.koronakarkonoszy.pl\/blog-dla-firm\/wp-content\/uploads\/2021\/05\/imprezy_covid.jpg","datePublished":"2021-05-25T17:45:03+00:00","dateModified":"2024-05-30T16:10:49+00:00","author":{"@id":"https:\/\/www.koronakarkonoszy.pl\/blog-dla-firm\/#\/schema\/person\/0329e2bc128baa36c5bd290a26c24fcd"},"breadcrumb":{"@id":"https:\/\/www.koronakarkonoszy.pl\/blog-dla-firm\/imprezy-firmowe-w-nowym-rezimie-sanitarnym\/#breadcrumb"},"inLanguage":"de","potentialAction":[{"@type":"ReadAction","target":["https:\/\/www.koronakarkonoszy.pl\/blog-dla-firm\/imprezy-firmowe-w-nowym-rezimie-sanitarnym\/"]}]},{"@type":"ImageObject","inLanguage":"de","@id":"https:\/\/www.koronakarkonoszy.pl\/blog-dla-firm\/imprezy-firmowe-w-nowym-rezimie-sanitarnym\/#primaryimage","url":"https:\/\/www.koronakarkonoszy.pl\/blog-dla-firm\/wp-content\/uploads\/2021\/05\/imprezy_covid.jpg","contentUrl":"https:\/\/www.koronakarkonoszy.pl\/blog-dla-firm\/wp-content\/uploads\/2021\/05\/imprezy_covid.jpg","width":1279,"height":729,"caption":"Sommelier Club w Dworze Korona Karkonoszy"},{"@type":"BreadcrumbList","@id":"https:\/\/www.koronakarkonoszy.pl\/blog-dla-firm\/imprezy-firmowe-w-nowym-rezimie-sanitarnym\/#breadcrumb","itemListElement":[{"@type":"ListItem","position":1,"name":"Strona g\u0142\u00f3wna","item":"https:\/\/www.koronakarkonoszy.pl\/blog-dla-firm\/"},{"@type":"ListItem","position":2,"name":"Imprezy firmowe w nowym re\u017cimie sanitarnym"}]},{"@type":"WebSite","@id":"https:\/\/www.koronakarkonoszy.pl\/blog-dla-firm\/#website","url":"https:\/\/www.koronakarkonoszy.pl\/blog-dla-firm\/","name":":: Blog f\u00fcr Unternehmen \u2013 Schulung, Teammanagement, Teambuilding","description":"","potentialAction":[{"@type":"SearchAction","target":{"@type":"EntryPoint","urlTemplate":"https:\/\/www.koronakarkonoszy.pl\/blog-dla-firm\/?s={search_term_string}"},"query-input":{"@type":"PropertyValueSpecification","valueRequired":true,"valueName":"search_term_string"}}],"inLanguage":"de"},{"@type":"Person","@id":"https:\/\/www.koronakarkonoszy.pl\/blog-dla-firm\/#\/schema\/person\/0329e2bc128baa36c5bd290a26c24fcd","name":"clu.agnieszka","image":{"@type":"ImageObject","inLanguage":"de","@id":"https:\/\/www.koronakarkonoszy.pl\/blog-dla-firm\/wp-content\/litespeed\/avatar\/abddbaa6641239998f4efdd146b605ff.jpg?ver=1776847928","url":"https:\/\/www.koronakarkonoszy.pl\/blog-dla-firm\/wp-content\/litespeed\/avatar\/abddbaa6641239998f4efdd146b605ff.jpg?ver=1776847928","contentUrl":"https:\/\/www.koronakarkonoszy.pl\/blog-dla-firm\/wp-content\/litespeed\/avatar\/abddbaa6641239998f4efdd146b605ff.jpg?ver=1776847928","caption":"clu.agnieszka"},"url":"https:\/\/www.koronakarkonoszy.pl\/blog-dla-firm\/de\/author\/sgm-soolecka\/"}]}},"_links":{"self":[{"href":"https:\/\/www.koronakarkonoszy.pl\/blog-dla-firm\/de\/wp-json\/wp\/v2\/posts\/66","targetHints":{"allow":["GET"]}}],"collection":[{"href":"https:\/\/www.koronakarkonoszy.pl\/blog-dla-firm\/de\/wp-json\/wp\/v2\/posts"}],"about":[{"href":"https:\/\/www.koronakarkonoszy.pl\/blog-dla-firm\/de\/wp-json\/wp\/v2\/types\/post"}],"author":[{"embeddable":true,"href":"https:\/\/www.koronakarkonoszy.pl\/blog-dla-firm\/de\/wp-json\/wp\/v2\/users\/2"}],"replies":[{"embeddable":true,"href":"https:\/\/www.koronakarkonoszy.pl\/blog-dla-firm\/de\/wp-json\/wp\/v2\/comments?post=66"}],"version-history":[{"count":1,"href":"https:\/\/www.koronakarkonoszy.pl\/blog-dla-firm\/de\/wp-json\/wp\/v2\/posts\/66\/revisions"}],"predecessor-version":[{"id":10020,"href":"https:\/\/www.koronakarkonoszy.pl\/blog-dla-firm\/de\/wp-json\/wp\/v2\/posts\/66\/revisions\/10020"}],"wp:featuredmedia":[{"embeddable":true,"href":"https:\/\/www.koronakarkonoszy.pl\/blog-dla-firm\/de\/wp-json\/wp\/v2\/media\/67"}],"wp:attachment":[{"href":"https:\/\/www.koronakarkonoszy.pl\/blog-dla-firm\/de\/wp-json\/wp\/v2\/media?parent=66"}],"wp:term":[{"taxonomy":"category","embeddable":true,"href":"https:\/\/www.koronakarkonoszy.pl\/blog-dla-firm\/de\/wp-json\/wp\/v2\/categories?post=66"}],"curies":[{"name":"wp","href":"https:\/\/api.w.org\/{rel}","templated":true}]}}