{"id":649,"date":"2024-08-05T18:35:00","date_gmt":"2024-08-05T16:35:00","guid":{"rendered":"https:\/\/www.koronakarkonoszy.pl\/blog-dla-firm\/?p=649"},"modified":"2025-04-18T09:41:57","modified_gmt":"2025-04-18T07:41:57","slug":"organizacja-imprez-integracyjnych","status":"publish","type":"post","link":"https:\/\/www.koronakarkonoszy.pl\/blog-dla-firm\/de\/organizacja-imprez-integracyjnych\/","title":{"rendered":"Organisation von Integrationsveranstaltungen \u2013 was m\u00fcssen Sie wissen?"},"content":{"rendered":"\n<p>Przedsi\u0119biorstwa powinny dba\u0107 o relacje pracownik\u00f3w i stara\u0107 si\u0119 zbudowa\u0107 zesp\u00f3\u0142, w kt\u00f3rym ka\u017cdy b\u0119dzie mia\u0142 poczucie satysfakcji, p\u0142yn\u0105ce z przynale\u017cno\u015bci do niego. Jedn\u0105 z najskuteczniejszych metod jest organizacja imprez integracyjnych, kt\u00f3re wp\u0142ywaj\u0105 na jako\u015b\u0107 pracy zespo\u0142owej. Jak stworzy\u0107 zgrany i zaanga\u017cowany zesp\u00f3\u0142? Przeczytaj nasz artyku\u0142, a dowiesz si\u0119 wszystkiego.<\/p>\n\n\n\n<h3 class=\"wp-block-heading\" id=\"h-czego-sie-dowiesz-z-artykulu\">Czego si\u0119 dowiesz z artyku\u0142u?<\/h3>\n\n\n\n<p>Tworzenie zgranego i efektywnego zespo\u0142u to jedno z najwa\u017cniejszych zada\u0144 ka\u017cdego lidera. Wsp\u00f3\u0142czesne firmy coraz cz\u0119\u015bciej si\u0119gaj\u0105 po imprezy integracyjne typu <a href=\"https:\/\/www.koronakarkonoszy.pl\/blog-dla-firm\/15-zabaw-team-buildingowych\/\" class=\"links-placer\">team building<\/a> jako narz\u0119dzie do budowania silnych relacji mi\u0119dzy pracownikami, poprawy komunikacji i zwi\u0119kszenia motywacji. Udana organizacja takich wydarze\u0144 wymaga jednak odpowiedniego przygotowania i uwzgl\u0119dnienia wielu element\u00f3w. W tym artykule przybli\u017cymy kluczowe aspekty organizacji imprez integracyjnych, przedstawimy pomys\u0142y na niezapomniane eventy oraz podpowiemy, gdzie najlepiej zorganizowa\u0107 firmow\u0105 imprez\u0119 na Dolnym \u015al\u0105sku. Dowiesz si\u0119 r\u00f3wnie\u017c, komu warto powierzy\u0107 to zadanie, aby zapewni\u0107 uczestnikom maksimum korzy\u015bci i \u015bwietn\u0105 zabaw\u0119.<\/p>\n\n\n<div id=\"ariadna-block_00f97c529f7559a684961a6c50dfd7bd\" class=\"ariadna\">\n    <ul><li><a href=\"#h-team-building-czyli-jak-stworzyc-najlepszy-zespol\">Team building, czyli jak stworzy\u0107 najlepszy zesp\u00f3\u0142<\/a><\/li><li><a href=\"#ha-organizacja-imprez-integracyjnych-w-typie-team-buildingu\">Organizacja imprez integracyjnych w typie team buildingu<\/a><\/li><li><a href=\"#h-udana-organizacja-imprez-integracyjnych-elementy\">Udana organizacja imprez integracyjnych &#8211; elementy<\/a><\/li><li><a href=\"#h-organizacja-imprezy-integracyjnej-pomysly-ktore-warto-rozwazyc\">Organizacja imprezy integracyjnej &#8211; pomys\u0142y, kt\u00f3re warto rozwa\u017cy\u0107<\/a><\/li><li><a href=\"#ha-organizacja-imprez-gdzie-zorganizowac-impreze-firmowa\">Organizacja imprez \u2013 gdzie zorganizowa\u0107 imprez\u0119 firmow\u0105?<\/a><\/li><li><a href=\"#h-organizacja-imprez-integracyjnych-dolny-slask-gdzie-konkretnie\">Organizacja imprez integracyjnych Dolny \u015al\u0105sk &#8211; gdzie konkretnie?<\/a><\/li><li><a href=\"#ha-organizacja-imprez-integracyjnych-karpacz\">Organizacja imprez integracyjnych Karpacz<\/a><\/li><li><a href=\"#h-organizacja-imprez-integracyjnych-dla-pracownikow-czemu-sprzyja\">Organizacja imprez integracyjnych dla pracownik\u00f3w &#8211; czemu sprzyja?<\/a><\/li><li><a href=\"#h-organizacja-imprez-integracyjnych-czy-warto\">Organizacja imprez integracyjnych \u2013 czy warto?<\/a><\/li><li><a href=\"#h-organizowanie-imprez-obowiazek-czy-przyjemnosc\">Organizowanie imprez \u2013 obowi\u0105zek czy przyjemno\u015b\u0107?<\/a><\/li><li><a href=\"#h-organizacja-imprez-integracyjnych-komu-ja-zlecic\">Organizacja imprez integracyjnych \u2013 komu j\u0105 zleci\u0107?<\/a><\/li><li><a href=\"#ha-personalizacja-jako-klucz-do-skutecznej-organizacji-imprez-integracyjnych-dla-firm\">Personalizacja jako klucz do skutecznej organizacji imprez integracyjnych dla firm<\/a><\/li><li><a href=\"#ha-rola-kreatywnych-atrakcji-w-organizacji-imprezy-integracyjnej\">Rola kreatywnych atrakcji w organizacji imprezy integracyjnej<\/a><\/li><li><a href=\"#ha-wybor-odpowiedniego-organizatora-imprez-integracyjnych-jako-gwarancja-sukcesu\">Wyb\u00f3r odpowiedniego organizatora imprez integracyjnych jako gwarancja sukcesu<\/a><\/li><li><a href=\"#ha-jak-dopasowac-atrakcje-do-profilu-zespolu\">Jak dopasowa\u0107 atrakcje do profilu zespo\u0142u?<\/a><\/li><li><a href=\"#ha-bledy-przy-organizacji-imprez-integracyjnych-dla-firm-jak-ich-uniknac\">B\u0142\u0119dy przy organizacji imprez integracyjnych dla firm \u2013 jak ich unikn\u0105\u0107?<\/a><\/li><li><a href=\"#ha-dlaczego-warto-postawic-na-organizacje-imprez-integracyjnych-dla-firm-w-gorach\">Dlaczego warto postawi\u0107 na organizacj\u0119 imprez integracyjnych dla firm w g\u00f3rach?<\/a><\/li><li><a href=\"#ha-integracja-wielopokoleniowego-zespolu-a-organizacja-imprez-integracyjnych-dla-firm\">Integracja wielopokoleniowego zespo\u0142u a organizacja imprez integracyjnych dla firm<\/a><\/li><li><a href=\"#ha-zimowa-aura-a-organizacja-imprez-integracyjnych-dla-firm\">Zimowa aura a organizacja imprez integracyjnych dla firm<\/a><\/li><li><a href=\"#ha-imprezy-integracyjne-jako-forma-nagrody-dla-pracownikow\">Imprezy integracyjne jako forma nagrody dla pracownik\u00f3w<\/a><\/li><\/ul>\n<\/div>\n\n\n\n\n\n\n<h2 class=\"wp-block-heading\" id=\"h-team-building-czyli-jak-stworzyc-najlepszy-zespol\">Team building, czyli jak stworzy\u0107 najlepszy zesp\u00f3\u0142<\/h2>\n\n\n\n<p>Poj\u0119cie <strong>team buildingu<\/strong> funkcjonuje w polskiej spo\u0142eczno\u015bci ju\u017c od jakiego\u015b czasu. Coraz wi\u0119ksza cz\u0119\u015b\u0107 pracodawc\u00f3w zaczyna te\u017c dostrzega\u0107 korzy\u015bci, jakie daje dobry i zgrany zesp\u00f3\u0142 pracownik\u00f3w. Team building to narz\u0119dzie pracy nad grup\u0105, kt\u00f3re bazuje przede wszystkim na zintegrowaniu wszystkich cz\u0142onk\u00f3w zespo\u0142u. Z drugiej strony pozwala ich wyposa\u017cy\u0107 w niezb\u0119dne do wsp\u00f3lnej pracy umiej\u0119tno\u015bci. Umiej\u0119tnie poprowadzony team building tworzy grup\u0119, kt\u00f3ra samodzielnie rozdziela pomi\u0119dzy siebie role i zadania. Kt\u00f3ra wie, jak skutecznie si\u0119 komunikowa\u0107 i potrafi podejmowa\u0107 trudne decyzje. M\u00f3wi\u0105c w skr\u00f3cie \u2013 pracodawca tworzy w pe\u0142ni samodzielny zesp\u00f3\u0142, kt\u00f3ry wie, co nale\u017cy do jego obowi\u0105zk\u00f3w i jak osi\u0105ga\u0107 za\u0142o\u017cone cele.<\/p>\n\n\n\n<p><strong><a href=\"https:\/\/www.koronakarkonoszy.pl\/konfigurator-imprez\/\">KLIKNIJ<\/a><\/strong>&nbsp;poni\u017cej w banner Konfigurator Imprez Firmowych<\/p>\n\n\n\n<figure class=\"wp-block-image size-large is-resized\"><a href=\"https:\/\/www.koronakarkonoszy.pl\/konfigurator-imprez\/\" target=\"_blank\" rel=\"noreferrer noopener\"><img loading=\"lazy\" decoding=\"async\" width=\"1024\" height=\"510\" src=\"https:\/\/www.koronakarkonoszy.pl\/blog-dla-firm\/wp-content\/uploads\/2023\/11\/DKK-konfigurator_01-1024x510.jpg\" alt=\"Konfigurator imprez firmowych agencji eventowej Dw\u00f3r Korona Karkonoszy\" class=\"wp-image-7804\" style=\"width:855px;height:auto\" title=\"Konfigurator imprez firmowych agencji eventowej \" srcset=\"https:\/\/www.koronakarkonoszy.pl\/blog-dla-firm\/wp-content\/uploads\/2023\/11\/DKK-konfigurator_01-1024x510.jpg 1024w, https:\/\/www.koronakarkonoszy.pl\/blog-dla-firm\/wp-content\/uploads\/2023\/11\/DKK-konfigurator_01-300x150.jpg 300w, https:\/\/www.koronakarkonoszy.pl\/blog-dla-firm\/wp-content\/uploads\/2023\/11\/DKK-konfigurator_01-768x383.jpg 768w, https:\/\/www.koronakarkonoszy.pl\/blog-dla-firm\/wp-content\/uploads\/2023\/11\/DKK-konfigurator_01-1920x957.jpg 1920w, https:\/\/www.koronakarkonoszy.pl\/blog-dla-firm\/wp-content\/uploads\/2023\/11\/DKK-konfigurator_01-1536x766.jpg 1536w, https:\/\/www.koronakarkonoszy.pl\/blog-dla-firm\/wp-content\/uploads\/2023\/11\/DKK-konfigurator_01-18x9.jpg 18w, https:\/\/www.koronakarkonoszy.pl\/blog-dla-firm\/wp-content\/uploads\/2023\/11\/DKK-konfigurator_01.jpg 2040w\" sizes=\"auto, (max-width: 1024px) 100vw, 1024px\" \/><\/a><\/figure>\n\n\n\n<p><strong><a href=\"https:\/\/www.koronakarkonoszy.pl\/konfigurator-imprez\/\">KLIKNIJ<\/a><\/strong>&nbsp;powy\u017cej w banner Konfigurator Imprez Firmowych<\/p>\n\n\n\n<h2 class=\"wp-block-heading\" id=\"ha-organizacja-imprez-integracyjnych-w-typie-team-buildingu\">Organizacja imprez integracyjnych w typie team buildingu<\/h2>\n\n\n\n<p>Imprezy integracyjne w typie team buildingu musz\u0105 sk\u0142ada\u0107 si\u0119 z odpowiednio dobranych \u0107wicze\u0144, kt\u00f3re maj\u0105 przynie\u015b\u0107 okre\u015blone rezultaty. Istotny jest tak\u017ce motyw przewodni oraz poziom zaawansowania. Trzeba podkre\u015bli\u0107, \u017ce wsp\u00f3lne pokonywanie przeszk\u00f3d i zaliczanie kolejnych zada\u0144 kszta\u0142tuj\u0105 przede wszystkim zdolno\u015b\u0107 do komunikacji, zrozumienia odmienno\u015bci poszczeg\u00f3lnych cz\u0142onk\u00f3w w grupie i ucz\u0105 budowania oraz utrzymywania d\u0142ugotrwa\u0142ych relacji.<\/p>\n\n\n<section id=\"leonardo-block_de13d684573d6a89c7e4c9342a1d408a\" class=\"leonardo page-breaker leonardo-image-right\">\n    <div class=\"leonardo-body\">\n                <div class=\"leonardo-content\"><h3 id=\"ha-team-building-a-integracja\">Team building a integracja<\/h3>\n<p>Organizacja imprez integracyjnych nastawionych na team building to jeden z najlepszych spos\u00f3b na osi\u0105gni\u0119cie sukcesu. Idealna impreza integracyjna to taka, kt\u00f3ra w pozytywnej atmosferze wprowadza umiej\u0119tno\u015bci komunikacyjne, uczy asertywno\u015bci i rozwi\u0105zywania konflikt\u00f3w.<\/p>\n<p><!-- wp:paragraph --><\/p>\n<p>Do\u015bwiadczeni organizatorzy potrafi\u0105 zaproponowa\u0107 idealnie dobrane do danej grupy atrakcje. Dla przyk\u0142adu, Dw\u00f3r Korona Karkonoszy opr\u00f3cz wielu zaskakuj\u0105cych propozycji ma te\u017c w zanadrzu 15 niezawodnych zabaw team buildingowych.<\/p>\n<p><!-- \/wp:paragraph --> <!-- wp:paragraph --><\/p>\n<p>Zesp\u00f3\u0142 mo\u017ce uczy\u0107 si\u0119 w biurze \u2013 to oczywiste. Jednak nie ulega w\u0105tpliwo\u015bci, \u017ce imprezy integracyjne to po\u0142\u0105czenie przyjemnego z po\u017cytecznym, zabawy z nauk\u0105. Taka forma przyswajania wiedzy jest nie tylko przyjemniejsza, ale i skuteczniejsza. Warto to wzi\u0105\u0107 pod uwag\u0119 przy<strong> organizacji imprez integracyjnych.<\/strong><\/p>\n<p><!-- \/wp:paragraph --><\/p>\n<\/div>\n            <\/div>\n    <div class=\"leonardo-image\">\n        <img loading=\"lazy\" decoding=\"async\" width=\"1920\" height=\"1280\" src=\"https:\/\/www.koronakarkonoszy.pl\/blog-dla-firm\/wp-content\/uploads\/2021\/07\/organizator-imprez-integracyjnych.jpg\" class=\"attachment-full size-full\" alt=\"Organizator imprez integracyjnych\" srcset=\"https:\/\/www.koronakarkonoszy.pl\/blog-dla-firm\/wp-content\/uploads\/2021\/07\/organizator-imprez-integracyjnych.jpg 1920w, https:\/\/www.koronakarkonoszy.pl\/blog-dla-firm\/wp-content\/uploads\/2021\/07\/organizator-imprez-integracyjnych-300x200.jpg 300w, https:\/\/www.koronakarkonoszy.pl\/blog-dla-firm\/wp-content\/uploads\/2021\/07\/organizator-imprez-integracyjnych-1024x683.jpg 1024w, https:\/\/www.koronakarkonoszy.pl\/blog-dla-firm\/wp-content\/uploads\/2021\/07\/organizator-imprez-integracyjnych-768x512.jpg 768w, https:\/\/www.koronakarkonoszy.pl\/blog-dla-firm\/wp-content\/uploads\/2021\/07\/organizator-imprez-integracyjnych-1536x1024.jpg 1536w\" sizes=\"auto, (max-width: 1920px) 100vw, 1920px\" \/>            <\/div>\n<\/section>\n\n\n<style>\n    .cta_block{\n        margin: 1.5em 0;\n    }\n    .cta_block_content {\n        position: relative;\n        color: white;\n        padding: 1em;\n    }\n    .cta_block_content h3{\n        text-align: center;\n        font: normal normal normal 36px\/50px Yeseva One;\n    }\n    .cta_block_content .cta_block_desc{\n        text-align: center;\n        font-size: 1.1em;\n        position: relative;\n    }\n    .cta_block_content .cta_block_desc:before {\n        content: '';\n        width: 80px;\n        height: 4px;\n        background: #EEB315;\n        position: absolute;\n        left: 0;\n        right: 0;\n        margin-left: auto;\n        margin-right: auto;\n        top: -22px;\n    }\n\n    .cta_block_content picture{\n        position: absolute;\n        top: 0;\n        right: 0;\n        z-index: -1;\n        height: 100%;\n        overflow: hidden;\n        width: 100%;\n    }\n    .cta_block_content picture img{\n        object-fit: cover;\n        height: 100%;\n        width: 100%;\n    }\n    .cta_block .cta_block_content .ninja-forms-field{\n        background: #FFFFFF2F;\n        border: 1px solid #EEB315;\n        border-radius: 25px;\n        opacity: 1;\n        color: #ffffff;\n    }\n    .cta_block .cta_block_content .nf-form-content input[type=submit]{\n        background-color: #EEB315;\n        color: #292929;\n        text-align: center;\n        font: normal normal bold 14px\/20px Work Sans;\n        padding: 0 2em;\n    }\n\n    .cta_block ::placeholder{\n        color: white!important;\n        opacity: 1;\n    }\n\n    .cta_block_content::after {\n        height: 100%;\n        width: 100%;\n        content: \"\";\n        z-index: -1;\n        position: absolute;\n        top: 0;\n        background: #00000070;\n        right: 0;\n        left: 0;\n        bottom: 0;\n    }\n    #ha-cta-block, .cta_block_desc, .cta_block .nf-field-label, .cta_block .nf-error-msg {\n        filter: drop-shadow(1px 1px 8px black);\n    }\n\n\/*    .cta_block nf-rows-wrap {\n        display: flex;\n        justify-content: space-around;\n        flex-direction: row;\n    }*\/\n\n    .cta_block .nf-field-label {\n        display:none;\n    }\n\n    .cta_block .nf-error.field-wrap .nf-field-element::after {\n        border-radius: 50px;\n    }\n\n    .cta_block .nf-error-msg {\n        color: #fff;\n    }\n\n    .cta_block .nf-form-cont {\n        margin-top: 3em;\n        margin-bottom: 1em;\n    }\n\n    .wp-admin .cta_block_content{\n        display: none;\n    }\n    .cta_block .nf-form-fields-required {\n        display: none;\n    }\n    body:not(.wp-admin) .cta_block_admin {\n        display: none;\n    }\n<\/style>\n<div id=\"cta_block-block_5401ef53f976391fd01744cc2ef871ec\" class=\"cta_block\">\n    <div class=\"cta_block_admin\" style=\"background-color: blue; color: white\">\n        Blok CTA\n    <\/div>\n    <div class=\"cta_block\">\n        <div class=\"cta_block_content\">   \n        <h3 id=\"ha-szukasz-agencji-eventowej-ktory-o-organizacji-imprez-integracyjnych-wie-prawie-wszystko\">Szukasz agencji eventowej, kt\u00f3ry o organizacji imprez integracyjnych wie prawie wszystko?<\/h3>\n                    <div class=\"cta_block_desc\">To my!<br>Sprawd\u017a dost\u0119pne terminy i zarezerwuj dogodn\u0105 dat\u0119 ju\u017c dzi\u015b!<\/div>\n                <noscript class=\"ninja-forms-noscript-message\">\n\tHinweis: F\u00fcr diesen Inhalt ist JavaScript erforderlich.<\/noscript>\n<div id=\"nf-form-3-cont\" class=\"nf-form-cont\" aria-live=\"polite\" aria-labelledby=\"nf-form-title-3\" aria-describedby=\"nf-form-errors-3\" role=\"form\">\n\n    <div class=\"nf-loading-spinner\"><\/div>\n\n<\/div>\n        <!-- That data is being printed as a workaround to page builders reordering the order of the scripts loaded-->\n        <script>var formDisplay=1;var nfForms=nfForms||[];var form=[];form.id='3';form.settings={\"objectType\":\"Form Setting\",\"editActive\":true,\"title\":\"Block CTA\",\"created_at\":\"2022-11-09 19:27:14\",\"default_label_pos\":\"above\",\"show_title\":0,\"clear_complete\":\"1\",\"hide_complete\":\"1\",\"logged_in\":\"\",\"wrapper_class\":\"\",\"element_class\":\"\",\"key\":\"\",\"add_submit\":\"0\",\"currency\":\"\",\"repeatable_fieldsets\":\"\",\"unique_field_error\":\"Formularz z t\\u0105 warto\\u015bci\\u0105 zosta\\u0142 ju\\u017c przes\\u0142any.\",\"not_logged_in_msg\":\"\",\"sub_limit_msg\":\"Formularz osi\\u0105gn\\u0105\\u0142 limit wys\\u0142a\\u0144.\",\"calculations\":[],\"container_styles_show_advanced_css\":\"0\",\"title_styles_show_advanced_css\":\"0\",\"row_styles_show_advanced_css\":\"0\",\"row-odd_styles_show_advanced_css\":\"0\",\"success-msg_styles_show_advanced_css\":\"0\",\"error_msg_styles_show_advanced_css\":\"0\",\"formContentData\":[{\"order\":1,\"cells\":[{\"order\":0,\"fields\":[\"phone_1640098275087\"],\"width\":35},{\"order\":1,\"fields\":[\"adres_e-mail_1668018487177\"],\"width\":35},{\"order\":2,\"fields\":[\"zapisz_mnie_1668018472281\"],\"width\":30}]}],\"conditions\":[],\"drawerDisabled\":false,\"allow_public_link\":0,\"embed_form\":\"\",\"changeEmailErrorMsg\":\"Bitte gib eine g\\u00fcltige E-Mail-Adresse ein.\",\"changeDateErrorMsg\":\"Bitte gib ein g\\u00fcltiges Datum ein!\",\"confirmFieldErrorMsg\":\"Diese Felder m\\u00fcssen \\u00fcbereinstimmen!\",\"fieldNumberNumMinError\":\"Die eingegebene Zahl ist zu klein.\",\"fieldNumberNumMaxError\":\"Die eingegebene Zahl ist zu gross.\",\"fieldNumberIncrementBy\":\"Bitte erh\\u00f6hen in Schritten von\",\"formErrorsCorrectErrors\":\"Bitte korrigiere die Fehler, bevor du das Formular sendest.\",\"validateRequiredField\":\"Dies ist ein Pflichtfeld.\",\"honeypotHoneypotError\":\"Honeypot-Fehler\",\"fieldsMarkedRequired\":\"Felder mit einem <span class=\\\"ninja-forms-req-symbol\\\">*<\\\/span> sind Pflichtfelder\",\"form_title_heading_level\":\"3\",\"ninjaForms\":\"Ninja Forms\",\"fieldTextareaRTEInsertLink\":\"Link einf\\u00fcgen\",\"fieldTextareaRTEInsertMedia\":\"Medien einf\\u00fcgen\",\"fieldTextareaRTESelectAFile\":\"Eine Datei ausw\\u00e4hlen\",\"formHoneypot\":\"Falls du ein Mensch bist und dieses Feld siehst, dann lasse es bitte leer.\",\"fileUploadOldCodeFileUploadInProgress\":\"Datei-Upload l\\u00e4uft.\",\"fileUploadOldCodeFileUpload\":\"DATEI-UPLOAD\",\"currencySymbol\":\"&#36;\",\"thousands_sep\":\".\",\"decimal_point\":\",\",\"siteLocale\":\"de_DE\",\"dateFormat\":\"m\\\/d\\\/Y\",\"startOfWeek\":\"1\",\"of\":\"von\",\"previousMonth\":\"Vorheriger Monat\",\"nextMonth\":\"N\\u00e4chster Monat\",\"months\":[\"Januar\",\"Februar\",\"M\\u00e4rz\",\"April\",\"Mai\",\"Juni\",\"Juli\",\"August\",\"September\",\"Oktober\",\"November\",\"Dezember\"],\"monthsShort\":[\"Jan.\",\"Feb.\",\"M\\u00e4rz\",\"Apr.\",\"Mai\",\"Juni\",\"Juli\",\"Aug\",\"Sep.\",\"Okt.\",\"Nov.\",\"Dez.\"],\"weekdays\":[\"Sonntag\",\"Montag\",\"Dienstag\",\"Mittwoch\",\"Donnerstag\",\"Freitag\",\"Samstag\"],\"weekdaysShort\":[\"So.\",\"Mo.\",\"Di.\",\"Mi.\",\"Do.\",\"Fr.\",\"Sa.\"],\"weekdaysMin\":[\"So.\",\"Mo.\",\"Di.\",\"Mi.\",\"Do.\",\"Fr.\",\"Sa.\"],\"recaptchaConsentMissing\":\"reCaptcha validation couldn&#039;t load.\",\"recaptchaMissingCookie\":\"reCaptcha v3 validation couldn&#039;t load the cookie needed to submit the form.\",\"recaptchaConsentEvent\":\"Accept reCaptcha cookies before sending the form.\",\"currency_symbol\":\"\",\"beforeForm\":\"\",\"beforeFields\":\"\",\"afterFields\":\"\",\"afterForm\":\"\"};form.fields=[{\"objectType\":\"Field\",\"objectDomain\":\"fields\",\"editActive\":false,\"order\":1,\"idAttribute\":\"id\",\"type\":\"phone\",\"label\":\"Numer telefonu\",\"key\":\"phone_1640098275087\",\"label_pos\":\"above\",\"required\":\"\",\"default\":\"\",\"placeholder\":\"Numer telefonu\",\"container_class\":\"\",\"element_class\":\"\",\"input_limit\":\"\",\"input_limit_type\":\"characters\",\"input_limit_msg\":\"Liczba pozosta\\u0142ych znak\\u00f3w:\",\"manual_key\":\"\",\"admin_label\":\"\",\"help_text\":\"\",\"mask\":\"\",\"custom_mask\":\"\",\"custom_name_attribute\":\"phone\",\"personally_identifiable\":1,\"wrap_styles_border\":\"\",\"wrap_styles_width\":\"\",\"wrap_styles_margin\":\"\",\"wrap_styles_padding\":\"\",\"wrap_styles_float\":\"\",\"wrap_styles_show_advanced_css\":0,\"label_styles_border\":\"\",\"label_styles_width\":\"\",\"label_styles_font-size\":\"\",\"label_styles_margin\":\"\",\"label_styles_padding\":\"\",\"label_styles_float\":\"\",\"label_styles_show_advanced_css\":0,\"element_styles_border\":\"\",\"element_styles_width\":\"\",\"element_styles_font-size\":\"\",\"element_styles_margin\":\"\",\"element_styles_padding\":\"\",\"element_styles_float\":\"\",\"element_styles_show_advanced_css\":0,\"cellcid\":\"c3398\",\"value\":\"\",\"drawerDisabled\":\"\",\"field_label\":\"Numer telefonu\",\"field_key\":\"phone_1640098275087\",\"id\":9,\"beforeField\":\"\",\"afterField\":\"\",\"parentType\":\"textbox\",\"element_templates\":[\"tel\",\"textbox\",\"input\"],\"old_classname\":\"\",\"wrap_template\":\"wrap\"},{\"objectType\":\"Field\",\"objectDomain\":\"fields\",\"editActive\":false,\"order\":2,\"idAttribute\":\"id\",\"type\":\"email\",\"label\":\"Adres e-mail\",\"key\":\"adres_e-mail_1668018487177\",\"label_pos\":\"above\",\"required\":\"\",\"default\":\"\",\"placeholder\":\"Adres e-mail\",\"container_class\":\"\",\"element_class\":\"\",\"admin_label\":\"\",\"help_text\":\"\",\"custom_name_attribute\":\"email\",\"personally_identifiable\":1,\"wrap_styles_border\":\"\",\"wrap_styles_width\":\"\",\"wrap_styles_margin\":\"\",\"wrap_styles_padding\":\"\",\"wrap_styles_float\":\"\",\"wrap_styles_show_advanced_css\":0,\"label_styles_border\":\"\",\"label_styles_width\":\"\",\"label_styles_font-size\":\"\",\"label_styles_margin\":\"\",\"label_styles_padding\":\"\",\"label_styles_float\":\"\",\"label_styles_show_advanced_css\":0,\"element_styles_border\":\"\",\"element_styles_width\":\"\",\"element_styles_font-size\":\"\",\"element_styles_margin\":\"\",\"element_styles_padding\":\"\",\"element_styles_float\":\"\",\"element_styles_show_advanced_css\":0,\"cellcid\":\"c3401\",\"value\":\"\",\"drawerDisabled\":false,\"field_label\":\"E-mail\",\"field_key\":\"email_1640098276066\",\"id\":10,\"beforeField\":\"\",\"afterField\":\"\",\"parentType\":\"email\",\"element_templates\":[\"email\",\"input\"],\"old_classname\":\"\",\"wrap_template\":\"wrap\"},{\"objectType\":\"Field\",\"objectDomain\":\"fields\",\"editActive\":false,\"order\":3,\"idAttribute\":\"id\",\"type\":\"submit\",\"label\":\"Zapisz mnie\",\"processing_label\":\"W trakcie realizacji\",\"container_class\":\"\",\"element_class\":\"\",\"key\":\"zapisz_mnie_1668018472281\",\"wrap_styles_border\":\"\",\"wrap_styles_width\":\"\",\"wrap_styles_margin\":\"\",\"wrap_styles_padding\":\"\",\"wrap_styles_float\":\"\",\"wrap_styles_show_advanced_css\":0,\"element_styles_border\":\"\",\"element_styles_width\":\"\",\"element_styles_font-size\":\"\",\"element_styles_margin\":\"\",\"element_styles_padding\":\"\",\"element_styles_float\":\"\",\"element_styles_show_advanced_css\":0,\"submit_element_hover_styles_border\":\"\",\"submit_element_hover_styles_width\":\"\",\"submit_element_hover_styles_font-size\":\"\",\"submit_element_hover_styles_margin\":\"\",\"submit_element_hover_styles_padding\":\"\",\"submit_element_hover_styles_float\":\"\",\"submit_element_hover_styles_show_advanced_css\":0,\"cellcid\":\"c3403\",\"drawerDisabled\":false,\"field_label\":\"Zamawiam rozmow\\u0119\",\"field_key\":\"zamawiam_rozmowe_1640098314862\",\"id\":8,\"beforeField\":\"\",\"afterField\":\"\",\"value\":\"\",\"label_pos\":\"above\",\"parentType\":\"textbox\",\"element_templates\":[\"submit\",\"button\",\"input\"],\"old_classname\":\"\",\"wrap_template\":\"wrap-no-label\"}];nfForms.push(form);<\/script>\n                <script id=\"nf-tmpl-cell\" type=\"text\/template\">\n            <nf-fields><\/nf-fields>\n        <\/script>\n\n        <script id=\"nf-tmpl-row\" type=\"text\/template\">\n            <nf-cells><\/nf-cells>\n        <\/script>\n\n                <img loading=\"lazy\" decoding=\"async\" width=\"2048\" height=\"1534\" src=\"https:\/\/www.koronakarkonoszy.pl\/blog-dla-firm\/wp-content\/uploads\/2022\/10\/zamek-z-drona-17.jpeg\" class=\"attachment-full size-full\" alt=\"Zamek ksi\u0119cia Henryka i widok na Zalew Sosn\u00f3wka\" srcset=\"https:\/\/www.koronakarkonoszy.pl\/blog-dla-firm\/wp-content\/uploads\/2022\/10\/zamek-z-drona-17.jpeg 2048w, https:\/\/www.koronakarkonoszy.pl\/blog-dla-firm\/wp-content\/uploads\/2022\/10\/zamek-z-drona-17-300x225.jpeg 300w, https:\/\/www.koronakarkonoszy.pl\/blog-dla-firm\/wp-content\/uploads\/2022\/10\/zamek-z-drona-17-1024x767.jpeg 1024w, https:\/\/www.koronakarkonoszy.pl\/blog-dla-firm\/wp-content\/uploads\/2022\/10\/zamek-z-drona-17-768x575.jpeg 768w, https:\/\/www.koronakarkonoszy.pl\/blog-dla-firm\/wp-content\/uploads\/2022\/10\/zamek-z-drona-17-1920x1438.jpeg 1920w, https:\/\/www.koronakarkonoszy.pl\/blog-dla-firm\/wp-content\/uploads\/2022\/10\/zamek-z-drona-17-1536x1151.jpeg 1536w\" sizes=\"auto, (max-width: 2048px) 100vw, 2048px\" \/>        <\/div> \n    <\/div>\n<\/div>\n\n\n\n<h2 class=\"wp-block-heading\" id=\"h-udana-organizacja-imprez-integracyjnych-elementy\">Udana organizacja imprez integracyjnych &#8211; elementy<\/h2>\n\n\n\n<p>Na samym pocz\u0105tku warto okre\u015bli\u0107, co chcemy osi\u0105gn\u0105\u0107 poprzez organizacj\u0119 imprezy integracyjnej. Roz\u0142adowanie stresu, nauk\u0119 nowych umiej\u0119tno\u015bci, a mo\u017ce po\u0142\u0105czenie tych dw\u00f3ch? W ka\u017cdym przypadku liczy si\u0119 przede wszystkim tw\u00f3rcze i aktywne wype\u0142nienie czasu uczestnikom spotkania. Zabawy zespo\u0142owe s\u0105 doskona\u0142ym pomys\u0142em na ka\u017cd\u0105 imprez\u0119 integracyjn\u0105. Pozwalaj\u0105, chocia\u017c na chwil\u0119, zapomnie\u0107 o wymaganiach i obowi\u0105zkach stawianych pracownikom, \u015bwietnie integruj\u0105 i gwarantuj\u0105 du\u017c\u0105 dawk\u0119 rozrywki. R\u00f3wnie du\u017cym powodzeniem ciesz\u0105 si\u0119 warsztaty integracyjne, kt\u00f3re nie tylko \u0142\u0105cz\u0105 ludzi, ale i pozwalaj\u0105 zdoby\u0107 nowe umiej\u0119tno\u015bci \u2013 niekoniecznie zwi\u0105zane z profilem i dzia\u0142alno\u015bci\u0105 firmy.<\/p>\n\n\n\n<figure class=\"wp-block-image size-large\"><img loading=\"lazy\" decoding=\"async\" width=\"1024\" height=\"448\" src=\"https:\/\/www.koronakarkonoszy.pl\/blog-dla-firm\/wp-content\/uploads\/2021\/05\/zima-impreza-1024x448.jpg\" alt=\"\" class=\"wp-image-410\" srcset=\"https:\/\/www.koronakarkonoszy.pl\/blog-dla-firm\/wp-content\/uploads\/2021\/05\/zima-impreza-1024x448.jpg 1024w, https:\/\/www.koronakarkonoszy.pl\/blog-dla-firm\/wp-content\/uploads\/2021\/05\/zima-impreza-300x131.jpg 300w, https:\/\/www.koronakarkonoszy.pl\/blog-dla-firm\/wp-content\/uploads\/2021\/05\/zima-impreza-768x336.jpg 768w, https:\/\/www.koronakarkonoszy.pl\/blog-dla-firm\/wp-content\/uploads\/2021\/05\/zima-impreza-1536x672.jpg 1536w, https:\/\/www.koronakarkonoszy.pl\/blog-dla-firm\/wp-content\/uploads\/2021\/05\/zima-impreza.jpg 1708w\" sizes=\"auto, (max-width: 1024px) 100vw, 1024px\" \/><figcaption class=\"wp-element-caption\"><strong>Impreza integracyjna, Dw\u00f3r Korona Karkonoszy, <a href=\"https:\/\/www.koronakarkonoszy.pl\/blog-atrakcje\/sosnowka\/\" class=\"links-placer\">Sosn\u00f3wka<\/a> k. Karpacza <\/strong><\/figcaption><\/figure>\n\n\n\n<h2 class=\"wp-block-heading\" id=\"h-organizacja-imprezy-integracyjnej-pomysly-ktore-warto-rozwazyc\">Organizacja imprezy integracyjnej &#8211; pomys\u0142y, kt\u00f3re warto rozwa\u017cy\u0107<\/h2>\n\n\n\n<p>Rzecz najwa\u017cniejsza \u2013 zadbajmy o dobr\u0105 atmosfer\u0119! Tylko je\u015bli uczestnicy faktycznie si\u0119 rozlu\u017ani\u0105 i nic nie b\u0119dzie wymuszone, uda si\u0119 ich przekona\u0107 do prawdziwej integracji. Reszta to szczeg\u00f3\u0142y, kt\u00f3re om\u00f3wimy poni\u017cej.<\/p>\n\n\n<section id=\"leonardo-block_e77d44147d6d368c4183e02726a65af2\" class=\"leonardo page-breaker leonardo-image-right\">\n    <div class=\"leonardo-body\">\n                <div class=\"leonardo-content\"><p>Organizacja imprezy integracyjnej powinna zaczyna\u0107 si\u0119 od okre\u015blenia tego, co nami kieruje i co sk\u0142ania nas do takiego przedsi\u0119wzi\u0119cia. Na tym etapie wyobra\u017amy sobie, jak mo\u017ce wygl\u0105da\u0107 planowany event i po co go robimy. Zak\u0142adamy oczywi\u015bcie, \u017ce atmosfera takiej imprezy b\u0119dzie sympatyczna, i \u017ce wszyscy b\u0119d\u0105 si\u0119 dobrze bawi\u0107. To jest podstawa. Reszta to szczeg\u00f3\u0142y, kt\u00f3re oczywi\u015bcie trzeba zaplanowa\u0107 i zrealizowa\u0107, \u017ceby plan m\u00f3g\u0142 si\u0119 zi\u015bci\u0107.<\/p>\n<\/div>\n                    <aside class=\"leonardo-interlink\">\n                <b>Polecamy<\/b>\n                <a href=\"https:\/\/www.koronakarkonoszy.pl\/blog-dla-firm\/de\/ciekawe-zajecia-integracyjne-na-pierwszy-firmowy-wyjazd\/\">Ciekawe zaj\u0119cia integracyjne na pierwszy firmowy wyjazd<\/a>\n            <\/aside>\n            <\/div>\n    <div class=\"leonardo-image\">\n        <img loading=\"lazy\" decoding=\"async\" width=\"2560\" height=\"1707\" src=\"https:\/\/www.koronakarkonoszy.pl\/blog-dla-firm\/wp-content\/uploads\/2022\/02\/DKK_16_15_12_MIV_1190-scaled.jpg\" class=\"attachment-full size-full\" alt=\"Centrum Imprez Plenerowych Dworu Korona Karkonoszy\" srcset=\"https:\/\/www.koronakarkonoszy.pl\/blog-dla-firm\/wp-content\/uploads\/2022\/02\/DKK_16_15_12_MIV_1190-scaled.jpg 2560w, https:\/\/www.koronakarkonoszy.pl\/blog-dla-firm\/wp-content\/uploads\/2022\/02\/DKK_16_15_12_MIV_1190-300x200.jpg 300w, https:\/\/www.koronakarkonoszy.pl\/blog-dla-firm\/wp-content\/uploads\/2022\/02\/DKK_16_15_12_MIV_1190-1024x683.jpg 1024w, https:\/\/www.koronakarkonoszy.pl\/blog-dla-firm\/wp-content\/uploads\/2022\/02\/DKK_16_15_12_MIV_1190-768x512.jpg 768w, https:\/\/www.koronakarkonoszy.pl\/blog-dla-firm\/wp-content\/uploads\/2022\/02\/DKK_16_15_12_MIV_1190-1920x1280.jpg 1920w, https:\/\/www.koronakarkonoszy.pl\/blog-dla-firm\/wp-content\/uploads\/2022\/02\/DKK_16_15_12_MIV_1190-1536x1024.jpg 1536w, https:\/\/www.koronakarkonoszy.pl\/blog-dla-firm\/wp-content\/uploads\/2022\/02\/DKK_16_15_12_MIV_1190-2048x1365.jpg 2048w\" sizes=\"auto, (max-width: 2560px) 100vw, 2560px\" \/>            <\/div>\n<\/section>\n\n\n<p>Wr\u00f3\u0107my zatem do pierwszego kroku. Jaki jest cel? Czy jest to spotkanie integracyjne ludzi, kt\u00f3rzy si\u0119 dobrze znaj\u0105 i od lat ze sob\u0105 pracuj\u0105? Czy te\u017c b\u0119dzie to przy okazji uczczenie jakiego\u015b sukcesu b\u0105d\u017a awans\u00f3w. A mo\u017ce w\u0142a\u015bnie jubileusz wieloletniej wsp\u00f3\u0142pracy albo <a href=\"https:\/\/www.koronakarkonoszy.pl\/blog-dla-firm\/10-lecie-firmy\/\" target=\"_blank\" rel=\"noreferrer noopener\"><strong>10-lecie firmy<\/strong><\/a>? Czy te\u017c chodzi o integracj\u0119 zespo\u0142u albo wprowadzenie zupe\u0142nie nowych koleg\u00f3w do firmy?<\/p>\n\n\n\n<figure class=\"wp-block-image size-full\"><img loading=\"lazy\" decoding=\"async\" width=\"960\" height=\"640\" src=\"https:\/\/www.koronakarkonoszy.pl\/blog-dla-firm\/wp-content\/uploads\/2022\/11\/16215912_10202838506280016_440647019_n.jpg\" alt=\"\" class=\"wp-image-5053\" srcset=\"https:\/\/www.koronakarkonoszy.pl\/blog-dla-firm\/wp-content\/uploads\/2022\/11\/16215912_10202838506280016_440647019_n.jpg 960w, https:\/\/www.koronakarkonoszy.pl\/blog-dla-firm\/wp-content\/uploads\/2022\/11\/16215912_10202838506280016_440647019_n-300x200.jpg 300w, https:\/\/www.koronakarkonoszy.pl\/blog-dla-firm\/wp-content\/uploads\/2022\/11\/16215912_10202838506280016_440647019_n-768x512.jpg 768w\" sizes=\"auto, (max-width: 960px) 100vw, 960px\" \/><figcaption class=\"wp-element-caption\"><strong>Sala balowa na jubileusz firmy &#8211; <\/strong><a href=\"https:\/\/www.koronakarkonoszy.pl\/blog\/wesele-na-dolnym-slasku\/\" target=\"_blank\" rel=\"noreferrer noopener\"><strong>sala weselna Dolny \u015al\u0105sk<\/strong><\/a><strong>, Dw\u00f3r Korona Karkonoszy, Sosn\u00f3wka k. Karpacza<\/strong><\/figcaption><\/figure>\n\n\n\n<p>Kolejnym krokiem b\u0119dzie ustalenie, w jakiej formie chcemy zorganizowa\u0107 imprez\u0119 integracyjn\u0105. Czy b\u0119dzie to wsp\u00f3lne wyj\u015bcie na piwo czy te\u017c prawdziwy wyjazd integracyjny? Firmy najcz\u0119\u015bciej organizuj\u0105 takie przedsi\u0119wzi\u0119cia, \u0142\u0105cz\u0105c je ze szkoleniem lub odpraw\u0105. Jest to wygodne, gdy\u017c formalnie jest uzasadnione i \u0142atwiej pozyska\u0107 \u015brodki. Ponadto taki wyjazd zorganizowany \u201ez g\u0142ow\u0105\u201d przynosi faktycznie wiele korzy\u015bci dla firmy.<\/p>\n\n\n\n<figure class=\"wp-block-image size-large\"><img loading=\"lazy\" decoding=\"async\" width=\"1024\" height=\"682\" src=\"https:\/\/www.koronakarkonoszy.pl\/blog-dla-firm\/wp-content\/uploads\/2021\/07\/PJ_07_13_12_IR6_2258-1024x682.jpg\" alt=\"\" class=\"wp-image-3345\" srcset=\"https:\/\/www.koronakarkonoszy.pl\/blog-dla-firm\/wp-content\/uploads\/2021\/07\/PJ_07_13_12_IR6_2258-1024x682.jpg 1024w, https:\/\/www.koronakarkonoszy.pl\/blog-dla-firm\/wp-content\/uploads\/2021\/07\/PJ_07_13_12_IR6_2258-300x200.jpg 300w, https:\/\/www.koronakarkonoszy.pl\/blog-dla-firm\/wp-content\/uploads\/2021\/07\/PJ_07_13_12_IR6_2258-768x512.jpg 768w, https:\/\/www.koronakarkonoszy.pl\/blog-dla-firm\/wp-content\/uploads\/2021\/07\/PJ_07_13_12_IR6_2258-1920x1280.jpg 1920w, https:\/\/www.koronakarkonoszy.pl\/blog-dla-firm\/wp-content\/uploads\/2021\/07\/PJ_07_13_12_IR6_2258-1536x1024.jpg 1536w, https:\/\/www.koronakarkonoszy.pl\/blog-dla-firm\/wp-content\/uploads\/2021\/07\/PJ_07_13_12_IR6_2258.jpg 2000w\" sizes=\"auto, (max-width: 1024px) 100vw, 1024px\" \/><figcaption class=\"wp-element-caption\"><strong>Budowa maszyny Goldberga, Dw\u00f3r Korona Karkonoszy, Sosn\u00f3wka ko\u0142o Karpacza<\/strong><\/figcaption><\/figure>\n\n\n\n<h2 class=\"wp-block-heading\" id=\"ha-organizacja-imprez-gdzie-zorganizowac-impreze-firmowa\">Organizacja imprez \u2013 gdzie zorganizowa\u0107 imprez\u0119 firmow\u0105?<\/h2>\n\n\n\n<p>Je\u015bli wiemy ju\u017c, dlaczego chcemy zorganizowa\u0107 <strong>imprez\u0119 integracyjn\u0105<\/strong> i mniej wi\u0119cej w jakiej formie, to pozostaje ju\u017c tylko odpowiedzie\u0107 na pytanie, gdzie? Najwa\u017cniejsze, \u017ceby miejsce i obiekt, kt\u00f3re wybierzesz, odpowiada\u0142 pierwotnej wizji eventu. Je\u015bli mia\u0142 to by\u0107 na przyk\u0142ad wyjazd po\u0142\u0105czony ze szkoleniem, to oczywi\u015bcie r\u00f3wnie\u017c wybrany przez nas obiekt musi mie\u0107 odpowiednie zaplecze. Nie bez znaczenia b\u0119dzie te\u017c do\u015bwiadczenie organizatora i jego nastawienie do Twoich pomys\u0142\u00f3w.<\/p>\n\n\n<section id=\"leonardo-block_13028cf3cd7cc4bc3c7f54381cfff78e\" class=\"leonardo page-breaker leonardo-image-left\">\n    <div class=\"leonardo-body\">\n                <div class=\"leonardo-content\"><h3 id=\"ha-impreza-integracyjna-wybor-obiektu\">Impreza integracyjna &#8211; wyb\u00f3r obiektu<\/h3>\n<p>Chodzi o to, \u017ceby organizator by\u0142 nie tylko otwarty i elastyczny ale te\u017c \u017ceby m\u00f3g\u0142 Ci zaproponowa\u0107 jakie\u015b sprawdzone <strong><a href=\"https:\/\/www.koronakarkonoszy.pl\/blog-dla-firm\/atrakcje-na-imprezy-firmowe\/\" target=\"_blank\" rel=\"noreferrer noopener\">atrakcje na imprez\u0119 integracyjn\u0105<\/a><\/strong>. Powinien te\u017c potrafi\u0107 sam budowa\u0107 dobr\u0105 atmosfer\u0119 i rozrusza\u0107 go\u015bci. Musi te\u017c umie\u0107 odpowiednio si\u0119 zachowa\u0107 w jakiej\u015b nieprzewidzianej sytuacji. Do\u015bwiadczony event manager pomo\u017ce te\u017c dobra\u0107 odpowiedni scenariusz i atrakcje dla naszej grupy, a tak\u017ce dostrzec, kt\u00f3re elementy ewentualne wymagaj\u0105 korekty w planie naszej imprezy integracyjnej. Na przyk\u0142ad b\u0119dzie wiedzia\u0142, jak d\u0142ugo faktyczne trwa wjazd wyci\u0105giem albo ile czasu zajmuje konkretna gra team buildingowa, i jakie trzeba do niej przygotowa\u0107 materia\u0142y pomocnicze. Jednym s\u0142owem, wybierzmy taki obiekt, gdzie imprezy szyte s\u0105 na miar\u0119!<\/p>\n<\/div>\n            <\/div>\n    <div class=\"leonardo-image\">\n        <img loading=\"lazy\" decoding=\"async\" width=\"1024\" height=\"680\" src=\"https:\/\/www.koronakarkonoszy.pl\/blog-dla-firm\/wp-content\/uploads\/2021\/07\/2.jpg\" class=\"attachment-full size-full\" alt=\"Centrum Eventowe Dworu Korona Karkonoszy w Sosn\u00f3wce ko\u0142o Karpacza\" srcset=\"https:\/\/www.koronakarkonoszy.pl\/blog-dla-firm\/wp-content\/uploads\/2021\/07\/2.jpg 1024w, https:\/\/www.koronakarkonoszy.pl\/blog-dla-firm\/wp-content\/uploads\/2021\/07\/2-300x199.jpg 300w, https:\/\/www.koronakarkonoszy.pl\/blog-dla-firm\/wp-content\/uploads\/2021\/07\/2-768x510.jpg 768w\" sizes=\"auto, (max-width: 1024px) 100vw, 1024px\" \/>            <\/div>\n<\/section>\n\n\n<h2 class=\"wp-block-heading\" id=\"h-organizacja-imprez-integracyjnych-dolny-slask-gdzie-konkretnie\">Organizacja imprez integracyjnych Dolny \u015al\u0105sk &#8211; gdzie konkretnie?<\/h2>\n\n\n\n<p>Dolny \u015al\u0105sk to prawdziwe zag\u0142\u0119bie, je\u015bli chodzi o wszelkiego rodzaju atrakcje. Na tym terenie przyroda pokazuje niemal pe\u0142n\u0105 gam\u0119 swojego pi\u0119kna. S\u0105 tu g\u00f3ry, woda i nieograniczona przestrze\u0144. R\u00f3wnie\u017c dzie\u0142a ludzkie, jak zamki, pa\u0142ace, parki oraz osi\u0105gni\u0119cia techniki i sztuki kumuluj\u0105 si\u0119 na Dolnym \u015al\u0105sku. Wszystko to, w\u0142\u0105cznie ze wspania\u0142ymi zbiorami w muzeach, koncertami i wystawami, a tak\u017ce lokaln\u0105 kuchni\u0105 i wyrobami rzemie\u015blniczymi sprawia, \u017ce mo\u017cna tu ci\u0105gle wraca\u0107. I w dodatku za ka\u017cdym razem odkrywa\u0107 ten region na nowo!<\/p>\n\n\n\n<p><strong><a href=\"https:\/\/www.koronakarkonoszy.pl\/konfigurator-imprez\/\">KLIKNIJ<\/a><\/strong>&nbsp;poni\u017cej w banner Konfigurator Imprez Firmowych<\/p>\n\n\n\n<figure class=\"wp-block-image size-large is-resized\"><a href=\"https:\/\/www.koronakarkonoszy.pl\/konfigurator-imprez\/\" target=\"_blank\" rel=\"noreferrer noopener\"><img loading=\"lazy\" decoding=\"async\" width=\"1024\" height=\"510\" src=\"https:\/\/www.koronakarkonoszy.pl\/blog-dla-firm\/wp-content\/uploads\/2023\/11\/DKK-konfigurator_01-1024x510.jpg\" alt=\"Konfigurator imprez firmowych agencji eventowej Dw\u00f3r Korona Karkonoszy\" class=\"wp-image-7804\" style=\"width:855px;height:auto\" title=\"Konfigurator imprez firmowych agencji eventowej \" srcset=\"https:\/\/www.koronakarkonoszy.pl\/blog-dla-firm\/wp-content\/uploads\/2023\/11\/DKK-konfigurator_01-1024x510.jpg 1024w, https:\/\/www.koronakarkonoszy.pl\/blog-dla-firm\/wp-content\/uploads\/2023\/11\/DKK-konfigurator_01-300x150.jpg 300w, https:\/\/www.koronakarkonoszy.pl\/blog-dla-firm\/wp-content\/uploads\/2023\/11\/DKK-konfigurator_01-768x383.jpg 768w, https:\/\/www.koronakarkonoszy.pl\/blog-dla-firm\/wp-content\/uploads\/2023\/11\/DKK-konfigurator_01-1920x957.jpg 1920w, https:\/\/www.koronakarkonoszy.pl\/blog-dla-firm\/wp-content\/uploads\/2023\/11\/DKK-konfigurator_01-1536x766.jpg 1536w, https:\/\/www.koronakarkonoszy.pl\/blog-dla-firm\/wp-content\/uploads\/2023\/11\/DKK-konfigurator_01-18x9.jpg 18w, https:\/\/www.koronakarkonoszy.pl\/blog-dla-firm\/wp-content\/uploads\/2023\/11\/DKK-konfigurator_01.jpg 2040w\" sizes=\"auto, (max-width: 1024px) 100vw, 1024px\" \/><\/a><\/figure>\n\n\n\n<p><strong><a href=\"https:\/\/www.koronakarkonoszy.pl\/konfigurator-imprez\/\">KLIKNIJ<\/a><\/strong>&nbsp;powy\u017cej w banner Konfigurator Imprez Firmowych<\/p>\n\n\n\n<p>Pami\u0119tajmy jednak, \u017ce imprezy integracyjne maj\u0105 sw\u00f3j w\u0142asny rytm i potrzeby. Wysoka kultura i najbardziej wysublimowana sztuka wymagaj\u0105 skupienia i pewnego przygotowania. Oczywi\u015bcie mo\u017cna te elementy w\u0142\u0105czy\u0107 do wycieczki integracyjnej, ale raczej jako uzupe\u0142nienie, a nie jako g\u0142\u00f3wny punkt integracji firmowej. I tu zn\u00f3w mo\u017cna wr\u00f3ci\u0107 do zalet Dolnego \u015al\u0105ska: sp\u0142ywy kajakowe albo pontonowe, piesze wycieczki w g\u00f3ry lub zim\u0105 r\u00f3wnie\u017c na narty, parki linowe, opuszczone kopalnie i sztolnie ze swoimi tajemnicami, zamki i dwory to tylko u\u0142amek mo\u017cliwo\u015bci. Loty balonem albo \u015bmig\u0142owcem w g\u00f3rach, paintball, gry terenowe, ogniska, r\u00f3\u017cnego rodzaju warsztaty i wiele innych atrakcji mamy tutaj w zasi\u0119gu r\u0119ki. Do tego mo\u017cna doda\u0107 wspania\u0142\u0105 kuchni\u0119 regionaln\u0105 i lokalne wyroby rzemie\u015blnicze. Wszystko to razem sprawia, \u017ce organizacja imprez integracyjnych na Dolnym \u015al\u0105sku daje nieograniczone mo\u017cliwo\u015bci, a co najwa\u017cniejsze, przyjemno\u015b\u0107 i satysfakcj\u0119.<\/p>\n\n\n<section id=\"leonardo-block_94e2466c7b78a7e65353df8b9f0a4599\" class=\"leonardo page-breaker leonardo-image-left\">\n    <div class=\"leonardo-body\">\n                <div class=\"leonardo-content\"><h3 id=\"ha-organizacja-imprez-integracyjnych-dolnoslaskie\">Organizacja imprez integracyjnych \u2013 dolno\u015bl\u0105skie<\/h3>\n<p>Dolno\u015bl\u0105skie to z pewno\u015bci\u0105 jedno z najbardziej atrakcyjnych turystycznie wojew\u00f3dztw w Polce. Wystarczy wymieni\u0107 kilka nazw i poj\u0119\u0107, jak Wroc\u0142aw, Jelenia G\u00f3ra, Karkonosze, \u015anie\u017cka, kolorowe jeziorka, kraina pa\u0142ac\u00f3w i ogrod\u00f3w, G\u00f3ry Sto\u0142owe, Kraina wygas\u0142ych wulkan\u00f3w. Ka\u017cdy od razu wie, o jaki region chodzi. I od razu pojawiaj\u0105 si\u0119 mi\u0142e skojarzenia. Historycznie to te\u017c jeden z najbogatszych region\u00f3w &#8211; to tu kwit\u0142o rzemios\u0142o, sztuka ogrodnicza i piwowarska, a tak\u017ce wymiana handlowa i kulturowa mi\u0119dzy Czechami, Niemcami i Polsk\u0105. Dolno\u015bl\u0105skie to r\u00f3wnie\u017c region z bardzo bogatym zapleczem turystyczny. Nie brak tu dwork\u00f3w i hoteli oferuj\u0105cych ciekawe atrakcje i obs\u0142ug\u0119 na najwy\u017cszym poziomie. To idealne miejsce zar\u00f3wno na d\u0142u\u017cszy urlop, jak i kr\u00f3tszy, na przyk\u0142ad dwudniowy wypad. A tak\u017ce na wszelkiego rodzaju imprezy firmowe, integracyjne, team buildingowe. Zesp\u00f3\u0142 zaproszony na event w pi\u0119kne miejsce na Dolnym \u015al\u0105sku z pewno\u015bci\u0105 doceni starania pracodawcy.<\/p>\n<\/div>\n            <\/div>\n    <div class=\"leonardo-image\">\n        <img loading=\"lazy\" decoding=\"async\" width=\"2048\" height=\"787\" src=\"https:\/\/www.koronakarkonoszy.pl\/blog-dla-firm\/wp-content\/uploads\/2021\/07\/min.jpg\" class=\"attachment-full size-full\" alt=\"Sosn\u00f3wka ko\u0142o Karpacza, widok na zalew\" srcset=\"https:\/\/www.koronakarkonoszy.pl\/blog-dla-firm\/wp-content\/uploads\/2021\/07\/min.jpg 2048w, https:\/\/www.koronakarkonoszy.pl\/blog-dla-firm\/wp-content\/uploads\/2021\/07\/min-300x115.jpg 300w, https:\/\/www.koronakarkonoszy.pl\/blog-dla-firm\/wp-content\/uploads\/2021\/07\/min-1024x394.jpg 1024w, https:\/\/www.koronakarkonoszy.pl\/blog-dla-firm\/wp-content\/uploads\/2021\/07\/min-768x295.jpg 768w, https:\/\/www.koronakarkonoszy.pl\/blog-dla-firm\/wp-content\/uploads\/2021\/07\/min-1920x738.jpg 1920w, https:\/\/www.koronakarkonoszy.pl\/blog-dla-firm\/wp-content\/uploads\/2021\/07\/min-1536x590.jpg 1536w\" sizes=\"auto, (max-width: 2048px) 100vw, 2048px\" \/>            <\/div>\n<\/section>\n\n\n<h2 class=\"wp-block-heading\" id=\"ha-organizacja-imprez-integracyjnych-karpacz\">Organizacja imprez integracyjnych Karpacz<\/h2>\n\n\n\n<p>Ka\u017cdy chyba s\u0142ysza\u0142 o najwy\u017cszym szczycie Karkonoszy \u2013 \u015anie\u017cce. O \u015anie\u017cnych Kot\u0142ach albo o schronisku Samotnia pewnie tak\u017ce. Jednak nie ka\u017cdemu by\u0142o dane zobaczy\u0107 te miejsca osobi\u015bcie. Naj\u0142atwiej dotrze\u0107 do nich w\u0142a\u015bnie z Karpacza albo z s\u0105siednich miejscowo\u015bci. Na przyk\u0142ad z Sosn\u00f3wki obok Karpacza. Ta wczasowa miejscowo\u015b\u0107 ma jeszcze ten dodatkowy walor, \u017ce po\u0142o\u017cona jest nad przepi\u0119knym zalewem. W po\u0142\u0105czeniu z panoram\u0105 Karkonoszy widok na zalew, zw\u0142aszcza z ruin Zamku Ksi\u0119cia Henryka, robi niesamowite wra\u017cenie o ka\u017cdej porze roku.<\/p>\n\n\n<section id=\"leonardo-block_f3a59a310c933c75a1a010281e6dd96d\" class=\"leonardo page-breaker leonardo-image-right\">\n    <div class=\"leonardo-body\">\n                <div class=\"leonardo-content\"><p><!-- wp:heading --><\/p>\n<h3 id=\"ha-organizacja-imprez-integracyjnych-w-gorach-geoskrzynka\">Organizacja imprez integracyjnych w g\u00f3rach \u2013\u201egeoskrzynka\u201d<\/h3>\n<p>Organizacja imprez integracyjnych w g\u00f3rach daje bardzo du\u017co mo\u017cliwo\u015bci. Pocz\u0105wszy od najbardziej popularnego spaceru (b\u0105d\u017a wyprawy trekkingowej \u2013 w zale\u017cno\u015bci od kondycji) do jazdy na nartach lub snowboardzie. Oczywi\u015bcie mo\u017cliwo\u015bci jest bardzo wiele. Mo\u017cna zaproponowa\u0107 sp\u0142yw kajakowy lub pontonowy, park linowy lub paintball. Mo\u017ce to te\u017c by\u0107 inna gra terenowa.<\/p>\n<p><!-- \/wp:paragraph --> <!-- wp:paragraph --><\/p>\n<p>Jednym z ciekawszych i bardzo ostatnio popularnych pomys\u0142\u00f3w jest tak zwana \u201egeoskrzynka\u201d. Zabawa polega na tym, \u017ce kto\u015b chowa w terenie na przyk\u0142ad list w butelce i podaje przybli\u017cone wsp\u00f3\u0142rz\u0119dne geograficzne lub jak\u0105\u015b wskaz\u00f3wk\u0119 do rozszyfrowania. Zadaniem graczy jest rozszyfrowa\u0107 podpowiedzi i dotrze\u0107 do celu. Tylko od wyobra\u017ani organizatora zale\u017cy, dok\u0105d doprowadzi uczestnik\u00f3w i jakie atrakcje przewiduje po drodze i w finale.<\/p>\n<p><!-- \/wp:paragraph --><\/p>\n<\/div>\n            <\/div>\n    <div class=\"leonardo-image\">\n        <img loading=\"lazy\" decoding=\"async\" width=\"1200\" height=\"800\" src=\"https:\/\/www.koronakarkonoszy.pl\/blog-dla-firm\/wp-content\/uploads\/2022\/02\/wesele-Dwor-Korona-imprezy-firmowe.jpg\" class=\"attachment-full size-full\" alt=\"Karkonoskie lasy\" srcset=\"https:\/\/www.koronakarkonoszy.pl\/blog-dla-firm\/wp-content\/uploads\/2022\/02\/wesele-Dwor-Korona-imprezy-firmowe.jpg 1200w, https:\/\/www.koronakarkonoszy.pl\/blog-dla-firm\/wp-content\/uploads\/2022\/02\/wesele-Dwor-Korona-imprezy-firmowe-300x200.jpg 300w, https:\/\/www.koronakarkonoszy.pl\/blog-dla-firm\/wp-content\/uploads\/2022\/02\/wesele-Dwor-Korona-imprezy-firmowe-1024x683.jpg 1024w, https:\/\/www.koronakarkonoszy.pl\/blog-dla-firm\/wp-content\/uploads\/2022\/02\/wesele-Dwor-Korona-imprezy-firmowe-768x512.jpg 768w\" sizes=\"auto, (max-width: 1200px) 100vw, 1200px\" \/>            <\/div>\n<\/section>\n\n\n<h2 class=\"wp-block-heading\" id=\"h-organizacja-imprez-integracyjnych-dla-pracownikow-czemu-sprzyja\">Organizacja imprez integracyjnych dla pracownik\u00f3w &#8211; czemu sprzyja?<\/h2>\n\n\n\n<p>Organizacja imprez integracyjnych dla pracownik\u00f3w to najlepsza metoda na zbudowanie dobrych relacji mi\u0119dzy nimi. Odpowiednia atmosfera w zespole to r\u00f3wnie\u017c gwarancja prawid\u0142owej komunikacji, i w konsekwencji zwi\u0119kszenie produktywno\u015bci i innowacyjno\u015bci firmy. Profesjonalne podej\u015bcie do integracji i employer brandingu to przede wszystkim stabilno\u015b\u0107 zatrudnienia w firmie i \u0142atwo\u015b\u0107 pozyskiwania nowych pracownik\u00f3w. Zadowolony pracownik to gwarancja zadowolenia klienta, a tak\u017ce doskona\u0142a wizyt\u00f3wka firmy.<\/p>\n\n\n\n<p>Na imprezach integracyjnych ludzie si\u0119 poznaj\u0105, dogaduj\u0105 i czasem zawieraj\u0105 przyja\u017anie. Sami sobie odpowiedzmy na pytanie, z kim chcieliby\u015bmy pracowa\u0107? Z pewno\u015bci\u0105 z lud\u017ami, kt\u00f3rym ufamy, kt\u00f3rych lubimy, a mo\u017ce jeszcze przy tym cenimy. Jak zbudowa\u0107 takie relacje? Czy jest to mo\u017cliwe w biegu, pod presj\u0105 i w ci\u0105g\u0142ym niedoczasie? Integracja firmowa to taka szansa na dostrze\u017cenie w innym cz\u0142owieku czego\u015b poza relacj\u0105 s\u0142u\u017cbow\u0105. Mo\u017ce uda si\u0119 zrozumie\u0107 jego motywacje? Jak zrobi\u0107, \u017ceby zamiast kolejnych maili, polece\u0144 czy rozlicze\u0144 po prostu posun\u0105\u0107 spraw\u0119 naprz\u00f3d? A w przysz\u0142o\u015bci drobne kwestie za\u0142atwi\u0107 z u\u015bmiechem na ustach. Integracja to s\u0142owo klucz!<\/p>\n\n\n\n<figure class=\"wp-block-image size-large\"><img loading=\"lazy\" decoding=\"async\" width=\"1024\" height=\"682\" src=\"https:\/\/www.koronakarkonoszy.pl\/blog-dla-firm\/wp-content\/uploads\/2021\/07\/PJ_06_19_49_IR6_2031-1024x682.jpg\" alt=\"\" class=\"wp-image-3440\" srcset=\"https:\/\/www.koronakarkonoszy.pl\/blog-dla-firm\/wp-content\/uploads\/2021\/07\/PJ_06_19_49_IR6_2031-1024x682.jpg 1024w, https:\/\/www.koronakarkonoszy.pl\/blog-dla-firm\/wp-content\/uploads\/2021\/07\/PJ_06_19_49_IR6_2031-300x200.jpg 300w, https:\/\/www.koronakarkonoszy.pl\/blog-dla-firm\/wp-content\/uploads\/2021\/07\/PJ_06_19_49_IR6_2031-768x512.jpg 768w, https:\/\/www.koronakarkonoszy.pl\/blog-dla-firm\/wp-content\/uploads\/2021\/07\/PJ_06_19_49_IR6_2031-1920x1280.jpg 1920w, https:\/\/www.koronakarkonoszy.pl\/blog-dla-firm\/wp-content\/uploads\/2021\/07\/PJ_06_19_49_IR6_2031-1536x1024.jpg 1536w, https:\/\/www.koronakarkonoszy.pl\/blog-dla-firm\/wp-content\/uploads\/2021\/07\/PJ_06_19_49_IR6_2031.jpg 2000w\" sizes=\"auto, (max-width: 1024px) 100vw, 1024px\" \/><figcaption class=\"wp-element-caption\"><strong>Ognisko integracyjne &#8211; Dw\u00f3r Korona Karkonoszy <\/strong><\/figcaption><\/figure>\n\n\n\n<h2 class=\"wp-block-heading\" id=\"h-organizacja-imprez-integracyjnych-czy-warto\">Organizacja imprez integracyjnych \u2013 czy warto?<\/h2>\n\n\n\n<p>Chc\u0105c odpowiedzie\u0107 na to pytanie, najpierw trzeba zastanowi\u0107 si\u0119 nad tym, czy zale\u017cy nam na stworzeniu zespo\u0142u, kt\u00f3ry dobrze si\u0119 komunikuje i potrafi razem wsp\u00f3\u0142pracowa\u0107. Na szcz\u0119\u015bcie wielu pracodawc\u00f3w rozumie, \u017ce to w\u0142a\u015bnie pracownicy pracuj\u0105 na sukces firmy. Je\u015bli nale\u017cysz do tego grona, mo\u017cemy jednoznacznie odpowiedzie\u0107 \u2013 TAK. Warto po\u015bwi\u0119ci\u0107 sw\u00f3j czas i \u015brodki na organizacj\u0119 imprez integracyjnych. Wystarczy, \u017ce spr\u00f3bujesz raz, a przekonasz si\u0119, jak wiele potrafi to wnie\u015b\u0107 do zespo\u0142u i o ile wydajniejsi stan\u0105 si\u0119 pracownicy.<\/p>\n\n\n\n<p>Zatrudniasz ludzi, aby dali Ci co\u015b od siebie, ale nie mo\u017cesz tego oczekiwa\u0107, je\u015bli nie oferujesz nic w zamian. Pracownik, kt\u00f3ry czuje si\u0119 potrzebny, \u201ezaopiekowany\u201d i wa\u017cny, to kto\u015b, kto wniesie znacznie wi\u0119cej do firmy ni\u017c \u2013 nazwijmy rzeczy po imieniu \u2013 tania si\u0142a robocza.<\/p>\n\n\n\n<figure class=\"wp-block-image size-large\"><img loading=\"lazy\" decoding=\"async\" width=\"1024\" height=\"683\" src=\"https:\/\/www.koronakarkonoszy.pl\/blog-dla-firm\/wp-content\/uploads\/2022\/05\/kreatywne-zabawy-integracyjne-2-1024x683.jpg\" alt=\"kreatywne zabawy integracyjne: zesp\u00f3\u0142\" class=\"wp-image-2715\" srcset=\"https:\/\/www.koronakarkonoszy.pl\/blog-dla-firm\/wp-content\/uploads\/2022\/05\/kreatywne-zabawy-integracyjne-2-1024x683.jpg 1024w, https:\/\/www.koronakarkonoszy.pl\/blog-dla-firm\/wp-content\/uploads\/2022\/05\/kreatywne-zabawy-integracyjne-2-300x200.jpg 300w, https:\/\/www.koronakarkonoszy.pl\/blog-dla-firm\/wp-content\/uploads\/2022\/05\/kreatywne-zabawy-integracyjne-2-768x512.jpg 768w, https:\/\/www.koronakarkonoszy.pl\/blog-dla-firm\/wp-content\/uploads\/2022\/05\/kreatywne-zabawy-integracyjne-2-1536x1024.jpg 1536w, https:\/\/www.koronakarkonoszy.pl\/blog-dla-firm\/wp-content\/uploads\/2022\/05\/kreatywne-zabawy-integracyjne-2.jpg 1920w\" sizes=\"auto, (max-width: 1024px) 100vw, 1024px\" \/><figcaption class=\"wp-element-caption\"><strong>Kreatywne <a href=\"https:\/\/www.koronakarkonoszy.pl\/blog-dla-firm\/spotkanie-firmowe\/\" class=\"links-placer\">zabawy integracyjne<\/a> &#8211; impreza integracyjna dla firm <\/strong><\/figcaption><\/figure>\n\n\n\n<h2 class=\"wp-block-heading\" id=\"h-organizowanie-imprez-obowiazek-czy-przyjemnosc\">Organizowanie imprez \u2013 obowi\u0105zek czy przyjemno\u015b\u0107?<\/h2>\n\n\n\n<p>Organizowanie imprez integracyjnych powierzmy ludziom, kt\u00f3rzy lubi\u0105 towarzystwo, lubi\u0105 si\u0119 bawi\u0107 i jeszcze maj\u0105 niebanalne poczucie humoru. Sukces gwarantowany! Je\u015bli nie mamy nikogo takiego w naszym zespole, powierzmy to zadanie profesjonalistom \u2013 oczywi\u015bcie o cechach jak wy\u017cej. Tacy ludzie gwarantuj\u0105 dobr\u0105 zabaw\u0119 i autentyczn\u0105 integracj\u0119. Wiedz\u0105, jak stworzy\u0107 zgran\u0105 grup\u0119 pracownicz\u0105 w nietypowy spos\u00f3b. Potrafi\u0105 rozlu\u017ani\u0107 nawet najbardziej spi\u0119tego szefa i zbudowa\u0107 zdrowe, mocne relacje mi\u0119dzy pracownikami.<\/p>\n\n\n\n<figure class=\"wp-block-image size-large\"><img loading=\"lazy\" decoding=\"async\" width=\"1024\" height=\"531\" src=\"https:\/\/www.koronakarkonoszy.pl\/blog-dla-firm\/wp-content\/uploads\/2021\/09\/eventy-integracyjne1-1024x531.jpg\" alt=\"\" class=\"wp-image-1093\" srcset=\"https:\/\/www.koronakarkonoszy.pl\/blog-dla-firm\/wp-content\/uploads\/2021\/09\/eventy-integracyjne1-1024x531.jpg 1024w, https:\/\/www.koronakarkonoszy.pl\/blog-dla-firm\/wp-content\/uploads\/2021\/09\/eventy-integracyjne1-300x155.jpg 300w, https:\/\/www.koronakarkonoszy.pl\/blog-dla-firm\/wp-content\/uploads\/2021\/09\/eventy-integracyjne1-768x398.jpg 768w, https:\/\/www.koronakarkonoszy.pl\/blog-dla-firm\/wp-content\/uploads\/2021\/09\/eventy-integracyjne1-1536x796.jpg 1536w, https:\/\/www.koronakarkonoszy.pl\/blog-dla-firm\/wp-content\/uploads\/2021\/09\/eventy-integracyjne1.jpg 1920w\" sizes=\"auto, (max-width: 1024px) 100vw, 1024px\" \/><figcaption class=\"wp-element-caption\"><strong>Event integracyjny w g\u00f3rach <\/strong><\/figcaption><\/figure>\n\n\n\n<p>Do\u015bwiadczony manager wie, \u017ce jego pracownicy potrafi\u0105 przybiera\u0107 &#8211; i przybieraj\u0105 &#8211; r\u00f3\u017cne role w firmie. Czasem wygodnie jest podw\u0142adnemu ukry\u0107 niekt\u00f3re talenty i wiedz\u0119 w obawie przed poszerzeniem zakresu obowi\u0105zk\u00f3w. I odwrotnie, ludzie, kt\u00f3rzy niekoniecznie posiadaj\u0105 odpowiednie predyspozycje, chc\u0105 awansowa\u0107. Impreza integracyjna to \u015bwietna okazja do ujawnienia prawdziwych talent\u00f3w i rzadkich predyspozycji czy umiej\u0119tno\u015bci. To okazja dla ka\u017cdego do podzielenia si\u0119 swoj\u0105 pasj\u0105 i do zbli\u017cenia si\u0119 z lud\u017ami. Aby to nast\u0105pi\u0142o, musi by\u0107 swobodnie i weso\u0142o. Pami\u0119tajmy o tym.<\/p>\n\n\n<section id=\"leonardo-block_f9359608da89806ea9f157f48ddcf726\" class=\"leonardo page-breaker leonardo-image-left\">\n    <div class=\"leonardo-body\">\n                <div class=\"leonardo-content\"><p><!-- wp:heading --><\/p>\n<h3 id=\"ha-organizacja-imprezy-integracyjnej-o-czym-musisz-pamietac\">Organizacja imprezy integracyjnej \u2013 o czym musisz pami\u0119ta\u0107?<\/h3>\n<p>Dla pracownika liczy si\u0119 przede wszystkim udana zabawa. Je\u015bli zale\u017cy Ci, aby takow\u0105 zapewni\u0107, przygotuj si\u0119 na planowanie. We\u017a te\u017c pod uwag\u0119, \u017ce imprezy integracyjne organizowane w czasie wolnym b\u0119d\u0105 ciekawym wyzwaniem, o ile odpowiednio wcze\u015bnie poinformujesz uczestnik\u00f3w. Pracownicy raczej nie stroni\u0105 od okazji do odpoczynku, ale uszanuj ich prywatne plany i nie zaskocz informacj\u0105 o imprezie na kilka dni przed planowanym startem.<\/p>\n<p><!-- \/wp:paragraph --><\/p>\n<\/div>\n                    <aside class=\"leonardo-interlink\">\n                <b>Polecamy<\/b>\n                <a href=\"https:\/\/www.koronakarkonoszy.pl\/blog-dla-firm\/de\/sosnowka-w-samym-sercu-karkonoszy\/\">Sosn\u00f3wka \u2013 w samym sercu Karkonoszy! \u00a0<\/a>\n            <\/aside>\n            <\/div>\n    <div class=\"leonardo-image\">\n        <img loading=\"lazy\" decoding=\"async\" width=\"1920\" height=\"1280\" src=\"https:\/\/www.koronakarkonoszy.pl\/blog-dla-firm\/wp-content\/uploads\/2022\/05\/konkursy-integracyjne.jpg\" class=\"attachment-full size-full\" alt=\"Konkursy integracyjne - taniec\" srcset=\"https:\/\/www.koronakarkonoszy.pl\/blog-dla-firm\/wp-content\/uploads\/2022\/05\/konkursy-integracyjne.jpg 1920w, https:\/\/www.koronakarkonoszy.pl\/blog-dla-firm\/wp-content\/uploads\/2022\/05\/konkursy-integracyjne-300x200.jpg 300w, https:\/\/www.koronakarkonoszy.pl\/blog-dla-firm\/wp-content\/uploads\/2022\/05\/konkursy-integracyjne-1024x683.jpg 1024w, https:\/\/www.koronakarkonoszy.pl\/blog-dla-firm\/wp-content\/uploads\/2022\/05\/konkursy-integracyjne-768x512.jpg 768w, https:\/\/www.koronakarkonoszy.pl\/blog-dla-firm\/wp-content\/uploads\/2022\/05\/konkursy-integracyjne-1536x1024.jpg 1536w\" sizes=\"auto, (max-width: 1920px) 100vw, 1920px\" \/>            <\/div>\n<\/section>\n\n\n<h2 class=\"wp-block-heading\" id=\"h-organizacja-imprez-integracyjnych-komu-ja-zlecic\">Organizacja imprez integracyjnych \u2013 komu j\u0105 zleci\u0107?<\/h2>\n\n\n\n<p>Organizacja imprez integracyjnych to nie lada wyzwanie dla kogo\u015b, kto nie robi\u0142 tego nigdy wcze\u015bniej, a nagle dosta\u0142 polecenie przygotowania firmowej imprezy integracyjnej. Pierwszy raz mo\u017ce by\u0107 trudny. Jak si\u0119 do tego zabra\u0107? Naj\u0142atwiej skorzysta\u0107 z podpowiedzi do\u015bwiadczonych event manager\u00f3w. Fachowy organizator imprez firmowych zna wszystkie niuanse tej pracy. Ponadto wiele firm eventowych publikuje na swoich blogach podstawowe informacje. Dobrym przyk\u0142adem jest swoisty przewodnik w postaci ciekawych artyku\u0142\u00f3w na <a href=\"https:\/\/www.koronakarkonoszy.pl\/blog-dla-firm\/\" target=\"_blank\" rel=\"noreferrer noopener\"><strong>blogu Dworu Korona Karkonoszy<\/strong><\/a>. Mo\u017cna tu znale\u017a\u0107 nie tylko podpowiedzi, od czego zacz\u0105\u0107 organizacj\u0119 tego typu imprez, ale te\u017c przyk\u0142ady gier i zabaw integracyjnych.<\/p>\n\n\n\n<p>Cz\u0119sto firmy eventowe oferuj\u0105 szeroki zakres us\u0142ug, organizuj\u0105c nie tylko imprezy firmowe, ale tak\u017ce rodzinne (komunie, chrzciny, jubileusze) i <a href=\"https:\/\/www.koronakarkonoszy.pl\/wesele\/\" target=\"_blank\" rel=\"noreferrer noopener\"><strong>wesela w g\u00f3rach<\/strong><\/a> oczywi\u015bcie.<\/p>\n\n\n\n<h2 class=\"wp-block-heading\" id=\"ha-personalizacja-jako-klucz-do-skutecznej-organizacji-imprez-integracyjnych-dla-firm\">Personalizacja jako klucz do skutecznej organizacji imprez integracyjnych dla firm<\/h2>\n\n\n\n<p>Wsp\u00f3\u0142czesna <strong>organizacja imprez integracyjnych dla firm<\/strong> wymaga indywidualnego podej\u015bcia, dostosowanego do specyfiki zespo\u0142u oraz cel\u00f3w przedsi\u0119biorstwa. Przyk\u0142adem takiego podej\u015bcia jest <strong>Dw\u00f3r Korona Karkonoszy<\/strong>, oferuj\u0105cy r\u00f3\u017cnorodne scenariusze dostosowane do potrzeb ka\u017cdej firmy. Dzi\u0119ki temu <strong>organizacja imprez integracyjnych<\/strong> staje si\u0119 bardziej efektywna, a uczestnicy ch\u0119tniej anga\u017cuj\u0105 si\u0119 w proponowane aktywno\u015bci.<\/p>\n\n\n\n<h2 class=\"wp-block-heading\" id=\"ha-rola-kreatywnych-atrakcji-w-organizacji-imprezy-integracyjnej\">Rola kreatywnych atrakcji w organizacji imprezy integracyjnej<\/h2>\n\n\n\n<p>Innowacyjne i anga\u017cuj\u0105ce atrakcje stanowi\u0105 fundament udanej <strong>organizacji imprezy integracyjnej<\/strong>. Wprowadzenie nietypowych aktywno\u015bci, takich jak warsztaty kulinarne czy gry terenowe, mo\u017ce znacz\u0105co zwi\u0119kszy\u0107 zaanga\u017cowanie uczestnik\u00f3w. Warto rozwa\u017cy\u0107 organizacj\u0119 <a href=\"https:\/\/www.koronakarkonoszy.pl\/imprezy\/imprezy-firmowe-karpacz\/\"><strong>imprezy integracyjnej w Karpaczu<\/strong><\/a>, gdzie malownicze otoczenie sprzyja kreatywnym formom sp\u0119dzania czasu. Takie podej\u015bcie nie tylko integruje zesp\u00f3\u0142, ale r\u00f3wnie\u017c dostarcza niezapomnianych wra\u017ce\u0144, co pozytywnie wp\u0142ywa na atmosfer\u0119 w miejscu pracy.<\/p>\n\n\n\n<h2 class=\"wp-block-heading\" id=\"ha-wybor-odpowiedniego-organizatora-imprez-integracyjnych-jako-gwarancja-sukcesu\">Wyb\u00f3r odpowiedniego organizatora imprez integracyjnych jako gwarancja sukcesu<\/h2>\n\n\n\n<p>Kluczowym elementem udanej <strong>organizacji imprez integracyjnych<\/strong> jest wyb\u00f3r do\u015bwiadczonego <strong>organizatora imprez integracyjnych<\/strong>. Profesjonalna firma zapewni kompleksow\u0105 obs\u0142ug\u0119, od planowania po realizacj\u0119 <a href=\"https:\/\/www.koronakarkonoszy.pl\/blog-dla-firm\/spotkanie-integracyjne\/\"><strong>spotka\u0144 integracyjnych<\/strong><\/a>, dbaj\u0105c o ka\u017cdy detal. Wsp\u00f3\u0142praca z ekspertami pozwala na unikni\u0119cie potencjalnych problem\u00f3w logistycznych i gwarantuje, \u017ce <strong>organizacja imprezy integracyjnej<\/strong> przebiegnie sprawnie. Dodatkowo, do\u015bwiadczeni organizatorzy mog\u0105 zaproponowa\u0107 unikalne <a href=\"https:\/\/www.koronakarkonoszy.pl\/blog-dla-firm\/atrakcje-na-imprezy-firmowe\/\"><strong>atrakcje na imprez\u0119 firmow\u0105<\/strong><\/a>, kt\u00f3re uczyni\u0105 wydarzenie wyj\u0105tkowym.<\/p>\n\n\n\n<h2 class=\"wp-block-heading\" id=\"ha-jak-dopasowac-atrakcje-do-profilu-zespolu\">Jak dopasowa\u0107 atrakcje do profilu zespo\u0142u?<\/h2>\n\n\n\n<p>Skuteczna <strong>organizacja imprez integracyjnych dla firm<\/strong> wymaga dopasowania aktywno\u015bci do zainteresowa\u0144 zespo\u0142u. Dla os\u00f3b ceni\u0105cych ruch idealne b\u0119d\u0105 gry terenowe lub sporty zespo\u0142owe. Natomiast warsztaty kulinarne czy artystyczne sprawdz\u0105 si\u0119 w\u015br\u00f3d mi\u0142o\u015bnik\u00f3w spokojniejszych form integracji. Kluczowe jest uwzgl\u0119dnienie r\u00f3\u017cnic wiekowych i preferencji, by ka\u017cdy czu\u0142 si\u0119 komfortowo. <strong>Organizacja imprez integracyjnych dla firm<\/strong> powinna tak\u017ce wspiera\u0107 wsp\u00f3\u0142prac\u0119 i budowanie relacji. Personalizacja wydarzenia zwi\u0119ksza zaanga\u017cowanie uczestnik\u00f3w i wzmacnia wi\u0119zi w zespole.<\/p>\n\n\n\n<h2 class=\"wp-block-heading\" id=\"ha-bledy-przy-organizacji-imprez-integracyjnych-dla-firm-jak-ich-uniknac\">B\u0142\u0119dy przy organizacji imprez integracyjnych dla firm \u2013 jak ich unikn\u0105\u0107?<\/h2>\n\n\n\n<p>Cz\u0119sty b\u0142\u0105d w <strong>organizacji imprez integracyjnych dla firm<\/strong> to brak okre\u015blonego celu wydarzenia. Niedopasowanie atrakcji do uczestnik\u00f3w obni\u017ca zaanga\u017cowanie, a prze\u0142adowany harmonogram utrudnia swobodn\u0105 integracj\u0119. Problemy logistyczne, jak transport czy zakwaterowanie, mog\u0105 wp\u0142yn\u0105\u0107 na komfort uczestnik\u00f3w. Aby <strong>organizacja imprez integracyjnych dla firm<\/strong> by\u0142a skuteczna, warto korzysta\u0107 z do\u015bwiadczenia profesjonalnych firm eventowych.<\/p>\n\n\n\n<h2 class=\"wp-block-heading\" id=\"ha-dlaczego-warto-postawic-na-organizacje-imprez-integracyjnych-dla-firm-w-gorach\">Dlaczego warto postawi\u0107 na organizacj\u0119 imprez integracyjnych dla firm w g\u00f3rach?<\/h2>\n\n\n\n<p><strong>Organizacja imprez integracyjnych dla firm<\/strong> w g\u00f3rskim otoczeniu to nie tylko przerwa od codziennej pracy, ale realna szansa na zacie\u015bnienie relacji w zespole. G\u00f3ry sprzyjaj\u0105 budowaniu zaufania i lepszej komunikacji \u2013 zw\u0142aszcza podczas wsp\u00f3lnych aktywno\u015bci, takich jak w\u0119dr\u00f3wki czy zadania zespo\u0142owe w plenerze. Taka forma integracji daje uczestnikom mo\u017cliwo\u015b\u0107 oderwania si\u0119 od schemat\u00f3w i odkrycia siebie nawzajem w nowych sytuacjach. <strong>Organizacja imprez integracyjnych dla firm<\/strong> w g\u00f3rach wspiera tak\u017ce motywacj\u0119 \u2013 pracownicy ch\u0119tniej anga\u017cuj\u0105 si\u0119 w dzia\u0142ania, kt\u00f3re s\u0105 zar\u00f3wno ciekawe, jak i rozwijaj\u0105ce. Wsp\u00f3lne prze\u017cycia w wyj\u0105tkowej scenerii przek\u0142adaj\u0105 si\u0119 na lepsz\u0105 wsp\u00f3\u0142prac\u0119 w codziennych zadaniach.<\/p>\n\n\n\n<h2 class=\"wp-block-heading\" id=\"ha-integracja-wielopokoleniowego-zespolu-a-organizacja-imprez-integracyjnych-dla-firm\">Integracja wielopokoleniowego zespo\u0142u a organizacja imprez integracyjnych dla firm<\/h2>\n\n\n\n<p>W zespo\u0142ach, gdzie spotykaj\u0105 si\u0119 r\u00f3\u017cne pokolenia, <strong>organizacja imprez integracyjnych dla firm<\/strong> musi uwzgl\u0119dnia\u0107 r\u00f3\u017cnorodne potrzeby uczestnik\u00f3w. Dob\u00f3r aktywno\u015bci powinien \u0142\u0105czy\u0107 pokolenia, a nie je dzieli\u0107 \u2013 sprawdzaj\u0105 si\u0119 zadania zespo\u0142owe, warsztaty i gry oparte na wsp\u00f3\u0142pracy. R\u00f3wnowaga mi\u0119dzy zabaw\u0105 a integracj\u0105 to klucz do sukcesu. Gdy <strong>organizacja imprez integracyjnych dla firm<\/strong> oferuje dzia\u0142ania, kt\u00f3re anga\u017cuj\u0105 ka\u017cdego \u2013 niezale\u017cnie od wieku \u2013 zwi\u0119ksza si\u0119 poczucie przynale\u017cno\u015bci. Taka integracja buduje wzajemny szacunek i wspiera komunikacj\u0119 w zespole.<\/p>\n\n\n\n<h2 class=\"wp-block-heading\" id=\"ha-zimowa-aura-a-organizacja-imprez-integracyjnych-dla-firm\">Zimowa aura a organizacja imprez integracyjnych dla firm<\/h2>\n\n\n\n<p>Zima to doskona\u0142a pora na wyj\u0105tkow\u0105 <strong>organizacj\u0119 imprez integracyjnych dla firm<\/strong>, szczeg\u00f3lnie w g\u00f3rskich rejonach. Kuligi, ogniska i zabawy na \u015bniegu tworz\u0105 niepowtarzalny klimat, kt\u00f3ry sprzyja relaksowi i integracji. Tego typu wydarzenia mog\u0105 by\u0107 okazj\u0105 do podsumowania roku i wyznaczenia nowych cel\u00f3w. <strong>Organizacja imprez integracyjnych dla firm<\/strong> zim\u0105 pozwala na wykorzystanie sezonowych atrakcji i zapewnienie pracownikom wytchnienia w niecodziennym otoczeniu. Wybieraj\u0105c g\u00f3rski o\u015brodek z dobr\u0105 infrastruktur\u0105, zyskujemy gwarancj\u0119 komfortu i bezpiecze\u0144stwa. <strong>Organizacja imprez integracyjnych dla firm<\/strong> w zimowej oprawie to nie tylko \u015bwietna zabawa, ale te\u017c silniejszy zesp\u00f3\u0142 gotowy do nowych wyzwa\u0144.<\/p>\n\n\n\n<figure class=\"wp-block-image size-large\"><a href=\"https:\/\/www.koronakarkonoszy.pl\/imprezy-firmowe\/\" target=\"_blank\" rel=\"noreferrer noopener\"><img loading=\"lazy\" decoding=\"async\" width=\"1024\" height=\"512\" src=\"https:\/\/www.koronakarkonoszy.pl\/blog-dla-firm\/wp-content\/uploads\/2021\/07\/agencja_eventowa_DKK-2-1024x512.jpg\" alt=\"\" class=\"wp-image-3471\" srcset=\"https:\/\/www.koronakarkonoszy.pl\/blog-dla-firm\/wp-content\/uploads\/2021\/07\/agencja_eventowa_DKK-2-1024x512.jpg 1024w, https:\/\/www.koronakarkonoszy.pl\/blog-dla-firm\/wp-content\/uploads\/2021\/07\/agencja_eventowa_DKK-2-300x150.jpg 300w, https:\/\/www.koronakarkonoszy.pl\/blog-dla-firm\/wp-content\/uploads\/2021\/07\/agencja_eventowa_DKK-2-768x384.jpg 768w, https:\/\/www.koronakarkonoszy.pl\/blog-dla-firm\/wp-content\/uploads\/2021\/07\/agencja_eventowa_DKK-2.jpg 1200w\" sizes=\"auto, (max-width: 1024px) 100vw, 1024px\" \/><\/a><\/figure>\n\n\n\n<h2 class=\"wp-block-heading\" id=\"ha-imprezy-integracyjne-jako-forma-nagrody-dla-pracownikow\">Imprezy integracyjne jako forma nagrody dla pracownik\u00f3w<\/h2>\n\n\n\n<p>Dobry motyw do organizacji imprezy integracyjnej to nie tylko stworzenie solidnego zespo\u0142u. Imprezy integracyjne mog\u0105 by\u0107 form\u0105 nagrody za dotychczasow\u0105 prac\u0119. To tak\u017ce wspania\u0142a okazja, aby zmotywowa\u0107 zesp\u00f3\u0142 do dalszej aktywno\u015bci. Odpowiednio zmotywowany zesp\u00f3\u0142 zdecydowanie ch\u0119tniej podejmie kolejne wyzwania, b\u0119dzie bardziej tw\u00f3rczy i got\u00f3w, aby odnosi\u0107 jeszcze wi\u0119cej sukces\u00f3w.<\/p>\n\n\n\n<figure class=\"wp-block-image size-full\"><img loading=\"lazy\" decoding=\"async\" width=\"800\" height=\"533\" src=\"https:\/\/www.koronakarkonoszy.pl\/blog-dla-firm\/wp-content\/uploads\/2021\/05\/imprezy-eventy-plenerowe-dla-firm.jpg\" alt=\"\" class=\"wp-image-49\" srcset=\"https:\/\/www.koronakarkonoszy.pl\/blog-dla-firm\/wp-content\/uploads\/2021\/05\/imprezy-eventy-plenerowe-dla-firm.jpg 800w, https:\/\/www.koronakarkonoszy.pl\/blog-dla-firm\/wp-content\/uploads\/2021\/05\/imprezy-eventy-plenerowe-dla-firm-300x200.jpg 300w, https:\/\/www.koronakarkonoszy.pl\/blog-dla-firm\/wp-content\/uploads\/2021\/05\/imprezy-eventy-plenerowe-dla-firm-768x512.jpg 768w\" sizes=\"auto, (max-width: 800px) 100vw, 800px\" \/><figcaption class=\"wp-element-caption\"><strong>Centrum Imprez Plenerowych, Dw\u00f3r Korona Karkonoszy, Sosn\u00f3wka ko\u0142o Karpacza<\/strong><\/figcaption><\/figure>\n\n\n\n<p>Imprezy integracyjne to najlepszy spos\u00f3b, aby okaza\u0107 pracownikom, \u017ce o nich dbasz, dostrzegasz ich trud w\u0142o\u017cony w prac\u0119 i chcesz w ten spos\u00f3b okaza\u0107 wdzi\u0119czno\u015b\u0107. Taka inwestycja w ludzi zwr\u00f3ci si\u0119 z nawi\u0105zk\u0105, i to szybciej, ni\u017c by\u015b si\u0119 spodziewa\u0142!<\/p>\n","protected":false},"excerpt":{"rendered":"<p>Przedsi\u0119biorstwa powinny dba\u0107 o relacje pracownik\u00f3w i stara\u0107 si\u0119 zbudowa\u0107 zesp\u00f3\u0142, w kt\u00f3rym ka\u017cdy b\u0119dzie mia\u0142 poczucie satysfakcji, p\u0142yn\u0105ce z przynale\u017cno\u015bci do niego. Jedn\u0105 z najskuteczniejszych metod jest organizacja imprez integracyjnych, kt\u00f3re wp\u0142ywaj\u0105 na jako\u015b\u0107 pracy zespo\u0142owej. Jak stworzy\u0107 zgrany i zaanga\u017cowany zesp\u00f3\u0142? Przeczytaj nasz artyku\u0142, a dowiesz si\u0119 wszystkiego. Czego si\u0119 dowiesz z artyku\u0142u? [&hellip;]<\/p>\n","protected":false},"author":11,"featured_media":652,"comment_status":"closed","ping_status":"closed","sticky":false,"template":"","format":"standard","meta":{"_acf_changed":false,"footnotes":""},"categories":[17,2,8],"class_list":["post-649","post","type-post","status-publish","format-standard","has-post-thumbnail","hentry","category-integracja","category-porady","category-team-building"],"acf":[],"yoast_head":"<!-- This site is optimized with the Yoast SEO Premium plugin v27.4 (Yoast SEO v27.4) - https:\/\/yoast.com\/product\/yoast-seo-premium-wordpress\/ -->\n<title>Organizacja imprez integracyjnych dla firm | Korona Karkonoszy<\/title>\n<meta name=\"description\" content=\"Organizacja imprez integracyjnych dla firm w wyj\u0105tkowym miejscu. Kompleksowa obs\u0142uga i wiele atrakcji, by spe\u0142ni\u0107 oczekiwania ka\u017cdego zespo\u0142u.\" \/>\n<meta name=\"robots\" content=\"index, follow, max-snippet:-1, max-image-preview:large, max-video-preview:-1\" \/>\n<link rel=\"canonical\" href=\"https:\/\/www.koronakarkonoszy.pl\/blog-dla-firm\/de\/organisation-von-integrationsveranstaltungen-was-sie-wissen-mussen\/\" \/>\n<meta property=\"og:locale\" content=\"de_DE\" \/>\n<meta property=\"og:type\" content=\"article\" \/>\n<meta property=\"og:title\" content=\"Organizacja imprez integracyjnych \u2013 o czym musisz wiedzie\u0107?\" \/>\n<meta property=\"og:description\" content=\"Organizacja imprez integracyjnych dla firm w wyj\u0105tkowym miejscu. Kompleksowa obs\u0142uga i wiele atrakcji, by spe\u0142ni\u0107 oczekiwania ka\u017cdego zespo\u0142u.\" \/>\n<meta property=\"og:url\" content=\"https:\/\/www.koronakarkonoszy.pl\/blog-dla-firm\/de\/organisation-von-integrationsveranstaltungen-was-sie-wissen-mussen\/\" \/>\n<meta property=\"og:site_name\" content=\":: Blog dla firm - szkolenia, zarz\u0105dzanie zespo\u0142em, team building\" \/>\n<meta property=\"article:published_time\" content=\"2024-08-05T16:35:00+00:00\" \/>\n<meta property=\"article:modified_time\" content=\"2025-04-18T07:41:57+00:00\" \/>\n<meta property=\"og:image\" content=\"https:\/\/www.koronakarkonoszy.pl\/blog-dla-firm\/wp-content\/uploads\/2021\/07\/organizacja-imprez-integracyjnych.jpg\" \/>\n\t<meta property=\"og:image:width\" content=\"1920\" \/>\n\t<meta property=\"og:image:height\" content=\"1193\" \/>\n\t<meta property=\"og:image:type\" content=\"image\/jpeg\" \/>\n<meta name=\"author\" content=\"agnieszka\" \/>\n<meta name=\"twitter:card\" content=\"summary_large_image\" \/>\n<meta name=\"twitter:label1\" content=\"Verfasst von\" \/>\n\t<meta name=\"twitter:data1\" content=\"agnieszka\" \/>\n\t<meta name=\"twitter:label2\" content=\"Gesch\u00e4tzte Lesezeit\" \/>\n\t<meta name=\"twitter:data2\" content=\"16\u00a0Minuten\" \/>\n<script type=\"application\/ld+json\" class=\"yoast-schema-graph\">{\"@context\":\"https:\\\/\\\/schema.org\",\"@graph\":[{\"@type\":\"Article\",\"@id\":\"https:\\\/\\\/www.koronakarkonoszy.pl\\\/blog-dla-firm\\\/organizacja-imprez-integracyjnych\\\/#article\",\"isPartOf\":{\"@id\":\"https:\\\/\\\/www.koronakarkonoszy.pl\\\/blog-dla-firm\\\/organizacja-imprez-integracyjnych\\\/\"},\"author\":{\"name\":\"agnieszka\",\"@id\":\"https:\\\/\\\/www.koronakarkonoszy.pl\\\/blog-dla-firm\\\/#\\\/schema\\\/person\\\/c06752c3cb176906b455582ff7ef925e\"},\"headline\":\"Organizacja imprez integracyjnych \u2013 o czym musisz wiedzie\u0107?\",\"datePublished\":\"2024-08-05T16:35:00+00:00\",\"dateModified\":\"2025-04-18T07:41:57+00:00\",\"mainEntityOfPage\":{\"@id\":\"https:\\\/\\\/www.koronakarkonoszy.pl\\\/blog-dla-firm\\\/organizacja-imprez-integracyjnych\\\/\"},\"wordCount\":2791,\"image\":{\"@id\":\"https:\\\/\\\/www.koronakarkonoszy.pl\\\/blog-dla-firm\\\/organizacja-imprez-integracyjnych\\\/#primaryimage\"},\"thumbnailUrl\":\"https:\\\/\\\/www.koronakarkonoszy.pl\\\/blog-dla-firm\\\/wp-content\\\/uploads\\\/2021\\\/07\\\/organizacja-imprez-integracyjnych.jpg\",\"articleSection\":[\"Integracja\",\"Porady\",\"Team Building\"],\"inLanguage\":\"de\"},{\"@type\":\"WebPage\",\"@id\":\"https:\\\/\\\/www.koronakarkonoszy.pl\\\/blog-dla-firm\\\/organizacja-imprez-integracyjnych\\\/\",\"url\":\"https:\\\/\\\/www.koronakarkonoszy.pl\\\/blog-dla-firm\\\/organizacja-imprez-integracyjnych\\\/\",\"name\":\"Organizacja imprez integracyjnych dla firm | Korona Karkonoszy\",\"isPartOf\":{\"@id\":\"https:\\\/\\\/www.koronakarkonoszy.pl\\\/blog-dla-firm\\\/#website\"},\"primaryImageOfPage\":{\"@id\":\"https:\\\/\\\/www.koronakarkonoszy.pl\\\/blog-dla-firm\\\/organizacja-imprez-integracyjnych\\\/#primaryimage\"},\"image\":{\"@id\":\"https:\\\/\\\/www.koronakarkonoszy.pl\\\/blog-dla-firm\\\/organizacja-imprez-integracyjnych\\\/#primaryimage\"},\"thumbnailUrl\":\"https:\\\/\\\/www.koronakarkonoszy.pl\\\/blog-dla-firm\\\/wp-content\\\/uploads\\\/2021\\\/07\\\/organizacja-imprez-integracyjnych.jpg\",\"datePublished\":\"2024-08-05T16:35:00+00:00\",\"dateModified\":\"2025-04-18T07:41:57+00:00\",\"author\":{\"@id\":\"https:\\\/\\\/www.koronakarkonoszy.pl\\\/blog-dla-firm\\\/#\\\/schema\\\/person\\\/c06752c3cb176906b455582ff7ef925e\"},\"description\":\"Organizacja imprez integracyjnych dla firm w wyj\u0105tkowym miejscu. Kompleksowa obs\u0142uga i wiele atrakcji, by spe\u0142ni\u0107 oczekiwania ka\u017cdego zespo\u0142u.\",\"breadcrumb\":{\"@id\":\"https:\\\/\\\/www.koronakarkonoszy.pl\\\/blog-dla-firm\\\/organizacja-imprez-integracyjnych\\\/#breadcrumb\"},\"inLanguage\":\"de\",\"potentialAction\":[{\"@type\":\"ReadAction\",\"target\":[\"https:\\\/\\\/www.koronakarkonoszy.pl\\\/blog-dla-firm\\\/organizacja-imprez-integracyjnych\\\/\"]}]},{\"@type\":\"ImageObject\",\"inLanguage\":\"de\",\"@id\":\"https:\\\/\\\/www.koronakarkonoszy.pl\\\/blog-dla-firm\\\/organizacja-imprez-integracyjnych\\\/#primaryimage\",\"url\":\"https:\\\/\\\/www.koronakarkonoszy.pl\\\/blog-dla-firm\\\/wp-content\\\/uploads\\\/2021\\\/07\\\/organizacja-imprez-integracyjnych.jpg\",\"contentUrl\":\"https:\\\/\\\/www.koronakarkonoszy.pl\\\/blog-dla-firm\\\/wp-content\\\/uploads\\\/2021\\\/07\\\/organizacja-imprez-integracyjnych.jpg\",\"width\":1920,\"height\":1193,\"caption\":\"Organizacja imprez integracyjnych - catering\"},{\"@type\":\"BreadcrumbList\",\"@id\":\"https:\\\/\\\/www.koronakarkonoszy.pl\\\/blog-dla-firm\\\/organizacja-imprez-integracyjnych\\\/#breadcrumb\",\"itemListElement\":[{\"@type\":\"ListItem\",\"position\":1,\"name\":\"Strona g\u0142\u00f3wna\",\"item\":\"https:\\\/\\\/www.koronakarkonoszy.pl\\\/blog-dla-firm\\\/\"},{\"@type\":\"ListItem\",\"position\":2,\"name\":\"Organizacja imprez integracyjnych \u2013 o czym musisz wiedzie\u0107?\"}]},{\"@type\":\"WebSite\",\"@id\":\"https:\\\/\\\/www.koronakarkonoszy.pl\\\/blog-dla-firm\\\/#website\",\"url\":\"https:\\\/\\\/www.koronakarkonoszy.pl\\\/blog-dla-firm\\\/\",\"name\":\":: Blog dla firm - szkolenia, zarz\u0105dzanie zespo\u0142em, team building\",\"description\":\"\",\"potentialAction\":[{\"@type\":\"SearchAction\",\"target\":{\"@type\":\"EntryPoint\",\"urlTemplate\":\"https:\\\/\\\/www.koronakarkonoszy.pl\\\/blog-dla-firm\\\/?s={search_term_string}\"},\"query-input\":{\"@type\":\"PropertyValueSpecification\",\"valueRequired\":true,\"valueName\":\"search_term_string\"}}],\"inLanguage\":\"de\"},{\"@type\":\"Person\",\"@id\":\"https:\\\/\\\/www.koronakarkonoszy.pl\\\/blog-dla-firm\\\/#\\\/schema\\\/person\\\/c06752c3cb176906b455582ff7ef925e\",\"name\":\"agnieszka\",\"image\":{\"@type\":\"ImageObject\",\"inLanguage\":\"de\",\"@id\":\"https:\\\/\\\/www.koronakarkonoszy.pl\\\/blog-dla-firm\\\/wp-content\\\/litespeed\\\/avatar\\\/53ee7b676463f74d0aea1a09de3d003b.jpg?ver=1776841233\",\"url\":\"https:\\\/\\\/www.koronakarkonoszy.pl\\\/blog-dla-firm\\\/wp-content\\\/litespeed\\\/avatar\\\/53ee7b676463f74d0aea1a09de3d003b.jpg?ver=1776841233\",\"contentUrl\":\"https:\\\/\\\/www.koronakarkonoszy.pl\\\/blog-dla-firm\\\/wp-content\\\/litespeed\\\/avatar\\\/53ee7b676463f74d0aea1a09de3d003b.jpg?ver=1776841233\",\"caption\":\"agnieszka\"},\"url\":\"https:\\\/\\\/www.koronakarkonoszy.pl\\\/blog-dla-firm\\\/de\\\/author\\\/agnieszka\\\/\"}]}<\/script>\n<!-- \/ Yoast SEO Premium plugin. -->","yoast_head_json":{"title":"Organizacja imprez integracyjnych dla firm | Korona Karkonoszy","description":"Organizacja imprez integracyjnych dla firm w wyj\u0105tkowym miejscu. Kompleksowa obs\u0142uga i wiele atrakcji, by spe\u0142ni\u0107 oczekiwania ka\u017cdego zespo\u0142u.","robots":{"index":"index","follow":"follow","max-snippet":"max-snippet:-1","max-image-preview":"max-image-preview:large","max-video-preview":"max-video-preview:-1"},"canonical":"https:\/\/www.koronakarkonoszy.pl\/blog-dla-firm\/de\/organisation-von-integrationsveranstaltungen-was-sie-wissen-mussen\/","og_locale":"de_DE","og_type":"article","og_title":"Organizacja imprez integracyjnych \u2013 o czym musisz wiedzie\u0107?","og_description":"Organizacja imprez integracyjnych dla firm w wyj\u0105tkowym miejscu. Kompleksowa obs\u0142uga i wiele atrakcji, by spe\u0142ni\u0107 oczekiwania ka\u017cdego zespo\u0142u.","og_url":"https:\/\/www.koronakarkonoszy.pl\/blog-dla-firm\/de\/organisation-von-integrationsveranstaltungen-was-sie-wissen-mussen\/","og_site_name":":: Blog dla firm - szkolenia, zarz\u0105dzanie zespo\u0142em, team building","article_published_time":"2024-08-05T16:35:00+00:00","article_modified_time":"2025-04-18T07:41:57+00:00","og_image":[{"width":1920,"height":1193,"url":"https:\/\/www.koronakarkonoszy.pl\/blog-dla-firm\/wp-content\/uploads\/2021\/07\/organizacja-imprez-integracyjnych.jpg","type":"image\/jpeg"}],"author":"agnieszka","twitter_card":"summary_large_image","twitter_misc":{"Verfasst von":"agnieszka","Gesch\u00e4tzte Lesezeit":"16\u00a0Minuten"},"schema":{"@context":"https:\/\/schema.org","@graph":[{"@type":"Article","@id":"https:\/\/www.koronakarkonoszy.pl\/blog-dla-firm\/organizacja-imprez-integracyjnych\/#article","isPartOf":{"@id":"https:\/\/www.koronakarkonoszy.pl\/blog-dla-firm\/organizacja-imprez-integracyjnych\/"},"author":{"name":"agnieszka","@id":"https:\/\/www.koronakarkonoszy.pl\/blog-dla-firm\/#\/schema\/person\/c06752c3cb176906b455582ff7ef925e"},"headline":"Organizacja imprez integracyjnych \u2013 o czym musisz wiedzie\u0107?","datePublished":"2024-08-05T16:35:00+00:00","dateModified":"2025-04-18T07:41:57+00:00","mainEntityOfPage":{"@id":"https:\/\/www.koronakarkonoszy.pl\/blog-dla-firm\/organizacja-imprez-integracyjnych\/"},"wordCount":2791,"image":{"@id":"https:\/\/www.koronakarkonoszy.pl\/blog-dla-firm\/organizacja-imprez-integracyjnych\/#primaryimage"},"thumbnailUrl":"https:\/\/www.koronakarkonoszy.pl\/blog-dla-firm\/wp-content\/uploads\/2021\/07\/organizacja-imprez-integracyjnych.jpg","articleSection":["Integracja","Porady","Team Building"],"inLanguage":"de"},{"@type":"WebPage","@id":"https:\/\/www.koronakarkonoszy.pl\/blog-dla-firm\/organizacja-imprez-integracyjnych\/","url":"https:\/\/www.koronakarkonoszy.pl\/blog-dla-firm\/organizacja-imprez-integracyjnych\/","name":"Organizacja imprez integracyjnych dla firm | Korona Karkonoszy","isPartOf":{"@id":"https:\/\/www.koronakarkonoszy.pl\/blog-dla-firm\/#website"},"primaryImageOfPage":{"@id":"https:\/\/www.koronakarkonoszy.pl\/blog-dla-firm\/organizacja-imprez-integracyjnych\/#primaryimage"},"image":{"@id":"https:\/\/www.koronakarkonoszy.pl\/blog-dla-firm\/organizacja-imprez-integracyjnych\/#primaryimage"},"thumbnailUrl":"https:\/\/www.koronakarkonoszy.pl\/blog-dla-firm\/wp-content\/uploads\/2021\/07\/organizacja-imprez-integracyjnych.jpg","datePublished":"2024-08-05T16:35:00+00:00","dateModified":"2025-04-18T07:41:57+00:00","author":{"@id":"https:\/\/www.koronakarkonoszy.pl\/blog-dla-firm\/#\/schema\/person\/c06752c3cb176906b455582ff7ef925e"},"description":"Organizacja imprez integracyjnych dla firm w wyj\u0105tkowym miejscu. Kompleksowa obs\u0142uga i wiele atrakcji, by spe\u0142ni\u0107 oczekiwania ka\u017cdego zespo\u0142u.","breadcrumb":{"@id":"https:\/\/www.koronakarkonoszy.pl\/blog-dla-firm\/organizacja-imprez-integracyjnych\/#breadcrumb"},"inLanguage":"de","potentialAction":[{"@type":"ReadAction","target":["https:\/\/www.koronakarkonoszy.pl\/blog-dla-firm\/organizacja-imprez-integracyjnych\/"]}]},{"@type":"ImageObject","inLanguage":"de","@id":"https:\/\/www.koronakarkonoszy.pl\/blog-dla-firm\/organizacja-imprez-integracyjnych\/#primaryimage","url":"https:\/\/www.koronakarkonoszy.pl\/blog-dla-firm\/wp-content\/uploads\/2021\/07\/organizacja-imprez-integracyjnych.jpg","contentUrl":"https:\/\/www.koronakarkonoszy.pl\/blog-dla-firm\/wp-content\/uploads\/2021\/07\/organizacja-imprez-integracyjnych.jpg","width":1920,"height":1193,"caption":"Organizacja imprez integracyjnych - catering"},{"@type":"BreadcrumbList","@id":"https:\/\/www.koronakarkonoszy.pl\/blog-dla-firm\/organizacja-imprez-integracyjnych\/#breadcrumb","itemListElement":[{"@type":"ListItem","position":1,"name":"Strona g\u0142\u00f3wna","item":"https:\/\/www.koronakarkonoszy.pl\/blog-dla-firm\/"},{"@type":"ListItem","position":2,"name":"Organizacja imprez integracyjnych \u2013 o czym musisz wiedzie\u0107?"}]},{"@type":"WebSite","@id":"https:\/\/www.koronakarkonoszy.pl\/blog-dla-firm\/#website","url":"https:\/\/www.koronakarkonoszy.pl\/blog-dla-firm\/","name":":: Blog f\u00fcr Unternehmen \u2013 Schulung, Teammanagement, Teambuilding","description":"","potentialAction":[{"@type":"SearchAction","target":{"@type":"EntryPoint","urlTemplate":"https:\/\/www.koronakarkonoszy.pl\/blog-dla-firm\/?s={search_term_string}"},"query-input":{"@type":"PropertyValueSpecification","valueRequired":true,"valueName":"search_term_string"}}],"inLanguage":"de"},{"@type":"Person","@id":"https:\/\/www.koronakarkonoszy.pl\/blog-dla-firm\/#\/schema\/person\/c06752c3cb176906b455582ff7ef925e","name":"Agnes","image":{"@type":"ImageObject","inLanguage":"de","@id":"https:\/\/www.koronakarkonoszy.pl\/blog-dla-firm\/wp-content\/litespeed\/avatar\/53ee7b676463f74d0aea1a09de3d003b.jpg?ver=1776841233","url":"https:\/\/www.koronakarkonoszy.pl\/blog-dla-firm\/wp-content\/litespeed\/avatar\/53ee7b676463f74d0aea1a09de3d003b.jpg?ver=1776841233","contentUrl":"https:\/\/www.koronakarkonoszy.pl\/blog-dla-firm\/wp-content\/litespeed\/avatar\/53ee7b676463f74d0aea1a09de3d003b.jpg?ver=1776841233","caption":"agnieszka"},"url":"https:\/\/www.koronakarkonoszy.pl\/blog-dla-firm\/de\/author\/agnieszka\/"}]}},"_links":{"self":[{"href":"https:\/\/www.koronakarkonoszy.pl\/blog-dla-firm\/de\/wp-json\/wp\/v2\/posts\/649","targetHints":{"allow":["GET"]}}],"collection":[{"href":"https:\/\/www.koronakarkonoszy.pl\/blog-dla-firm\/de\/wp-json\/wp\/v2\/posts"}],"about":[{"href":"https:\/\/www.koronakarkonoszy.pl\/blog-dla-firm\/de\/wp-json\/wp\/v2\/types\/post"}],"author":[{"embeddable":true,"href":"https:\/\/www.koronakarkonoszy.pl\/blog-dla-firm\/de\/wp-json\/wp\/v2\/users\/11"}],"replies":[{"embeddable":true,"href":"https:\/\/www.koronakarkonoszy.pl\/blog-dla-firm\/de\/wp-json\/wp\/v2\/comments?post=649"}],"version-history":[{"count":7,"href":"https:\/\/www.koronakarkonoszy.pl\/blog-dla-firm\/de\/wp-json\/wp\/v2\/posts\/649\/revisions"}],"predecessor-version":[{"id":10488,"href":"https:\/\/www.koronakarkonoszy.pl\/blog-dla-firm\/de\/wp-json\/wp\/v2\/posts\/649\/revisions\/10488"}],"wp:featuredmedia":[{"embeddable":true,"href":"https:\/\/www.koronakarkonoszy.pl\/blog-dla-firm\/de\/wp-json\/wp\/v2\/media\/652"}],"wp:attachment":[{"href":"https:\/\/www.koronakarkonoszy.pl\/blog-dla-firm\/de\/wp-json\/wp\/v2\/media?parent=649"}],"wp:term":[{"taxonomy":"category","embeddable":true,"href":"https:\/\/www.koronakarkonoszy.pl\/blog-dla-firm\/de\/wp-json\/wp\/v2\/categories?post=649"}],"curies":[{"name":"wp","href":"https:\/\/api.w.org\/{rel}","templated":true}]}}