{"id":2555,"date":"2023-11-09T17:25:19","date_gmt":"2023-11-09T16:25:19","guid":{"rendered":"https:\/\/www.koronakarkonoszy.pl\/blog-dla-firm\/?p=2555"},"modified":"2024-12-11T11:12:09","modified_gmt":"2024-12-11T10:12:09","slug":"wieczor-integracyjny","status":"publish","type":"post","link":"https:\/\/www.koronakarkonoszy.pl\/blog-dla-firm\/de\/wieczor-integracyjny\/","title":{"rendered":"Integrationsabend: Ein paar bew\u00e4hrte Szenarien"},"content":{"rendered":"\n<p>Jeste\u015b zm\u0119czony tradycyjnymi, nudnymi imprezami firmowymi, kt\u00f3re bardziej kojarz\u0105 si\u0119 z przykrym obowi\u0105zkiem ni\u017c \u015bwi\u0119towaniem? Je\u015bli odpowiedzia\u0142e\u015b twierdz\u0105co na powy\u017csze pytanie, skorzystaj z naszych wskaz\u00f3wek. Zobacz, jak zorganizowa\u0107 wiecz\u00f3r integracyjny, kt\u00f3ry poprawi relacje mi\u0119dzy pracownikami!<\/p>\n\n\n<div id=\"ariadna-block_6ee01bb832def57c9c86710104944fd5\" class=\"ariadna\">\n    <ul><li><a href=\"#ha-wieczor-integracyjny-co-to-takiego\">Wiecz\u00f3r integracyjny \u2013 co to takiego?<\/a><\/li><li><a href=\"#h-event-integracyjny\">Event integracyjny<\/a><\/li><li><a href=\"#h-jak-wybrac-motyw-przewodni-imprezy\">Jak wybra\u0107 motyw przewodni imprezy?<\/a><\/li><li><a href=\"#h-organizacja-wieczoru-integracyjnego\">Organizacja wieczoru integracyjnego<\/a><\/li><li><a href=\"#ha-gdzie-urzadzic-wieczor-integracyjny\">Gdzie urz\u0105dzi\u0107 wiecz\u00f3r integracyjny?<\/a><\/li><li><a href=\"#h-kilka-pomyslow-na-wieczor-integracyjny\">Kilka pomys\u0142\u00f3w na wiecz\u00f3r integracyjny<\/a><\/li><li><a href=\"#ha-miejsce-na-wyjazd-integracyjny-dolny-slask\">Miejsce na wyjazd integracyjny Dolny \u015al\u0105sk<\/a><\/li><li><a href=\"#ha-wieczor-integracyjny-przy-ognisku\">Wiecz\u00f3r integracyjny przy ognisku<\/a><\/li><\/ul>\n<\/div>\n\n\n\n\n\n\n<figure class=\"wp-block-image size-large is-resized\"><a href=\"https:\/\/www.koronakarkonoszy.pl\/konfigurator-imprez\/\" target=\"_blank\" rel=\"noreferrer noopener\"><img loading=\"lazy\" decoding=\"async\" width=\"1024\" height=\"510\" src=\"https:\/\/www.koronakarkonoszy.pl\/blog-dla-firm\/wp-content\/uploads\/2023\/11\/DKK-konfigurator_01-1024x510.jpg\" alt=\"Konfigurator imprez firmowych agencji eventowej Dw\u00f3r Korona Karkonoszy\" class=\"wp-image-7804\" style=\"width:855px;height:auto\" title=\"Konfigurator imprez firmowych agencji eventowej \" srcset=\"https:\/\/www.koronakarkonoszy.pl\/blog-dla-firm\/wp-content\/uploads\/2023\/11\/DKK-konfigurator_01-1024x510.jpg 1024w, https:\/\/www.koronakarkonoszy.pl\/blog-dla-firm\/wp-content\/uploads\/2023\/11\/DKK-konfigurator_01-300x150.jpg 300w, https:\/\/www.koronakarkonoszy.pl\/blog-dla-firm\/wp-content\/uploads\/2023\/11\/DKK-konfigurator_01-768x383.jpg 768w, https:\/\/www.koronakarkonoszy.pl\/blog-dla-firm\/wp-content\/uploads\/2023\/11\/DKK-konfigurator_01-1920x957.jpg 1920w, https:\/\/www.koronakarkonoszy.pl\/blog-dla-firm\/wp-content\/uploads\/2023\/11\/DKK-konfigurator_01-1536x766.jpg 1536w, https:\/\/www.koronakarkonoszy.pl\/blog-dla-firm\/wp-content\/uploads\/2023\/11\/DKK-konfigurator_01-18x9.jpg 18w, https:\/\/www.koronakarkonoszy.pl\/blog-dla-firm\/wp-content\/uploads\/2023\/11\/DKK-konfigurator_01.jpg 2040w\" sizes=\"auto, (max-width: 1024px) 100vw, 1024px\" \/><\/a><\/figure>\n\n\n\n<h2 class=\"wp-block-heading\" id=\"ha-wieczor-integracyjny-co-to-takiego\">Wiecz\u00f3r integracyjny \u2013 co to takiego?<\/h2>\n\n\n\n<p>Wiecz\u00f3r integracyjny to wydarzenie lub spotkanie, kt\u00f3re ma na celu zacie\u015bnienie relacji mi\u0119dzy uczestnikami oraz promowanie wsp\u00f3\u0142pracy i <a href=\"https:\/\/www.koronakarkonoszy.pl\/blog-dla-firm\/integracja-firmowa-sprawdzone-pomysly-na-kazda-pore-roku\/\" target=\"_blank\" rel=\"noreferrer noopener\">integracji w grupie<\/a>. Tego rodzaju wydarzenie jest cz\u0119sto organizowane w kontek\u015bcie pracy, w szkole lub w innych grupach, gdzie wa\u017cne jest budowanie pozytywnych relacji mi\u0119dzy uczestnikami. Podczas wieczoru integracyjnego mog\u0105 by\u0107 realizowane r\u00f3\u017cnego rodzaju aktywno\u015bci, kt\u00f3re pomagaj\u0105 uczestnikom lepiej si\u0119 pozna\u0107, wsp\u00f3\u0142pracowa\u0107 i nawi\u0105zywa\u0107 nowe kontakty.<\/p>\n\n\n<section id=\"leonardo-block_54673844757b354957ffaad0ad53d216\" class=\"leonardo page-breaker leonardo-image-left\">\n    <div class=\"leonardo-body\">\n        <h2 class=\"leonardo-title\" id=\"h-event-integracyjny\">Event integracyjny <\/h2>        <div class=\"leonardo-content\"><p>Imprezy integracyjne to wa\u017cny element budowy wizerunku pracodawcy. Pokazuj\u0105, \u017ce firmie zale\u017cy na za\u0142odze, \u017ce wysi\u0142ki pracownik\u00f3w s\u0105 doceniane, a atmosfera w pracy jest przedmiotem troski pracodawcy.\u00a0 Dlatego nale\u017cy regularnie organizowa\u0107 integracyjne imprezy firmowe.<\/p>\n<p>Tego typu spotkania integracyjne pracownik\u00f3w mog\u0105 obejmowa\u0107 r\u00f3\u017cnego rodzaju gry, kt\u00f3re sprzyjaj\u0105 komunikacji, wsp\u00f3\u0142pracy i rywalizacji w pozytywny spos\u00f3b. Przyk\u0142ady to gry planszowe, \u0142amig\u0142\u00f3wki, konkursy czy zabawy zespo\u0142owe \u2013 na przyk\u0142ad nocne <a href=\"https:\/\/www.koronakarkonoszy.pl\/blog-dla-firm\/zabawy-terenowe\/\" target=\"_blank\" rel=\"noopener\">terenowe gry<\/a> integracyjne.<\/p>\n<p>Wiecz\u00f3r integracyjny mo\u017ce by\u0107 zorganizowany w okre\u015blonym stylu albo mo\u017ce to by\u0107 impreza z motywem \u2013 cho\u0107by <strong>kasyno<\/strong>. Mo\u017cna te\u017c wybra\u0107 jaki\u015b kolor, por\u0119 roku czy \u015bwi\u0119to.<\/p>\n<p>Wiecz\u00f3r integracyjny mo\u017ce by\u0107 urozmaicony muzyk\u0105 na \u017cywo, karaoke, czy konkursami tanecznymi. Tak\u017ce zorganizowanie warsztat\u00f3w kulinarnych &#8211; wsp\u00f3lnego gotowania lub pieczenia mo\u017ce sprzyja\u0107 budowaniu relacji w grupie. Taka <a href=\"https:\/\/www.koronakarkonoszy.pl\/blog-dla-firm\/integracja-pracownicza\/\" target=\"_blank\" rel=\"noopener\">integracja pracownik\u00f3w<\/a> firmy jest te\u017c okazj\u0105 do degustacji nowych smak\u00f3w, na przyk\u0142ad <a href=\"https:\/\/www.koronakarkonoszy.pl\/blog-dla-firm\/degustacja-piwa\/\" target=\"_blank\" rel=\"noopener\">piw rzemie\u015blniczych<\/a>.<\/p>\n<\/div>\n                    <aside class=\"leonardo-interlink\">\n                <b>Polecamy<\/b>\n                <a href=\"https:\/\/www.koronakarkonoszy.pl\/blog-dla-firm\/de\/maszyna-goldberga\/\">Maszyna Goldberga event z ni\u0105 przejdzie do historii!<\/a>\n            <\/aside>\n            <\/div>\n    <div class=\"leonardo-image\">\n        <img loading=\"lazy\" decoding=\"async\" width=\"1500\" height=\"2000\" src=\"https:\/\/www.koronakarkonoszy.pl\/blog-dla-firm\/wp-content\/uploads\/2022\/03\/kasyno7.jpg\" class=\"attachment-full size-full\" alt=\"Atrakcje na imprezy firmowe, kasyno, Dw\u00f3r Korona Karkonoszy, Sosn\u00f3wka ko\u0142o Karpacza\" srcset=\"https:\/\/www.koronakarkonoszy.pl\/blog-dla-firm\/wp-content\/uploads\/2022\/03\/kasyno7.jpg 1500w, https:\/\/www.koronakarkonoszy.pl\/blog-dla-firm\/wp-content\/uploads\/2022\/03\/kasyno7-225x300.jpg 225w, https:\/\/www.koronakarkonoszy.pl\/blog-dla-firm\/wp-content\/uploads\/2022\/03\/kasyno7-768x1024.jpg 768w, https:\/\/www.koronakarkonoszy.pl\/blog-dla-firm\/wp-content\/uploads\/2022\/03\/kasyno7-1440x1920.jpg 1440w, https:\/\/www.koronakarkonoszy.pl\/blog-dla-firm\/wp-content\/uploads\/2022\/03\/kasyno7-1152x1536.jpg 1152w, https:\/\/www.koronakarkonoszy.pl\/blog-dla-firm\/wp-content\/uploads\/2022\/03\/kasyno7-9x12.jpg 9w\" sizes=\"auto, (max-width: 1500px) 100vw, 1500px\" \/>            <\/div>\n<\/section>\n\n\n<p>Wiecz\u00f3r integracyjny ma na celu stworzenie nieformalnej atmosfery, w kt\u00f3rej uczestnicy mog\u0105 si\u0119 swobodnie komunikowa\u0107 i nawi\u0105zywa\u0107 nowe kontakty. Jest to r\u00f3wnie\u017c doskona\u0142a okazja do wzmocnienia wi\u0119zi w grupie, budowania zaufania i zwi\u0119kszenia <a href=\"https:\/\/www.koronakarkonoszy.pl\/blog-dla-firm\/motywacja-zespolu\/\" target=\"_blank\" rel=\"noreferrer noopener\">motywacji zespo\u0142u<\/a>.<\/p>\n\n\n\n<figure class=\"wp-block-image size-large\"><a href=\"https:\/\/www.koronakarkonoszy.pl\/imprezy-firmowe\/\" target=\"_blank\" rel=\"noreferrer noopener\"><img loading=\"lazy\" decoding=\"async\" width=\"1024\" height=\"512\" src=\"https:\/\/www.koronakarkonoszy.pl\/blog-dla-firm\/wp-content\/uploads\/2021\/07\/agencja_eventowa_DKK-2-1024x512.jpg\" alt=\"\" class=\"wp-image-3471\" srcset=\"https:\/\/www.koronakarkonoszy.pl\/blog-dla-firm\/wp-content\/uploads\/2021\/07\/agencja_eventowa_DKK-2-1024x512.jpg 1024w, https:\/\/www.koronakarkonoszy.pl\/blog-dla-firm\/wp-content\/uploads\/2021\/07\/agencja_eventowa_DKK-2-300x150.jpg 300w, https:\/\/www.koronakarkonoszy.pl\/blog-dla-firm\/wp-content\/uploads\/2021\/07\/agencja_eventowa_DKK-2-768x384.jpg 768w, https:\/\/www.koronakarkonoszy.pl\/blog-dla-firm\/wp-content\/uploads\/2021\/07\/agencja_eventowa_DKK-2.jpg 1200w\" sizes=\"auto, (max-width: 1024px) 100vw, 1024px\" \/><\/a><\/figure>\n\n\n\n<h2 class=\"wp-block-heading\" id=\"h-jak-wybrac-motyw-przewodni-imprezy\"><a><\/a>Jak wybra\u0107 motyw przewodni imprezy?<\/h2>\n\n\n\n<p>Wyb\u00f3r <strong>motywu przewodniego imprezy<\/strong> mo\u017ce nada\u0107 wydarzeniu charakter i je urozmaici\u0107, co przyczyni si\u0119 do wi\u0119kszej atrakcyjno\u015bci eventu. Zastanawiasz si\u0119, sk\u0105d czerpa\u0107 inspiracje na niezapomnian\u0105 <a href=\"https:\/\/www.koronakarkonoszy.pl\/blog-dla-firm\/co-zrobic-zeby-impreza-integracyjna-dla-pracownikow-byla-udana\/\" target=\"_blank\" rel=\"noreferrer noopener\">imprez\u0119 integracyjn\u0105<\/a>? Zajrzyj na blogi firmowe, Facebook, Instagrama i Pinteresta, aby zobaczy\u0107, jak poradzili sobie z tym wyzwaniem inni przedsi\u0119biorcy. Zobacz, jakie&nbsp;<a href=\"https:\/\/www.koronakarkonoszy.pl\/blog-dla-firm\/motywy-na-impreze\/\" target=\"_blank\" rel=\"noreferrer noopener\">motywy na imprez\u0119<\/a>&nbsp;ciesz\u0105 si\u0119 obecnie najwi\u0119ksz\u0105 popularno\u015bci\u0105. Mo\u017cesz r\u00f3wnie\u017c zainicjowa\u0107 dyskusj\u0119 na temat wyzwa\u0144 zwi\u0105zanych z <a href=\"https:\/\/www.koronakarkonoszy.pl\/blog-dla-firm\/organizacja-imprez-firmowych-krok-po-kroku\/\" target=\"_blank\" rel=\"noreferrer noopener\">organizacj\u0105<\/a> event\u00f3w. Zapytaj, jakie b\u0142\u0119dy pope\u0142nili <a href=\"https:\/\/www.koronakarkonoszy.pl\/blog-dla-firm\/organizator-imprez-firmowych-zakres-obowiazkow\/\" target=\"_blank\" rel=\"noreferrer noopener\">organizatorzy<\/a> i jak sobie z nimi poradzili. W ten spos\u00f3b dowiesz si\u0119, jak sobie radzi\u0107 w kryzysowych sytuacjach.<\/p>\n\n\n\n<style>\n    .cta_block{\n        margin: 1.5em 0;\n    }\n    .cta_block_content {\n        position: relative;\n        color: white;\n        padding: 1em;\n    }\n    .cta_block_content h3{\n        text-align: center;\n        font: normal normal normal 36px\/50px Yeseva One;\n    }\n    .cta_block_content .cta_block_desc{\n        text-align: center;\n        font-size: 1.1em;\n        position: relative;\n    }\n    .cta_block_content .cta_block_desc:before {\n        content: '';\n        width: 80px;\n        height: 4px;\n        background: #EEB315;\n        position: absolute;\n        left: 0;\n        right: 0;\n        margin-left: auto;\n        margin-right: auto;\n        top: -22px;\n    }\n\n    .cta_block_content picture{\n        position: absolute;\n        top: 0;\n        right: 0;\n        z-index: -1;\n        height: 100%;\n        overflow: hidden;\n        width: 100%;\n    }\n    .cta_block_content picture img{\n        object-fit: cover;\n        height: 100%;\n        width: 100%;\n    }\n    .cta_block .cta_block_content .ninja-forms-field{\n        background: #FFFFFF2F;\n        border: 1px solid #EEB315;\n        border-radius: 25px;\n        opacity: 1;\n        color: #ffffff;\n    }\n    .cta_block .cta_block_content .nf-form-content input[type=submit]{\n        background-color: #EEB315;\n        color: #292929;\n        text-align: center;\n        font: normal normal bold 14px\/20px Work Sans;\n        padding: 0 2em;\n    }\n\n    .cta_block ::placeholder{\n        color: white!important;\n        opacity: 1;\n    }\n\n    .cta_block_content::after {\n        height: 100%;\n        width: 100%;\n        content: \"\";\n        z-index: -1;\n        position: absolute;\n        top: 0;\n        background: #00000070;\n        right: 0;\n        left: 0;\n        bottom: 0;\n    }\n    #ha-cta-block, .cta_block_desc, .cta_block .nf-field-label, .cta_block .nf-error-msg {\n        filter: drop-shadow(1px 1px 8px black);\n    }\n\n\/*    .cta_block nf-rows-wrap {\n        display: flex;\n        justify-content: space-around;\n        flex-direction: row;\n    }*\/\n\n    .cta_block .nf-field-label {\n        display:none;\n    }\n\n    .cta_block .nf-error.field-wrap .nf-field-element::after {\n        border-radius: 50px;\n    }\n\n    .cta_block .nf-error-msg {\n        color: #fff;\n    }\n\n    .cta_block .nf-form-cont {\n        margin-top: 3em;\n        margin-bottom: 1em;\n    }\n\n    .wp-admin .cta_block_content{\n        display: none;\n    }\n    .cta_block .nf-form-fields-required {\n        display: none;\n    }\n    body:not(.wp-admin) .cta_block_admin {\n        display: none;\n    }\n<\/style>\n<div id=\"cta_block-block_90594e32b806461d973181b285c94d97\" class=\"cta_block\">\n    <div class=\"cta_block_admin\" style=\"background-color: blue; color: white\">\n        Blok CTA\n    <\/div>\n    <div class=\"cta_block\">\n        <div class=\"cta_block_content\">   \n        <h3 id=\"ha-zastanawiasz-sie-jak-przygotowac-dobry-scenariusz-imprezy\">Zastanawiasz si\u0119, jak przygotowa\u0107 dobry scenariusz imprezy?<\/h3>\n                    <div class=\"cta_block_desc\">Zaplanujemy event na miar\u0119 Twoich marze\u0144!<\/div>\n                <noscript class=\"ninja-forms-noscript-message\">\n\tHinweis: F\u00fcr diesen Inhalt ist JavaScript erforderlich.<\/noscript>\n<div id=\"nf-form-3-cont\" class=\"nf-form-cont\" aria-live=\"polite\" aria-labelledby=\"nf-form-title-3\" aria-describedby=\"nf-form-errors-3\" role=\"form\">\n\n    <div class=\"nf-loading-spinner\"><\/div>\n\n<\/div>\n        <!-- That data is being printed as a workaround to page builders reordering the order of the scripts loaded-->\n        <script>var formDisplay=1;var nfForms=nfForms||[];var form=[];form.id='3';form.settings={\"objectType\":\"Form Setting\",\"editActive\":true,\"title\":\"Block CTA\",\"created_at\":\"2022-11-09 19:27:14\",\"default_label_pos\":\"above\",\"show_title\":0,\"clear_complete\":\"1\",\"hide_complete\":\"1\",\"logged_in\":\"\",\"wrapper_class\":\"\",\"element_class\":\"\",\"key\":\"\",\"add_submit\":\"0\",\"currency\":\"\",\"repeatable_fieldsets\":\"\",\"unique_field_error\":\"Formularz z t\\u0105 warto\\u015bci\\u0105 zosta\\u0142 ju\\u017c przes\\u0142any.\",\"not_logged_in_msg\":\"\",\"sub_limit_msg\":\"Formularz osi\\u0105gn\\u0105\\u0142 limit wys\\u0142a\\u0144.\",\"calculations\":[],\"container_styles_show_advanced_css\":\"0\",\"title_styles_show_advanced_css\":\"0\",\"row_styles_show_advanced_css\":\"0\",\"row-odd_styles_show_advanced_css\":\"0\",\"success-msg_styles_show_advanced_css\":\"0\",\"error_msg_styles_show_advanced_css\":\"0\",\"formContentData\":[{\"order\":1,\"cells\":[{\"order\":0,\"fields\":[\"phone_1640098275087\"],\"width\":35},{\"order\":1,\"fields\":[\"adres_e-mail_1668018487177\"],\"width\":35},{\"order\":2,\"fields\":[\"zapisz_mnie_1668018472281\"],\"width\":30}]}],\"conditions\":[],\"drawerDisabled\":false,\"allow_public_link\":0,\"embed_form\":\"\",\"changeEmailErrorMsg\":\"Bitte gib eine g\\u00fcltige E-Mail-Adresse ein.\",\"changeDateErrorMsg\":\"Bitte gib ein g\\u00fcltiges Datum ein!\",\"confirmFieldErrorMsg\":\"Diese Felder m\\u00fcssen \\u00fcbereinstimmen!\",\"fieldNumberNumMinError\":\"Die eingegebene Zahl ist zu klein.\",\"fieldNumberNumMaxError\":\"Die eingegebene Zahl ist zu gross.\",\"fieldNumberIncrementBy\":\"Bitte erh\\u00f6hen in Schritten von\",\"formErrorsCorrectErrors\":\"Bitte korrigiere die Fehler, bevor du das Formular sendest.\",\"validateRequiredField\":\"Dies ist ein Pflichtfeld.\",\"honeypotHoneypotError\":\"Honeypot-Fehler\",\"fieldsMarkedRequired\":\"Felder mit einem <span class=\\\"ninja-forms-req-symbol\\\">*<\\\/span> sind Pflichtfelder\",\"form_title_heading_level\":\"3\",\"ninjaForms\":\"Ninja Forms\",\"fieldTextareaRTEInsertLink\":\"Link einf\\u00fcgen\",\"fieldTextareaRTEInsertMedia\":\"Medien einf\\u00fcgen\",\"fieldTextareaRTESelectAFile\":\"Eine Datei ausw\\u00e4hlen\",\"formHoneypot\":\"Falls du ein Mensch bist und dieses Feld siehst, dann lasse es bitte leer.\",\"fileUploadOldCodeFileUploadInProgress\":\"Datei-Upload l\\u00e4uft.\",\"fileUploadOldCodeFileUpload\":\"DATEI-UPLOAD\",\"currencySymbol\":\"&#36;\",\"thousands_sep\":\".\",\"decimal_point\":\",\",\"siteLocale\":\"de_DE\",\"dateFormat\":\"m\\\/d\\\/Y\",\"startOfWeek\":\"1\",\"of\":\"von\",\"previousMonth\":\"Vorheriger Monat\",\"nextMonth\":\"N\\u00e4chster Monat\",\"months\":[\"Januar\",\"Februar\",\"M\\u00e4rz\",\"April\",\"Mai\",\"Juni\",\"Juli\",\"August\",\"September\",\"Oktober\",\"November\",\"Dezember\"],\"monthsShort\":[\"Jan.\",\"Feb.\",\"M\\u00e4rz\",\"Apr.\",\"Mai\",\"Juni\",\"Juli\",\"Aug\",\"Sep.\",\"Okt.\",\"Nov.\",\"Dez.\"],\"weekdays\":[\"Sonntag\",\"Montag\",\"Dienstag\",\"Mittwoch\",\"Donnerstag\",\"Freitag\",\"Samstag\"],\"weekdaysShort\":[\"So.\",\"Mo.\",\"Di.\",\"Mi.\",\"Do.\",\"Fr.\",\"Sa.\"],\"weekdaysMin\":[\"So.\",\"Mo.\",\"Di.\",\"Mi.\",\"Do.\",\"Fr.\",\"Sa.\"],\"recaptchaConsentMissing\":\"reCaptcha validation couldn&#039;t load.\",\"recaptchaMissingCookie\":\"reCaptcha v3 validation couldn&#039;t load the cookie needed to submit the form.\",\"recaptchaConsentEvent\":\"Accept reCaptcha cookies before sending the form.\",\"currency_symbol\":\"\",\"beforeForm\":\"\",\"beforeFields\":\"\",\"afterFields\":\"\",\"afterForm\":\"\"};form.fields=[{\"objectType\":\"Field\",\"objectDomain\":\"fields\",\"editActive\":false,\"order\":1,\"idAttribute\":\"id\",\"type\":\"phone\",\"label\":\"Numer telefonu\",\"key\":\"phone_1640098275087\",\"label_pos\":\"above\",\"required\":\"\",\"default\":\"\",\"placeholder\":\"Numer telefonu\",\"container_class\":\"\",\"element_class\":\"\",\"input_limit\":\"\",\"input_limit_type\":\"characters\",\"input_limit_msg\":\"Liczba pozosta\\u0142ych znak\\u00f3w:\",\"manual_key\":\"\",\"admin_label\":\"\",\"help_text\":\"\",\"mask\":\"\",\"custom_mask\":\"\",\"custom_name_attribute\":\"phone\",\"personally_identifiable\":1,\"wrap_styles_border\":\"\",\"wrap_styles_width\":\"\",\"wrap_styles_margin\":\"\",\"wrap_styles_padding\":\"\",\"wrap_styles_float\":\"\",\"wrap_styles_show_advanced_css\":0,\"label_styles_border\":\"\",\"label_styles_width\":\"\",\"label_styles_font-size\":\"\",\"label_styles_margin\":\"\",\"label_styles_padding\":\"\",\"label_styles_float\":\"\",\"label_styles_show_advanced_css\":0,\"element_styles_border\":\"\",\"element_styles_width\":\"\",\"element_styles_font-size\":\"\",\"element_styles_margin\":\"\",\"element_styles_padding\":\"\",\"element_styles_float\":\"\",\"element_styles_show_advanced_css\":0,\"cellcid\":\"c3398\",\"value\":\"\",\"drawerDisabled\":\"\",\"field_label\":\"Numer telefonu\",\"field_key\":\"phone_1640098275087\",\"id\":9,\"beforeField\":\"\",\"afterField\":\"\",\"parentType\":\"textbox\",\"element_templates\":[\"tel\",\"textbox\",\"input\"],\"old_classname\":\"\",\"wrap_template\":\"wrap\"},{\"objectType\":\"Field\",\"objectDomain\":\"fields\",\"editActive\":false,\"order\":2,\"idAttribute\":\"id\",\"type\":\"email\",\"label\":\"Adres e-mail\",\"key\":\"adres_e-mail_1668018487177\",\"label_pos\":\"above\",\"required\":\"\",\"default\":\"\",\"placeholder\":\"Adres e-mail\",\"container_class\":\"\",\"element_class\":\"\",\"admin_label\":\"\",\"help_text\":\"\",\"custom_name_attribute\":\"email\",\"personally_identifiable\":1,\"wrap_styles_border\":\"\",\"wrap_styles_width\":\"\",\"wrap_styles_margin\":\"\",\"wrap_styles_padding\":\"\",\"wrap_styles_float\":\"\",\"wrap_styles_show_advanced_css\":0,\"label_styles_border\":\"\",\"label_styles_width\":\"\",\"label_styles_font-size\":\"\",\"label_styles_margin\":\"\",\"label_styles_padding\":\"\",\"label_styles_float\":\"\",\"label_styles_show_advanced_css\":0,\"element_styles_border\":\"\",\"element_styles_width\":\"\",\"element_styles_font-size\":\"\",\"element_styles_margin\":\"\",\"element_styles_padding\":\"\",\"element_styles_float\":\"\",\"element_styles_show_advanced_css\":0,\"cellcid\":\"c3401\",\"value\":\"\",\"drawerDisabled\":false,\"field_label\":\"E-mail\",\"field_key\":\"email_1640098276066\",\"id\":10,\"beforeField\":\"\",\"afterField\":\"\",\"parentType\":\"email\",\"element_templates\":[\"email\",\"input\"],\"old_classname\":\"\",\"wrap_template\":\"wrap\"},{\"objectType\":\"Field\",\"objectDomain\":\"fields\",\"editActive\":false,\"order\":3,\"idAttribute\":\"id\",\"type\":\"submit\",\"label\":\"Zapisz mnie\",\"processing_label\":\"W trakcie realizacji\",\"container_class\":\"\",\"element_class\":\"\",\"key\":\"zapisz_mnie_1668018472281\",\"wrap_styles_border\":\"\",\"wrap_styles_width\":\"\",\"wrap_styles_margin\":\"\",\"wrap_styles_padding\":\"\",\"wrap_styles_float\":\"\",\"wrap_styles_show_advanced_css\":0,\"element_styles_border\":\"\",\"element_styles_width\":\"\",\"element_styles_font-size\":\"\",\"element_styles_margin\":\"\",\"element_styles_padding\":\"\",\"element_styles_float\":\"\",\"element_styles_show_advanced_css\":0,\"submit_element_hover_styles_border\":\"\",\"submit_element_hover_styles_width\":\"\",\"submit_element_hover_styles_font-size\":\"\",\"submit_element_hover_styles_margin\":\"\",\"submit_element_hover_styles_padding\":\"\",\"submit_element_hover_styles_float\":\"\",\"submit_element_hover_styles_show_advanced_css\":0,\"cellcid\":\"c3403\",\"drawerDisabled\":false,\"field_label\":\"Zamawiam rozmow\\u0119\",\"field_key\":\"zamawiam_rozmowe_1640098314862\",\"id\":8,\"beforeField\":\"\",\"afterField\":\"\",\"value\":\"\",\"label_pos\":\"above\",\"parentType\":\"textbox\",\"element_templates\":[\"submit\",\"button\",\"input\"],\"old_classname\":\"\",\"wrap_template\":\"wrap-no-label\"}];nfForms.push(form);<\/script>\n                <script id=\"nf-tmpl-cell\" type=\"text\/template\">\n            <nf-fields><\/nf-fields>\n        <\/script>\n\n        <script id=\"nf-tmpl-row\" type=\"text\/template\">\n            <nf-cells><\/nf-cells>\n        <\/script>\n\n                <img loading=\"lazy\" decoding=\"async\" width=\"1920\" height=\"1279\" src=\"https:\/\/www.koronakarkonoszy.pl\/blog-dla-firm\/wp-content\/uploads\/2021\/04\/karkonosze1.jpg\" class=\"attachment-full size-full\" alt=\"Panorama Karkonoszy\" srcset=\"https:\/\/www.koronakarkonoszy.pl\/blog-dla-firm\/wp-content\/uploads\/2021\/04\/karkonosze1.jpg 1920w, https:\/\/www.koronakarkonoszy.pl\/blog-dla-firm\/wp-content\/uploads\/2021\/04\/karkonosze1-300x200.jpg 300w, https:\/\/www.koronakarkonoszy.pl\/blog-dla-firm\/wp-content\/uploads\/2021\/04\/karkonosze1-1024x682.jpg 1024w, https:\/\/www.koronakarkonoszy.pl\/blog-dla-firm\/wp-content\/uploads\/2021\/04\/karkonosze1-768x512.jpg 768w, https:\/\/www.koronakarkonoszy.pl\/blog-dla-firm\/wp-content\/uploads\/2021\/04\/karkonosze1-1536x1023.jpg 1536w, https:\/\/www.koronakarkonoszy.pl\/blog-dla-firm\/wp-content\/uploads\/2021\/04\/karkonosze1-18x12.jpg 18w\" sizes=\"auto, (max-width: 1920px) 100vw, 1920px\" \/>        <\/div> \n    <\/div>\n<\/div>\n\n\n\n<p>Aktualne trendy, wydarzenia kulturalne lub sezonowe inspiracje te\u017c mog\u0105 dostarczy\u0107 pomys\u0142\u00f3w na motyw przewodni. Na przyk\u0142ad, \u015bwi\u0119ta mog\u0105 by\u0107 motywem dla imprezy organizowanej w okresie <a href=\"https:\/\/www.koronakarkonoszy.pl\/blog-dla-firm\/wigilia-firmowa-jak-gdzie-i-kiedy-zorganizowac-niezapomniana-impreze\/\" target=\"_blank\" rel=\"noreferrer noopener\">Wigilii<\/a>. Oczywi\u015bcie motyw przewodni powinien by\u0107 zgodny z charakterem imprezy. Na przyk\u0142ad wiecz\u00f3r integracyjny mo\u017ce mie\u0107 lu\u017aniejszy i zabawowy motyw, podczas gdy konferencja biznesowa powinna mie\u0107 bardziej profesjonalny charakter. Warto te\u017c zapyta\u0107 zaproszonych uczestnik\u00f3w o ich preferencje i oczekiwania wobec motywu imprezy. To pozwoli dostosowa\u0107 si\u0119 do ich zainteresowa\u0144 i gust\u00f3w.<\/p>\n\n\n<section id=\"leonardo-block_ac73893cc8db8809c1892d45a6fb2d85\" class=\"leonardo page-breaker leonardo-image-right\">\n    <div class=\"leonardo-body\">\n        <h2 class=\"leonardo-title\" id=\"h-organizacja-wieczoru-integracyjnego\">Organizacja wieczoru integracyjnego <\/h2>        <div class=\"leonardo-content\"><p><!-- wp:paragraph --><\/p>\n<p><a href=\"https:\/\/www.koronakarkonoszy.pl\/blog-dla-firm\/organizacja-imprez-integracyjnych-o-czym-musisz-wiedziec\/\" target=\"_blank\" rel=\"noopener\">Organizacja integracji firmowej<\/a> wymaga pewnej dozy kreatywno\u015bci. Mo\u017ce jakie\u015b nietypowe wydarzenia sprawdz\u0105 si\u0119 w naszej grupie? Na przyk\u0142ad <strong>relaksuj\u0105cy wyjazd integracyjny<\/strong> \u2013 hamaki i le\u017caki w ogrodzie, niespieszna degustacja regionalnej kuchni, wpatrywanie si\u0119 w okoliczne g\u00f3rskie szczyty i p\u0142on\u0105ce ognisko. Mo\u017cemy tego do\u015bwiadczy\u0107 w ogrodach Dworu Korona Karkonoszy w <a href=\"https:\/\/www.koronakarkonoszy.pl\/blog-dla-firm\/sosnowka-w-samym-sercu-karkonoszy\/\" target=\"_blank\" rel=\"noopener\">Sosn\u00f3wce<\/a> ko\u0142o Karpacza.<\/p>\n<p><!-- \/wp:paragraph --> <!-- wp:paragraph --><\/p>\n<p>Jak jeszcze mo\u017cna sp\u0119dzi\u0107 wiecz\u00f3r integracyjny? Mo\u017cna zaproponowa\u0107 za\u0142odze <a href=\"https:\/\/www.koronakarkonoszy.pl\/blog-dla-firm\/bal-firmowy\/\" target=\"_blank\" rel=\"noopener\">bal firmowy<\/a>,\u00a0 imprez\u0119 tematyczn\u0105 w <a href=\"https:\/\/www.koronakarkonoszy.pl\/blog-dla-firm\/impreza-w-stylu-lat-20\/\" target=\"_blank\" rel=\"noopener\">stylu lat 20<\/a>., wiecz\u00f3r filmowy <a href=\"https:\/\/www.koronakarkonoszy.pl\/blog-dla-firm\/impreza-tematyczna-hollywood\/\" target=\"_blank\" rel=\"noopener\">\u00e0 la Hollywood<\/a>, disco party czy kulig w g\u00f3rach. Szukaj motyw\u00f3w, kt\u00f3re s\u0105 kreatywne, oryginalne i wyj\u0105tkowe. Unikaj klisz i powtarzalnych temat\u00f3w, kt\u00f3re mog\u0105 by\u0107 nudne dla uczestnik\u00f3w.<\/p>\n<p><!-- \/wp:paragraph --> <!-- wp:paragraph --><\/p>\n<p>Po wybraniu motywu przewodniego wa\u017cne jest, aby dostosowa\u0107 reszt\u0119 imprezy do tego motywu, w\u0142\u0105czaj\u0105c w to dekoracje, ubi\u00f3r i <a href=\"https:\/\/www.koronakarkonoszy.pl\/blog-dla-firm\/ciekawe-i-angazujace-atrakcje-na-imprezy-firmowe\/\" target=\"_blank\" rel=\"noopener\">atrakcje<\/a>. Odpowiedni motyw przewodni mo\u017ce sprawi\u0107, \u017ce impreza stanie si\u0119 naprawd\u0119 niezapomniana dla uczestnik\u00f3w.<\/p>\n<p><!-- \/wp:paragraph --><\/p>\n<\/div>\n                    <aside class=\"leonardo-interlink\">\n                <b>Polecamy<\/b>\n                <a href=\"https:\/\/www.koronakarkonoszy.pl\/blog-dla-firm\/de\/jak-zintegrowac-pracownikow\/\">Jak zintegrowa\u0107 pracownik\u00f3w w kilku krokach?<\/a>\n            <\/aside>\n            <\/div>\n    <div class=\"leonardo-image\">\n        <img loading=\"lazy\" decoding=\"async\" width=\"2560\" height=\"1707\" src=\"https:\/\/www.koronakarkonoszy.pl\/blog-dla-firm\/wp-content\/uploads\/2022\/03\/impreza_tematyczna42-scaled.jpg\" class=\"attachment-full size-full\" alt=\"Impreza tematyczna, Dw\u00f3r Korona Karkonoszy, Sosn\u00f3wka k. Karpacza\" srcset=\"https:\/\/www.koronakarkonoszy.pl\/blog-dla-firm\/wp-content\/uploads\/2022\/03\/impreza_tematyczna42-scaled.jpg 2560w, https:\/\/www.koronakarkonoszy.pl\/blog-dla-firm\/wp-content\/uploads\/2022\/03\/impreza_tematyczna42-300x200.jpg 300w, https:\/\/www.koronakarkonoszy.pl\/blog-dla-firm\/wp-content\/uploads\/2022\/03\/impreza_tematyczna42-1024x683.jpg 1024w, https:\/\/www.koronakarkonoszy.pl\/blog-dla-firm\/wp-content\/uploads\/2022\/03\/impreza_tematyczna42-768x512.jpg 768w, https:\/\/www.koronakarkonoszy.pl\/blog-dla-firm\/wp-content\/uploads\/2022\/03\/impreza_tematyczna42-1920x1280.jpg 1920w, https:\/\/www.koronakarkonoszy.pl\/blog-dla-firm\/wp-content\/uploads\/2022\/03\/impreza_tematyczna42-1536x1024.jpg 1536w, https:\/\/www.koronakarkonoszy.pl\/blog-dla-firm\/wp-content\/uploads\/2022\/03\/impreza_tematyczna42-2048x1366.jpg 2048w, https:\/\/www.koronakarkonoszy.pl\/blog-dla-firm\/wp-content\/uploads\/2022\/03\/impreza_tematyczna42-18x12.jpg 18w\" sizes=\"auto, (max-width: 2560px) 100vw, 2560px\" \/>            <\/div>\n<\/section>\n\n\n<h2 class=\"wp-block-heading\" id=\"ha-gdzie-urzadzic-wieczor-integracyjny\">Gdzie urz\u0105dzi\u0107 wiecz\u00f3r integracyjny?<\/h2>\n\n\n\n<p><a href=\"https:\/\/www.koronakarkonoszy.pl\/blog-dla-firm\/gdzie-na-wyjazd-integracyjny\/\" target=\"_blank\" rel=\"noreferrer noopener\">Gdzie na wyjazd integracyjny<\/a>? Oto pytanie, kt\u00f3re zawsze pojawia si\u0119 przy okazji organizacji imprez firmowych. Miejsce, w kt\u00f3rym zorganizujesz wiecz\u00f3r integracyjny, powinno by\u0107 oczywi\u015bcie dostosowane do cel\u00f3w wydarzenia i preferencji uczestnik\u00f3w. Jednak to nie wszystko. Nie wolno&nbsp; zapomina\u0107 o walorach krajobrazowych, historycznych czy kulturowych i turystycznych. <a href=\"https:\/\/www.koronakarkonoszy.pl\/blog-dla-firm\/event-biznesowy\/\" target=\"_blank\" rel=\"noreferrer noopener\">Event<\/a> firmowy warto zorganizowa\u0107 w miejscu, do kt\u00f3rego sami by\u015bmy si\u0119 ch\u0119tnie wybrali. &nbsp;<\/p>\n\n\n\n<figure class=\"wp-block-image size-full\"><img loading=\"lazy\" decoding=\"async\" width=\"2560\" height=\"1707\" src=\"https:\/\/www.koronakarkonoszy.pl\/blog-dla-firm\/wp-content\/uploads\/2022\/09\/NA_07_12_37_MIV_8030-scaled.jpg\" alt=\"\" class=\"wp-image-3533\" srcset=\"https:\/\/www.koronakarkonoszy.pl\/blog-dla-firm\/wp-content\/uploads\/2022\/09\/NA_07_12_37_MIV_8030-scaled.jpg 2560w, https:\/\/www.koronakarkonoszy.pl\/blog-dla-firm\/wp-content\/uploads\/2022\/09\/NA_07_12_37_MIV_8030-300x200.jpg 300w, https:\/\/www.koronakarkonoszy.pl\/blog-dla-firm\/wp-content\/uploads\/2022\/09\/NA_07_12_37_MIV_8030-1024x683.jpg 1024w, https:\/\/www.koronakarkonoszy.pl\/blog-dla-firm\/wp-content\/uploads\/2022\/09\/NA_07_12_37_MIV_8030-768x512.jpg 768w, https:\/\/www.koronakarkonoszy.pl\/blog-dla-firm\/wp-content\/uploads\/2022\/09\/NA_07_12_37_MIV_8030-1920x1280.jpg 1920w, https:\/\/www.koronakarkonoszy.pl\/blog-dla-firm\/wp-content\/uploads\/2022\/09\/NA_07_12_37_MIV_8030-1536x1024.jpg 1536w, https:\/\/www.koronakarkonoszy.pl\/blog-dla-firm\/wp-content\/uploads\/2022\/09\/NA_07_12_37_MIV_8030-2048x1365.jpg 2048w\" sizes=\"auto, (max-width: 2560px) 100vw, 2560px\" \/><figcaption class=\"wp-element-caption\"><strong>Idealne miejsce na wyjazd integracyjny, Dw\u00f3r Korona Karkonoszy, Sosn\u00f3wka<\/strong><\/figcaption><\/figure>\n\n\n\n<p><a href=\"https:\/\/www.koronakarkonoszy.pl\/blog-dla-firm\/hotel-na-imprezy-integracyjne-kiedy-i-w-jakich-sytuacjach-sie-sprawdzi\/\" target=\"_blank\" rel=\"noreferrer noopener\">Hotel na imprez\u0119 integracyjn\u0105<\/a>, restauracja lub sala bankietowa? Ka\u017cde z tych miejsc mo\u017ce by\u0107 idealne na elegancki wiecz\u00f3r integracyjny. Mo\u017cesz zarezerwowa\u0107 prywatn\u0105 sal\u0119 i dostosowa\u0107 <a href=\"https:\/\/www.koronakarkonoszy.pl\/restauracja\/\" target=\"_blank\" rel=\"noreferrer noopener\">menu<\/a> do preferencji uczestnik\u00f3w. Wiecz\u00f3r integracyjny mo\u017ce te\u017c by\u0107 cz\u0119\u015bci\u0105 wi\u0119kszego wydarzenia, takiego jak konferencja lub <a href=\"https:\/\/www.koronakarkonoszy.pl\/blog-dla-firm\/efektywne-szkolenie-dla-pracownikow-jak-je-zorganizowac\/\" target=\"_blank\" rel=\"noreferrer noopener\">szkolenie<\/a>. W takim przypadku sala konferencyjna lub hotel mog\u0105 by\u0107 wygodnym miejscem do organizacji wydarzenia.<\/p>\n\n\n\n<figure class=\"wp-block-image size-large is-resized\"><a href=\"https:\/\/www.koronakarkonoszy.pl\/konfigurator-imprez\/\" target=\"_blank\" rel=\"noreferrer noopener\"><img loading=\"lazy\" decoding=\"async\" width=\"1024\" height=\"510\" src=\"https:\/\/www.koronakarkonoszy.pl\/blog-dla-firm\/wp-content\/uploads\/2023\/11\/DKK-konfigurator_01-1024x510.jpg\" alt=\"Konfigurator imprez firmowych agencji eventowej Dw\u00f3r Korona Karkonoszy\" class=\"wp-image-7804\" style=\"width:855px;height:auto\" title=\"Konfigurator imprez firmowych agencji eventowej \" srcset=\"https:\/\/www.koronakarkonoszy.pl\/blog-dla-firm\/wp-content\/uploads\/2023\/11\/DKK-konfigurator_01-1024x510.jpg 1024w, https:\/\/www.koronakarkonoszy.pl\/blog-dla-firm\/wp-content\/uploads\/2023\/11\/DKK-konfigurator_01-300x150.jpg 300w, https:\/\/www.koronakarkonoszy.pl\/blog-dla-firm\/wp-content\/uploads\/2023\/11\/DKK-konfigurator_01-768x383.jpg 768w, https:\/\/www.koronakarkonoszy.pl\/blog-dla-firm\/wp-content\/uploads\/2023\/11\/DKK-konfigurator_01-1920x957.jpg 1920w, https:\/\/www.koronakarkonoszy.pl\/blog-dla-firm\/wp-content\/uploads\/2023\/11\/DKK-konfigurator_01-1536x766.jpg 1536w, https:\/\/www.koronakarkonoszy.pl\/blog-dla-firm\/wp-content\/uploads\/2023\/11\/DKK-konfigurator_01-18x9.jpg 18w, https:\/\/www.koronakarkonoszy.pl\/blog-dla-firm\/wp-content\/uploads\/2023\/11\/DKK-konfigurator_01.jpg 2040w\" sizes=\"auto, (max-width: 1024px) 100vw, 1024px\" \/><\/a><\/figure>\n\n\n\n<p>Je\u015bli pogoda na to pozwala, <strong>wiecz\u00f3r integracyjny w plenerze<\/strong> b\u0119dzie \u015bwietnym pomys\u0142em. Parki, ogrody botaniczne, tereny nad jeziorem lub rzek\u0105 czy w g\u00f3rach mog\u0105 stanowi\u0107 atrakcyjne miejsce dla takiego eventu. Sprawdzi\u0107 si\u0119 mo\u017ce te\u017c ca\u0142kiem odmienna lokalizacja &#8211; klub nocny lub pub. Dla grup, kt\u00f3re lubi\u0105 <a href=\"https:\/\/www.koronakarkonoszy.pl\/blog-dla-firm\/firmowy-taniec-z-gwiazdami-zwyciezcy-biora-wszystko\/\" target=\"_blank\" rel=\"noreferrer noopener\">ta\u0144ce<\/a> i wieczorn\u0105 rozrywk\u0119, nocny klub lub pub mog\u0105 by\u0107 idealne na <strong>wiecz\u00f3r integracyjny<\/strong>.<\/p>\n\n\n<section id=\"leonardo-block_b868b20165302a0adc9c3f6aacdb76da\" class=\"leonardo page-breaker leonardo-image-left\">\n    <div class=\"leonardo-body\">\n        <h2 class=\"leonardo-title\" id=\"h-kilka-pomyslow-na-wieczor-integracyjny\">Kilka pomys\u0142\u00f3w na wiecz\u00f3r integracyjny<\/h2>        <div class=\"leonardo-content\"><p><!-- wp:heading --><\/p>\n<p>Szukasz podpowiedzi, jak zaplanowa\u0107 wiecz\u00f3r integracyjny? Ucz si\u0119 zar\u00f3wno na b\u0142\u0119dach, jak i sukcesach innych firm. Je\u015bli chcesz pobudzi\u0107 kreatywno\u015b\u0107 pracownik\u00f3w, zorganizuj <a href=\"https:\/\/www.koronakarkonoszy.pl\/blog-dla-firm\/gra-detektywistyczna-scenariusz\/\" target=\"_blank\" rel=\"noopener\">gr\u0119 detektywistyczn\u0105<\/a>. Wszyscy kochaj\u0105 <strong>krymina\u0142y<\/strong>! Przygotowuj\u0105c scenariusz, mo\u017cesz czerpa\u0107 inspiracje z ksi\u0105\u017cek, film\u00f3w, seriali lub podcast\u00f3w kryminalnych. Przygotuj akcesoria, kt\u00f3re wprowadz\u0105 uczestnik\u00f3w w wyj\u0105tkowy klimat.<\/p>\n<p><!-- \/wp:paragraph --> <!-- wp:paragraph --><\/p>\n<p>Jak prze\u0142ama\u0107 lody w zespole? Zaproponuj wsp\u00f3\u0142pracownikom popularn\u0105\u00a0<a href=\"https:\/\/www.koronakarkonoszy.pl\/blog-dla-firm\/zabawa-integracyjna\/\" target=\"_blank\" rel=\"noopener\">zabaw\u0119 integracyjn\u0105<\/a>\u00a0\u201cPrawda czy wyzwanie\u201d. Podziel ich na dwuosobowe dru\u017cyny, a nast\u0119pnie zach\u0119\u0107, by jedna osoba zadawa\u0142a pytania lub stawia\u0142a wyzwania drugiej. Po pewnym czasie popro\u015b, aby uczestnicy zamienili si\u0119 rolami. Podczas wieczoru integracyjnego przeprowad\u017a dyskusj\u0119, podczas kt\u00f3rej ka\u017cdy b\u0119dzie m\u00f3g\u0142 podzieli\u0107 si\u0119 swoimi spostrze\u017ceniami.<\/p>\n<p><!-- \/wp:paragraph --><\/p>\n<\/div>\n                    <aside class=\"leonardo-interlink\">\n                <b>Polecamy<\/b>\n                <a href=\"https:\/\/www.koronakarkonoszy.pl\/blog-dla-firm\/de\/wyjazdy-grupowe-dla-firm\/\">Wyjazdy grupowe dla firm: gar\u015b\u0107 wskaz\u00f3wek na start<\/a>\n            <\/aside>\n            <\/div>\n    <div class=\"leonardo-image\">\n        <img loading=\"lazy\" decoding=\"async\" width=\"1706\" height=\"2560\" src=\"https:\/\/www.koronakarkonoszy.pl\/blog-dla-firm\/wp-content\/uploads\/2022\/10\/black-and-white-blood-creepy-8578-scaled.jpg\" class=\"attachment-full size-full\" alt=\"Gra detektywistyczna, Dw\u00f3r Korona Karkonoszy, Sosn\u00f3wka ko\u0142o Karpacza\" srcset=\"https:\/\/www.koronakarkonoszy.pl\/blog-dla-firm\/wp-content\/uploads\/2022\/10\/black-and-white-blood-creepy-8578-scaled.jpg 1706w, https:\/\/www.koronakarkonoszy.pl\/blog-dla-firm\/wp-content\/uploads\/2022\/10\/black-and-white-blood-creepy-8578-200x300.jpg 200w, https:\/\/www.koronakarkonoszy.pl\/blog-dla-firm\/wp-content\/uploads\/2022\/10\/black-and-white-blood-creepy-8578-683x1024.jpg 683w, https:\/\/www.koronakarkonoszy.pl\/blog-dla-firm\/wp-content\/uploads\/2022\/10\/black-and-white-blood-creepy-8578-768x1152.jpg 768w, https:\/\/www.koronakarkonoszy.pl\/blog-dla-firm\/wp-content\/uploads\/2022\/10\/black-and-white-blood-creepy-8578-1280x1920.jpg 1280w, https:\/\/www.koronakarkonoszy.pl\/blog-dla-firm\/wp-content\/uploads\/2022\/10\/black-and-white-blood-creepy-8578-1024x1536.jpg 1024w, https:\/\/www.koronakarkonoszy.pl\/blog-dla-firm\/wp-content\/uploads\/2022\/10\/black-and-white-blood-creepy-8578-1365x2048.jpg 1365w\" sizes=\"auto, (max-width: 1706px) 100vw, 1706px\" \/>            <\/div>\n<\/section>\n\n\n<h2 class=\"wp-block-heading\" id=\"ha-miejsce-na-wyjazd-integracyjny-dolny-slask\">Miejsce na wyjazd integracyjny Dolny \u015al\u0105sk<\/h2>\n\n\n\n<p>Dolny \u015al\u0105sk to region, kt\u00f3ry oferuje wiele atrakcyjnych miejsc na wyjazd integracyjny. Planowanie wyjazdu integracyjnego w\u0142a\u015bnie tam to dokona\u0142y pomys\u0142. Wspania\u0142e krajobrazy, zabytki, mn\u00f3stwo imprez i atrakcji eventowych , bogata baza noclegowa i cateringowa to niew\u0105tpliwe atuty tej cz\u0119\u015bci kraju.&nbsp;<\/p>\n\n\n\n<style>\n    .cta_block{\n        margin: 1.5em 0;\n    }\n    .cta_block_content {\n        position: relative;\n        color: white;\n        padding: 1em;\n    }\n    .cta_block_content h3{\n        text-align: center;\n        font: normal normal normal 36px\/50px Yeseva One;\n    }\n    .cta_block_content .cta_block_desc{\n        text-align: center;\n        font-size: 1.1em;\n        position: relative;\n    }\n    .cta_block_content .cta_block_desc:before {\n        content: '';\n        width: 80px;\n        height: 4px;\n        background: #EEB315;\n        position: absolute;\n        left: 0;\n        right: 0;\n        margin-left: auto;\n        margin-right: auto;\n        top: -22px;\n    }\n\n    .cta_block_content picture{\n        position: absolute;\n        top: 0;\n        right: 0;\n        z-index: -1;\n        height: 100%;\n        overflow: hidden;\n        width: 100%;\n    }\n    .cta_block_content picture img{\n        object-fit: cover;\n        height: 100%;\n        width: 100%;\n    }\n    .cta_block .cta_block_content .ninja-forms-field{\n        background: #FFFFFF2F;\n        border: 1px solid #EEB315;\n        border-radius: 25px;\n        opacity: 1;\n        color: #ffffff;\n    }\n    .cta_block .cta_block_content .nf-form-content input[type=submit]{\n        background-color: #EEB315;\n        color: #292929;\n        text-align: center;\n        font: normal normal bold 14px\/20px Work Sans;\n        padding: 0 2em;\n    }\n\n    .cta_block ::placeholder{\n        color: white!important;\n        opacity: 1;\n    }\n\n    .cta_block_content::after {\n        height: 100%;\n        width: 100%;\n        content: \"\";\n        z-index: -1;\n        position: absolute;\n        top: 0;\n        background: #00000070;\n        right: 0;\n        left: 0;\n        bottom: 0;\n    }\n    #ha-cta-block, .cta_block_desc, .cta_block .nf-field-label, .cta_block .nf-error-msg {\n        filter: drop-shadow(1px 1px 8px black);\n    }\n\n\/*    .cta_block nf-rows-wrap {\n        display: flex;\n        justify-content: space-around;\n        flex-direction: row;\n    }*\/\n\n    .cta_block .nf-field-label {\n        display:none;\n    }\n\n    .cta_block .nf-error.field-wrap .nf-field-element::after {\n        border-radius: 50px;\n    }\n\n    .cta_block .nf-error-msg {\n        color: #fff;\n    }\n\n    .cta_block .nf-form-cont {\n        margin-top: 3em;\n        margin-bottom: 1em;\n    }\n\n    .wp-admin .cta_block_content{\n        display: none;\n    }\n    .cta_block .nf-form-fields-required {\n        display: none;\n    }\n    body:not(.wp-admin) .cta_block_admin {\n        display: none;\n    }\n<\/style>\n<div id=\"cta_block-block_31ddc54fa432266e88dcc470fe634a8a\" class=\"cta_block\">\n    <div class=\"cta_block_admin\" style=\"background-color: blue; color: white\">\n        Blok CTA\n    <\/div>\n    <div class=\"cta_block\">\n        <div class=\"cta_block_content\">   \n        <h3 id=\"ha-wyjazd-integracyjny-polaczony-z-zabawa\">Wyjazd integracyjny po\u0142\u0105czony z zabaw\u0105? <\/h3>\n                    <div class=\"cta_block_desc\">W Dworze Korona Karkonoszy organizujemy eventy szyte na miar\u0119! <\/div>\n                <noscript class=\"ninja-forms-noscript-message\">\n\tHinweis: F\u00fcr diesen Inhalt ist JavaScript erforderlich.<\/noscript>\n<div id=\"nf-form-3_1-cont\" class=\"nf-form-cont\" aria-live=\"polite\" aria-labelledby=\"nf-form-title-3_1\" aria-describedby=\"nf-form-errors-3_1\" role=\"form\">\n\n    <div class=\"nf-loading-spinner\"><\/div>\n\n<\/div>\n        <!-- That data is being printed as a workaround to page builders reordering the order of the scripts loaded-->\n        <script>var formDisplay=1;var nfForms=nfForms||[];var form=[];form.id='3_1';form.settings={\"objectType\":\"Form Setting\",\"editActive\":true,\"title\":\"Block CTA\",\"created_at\":\"2022-11-09 19:27:14\",\"default_label_pos\":\"above\",\"show_title\":0,\"clear_complete\":\"1\",\"hide_complete\":\"1\",\"logged_in\":\"\",\"wrapper_class\":\"\",\"element_class\":\"\",\"key\":\"\",\"add_submit\":\"0\",\"currency\":\"\",\"repeatable_fieldsets\":\"\",\"unique_field_error\":\"Formularz z t\\u0105 warto\\u015bci\\u0105 zosta\\u0142 ju\\u017c przes\\u0142any.\",\"not_logged_in_msg\":\"\",\"sub_limit_msg\":\"Formularz osi\\u0105gn\\u0105\\u0142 limit wys\\u0142a\\u0144.\",\"calculations\":[],\"container_styles_show_advanced_css\":\"0\",\"title_styles_show_advanced_css\":\"0\",\"row_styles_show_advanced_css\":\"0\",\"row-odd_styles_show_advanced_css\":\"0\",\"success-msg_styles_show_advanced_css\":\"0\",\"error_msg_styles_show_advanced_css\":\"0\",\"formContentData\":[{\"order\":1,\"cells\":[{\"order\":0,\"fields\":[\"phone_1640098275087\"],\"width\":35},{\"order\":1,\"fields\":[\"adres_e-mail_1668018487177\"],\"width\":35},{\"order\":2,\"fields\":[\"zapisz_mnie_1668018472281\"],\"width\":30}]}],\"conditions\":[],\"drawerDisabled\":false,\"allow_public_link\":0,\"embed_form\":\"\",\"changeEmailErrorMsg\":\"Bitte gib eine g\\u00fcltige E-Mail-Adresse ein.\",\"changeDateErrorMsg\":\"Bitte gib ein g\\u00fcltiges Datum ein!\",\"confirmFieldErrorMsg\":\"Diese Felder m\\u00fcssen \\u00fcbereinstimmen!\",\"fieldNumberNumMinError\":\"Die eingegebene Zahl ist zu klein.\",\"fieldNumberNumMaxError\":\"Die eingegebene Zahl ist zu gross.\",\"fieldNumberIncrementBy\":\"Bitte erh\\u00f6hen in Schritten von\",\"formErrorsCorrectErrors\":\"Bitte korrigiere die Fehler, bevor du das Formular sendest.\",\"validateRequiredField\":\"Dies ist ein Pflichtfeld.\",\"honeypotHoneypotError\":\"Honeypot-Fehler\",\"fieldsMarkedRequired\":\"Felder mit einem &lt;span class=&quot;ninja-forms-req-symbol&quot;&gt;*&lt;\\\/span&gt; sind Pflichtfelder\",\"form_title_heading_level\":\"3\",\"ninjaForms\":\"Ninja Forms\",\"fieldTextareaRTEInsertLink\":\"Link einf\\u00fcgen\",\"fieldTextareaRTEInsertMedia\":\"Medien einf\\u00fcgen\",\"fieldTextareaRTESelectAFile\":\"Eine Datei ausw\\u00e4hlen\",\"formHoneypot\":\"Falls du ein Mensch bist und dieses Feld siehst, dann lasse es bitte leer.\",\"fileUploadOldCodeFileUploadInProgress\":\"Datei-Upload l\\u00e4uft.\",\"fileUploadOldCodeFileUpload\":\"DATEI-UPLOAD\",\"currencySymbol\":\"&#36;\",\"thousands_sep\":\".\",\"decimal_point\":\",\",\"siteLocale\":\"de_DE\",\"dateFormat\":\"m\\\/d\\\/Y\",\"startOfWeek\":\"1\",\"of\":\"von\",\"previousMonth\":\"Vorheriger Monat\",\"nextMonth\":\"N\\u00e4chster Monat\",\"months\":[\"Januar\",\"Februar\",\"M\\u00e4rz\",\"April\",\"Mai\",\"Juni\",\"Juli\",\"August\",\"September\",\"Oktober\",\"November\",\"Dezember\"],\"monthsShort\":[\"Jan.\",\"Feb.\",\"M\\u00e4rz\",\"Apr.\",\"Mai\",\"Juni\",\"Juli\",\"Aug\",\"Sep.\",\"Okt.\",\"Nov.\",\"Dez.\"],\"weekdays\":[\"Sonntag\",\"Montag\",\"Dienstag\",\"Mittwoch\",\"Donnerstag\",\"Freitag\",\"Samstag\"],\"weekdaysShort\":[\"So.\",\"Mo.\",\"Di.\",\"Mi.\",\"Do.\",\"Fr.\",\"Sa.\"],\"weekdaysMin\":[\"So.\",\"Mo.\",\"Di.\",\"Mi.\",\"Do.\",\"Fr.\",\"Sa.\"],\"recaptchaConsentMissing\":\"reCaptcha validation couldn&#039;t load.\",\"recaptchaMissingCookie\":\"reCaptcha v3 validation couldn&#039;t load the cookie needed to submit the form.\",\"recaptchaConsentEvent\":\"Accept reCaptcha cookies before sending the form.\",\"currency_symbol\":\"\",\"beforeForm\":\"\",\"beforeFields\":\"\",\"afterFields\":\"\",\"afterForm\":\"\"};form.fields=[{\"objectType\":\"Field\",\"objectDomain\":\"fields\",\"editActive\":false,\"order\":1,\"idAttribute\":\"id\",\"type\":\"phone\",\"label\":\"Numer telefonu\",\"key\":\"phone_1640098275087\",\"label_pos\":\"above\",\"required\":\"\",\"default\":\"\",\"placeholder\":\"Numer telefonu\",\"container_class\":\"\",\"element_class\":\"\",\"input_limit\":\"\",\"input_limit_type\":\"characters\",\"input_limit_msg\":\"Liczba pozosta\\u0142ych znak\\u00f3w:\",\"manual_key\":\"\",\"admin_label\":\"\",\"help_text\":\"\",\"mask\":\"\",\"custom_mask\":\"\",\"custom_name_attribute\":\"phone\",\"personally_identifiable\":1,\"wrap_styles_border\":\"\",\"wrap_styles_width\":\"\",\"wrap_styles_margin\":\"\",\"wrap_styles_padding\":\"\",\"wrap_styles_float\":\"\",\"wrap_styles_show_advanced_css\":0,\"label_styles_border\":\"\",\"label_styles_width\":\"\",\"label_styles_font-size\":\"\",\"label_styles_margin\":\"\",\"label_styles_padding\":\"\",\"label_styles_float\":\"\",\"label_styles_show_advanced_css\":0,\"element_styles_border\":\"\",\"element_styles_width\":\"\",\"element_styles_font-size\":\"\",\"element_styles_margin\":\"\",\"element_styles_padding\":\"\",\"element_styles_float\":\"\",\"element_styles_show_advanced_css\":0,\"cellcid\":\"c3398\",\"value\":\"\",\"drawerDisabled\":\"\",\"field_label\":\"Numer telefonu\",\"field_key\":\"phone_1640098275087\",\"id\":\"9_1\",\"beforeField\":\"\",\"afterField\":\"\",\"parentType\":\"textbox\",\"element_templates\":[\"tel\",\"textbox\",\"input\"],\"old_classname\":\"\",\"wrap_template\":\"wrap\"},{\"objectType\":\"Field\",\"objectDomain\":\"fields\",\"editActive\":false,\"order\":2,\"idAttribute\":\"id\",\"type\":\"email\",\"label\":\"Adres e-mail\",\"key\":\"adres_e-mail_1668018487177\",\"label_pos\":\"above\",\"required\":\"\",\"default\":\"\",\"placeholder\":\"Adres e-mail\",\"container_class\":\"\",\"element_class\":\"\",\"admin_label\":\"\",\"help_text\":\"\",\"custom_name_attribute\":\"email\",\"personally_identifiable\":1,\"wrap_styles_border\":\"\",\"wrap_styles_width\":\"\",\"wrap_styles_margin\":\"\",\"wrap_styles_padding\":\"\",\"wrap_styles_float\":\"\",\"wrap_styles_show_advanced_css\":0,\"label_styles_border\":\"\",\"label_styles_width\":\"\",\"label_styles_font-size\":\"\",\"label_styles_margin\":\"\",\"label_styles_padding\":\"\",\"label_styles_float\":\"\",\"label_styles_show_advanced_css\":0,\"element_styles_border\":\"\",\"element_styles_width\":\"\",\"element_styles_font-size\":\"\",\"element_styles_margin\":\"\",\"element_styles_padding\":\"\",\"element_styles_float\":\"\",\"element_styles_show_advanced_css\":0,\"cellcid\":\"c3401\",\"value\":\"\",\"drawerDisabled\":false,\"field_label\":\"E-mail\",\"field_key\":\"email_1640098276066\",\"id\":\"10_1\",\"beforeField\":\"\",\"afterField\":\"\",\"parentType\":\"email\",\"element_templates\":[\"email\",\"input\"],\"old_classname\":\"\",\"wrap_template\":\"wrap\"},{\"objectType\":\"Field\",\"objectDomain\":\"fields\",\"editActive\":false,\"order\":3,\"idAttribute\":\"id\",\"type\":\"submit\",\"label\":\"Zapisz mnie\",\"processing_label\":\"W trakcie realizacji\",\"container_class\":\"\",\"element_class\":\"\",\"key\":\"zapisz_mnie_1668018472281\",\"wrap_styles_border\":\"\",\"wrap_styles_width\":\"\",\"wrap_styles_margin\":\"\",\"wrap_styles_padding\":\"\",\"wrap_styles_float\":\"\",\"wrap_styles_show_advanced_css\":0,\"element_styles_border\":\"\",\"element_styles_width\":\"\",\"element_styles_font-size\":\"\",\"element_styles_margin\":\"\",\"element_styles_padding\":\"\",\"element_styles_float\":\"\",\"element_styles_show_advanced_css\":0,\"submit_element_hover_styles_border\":\"\",\"submit_element_hover_styles_width\":\"\",\"submit_element_hover_styles_font-size\":\"\",\"submit_element_hover_styles_margin\":\"\",\"submit_element_hover_styles_padding\":\"\",\"submit_element_hover_styles_float\":\"\",\"submit_element_hover_styles_show_advanced_css\":0,\"cellcid\":\"c3403\",\"drawerDisabled\":false,\"field_label\":\"Zamawiam rozmow\\u0119\",\"field_key\":\"zamawiam_rozmowe_1640098314862\",\"id\":\"8_1\",\"beforeField\":\"\",\"afterField\":\"\",\"value\":\"\",\"label_pos\":\"above\",\"parentType\":\"textbox\",\"element_templates\":[\"submit\",\"button\",\"input\"],\"old_classname\":\"\",\"wrap_template\":\"wrap-no-label\"}];nfForms.push(form);<\/script>\n                <script id=\"nf-tmpl-cell\" type=\"text\/template\">\n            <nf-fields><\/nf-fields>\n        <\/script>\n\n        <script id=\"nf-tmpl-row\" type=\"text\/template\">\n            <nf-cells><\/nf-cells>\n        <\/script>\n\n                <img loading=\"lazy\" decoding=\"async\" width=\"2048\" height=\"1534\" src=\"https:\/\/www.koronakarkonoszy.pl\/blog-dla-firm\/wp-content\/uploads\/2022\/10\/zamek-z-drona-17.jpeg\" class=\"attachment-full size-full\" alt=\"Zamek ksi\u0119cia Henryka i widok na Zalew Sosn\u00f3wka\" srcset=\"https:\/\/www.koronakarkonoszy.pl\/blog-dla-firm\/wp-content\/uploads\/2022\/10\/zamek-z-drona-17.jpeg 2048w, https:\/\/www.koronakarkonoszy.pl\/blog-dla-firm\/wp-content\/uploads\/2022\/10\/zamek-z-drona-17-300x225.jpeg 300w, https:\/\/www.koronakarkonoszy.pl\/blog-dla-firm\/wp-content\/uploads\/2022\/10\/zamek-z-drona-17-1024x767.jpeg 1024w, https:\/\/www.koronakarkonoszy.pl\/blog-dla-firm\/wp-content\/uploads\/2022\/10\/zamek-z-drona-17-768x575.jpeg 768w, https:\/\/www.koronakarkonoszy.pl\/blog-dla-firm\/wp-content\/uploads\/2022\/10\/zamek-z-drona-17-1920x1438.jpeg 1920w, https:\/\/www.koronakarkonoszy.pl\/blog-dla-firm\/wp-content\/uploads\/2022\/10\/zamek-z-drona-17-1536x1151.jpeg 1536w\" sizes=\"auto, (max-width: 2048px) 100vw, 2048px\" \/>        <\/div> \n    <\/div>\n<\/div>\n\n\n\n<p>Stolica Dolnego \u015al\u0105ska, Wroc\u0142aw, to dynamiczne miasto z licznymi atrakcjami i miejscami do zwiedzania. Warto zorganizowa\u0107 <a href=\"https:\/\/www.koronakarkonoszy.pl\/blog-dla-firm\/imprezy-firmowe-wroclaw\/\" target=\"_blank\" rel=\"noreferrer noopener\">imprezy firmowe we Wroc\u0142awiu<\/a> &#8211; Stare Miasto, katedra, Ostr\u00f3w Tumski, liczne muzea, ogrody botaniczne, a tak\u017ce wiele restauracji, klub\u00f3w nocnych i innych miejsc rozrywki przyci\u0105gaj\u0105 turyst\u00f3w indywidualnych i biznesowych jak magnes. Tak\u017ce <a href=\"https:\/\/www.koronakarkonoszy.pl\/blog-dla-firm\/malownicze-karkonosze-czyli-doskonale-miejsce-na-wyjazd-integracyjny\/\">Karkonosze<\/a> s\u0105 popularnym miejscem na wyjazdy integracyjne. Mo\u017cesz zarezerwowa\u0107 o\u015brodek wypoczynkowy w g\u00f3rach, gdzie uczestnicy b\u0119d\u0105 mieli okazj\u0119 do trekkingu, jazdy na nartach, wspinaczki ska\u0142kowej, raftingu, wycieczek nad wodospady, zwiedzania zamk\u00f3w, jazdy na rowerach g\u00f3rskich, a tak\u017ce innych aktywno\u015bci na \u015bwie\u017cym powietrzu. Przy okazji warto zwiedzi\u0107 Szklarsk\u0105 Por\u0119b\u0119 oraz Karpacz, znane g\u00f3rskie kurorty.<\/p>\n\n\n\n<figure class=\"wp-block-image size-large\"><img loading=\"lazy\" decoding=\"async\" width=\"1024\" height=\"683\" src=\"https:\/\/www.koronakarkonoszy.pl\/blog-dla-firm\/wp-content\/uploads\/2023\/11\/gry-terenowe-1024x683.jpg\" alt=\"\" class=\"wp-image-7688\" srcset=\"https:\/\/www.koronakarkonoszy.pl\/blog-dla-firm\/wp-content\/uploads\/2023\/11\/gry-terenowe-1024x683.jpg 1024w, https:\/\/www.koronakarkonoszy.pl\/blog-dla-firm\/wp-content\/uploads\/2023\/11\/gry-terenowe-300x200.jpg 300w, https:\/\/www.koronakarkonoszy.pl\/blog-dla-firm\/wp-content\/uploads\/2023\/11\/gry-terenowe-768x512.jpg 768w, https:\/\/www.koronakarkonoszy.pl\/blog-dla-firm\/wp-content\/uploads\/2023\/11\/gry-terenowe-1536x1024.jpg 1536w, https:\/\/www.koronakarkonoszy.pl\/blog-dla-firm\/wp-content\/uploads\/2023\/11\/gry-terenowe-18x12.jpg 18w, https:\/\/www.koronakarkonoszy.pl\/blog-dla-firm\/wp-content\/uploads\/2023\/11\/gry-terenowe.jpg 1920w\" sizes=\"auto, (max-width: 1024px) 100vw, 1024px\" \/><figcaption class=\"wp-element-caption\"><strong>Atrakcje podczas wyjazdu integracyjnego &#8211; gry terenowe, <\/strong><a href=\"https:\/\/www.koronakarkonoszy.pl\/imprezy-firmowe\/\" target=\"_blank\" rel=\"noreferrer noopener\"><strong>Dw\u00f3r Korona Karkonoszy<\/strong><\/a><strong>, Sosn\u00f3wka<\/strong><\/figcaption><\/figure>\n\n\n\n<h2 class=\"wp-block-heading\" id=\"ha-wieczor-integracyjny-przy-ognisku\">Wiecz\u00f3r integracyjny przy ognisku<\/h2>\n\n\n\n<p><strong>Imprezy firmowe w plenerze<\/strong> s\u0105 ostatnio bardzo modne. Kontakt z natur\u0105 sprzyja relaksowi, a budowanie <a href=\"https:\/\/www.koronakarkonoszy.pl\/blog-dla-firm\/relacje-w-firmie\/\" target=\"_blank\" rel=\"noreferrer noopener\">relacji<\/a> w lu\u017anej atmosferze \u2013 podczas grilla czy na <a href=\"https:\/\/www.koronakarkonoszy.pl\/blog-dla-firm\/piknik-integracyjny\/\" target=\"_blank\" rel=\"noreferrer noopener\">pikniku<\/a> &#8211; sprawdza si\u0119 lepiej ni\u017c podczas firmowych nasiad\u00f3wek. Dlatego w\u0142a\u015bnie wiecz\u00f3r integracyjny przy ognisku to doskona\u0142y pomys\u0142 na stworzenie przyjaznej atmosfery, w kt\u00f3rej uczestnicy mog\u0105 si\u0119 swobodnie komunikowa\u0107 i wsp\u00f3lnie bawi\u0107.<\/p>\n\n\n\n<figure class=\"wp-block-image size-large\"><img loading=\"lazy\" decoding=\"async\" width=\"1024\" height=\"682\" src=\"https:\/\/www.koronakarkonoszy.pl\/blog-dla-firm\/wp-content\/uploads\/2023\/10\/PJ_06_20_59_IR6_2147-1024x682.jpg\" alt=\"\" class=\"wp-image-7439\" srcset=\"https:\/\/www.koronakarkonoszy.pl\/blog-dla-firm\/wp-content\/uploads\/2023\/10\/PJ_06_20_59_IR6_2147-1024x682.jpg 1024w, https:\/\/www.koronakarkonoszy.pl\/blog-dla-firm\/wp-content\/uploads\/2023\/10\/PJ_06_20_59_IR6_2147-300x200.jpg 300w, https:\/\/www.koronakarkonoszy.pl\/blog-dla-firm\/wp-content\/uploads\/2023\/10\/PJ_06_20_59_IR6_2147-768x512.jpg 768w, https:\/\/www.koronakarkonoszy.pl\/blog-dla-firm\/wp-content\/uploads\/2023\/10\/PJ_06_20_59_IR6_2147-1920x1280.jpg 1920w, https:\/\/www.koronakarkonoszy.pl\/blog-dla-firm\/wp-content\/uploads\/2023\/10\/PJ_06_20_59_IR6_2147-1536x1024.jpg 1536w, https:\/\/www.koronakarkonoszy.pl\/blog-dla-firm\/wp-content\/uploads\/2023\/10\/PJ_06_20_59_IR6_2147-18x12.jpg 18w, https:\/\/www.koronakarkonoszy.pl\/blog-dla-firm\/wp-content\/uploads\/2023\/10\/PJ_06_20_59_IR6_2147.jpg 2000w\" sizes=\"auto, (max-width: 1024px) 100vw, 1024px\" \/><figcaption class=\"wp-element-caption\"><strong>Imprezy integracyjne na \u015bwie\u017cym powietrzu, Dw\u00f3r Korona Karkonoszy, <a href=\"https:\/\/www.koronakarkonoszy.pl\/blog-atrakcje\/sosnowka\/\" class=\"links-placer\">Sosn\u00f3wka<\/a> k. Karpacza<\/strong><\/figcaption><\/figure>\n\n\n\n<p>Znajd\u017a odpowiednie <a href=\"https:\/\/www.koronakarkonoszy.pl\/blog-dla-firm\/miejsce-na-event\/\" target=\"_blank\" rel=\"noreferrer noopener\">miejsce<\/a> na ognisko, na przyk\u0142ad w lesie, na pla\u017cy, w ogrodzie, w o\u015brodku wypoczynkowym lub na oznaczonym polu biwakowym. Upewnij si\u0119, \u017ce masz niezb\u0119dne zezwolenia na rozpalenie ogniska, je\u015bli to konieczne. Mo\u017cliwo\u015b\u0107 organizacji imprez firmowych \u201epod chmurk\u0105\u201d, z ogniskiem czy grillem zapewnia Centrum Imprez Plenerowych w <a href=\"https:\/\/www.koronakarkonoszy.pl\/imprezy-firmowe\/\" target=\"_blank\" rel=\"noreferrer noopener\">Dworze Korona Karkonoszy<\/a> w Sosn\u00f3wce ko\u0142o Karpacza.&nbsp;<\/p>\n\n\n\n<figure class=\"wp-block-image size-large\"><a href=\"https:\/\/www.koronakarkonoszy.pl\/imprezy-firmowe\/\" target=\"_blank\" rel=\"noreferrer noopener\"><img loading=\"lazy\" decoding=\"async\" width=\"1024\" height=\"512\" src=\"https:\/\/www.koronakarkonoszy.pl\/blog-dla-firm\/wp-content\/uploads\/2021\/07\/imprezy_firmowe_DKK-2-1024x512.jpg\" alt=\"\" class=\"wp-image-3469\" srcset=\"https:\/\/www.koronakarkonoszy.pl\/blog-dla-firm\/wp-content\/uploads\/2021\/07\/imprezy_firmowe_DKK-2-1024x512.jpg 1024w, https:\/\/www.koronakarkonoszy.pl\/blog-dla-firm\/wp-content\/uploads\/2021\/07\/imprezy_firmowe_DKK-2-300x150.jpg 300w, https:\/\/www.koronakarkonoszy.pl\/blog-dla-firm\/wp-content\/uploads\/2021\/07\/imprezy_firmowe_DKK-2-768x384.jpg 768w, https:\/\/www.koronakarkonoszy.pl\/blog-dla-firm\/wp-content\/uploads\/2021\/07\/imprezy_firmowe_DKK-2.jpg 1200w\" sizes=\"auto, (max-width: 1024px) 100vw, 1024px\" \/><\/a><\/figure>\n\n\n\n<p>Zadbaj o catering &#8211; zorganizuj posi\u0142ki i przek\u0105ski, kt\u00f3re mo\u017cna przyrz\u0105dza\u0107 nad ogniskiem, takie jak kie\u0142baski, kie\u0142baski wega\u0144skie, chleb na patyku, a tak\u017ce napoje. W ch\u0142odniejszym sezonie na pewno sprawdzi si\u0119 grzane wino z go\u017adzikami i pomara\u0144czami. Przygotuj zabawy, kt\u00f3re sprawdza si\u0119 przy ognisku. Zgadywanki, opowiadanie historii, wsp\u00f3lne \u015bpiewanie piosenek przy akompaniamencie gitary to gwarancja dobrej zabawy. Ognisko to doskona\u0142a okazja do lepszego poznania innych os\u00f3b w lu\u017anej i przyjaznej atmosferze. Taki wiecz\u00f3r mo\u017ce by\u0107 niezapomnianym do\u015bwiadczeniem dla uczestnik\u00f3w.<\/p>\n\n\n\n<p>Jak zorganizowa\u0107 imprez\u0119 &#8211; zobacz <a href=\"https:\/\/www.koronakarkonoszy.pl\/blog-dla-firm\/konfigurator-imprez-firmowych\/\">konfigurator imprez<\/a><\/p>\n","protected":false},"excerpt":{"rendered":"<p>Jeste\u015b zm\u0119czony tradycyjnymi, nudnymi imprezami firmowymi, kt\u00f3re bardziej kojarz\u0105 si\u0119 z przykrym obowi\u0105zkiem ni\u017c \u015bwi\u0119towaniem? Je\u015bli odpowiedzia\u0142e\u015b twierdz\u0105co na powy\u017csze pytanie, skorzystaj z naszych wskaz\u00f3wek. Zobacz, jak zorganizowa\u0107 wiecz\u00f3r integracyjny, kt\u00f3ry poprawi relacje mi\u0119dzy pracownikami! Wiecz\u00f3r integracyjny \u2013 co to takiego? Wiecz\u00f3r integracyjny to wydarzenie lub spotkanie, kt\u00f3re ma na celu zacie\u015bnienie relacji mi\u0119dzy uczestnikami [&hellip;]<\/p>\n","protected":false},"author":11,"featured_media":7795,"comment_status":"closed","ping_status":"closed","sticky":false,"template":"","format":"standard","meta":{"_acf_changed":false,"footnotes":""},"categories":[18,16,17],"class_list":["post-2555","post","type-post","status-publish","format-standard","has-post-thumbnail","hentry","category-atrakcje-na-imprezy","category-imprezy-firmowe","category-integracja"],"acf":[],"yoast_head":"<!-- This site is optimized with the Yoast SEO Premium plugin v27.5 (Yoast SEO v27.5) - https:\/\/yoast.com\/product\/yoast-seo-premium-wordpress\/ -->\n<title>Wiecz\u00f3r integracyjny: kilka sprawdzonych scenariuszy - :: Blog dla firm - szkolenia, zarz\u0105dzanie zespo\u0142em, team building<\/title>\n<meta name=\"description\" content=\"Zastanawiasz si\u0119, sk\u0105d czerpa\u0107 inspiracje na niezapomniany wiecz\u00f3r integracyjny? Przygotowali\u015bmy dla Ciebie gar\u015b\u0107 inspiracji!\" \/>\n<meta name=\"robots\" content=\"index, follow, max-snippet:-1, max-image-preview:large, max-video-preview:-1\" \/>\n<link rel=\"canonical\" href=\"https:\/\/www.koronakarkonoszy.pl\/blog-dla-firm\/de\/abend-integration\/\" \/>\n<meta property=\"og:locale\" content=\"de_DE\" \/>\n<meta property=\"og:type\" content=\"article\" \/>\n<meta property=\"og:title\" content=\"Wiecz\u00f3r integracyjny: kilka sprawdzonych scenariuszy\" \/>\n<meta property=\"og:description\" content=\"Zastanawiasz si\u0119, sk\u0105d czerpa\u0107 inspiracje na niezapomniany wiecz\u00f3r integracyjny? Przygotowali\u015bmy dla Ciebie gar\u015b\u0107 inspiracji!\" \/>\n<meta property=\"og:url\" content=\"https:\/\/www.koronakarkonoszy.pl\/blog-dla-firm\/de\/abend-integration\/\" \/>\n<meta property=\"og:site_name\" content=\":: Blog dla firm - szkolenia, zarz\u0105dzanie zespo\u0142em, team building\" \/>\n<meta property=\"article:published_time\" content=\"2023-11-09T16:25:19+00:00\" \/>\n<meta property=\"article:modified_time\" content=\"2024-12-11T10:12:09+00:00\" \/>\n<meta property=\"og:image\" content=\"https:\/\/www.koronakarkonoszy.pl\/blog-dla-firm\/wp-content\/uploads\/2022\/03\/impreza_tematyczna99-scaled.jpg\" \/>\n\t<meta property=\"og:image:width\" content=\"2560\" \/>\n\t<meta property=\"og:image:height\" content=\"1707\" \/>\n\t<meta property=\"og:image:type\" content=\"image\/jpeg\" \/>\n<meta name=\"author\" content=\"agnieszka\" \/>\n<meta name=\"twitter:card\" content=\"summary_large_image\" \/>\n<meta name=\"twitter:label1\" content=\"Verfasst von\" \/>\n\t<meta name=\"twitter:data1\" content=\"agnieszka\" \/>\n\t<meta name=\"twitter:label2\" content=\"Gesch\u00e4tzte Lesezeit\" \/>\n\t<meta name=\"twitter:data2\" content=\"7\u00a0Minuten\" \/>\n<script type=\"application\/ld+json\" class=\"yoast-schema-graph\">{\"@context\":\"https:\\\/\\\/schema.org\",\"@graph\":[{\"@type\":\"Article\",\"@id\":\"https:\\\/\\\/www.koronakarkonoszy.pl\\\/blog-dla-firm\\\/wieczor-integracyjny\\\/#article\",\"isPartOf\":{\"@id\":\"https:\\\/\\\/www.koronakarkonoszy.pl\\\/blog-dla-firm\\\/wieczor-integracyjny\\\/\"},\"author\":{\"name\":\"agnieszka\",\"@id\":\"https:\\\/\\\/www.koronakarkonoszy.pl\\\/blog-dla-firm\\\/#\\\/schema\\\/person\\\/c06752c3cb176906b455582ff7ef925e\"},\"headline\":\"Wiecz\u00f3r integracyjny: kilka sprawdzonych scenariuszy\",\"datePublished\":\"2023-11-09T16:25:19+00:00\",\"dateModified\":\"2024-12-11T10:12:09+00:00\",\"mainEntityOfPage\":{\"@id\":\"https:\\\/\\\/www.koronakarkonoszy.pl\\\/blog-dla-firm\\\/wieczor-integracyjny\\\/\"},\"wordCount\":1042,\"image\":{\"@id\":\"https:\\\/\\\/www.koronakarkonoszy.pl\\\/blog-dla-firm\\\/wieczor-integracyjny\\\/#primaryimage\"},\"thumbnailUrl\":\"https:\\\/\\\/www.koronakarkonoszy.pl\\\/blog-dla-firm\\\/wp-content\\\/uploads\\\/2022\\\/03\\\/impreza_tematyczna99-scaled.jpg\",\"articleSection\":[\"Atrakcje na imprezy\",\"Imprezy firmowe\",\"Integracja\"],\"inLanguage\":\"de\"},{\"@type\":\"WebPage\",\"@id\":\"https:\\\/\\\/www.koronakarkonoszy.pl\\\/blog-dla-firm\\\/wieczor-integracyjny\\\/\",\"url\":\"https:\\\/\\\/www.koronakarkonoszy.pl\\\/blog-dla-firm\\\/wieczor-integracyjny\\\/\",\"name\":\"Wiecz\u00f3r integracyjny: kilka sprawdzonych scenariuszy - :: Blog dla firm - szkolenia, zarz\u0105dzanie zespo\u0142em, team building\",\"isPartOf\":{\"@id\":\"https:\\\/\\\/www.koronakarkonoszy.pl\\\/blog-dla-firm\\\/#website\"},\"primaryImageOfPage\":{\"@id\":\"https:\\\/\\\/www.koronakarkonoszy.pl\\\/blog-dla-firm\\\/wieczor-integracyjny\\\/#primaryimage\"},\"image\":{\"@id\":\"https:\\\/\\\/www.koronakarkonoszy.pl\\\/blog-dla-firm\\\/wieczor-integracyjny\\\/#primaryimage\"},\"thumbnailUrl\":\"https:\\\/\\\/www.koronakarkonoszy.pl\\\/blog-dla-firm\\\/wp-content\\\/uploads\\\/2022\\\/03\\\/impreza_tematyczna99-scaled.jpg\",\"datePublished\":\"2023-11-09T16:25:19+00:00\",\"dateModified\":\"2024-12-11T10:12:09+00:00\",\"author\":{\"@id\":\"https:\\\/\\\/www.koronakarkonoszy.pl\\\/blog-dla-firm\\\/#\\\/schema\\\/person\\\/c06752c3cb176906b455582ff7ef925e\"},\"description\":\"Zastanawiasz si\u0119, sk\u0105d czerpa\u0107 inspiracje na niezapomniany wiecz\u00f3r integracyjny? Przygotowali\u015bmy dla Ciebie gar\u015b\u0107 inspiracji!\",\"breadcrumb\":{\"@id\":\"https:\\\/\\\/www.koronakarkonoszy.pl\\\/blog-dla-firm\\\/wieczor-integracyjny\\\/#breadcrumb\"},\"inLanguage\":\"de\",\"potentialAction\":[{\"@type\":\"ReadAction\",\"target\":[\"https:\\\/\\\/www.koronakarkonoszy.pl\\\/blog-dla-firm\\\/wieczor-integracyjny\\\/\"]}]},{\"@type\":\"ImageObject\",\"inLanguage\":\"de\",\"@id\":\"https:\\\/\\\/www.koronakarkonoszy.pl\\\/blog-dla-firm\\\/wieczor-integracyjny\\\/#primaryimage\",\"url\":\"https:\\\/\\\/www.koronakarkonoszy.pl\\\/blog-dla-firm\\\/wp-content\\\/uploads\\\/2022\\\/03\\\/impreza_tematyczna99-scaled.jpg\",\"contentUrl\":\"https:\\\/\\\/www.koronakarkonoszy.pl\\\/blog-dla-firm\\\/wp-content\\\/uploads\\\/2022\\\/03\\\/impreza_tematyczna99-scaled.jpg\",\"width\":2560,\"height\":1707,\"caption\":\"Impreza przebierana, Dw\u00f3r Korona Karkonoszy, Sosn\u00f3wka k. Karpacza\"},{\"@type\":\"BreadcrumbList\",\"@id\":\"https:\\\/\\\/www.koronakarkonoszy.pl\\\/blog-dla-firm\\\/wieczor-integracyjny\\\/#breadcrumb\",\"itemListElement\":[{\"@type\":\"ListItem\",\"position\":1,\"name\":\"Strona g\u0142\u00f3wna\",\"item\":\"https:\\\/\\\/www.koronakarkonoszy.pl\\\/blog-dla-firm\\\/\"},{\"@type\":\"ListItem\",\"position\":2,\"name\":\"Wiecz\u00f3r integracyjny: kilka sprawdzonych scenariuszy\"}]},{\"@type\":\"WebSite\",\"@id\":\"https:\\\/\\\/www.koronakarkonoszy.pl\\\/blog-dla-firm\\\/#website\",\"url\":\"https:\\\/\\\/www.koronakarkonoszy.pl\\\/blog-dla-firm\\\/\",\"name\":\":: Blog dla firm - szkolenia, zarz\u0105dzanie zespo\u0142em, team building\",\"description\":\"\",\"potentialAction\":[{\"@type\":\"SearchAction\",\"target\":{\"@type\":\"EntryPoint\",\"urlTemplate\":\"https:\\\/\\\/www.koronakarkonoszy.pl\\\/blog-dla-firm\\\/?s={search_term_string}\"},\"query-input\":{\"@type\":\"PropertyValueSpecification\",\"valueRequired\":true,\"valueName\":\"search_term_string\"}}],\"inLanguage\":\"de\"},{\"@type\":\"Person\",\"@id\":\"https:\\\/\\\/www.koronakarkonoszy.pl\\\/blog-dla-firm\\\/#\\\/schema\\\/person\\\/c06752c3cb176906b455582ff7ef925e\",\"name\":\"agnieszka\",\"image\":{\"@type\":\"ImageObject\",\"inLanguage\":\"de\",\"@id\":\"https:\\\/\\\/www.koronakarkonoszy.pl\\\/blog-dla-firm\\\/wp-content\\\/litespeed\\\/avatar\\\/53ee7b676463f74d0aea1a09de3d003b.jpg?ver=1777446304\",\"url\":\"https:\\\/\\\/www.koronakarkonoszy.pl\\\/blog-dla-firm\\\/wp-content\\\/litespeed\\\/avatar\\\/53ee7b676463f74d0aea1a09de3d003b.jpg?ver=1777446304\",\"contentUrl\":\"https:\\\/\\\/www.koronakarkonoszy.pl\\\/blog-dla-firm\\\/wp-content\\\/litespeed\\\/avatar\\\/53ee7b676463f74d0aea1a09de3d003b.jpg?ver=1777446304\",\"caption\":\"agnieszka\"},\"url\":\"https:\\\/\\\/www.koronakarkonoszy.pl\\\/blog-dla-firm\\\/de\\\/author\\\/agnieszka\\\/\"}]}<\/script>\n<!-- \/ Yoast SEO Premium plugin. -->","yoast_head_json":{"title":"Integrationsabend: mehrere bew\u00e4hrte Szenarien - :: Blog f\u00fcr Unternehmen - Schulung, Teammanagement, Teambuilding","description":"Sie fragen sich, wo Sie Inspiration f\u00fcr einen unvergesslichen Integrationsabend finden? Wir haben eine Handvoll Inspirationen f\u00fcr Sie vorbereitet!","robots":{"index":"index","follow":"follow","max-snippet":"max-snippet:-1","max-image-preview":"max-image-preview:large","max-video-preview":"max-video-preview:-1"},"canonical":"https:\/\/www.koronakarkonoszy.pl\/blog-dla-firm\/de\/abend-integration\/","og_locale":"de_DE","og_type":"article","og_title":"Wiecz\u00f3r integracyjny: kilka sprawdzonych scenariuszy","og_description":"Zastanawiasz si\u0119, sk\u0105d czerpa\u0107 inspiracje na niezapomniany wiecz\u00f3r integracyjny? Przygotowali\u015bmy dla Ciebie gar\u015b\u0107 inspiracji!","og_url":"https:\/\/www.koronakarkonoszy.pl\/blog-dla-firm\/de\/abend-integration\/","og_site_name":":: Blog dla firm - szkolenia, zarz\u0105dzanie zespo\u0142em, team building","article_published_time":"2023-11-09T16:25:19+00:00","article_modified_time":"2024-12-11T10:12:09+00:00","og_image":[{"width":2560,"height":1707,"url":"https:\/\/www.koronakarkonoszy.pl\/blog-dla-firm\/wp-content\/uploads\/2022\/03\/impreza_tematyczna99-scaled.jpg","type":"image\/jpeg"}],"author":"agnieszka","twitter_card":"summary_large_image","twitter_misc":{"Verfasst von":"agnieszka","Gesch\u00e4tzte Lesezeit":"7\u00a0Minuten"},"schema":{"@context":"https:\/\/schema.org","@graph":[{"@type":"Article","@id":"https:\/\/www.koronakarkonoszy.pl\/blog-dla-firm\/wieczor-integracyjny\/#article","isPartOf":{"@id":"https:\/\/www.koronakarkonoszy.pl\/blog-dla-firm\/wieczor-integracyjny\/"},"author":{"name":"agnieszka","@id":"https:\/\/www.koronakarkonoszy.pl\/blog-dla-firm\/#\/schema\/person\/c06752c3cb176906b455582ff7ef925e"},"headline":"Wiecz\u00f3r integracyjny: kilka sprawdzonych scenariuszy","datePublished":"2023-11-09T16:25:19+00:00","dateModified":"2024-12-11T10:12:09+00:00","mainEntityOfPage":{"@id":"https:\/\/www.koronakarkonoszy.pl\/blog-dla-firm\/wieczor-integracyjny\/"},"wordCount":1042,"image":{"@id":"https:\/\/www.koronakarkonoszy.pl\/blog-dla-firm\/wieczor-integracyjny\/#primaryimage"},"thumbnailUrl":"https:\/\/www.koronakarkonoszy.pl\/blog-dla-firm\/wp-content\/uploads\/2022\/03\/impreza_tematyczna99-scaled.jpg","articleSection":["Atrakcje na imprezy","Imprezy firmowe","Integracja"],"inLanguage":"de"},{"@type":"WebPage","@id":"https:\/\/www.koronakarkonoszy.pl\/blog-dla-firm\/wieczor-integracyjny\/","url":"https:\/\/www.koronakarkonoszy.pl\/blog-dla-firm\/wieczor-integracyjny\/","name":"Integrationsabend: mehrere bew\u00e4hrte Szenarien - :: Blog f\u00fcr Unternehmen - Schulung, Teammanagement, Teambuilding","isPartOf":{"@id":"https:\/\/www.koronakarkonoszy.pl\/blog-dla-firm\/#website"},"primaryImageOfPage":{"@id":"https:\/\/www.koronakarkonoszy.pl\/blog-dla-firm\/wieczor-integracyjny\/#primaryimage"},"image":{"@id":"https:\/\/www.koronakarkonoszy.pl\/blog-dla-firm\/wieczor-integracyjny\/#primaryimage"},"thumbnailUrl":"https:\/\/www.koronakarkonoszy.pl\/blog-dla-firm\/wp-content\/uploads\/2022\/03\/impreza_tematyczna99-scaled.jpg","datePublished":"2023-11-09T16:25:19+00:00","dateModified":"2024-12-11T10:12:09+00:00","author":{"@id":"https:\/\/www.koronakarkonoszy.pl\/blog-dla-firm\/#\/schema\/person\/c06752c3cb176906b455582ff7ef925e"},"description":"Sie fragen sich, wo Sie Inspiration f\u00fcr einen unvergesslichen Integrationsabend finden? Wir haben eine Handvoll Inspirationen f\u00fcr Sie vorbereitet!","breadcrumb":{"@id":"https:\/\/www.koronakarkonoszy.pl\/blog-dla-firm\/wieczor-integracyjny\/#breadcrumb"},"inLanguage":"de","potentialAction":[{"@type":"ReadAction","target":["https:\/\/www.koronakarkonoszy.pl\/blog-dla-firm\/wieczor-integracyjny\/"]}]},{"@type":"ImageObject","inLanguage":"de","@id":"https:\/\/www.koronakarkonoszy.pl\/blog-dla-firm\/wieczor-integracyjny\/#primaryimage","url":"https:\/\/www.koronakarkonoszy.pl\/blog-dla-firm\/wp-content\/uploads\/2022\/03\/impreza_tematyczna99-scaled.jpg","contentUrl":"https:\/\/www.koronakarkonoszy.pl\/blog-dla-firm\/wp-content\/uploads\/2022\/03\/impreza_tematyczna99-scaled.jpg","width":2560,"height":1707,"caption":"Impreza przebierana, Dw\u00f3r Korona Karkonoszy, Sosn\u00f3wka k. Karpacza"},{"@type":"BreadcrumbList","@id":"https:\/\/www.koronakarkonoszy.pl\/blog-dla-firm\/wieczor-integracyjny\/#breadcrumb","itemListElement":[{"@type":"ListItem","position":1,"name":"Strona g\u0142\u00f3wna","item":"https:\/\/www.koronakarkonoszy.pl\/blog-dla-firm\/"},{"@type":"ListItem","position":2,"name":"Wiecz\u00f3r integracyjny: kilka sprawdzonych scenariuszy"}]},{"@type":"WebSite","@id":"https:\/\/www.koronakarkonoszy.pl\/blog-dla-firm\/#website","url":"https:\/\/www.koronakarkonoszy.pl\/blog-dla-firm\/","name":":: Blog f\u00fcr Unternehmen \u2013 Schulung, Teammanagement, Teambuilding","description":"","potentialAction":[{"@type":"SearchAction","target":{"@type":"EntryPoint","urlTemplate":"https:\/\/www.koronakarkonoszy.pl\/blog-dla-firm\/?s={search_term_string}"},"query-input":{"@type":"PropertyValueSpecification","valueRequired":true,"valueName":"search_term_string"}}],"inLanguage":"de"},{"@type":"Person","@id":"https:\/\/www.koronakarkonoszy.pl\/blog-dla-firm\/#\/schema\/person\/c06752c3cb176906b455582ff7ef925e","name":"Agnes","image":{"@type":"ImageObject","inLanguage":"de","@id":"https:\/\/www.koronakarkonoszy.pl\/blog-dla-firm\/wp-content\/litespeed\/avatar\/53ee7b676463f74d0aea1a09de3d003b.jpg?ver=1777446304","url":"https:\/\/www.koronakarkonoszy.pl\/blog-dla-firm\/wp-content\/litespeed\/avatar\/53ee7b676463f74d0aea1a09de3d003b.jpg?ver=1777446304","contentUrl":"https:\/\/www.koronakarkonoszy.pl\/blog-dla-firm\/wp-content\/litespeed\/avatar\/53ee7b676463f74d0aea1a09de3d003b.jpg?ver=1777446304","caption":"agnieszka"},"url":"https:\/\/www.koronakarkonoszy.pl\/blog-dla-firm\/de\/author\/agnieszka\/"}]}},"_links":{"self":[{"href":"https:\/\/www.koronakarkonoszy.pl\/blog-dla-firm\/de\/wp-json\/wp\/v2\/posts\/2555","targetHints":{"allow":["GET"]}}],"collection":[{"href":"https:\/\/www.koronakarkonoszy.pl\/blog-dla-firm\/de\/wp-json\/wp\/v2\/posts"}],"about":[{"href":"https:\/\/www.koronakarkonoszy.pl\/blog-dla-firm\/de\/wp-json\/wp\/v2\/types\/post"}],"author":[{"embeddable":true,"href":"https:\/\/www.koronakarkonoszy.pl\/blog-dla-firm\/de\/wp-json\/wp\/v2\/users\/11"}],"replies":[{"embeddable":true,"href":"https:\/\/www.koronakarkonoszy.pl\/blog-dla-firm\/de\/wp-json\/wp\/v2\/comments?post=2555"}],"version-history":[{"count":3,"href":"https:\/\/www.koronakarkonoszy.pl\/blog-dla-firm\/de\/wp-json\/wp\/v2\/posts\/2555\/revisions"}],"predecessor-version":[{"id":10353,"href":"https:\/\/www.koronakarkonoszy.pl\/blog-dla-firm\/de\/wp-json\/wp\/v2\/posts\/2555\/revisions\/10353"}],"wp:featuredmedia":[{"embeddable":true,"href":"https:\/\/www.koronakarkonoszy.pl\/blog-dla-firm\/de\/wp-json\/wp\/v2\/media\/7795"}],"wp:attachment":[{"href":"https:\/\/www.koronakarkonoszy.pl\/blog-dla-firm\/de\/wp-json\/wp\/v2\/media?parent=2555"}],"wp:term":[{"taxonomy":"category","embeddable":true,"href":"https:\/\/www.koronakarkonoszy.pl\/blog-dla-firm\/de\/wp-json\/wp\/v2\/categories?post=2555"}],"curies":[{"name":"wp","href":"https:\/\/api.w.org\/{rel}","templated":true}]}}