{"id":2482,"date":"2024-08-02T20:36:00","date_gmt":"2024-08-02T18:36:00","guid":{"rendered":"https:\/\/www.koronakarkonoszy.pl\/blog-dla-firm\/?p=2482"},"modified":"2025-01-16T10:29:09","modified_gmt":"2025-01-16T09:29:09","slug":"warsztaty-integracyjne","status":"publish","type":"post","link":"https:\/\/www.koronakarkonoszy.pl\/blog-dla-firm\/de\/warsztaty-integracyjne\/","title":{"rendered":"Integrationsworkshops: Der perfekte Weg zu einem harmonischen Team"},"content":{"rendered":"\n<p>Organizacja wyjazd\u00f3w firmowych wymaga dopilnowania wielu spraw, dlatego warto powierzy\u0107 to zadanie dzia\u0142owi marketingu lub HR. Jednak je\u015bli prowadzisz ma\u0142\u0105 firm\u0119 lub lubisz tego typu wyzwania, mo\u017cesz zorganizowa\u0107 warsztaty integracyjne samodzielnie. Sprawd\u017a, jak zaplanowa\u0107 udany event dla pracownik\u00f3w!<\/p>\n\n\n\n<p><strong>Czego si\u0119 dowiesz z artyku\u0142u?<\/strong><\/p>\n\n\n\n<p>Czy zastanawia\u0142e\u015b si\u0119 kiedy\u015b, dlaczego integracja pracownik\u00f3w jest tak wa\u017cna? Mo\u017ce zauwa\u017cy\u0142e\u015b, \u017ce w Twojej firmie pojawiaj\u0105 si\u0119 konflikty, kt\u00f3re utrudniaj\u0105 efektywn\u0105 wsp\u00f3\u0142prac\u0119? A mo\u017ce zastanawiasz si\u0119, jakie metody mog\u0105 pom\u00f3c zatrzyma\u0107 warto\u015bciowych pracownik\u00f3w i zbudowa\u0107 zgrany zesp\u00f3\u0142?<\/p>\n\n\n\n<p>Integracja pracownik\u00f3w to kluczowy element budowania silnej i efektywnej organizacji. Warsztaty integracyjne mog\u0105 okaza\u0107 si\u0119 strza\u0142em w dziesi\u0105tk\u0119, je\u015bli chodzi o popraw\u0119 relacji w zespole, zwi\u0119kszenie motywacji oraz wspieranie kreatywno\u015bci. Dzi\u0119ki tego typu wydarzeniom pracownicy maj\u0105 okazj\u0119 lepiej si\u0119 pozna\u0107, zrozumie\u0107 nawzajem swoje mocne strony i znale\u017a\u0107 wsp\u00f3lny j\u0119zyk.<\/p>\n\n\n\n<p>W tym artykule przyjrzymy si\u0119 bli\u017cej, jak zorganizowa\u0107 warsztaty integracyjne, jakie cele mo\u017cna dzi\u0119ki nim osi\u0105gn\u0105\u0107, a tak\u017ce dlaczego warto rozwa\u017cy\u0107 organizacj\u0119 warsztat\u00f3w integracyjnych w g\u00f3rach. Dowiesz si\u0119 r\u00f3wnie\u017c, jak zorganizowa\u0107 integracyjne warsztaty kulinarne, kt\u00f3re mog\u0105 sta\u0107 si\u0119 nie tylko \u015bwietn\u0105 zabaw\u0105, ale i okazj\u0105 do nauki wsp\u00f3\u0142pracy w zespole.<\/p>\n\n\n\n<p>Zapraszamy do lektury i odkrycia, jak warsztaty integracyjne mog\u0105 odmieni\u0107 oblicze Twojej firmy!<\/p>\n\n\n<div id=\"ariadna-block_9d146cbc0bcb83e87c1af77445593ca0\" class=\"ariadna\">\n    <ul><li><a href=\"#ha-dlaczego-integracja-pracownikow-jest-wazna\">Dlaczego integracja pracownik\u00f3w jest wa\u017cna?<\/a><\/li><li><a href=\"#ha-jak-nie-dopuscic-do-konfliktow-w-firmie\">Jak nie dopu\u015bci\u0107 do konflikt\u00f3w w firmie?<\/a><\/li><li><a href=\"#h-jakie-sa-metody-integracji-pracownikow\">Jakie s\u0105 metody integracji pracownik\u00f3w?<\/a><\/li><li><a href=\"#ha-czy-warsztaty-integracyjne-pomoga-zatrzymac-wartosciowych-pracownikow\">Czy warsztaty integracyjne pomog\u0105 zatrzyma\u0107 warto\u015bciowych pracownik\u00f3w?<\/a><\/li><li><a href=\"#ha-warsztaty-integracyjne-klucz-do-efektywnej-wspolpracy\">Warsztaty integracyjne \u2013 klucz do efektywnej wsp\u00f3\u0142pracy<\/a><\/li><li><a href=\"#ha-warsztaty-integracyjne-dla-firm-inwestycja-w-rozwoj-zespolu\">Warsztaty integracyjne dla firm \u2013 inwestycja w rozw\u00f3j zespo\u0142u<\/a><\/li><li><a href=\"#ha-warsztaty-integracyjne-dla-pracownikow-cele-do-osiagniecia\">Warsztaty integracyjne dla pracownik\u00f3w \u2013 cele do osi\u0105gni\u0119cia<\/a><\/li><li><a href=\"#h-jak-zorganizowac-warsztaty-integracyjne\">Jak zorganizowa\u0107 warsztaty integracyjne?<\/a><\/li><li><a href=\"#ha-warsztaty-integracyjne-dla-doroslych\">Warsztaty integracyjne dla doros\u0142ych<\/a><\/li><li><a href=\"#h-jak-zorganizowac-integracyjne-warsztaty-kulinarne\">Jak zorganizowa\u0107 integracyjne warsztaty kulinarne?<\/a><\/li><li><a href=\"#ha-gdzie-zrobic-warsztaty-integracyjne-dla-firm\">Gdzie zrobi\u0107 warsztaty integracyjne dla firm?<\/a><\/li><li><a href=\"#h-warsztaty-integracyjne-dla-firm-w-gorach-dlaczego-to-dobry-pomysl\">Warsztaty integracyjne dla firm w g\u00f3rach &#8211; dlaczego to dobry pomys\u0142?<\/a><\/li><\/ul>\n<\/div>\n\n\n\n\n\n\n<h2 class=\"wp-block-heading\" id=\"ha-dlaczego-integracja-pracownikow-jest-wazna\">Dlaczego integracja pracownik\u00f3w jest wa\u017cna?<\/h2>\n\n\n\n<p>Wsz\u0119dzie, gdzie pracuje wi\u0119cej ni\u017c jedna osoba, trzeba co\u015b ustala\u0107 w grupie pracowniczej. Na przyk\u0142ad podzia\u0142 zada\u0144: kto ma je wykona\u0107 i w jaki spos\u00f3b? To wymaga ju\u017c komunikacji mi\u0119dzy pracownikami i zrozumienia specyfiki pracy poszczeg\u00f3lnych dzia\u0142\u00f3w, przynajmniej na poziomie potrzebnym do osi\u0105gni\u0119cia za\u0142o\u017conego celu. W przypadku wi\u0119kszych firm i trudniejszych wyzwa\u0144 porozumienie i realizacja za\u0142o\u017conego celu jest jeszcze trudniejsze i wymaga wi\u0119kszej koordynacji. Do tego, aby praca by\u0142a efektywna, potrzebna jest skuteczna komunikacja. Ale nie tylko ona jest niezb\u0119dna. Musi te\u017c pojawi\u0107 si\u0119 wola wsp\u00f3\u0142pracy i cho\u0107by minimalne zaanga\u017cowanie ze strony kadry.<\/p>\n\n\n\n<figure class=\"wp-block-image size-large is-resized\"><a href=\"https:\/\/www.koronakarkonoszy.pl\/konfigurator-imprez\/\" target=\"_blank\" rel=\"noreferrer noopener\"><img loading=\"lazy\" decoding=\"async\" width=\"1024\" height=\"510\" src=\"https:\/\/www.koronakarkonoszy.pl\/blog-dla-firm\/wp-content\/uploads\/2023\/11\/DKK-konfigurator_01-1024x510.jpg\" alt=\"Konfigurator imprez firmowych agencji eventowej Dw\u00f3r Korona Karkonoszy\" class=\"wp-image-7804\" style=\"width:855px;height:auto\" title=\"Konfigurator imprez firmowych agencji eventowej \" srcset=\"https:\/\/www.koronakarkonoszy.pl\/blog-dla-firm\/wp-content\/uploads\/2023\/11\/DKK-konfigurator_01-1024x510.jpg 1024w, https:\/\/www.koronakarkonoszy.pl\/blog-dla-firm\/wp-content\/uploads\/2023\/11\/DKK-konfigurator_01-300x150.jpg 300w, https:\/\/www.koronakarkonoszy.pl\/blog-dla-firm\/wp-content\/uploads\/2023\/11\/DKK-konfigurator_01-768x383.jpg 768w, https:\/\/www.koronakarkonoszy.pl\/blog-dla-firm\/wp-content\/uploads\/2023\/11\/DKK-konfigurator_01-1920x957.jpg 1920w, https:\/\/www.koronakarkonoszy.pl\/blog-dla-firm\/wp-content\/uploads\/2023\/11\/DKK-konfigurator_01-1536x766.jpg 1536w, https:\/\/www.koronakarkonoszy.pl\/blog-dla-firm\/wp-content\/uploads\/2023\/11\/DKK-konfigurator_01-18x9.jpg 18w, https:\/\/www.koronakarkonoszy.pl\/blog-dla-firm\/wp-content\/uploads\/2023\/11\/DKK-konfigurator_01.jpg 2040w\" sizes=\"auto, (max-width: 1024px) 100vw, 1024px\" \/><\/a><\/figure>\n\n\n\n<p>Integracja pracownik\u00f3w ma w\u0142a\u015bnie takie zadanie. Ma sprawi\u0107, by ludzie nie tylko prawid\u0142owo si\u0119 komunikowali, ale te\u017c chcieli wsp\u00f3lnie pracowa\u0107. Nie ma nic gorszego ni\u017c blokowanie informacji czy dzia\u0142ania przeciwko kierownikowi albo innemu pracownikowi, kt\u00f3re ostatecznie mog\u0105 spowodowa\u0107 straty w firmie. Wyobra\u017amy sobie, \u017ce magazynier \u015bwiadomie op\u00f3\u017ania wydanie towaru, bo nie lubi danego kierowcy. Albo nie wykonujemy us\u0142ugi w pe\u0142nym zakresie czy wr\u0119cz wykonujemy j\u0105 nieprawid\u0142owo, bo przyjmuj\u0105cy zlecenie w og\u00f3le nie konsultowa\u0142 si\u0119 z ostatecznym wykonawc\u0105. Na ko\u0144cu zawsze jest klient i jego nie b\u0119dzie interesowa\u0107, na jakim etapie co\u015b posz\u0142o nie tak. Po prostu wystawi nam z\u0142\u0105 opini\u0119 w sieci albo nie zap\u0142aci za \u017ale wykonan\u0105 us\u0142ug\u0119. I z pewno\u015bci\u0105 nie wr\u00f3ci do firmy, kt\u00f3r\u0105 b\u0119dzie postrzega\u0142 jako byle jak\u0105.<\/p>\n\n\n\n<figure class=\"wp-block-image size-large\"><img loading=\"lazy\" decoding=\"async\" width=\"1024\" height=\"683\" src=\"https:\/\/www.koronakarkonoszy.pl\/blog-dla-firm\/wp-content\/uploads\/2022\/01\/Narciarskie-wyjazdy-firmowe-1024x683.jpg\" alt=\"Narciarskie wyjazdy firmowe: gratka dla fan\u00f3w zimowego szale\u0144stwa\" class=\"wp-image-1994\" srcset=\"https:\/\/www.koronakarkonoszy.pl\/blog-dla-firm\/wp-content\/uploads\/2022\/01\/Narciarskie-wyjazdy-firmowe-1024x683.jpg 1024w, https:\/\/www.koronakarkonoszy.pl\/blog-dla-firm\/wp-content\/uploads\/2022\/01\/Narciarskie-wyjazdy-firmowe-300x200.jpg 300w, https:\/\/www.koronakarkonoszy.pl\/blog-dla-firm\/wp-content\/uploads\/2022\/01\/Narciarskie-wyjazdy-firmowe-768x512.jpg 768w, https:\/\/www.koronakarkonoszy.pl\/blog-dla-firm\/wp-content\/uploads\/2022\/01\/Narciarskie-wyjazdy-firmowe.jpg 1240w\" sizes=\"auto, (max-width: 1024px) 100vw, 1024px\" \/><figcaption class=\"wp-element-caption\"><strong>Firmowy <a href=\"https:\/\/www.koronakarkonoszy.pl\/blog-dla-firm\/narciarskie-wyjazdy-firmowe\/\" target=\"_blank\" rel=\"noreferrer noopener\">wyjazd na narty<\/a><\/strong>, <strong>Karkonosze <\/strong><\/figcaption><\/figure>\n\n\n\n<h2 class=\"wp-block-heading\" id=\"ha-jak-nie-dopuscic-do-konfliktow-w-firmie\">Jak nie dopu\u015bci\u0107 do konflikt\u00f3w w firmie?<\/h2>\n\n\n\n<p>W ka\u017cdej grupie ludzkiej nieuchronnie co jaki\u015b czas pojawiaj\u0105 si\u0119 konflikty, niesnaski czy cho\u0107by tylko nieporozumienia. Nie inaczej jest w pracy. Oczywi\u015bcie zwykle w firmie wszyscy staraj\u0105 si\u0119 zachowa\u0107 profesjonalizm, jednak nie znaczy to, \u017ce nie pojawiaj\u0105 si\u0119 sympatie i antypatie. A one mog\u0105 mie\u0107 prze\u0142o\u017cenie na atmosfer\u0119 panuj\u0105c\u0105 w firmie, a ta z kolei \u2013 na osi\u0105gane wyniki. Je\u015bli pracownicy przestaj\u0105 si\u0119 komunikowa\u0107 ze sob\u0105, nie przekazuj\u0105 sobie ustale\u0144 i nie dziel\u0105 si\u0119 pomys\u0142ami, najwy\u017cszy\u00a0 czas, by zacz\u0105\u0107 dzia\u0142a\u0107.<\/p>\n\n\n<section id=\"leonardo-block_f9c6bd4200cf5ae8b6157b98f4c25b47\" class=\"leonardo page-breaker leonardo-image-right\">\n    <div class=\"leonardo-body\">\n                <div class=\"leonardo-content\"><h3><strong data-rich-text-format-boundary=\"true\">Szkolenia integracyjne &#8211; korzy\u015bci<\/strong><\/h3>\n<p><strong data-rich-text-format-boundary=\"true\">Warsztaty integracyjne, <\/strong><a href=\"https:\/\/www.koronakarkonoszy.pl\/blog-dla-firm\/czy-warto-organizowac-szkolenia-integracyjne-dla-firm\/\" target=\"_blank\" rel=\"noopener\">szkolenia integracyjne<\/a>, gry typu <a href=\"https:\/\/www.koronakarkonoszy.pl\/blog-dla-firm\/15-zabaw-team-buildingowych\/\" class=\"links-placer\">team building<\/a> z du\u017cym prawdopodobie\u0144stwem sprawi\u0105, \u017ce atmosfera w firmie b\u0119dzie przyjazna. Oczywi\u015bcie pracownicy r\u00f3\u017cni\u0105 si\u0119 osobowo\u015bci\u0105, temperamentem, sposobem bycia, ale nie musi to generowa\u0107 konflikt\u00f3w. Wr\u0119cz przeciwnie, mo\u017ce by\u0107 \u017ar\u00f3d\u0142em nowych, \u015bwie\u017cych pomys\u0142\u00f3w i kreatywnego podej\u015bcia do rozwi\u0105zywania problem\u00f3w w pracy.<\/p>\n<p>Czas sp\u0119dzony wsp\u00f3lnie w mniej formalnej atmosferze sprzyja lepszemu poznaniu si\u0119, a to pierwszy krok do akceptacji, a nawet sympatii. Zwykle okazuje si\u0119 wtedy, \u017ce kole\u017canka z s\u0105siedniego dzia\u0142u, kt\u00f3ra wydawa\u0142a si\u0119 wszystkim tak wynios\u0142a, jest po prostu troch\u0119 zamkni\u0119ta w sobie i trudno jej nawi\u0105zywa\u0107 kontakty mi\u0119dzyludzkie. Ale za to jest wspania\u0142\u0105 organizatork\u0105 i warto to wykorzysta\u0107 w firmie.<\/p>\n<\/div>\n                    <aside class=\"leonardo-interlink\">\n                <b>Polecamy<\/b>\n                <a href=\"https:\/\/www.koronakarkonoszy.pl\/blog-dla-firm\/de\/zabawy-integracyjne\/\">Zabawy integracyjne<\/a>\n            <\/aside>\n            <\/div>\n    <div class=\"leonardo-image\">\n        <img loading=\"lazy\" decoding=\"async\" width=\"1280\" height=\"853\" src=\"https:\/\/www.koronakarkonoszy.pl\/blog-dla-firm\/wp-content\/uploads\/2022\/02\/pexels-fauxels-3184291.jpg\" class=\"attachment-full size-full\" alt=\"Nowy pracownik w firmie - onboarding\" srcset=\"https:\/\/www.koronakarkonoszy.pl\/blog-dla-firm\/wp-content\/uploads\/2022\/02\/pexels-fauxels-3184291.jpg 1280w, https:\/\/www.koronakarkonoszy.pl\/blog-dla-firm\/wp-content\/uploads\/2022\/02\/pexels-fauxels-3184291-300x200.jpg 300w, https:\/\/www.koronakarkonoszy.pl\/blog-dla-firm\/wp-content\/uploads\/2022\/02\/pexels-fauxels-3184291-1024x682.jpg 1024w, https:\/\/www.koronakarkonoszy.pl\/blog-dla-firm\/wp-content\/uploads\/2022\/02\/pexels-fauxels-3184291-768x512.jpg 768w\" sizes=\"auto, (max-width: 1280px) 100vw, 1280px\" \/>            <\/div>\n<\/section>\n\n\n<h2 class=\"wp-block-heading\" id=\"h-jakie-sa-metody-integracji-pracownikow\">Jakie s\u0105 metody integracji pracownik\u00f3w?<\/h2>\n\n\n\n<p>Integracja pracownik\u00f3w za pomoc\u0105 r\u00f3\u017cnego rodzaju metod i narz\u0119dzi ma za zadanie sprawi\u0107, aby do r\u00f3\u017cnego rodzaju zaniecha\u0144 w dziedzinie komunikacji i wsp\u00f3\u0142pracy nie dochodzi\u0142o. A wr\u0119cz, aby to sami pracownicy rozwi\u0105zywali drobne problemy i wspierali si\u0119 nawzajem. Je\u015bli relacje pracownicze b\u0119d\u0105 dobre, nie b\u0119dzie problem\u00f3w z zast\u0119pstwami w pracy. Unikniemy niepotrzebnych tar\u0107 albo konflikt\u00f3w. Jednak aby atmosfera by\u0142a dobra, potrzebny jest pewien wysi\u0142ek i \u015bwiadome kszta\u0142towanie odpowiednich relacji miedzy lud\u017ami. Aby jednak to osi\u0105gn\u0105\u0107, potrzebne s\u0105 warsztaty integracyjne, szkolenia z komunikacji albo inne eventy firmowe, buduj\u0105ce wi\u0119zi mi\u0119dzy lud\u017ami.<\/p>\n\n\n\n<figure class=\"wp-block-image size-large\"><img loading=\"lazy\" decoding=\"async\" width=\"1024\" height=\"683\" src=\"https:\/\/www.koronakarkonoszy.pl\/blog-dla-firm\/wp-content\/uploads\/2022\/02\/DKK_16_15_12_MIV_1190-1024x683.jpg\" alt=\"\" class=\"wp-image-3276\" srcset=\"https:\/\/www.koronakarkonoszy.pl\/blog-dla-firm\/wp-content\/uploads\/2022\/02\/DKK_16_15_12_MIV_1190-1024x683.jpg 1024w, https:\/\/www.koronakarkonoszy.pl\/blog-dla-firm\/wp-content\/uploads\/2022\/02\/DKK_16_15_12_MIV_1190-300x200.jpg 300w, https:\/\/www.koronakarkonoszy.pl\/blog-dla-firm\/wp-content\/uploads\/2022\/02\/DKK_16_15_12_MIV_1190-768x512.jpg 768w, https:\/\/www.koronakarkonoszy.pl\/blog-dla-firm\/wp-content\/uploads\/2022\/02\/DKK_16_15_12_MIV_1190-1920x1280.jpg 1920w, https:\/\/www.koronakarkonoszy.pl\/blog-dla-firm\/wp-content\/uploads\/2022\/02\/DKK_16_15_12_MIV_1190-1536x1024.jpg 1536w, https:\/\/www.koronakarkonoszy.pl\/blog-dla-firm\/wp-content\/uploads\/2022\/02\/DKK_16_15_12_MIV_1190-2048x1365.jpg 2048w\" sizes=\"auto, (max-width: 1024px) 100vw, 1024px\" \/><figcaption class=\"wp-element-caption\"><strong>Dw\u00f3r Korona Karkonoszy, <a href=\"https:\/\/www.koronakarkonoszy.pl\/blog-atrakcje\/sosnowka\/\" class=\"links-placer\">Sosn\u00f3wka<\/a> k. Karpacza &#8211; impreza firmowa <\/strong><\/figcaption><\/figure>\n\n\n\n<p>Je\u015bli pracownicy si\u0119 nie znaj\u0105, je\u015bli nic o sobie nie wiedz\u0105, trudno b\u0119dzie zbudowa\u0107 prawid\u0142owe relacje pracownicze. Oczywi\u015bcie mo\u017cna powiedzie\u0107, \u017ce to tylko praca, \u017ce ludzie z firmy nie musz\u0105 si\u0119 lubi\u0107. Jednak wszyscy dobrze wiemy, \u017ce lepiej nam si\u0119 pracuje z tymi, do kt\u00f3rych czujemy cho\u0107by minimaln\u0105 sympati\u0119. A t\u0119 \u0142atwiej poczu\u0107 do kogo\u015b, kto nie jest ca\u0142kiem anonimowy, z kim wsp\u00f3lnie g\u0142owili\u015bmy si\u0119 nad rozwi\u0105zaniem zagadki kryminalnej podczas wyjazdu integracyjnego. I z kim \u015bmiali\u015bmy si\u0119 do rozpuku podczas firmowego festiwalu karaoke.<\/p>\n\n\n<section id=\"leonardo-block_194164c0144d6124435c1887d4195c9a\" class=\"leonardo page-breaker leonardo-image-left\">\n    <div class=\"leonardo-body\">\n                <div class=\"leonardo-content\"><p><!-- wp:heading --><\/p>\n<h3 id=\"ha-team-building-zabawy-integracyjne\">Team building zabawy integracyjne<\/h3>\n<p>Zabawy integracyjne to doskona\u0142e narz\u0119dzie budowy zgranego zespo\u0142u, silnego si\u0142\u0105 wszystkich swych cz\u0142onk\u00f3w. Team building pozwala rozpozna\u0107 mocne i s\u0142abe strony poszczeg\u00f3lnych pracownik\u00f3w, a potem pracowa\u0107 nad tym, co mo\u017cna i warto zmieni\u0107. Poza tym dzi\u0119ki analizie zachowa\u0144 pracownik\u00f3w w czasie gier i zabaw buduj\u0105cych grup\u0119 mo\u017cna przydziela\u0107 zadania adekwatne do mo\u017cliwo\u015bci, kompetencji i charakteru poszczeg\u00f3lnych cz\u0142onk\u00f3w zespo\u0142u. A takie podej\u015bcie przynosi wymierne korzy\u015bci \u2013 zadania wykonywane s\u0105 lepiej i szybciej, gdy \u201ele\u017c\u0105\u201d danej osobie. Popularne powiedzenie g\u0142osi, \u017ce z niewolnika nie ma pracownika, i co\u015b w tym jest. Dlatego z pewno\u015bci\u0105 warto zainwestowa\u0107 w <a href=\"https:\/\/www.koronakarkonoszy.pl\/blog-dla-firm\/team-building-zadania-ktore-stworza-silny-zespol\/\" target=\"_blank\" rel=\"noopener\">team building<\/a>.<\/p>\n<p><!-- \/wp:paragraph --><\/p>\n<\/div>\n            <\/div>\n    <div class=\"leonardo-image\">\n        <img loading=\"lazy\" decoding=\"async\" width=\"1920\" height=\"1280\" src=\"https:\/\/www.koronakarkonoszy.pl\/blog-dla-firm\/wp-content\/uploads\/2022\/05\/kreatywne-zabawy-integracyjne-2.jpg\" class=\"attachment-full size-full\" alt=\"Kreatywne zabawy integracyjne: zesp\u00f3\u0142\" srcset=\"https:\/\/www.koronakarkonoszy.pl\/blog-dla-firm\/wp-content\/uploads\/2022\/05\/kreatywne-zabawy-integracyjne-2.jpg 1920w, https:\/\/www.koronakarkonoszy.pl\/blog-dla-firm\/wp-content\/uploads\/2022\/05\/kreatywne-zabawy-integracyjne-2-300x200.jpg 300w, https:\/\/www.koronakarkonoszy.pl\/blog-dla-firm\/wp-content\/uploads\/2022\/05\/kreatywne-zabawy-integracyjne-2-1024x683.jpg 1024w, https:\/\/www.koronakarkonoszy.pl\/blog-dla-firm\/wp-content\/uploads\/2022\/05\/kreatywne-zabawy-integracyjne-2-768x512.jpg 768w, https:\/\/www.koronakarkonoszy.pl\/blog-dla-firm\/wp-content\/uploads\/2022\/05\/kreatywne-zabawy-integracyjne-2-1536x1024.jpg 1536w\" sizes=\"auto, (max-width: 1920px) 100vw, 1920px\" \/>            <\/div>\n<\/section>\n\n\n<h2 class=\"wp-block-heading\" id=\"ha-czy-warsztaty-integracyjne-pomoga-zatrzymac-wartosciowych-pracownikow\">Czy warsztaty integracyjne pomog\u0105 zatrzyma\u0107 warto\u015bciowych pracownik\u00f3w?<\/h2>\n\n\n\n<p>Ka\u017cdy manager wie, \u017ce firma to nie tylko biuro czy hala produkcyjna. One same z siebie niczego nie tworz\u0105, nie produkuj\u0105 i nie wytwarzaj\u0105 zysk\u00f3w. To cz\u0142owiek kreuje pomys\u0142y i wprawia przedsi\u0119biorstwo w ruch. Do\u015bwiadczony, wykwalifikowany i zaanga\u017cowany pracownik nie jest \u0142atwy do zast\u0105pienia. To bardzo cenny zas\u00f3b (cho\u0107 wiele os\u00f3b nie lubi tego okre\u015blenia), o kt\u00f3ry trzeba dba\u0107 tak, jak o inne, bardzo warto\u015bciowe elementy firmy. Czy w dobie du\u017cej konkurencji na rynku i konkurowania o pracownika za pomoc\u0105 p\u0142acy mo\u017cna go zatrzyma\u0107 innymi argumentami? Okazuje si\u0119, \u017ce tak.<\/p>\n\n\n\n<h2 class=\"wp-block-heading\" id=\"ha-warsztaty-integracyjne-klucz-do-efektywnej-wspolpracy\">Warsztaty integracyjne \u2013 klucz do efektywnej wsp\u00f3\u0142pracy<\/h2>\n\n\n\n<p><strong>Warsztaty integracyjne dla doros\u0142ych<\/strong> to doskona\u0142y spos\u00f3b na budowanie relacji w zespole. Wsp\u00f3lne zaj\u0119cia pozwalaj\u0105 pracownikom lepiej si\u0119 pozna\u0107, co sprzyja wsp\u00f3\u0142pracy. Podczas takich warsztat\u00f3w uczestnicy rozwijaj\u0105 umiej\u0119tno\u015bci komunikacyjne i ucz\u0105 si\u0119 pracy w grupie. Warto organizowa\u0107 <strong>warsztaty integracyjne<\/strong> podczas takich wydarze\u0144, jak <a href=\"https:\/\/www.koronakarkonoszy.pl\/blog-dla-firm\/wyjazd-integracyjny-w-gorach\/\"><strong>imprezy integracyjne w g\u00f3rach<\/strong><\/a>, kt\u00f3re dodaj\u0105 wydarzeniom wyj\u0105tkowego charakteru. Regularne <strong>warsztaty integracyjne dla firm<\/strong> wspieraj\u0105 rozwi\u0105zywanie konflikt\u00f3w i budowanie wzajemnego zaufania. Dzi\u0119ki temu pracownicy czuj\u0105 si\u0119 bardziej zmotywowani i zaanga\u017cowani w realizacj\u0119 wsp\u00f3lnych cel\u00f3w. Je\u015bli zale\u017cy Ci na wyj\u0105tkowym wydarzeniu, pomy\u015bl o zorganizowaniu go w <a href=\"https:\/\/www.koronakarkonoszy.pl\/blog-dla-firm\/gdzie-na-wyjazd-integracyjny\/\"><strong>fajnym miejscu na wyjazd integracyjny<\/strong><\/a>.<\/p>\n\n\n\n<h2 class=\"wp-block-heading\" id=\"ha-warsztaty-integracyjne-dla-firm-inwestycja-w-rozwoj-zespolu\">Warsztaty integracyjne dla firm \u2013 inwestycja w rozw\u00f3j zespo\u0142u<\/h2>\n\n\n\n<p><strong>Warsztaty integracyjne dla firm<\/strong> to nie tylko spos\u00f3b na zacie\u015bnianie wi\u0119zi, ale tak\u017ce na popraw\u0119 efektywno\u015bci zespo\u0142u. Dzi\u0119ki takim wydarzeniom pracownicy zyskuj\u0105 nowe spojrzenie na wsp\u00f3\u0142prac\u0119 i ucz\u0105 si\u0119 wsp\u00f3lnego rozwi\u0105zywania problem\u00f3w. \u015awietnym wyborem jest organizacja ich w dedykowanym <a href=\"https:\/\/www.koronakarkonoszy.pl\/blog-dla-firm\/miejsca-na-impreze-integracyjna\/\"><strong>miejscu na imprez\u0119 integracyjn\u0105<\/strong><\/a>, kt\u00f3re zapewni odpowiedni\u0105 przestrze\u0144 i atmosfer\u0119. <strong>Warsztaty integracyjne <\/strong>pomagaj\u0105 r\u00f3wnie\u017c w odkrywaniu mocnych stron uczestnik\u00f3w, co przek\u0142ada si\u0119 na lepsz\u0105 organizacj\u0119 pracy. Warto pami\u0119ta\u0107, \u017ce <strong>warsztaty integracyjne<\/strong> zwi\u0119kszaj\u0105 lojalno\u015b\u0107 zespo\u0142u i pozytywnie wp\u0142ywaj\u0105 na atmosfer\u0119 w firmie. W tym celu przydatne mog\u0105 by\u0107 sprawdzone wskaz\u00f3wki na temat <a href=\"https:\/\/www.koronakarkonoszy.pl\/blog-dla-firm\/organizacja-imprez-integracyjnych\/\"><strong>organizacji imprez integracyjnych dla firm<\/strong><\/a>.<\/p>\n\n\n<section id=\"leonardo-block_7612e20e710e40fc33f681315e86ba3a\" class=\"leonardo page-breaker leonardo-image-right\">\n    <div class=\"leonardo-body\">\n                <div class=\"leonardo-content\"><h3 id=\"ha-atmosfera-w-pracy-to-klucz-do-sukcesu\">Atmosfera w pracy to klucz do sukcesu!<\/h3>\n<p>Wed\u0142ug bada\u0144 wielu pracownik\u00f3w nie zmienia zak\u0142adu pracy dlatego, \u017ce w dotychczasowym ma przyjaci\u00f3\u0142 i dobrze si\u0119 czuje. Dobra atmosfera pracy to, obok p\u0142acy i renomy pracodawcy, najwa\u017cniejsze elementy, kt\u00f3rymi kieruj\u0105 si\u0119 obecnie pracownicy przy wyborze firmy. Nawet je\u015bli konkurencja zaoferuje nieco wy\u017csz\u0105 stawk\u0119 za podobn\u0105 prac\u0119, pracownik pozostanie lojalny wobec dotychczasowej firmy, je\u015bli b\u0119dzie mia\u0142 dobre relacje z pozosta\u0142ymi pracownikami.<\/p>\n<\/div>\n            <\/div>\n    <div class=\"leonardo-image\">\n        <img loading=\"lazy\" decoding=\"async\" width=\"1920\" height=\"1280\" src=\"https:\/\/www.koronakarkonoszy.pl\/blog-dla-firm\/wp-content\/uploads\/2022\/05\/zadania-integracyjne-dobra-zabawa.jpg\" class=\"attachment-full size-full\" alt=\"Zadania integracyjne\" srcset=\"https:\/\/www.koronakarkonoszy.pl\/blog-dla-firm\/wp-content\/uploads\/2022\/05\/zadania-integracyjne-dobra-zabawa.jpg 1920w, https:\/\/www.koronakarkonoszy.pl\/blog-dla-firm\/wp-content\/uploads\/2022\/05\/zadania-integracyjne-dobra-zabawa-300x200.jpg 300w, https:\/\/www.koronakarkonoszy.pl\/blog-dla-firm\/wp-content\/uploads\/2022\/05\/zadania-integracyjne-dobra-zabawa-1024x683.jpg 1024w, https:\/\/www.koronakarkonoszy.pl\/blog-dla-firm\/wp-content\/uploads\/2022\/05\/zadania-integracyjne-dobra-zabawa-768x512.jpg 768w, https:\/\/www.koronakarkonoszy.pl\/blog-dla-firm\/wp-content\/uploads\/2022\/05\/zadania-integracyjne-dobra-zabawa-1536x1024.jpg 1536w\" sizes=\"auto, (max-width: 1920px) 100vw, 1920px\" \/>            <\/div>\n<\/section>\n\n\n<p>Warsztaty integracyjne dla pracownik\u00f3w s\u0105 szans\u0105 na zbudowanie takich w\u0142a\u015bnie wi\u0119zi. Oznaczaj\u0105 pokonanie barier komunikacyjnych i stworzenie kr\u0119gu os\u00f3b, na spotkanie z kt\u00f3rymi b\u0119dziemy si\u0119 cieszy\u0107. Brzmi dziwnie? Zapytajmy na imprezie integracyjnej, sk\u0105d ludzie bior\u0105 przepis na ciasto albo kark\u00f3wk\u0119 z grilla? A mo\u017ce z kim cz\u0119\u015bciej rozmawiaj\u0105 &#8211; z domownikami czy z kolegami z pracy?<\/p>\n\n\n\n<h2 class=\"wp-block-heading\" id=\"ha-warsztaty-integracyjne-dla-pracownikow-cele-do-osiagniecia\">Warsztaty integracyjne dla pracownik\u00f3w \u2013 cele do osi\u0105gni\u0119cia<\/h2>\n\n\n\n<p>Podstawowym celem do osi\u0105gni\u0119cia dla pracodawcy jest budowa mocnego zespo\u0142u, kt\u00f3ry osi\u0105gnie zak\u0142adane przez firm\u0119 efekty. To cel kluczowy i d\u0142ugoterminowy. Powinien on by\u0107 realizowany zgodnie z tym, na jakim etapie rozwoju jest obecnie firma. Chodzi o to, \u017ce na przyk\u0142ad ca\u0142kiem nowa firma czy zesp\u00f3\u0142 powinny nieco inaczej organizowa\u0107 warsztaty integracyjne dla pracownik\u00f3w ni\u017c firmy z wieloletnim sta\u017cem. W tym drugim przypadku mo\u017cna ju\u017c raczej pog\u0142\u0119bia\u0107 relacje i dba\u0107 o nie.<\/p>\n\n\n\n<p>Nowe zespo\u0142y powinny skupi\u0107 si\u0119 na wzajemnym poznaniu i zrozumieniu wsp\u00f3lnego celu. Dla takich start-up\u00f3w albo \u015bwie\u017cych struktur w du\u017cych firmach konieczne jest szybkie wypracowanie metod i kana\u0142\u00f3w komunikacji oraz ich wdro\u017cenie. A tak\u017ce umo\u017cliwienie swobodnego komunikowania si\u0119 bez narzucania sztucznych ogranicze\u0144. Sprawdzi si\u0119 to zw\u0142aszcza w bran\u017cach, gdzie du\u017ce znaczenie maj\u0105 innowacyjne technologie i kreatywno\u015b\u0107. Podkre\u015blmy &#8211; <a href=\"https:\/\/www.koronakarkonoszy.pl\/blog-dla-firm\/integracja-krok-po-kroku-jakie-etapy-integracji-wyrozniamy\/\" target=\"_blank\" rel=\"noreferrer noopener\">etapy integracji<\/a> powinny by\u0107 dopasowane do obecnego stanu zespo\u0142u, do jego sta\u017cu, sposobu funkcjonowania i ewentualnych bie\u017c\u0105cych problem\u00f3w.<\/p>\n\n\n\n<p>Zadbajmy o to, \u017ceby efekt warsztat\u00f3w integracyjnych by\u0142 trwa\u0142y. Budowanie silnego i zgranego zespo\u0142u nie powinno ko\u0144czy\u0107 si\u0119 na jednorazowym dzia\u0142aniu. Kolejnymi krokami powinna by\u0107 codzienna dba\u0142o\u015b\u0107 o dobre relacje i kontynuowanie integracji w r\u00f3\u017cnych ciekawych formach. Przemys\u0142 event\u00f3w firmowych ma wiele do zaoferowania, warto wi\u0119c cyklicznie korzysta\u0107 z r\u00f3\u017cnych pomys\u0142\u00f3w na integracj\u0119 pracownik\u00f3w.<\/p>\n\n\n\n<h2 class=\"wp-block-heading\" id=\"h-jak-zorganizowac-warsztaty-integracyjne\"><a><\/a>Jak zorganizowa\u0107 warsztaty integracyjne?<\/h2>\n\n\n\n<p>Je\u015bli w Twoim zespole znajduj\u0105 si\u0119 mi\u0142o\u015bnicy narciarstwa i snowboardu, zorganizuj <a href=\"https:\/\/www.koronakarkonoszy.pl\/blog-dla-firm\/warsztaty-integracyjne-w-gorach\/\" target=\"_blank\" rel=\"noreferrer noopener\">warsztaty integracyjne w g\u00f3rach<\/a>. Zimowe szale\u0144stwo na stoku mo\u017cesz po\u0142\u0105czy\u0107 z grami i zabawami motywacyjnymi. Zanim wybierzesz miejsce na warsztaty integracyjne dla pracownik\u00f3w, upewnij si\u0119, \u017ce dysponuje ono dobrym zapleczem gastronomicznym. Pami\u0119taj te\u017c, aby dopasowa\u0107 scenariusz imprezy do potrzeb firmy i zainteresowa\u0144 uczestnik\u00f3w.<\/p>\n\n\n\n<figure class=\"wp-block-image size-large is-resized\"><a href=\"https:\/\/www.koronakarkonoszy.pl\/konfigurator-imprez\/\" target=\"_blank\" rel=\"noreferrer noopener\"><img loading=\"lazy\" decoding=\"async\" width=\"1024\" height=\"510\" src=\"https:\/\/www.koronakarkonoszy.pl\/blog-dla-firm\/wp-content\/uploads\/2023\/11\/DKK-konfigurator_01-1024x510.jpg\" alt=\"Konfigurator imprez firmowych agencji eventowej Dw\u00f3r Korona Karkonoszy\" class=\"wp-image-7804\" style=\"width:855px;height:auto\" title=\"Konfigurator imprez firmowych agencji eventowej \" srcset=\"https:\/\/www.koronakarkonoszy.pl\/blog-dla-firm\/wp-content\/uploads\/2023\/11\/DKK-konfigurator_01-1024x510.jpg 1024w, https:\/\/www.koronakarkonoszy.pl\/blog-dla-firm\/wp-content\/uploads\/2023\/11\/DKK-konfigurator_01-300x150.jpg 300w, https:\/\/www.koronakarkonoszy.pl\/blog-dla-firm\/wp-content\/uploads\/2023\/11\/DKK-konfigurator_01-768x383.jpg 768w, https:\/\/www.koronakarkonoszy.pl\/blog-dla-firm\/wp-content\/uploads\/2023\/11\/DKK-konfigurator_01-1920x957.jpg 1920w, https:\/\/www.koronakarkonoszy.pl\/blog-dla-firm\/wp-content\/uploads\/2023\/11\/DKK-konfigurator_01-1536x766.jpg 1536w, https:\/\/www.koronakarkonoszy.pl\/blog-dla-firm\/wp-content\/uploads\/2023\/11\/DKK-konfigurator_01-18x9.jpg 18w, https:\/\/www.koronakarkonoszy.pl\/blog-dla-firm\/wp-content\/uploads\/2023\/11\/DKK-konfigurator_01.jpg 2040w\" sizes=\"auto, (max-width: 1024px) 100vw, 1024px\" \/><\/a><\/figure>\n\n\n\n<p><strong>Warsztaty integracyjne dla firm<\/strong> ciesz\u0105 si\u0119 coraz wi\u0119ksz\u0105 popularno\u015bci\u0105. To doskona\u0142a okazja, aby pracownicy stacjonarni i zdalni mogli lepiej si\u0119 pozna\u0107, co w przysz\u0142o\u015bci prze\u0142o\u017cy si\u0119 na skuteczn\u0105 realizacj\u0119 projekt\u00f3w. W ten spos\u00f3b zapominaj\u0105 te\u017c na chwil\u0119 o codziennych obowi\u0105zkach, korporacyjnych standardach i planach sprzeda\u017cy do wykonania.<\/p>\n\n\n\n<style>\n    .cta_block{\n        margin: 1.5em 0;\n    }\n    .cta_block_content {\n        position: relative;\n        color: white;\n        padding: 1em;\n    }\n    .cta_block_content h3{\n        text-align: center;\n        font: normal normal normal 36px\/50px Yeseva One;\n    }\n    .cta_block_content .cta_block_desc{\n        text-align: center;\n        font-size: 1.1em;\n        position: relative;\n    }\n    .cta_block_content .cta_block_desc:before {\n        content: '';\n        width: 80px;\n        height: 4px;\n        background: #EEB315;\n        position: absolute;\n        left: 0;\n        right: 0;\n        margin-left: auto;\n        margin-right: auto;\n        top: -22px;\n    }\n\n    .cta_block_content picture{\n        position: absolute;\n        top: 0;\n        right: 0;\n        z-index: -1;\n        height: 100%;\n        overflow: hidden;\n        width: 100%;\n    }\n    .cta_block_content picture img{\n        object-fit: cover;\n        height: 100%;\n        width: 100%;\n    }\n    .cta_block .cta_block_content .ninja-forms-field{\n        background: #FFFFFF2F;\n        border: 1px solid #EEB315;\n        border-radius: 25px;\n        opacity: 1;\n        color: #ffffff;\n    }\n    .cta_block .cta_block_content .nf-form-content input[type=submit]{\n        background-color: #EEB315;\n        color: #292929;\n        text-align: center;\n        font: normal normal bold 14px\/20px Work Sans;\n        padding: 0 2em;\n    }\n\n    .cta_block ::placeholder{\n        color: white!important;\n        opacity: 1;\n    }\n\n    .cta_block_content::after {\n        height: 100%;\n        width: 100%;\n        content: \"\";\n        z-index: -1;\n        position: absolute;\n        top: 0;\n        background: #00000070;\n        right: 0;\n        left: 0;\n        bottom: 0;\n    }\n    #ha-cta-block, .cta_block_desc, .cta_block .nf-field-label, .cta_block .nf-error-msg {\n        filter: drop-shadow(1px 1px 8px black);\n    }\n\n\/*    .cta_block nf-rows-wrap {\n        display: flex;\n        justify-content: space-around;\n        flex-direction: row;\n    }*\/\n\n    .cta_block .nf-field-label {\n        display:none;\n    }\n\n    .cta_block .nf-error.field-wrap .nf-field-element::after {\n        border-radius: 50px;\n    }\n\n    .cta_block .nf-error-msg {\n        color: #fff;\n    }\n\n    .cta_block .nf-form-cont {\n        margin-top: 3em;\n        margin-bottom: 1em;\n    }\n\n    .wp-admin .cta_block_content{\n        display: none;\n    }\n    .cta_block .nf-form-fields-required {\n        display: none;\n    }\n    body:not(.wp-admin) .cta_block_admin {\n        display: none;\n    }\n<\/style>\n<div id=\"cta_block-block_56feacb61d18a7b0d30cdc321253f812\" class=\"cta_block\">\n    <div class=\"cta_block_admin\" style=\"background-color: blue; color: white\">\n        Blok CTA\n    <\/div>\n    <div class=\"cta_block\">\n        <div class=\"cta_block_content\">   \n        <h3 id=\"ha-szukasz-idealnego-miejsca-na-warsztaty-integracyjne\">Szukasz idealnego miejsca na warsztaty integracyjne?<\/h3>\n                    <div class=\"cta_block_desc\">Jeste\u015bmy jedyn\u0105 agencj\u0105 PR z w\u0142asnym Centrum Eventowym!<\/div>\n                <noscript class=\"ninja-forms-noscript-message\">\n\tHinweis: F\u00fcr diesen Inhalt ist JavaScript erforderlich.<\/noscript>\n<div id=\"nf-form-3-cont\" class=\"nf-form-cont\" aria-live=\"polite\" aria-labelledby=\"nf-form-title-3\" aria-describedby=\"nf-form-errors-3\" role=\"form\">\n\n    <div class=\"nf-loading-spinner\"><\/div>\n\n<\/div>\n        <!-- That data is being printed as a workaround to page builders reordering the order of the scripts loaded-->\n        <script>var formDisplay=1;var nfForms=nfForms||[];var form=[];form.id='3';form.settings={\"objectType\":\"Form Setting\",\"editActive\":true,\"title\":\"Block CTA\",\"created_at\":\"2022-11-09 19:27:14\",\"default_label_pos\":\"above\",\"show_title\":0,\"clear_complete\":\"1\",\"hide_complete\":\"1\",\"logged_in\":\"\",\"wrapper_class\":\"\",\"element_class\":\"\",\"key\":\"\",\"add_submit\":\"0\",\"currency\":\"\",\"repeatable_fieldsets\":\"\",\"unique_field_error\":\"Formularz z t\\u0105 warto\\u015bci\\u0105 zosta\\u0142 ju\\u017c przes\\u0142any.\",\"not_logged_in_msg\":\"\",\"sub_limit_msg\":\"Formularz osi\\u0105gn\\u0105\\u0142 limit wys\\u0142a\\u0144.\",\"calculations\":[],\"container_styles_show_advanced_css\":\"0\",\"title_styles_show_advanced_css\":\"0\",\"row_styles_show_advanced_css\":\"0\",\"row-odd_styles_show_advanced_css\":\"0\",\"success-msg_styles_show_advanced_css\":\"0\",\"error_msg_styles_show_advanced_css\":\"0\",\"formContentData\":[{\"order\":1,\"cells\":[{\"order\":0,\"fields\":[\"phone_1640098275087\"],\"width\":35},{\"order\":1,\"fields\":[\"adres_e-mail_1668018487177\"],\"width\":35},{\"order\":2,\"fields\":[\"zapisz_mnie_1668018472281\"],\"width\":30}]}],\"conditions\":[],\"drawerDisabled\":false,\"allow_public_link\":0,\"embed_form\":\"\",\"changeEmailErrorMsg\":\"Bitte gib eine g\\u00fcltige E-Mail-Adresse ein.\",\"changeDateErrorMsg\":\"Bitte gib ein g\\u00fcltiges Datum ein!\",\"confirmFieldErrorMsg\":\"Diese Felder m\\u00fcssen \\u00fcbereinstimmen!\",\"fieldNumberNumMinError\":\"Die eingegebene Zahl ist zu klein.\",\"fieldNumberNumMaxError\":\"Die eingegebene Zahl ist zu gross.\",\"fieldNumberIncrementBy\":\"Bitte erh\\u00f6hen in Schritten von\",\"formErrorsCorrectErrors\":\"Bitte korrigiere die Fehler, bevor du das Formular sendest.\",\"validateRequiredField\":\"Dies ist ein Pflichtfeld.\",\"honeypotHoneypotError\":\"Honeypot-Fehler\",\"fieldsMarkedRequired\":\"Felder mit einem <span class=\\\"ninja-forms-req-symbol\\\">*<\\\/span> sind Pflichtfelder\",\"form_title_heading_level\":\"3\",\"ninjaForms\":\"Ninja Forms\",\"fieldTextareaRTEInsertLink\":\"Link einf\\u00fcgen\",\"fieldTextareaRTEInsertMedia\":\"Medien einf\\u00fcgen\",\"fieldTextareaRTESelectAFile\":\"Eine Datei ausw\\u00e4hlen\",\"formHoneypot\":\"Falls du ein Mensch bist und dieses Feld siehst, dann lasse es bitte leer.\",\"fileUploadOldCodeFileUploadInProgress\":\"Datei-Upload l\\u00e4uft.\",\"fileUploadOldCodeFileUpload\":\"DATEI-UPLOAD\",\"currencySymbol\":\"&#36;\",\"thousands_sep\":\".\",\"decimal_point\":\",\",\"siteLocale\":\"de_DE\",\"dateFormat\":\"m\\\/d\\\/Y\",\"startOfWeek\":\"1\",\"of\":\"von\",\"previousMonth\":\"Vorheriger Monat\",\"nextMonth\":\"N\\u00e4chster Monat\",\"months\":[\"Januar\",\"Februar\",\"M\\u00e4rz\",\"April\",\"Mai\",\"Juni\",\"Juli\",\"August\",\"September\",\"Oktober\",\"November\",\"Dezember\"],\"monthsShort\":[\"Jan.\",\"Feb.\",\"M\\u00e4rz\",\"Apr.\",\"Mai\",\"Juni\",\"Juli\",\"Aug\",\"Sep.\",\"Okt.\",\"Nov.\",\"Dez.\"],\"weekdays\":[\"Sonntag\",\"Montag\",\"Dienstag\",\"Mittwoch\",\"Donnerstag\",\"Freitag\",\"Samstag\"],\"weekdaysShort\":[\"So.\",\"Mo.\",\"Di.\",\"Mi.\",\"Do.\",\"Fr.\",\"Sa.\"],\"weekdaysMin\":[\"So.\",\"Mo.\",\"Di.\",\"Mi.\",\"Do.\",\"Fr.\",\"Sa.\"],\"recaptchaConsentMissing\":\"reCaptcha validation couldn&#039;t load.\",\"recaptchaMissingCookie\":\"reCaptcha v3 validation couldn&#039;t load the cookie needed to submit the form.\",\"recaptchaConsentEvent\":\"Accept reCaptcha cookies before sending the form.\",\"currency_symbol\":\"\",\"beforeForm\":\"\",\"beforeFields\":\"\",\"afterFields\":\"\",\"afterForm\":\"\"};form.fields=[{\"objectType\":\"Field\",\"objectDomain\":\"fields\",\"editActive\":false,\"order\":1,\"idAttribute\":\"id\",\"type\":\"phone\",\"label\":\"Numer telefonu\",\"key\":\"phone_1640098275087\",\"label_pos\":\"above\",\"required\":\"\",\"default\":\"\",\"placeholder\":\"Numer telefonu\",\"container_class\":\"\",\"element_class\":\"\",\"input_limit\":\"\",\"input_limit_type\":\"characters\",\"input_limit_msg\":\"Liczba pozosta\\u0142ych znak\\u00f3w:\",\"manual_key\":\"\",\"admin_label\":\"\",\"help_text\":\"\",\"mask\":\"\",\"custom_mask\":\"\",\"custom_name_attribute\":\"phone\",\"personally_identifiable\":1,\"wrap_styles_border\":\"\",\"wrap_styles_width\":\"\",\"wrap_styles_margin\":\"\",\"wrap_styles_padding\":\"\",\"wrap_styles_float\":\"\",\"wrap_styles_show_advanced_css\":0,\"label_styles_border\":\"\",\"label_styles_width\":\"\",\"label_styles_font-size\":\"\",\"label_styles_margin\":\"\",\"label_styles_padding\":\"\",\"label_styles_float\":\"\",\"label_styles_show_advanced_css\":0,\"element_styles_border\":\"\",\"element_styles_width\":\"\",\"element_styles_font-size\":\"\",\"element_styles_margin\":\"\",\"element_styles_padding\":\"\",\"element_styles_float\":\"\",\"element_styles_show_advanced_css\":0,\"cellcid\":\"c3398\",\"value\":\"\",\"drawerDisabled\":\"\",\"field_label\":\"Numer telefonu\",\"field_key\":\"phone_1640098275087\",\"id\":9,\"beforeField\":\"\",\"afterField\":\"\",\"parentType\":\"textbox\",\"element_templates\":[\"tel\",\"textbox\",\"input\"],\"old_classname\":\"\",\"wrap_template\":\"wrap\"},{\"objectType\":\"Field\",\"objectDomain\":\"fields\",\"editActive\":false,\"order\":2,\"idAttribute\":\"id\",\"type\":\"email\",\"label\":\"Adres e-mail\",\"key\":\"adres_e-mail_1668018487177\",\"label_pos\":\"above\",\"required\":\"\",\"default\":\"\",\"placeholder\":\"Adres e-mail\",\"container_class\":\"\",\"element_class\":\"\",\"admin_label\":\"\",\"help_text\":\"\",\"custom_name_attribute\":\"email\",\"personally_identifiable\":1,\"wrap_styles_border\":\"\",\"wrap_styles_width\":\"\",\"wrap_styles_margin\":\"\",\"wrap_styles_padding\":\"\",\"wrap_styles_float\":\"\",\"wrap_styles_show_advanced_css\":0,\"label_styles_border\":\"\",\"label_styles_width\":\"\",\"label_styles_font-size\":\"\",\"label_styles_margin\":\"\",\"label_styles_padding\":\"\",\"label_styles_float\":\"\",\"label_styles_show_advanced_css\":0,\"element_styles_border\":\"\",\"element_styles_width\":\"\",\"element_styles_font-size\":\"\",\"element_styles_margin\":\"\",\"element_styles_padding\":\"\",\"element_styles_float\":\"\",\"element_styles_show_advanced_css\":0,\"cellcid\":\"c3401\",\"value\":\"\",\"drawerDisabled\":false,\"field_label\":\"E-mail\",\"field_key\":\"email_1640098276066\",\"id\":10,\"beforeField\":\"\",\"afterField\":\"\",\"parentType\":\"email\",\"element_templates\":[\"email\",\"input\"],\"old_classname\":\"\",\"wrap_template\":\"wrap\"},{\"objectType\":\"Field\",\"objectDomain\":\"fields\",\"editActive\":false,\"order\":3,\"idAttribute\":\"id\",\"type\":\"submit\",\"label\":\"Zapisz mnie\",\"processing_label\":\"W trakcie realizacji\",\"container_class\":\"\",\"element_class\":\"\",\"key\":\"zapisz_mnie_1668018472281\",\"wrap_styles_border\":\"\",\"wrap_styles_width\":\"\",\"wrap_styles_margin\":\"\",\"wrap_styles_padding\":\"\",\"wrap_styles_float\":\"\",\"wrap_styles_show_advanced_css\":0,\"element_styles_border\":\"\",\"element_styles_width\":\"\",\"element_styles_font-size\":\"\",\"element_styles_margin\":\"\",\"element_styles_padding\":\"\",\"element_styles_float\":\"\",\"element_styles_show_advanced_css\":0,\"submit_element_hover_styles_border\":\"\",\"submit_element_hover_styles_width\":\"\",\"submit_element_hover_styles_font-size\":\"\",\"submit_element_hover_styles_margin\":\"\",\"submit_element_hover_styles_padding\":\"\",\"submit_element_hover_styles_float\":\"\",\"submit_element_hover_styles_show_advanced_css\":0,\"cellcid\":\"c3403\",\"drawerDisabled\":false,\"field_label\":\"Zamawiam rozmow\\u0119\",\"field_key\":\"zamawiam_rozmowe_1640098314862\",\"id\":8,\"beforeField\":\"\",\"afterField\":\"\",\"value\":\"\",\"label_pos\":\"above\",\"parentType\":\"textbox\",\"element_templates\":[\"submit\",\"button\",\"input\"],\"old_classname\":\"\",\"wrap_template\":\"wrap-no-label\"}];nfForms.push(form);<\/script>\n                <script id=\"nf-tmpl-cell\" type=\"text\/template\">\n            <nf-fields><\/nf-fields>\n        <\/script>\n\n        <script id=\"nf-tmpl-row\" type=\"text\/template\">\n            <nf-cells><\/nf-cells>\n        <\/script>\n\n                <img loading=\"lazy\" decoding=\"async\" width=\"2048\" height=\"1534\" src=\"https:\/\/www.koronakarkonoszy.pl\/blog-dla-firm\/wp-content\/uploads\/2022\/10\/zamek-z-drona-17.jpeg\" class=\"attachment-full size-full\" alt=\"Zamek ksi\u0119cia Henryka i widok na Zalew Sosn\u00f3wka\" srcset=\"https:\/\/www.koronakarkonoszy.pl\/blog-dla-firm\/wp-content\/uploads\/2022\/10\/zamek-z-drona-17.jpeg 2048w, https:\/\/www.koronakarkonoszy.pl\/blog-dla-firm\/wp-content\/uploads\/2022\/10\/zamek-z-drona-17-300x225.jpeg 300w, https:\/\/www.koronakarkonoszy.pl\/blog-dla-firm\/wp-content\/uploads\/2022\/10\/zamek-z-drona-17-1024x767.jpeg 1024w, https:\/\/www.koronakarkonoszy.pl\/blog-dla-firm\/wp-content\/uploads\/2022\/10\/zamek-z-drona-17-768x575.jpeg 768w, https:\/\/www.koronakarkonoszy.pl\/blog-dla-firm\/wp-content\/uploads\/2022\/10\/zamek-z-drona-17-1920x1438.jpeg 1920w, https:\/\/www.koronakarkonoszy.pl\/blog-dla-firm\/wp-content\/uploads\/2022\/10\/zamek-z-drona-17-1536x1151.jpeg 1536w\" sizes=\"auto, (max-width: 2048px) 100vw, 2048px\" \/>        <\/div> \n    <\/div>\n<\/div>\n\n\n\n<h2 class=\"wp-block-heading\" id=\"ha-warsztaty-integracyjne-dla-doroslych\">Warsztaty integracyjne dla doros\u0142ych<\/h2>\n\n\n\n<p>Prowadzenie warsztat\u00f3w dla doros\u0142ych wymaga dobrego przygotowania. Oczywi\u015bcie jest te\u017c pole do improwizacji, ale doro\u015bli ludzie s\u0105 bardziej krytyczni ni\u017c dzieci i z pewno\u015bci\u0105 szybko wy\u0142api\u0105 brak przygotowania czy profesjonalizmu. Dlatego do prowadzenia takich zaj\u0119\u0107 najlepiej zatrudni\u0107 psychologa albo inn\u0105 do\u015bwiadczon\u0105 osob\u0119. Tak\u0105, kt\u00f3ra wie, na czym polega <a href=\"https:\/\/www.koronakarkonoszy.pl\/blog-dla-firm\/integracja-firmowa-sprawdzone-pomysly-na-kazda-pore-roku\/\" target=\"_blank\" rel=\"noreferrer noopener\">integracja firmowa<\/a> i potrafi zaproponowa\u0107 co najmniej <a href=\"https:\/\/www.koronakarkonoszy.pl\/blog-dla-firm\/15-zabaw-team-buildingowych\/\" target=\"_blank\" rel=\"noreferrer noopener\">15 niezawodnych zabaw team buildingowych<\/a>. <strong>Warsztaty integracyjne dla doros\u0142ych<\/strong> mog\u0105 mie\u0107 r\u00f3\u017cne formy.<\/p>\n\n\n\n<p>Zaj\u0119cia integracyjne dla pracownik\u00f3w mo\u017cna przeprowadzi\u0107 w konwencji zabawowej i dyskretnie integrowa\u0107 zesp\u00f3\u0142, lub te\u017c wprost przedstawi\u0107 metody i pokaza\u0107 korzy\u015bci z integracji zespo\u0142u. Zwr\u00f3\u0107my uwag\u0119, \u017ce <a href=\"https:\/\/www.koronakarkonoszy.pl\/blog-dla-firm\/spotkanie-firmowe\/\" class=\"links-placer\">zabawy integracyjne<\/a> rozwijaj\u0105 r\u00f3\u017cne kompetencje spo\u0142eczne. Najwa\u017cniejsze, \u017ceby <a href=\"https:\/\/www.koronakarkonoszy.pl\/blog-dla-firm\/zabawy-teambuildingowe-czyli-3-pomysly-na-udana-integracje\/\" class=\"links-placer\">zabawy integracyjne dla doros\u0142ych<\/a> by\u0142y dobrane odpowiednio do cech, kt\u00f3re konkretnie chcemy promowa\u0107 i rozwija\u0107 w naszym zespole. \u00a0<\/p>\n\n\n\n<p>Warsztaty integracyjne mog\u0105 by\u0107 te\u017c na przyk\u0142ad jednym z element\u00f3w szkolenia wyjazdowego. Mo\u017cna je wple\u015b\u0107 pomi\u0119dzy inne tematy albo przeciwnie, stworzy\u0107 z nich blok tematyczny i po\u0142\u0105czy\u0107 na przyk\u0142ad z zaj\u0119ciami pokazuj\u0105cymi, jak radzi\u0107 sobie ze stresem albo z warsztatami technik relaksacyjnych.<\/p>\n\n\n<section id=\"leonardo-block_f704cafd552d3e4a8d2b35fefc10777b\" class=\"leonardo page-breaker leonardo-image-left\">\n    <div class=\"leonardo-body\">\n                <div class=\"leonardo-content\"><p><!-- wp:heading --><\/p>\n<h3 id=\"ha-pomysly-na-integracje-pracownikow\">Pomys\u0142y na integracj\u0119 pracownik\u00f3w<\/h3>\n<p>Aby umili\u0107 czas wolny pracownikom, po\u0142\u0105cz warsztaty z piknikiem, <strong>imprez\u0105 karaoke<\/strong> lub wieczorem przy ognisku. Zacznij zaj\u0119cia od sesji burzy m\u00f3zg\u00f3w, podczas kt\u00f3rej zach\u0119cisz zesp\u00f3\u0142 pracowniczy do poszukiwania rozwi\u0105za\u0144 1-2 problem\u00f3w w firmie. Pami\u0119taj, \u017ce nie ma tutaj z\u0142ych pomys\u0142\u00f3w, dlatego zadbaj o przyjazn\u0105 atmosfer\u0119. Nie krytykuj ani nie wy\u015bmiewaj pracownik\u00f3w, wtedy ch\u0119tniej wezm\u0105 udzia\u0142 w dyskusji.<\/p>\n<p><!-- \/wp:paragraph --><\/p>\n<\/div>\n                    <aside class=\"leonardo-interlink\">\n                <b>Polecamy<\/b>\n                <a href=\"https:\/\/www.koronakarkonoszy.pl\/blog-dla-firm\/de\/co-zrobic-zeby-impreza-integracyjna-dla-pracownikow-byla-udana\/\">Co zrobi\u0107, \u017ceby impreza integracyjna dla pracownik\u00f3w by\u0142a udana?<\/a>\n            <\/aside>\n            <\/div>\n    <div class=\"leonardo-image\">\n        <img loading=\"lazy\" decoding=\"async\" width=\"800\" height=\"534\" src=\"https:\/\/www.koronakarkonoszy.pl\/blog-dla-firm\/wp-content\/uploads\/2021\/07\/atrakcje_na_imprezy_integracyjne_karaoke.jpg\" class=\"attachment-full size-full\" alt=\"Atrakcje na imprezy integracyjne karaoke\" srcset=\"https:\/\/www.koronakarkonoszy.pl\/blog-dla-firm\/wp-content\/uploads\/2021\/07\/atrakcje_na_imprezy_integracyjne_karaoke.jpg 800w, https:\/\/www.koronakarkonoszy.pl\/blog-dla-firm\/wp-content\/uploads\/2021\/07\/atrakcje_na_imprezy_integracyjne_karaoke-300x200.jpg 300w, https:\/\/www.koronakarkonoszy.pl\/blog-dla-firm\/wp-content\/uploads\/2021\/07\/atrakcje_na_imprezy_integracyjne_karaoke-768x513.jpg 768w\" sizes=\"auto, (max-width: 800px) 100vw, 800px\" \/>            <\/div>\n<\/section>\n\n\n<h2 class=\"wp-block-heading\" id=\"h-jak-zorganizowac-integracyjne-warsztaty-kulinarne\">Jak zorganizowa\u0107 integracyjne warsztaty kulinarne?<\/h2>\n\n\n\n<p>Bardzo ciekawym i ciesz\u0105cym si\u0119 coraz wi\u0119ksz\u0105 popularno\u015bci\u0105 sposobem na poprawienie relacji mi\u0119dzy pracownikami s\u0105 integracyjne warsztaty kulinarne. Daj\u0105 one mo\u017cliwo\u015b\u0107 nie tylko wzajemnego poznania si\u0119, ale te\u017c podzielenia si\u0119 swoimi pasjami. Do tego mo\u017cna je po\u0142\u0105czy\u0107 z profesjonalnym, a przy tym absolutnie nienachlanym wyja\u015bnieniem znaczenia odpowiedniego od\u017cywiania. Taka zawoalowana profilaktyka z pewno\u015bci\u0105 wp\u0142ynie na popraw\u0119 samopoczucia ca\u0142ej za\u0142ogi w przysz\u0142o\u015bci. Oczywi\u015bcie nie jest to element konieczny, ale wiedza podawana w takiej lekkostrawnej formie jest dobrze przyswajana. Bo przecie\u017c w tego typu <strong>integracyjnych warsztatach kulinarnych<\/strong> chodzi przede wszystkim o dobr\u0105 zabaw\u0119 i pog\u0142\u0119bienie relacji mi\u0119dzyludzkich.<\/p>\n\n\n\n<figure class=\"wp-block-image size-large\"><img loading=\"lazy\" decoding=\"async\" width=\"1024\" height=\"683\" src=\"https:\/\/www.koronakarkonoszy.pl\/blog-dla-firm\/wp-content\/uploads\/2021\/07\/PK19_21_15_07_IM5_5495-1024x683.jpg\" alt=\"\" class=\"wp-image-3441\" srcset=\"https:\/\/www.koronakarkonoszy.pl\/blog-dla-firm\/wp-content\/uploads\/2021\/07\/PK19_21_15_07_IM5_5495-1024x683.jpg 1024w, https:\/\/www.koronakarkonoszy.pl\/blog-dla-firm\/wp-content\/uploads\/2021\/07\/PK19_21_15_07_IM5_5495-300x200.jpg 300w, https:\/\/www.koronakarkonoszy.pl\/blog-dla-firm\/wp-content\/uploads\/2021\/07\/PK19_21_15_07_IM5_5495-768x512.jpg 768w, https:\/\/www.koronakarkonoszy.pl\/blog-dla-firm\/wp-content\/uploads\/2021\/07\/PK19_21_15_07_IM5_5495-1920x1280.jpg 1920w, https:\/\/www.koronakarkonoszy.pl\/blog-dla-firm\/wp-content\/uploads\/2021\/07\/PK19_21_15_07_IM5_5495-1536x1024.jpg 1536w, https:\/\/www.koronakarkonoszy.pl\/blog-dla-firm\/wp-content\/uploads\/2021\/07\/PK19_21_15_07_IM5_5495-2048x1365.jpg 2048w\" sizes=\"auto, (max-width: 1024px) 100vw, 1024px\" \/><figcaption class=\"wp-element-caption\"><strong>Turniej kulinarny, Dw\u00f3r Korona Karkonoszy, Sosn\u00f3wka k. Karpacza <\/strong><\/figcaption><\/figure>\n\n\n\n<p>C\u00f3\u017c zbli\u017ca bardziej ni\u017c wsp\u00f3lne przygotowanie pysznej potrawy, a p\u00f3\u017aniej jej wsp\u00f3lna degustacja? A je\u015bli ten fina\u0142 po\u0142\u0105czymy jeszcze z lampk\u0105 wy\u015bmienitego wina albo prezentacj\u0105 domowych nalewek lub <a href=\"https:\/\/www.koronakarkonoszy.pl\/blog-dla-firm\/degustacja-piwa\/\" target=\"_blank\" rel=\"noreferrer noopener\">degustacj\u0105 piwa<\/a> rzemie\u015blniczego, oczywi\u015bcie lokalnego, na pewno wyjdzie z tego niezapomniana uczta dla zmys\u0142\u00f3w.&nbsp;<\/p>\n\n\n\n<h2 class=\"wp-block-heading\" id=\"ha-gdzie-zrobic-warsztaty-integracyjne-dla-firm\">Gdzie zrobi\u0107 warsztaty integracyjne dla firm?<\/h2>\n\n\n\n<p>Wyb\u00f3r miejsca na <strong>integracj\u0119 firmow\u0105<\/strong> zawsze budzi pewne emocje. Na szcz\u0119\u015bcie s\u0105 pewne uniwersalne wskaz\u00f3wki, kt\u00f3re z pewno\u015bci\u0105 pomog\u0105 w podj\u0119ciu decyzji, <strong>gdzie zrobi\u0107 warsztaty integracyjne dla firmy<\/strong>. Po pierwsze, integracja powinna odbywa\u0107 si\u0119 w miejscu zapewniaj\u0105cym swobod\u0119 wypowiedzi i zachowania. I nie chodzi tu o bankietowe zako\u0144czenie uroczystej kolacji, tylko o niekt\u00f3re <strong>gry i zabawy integracyjne dla doros\u0142ych<\/strong>. Mog\u0105 one czasem wymaga\u0107 lekkiej gimnastyki, jak na przyk\u0142ad zabawa w tratw\u0119 ratunkow\u0105. <\/p>\n\n\n\n<p>To \u0107wiczenie na integracj\u0119 polega na tym, \u017ce ustawiamy kilka os\u00f3b na kocu (czyli tratwie ratunkowej) i prosimy o odwr\u00f3cenie koca na drug\u0105 stron\u0119. Rzecz w tym, by uczyni\u0107 to w taki spos\u00f3b, \u017ceby w trakcie zabawy nikt z niego nie zszed\u0142, czyli nie wypad\u0142 za tratw\u0119. To \u0107wiczenie na my\u015blenie zespo\u0142owe i jednocze\u015bnie prze\u0142amywanie barier w kontaktach z innymi cz\u0142onkami za\u0142ogi.<\/p>\n\n\n\n<figure class=\"wp-block-image size-large\"><img loading=\"lazy\" decoding=\"async\" width=\"1024\" height=\"683\" src=\"https:\/\/www.koronakarkonoszy.pl\/blog-dla-firm\/wp-content\/uploads\/2022\/09\/NA_07_12_37_MIV_8030-1024x683.jpg\" alt=\"\" class=\"wp-image-3533\" srcset=\"https:\/\/www.koronakarkonoszy.pl\/blog-dla-firm\/wp-content\/uploads\/2022\/09\/NA_07_12_37_MIV_8030-1024x683.jpg 1024w, https:\/\/www.koronakarkonoszy.pl\/blog-dla-firm\/wp-content\/uploads\/2022\/09\/NA_07_12_37_MIV_8030-300x200.jpg 300w, https:\/\/www.koronakarkonoszy.pl\/blog-dla-firm\/wp-content\/uploads\/2022\/09\/NA_07_12_37_MIV_8030-768x512.jpg 768w, https:\/\/www.koronakarkonoszy.pl\/blog-dla-firm\/wp-content\/uploads\/2022\/09\/NA_07_12_37_MIV_8030-1920x1280.jpg 1920w, https:\/\/www.koronakarkonoszy.pl\/blog-dla-firm\/wp-content\/uploads\/2022\/09\/NA_07_12_37_MIV_8030-1536x1024.jpg 1536w, https:\/\/www.koronakarkonoszy.pl\/blog-dla-firm\/wp-content\/uploads\/2022\/09\/NA_07_12_37_MIV_8030-2048x1365.jpg 2048w\" sizes=\"auto, (max-width: 1024px) 100vw, 1024px\" \/><figcaption class=\"wp-element-caption\"><strong>Centrum eventowo-konferencyjne, Dw\u00f3r Korona Karkonoszy, Sosn\u00f3wka k. Karpacza <\/strong><\/figcaption><\/figure>\n\n\n\n<p>Po drugie, miejsce na warsztaty integracyjne dla firm powinno by\u0107 atrakcyjnie po\u0142o\u017cone, ale te\u017c daj\u0105ce mo\u017cliwo\u015b\u0107 skupienia si\u0119 na zaj\u0119ciach i innych uczestnikach. Unikajmy wi\u0119c miejsc zat\u0142oczonych, ale te\u017c nie r\u00f3bmy zaj\u0119\u0107 ze szkole\u0144 integracyjnych na ca\u0142kowitym i pozbawionym atrakcji pustkowiu. Optymalny by\u0142by kameralny, butikowy hotel z pe\u0142nym zapleczem logistycznym do przeprowadzania warsztat\u00f3w integracyjnych dla firm. Wa\u017cne te\u017c, by zapewnia\u0142 przy tym profesjonaln\u0105 obs\u0142ug\u0119, mo\u017cliwo\u015b\u0107 zorganizowania firmowego ogniska integracyjnego albo inne ciekawe atrakcje na imprez\u0119 firmow\u0105.<\/p>\n\n\n\n<h3 class=\"wp-block-heading\" id=\"ha-warsztaty-integracyjne-dla-firm-warszawa\">Warsztaty integracyjne dla firm Warszawa<\/h3>\n\n\n\n<p>Je\u015bli chodzi o warsztaty integracyjne dla firm Warszawa z pewno\u015bci\u0105 mo\u017ce mie\u0107 ciekaw\u0105 ofert\u0119. Wydaje si\u0119 jednak, \u017ce integracja w miejscu pracy nigdy nie b\u0119dzie pe\u0142na. Nie daje ona bowiem pracownikom mo\u017cliwo\u015bci wyj\u015bcia poza pewne utarte schematy, a tak\u017ce wyj\u015bcia poza role pe\u0142nione w firmie. Nie ka\u017cdy pracownik potrafi w miejscu, gdzie pracuje, odegra\u0107 jak\u0105\u015b rol\u0119, czy nawet tylko wyobrazi\u0107 sobie wcielenie si\u0119 w inn\u0105 posta\u0107. A \u0107wiczenie na integracj\u0119 mo\u017ce akurat tego typu dzia\u0142a\u0144 wymaga\u0107.<\/p>\n\n\n\n<figure class=\"wp-block-image size-large\"><img loading=\"lazy\" decoding=\"async\" width=\"1024\" height=\"683\" src=\"https:\/\/www.koronakarkonoszy.pl\/blog-dla-firm\/wp-content\/uploads\/2021\/02\/MNG_2696-1024x683.jpg\" alt=\"\" class=\"wp-image-3397\" srcset=\"https:\/\/www.koronakarkonoszy.pl\/blog-dla-firm\/wp-content\/uploads\/2021\/02\/MNG_2696-1024x683.jpg 1024w, https:\/\/www.koronakarkonoszy.pl\/blog-dla-firm\/wp-content\/uploads\/2021\/02\/MNG_2696-300x200.jpg 300w, https:\/\/www.koronakarkonoszy.pl\/blog-dla-firm\/wp-content\/uploads\/2021\/02\/MNG_2696-768x512.jpg 768w, https:\/\/www.koronakarkonoszy.pl\/blog-dla-firm\/wp-content\/uploads\/2021\/02\/MNG_2696-1536x1024.jpg 1536w, https:\/\/www.koronakarkonoszy.pl\/blog-dla-firm\/wp-content\/uploads\/2021\/02\/MNG_2696.jpg 1920w\" sizes=\"auto, (max-width: 1024px) 100vw, 1024px\" \/><figcaption class=\"wp-element-caption\"><strong>Zabawy team buildingowe w g\u00f3rach<\/strong>, <strong>Sosn\u00f3wka <\/strong><\/figcaption><\/figure>\n\n\n\n<p>Ponadto w integracji pracowniczej chodzi o stworzenie takiej sytuacji, \u017ceby ludzie zechcieli swobodnie m\u00f3wi\u0107 o sobie i o tym, co jest dla nich wa\u017cne. Mo\u017ce si\u0119 okaza\u0107, \u017ce osoby, o kt\u00f3rych ma\u0142o wiemy, maj\u0105 nietypowe pasje i zainteresowania. W pracy, na co dzie\u0144, nie maj\u0105 okazji o tym opowiedzie\u0107. Albo te\u017c, \u017ce w\u015br\u00f3d pracownik\u00f3w jest urodzony wodzirej lub mi\u0142o\u015bnik bieg\u00f3w na orientacj\u0119. Mo\u017ce te\u017c by\u0107 osoba ucz\u0105ca si\u0119 w czasie wolnym j\u0119zyka hiszpa\u0144skiego, a my w\u0142a\u015bnie za kilka dni chcemy nawi\u0105za\u0107 kontakt z hiszpa\u0144skoj\u0119zycznym kontrahentem. Dlatego warsztaty integracyjne dla firm bardziej sprawdz\u0105 si\u0119 na jakim\u015b wyje\u017adzie, na przyk\u0142ad w g\u00f3rach albo nad morzem. Tam pracownikowi \u0142atwiej b\u0119dzie si\u0119 rozlu\u017ani\u0107 i porozmawia\u0107 na g\u00f3rskim szlaku o niezwi\u0105zanych z prac\u0105 rzeczach czy pi\u0119knych widokach. Takie kontakty cz\u0119sto skutkuj\u0105 wypracowaniem prostszych i bardziej bezpo\u015brednich sposob\u00f3w komunikacji czy rozwi\u0105zywania problem\u00f3w w firmie.<\/p>\n\n\n\n<style>\n    .cta_block{\n        margin: 1.5em 0;\n    }\n    .cta_block_content {\n        position: relative;\n        color: white;\n        padding: 1em;\n    }\n    .cta_block_content h3{\n        text-align: center;\n        font: normal normal normal 36px\/50px Yeseva One;\n    }\n    .cta_block_content .cta_block_desc{\n        text-align: center;\n        font-size: 1.1em;\n        position: relative;\n    }\n    .cta_block_content .cta_block_desc:before {\n        content: '';\n        width: 80px;\n        height: 4px;\n        background: #EEB315;\n        position: absolute;\n        left: 0;\n        right: 0;\n        margin-left: auto;\n        margin-right: auto;\n        top: -22px;\n    }\n\n    .cta_block_content picture{\n        position: absolute;\n        top: 0;\n        right: 0;\n        z-index: -1;\n        height: 100%;\n        overflow: hidden;\n        width: 100%;\n    }\n    .cta_block_content picture img{\n        object-fit: cover;\n        height: 100%;\n        width: 100%;\n    }\n    .cta_block .cta_block_content .ninja-forms-field{\n        background: #FFFFFF2F;\n        border: 1px solid #EEB315;\n        border-radius: 25px;\n        opacity: 1;\n        color: #ffffff;\n    }\n    .cta_block .cta_block_content .nf-form-content input[type=submit]{\n        background-color: #EEB315;\n        color: #292929;\n        text-align: center;\n        font: normal normal bold 14px\/20px Work Sans;\n        padding: 0 2em;\n    }\n\n    .cta_block ::placeholder{\n        color: white!important;\n        opacity: 1;\n    }\n\n    .cta_block_content::after {\n        height: 100%;\n        width: 100%;\n        content: \"\";\n        z-index: -1;\n        position: absolute;\n        top: 0;\n        background: #00000070;\n        right: 0;\n        left: 0;\n        bottom: 0;\n    }\n    #ha-cta-block, .cta_block_desc, .cta_block .nf-field-label, .cta_block .nf-error-msg {\n        filter: drop-shadow(1px 1px 8px black);\n    }\n\n\/*    .cta_block nf-rows-wrap {\n        display: flex;\n        justify-content: space-around;\n        flex-direction: row;\n    }*\/\n\n    .cta_block .nf-field-label {\n        display:none;\n    }\n\n    .cta_block .nf-error.field-wrap .nf-field-element::after {\n        border-radius: 50px;\n    }\n\n    .cta_block .nf-error-msg {\n        color: #fff;\n    }\n\n    .cta_block .nf-form-cont {\n        margin-top: 3em;\n        margin-bottom: 1em;\n    }\n\n    .wp-admin .cta_block_content{\n        display: none;\n    }\n    .cta_block .nf-form-fields-required {\n        display: none;\n    }\n    body:not(.wp-admin) .cta_block_admin {\n        display: none;\n    }\n<\/style>\n<div id=\"cta_block-block_338e1c595ec06d889e2536e810eae8ea\" class=\"cta_block\">\n    <div class=\"cta_block_admin\" style=\"background-color: blue; color: white\">\n        Blok CTA\n    <\/div>\n    <div class=\"cta_block\">\n        <div class=\"cta_block_content\">   \n        <h3 id=\"ha-warsztaty-integracyjne-w-gorach\">Warsztaty integracyjne w g\u00f3rach? <\/h3>\n                    <div class=\"cta_block_desc\">W Dworze Korona Karkonoszy na pewno przynios\u0105 efekty! <\/div>\n                <noscript class=\"ninja-forms-noscript-message\">\n\tHinweis: F\u00fcr diesen Inhalt ist JavaScript erforderlich.<\/noscript>\n<div id=\"nf-form-3_1-cont\" class=\"nf-form-cont\" aria-live=\"polite\" aria-labelledby=\"nf-form-title-3_1\" aria-describedby=\"nf-form-errors-3_1\" role=\"form\">\n\n    <div class=\"nf-loading-spinner\"><\/div>\n\n<\/div>\n        <!-- That data is being printed as a workaround to page builders reordering the order of the scripts loaded-->\n        <script>var formDisplay=1;var nfForms=nfForms||[];var form=[];form.id='3_1';form.settings={\"objectType\":\"Form Setting\",\"editActive\":true,\"title\":\"Block CTA\",\"created_at\":\"2022-11-09 19:27:14\",\"default_label_pos\":\"above\",\"show_title\":0,\"clear_complete\":\"1\",\"hide_complete\":\"1\",\"logged_in\":\"\",\"wrapper_class\":\"\",\"element_class\":\"\",\"key\":\"\",\"add_submit\":\"0\",\"currency\":\"\",\"repeatable_fieldsets\":\"\",\"unique_field_error\":\"Formularz z t\\u0105 warto\\u015bci\\u0105 zosta\\u0142 ju\\u017c przes\\u0142any.\",\"not_logged_in_msg\":\"\",\"sub_limit_msg\":\"Formularz osi\\u0105gn\\u0105\\u0142 limit wys\\u0142a\\u0144.\",\"calculations\":[],\"container_styles_show_advanced_css\":\"0\",\"title_styles_show_advanced_css\":\"0\",\"row_styles_show_advanced_css\":\"0\",\"row-odd_styles_show_advanced_css\":\"0\",\"success-msg_styles_show_advanced_css\":\"0\",\"error_msg_styles_show_advanced_css\":\"0\",\"formContentData\":[{\"order\":1,\"cells\":[{\"order\":0,\"fields\":[\"phone_1640098275087\"],\"width\":35},{\"order\":1,\"fields\":[\"adres_e-mail_1668018487177\"],\"width\":35},{\"order\":2,\"fields\":[\"zapisz_mnie_1668018472281\"],\"width\":30}]}],\"conditions\":[],\"drawerDisabled\":false,\"allow_public_link\":0,\"embed_form\":\"\",\"changeEmailErrorMsg\":\"Bitte gib eine g\\u00fcltige E-Mail-Adresse ein.\",\"changeDateErrorMsg\":\"Bitte gib ein g\\u00fcltiges Datum ein!\",\"confirmFieldErrorMsg\":\"Diese Felder m\\u00fcssen \\u00fcbereinstimmen!\",\"fieldNumberNumMinError\":\"Die eingegebene Zahl ist zu klein.\",\"fieldNumberNumMaxError\":\"Die eingegebene Zahl ist zu gross.\",\"fieldNumberIncrementBy\":\"Bitte erh\\u00f6hen in Schritten von\",\"formErrorsCorrectErrors\":\"Bitte korrigiere die Fehler, bevor du das Formular sendest.\",\"validateRequiredField\":\"Dies ist ein Pflichtfeld.\",\"honeypotHoneypotError\":\"Honeypot-Fehler\",\"fieldsMarkedRequired\":\"Felder mit einem &lt;span class=&quot;ninja-forms-req-symbol&quot;&gt;*&lt;\\\/span&gt; sind Pflichtfelder\",\"form_title_heading_level\":\"3\",\"ninjaForms\":\"Ninja Forms\",\"fieldTextareaRTEInsertLink\":\"Link einf\\u00fcgen\",\"fieldTextareaRTEInsertMedia\":\"Medien einf\\u00fcgen\",\"fieldTextareaRTESelectAFile\":\"Eine Datei ausw\\u00e4hlen\",\"formHoneypot\":\"Falls du ein Mensch bist und dieses Feld siehst, dann lasse es bitte leer.\",\"fileUploadOldCodeFileUploadInProgress\":\"Datei-Upload l\\u00e4uft.\",\"fileUploadOldCodeFileUpload\":\"DATEI-UPLOAD\",\"currencySymbol\":\"&#36;\",\"thousands_sep\":\".\",\"decimal_point\":\",\",\"siteLocale\":\"de_DE\",\"dateFormat\":\"m\\\/d\\\/Y\",\"startOfWeek\":\"1\",\"of\":\"von\",\"previousMonth\":\"Vorheriger Monat\",\"nextMonth\":\"N\\u00e4chster Monat\",\"months\":[\"Januar\",\"Februar\",\"M\\u00e4rz\",\"April\",\"Mai\",\"Juni\",\"Juli\",\"August\",\"September\",\"Oktober\",\"November\",\"Dezember\"],\"monthsShort\":[\"Jan.\",\"Feb.\",\"M\\u00e4rz\",\"Apr.\",\"Mai\",\"Juni\",\"Juli\",\"Aug\",\"Sep.\",\"Okt.\",\"Nov.\",\"Dez.\"],\"weekdays\":[\"Sonntag\",\"Montag\",\"Dienstag\",\"Mittwoch\",\"Donnerstag\",\"Freitag\",\"Samstag\"],\"weekdaysShort\":[\"So.\",\"Mo.\",\"Di.\",\"Mi.\",\"Do.\",\"Fr.\",\"Sa.\"],\"weekdaysMin\":[\"So.\",\"Mo.\",\"Di.\",\"Mi.\",\"Do.\",\"Fr.\",\"Sa.\"],\"recaptchaConsentMissing\":\"reCaptcha validation couldn&#039;t load.\",\"recaptchaMissingCookie\":\"reCaptcha v3 validation couldn&#039;t load the cookie needed to submit the form.\",\"recaptchaConsentEvent\":\"Accept reCaptcha cookies before sending the form.\",\"currency_symbol\":\"\",\"beforeForm\":\"\",\"beforeFields\":\"\",\"afterFields\":\"\",\"afterForm\":\"\"};form.fields=[{\"objectType\":\"Field\",\"objectDomain\":\"fields\",\"editActive\":false,\"order\":1,\"idAttribute\":\"id\",\"type\":\"phone\",\"label\":\"Numer telefonu\",\"key\":\"phone_1640098275087\",\"label_pos\":\"above\",\"required\":\"\",\"default\":\"\",\"placeholder\":\"Numer telefonu\",\"container_class\":\"\",\"element_class\":\"\",\"input_limit\":\"\",\"input_limit_type\":\"characters\",\"input_limit_msg\":\"Liczba pozosta\\u0142ych znak\\u00f3w:\",\"manual_key\":\"\",\"admin_label\":\"\",\"help_text\":\"\",\"mask\":\"\",\"custom_mask\":\"\",\"custom_name_attribute\":\"phone\",\"personally_identifiable\":1,\"wrap_styles_border\":\"\",\"wrap_styles_width\":\"\",\"wrap_styles_margin\":\"\",\"wrap_styles_padding\":\"\",\"wrap_styles_float\":\"\",\"wrap_styles_show_advanced_css\":0,\"label_styles_border\":\"\",\"label_styles_width\":\"\",\"label_styles_font-size\":\"\",\"label_styles_margin\":\"\",\"label_styles_padding\":\"\",\"label_styles_float\":\"\",\"label_styles_show_advanced_css\":0,\"element_styles_border\":\"\",\"element_styles_width\":\"\",\"element_styles_font-size\":\"\",\"element_styles_margin\":\"\",\"element_styles_padding\":\"\",\"element_styles_float\":\"\",\"element_styles_show_advanced_css\":0,\"cellcid\":\"c3398\",\"value\":\"\",\"drawerDisabled\":\"\",\"field_label\":\"Numer telefonu\",\"field_key\":\"phone_1640098275087\",\"id\":\"9_1\",\"beforeField\":\"\",\"afterField\":\"\",\"parentType\":\"textbox\",\"element_templates\":[\"tel\",\"textbox\",\"input\"],\"old_classname\":\"\",\"wrap_template\":\"wrap\"},{\"objectType\":\"Field\",\"objectDomain\":\"fields\",\"editActive\":false,\"order\":2,\"idAttribute\":\"id\",\"type\":\"email\",\"label\":\"Adres e-mail\",\"key\":\"adres_e-mail_1668018487177\",\"label_pos\":\"above\",\"required\":\"\",\"default\":\"\",\"placeholder\":\"Adres e-mail\",\"container_class\":\"\",\"element_class\":\"\",\"admin_label\":\"\",\"help_text\":\"\",\"custom_name_attribute\":\"email\",\"personally_identifiable\":1,\"wrap_styles_border\":\"\",\"wrap_styles_width\":\"\",\"wrap_styles_margin\":\"\",\"wrap_styles_padding\":\"\",\"wrap_styles_float\":\"\",\"wrap_styles_show_advanced_css\":0,\"label_styles_border\":\"\",\"label_styles_width\":\"\",\"label_styles_font-size\":\"\",\"label_styles_margin\":\"\",\"label_styles_padding\":\"\",\"label_styles_float\":\"\",\"label_styles_show_advanced_css\":0,\"element_styles_border\":\"\",\"element_styles_width\":\"\",\"element_styles_font-size\":\"\",\"element_styles_margin\":\"\",\"element_styles_padding\":\"\",\"element_styles_float\":\"\",\"element_styles_show_advanced_css\":0,\"cellcid\":\"c3401\",\"value\":\"\",\"drawerDisabled\":false,\"field_label\":\"E-mail\",\"field_key\":\"email_1640098276066\",\"id\":\"10_1\",\"beforeField\":\"\",\"afterField\":\"\",\"parentType\":\"email\",\"element_templates\":[\"email\",\"input\"],\"old_classname\":\"\",\"wrap_template\":\"wrap\"},{\"objectType\":\"Field\",\"objectDomain\":\"fields\",\"editActive\":false,\"order\":3,\"idAttribute\":\"id\",\"type\":\"submit\",\"label\":\"Zapisz mnie\",\"processing_label\":\"W trakcie realizacji\",\"container_class\":\"\",\"element_class\":\"\",\"key\":\"zapisz_mnie_1668018472281\",\"wrap_styles_border\":\"\",\"wrap_styles_width\":\"\",\"wrap_styles_margin\":\"\",\"wrap_styles_padding\":\"\",\"wrap_styles_float\":\"\",\"wrap_styles_show_advanced_css\":0,\"element_styles_border\":\"\",\"element_styles_width\":\"\",\"element_styles_font-size\":\"\",\"element_styles_margin\":\"\",\"element_styles_padding\":\"\",\"element_styles_float\":\"\",\"element_styles_show_advanced_css\":0,\"submit_element_hover_styles_border\":\"\",\"submit_element_hover_styles_width\":\"\",\"submit_element_hover_styles_font-size\":\"\",\"submit_element_hover_styles_margin\":\"\",\"submit_element_hover_styles_padding\":\"\",\"submit_element_hover_styles_float\":\"\",\"submit_element_hover_styles_show_advanced_css\":0,\"cellcid\":\"c3403\",\"drawerDisabled\":false,\"field_label\":\"Zamawiam rozmow\\u0119\",\"field_key\":\"zamawiam_rozmowe_1640098314862\",\"id\":\"8_1\",\"beforeField\":\"\",\"afterField\":\"\",\"value\":\"\",\"label_pos\":\"above\",\"parentType\":\"textbox\",\"element_templates\":[\"submit\",\"button\",\"input\"],\"old_classname\":\"\",\"wrap_template\":\"wrap-no-label\"}];nfForms.push(form);<\/script>\n                <script id=\"nf-tmpl-cell\" type=\"text\/template\">\n            <nf-fields><\/nf-fields>\n        <\/script>\n\n        <script id=\"nf-tmpl-row\" type=\"text\/template\">\n            <nf-cells><\/nf-cells>\n        <\/script>\n\n                <img loading=\"lazy\" decoding=\"async\" width=\"2048\" height=\"1534\" src=\"https:\/\/www.koronakarkonoszy.pl\/blog-dla-firm\/wp-content\/uploads\/2022\/10\/zamek-z-drona-17.jpeg\" class=\"attachment-full size-full\" alt=\"Zamek ksi\u0119cia Henryka i widok na Zalew Sosn\u00f3wka\" srcset=\"https:\/\/www.koronakarkonoszy.pl\/blog-dla-firm\/wp-content\/uploads\/2022\/10\/zamek-z-drona-17.jpeg 2048w, https:\/\/www.koronakarkonoszy.pl\/blog-dla-firm\/wp-content\/uploads\/2022\/10\/zamek-z-drona-17-300x225.jpeg 300w, https:\/\/www.koronakarkonoszy.pl\/blog-dla-firm\/wp-content\/uploads\/2022\/10\/zamek-z-drona-17-1024x767.jpeg 1024w, https:\/\/www.koronakarkonoszy.pl\/blog-dla-firm\/wp-content\/uploads\/2022\/10\/zamek-z-drona-17-768x575.jpeg 768w, https:\/\/www.koronakarkonoszy.pl\/blog-dla-firm\/wp-content\/uploads\/2022\/10\/zamek-z-drona-17-1920x1438.jpeg 1920w, https:\/\/www.koronakarkonoszy.pl\/blog-dla-firm\/wp-content\/uploads\/2022\/10\/zamek-z-drona-17-1536x1151.jpeg 1536w\" sizes=\"auto, (max-width: 2048px) 100vw, 2048px\" \/>        <\/div> \n    <\/div>\n<\/div>\n\n\n\n<h2 class=\"wp-block-heading\" id=\"h-warsztaty-integracyjne-dla-firm-w-gorach-dlaczego-to-dobry-pomysl\">Warsztaty integracyjne dla firm w g\u00f3rach &#8211; dlaczego to dobry pomys\u0142?<\/h2>\n\n\n\n<p>Wspania\u0142e g\u00f3rskie powietrze, majestatyczne szczyty, \u0142\u0105ki pe\u0142ne kwiat\u00f3w i zi\u00f3\u0142, wartkie potoki&#8230; Czy mo\u017cna sobie wyobrazi\u0107 lepsz\u0105 sceneri\u0119 imprez firmowych? Nic wi\u0119c dziwnego, \u017ce <strong>warsztaty integracyjne dla firm w g\u00f3rach<\/strong> ciesz\u0105 si\u0119 wielkim powodzeniem. Wyjazd za miasto oznacza oderwanie si\u0119 od codzienno\u015bci. Pracownicy przestaj\u0105 my\u015ble\u0107 o nigdy nieko\u0144cz\u0105cej si\u0119 domowej li\u015bcie spraw do za\u0142atwienia. Mog\u0105 wtedy w pe\u0142ni odda\u0107 si\u0119 grom, zabawom i warsztatom, podczas kt\u00f3rych bawi\u0105 si\u0119 i jednocze\u015bnie integruj\u0105 z grup\u0105. Ponadto g\u00f3ry oferuj\u0105 moc atrakcji, je\u015bli chodzi o firmowe eventy. Sp\u0142ywy kajakowe czy pontonowe g\u00f3rskimi rzekami, parki linowe w naturalnie trudnym terenie, rajdy off road lub down hill. Ka\u017cdy mi\u0142o\u015bnik adrenaliny b\u0119dzie si\u0119 czu\u0142 jak ryba w wodzie podczas wyjazd\u00f3w firmowych w g\u00f3ry. \u00a0\u00a0<\/p>\n\n\n<section id=\"leonardo-block_4daba57bf8d5bd2689db21ed7064503b\" class=\"leonardo page-breaker leonardo-image-left\">\n    <div class=\"leonardo-body\">\n                <div class=\"leonardo-content\"><h3 id=\"ha-sosnowka-idealne-miejsce-na-firmowe-eventy\">Sosn\u00f3wka \u2013 idealne miejsce na firmowe eventy<\/h3>\n<p>Organizuj\u0105c warsztaty integracyjne warto wzi\u0105\u0107 pod uwag\u0119 nieoczywiste lokalizacje. Na pewno <a href=\"https:\/\/www.koronakarkonoszy.pl\/blog-dla-firm\/sosnowka-atrakcyjna-wies-letniskowa\/\" target=\"_blank\" rel=\"noopener\">Sosn\u00f3wka<\/a>, pi\u0119kna miejscowo\u015b\u0107 letniskowa, coraz bardziej popularna zar\u00f3wno w\u015br\u00f3d turyst\u00f3w indywidualnych, jak i firmowych sprawdzi si\u0119 jako <strong>miejsce na warsztaty integracyjne<\/strong>.<\/p>\n<p>Znajdziemy tutaj wspania\u0142y zalew, zabytkow\u0105 architektur\u0119, tajemnicze zamki z ich mrocznymi legendami, pobudzaj\u0105ce wyobra\u017ani\u0119 podczas, na przyk\u0142ad, zabaw team buildingowych w szukanie skarb\u00f3w. A do tego wy\u015bmienita kuchnia, wspania\u0142e trasy spacerowe oraz szeroki \u00a0wyb\u00f3r <a href=\"https:\/\/www.koronakarkonoszy.pl\/blog-dla-firm\/hotel-na-wyjazd-firmowy\/\" target=\"_blank\" rel=\"noopener\">hoteli na wyjazd firmowy<\/a> i obiekt\u00f3w konferencyjnych.<\/p>\n<p><!-- \/wp:paragraph --><\/p>\n<\/div>\n            <\/div>\n    <div class=\"leonardo-image\">\n        <img loading=\"lazy\" decoding=\"async\" width=\"2560\" height=\"1524\" src=\"https:\/\/www.koronakarkonoszy.pl\/blog-dla-firm\/wp-content\/uploads\/2022\/09\/widok4-scaled.jpg\" class=\"attachment-full size-full\" alt=\"Sosn\u00f3wka ko\u0142o Karpacza, widok na zalew\" srcset=\"https:\/\/www.koronakarkonoszy.pl\/blog-dla-firm\/wp-content\/uploads\/2022\/09\/widok4-scaled.jpg 2560w, https:\/\/www.koronakarkonoszy.pl\/blog-dla-firm\/wp-content\/uploads\/2022\/09\/widok4-300x179.jpg 300w, https:\/\/www.koronakarkonoszy.pl\/blog-dla-firm\/wp-content\/uploads\/2022\/09\/widok4-1024x609.jpg 1024w, https:\/\/www.koronakarkonoszy.pl\/blog-dla-firm\/wp-content\/uploads\/2022\/09\/widok4-768x457.jpg 768w, https:\/\/www.koronakarkonoszy.pl\/blog-dla-firm\/wp-content\/uploads\/2022\/09\/widok4-1920x1143.jpg 1920w, https:\/\/www.koronakarkonoszy.pl\/blog-dla-firm\/wp-content\/uploads\/2022\/09\/widok4-1536x914.jpg 1536w, https:\/\/www.koronakarkonoszy.pl\/blog-dla-firm\/wp-content\/uploads\/2022\/09\/widok4-2048x1219.jpg 2048w\" sizes=\"auto, (max-width: 2560px) 100vw, 2560px\" \/>            <\/div>\n<\/section>\n\n\n<p>Najwi\u0119kszym kapita\u0142em firmy s\u0105 ludzie, kt\u00f3rzy j\u0105 tworz\u0105. A zgrany zesp\u00f3\u0142 to gwarancja sukcesu. Warsztaty integracyjne to wa\u017cne narz\u0119dzie w budowie silnej grupy pracowniczej. To niezb\u0119dny element polityki kadrowej ka\u017cdej firmy, \u015bwiadomej wagi employer brandingu. &nbsp;&nbsp;&nbsp;<\/p>\n\n\n\n<figure class=\"wp-block-image size-large\"><a href=\"https:\/\/www.koronakarkonoszy.pl\/imprezy-firmowe\/\" target=\"_blank\" rel=\"noreferrer noopener\"><img loading=\"lazy\" decoding=\"async\" width=\"1024\" height=\"512\" src=\"https:\/\/www.koronakarkonoszy.pl\/blog-dla-firm\/wp-content\/uploads\/2021\/07\/imprezy_firmowe_DKK-2-1024x512.jpg\" alt=\"\" class=\"wp-image-3469\" srcset=\"https:\/\/www.koronakarkonoszy.pl\/blog-dla-firm\/wp-content\/uploads\/2021\/07\/imprezy_firmowe_DKK-2-1024x512.jpg 1024w, https:\/\/www.koronakarkonoszy.pl\/blog-dla-firm\/wp-content\/uploads\/2021\/07\/imprezy_firmowe_DKK-2-300x150.jpg 300w, https:\/\/www.koronakarkonoszy.pl\/blog-dla-firm\/wp-content\/uploads\/2021\/07\/imprezy_firmowe_DKK-2-768x384.jpg 768w, https:\/\/www.koronakarkonoszy.pl\/blog-dla-firm\/wp-content\/uploads\/2021\/07\/imprezy_firmowe_DKK-2.jpg 1200w\" sizes=\"auto, (max-width: 1024px) 100vw, 1024px\" \/><\/a><\/figure>\n\n\n\n<p>Jak zorganizowa\u0107 imprez\u0119 &#8211; zobacz <a href=\"https:\/\/www.koronakarkonoszy.pl\/blog-dla-firm\/konfigurator-imprez-firmowych\/\">konfigurator imprez<\/a><\/p>\n\n\n\n<p><\/p>\n","protected":false},"excerpt":{"rendered":"<p>Organizacja wyjazd\u00f3w firmowych wymaga dopilnowania wielu spraw, dlatego warto powierzy\u0107 to zadanie dzia\u0142owi marketingu lub HR. Jednak je\u015bli prowadzisz ma\u0142\u0105 firm\u0119 lub lubisz tego typu wyzwania, mo\u017cesz zorganizowa\u0107 warsztaty integracyjne samodzielnie. Sprawd\u017a, jak zaplanowa\u0107 udany event dla pracownik\u00f3w! Czego si\u0119 dowiesz z artyku\u0142u? Czy zastanawia\u0142e\u015b si\u0119 kiedy\u015b, dlaczego integracja pracownik\u00f3w jest tak wa\u017cna? Mo\u017ce zauwa\u017cy\u0142e\u015b, [&hellip;]<\/p>\n","protected":false},"author":11,"featured_media":2484,"comment_status":"closed","ping_status":"closed","sticky":false,"template":"","format":"standard","meta":{"_acf_changed":false,"footnotes":""},"categories":[16,17,8],"class_list":["post-2482","post","type-post","status-publish","format-standard","has-post-thumbnail","hentry","category-imprezy-firmowe","category-integracja","category-team-building"],"acf":[],"yoast_head":"<!-- This site is optimized with the Yoast SEO Premium plugin v27.5 (Yoast SEO v27.5) - https:\/\/yoast.com\/product\/yoast-seo-premium-wordpress\/ -->\n<title>Warsztaty integracyjne | Korona Karkonoszy.pl<\/title>\n<meta name=\"description\" content=\"Warsztaty integracyjne wspieraj\u0105 rozw\u00f3j i wsp\u00f3\u0142prac\u0119 w firmie. Organizacja warsztatu integracyjnego pozwala na popraw\u0119 komunikacji zespo\u0142u.\" \/>\n<meta name=\"robots\" content=\"index, follow, max-snippet:-1, max-image-preview:large, max-video-preview:-1\" \/>\n<link rel=\"canonical\" href=\"https:\/\/www.koronakarkonoszy.pl\/blog-dla-firm\/de\/integrationsworkshops\/\" \/>\n<meta property=\"og:locale\" content=\"de_DE\" \/>\n<meta property=\"og:type\" content=\"article\" \/>\n<meta property=\"og:title\" content=\"Warsztaty integracyjne: idealny spos\u00f3b na zgrany zesp\u00f3\u0142\" \/>\n<meta property=\"og:description\" content=\"Warsztaty integracyjne wspieraj\u0105 rozw\u00f3j i wsp\u00f3\u0142prac\u0119 w firmie. Organizacja warsztatu integracyjnego pozwala na popraw\u0119 komunikacji zespo\u0142u.\" \/>\n<meta property=\"og:url\" content=\"https:\/\/www.koronakarkonoszy.pl\/blog-dla-firm\/de\/integrationsworkshops\/\" \/>\n<meta property=\"og:site_name\" content=\":: Blog dla firm - szkolenia, zarz\u0105dzanie zespo\u0142em, team building\" \/>\n<meta property=\"article:published_time\" content=\"2024-08-02T18:36:00+00:00\" \/>\n<meta property=\"article:modified_time\" content=\"2025-01-16T09:29:09+00:00\" \/>\n<meta property=\"og:image\" content=\"https:\/\/www.koronakarkonoszy.pl\/blog-dla-firm\/wp-content\/uploads\/2022\/03\/pawn-2430046_1280.jpg\" \/>\n\t<meta property=\"og:image:width\" content=\"1280\" \/>\n\t<meta property=\"og:image:height\" content=\"894\" \/>\n\t<meta property=\"og:image:type\" content=\"image\/jpeg\" \/>\n<meta name=\"author\" content=\"agnieszka\" \/>\n<meta name=\"twitter:card\" content=\"summary_large_image\" \/>\n<meta name=\"twitter:label1\" content=\"Verfasst von\" \/>\n\t<meta name=\"twitter:data1\" content=\"agnieszka\" \/>\n\t<meta name=\"twitter:label2\" content=\"Gesch\u00e4tzte Lesezeit\" \/>\n\t<meta name=\"twitter:data2\" content=\"15\u00a0Minuten\" \/>\n<script type=\"application\/ld+json\" class=\"yoast-schema-graph\">{\"@context\":\"https:\\\/\\\/schema.org\",\"@graph\":[{\"@type\":\"Article\",\"@id\":\"https:\\\/\\\/www.koronakarkonoszy.pl\\\/blog-dla-firm\\\/warsztaty-integracyjne\\\/#article\",\"isPartOf\":{\"@id\":\"https:\\\/\\\/www.koronakarkonoszy.pl\\\/blog-dla-firm\\\/warsztaty-integracyjne\\\/\"},\"author\":{\"name\":\"agnieszka\",\"@id\":\"https:\\\/\\\/www.koronakarkonoszy.pl\\\/blog-dla-firm\\\/#\\\/schema\\\/person\\\/c06752c3cb176906b455582ff7ef925e\"},\"headline\":\"Warsztaty integracyjne: idealny spos\u00f3b na zgrany zesp\u00f3\u0142\",\"datePublished\":\"2024-08-02T18:36:00+00:00\",\"dateModified\":\"2025-01-16T09:29:09+00:00\",\"mainEntityOfPage\":{\"@id\":\"https:\\\/\\\/www.koronakarkonoszy.pl\\\/blog-dla-firm\\\/warsztaty-integracyjne\\\/\"},\"wordCount\":2765,\"image\":{\"@id\":\"https:\\\/\\\/www.koronakarkonoszy.pl\\\/blog-dla-firm\\\/warsztaty-integracyjne\\\/#primaryimage\"},\"thumbnailUrl\":\"https:\\\/\\\/www.koronakarkonoszy.pl\\\/blog-dla-firm\\\/wp-content\\\/uploads\\\/2022\\\/03\\\/pawn-2430046_1280.jpg\",\"articleSection\":[\"Imprezy firmowe\",\"Integracja\",\"Team Building\"],\"inLanguage\":\"de\"},{\"@type\":\"WebPage\",\"@id\":\"https:\\\/\\\/www.koronakarkonoszy.pl\\\/blog-dla-firm\\\/warsztaty-integracyjne\\\/\",\"url\":\"https:\\\/\\\/www.koronakarkonoszy.pl\\\/blog-dla-firm\\\/warsztaty-integracyjne\\\/\",\"name\":\"Warsztaty integracyjne | Korona Karkonoszy.pl\",\"isPartOf\":{\"@id\":\"https:\\\/\\\/www.koronakarkonoszy.pl\\\/blog-dla-firm\\\/#website\"},\"primaryImageOfPage\":{\"@id\":\"https:\\\/\\\/www.koronakarkonoszy.pl\\\/blog-dla-firm\\\/warsztaty-integracyjne\\\/#primaryimage\"},\"image\":{\"@id\":\"https:\\\/\\\/www.koronakarkonoszy.pl\\\/blog-dla-firm\\\/warsztaty-integracyjne\\\/#primaryimage\"},\"thumbnailUrl\":\"https:\\\/\\\/www.koronakarkonoszy.pl\\\/blog-dla-firm\\\/wp-content\\\/uploads\\\/2022\\\/03\\\/pawn-2430046_1280.jpg\",\"datePublished\":\"2024-08-02T18:36:00+00:00\",\"dateModified\":\"2025-01-16T09:29:09+00:00\",\"author\":{\"@id\":\"https:\\\/\\\/www.koronakarkonoszy.pl\\\/blog-dla-firm\\\/#\\\/schema\\\/person\\\/c06752c3cb176906b455582ff7ef925e\"},\"description\":\"Warsztaty integracyjne wspieraj\u0105 rozw\u00f3j i wsp\u00f3\u0142prac\u0119 w firmie. Organizacja warsztatu integracyjnego pozwala na popraw\u0119 komunikacji zespo\u0142u.\",\"breadcrumb\":{\"@id\":\"https:\\\/\\\/www.koronakarkonoszy.pl\\\/blog-dla-firm\\\/warsztaty-integracyjne\\\/#breadcrumb\"},\"inLanguage\":\"de\",\"potentialAction\":[{\"@type\":\"ReadAction\",\"target\":[\"https:\\\/\\\/www.koronakarkonoszy.pl\\\/blog-dla-firm\\\/warsztaty-integracyjne\\\/\"]}]},{\"@type\":\"ImageObject\",\"inLanguage\":\"de\",\"@id\":\"https:\\\/\\\/www.koronakarkonoszy.pl\\\/blog-dla-firm\\\/warsztaty-integracyjne\\\/#primaryimage\",\"url\":\"https:\\\/\\\/www.koronakarkonoszy.pl\\\/blog-dla-firm\\\/wp-content\\\/uploads\\\/2022\\\/03\\\/pawn-2430046_1280.jpg\",\"contentUrl\":\"https:\\\/\\\/www.koronakarkonoszy.pl\\\/blog-dla-firm\\\/wp-content\\\/uploads\\\/2022\\\/03\\\/pawn-2430046_1280.jpg\",\"width\":1280,\"height\":894,\"caption\":\"Szachy na warsztaty integracyjne\"},{\"@type\":\"BreadcrumbList\",\"@id\":\"https:\\\/\\\/www.koronakarkonoszy.pl\\\/blog-dla-firm\\\/warsztaty-integracyjne\\\/#breadcrumb\",\"itemListElement\":[{\"@type\":\"ListItem\",\"position\":1,\"name\":\"Strona g\u0142\u00f3wna\",\"item\":\"https:\\\/\\\/www.koronakarkonoszy.pl\\\/blog-dla-firm\\\/\"},{\"@type\":\"ListItem\",\"position\":2,\"name\":\"Warsztaty integracyjne: idealny spos\u00f3b na zgrany zesp\u00f3\u0142\"}]},{\"@type\":\"WebSite\",\"@id\":\"https:\\\/\\\/www.koronakarkonoszy.pl\\\/blog-dla-firm\\\/#website\",\"url\":\"https:\\\/\\\/www.koronakarkonoszy.pl\\\/blog-dla-firm\\\/\",\"name\":\":: Blog dla firm - szkolenia, zarz\u0105dzanie zespo\u0142em, team building\",\"description\":\"\",\"potentialAction\":[{\"@type\":\"SearchAction\",\"target\":{\"@type\":\"EntryPoint\",\"urlTemplate\":\"https:\\\/\\\/www.koronakarkonoszy.pl\\\/blog-dla-firm\\\/?s={search_term_string}\"},\"query-input\":{\"@type\":\"PropertyValueSpecification\",\"valueRequired\":true,\"valueName\":\"search_term_string\"}}],\"inLanguage\":\"de\"},{\"@type\":\"Person\",\"@id\":\"https:\\\/\\\/www.koronakarkonoszy.pl\\\/blog-dla-firm\\\/#\\\/schema\\\/person\\\/c06752c3cb176906b455582ff7ef925e\",\"name\":\"agnieszka\",\"image\":{\"@type\":\"ImageObject\",\"inLanguage\":\"de\",\"@id\":\"https:\\\/\\\/www.koronakarkonoszy.pl\\\/blog-dla-firm\\\/wp-content\\\/litespeed\\\/avatar\\\/53ee7b676463f74d0aea1a09de3d003b.jpg?ver=1777446304\",\"url\":\"https:\\\/\\\/www.koronakarkonoszy.pl\\\/blog-dla-firm\\\/wp-content\\\/litespeed\\\/avatar\\\/53ee7b676463f74d0aea1a09de3d003b.jpg?ver=1777446304\",\"contentUrl\":\"https:\\\/\\\/www.koronakarkonoszy.pl\\\/blog-dla-firm\\\/wp-content\\\/litespeed\\\/avatar\\\/53ee7b676463f74d0aea1a09de3d003b.jpg?ver=1777446304\",\"caption\":\"agnieszka\"},\"url\":\"https:\\\/\\\/www.koronakarkonoszy.pl\\\/blog-dla-firm\\\/de\\\/author\\\/agnieszka\\\/\"}]}<\/script>\n<!-- \/ Yoast SEO Premium plugin. -->","yoast_head_json":{"title":"Warsztaty integracyjne | Korona Karkonoszy.pl","description":"Warsztaty integracyjne wspieraj\u0105 rozw\u00f3j i wsp\u00f3\u0142prac\u0119 w firmie. Organizacja warsztatu integracyjnego pozwala na popraw\u0119 komunikacji zespo\u0142u.","robots":{"index":"index","follow":"follow","max-snippet":"max-snippet:-1","max-image-preview":"max-image-preview:large","max-video-preview":"max-video-preview:-1"},"canonical":"https:\/\/www.koronakarkonoszy.pl\/blog-dla-firm\/de\/integrationsworkshops\/","og_locale":"de_DE","og_type":"article","og_title":"Warsztaty integracyjne: idealny spos\u00f3b na zgrany zesp\u00f3\u0142","og_description":"Warsztaty integracyjne wspieraj\u0105 rozw\u00f3j i wsp\u00f3\u0142prac\u0119 w firmie. Organizacja warsztatu integracyjnego pozwala na popraw\u0119 komunikacji zespo\u0142u.","og_url":"https:\/\/www.koronakarkonoszy.pl\/blog-dla-firm\/de\/integrationsworkshops\/","og_site_name":":: Blog dla firm - szkolenia, zarz\u0105dzanie zespo\u0142em, team building","article_published_time":"2024-08-02T18:36:00+00:00","article_modified_time":"2025-01-16T09:29:09+00:00","og_image":[{"width":1280,"height":894,"url":"https:\/\/www.koronakarkonoszy.pl\/blog-dla-firm\/wp-content\/uploads\/2022\/03\/pawn-2430046_1280.jpg","type":"image\/jpeg"}],"author":"agnieszka","twitter_card":"summary_large_image","twitter_misc":{"Verfasst von":"agnieszka","Gesch\u00e4tzte Lesezeit":"15\u00a0Minuten"},"schema":{"@context":"https:\/\/schema.org","@graph":[{"@type":"Article","@id":"https:\/\/www.koronakarkonoszy.pl\/blog-dla-firm\/warsztaty-integracyjne\/#article","isPartOf":{"@id":"https:\/\/www.koronakarkonoszy.pl\/blog-dla-firm\/warsztaty-integracyjne\/"},"author":{"name":"agnieszka","@id":"https:\/\/www.koronakarkonoszy.pl\/blog-dla-firm\/#\/schema\/person\/c06752c3cb176906b455582ff7ef925e"},"headline":"Warsztaty integracyjne: idealny spos\u00f3b na zgrany zesp\u00f3\u0142","datePublished":"2024-08-02T18:36:00+00:00","dateModified":"2025-01-16T09:29:09+00:00","mainEntityOfPage":{"@id":"https:\/\/www.koronakarkonoszy.pl\/blog-dla-firm\/warsztaty-integracyjne\/"},"wordCount":2765,"image":{"@id":"https:\/\/www.koronakarkonoszy.pl\/blog-dla-firm\/warsztaty-integracyjne\/#primaryimage"},"thumbnailUrl":"https:\/\/www.koronakarkonoszy.pl\/blog-dla-firm\/wp-content\/uploads\/2022\/03\/pawn-2430046_1280.jpg","articleSection":["Imprezy firmowe","Integracja","Team Building"],"inLanguage":"de"},{"@type":"WebPage","@id":"https:\/\/www.koronakarkonoszy.pl\/blog-dla-firm\/warsztaty-integracyjne\/","url":"https:\/\/www.koronakarkonoszy.pl\/blog-dla-firm\/warsztaty-integracyjne\/","name":"Warsztaty integracyjne | Korona Karkonoszy.pl","isPartOf":{"@id":"https:\/\/www.koronakarkonoszy.pl\/blog-dla-firm\/#website"},"primaryImageOfPage":{"@id":"https:\/\/www.koronakarkonoszy.pl\/blog-dla-firm\/warsztaty-integracyjne\/#primaryimage"},"image":{"@id":"https:\/\/www.koronakarkonoszy.pl\/blog-dla-firm\/warsztaty-integracyjne\/#primaryimage"},"thumbnailUrl":"https:\/\/www.koronakarkonoszy.pl\/blog-dla-firm\/wp-content\/uploads\/2022\/03\/pawn-2430046_1280.jpg","datePublished":"2024-08-02T18:36:00+00:00","dateModified":"2025-01-16T09:29:09+00:00","author":{"@id":"https:\/\/www.koronakarkonoszy.pl\/blog-dla-firm\/#\/schema\/person\/c06752c3cb176906b455582ff7ef925e"},"description":"Warsztaty integracyjne wspieraj\u0105 rozw\u00f3j i wsp\u00f3\u0142prac\u0119 w firmie. Organizacja warsztatu integracyjnego pozwala na popraw\u0119 komunikacji zespo\u0142u.","breadcrumb":{"@id":"https:\/\/www.koronakarkonoszy.pl\/blog-dla-firm\/warsztaty-integracyjne\/#breadcrumb"},"inLanguage":"de","potentialAction":[{"@type":"ReadAction","target":["https:\/\/www.koronakarkonoszy.pl\/blog-dla-firm\/warsztaty-integracyjne\/"]}]},{"@type":"ImageObject","inLanguage":"de","@id":"https:\/\/www.koronakarkonoszy.pl\/blog-dla-firm\/warsztaty-integracyjne\/#primaryimage","url":"https:\/\/www.koronakarkonoszy.pl\/blog-dla-firm\/wp-content\/uploads\/2022\/03\/pawn-2430046_1280.jpg","contentUrl":"https:\/\/www.koronakarkonoszy.pl\/blog-dla-firm\/wp-content\/uploads\/2022\/03\/pawn-2430046_1280.jpg","width":1280,"height":894,"caption":"Szachy na warsztaty integracyjne"},{"@type":"BreadcrumbList","@id":"https:\/\/www.koronakarkonoszy.pl\/blog-dla-firm\/warsztaty-integracyjne\/#breadcrumb","itemListElement":[{"@type":"ListItem","position":1,"name":"Strona g\u0142\u00f3wna","item":"https:\/\/www.koronakarkonoszy.pl\/blog-dla-firm\/"},{"@type":"ListItem","position":2,"name":"Warsztaty integracyjne: idealny spos\u00f3b na zgrany zesp\u00f3\u0142"}]},{"@type":"WebSite","@id":"https:\/\/www.koronakarkonoszy.pl\/blog-dla-firm\/#website","url":"https:\/\/www.koronakarkonoszy.pl\/blog-dla-firm\/","name":":: Blog f\u00fcr Unternehmen \u2013 Schulung, Teammanagement, Teambuilding","description":"","potentialAction":[{"@type":"SearchAction","target":{"@type":"EntryPoint","urlTemplate":"https:\/\/www.koronakarkonoszy.pl\/blog-dla-firm\/?s={search_term_string}"},"query-input":{"@type":"PropertyValueSpecification","valueRequired":true,"valueName":"search_term_string"}}],"inLanguage":"de"},{"@type":"Person","@id":"https:\/\/www.koronakarkonoszy.pl\/blog-dla-firm\/#\/schema\/person\/c06752c3cb176906b455582ff7ef925e","name":"Agnes","image":{"@type":"ImageObject","inLanguage":"de","@id":"https:\/\/www.koronakarkonoszy.pl\/blog-dla-firm\/wp-content\/litespeed\/avatar\/53ee7b676463f74d0aea1a09de3d003b.jpg?ver=1777446304","url":"https:\/\/www.koronakarkonoszy.pl\/blog-dla-firm\/wp-content\/litespeed\/avatar\/53ee7b676463f74d0aea1a09de3d003b.jpg?ver=1777446304","contentUrl":"https:\/\/www.koronakarkonoszy.pl\/blog-dla-firm\/wp-content\/litespeed\/avatar\/53ee7b676463f74d0aea1a09de3d003b.jpg?ver=1777446304","caption":"agnieszka"},"url":"https:\/\/www.koronakarkonoszy.pl\/blog-dla-firm\/de\/author\/agnieszka\/"}]}},"_links":{"self":[{"href":"https:\/\/www.koronakarkonoszy.pl\/blog-dla-firm\/de\/wp-json\/wp\/v2\/posts\/2482","targetHints":{"allow":["GET"]}}],"collection":[{"href":"https:\/\/www.koronakarkonoszy.pl\/blog-dla-firm\/de\/wp-json\/wp\/v2\/posts"}],"about":[{"href":"https:\/\/www.koronakarkonoszy.pl\/blog-dla-firm\/de\/wp-json\/wp\/v2\/types\/post"}],"author":[{"embeddable":true,"href":"https:\/\/www.koronakarkonoszy.pl\/blog-dla-firm\/de\/wp-json\/wp\/v2\/users\/11"}],"replies":[{"embeddable":true,"href":"https:\/\/www.koronakarkonoszy.pl\/blog-dla-firm\/de\/wp-json\/wp\/v2\/comments?post=2482"}],"version-history":[{"count":6,"href":"https:\/\/www.koronakarkonoszy.pl\/blog-dla-firm\/de\/wp-json\/wp\/v2\/posts\/2482\/revisions"}],"predecessor-version":[{"id":10427,"href":"https:\/\/www.koronakarkonoszy.pl\/blog-dla-firm\/de\/wp-json\/wp\/v2\/posts\/2482\/revisions\/10427"}],"wp:featuredmedia":[{"embeddable":true,"href":"https:\/\/www.koronakarkonoszy.pl\/blog-dla-firm\/de\/wp-json\/wp\/v2\/media\/2484"}],"wp:attachment":[{"href":"https:\/\/www.koronakarkonoszy.pl\/blog-dla-firm\/de\/wp-json\/wp\/v2\/media?parent=2482"}],"wp:term":[{"taxonomy":"category","embeddable":true,"href":"https:\/\/www.koronakarkonoszy.pl\/blog-dla-firm\/de\/wp-json\/wp\/v2\/categories?post=2482"}],"curies":[{"name":"wp","href":"https:\/\/api.w.org\/{rel}","templated":true}]}}