{"id":2352,"date":"2022-02-12T14:41:00","date_gmt":"2022-02-12T13:41:00","guid":{"rendered":"https:\/\/www.koronakarkonoszy.pl\/blog-dla-firm\/?p=2352"},"modified":"2025-02-14T10:57:16","modified_gmt":"2025-02-14T09:57:16","slug":"organizacja-piknikow-firmowych","status":"publish","type":"post","link":"https:\/\/www.koronakarkonoszy.pl\/blog-dla-firm\/de\/organizacja-piknikow-firmowych\/","title":{"rendered":"Organisation von Firmenpicknicks<br>kurzgesagt"},"content":{"rendered":"\n<p>Organizacja piknik\u00f3w firmowych to znakomity pomys\u0142 na integracj\u0119 pracownik\u00f3w. Piknik pracowniczy to gwarancja wy\u015bmienitej zabawy i niezapomnianych wspomnie\u0144. \u015awi\u0119towanie na \u015bwie\u017cym powietrzu w towarzystwie wyj\u0105tkowych atrakcji, dobrego jedzenia i radosnej muzyki dostarczy pracownikom wielu pozytywnych emocji i u\u0142atwi im zbudowanie kole\u017ce\u0144skich relacji. Jak zorganizowa\u0107 takie wydarzenie?<\/p>\n\n\n<div id=\"ariadna-block_39450881e7f0f8216560b5ac715957af\" class=\"ariadna\">\n    <ul><li><a href=\"#ha-szukasz-miejsca-na-piknik-firmowy\">Szukasz miejsca na piknik firmowy?<\/a><\/li><li><a href=\"#h-piknik-firmowy-to-doskonaly-sposob-na-integracje\">Piknik firmowy to doskona\u0142y spos\u00f3b na integracj\u0119<\/a><\/li><li><a href=\"#h-organizacja-piknikow-firmowych-krok-po-kroku\">Organizacja piknik\u00f3w firmowych krok po kroku<\/a><\/li><li><a href=\"#h-kiedy-zorganizowac-piknik-integracyjny\">Kiedy zorganizowa\u0107 piknik integracyjny?<\/a><\/li><li><a href=\"#h-organizacja-piknikow-firmowych-idealne-miejsce-na-piknik\">Organizacja piknik\u00f3w firmowych &#8211; idealne miejsce na piknik<\/a><\/li><li><a href=\"#h-co-nieco-na-maly-i-duzy-glod-catering-na-piknik-firmowy-nbsp\">Co nieco na ma\u0142y i du\u017cy g\u0142\u00f3d \u2013 catering na piknik firmowy&nbsp;<\/a><\/li><li><a href=\"#h-organizacja-piknikow-firmowych-wybor-atrakcji\">Organizacja piknik\u00f3w firmowych \u2013 wyb\u00f3r atrakcji<\/a><\/li><li><a href=\"#h-organizacja-piknikow-firmowych-o-czym-pamietac\">Organizacja piknik\u00f3w firmowych &#8211; o czym pami\u0119ta\u0107?<\/a><\/li><\/ul>\n<\/div>\n\n\n\n\n\n\n<figure class=\"wp-block-image size-large is-resized\"><a href=\"https:\/\/www.koronakarkonoszy.pl\/konfigurator-imprez\/\" target=\"_blank\" rel=\"noreferrer noopener\"><img loading=\"lazy\" decoding=\"async\" width=\"1024\" height=\"510\" src=\"https:\/\/www.koronakarkonoszy.pl\/blog-dla-firm\/wp-content\/uploads\/2023\/11\/DKK-konfigurator_01-1024x510.jpg\" alt=\"Konfigurator imprez firmowych agencji eventowej Dw\u00f3r Korona Karkonoszy\" class=\"wp-image-7804\" style=\"width:855px;height:auto\" title=\"Konfigurator imprez firmowych agencji eventowej \" srcset=\"https:\/\/www.koronakarkonoszy.pl\/blog-dla-firm\/wp-content\/uploads\/2023\/11\/DKK-konfigurator_01-1024x510.jpg 1024w, https:\/\/www.koronakarkonoszy.pl\/blog-dla-firm\/wp-content\/uploads\/2023\/11\/DKK-konfigurator_01-300x150.jpg 300w, https:\/\/www.koronakarkonoszy.pl\/blog-dla-firm\/wp-content\/uploads\/2023\/11\/DKK-konfigurator_01-768x383.jpg 768w, https:\/\/www.koronakarkonoszy.pl\/blog-dla-firm\/wp-content\/uploads\/2023\/11\/DKK-konfigurator_01-1920x957.jpg 1920w, https:\/\/www.koronakarkonoszy.pl\/blog-dla-firm\/wp-content\/uploads\/2023\/11\/DKK-konfigurator_01-1536x766.jpg 1536w, https:\/\/www.koronakarkonoszy.pl\/blog-dla-firm\/wp-content\/uploads\/2023\/11\/DKK-konfigurator_01-18x9.jpg 18w, https:\/\/www.koronakarkonoszy.pl\/blog-dla-firm\/wp-content\/uploads\/2023\/11\/DKK-konfigurator_01.jpg 2040w\" sizes=\"auto, (max-width: 1024px) 100vw, 1024px\" \/><\/a><\/figure>\n\n\n<section id=\"ctaninja-block_8271f1cf1f669edf073d66c234c69f4c\" class=\"ctaninja\">\n    <div class=\"ctaninja-body\">\n        <h2 id=\"ha-szukasz-miejsca-na-piknik-firmowy\">Szukasz miejsca na piknik firmowy?<\/h2>\n        <p>Dw\u00f3r Korona Karkonoszy sprawdza si\u0119 idealnie!<\/p>\n        <div class=\"nf-container\">\n            <noscript class=\"ninja-forms-noscript-message\">\n\tHinweis: F\u00fcr diesen Inhalt ist JavaScript erforderlich.<\/noscript>\n<div id=\"nf-form-1-cont\" class=\"nf-form-cont\" aria-live=\"polite\" aria-labelledby=\"nf-form-title-1\" aria-describedby=\"nf-form-errors-1\" role=\"form\">\n\n    <div class=\"nf-loading-spinner\"><\/div>\n\n<\/div>\n        <!-- That data is being printed as a workaround to page builders reordering the order of the scripts loaded-->\n        <script>var formDisplay=1;var nfForms=nfForms||[];var form=[];form.id='1';form.settings={\"objectType\":\"Form Setting\",\"editActive\":\"\",\"title\":\"Contact Me\",\"key\":\"\",\"created_at\":\"2021-05-24 17:00:03\",\"default_label_pos\":\"above\",\"conditions\":[],\"show_title\":\"1\",\"clear_complete\":\"1\",\"hide_complete\":\"1\",\"wrapper_class\":\"\",\"element_class\":\"\",\"add_submit\":\"1\",\"logged_in\":\"\",\"not_logged_in_msg\":\"\",\"sub_limit_number\":\"\",\"sub_limit_msg\":\"\",\"calculations\":[],\"formContentData\":[{\"order\":1,\"cells\":[{\"order\":0,\"fields\":[\"email\"],\"width\":50},{\"order\":1,\"fields\":[\"wyslij_1675426055268\"],\"width\":50}]}],\"container_styles_background-color\":\"\",\"container_styles_border\":\"\",\"container_styles_border-style\":\"\",\"container_styles_border-color\":\"\",\"container_styles_color\":\"\",\"container_styles_height\":\"\",\"container_styles_width\":\"\",\"container_styles_font-size\":\"\",\"container_styles_margin\":\"\",\"container_styles_padding\":\"\",\"container_styles_display\":\"\",\"container_styles_float\":\"\",\"container_styles_show_advanced_css\":\"0\",\"container_styles_advanced\":\"\",\"title_styles_background-color\":\"\",\"title_styles_border\":\"\",\"title_styles_border-style\":\"\",\"title_styles_border-color\":\"\",\"title_styles_color\":\"\",\"title_styles_height\":\"\",\"title_styles_width\":\"\",\"title_styles_font-size\":\"\",\"title_styles_margin\":\"\",\"title_styles_padding\":\"\",\"title_styles_display\":\"\",\"title_styles_float\":\"\",\"title_styles_show_advanced_css\":\"0\",\"title_styles_advanced\":\"\",\"row_styles_background-color\":\"\",\"row_styles_border\":\"\",\"row_styles_border-style\":\"\",\"row_styles_border-color\":\"\",\"row_styles_color\":\"\",\"row_styles_height\":\"\",\"row_styles_width\":\"\",\"row_styles_font-size\":\"\",\"row_styles_margin\":\"\",\"row_styles_padding\":\"\",\"row_styles_display\":\"\",\"row_styles_show_advanced_css\":\"0\",\"row_styles_advanced\":\"\",\"row-odd_styles_background-color\":\"\",\"row-odd_styles_border\":\"\",\"row-odd_styles_border-style\":\"\",\"row-odd_styles_border-color\":\"\",\"row-odd_styles_color\":\"\",\"row-odd_styles_height\":\"\",\"row-odd_styles_width\":\"\",\"row-odd_styles_font-size\":\"\",\"row-odd_styles_margin\":\"\",\"row-odd_styles_padding\":\"\",\"row-odd_styles_display\":\"\",\"row-odd_styles_show_advanced_css\":\"0\",\"row-odd_styles_advanced\":\"\",\"success-msg_styles_background-color\":\"\",\"success-msg_styles_border\":\"\",\"success-msg_styles_border-style\":\"\",\"success-msg_styles_border-color\":\"\",\"success-msg_styles_color\":\"\",\"success-msg_styles_height\":\"\",\"success-msg_styles_width\":\"\",\"success-msg_styles_font-size\":\"\",\"success-msg_styles_margin\":\"\",\"success-msg_styles_padding\":\"\",\"success-msg_styles_display\":\"\",\"success-msg_styles_show_advanced_css\":\"0\",\"success-msg_styles_advanced\":\"\",\"error_msg_styles_background-color\":\"\",\"error_msg_styles_border\":\"\",\"error_msg_styles_border-style\":\"\",\"error_msg_styles_border-color\":\"\",\"error_msg_styles_color\":\"\",\"error_msg_styles_height\":\"\",\"error_msg_styles_width\":\"\",\"error_msg_styles_font-size\":\"\",\"error_msg_styles_margin\":\"\",\"error_msg_styles_padding\":\"\",\"error_msg_styles_display\":\"\",\"error_msg_styles_show_advanced_css\":\"0\",\"error_msg_styles_advanced\":\"\",\"allow_public_link\":0,\"embed_form\":\"\",\"currency\":\"\",\"repeatable_fieldsets\":\"\",\"unique_field_error\":\"Formularz z t\\u0105 warto\\u015bci\\u0105 zosta\\u0142 ju\\u017c przes\\u0142any.\",\"form_title_heading_level\":\"3\",\"ninjaForms\":\"Ninja Forms\",\"changeEmailErrorMsg\":\"Bitte gib eine g\\u00fcltige E-Mail-Adresse ein.\",\"changeDateErrorMsg\":\"Bitte gib ein g\\u00fcltiges Datum ein!\",\"confirmFieldErrorMsg\":\"Diese Felder m\\u00fcssen \\u00fcbereinstimmen!\",\"fieldNumberNumMinError\":\"Die eingegebene Zahl ist zu klein.\",\"fieldNumberNumMaxError\":\"Die eingegebene Zahl ist zu gross.\",\"fieldNumberIncrementBy\":\"Bitte erh\\u00f6hen in Schritten von\",\"fieldTextareaRTEInsertLink\":\"Link einf\\u00fcgen\",\"fieldTextareaRTEInsertMedia\":\"Medien einf\\u00fcgen\",\"fieldTextareaRTESelectAFile\":\"Eine Datei ausw\\u00e4hlen\",\"formErrorsCorrectErrors\":\"Bitte korrigiere die Fehler, bevor du das Formular sendest.\",\"formHoneypot\":\"Falls du ein Mensch bist und dieses Feld siehst, dann lasse es bitte leer.\",\"validateRequiredField\":\"Dies ist ein Pflichtfeld.\",\"honeypotHoneypotError\":\"Honeypot-Fehler\",\"fileUploadOldCodeFileUploadInProgress\":\"Datei-Upload l\\u00e4uft.\",\"fileUploadOldCodeFileUpload\":\"DATEI-UPLOAD\",\"currencySymbol\":\"&#36;\",\"fieldsMarkedRequired\":\"Felder mit einem <span class=\\\"ninja-forms-req-symbol\\\">*<\\\/span> sind Pflichtfelder\",\"thousands_sep\":\".\",\"decimal_point\":\",\",\"siteLocale\":\"de_DE\",\"dateFormat\":\"m\\\/d\\\/Y\",\"startOfWeek\":\"1\",\"of\":\"von\",\"previousMonth\":\"Vorheriger Monat\",\"nextMonth\":\"N\\u00e4chster Monat\",\"months\":[\"Januar\",\"Februar\",\"M\\u00e4rz\",\"April\",\"Mai\",\"Juni\",\"Juli\",\"August\",\"September\",\"Oktober\",\"November\",\"Dezember\"],\"monthsShort\":[\"Jan.\",\"Feb.\",\"M\\u00e4rz\",\"Apr.\",\"Mai\",\"Juni\",\"Juli\",\"Aug\",\"Sep.\",\"Okt.\",\"Nov.\",\"Dez.\"],\"weekdays\":[\"Sonntag\",\"Montag\",\"Dienstag\",\"Mittwoch\",\"Donnerstag\",\"Freitag\",\"Samstag\"],\"weekdaysShort\":[\"So.\",\"Mo.\",\"Di.\",\"Mi.\",\"Do.\",\"Fr.\",\"Sa.\"],\"weekdaysMin\":[\"So.\",\"Mo.\",\"Di.\",\"Mi.\",\"Do.\",\"Fr.\",\"Sa.\"],\"recaptchaConsentMissing\":\"reCaptcha validation couldn&#039;t load.\",\"recaptchaMissingCookie\":\"reCaptcha v3 validation couldn&#039;t load the cookie needed to submit the form.\",\"recaptchaConsentEvent\":\"Accept reCaptcha cookies before sending the form.\",\"currency_symbol\":\"\",\"beforeForm\":\"\",\"beforeFields\":\"\",\"afterFields\":\"\",\"afterForm\":\"\"};form.fields=[{\"objectType\":\"Field\",\"objectDomain\":\"fields\",\"editActive\":false,\"order\":1,\"idAttribute\":\"id\",\"label\":\"Email\",\"key\":\"email\",\"type\":\"email\",\"created_at\":\"2021-05-24 17:00:04\",\"label_pos\":\"above\",\"required\":1,\"placeholder\":\"Podaj maila, skontaktujemy si\\u0119 z Tob\\u0105\",\"default\":\"\",\"wrapper_class\":\"\",\"element_class\":\"\",\"container_class\":\"\",\"admin_label\":\"\",\"help_text\":\"\",\"desc_text\":\"\",\"wrap_styles_background-color\":\"\",\"wrap_styles_border\":\"\",\"wrap_styles_border-style\":\"\",\"wrap_styles_border-color\":\"\",\"wrap_styles_color\":\"\",\"wrap_styles_height\":\"\",\"wrap_styles_width\":\"\",\"wrap_styles_font-size\":\"\",\"wrap_styles_margin\":\"\",\"wrap_styles_padding\":\"\",\"wrap_styles_display\":\"\",\"wrap_styles_float\":\"\",\"wrap_styles_show_advanced_css\":0,\"wrap_styles_advanced\":\"\",\"label_styles_background-color\":\"\",\"label_styles_border\":\"\",\"label_styles_border-style\":\"\",\"label_styles_border-color\":\"\",\"label_styles_color\":\"\",\"label_styles_height\":\"\",\"label_styles_width\":\"\",\"label_styles_font-size\":\"\",\"label_styles_margin\":\"\",\"label_styles_padding\":\"\",\"label_styles_display\":\"\",\"label_styles_float\":\"\",\"label_styles_show_advanced_css\":0,\"label_styles_advanced\":\"\",\"element_styles_background-color\":\"\",\"element_styles_border\":\"\",\"element_styles_border-style\":\"\",\"element_styles_border-color\":\"\",\"element_styles_color\":\"\",\"element_styles_height\":\"\",\"element_styles_width\":\"\",\"element_styles_font-size\":\"\",\"element_styles_margin\":\"\",\"element_styles_padding\":\"\",\"element_styles_display\":\"\",\"element_styles_float\":\"\",\"element_styles_show_advanced_css\":0,\"element_styles_advanced\":\"\",\"cellcid\":\"c3391\",\"custom_name_attribute\":\"email\",\"personally_identifiable\":1,\"value\":\"\",\"drawerDisabled\":false,\"id\":2,\"beforeField\":\"\",\"afterField\":\"\",\"parentType\":\"email\",\"element_templates\":[\"email\",\"input\"],\"old_classname\":\"\",\"wrap_template\":\"wrap\"},{\"objectType\":\"Field\",\"objectDomain\":\"fields\",\"editActive\":false,\"order\":2,\"idAttribute\":\"id\",\"label\":\"Wy\\u015blij\",\"key\":\"wyslij_1675426055268\",\"type\":\"submit\",\"created_at\":\"2021-05-24 17:00:05\",\"processing_label\":\"Wysy\\u0142anie...\",\"container_class\":\"\",\"element_class\":\"\",\"wrap_styles_background-color\":\"\",\"wrap_styles_border\":\"\",\"wrap_styles_border-style\":\"\",\"wrap_styles_border-color\":\"\",\"wrap_styles_color\":\"\",\"wrap_styles_height\":\"\",\"wrap_styles_width\":\"\",\"wrap_styles_font-size\":\"\",\"wrap_styles_margin\":\"\",\"wrap_styles_padding\":\"\",\"wrap_styles_display\":\"\",\"wrap_styles_float\":\"\",\"wrap_styles_show_advanced_css\":0,\"wrap_styles_advanced\":\"\",\"label_styles_background-color\":\"\",\"label_styles_border\":\"\",\"label_styles_border-style\":\"\",\"label_styles_border-color\":\"\",\"label_styles_color\":\"\",\"label_styles_height\":\"\",\"label_styles_width\":\"\",\"label_styles_font-size\":\"\",\"label_styles_margin\":\"\",\"label_styles_padding\":\"\",\"label_styles_display\":\"\",\"label_styles_float\":\"\",\"label_styles_show_advanced_css\":0,\"label_styles_advanced\":\"\",\"element_styles_background-color\":\"\",\"element_styles_border\":\"\",\"element_styles_border-style\":\"\",\"element_styles_border-color\":\"\",\"element_styles_color\":\"\",\"element_styles_height\":\"\",\"element_styles_width\":\"\",\"element_styles_font-size\":\"\",\"element_styles_margin\":\"\",\"element_styles_padding\":\"\",\"element_styles_display\":\"\",\"element_styles_float\":\"\",\"element_styles_show_advanced_css\":0,\"element_styles_advanced\":\"\",\"submit_element_hover_styles_background-color\":\"\",\"submit_element_hover_styles_border\":\"\",\"submit_element_hover_styles_border-style\":\"\",\"submit_element_hover_styles_border-color\":\"\",\"submit_element_hover_styles_color\":\"\",\"submit_element_hover_styles_height\":\"\",\"submit_element_hover_styles_width\":\"\",\"submit_element_hover_styles_font-size\":\"\",\"submit_element_hover_styles_margin\":\"\",\"submit_element_hover_styles_padding\":\"\",\"submit_element_hover_styles_display\":\"\",\"submit_element_hover_styles_float\":\"\",\"submit_element_hover_styles_show_advanced_css\":0,\"submit_element_hover_styles_advanced\":\"\",\"cellcid\":\"c3394\",\"drawerDisabled\":false,\"id\":4,\"beforeField\":\"\",\"afterField\":\"\",\"value\":\"\",\"label_pos\":\"above\",\"parentType\":\"textbox\",\"element_templates\":[\"submit\",\"button\",\"input\"],\"old_classname\":\"\",\"wrap_template\":\"wrap-no-label\"}];nfForms.push(form);<\/script>\n                <script id=\"nf-tmpl-cell\" type=\"text\/template\">\n            <nf-fields><\/nf-fields>\n        <\/script>\n\n        <script id=\"nf-tmpl-row\" type=\"text\/template\">\n            <nf-cells><\/nf-cells>\n        <\/script>\n\n                <\/div>\n    <\/div>\n    <div class=\"ctaninja-onm ctaninja-onm-1 rbg\"><\/div>\n    <div class=\"ctaninja-onm ctaninja-onm-2 rbg\"><\/div>\n<\/section>\n\n\n<h2 class=\"wp-block-heading\" id=\"h-piknik-firmowy-to-doskonaly-sposob-na-integracje\">Piknik firmowy to doskona\u0142y spos\u00f3b na integracj\u0119<\/h2>\n\n\n\n<p>Ka\u017cdy \u015bwiadomy pracodawca zdaje sobie spraw\u0119 z ogromnej roli integracji. Integracja to spos\u00f3b na zacie\u015bnienie wi\u0119zi w zespole pracowniczym, rozlu\u017anienie atmosfery w pracy i skuteczne zmotywowanie pracownik\u00f3w do dzia\u0142ania.&nbsp;<\/p>\n\n\n\n<p><a href=\"https:\/\/www.koronakarkonoszy.pl\/blog-dla-firm\/integracja-pracownicza\/\">Integracja pracownicza<\/a> mo\u017ce przybra\u0107 rozmaite formy \u2013 od wsp\u00f3lnych wyj\u015b\u0107 na miasto, przez warsztaty, imprezy firmowe, a\u017c do kilkudniowych wyjazd\u00f3w wype\u0142nionych po brzegi wyj\u0105tkowymi atrakcjami. Ciekawym sposobem na integracj\u0119 jest <a href=\"https:\/\/www.koronakarkonoszy.pl\/blog-dla-firm\/pikniki-firmowe-jak-je-organizowac\/\" class=\"links-placer\">organizacja piknik\u00f3w<\/a> firmowych. \u015awie\u017ce powietrze, lu\u017ana, kole\u017ce\u0144ska atmosfera, promienie s\u0142o\u0144ca przyjemnie ogrzewaj\u0105ce cia\u0142a, radosna muzyka przygrywaj\u0105ca w tle i unosz\u0105cy si\u0119 w powietrzu zapach grillowanych potraw \u2013 <a href=\"https:\/\/www.koronakarkonoszy.pl\/blog-dla-firm\/impreza-plenerowa\/\">impreza plenerowa<\/a> to gwarancja wy\u015bmienitej zabawy i niesamowitych wra\u017ce\u0144. Jak przygotowa\u0107 takie wydarzenie?<\/p>\n\n\n<section id=\"leonardo-block_8ac65bc4d9c31afcd082e637f5ba0c9f\" class=\"leonardo page-breaker leonardo-image-right\">\n    <div class=\"leonardo-body\">\n        <h2 class=\"leonardo-title\" id=\"h-organizacja-piknikow-firmowych-krok-po-kroku\">Organizacja piknik\u00f3w firmowych krok po kroku<\/h2>        <div class=\"leonardo-content\"><p>Do organizacji pikniku firmowego warto si\u0119 przy\u0142o\u017cy\u0107. Doskonale zaplanowany event mo\u017ce przynie\u015b\u0107 wiele korzy\u015bci \u2013 zar\u00f3wno dla pracownik\u00f3w, jak i dla ca\u0142ej firmy. Kompleksowa organizacja pikniku wymaga sporo pracy, czasu i zaanga\u017cowania. Organizator musi zgra\u0107 wiele r\u00f3\u017cnych element\u00f3w w jedn\u0105 ca\u0142o\u015b\u0107. Dzisiejsi pracownicy potrzebuj\u0105 czego\u015b wi\u0119cej ni\u017c prostej imprezy. Chc\u0105 si\u0119 wy\u015bmienicie bawi\u0107, prze\u017cywa\u0107 niesamowite przygody, czu\u0107 wspania\u0142e emocje. Ka\u017cdy element imprezy plenerowej powinien by\u0107 zaplanowany w najdrobniejszych szczeg\u00f3\u0142ach. Piknik musi obfitowa\u0107 w ciekawe atrakcje, kt\u00f3re zapewni\u0105 uczestnikom moc niezapomnianych wra\u017ce\u0144. Jak zorganizowa\u0107 piknik firmowy krok po kroku?<\/p>\n<\/div>\n                    <aside class=\"leonardo-interlink\">\n                <b>Polecamy<\/b>\n                <a href=\"https:\/\/www.koronakarkonoszy.pl\/blog-dla-firm\/de\/miejsca-na-impreze-integracyjna\/\">Miejsca na imprez\u0119 integracyjn\u0105<\/a>\n            <\/aside>\n            <\/div>\n    <div class=\"leonardo-image\">\n        <img loading=\"lazy\" decoding=\"async\" width=\"1280\" height=\"853\" src=\"https:\/\/www.koronakarkonoszy.pl\/blog-dla-firm\/wp-content\/uploads\/2022\/02\/pexels-monstera-9429448.jpg\" class=\"attachment-full size-full\" alt=\"Organizator imprez firmowych\" srcset=\"https:\/\/www.koronakarkonoszy.pl\/blog-dla-firm\/wp-content\/uploads\/2022\/02\/pexels-monstera-9429448.jpg 1280w, https:\/\/www.koronakarkonoszy.pl\/blog-dla-firm\/wp-content\/uploads\/2022\/02\/pexels-monstera-9429448-300x200.jpg 300w, https:\/\/www.koronakarkonoszy.pl\/blog-dla-firm\/wp-content\/uploads\/2022\/02\/pexels-monstera-9429448-1024x682.jpg 1024w, https:\/\/www.koronakarkonoszy.pl\/blog-dla-firm\/wp-content\/uploads\/2022\/02\/pexels-monstera-9429448-768x512.jpg 768w\" sizes=\"auto, (max-width: 1280px) 100vw, 1280px\" \/>            <\/div>\n<\/section>\n\n\n<h2 class=\"wp-block-heading\" id=\"h-kiedy-zorganizowac-piknik-integracyjny\">Kiedy zorganizowa\u0107 piknik integracyjny?<\/h2>\n\n\n\n<p>Pierwszym etapem organizacji <a href=\"https:\/\/www.koronakarkonoszy.pl\/blog-dla-firm\/pikniki-firmowe-jak-je-organizowac\/\">pikniku firmowego <\/a>jest wyb\u00f3r daty. Logiczne jest, \u017ce optymaln\u0105 por\u0105 na wydarzenie plenerowe jest okres wiosenno-letni, kiedy to pogoda jest najlepsza. \u015awi\u0119towanie pod chmurk\u0105 w ciep\u0142y, s\u0142oneczny dzie\u0144 bez w\u0105tpienia b\u0119dzie przyjemnym do\u015bwiadczeniem dla wszystkich uczestnik\u00f3w.&nbsp;<\/p>\n\n\n\n<p>Przy wyborze konkretnej daty warto kierowa\u0107 si\u0119 sytuacj\u0105 w firmie. Lepiej unika\u0107 tych termin\u00f3w, kt\u00f3re okre\u015blane s\u0105 jako \u201egor\u0105ce\u201d dla danego przedsi\u0119biorstwa, czyli czasu, kiedy to wi\u0119kszo\u015b\u0107 pracownik\u00f3w ca\u0142\u0105 swoj\u0105 energi\u0119 po\u015bwi\u0119ca pracy nad wa\u017cnymi projektami. W gor\u0105cym okresie nie ma czasu na imprezy firmowe. Jednak po zako\u0144czeniu owego okresu \u2013 jak najbardziej! Organizacja pikniku firmowego w takim momencie b\u0119dzie doskona\u0142\u0105 form\u0105 nagrody za ci\u0119\u017ck\u0105 prac\u0119 zespo\u0142u. B\u0119dzie sposobem na odstresowanie, rozlu\u017anienie atmosfery i na\u0142adowanie baterii.&nbsp;<\/p>\n\n\n\n<p>Przy wyborze daty warto unika\u0107 r\u00f3wnie\u017c termin\u00f3w wakacyjnych, czyli czasu urlopowego. Najlepszy okres na piknik to maj, czerwiec oraz prze\u0142om sierpnia i wrze\u015bnia.<\/p>\n\n\n\n<figure class=\"wp-block-image size-large is-resized\"><a href=\"https:\/\/www.koronakarkonoszy.pl\/konfigurator-imprez\/\" target=\"_blank\" rel=\"noreferrer noopener\"><img loading=\"lazy\" decoding=\"async\" width=\"1024\" height=\"510\" src=\"https:\/\/www.koronakarkonoszy.pl\/blog-dla-firm\/wp-content\/uploads\/2023\/11\/DKK-konfigurator_01-1024x510.jpg\" alt=\"Konfigurator imprez firmowych agencji eventowej Dw\u00f3r Korona Karkonoszy\" class=\"wp-image-7804\" style=\"width:855px;height:auto\" title=\"Konfigurator imprez firmowych agencji eventowej \" srcset=\"https:\/\/www.koronakarkonoszy.pl\/blog-dla-firm\/wp-content\/uploads\/2023\/11\/DKK-konfigurator_01-1024x510.jpg 1024w, https:\/\/www.koronakarkonoszy.pl\/blog-dla-firm\/wp-content\/uploads\/2023\/11\/DKK-konfigurator_01-300x150.jpg 300w, https:\/\/www.koronakarkonoszy.pl\/blog-dla-firm\/wp-content\/uploads\/2023\/11\/DKK-konfigurator_01-768x383.jpg 768w, https:\/\/www.koronakarkonoszy.pl\/blog-dla-firm\/wp-content\/uploads\/2023\/11\/DKK-konfigurator_01-1920x957.jpg 1920w, https:\/\/www.koronakarkonoszy.pl\/blog-dla-firm\/wp-content\/uploads\/2023\/11\/DKK-konfigurator_01-1536x766.jpg 1536w, https:\/\/www.koronakarkonoszy.pl\/blog-dla-firm\/wp-content\/uploads\/2023\/11\/DKK-konfigurator_01-18x9.jpg 18w, https:\/\/www.koronakarkonoszy.pl\/blog-dla-firm\/wp-content\/uploads\/2023\/11\/DKK-konfigurator_01.jpg 2040w\" sizes=\"auto, (max-width: 1024px) 100vw, 1024px\" \/><\/a><\/figure>\n\n\n\n<h2 class=\"wp-block-heading\" id=\"h-organizacja-piknikow-firmowych-idealne-miejsce-na-piknik\">Organizacja piknik\u00f3w firmowych &#8211; idealne miejsce na piknik<\/h2>\n\n\n\n<p>Wyb\u00f3r odpowiedniego miejsca to wa\u017cny etap organizacji piknik\u00f3w firmowych. Niekt\u00f3rzy wr\u0119cz uwa\u017caj\u0105, \u017ce dobra lokalizacja to po\u0142owa sukcesu! <a href=\"https:\/\/www.koronakarkonoszy.pl\/blog-dla-firm\/miejsce-na-impreze-integracyjna\/\">Miejsce na imprez\u0119 integracyjn\u0105<\/a> powinno pasowa\u0107 do charakteru wydarzenia, liczby uczestnik\u00f3w oraz rodzaju i liczby atrakcji. Wa\u017cne, aby na wybranym terenie znajdowa\u0142a si\u0119 altana, namiot b\u0105d\u017a inne zadaszone miejsce, do kt\u00f3rego go\u015bcie b\u0119d\u0105 mogli si\u0119 schowa\u0107, gdy podczas pikniku zerwie si\u0119 burza czy zacznie pada\u0107.&nbsp;<\/p>\n\n\n<section id=\"leonardo-block_47e7cacf2165cd36df581fc3e884419f\" class=\"leonardo page-breaker leonardo-image-left\">\n    <div class=\"leonardo-body\">\n                <div class=\"leonardo-content\"><p><!-- wp:paragraph --><\/p>\n<p>Piknik firmowy mo\u017ce odby\u0107 si\u0119 w r\u00f3\u017cnych miejscach \u2013 na terenie firmy, w jednym z ciekawych miejsc rekreacyjnych w mie\u015bcie, czy w ogrodzie przy interesuj\u0105cym obiekcie, hotelu b\u0105d\u017a dworku. Przy wyborze miejsca na piknik warto wzi\u0105\u0107 pod uwag\u0119 takie kwestie jak:<\/p>\n<p><!-- \/wp:paragraph --> <!-- wp:list --><\/p>\n<ul>\n<li>odleg\u0142o\u015b\u0107 od siedziby firmy,<\/li>\n<li>dojazd \u2013 czy do obiektu mo\u017cna dojecha\u0107 komunikacj\u0105 miejsk\u0105, czy te\u017c \u2013 je\u015bli piknik odbywa si\u0119 poza miastem \u2013 ile czasu zajmie dojazd na miejsce,<\/li>\n<li>dost\u0119pno\u015b\u0107 miejsc parkingowych \u2013 je\u015bli uczestnicy maj\u0105 dotrze\u0107 w\u0142asnymi samochodami,<\/li>\n<li>bud\u017cet, kt\u00f3rym dysponujemy,<\/li>\n<li>dost\u0119pno\u015b\u0107 zaplecza sanitarnego,<\/li>\n<li>pod\u0142\u0105czenie do pr\u0105du \u2013 je\u015bli go nie ma, konieczne b\u0119dzie zam\u00f3wienie agregatu o odpowiedniej mocy, paliwa i wynaj\u0119cie elektryka, kt\u00f3ry pod\u0142\u0105czy wszystkie urz\u0105dzenia,<\/li>\n<li>otoczenie terenu \u2013 plusem b\u0119dzie po\u0142o\u017cenie w pobli\u017cu jeziora, lasu, g\u00f3r itp.,<\/li>\n<li>bezpiecze\u0144stwo \u2013 czy obszar jest ogrodzony, jak daleko znajduje si\u0119 od g\u0142\u00f3wnej drogi, czy jest przystosowany do dzieci (je\u015bli na wydarzeniu maj\u0105 pojawi\u0107 si\u0119 rodziny pracownik\u00f3w).<\/li>\n<\/ul>\n<p><!-- \/wp:list --><\/p>\n<\/div>\n                    <aside class=\"leonardo-interlink\">\n                <b>Polecamy<\/b>\n                <a href=\"https:\/\/www.koronakarkonoszy.pl\/blog-dla-firm\/de\/organizacja-piknikow-firmowych\/\"><\/a>\n            <\/aside>\n            <\/div>\n    <div class=\"leonardo-image\">\n        <img loading=\"lazy\" decoding=\"async\" width=\"640\" height=\"800\" src=\"https:\/\/www.koronakarkonoszy.pl\/blog-dla-firm\/wp-content\/uploads\/2022\/02\/mason-dahl-7AxXbZekDE-unsplash-1.jpg\" class=\"attachment-full size-full\" alt=\"Integracyjny piknik firmowy\" srcset=\"https:\/\/www.koronakarkonoszy.pl\/blog-dla-firm\/wp-content\/uploads\/2022\/02\/mason-dahl-7AxXbZekDE-unsplash-1.jpg 640w, https:\/\/www.koronakarkonoszy.pl\/blog-dla-firm\/wp-content\/uploads\/2022\/02\/mason-dahl-7AxXbZekDE-unsplash-1-240x300.jpg 240w\" sizes=\"auto, (max-width: 640px) 100vw, 640px\" \/>            <\/div>\n<\/section>\n\n\n<h2 class=\"wp-block-heading\" id=\"h-co-nieco-na-maly-i-duzy-glod-catering-na-piknik-firmowy-nbsp\">Co nieco na ma\u0142y i du\u017cy g\u0142\u00f3d \u2013 catering na piknik firmowy&nbsp;<\/h2>\n\n\n\n<p>\u017badna <a href=\"https:\/\/www.koronakarkonoszy.pl\/blog-dla-firm\/co-zrobic-zeby-impreza-integracyjna-dla-pracownikow-byla-udana\/\">impreza integracyjna<\/a> nie mo\u017ce odby\u0107 si\u0119 bez wy\u017cywienia! Organizacja pikniku firmowego wi\u0105\u017ce si\u0119 z konieczno\u015bci\u0105 znalezienia i zam\u00f3wienia firmy cateringowej, kt\u00f3ra dostarczy posi\u0142ki na miejsce wydarzenia. Je\u015bli impreza ma odby\u0107 si\u0119 na terenie hotelu czy innego obiektu, kt\u00f3ry dysponuje zapleczem gastronomicznym, sprawa jest nieco u\u0142atwiona. Wystarczy ustali\u0107 wszelkie szczeg\u00f3\u0142y dotycz\u0105ce cateringu na piknik z przedstawicielem obiektu.&nbsp;<\/p>\n\n\n\n<p>Piknik to impreza o stosunkowo lu\u017anym charakterze. Doskona\u0142ym rozwi\u0105zaniem na takie wydarzenie s\u0105 przek\u0105ski, kt\u00f3re mo\u017cna spo\u017cywa\u0107 na stoj\u0105co \u2013 np. kanapki, koreczki, \u015bwie\u017co wypiekane bu\u0142eczki, ciasteczka, babeczki na s\u0142odko lub wytrawnie i inne. Dobrym pomys\u0142em jest zorganizowanie grilla z szasz\u0142ykami, kark\u00f3wk\u0105 i innymi potrawami lub ogniska z pieczonymi kie\u0142baskami. Pieczone posi\u0142ki warto podawa\u0107 w towarzystwie zimnego piwa rzemie\u015blniczego lub orze\u017awiaj\u0105cej lemoniady.<\/p>\n\n\n\n<p>Ciekawym urozmaiceniem cateringu na piknik firmowy jest food truck \u2013 np. z burgerami, frytkami, hot dogami, pizz\u0105 czy innymi fast foodami. Mo\u017cna te\u017c wybra\u0107 budk\u0119 z pysznymi, zdrowymi kanapkami lub wy\u015bmienitymi lodami \u2013 tradycyjnymi na ga\u0142ki, lodami tajskimi czy na patyku.&nbsp;<\/p>\n\n\n<section id=\"leonardo-block_d997498089dcb36aec02c19dd9053fda\" class=\"leonardo page-breaker leonardo-image-right\">\n    <div class=\"leonardo-body\">\n        <h2 class=\"leonardo-title\" id=\"h-organizacja-piknikow-firmowych-wybor-atrakcji\">Organizacja piknik\u00f3w firmowych \u2013 wyb\u00f3r atrakcji<\/h2>        <div class=\"leonardo-content\"><p><!-- wp:paragraph --><\/p>\n<p>Na firmowym pikniku nie mo\u017ce zabrakn\u0105\u0107 ciekawych atrakcji, kt\u00f3re ubarwi\u0105 wydarzenie i dostarcz\u0105 uczestnikom mn\u00f3stwo \u015bmiechu i pot\u0119\u017cn\u0105 dawk\u0119 pozytywnej energii. W\u015br\u00f3d znakomitych atrakcji na imprezy firmowe mo\u017cemy wymieni\u0107:<\/p>\n<p><!-- \/wp:paragraph --> <!-- wp:list --><\/p>\n<ul>\n<li>wyst\u0119py znanych os\u00f3b,<\/li>\n<li>muzyk\u0119 na \u017cywo,<\/li>\n<li>pokazy ta\u0144ca,<\/li>\n<li>inspiruj\u0105ce warsztaty \u2013 np. gotowania, ta\u0144ca czy rzemios\u0142a regionalnego,<\/li>\n<li>konkursy z nagrodami.<\/li>\n<\/ul>\n<p><!-- \/wp:list --> <!-- wp:paragraph --><\/p>\n<p>Piknik mo\u017cna wzbogaci\u0107 o gry integracyjne, kt\u00f3re u\u0142atwi\u0105 pracownikom zbudowanie kole\u017ce\u0144skich relacji i rozlu\u017ani\u0105 atmosfer\u0119. Do ciekawych zabaw integracyjnych zaliczymy: firmowe igrzyska olimpijskie, turniej pi\u0142karski, gr\u0119 w dwa ognie, czy te\u017c kalambury.<\/p>\n<p><!-- \/wp:paragraph --> <!-- wp:paragraph --><\/p>\n<p>Je\u015bli na wydarzeniu maj\u0105 pojawi\u0107 si\u0119 rodziny z dzie\u0107mi, warto wynaj\u0105\u0107 animatora lub zorganizowa\u0107 dodatkowe atrakcje dla najm\u0142odszych \u2013 np. dmuchany plac zabaw, k\u0105cik plastyczny.<\/p>\n<p><!-- \/wp:paragraph --><\/p>\n<\/div>\n                    <aside class=\"leonardo-interlink\">\n                <b>Polecamy<\/b>\n                <a href=\"https:\/\/www.koronakarkonoszy.pl\/blog-dla-firm\/de\/atrakcje-na-imprezy-firmowe\/\">Atrakcje na imprezy firmowe<\/a>\n            <\/aside>\n            <\/div>\n    <div class=\"leonardo-image\">\n        <img loading=\"lazy\" decoding=\"async\" width=\"1280\" height=\"853\" src=\"https:\/\/www.koronakarkonoszy.pl\/blog-dla-firm\/wp-content\/uploads\/2022\/02\/pexels-rodnae-productions-7551732-1.jpg\" class=\"attachment-full size-full\" alt=\"Gry zespo\u0142owe plenerowe\" srcset=\"https:\/\/www.koronakarkonoszy.pl\/blog-dla-firm\/wp-content\/uploads\/2022\/02\/pexels-rodnae-productions-7551732-1.jpg 1280w, https:\/\/www.koronakarkonoszy.pl\/blog-dla-firm\/wp-content\/uploads\/2022\/02\/pexels-rodnae-productions-7551732-1-300x200.jpg 300w, https:\/\/www.koronakarkonoszy.pl\/blog-dla-firm\/wp-content\/uploads\/2022\/02\/pexels-rodnae-productions-7551732-1-1024x682.jpg 1024w, https:\/\/www.koronakarkonoszy.pl\/blog-dla-firm\/wp-content\/uploads\/2022\/02\/pexels-rodnae-productions-7551732-1-768x512.jpg 768w\" sizes=\"auto, (max-width: 1280px) 100vw, 1280px\" \/>            <\/div>\n<\/section>\n\n\n<h2 class=\"wp-block-heading\" id=\"h-organizacja-piknikow-firmowych-o-czym-pamietac\">Organizacja piknik\u00f3w firmowych &#8211; o czym pami\u0119ta\u0107?<\/h2>\n\n\n\n<p>Organizuj\u0105c piknik firmowy, warto zainteresowa\u0107 si\u0119 kwesti\u0105 ubezpieczenia dla pracownik\u00f3w. Dobrym rozwi\u0105zaniem b\u0119dzie wykupienie ubezpieczenia OC i NNW. W przypadku wi\u0119kszej imprezy nale\u017cy zadba\u0107 o obecno\u015b\u0107 ratownik\u00f3w medycznych.<\/p>\n\n\n\n<p>Je\u015bli wydarzenie ma odby\u0107 si\u0119 poza miastem, warto zorganizowa\u0107 transport dla uczestnik\u00f3w zabawy.&nbsp;<\/p>\n\n\n\n<p>Dobrym pomys\u0142em b\u0119dzie wynaj\u0119cie fotografa, kt\u00f3ry udokumentuje ca\u0142e wydarzenie. Zdj\u0119cia b\u0119d\u0105 wspania\u0142\u0105 pami\u0105tk\u0105 dla pracownik\u00f3w. Ponadto mog\u0105 pos\u0142u\u017cy\u0107 jako materia\u0142y promocyjne dla firmy.<\/p>\n\n\n\n<p>Organizator pikniku firmowego nie powinien zapomnie\u0107 o oprawie muzycznej wydarzenia. W zale\u017cno\u015bci od bud\u017cetu mo\u017cna zam\u00f3wi\u0107 DJ-a, zesp\u00f3\u0142 muzyczny lub puszcza\u0107 piosenki z odtwarzacza.<\/p>\n","protected":false},"excerpt":{"rendered":"<p>Organizacja piknik\u00f3w firmowych to znakomity pomys\u0142 na integracj\u0119 pracownik\u00f3w. Piknik pracowniczy to gwarancja wy\u015bmienitej zabawy i niezapomnianych wspomnie\u0144. \u015awi\u0119towanie na \u015bwie\u017cym powietrzu w towarzystwie wyj\u0105tkowych atrakcji, dobrego jedzenia i radosnej muzyki dostarczy pracownikom wielu pozytywnych emocji i u\u0142atwi im zbudowanie kole\u017ce\u0144skich relacji. Jak zorganizowa\u0107 takie wydarzenie? Piknik firmowy to doskona\u0142y spos\u00f3b na integracj\u0119 Ka\u017cdy \u015bwiadomy [&hellip;]<\/p>\n","protected":false},"author":4,"featured_media":2361,"comment_status":"closed","ping_status":"closed","sticky":false,"template":"","format":"standard","meta":{"_acf_changed":false,"footnotes":""},"categories":[13,3,2,12],"class_list":["post-2352","post","type-post","status-publish","format-standard","has-post-thumbnail","hentry","category-jesien-imprezy","category-lato-imprezy","category-porady","category-wiosna-imprezy"],"acf":[],"yoast_head":"<!-- This site is optimized with the Yoast SEO Premium plugin v27.4 (Yoast SEO v27.4) - https:\/\/yoast.com\/product\/yoast-seo-premium-wordpress\/ -->\n<title>Organizacja Piknik\u00f3w Firmowych - Kompleksowy Poradnik 2024<\/title>\n<meta name=\"description\" content=\"Organizacja piknik\u00f3w firmowych to znakomity pomys\u0142 na integracj\u0119 pracownik\u00f3w. Jak zorganizowa\u0107 takie wydarzenie? I gdzie?\" \/>\n<meta name=\"robots\" content=\"index, follow, max-snippet:-1, max-image-preview:large, max-video-preview:-1\" \/>\n<link rel=\"canonical\" href=\"https:\/\/www.koronakarkonoszy.pl\/blog-dla-firm\/de\/organisation-von-firmenpicknicks\/\" \/>\n<meta property=\"og:locale\" content=\"de_DE\" \/>\n<meta property=\"og:type\" content=\"article\" \/>\n<meta property=\"og:title\" content=\"Organizacja piknik\u00f3w firmowychw pigu\u0142ce\" \/>\n<meta property=\"og:description\" content=\"Organizacja piknik\u00f3w firmowych to znakomity pomys\u0142 na integracj\u0119 pracownik\u00f3w. Jak zorganizowa\u0107 takie wydarzenie? I gdzie?\" \/>\n<meta property=\"og:url\" content=\"https:\/\/www.koronakarkonoszy.pl\/blog-dla-firm\/de\/organisation-von-firmenpicknicks\/\" \/>\n<meta property=\"og:site_name\" content=\":: Blog dla firm - szkolenia, zarz\u0105dzanie zespo\u0142em, team building\" \/>\n<meta property=\"article:published_time\" content=\"2022-02-12T13:41:00+00:00\" \/>\n<meta property=\"article:modified_time\" content=\"2025-02-14T09:57:16+00:00\" \/>\n<meta property=\"og:image\" content=\"https:\/\/www.koronakarkonoszy.pl\/blog-dla-firm\/wp-content\/uploads\/2022\/02\/evangelina-silina-zmdL8iFQpGg-unsplash.jpg\" \/>\n\t<meta property=\"og:image:width\" content=\"1920\" \/>\n\t<meta property=\"og:image:height\" content=\"1280\" \/>\n\t<meta property=\"og:image:type\" content=\"image\/jpeg\" \/>\n<meta name=\"author\" content=\"Maria Szruba\" \/>\n<meta name=\"twitter:card\" content=\"summary_large_image\" \/>\n<meta name=\"twitter:label1\" content=\"Verfasst von\" \/>\n\t<meta name=\"twitter:data1\" content=\"Maria Szruba\" \/>\n\t<meta name=\"twitter:label2\" content=\"Gesch\u00e4tzte Lesezeit\" \/>\n\t<meta name=\"twitter:data2\" content=\"5\u00a0Minuten\" \/>\n<script type=\"application\/ld+json\" class=\"yoast-schema-graph\">{\"@context\":\"https:\\\/\\\/schema.org\",\"@graph\":[{\"@type\":\"Article\",\"@id\":\"https:\\\/\\\/www.koronakarkonoszy.pl\\\/blog-dla-firm\\\/organizacja-piknikow-firmowych\\\/#article\",\"isPartOf\":{\"@id\":\"https:\\\/\\\/www.koronakarkonoszy.pl\\\/blog-dla-firm\\\/organizacja-piknikow-firmowych\\\/\"},\"author\":{\"name\":\"Maria Szruba\",\"@id\":\"https:\\\/\\\/www.koronakarkonoszy.pl\\\/blog-dla-firm\\\/#\\\/schema\\\/person\\\/534aa22a9d8f007f1dee4909d6985b1b\"},\"headline\":\"Organizacja piknik\u00f3w firmowych w pigu\u0142ce\",\"datePublished\":\"2022-02-12T13:41:00+00:00\",\"dateModified\":\"2025-02-14T09:57:16+00:00\",\"mainEntityOfPage\":{\"@id\":\"https:\\\/\\\/www.koronakarkonoszy.pl\\\/blog-dla-firm\\\/organizacja-piknikow-firmowych\\\/\"},\"wordCount\":785,\"image\":{\"@id\":\"https:\\\/\\\/www.koronakarkonoszy.pl\\\/blog-dla-firm\\\/organizacja-piknikow-firmowych\\\/#primaryimage\"},\"thumbnailUrl\":\"https:\\\/\\\/www.koronakarkonoszy.pl\\\/blog-dla-firm\\\/wp-content\\\/uploads\\\/2022\\\/02\\\/evangelina-silina-zmdL8iFQpGg-unsplash.jpg\",\"articleSection\":[\"Jesie\u0144 - imprezy\",\"Lato - imprezy\",\"Porady\",\"Wiosna - imprezy\"],\"inLanguage\":\"de\"},{\"@type\":\"WebPage\",\"@id\":\"https:\\\/\\\/www.koronakarkonoszy.pl\\\/blog-dla-firm\\\/organizacja-piknikow-firmowych\\\/\",\"url\":\"https:\\\/\\\/www.koronakarkonoszy.pl\\\/blog-dla-firm\\\/organizacja-piknikow-firmowych\\\/\",\"name\":\"Organizacja Piknik\u00f3w Firmowych - Kompleksowy Poradnik 2024\",\"isPartOf\":{\"@id\":\"https:\\\/\\\/www.koronakarkonoszy.pl\\\/blog-dla-firm\\\/#website\"},\"primaryImageOfPage\":{\"@id\":\"https:\\\/\\\/www.koronakarkonoszy.pl\\\/blog-dla-firm\\\/organizacja-piknikow-firmowych\\\/#primaryimage\"},\"image\":{\"@id\":\"https:\\\/\\\/www.koronakarkonoszy.pl\\\/blog-dla-firm\\\/organizacja-piknikow-firmowych\\\/#primaryimage\"},\"thumbnailUrl\":\"https:\\\/\\\/www.koronakarkonoszy.pl\\\/blog-dla-firm\\\/wp-content\\\/uploads\\\/2022\\\/02\\\/evangelina-silina-zmdL8iFQpGg-unsplash.jpg\",\"datePublished\":\"2022-02-12T13:41:00+00:00\",\"dateModified\":\"2025-02-14T09:57:16+00:00\",\"author\":{\"@id\":\"https:\\\/\\\/www.koronakarkonoszy.pl\\\/blog-dla-firm\\\/#\\\/schema\\\/person\\\/534aa22a9d8f007f1dee4909d6985b1b\"},\"description\":\"Organizacja piknik\u00f3w firmowych to znakomity pomys\u0142 na integracj\u0119 pracownik\u00f3w. Jak zorganizowa\u0107 takie wydarzenie? I gdzie?\",\"breadcrumb\":{\"@id\":\"https:\\\/\\\/www.koronakarkonoszy.pl\\\/blog-dla-firm\\\/organizacja-piknikow-firmowych\\\/#breadcrumb\"},\"inLanguage\":\"de\",\"potentialAction\":[{\"@type\":\"ReadAction\",\"target\":[\"https:\\\/\\\/www.koronakarkonoszy.pl\\\/blog-dla-firm\\\/organizacja-piknikow-firmowych\\\/\"]}]},{\"@type\":\"ImageObject\",\"inLanguage\":\"de\",\"@id\":\"https:\\\/\\\/www.koronakarkonoszy.pl\\\/blog-dla-firm\\\/organizacja-piknikow-firmowych\\\/#primaryimage\",\"url\":\"https:\\\/\\\/www.koronakarkonoszy.pl\\\/blog-dla-firm\\\/wp-content\\\/uploads\\\/2022\\\/02\\\/evangelina-silina-zmdL8iFQpGg-unsplash.jpg\",\"contentUrl\":\"https:\\\/\\\/www.koronakarkonoszy.pl\\\/blog-dla-firm\\\/wp-content\\\/uploads\\\/2022\\\/02\\\/evangelina-silina-zmdL8iFQpGg-unsplash.jpg\",\"width\":1920,\"height\":1280,\"caption\":\"Kosz piknikowy na integracj\u0119 w plenerze\"},{\"@type\":\"BreadcrumbList\",\"@id\":\"https:\\\/\\\/www.koronakarkonoszy.pl\\\/blog-dla-firm\\\/organizacja-piknikow-firmowych\\\/#breadcrumb\",\"itemListElement\":[{\"@type\":\"ListItem\",\"position\":1,\"name\":\"Strona g\u0142\u00f3wna\",\"item\":\"https:\\\/\\\/www.koronakarkonoszy.pl\\\/blog-dla-firm\\\/\"},{\"@type\":\"ListItem\",\"position\":2,\"name\":\"Organizacja piknik\u00f3w firmowychw pigu\u0142ce\"}]},{\"@type\":\"WebSite\",\"@id\":\"https:\\\/\\\/www.koronakarkonoszy.pl\\\/blog-dla-firm\\\/#website\",\"url\":\"https:\\\/\\\/www.koronakarkonoszy.pl\\\/blog-dla-firm\\\/\",\"name\":\":: Blog dla firm - szkolenia, zarz\u0105dzanie zespo\u0142em, team building\",\"description\":\"\",\"potentialAction\":[{\"@type\":\"SearchAction\",\"target\":{\"@type\":\"EntryPoint\",\"urlTemplate\":\"https:\\\/\\\/www.koronakarkonoszy.pl\\\/blog-dla-firm\\\/?s={search_term_string}\"},\"query-input\":{\"@type\":\"PropertyValueSpecification\",\"valueRequired\":true,\"valueName\":\"search_term_string\"}}],\"inLanguage\":\"de\"},{\"@type\":\"Person\",\"@id\":\"https:\\\/\\\/www.koronakarkonoszy.pl\\\/blog-dla-firm\\\/#\\\/schema\\\/person\\\/534aa22a9d8f007f1dee4909d6985b1b\",\"name\":\"Maria Szruba\",\"image\":{\"@type\":\"ImageObject\",\"inLanguage\":\"de\",\"@id\":\"https:\\\/\\\/www.koronakarkonoszy.pl\\\/blog-dla-firm\\\/wp-content\\\/litespeed\\\/avatar\\\/d0fe7fde2b2277621e0a2904789bab14.jpg?ver=1776846234\",\"url\":\"https:\\\/\\\/www.koronakarkonoszy.pl\\\/blog-dla-firm\\\/wp-content\\\/litespeed\\\/avatar\\\/d0fe7fde2b2277621e0a2904789bab14.jpg?ver=1776846234\",\"contentUrl\":\"https:\\\/\\\/www.koronakarkonoszy.pl\\\/blog-dla-firm\\\/wp-content\\\/litespeed\\\/avatar\\\/d0fe7fde2b2277621e0a2904789bab14.jpg?ver=1776846234\",\"caption\":\"Maria Szruba\"},\"url\":\"https:\\\/\\\/www.koronakarkonoszy.pl\\\/blog-dla-firm\\\/de\\\/author\\\/m-szruba\\\/\"}]}<\/script>\n<!-- \/ Yoast SEO Premium plugin. -->","yoast_head_json":{"title":"Organizacja Piknik\u00f3w Firmowych - Kompleksowy Poradnik 2024","description":"Die Organisation von Firmenpicknicks ist eine tolle Idee zur Integration der Mitarbeiter. Wie organisiert man eine solche Veranstaltung? Und wo?","robots":{"index":"index","follow":"follow","max-snippet":"max-snippet:-1","max-image-preview":"max-image-preview:large","max-video-preview":"max-video-preview:-1"},"canonical":"https:\/\/www.koronakarkonoszy.pl\/blog-dla-firm\/de\/organisation-von-firmenpicknicks\/","og_locale":"de_DE","og_type":"article","og_title":"Organizacja piknik\u00f3w firmowychw pigu\u0142ce","og_description":"Organizacja piknik\u00f3w firmowych to znakomity pomys\u0142 na integracj\u0119 pracownik\u00f3w. Jak zorganizowa\u0107 takie wydarzenie? I gdzie?","og_url":"https:\/\/www.koronakarkonoszy.pl\/blog-dla-firm\/de\/organisation-von-firmenpicknicks\/","og_site_name":":: Blog dla firm - szkolenia, zarz\u0105dzanie zespo\u0142em, team building","article_published_time":"2022-02-12T13:41:00+00:00","article_modified_time":"2025-02-14T09:57:16+00:00","og_image":[{"width":1920,"height":1280,"url":"https:\/\/www.koronakarkonoszy.pl\/blog-dla-firm\/wp-content\/uploads\/2022\/02\/evangelina-silina-zmdL8iFQpGg-unsplash.jpg","type":"image\/jpeg"}],"author":"Maria Szruba","twitter_card":"summary_large_image","twitter_misc":{"Verfasst von":"Maria Szruba","Gesch\u00e4tzte Lesezeit":"5\u00a0Minuten"},"schema":{"@context":"https:\/\/schema.org","@graph":[{"@type":"Article","@id":"https:\/\/www.koronakarkonoszy.pl\/blog-dla-firm\/organizacja-piknikow-firmowych\/#article","isPartOf":{"@id":"https:\/\/www.koronakarkonoszy.pl\/blog-dla-firm\/organizacja-piknikow-firmowych\/"},"author":{"name":"Maria Szruba","@id":"https:\/\/www.koronakarkonoszy.pl\/blog-dla-firm\/#\/schema\/person\/534aa22a9d8f007f1dee4909d6985b1b"},"headline":"Organizacja piknik\u00f3w firmowych w pigu\u0142ce","datePublished":"2022-02-12T13:41:00+00:00","dateModified":"2025-02-14T09:57:16+00:00","mainEntityOfPage":{"@id":"https:\/\/www.koronakarkonoszy.pl\/blog-dla-firm\/organizacja-piknikow-firmowych\/"},"wordCount":785,"image":{"@id":"https:\/\/www.koronakarkonoszy.pl\/blog-dla-firm\/organizacja-piknikow-firmowych\/#primaryimage"},"thumbnailUrl":"https:\/\/www.koronakarkonoszy.pl\/blog-dla-firm\/wp-content\/uploads\/2022\/02\/evangelina-silina-zmdL8iFQpGg-unsplash.jpg","articleSection":["Jesie\u0144 - imprezy","Lato - imprezy","Porady","Wiosna - imprezy"],"inLanguage":"de"},{"@type":"WebPage","@id":"https:\/\/www.koronakarkonoszy.pl\/blog-dla-firm\/organizacja-piknikow-firmowych\/","url":"https:\/\/www.koronakarkonoszy.pl\/blog-dla-firm\/organizacja-piknikow-firmowych\/","name":"Organizacja Piknik\u00f3w Firmowych - Kompleksowy Poradnik 2024","isPartOf":{"@id":"https:\/\/www.koronakarkonoszy.pl\/blog-dla-firm\/#website"},"primaryImageOfPage":{"@id":"https:\/\/www.koronakarkonoszy.pl\/blog-dla-firm\/organizacja-piknikow-firmowych\/#primaryimage"},"image":{"@id":"https:\/\/www.koronakarkonoszy.pl\/blog-dla-firm\/organizacja-piknikow-firmowych\/#primaryimage"},"thumbnailUrl":"https:\/\/www.koronakarkonoszy.pl\/blog-dla-firm\/wp-content\/uploads\/2022\/02\/evangelina-silina-zmdL8iFQpGg-unsplash.jpg","datePublished":"2022-02-12T13:41:00+00:00","dateModified":"2025-02-14T09:57:16+00:00","author":{"@id":"https:\/\/www.koronakarkonoszy.pl\/blog-dla-firm\/#\/schema\/person\/534aa22a9d8f007f1dee4909d6985b1b"},"description":"Die Organisation von Firmenpicknicks ist eine tolle Idee zur Integration der Mitarbeiter. Wie organisiert man eine solche Veranstaltung? Und wo?","breadcrumb":{"@id":"https:\/\/www.koronakarkonoszy.pl\/blog-dla-firm\/organizacja-piknikow-firmowych\/#breadcrumb"},"inLanguage":"de","potentialAction":[{"@type":"ReadAction","target":["https:\/\/www.koronakarkonoszy.pl\/blog-dla-firm\/organizacja-piknikow-firmowych\/"]}]},{"@type":"ImageObject","inLanguage":"de","@id":"https:\/\/www.koronakarkonoszy.pl\/blog-dla-firm\/organizacja-piknikow-firmowych\/#primaryimage","url":"https:\/\/www.koronakarkonoszy.pl\/blog-dla-firm\/wp-content\/uploads\/2022\/02\/evangelina-silina-zmdL8iFQpGg-unsplash.jpg","contentUrl":"https:\/\/www.koronakarkonoszy.pl\/blog-dla-firm\/wp-content\/uploads\/2022\/02\/evangelina-silina-zmdL8iFQpGg-unsplash.jpg","width":1920,"height":1280,"caption":"Kosz piknikowy na integracj\u0119 w plenerze"},{"@type":"BreadcrumbList","@id":"https:\/\/www.koronakarkonoszy.pl\/blog-dla-firm\/organizacja-piknikow-firmowych\/#breadcrumb","itemListElement":[{"@type":"ListItem","position":1,"name":"Strona g\u0142\u00f3wna","item":"https:\/\/www.koronakarkonoszy.pl\/blog-dla-firm\/"},{"@type":"ListItem","position":2,"name":"Organizacja piknik\u00f3w firmowychw pigu\u0142ce"}]},{"@type":"WebSite","@id":"https:\/\/www.koronakarkonoszy.pl\/blog-dla-firm\/#website","url":"https:\/\/www.koronakarkonoszy.pl\/blog-dla-firm\/","name":":: Blog f\u00fcr Unternehmen \u2013 Schulung, Teammanagement, Teambuilding","description":"","potentialAction":[{"@type":"SearchAction","target":{"@type":"EntryPoint","urlTemplate":"https:\/\/www.koronakarkonoszy.pl\/blog-dla-firm\/?s={search_term_string}"},"query-input":{"@type":"PropertyValueSpecification","valueRequired":true,"valueName":"search_term_string"}}],"inLanguage":"de"},{"@type":"Person","@id":"https:\/\/www.koronakarkonoszy.pl\/blog-dla-firm\/#\/schema\/person\/534aa22a9d8f007f1dee4909d6985b1b","name":"Maria Szruba","image":{"@type":"ImageObject","inLanguage":"de","@id":"https:\/\/www.koronakarkonoszy.pl\/blog-dla-firm\/wp-content\/litespeed\/avatar\/d0fe7fde2b2277621e0a2904789bab14.jpg?ver=1776846234","url":"https:\/\/www.koronakarkonoszy.pl\/blog-dla-firm\/wp-content\/litespeed\/avatar\/d0fe7fde2b2277621e0a2904789bab14.jpg?ver=1776846234","contentUrl":"https:\/\/www.koronakarkonoszy.pl\/blog-dla-firm\/wp-content\/litespeed\/avatar\/d0fe7fde2b2277621e0a2904789bab14.jpg?ver=1776846234","caption":"Maria Szruba"},"url":"https:\/\/www.koronakarkonoszy.pl\/blog-dla-firm\/de\/author\/m-szruba\/"}]}},"_links":{"self":[{"href":"https:\/\/www.koronakarkonoszy.pl\/blog-dla-firm\/de\/wp-json\/wp\/v2\/posts\/2352","targetHints":{"allow":["GET"]}}],"collection":[{"href":"https:\/\/www.koronakarkonoszy.pl\/blog-dla-firm\/de\/wp-json\/wp\/v2\/posts"}],"about":[{"href":"https:\/\/www.koronakarkonoszy.pl\/blog-dla-firm\/de\/wp-json\/wp\/v2\/types\/post"}],"author":[{"embeddable":true,"href":"https:\/\/www.koronakarkonoszy.pl\/blog-dla-firm\/de\/wp-json\/wp\/v2\/users\/4"}],"replies":[{"embeddable":true,"href":"https:\/\/www.koronakarkonoszy.pl\/blog-dla-firm\/de\/wp-json\/wp\/v2\/comments?post=2352"}],"version-history":[{"count":1,"href":"https:\/\/www.koronakarkonoszy.pl\/blog-dla-firm\/de\/wp-json\/wp\/v2\/posts\/2352\/revisions"}],"predecessor-version":[{"id":9923,"href":"https:\/\/www.koronakarkonoszy.pl\/blog-dla-firm\/de\/wp-json\/wp\/v2\/posts\/2352\/revisions\/9923"}],"wp:featuredmedia":[{"embeddable":true,"href":"https:\/\/www.koronakarkonoszy.pl\/blog-dla-firm\/de\/wp-json\/wp\/v2\/media\/2361"}],"wp:attachment":[{"href":"https:\/\/www.koronakarkonoszy.pl\/blog-dla-firm\/de\/wp-json\/wp\/v2\/media?parent=2352"}],"wp:term":[{"taxonomy":"category","embeddable":true,"href":"https:\/\/www.koronakarkonoszy.pl\/blog-dla-firm\/de\/wp-json\/wp\/v2\/categories?post=2352"}],"curies":[{"name":"wp","href":"https:\/\/api.w.org\/{rel}","templated":true}]}}