{"id":2184,"date":"2023-03-26T14:00:01","date_gmt":"2023-03-26T12:00:01","guid":{"rendered":"https:\/\/www.koronakarkonoszy.pl\/blog-dla-firm\/?p=2184"},"modified":"2024-12-11T11:50:41","modified_gmt":"2024-12-11T10:50:41","slug":"integracja-firmowa-sprawdzone-pomysly-na-kazda-pore-roku","status":"publish","type":"post","link":"https:\/\/www.koronakarkonoszy.pl\/blog-dla-firm\/de\/integracja-firmowa-sprawdzone-pomysly-na-kazda-pore-roku\/","title":{"rendered":"Unternehmensintegration - bew\u00e4hrte Ideen f\u00fcr jede Jahreszeit\u00a0"},"content":{"rendered":"\n<p>To, czy firma si\u0119 rozwija i odnosi sukcesy na rynku, zale\u017cy od wielu czynnik\u00f3w. Jednym z nich jest integracja firmowa. Ka\u017cdy \u015bwiadomy pracodawca wie, jak wa\u017cne jest, by regularnie organizowa\u0107 wydarzenia integracyjne dla pracownik\u00f3w. Dzi\u0119ki nim mo\u017cna zbudowa\u0107 i utrzyma\u0107 dobre relacje pracownicze i przyjazn\u0105 atmosfer\u0119 w zespole. Przedstawiamy sprawdzone pomys\u0142y na integracj\u0119 o ka\u017cdej porze roku.&nbsp;<\/p>\n\n\n<div id=\"ariadna-block_3ab2c9496f35e3a23d9683b4652665e0\" class=\"ariadna\">\n    <ul><li><a href=\"#h-dlaczego-integracja-firmowa-jest-tak-wazna\">Dlaczego integracja firmowa jest tak wa\u017cna?<\/a><\/li><li><a href=\"#h-employer-branding\">Employer branding<\/a><\/li><li><a href=\"#ha-integracja-firmowa-pomysly-na-kazda-pore-roku\">Integracja firmowa \u2013 pomys\u0142y na ka\u017cd\u0105 por\u0119 roku&nbsp;<\/a><\/li><li><a href=\"#h-1-wiosenna-wycieczka\">1. Wiosenna wycieczka<\/a><\/li><li><a href=\"#h-2-letni-piknik-dla-calej-rodziny\">2. Letni piknik dla ca\u0142ej rodziny<\/a><\/li><li><a href=\"#h-piknik-rodzinny\">Piknik rodzinny<\/a><\/li><li><a href=\"#h-3-jesienne-warsztaty\">3. Jesienne warsztaty<\/a><\/li><li><a href=\"#h-warsztaty-kulinarne\">Warsztaty kulinarne<\/a><\/li><li><a href=\"#h-4-zima-koniecznie-na-kulig\">4. Zim\u0105 koniecznie na kulig<\/a><\/li><li><a href=\"#h-integracja-firmowa-wroclaw-co-robic-na-dolnym-slasku\">Integracja firmowa Wroc\u0142aw &#8211; co robi\u0107 na Dolnym \u015al\u0105sku?<\/a><\/li><li><a href=\"#ha-integracja-firmowa-kto-powinien-sie-tym-zajac\">Integracja firmowa \u2013 kto powinien si\u0119 tym zaj\u0105\u0107?<\/a><\/li><li><a href=\"#ha-integracja-pracownikow-pomysly-zachec-wszystkich-do-udzialu\">Integracja pracownik\u00f3w pomys\u0142y &#8211; zach\u0119\u0107 wszystkich do udzia\u0142u!<\/a><\/li><li><a href=\"#h-pomysl-na-integracje-firmowa-jak-zaplanowac\">Pomys\u0142 na integracj\u0119 firmow\u0105 \u2013 jak zaplanowa\u0107?<\/a><\/li><li><a href=\"#ha-pomysly-na-integracje-firmowa-o-kazdej-porze-roku\">Pomys\u0142y na integracj\u0119 firmow\u0105 o ka\u017cdej porze roku<\/a><\/li><li><a href=\"#h-integracja-firmowa-w-gorach\">Integracja firmowa w g\u00f3rach<\/a><\/li><li><a href=\"#ha-integracja-firmowa-karpacz\">Integracja firmowa Karpacz<\/a><\/li><li><a href=\"#ha-jak-wybrac-hotel-na-impreze-firmowa\">Jak wybra\u0107 hotel na imprez\u0119 firmow\u0105?<\/a><\/li><\/ul>\n<\/div>\n\n\n\n\n\n\n<h2 class=\"wp-block-heading\" id=\"h-dlaczego-integracja-firmowa-jest-tak-wazna\">Dlaczego integracja firmowa jest tak wa\u017cna?<\/h2>\n\n\n\n<p>Samo zatrudnienie doskonale wykwalifikowanych, do\u015bwiadczonych os\u00f3b jeszcze nie decyduje o sukcesie firmy. Sztuk\u0105 jest stworzenie z owych os\u00f3b zgranej za\u0142ogi pracowniczej, kt\u00f3ra b\u0119dzie efektywnie realizowa\u0107 wszystkie wyznaczone cele i z \u0142atwo\u015bci\u0105 pokonywa\u0107 przeszkody. Aby praca zespo\u0142u by\u0142a wydajna i przynosi\u0142a oczekiwane efekty, firmie musi panowa\u0107 przyjazna, swobodna atmosfera. Kluczem do stworzenia takiej atmosfery i wzmocnienia wi\u0119zi mi\u0119dzy pracownikami jest integracja.&nbsp;<\/p>\n\n\n\n<p><a href=\"https:\/\/www.koronakarkonoszy.pl\/blog-dla-firm\/integracja-zespolu\/\" target=\"_blank\" rel=\"noreferrer noopener\">Integracja zespo\u0142u<\/a> powinna stanowi\u0107 nieod\u0142\u0105czny element funkcjonowania ka\u017cdego przedsi\u0119biorstwa. W integracj\u0119 warto inwestowa\u0107, bo dobrze zintegrowany zesp\u00f3\u0142 to realne zyski dla firmy.<\/p>\n\n\n\n<figure class=\"wp-block-image size-large is-resized\"><a href=\"https:\/\/www.koronakarkonoszy.pl\/konfigurator-imprez\/\" target=\"_blank\" rel=\"noreferrer noopener\"><img loading=\"lazy\" decoding=\"async\" width=\"1024\" height=\"510\" src=\"https:\/\/www.koronakarkonoszy.pl\/blog-dla-firm\/wp-content\/uploads\/2023\/11\/DKK-konfigurator_01-1024x510.jpg\" alt=\"Konfigurator imprez firmowych agencji eventowej Dw\u00f3r Korona Karkonoszy\" class=\"wp-image-7804\" style=\"width:855px;height:auto\" title=\"Konfigurator imprez firmowych agencji eventowej \" srcset=\"https:\/\/www.koronakarkonoszy.pl\/blog-dla-firm\/wp-content\/uploads\/2023\/11\/DKK-konfigurator_01-1024x510.jpg 1024w, https:\/\/www.koronakarkonoszy.pl\/blog-dla-firm\/wp-content\/uploads\/2023\/11\/DKK-konfigurator_01-300x150.jpg 300w, https:\/\/www.koronakarkonoszy.pl\/blog-dla-firm\/wp-content\/uploads\/2023\/11\/DKK-konfigurator_01-768x383.jpg 768w, https:\/\/www.koronakarkonoszy.pl\/blog-dla-firm\/wp-content\/uploads\/2023\/11\/DKK-konfigurator_01-1920x957.jpg 1920w, https:\/\/www.koronakarkonoszy.pl\/blog-dla-firm\/wp-content\/uploads\/2023\/11\/DKK-konfigurator_01-1536x766.jpg 1536w, https:\/\/www.koronakarkonoszy.pl\/blog-dla-firm\/wp-content\/uploads\/2023\/11\/DKK-konfigurator_01-18x9.jpg 18w, https:\/\/www.koronakarkonoszy.pl\/blog-dla-firm\/wp-content\/uploads\/2023\/11\/DKK-konfigurator_01.jpg 2040w\" sizes=\"auto, (max-width: 1024px) 100vw, 1024px\" \/><\/a><\/figure>\n\n\n\n<p>W ostatnim czasie, je\u015bli chodzi o prac\u0119, to rynek jest po stronie pracownika. Bardzo niskie bezrobocie, niedob\u00f3r r\u0105k do pracy, zw\u0142aszcza wykwalifikowanych pracownik\u00f3w i specjalist\u00f3w mo\u017ce skutkowa\u0107 du\u017c\u0105 fluktuacj\u0105 kadr. A to z kolei mo\u017ce powodowa\u0107 problem z realizacj\u0105 za\u0142o\u017conego planu w firmie albo brakiem personelu do obs\u0142ugi klient\u00f3w.<\/p>\n\n\n<section id=\"leonardo-block_b6ac9650a34588f0f7911c9d270a3fed\" class=\"leonardo page-breaker leonardo-image-left\">\n    <div class=\"leonardo-body\">\n        <h2 class=\"leonardo-title\" id=\"h-employer-branding\">Employer branding<\/h2>        <div class=\"leonardo-content\"><p>Pozyskiwanie nowych pracownik\u00f3w wcale nie jest obecnie \u0142atwe. Do koszt\u00f3w zwi\u0105zanych\u00a0 z\u00a0 rekrutacj\u0105 dochodzi czas potrzebny na szkolenie nowych kadr. Patrz\u0105c z tej perspektywy, warto zadba\u0107 o naszych pracownik\u00f3w tak, aby czuli wi\u0119\u017a z firm\u0105 i chcieli w niej pracowa\u0107 przez d\u0142u\u017cszy czas. Dobrze zorganizowane firmy bior\u0105 to pod uwag\u0119 i maj\u0105 zwykle opracowan\u0105 strategi\u0119 employer brandingow\u0105. Jednym z wa\u017cnych element\u00f3w tych dzia\u0142a\u0144 \u00a0jest w\u0142a\u015bnie integracja firmowa &#8211; wsp\u00f3lne zabawy team buildingowe. Dobrze zgrany zesp\u00f3\u0142 czy wspieraj\u0105ca si\u0119 za\u0142oga w przedsi\u0119biorstwie sprawi\u0105, \u017ce nie tylko \u0142atwiej b\u0119dzie pewne rzeczy zrealizowa\u0107, ale te\u017c pracownicy b\u0119d\u0105 ch\u0119tnie przychodzi\u0107 do pracy, bo spotkaj\u0105 tam dobrych znajomych albo wr\u0119cz przyjaci\u00f3\u0142. Dlatego <strong><a href=\"http:\/\/koronakarkonoszy.pl\/blog-dla-firm\/integracja-dla-firm-z-pomyslem-jak-zorganizowac-nietypowe-wydarzenie\/\" target=\"_blank\" rel=\"noopener\">integracja dla firm<\/a> jest naprawd\u0119 wa\u017cna<\/strong>!<\/p>\n<\/div>\n            <\/div>\n    <div class=\"leonardo-image\">\n        <img loading=\"lazy\" decoding=\"async\" width=\"1920\" height=\"1280\" src=\"https:\/\/www.koronakarkonoszy.pl\/blog-dla-firm\/wp-content\/uploads\/2022\/02\/MNG_2839.jpg\" class=\"attachment-full size-full\" alt=\"Gry terenowe dla firm w g\u00f3rach\" srcset=\"https:\/\/www.koronakarkonoszy.pl\/blog-dla-firm\/wp-content\/uploads\/2022\/02\/MNG_2839.jpg 1920w, https:\/\/www.koronakarkonoszy.pl\/blog-dla-firm\/wp-content\/uploads\/2022\/02\/MNG_2839-300x200.jpg 300w, https:\/\/www.koronakarkonoszy.pl\/blog-dla-firm\/wp-content\/uploads\/2022\/02\/MNG_2839-1024x683.jpg 1024w, https:\/\/www.koronakarkonoszy.pl\/blog-dla-firm\/wp-content\/uploads\/2022\/02\/MNG_2839-768x512.jpg 768w, https:\/\/www.koronakarkonoszy.pl\/blog-dla-firm\/wp-content\/uploads\/2022\/02\/MNG_2839-1536x1024.jpg 1536w\" sizes=\"auto, (max-width: 1920px) 100vw, 1920px\" \/>            <\/div>\n<\/section>\n\n\n<h2 class=\"wp-block-heading\" id=\"ha-integracja-firmowa-pomysly-na-kazda-pore-roku\">Integracja firmowa \u2013 pomys\u0142y na ka\u017cd\u0105 por\u0119 roku&nbsp;<\/h2>\n\n\n\n<p>Aby integracja firmowa przynios\u0142a oczekiwane efekty, musi zosta\u0107 zaplanowana i przeprowadzona w perfekcyjny spos\u00f3b. Pierwszym wa\u017cnym etapem planowania spotkania integracyjnego jest wyb\u00f3r odpowiedniej daty. Przede wszystkim warto odpu\u015bci\u0107 sobie tzw. gor\u0105cy sezon w firmie \u2013 czyli czas wzmo\u017conej pracy nad wa\u017cnymi projektami czy innymi zleceniami.<\/p>\n\n\n\n<p><a href=\"https:\/\/www.koronakarkonoszy.pl\/blog-dla-firm\/spotkanie-integracyjne-czym-jest-i-dlaczego-warto-w-nim-uczestniczyc\/\" target=\"_blank\" rel=\"noreferrer noopener\">Spotkanie integracyjne <\/a>b\u0119dzie za\u015b dobrym pomys\u0142em na rozpocz\u0119cie gor\u0105cego okresu lub zwie\u0144czenie ci\u0119\u017ckiej pracy w owym okresie. Impreza przed czasem wzmo\u017conej pracy skutecznie rozlu\u017ani atmosfer\u0119, zmotywuje pracownik\u00f3w do dzia\u0142ania i doda im mn\u00f3stwo pozytywnej energii. Impreza ko\u0144cz\u0105ca gor\u0105cy okres b\u0119dzie za\u015b doskona\u0142\u0105 form\u0105 nagrody dla pracownik\u00f3w za wysi\u0142ek, jaki w\u0142o\u017cyli w realizacj\u0119 wyznaczonych cel\u00f3w, a tak\u017ce sposobem na odstresowanie po ci\u0119\u017ckim sezonie.<\/p>\n\n\n\n<figure class=\"wp-block-image size-large\"><img loading=\"lazy\" decoding=\"async\" width=\"1024\" height=\"682\" src=\"https:\/\/www.koronakarkonoszy.pl\/blog-dla-firm\/wp-content\/uploads\/2022\/05\/MNG_2469-1024x682.jpg\" alt=\"\" class=\"wp-image-3753\" srcset=\"https:\/\/www.koronakarkonoszy.pl\/blog-dla-firm\/wp-content\/uploads\/2022\/05\/MNG_2469-1024x682.jpg 1024w, https:\/\/www.koronakarkonoszy.pl\/blog-dla-firm\/wp-content\/uploads\/2022\/05\/MNG_2469-300x200.jpg 300w, https:\/\/www.koronakarkonoszy.pl\/blog-dla-firm\/wp-content\/uploads\/2022\/05\/MNG_2469-768x512.jpg 768w, https:\/\/www.koronakarkonoszy.pl\/blog-dla-firm\/wp-content\/uploads\/2022\/05\/MNG_2469-1536x1023.jpg 1536w, https:\/\/www.koronakarkonoszy.pl\/blog-dla-firm\/wp-content\/uploads\/2022\/05\/MNG_2469.jpg 1920w\" sizes=\"auto, (max-width: 1024px) 100vw, 1024px\" \/><figcaption class=\"wp-element-caption\"><strong>Zabawy integracyjne<\/strong> <strong>w plenerze <\/strong><\/figcaption><\/figure>\n\n\n\n<p>Firmowych imprez integracyjnych raczej nie warto organizowa\u0107 w \u015brodku wakacji, kiedy wi\u0119kszo\u015b\u0107 pracownik\u00f3w planuje urlopy i chce sp\u0119dzi\u0107 czas z rodzin\u0105 czy najbli\u017cszymi.&nbsp;Tak\u017ce d\u0142ugie weekendy czy okresy \u015bwi\u0105teczne raczej nie s\u0105 dobrym czasem na imprezy firmowe, z tych samych powod\u00f3w. Dobrze dobrany termin to po\u0142owa sukcesu w przypadku <strong>firmowej integracji, <\/strong>bochodzi przecie\u017c o to, by pracownicy ch\u0119tnie wzi\u0119li w niej udzia\u0142.<\/p>\n\n\n\n<p>Kolejna wa\u017cna kwestia to wyb\u00f3r formy integracji firmowej. Integrowa\u0107 pracownik\u00f3w mo\u017cna na wiele sposob\u00f3w \u2013 r\u00f3\u017cne gry i zabawy typowo integracyjne, gry terenowe, zabawy scenariuszowe, wieczory tematyczne. Przedstawiamy <strong>pomys\u0142y na integracj\u0119 firmow\u0105<\/strong> o ka\u017cdej porze roku!<\/p>\n\n\n<section id=\"leonardo-block_d40f0212a8c86c0133fecfab87d95693\" class=\"leonardo page-breaker leonardo-image-right\">\n    <div class=\"leonardo-body\">\n        <h2 class=\"leonardo-title\" id=\"h-1-wiosenna-wycieczka\">1. Wiosenna wycieczka<\/h2>        <div class=\"leonardo-content\"><p>Wiosn\u0105 wszystko budzi si\u0119 do \u017cycia. \u015awiat zaczyna przybiera\u0107 kolorowe barwy, na niebie cz\u0119\u015bciej go\u015bci s\u0142o\u0144ce, a jego promienie przyjemnie muskaj\u0105 nasz\u0105 sk\u00f3r\u0119. Powietrze pachnie niesamowit\u0105 \u015bwie\u017co\u015bci\u0105. Ludzie s\u0105 jacy\u015b rado\u015bniejsi. Maj\u0105 wi\u0119cej energii, ch\u0119tniej pr\u00f3buj\u0105 nowych rzeczy i wybieraj\u0105 si\u0119 w nieznane miejsca.<\/p>\n<p>Wiosna to doskona\u0142y czas na organizacj\u0119 dwu- czy trzydniowej wycieczki w malownicz\u0105 okolic\u0119, pe\u0142n\u0105 niezwyk\u0142ych zabytk\u00f3w, pi\u0119knej architektury i wspania\u0142ych atrakcji turystycznych. W programie wyjazdu nie mo\u017ce zabrakn\u0105\u0107 wci\u0105gaj\u0105cych aktywno\u015bci, kt\u00f3re wype\u0142ni\u0105 czas uczestnik\u00f3w doskona\u0142\u0105 zabaw\u0105.<\/p>\n<p>W ci\u0105gu dnia mo\u017cna wybra\u0107 si\u0119 na piesz\u0105 wycieczk\u0119 po urokliwej okolicy, zwiedzi\u0107 najpi\u0119kniejsze zabytki w regionie, czy te\u017c zorganizowa\u0107 wyj\u015bcie do parku linowego b\u0105d\u017a na paintball. Wiecz\u00f3r za\u015b to znakomity moment na spokojny odpoczynek przy ognisku integracyjnym lub \u2013 w razie niepogody \u2013 na imprezie tematycznej.<\/p>\n<\/div>\n                    <aside class=\"leonardo-interlink\">\n                <b>Polecamy<\/b>\n                <a href=\"https:\/\/www.koronakarkonoszy.pl\/blog-dla-firm\/de\/integracja-firmowa-sprawdzone-pomysly-na-kazda-pore-roku\/\"><\/a>\n            <\/aside>\n            <\/div>\n    <div class=\"leonardo-image\">\n        <img loading=\"lazy\" decoding=\"async\" width=\"1920\" height=\"1280\" src=\"https:\/\/www.koronakarkonoszy.pl\/blog-dla-firm\/wp-content\/uploads\/2022\/02\/tegan-mierle-fDostElVhN8-unsplash-1.jpg\" class=\"attachment-full size-full\" alt=\"Firmowe ognisko integracyjne\" srcset=\"https:\/\/www.koronakarkonoszy.pl\/blog-dla-firm\/wp-content\/uploads\/2022\/02\/tegan-mierle-fDostElVhN8-unsplash-1.jpg 1920w, https:\/\/www.koronakarkonoszy.pl\/blog-dla-firm\/wp-content\/uploads\/2022\/02\/tegan-mierle-fDostElVhN8-unsplash-1-300x200.jpg 300w, https:\/\/www.koronakarkonoszy.pl\/blog-dla-firm\/wp-content\/uploads\/2022\/02\/tegan-mierle-fDostElVhN8-unsplash-1-1024x683.jpg 1024w, https:\/\/www.koronakarkonoszy.pl\/blog-dla-firm\/wp-content\/uploads\/2022\/02\/tegan-mierle-fDostElVhN8-unsplash-1-768x512.jpg 768w, https:\/\/www.koronakarkonoszy.pl\/blog-dla-firm\/wp-content\/uploads\/2022\/02\/tegan-mierle-fDostElVhN8-unsplash-1-1536x1024.jpg 1536w\" sizes=\"auto, (max-width: 1920px) 100vw, 1920px\" \/>            <\/div>\n<\/section>\n\n\n<p>Kluczowe znaczenie w kwestii ostatecznego sukcesu wyjazdu integracyjnego jest wyb\u00f3r hotelu. Warto postawi\u0107 na o\u015brodek wypoczynkowy usytuowany w spokojnej okolicy, z dala od ha\u0142as\u00f3w miasta, gdzie integracja firmowa przebiegnie w odpowiedniej atmosferze. <a href=\"https:\/\/www.koronakarkonoszy.pl\/blog-dla-firm\/miejsce-na-event\/\" target=\"_blank\" rel=\"noreferrer noopener\">Miejsce na event firmowy<\/a> powinno zapewnia\u0107 komfortowe miejsca noclegowe oraz wy\u015bmienite wy\u017cywienie. Plusem b\u0119dzie mo\u017cliwo\u015b\u0107 organizacji dodatkowych atrakcji na terenie obiektu. Weekendowy wypoczynek w takim miejscu to gwarancja niezapomnianych przyg\u00f3d.&nbsp;<\/p>\n\n\n\n<figure class=\"wp-block-image size-large\"><img loading=\"lazy\" decoding=\"async\" width=\"1024\" height=\"682\" src=\"https:\/\/www.koronakarkonoszy.pl\/blog-dla-firm\/wp-content\/uploads\/2022\/11\/DJI_0053A-1024x682.jpg\" alt=\"\" class=\"wp-image-4541\" srcset=\"https:\/\/www.koronakarkonoszy.pl\/blog-dla-firm\/wp-content\/uploads\/2022\/11\/DJI_0053A-1024x682.jpg 1024w, https:\/\/www.koronakarkonoszy.pl\/blog-dla-firm\/wp-content\/uploads\/2022\/11\/DJI_0053A-300x200.jpg 300w, https:\/\/www.koronakarkonoszy.pl\/blog-dla-firm\/wp-content\/uploads\/2022\/11\/DJI_0053A-768x512.jpg 768w, https:\/\/www.koronakarkonoszy.pl\/blog-dla-firm\/wp-content\/uploads\/2022\/11\/DJI_0053A-1920x1279.jpg 1920w, https:\/\/www.koronakarkonoszy.pl\/blog-dla-firm\/wp-content\/uploads\/2022\/11\/DJI_0053A-1536x1023.jpg 1536w, https:\/\/www.koronakarkonoszy.pl\/blog-dla-firm\/wp-content\/uploads\/2022\/11\/DJI_0053A-2048x1364.jpg 2048w\" sizes=\"auto, (max-width: 1024px) 100vw, 1024px\" \/><figcaption class=\"wp-element-caption\"><strong>Miejsce na event firmowy,<\/strong> <strong><a href=\"https:\/\/www.koronakarkonoszy.pl\/imprezy-firmowe\/\" target=\"_blank\" rel=\"noreferrer noopener\">Dw\u00f3r Korona Karkonoszy<\/a>, <a href=\"https:\/\/www.koronakarkonoszy.pl\/blog-atrakcje\/sosnowka\/\" class=\"links-placer\">Sosn\u00f3wka<\/a> k. Karpacza<\/strong><\/figcaption><\/figure>\n\n\n\n<h2 class=\"wp-block-heading\" id=\"h-2-letni-piknik-dla-calej-rodziny\">2. Letni piknik dla ca\u0142ej rodziny<\/h2>\n\n\n\n<p><a href=\"https:\/\/www.koronakarkonoszy.pl\/blog-dla-firm\/organizacja-piknikow-firmowych\/\" target=\"_blank\" rel=\"noreferrer noopener\">Organizacja piknik\u00f3w firmowych<\/a> &#8211; lato to czas wy\u015bmienitej zabawy, \u015bmiechu i pozytywnych wra\u017ce\u0144! Szkoda nie wykorzysta\u0107 tego gor\u0105cego, radosnego okresu. Letni\u0105 imprez\u0119 integracyjn\u0105 najlepiej zorganizowa\u0107 w czerwcu, czyli na samym pocz\u0105tku wakacji. Wi\u0119kszo\u015b\u0107 pracownik\u00f3w planuje urlopy na prze\u0142om lipca i sierpnia. Czerwiec wydaje si\u0119 zatem idealnym momentem na wyprawienie letniej imprezy integracyjnej.<\/p>\n\n\n\n<p>Integracja firmowa latem &#8211; wyj\u0105tkowy piknik dla pracownik\u00f3w i ich rodzin. Takie wydarzenie b\u0119dzie prawdziw\u0105 fiest\u0105, wype\u0142nion\u0105 po brzegi ciekawymi atrakcjami dla starszych i m\u0142odszych.&nbsp;<\/p>\n\n\n<section id=\"leonardo-block_15beae0dceddd397951daeefbe0e5b5e\" class=\"leonardo page-breaker leonardo-image-left\">\n    <div class=\"leonardo-body\">\n        <h2 class=\"leonardo-title\" id=\"h-piknik-rodzinny\">Piknik rodzinny <\/h2>        <div class=\"leonardo-content\"><p>Organizacj\u0119 pikniku firmowego nale\u017cy zacz\u0105\u0107 od wyboru odpowiedniej lokalizacji. Miejsce na piknik powinno by\u0107 odpowiednio du\u017ce, by wszyscy zaproszeni go\u015bcie czuli si\u0119 komfortowo podczas imprezy. Wa\u017cne, by na terenie znajdowa\u0142a si\u0119 altana lub inne zadaszone miejsce, w kt\u00f3rym b\u0119dzie mo\u017cna si\u0119 schowa\u0107, gdy zacznie pada\u0107 lub zerwie si\u0119 burza. Albo wtedy, gdy s\u0142o\u0144ce b\u0119dzie pra\u017cy\u0107 zbyt mocno. Inne istotne kwestie to dost\u0119pno\u015b\u0107 zaplecza sanitarnego, dojazd i bezpiecze\u0144stwo.<\/p>\n<p>Na integracji firmowej w formie pikniku nie mo\u017ce zabrakn\u0105\u0107 cateringu. Najlepszym rozwi\u0105zanie b\u0119d\u0105 przek\u0105ski, kt\u00f3re mo\u017cna zje\u015b\u0107 na stoj\u0105co. Dobrym pomys\u0142em jest r\u00f3wnie\u017c zorganizowanie grilla lub ogniska b\u0105d\u017a zam\u00f3wienie food trucka z jak\u0105\u015b ciekaw\u0105, egzotyczn\u0105 kuchni\u0105 do spr\u00f3bowania.<\/p>\n<p>Ostatnim, jednak nie mniej wa\u017cnym, punktem pikniku firmowego s\u0105 atrakcje, kt\u00f3re \u00a0urozmaic\u0105 wydarzenie i dostarcz\u0105 uczestnikom mn\u00f3stwa pozytywnej energii. Piknik to doskona\u0142a okazja do organizacji zabaw plenerowych, takich jak mecz pi\u0142ki no\u017cnej, gra w dwa ognie czy firmowe igrzyska olimpijskie. Zapraszaj\u0105c rodziny z dzie\u0107mi, nie mo\u017cna zapomnie\u0107 o atrakcjach dla najm\u0142odszych. Strza\u0142em w dziesi\u0105tk\u0119 b\u0119dzie wynaj\u0119cie animatora, kt\u00f3ry wype\u0142ni czas maluch\u00f3w doskona\u0142\u0105 zabaw\u0105.<\/p>\n<\/div>\n                    <aside class=\"leonardo-interlink\">\n                <b>Polecamy<\/b>\n                <a href=\"https:\/\/www.koronakarkonoszy.pl\/blog-dla-firm\/de\/integracja-firmowa-sprawdzone-pomysly-na-kazda-pore-roku\/\"><\/a>\n            <\/aside>\n            <\/div>\n    <div class=\"leonardo-image\">\n        <img loading=\"lazy\" decoding=\"async\" width=\"1280\" height=\"854\" src=\"https:\/\/www.koronakarkonoszy.pl\/blog-dla-firm\/wp-content\/uploads\/2022\/02\/pexels-kampus-production-7669136.jpg\" class=\"attachment-full size-full\" alt=\"Piknik\" srcset=\"https:\/\/www.koronakarkonoszy.pl\/blog-dla-firm\/wp-content\/uploads\/2022\/02\/pexels-kampus-production-7669136.jpg 1280w, https:\/\/www.koronakarkonoszy.pl\/blog-dla-firm\/wp-content\/uploads\/2022\/02\/pexels-kampus-production-7669136-300x200.jpg 300w, https:\/\/www.koronakarkonoszy.pl\/blog-dla-firm\/wp-content\/uploads\/2022\/02\/pexels-kampus-production-7669136-1024x683.jpg 1024w, https:\/\/www.koronakarkonoszy.pl\/blog-dla-firm\/wp-content\/uploads\/2022\/02\/pexels-kampus-production-7669136-768x512.jpg 768w\" sizes=\"auto, (max-width: 1280px) 100vw, 1280px\" \/>            <\/div>\n<\/section>\n\n\n<p>Latem mo\u017cemy zorganizowa\u0107 te\u017c jednodniow\u0105 integracj\u0119 firmow\u0105, na przyk\u0142ad w formie rajdu, rowerowego albo samochodowego (w tym ostatnim nagrodzimy nie najszybszych, lecz najbezpieczniej jad\u0105cych!). Mo\u017ce to by\u0107 te\u017c wsp\u00f3lny wyjazd nad jezioro albo na grzyby. W firmach, gdzie latem pracuje si\u0119 r\u00f3wnie intensywnie albo nawet bardziej ni\u017c w pozosta\u0142ych okresach roku, taka jednodniowa przerwa na relaks mo\u017ce bardzo si\u0119 sprawdzi\u0107. Pozwoli na chwil\u0119 oderwa\u0107 si\u0119 od codziennej rutyny i ci\u0119\u017ckiej pracy.<\/p>\n\n\n\n<figure class=\"wp-block-image size-large is-resized\"><a href=\"https:\/\/www.koronakarkonoszy.pl\/konfigurator-imprez\/\" target=\"_blank\" rel=\"noreferrer noopener\"><img loading=\"lazy\" decoding=\"async\" width=\"1024\" height=\"510\" src=\"https:\/\/www.koronakarkonoszy.pl\/blog-dla-firm\/wp-content\/uploads\/2023\/11\/DKK-konfigurator_01-1024x510.jpg\" alt=\"Konfigurator imprez firmowych agencji eventowej Dw\u00f3r Korona Karkonoszy\" class=\"wp-image-7804\" style=\"width:855px;height:auto\" title=\"Konfigurator imprez firmowych agencji eventowej \" srcset=\"https:\/\/www.koronakarkonoszy.pl\/blog-dla-firm\/wp-content\/uploads\/2023\/11\/DKK-konfigurator_01-1024x510.jpg 1024w, https:\/\/www.koronakarkonoszy.pl\/blog-dla-firm\/wp-content\/uploads\/2023\/11\/DKK-konfigurator_01-300x150.jpg 300w, https:\/\/www.koronakarkonoszy.pl\/blog-dla-firm\/wp-content\/uploads\/2023\/11\/DKK-konfigurator_01-768x383.jpg 768w, https:\/\/www.koronakarkonoszy.pl\/blog-dla-firm\/wp-content\/uploads\/2023\/11\/DKK-konfigurator_01-1920x957.jpg 1920w, https:\/\/www.koronakarkonoszy.pl\/blog-dla-firm\/wp-content\/uploads\/2023\/11\/DKK-konfigurator_01-1536x766.jpg 1536w, https:\/\/www.koronakarkonoszy.pl\/blog-dla-firm\/wp-content\/uploads\/2023\/11\/DKK-konfigurator_01-18x9.jpg 18w, https:\/\/www.koronakarkonoszy.pl\/blog-dla-firm\/wp-content\/uploads\/2023\/11\/DKK-konfigurator_01.jpg 2040w\" sizes=\"auto, (max-width: 1024px) 100vw, 1024px\" \/><\/a><\/figure>\n\n\n\n<h2 class=\"wp-block-heading\" id=\"h-3-jesienne-warsztaty\">3. Jesienne warsztaty<\/h2>\n\n\n\n<p>Jesienna, melancholijna aura nie zach\u0119ca do tego, by sp\u0119dza\u0107 czas na dworze, dlatego integracj\u0119 firmow\u0105 warto zorganizowa\u0107 w zamkni\u0119tym pomieszczeniu. By nieco rozbudzi\u0107 pracownik\u00f3w i zapewni\u0107 im moc pozytywnych wra\u017ce\u0144, mo\u017cna zaprosi\u0107 ich na inspiruj\u0105ce warsztaty. Integracja firmowa to dobry spos\u00f3b na podniesienie morale w czasie jesiennego spleenu.<\/p>\n\n\n<section id=\"leonardo-block_dbf8bd82dcd6646b45af36cf19a43d49\" class=\"leonardo page-breaker leonardo-image-right\">\n    <div class=\"leonardo-body\">\n        <h2 class=\"leonardo-title\" id=\"h-warsztaty-kulinarne\">Warsztaty kulinarne <\/h2>        <div class=\"leonardo-content\"><p>Doskona\u0142ym pomys\u0142em jest organizacja warsztat\u00f3w gotowania, podczas kt\u00f3rych uczestnicy nie tylko naucz\u0105 si\u0119 podstawowych przepis\u00f3w, ale tak\u017ce poznaj\u0105 tajniki wykwintnej sztuki kulinarnej. <a href=\"https:\/\/www.koronakarkonoszy.pl\/blog-dla-firm\/warsztaty-gotowania\/\" target=\"_blank\" rel=\"noreferrer noopener\">Warsztaty gotowania<\/a> pod okiem profesjonalnego, do\u015bwiadczonego kucharza to gwarancja mi\u0142o sp\u0119dzonego czasu wype\u0142nionego po brzegi wyj\u0105tkowymi wskaz\u00f3wkami i ciekawostkami z kuchni. Po warsztatach mo\u017cna zorganizowa\u0107 dru\u017cynowy konkurs kulinarny, w kt\u00f3rym pracownicy b\u0119d\u0105 mogli wykorzysta\u0107 wiedz\u0119 zdobyt\u0105 na kursie. Zwie\u0144czeniem dnia powinna by\u0107 degustacja przygotowanych da\u0144 \u2013 bo przecie\u017c nic tak nie zbli\u017ca, jak wsp\u00f3lne biesiadowanie!<\/p>\n<\/div>\n            <\/div>\n    <div class=\"leonardo-image\">\n        <img loading=\"lazy\" decoding=\"async\" width=\"2560\" height=\"1707\" src=\"https:\/\/www.koronakarkonoszy.pl\/blog-dla-firm\/wp-content\/uploads\/2022\/02\/PK19_21_15_09_IM5_5500-scaled.jpg\" class=\"attachment-full size-full\" alt=\"Turniej kulinarny dla firm w Dworze Korona Karkonoszy z Mak\u0142owiczem\" srcset=\"https:\/\/www.koronakarkonoszy.pl\/blog-dla-firm\/wp-content\/uploads\/2022\/02\/PK19_21_15_09_IM5_5500-scaled.jpg 2560w, https:\/\/www.koronakarkonoszy.pl\/blog-dla-firm\/wp-content\/uploads\/2022\/02\/PK19_21_15_09_IM5_5500-300x200.jpg 300w, https:\/\/www.koronakarkonoszy.pl\/blog-dla-firm\/wp-content\/uploads\/2022\/02\/PK19_21_15_09_IM5_5500-1024x683.jpg 1024w, https:\/\/www.koronakarkonoszy.pl\/blog-dla-firm\/wp-content\/uploads\/2022\/02\/PK19_21_15_09_IM5_5500-768x512.jpg 768w, https:\/\/www.koronakarkonoszy.pl\/blog-dla-firm\/wp-content\/uploads\/2022\/02\/PK19_21_15_09_IM5_5500-1920x1280.jpg 1920w, https:\/\/www.koronakarkonoszy.pl\/blog-dla-firm\/wp-content\/uploads\/2022\/02\/PK19_21_15_09_IM5_5500-1536x1024.jpg 1536w, https:\/\/www.koronakarkonoszy.pl\/blog-dla-firm\/wp-content\/uploads\/2022\/02\/PK19_21_15_09_IM5_5500-2048x1365.jpg 2048w\" sizes=\"auto, (max-width: 2560px) 100vw, 2560px\" \/>            <\/div>\n<\/section>\n\n\n<p>Z\u0142ota polska jesie\u0144 to te\u017c \u015bwietny czas na integracj\u0119 firmow\u0105 w formie weekendowego wypadu w g\u00f3ry. Szlaki o tej porze roku mieni\u0105 si\u0119 wszystkim kolorami jesieni, a szelest li\u015bci pod stopami nadaje przyjemny rytm w\u0119dr\u00f3wce. Najlepiej wybra\u0107 niezbyt d\u0142ugie i trudne trasy tak, aby wszyscy uczestnicy dobrze si\u0119 bawili podczas w\u0119dr\u00f3wki. Na trasie mo\u017cna zaplanowa\u0107 te\u017c niespodzianki i miejsca na tak zwany popas J Tak\u0105 wycieczk\u0119 mo\u017cna po\u0142\u0105czy\u0107 z gr\u0105 terenow\u0105 albo scenariuszow\u0105, aby wykorzysta\u0107 ten czas tak\u017ce na <a href=\"https:\/\/www.koronakarkonoszy.pl\/blog-dla-firm\/zabawy-teambuildingowe-czyli-3-pomysly-na-udana-integracje\/\" target=\"_blank\" rel=\"noreferrer noopener\">zabawy team buildingowe<\/a>.<\/p>\n\n\n\n<p>Integracja firmowa jesieni\u0105 ma te\u017c t\u0119 zalet\u0119, \u017ce pozwala zmobilizowa\u0107 zesp\u00f3\u0142 po wakacjach. Niejako wybudzi\u0107 go z letniego letargu i podobnie jak w szkole, rozpocz\u0105\u0107 nowe tematy i zleci\u0107 zadania do realizacji.<\/p>\n\n\n<section id=\"leonardo-block_a5276578f207a05abc98e11c5778f876\" class=\"leonardo page-breaker leonardo-image-left\">\n    <div class=\"leonardo-body\">\n        <h2 class=\"leonardo-title\" id=\"h-4-zima-koniecznie-na-kulig\">4. Zim\u0105 koniecznie na kulig<\/h2>        <div class=\"leonardo-content\"><p>Zima ma sw\u00f3j urok. Okolica pokryta grub\u0105 warstw\u0105 bia\u0142ego puchu wygl\u0105da niesamowicie klimatycznie. Jak wykorzysta\u0107 zimow\u0105, mro\u017an\u0105 aur\u0119 w integracji firmowej? Znakomitym pomys\u0142em jest organizacja kuligu po malowniczej okolicy. Przeja\u017cd\u017cka po\u015br\u00f3d o\u015bnie\u017conych traw, drzew i krzew\u00f3w bez w\u0105tpienia b\u0119dzie niesamowitym prze\u017cyciem dla pracownik\u00f3w. Po kuligu warto uda\u0107 si\u0119 do restauracji na ciep\u0142y posi\u0142ek, kt\u00f3ry rozgrzeje zmarzni\u0119te cia\u0142a.<\/p>\n<\/div>\n                    <aside class=\"leonardo-interlink\">\n                <b>Polecamy<\/b>\n                <a href=\"https:\/\/www.koronakarkonoszy.pl\/blog-dla-firm\/de\/metody-integracyjne\/\">Jakie metody integracyjne ju\u017c si\u0119 nie sprawdzaj\u0105&#8230;i co zamiast?<\/a>\n            <\/aside>\n            <\/div>\n    <div class=\"leonardo-image\">\n        <img loading=\"lazy\" decoding=\"async\" width=\"1920\" height=\"1280\" src=\"https:\/\/www.koronakarkonoszy.pl\/blog-dla-firm\/wp-content\/uploads\/2022\/02\/andrea-stark-StYsu8cETFE-unsplash.jpg\" class=\"attachment-full size-full\" alt=\"Kulig firmowy\" srcset=\"https:\/\/www.koronakarkonoszy.pl\/blog-dla-firm\/wp-content\/uploads\/2022\/02\/andrea-stark-StYsu8cETFE-unsplash.jpg 1920w, https:\/\/www.koronakarkonoszy.pl\/blog-dla-firm\/wp-content\/uploads\/2022\/02\/andrea-stark-StYsu8cETFE-unsplash-300x200.jpg 300w, https:\/\/www.koronakarkonoszy.pl\/blog-dla-firm\/wp-content\/uploads\/2022\/02\/andrea-stark-StYsu8cETFE-unsplash-1024x683.jpg 1024w, https:\/\/www.koronakarkonoszy.pl\/blog-dla-firm\/wp-content\/uploads\/2022\/02\/andrea-stark-StYsu8cETFE-unsplash-768x512.jpg 768w, https:\/\/www.koronakarkonoszy.pl\/blog-dla-firm\/wp-content\/uploads\/2022\/02\/andrea-stark-StYsu8cETFE-unsplash-1536x1024.jpg 1536w\" sizes=\"auto, (max-width: 1920px) 100vw, 1920px\" \/>            <\/div>\n<\/section>\n\n\n<p>Wieczorem po udanym dniu sp\u0119dzonym na kuligu albo ciekawych warsztatach, jeszcze przed uroczyst\u0105 kolacj\u0105 albo bankietem mo\u017cna usi\u0105\u015b\u0107 przy kominku. Pogr\u0105\u017cy\u0107 si\u0119 w ciekawej rozmowie albo po prostu odp\u0142yn\u0105\u0107 my\u015blami gdzie\u015b daleko, z kubkiem smacznego, pachn\u0105cego go\u017adzikami i pomara\u0144czami grza\u0144ca. Mo\u017cna te\u017c zanurzy\u0107 si\u0119 w ulubionej muzyce i spogl\u0105da\u0107 w ogie\u0144, regeneruj\u0105c si\u0142y przed kolejnymi atrakcjami. &nbsp;<\/p>\n\n\n\n<p>Zima to te\u017c dobry czas na integracj\u0119 firmow\u0105 w formie <a href=\"https:\/\/www.koronakarkonoszy.pl\/blog-dla-firm\/impreza-tematyczna-hollywood\/\" target=\"_blank\" rel=\"noreferrer noopener\">imprez tematycznych<\/a> albo konkurs\u00f3w. Oczywi\u015bcie konkurs na najciekawszego drinka albo warsztaty piwowarskie najlepiej organizowa\u0107 na imprezach wyjazdowych z noclegiem.<\/p>\n\n\n\n<figure class=\"wp-block-image size-large\"><img loading=\"lazy\" decoding=\"async\" width=\"1024\" height=\"683\" src=\"https:\/\/www.koronakarkonoszy.pl\/blog-dla-firm\/wp-content\/uploads\/2022\/02\/Sommelier-1024x683.jpg\" alt=\"\" class=\"wp-image-3254\" srcset=\"https:\/\/www.koronakarkonoszy.pl\/blog-dla-firm\/wp-content\/uploads\/2022\/02\/Sommelier-1024x683.jpg 1024w, https:\/\/www.koronakarkonoszy.pl\/blog-dla-firm\/wp-content\/uploads\/2022\/02\/Sommelier-300x200.jpg 300w, https:\/\/www.koronakarkonoszy.pl\/blog-dla-firm\/wp-content\/uploads\/2022\/02\/Sommelier-768x512.jpg 768w, https:\/\/www.koronakarkonoszy.pl\/blog-dla-firm\/wp-content\/uploads\/2022\/02\/Sommelier-1920x1280.jpg 1920w, https:\/\/www.koronakarkonoszy.pl\/blog-dla-firm\/wp-content\/uploads\/2022\/02\/Sommelier-1536x1024.jpg 1536w, https:\/\/www.koronakarkonoszy.pl\/blog-dla-firm\/wp-content\/uploads\/2022\/02\/Sommelier-2048x1365.jpg 2048w\" sizes=\"auto, (max-width: 1024px) 100vw, 1024px\" \/><figcaption class=\"wp-element-caption\"><strong>Sommelier Club, <a href=\"https:\/\/www.koronakarkonoszy.pl\/imprezy-firmowe\/\" target=\"_blank\" rel=\"noreferrer noopener\">Dw\u00f3r Korona Karkonoszy <\/a>&#8211; imprezy szyte na miar\u0119<\/strong>! <\/figcaption><\/figure>\n\n\n\n<h2 class=\"wp-block-heading\" id=\"h-integracja-firmowa-wroclaw-co-robic-na-dolnym-slasku\">Integracja firmowa Wroc\u0142aw &#8211; co robi\u0107 na Dolnym \u015al\u0105sku?<\/h2>\n\n\n\n<p>Na Dolnym \u015al\u0105sku jest co robi\u0107! Tu nie ma czasu na nud\u0119. Wiosna to doskona\u0142y moment na to, by zwiedzi\u0107 malownicz\u0105 okolic\u0119. Gdy natura budzi si\u0119 do \u017cycia po d\u0142ugiej zimie, dolno\u015bl\u0105skie krajobrazy zachwycaj\u0105 swoj\u0105 wyj\u0105tkowo\u015bci\u0105. Grzechem jest nie zobaczy\u0107 malowniczych, karkonoskich szczyt\u00f3w, kt\u00f3re zaczynaj\u0105 pokrywa\u0107 si\u0119 zielon\u0105 warstw\u0105 bujnych drzew i krzew\u00f3w. Wiosna to doskona\u0142y czas na organizacj\u0119 wymagaj\u0105cego runmageddonu po dolno\u015bl\u0105skich lasach, czy ogl\u0105danie najpi\u0119kniejszych, wroc\u0142awskich zabytk\u00f3w. Latem mo\u017cna wybra\u0107 si\u0119 w bajkowy lot helikopterem, by podziwia\u0107 wyj\u0105tkow\u0105 okolic\u0119 z lotu ptaka. To tak\u017ce \u015bwietny moment na to, by zobaczy\u0107 Karkonosze od tej drugiej strony \u2013 podr\u00f3\u017ce poza szlakiem z przewodnikiem bez w\u0105tpienia b\u0119d\u0105 niesamowitym prze\u017cyciem dla ka\u017cdego. <\/p>\n\n\n\n<figure class=\"wp-block-image size-large\"><img loading=\"lazy\" decoding=\"async\" width=\"1024\" height=\"683\" src=\"https:\/\/www.koronakarkonoszy.pl\/blog-dla-firm\/wp-content\/uploads\/2021\/10\/impreza-plenerowa_-1024x683.jpg\" alt=\"Impreza plenerowa: kilka wskaz\u00f3wek dla organizator\u00f3w!\" class=\"wp-image-1457\" srcset=\"https:\/\/www.koronakarkonoszy.pl\/blog-dla-firm\/wp-content\/uploads\/2021\/10\/impreza-plenerowa_-1024x683.jpg 1024w, https:\/\/www.koronakarkonoszy.pl\/blog-dla-firm\/wp-content\/uploads\/2021\/10\/impreza-plenerowa_-300x200.jpg 300w, https:\/\/www.koronakarkonoszy.pl\/blog-dla-firm\/wp-content\/uploads\/2021\/10\/impreza-plenerowa_-768x512.jpg 768w, https:\/\/www.koronakarkonoszy.pl\/blog-dla-firm\/wp-content\/uploads\/2021\/10\/impreza-plenerowa_.jpg 1254w\" sizes=\"auto, (max-width: 1024px) 100vw, 1024px\" \/><figcaption class=\"wp-element-caption\"><strong>Imprezy firmowe,<\/strong> <strong><a href=\"https:\/\/www.koronakarkonoszy.pl\/imprezy-firmowe\/\" target=\"_blank\" rel=\"noreferrer noopener\">Dw\u00f3r Korona Karkonoszy<\/a>, Sosn\u00f3wka k. Karpacza<\/strong><\/figcaption><\/figure>\n\n\n\n<p>Jesieni\u0105 trzeba koniecznie zorganizowa\u0107 wielkie grzybobranie. Warto te\u017c wybra\u0107 si\u0119 do wroc\u0142awskiego teatru, czy posmakowa\u0107 pysznych <strong>regionalnych potraw w Karpaczu<\/strong> <strong>i okolicy<\/strong>, czy stolicy Karkonoszy \u2013 Jeleniej G\u00f3rze. Zim\u0105 za\u015b nie wyobra\u017camy sobie nie skorzysta\u0107 z o\u015bnie\u017conych stok\u00f3w \u015anie\u017cki i innych karkonoskich g\u00f3r. Jazda na nartach, ekstremalne przeja\u017cd\u017cki skuterami \u015bnie\u017cnymi \u2013 ka\u017cdy znajdzie co\u015b idealnego dla siebie. Integracja firmowa we Wroc\u0142awiu lub okolicach to gwarancja wy\u015bmienitej zabawy i niezapomnianych przyg\u00f3d!<\/p>\n\n\n\n<figure class=\"wp-block-image size-large\"><img loading=\"lazy\" decoding=\"async\" width=\"1024\" height=\"444\" src=\"https:\/\/www.koronakarkonoszy.pl\/blog-dla-firm\/wp-content\/uploads\/2021\/05\/catering-top-1024x444.jpg\" alt=\"\" class=\"wp-image-44\" srcset=\"https:\/\/www.koronakarkonoszy.pl\/blog-dla-firm\/wp-content\/uploads\/2021\/05\/catering-top-1024x444.jpg 1024w, https:\/\/www.koronakarkonoszy.pl\/blog-dla-firm\/wp-content\/uploads\/2021\/05\/catering-top-300x130.jpg 300w, https:\/\/www.koronakarkonoszy.pl\/blog-dla-firm\/wp-content\/uploads\/2021\/05\/catering-top-768x333.jpg 768w, https:\/\/www.koronakarkonoszy.pl\/blog-dla-firm\/wp-content\/uploads\/2021\/05\/catering-top.jpg 1200w\" sizes=\"auto, (max-width: 1024px) 100vw, 1024px\" \/><figcaption class=\"wp-element-caption\"><strong>Catering na imprezy firmowe <\/strong><\/figcaption><\/figure>\n\n\n\n<h2 class=\"wp-block-heading\" id=\"ha-integracja-firmowa-kto-powinien-sie-tym-zajac\">Integracja firmowa \u2013 kto powinien si\u0119 tym zaj\u0105\u0107?<\/h2>\n\n\n\n<p>Organizator imprez firmowych to fachowiec od najbardziej nawet nietypowych zlece\u0144. Czy warto go zatrudni\u0107? Czy lepiej pr\u00f3bowa\u0107 samodzielnie zorganizowa\u0107 integracj\u0119 firmow\u0105? \u00a0Ka\u017cd\u0105 form\u0119 integracji firmowej nale\u017cy wcze\u015bniej dopasowa\u0107 do naszego zespo\u0142u i zaplanowa\u0107. A wi\u0119c trzeba mierzy\u0107 si\u0142y na zamiary. W zale\u017cno\u015bci od wielko\u015bci firmy, organizacj\u0105 event\u00f3w integracyjnych zajmuj\u0105 si\u0119 managerowie, asystenci albo po prostu pracownicy dzia\u0142u kadr lub HR. W mniejszych firmach organizacj\u0105 imprez zwykle zajmuje si\u0119 osoba wyznaczona przez szefa albo on sam osobi\u015bcie. Najpowszechniejszym i najprostszym pomys\u0142em jest po prostu znalezienie obiektu, kt\u00f3ry opr\u00f3cz bazy noclegowej w swojej ofercie ma r\u00f3wnie\u017c organizacj\u0119 event\u00f3w firmowych.<strong> Event manager<\/strong> zatrudniany przez hotel zajmie si\u0119 wszystkimi aspektami imprezy integracyjnej \u2013 stosownie do bud\u017cetu i celu spotkania zaplanuje rozmaite atrakcje i aktywno\u015bci.<\/p>\n\n\n\n<style>\n    .cta_block{\n        margin: 1.5em 0;\n    }\n    .cta_block_content {\n        position: relative;\n        color: white;\n        padding: 1em;\n    }\n    .cta_block_content h3{\n        text-align: center;\n        font: normal normal normal 36px\/50px Yeseva One;\n    }\n    .cta_block_content .cta_block_desc{\n        text-align: center;\n        font-size: 1.1em;\n        position: relative;\n    }\n    .cta_block_content .cta_block_desc:before {\n        content: '';\n        width: 80px;\n        height: 4px;\n        background: #EEB315;\n        position: absolute;\n        left: 0;\n        right: 0;\n        margin-left: auto;\n        margin-right: auto;\n        top: -22px;\n    }\n\n    .cta_block_content picture{\n        position: absolute;\n        top: 0;\n        right: 0;\n        z-index: -1;\n        height: 100%;\n        overflow: hidden;\n        width: 100%;\n    }\n    .cta_block_content picture img{\n        object-fit: cover;\n        height: 100%;\n        width: 100%;\n    }\n    .cta_block .cta_block_content .ninja-forms-field{\n        background: #FFFFFF2F;\n        border: 1px solid #EEB315;\n        border-radius: 25px;\n        opacity: 1;\n        color: #ffffff;\n    }\n    .cta_block .cta_block_content .nf-form-content input[type=submit]{\n        background-color: #EEB315;\n        color: #292929;\n        text-align: center;\n        font: normal normal bold 14px\/20px Work Sans;\n        padding: 0 2em;\n    }\n\n    .cta_block ::placeholder{\n        color: white!important;\n        opacity: 1;\n    }\n\n    .cta_block_content::after {\n        height: 100%;\n        width: 100%;\n        content: \"\";\n        z-index: -1;\n        position: absolute;\n        top: 0;\n        background: #00000070;\n        right: 0;\n        left: 0;\n        bottom: 0;\n    }\n    #ha-cta-block, .cta_block_desc, .cta_block .nf-field-label, .cta_block .nf-error-msg {\n        filter: drop-shadow(1px 1px 8px black);\n    }\n\n\/*    .cta_block nf-rows-wrap {\n        display: flex;\n        justify-content: space-around;\n        flex-direction: row;\n    }*\/\n\n    .cta_block .nf-field-label {\n        display:none;\n    }\n\n    .cta_block .nf-error.field-wrap .nf-field-element::after {\n        border-radius: 50px;\n    }\n\n    .cta_block .nf-error-msg {\n        color: #fff;\n    }\n\n    .cta_block .nf-form-cont {\n        margin-top: 3em;\n        margin-bottom: 1em;\n    }\n\n    .wp-admin .cta_block_content{\n        display: none;\n    }\n    .cta_block .nf-form-fields-required {\n        display: none;\n    }\n    body:not(.wp-admin) .cta_block_admin {\n        display: none;\n    }\n<\/style>\n<div id=\"cta_block-block_3839b34311039405f7ce22ad3bd2ed69\" class=\"cta_block\">\n    <div class=\"cta_block_admin\" style=\"background-color: blue; color: white\">\n        Blok CTA\n    <\/div>\n    <div class=\"cta_block\">\n        <div class=\"cta_block_content\">   \n        <h3 id=\"ha-brakuje-ci-pomyslow-na-integracje-twojego-zespolu\">Brakuje Ci pomys\u0142\u00f3w na integracj\u0119 Twojego zespo\u0142u?<\/h3>\n                    <div class=\"cta_block_desc\">Zg\u0142o\u015b si\u0119 do naszych specjalist\u00f3w, kt\u00f3rzy zorganizuj\u0105 i przeprowadz\u0105 niezapomnian\u0105 integracj\u0119 firmow\u0105!<\/div>\n                <noscript class=\"ninja-forms-noscript-message\">\n\tHinweis: F\u00fcr diesen Inhalt ist JavaScript erforderlich.<\/noscript>\n<div id=\"nf-form-3-cont\" class=\"nf-form-cont\" aria-live=\"polite\" aria-labelledby=\"nf-form-title-3\" aria-describedby=\"nf-form-errors-3\" role=\"form\">\n\n    <div class=\"nf-loading-spinner\"><\/div>\n\n<\/div>\n        <!-- That data is being printed as a workaround to page builders reordering the order of the scripts loaded-->\n        <script>var formDisplay=1;var nfForms=nfForms||[];var form=[];form.id='3';form.settings={\"objectType\":\"Form Setting\",\"editActive\":true,\"title\":\"Block CTA\",\"created_at\":\"2022-11-09 19:27:14\",\"default_label_pos\":\"above\",\"show_title\":0,\"clear_complete\":\"1\",\"hide_complete\":\"1\",\"logged_in\":\"\",\"wrapper_class\":\"\",\"element_class\":\"\",\"key\":\"\",\"add_submit\":\"0\",\"currency\":\"\",\"repeatable_fieldsets\":\"\",\"unique_field_error\":\"Formularz z t\\u0105 warto\\u015bci\\u0105 zosta\\u0142 ju\\u017c przes\\u0142any.\",\"not_logged_in_msg\":\"\",\"sub_limit_msg\":\"Formularz osi\\u0105gn\\u0105\\u0142 limit wys\\u0142a\\u0144.\",\"calculations\":[],\"container_styles_show_advanced_css\":\"0\",\"title_styles_show_advanced_css\":\"0\",\"row_styles_show_advanced_css\":\"0\",\"row-odd_styles_show_advanced_css\":\"0\",\"success-msg_styles_show_advanced_css\":\"0\",\"error_msg_styles_show_advanced_css\":\"0\",\"formContentData\":[{\"order\":1,\"cells\":[{\"order\":0,\"fields\":[\"phone_1640098275087\"],\"width\":35},{\"order\":1,\"fields\":[\"adres_e-mail_1668018487177\"],\"width\":35},{\"order\":2,\"fields\":[\"zapisz_mnie_1668018472281\"],\"width\":30}]}],\"conditions\":[],\"drawerDisabled\":false,\"allow_public_link\":0,\"embed_form\":\"\",\"changeEmailErrorMsg\":\"Bitte gib eine g\\u00fcltige E-Mail-Adresse ein.\",\"changeDateErrorMsg\":\"Bitte gib ein g\\u00fcltiges Datum ein!\",\"confirmFieldErrorMsg\":\"Diese Felder m\\u00fcssen \\u00fcbereinstimmen!\",\"fieldNumberNumMinError\":\"Die eingegebene Zahl ist zu klein.\",\"fieldNumberNumMaxError\":\"Die eingegebene Zahl ist zu gross.\",\"fieldNumberIncrementBy\":\"Bitte erh\\u00f6hen in Schritten von\",\"formErrorsCorrectErrors\":\"Bitte korrigiere die Fehler, bevor du das Formular sendest.\",\"validateRequiredField\":\"Dies ist ein Pflichtfeld.\",\"honeypotHoneypotError\":\"Honeypot-Fehler\",\"fieldsMarkedRequired\":\"Felder mit einem <span class=\\\"ninja-forms-req-symbol\\\">*<\\\/span> sind Pflichtfelder\",\"form_title_heading_level\":\"3\",\"ninjaForms\":\"Ninja Forms\",\"fieldTextareaRTEInsertLink\":\"Link einf\\u00fcgen\",\"fieldTextareaRTEInsertMedia\":\"Medien einf\\u00fcgen\",\"fieldTextareaRTESelectAFile\":\"Eine Datei ausw\\u00e4hlen\",\"formHoneypot\":\"Falls du ein Mensch bist und dieses Feld siehst, dann lasse es bitte leer.\",\"fileUploadOldCodeFileUploadInProgress\":\"Datei-Upload l\\u00e4uft.\",\"fileUploadOldCodeFileUpload\":\"DATEI-UPLOAD\",\"currencySymbol\":\"&#36;\",\"thousands_sep\":\".\",\"decimal_point\":\",\",\"siteLocale\":\"de_DE\",\"dateFormat\":\"m\\\/d\\\/Y\",\"startOfWeek\":\"1\",\"of\":\"von\",\"previousMonth\":\"Vorheriger Monat\",\"nextMonth\":\"N\\u00e4chster Monat\",\"months\":[\"Januar\",\"Februar\",\"M\\u00e4rz\",\"April\",\"Mai\",\"Juni\",\"Juli\",\"August\",\"September\",\"Oktober\",\"November\",\"Dezember\"],\"monthsShort\":[\"Jan.\",\"Feb.\",\"M\\u00e4rz\",\"Apr.\",\"Mai\",\"Juni\",\"Juli\",\"Aug\",\"Sep.\",\"Okt.\",\"Nov.\",\"Dez.\"],\"weekdays\":[\"Sonntag\",\"Montag\",\"Dienstag\",\"Mittwoch\",\"Donnerstag\",\"Freitag\",\"Samstag\"],\"weekdaysShort\":[\"So.\",\"Mo.\",\"Di.\",\"Mi.\",\"Do.\",\"Fr.\",\"Sa.\"],\"weekdaysMin\":[\"So.\",\"Mo.\",\"Di.\",\"Mi.\",\"Do.\",\"Fr.\",\"Sa.\"],\"recaptchaConsentMissing\":\"reCaptcha validation couldn&#039;t load.\",\"recaptchaMissingCookie\":\"reCaptcha v3 validation couldn&#039;t load the cookie needed to submit the form.\",\"recaptchaConsentEvent\":\"Accept reCaptcha cookies before sending the form.\",\"currency_symbol\":\"\",\"beforeForm\":\"\",\"beforeFields\":\"\",\"afterFields\":\"\",\"afterForm\":\"\"};form.fields=[{\"objectType\":\"Field\",\"objectDomain\":\"fields\",\"editActive\":false,\"order\":1,\"idAttribute\":\"id\",\"type\":\"phone\",\"label\":\"Numer telefonu\",\"key\":\"phone_1640098275087\",\"label_pos\":\"above\",\"required\":\"\",\"default\":\"\",\"placeholder\":\"Numer telefonu\",\"container_class\":\"\",\"element_class\":\"\",\"input_limit\":\"\",\"input_limit_type\":\"characters\",\"input_limit_msg\":\"Liczba pozosta\\u0142ych znak\\u00f3w:\",\"manual_key\":\"\",\"admin_label\":\"\",\"help_text\":\"\",\"mask\":\"\",\"custom_mask\":\"\",\"custom_name_attribute\":\"phone\",\"personally_identifiable\":1,\"wrap_styles_border\":\"\",\"wrap_styles_width\":\"\",\"wrap_styles_margin\":\"\",\"wrap_styles_padding\":\"\",\"wrap_styles_float\":\"\",\"wrap_styles_show_advanced_css\":0,\"label_styles_border\":\"\",\"label_styles_width\":\"\",\"label_styles_font-size\":\"\",\"label_styles_margin\":\"\",\"label_styles_padding\":\"\",\"label_styles_float\":\"\",\"label_styles_show_advanced_css\":0,\"element_styles_border\":\"\",\"element_styles_width\":\"\",\"element_styles_font-size\":\"\",\"element_styles_margin\":\"\",\"element_styles_padding\":\"\",\"element_styles_float\":\"\",\"element_styles_show_advanced_css\":0,\"cellcid\":\"c3398\",\"value\":\"\",\"drawerDisabled\":\"\",\"field_label\":\"Numer telefonu\",\"field_key\":\"phone_1640098275087\",\"id\":9,\"beforeField\":\"\",\"afterField\":\"\",\"parentType\":\"textbox\",\"element_templates\":[\"tel\",\"textbox\",\"input\"],\"old_classname\":\"\",\"wrap_template\":\"wrap\"},{\"objectType\":\"Field\",\"objectDomain\":\"fields\",\"editActive\":false,\"order\":2,\"idAttribute\":\"id\",\"type\":\"email\",\"label\":\"Adres e-mail\",\"key\":\"adres_e-mail_1668018487177\",\"label_pos\":\"above\",\"required\":\"\",\"default\":\"\",\"placeholder\":\"Adres e-mail\",\"container_class\":\"\",\"element_class\":\"\",\"admin_label\":\"\",\"help_text\":\"\",\"custom_name_attribute\":\"email\",\"personally_identifiable\":1,\"wrap_styles_border\":\"\",\"wrap_styles_width\":\"\",\"wrap_styles_margin\":\"\",\"wrap_styles_padding\":\"\",\"wrap_styles_float\":\"\",\"wrap_styles_show_advanced_css\":0,\"label_styles_border\":\"\",\"label_styles_width\":\"\",\"label_styles_font-size\":\"\",\"label_styles_margin\":\"\",\"label_styles_padding\":\"\",\"label_styles_float\":\"\",\"label_styles_show_advanced_css\":0,\"element_styles_border\":\"\",\"element_styles_width\":\"\",\"element_styles_font-size\":\"\",\"element_styles_margin\":\"\",\"element_styles_padding\":\"\",\"element_styles_float\":\"\",\"element_styles_show_advanced_css\":0,\"cellcid\":\"c3401\",\"value\":\"\",\"drawerDisabled\":false,\"field_label\":\"E-mail\",\"field_key\":\"email_1640098276066\",\"id\":10,\"beforeField\":\"\",\"afterField\":\"\",\"parentType\":\"email\",\"element_templates\":[\"email\",\"input\"],\"old_classname\":\"\",\"wrap_template\":\"wrap\"},{\"objectType\":\"Field\",\"objectDomain\":\"fields\",\"editActive\":false,\"order\":3,\"idAttribute\":\"id\",\"type\":\"submit\",\"label\":\"Zapisz mnie\",\"processing_label\":\"W trakcie realizacji\",\"container_class\":\"\",\"element_class\":\"\",\"key\":\"zapisz_mnie_1668018472281\",\"wrap_styles_border\":\"\",\"wrap_styles_width\":\"\",\"wrap_styles_margin\":\"\",\"wrap_styles_padding\":\"\",\"wrap_styles_float\":\"\",\"wrap_styles_show_advanced_css\":0,\"element_styles_border\":\"\",\"element_styles_width\":\"\",\"element_styles_font-size\":\"\",\"element_styles_margin\":\"\",\"element_styles_padding\":\"\",\"element_styles_float\":\"\",\"element_styles_show_advanced_css\":0,\"submit_element_hover_styles_border\":\"\",\"submit_element_hover_styles_width\":\"\",\"submit_element_hover_styles_font-size\":\"\",\"submit_element_hover_styles_margin\":\"\",\"submit_element_hover_styles_padding\":\"\",\"submit_element_hover_styles_float\":\"\",\"submit_element_hover_styles_show_advanced_css\":0,\"cellcid\":\"c3403\",\"drawerDisabled\":false,\"field_label\":\"Zamawiam rozmow\\u0119\",\"field_key\":\"zamawiam_rozmowe_1640098314862\",\"id\":8,\"beforeField\":\"\",\"afterField\":\"\",\"value\":\"\",\"label_pos\":\"above\",\"parentType\":\"textbox\",\"element_templates\":[\"submit\",\"button\",\"input\"],\"old_classname\":\"\",\"wrap_template\":\"wrap-no-label\"}];nfForms.push(form);<\/script>\n                <script id=\"nf-tmpl-cell\" type=\"text\/template\">\n            <nf-fields><\/nf-fields>\n        <\/script>\n\n        <script id=\"nf-tmpl-row\" type=\"text\/template\">\n            <nf-cells><\/nf-cells>\n        <\/script>\n\n                <img loading=\"lazy\" decoding=\"async\" width=\"2560\" height=\"1524\" src=\"https:\/\/www.koronakarkonoszy.pl\/blog-dla-firm\/wp-content\/uploads\/2022\/09\/widok4-scaled.jpg\" class=\"attachment-full size-full\" alt=\"Sosn\u00f3wka ko\u0142o Karpacza, widok na zalew\" srcset=\"https:\/\/www.koronakarkonoszy.pl\/blog-dla-firm\/wp-content\/uploads\/2022\/09\/widok4-scaled.jpg 2560w, https:\/\/www.koronakarkonoszy.pl\/blog-dla-firm\/wp-content\/uploads\/2022\/09\/widok4-300x179.jpg 300w, https:\/\/www.koronakarkonoszy.pl\/blog-dla-firm\/wp-content\/uploads\/2022\/09\/widok4-1024x609.jpg 1024w, https:\/\/www.koronakarkonoszy.pl\/blog-dla-firm\/wp-content\/uploads\/2022\/09\/widok4-768x457.jpg 768w, https:\/\/www.koronakarkonoszy.pl\/blog-dla-firm\/wp-content\/uploads\/2022\/09\/widok4-1920x1143.jpg 1920w, https:\/\/www.koronakarkonoszy.pl\/blog-dla-firm\/wp-content\/uploads\/2022\/09\/widok4-1536x914.jpg 1536w, https:\/\/www.koronakarkonoszy.pl\/blog-dla-firm\/wp-content\/uploads\/2022\/09\/widok4-2048x1219.jpg 2048w\" sizes=\"auto, (max-width: 2560px) 100vw, 2560px\" \/>        <\/div> \n    <\/div>\n<\/div>\n\n\n\n<h2 class=\"wp-block-heading\" id=\"ha-integracja-pracownikow-pomysly-zachec-wszystkich-do-udzialu\">Integracja pracownik\u00f3w pomys\u0142y &#8211; zach\u0119\u0107 wszystkich do udzia\u0142u!<\/h2>\n\n\n\n<p>Managerowie wi\u0119kszo\u015bci firm zgodnie odpowiadaj\u0105, \u017ce w integracji firmowej zwykle bierze udzia\u0142 wi\u0119kszo\u015b\u0107 pracownik\u00f3w, albo prawie wszyscy. Zdarza si\u0119 jednak, \u017ce z jakich\u015b powod\u00f3w w wyje\u017adzie firmowym nie wszyscy mog\u0105 wzi\u0105\u0107 udzia\u0142. Warto dotrze\u0107 do pracownik\u00f3w z du\u017cym wyprzedzeniem \u2013 <strong>wyjazdy i imprezy firmowe<\/strong> zwykle planuje si\u0119 oko\u0142o 2-3 miesi\u0105ce wcze\u015bniej. Dobrze by\u0142oby porozmawia\u0107 z pracownikami i ustali\u0107, czy dana forma imprezy integracyjnej im pasuje i czy proponowany termin im odpowiada.<\/p>\n\n\n\n<p>Mo\u017cna te\u017c zach\u0119ci\u0107 za\u0142og\u0119 do udzia\u0142u podaj\u0105c, jakie atrakcje s\u0105 przewidziane (chyba, \u017ce cz\u0119\u015b\u0107 z nich to ma by\u0107 niespodzianka!). <a href=\"http:\/\/koronakarkonoszy.pl\/blog-dla-firm\/pomysly-na-firmowe-imprezy-integracyjne-ktore-na-dlugo-zapadna-w-pamieci-pracownikow\/\" target=\"_blank\" rel=\"noreferrer noopener\">Integracja pracownik\u00f3w pomys\u0142y<\/a> na ni\u0105 &#8211; to mo\u017ce by\u0107 kluczowa sprawa. Pracownicy <a href=\"https:\/\/www.koronakarkonoszy.pl\/blog-dla-firm\/eventy-firmowe\/\" class=\"links-placer\">eventy firmowe<\/a> cz\u0119sto traktuj\u0105 jako dodatkowy benefit i wr\u0119cz oczekuj\u0105 takich propozycji. Najwi\u0119ksz\u0105 popularno\u015bci\u0105 w\u015br\u00f3d pracownik\u00f3w ciesz\u0105 si\u0119 wyjazdy firmowe w atrakcyjne miejsca. Ale r\u00f3wnie\u017c inne formy integracji firmowej, jak cho\u0107by kolacje integracyjne, bankiety czy te\u017c zabawy team buildingowe s\u0105 do\u015b\u0107 popularne. Zadbajmy o to, by ka\u017cdy m\u00f3g\u0142 w nich wzi\u0105\u0107 udzia\u0142.&nbsp;<\/p>\n\n\n<section id=\"leonardo-block_f00f8651a5b9d6148ac6ce94266e5ef1\" class=\"leonardo page-breaker leonardo-image-left\">\n    <div class=\"leonardo-body\">\n        <h2 class=\"leonardo-title\" id=\"h-pomysl-na-integracje-firmowa-jak-zaplanowac\">Pomys\u0142 na integracj\u0119 firmow\u0105 \u2013 jak zaplanowa\u0107? <\/h2>        <div class=\"leonardo-content\"><p>Planuj\u0105c tego typu wydarzenie, zawsze nale\u017cy przede wszystkim ustali\u0107 bud\u017cet, kt\u00f3rym b\u0119dziemy dysponowa\u0107 i form\u0119 integracji firmowej. Nast\u0119pnie ustalmy dok\u0142adn\u0105 liczb\u0119 uczestnik\u00f3w i miejsce spotkania. W przypadku imprezy wyjazdowej trzeba r\u00f3wnie\u017c zaplanowa\u0107 transport, ustali\u0107 czas wyjazdu, przyjazdu i wst\u0119pnie zaplanowa\u0107 przebieg wydarzenia. Rozdzieli\u0107 pokoje, ustali\u0107 menu i okre\u015bli\u0107 dat\u0119 powrotu. Wydaje si\u0119, \u017ce to proste, jednak w przypadku wi\u0119kszej liczby os\u00f3b, d\u0142u\u017cszego wyjazdu i kilku co najmniej atrakcji do przygotowania pracy jest sporo. Zawsze jednak mo\u017cna zleci\u0107 to zadanie specjalistom od organizacji imprez firmowych. Wtedy na pewno wszystko b\u0119dzie dopi\u0119te na ostatni guzik, a nasza integracja firmowa zostanie \u201euszyta na miar\u0119\u201d.<\/p>\n<\/div>\n            <\/div>\n    <div class=\"leonardo-image\">\n        <img loading=\"lazy\" decoding=\"async\" width=\"2560\" height=\"1707\" src=\"https:\/\/www.koronakarkonoszy.pl\/blog-dla-firm\/wp-content\/uploads\/2022\/02\/DKK_23_20_29_MIV_6448-scaled.jpg\" class=\"attachment-full size-full\" alt=\"Turniej kulinarny dla firm w Dworze Korona Karkonoszy\" srcset=\"https:\/\/www.koronakarkonoszy.pl\/blog-dla-firm\/wp-content\/uploads\/2022\/02\/DKK_23_20_29_MIV_6448-scaled.jpg 2560w, https:\/\/www.koronakarkonoszy.pl\/blog-dla-firm\/wp-content\/uploads\/2022\/02\/DKK_23_20_29_MIV_6448-300x200.jpg 300w, https:\/\/www.koronakarkonoszy.pl\/blog-dla-firm\/wp-content\/uploads\/2022\/02\/DKK_23_20_29_MIV_6448-1024x683.jpg 1024w, https:\/\/www.koronakarkonoszy.pl\/blog-dla-firm\/wp-content\/uploads\/2022\/02\/DKK_23_20_29_MIV_6448-768x512.jpg 768w, https:\/\/www.koronakarkonoszy.pl\/blog-dla-firm\/wp-content\/uploads\/2022\/02\/DKK_23_20_29_MIV_6448-1920x1280.jpg 1920w, https:\/\/www.koronakarkonoszy.pl\/blog-dla-firm\/wp-content\/uploads\/2022\/02\/DKK_23_20_29_MIV_6448-1536x1024.jpg 1536w, https:\/\/www.koronakarkonoszy.pl\/blog-dla-firm\/wp-content\/uploads\/2022\/02\/DKK_23_20_29_MIV_6448-2048x1365.jpg 2048w\" sizes=\"auto, (max-width: 2560px) 100vw, 2560px\" \/>            <\/div>\n<\/section>\n\n\n<h2 class=\"wp-block-heading\" id=\"ha-pomysly-na-integracje-firmowa-o-kazdej-porze-roku\">Pomys\u0142y na integracj\u0119 firmow\u0105 o ka\u017cdej porze roku<\/h2>\n\n\n\n<p>Pomys\u0142\u00f3w na <strong>integracj\u0119 firmow\u0105<\/strong> jest bardzo du\u017co. Najbardziej elementarny to organizacja warunk\u00f3w pracy sprzyjaj\u0105cych i wspieraj\u0105cych integracj\u0119 mi\u0119dzy pracownikami. Mo\u017ce polega\u0107 na przyk\u0142ad na przygotowaniu i urz\u0105dzeniu wsp\u00f3lnej przestrzeni do sp\u0119dzania przerwy i wypicia kawy. Dba\u0142o\u015b\u0107 o integracj\u0119 to te\u017c wprowadzanie nowych pracownik\u00f3w do zespo\u0142u w taki spos\u00f3b, aby u\u0142atwi\u0107 im adaptacj\u0119 i poznanie pozosta\u0142ej cz\u0119\u015bci za\u0142ogi. Jednak to dzia\u0142ania codzienne, rutynowe wr\u0119cz \u2013 a przynajmniej powinny takimi by\u0107. W przypadku wszystkich firm o integracj\u0119 najlepiej zadba\u0107, organizuj\u0105c w\u0142a\u015bnie firmowe spotkania, wyjazdy i eventy. Dopiero taki przerywnik codzienno\u015bci zrobi wra\u017cenie na za\u0142odze, i pozwoli faktycznie zacie\u015bni\u0107 wi\u0119zy mi\u0119dzy lud\u017ami.<\/p>\n\n\n<section id=\"leonardo-block_539b49b96721285754589151af9451d6\" class=\"leonardo page-breaker leonardo-image-right\">\n    <div class=\"leonardo-body\">\n        <h2 class=\"leonardo-title\" id=\"h-integracja-firmowa-w-gorach\">Integracja firmowa w g\u00f3rach<\/h2>        <div class=\"leonardo-content\"><p><!-- wp:heading --><\/p>\n<p>G\u00f3ry to wymarzone miejsce do organizacji wszelkiego rodzaju form integracji. Niezale\u017cnie od pory roku, krajobraz zawsze zapiera dech w piersiach. Spacer po okolicy r\u00f3wnie\u017c nie jest zarezerwowany wy\u0142\u0105cznie dla wyczynowych sportowc\u00f3w. Na miejsca do integracji firmy na og\u00f3\u0142 wybieraj\u0105 obiekty kameralne, nieco oddalone od miejskiego zgie\u0142ku. Najlepiej \u017ceby w pobli\u017cu by\u0142 las, jezioro i oczywi\u015bcie g\u00f3ry. Wa\u017cne te\u017c, aby zapewni\u0107 jeszcze jakie\u015b dodatkowe atrakcje, na przyk\u0142ad sp\u0142yw kajakowy albo pontonowy, gr\u0119 terenow\u0105 albo inne <a href=\"https:\/\/www.koronakarkonoszy.pl\/blog-dla-firm\/ciekawe-i-angazujace-atrakcje-na-imprezy-firmowe\/\">ciekawe i anga\u017cuj\u0105ce atrakcje na imprezy firmowe<\/a>. <strong>Integracja firmowa w g\u00f3rach<\/strong> to chyba najlepszy pomys\u0142.<\/p>\n<p><!-- \/wp:paragraph --><\/p>\n<\/div>\n            <\/div>\n    <div class=\"leonardo-image\">\n        <img loading=\"lazy\" decoding=\"async\" width=\"1200\" height=\"800\" src=\"https:\/\/www.koronakarkonoszy.pl\/blog-dla-firm\/wp-content\/uploads\/2022\/02\/wesele-Dwor-Korona-imprezy-firmowe.jpg\" class=\"attachment-full size-full\" alt=\"Karkonoskie lasy\" srcset=\"https:\/\/www.koronakarkonoszy.pl\/blog-dla-firm\/wp-content\/uploads\/2022\/02\/wesele-Dwor-Korona-imprezy-firmowe.jpg 1200w, https:\/\/www.koronakarkonoszy.pl\/blog-dla-firm\/wp-content\/uploads\/2022\/02\/wesele-Dwor-Korona-imprezy-firmowe-300x200.jpg 300w, https:\/\/www.koronakarkonoszy.pl\/blog-dla-firm\/wp-content\/uploads\/2022\/02\/wesele-Dwor-Korona-imprezy-firmowe-1024x683.jpg 1024w, https:\/\/www.koronakarkonoszy.pl\/blog-dla-firm\/wp-content\/uploads\/2022\/02\/wesele-Dwor-Korona-imprezy-firmowe-768x512.jpg 768w\" sizes=\"auto, (max-width: 1200px) 100vw, 1200px\" \/>            <\/div>\n<\/section>\n\n\n<h2 class=\"wp-block-heading\" id=\"ha-integracja-firmowa-karpacz\">Integracja firmowa Karpacz<\/h2>\n\n\n\n<p><strong>Karkonosze<\/strong> to \u015bwietny wyb\u00f3r na miejsce <strong>integracji firmowej<\/strong>. \u015anie\u017cka, \u015anie\u017cne Kot\u0142y czy&nbsp;wodospad Kamie\u0144czyka to z pewno\u015bci\u0105 cuda natury, kt\u00f3re warto zobaczy\u0107. Ale okolice Karpacza i Jeleniej G\u00f3ry to tak\u017ce mn\u00f3stwo wspania\u0142ych zamk\u00f3w, pa\u0142ac\u00f3w i ogrod\u00f3w (cz\u0119sto odbywaj\u0105 si\u0119 tam <a href=\"https:\/\/www.koronakarkonoszy.pl\/blog\/wesele-dolny-slask\/\" target=\"_blank\" rel=\"noreferrer noopener\">wesela Dolny \u015al\u0105sk<\/a>). Jest jeszcze wiele ciekawych, a przy tym mniej znanych, urokliwych miejsc. Na przyk\u0142ad miejscowo\u015b\u0107 wczasowa Sosn\u00f3wka, z niemaj\u0105cym sobie r\u00f3wnych w okolicy zalewem i wspania\u0142ym widokiem na g\u00f3ry, z ruinami Zamku Ksi\u0119cia Henryka i Kaplic\u0105 \u015bw. Anny w pobli\u017cu.<\/p>\n\n\n\n<figure class=\"wp-block-image size-large\"><img loading=\"lazy\" decoding=\"async\" width=\"1024\" height=\"767\" src=\"https:\/\/www.koronakarkonoszy.pl\/blog-dla-firm\/wp-content\/uploads\/2022\/02\/zamek-z-drona-17-1024x767.jpeg\" alt=\"\" class=\"wp-image-3270\" srcset=\"https:\/\/www.koronakarkonoszy.pl\/blog-dla-firm\/wp-content\/uploads\/2022\/02\/zamek-z-drona-17-1024x767.jpeg 1024w, https:\/\/www.koronakarkonoszy.pl\/blog-dla-firm\/wp-content\/uploads\/2022\/02\/zamek-z-drona-17-300x225.jpeg 300w, https:\/\/www.koronakarkonoszy.pl\/blog-dla-firm\/wp-content\/uploads\/2022\/02\/zamek-z-drona-17-768x575.jpeg 768w, https:\/\/www.koronakarkonoszy.pl\/blog-dla-firm\/wp-content\/uploads\/2022\/02\/zamek-z-drona-17-1920x1438.jpeg 1920w, https:\/\/www.koronakarkonoszy.pl\/blog-dla-firm\/wp-content\/uploads\/2022\/02\/zamek-z-drona-17-1536x1151.jpeg 1536w, https:\/\/www.koronakarkonoszy.pl\/blog-dla-firm\/wp-content\/uploads\/2022\/02\/zamek-z-drona-17.jpeg 2048w\" sizes=\"auto, (max-width: 1024px) 100vw, 1024px\" \/><figcaption class=\"wp-element-caption\"><strong>Ruiny Zamku ksi\u0119cia Henryka <\/strong><\/figcaption><\/figure>\n\n\n\n<h2 class=\"wp-block-heading\" id=\"ha-jak-wybrac-hotel-na-impreze-firmowa\">Jak wybra\u0107 hotel na imprez\u0119 firmow\u0105?<\/h2>\n\n\n\n<p>Na co zwr\u00f3ci\u0107 uwag\u0119, wybieraj\u0105c <strong>hotel na imprez\u0119 firmow\u0105<\/strong>? Przede wszystkim, czy jest na tyle du\u017cy, \u017ceby ca\u0142y zesp\u00f3\u0142 m\u00f3g\u0142 przebywa\u0107 w jednym miejscu. Inna wa\u017cna sprawa, to czy obiekt dysponuje sal\u0105 balow\u0105 (cz\u0119sto u\u017cywan\u0105 te\u017c jako <a href=\"https:\/\/www.koronakarkonoszy.pl\/wesele\/\" target=\"_blank\" rel=\"noreferrer noopener\">sala weselna w g\u00f3rach<\/a>). Najcz\u0119\u015bciej udana integracja ko\u0144czy si\u0119 ta\u0144cami\u2026 Pozosta\u0142e kwestie to parking dla autokar\u00f3w, atrakcje dost\u0119pne w obiekcie lub mo\u017cliwe do zorganizowania w pobli\u017cu. Wa\u017cne jest do\u015bwiadczenie obs\u0142ugi w organizacji imprez firmowych i renoma obiektu. Warto te\u017c zwr\u00f3ci\u0107 uwag\u0119 na dobr\u0105 kuchni\u0119, oferuj\u0105c\u0105 lokalne przysmaki i nieszablonowe podej\u015bcie do ka\u017cdego klienta. Tak\u017ce wyb\u00f3r lokalnych wyrob\u00f3w rzemie\u015blniczych, na przyk\u0142ad piw rzemie\u015blniczych mo\u017ce by\u0107 nie lada atrakcj\u0105 dla naszych go\u015bci.&nbsp;<\/p>\n\n\n\n<figure class=\"wp-block-image size-large\"><img loading=\"lazy\" decoding=\"async\" width=\"1024\" height=\"683\" src=\"https:\/\/www.koronakarkonoszy.pl\/blog-dla-firm\/wp-content\/uploads\/2022\/09\/NA_07_12_37_MIV_8030-1024x683.jpg\" alt=\"\" class=\"wp-image-3533\" srcset=\"https:\/\/www.koronakarkonoszy.pl\/blog-dla-firm\/wp-content\/uploads\/2022\/09\/NA_07_12_37_MIV_8030-1024x683.jpg 1024w, https:\/\/www.koronakarkonoszy.pl\/blog-dla-firm\/wp-content\/uploads\/2022\/09\/NA_07_12_37_MIV_8030-300x200.jpg 300w, https:\/\/www.koronakarkonoszy.pl\/blog-dla-firm\/wp-content\/uploads\/2022\/09\/NA_07_12_37_MIV_8030-768x512.jpg 768w, https:\/\/www.koronakarkonoszy.pl\/blog-dla-firm\/wp-content\/uploads\/2022\/09\/NA_07_12_37_MIV_8030-1920x1280.jpg 1920w, https:\/\/www.koronakarkonoszy.pl\/blog-dla-firm\/wp-content\/uploads\/2022\/09\/NA_07_12_37_MIV_8030-1536x1024.jpg 1536w, https:\/\/www.koronakarkonoszy.pl\/blog-dla-firm\/wp-content\/uploads\/2022\/09\/NA_07_12_37_MIV_8030-2048x1365.jpg 2048w\" sizes=\"auto, (max-width: 1024px) 100vw, 1024px\" \/><figcaption class=\"wp-element-caption\"><strong>Obiekt na imprezy firmowe,<\/strong> <strong><a href=\"https:\/\/www.koronakarkonoszy.pl\/imprezy-firmowe\/\" target=\"_blank\" rel=\"noreferrer noopener\">Dw\u00f3r Korona Karkonoszy<\/a>, Sosn\u00f3wka k. Karpacza<\/strong><\/figcaption><\/figure>\n\n\n\n<p>Wybieraj\u0105c miejsce dla naszych pracownik\u00f3w, we\u017amy pod uwag\u0119, jakiego typu b\u0119dzie to wyjazd. Czy chcemy po\u0142\u0105czy\u0107 go na przyk\u0142ad ze szkoleniem, albo przy okazji poinformowa\u0107 o awansach albo zmianach w firmie? Na neutralnym gruncie, poza firm\u0105, pracownikom \u0142atwiej b\u0119dzie si\u0119 otworzy\u0107, przej\u015b\u0107 na ty czy te\u017c opowiedzie\u0107 o tym, co dla nich wa\u017cne. \u0141atwiej przyjm\u0105 zapowiedzi zmian czy nowych zada\u0144.<\/p>\n\n\n\n<figure class=\"wp-block-image size-large\"><a href=\"https:\/\/www.koronakarkonoszy.pl\/imprezy-firmowe\/\" target=\"_blank\" rel=\"noreferrer noopener\"><img loading=\"lazy\" decoding=\"async\" width=\"1024\" height=\"512\" src=\"https:\/\/www.koronakarkonoszy.pl\/blog-dla-firm\/wp-content\/uploads\/2021\/07\/imprezy_firmowe_DKK-1024x512.jpg\" alt=\"\" class=\"wp-image-3006\" srcset=\"https:\/\/www.koronakarkonoszy.pl\/blog-dla-firm\/wp-content\/uploads\/2021\/07\/imprezy_firmowe_DKK-1024x512.jpg 1024w, https:\/\/www.koronakarkonoszy.pl\/blog-dla-firm\/wp-content\/uploads\/2021\/07\/imprezy_firmowe_DKK-300x150.jpg 300w, https:\/\/www.koronakarkonoszy.pl\/blog-dla-firm\/wp-content\/uploads\/2021\/07\/imprezy_firmowe_DKK-768x384.jpg 768w, https:\/\/www.koronakarkonoszy.pl\/blog-dla-firm\/wp-content\/uploads\/2021\/07\/imprezy_firmowe_DKK.jpg 1200w\" sizes=\"auto, (max-width: 1024px) 100vw, 1024px\" \/><\/a><\/figure>\n\n\n\n<p><strong>Firmowe spotkania integracyjne<\/strong> najlepiej organizowa\u0107 poza miejscem zamieszkania i pracy. Taka integracja firmowa na wyje\u017adzie w ciekawym miejscu b\u0119dzie ju\u017c atrakcj\u0105 sama w sobie. Imprezy integracyjne w miejscu pracy nie do ko\u0144ca spe\u0142niaj\u0105 swoj\u0105 rol\u0119, poniewa\u017c si\u0142\u0105 rzeczy miejsce to kojarzy nam si\u0119 z prac\u0105, obowi\u0105zkami, rutyn\u0105. W firmie ka\u017cdy pe\u0142ni jak\u0105\u015b rol\u0119, i czasem trudno nam wyj\u015b\u0107 z tego zawodowego \u201epancerza\u201d. Co innego na wyje\u017adzie integracyjnym! W nowym otoczeniu mo\u017cemy pokaza\u0107 prywatn\u0105 cz\u0119\u015b\u0107 swojej osobowo\u015bci, porozmawia\u0107 ze wsp\u00f3\u0142pracownikami na inne ni\u017c firmowe tematy. To sprzyja zacie\u015bnianiu wi\u0119zi, co przek\u0142ada si\u0119 na atmosfer\u0119 w firmie, a co za tym idzie \u2013 na wydajno\u015b\u0107 ka\u017cdego pracownika z osobna i ca\u0142ego zespo\u0142u.<\/p>\n","protected":false},"excerpt":{"rendered":"<p>To, czy firma si\u0119 rozwija i odnosi sukcesy na rynku, zale\u017cy od wielu czynnik\u00f3w. Jednym z nich jest integracja firmowa. Ka\u017cdy \u015bwiadomy pracodawca wie, jak wa\u017cne jest, by regularnie organizowa\u0107 wydarzenia integracyjne dla pracownik\u00f3w. Dzi\u0119ki nim mo\u017cna zbudowa\u0107 i utrzyma\u0107 dobre relacje pracownicze i przyjazn\u0105 atmosfer\u0119 w zespole. Przedstawiamy sprawdzone pomys\u0142y na integracj\u0119 o ka\u017cdej [&hellip;]<\/p>\n","protected":false},"author":11,"featured_media":2190,"comment_status":"closed","ping_status":"closed","sticky":false,"template":"","format":"standard","meta":{"_acf_changed":false,"footnotes":""},"categories":[17,13,3,12,9],"class_list":["post-2184","post","type-post","status-publish","format-standard","has-post-thumbnail","hentry","category-integracja","category-jesien-imprezy","category-lato-imprezy","category-wiosna-imprezy","category-zima-imprezy"],"acf":[],"yoast_head":"<!-- This site is optimized with the Yoast SEO Premium plugin v27.4 (Yoast SEO v27.4) - https:\/\/yoast.com\/product\/yoast-seo-premium-wordpress\/ -->\n<title>Integracja firmowa \u2013 sprawdzone pomys\u0142y na ka\u017cd\u0105 por\u0119 roku\u00a0 - :: Blog dla firm - szkolenia, zarz\u0105dzanie zespo\u0142em, team building<\/title>\n<meta name=\"description\" content=\"To, czy firma odnosi sukcesy zale\u017cy od wielu czynnik\u00f3w. Jednym z nich jest integracja firmowa. Przedstawiamy pomys\u0142y na integracj\u0119.\u00a0\" \/>\n<meta name=\"robots\" content=\"index, follow, max-snippet:-1, max-image-preview:large, max-video-preview:-1\" \/>\n<link rel=\"canonical\" href=\"https:\/\/www.koronakarkonoszy.pl\/blog-dla-firm\/de\/unternehmensintegration-erprobte-ideen-fur-jede-saison\/\" \/>\n<meta property=\"og:locale\" content=\"de_DE\" \/>\n<meta property=\"og:type\" content=\"article\" \/>\n<meta property=\"og:title\" content=\"Integracja firmowa \u2013 sprawdzone pomys\u0142y na ka\u017cd\u0105 por\u0119 roku\u00a0\" \/>\n<meta property=\"og:description\" content=\"To, czy firma odnosi sukcesy zale\u017cy od wielu czynnik\u00f3w. Jednym z nich jest integracja firmowa. Przedstawiamy pomys\u0142y na integracj\u0119.\u00a0\" \/>\n<meta property=\"og:url\" content=\"https:\/\/www.koronakarkonoszy.pl\/blog-dla-firm\/de\/unternehmensintegration-erprobte-ideen-fur-jede-saison\/\" \/>\n<meta property=\"og:site_name\" content=\":: Blog dla firm - szkolenia, zarz\u0105dzanie zespo\u0142em, team building\" \/>\n<meta property=\"article:published_time\" content=\"2023-03-26T12:00:01+00:00\" \/>\n<meta property=\"article:modified_time\" content=\"2024-12-11T10:50:41+00:00\" \/>\n<meta property=\"og:image\" content=\"https:\/\/www.koronakarkonoszy.pl\/blog-dla-firm\/wp-content\/uploads\/2022\/02\/pexels-fauxels-3184434.jpg\" \/>\n\t<meta property=\"og:image:width\" content=\"1280\" \/>\n\t<meta property=\"og:image:height\" content=\"854\" \/>\n\t<meta property=\"og:image:type\" content=\"image\/jpeg\" \/>\n<meta name=\"author\" content=\"agnieszka\" \/>\n<meta name=\"twitter:card\" content=\"summary_large_image\" \/>\n<meta name=\"twitter:label1\" content=\"Verfasst von\" \/>\n\t<meta name=\"twitter:data1\" content=\"agnieszka\" \/>\n\t<meta name=\"twitter:label2\" content=\"Gesch\u00e4tzte Lesezeit\" \/>\n\t<meta name=\"twitter:data2\" content=\"14\u00a0Minuten\" \/>\n<script type=\"application\/ld+json\" class=\"yoast-schema-graph\">{\"@context\":\"https:\\\/\\\/schema.org\",\"@graph\":[{\"@type\":\"Article\",\"@id\":\"https:\\\/\\\/www.koronakarkonoszy.pl\\\/blog-dla-firm\\\/integracja-firmowa-sprawdzone-pomysly-na-kazda-pore-roku\\\/#article\",\"isPartOf\":{\"@id\":\"https:\\\/\\\/www.koronakarkonoszy.pl\\\/blog-dla-firm\\\/integracja-firmowa-sprawdzone-pomysly-na-kazda-pore-roku\\\/\"},\"author\":{\"name\":\"agnieszka\",\"@id\":\"https:\\\/\\\/www.koronakarkonoszy.pl\\\/blog-dla-firm\\\/#\\\/schema\\\/person\\\/c06752c3cb176906b455582ff7ef925e\"},\"headline\":\"Integracja firmowa \u2013 sprawdzone pomys\u0142y na ka\u017cd\u0105 por\u0119 roku\u00a0\",\"datePublished\":\"2023-03-26T12:00:01+00:00\",\"dateModified\":\"2024-12-11T10:50:41+00:00\",\"mainEntityOfPage\":{\"@id\":\"https:\\\/\\\/www.koronakarkonoszy.pl\\\/blog-dla-firm\\\/integracja-firmowa-sprawdzone-pomysly-na-kazda-pore-roku\\\/\"},\"wordCount\":2261,\"image\":{\"@id\":\"https:\\\/\\\/www.koronakarkonoszy.pl\\\/blog-dla-firm\\\/integracja-firmowa-sprawdzone-pomysly-na-kazda-pore-roku\\\/#primaryimage\"},\"thumbnailUrl\":\"https:\\\/\\\/www.koronakarkonoszy.pl\\\/blog-dla-firm\\\/wp-content\\\/uploads\\\/2022\\\/02\\\/pexels-fauxels-3184434.jpg\",\"articleSection\":[\"Integracja\",\"Jesie\u0144 - imprezy\",\"Lato - imprezy\",\"Wiosna - imprezy\",\"Zima - imprezy\"],\"inLanguage\":\"de\"},{\"@type\":\"WebPage\",\"@id\":\"https:\\\/\\\/www.koronakarkonoszy.pl\\\/blog-dla-firm\\\/integracja-firmowa-sprawdzone-pomysly-na-kazda-pore-roku\\\/\",\"url\":\"https:\\\/\\\/www.koronakarkonoszy.pl\\\/blog-dla-firm\\\/integracja-firmowa-sprawdzone-pomysly-na-kazda-pore-roku\\\/\",\"name\":\"Integracja firmowa \u2013 sprawdzone pomys\u0142y na ka\u017cd\u0105 por\u0119 roku\u00a0 - :: Blog dla firm - szkolenia, zarz\u0105dzanie zespo\u0142em, team building\",\"isPartOf\":{\"@id\":\"https:\\\/\\\/www.koronakarkonoszy.pl\\\/blog-dla-firm\\\/#website\"},\"primaryImageOfPage\":{\"@id\":\"https:\\\/\\\/www.koronakarkonoszy.pl\\\/blog-dla-firm\\\/integracja-firmowa-sprawdzone-pomysly-na-kazda-pore-roku\\\/#primaryimage\"},\"image\":{\"@id\":\"https:\\\/\\\/www.koronakarkonoszy.pl\\\/blog-dla-firm\\\/integracja-firmowa-sprawdzone-pomysly-na-kazda-pore-roku\\\/#primaryimage\"},\"thumbnailUrl\":\"https:\\\/\\\/www.koronakarkonoszy.pl\\\/blog-dla-firm\\\/wp-content\\\/uploads\\\/2022\\\/02\\\/pexels-fauxels-3184434.jpg\",\"datePublished\":\"2023-03-26T12:00:01+00:00\",\"dateModified\":\"2024-12-11T10:50:41+00:00\",\"author\":{\"@id\":\"https:\\\/\\\/www.koronakarkonoszy.pl\\\/blog-dla-firm\\\/#\\\/schema\\\/person\\\/c06752c3cb176906b455582ff7ef925e\"},\"description\":\"To, czy firma odnosi sukcesy zale\u017cy od wielu czynnik\u00f3w. Jednym z nich jest integracja firmowa. Przedstawiamy pomys\u0142y na integracj\u0119.\u00a0\",\"breadcrumb\":{\"@id\":\"https:\\\/\\\/www.koronakarkonoszy.pl\\\/blog-dla-firm\\\/integracja-firmowa-sprawdzone-pomysly-na-kazda-pore-roku\\\/#breadcrumb\"},\"inLanguage\":\"de\",\"potentialAction\":[{\"@type\":\"ReadAction\",\"target\":[\"https:\\\/\\\/www.koronakarkonoszy.pl\\\/blog-dla-firm\\\/integracja-firmowa-sprawdzone-pomysly-na-kazda-pore-roku\\\/\"]}]},{\"@type\":\"ImageObject\",\"inLanguage\":\"de\",\"@id\":\"https:\\\/\\\/www.koronakarkonoszy.pl\\\/blog-dla-firm\\\/integracja-firmowa-sprawdzone-pomysly-na-kazda-pore-roku\\\/#primaryimage\",\"url\":\"https:\\\/\\\/www.koronakarkonoszy.pl\\\/blog-dla-firm\\\/wp-content\\\/uploads\\\/2022\\\/02\\\/pexels-fauxels-3184434.jpg\",\"contentUrl\":\"https:\\\/\\\/www.koronakarkonoszy.pl\\\/blog-dla-firm\\\/wp-content\\\/uploads\\\/2022\\\/02\\\/pexels-fauxels-3184434.jpg\",\"width\":1280,\"height\":854,\"caption\":\"Integracja zespo\u0142u\"},{\"@type\":\"BreadcrumbList\",\"@id\":\"https:\\\/\\\/www.koronakarkonoszy.pl\\\/blog-dla-firm\\\/integracja-firmowa-sprawdzone-pomysly-na-kazda-pore-roku\\\/#breadcrumb\",\"itemListElement\":[{\"@type\":\"ListItem\",\"position\":1,\"name\":\"Strona g\u0142\u00f3wna\",\"item\":\"https:\\\/\\\/www.koronakarkonoszy.pl\\\/blog-dla-firm\\\/\"},{\"@type\":\"ListItem\",\"position\":2,\"name\":\"Integracja firmowa \u2013 sprawdzone pomys\u0142y na ka\u017cd\u0105 por\u0119 roku\u00a0\"}]},{\"@type\":\"WebSite\",\"@id\":\"https:\\\/\\\/www.koronakarkonoszy.pl\\\/blog-dla-firm\\\/#website\",\"url\":\"https:\\\/\\\/www.koronakarkonoszy.pl\\\/blog-dla-firm\\\/\",\"name\":\":: Blog dla firm - szkolenia, zarz\u0105dzanie zespo\u0142em, team building\",\"description\":\"\",\"potentialAction\":[{\"@type\":\"SearchAction\",\"target\":{\"@type\":\"EntryPoint\",\"urlTemplate\":\"https:\\\/\\\/www.koronakarkonoszy.pl\\\/blog-dla-firm\\\/?s={search_term_string}\"},\"query-input\":{\"@type\":\"PropertyValueSpecification\",\"valueRequired\":true,\"valueName\":\"search_term_string\"}}],\"inLanguage\":\"de\"},{\"@type\":\"Person\",\"@id\":\"https:\\\/\\\/www.koronakarkonoszy.pl\\\/blog-dla-firm\\\/#\\\/schema\\\/person\\\/c06752c3cb176906b455582ff7ef925e\",\"name\":\"agnieszka\",\"image\":{\"@type\":\"ImageObject\",\"inLanguage\":\"de\",\"@id\":\"https:\\\/\\\/www.koronakarkonoszy.pl\\\/blog-dla-firm\\\/wp-content\\\/litespeed\\\/avatar\\\/53ee7b676463f74d0aea1a09de3d003b.jpg?ver=1776841233\",\"url\":\"https:\\\/\\\/www.koronakarkonoszy.pl\\\/blog-dla-firm\\\/wp-content\\\/litespeed\\\/avatar\\\/53ee7b676463f74d0aea1a09de3d003b.jpg?ver=1776841233\",\"contentUrl\":\"https:\\\/\\\/www.koronakarkonoszy.pl\\\/blog-dla-firm\\\/wp-content\\\/litespeed\\\/avatar\\\/53ee7b676463f74d0aea1a09de3d003b.jpg?ver=1776841233\",\"caption\":\"agnieszka\"},\"url\":\"https:\\\/\\\/www.koronakarkonoszy.pl\\\/blog-dla-firm\\\/de\\\/author\\\/agnieszka\\\/\"}]}<\/script>\n<!-- \/ Yoast SEO Premium plugin. -->","yoast_head_json":{"title":"Unternehmensintegration \u2013 bew\u00e4hrte Ideen f\u00fcr jede Jahreszeit \u2013 :: Blog f\u00fcr Unternehmen \u2013 Schulung, Teammanagement, Teambuilding","description":"Ob ein Unternehmen erfolgreich ist, h\u00e4ngt von vielen Faktoren ab. Einer davon ist die Unternehmensintegration. Wir pr\u00e4sentieren Ideen zur Integration.\u00a0","robots":{"index":"index","follow":"follow","max-snippet":"max-snippet:-1","max-image-preview":"max-image-preview:large","max-video-preview":"max-video-preview:-1"},"canonical":"https:\/\/www.koronakarkonoszy.pl\/blog-dla-firm\/de\/unternehmensintegration-erprobte-ideen-fur-jede-saison\/","og_locale":"de_DE","og_type":"article","og_title":"Integracja firmowa \u2013 sprawdzone pomys\u0142y na ka\u017cd\u0105 por\u0119 roku\u00a0","og_description":"To, czy firma odnosi sukcesy zale\u017cy od wielu czynnik\u00f3w. Jednym z nich jest integracja firmowa. Przedstawiamy pomys\u0142y na integracj\u0119.\u00a0","og_url":"https:\/\/www.koronakarkonoszy.pl\/blog-dla-firm\/de\/unternehmensintegration-erprobte-ideen-fur-jede-saison\/","og_site_name":":: Blog dla firm - szkolenia, zarz\u0105dzanie zespo\u0142em, team building","article_published_time":"2023-03-26T12:00:01+00:00","article_modified_time":"2024-12-11T10:50:41+00:00","og_image":[{"width":1280,"height":854,"url":"https:\/\/www.koronakarkonoszy.pl\/blog-dla-firm\/wp-content\/uploads\/2022\/02\/pexels-fauxels-3184434.jpg","type":"image\/jpeg"}],"author":"agnieszka","twitter_card":"summary_large_image","twitter_misc":{"Verfasst von":"agnieszka","Gesch\u00e4tzte Lesezeit":"14\u00a0Minuten"},"schema":{"@context":"https:\/\/schema.org","@graph":[{"@type":"Article","@id":"https:\/\/www.koronakarkonoszy.pl\/blog-dla-firm\/integracja-firmowa-sprawdzone-pomysly-na-kazda-pore-roku\/#article","isPartOf":{"@id":"https:\/\/www.koronakarkonoszy.pl\/blog-dla-firm\/integracja-firmowa-sprawdzone-pomysly-na-kazda-pore-roku\/"},"author":{"name":"agnieszka","@id":"https:\/\/www.koronakarkonoszy.pl\/blog-dla-firm\/#\/schema\/person\/c06752c3cb176906b455582ff7ef925e"},"headline":"Integracja firmowa \u2013 sprawdzone pomys\u0142y na ka\u017cd\u0105 por\u0119 roku\u00a0","datePublished":"2023-03-26T12:00:01+00:00","dateModified":"2024-12-11T10:50:41+00:00","mainEntityOfPage":{"@id":"https:\/\/www.koronakarkonoszy.pl\/blog-dla-firm\/integracja-firmowa-sprawdzone-pomysly-na-kazda-pore-roku\/"},"wordCount":2261,"image":{"@id":"https:\/\/www.koronakarkonoszy.pl\/blog-dla-firm\/integracja-firmowa-sprawdzone-pomysly-na-kazda-pore-roku\/#primaryimage"},"thumbnailUrl":"https:\/\/www.koronakarkonoszy.pl\/blog-dla-firm\/wp-content\/uploads\/2022\/02\/pexels-fauxels-3184434.jpg","articleSection":["Integracja","Jesie\u0144 - imprezy","Lato - imprezy","Wiosna - imprezy","Zima - imprezy"],"inLanguage":"de"},{"@type":"WebPage","@id":"https:\/\/www.koronakarkonoszy.pl\/blog-dla-firm\/integracja-firmowa-sprawdzone-pomysly-na-kazda-pore-roku\/","url":"https:\/\/www.koronakarkonoszy.pl\/blog-dla-firm\/integracja-firmowa-sprawdzone-pomysly-na-kazda-pore-roku\/","name":"Unternehmensintegration \u2013 bew\u00e4hrte Ideen f\u00fcr jede Jahreszeit \u2013 :: Blog f\u00fcr Unternehmen \u2013 Schulung, Teammanagement, Teambuilding","isPartOf":{"@id":"https:\/\/www.koronakarkonoszy.pl\/blog-dla-firm\/#website"},"primaryImageOfPage":{"@id":"https:\/\/www.koronakarkonoszy.pl\/blog-dla-firm\/integracja-firmowa-sprawdzone-pomysly-na-kazda-pore-roku\/#primaryimage"},"image":{"@id":"https:\/\/www.koronakarkonoszy.pl\/blog-dla-firm\/integracja-firmowa-sprawdzone-pomysly-na-kazda-pore-roku\/#primaryimage"},"thumbnailUrl":"https:\/\/www.koronakarkonoszy.pl\/blog-dla-firm\/wp-content\/uploads\/2022\/02\/pexels-fauxels-3184434.jpg","datePublished":"2023-03-26T12:00:01+00:00","dateModified":"2024-12-11T10:50:41+00:00","author":{"@id":"https:\/\/www.koronakarkonoszy.pl\/blog-dla-firm\/#\/schema\/person\/c06752c3cb176906b455582ff7ef925e"},"description":"Ob ein Unternehmen erfolgreich ist, h\u00e4ngt von vielen Faktoren ab. Einer davon ist die Unternehmensintegration. Wir pr\u00e4sentieren Ideen zur Integration.\u00a0","breadcrumb":{"@id":"https:\/\/www.koronakarkonoszy.pl\/blog-dla-firm\/integracja-firmowa-sprawdzone-pomysly-na-kazda-pore-roku\/#breadcrumb"},"inLanguage":"de","potentialAction":[{"@type":"ReadAction","target":["https:\/\/www.koronakarkonoszy.pl\/blog-dla-firm\/integracja-firmowa-sprawdzone-pomysly-na-kazda-pore-roku\/"]}]},{"@type":"ImageObject","inLanguage":"de","@id":"https:\/\/www.koronakarkonoszy.pl\/blog-dla-firm\/integracja-firmowa-sprawdzone-pomysly-na-kazda-pore-roku\/#primaryimage","url":"https:\/\/www.koronakarkonoszy.pl\/blog-dla-firm\/wp-content\/uploads\/2022\/02\/pexels-fauxels-3184434.jpg","contentUrl":"https:\/\/www.koronakarkonoszy.pl\/blog-dla-firm\/wp-content\/uploads\/2022\/02\/pexels-fauxels-3184434.jpg","width":1280,"height":854,"caption":"Integracja zespo\u0142u"},{"@type":"BreadcrumbList","@id":"https:\/\/www.koronakarkonoszy.pl\/blog-dla-firm\/integracja-firmowa-sprawdzone-pomysly-na-kazda-pore-roku\/#breadcrumb","itemListElement":[{"@type":"ListItem","position":1,"name":"Strona g\u0142\u00f3wna","item":"https:\/\/www.koronakarkonoszy.pl\/blog-dla-firm\/"},{"@type":"ListItem","position":2,"name":"Integracja firmowa \u2013 sprawdzone pomys\u0142y na ka\u017cd\u0105 por\u0119 roku\u00a0"}]},{"@type":"WebSite","@id":"https:\/\/www.koronakarkonoszy.pl\/blog-dla-firm\/#website","url":"https:\/\/www.koronakarkonoszy.pl\/blog-dla-firm\/","name":":: Blog f\u00fcr Unternehmen \u2013 Schulung, Teammanagement, Teambuilding","description":"","potentialAction":[{"@type":"SearchAction","target":{"@type":"EntryPoint","urlTemplate":"https:\/\/www.koronakarkonoszy.pl\/blog-dla-firm\/?s={search_term_string}"},"query-input":{"@type":"PropertyValueSpecification","valueRequired":true,"valueName":"search_term_string"}}],"inLanguage":"de"},{"@type":"Person","@id":"https:\/\/www.koronakarkonoszy.pl\/blog-dla-firm\/#\/schema\/person\/c06752c3cb176906b455582ff7ef925e","name":"Agnes","image":{"@type":"ImageObject","inLanguage":"de","@id":"https:\/\/www.koronakarkonoszy.pl\/blog-dla-firm\/wp-content\/litespeed\/avatar\/53ee7b676463f74d0aea1a09de3d003b.jpg?ver=1776841233","url":"https:\/\/www.koronakarkonoszy.pl\/blog-dla-firm\/wp-content\/litespeed\/avatar\/53ee7b676463f74d0aea1a09de3d003b.jpg?ver=1776841233","contentUrl":"https:\/\/www.koronakarkonoszy.pl\/blog-dla-firm\/wp-content\/litespeed\/avatar\/53ee7b676463f74d0aea1a09de3d003b.jpg?ver=1776841233","caption":"agnieszka"},"url":"https:\/\/www.koronakarkonoszy.pl\/blog-dla-firm\/de\/author\/agnieszka\/"}]}},"_links":{"self":[{"href":"https:\/\/www.koronakarkonoszy.pl\/blog-dla-firm\/de\/wp-json\/wp\/v2\/posts\/2184","targetHints":{"allow":["GET"]}}],"collection":[{"href":"https:\/\/www.koronakarkonoszy.pl\/blog-dla-firm\/de\/wp-json\/wp\/v2\/posts"}],"about":[{"href":"https:\/\/www.koronakarkonoszy.pl\/blog-dla-firm\/de\/wp-json\/wp\/v2\/types\/post"}],"author":[{"embeddable":true,"href":"https:\/\/www.koronakarkonoszy.pl\/blog-dla-firm\/de\/wp-json\/wp\/v2\/users\/11"}],"replies":[{"embeddable":true,"href":"https:\/\/www.koronakarkonoszy.pl\/blog-dla-firm\/de\/wp-json\/wp\/v2\/comments?post=2184"}],"version-history":[{"count":2,"href":"https:\/\/www.koronakarkonoszy.pl\/blog-dla-firm\/de\/wp-json\/wp\/v2\/posts\/2184\/revisions"}],"predecessor-version":[{"id":10402,"href":"https:\/\/www.koronakarkonoszy.pl\/blog-dla-firm\/de\/wp-json\/wp\/v2\/posts\/2184\/revisions\/10402"}],"wp:featuredmedia":[{"embeddable":true,"href":"https:\/\/www.koronakarkonoszy.pl\/blog-dla-firm\/de\/wp-json\/wp\/v2\/media\/2190"}],"wp:attachment":[{"href":"https:\/\/www.koronakarkonoszy.pl\/blog-dla-firm\/de\/wp-json\/wp\/v2\/media?parent=2184"}],"wp:term":[{"taxonomy":"category","embeddable":true,"href":"https:\/\/www.koronakarkonoszy.pl\/blog-dla-firm\/de\/wp-json\/wp\/v2\/categories?post=2184"}],"curies":[{"name":"wp","href":"https:\/\/api.w.org\/{rel}","templated":true}]}}