{"id":2140,"date":"2023-05-21T21:49:28","date_gmt":"2023-05-21T19:49:28","guid":{"rendered":"https:\/\/www.koronakarkonoszy.pl\/blog-dla-firm\/?p=2140"},"modified":"2025-04-18T10:20:50","modified_gmt":"2025-04-18T08:20:50","slug":"zla-atmosfera-w-pracy","status":"publish","type":"post","link":"https:\/\/www.koronakarkonoszy.pl\/blog-dla-firm\/de\/zla-atmosfera-w-pracy\/","title":{"rendered":"Schlechte Arbeitsatmosph\u00e4re? K\u00fcmmern Sie sich um die Mitarbeiterintegration!"},"content":{"rendered":"\n<p>Trudno by\u0107 produktywnym i pracowa\u0107 wydajnie, je\u015bli firmowa atmosfera pozostawia wiele do \u017cyczenia. Z\u0142a atmosfera w pracy mo\u017ce negatywnie wp\u0142ywa\u0107 zar\u00f3wno na kadr\u0119 pracownicz\u0105, jak i na ca\u0142\u0105 firm\u0119. Pracownicy maj\u0105 mniej motywacji do dzia\u0142ania, \u017ale czuj\u0105 si\u0119 po\u015br\u00f3d swoich wsp\u00f3\u0142pracownik\u00f3w i nie daj\u0105 z siebie 100%, a przez to firma nie generuje maksymalnych zysk\u00f3w, nie odnosi sukces\u00f3w i nie rozwija si\u0119. Dobra atmosfera powinna stanowi\u0107 jeden z filar\u00f3w funkcjonowania firmy. Jak o ni\u0105 dba\u0107? I jak mog\u0105 pom\u00f3c spotkania i wyjazdy integracyjne?&nbsp;<\/p>\n\n\n<div id=\"ariadna-block_241d3eab9d35be67d7f9da6df96952f5\" class=\"ariadna\">\n    <ul><li><a href=\"#h-dobra-atmosfera-dziala-jako-motywator-nbsp-nbsp\">Dobra atmosfera dzia\u0142a jako motywator&nbsp;&nbsp;<\/a><\/li><li><a href=\"#ha-jak-ocenic-atmosfere-w-pracy\">Jak oceni\u0107 atmosfer\u0119 w pracy?<\/a><\/li><li><a href=\"#h-jak-stworzyc-przyjazne-srodowisko-pracy\">Jak stworzy\u0107 przyjazne \u015brodowisko pracy?<\/a><\/li><li><a href=\"#ha-zla-atmosfera-w-pracy-skad-sie-bierze\">Z\u0142a atmosfera w pracy \u2013 sk\u0105d si\u0119 bierze?&nbsp;<\/a><\/li><li><a href=\"#ha-zla-atmosfera-w-pracy-jak-sobie-z-nia-radzic\">Z\u0142a atmosfera w pracy \u2013 jak sobie z ni\u0105 radzi\u0107?&nbsp;<\/a><\/li><li><a href=\"#h-jakie-czynniki-skladaja-sie-na-atmosfere-w-pracy\">Jakie czynniki sk\u0142adaj\u0105 si\u0119 na atmosfer\u0119 w pracy?<\/a><\/li><li><a href=\"#ha-co-szybko-poprawi-atmosfere-pracy\">&nbsp;Co szybko poprawi atmosfer\u0119 pracy?<\/a><\/li><li><a href=\"#h-integracja-pracownikow-przepis-na-sukces\">Integracja pracownik\u00f3w = przepis na sukces<\/a><\/li><li><a href=\"#ha-zabawy-integracyjne-ktore-naprawia-zla-atmosfere-w-pracy\">Zabawy integracyjne, kt\u00f3re naprawi\u0105 z\u0142\u0105 atmosfer\u0119 w pracy&nbsp;<\/a><\/li><li><a href=\"#h-escape-room\">Escape room<\/a><\/li><li><a href=\"#ha-co-to-jest-toksyczna-atmosfera-pracy\">Co to jest toksyczna atmosfera pracy?<\/a><\/li><li><a href=\"#h-jak-poprawic-atmosfere-w-pracy\">Jak poprawi\u0107 atmosfer\u0119 w pracy?<\/a><\/li><li><a href=\"#ha-jak-atmosfera-w-pracy-wplywa-na-pracownikow\">Jak atmosfera w pracy wp\u0142ywa na pracownik\u00f3w?<\/a><\/li><li><a href=\"#ha-czy-da-sie-zmierzyc-zadowolenie-pracownikow\">Czy da si\u0119 zmierzy\u0107 zadowolenie pracownik\u00f3w?<\/a><\/li><\/ul>\n<\/div>\n\n\n\n\n\n\n<figure class=\"wp-block-image size-large is-resized\"><a href=\"https:\/\/www.koronakarkonoszy.pl\/konfigurator-imprez\/\" target=\"_blank\" rel=\"noreferrer noopener\"><img loading=\"lazy\" decoding=\"async\" width=\"1024\" height=\"510\" src=\"https:\/\/www.koronakarkonoszy.pl\/blog-dla-firm\/wp-content\/uploads\/2023\/11\/DKK-konfigurator_01-1024x510.jpg\" alt=\"Konfigurator imprez firmowych agencji eventowej Dw\u00f3r Korona Karkonoszy\" class=\"wp-image-7804\" style=\"width:855px;height:auto\" title=\"Konfigurator imprez firmowych agencji eventowej \" srcset=\"https:\/\/www.koronakarkonoszy.pl\/blog-dla-firm\/wp-content\/uploads\/2023\/11\/DKK-konfigurator_01-1024x510.jpg 1024w, https:\/\/www.koronakarkonoszy.pl\/blog-dla-firm\/wp-content\/uploads\/2023\/11\/DKK-konfigurator_01-300x150.jpg 300w, https:\/\/www.koronakarkonoszy.pl\/blog-dla-firm\/wp-content\/uploads\/2023\/11\/DKK-konfigurator_01-768x383.jpg 768w, https:\/\/www.koronakarkonoszy.pl\/blog-dla-firm\/wp-content\/uploads\/2023\/11\/DKK-konfigurator_01-1920x957.jpg 1920w, https:\/\/www.koronakarkonoszy.pl\/blog-dla-firm\/wp-content\/uploads\/2023\/11\/DKK-konfigurator_01-1536x766.jpg 1536w, https:\/\/www.koronakarkonoszy.pl\/blog-dla-firm\/wp-content\/uploads\/2023\/11\/DKK-konfigurator_01-18x9.jpg 18w, https:\/\/www.koronakarkonoszy.pl\/blog-dla-firm\/wp-content\/uploads\/2023\/11\/DKK-konfigurator_01.jpg 2040w\" sizes=\"auto, (max-width: 1024px) 100vw, 1024px\" \/><\/a><\/figure>\n\n\n\n<h2 class=\"wp-block-heading\" id=\"h-dobra-atmosfera-dziala-jako-motywator-nbsp-nbsp\">Dobra atmosfera dzia\u0142a jako motywator&nbsp;&nbsp;<\/h2>\n\n\n\n<p>O tym, jak wa\u017cna jest dobra atmosfera w miejscu pracy, wiadomo nie od dzi\u015b. Badania pokazuj\u0105, \u017ce <strong>atmosfera ma ogromny wp\u0142yw na jako\u015b\u0107 wykonywania obowi\u0105zk\u00f3w zawodowych <\/strong>przez kadr\u0119. W mi\u0142ej atmosferze pracuje si\u0119 przyjemniej i wydajniej. Pracownicy nie maj\u0105 problemu z prac\u0105 zespo\u0142ow\u0105, bo dobrze czuj\u0105 si\u0119 w towarzystwie swoich kole\u017canek i koleg\u00f3w. Maj\u0105 du\u017c\u0105 motywacj\u0119 do pracy i ch\u0119tniej anga\u017cuj\u0105 si\u0119 w dodatkowe projekty. Efektywna praca zatrudnionych os\u00f3b to nowe mo\u017cliwo\u015bci dla firmy. Przedsi\u0119biorstwo mo\u017ce si\u0119 rozwija\u0107, osi\u0105ga\u0107 wyznaczone cele i odnosi\u0107 sukcesy na rynku.&nbsp;&nbsp;<\/p>\n\n\n\n<style>\n    .cta_block{\n        margin: 1.5em 0;\n    }\n    .cta_block_content {\n        position: relative;\n        color: white;\n        padding: 1em;\n    }\n    .cta_block_content h3{\n        text-align: center;\n        font: normal normal normal 36px\/50px Yeseva One;\n    }\n    .cta_block_content .cta_block_desc{\n        text-align: center;\n        font-size: 1.1em;\n        position: relative;\n    }\n    .cta_block_content .cta_block_desc:before {\n        content: '';\n        width: 80px;\n        height: 4px;\n        background: #EEB315;\n        position: absolute;\n        left: 0;\n        right: 0;\n        margin-left: auto;\n        margin-right: auto;\n        top: -22px;\n    }\n\n    .cta_block_content picture{\n        position: absolute;\n        top: 0;\n        right: 0;\n        z-index: -1;\n        height: 100%;\n        overflow: hidden;\n        width: 100%;\n    }\n    .cta_block_content picture img{\n        object-fit: cover;\n        height: 100%;\n        width: 100%;\n    }\n    .cta_block .cta_block_content .ninja-forms-field{\n        background: #FFFFFF2F;\n        border: 1px solid #EEB315;\n        border-radius: 25px;\n        opacity: 1;\n        color: #ffffff;\n    }\n    .cta_block .cta_block_content .nf-form-content input[type=submit]{\n        background-color: #EEB315;\n        color: #292929;\n        text-align: center;\n        font: normal normal bold 14px\/20px Work Sans;\n        padding: 0 2em;\n    }\n\n    .cta_block ::placeholder{\n        color: white!important;\n        opacity: 1;\n    }\n\n    .cta_block_content::after {\n        height: 100%;\n        width: 100%;\n        content: \"\";\n        z-index: -1;\n        position: absolute;\n        top: 0;\n        background: #00000070;\n        right: 0;\n        left: 0;\n        bottom: 0;\n    }\n    #ha-cta-block, .cta_block_desc, .cta_block .nf-field-label, .cta_block .nf-error-msg {\n        filter: drop-shadow(1px 1px 8px black);\n    }\n\n\/*    .cta_block nf-rows-wrap {\n        display: flex;\n        justify-content: space-around;\n        flex-direction: row;\n    }*\/\n\n    .cta_block .nf-field-label {\n        display:none;\n    }\n\n    .cta_block .nf-error.field-wrap .nf-field-element::after {\n        border-radius: 50px;\n    }\n\n    .cta_block .nf-error-msg {\n        color: #fff;\n    }\n\n    .cta_block .nf-form-cont {\n        margin-top: 3em;\n        margin-bottom: 1em;\n    }\n\n    .wp-admin .cta_block_content{\n        display: none;\n    }\n    .cta_block .nf-form-fields-required {\n        display: none;\n    }\n    body:not(.wp-admin) .cta_block_admin {\n        display: none;\n    }\n<\/style>\n<div id=\"cta_block-block_7b4f5f14931be0439429fe1479eb2a92\" class=\"cta_block\">\n    <div class=\"cta_block_admin\" style=\"background-color: blue; color: white\">\n        Blok CTA\n    <\/div>\n    <div class=\"cta_block\">\n        <div class=\"cta_block_content\">   \n        <h3 id=\"ha-wydajnosc-zespolu-zdecydowanie-spadla\">Wydajno\u015b\u0107 zespo\u0142u zdecydowanie spad\u0142a?<\/h3>\n                    <div class=\"cta_block_desc\">Czas popracowa\u0107 nad integracj\u0105 grupy.<br>Mamy na to sprawdzone sposoby!<\/div>\n                <noscript class=\"ninja-forms-noscript-message\">\n\tHinweis: F\u00fcr diesen Inhalt ist JavaScript erforderlich.<\/noscript>\n<div id=\"nf-form-3-cont\" class=\"nf-form-cont\" aria-live=\"polite\" aria-labelledby=\"nf-form-title-3\" aria-describedby=\"nf-form-errors-3\" role=\"form\">\n\n    <div class=\"nf-loading-spinner\"><\/div>\n\n<\/div>\n        <!-- That data is being printed as a workaround to page builders reordering the order of the scripts loaded-->\n        <script>var formDisplay=1;var nfForms=nfForms||[];var form=[];form.id='3';form.settings={\"objectType\":\"Form Setting\",\"editActive\":true,\"title\":\"Block CTA\",\"created_at\":\"2022-11-09 19:27:14\",\"default_label_pos\":\"above\",\"show_title\":0,\"clear_complete\":\"1\",\"hide_complete\":\"1\",\"logged_in\":\"\",\"wrapper_class\":\"\",\"element_class\":\"\",\"key\":\"\",\"add_submit\":\"0\",\"currency\":\"\",\"repeatable_fieldsets\":\"\",\"unique_field_error\":\"Formularz z t\\u0105 warto\\u015bci\\u0105 zosta\\u0142 ju\\u017c przes\\u0142any.\",\"not_logged_in_msg\":\"\",\"sub_limit_msg\":\"Formularz osi\\u0105gn\\u0105\\u0142 limit wys\\u0142a\\u0144.\",\"calculations\":[],\"container_styles_show_advanced_css\":\"0\",\"title_styles_show_advanced_css\":\"0\",\"row_styles_show_advanced_css\":\"0\",\"row-odd_styles_show_advanced_css\":\"0\",\"success-msg_styles_show_advanced_css\":\"0\",\"error_msg_styles_show_advanced_css\":\"0\",\"formContentData\":[{\"order\":1,\"cells\":[{\"order\":0,\"fields\":[\"phone_1640098275087\"],\"width\":35},{\"order\":1,\"fields\":[\"adres_e-mail_1668018487177\"],\"width\":35},{\"order\":2,\"fields\":[\"zapisz_mnie_1668018472281\"],\"width\":30}]}],\"conditions\":[],\"drawerDisabled\":false,\"allow_public_link\":0,\"embed_form\":\"\",\"changeEmailErrorMsg\":\"Bitte gib eine g\\u00fcltige E-Mail-Adresse ein.\",\"changeDateErrorMsg\":\"Bitte gib ein g\\u00fcltiges Datum ein!\",\"confirmFieldErrorMsg\":\"Diese Felder m\\u00fcssen \\u00fcbereinstimmen!\",\"fieldNumberNumMinError\":\"Die eingegebene Zahl ist zu klein.\",\"fieldNumberNumMaxError\":\"Die eingegebene Zahl ist zu gross.\",\"fieldNumberIncrementBy\":\"Bitte erh\\u00f6hen in Schritten von\",\"formErrorsCorrectErrors\":\"Bitte korrigiere die Fehler, bevor du das Formular sendest.\",\"validateRequiredField\":\"Dies ist ein Pflichtfeld.\",\"honeypotHoneypotError\":\"Honeypot-Fehler\",\"fieldsMarkedRequired\":\"Felder mit einem <span class=\\\"ninja-forms-req-symbol\\\">*<\\\/span> sind Pflichtfelder\",\"form_title_heading_level\":\"3\",\"ninjaForms\":\"Ninja Forms\",\"fieldTextareaRTEInsertLink\":\"Link einf\\u00fcgen\",\"fieldTextareaRTEInsertMedia\":\"Medien einf\\u00fcgen\",\"fieldTextareaRTESelectAFile\":\"Eine Datei ausw\\u00e4hlen\",\"formHoneypot\":\"Falls du ein Mensch bist und dieses Feld siehst, dann lasse es bitte leer.\",\"fileUploadOldCodeFileUploadInProgress\":\"Datei-Upload l\\u00e4uft.\",\"fileUploadOldCodeFileUpload\":\"DATEI-UPLOAD\",\"currencySymbol\":\"&#36;\",\"thousands_sep\":\".\",\"decimal_point\":\",\",\"siteLocale\":\"de_DE\",\"dateFormat\":\"m\\\/d\\\/Y\",\"startOfWeek\":\"1\",\"of\":\"von\",\"previousMonth\":\"Vorheriger Monat\",\"nextMonth\":\"N\\u00e4chster Monat\",\"months\":[\"Januar\",\"Februar\",\"M\\u00e4rz\",\"April\",\"Mai\",\"Juni\",\"Juli\",\"August\",\"September\",\"Oktober\",\"November\",\"Dezember\"],\"monthsShort\":[\"Jan.\",\"Feb.\",\"M\\u00e4rz\",\"Apr.\",\"Mai\",\"Juni\",\"Juli\",\"Aug\",\"Sep.\",\"Okt.\",\"Nov.\",\"Dez.\"],\"weekdays\":[\"Sonntag\",\"Montag\",\"Dienstag\",\"Mittwoch\",\"Donnerstag\",\"Freitag\",\"Samstag\"],\"weekdaysShort\":[\"So.\",\"Mo.\",\"Di.\",\"Mi.\",\"Do.\",\"Fr.\",\"Sa.\"],\"weekdaysMin\":[\"So.\",\"Mo.\",\"Di.\",\"Mi.\",\"Do.\",\"Fr.\",\"Sa.\"],\"recaptchaConsentMissing\":\"reCaptcha validation couldn&#039;t load.\",\"recaptchaMissingCookie\":\"reCaptcha v3 validation couldn&#039;t load the cookie needed to submit the form.\",\"recaptchaConsentEvent\":\"Accept reCaptcha cookies before sending the form.\",\"currency_symbol\":\"\",\"beforeForm\":\"\",\"beforeFields\":\"\",\"afterFields\":\"\",\"afterForm\":\"\"};form.fields=[{\"objectType\":\"Field\",\"objectDomain\":\"fields\",\"editActive\":false,\"order\":1,\"idAttribute\":\"id\",\"type\":\"phone\",\"label\":\"Numer telefonu\",\"key\":\"phone_1640098275087\",\"label_pos\":\"above\",\"required\":\"\",\"default\":\"\",\"placeholder\":\"Numer telefonu\",\"container_class\":\"\",\"element_class\":\"\",\"input_limit\":\"\",\"input_limit_type\":\"characters\",\"input_limit_msg\":\"Liczba pozosta\\u0142ych znak\\u00f3w:\",\"manual_key\":\"\",\"admin_label\":\"\",\"help_text\":\"\",\"mask\":\"\",\"custom_mask\":\"\",\"custom_name_attribute\":\"phone\",\"personally_identifiable\":1,\"wrap_styles_border\":\"\",\"wrap_styles_width\":\"\",\"wrap_styles_margin\":\"\",\"wrap_styles_padding\":\"\",\"wrap_styles_float\":\"\",\"wrap_styles_show_advanced_css\":0,\"label_styles_border\":\"\",\"label_styles_width\":\"\",\"label_styles_font-size\":\"\",\"label_styles_margin\":\"\",\"label_styles_padding\":\"\",\"label_styles_float\":\"\",\"label_styles_show_advanced_css\":0,\"element_styles_border\":\"\",\"element_styles_width\":\"\",\"element_styles_font-size\":\"\",\"element_styles_margin\":\"\",\"element_styles_padding\":\"\",\"element_styles_float\":\"\",\"element_styles_show_advanced_css\":0,\"cellcid\":\"c3398\",\"value\":\"\",\"drawerDisabled\":\"\",\"field_label\":\"Numer telefonu\",\"field_key\":\"phone_1640098275087\",\"id\":9,\"beforeField\":\"\",\"afterField\":\"\",\"parentType\":\"textbox\",\"element_templates\":[\"tel\",\"textbox\",\"input\"],\"old_classname\":\"\",\"wrap_template\":\"wrap\"},{\"objectType\":\"Field\",\"objectDomain\":\"fields\",\"editActive\":false,\"order\":2,\"idAttribute\":\"id\",\"type\":\"email\",\"label\":\"Adres e-mail\",\"key\":\"adres_e-mail_1668018487177\",\"label_pos\":\"above\",\"required\":\"\",\"default\":\"\",\"placeholder\":\"Adres e-mail\",\"container_class\":\"\",\"element_class\":\"\",\"admin_label\":\"\",\"help_text\":\"\",\"custom_name_attribute\":\"email\",\"personally_identifiable\":1,\"wrap_styles_border\":\"\",\"wrap_styles_width\":\"\",\"wrap_styles_margin\":\"\",\"wrap_styles_padding\":\"\",\"wrap_styles_float\":\"\",\"wrap_styles_show_advanced_css\":0,\"label_styles_border\":\"\",\"label_styles_width\":\"\",\"label_styles_font-size\":\"\",\"label_styles_margin\":\"\",\"label_styles_padding\":\"\",\"label_styles_float\":\"\",\"label_styles_show_advanced_css\":0,\"element_styles_border\":\"\",\"element_styles_width\":\"\",\"element_styles_font-size\":\"\",\"element_styles_margin\":\"\",\"element_styles_padding\":\"\",\"element_styles_float\":\"\",\"element_styles_show_advanced_css\":0,\"cellcid\":\"c3401\",\"value\":\"\",\"drawerDisabled\":false,\"field_label\":\"E-mail\",\"field_key\":\"email_1640098276066\",\"id\":10,\"beforeField\":\"\",\"afterField\":\"\",\"parentType\":\"email\",\"element_templates\":[\"email\",\"input\"],\"old_classname\":\"\",\"wrap_template\":\"wrap\"},{\"objectType\":\"Field\",\"objectDomain\":\"fields\",\"editActive\":false,\"order\":3,\"idAttribute\":\"id\",\"type\":\"submit\",\"label\":\"Zapisz mnie\",\"processing_label\":\"W trakcie realizacji\",\"container_class\":\"\",\"element_class\":\"\",\"key\":\"zapisz_mnie_1668018472281\",\"wrap_styles_border\":\"\",\"wrap_styles_width\":\"\",\"wrap_styles_margin\":\"\",\"wrap_styles_padding\":\"\",\"wrap_styles_float\":\"\",\"wrap_styles_show_advanced_css\":0,\"element_styles_border\":\"\",\"element_styles_width\":\"\",\"element_styles_font-size\":\"\",\"element_styles_margin\":\"\",\"element_styles_padding\":\"\",\"element_styles_float\":\"\",\"element_styles_show_advanced_css\":0,\"submit_element_hover_styles_border\":\"\",\"submit_element_hover_styles_width\":\"\",\"submit_element_hover_styles_font-size\":\"\",\"submit_element_hover_styles_margin\":\"\",\"submit_element_hover_styles_padding\":\"\",\"submit_element_hover_styles_float\":\"\",\"submit_element_hover_styles_show_advanced_css\":0,\"cellcid\":\"c3403\",\"drawerDisabled\":false,\"field_label\":\"Zamawiam rozmow\\u0119\",\"field_key\":\"zamawiam_rozmowe_1640098314862\",\"id\":8,\"beforeField\":\"\",\"afterField\":\"\",\"value\":\"\",\"label_pos\":\"above\",\"parentType\":\"textbox\",\"element_templates\":[\"submit\",\"button\",\"input\"],\"old_classname\":\"\",\"wrap_template\":\"wrap-no-label\"}];nfForms.push(form);<\/script>\n                <script id=\"nf-tmpl-cell\" type=\"text\/template\">\n            <nf-fields><\/nf-fields>\n        <\/script>\n\n        <script id=\"nf-tmpl-row\" type=\"text\/template\">\n            <nf-cells><\/nf-cells>\n        <\/script>\n\n                <img loading=\"lazy\" decoding=\"async\" width=\"1280\" height=\"735\" src=\"https:\/\/www.koronakarkonoszy.pl\/blog-dla-firm\/wp-content\/uploads\/2022\/09\/DJI_0089.jpg\" class=\"attachment-full size-full\" alt=\"Miejscowo\u015b\u0107 letniskowa Sosn\u00f3wka k. Karpacza, widok na zalew\" srcset=\"https:\/\/www.koronakarkonoszy.pl\/blog-dla-firm\/wp-content\/uploads\/2022\/09\/DJI_0089.jpg 1280w, https:\/\/www.koronakarkonoszy.pl\/blog-dla-firm\/wp-content\/uploads\/2022\/09\/DJI_0089-300x172.jpg 300w, https:\/\/www.koronakarkonoszy.pl\/blog-dla-firm\/wp-content\/uploads\/2022\/09\/DJI_0089-1024x588.jpg 1024w, https:\/\/www.koronakarkonoszy.pl\/blog-dla-firm\/wp-content\/uploads\/2022\/09\/DJI_0089-768x441.jpg 768w\" sizes=\"auto, (max-width: 1280px) 100vw, 1280px\" \/>        <\/div> \n    <\/div>\n<\/div>\n\n\n\n<p>Dobra atmosfera w pracy to jeden z czynnik\u00f3w, kt\u00f3ry mo\u017ce obni\u017ca\u0107 wska\u017anik rotacji pracownik\u00f3w. Zatrudnieni czuj\u0105 si\u0119 przywi\u0105zani do firmy i darz\u0105 lojalno\u015bci\u0105 swojego pracodawc\u0119. Rzadziej dotyka ich problem \u201ewypalenia zawodowego\u201d, a przez to nie trac\u0105 energii do pracy i ch\u0119tniej zostaj\u0105 na zajmowanych stanowiskach.&nbsp;Pytanie zatem, <strong>sk\u0105d bierze si\u0119 z\u0142a atmosfera w pracy?&nbsp;&nbsp;<\/strong><\/p>\n\n\n\n<figure class=\"wp-block-image size-large\"><img loading=\"lazy\" decoding=\"async\" width=\"1024\" height=\"678\" src=\"https:\/\/www.koronakarkonoszy.pl\/blog-dla-firm\/wp-content\/uploads\/2021\/07\/integracja-w-grupie-1024x678.jpg\" alt=\"integracja w grupie\" class=\"wp-image-756\" srcset=\"https:\/\/www.koronakarkonoszy.pl\/blog-dla-firm\/wp-content\/uploads\/2021\/07\/integracja-w-grupie-1024x678.jpg 1024w, https:\/\/www.koronakarkonoszy.pl\/blog-dla-firm\/wp-content\/uploads\/2021\/07\/integracja-w-grupie-300x199.jpg 300w, https:\/\/www.koronakarkonoszy.pl\/blog-dla-firm\/wp-content\/uploads\/2021\/07\/integracja-w-grupie-768x508.jpg 768w, https:\/\/www.koronakarkonoszy.pl\/blog-dla-firm\/wp-content\/uploads\/2021\/07\/integracja-w-grupie.jpg 1280w\" sizes=\"auto, (max-width: 1024px) 100vw, 1024px\" \/><figcaption class=\"wp-element-caption\"><strong>Integracja firmowa <\/strong><\/figcaption><\/figure>\n\n\n\n<h2 class=\"wp-block-heading\" id=\"ha-jak-ocenic-atmosfere-w-pracy\">Jak oceni\u0107 atmosfer\u0119 w pracy?<\/h2>\n\n\n\n<p>Ocena atmosfery w pracy mo\u017ce by\u0107 subiektywna i zale\u017cy od wielu czynnik\u00f3w. Jakich? Takich jak kultura organizacyjna, relacje mi\u0119dzy pracownikami i kadr\u0105 kierownicz\u0105, styl pracy, poziom stresu, mo\u017cliwo\u015bci rozwoju, warunki pracy, a tak\u017ce indywidualne preferencje i warto\u015bci.<\/p>\n\n\n\n<p>Jednym z najwa\u017cniejszych sposob\u00f3w na ocen\u0119 atmosfery w pracy jest obserwacja i s\u0142uchanie innych pracownik\u00f3w oraz w\u0142asnych odczu\u0107. Przyjrzyj si\u0119, jak ludzie ze sob\u0105 rozmawiaj\u0105, jakie s\u0105 ich reakcje na zmiany, jak radz\u0105 sobie z trudno\u015bciami, jakie s\u0105 ich opinie na temat warunk\u00f3w pracy.<\/p>\n\n\n\n<p>Mo\u017cna te\u017c poprosi\u0107 o opinie innych pracownik\u00f3w, na przyk\u0142ad poprzez ankiety lub rozmowy indywidualne. Wa\u017cne jest jednak, aby zapewni\u0107 anonimowo\u015b\u0107, aby pracownicy mogli swobodnie wyra\u017ca\u0107 swoje opinie.<\/p>\n\n\n\n<p>Warto r\u00f3wnie\u017c zwr\u00f3ci\u0107 uwag\u0119 na wska\u017aniki takie jak rotacja pracownik\u00f3w, absencja, oraz wydajno\u015b\u0107, kt\u00f3re mog\u0105 by\u0107 sygna\u0142em problem\u00f3w w przestrzeganiu kultury organizacyjnej firmy i w atmosferze pracy.<\/p>\n\n\n\n<p>Ostatecznie, najlepszym sposobem na ocen\u0119 atmosfery w pracy jest zaanga\u017cowanie si\u0119 w prac\u0119 zespo\u0142ow\u0105 i budowanie pozytywnych relacji z innymi pracownikami. Pozwoli to na lepsze zrozumienie sytuacji w firmie i pozwoli wp\u0142yn\u0105\u0107 na popraw\u0119 atmosfery pracy.<\/p>\n\n\n<section id=\"leonardo-block_5d58f2ac8e4f83fa98d63be890299a81\" class=\"leonardo page-breaker leonardo-image-right\">\n    <div class=\"leonardo-body\">\n        <h2 class=\"leonardo-title\" id=\"h-jak-stworzyc-przyjazne-srodowisko-pracy\">Jak stworzy\u0107 przyjazne \u015brodowisko pracy?<\/h2>        <div class=\"leonardo-content\"><p><!-- wp:heading --><\/p>\n<p>Cho\u0107 oczywiste jest, \u017ce dobra atmosfera pracy wp\u0142ywa na wydajno\u015b\u0107 i znacznie zmniejsza rotacj\u0119 kadr oraz odp\u0142yw pracownik\u00f3w, to i tak obszar ten cz\u0119sto jest zaniedbywany przez pracodawc\u00f3w. Co zatem zrobi\u0107, \u017ceby w miejscu pracy by\u0142a przyjazna atmosfera dla zespo\u0142u? Przed wszystkim trzeba znale\u017a\u0107 cho\u0107 troch\u0119 czasu na normaln\u0105 rozmow\u0119 z pracownikami. Idealne do tego s\u0105 r\u00f3\u017cnego rodzaju imprezy firmowe, spotkania integracyjne, szkolenia i <a href=\"https:\/\/www.koronakarkonoszy.pl\/blog-dla-firm\/warsztaty-integracyjne\/\" target=\"_blank\" rel=\"noopener\">warsztaty integracyjne<\/a>. Je\u015bli z jakiego\u015b powodu trudno jest zorganizowa\u0107 spotkanie z pracownikami, to warto po prostu przygotowa\u0107 anonimowe ankiety z miejscem na otwarte pytania i odpowiedzi. Mo\u017cna te\u017c spyta\u0107 wprost, czy w pracy panuje z\u0142a atmosfera i jak zdaniem pracownik\u00f3w szybko poprawi\u0107 atmosfer\u0119 w firmie.<\/p>\n<p><!-- \/wp:paragraph --> <!-- wp:paragraph --><\/p>\n<p>Budowanie dobrej atmosfery nie musi by\u0107 trudne. Wystarczy zna\u0107 przyczyn\u0119 niezadowolenia za\u0142ogi, ale te\u017c oczekiwania wsp\u00f3\u0142pracownik\u00f3w. Do\u015bwiadczony manager doskonale wie, \u017ce motywacja pracownik\u00f3w i budowanie dobrej atmosfery w zespole to ci\u0105g\u0142y proces. Nawet w grupie ludzi na poz\u00f3r dobrze si\u0119 znaj\u0105cych i lubi\u0105cych, dochodzi czasem do zgrzyt\u00f3w i nieporozumie\u0144. Trzeba zawsze tworzy\u0107 pole do tego, by problemy szybko rozpozna\u0107, jasno okre\u015bli\u0107 i w por\u0119 eliminowa\u0107.<\/p>\n<p><!-- \/wp:paragraph --><\/p>\n<\/div>\n                    <aside class=\"leonardo-interlink\">\n                <b>Polecamy<\/b>\n                <a href=\"https:\/\/www.koronakarkonoszy.pl\/blog-dla-firm\/de\/atrakcje-eventowe\/\">Atrakcje eventowe: niezwyk\u0142e emocje i adrenalina<\/a>\n            <\/aside>\n            <\/div>\n    <div class=\"leonardo-image\">\n        <img loading=\"lazy\" decoding=\"async\" width=\"1920\" height=\"1440\" src=\"https:\/\/www.koronakarkonoszy.pl\/blog-dla-firm\/wp-content\/uploads\/2021\/08\/Integracja-w-zespole2.jpg\" class=\"attachment-full size-full\" alt=\"Atrakcje na imprezy firmowe \u2013 degustacja piwa rzemie\u015blniczego\" srcset=\"https:\/\/www.koronakarkonoszy.pl\/blog-dla-firm\/wp-content\/uploads\/2021\/08\/Integracja-w-zespole2.jpg 1920w, https:\/\/www.koronakarkonoszy.pl\/blog-dla-firm\/wp-content\/uploads\/2021\/08\/Integracja-w-zespole2-300x225.jpg 300w, https:\/\/www.koronakarkonoszy.pl\/blog-dla-firm\/wp-content\/uploads\/2021\/08\/Integracja-w-zespole2-1024x768.jpg 1024w, https:\/\/www.koronakarkonoszy.pl\/blog-dla-firm\/wp-content\/uploads\/2021\/08\/Integracja-w-zespole2-768x576.jpg 768w, https:\/\/www.koronakarkonoszy.pl\/blog-dla-firm\/wp-content\/uploads\/2021\/08\/Integracja-w-zespole2-1536x1152.jpg 1536w\" sizes=\"auto, (max-width: 1920px) 100vw, 1920px\" \/>            <\/div>\n<\/section>\n\n\n<h2 class=\"wp-block-heading\" id=\"ha-zla-atmosfera-w-pracy-skad-sie-bierze\">Z\u0142a atmosfera w pracy \u2013 sk\u0105d si\u0119 bierze?&nbsp;<\/h2>\n\n\n\n<p>W pracy sp\u0119dzamy 1\/3 naszego \u017cycia, dlatego niezwykle wa\u017cne jest, aby dawa\u0142a nam satysfakcj\u0119. Trudno jednak w pe\u0142ni skupi\u0107 si\u0119 na obowi\u0105zkach zawodowych, rozwija\u0107 karier\u0119 i osi\u0105ga\u0107 wyznaczone cele biznesowe, kiedy samo przyj\u015bcie do firmy powoduje, \u017ce serce nam przyspiesza, pojawia si\u0119 niepok\u00f3j i pogarsza samopoczucie. Toksyczna atmosfera w firmie mo\u017ce zabija\u0107 ca\u0142\u0105 rado\u015b\u0107 z pracy.&nbsp;&nbsp;<\/p>\n\n\n\n<p>Z\u0142a atmosfera w pracy mo\u017ce by\u0107 wynikiem zar\u00f3wno nieodpowiedniego zarz\u0105dzania, jak i zachowa\u0144 samych pracownik\u00f3w. Do g\u0142\u00f3wnych przyczyn kiepskiej atmosfery zaliczymy:&nbsp;<\/p>\n\n\n\n<ul class=\"wp-block-list\">\n<li>s\u0142ab\u0105 integracj\u0119 pracownik\u00f3w,&nbsp;<\/li>\n\n\n\n<li>niesprawiedliwe traktowanie,&nbsp;&nbsp;<\/li>\n\n\n\n<li>z\u0142\u0105 <a href=\"https:\/\/www.koronakarkonoszy.pl\/blog-dla-firm\/komunikacja-w-grupie\/\" target=\"_blank\" rel=\"noreferrer noopener\">komunikacj\u0119 w grupie<\/a>,&nbsp;&nbsp;<\/li>\n\n\n\n<li>niejasny podzia\u0142 obowi\u0105zk\u00f3w, brak \u015bci\u015ble okre\u015blonych zasad i regu\u0142 post\u0119powania oraz chaos organizacyjny,&nbsp;<\/li>\n\n\n\n<li>plotkowanie i ci\u0105g\u0142e konflikty,&nbsp;<\/li>\n\n\n\n<li>brak wsparcia ze strony prze\u0142o\u017conego i wsp\u00f3\u0142pracownik\u00f3w,&nbsp;<\/li>\n\n\n\n<li>brak szacunku,&nbsp;<\/li>\n\n\n\n<li>nadmiar obowi\u0105zk\u00f3w i przeci\u0105\u017cenie prac\u0105,&nbsp;<\/li>\n\n\n\n<li>nieumiej\u0119tno\u015b\u0107 wsp\u00f3\u0142pracy i niezdrow\u0105 rywalizacj\u0119.&nbsp;<\/li>\n<\/ul>\n\n\n\n<figure class=\"wp-block-image size-large\"><img loading=\"lazy\" decoding=\"async\" width=\"1024\" height=\"682\" src=\"https:\/\/www.koronakarkonoszy.pl\/blog-dla-firm\/wp-content\/uploads\/2022\/01\/PJ_07_12_58_IR6_2246-1024x682.jpg\" alt=\"\" class=\"wp-image-5398\" srcset=\"https:\/\/www.koronakarkonoszy.pl\/blog-dla-firm\/wp-content\/uploads\/2022\/01\/PJ_07_12_58_IR6_2246-1024x682.jpg 1024w, https:\/\/www.koronakarkonoszy.pl\/blog-dla-firm\/wp-content\/uploads\/2022\/01\/PJ_07_12_58_IR6_2246-300x200.jpg 300w, https:\/\/www.koronakarkonoszy.pl\/blog-dla-firm\/wp-content\/uploads\/2022\/01\/PJ_07_12_58_IR6_2246-768x512.jpg 768w, https:\/\/www.koronakarkonoszy.pl\/blog-dla-firm\/wp-content\/uploads\/2022\/01\/PJ_07_12_58_IR6_2246-1920x1280.jpg 1920w, https:\/\/www.koronakarkonoszy.pl\/blog-dla-firm\/wp-content\/uploads\/2022\/01\/PJ_07_12_58_IR6_2246-1536x1024.jpg 1536w, https:\/\/www.koronakarkonoszy.pl\/blog-dla-firm\/wp-content\/uploads\/2022\/01\/PJ_07_12_58_IR6_2246-18x12.jpg 18w, https:\/\/www.koronakarkonoszy.pl\/blog-dla-firm\/wp-content\/uploads\/2022\/01\/PJ_07_12_58_IR6_2246.jpg 2000w\" sizes=\"auto, (max-width: 1024px) 100vw, 1024px\" \/><figcaption class=\"wp-element-caption\"><strong>Integracja zespo\u0142u &#8211; budowanie <a href=\"https:\/\/www.koronakarkonoszy.pl\/blog-dla-firm\/maszyna-goldberga-event\/\" target=\"_blank\" rel=\"noreferrer noopener\">maszyny Goldberga<\/a>, Dw\u00f3r Korona Karkonoszy, <a href=\"https:\/\/www.koronakarkonoszy.pl\/blog-atrakcje\/sosnowka\/\" class=\"links-placer\">Sosn\u00f3wka<\/a> <\/strong><\/figcaption><\/figure>\n\n\n\n<p>Toksyczna atmosfera w firmie mo\u017ce skutecznie utrudnia\u0107 sprawne i efektywne wykonywanie obowi\u0105zk\u00f3w zawodowych. Przez to negatywnie odbija si\u0119 oczywi\u015bcie na funkcjonowaniu ca\u0142ego przedsi\u0119biorstwa. <strong>Jak radzi\u0107 sobie ze z\u0142\u0105 atmosfer\u0105 w pracy?<\/strong>&nbsp;<\/p>\n\n\n\n<h2 class=\"wp-block-heading\" id=\"ha-zla-atmosfera-w-pracy-jak-sobie-z-nia-radzic\">Z\u0142a atmosfera w pracy \u2013 jak sobie z ni\u0105 radzi\u0107?&nbsp;<\/h2>\n\n\n\n<p>Dbanie o dobr\u0105 atmosfer\u0119 w firmie to obowi\u0105zek pracodawcy. Prze\u0142o\u017cony przede wszystkim powinien zacz\u0105\u0107 od siebie. Szef ma \u015bwieci\u0107 przyk\u0142adem i by\u0107 wzorem do na\u015bladowania dla swoich podw\u0142adnych.&nbsp;<strong>Jak pracodawca mo\u017ce poprawi\u0107 atmosfer\u0119 w pracy?&nbsp;<\/strong><\/p>\n\n\n<section id=\"leonardo-block_eabc2dea475edba60f4758cbb0d724e8\" class=\"leonardo page-breaker leonardo-image-left\">\n    <div class=\"leonardo-body\">\n                <div class=\"leonardo-content\"><p><strong>Wyznacz jasne zasady<\/strong><\/p>\n<p><strong>Chaos organizacyjny<\/strong> to najprostsza droga do napi\u0119tej atmosfery w pracy. Pracownicy musz\u0105 zna\u0107 zakresy swoich obowi\u0105zk\u00f3w. Powinni wiedzie\u0107, do kogo mog\u0105 zwr\u00f3ci\u0107 si\u0119 z dan\u0105 spraw\u0105, pytaniem, czy problemem. Pracodawca powinien zadba\u0107 o komunikacj\u0119. Komunikacja wewn\u0119trzna jest bowiem wa\u017cnym elementem funkcjonowania ka\u017cdego przedsi\u0119biorstwa.<\/p>\n<p>Wa\u017cne jest, by wysy\u0142a\u0107 jasne, zrozumia\u0142e komunikaty i dawa\u0107 feedback pracownikom. Raz na jaki\u015b czas warto zorganizowa\u0107 <a href=\"https:\/\/www.koronakarkonoszy.pl\/blog-dla-firm\/spotkanie-integracyjne-czym-jest-i-dlaczego-warto-w-nim-uczestniczyc\/\" target=\"_blank\" rel=\"noopener\">spotkanie<\/a> firmowe, podczas kt\u00f3rego zatrudnieni z r\u00f3\u017cnych szczebli b\u0119d\u0105 mogli wyrazi\u0107 swoje opinie dotycz\u0105ce r\u00f3\u017cnych obszar\u00f3w dzia\u0142ania firmy, przedstawi\u0107 propozycje, pomys\u0142y i opowiedzie\u0107 o problemach.<\/p>\n<\/div>\n                    <aside class=\"leonardo-interlink\">\n                <b>Polecamy<\/b>\n                <a href=\"https:\/\/www.koronakarkonoszy.pl\/blog-dla-firm\/de\/dobra-atmosfera-w-pracy\/\">Dobra atmosfera w pracy &#8211; osi\u0105gnij j\u0105 w 6 krokach<\/a>\n            <\/aside>\n            <\/div>\n    <div class=\"leonardo-image\">\n        <img loading=\"lazy\" decoding=\"async\" width=\"1280\" height=\"815\" src=\"https:\/\/www.koronakarkonoszy.pl\/blog-dla-firm\/wp-content\/uploads\/2022\/01\/Zla-atmosfera-w-pracy-1.jpg\" class=\"attachment-full size-full\" alt=\"Z\u0142a atmosfera w pracy\" srcset=\"https:\/\/www.koronakarkonoszy.pl\/blog-dla-firm\/wp-content\/uploads\/2022\/01\/Zla-atmosfera-w-pracy-1.jpg 1280w, https:\/\/www.koronakarkonoszy.pl\/blog-dla-firm\/wp-content\/uploads\/2022\/01\/Zla-atmosfera-w-pracy-1-300x191.jpg 300w, https:\/\/www.koronakarkonoszy.pl\/blog-dla-firm\/wp-content\/uploads\/2022\/01\/Zla-atmosfera-w-pracy-1-1024x652.jpg 1024w, https:\/\/www.koronakarkonoszy.pl\/blog-dla-firm\/wp-content\/uploads\/2022\/01\/Zla-atmosfera-w-pracy-1-768x489.jpg 768w\" sizes=\"auto, (max-width: 1280px) 100vw, 1280px\" \/>            <\/div>\n<\/section>\n\n\n<h3 class=\"wp-block-heading\" id=\"ha-badz-fair\">B\u0105d\u017a fair&nbsp;<\/h3>\n\n\n\n<p>Brak szacunku, wywy\u017cszanie si\u0119, czy faworyzowanie niekt\u00f3rych os\u00f3b to jedne z g\u0142\u00f3wnych przyczyn powstawania konflikt\u00f3w w pracy. Pracownicy, kt\u00f3rzy czuj\u0105, \u017ce s\u0105 traktowani niesprawiedliwie, nie anga\u017cuj\u0105 si\u0119 w pe\u0142ni w swoje obowi\u0105zki zawodowe, trac\u0105 motywacj\u0119 do dzia\u0142ania i s\u0105 bardziej sk\u0142onni do tego, \u017ceby utrudnia\u0107 prac\u0119 swoim wsp\u00f3\u0142pracownikom. Pracodawca powinien traktowa\u0107 wszystkich tak samo i z szacunkiem. Powinien \u015bwieci\u0107 przyk\u0142adem i propagowa\u0107 dobre zachowania.&nbsp;<\/p>\n\n\n\n<h3 class=\"wp-block-heading\" id=\"ha-wspieraj\">Wspieraj&nbsp;&nbsp;<\/h3>\n\n\n\n<p>Wsparcie pracodawcy jest niezwykle wa\u017cne. Pracownicy, kt\u00f3rzy czuj\u0105 si\u0119 docenieni przez prze\u0142o\u017conego, maj\u0105 wi\u0119cej motywacji i dzia\u0142aj\u0105 efektywniej. Pracodawca powinien chwali\u0107 sukcesy pracownik\u00f3w, docenia\u0107 ich wk\u0142ad w\u0142o\u017cony w rozw\u00f3j firmy i wspiera\u0107 ich, gdy ponios\u0105 pora\u017ck\u0119.&nbsp;&nbsp;<\/p>\n\n\n<section id=\"leonardo-block_3c914fdcaae4af9c8e93882e96ff2070\" class=\"leonardo page-breaker leonardo-image-right\">\n    <div class=\"leonardo-body\">\n                <div class=\"leonardo-content\"><p><!-- wp:heading {\"level\":3} --><\/p>\n<h3 class=\"wp-block-heading\" id=\"ha-rozwiazuj-konflikty\">Rozwi\u0105zuj konflikty<\/h3>\n<p><!-- \/wp:heading --> <!-- wp:paragraph --><\/p>\n<p>Nierozwi\u0105zane konflikty mog\u0105 si\u0119 spi\u0119trza\u0107 i prowadzi\u0107 do powa\u017cniejszych problem\u00f3w, kt\u00f3re skutecznie utrudni\u0105 normaln\u0105 prac\u0119 i negatywnie wp\u0142yn\u0105 na ca\u0142e przedsi\u0119biorstwo. Niezwykle wa\u017cne jest, aby wszelkie konflikty rozwi\u0105zywa\u0107 na bie\u017c\u0105co, nie wci\u0105ga\u0107 w sprzeczki os\u00f3b trzecich i nie plotkowa\u0107.<\/p>\n<p><!-- \/wp:paragraph --><\/p>\n<\/div>\n                    <aside class=\"leonardo-interlink\">\n                <b>Polecamy<\/b>\n                <a href=\"https:\/\/www.koronakarkonoszy.pl\/blog-dla-firm\/de\/imprezy-firmowe-wroclaw\/\">Imprezy firmowe Wroc\u0142aw<\/a>\n            <\/aside>\n            <\/div>\n    <div class=\"leonardo-image\">\n        <img loading=\"lazy\" decoding=\"async\" width=\"1280\" height=\"854\" src=\"https:\/\/www.koronakarkonoszy.pl\/blog-dla-firm\/wp-content\/uploads\/2022\/01\/wspolpraca-miedzy-pracownikami-1.jpg\" class=\"attachment-full size-full\" alt=\"Wsp\u00f3\u0142praca mi\u0119dzy pracownikami - nauka s\u0142uchania innych\" srcset=\"https:\/\/www.koronakarkonoszy.pl\/blog-dla-firm\/wp-content\/uploads\/2022\/01\/wspolpraca-miedzy-pracownikami-1.jpg 1280w, https:\/\/www.koronakarkonoszy.pl\/blog-dla-firm\/wp-content\/uploads\/2022\/01\/wspolpraca-miedzy-pracownikami-1-300x200.jpg 300w, https:\/\/www.koronakarkonoszy.pl\/blog-dla-firm\/wp-content\/uploads\/2022\/01\/wspolpraca-miedzy-pracownikami-1-1024x683.jpg 1024w, https:\/\/www.koronakarkonoszy.pl\/blog-dla-firm\/wp-content\/uploads\/2022\/01\/wspolpraca-miedzy-pracownikami-1-768x512.jpg 768w\" sizes=\"auto, (max-width: 1280px) 100vw, 1280px\" \/>            <\/div>\n<\/section>\n\n\n<h3 class=\"wp-block-heading\" id=\"ha-propaguj-idee-pomagania\">Propaguj ide\u0119 pomagania&nbsp;<\/h3>\n\n\n\n<p>Wzajemna pomoc i ch\u0119\u0107 wsp\u00f3\u0142pracy to wa\u017cne czynniki kszta\u0142tuj\u0105ce dobr\u0105 atmosfer\u0119 w firmie. Pracodawca powinien tworzy\u0107 w pracy \u015brodowisko sprzyjaj\u0105ce wsp\u00f3\u0142pracy.&nbsp;&nbsp;<\/p>\n\n\n\n<h3 class=\"wp-block-heading\" id=\"ha-zadbaj-o-integracje\">Zadbaj o integracj\u0119&nbsp;<\/h3>\n\n\n\n<p>Bardzo wa\u017cna \u2013 a wr\u0119cz nawet najwa\u017cniejsza \u2013 jest integracja. Jak integracja mo\u017ce poprawi\u0107 z\u0142\u0105 atmosfer\u0119 w pracy?&nbsp;<\/p>\n\n\n<section id=\"leonardo-block_d119778ebcff9aef397adc502f7550df\" class=\"leonardo page-breaker leonardo-image-left\">\n    <div class=\"leonardo-body\">\n        <h2 class=\"leonardo-title\" id=\"h-jakie-czynniki-skladaja-sie-na-atmosfere-w-pracy\">Jakie czynniki sk\u0142adaj\u0105 si\u0119 na atmosfer\u0119 w pracy?<\/h2>        <div class=\"leonardo-content\"><p><!-- wp:heading --><\/p>\n<p>Atmosfera w pracy zale\u017cy od wielu czynnik\u00f3w. W\u015br\u00f3d najwa\u017cniejszych wymienia si\u0119 zwykle <strong>kultur\u0119 organizacyjn\u0105<\/strong>, czyli warto\u015bci i normy, kt\u00f3re s\u0105 wyznawane i respektowane przez pracownik\u00f3w i kierownictwo. <strong>Relacje mi\u0119dzy pracownikami<\/strong> tak\u017ce s\u0105 wa\u017cne, podobnie jak <strong>wsparcie i komunikacja<\/strong>. Dobra komunikacja mi\u0119dzy pracownikami a zarz\u0105dem, wsparcie ze strony prze\u0142o\u017conych i koleg\u00f3w z pracy, a tak\u017ce adekwatne narz\u0119dzia i systemy pozwalaj\u0105 stworzy\u0107 przyjazn\u0105 atmosfer\u0119. Nale\u017cy tak\u017ce zadba\u0107 o <strong>warunki pracy<\/strong>, <strong>wynagrodzenie i bonusy<\/strong>, takie jak ubezpieczenie zdrowotne i plan emerytalny. Dla pracownik\u00f3w wa\u017cna jest jeszcze <strong>szansa rozwoju zawodowego<\/strong>, czyli szkolenia i dost\u0119p do nowych technologii i innowacji.<\/p>\n<p><!-- \/wp:paragraph --> <!-- wp:paragraph --><\/p>\n<p>W ka\u017cdej firmie kluczowa dla budowy dobrej atmosfery jest jeszcze jedna sprawa \u2013 poczucie bezpiecze\u0144stwa. Ochrona przed niepo\u017c\u0105danymi zdarzeniami, takimi jak wypadki przy pracy, a tak\u017ce poszanowanie prywatno\u015bci pracownik\u00f3w pomagaj\u0105 budowa\u0107 zaufanie.<\/p>\n<p><!-- \/wp:paragraph --><\/p>\n<\/div>\n                    <aside class=\"leonardo-interlink\">\n                <b>Polecamy<\/b>\n                <a href=\"https:\/\/www.koronakarkonoszy.pl\/blog-dla-firm\/de\/hotel-na-imprezy-integracyjne-kiedy-i-w-jakich-sytuacjach-sie-sprawdzi\/\">Hotel na imprezy integracyjne \u2013 kiedy i w jakich sytuacjach si\u0119 sprawdzi?<\/a>\n            <\/aside>\n            <\/div>\n    <div class=\"leonardo-image\">\n        <img loading=\"lazy\" decoding=\"async\" width=\"1280\" height=\"853\" src=\"https:\/\/www.koronakarkonoszy.pl\/blog-dla-firm\/wp-content\/uploads\/2021\/07\/zadania_team-building.jpg\" class=\"attachment-full size-full\" alt=\"Zadania team building\" srcset=\"https:\/\/www.koronakarkonoszy.pl\/blog-dla-firm\/wp-content\/uploads\/2021\/07\/zadania_team-building.jpg 1280w, https:\/\/www.koronakarkonoszy.pl\/blog-dla-firm\/wp-content\/uploads\/2021\/07\/zadania_team-building-300x200.jpg 300w, https:\/\/www.koronakarkonoszy.pl\/blog-dla-firm\/wp-content\/uploads\/2021\/07\/zadania_team-building-1024x682.jpg 1024w, https:\/\/www.koronakarkonoszy.pl\/blog-dla-firm\/wp-content\/uploads\/2021\/07\/zadania_team-building-768x512.jpg 768w\" sizes=\"auto, (max-width: 1280px) 100vw, 1280px\" \/>            <\/div>\n<\/section>\n\n\n<h2 class=\"wp-block-heading\" id=\"ha-co-szybko-poprawi-atmosfere-pracy\">&nbsp;Co szybko poprawi atmosfer\u0119 pracy?<\/h2>\n\n\n\n<p>Najlepszym sposobem na szybk\u0105 popraw\u0119 relacji mi\u0119dzy pracownikami jest <a href=\"https:\/\/www.koronakarkonoszy.pl\/blog-dla-firm\/organizacja-imprez-integracyjnych-o-czym-musisz-wiedziec\/\" target=\"_blank\" rel=\"noreferrer noopener\">organizacja imprezy integracyjnej<\/a>. Forma takiego firmowego eventu nie jest najwa\u017cniejsza. Mo\u017ce to by\u0107 ognisko lub firmowy grill, wyjazd integracyjny albo szkolenie lub inna forma spotkania pracowniczego. Najwa\u017cniejsze, by spotka\u0107 si\u0119 na neutralnym gruncie i da\u0107 wszystkim szans\u0119 na swobodne rozmowy i dogadanie si\u0119. Pami\u0119tajmy, \u017ce nawet najbardziej przyjazne i lubiane miejsce pracy si\u0142\u0105 rzeczy wp\u0142ywa na odgrywanie pewnych r\u00f3l. Je\u015bli chcemy, by cz\u0142onkowie zespo\u0142u naprawd\u0119 si\u0119 otworzyli, to trzeba im po temu stworzy\u0107 warunki. Przy czym chodzi tu o mo\u017cliwo\u015b\u0107 swobodnego wyra\u017cania si\u0119 na pracowniczej imprezie, a nie o warunki pracy w firmie. By\u0107 mo\u017ce przy okazji dowiemy si\u0119, co lub kto jest &#8211; lub mo\u017ce by\u0107 &#8211; przyczyn\u0105 z\u0142ej atmosfery w firmie.<\/p>\n\n\n\n<p>W celu uzyskania odpowiedzi na pytanie, jaka panuje atmosfera w miejscu zatrudnienia i \u015brodowisku pracy, nale\u017cy co jaki\u015b czas przeprowadzi\u0107 w\u015br\u00f3d za\u0142ogi <strong>ankiet\u0119 zadowolenia<\/strong>. Ju\u017c samo to, \u017ce pracodawca zainteresuje si\u0119, jak czuj\u0105 si\u0119 jego pracownicy, b\u0119dzie dla niego du\u017cym plusem. A na obecnym rynku pracy b\u0119dzie te\u017c wa\u017cnym czynnikiem do utrzymania najbardziej warto\u015bciowych ludzi w firmie. Pami\u0119ta\u0107 nale\u017cy, \u017ce pozyskane w wyniku ankiety informacje stanowi\u0105 te\u017c du\u017c\u0105 warto\u015b\u0107 rynkow\u0105 i absolutnie nie nale\u017cy ich upublicznia\u0107. Chyba \u017ce b\u0119dzie to wyj\u0105tkowy przypadek i wszyscy b\u0119d\u0105 idealnie zadowoleni ze swojej pracy. Tak czy inaczej, indywidualnie udzielane informacje powinny by\u0107 chronione i nie mo\u017cna na ich podstawie nikogo kara\u0107 ani wyr\u00f3\u017cnia\u0107. Mog\u0142oby to zafa\u0142szowa\u0107 w przysz\u0142o\u015bci wyniki i dodatkowo negatywnie wp\u0142yn\u0105\u0107 na atmosfer\u0119 w miejscu pracy.<\/p>\n\n\n<section id=\"leonardo-block_77de51ee95398527857071776ffae56d\" class=\"leonardo page-breaker leonardo-image-right\">\n    <div class=\"leonardo-body\">\n        <h2 class=\"leonardo-title\" id=\"h-integracja-pracownikow-przepis-na-sukces\">Integracja pracownik\u00f3w = przepis na sukces <\/h2>        <div class=\"leonardo-content\"><p><!-- wp:paragraph --><\/p>\n<p>Cz\u0119sto przyczyn\u0105 z\u0142ej atmosfery w pracy s\u0105 s\u0142abe <a href=\"https:\/\/www.koronakarkonoszy.pl\/blog-dla-firm\/relacje-pracownicze\/\" target=\"_blank\" rel=\"noreferrer noopener\">relacje pracownicze<\/a>. Pracownicy dobrze si\u0119 nie znaj\u0105, a przez to nie potrafi\u0105 si\u0119 dogada\u0107 i cz\u0119sto dochodzi mi\u0119dzy nimi do sprzeczek. <a href=\"http:\/\/koronakarkonoszy.pl\/blog-dla-firm\/dobra-atmosfera-w-pracy\/\" target=\"_blank\" rel=\"noreferrer noopener\">Atmosfera w pracy<\/a> jest g\u0119sta. Nie sprzyja produktywno\u015bci i wydajnej pracy. Pracownicy \u017ale czuj\u0105 si\u0119 w swoim towarzystwie, niech\u0119tnie przychodz\u0105 do pracy i nie osi\u0105gaj\u0105 maksymalnych efekt\u00f3w.<\/p>\n<p><!-- \/wp:paragraph --> <!-- wp:paragraph --><\/p>\n<p>Integracja to spos\u00f3b na lepsze poznanie, zacie\u015bnienie wi\u0119zi i rozlu\u017anienie atmosfery w pracy. Jak integrowa\u0107 pracownik\u00f3w? Mo\u017cna robi\u0107 to na kilka sposob\u00f3w:<\/p>\n<ul>\n<li>cykliczne spotkania w pracowniczym gronie \u2013 na przyk\u0142ad obiad w restauracji czy pizzerii albo wiecz\u00f3r w pubie,<\/li>\n<li>wsp\u00f3lne wyj\u015bcia na paintball, do parku linowego, do aquaparku i w inne ciekawe miejsca,<\/li>\n<li><!-- \/wp:list-item --> <!-- wp:list-item --><a href=\"https:\/\/www.koronakarkonoszy.pl\/blog-dla-firm\/warsztaty-gotowania\/\" target=\"_blank\" rel=\"noopener\">warsztaty gotowania<\/a>, ta\u0144ca czy inne,<\/li>\n<li><!-- \/wp:list-item --> <!-- wp:list-item --><a href=\"https:\/\/www.koronakarkonoszy.pl\/blog-dla-firm\/czy-warto-organizowac-szkolenia-integracyjne-dla-firm\/\" target=\"_blank\" rel=\"noreferrer noopener\">szkolenia integracyjne<\/a>,<\/li>\n<li><!-- \/wp:list-item --> <!-- wp:list-item -->imprezy integracyjne \u2013 <a href=\"https:\/\/www.koronakarkonoszy.pl\/blog-dla-firm\/wigilia-firmowa-jak-gdzie-i-kiedy-zorganizowac-niezapomniana-impreze\/\" target=\"_blank\" rel=\"noopener\">wigilie firmowe<\/a>, \u015bwi\u0119towanie urodzin, awans\u00f3w, <a href=\"https:\/\/www.koronakarkonoszy.pl\/imprezy-firmowe\/\" target=\"_blank\" rel=\"noopener\">imprezy<\/a> andrzejkowe, <a href=\"https:\/\/www.koronakarkonoszy.pl\/blog-dla-firm\/bal-firmowy\/\" target=\"_blank\" rel=\"noopener\">bale<\/a> karnawa\u0142owe, imprezy tematyczne itp.,<\/li>\n<li><!-- \/wp:list-item --> <!-- wp:list-item -->wyjazdy firmowe \u2013 najlepiej kilkudniowe, w najr\u00f3\u017cniejsze atrakcyjne miejsca, na przyk\u0142ad w g\u00f3ry, nad morze, czy te\u017c za granic\u0119.<\/li>\n<\/ul>\n<p><!-- \/wp:list-item --><\/p>\n<p><!-- \/wp:list --><\/p>\n<p><!-- \/wp:paragraph --><\/p>\n<\/div>\n            <\/div>\n    <div class=\"leonardo-image\">\n        <img loading=\"lazy\" decoding=\"async\" width=\"1600\" height=\"1067\" src=\"https:\/\/www.koronakarkonoszy.pl\/blog-dla-firm\/wp-content\/uploads\/2021\/07\/AL-26072021-rs_284.jpg\" class=\"attachment-full size-full\" alt=\"Ta\u0144cz\u0105cy ludzie\" srcset=\"https:\/\/www.koronakarkonoszy.pl\/blog-dla-firm\/wp-content\/uploads\/2021\/07\/AL-26072021-rs_284.jpg 1600w, https:\/\/www.koronakarkonoszy.pl\/blog-dla-firm\/wp-content\/uploads\/2021\/07\/AL-26072021-rs_284-300x200.jpg 300w, https:\/\/www.koronakarkonoszy.pl\/blog-dla-firm\/wp-content\/uploads\/2021\/07\/AL-26072021-rs_284-1024x683.jpg 1024w, https:\/\/www.koronakarkonoszy.pl\/blog-dla-firm\/wp-content\/uploads\/2021\/07\/AL-26072021-rs_284-768x512.jpg 768w, https:\/\/www.koronakarkonoszy.pl\/blog-dla-firm\/wp-content\/uploads\/2021\/07\/AL-26072021-rs_284-1536x1024.jpg 1536w\" sizes=\"auto, (max-width: 1600px) 100vw, 1600px\" \/>            <\/div>\n<\/section>\n\n\n<h2 class=\"wp-block-heading\" id=\"ha-zabawy-integracyjne-ktore-naprawia-zla-atmosfere-w-pracy\">Zabawy integracyjne, kt\u00f3re naprawi\u0105 z\u0142\u0105 atmosfer\u0119 w pracy&nbsp;<\/h2>\n\n\n\n<p>Ciekaw\u0105, a przy tym bardzo efektywn\u0105 form\u0105 integracji s\u0105 <a href=\"https:\/\/www.koronakarkonoszy.pl\/blog-dla-firm\/wyjazd-firmowy-w-gory\/\" target=\"_blank\" rel=\"noreferrer noopener\">wyjazdy firmowe<\/a>. Wyjazd mo\u017cna bowiem wzbogaci\u0107 o ciekawe gry i zabawy integracyjne, kt\u00f3re u\u0142atwi\u0105 pracownikom lepsze poznanie i zbudowanie kole\u017ce\u0144skich relacji. Co wi\u0119cej, <a href=\"https:\/\/www.koronakarkonoszy.pl\/blog-dla-firm\/wyjazd-integracyjny-dla-pracownikow-korzysci\/\" target=\"_blank\" rel=\"noreferrer noopener\">wyjazd integracyjny<\/a> w malownicze miejsce to spos\u00f3b na odpr\u0119\u017cenie, odstresowanie i nabranie nowej energii i motywacji do dalszej pracy. Jakie <a href=\"https:\/\/www.koronakarkonoszy.pl\/blog-dla-firm\/jakie-kompetencje-rozwijaja-zabawy-integracyjne-dla-pracownikow\/\" target=\"_blank\" rel=\"noreferrer noopener\">zabawy integracyjne<\/a> mog\u0105 poprawi\u0107 z\u0142\u0105 atmosfer\u0119 w pracy?&nbsp;<\/p>\n\n\n<section id=\"leonardo-block_7e469b95e2adbbdae9a95ee98215a3a1\" class=\"leonardo page-breaker leonardo-image-left\">\n    <div class=\"leonardo-body\">\n        <h2 class=\"leonardo-title\" id=\"h-escape-room\">Escape room <\/h2>        <div class=\"leonardo-content\"><p>Nasz\u0105 pierwsz\u0105 propozycj\u0105 jest escape room, czyli skomplikowana ucieczka z pokoju. Aby przygotowa\u0107 tak\u0105 zabaw\u0119, trzeba po\u015bwi\u0119ci\u0107 troch\u0119 czasu na wymy\u015blenie zagadek, zada\u0144 i przeszk\u00f3d, kt\u00f3re pracownicy b\u0119d\u0105 musieli rozwi\u0105za\u0107, by wydosta\u0107 si\u0119 z pomieszczenia. Warto zadba\u0107 o odpowiedni\u0105 scenografi\u0119, kt\u00f3ra przeniesie uczestnik\u00f3w zabawy w tajemniczy \u015bwiat. Gra uczy wsp\u00f3\u0142pracy, sprawnej komunikacji i aktywnego s\u0142uchania. Wymaga nieco kreatywno\u015bci i logicznego my\u015blenia. Doskonale rozlu\u017ania atmosfer\u0119 i buduje relacje.<\/p>\n<\/div>\n                    <aside class=\"leonardo-interlink\">\n                <b>Polecamy<\/b>\n                <a href=\"https:\/\/www.koronakarkonoszy.pl\/blog-dla-firm\/de\/15-zabaw-team-buildingowych\/\">15 zabaw team buildingowych<\/a>\n            <\/aside>\n            <\/div>\n    <div class=\"leonardo-image\">\n        <img loading=\"lazy\" decoding=\"async\" width=\"1920\" height=\"1272\" src=\"https:\/\/www.koronakarkonoszy.pl\/blog-dla-firm\/wp-content\/uploads\/2021\/09\/Team-Escape1.jpg\" class=\"attachment-full size-full\" alt=\"Team Escape \u2013 escape room\" srcset=\"https:\/\/www.koronakarkonoszy.pl\/blog-dla-firm\/wp-content\/uploads\/2021\/09\/Team-Escape1.jpg 1920w, https:\/\/www.koronakarkonoszy.pl\/blog-dla-firm\/wp-content\/uploads\/2021\/09\/Team-Escape1-300x199.jpg 300w, https:\/\/www.koronakarkonoszy.pl\/blog-dla-firm\/wp-content\/uploads\/2021\/09\/Team-Escape1-1024x678.jpg 1024w, https:\/\/www.koronakarkonoszy.pl\/blog-dla-firm\/wp-content\/uploads\/2021\/09\/Team-Escape1-768x509.jpg 768w, https:\/\/www.koronakarkonoszy.pl\/blog-dla-firm\/wp-content\/uploads\/2021\/09\/Team-Escape1-1536x1018.jpg 1536w\" sizes=\"auto, (max-width: 1920px) 100vw, 1920px\" \/>            <\/div>\n<\/section>\n\n\n<p>Zamiast klasycznego escape roomu mo\u017cna zorganizowa\u0107 gr\u0119 scenariuszow\u0105, w kt\u00f3rej pracownicy b\u0119d\u0105 musieli rozwik\u0142a\u0107 skomplikowan\u0105 zagadk\u0119. <a href=\"https:\/\/www.koronakarkonoszy.pl\/blog-dla-firm\/firma-eventowa\/\" target=\"_blank\" rel=\"noreferrer noopener\">Firma eventowa<\/a> <strong>Dw\u00f3r Korona Karkonoszy z w\u0142asnym centrum konferencyjno-eventowym w Sosn\u00f3wce ko\u0142o Karpacza<\/strong> oferuje m.in. zabaw\u0119 detektywistyczn\u0105 pod tytu\u0142em <em>Kto jest morderc\u0105?<\/em>, pe\u0142n\u0105 tajemniczych \u0142amig\u0142\u00f3wek, szyfr\u00f3w i innych zawi\u0142ych sekret\u00f3w kryminalnych. Pracownicy musz\u0105 wykaza\u0107 si\u0119 spor\u0105 kreatywno\u015bci\u0105, umiej\u0119tno\u015bci\u0105 logicznego my\u015blenia i wsp\u00f3\u0142prac\u0105, by rozwik\u0142a\u0107 zagadk\u0119. Gra z dreszczykiem emocji to gwarancja niezapomnianych wra\u017ce\u0144!<\/p>\n\n\n\n<h2 class=\"wp-block-heading\" id=\"ha-co-to-jest-toksyczna-atmosfera-pracy\">Co to jest toksyczna atmosfera pracy?<\/h2>\n\n\n\n<p>Toksyczna atmosfera pracy oznacza niezdrowe, szkodliwe i negatywne \u015brodowisko w miejscu zatrudnienia. To sytuacja, w kt\u00f3rej pracownicy do\u015bwiadczaj\u0105 szkodliwych interakcji, stresu emocjonalnego, konflikt\u00f3w i niew\u0142a\u015bciwego traktowania<strong>. Toksyczna atmosfera pracy<\/strong> mo\u017ce powodowa\u0107 znacz\u0105ce problemy zar\u00f3wno dla pracownik\u00f3w, jak i dla ca\u0142ej firmy.<\/p>\n\n\n\n<figure class=\"wp-block-image size-large is-resized\"><a href=\"https:\/\/www.koronakarkonoszy.pl\/konfigurator-imprez\/\" target=\"_blank\" rel=\"noreferrer noopener\"><img loading=\"lazy\" decoding=\"async\" width=\"1024\" height=\"510\" src=\"https:\/\/www.koronakarkonoszy.pl\/blog-dla-firm\/wp-content\/uploads\/2023\/11\/DKK-konfigurator_01-1024x510.jpg\" alt=\"Konfigurator imprez firmowych agencji eventowej Dw\u00f3r Korona Karkonoszy\" class=\"wp-image-7804\" style=\"width:855px;height:auto\" title=\"Konfigurator imprez firmowych agencji eventowej \" srcset=\"https:\/\/www.koronakarkonoszy.pl\/blog-dla-firm\/wp-content\/uploads\/2023\/11\/DKK-konfigurator_01-1024x510.jpg 1024w, https:\/\/www.koronakarkonoszy.pl\/blog-dla-firm\/wp-content\/uploads\/2023\/11\/DKK-konfigurator_01-300x150.jpg 300w, https:\/\/www.koronakarkonoszy.pl\/blog-dla-firm\/wp-content\/uploads\/2023\/11\/DKK-konfigurator_01-768x383.jpg 768w, https:\/\/www.koronakarkonoszy.pl\/blog-dla-firm\/wp-content\/uploads\/2023\/11\/DKK-konfigurator_01-1920x957.jpg 1920w, https:\/\/www.koronakarkonoszy.pl\/blog-dla-firm\/wp-content\/uploads\/2023\/11\/DKK-konfigurator_01-1536x766.jpg 1536w, https:\/\/www.koronakarkonoszy.pl\/blog-dla-firm\/wp-content\/uploads\/2023\/11\/DKK-konfigurator_01-18x9.jpg 18w, https:\/\/www.koronakarkonoszy.pl\/blog-dla-firm\/wp-content\/uploads\/2023\/11\/DKK-konfigurator_01.jpg 2040w\" sizes=\"auto, (max-width: 1024px) 100vw, 1024px\" \/><\/a><\/figure>\n\n\n\n<p>Jakie s\u0105 cechy toksycznej atmosfery pracy? W toksycznym \u015brodowisku pracownicy cz\u0119sto do\u015bwiadczaj\u0105 braku szacunku, lekcewa\u017cenia i nieakceptowalnego traktowania ze strony wsp\u00f3\u0142pracownik\u00f3w lub prze\u0142o\u017conych. Wzajemne wsparcie jest zast\u0105pione przez negatywne interakcje i krytyk\u0119. Toksyczna atmosfera pracy cz\u0119sto prowadzi do konflikt\u00f3w mi\u0119dzy pracownikami, kt\u00f3re mog\u0105 przybiera\u0107 form\u0119 agresji werbalnej, zastraszania lub wykluczania. Brak konstruktywnego rozwi\u0105zywania konflikt\u00f3w tylko pog\u0142\u0119bia napi\u0119cia i stres.<\/p>\n\n\n\n<style>\n    .cta_block{\n        margin: 1.5em 0;\n    }\n    .cta_block_content {\n        position: relative;\n        color: white;\n        padding: 1em;\n    }\n    .cta_block_content h3{\n        text-align: center;\n        font: normal normal normal 36px\/50px Yeseva One;\n    }\n    .cta_block_content .cta_block_desc{\n        text-align: center;\n        font-size: 1.1em;\n        position: relative;\n    }\n    .cta_block_content .cta_block_desc:before {\n        content: '';\n        width: 80px;\n        height: 4px;\n        background: #EEB315;\n        position: absolute;\n        left: 0;\n        right: 0;\n        margin-left: auto;\n        margin-right: auto;\n        top: -22px;\n    }\n\n    .cta_block_content picture{\n        position: absolute;\n        top: 0;\n        right: 0;\n        z-index: -1;\n        height: 100%;\n        overflow: hidden;\n        width: 100%;\n    }\n    .cta_block_content picture img{\n        object-fit: cover;\n        height: 100%;\n        width: 100%;\n    }\n    .cta_block .cta_block_content .ninja-forms-field{\n        background: #FFFFFF2F;\n        border: 1px solid #EEB315;\n        border-radius: 25px;\n        opacity: 1;\n        color: #ffffff;\n    }\n    .cta_block .cta_block_content .nf-form-content input[type=submit]{\n        background-color: #EEB315;\n        color: #292929;\n        text-align: center;\n        font: normal normal bold 14px\/20px Work Sans;\n        padding: 0 2em;\n    }\n\n    .cta_block ::placeholder{\n        color: white!important;\n        opacity: 1;\n    }\n\n    .cta_block_content::after {\n        height: 100%;\n        width: 100%;\n        content: \"\";\n        z-index: -1;\n        position: absolute;\n        top: 0;\n        background: #00000070;\n        right: 0;\n        left: 0;\n        bottom: 0;\n    }\n    #ha-cta-block, .cta_block_desc, .cta_block .nf-field-label, .cta_block .nf-error-msg {\n        filter: drop-shadow(1px 1px 8px black);\n    }\n\n\/*    .cta_block nf-rows-wrap {\n        display: flex;\n        justify-content: space-around;\n        flex-direction: row;\n    }*\/\n\n    .cta_block .nf-field-label {\n        display:none;\n    }\n\n    .cta_block .nf-error.field-wrap .nf-field-element::after {\n        border-radius: 50px;\n    }\n\n    .cta_block .nf-error-msg {\n        color: #fff;\n    }\n\n    .cta_block .nf-form-cont {\n        margin-top: 3em;\n        margin-bottom: 1em;\n    }\n\n    .wp-admin .cta_block_content{\n        display: none;\n    }\n    .cta_block .nf-form-fields-required {\n        display: none;\n    }\n    body:not(.wp-admin) .cta_block_admin {\n        display: none;\n    }\n<\/style>\n<div id=\"cta_block-block_6d189302c3a5ad2220c3055e65da5224\" class=\"cta_block\">\n    <div class=\"cta_block_admin\" style=\"background-color: blue; color: white\">\n        Blok CTA\n    <\/div>\n    <div class=\"cta_block\">\n        <div class=\"cta_block_content\">   \n        <h3 id=\"ha-szukasz-atrakcji-na-impreze-integracyjna\">Szukasz atrakcji na imprez\u0119 integracyjn\u0105? <\/h3>\n                    <div class=\"cta_block_desc\">Wszystkim si\u0119 zajmiemy! <\/div>\n                <noscript class=\"ninja-forms-noscript-message\">\n\tHinweis: F\u00fcr diesen Inhalt ist JavaScript erforderlich.<\/noscript>\n<div id=\"nf-form-3_1-cont\" class=\"nf-form-cont\" aria-live=\"polite\" aria-labelledby=\"nf-form-title-3_1\" aria-describedby=\"nf-form-errors-3_1\" role=\"form\">\n\n    <div class=\"nf-loading-spinner\"><\/div>\n\n<\/div>\n        <!-- That data is being printed as a workaround to page builders reordering the order of the scripts loaded-->\n        <script>var formDisplay=1;var nfForms=nfForms||[];var form=[];form.id='3_1';form.settings={\"objectType\":\"Form Setting\",\"editActive\":true,\"title\":\"Block CTA\",\"created_at\":\"2022-11-09 19:27:14\",\"default_label_pos\":\"above\",\"show_title\":0,\"clear_complete\":\"1\",\"hide_complete\":\"1\",\"logged_in\":\"\",\"wrapper_class\":\"\",\"element_class\":\"\",\"key\":\"\",\"add_submit\":\"0\",\"currency\":\"\",\"repeatable_fieldsets\":\"\",\"unique_field_error\":\"Formularz z t\\u0105 warto\\u015bci\\u0105 zosta\\u0142 ju\\u017c przes\\u0142any.\",\"not_logged_in_msg\":\"\",\"sub_limit_msg\":\"Formularz osi\\u0105gn\\u0105\\u0142 limit wys\\u0142a\\u0144.\",\"calculations\":[],\"container_styles_show_advanced_css\":\"0\",\"title_styles_show_advanced_css\":\"0\",\"row_styles_show_advanced_css\":\"0\",\"row-odd_styles_show_advanced_css\":\"0\",\"success-msg_styles_show_advanced_css\":\"0\",\"error_msg_styles_show_advanced_css\":\"0\",\"formContentData\":[{\"order\":1,\"cells\":[{\"order\":0,\"fields\":[\"phone_1640098275087\"],\"width\":35},{\"order\":1,\"fields\":[\"adres_e-mail_1668018487177\"],\"width\":35},{\"order\":2,\"fields\":[\"zapisz_mnie_1668018472281\"],\"width\":30}]}],\"conditions\":[],\"drawerDisabled\":false,\"allow_public_link\":0,\"embed_form\":\"\",\"changeEmailErrorMsg\":\"Bitte gib eine g\\u00fcltige E-Mail-Adresse ein.\",\"changeDateErrorMsg\":\"Bitte gib ein g\\u00fcltiges Datum ein!\",\"confirmFieldErrorMsg\":\"Diese Felder m\\u00fcssen \\u00fcbereinstimmen!\",\"fieldNumberNumMinError\":\"Die eingegebene Zahl ist zu klein.\",\"fieldNumberNumMaxError\":\"Die eingegebene Zahl ist zu gross.\",\"fieldNumberIncrementBy\":\"Bitte erh\\u00f6hen in Schritten von\",\"formErrorsCorrectErrors\":\"Bitte korrigiere die Fehler, bevor du das Formular sendest.\",\"validateRequiredField\":\"Dies ist ein Pflichtfeld.\",\"honeypotHoneypotError\":\"Honeypot-Fehler\",\"fieldsMarkedRequired\":\"Felder mit einem &lt;span class=&quot;ninja-forms-req-symbol&quot;&gt;*&lt;\\\/span&gt; sind Pflichtfelder\",\"form_title_heading_level\":\"3\",\"ninjaForms\":\"Ninja Forms\",\"fieldTextareaRTEInsertLink\":\"Link einf\\u00fcgen\",\"fieldTextareaRTEInsertMedia\":\"Medien einf\\u00fcgen\",\"fieldTextareaRTESelectAFile\":\"Eine Datei ausw\\u00e4hlen\",\"formHoneypot\":\"Falls du ein Mensch bist und dieses Feld siehst, dann lasse es bitte leer.\",\"fileUploadOldCodeFileUploadInProgress\":\"Datei-Upload l\\u00e4uft.\",\"fileUploadOldCodeFileUpload\":\"DATEI-UPLOAD\",\"currencySymbol\":\"&#36;\",\"thousands_sep\":\".\",\"decimal_point\":\",\",\"siteLocale\":\"de_DE\",\"dateFormat\":\"m\\\/d\\\/Y\",\"startOfWeek\":\"1\",\"of\":\"von\",\"previousMonth\":\"Vorheriger Monat\",\"nextMonth\":\"N\\u00e4chster Monat\",\"months\":[\"Januar\",\"Februar\",\"M\\u00e4rz\",\"April\",\"Mai\",\"Juni\",\"Juli\",\"August\",\"September\",\"Oktober\",\"November\",\"Dezember\"],\"monthsShort\":[\"Jan.\",\"Feb.\",\"M\\u00e4rz\",\"Apr.\",\"Mai\",\"Juni\",\"Juli\",\"Aug\",\"Sep.\",\"Okt.\",\"Nov.\",\"Dez.\"],\"weekdays\":[\"Sonntag\",\"Montag\",\"Dienstag\",\"Mittwoch\",\"Donnerstag\",\"Freitag\",\"Samstag\"],\"weekdaysShort\":[\"So.\",\"Mo.\",\"Di.\",\"Mi.\",\"Do.\",\"Fr.\",\"Sa.\"],\"weekdaysMin\":[\"So.\",\"Mo.\",\"Di.\",\"Mi.\",\"Do.\",\"Fr.\",\"Sa.\"],\"recaptchaConsentMissing\":\"reCaptcha validation couldn&#039;t load.\",\"recaptchaMissingCookie\":\"reCaptcha v3 validation couldn&#039;t load the cookie needed to submit the form.\",\"recaptchaConsentEvent\":\"Accept reCaptcha cookies before sending the form.\",\"currency_symbol\":\"\",\"beforeForm\":\"\",\"beforeFields\":\"\",\"afterFields\":\"\",\"afterForm\":\"\"};form.fields=[{\"objectType\":\"Field\",\"objectDomain\":\"fields\",\"editActive\":false,\"order\":1,\"idAttribute\":\"id\",\"type\":\"phone\",\"label\":\"Numer telefonu\",\"key\":\"phone_1640098275087\",\"label_pos\":\"above\",\"required\":\"\",\"default\":\"\",\"placeholder\":\"Numer telefonu\",\"container_class\":\"\",\"element_class\":\"\",\"input_limit\":\"\",\"input_limit_type\":\"characters\",\"input_limit_msg\":\"Liczba pozosta\\u0142ych znak\\u00f3w:\",\"manual_key\":\"\",\"admin_label\":\"\",\"help_text\":\"\",\"mask\":\"\",\"custom_mask\":\"\",\"custom_name_attribute\":\"phone\",\"personally_identifiable\":1,\"wrap_styles_border\":\"\",\"wrap_styles_width\":\"\",\"wrap_styles_margin\":\"\",\"wrap_styles_padding\":\"\",\"wrap_styles_float\":\"\",\"wrap_styles_show_advanced_css\":0,\"label_styles_border\":\"\",\"label_styles_width\":\"\",\"label_styles_font-size\":\"\",\"label_styles_margin\":\"\",\"label_styles_padding\":\"\",\"label_styles_float\":\"\",\"label_styles_show_advanced_css\":0,\"element_styles_border\":\"\",\"element_styles_width\":\"\",\"element_styles_font-size\":\"\",\"element_styles_margin\":\"\",\"element_styles_padding\":\"\",\"element_styles_float\":\"\",\"element_styles_show_advanced_css\":0,\"cellcid\":\"c3398\",\"value\":\"\",\"drawerDisabled\":\"\",\"field_label\":\"Numer telefonu\",\"field_key\":\"phone_1640098275087\",\"id\":\"9_1\",\"beforeField\":\"\",\"afterField\":\"\",\"parentType\":\"textbox\",\"element_templates\":[\"tel\",\"textbox\",\"input\"],\"old_classname\":\"\",\"wrap_template\":\"wrap\"},{\"objectType\":\"Field\",\"objectDomain\":\"fields\",\"editActive\":false,\"order\":2,\"idAttribute\":\"id\",\"type\":\"email\",\"label\":\"Adres e-mail\",\"key\":\"adres_e-mail_1668018487177\",\"label_pos\":\"above\",\"required\":\"\",\"default\":\"\",\"placeholder\":\"Adres e-mail\",\"container_class\":\"\",\"element_class\":\"\",\"admin_label\":\"\",\"help_text\":\"\",\"custom_name_attribute\":\"email\",\"personally_identifiable\":1,\"wrap_styles_border\":\"\",\"wrap_styles_width\":\"\",\"wrap_styles_margin\":\"\",\"wrap_styles_padding\":\"\",\"wrap_styles_float\":\"\",\"wrap_styles_show_advanced_css\":0,\"label_styles_border\":\"\",\"label_styles_width\":\"\",\"label_styles_font-size\":\"\",\"label_styles_margin\":\"\",\"label_styles_padding\":\"\",\"label_styles_float\":\"\",\"label_styles_show_advanced_css\":0,\"element_styles_border\":\"\",\"element_styles_width\":\"\",\"element_styles_font-size\":\"\",\"element_styles_margin\":\"\",\"element_styles_padding\":\"\",\"element_styles_float\":\"\",\"element_styles_show_advanced_css\":0,\"cellcid\":\"c3401\",\"value\":\"\",\"drawerDisabled\":false,\"field_label\":\"E-mail\",\"field_key\":\"email_1640098276066\",\"id\":\"10_1\",\"beforeField\":\"\",\"afterField\":\"\",\"parentType\":\"email\",\"element_templates\":[\"email\",\"input\"],\"old_classname\":\"\",\"wrap_template\":\"wrap\"},{\"objectType\":\"Field\",\"objectDomain\":\"fields\",\"editActive\":false,\"order\":3,\"idAttribute\":\"id\",\"type\":\"submit\",\"label\":\"Zapisz mnie\",\"processing_label\":\"W trakcie realizacji\",\"container_class\":\"\",\"element_class\":\"\",\"key\":\"zapisz_mnie_1668018472281\",\"wrap_styles_border\":\"\",\"wrap_styles_width\":\"\",\"wrap_styles_margin\":\"\",\"wrap_styles_padding\":\"\",\"wrap_styles_float\":\"\",\"wrap_styles_show_advanced_css\":0,\"element_styles_border\":\"\",\"element_styles_width\":\"\",\"element_styles_font-size\":\"\",\"element_styles_margin\":\"\",\"element_styles_padding\":\"\",\"element_styles_float\":\"\",\"element_styles_show_advanced_css\":0,\"submit_element_hover_styles_border\":\"\",\"submit_element_hover_styles_width\":\"\",\"submit_element_hover_styles_font-size\":\"\",\"submit_element_hover_styles_margin\":\"\",\"submit_element_hover_styles_padding\":\"\",\"submit_element_hover_styles_float\":\"\",\"submit_element_hover_styles_show_advanced_css\":0,\"cellcid\":\"c3403\",\"drawerDisabled\":false,\"field_label\":\"Zamawiam rozmow\\u0119\",\"field_key\":\"zamawiam_rozmowe_1640098314862\",\"id\":\"8_1\",\"beforeField\":\"\",\"afterField\":\"\",\"value\":\"\",\"label_pos\":\"above\",\"parentType\":\"textbox\",\"element_templates\":[\"submit\",\"button\",\"input\"],\"old_classname\":\"\",\"wrap_template\":\"wrap-no-label\"}];nfForms.push(form);<\/script>\n                <script id=\"nf-tmpl-cell\" type=\"text\/template\">\n            <nf-fields><\/nf-fields>\n        <\/script>\n\n        <script id=\"nf-tmpl-row\" type=\"text\/template\">\n            <nf-cells><\/nf-cells>\n        <\/script>\n\n                <img loading=\"lazy\" decoding=\"async\" width=\"1280\" height=\"959\" src=\"https:\/\/www.koronakarkonoszy.pl\/blog-dla-firm\/wp-content\/uploads\/2022\/09\/DJI_0077.jpg\" class=\"attachment-full size-full\" alt=\"Miejscowo\u015b\u0107 letniskowa Sosn\u00f3wka k. Karpacza\" srcset=\"https:\/\/www.koronakarkonoszy.pl\/blog-dla-firm\/wp-content\/uploads\/2022\/09\/DJI_0077.jpg 1280w, https:\/\/www.koronakarkonoszy.pl\/blog-dla-firm\/wp-content\/uploads\/2022\/09\/DJI_0077-300x225.jpg 300w, https:\/\/www.koronakarkonoszy.pl\/blog-dla-firm\/wp-content\/uploads\/2022\/09\/DJI_0077-1024x767.jpg 1024w, https:\/\/www.koronakarkonoszy.pl\/blog-dla-firm\/wp-content\/uploads\/2022\/09\/DJI_0077-768x575.jpg 768w\" sizes=\"auto, (max-width: 1280px) 100vw, 1280px\" \/>        <\/div> \n    <\/div>\n<\/div>\n\n\n\n<p>Inne objawy z\u0142ej atmosfery w miejscu pracy to brak komunikacji i zaufania. Toksyczne \u015brodowisko pracy cz\u0119sto wi\u0105\u017ce si\u0119 z nadmiernym obci\u0105\u017ceniem zadaniami, wysokim poziomem stresu i brakiem wsparcia. Pracownicy mog\u0105 odczuwa\u0107 presj\u0119, nadmierne oczekiwania i brak r\u00f3wnowagi mi\u0119dzy prac\u0105 a \u017cyciem prywatnym. Mog\u0105 by\u0107 tak\u017ce zastraszani, poni\u017cani, izolowani lub dyskryminowani, czyli mobbingowani.&nbsp;<\/p>\n\n\n\n<p>Taka atmosfera mo\u017ce prowadzi\u0107 do obni\u017conej produktywno\u015bci, wzrostu absencji, wysokiej rotacji pracownik\u00f3w, pogorszenia zdrowia psychicznego i fizycznego oraz utraty zaufania w zespole. Dlatego wa\u017cne jest, aby pracodawcy podejmowali dzia\u0142ania maj\u0105ce na celu zapobieganie i eliminowanie toksycznej atmosfery pracy oraz promowanie wspieraj\u0105cego \u015brodowiska.<\/p>\n\n\n<section id=\"leonardo-block_2fbdbd88c1055c1a0da5e19222090771\" class=\"leonardo page-breaker leonardo-image-left\">\n    <div class=\"leonardo-body\">\n        <h2 class=\"leonardo-title\" id=\"h-jak-poprawic-atmosfere-w-pracy\">Jak poprawi\u0107 atmosfer\u0119 w pracy?<\/h2>        <div class=\"leonardo-content\"><p><!-- wp:heading --><\/p>\n<p>Poprawienie atmosfery w pracy mo\u017ce by\u0107 trudnym zadaniem. Jednak jest bardzo wa\u017cne dla zdrowia psychicznego pracownik\u00f3w, a tak\u017ce dla pomy\u015blno\u015bci firmy. <strong>Oto kilka sposob\u00f3w na poprawienie atmosfery w pracy:<\/strong><\/p>\n<p><!-- \/wp:paragraph --> <!-- wp:paragraph --><\/p>\n<ul>\n<li>budowanie pozytywnych relacji &#8211; spr\u00f3buj nawi\u0105za\u0107 kontakt i pozna\u0107 swoich wsp\u00f3\u0142pracownik\u00f3w,<\/li>\n<li><!-- \/wp:paragraph --> stworzenie kultury otwartej komunikacji &#8211; mo\u017ce to pom\u00f3c w rozwi\u0105zywaniu problem\u00f3w, kt\u00f3re wp\u0142ywaj\u0105 na atmosfer\u0119 w pracy,<\/li>\n<li><!-- \/wp:paragraph --> dbanie o dobrostan psychiczny &#8211; pracodawcy mog\u0105 zorganizowa\u0107 szkolenia zwi\u0105zane z radzeniem sobie ze stresem, oferowa\u0107 wsparcie psychologiczne dla pracownik\u00f3w oraz promowa\u0107 zdrowy styl \u017cycia,<\/li>\n<li><!-- \/wp:paragraph --> zach\u0119canie do pracy w zespole &#8211; wsp\u00f3\u0142praca zwi\u0119kszy zaanga\u017cowanie, zach\u0119caj wi\u0119c pracownik\u00f3w do udzia\u0142u w projektach zespo\u0142owych,<\/li>\n<li><!-- \/wp:paragraph --> dbaj o warunki pracy &#8211; zapewnienie odpowiednich warunk\u00f3w pracy, takich jak dobre o\u015bwietlenie, klimatyzacja, ergonomia stanowisk pracy mo\u017ce poprawi\u0107 samopoczucie pracownik\u00f3w i ich wydajno\u015b\u0107,<\/li>\n<li><!-- \/wp:paragraph --> organizowanie imprez integracyjnych \u2013 <a href=\"https:\/\/www.koronakarkonoszy.pl\/blog-dla-firm\/eventy-firmowe\/\" class=\"links-placer\">eventy firmowe<\/a> pomog\u0105 w budowaniu relacji mi\u0119dzy pracownikami i popraw\u0105 atmosfer\u0119 w pracy.<\/li>\n<\/ul>\n<p><!-- \/wp:paragraph --><\/p>\n<\/div>\n            <\/div>\n    <div class=\"leonardo-image\">\n        <img loading=\"lazy\" decoding=\"async\" width=\"1280\" height=\"829\" src=\"https:\/\/www.koronakarkonoszy.pl\/blog-dla-firm\/wp-content\/uploads\/2021\/08\/relacje-pracownicze1.jpg\" class=\"attachment-full size-full\" alt=\"Relacje pracownicze - grupa ludzi w biurze\" srcset=\"https:\/\/www.koronakarkonoszy.pl\/blog-dla-firm\/wp-content\/uploads\/2021\/08\/relacje-pracownicze1.jpg 1280w, https:\/\/www.koronakarkonoszy.pl\/blog-dla-firm\/wp-content\/uploads\/2021\/08\/relacje-pracownicze1-300x194.jpg 300w, https:\/\/www.koronakarkonoszy.pl\/blog-dla-firm\/wp-content\/uploads\/2021\/08\/relacje-pracownicze1-1024x663.jpg 1024w, https:\/\/www.koronakarkonoszy.pl\/blog-dla-firm\/wp-content\/uploads\/2021\/08\/relacje-pracownicze1-768x497.jpg 768w\" sizes=\"auto, (max-width: 1280px) 100vw, 1280px\" \/>            <\/div>\n<\/section>\n\n\n<h2 class=\"wp-block-heading\" id=\"ha-jak-atmosfera-w-pracy-wplywa-na-pracownikow\">Jak atmosfera w pracy wp\u0142ywa na pracownik\u00f3w?<\/h2>\n\n\n\n<p>Atmosfera w miejscu pracy ma istotny wp\u0142yw na pracownik\u00f3w. Pozytywna atmosfera<strong> zwi\u0119ksza motywacj\u0119 i zaanga\u017cowanie pracownik\u00f3w.<\/strong> Kiedy pracownicy czuj\u0105 si\u0119 docenieni, wspierani i szanowani, s\u0105 bardziej sk\u0142onni anga\u017cowa\u0107 si\u0119 w swoj\u0105 prac\u0119 i d\u0105\u017cy\u0107 do osi\u0105gania cel\u00f3w organizacji. Dobra atmosfera pracy mo\u017ce mie\u0107 pozytywny wp\u0142yw na <strong>produktywno\u015b\u0107<\/strong>. W przyjaznym \u015brodowisku pracownicy s\u0105 bardziej sk\u0142onni do wsp\u00f3\u0142pracy, wymiany pomys\u0142\u00f3w i kreatywno\u015bci. To prowadzi do wi\u0119kszej wydajno\u015bci i osi\u0105gania lepszych wynik\u00f3w. Kiedy pracownicy czuj\u0105 si\u0119 swobodnie, s\u0105 bardziej sk\u0142onni do podejmowania ryzyka i wprowadzania nowych rozwi\u0105za\u0144. To mo\u017ce przyczyni\u0107 si\u0119 do rozwoju firmy i zdobywania przewagi konkurencyjnej.<\/p>\n\n\n\n<figure class=\"wp-block-image size-large\"><img loading=\"lazy\" decoding=\"async\" width=\"1024\" height=\"683\" src=\"https:\/\/www.koronakarkonoszy.pl\/blog-dla-firm\/wp-content\/uploads\/2021\/07\/augustynstudio_s1_5452-1024x683.jpg\" alt=\"\" class=\"wp-image-5042\" srcset=\"https:\/\/www.koronakarkonoszy.pl\/blog-dla-firm\/wp-content\/uploads\/2021\/07\/augustynstudio_s1_5452-1024x683.jpg 1024w, https:\/\/www.koronakarkonoszy.pl\/blog-dla-firm\/wp-content\/uploads\/2021\/07\/augustynstudio_s1_5452-300x200.jpg 300w, https:\/\/www.koronakarkonoszy.pl\/blog-dla-firm\/wp-content\/uploads\/2021\/07\/augustynstudio_s1_5452-768x512.jpg 768w, https:\/\/www.koronakarkonoszy.pl\/blog-dla-firm\/wp-content\/uploads\/2021\/07\/augustynstudio_s1_5452-1920x1280.jpg 1920w, https:\/\/www.koronakarkonoszy.pl\/blog-dla-firm\/wp-content\/uploads\/2021\/07\/augustynstudio_s1_5452-1536x1024.jpg 1536w, https:\/\/www.koronakarkonoszy.pl\/blog-dla-firm\/wp-content\/uploads\/2021\/07\/augustynstudio_s1_5452-2048x1365.jpg 2048w\" sizes=\"auto, (max-width: 1024px) 100vw, 1024px\" \/><figcaption class=\"wp-element-caption\"><strong>Centrum Imprez Plenerowych, <a href=\"https:\/\/www.koronakarkonoszy.pl\/imprezy-firmowe\/\" target=\"_blank\" rel=\"noreferrer noopener\">Dw\u00f3r Korona Karkonoszy<\/a>, Sosn\u00f3wka k. Kar<\/strong>pacza<\/figcaption><\/figure>\n\n\n\n<p>Z kolei <strong>negatywna atmosfera w miejscu pracy<\/strong> \u017ale wp\u0142ywa na zdrowie psychiczne i fizyczne pracownik\u00f3w. Stres, konflikty i ci\u0105g\u0142e napi\u0119cie mog\u0105 prowadzi\u0107 do zwi\u0119kszonego poziomu stresu, niezadowolenia, l\u0119ku i depresji. To mo\u017ce wp\u0142ywa\u0107 na og\u00f3lny stan zdrowia i prowadzi\u0107 do absencji chorobowej oraz spadku produktywno\u015bci. Ponadto je\u015bli atmosfera jest toksyczna, pracownicy mog\u0105 by\u0107 bardziej sk\u0142onni do szukania innego miejsca pracy, gdzie b\u0119d\u0105 bardziej doceniani. Dobra atmosfera pracy mo\u017ce zwi\u0119ksza\u0107 lojalno\u015b\u0107 pracownik\u00f3w i przyczynia\u0107 si\u0119 do budowania d\u0142ugotrwa\u0142ych relacji.<\/p>\n\n\n\n<figure class=\"wp-block-image size-full is-resized\"><img loading=\"lazy\" decoding=\"async\" width=\"960\" height=\"518\" src=\"https:\/\/www.koronakarkonoszy.pl\/blog-dla-firm\/wp-content\/uploads\/2021\/05\/em00010.jpg\" alt=\"\" class=\"wp-image-367\" style=\"width:840px;height:453px\" srcset=\"https:\/\/www.koronakarkonoszy.pl\/blog-dla-firm\/wp-content\/uploads\/2021\/05\/em00010.jpg 960w, https:\/\/www.koronakarkonoszy.pl\/blog-dla-firm\/wp-content\/uploads\/2021\/05\/em00010-300x162.jpg 300w, https:\/\/www.koronakarkonoszy.pl\/blog-dla-firm\/wp-content\/uploads\/2021\/05\/em00010-768x414.jpg 768w\" sizes=\"auto, (max-width: 960px) 100vw, 960px\" \/><figcaption class=\"wp-element-caption\"><strong>Hotel na imprezy integracyjne, <a href=\"https:\/\/www.koronakarkonoszy.pl\/imprezy-firmowe\/\" target=\"_blank\" rel=\"noreferrer noopener\">Dw\u00f3r Korona Karkonoszy<\/a>, Sosn\u00f3wka k. Karpacza<\/strong> <\/figcaption><\/figure>\n\n\n\n<h2 class=\"wp-block-heading\" id=\"ha-czy-da-sie-zmierzyc-zadowolenie-pracownikow\">Czy da si\u0119 zmierzy\u0107 zadowolenie pracownik\u00f3w?<\/h2>\n\n\n\n<p>Istniej\u0105 r\u00f3\u017cne metody i narz\u0119dzia, kt\u00f3re pozwalaj\u0105 na pomiar zadowolenia pracownik\u00f3w. Jednym z najcz\u0119\u015bciej stosowanych narz\u0119dzi jest <strong>ankieta satysfakcji<\/strong> pracownik\u00f3w, kt\u00f3ra sk\u0142ada si\u0119 z zestawu pyta\u0144 oceniaj\u0105cych r\u00f3\u017cne aspekty pracy. Chodzi o takie kwestie jak kultura organizacyjna, relacje mi\u0119dzy pracownikami, poziom wynagrodzenia, mo\u017cliwo\u015bci rozwoju, warunki pracy itp.<\/p>\n\n\n\n<p>Ankieta ta powinna by\u0107 anonimowa, co pozwala na uzyskanie szczerych opinii pracownik\u00f3w. Istniej\u0105 r\u00f3wnie\u017c specjalistyczne narz\u0119dzia badawcze, takie jak kwestionariusze i wywiady, kt\u00f3re pozwalaj\u0105 na dog\u0142\u0119bne zrozumienie opinii pracownik\u00f3w i identyfikacj\u0119 problem\u00f3w w organizacji.<\/p>\n\n\n\n<figure class=\"wp-block-image size-large\"><a href=\"https:\/\/www.koronakarkonoszy.pl\/imprezy-firmowe\/\" target=\"_blank\" rel=\"noreferrer noopener\"><img loading=\"lazy\" decoding=\"async\" width=\"1024\" height=\"512\" src=\"https:\/\/www.koronakarkonoszy.pl\/blog-dla-firm\/wp-content\/uploads\/2022\/06\/organizacja_imprez_DKK-2-1024x512.jpg\" alt=\"\" class=\"wp-image-2841\" srcset=\"https:\/\/www.koronakarkonoszy.pl\/blog-dla-firm\/wp-content\/uploads\/2022\/06\/organizacja_imprez_DKK-2-1024x512.jpg 1024w, https:\/\/www.koronakarkonoszy.pl\/blog-dla-firm\/wp-content\/uploads\/2022\/06\/organizacja_imprez_DKK-2-300x150.jpg 300w, https:\/\/www.koronakarkonoszy.pl\/blog-dla-firm\/wp-content\/uploads\/2022\/06\/organizacja_imprez_DKK-2-768x384.jpg 768w, https:\/\/www.koronakarkonoszy.pl\/blog-dla-firm\/wp-content\/uploads\/2022\/06\/organizacja_imprez_DKK-2.jpg 1200w\" sizes=\"auto, (max-width: 1024px) 100vw, 1024px\" \/><\/a><\/figure>\n\n\n\n<p>Wa\u017cne jest, aby w procesie pomiaru zadowolenia pracownik\u00f3w uwzgl\u0119dnia\u0107 r\u00f3\u017cne grupy pracownik\u00f3w, ich role i zadania, poniewa\u017c opinie i potrzeby r\u00f3\u017cni\u0105 si\u0119 w zale\u017cno\u015bci od stanowiska i do\u015bwiadczenia.<\/p>\n\n\n\n<p>Po przeprowadzeniu pomiaru zadowolenia pracownik\u00f3w wa\u017cne jest, aby wdro\u017cy\u0107 dzia\u0142ania maj\u0105ce na celu popraw\u0119 sytuacji w miejscu pracy. Regularne przeprowadzanie pomiar\u00f3w zadowolenia pracownik\u00f3w i wprowadzanie ulepsze\u0144 mo\u017ce pom\u00f3c w poprawie klimatu organizacyjnego i zwi\u0119kszy\u0107 zaanga\u017cowanie pracownik\u00f3w.<\/p>\n","protected":false},"excerpt":{"rendered":"<p>Trudno by\u0107 produktywnym i pracowa\u0107 wydajnie, je\u015bli firmowa atmosfera pozostawia wiele do \u017cyczenia. Z\u0142a atmosfera w pracy mo\u017ce negatywnie wp\u0142ywa\u0107 zar\u00f3wno na kadr\u0119 pracownicz\u0105, jak i na ca\u0142\u0105 firm\u0119. Pracownicy maj\u0105 mniej motywacji do dzia\u0142ania, \u017ale czuj\u0105 si\u0119 po\u015br\u00f3d swoich wsp\u00f3\u0142pracownik\u00f3w i nie daj\u0105 z siebie 100%, a przez to firma nie generuje maksymalnych zysk\u00f3w, [&hellip;]<\/p>\n","protected":false},"author":11,"featured_media":2142,"comment_status":"closed","ping_status":"closed","sticky":false,"template":"","format":"standard","meta":{"_acf_changed":false,"footnotes":""},"categories":[17,2,8],"class_list":["post-2140","post","type-post","status-publish","format-standard","has-post-thumbnail","hentry","category-integracja","category-porady","category-team-building"],"acf":[],"yoast_head":"<!-- This site is optimized with the Yoast SEO Premium plugin v27.5 (Yoast SEO v27.5) - https:\/\/yoast.com\/product\/yoast-seo-premium-wordpress\/ -->\n<title>Z\u0142a atmosfera w pracy? Zadbaj o integracj\u0119 pracownik\u00f3w! - :: Blog dla firm - szkolenia, zarz\u0105dzanie zespo\u0142em, team building<\/title>\n<meta name=\"description\" content=\"Z\u0142a atmosfera w pracy mo\u017ce negatywnie wp\u0142ywa\u0107 zar\u00f3wno na kadr\u0119 pracownicz\u0105, jak i na ca\u0142\u0105 firm\u0119. Co zrobi\u0107, aby j\u0105 poprawi\u0107? Podpowiadamy.\" \/>\n<meta name=\"robots\" content=\"index, follow, max-snippet:-1, max-image-preview:large, max-video-preview:-1\" \/>\n<link rel=\"canonical\" href=\"https:\/\/www.koronakarkonoszy.pl\/blog-dla-firm\/de\/schlechte-atmosphare-bei-der-arbeit\/\" \/>\n<meta property=\"og:locale\" content=\"de_DE\" \/>\n<meta property=\"og:type\" content=\"article\" \/>\n<meta property=\"og:title\" content=\"Z\u0142a atmosfera w pracy? Zadbaj o integracj\u0119 pracownik\u00f3w!\" \/>\n<meta property=\"og:description\" content=\"Z\u0142a atmosfera w pracy mo\u017ce negatywnie wp\u0142ywa\u0107 zar\u00f3wno na kadr\u0119 pracownicz\u0105, jak i na ca\u0142\u0105 firm\u0119. Co zrobi\u0107, aby j\u0105 poprawi\u0107? Podpowiadamy.\" \/>\n<meta property=\"og:url\" content=\"https:\/\/www.koronakarkonoszy.pl\/blog-dla-firm\/de\/schlechte-atmosphare-bei-der-arbeit\/\" \/>\n<meta property=\"og:site_name\" content=\":: Blog dla firm - szkolenia, zarz\u0105dzanie zespo\u0142em, team building\" \/>\n<meta property=\"article:published_time\" content=\"2023-05-21T19:49:28+00:00\" \/>\n<meta property=\"article:modified_time\" content=\"2025-04-18T08:20:50+00:00\" \/>\n<meta property=\"og:image\" content=\"https:\/\/www.koronakarkonoszy.pl\/blog-dla-firm\/wp-content\/uploads\/2022\/01\/Zla-atmosfera-w-pracy.jpg\" \/>\n\t<meta property=\"og:image:width\" content=\"1280\" \/>\n\t<meta property=\"og:image:height\" content=\"848\" \/>\n\t<meta property=\"og:image:type\" content=\"image\/jpeg\" \/>\n<meta name=\"author\" content=\"agnieszka\" \/>\n<meta name=\"twitter:card\" content=\"summary_large_image\" \/>\n<meta name=\"twitter:label1\" content=\"Verfasst von\" \/>\n\t<meta name=\"twitter:data1\" content=\"agnieszka\" \/>\n\t<meta name=\"twitter:label2\" content=\"Gesch\u00e4tzte Lesezeit\" \/>\n\t<meta name=\"twitter:data2\" content=\"12\u00a0Minuten\" \/>\n<script type=\"application\/ld+json\" class=\"yoast-schema-graph\">{\"@context\":\"https:\\\/\\\/schema.org\",\"@graph\":[{\"@type\":\"Article\",\"@id\":\"https:\\\/\\\/www.koronakarkonoszy.pl\\\/blog-dla-firm\\\/zla-atmosfera-w-pracy\\\/#article\",\"isPartOf\":{\"@id\":\"https:\\\/\\\/www.koronakarkonoszy.pl\\\/blog-dla-firm\\\/zla-atmosfera-w-pracy\\\/\"},\"author\":{\"name\":\"agnieszka\",\"@id\":\"https:\\\/\\\/www.koronakarkonoszy.pl\\\/blog-dla-firm\\\/#\\\/schema\\\/person\\\/c06752c3cb176906b455582ff7ef925e\"},\"headline\":\"Z\u0142a atmosfera w pracy? Zadbaj o integracj\u0119 pracownik\u00f3w!\",\"datePublished\":\"2023-05-21T19:49:28+00:00\",\"dateModified\":\"2025-04-18T08:20:50+00:00\",\"mainEntityOfPage\":{\"@id\":\"https:\\\/\\\/www.koronakarkonoszy.pl\\\/blog-dla-firm\\\/zla-atmosfera-w-pracy\\\/\"},\"wordCount\":2115,\"image\":{\"@id\":\"https:\\\/\\\/www.koronakarkonoszy.pl\\\/blog-dla-firm\\\/zla-atmosfera-w-pracy\\\/#primaryimage\"},\"thumbnailUrl\":\"https:\\\/\\\/www.koronakarkonoszy.pl\\\/blog-dla-firm\\\/wp-content\\\/uploads\\\/2022\\\/01\\\/Zla-atmosfera-w-pracy.jpg\",\"articleSection\":[\"Integracja\",\"Porady\",\"Team Building\"],\"inLanguage\":\"de\"},{\"@type\":\"WebPage\",\"@id\":\"https:\\\/\\\/www.koronakarkonoszy.pl\\\/blog-dla-firm\\\/zla-atmosfera-w-pracy\\\/\",\"url\":\"https:\\\/\\\/www.koronakarkonoszy.pl\\\/blog-dla-firm\\\/zla-atmosfera-w-pracy\\\/\",\"name\":\"Z\u0142a atmosfera w pracy? Zadbaj o integracj\u0119 pracownik\u00f3w! - :: Blog dla firm - szkolenia, zarz\u0105dzanie zespo\u0142em, team building\",\"isPartOf\":{\"@id\":\"https:\\\/\\\/www.koronakarkonoszy.pl\\\/blog-dla-firm\\\/#website\"},\"primaryImageOfPage\":{\"@id\":\"https:\\\/\\\/www.koronakarkonoszy.pl\\\/blog-dla-firm\\\/zla-atmosfera-w-pracy\\\/#primaryimage\"},\"image\":{\"@id\":\"https:\\\/\\\/www.koronakarkonoszy.pl\\\/blog-dla-firm\\\/zla-atmosfera-w-pracy\\\/#primaryimage\"},\"thumbnailUrl\":\"https:\\\/\\\/www.koronakarkonoszy.pl\\\/blog-dla-firm\\\/wp-content\\\/uploads\\\/2022\\\/01\\\/Zla-atmosfera-w-pracy.jpg\",\"datePublished\":\"2023-05-21T19:49:28+00:00\",\"dateModified\":\"2025-04-18T08:20:50+00:00\",\"author\":{\"@id\":\"https:\\\/\\\/www.koronakarkonoszy.pl\\\/blog-dla-firm\\\/#\\\/schema\\\/person\\\/c06752c3cb176906b455582ff7ef925e\"},\"description\":\"Z\u0142a atmosfera w pracy mo\u017ce negatywnie wp\u0142ywa\u0107 zar\u00f3wno na kadr\u0119 pracownicz\u0105, jak i na ca\u0142\u0105 firm\u0119. Co zrobi\u0107, aby j\u0105 poprawi\u0107? Podpowiadamy.\",\"breadcrumb\":{\"@id\":\"https:\\\/\\\/www.koronakarkonoszy.pl\\\/blog-dla-firm\\\/zla-atmosfera-w-pracy\\\/#breadcrumb\"},\"inLanguage\":\"de\",\"potentialAction\":[{\"@type\":\"ReadAction\",\"target\":[\"https:\\\/\\\/www.koronakarkonoszy.pl\\\/blog-dla-firm\\\/zla-atmosfera-w-pracy\\\/\"]}]},{\"@type\":\"ImageObject\",\"inLanguage\":\"de\",\"@id\":\"https:\\\/\\\/www.koronakarkonoszy.pl\\\/blog-dla-firm\\\/zla-atmosfera-w-pracy\\\/#primaryimage\",\"url\":\"https:\\\/\\\/www.koronakarkonoszy.pl\\\/blog-dla-firm\\\/wp-content\\\/uploads\\\/2022\\\/01\\\/Zla-atmosfera-w-pracy.jpg\",\"contentUrl\":\"https:\\\/\\\/www.koronakarkonoszy.pl\\\/blog-dla-firm\\\/wp-content\\\/uploads\\\/2022\\\/01\\\/Zla-atmosfera-w-pracy.jpg\",\"width\":1280,\"height\":848,\"caption\":\"Z\u0142a atmosfera w pracy\"},{\"@type\":\"BreadcrumbList\",\"@id\":\"https:\\\/\\\/www.koronakarkonoszy.pl\\\/blog-dla-firm\\\/zla-atmosfera-w-pracy\\\/#breadcrumb\",\"itemListElement\":[{\"@type\":\"ListItem\",\"position\":1,\"name\":\"Strona g\u0142\u00f3wna\",\"item\":\"https:\\\/\\\/www.koronakarkonoszy.pl\\\/blog-dla-firm\\\/\"},{\"@type\":\"ListItem\",\"position\":2,\"name\":\"Z\u0142a atmosfera w pracy? Zadbaj o integracj\u0119 pracownik\u00f3w!\"}]},{\"@type\":\"WebSite\",\"@id\":\"https:\\\/\\\/www.koronakarkonoszy.pl\\\/blog-dla-firm\\\/#website\",\"url\":\"https:\\\/\\\/www.koronakarkonoszy.pl\\\/blog-dla-firm\\\/\",\"name\":\":: Blog dla firm - szkolenia, zarz\u0105dzanie zespo\u0142em, team building\",\"description\":\"\",\"potentialAction\":[{\"@type\":\"SearchAction\",\"target\":{\"@type\":\"EntryPoint\",\"urlTemplate\":\"https:\\\/\\\/www.koronakarkonoszy.pl\\\/blog-dla-firm\\\/?s={search_term_string}\"},\"query-input\":{\"@type\":\"PropertyValueSpecification\",\"valueRequired\":true,\"valueName\":\"search_term_string\"}}],\"inLanguage\":\"de\"},{\"@type\":\"Person\",\"@id\":\"https:\\\/\\\/www.koronakarkonoszy.pl\\\/blog-dla-firm\\\/#\\\/schema\\\/person\\\/c06752c3cb176906b455582ff7ef925e\",\"name\":\"agnieszka\",\"image\":{\"@type\":\"ImageObject\",\"inLanguage\":\"de\",\"@id\":\"https:\\\/\\\/www.koronakarkonoszy.pl\\\/blog-dla-firm\\\/wp-content\\\/litespeed\\\/avatar\\\/53ee7b676463f74d0aea1a09de3d003b.jpg?ver=1777446304\",\"url\":\"https:\\\/\\\/www.koronakarkonoszy.pl\\\/blog-dla-firm\\\/wp-content\\\/litespeed\\\/avatar\\\/53ee7b676463f74d0aea1a09de3d003b.jpg?ver=1777446304\",\"contentUrl\":\"https:\\\/\\\/www.koronakarkonoszy.pl\\\/blog-dla-firm\\\/wp-content\\\/litespeed\\\/avatar\\\/53ee7b676463f74d0aea1a09de3d003b.jpg?ver=1777446304\",\"caption\":\"agnieszka\"},\"url\":\"https:\\\/\\\/www.koronakarkonoszy.pl\\\/blog-dla-firm\\\/de\\\/author\\\/agnieszka\\\/\"}]}<\/script>\n<!-- \/ Yoast SEO Premium plugin. -->","yoast_head_json":{"title":"Schlechte Atmosph\u00e4re am Arbeitsplatz? K\u00fcmmern Sie sich um die Mitarbeiterintegration! - :: Blog f\u00fcr Unternehmen - Schulung, Teammanagement, Teambuilding","description":"Ein schlechtes Betriebsklima kann sich sowohl auf die Belegschaft als auch auf das gesamte Unternehmen negativ auswirken. Was tun, um es zu verbessern? Wir schlagen vor.","robots":{"index":"index","follow":"follow","max-snippet":"max-snippet:-1","max-image-preview":"max-image-preview:large","max-video-preview":"max-video-preview:-1"},"canonical":"https:\/\/www.koronakarkonoszy.pl\/blog-dla-firm\/de\/schlechte-atmosphare-bei-der-arbeit\/","og_locale":"de_DE","og_type":"article","og_title":"Z\u0142a atmosfera w pracy? Zadbaj o integracj\u0119 pracownik\u00f3w!","og_description":"Z\u0142a atmosfera w pracy mo\u017ce negatywnie wp\u0142ywa\u0107 zar\u00f3wno na kadr\u0119 pracownicz\u0105, jak i na ca\u0142\u0105 firm\u0119. Co zrobi\u0107, aby j\u0105 poprawi\u0107? Podpowiadamy.","og_url":"https:\/\/www.koronakarkonoszy.pl\/blog-dla-firm\/de\/schlechte-atmosphare-bei-der-arbeit\/","og_site_name":":: Blog dla firm - szkolenia, zarz\u0105dzanie zespo\u0142em, team building","article_published_time":"2023-05-21T19:49:28+00:00","article_modified_time":"2025-04-18T08:20:50+00:00","og_image":[{"width":1280,"height":848,"url":"https:\/\/www.koronakarkonoszy.pl\/blog-dla-firm\/wp-content\/uploads\/2022\/01\/Zla-atmosfera-w-pracy.jpg","type":"image\/jpeg"}],"author":"agnieszka","twitter_card":"summary_large_image","twitter_misc":{"Verfasst von":"agnieszka","Gesch\u00e4tzte Lesezeit":"12\u00a0Minuten"},"schema":{"@context":"https:\/\/schema.org","@graph":[{"@type":"Article","@id":"https:\/\/www.koronakarkonoszy.pl\/blog-dla-firm\/zla-atmosfera-w-pracy\/#article","isPartOf":{"@id":"https:\/\/www.koronakarkonoszy.pl\/blog-dla-firm\/zla-atmosfera-w-pracy\/"},"author":{"name":"agnieszka","@id":"https:\/\/www.koronakarkonoszy.pl\/blog-dla-firm\/#\/schema\/person\/c06752c3cb176906b455582ff7ef925e"},"headline":"Z\u0142a atmosfera w pracy? Zadbaj o integracj\u0119 pracownik\u00f3w!","datePublished":"2023-05-21T19:49:28+00:00","dateModified":"2025-04-18T08:20:50+00:00","mainEntityOfPage":{"@id":"https:\/\/www.koronakarkonoszy.pl\/blog-dla-firm\/zla-atmosfera-w-pracy\/"},"wordCount":2115,"image":{"@id":"https:\/\/www.koronakarkonoszy.pl\/blog-dla-firm\/zla-atmosfera-w-pracy\/#primaryimage"},"thumbnailUrl":"https:\/\/www.koronakarkonoszy.pl\/blog-dla-firm\/wp-content\/uploads\/2022\/01\/Zla-atmosfera-w-pracy.jpg","articleSection":["Integracja","Porady","Team Building"],"inLanguage":"de"},{"@type":"WebPage","@id":"https:\/\/www.koronakarkonoszy.pl\/blog-dla-firm\/zla-atmosfera-w-pracy\/","url":"https:\/\/www.koronakarkonoszy.pl\/blog-dla-firm\/zla-atmosfera-w-pracy\/","name":"Schlechte Atmosph\u00e4re am Arbeitsplatz? K\u00fcmmern Sie sich um die Mitarbeiterintegration! - :: Blog f\u00fcr Unternehmen - Schulung, Teammanagement, Teambuilding","isPartOf":{"@id":"https:\/\/www.koronakarkonoszy.pl\/blog-dla-firm\/#website"},"primaryImageOfPage":{"@id":"https:\/\/www.koronakarkonoszy.pl\/blog-dla-firm\/zla-atmosfera-w-pracy\/#primaryimage"},"image":{"@id":"https:\/\/www.koronakarkonoszy.pl\/blog-dla-firm\/zla-atmosfera-w-pracy\/#primaryimage"},"thumbnailUrl":"https:\/\/www.koronakarkonoszy.pl\/blog-dla-firm\/wp-content\/uploads\/2022\/01\/Zla-atmosfera-w-pracy.jpg","datePublished":"2023-05-21T19:49:28+00:00","dateModified":"2025-04-18T08:20:50+00:00","author":{"@id":"https:\/\/www.koronakarkonoszy.pl\/blog-dla-firm\/#\/schema\/person\/c06752c3cb176906b455582ff7ef925e"},"description":"Ein schlechtes Betriebsklima kann sich sowohl auf die Belegschaft als auch auf das gesamte Unternehmen negativ auswirken. Was tun, um es zu verbessern? Wir schlagen vor.","breadcrumb":{"@id":"https:\/\/www.koronakarkonoszy.pl\/blog-dla-firm\/zla-atmosfera-w-pracy\/#breadcrumb"},"inLanguage":"de","potentialAction":[{"@type":"ReadAction","target":["https:\/\/www.koronakarkonoszy.pl\/blog-dla-firm\/zla-atmosfera-w-pracy\/"]}]},{"@type":"ImageObject","inLanguage":"de","@id":"https:\/\/www.koronakarkonoszy.pl\/blog-dla-firm\/zla-atmosfera-w-pracy\/#primaryimage","url":"https:\/\/www.koronakarkonoszy.pl\/blog-dla-firm\/wp-content\/uploads\/2022\/01\/Zla-atmosfera-w-pracy.jpg","contentUrl":"https:\/\/www.koronakarkonoszy.pl\/blog-dla-firm\/wp-content\/uploads\/2022\/01\/Zla-atmosfera-w-pracy.jpg","width":1280,"height":848,"caption":"Z\u0142a atmosfera w pracy"},{"@type":"BreadcrumbList","@id":"https:\/\/www.koronakarkonoszy.pl\/blog-dla-firm\/zla-atmosfera-w-pracy\/#breadcrumb","itemListElement":[{"@type":"ListItem","position":1,"name":"Strona g\u0142\u00f3wna","item":"https:\/\/www.koronakarkonoszy.pl\/blog-dla-firm\/"},{"@type":"ListItem","position":2,"name":"Z\u0142a atmosfera w pracy? Zadbaj o integracj\u0119 pracownik\u00f3w!"}]},{"@type":"WebSite","@id":"https:\/\/www.koronakarkonoszy.pl\/blog-dla-firm\/#website","url":"https:\/\/www.koronakarkonoszy.pl\/blog-dla-firm\/","name":":: Blog f\u00fcr Unternehmen \u2013 Schulung, Teammanagement, Teambuilding","description":"","potentialAction":[{"@type":"SearchAction","target":{"@type":"EntryPoint","urlTemplate":"https:\/\/www.koronakarkonoszy.pl\/blog-dla-firm\/?s={search_term_string}"},"query-input":{"@type":"PropertyValueSpecification","valueRequired":true,"valueName":"search_term_string"}}],"inLanguage":"de"},{"@type":"Person","@id":"https:\/\/www.koronakarkonoszy.pl\/blog-dla-firm\/#\/schema\/person\/c06752c3cb176906b455582ff7ef925e","name":"Agnes","image":{"@type":"ImageObject","inLanguage":"de","@id":"https:\/\/www.koronakarkonoszy.pl\/blog-dla-firm\/wp-content\/litespeed\/avatar\/53ee7b676463f74d0aea1a09de3d003b.jpg?ver=1777446304","url":"https:\/\/www.koronakarkonoszy.pl\/blog-dla-firm\/wp-content\/litespeed\/avatar\/53ee7b676463f74d0aea1a09de3d003b.jpg?ver=1777446304","contentUrl":"https:\/\/www.koronakarkonoszy.pl\/blog-dla-firm\/wp-content\/litespeed\/avatar\/53ee7b676463f74d0aea1a09de3d003b.jpg?ver=1777446304","caption":"agnieszka"},"url":"https:\/\/www.koronakarkonoszy.pl\/blog-dla-firm\/de\/author\/agnieszka\/"}]}},"_links":{"self":[{"href":"https:\/\/www.koronakarkonoszy.pl\/blog-dla-firm\/de\/wp-json\/wp\/v2\/posts\/2140","targetHints":{"allow":["GET"]}}],"collection":[{"href":"https:\/\/www.koronakarkonoszy.pl\/blog-dla-firm\/de\/wp-json\/wp\/v2\/posts"}],"about":[{"href":"https:\/\/www.koronakarkonoszy.pl\/blog-dla-firm\/de\/wp-json\/wp\/v2\/types\/post"}],"author":[{"embeddable":true,"href":"https:\/\/www.koronakarkonoszy.pl\/blog-dla-firm\/de\/wp-json\/wp\/v2\/users\/11"}],"replies":[{"embeddable":true,"href":"https:\/\/www.koronakarkonoszy.pl\/blog-dla-firm\/de\/wp-json\/wp\/v2\/comments?post=2140"}],"version-history":[{"count":2,"href":"https:\/\/www.koronakarkonoszy.pl\/blog-dla-firm\/de\/wp-json\/wp\/v2\/posts\/2140\/revisions"}],"predecessor-version":[{"id":10495,"href":"https:\/\/www.koronakarkonoszy.pl\/blog-dla-firm\/de\/wp-json\/wp\/v2\/posts\/2140\/revisions\/10495"}],"wp:featuredmedia":[{"embeddable":true,"href":"https:\/\/www.koronakarkonoszy.pl\/blog-dla-firm\/de\/wp-json\/wp\/v2\/media\/2142"}],"wp:attachment":[{"href":"https:\/\/www.koronakarkonoszy.pl\/blog-dla-firm\/de\/wp-json\/wp\/v2\/media?parent=2140"}],"wp:term":[{"taxonomy":"category","embeddable":true,"href":"https:\/\/www.koronakarkonoszy.pl\/blog-dla-firm\/de\/wp-json\/wp\/v2\/categories?post=2140"}],"curies":[{"name":"wp","href":"https:\/\/api.w.org\/{rel}","templated":true}]}}