{"id":1555,"date":"2021-10-11T15:29:00","date_gmt":"2021-10-11T13:29:00","guid":{"rendered":"https:\/\/www.koronakarkonoszy.pl\/blog-dla-firm\/?p=1555"},"modified":"2024-05-30T17:24:19","modified_gmt":"2024-05-30T15:24:19","slug":"stylizacja-na-impreze-firmowa","status":"publish","type":"post","link":"https:\/\/www.koronakarkonoszy.pl\/blog-dla-firm\/de\/stylizacja-na-impreze-firmowa\/","title":{"rendered":"Styling f\u00fcr ein Firmenevent - Ausdruck geben, aber nicht gegen die Etikette versto\u00dfen!"},"content":{"rendered":"\n<p>Niewa\u017cne, czy pracujesz w korporacji, urz\u0119dzie, czy kreatywnym start-upie, stylizacja na imprez\u0119 firmow\u0105 zawsze powinna by\u0107 dopasowana do okoliczno\u015bci. Jednak\u00a0czasy sztywnych regu\u0142 ju\u017c dawno za nami. Wsp\u00f3\u0142czesny \u015bwiat docenia silne osobowo\u015bci i nowoczesne firmy dalekie s\u0105 od t\u0142amszenia wszelkich form wyra\u017cania w\u0142asnej osobowo\u015bci. Brak sztywnych regu\u0142 nie oznacza jednak, \u017ce stylizacja na imprez\u0119 firmow\u0105 ma by\u0107 byle jaka.\u00a0<\/p>\n\n\n<div id=\"ariadna-block_8bf0fc31c489a91a392b7ab0288cca23\" class=\"ariadna\">\n    <ul><li><a href=\"#h-stylizacja-na-impreze-firmowa-w-stylu-smart-casual-nbsp\">Stylizacja na imprez\u0119 firmow\u0105 w stylu smart casual&nbsp;<\/a><\/li><li><a href=\"#h-stylizacja-na-impreze-firmowa-czego-nalezy-zdecydowanie-unikac-nbsp\">Stylizacja na imprez\u0119 firmow\u0105 \u2013 czego nale\u017cy zdecydowanie unika\u0107!&nbsp;<\/a><\/li><li><a href=\"#ha-probujesz-znalezc-wyjatkowe-miejsce-na-impreze-firmowa\">Pr\u00f3bujesz znale\u017a\u0107 wyj\u0105tkowe miejsce na imprez\u0119 firmow\u0105?<\/a><\/li><li><a href=\"#h-stylizacja-na-impreze-firmowa-zlote-zasady-nbsp\">Stylizacja na imprez\u0119 firmow\u0105 \u2013 z\u0142ote zasady&nbsp;<\/a><\/li><\/ul>\n<\/div>\n\n\n\n\n\n\n<figure class=\"wp-block-image size-large is-resized\"><a href=\"https:\/\/www.koronakarkonoszy.pl\/konfigurator-imprez\/\" target=\"_blank\" rel=\"noreferrer noopener\"><img loading=\"lazy\" decoding=\"async\" width=\"1024\" height=\"510\" src=\"https:\/\/www.koronakarkonoszy.pl\/blog-dla-firm\/wp-content\/uploads\/2023\/11\/DKK-konfigurator_01-1024x510.jpg\" alt=\"Konfigurator imprez firmowych agencji eventowej Dw\u00f3r Korona Karkonoszy\" class=\"wp-image-7804\" style=\"width:855px;height:auto\" title=\"Konfigurator imprez firmowych agencji eventowej \" srcset=\"https:\/\/www.koronakarkonoszy.pl\/blog-dla-firm\/wp-content\/uploads\/2023\/11\/DKK-konfigurator_01-1024x510.jpg 1024w, https:\/\/www.koronakarkonoszy.pl\/blog-dla-firm\/wp-content\/uploads\/2023\/11\/DKK-konfigurator_01-300x150.jpg 300w, https:\/\/www.koronakarkonoszy.pl\/blog-dla-firm\/wp-content\/uploads\/2023\/11\/DKK-konfigurator_01-768x383.jpg 768w, https:\/\/www.koronakarkonoszy.pl\/blog-dla-firm\/wp-content\/uploads\/2023\/11\/DKK-konfigurator_01-1920x957.jpg 1920w, https:\/\/www.koronakarkonoszy.pl\/blog-dla-firm\/wp-content\/uploads\/2023\/11\/DKK-konfigurator_01-1536x766.jpg 1536w, https:\/\/www.koronakarkonoszy.pl\/blog-dla-firm\/wp-content\/uploads\/2023\/11\/DKK-konfigurator_01-18x9.jpg 18w, https:\/\/www.koronakarkonoszy.pl\/blog-dla-firm\/wp-content\/uploads\/2023\/11\/DKK-konfigurator_01.jpg 2040w\" sizes=\"auto, (max-width: 1024px) 100vw, 1024px\" \/><\/a><\/figure>\n\n\n\n<p>Ka\u017cda impreza rz\u0105dzi si\u0119 swoim w\u0142asnym&nbsp;dress codem. Spotkania w ci\u0105gu dnia, popo\u0142udniowe bankiety, czy wieczorne przyj\u0119cia \u2013 czas spotkania wyra\u017anie narzuca nie tylko rodzaj stroju, ale nawet kolorystyk\u0119. Stylizacja na imprez\u0119 firmow\u0105, kt\u00f3ra sprawdza si\u0119 zawsze jest minimalistyczna elegancja, kt\u00f3r\u0105 wzmacnia si\u0119 pojedynczymi, bardziej wyrazistymi akcentami. Dobrze dobrane dodatki mog\u0105 zdecydowa\u0107 o finalnym efekcie ca\u0142ej stylizacji.&nbsp;<\/p>\n\n\n\n<h2 class=\"wp-block-heading\" id=\"h-stylizacja-na-impreze-firmowa-w-stylu-smart-casual-nbsp\">Stylizacja na imprez\u0119 firmow\u0105 w stylu smart casual&nbsp;<\/h2>\n\n\n\n<p><a href=\"https:\/\/www.koronakarkonoszy.pl\/blog-dla-firm\/stroj-na-bankiet-firmowy\/\" target=\"_blank\" rel=\"noreferrer noopener\">Str\u00f3j na bankiet firmowy<\/a>&nbsp;b\u0119dzie inny ni\u017c na wyj\u015bcie na firmow\u0105 kaw\u0119.&nbsp;Bior\u0105c udzia\u0142 w wydarzeniu balansuj\u0105cym na kraw\u0119dzi spotkania formalnego i towarzyskiego, najlepiej postawi\u0107 na styl smart casual. Taka stylizacja charakteryzuje si\u0119 niewymuszona elegancj\u0105 z odrobin\u0105 awangardy. Wyr\u00f3\u017cnia si\u0119 tym, \u017ce w gotowym zestawie mo\u017cesz pracowa\u0107 osiem godzin w biurze, a nast\u0119pnie przy pomocy oryginalnych dodatk\u00f3w podkr\u0119ci\u0107 stylizacj\u0119 i nada\u0107 jej bardziej wieczorowy sznyt.&nbsp;<\/p>\n\n\n\n<p>Kompletuj\u0105c zestaw w stylu smart casual pami\u0119tajmy, \u017ce czasem jeden element mo\u017ce odmieni\u0107 ca\u0142\u0105 stylizacj\u0119 \u2013 jedwabna bluzka, sp\u00f3dnica, szal, buty na wysokim obcasie lub wyrazista bi\u017cuteria, mog\u0105 zmieni\u0107 formalny zestaw w typow\u0105 stylizacj\u0119 na imprez\u0119 firmow\u0105. Podobny efekt mo\u017cna uzyska\u0107 dzi\u0119ki makija\u017cowi \u2013 mocniejsza szminka lub wyra\u017aniej podkre\u015blone oczy potrafi\u0105 zamieni\u0107 zwyk\u0142\u0105 stylizacj\u0119 biurow\u0105 w kreacj\u0119 godn\u0105 imprezy do bia\u0142ego rana.&nbsp;<\/p>\n\n\n<section id=\"leonardo-block_05cfdb96be5a4d5c0d84f787cd1a8ba2\" class=\"leonardo page-breaker leonardo-image-left\">\n    <div class=\"leonardo-body\">\n                <div class=\"leonardo-content\"><p><span class=\"TextRun SCXW89485431 BCX0\" lang=\"PL-PL\" xml:lang=\"PL-PL\" data-contrast=\"auto\"><span class=\"NormalTextRun SCXW89485431 BCX0\" data-ccp-parastyle=\"Standard\" data-ccp-parastyle-defn=\"{&quot;ObjectId&quot;:&quot;9efde114-838d-425d-befb-e5c61cc63943|5&quot;,&quot;ClassId&quot;:1073872969,&quot;Properties&quot;:[134233614,&quot;true&quot;,201340122,&quot;2&quot;,201341983,&quot;0&quot;,335559739,&quot;160&quot;,335559740,&quot;259&quot;,469775450,&quot;Standard&quot;,469778129,&quot;Standard&quot;,469778325,&quot;[\\&quot;Heading\\&quot;,\\&quot;Text body\\&quot;,\\&quot;caption\\&quot;,\\&quot;Index\\&quot;]&quot;]}\">Istotnym elementem ka\u017cdej stylizacji s\u0105 idealnie dobrane buty oraz torebka. Buty powinny by\u0107 eleganckie, ale i wygodne. W ko\u0144cu sp\u0119dzimy w nich wiele godzin, cz\u0119sto w pozycji stoj\u0105cej\u00a0<\/span><span class=\"NormalTextRun SCXW89485431 BCX0\" data-ccp-parastyle=\"Standard\">lub podczas ta\u0144ca. Je\u017celi chodzi o torebk\u0119, to powinna ona by\u0107 jak najmniejsza. Oczywi\u015bcie, wszyscy wiemy, \u017ce w torebce kobiety cz\u0119sto mie\u015bci si\u0119 zawarto\u015b\u0107 \u015bredniej wielko\u015bci szuflady. Jednak stylizacja na imprez\u0119 firmow\u0105 wymusza spakowanie jedynie najpotr<\/span><span class=\"NormalTextRun SCXW89485431 BCX0\" data-ccp-parastyle=\"Standard\">zebniejszych rzeczy, najlepiej w wersji mini. Wa\u017cne, by torebka by\u0142a zawieszona na pasku, dzi\u0119ki temu mo\u017cemy przewiesi\u0107 ja na krze\u015ble, a w przypadku \u201estanding party\u201d zachowa\u0107 wolne r\u0119ce, gotowe do przywitania lub cz\u0119stowania si\u0119 serwowanymi przek\u0105skami i n<\/span><span class=\"NormalTextRun SCXW89485431 BCX0\" data-ccp-parastyle=\"Standard\">apojami.<\/span><\/span><span class=\"EOP SCXW89485431 BCX0\" data-ccp-props=\"{&quot;201341983&quot;:0,&quot;335559739&quot;:160,&quot;335559740&quot;:259}\">\u00a0<\/span><\/p>\n<\/div>\n                    <aside class=\"leonardo-interlink\">\n                <b>Polecamy<\/b>\n                <a href=\"https:\/\/www.koronakarkonoszy.pl\/blog-dla-firm\/de\/impreza-integracyjna-z-zfss-jak-i-kiedy-mozna-ja-zorganizowac\/\">Impreza integracyjna z ZF\u015aS &#8211; jak i kiedy mo\u017cna j\u0105 zorganizowa\u0107?<\/a>\n            <\/aside>\n            <\/div>\n    <div class=\"leonardo-image\">\n        <img loading=\"lazy\" decoding=\"async\" width=\"1280\" height=\"853\" src=\"https:\/\/www.koronakarkonoszy.pl\/blog-dla-firm\/wp-content\/uploads\/2021\/10\/stylizacja-na-impreze-firmowa1.jpg\" class=\"attachment-full size-full\" alt=\"Str\u00f3j na imprez\u0119 firmow\u0105 - kobieta w kapeluszu\" srcset=\"https:\/\/www.koronakarkonoszy.pl\/blog-dla-firm\/wp-content\/uploads\/2021\/10\/stylizacja-na-impreze-firmowa1.jpg 1280w, https:\/\/www.koronakarkonoszy.pl\/blog-dla-firm\/wp-content\/uploads\/2021\/10\/stylizacja-na-impreze-firmowa1-300x200.jpg 300w, https:\/\/www.koronakarkonoszy.pl\/blog-dla-firm\/wp-content\/uploads\/2021\/10\/stylizacja-na-impreze-firmowa1-1024x682.jpg 1024w, https:\/\/www.koronakarkonoszy.pl\/blog-dla-firm\/wp-content\/uploads\/2021\/10\/stylizacja-na-impreze-firmowa1-768x512.jpg 768w\" sizes=\"auto, (max-width: 1280px) 100vw, 1280px\" \/>            <\/div>\n<\/section>\n\n\n<h2 class=\"wp-block-heading\" id=\"h-stylizacja-na-impreze-firmowa-czego-nalezy-zdecydowanie-unikac-nbsp\">Stylizacja na imprez\u0119 firmow\u0105 \u2013 czego nale\u017cy zdecydowanie unika\u0107!&nbsp;<\/h2>\n\n\n\n<p><a href=\"https:\/\/www.koronakarkonoszy.pl\/blog-dla-firm\/pomysly-na-firmowe-imprezy-integracyjne-ktore-na-dlugo-zapadna-w-pamieci-pracownikow\/\" target=\"_blank\" rel=\"noreferrer noopener\">Firmowe imprezy integracyjne<\/a>&nbsp;rz\u0105dz\u0105 si\u0119 swoimi prawami.&nbsp;Absolutnie niedopuszczalne jest zbyt nachalne i obcesowe eksponowanie go\u0142ego cia\u0142a. Stylizacja na imprez\u0119 firmow\u0105 nie powinna wywo\u0142ywa\u0107 zgorszenia lub za\u017cenowania w\u015br\u00f3d pozosta\u0142ych&nbsp;go\u015bci. Je\u015bli chcesz wywrze\u0107 dobre wra\u017cenie na wsp\u00f3\u0142pracownikach i prze\u0142o\u017conych zapomnij o bardzo kr\u00f3tkich sukienkach i sp\u00f3dnicach, wszelkiego rodzaju przezroczysto\u015bciach oraz bardzo g\u0142\u0119bokich dekoltach. Twoim celem nie jest szokowanie, ale integracja w imi\u0119 wsp\u00f3lnie obchodzonej uroczysto\u015bci.&nbsp;<\/p>\n\n\n<section id=\"ctaninja-block_572a748e54278e9f011efd30a709e398\" class=\"ctaninja\">\n    <div class=\"ctaninja-body\">\n        <h2 id=\"ha-probujesz-znalezc-wyjatkowe-miejsce-na-impreze-firmowa\">Pr\u00f3bujesz znale\u017a\u0107 wyj\u0105tkowe miejsce na imprez\u0119 firmow\u0105?<\/h2>\n        <p>Nie musisz d\u0142u\u017cej szuka\u0107!<\/p>\n        <div class=\"nf-container\">\n            <noscript class=\"ninja-forms-noscript-message\">\n\tHinweis: F\u00fcr diesen Inhalt ist JavaScript erforderlich.<\/noscript>\n<div id=\"nf-form-1-cont\" class=\"nf-form-cont\" aria-live=\"polite\" aria-labelledby=\"nf-form-title-1\" aria-describedby=\"nf-form-errors-1\" role=\"form\">\n\n    <div class=\"nf-loading-spinner\"><\/div>\n\n<\/div>\n        <!-- That data is being printed as a workaround to page builders reordering the order of the scripts loaded-->\n        <script>var formDisplay=1;var nfForms=nfForms||[];var form=[];form.id='1';form.settings={\"objectType\":\"Form Setting\",\"editActive\":\"\",\"title\":\"Contact Me\",\"key\":\"\",\"created_at\":\"2021-05-24 17:00:03\",\"default_label_pos\":\"above\",\"conditions\":[],\"show_title\":\"1\",\"clear_complete\":\"1\",\"hide_complete\":\"1\",\"wrapper_class\":\"\",\"element_class\":\"\",\"add_submit\":\"1\",\"logged_in\":\"\",\"not_logged_in_msg\":\"\",\"sub_limit_number\":\"\",\"sub_limit_msg\":\"\",\"calculations\":[],\"formContentData\":[{\"order\":1,\"cells\":[{\"order\":0,\"fields\":[\"email\"],\"width\":50},{\"order\":1,\"fields\":[\"wyslij_1675426055268\"],\"width\":50}]}],\"container_styles_background-color\":\"\",\"container_styles_border\":\"\",\"container_styles_border-style\":\"\",\"container_styles_border-color\":\"\",\"container_styles_color\":\"\",\"container_styles_height\":\"\",\"container_styles_width\":\"\",\"container_styles_font-size\":\"\",\"container_styles_margin\":\"\",\"container_styles_padding\":\"\",\"container_styles_display\":\"\",\"container_styles_float\":\"\",\"container_styles_show_advanced_css\":\"0\",\"container_styles_advanced\":\"\",\"title_styles_background-color\":\"\",\"title_styles_border\":\"\",\"title_styles_border-style\":\"\",\"title_styles_border-color\":\"\",\"title_styles_color\":\"\",\"title_styles_height\":\"\",\"title_styles_width\":\"\",\"title_styles_font-size\":\"\",\"title_styles_margin\":\"\",\"title_styles_padding\":\"\",\"title_styles_display\":\"\",\"title_styles_float\":\"\",\"title_styles_show_advanced_css\":\"0\",\"title_styles_advanced\":\"\",\"row_styles_background-color\":\"\",\"row_styles_border\":\"\",\"row_styles_border-style\":\"\",\"row_styles_border-color\":\"\",\"row_styles_color\":\"\",\"row_styles_height\":\"\",\"row_styles_width\":\"\",\"row_styles_font-size\":\"\",\"row_styles_margin\":\"\",\"row_styles_padding\":\"\",\"row_styles_display\":\"\",\"row_styles_show_advanced_css\":\"0\",\"row_styles_advanced\":\"\",\"row-odd_styles_background-color\":\"\",\"row-odd_styles_border\":\"\",\"row-odd_styles_border-style\":\"\",\"row-odd_styles_border-color\":\"\",\"row-odd_styles_color\":\"\",\"row-odd_styles_height\":\"\",\"row-odd_styles_width\":\"\",\"row-odd_styles_font-size\":\"\",\"row-odd_styles_margin\":\"\",\"row-odd_styles_padding\":\"\",\"row-odd_styles_display\":\"\",\"row-odd_styles_show_advanced_css\":\"0\",\"row-odd_styles_advanced\":\"\",\"success-msg_styles_background-color\":\"\",\"success-msg_styles_border\":\"\",\"success-msg_styles_border-style\":\"\",\"success-msg_styles_border-color\":\"\",\"success-msg_styles_color\":\"\",\"success-msg_styles_height\":\"\",\"success-msg_styles_width\":\"\",\"success-msg_styles_font-size\":\"\",\"success-msg_styles_margin\":\"\",\"success-msg_styles_padding\":\"\",\"success-msg_styles_display\":\"\",\"success-msg_styles_show_advanced_css\":\"0\",\"success-msg_styles_advanced\":\"\",\"error_msg_styles_background-color\":\"\",\"error_msg_styles_border\":\"\",\"error_msg_styles_border-style\":\"\",\"error_msg_styles_border-color\":\"\",\"error_msg_styles_color\":\"\",\"error_msg_styles_height\":\"\",\"error_msg_styles_width\":\"\",\"error_msg_styles_font-size\":\"\",\"error_msg_styles_margin\":\"\",\"error_msg_styles_padding\":\"\",\"error_msg_styles_display\":\"\",\"error_msg_styles_show_advanced_css\":\"0\",\"error_msg_styles_advanced\":\"\",\"allow_public_link\":0,\"embed_form\":\"\",\"currency\":\"\",\"repeatable_fieldsets\":\"\",\"unique_field_error\":\"Formularz z t\\u0105 warto\\u015bci\\u0105 zosta\\u0142 ju\\u017c przes\\u0142any.\",\"form_title_heading_level\":\"3\",\"ninjaForms\":\"Ninja Forms\",\"changeEmailErrorMsg\":\"Bitte gib eine g\\u00fcltige E-Mail-Adresse ein.\",\"changeDateErrorMsg\":\"Bitte gib ein g\\u00fcltiges Datum ein!\",\"confirmFieldErrorMsg\":\"Diese Felder m\\u00fcssen \\u00fcbereinstimmen!\",\"fieldNumberNumMinError\":\"Die eingegebene Zahl ist zu klein.\",\"fieldNumberNumMaxError\":\"Die eingegebene Zahl ist zu gross.\",\"fieldNumberIncrementBy\":\"Bitte erh\\u00f6hen in Schritten von\",\"fieldTextareaRTEInsertLink\":\"Link einf\\u00fcgen\",\"fieldTextareaRTEInsertMedia\":\"Medien einf\\u00fcgen\",\"fieldTextareaRTESelectAFile\":\"Eine Datei ausw\\u00e4hlen\",\"formErrorsCorrectErrors\":\"Bitte korrigiere die Fehler, bevor du das Formular sendest.\",\"formHoneypot\":\"Falls du ein Mensch bist und dieses Feld siehst, dann lasse es bitte leer.\",\"validateRequiredField\":\"Dies ist ein Pflichtfeld.\",\"honeypotHoneypotError\":\"Honeypot-Fehler\",\"fileUploadOldCodeFileUploadInProgress\":\"Datei-Upload l\\u00e4uft.\",\"fileUploadOldCodeFileUpload\":\"DATEI-UPLOAD\",\"currencySymbol\":\"&#36;\",\"fieldsMarkedRequired\":\"Felder mit einem <span class=\\\"ninja-forms-req-symbol\\\">*<\\\/span> sind Pflichtfelder\",\"thousands_sep\":\".\",\"decimal_point\":\",\",\"siteLocale\":\"de_DE\",\"dateFormat\":\"m\\\/d\\\/Y\",\"startOfWeek\":\"1\",\"of\":\"von\",\"previousMonth\":\"Vorheriger Monat\",\"nextMonth\":\"N\\u00e4chster Monat\",\"months\":[\"Januar\",\"Februar\",\"M\\u00e4rz\",\"April\",\"Mai\",\"Juni\",\"Juli\",\"August\",\"September\",\"Oktober\",\"November\",\"Dezember\"],\"monthsShort\":[\"Jan.\",\"Feb.\",\"M\\u00e4rz\",\"Apr.\",\"Mai\",\"Juni\",\"Juli\",\"Aug\",\"Sep.\",\"Okt.\",\"Nov.\",\"Dez.\"],\"weekdays\":[\"Sonntag\",\"Montag\",\"Dienstag\",\"Mittwoch\",\"Donnerstag\",\"Freitag\",\"Samstag\"],\"weekdaysShort\":[\"So.\",\"Mo.\",\"Di.\",\"Mi.\",\"Do.\",\"Fr.\",\"Sa.\"],\"weekdaysMin\":[\"So.\",\"Mo.\",\"Di.\",\"Mi.\",\"Do.\",\"Fr.\",\"Sa.\"],\"recaptchaConsentMissing\":\"reCaptcha validation couldn&#039;t load.\",\"recaptchaMissingCookie\":\"reCaptcha v3 validation couldn&#039;t load the cookie needed to submit the form.\",\"recaptchaConsentEvent\":\"Accept reCaptcha cookies before sending the form.\",\"currency_symbol\":\"\",\"beforeForm\":\"\",\"beforeFields\":\"\",\"afterFields\":\"\",\"afterForm\":\"\"};form.fields=[{\"objectType\":\"Field\",\"objectDomain\":\"fields\",\"editActive\":false,\"order\":1,\"idAttribute\":\"id\",\"label\":\"Email\",\"key\":\"email\",\"type\":\"email\",\"created_at\":\"2021-05-24 17:00:04\",\"label_pos\":\"above\",\"required\":1,\"placeholder\":\"Podaj maila, skontaktujemy si\\u0119 z Tob\\u0105\",\"default\":\"\",\"wrapper_class\":\"\",\"element_class\":\"\",\"container_class\":\"\",\"admin_label\":\"\",\"help_text\":\"\",\"desc_text\":\"\",\"wrap_styles_background-color\":\"\",\"wrap_styles_border\":\"\",\"wrap_styles_border-style\":\"\",\"wrap_styles_border-color\":\"\",\"wrap_styles_color\":\"\",\"wrap_styles_height\":\"\",\"wrap_styles_width\":\"\",\"wrap_styles_font-size\":\"\",\"wrap_styles_margin\":\"\",\"wrap_styles_padding\":\"\",\"wrap_styles_display\":\"\",\"wrap_styles_float\":\"\",\"wrap_styles_show_advanced_css\":0,\"wrap_styles_advanced\":\"\",\"label_styles_background-color\":\"\",\"label_styles_border\":\"\",\"label_styles_border-style\":\"\",\"label_styles_border-color\":\"\",\"label_styles_color\":\"\",\"label_styles_height\":\"\",\"label_styles_width\":\"\",\"label_styles_font-size\":\"\",\"label_styles_margin\":\"\",\"label_styles_padding\":\"\",\"label_styles_display\":\"\",\"label_styles_float\":\"\",\"label_styles_show_advanced_css\":0,\"label_styles_advanced\":\"\",\"element_styles_background-color\":\"\",\"element_styles_border\":\"\",\"element_styles_border-style\":\"\",\"element_styles_border-color\":\"\",\"element_styles_color\":\"\",\"element_styles_height\":\"\",\"element_styles_width\":\"\",\"element_styles_font-size\":\"\",\"element_styles_margin\":\"\",\"element_styles_padding\":\"\",\"element_styles_display\":\"\",\"element_styles_float\":\"\",\"element_styles_show_advanced_css\":0,\"element_styles_advanced\":\"\",\"cellcid\":\"c3391\",\"custom_name_attribute\":\"email\",\"personally_identifiable\":1,\"value\":\"\",\"drawerDisabled\":false,\"id\":2,\"beforeField\":\"\",\"afterField\":\"\",\"parentType\":\"email\",\"element_templates\":[\"email\",\"input\"],\"old_classname\":\"\",\"wrap_template\":\"wrap\"},{\"objectType\":\"Field\",\"objectDomain\":\"fields\",\"editActive\":false,\"order\":2,\"idAttribute\":\"id\",\"label\":\"Wy\\u015blij\",\"key\":\"wyslij_1675426055268\",\"type\":\"submit\",\"created_at\":\"2021-05-24 17:00:05\",\"processing_label\":\"Wysy\\u0142anie...\",\"container_class\":\"\",\"element_class\":\"\",\"wrap_styles_background-color\":\"\",\"wrap_styles_border\":\"\",\"wrap_styles_border-style\":\"\",\"wrap_styles_border-color\":\"\",\"wrap_styles_color\":\"\",\"wrap_styles_height\":\"\",\"wrap_styles_width\":\"\",\"wrap_styles_font-size\":\"\",\"wrap_styles_margin\":\"\",\"wrap_styles_padding\":\"\",\"wrap_styles_display\":\"\",\"wrap_styles_float\":\"\",\"wrap_styles_show_advanced_css\":0,\"wrap_styles_advanced\":\"\",\"label_styles_background-color\":\"\",\"label_styles_border\":\"\",\"label_styles_border-style\":\"\",\"label_styles_border-color\":\"\",\"label_styles_color\":\"\",\"label_styles_height\":\"\",\"label_styles_width\":\"\",\"label_styles_font-size\":\"\",\"label_styles_margin\":\"\",\"label_styles_padding\":\"\",\"label_styles_display\":\"\",\"label_styles_float\":\"\",\"label_styles_show_advanced_css\":0,\"label_styles_advanced\":\"\",\"element_styles_background-color\":\"\",\"element_styles_border\":\"\",\"element_styles_border-style\":\"\",\"element_styles_border-color\":\"\",\"element_styles_color\":\"\",\"element_styles_height\":\"\",\"element_styles_width\":\"\",\"element_styles_font-size\":\"\",\"element_styles_margin\":\"\",\"element_styles_padding\":\"\",\"element_styles_display\":\"\",\"element_styles_float\":\"\",\"element_styles_show_advanced_css\":0,\"element_styles_advanced\":\"\",\"submit_element_hover_styles_background-color\":\"\",\"submit_element_hover_styles_border\":\"\",\"submit_element_hover_styles_border-style\":\"\",\"submit_element_hover_styles_border-color\":\"\",\"submit_element_hover_styles_color\":\"\",\"submit_element_hover_styles_height\":\"\",\"submit_element_hover_styles_width\":\"\",\"submit_element_hover_styles_font-size\":\"\",\"submit_element_hover_styles_margin\":\"\",\"submit_element_hover_styles_padding\":\"\",\"submit_element_hover_styles_display\":\"\",\"submit_element_hover_styles_float\":\"\",\"submit_element_hover_styles_show_advanced_css\":0,\"submit_element_hover_styles_advanced\":\"\",\"cellcid\":\"c3394\",\"drawerDisabled\":false,\"id\":4,\"beforeField\":\"\",\"afterField\":\"\",\"value\":\"\",\"label_pos\":\"above\",\"parentType\":\"textbox\",\"element_templates\":[\"submit\",\"button\",\"input\"],\"old_classname\":\"\",\"wrap_template\":\"wrap-no-label\"}];nfForms.push(form);<\/script>\n                <script id=\"nf-tmpl-cell\" type=\"text\/template\">\n            <nf-fields><\/nf-fields>\n        <\/script>\n\n        <script id=\"nf-tmpl-row\" type=\"text\/template\">\n            <nf-cells><\/nf-cells>\n        <\/script>\n\n                <\/div>\n    <\/div>\n    <div class=\"ctaninja-onm ctaninja-onm-1 rbg\"><\/div>\n    <div class=\"ctaninja-onm ctaninja-onm-2 rbg\"><\/div>\n<\/section>\n\n\n<figure class=\"wp-block-image size-large is-resized\"><a href=\"https:\/\/www.koronakarkonoszy.pl\/konfigurator-imprez\/\" target=\"_blank\" rel=\"noreferrer noopener\"><img loading=\"lazy\" decoding=\"async\" width=\"1024\" height=\"510\" src=\"https:\/\/www.koronakarkonoszy.pl\/blog-dla-firm\/wp-content\/uploads\/2023\/11\/DKK-konfigurator_01-1024x510.jpg\" alt=\"Konfigurator imprez firmowych agencji eventowej Dw\u00f3r Korona Karkonoszy\" class=\"wp-image-7804\" style=\"width:855px;height:auto\" title=\"Konfigurator imprez firmowych agencji eventowej \" srcset=\"https:\/\/www.koronakarkonoszy.pl\/blog-dla-firm\/wp-content\/uploads\/2023\/11\/DKK-konfigurator_01-1024x510.jpg 1024w, https:\/\/www.koronakarkonoszy.pl\/blog-dla-firm\/wp-content\/uploads\/2023\/11\/DKK-konfigurator_01-300x150.jpg 300w, https:\/\/www.koronakarkonoszy.pl\/blog-dla-firm\/wp-content\/uploads\/2023\/11\/DKK-konfigurator_01-768x383.jpg 768w, https:\/\/www.koronakarkonoszy.pl\/blog-dla-firm\/wp-content\/uploads\/2023\/11\/DKK-konfigurator_01-1920x957.jpg 1920w, https:\/\/www.koronakarkonoszy.pl\/blog-dla-firm\/wp-content\/uploads\/2023\/11\/DKK-konfigurator_01-1536x766.jpg 1536w, https:\/\/www.koronakarkonoszy.pl\/blog-dla-firm\/wp-content\/uploads\/2023\/11\/DKK-konfigurator_01-18x9.jpg 18w, https:\/\/www.koronakarkonoszy.pl\/blog-dla-firm\/wp-content\/uploads\/2023\/11\/DKK-konfigurator_01.jpg 2040w\" sizes=\"auto, (max-width: 1024px) 100vw, 1024px\" \/><\/a><\/figure>\n\n\n\n<p>Unikajmy tak\u017ce przesady w drug\u0105 stron\u0119. Stylizacja na imprez\u0119 firmow\u0105 nie powinna by\u0107 kr\u0119puj\u0105ca i utrudniaj\u0105ca poruszanie si\u0119. Okrywanie cia\u0142a od st\u00f3p do g\u0142\u00f3w z pewno\u015bci\u0105 nie jest komfortowe, a to przecie\u017c nasze samopoczucie jest w tym dniu najwa\u017cniejsze. Stylizacja nie powinna by\u0107 przesadzona. Nie eksperymentuj tak\u017ce z nowymi, niesprawdzonymi fasonami. Je\u017celi nie b\u0119dziesz czu\u0107 si\u0119 komfortowo, na pewno b\u0119dzie to wida\u0107, a ty nie b\u0119dziesz si\u0119 dobrze bawi\u0107.&nbsp;<\/p>\n\n\n<section id=\"leonardo-block_7a0d58514119e34f4e7f2246525e95a3\" class=\"leonardo page-breaker leonardo-image-right\">\n    <div class=\"leonardo-body\">\n                <div class=\"leonardo-content\"><p><span class=\"TextRun SCXW68177511 BCX0\" lang=\"PL-PL\" xml:lang=\"PL-PL\" data-contrast=\"auto\"><span class=\"NormalTextRun SCXW68177511 BCX0\" data-ccp-parastyle=\"Standard\" data-ccp-parastyle-defn=\"{&quot;ObjectId&quot;:&quot;9efde114-838d-425d-befb-e5c61cc63943|5&quot;,&quot;ClassId&quot;:1073872969,&quot;Properties&quot;:[134233614,&quot;true&quot;,201340122,&quot;2&quot;,201341983,&quot;0&quot;,335559739,&quot;160&quot;,335559740,&quot;259&quot;,469775450,&quot;Standard&quot;,469778129,&quot;Standard&quot;,469778325,&quot;[\\&quot;Heading\\&quot;,\\&quot;Text body\\&quot;,\\&quot;caption\\&quot;,\\&quot;Index\\&quot;]&quot;]}\">Diabe\u0142 tkwi w szczeg\u00f3\u0142ach. Dobrze skomponowana stylizacja na imprez\u0119 firmow\u0105 powinna uwzgl\u0119dnia\u0107 wa\u017cn\u0105 rol\u0119 dodatk\u00f3w. Tu liczy si\u0119 jedna zasada \u2013 bez przesady! Nieodpowiednio dobrane dodatki zniweczy\u0142y efekt ko\u0144cowy niejednej stylizacji. Mniej znaczy l<\/span><span class=\"NormalTextRun SCXW68177511 BCX0\" data-ccp-parastyle=\"Standard\">epiej!<\/span><\/span><span class=\"EOP SCXW68177511 BCX0\" data-ccp-props=\"{&quot;201341983&quot;:0,&quot;335559739&quot;:160,&quot;335559740&quot;:259}\">\u00a0<\/span><\/p>\n<\/div>\n                    <aside class=\"leonardo-interlink\">\n                <b>Polecamy<\/b>\n                <a href=\"https:\/\/www.koronakarkonoszy.pl\/blog-dla-firm\/de\/impreza-przebierana\/\">Impreza przebierana &#8211; pomys\u0142 na integracj\u0119 pracownik\u00f3w<\/a>\n            <\/aside>\n            <\/div>\n    <div class=\"leonardo-image\">\n        <img loading=\"lazy\" decoding=\"async\" width=\"1280\" height=\"833\" src=\"https:\/\/www.koronakarkonoszy.pl\/blog-dla-firm\/wp-content\/uploads\/2021\/10\/stylizacja-na-impreze-firmowa2.jpg\" class=\"attachment-full size-full\" alt=\"Str\u00f3j na imprez\u0119 firmow\u0105\" srcset=\"https:\/\/www.koronakarkonoszy.pl\/blog-dla-firm\/wp-content\/uploads\/2021\/10\/stylizacja-na-impreze-firmowa2.jpg 1280w, https:\/\/www.koronakarkonoszy.pl\/blog-dla-firm\/wp-content\/uploads\/2021\/10\/stylizacja-na-impreze-firmowa2-300x195.jpg 300w, https:\/\/www.koronakarkonoszy.pl\/blog-dla-firm\/wp-content\/uploads\/2021\/10\/stylizacja-na-impreze-firmowa2-1024x666.jpg 1024w, https:\/\/www.koronakarkonoszy.pl\/blog-dla-firm\/wp-content\/uploads\/2021\/10\/stylizacja-na-impreze-firmowa2-768x500.jpg 768w\" sizes=\"auto, (max-width: 1280px) 100vw, 1280px\" \/>            <\/div>\n<\/section>\n\n\n<h2 class=\"wp-block-heading\" id=\"h-stylizacja-na-impreze-firmowa-zlote-zasady-nbsp\">Stylizacja na imprez\u0119 firmow\u0105 \u2013 z\u0142ote zasady&nbsp;<\/h2>\n\n\n\n<p>Zacznijmy od kolor\u00f3w. Je\u017celi&nbsp;<a href=\"https:\/\/www.koronakarkonoszy.pl\/blog-dla-firm\/jak-zorganizowac-spotkanie-firmowe\/\" target=\"_blank\" rel=\"noreferrer noopener\">spotkanie firmowe<\/a>&nbsp;ma miejsce w ci\u0105gu dnia, spokojnie mo\u017cemy postawi\u0107 na \u015bwie\u017ce, o\u017cywcze pastele lub zawsze trafione odcienie be\u017cu lub szaro\u015bci. Stylizacja na imprez\u0119 firmow\u0105 odbywaj\u0105c\u0105 si\u0119 w godzinach wieczornych powinna oscylowa\u0107 w znacznie ciemniejszej palecie kolor\u00f3w. Od g\u0142\u0119bokich odcieni rubinu, szmaragdu, czy butelkowej zieleni, po zawsze elegancki granat i czer\u0144. Podczas wieczornych gal i bankiet\u00f3w bardzo dobrze sprawdz\u0105&nbsp;si\u0119 r\u00f3wnie\u017c wszelkiego rodzaju brokaty i kryszta\u0142ki, pami\u0119tajmy jednak, by nie przesadzi\u0107 z ich ilo\u015bci\u0105.&nbsp;<\/p>\n\n\n\n<p>Dobieraj\u0105c stylizacj\u0119 na imprez\u0119 firmow\u0105, pami\u0119taj o podkre\u015bleniu swoich najwi\u0119kszych zalet. Je\u015bli masz szczup\u0142\u0105 tali\u0119, wybierz sukienk\u0119 w kszta\u0142cie litery A, kt\u00f3ra dodatkowo j\u0105 podkre\u015bli. Je\u015bli chcesz odsun\u0105\u0107 uwag\u0119 od zbyt wypuk\u0142ych ud czy brzucha, wybierz fason akcentuj\u0105cy g\u00f3rn\u0105 po\u0142ow\u0119 cia\u0142a. Jedna zasada sprawdza si\u0119 zawsze i wsz\u0119dzie &#8211; kreacja idealnie dopasowana do sylwetki sprawi, \u017ce zawsze b\u0119dziesz wygl\u0105da\u0107 fenomenalnie.&nbsp;<\/p>\n\n\n\n<p>Jak zorganizowa\u0107 imprez\u0119 &#8211; zobacz <a href=\"https:\/\/www.koronakarkonoszy.pl\/blog-dla-firm\/konfigurator-imprez-firmowych\/\">konfigurator imprez<\/a><\/p>\n","protected":false},"excerpt":{"rendered":"<p>Niewa\u017cne, czy pracujesz w korporacji, urz\u0119dzie, czy kreatywnym start-upie, stylizacja na imprez\u0119 firmow\u0105 zawsze powinna by\u0107 dopasowana do okoliczno\u015bci. Jednak\u00a0czasy sztywnych regu\u0142 ju\u017c dawno za nami. Wsp\u00f3\u0142czesny \u015bwiat docenia silne osobowo\u015bci i nowoczesne firmy dalekie s\u0105 od t\u0142amszenia wszelkich form wyra\u017cania w\u0142asnej osobowo\u015bci. Brak sztywnych regu\u0142 nie oznacza jednak, \u017ce stylizacja na imprez\u0119 firmow\u0105 ma [&hellip;]<\/p>\n","protected":false},"author":4,"featured_media":1556,"comment_status":"closed","ping_status":"closed","sticky":false,"template":"","format":"standard","meta":{"_acf_changed":false,"footnotes":""},"categories":[16,2],"class_list":["post-1555","post","type-post","status-publish","format-standard","has-post-thumbnail","hentry","category-imprezy-firmowe","category-porady"],"acf":[],"yoast_head":"<!-- This site is optimized with the Yoast SEO Premium plugin v27.5 (Yoast SEO v27.5) - https:\/\/yoast.com\/product\/yoast-seo-premium-wordpress\/ -->\n<title>Stylizacja na imprez\u0119 firmow\u0105 \u2013 wyra\u017a siebie, ale nie naruszaj etykiety! - :: Blog dla firm - szkolenia, zarz\u0105dzanie zespo\u0142em, team building<\/title>\n<meta name=\"description\" content=\"Brak sztywnych regu\u0142 nie oznacza, \u017ce stylizacja na imprez\u0119 firmow\u0105 ma by\u0107 byle jaka. Co zrobi\u0107, by ka\u017cdy wiedzia\u0142 jak si\u0119 ubra\u0107?\" \/>\n<meta name=\"robots\" content=\"index, follow, max-snippet:-1, max-image-preview:large, max-video-preview:-1\" \/>\n<link rel=\"canonical\" href=\"https:\/\/www.koronakarkonoszy.pl\/blog-dla-firm\/de\/styling-fur-eine-firmenveranstaltung\/\" \/>\n<meta property=\"og:locale\" content=\"de_DE\" \/>\n<meta property=\"og:type\" content=\"article\" \/>\n<meta property=\"og:title\" content=\"Stylizacja na imprez\u0119 firmow\u0105 \u2013 wyra\u017a siebie, ale nie naruszaj etykiety!\" \/>\n<meta property=\"og:description\" content=\"Brak sztywnych regu\u0142 nie oznacza, \u017ce stylizacja na imprez\u0119 firmow\u0105 ma by\u0107 byle jaka. Co zrobi\u0107, by ka\u017cdy wiedzia\u0142 jak si\u0119 ubra\u0107?\" \/>\n<meta property=\"og:url\" content=\"https:\/\/www.koronakarkonoszy.pl\/blog-dla-firm\/de\/styling-fur-eine-firmenveranstaltung\/\" \/>\n<meta property=\"og:site_name\" content=\":: Blog dla firm - szkolenia, zarz\u0105dzanie zespo\u0142em, team building\" \/>\n<meta property=\"article:published_time\" content=\"2021-10-11T13:29:00+00:00\" \/>\n<meta property=\"article:modified_time\" content=\"2024-05-30T15:24:19+00:00\" \/>\n<meta property=\"og:image\" content=\"https:\/\/www.koronakarkonoszy.pl\/blog-dla-firm\/wp-content\/uploads\/2021\/10\/stylizacja-na-impreze-firmowa.jpg\" \/>\n\t<meta property=\"og:image:width\" content=\"1280\" \/>\n\t<meta property=\"og:image:height\" content=\"853\" \/>\n\t<meta property=\"og:image:type\" content=\"image\/jpeg\" \/>\n<meta name=\"author\" content=\"Maria Szruba\" \/>\n<meta name=\"twitter:card\" content=\"summary_large_image\" \/>\n<meta name=\"twitter:label1\" content=\"Verfasst von\" \/>\n\t<meta name=\"twitter:data1\" content=\"Maria Szruba\" \/>\n\t<meta name=\"twitter:label2\" content=\"Gesch\u00e4tzte Lesezeit\" \/>\n\t<meta name=\"twitter:data2\" content=\"4\u00a0Minuten\" \/>\n<script type=\"application\/ld+json\" class=\"yoast-schema-graph\">{\"@context\":\"https:\\\/\\\/schema.org\",\"@graph\":[{\"@type\":\"Article\",\"@id\":\"https:\\\/\\\/www.koronakarkonoszy.pl\\\/blog-dla-firm\\\/stylizacja-na-impreze-firmowa\\\/#article\",\"isPartOf\":{\"@id\":\"https:\\\/\\\/www.koronakarkonoszy.pl\\\/blog-dla-firm\\\/stylizacja-na-impreze-firmowa\\\/\"},\"author\":{\"name\":\"Maria Szruba\",\"@id\":\"https:\\\/\\\/www.koronakarkonoszy.pl\\\/blog-dla-firm\\\/#\\\/schema\\\/person\\\/534aa22a9d8f007f1dee4909d6985b1b\"},\"headline\":\"Stylizacja na imprez\u0119 firmow\u0105 \u2013 wyra\u017a siebie, ale nie naruszaj etykiety!\",\"datePublished\":\"2021-10-11T13:29:00+00:00\",\"dateModified\":\"2024-05-30T15:24:19+00:00\",\"mainEntityOfPage\":{\"@id\":\"https:\\\/\\\/www.koronakarkonoszy.pl\\\/blog-dla-firm\\\/stylizacja-na-impreze-firmowa\\\/\"},\"wordCount\":680,\"image\":{\"@id\":\"https:\\\/\\\/www.koronakarkonoszy.pl\\\/blog-dla-firm\\\/stylizacja-na-impreze-firmowa\\\/#primaryimage\"},\"thumbnailUrl\":\"https:\\\/\\\/www.koronakarkonoszy.pl\\\/blog-dla-firm\\\/wp-content\\\/uploads\\\/2021\\\/10\\\/stylizacja-na-impreze-firmowa.jpg\",\"articleSection\":[\"Imprezy firmowe\",\"Porady\"],\"inLanguage\":\"de\"},{\"@type\":\"WebPage\",\"@id\":\"https:\\\/\\\/www.koronakarkonoszy.pl\\\/blog-dla-firm\\\/stylizacja-na-impreze-firmowa\\\/\",\"url\":\"https:\\\/\\\/www.koronakarkonoszy.pl\\\/blog-dla-firm\\\/stylizacja-na-impreze-firmowa\\\/\",\"name\":\"Stylizacja na imprez\u0119 firmow\u0105 \u2013 wyra\u017a siebie, ale nie naruszaj etykiety! - :: Blog dla firm - szkolenia, zarz\u0105dzanie zespo\u0142em, team building\",\"isPartOf\":{\"@id\":\"https:\\\/\\\/www.koronakarkonoszy.pl\\\/blog-dla-firm\\\/#website\"},\"primaryImageOfPage\":{\"@id\":\"https:\\\/\\\/www.koronakarkonoszy.pl\\\/blog-dla-firm\\\/stylizacja-na-impreze-firmowa\\\/#primaryimage\"},\"image\":{\"@id\":\"https:\\\/\\\/www.koronakarkonoszy.pl\\\/blog-dla-firm\\\/stylizacja-na-impreze-firmowa\\\/#primaryimage\"},\"thumbnailUrl\":\"https:\\\/\\\/www.koronakarkonoszy.pl\\\/blog-dla-firm\\\/wp-content\\\/uploads\\\/2021\\\/10\\\/stylizacja-na-impreze-firmowa.jpg\",\"datePublished\":\"2021-10-11T13:29:00+00:00\",\"dateModified\":\"2024-05-30T15:24:19+00:00\",\"author\":{\"@id\":\"https:\\\/\\\/www.koronakarkonoszy.pl\\\/blog-dla-firm\\\/#\\\/schema\\\/person\\\/534aa22a9d8f007f1dee4909d6985b1b\"},\"description\":\"Brak sztywnych regu\u0142 nie oznacza, \u017ce stylizacja na imprez\u0119 firmow\u0105 ma by\u0107 byle jaka. Co zrobi\u0107, by ka\u017cdy wiedzia\u0142 jak si\u0119 ubra\u0107?\",\"breadcrumb\":{\"@id\":\"https:\\\/\\\/www.koronakarkonoszy.pl\\\/blog-dla-firm\\\/stylizacja-na-impreze-firmowa\\\/#breadcrumb\"},\"inLanguage\":\"de\",\"potentialAction\":[{\"@type\":\"ReadAction\",\"target\":[\"https:\\\/\\\/www.koronakarkonoszy.pl\\\/blog-dla-firm\\\/stylizacja-na-impreze-firmowa\\\/\"]}]},{\"@type\":\"ImageObject\",\"inLanguage\":\"de\",\"@id\":\"https:\\\/\\\/www.koronakarkonoszy.pl\\\/blog-dla-firm\\\/stylizacja-na-impreze-firmowa\\\/#primaryimage\",\"url\":\"https:\\\/\\\/www.koronakarkonoszy.pl\\\/blog-dla-firm\\\/wp-content\\\/uploads\\\/2021\\\/10\\\/stylizacja-na-impreze-firmowa.jpg\",\"contentUrl\":\"https:\\\/\\\/www.koronakarkonoszy.pl\\\/blog-dla-firm\\\/wp-content\\\/uploads\\\/2021\\\/10\\\/stylizacja-na-impreze-firmowa.jpg\",\"width\":1280,\"height\":853,\"caption\":\"Dekoracje na imprez\u0119 firmow\u0105 - balony\"},{\"@type\":\"BreadcrumbList\",\"@id\":\"https:\\\/\\\/www.koronakarkonoszy.pl\\\/blog-dla-firm\\\/stylizacja-na-impreze-firmowa\\\/#breadcrumb\",\"itemListElement\":[{\"@type\":\"ListItem\",\"position\":1,\"name\":\"Strona g\u0142\u00f3wna\",\"item\":\"https:\\\/\\\/www.koronakarkonoszy.pl\\\/blog-dla-firm\\\/\"},{\"@type\":\"ListItem\",\"position\":2,\"name\":\"Stylizacja na imprez\u0119 firmow\u0105 \u2013 wyra\u017a siebie, ale nie naruszaj etykiety!\"}]},{\"@type\":\"WebSite\",\"@id\":\"https:\\\/\\\/www.koronakarkonoszy.pl\\\/blog-dla-firm\\\/#website\",\"url\":\"https:\\\/\\\/www.koronakarkonoszy.pl\\\/blog-dla-firm\\\/\",\"name\":\":: Blog dla firm - szkolenia, zarz\u0105dzanie zespo\u0142em, team building\",\"description\":\"\",\"potentialAction\":[{\"@type\":\"SearchAction\",\"target\":{\"@type\":\"EntryPoint\",\"urlTemplate\":\"https:\\\/\\\/www.koronakarkonoszy.pl\\\/blog-dla-firm\\\/?s={search_term_string}\"},\"query-input\":{\"@type\":\"PropertyValueSpecification\",\"valueRequired\":true,\"valueName\":\"search_term_string\"}}],\"inLanguage\":\"de\"},{\"@type\":\"Person\",\"@id\":\"https:\\\/\\\/www.koronakarkonoszy.pl\\\/blog-dla-firm\\\/#\\\/schema\\\/person\\\/534aa22a9d8f007f1dee4909d6985b1b\",\"name\":\"Maria Szruba\",\"image\":{\"@type\":\"ImageObject\",\"inLanguage\":\"de\",\"@id\":\"https:\\\/\\\/www.koronakarkonoszy.pl\\\/blog-dla-firm\\\/wp-content\\\/litespeed\\\/avatar\\\/d0fe7fde2b2277621e0a2904789bab14.jpg?ver=1777451721\",\"url\":\"https:\\\/\\\/www.koronakarkonoszy.pl\\\/blog-dla-firm\\\/wp-content\\\/litespeed\\\/avatar\\\/d0fe7fde2b2277621e0a2904789bab14.jpg?ver=1777451721\",\"contentUrl\":\"https:\\\/\\\/www.koronakarkonoszy.pl\\\/blog-dla-firm\\\/wp-content\\\/litespeed\\\/avatar\\\/d0fe7fde2b2277621e0a2904789bab14.jpg?ver=1777451721\",\"caption\":\"Maria Szruba\"},\"url\":\"https:\\\/\\\/www.koronakarkonoszy.pl\\\/blog-dla-firm\\\/de\\\/author\\\/m-szruba\\\/\"}]}<\/script>\n<!-- \/ Yoast SEO Premium plugin. -->","yoast_head_json":{"title":"Styling f\u00fcr eine Firmenveranstaltung \u2013 zeigen Sie sich, aber versto\u00dfen Sie nicht gegen die Etikette! - :: Blog f\u00fcr Unternehmen - Schulung, Teammanagement, Teambuilding","description":"Das Fehlen starrer Regeln bedeutet nicht, dass das Styling einer Firmenveranstaltung schlampig sein muss. Wie stellt man sicher, dass jeder wei\u00df, was er anziehen soll?","robots":{"index":"index","follow":"follow","max-snippet":"max-snippet:-1","max-image-preview":"max-image-preview:large","max-video-preview":"max-video-preview:-1"},"canonical":"https:\/\/www.koronakarkonoszy.pl\/blog-dla-firm\/de\/styling-fur-eine-firmenveranstaltung\/","og_locale":"de_DE","og_type":"article","og_title":"Stylizacja na imprez\u0119 firmow\u0105 \u2013 wyra\u017a siebie, ale nie naruszaj etykiety!","og_description":"Brak sztywnych regu\u0142 nie oznacza, \u017ce stylizacja na imprez\u0119 firmow\u0105 ma by\u0107 byle jaka. Co zrobi\u0107, by ka\u017cdy wiedzia\u0142 jak si\u0119 ubra\u0107?","og_url":"https:\/\/www.koronakarkonoszy.pl\/blog-dla-firm\/de\/styling-fur-eine-firmenveranstaltung\/","og_site_name":":: Blog dla firm - szkolenia, zarz\u0105dzanie zespo\u0142em, team building","article_published_time":"2021-10-11T13:29:00+00:00","article_modified_time":"2024-05-30T15:24:19+00:00","og_image":[{"width":1280,"height":853,"url":"https:\/\/www.koronakarkonoszy.pl\/blog-dla-firm\/wp-content\/uploads\/2021\/10\/stylizacja-na-impreze-firmowa.jpg","type":"image\/jpeg"}],"author":"Maria Szruba","twitter_card":"summary_large_image","twitter_misc":{"Verfasst von":"Maria Szruba","Gesch\u00e4tzte Lesezeit":"4\u00a0Minuten"},"schema":{"@context":"https:\/\/schema.org","@graph":[{"@type":"Article","@id":"https:\/\/www.koronakarkonoszy.pl\/blog-dla-firm\/stylizacja-na-impreze-firmowa\/#article","isPartOf":{"@id":"https:\/\/www.koronakarkonoszy.pl\/blog-dla-firm\/stylizacja-na-impreze-firmowa\/"},"author":{"name":"Maria Szruba","@id":"https:\/\/www.koronakarkonoszy.pl\/blog-dla-firm\/#\/schema\/person\/534aa22a9d8f007f1dee4909d6985b1b"},"headline":"Stylizacja na imprez\u0119 firmow\u0105 \u2013 wyra\u017a siebie, ale nie naruszaj etykiety!","datePublished":"2021-10-11T13:29:00+00:00","dateModified":"2024-05-30T15:24:19+00:00","mainEntityOfPage":{"@id":"https:\/\/www.koronakarkonoszy.pl\/blog-dla-firm\/stylizacja-na-impreze-firmowa\/"},"wordCount":680,"image":{"@id":"https:\/\/www.koronakarkonoszy.pl\/blog-dla-firm\/stylizacja-na-impreze-firmowa\/#primaryimage"},"thumbnailUrl":"https:\/\/www.koronakarkonoszy.pl\/blog-dla-firm\/wp-content\/uploads\/2021\/10\/stylizacja-na-impreze-firmowa.jpg","articleSection":["Imprezy firmowe","Porady"],"inLanguage":"de"},{"@type":"WebPage","@id":"https:\/\/www.koronakarkonoszy.pl\/blog-dla-firm\/stylizacja-na-impreze-firmowa\/","url":"https:\/\/www.koronakarkonoszy.pl\/blog-dla-firm\/stylizacja-na-impreze-firmowa\/","name":"Styling f\u00fcr eine Firmenveranstaltung \u2013 zeigen Sie sich, aber versto\u00dfen Sie nicht gegen die Etikette! - :: Blog f\u00fcr Unternehmen - Schulung, Teammanagement, Teambuilding","isPartOf":{"@id":"https:\/\/www.koronakarkonoszy.pl\/blog-dla-firm\/#website"},"primaryImageOfPage":{"@id":"https:\/\/www.koronakarkonoszy.pl\/blog-dla-firm\/stylizacja-na-impreze-firmowa\/#primaryimage"},"image":{"@id":"https:\/\/www.koronakarkonoszy.pl\/blog-dla-firm\/stylizacja-na-impreze-firmowa\/#primaryimage"},"thumbnailUrl":"https:\/\/www.koronakarkonoszy.pl\/blog-dla-firm\/wp-content\/uploads\/2021\/10\/stylizacja-na-impreze-firmowa.jpg","datePublished":"2021-10-11T13:29:00+00:00","dateModified":"2024-05-30T15:24:19+00:00","author":{"@id":"https:\/\/www.koronakarkonoszy.pl\/blog-dla-firm\/#\/schema\/person\/534aa22a9d8f007f1dee4909d6985b1b"},"description":"Das Fehlen starrer Regeln bedeutet nicht, dass das Styling einer Firmenveranstaltung schlampig sein muss. Wie stellt man sicher, dass jeder wei\u00df, was er anziehen soll?","breadcrumb":{"@id":"https:\/\/www.koronakarkonoszy.pl\/blog-dla-firm\/stylizacja-na-impreze-firmowa\/#breadcrumb"},"inLanguage":"de","potentialAction":[{"@type":"ReadAction","target":["https:\/\/www.koronakarkonoszy.pl\/blog-dla-firm\/stylizacja-na-impreze-firmowa\/"]}]},{"@type":"ImageObject","inLanguage":"de","@id":"https:\/\/www.koronakarkonoszy.pl\/blog-dla-firm\/stylizacja-na-impreze-firmowa\/#primaryimage","url":"https:\/\/www.koronakarkonoszy.pl\/blog-dla-firm\/wp-content\/uploads\/2021\/10\/stylizacja-na-impreze-firmowa.jpg","contentUrl":"https:\/\/www.koronakarkonoszy.pl\/blog-dla-firm\/wp-content\/uploads\/2021\/10\/stylizacja-na-impreze-firmowa.jpg","width":1280,"height":853,"caption":"Dekoracje na imprez\u0119 firmow\u0105 - balony"},{"@type":"BreadcrumbList","@id":"https:\/\/www.koronakarkonoszy.pl\/blog-dla-firm\/stylizacja-na-impreze-firmowa\/#breadcrumb","itemListElement":[{"@type":"ListItem","position":1,"name":"Strona g\u0142\u00f3wna","item":"https:\/\/www.koronakarkonoszy.pl\/blog-dla-firm\/"},{"@type":"ListItem","position":2,"name":"Stylizacja na imprez\u0119 firmow\u0105 \u2013 wyra\u017a siebie, ale nie naruszaj etykiety!"}]},{"@type":"WebSite","@id":"https:\/\/www.koronakarkonoszy.pl\/blog-dla-firm\/#website","url":"https:\/\/www.koronakarkonoszy.pl\/blog-dla-firm\/","name":":: Blog f\u00fcr Unternehmen \u2013 Schulung, Teammanagement, Teambuilding","description":"","potentialAction":[{"@type":"SearchAction","target":{"@type":"EntryPoint","urlTemplate":"https:\/\/www.koronakarkonoszy.pl\/blog-dla-firm\/?s={search_term_string}"},"query-input":{"@type":"PropertyValueSpecification","valueRequired":true,"valueName":"search_term_string"}}],"inLanguage":"de"},{"@type":"Person","@id":"https:\/\/www.koronakarkonoszy.pl\/blog-dla-firm\/#\/schema\/person\/534aa22a9d8f007f1dee4909d6985b1b","name":"Maria Szruba","image":{"@type":"ImageObject","inLanguage":"de","@id":"https:\/\/www.koronakarkonoszy.pl\/blog-dla-firm\/wp-content\/litespeed\/avatar\/d0fe7fde2b2277621e0a2904789bab14.jpg?ver=1777451721","url":"https:\/\/www.koronakarkonoszy.pl\/blog-dla-firm\/wp-content\/litespeed\/avatar\/d0fe7fde2b2277621e0a2904789bab14.jpg?ver=1777451721","contentUrl":"https:\/\/www.koronakarkonoszy.pl\/blog-dla-firm\/wp-content\/litespeed\/avatar\/d0fe7fde2b2277621e0a2904789bab14.jpg?ver=1777451721","caption":"Maria Szruba"},"url":"https:\/\/www.koronakarkonoszy.pl\/blog-dla-firm\/de\/author\/m-szruba\/"}]}},"_links":{"self":[{"href":"https:\/\/www.koronakarkonoszy.pl\/blog-dla-firm\/de\/wp-json\/wp\/v2\/posts\/1555","targetHints":{"allow":["GET"]}}],"collection":[{"href":"https:\/\/www.koronakarkonoszy.pl\/blog-dla-firm\/de\/wp-json\/wp\/v2\/posts"}],"about":[{"href":"https:\/\/www.koronakarkonoszy.pl\/blog-dla-firm\/de\/wp-json\/wp\/v2\/types\/post"}],"author":[{"embeddable":true,"href":"https:\/\/www.koronakarkonoszy.pl\/blog-dla-firm\/de\/wp-json\/wp\/v2\/users\/4"}],"replies":[{"embeddable":true,"href":"https:\/\/www.koronakarkonoszy.pl\/blog-dla-firm\/de\/wp-json\/wp\/v2\/comments?post=1555"}],"version-history":[{"count":2,"href":"https:\/\/www.koronakarkonoszy.pl\/blog-dla-firm\/de\/wp-json\/wp\/v2\/posts\/1555\/revisions"}],"predecessor-version":[{"id":9956,"href":"https:\/\/www.koronakarkonoszy.pl\/blog-dla-firm\/de\/wp-json\/wp\/v2\/posts\/1555\/revisions\/9956"}],"wp:featuredmedia":[{"embeddable":true,"href":"https:\/\/www.koronakarkonoszy.pl\/blog-dla-firm\/de\/wp-json\/wp\/v2\/media\/1556"}],"wp:attachment":[{"href":"https:\/\/www.koronakarkonoszy.pl\/blog-dla-firm\/de\/wp-json\/wp\/v2\/media?parent=1555"}],"wp:term":[{"taxonomy":"category","embeddable":true,"href":"https:\/\/www.koronakarkonoszy.pl\/blog-dla-firm\/de\/wp-json\/wp\/v2\/categories?post=1555"}],"curies":[{"name":"wp","href":"https:\/\/api.w.org\/{rel}","templated":true}]}}