{"id":1258,"date":"2021-09-19T19:50:00","date_gmt":"2021-09-19T17:50:00","guid":{"rendered":"https:\/\/www.koronakarkonoszy.pl\/blog-dla-firm\/?p=1258"},"modified":"2024-05-30T17:37:49","modified_gmt":"2024-05-30T15:37:49","slug":"15-lecie-firmy","status":"publish","type":"post","link":"https:\/\/www.koronakarkonoszy.pl\/blog-dla-firm\/de\/15-lecie-firmy\/","title":{"rendered":"15-j\u00e4hriges Firmenjubil\u00e4um \u2013 der perfekte Zeitpunkt, um die bisherigen Erfolge zusammenzufassen"},"content":{"rendered":"\n<p>Jubileusz, taki jak\u00a015-lecie\u00a0firmy,\u00a0sprzyja podsumowaniom. W\u0142a\u015bciciele i wsp\u00f3\u0142pracownicy maj\u0105 ju\u017c pe\u0142n\u0105\u00a0\u015bwiadomo\u015b\u0107 pozycji firmy na rynku. W zwi\u0105zku z tym przyjemno\u015bci\u0105 wspominaj\u0105 nie tylko dobre momenty, ale i wyzwania, z kt\u00f3rymi musieli si\u0119 zmierzy\u0107. To idealny moment, by bli\u017cej przyjrze\u0107 si\u0119 decyzjom, kt\u00f3re na przestrzeni lat okaza\u0142y si\u0119 by\u0107 prze\u0142omowe. To w\u0142a\u015bnie bogata i barwna historia firmy powinna stanowi\u0107 t\u0142o pod uroczysto\u015bci zwi\u0105zane z obchodami\u00a0tego wydarzenia.\u00a0<\/p>\n\n\n<div id=\"ariadna-block_709e7f862f98c4ecfa020ee29c59b080\" class=\"ariadna\">\n    <ul><li><a href=\"#h-dlaczego-warto-nbsp-swietowac-nbsp-15-lecie-nbsp-firmy-nbsp\">Dlaczego warto&nbsp;\u015bwi\u0119towa\u0107&nbsp;15-lecie&nbsp;firmy?&nbsp;<\/a><\/li><li><a href=\"#h-15-lecie-nbsp-firmy-nbsp-jak-zorganizowac-jubileusz-nbsp\">15-lecie&nbsp;firmy&nbsp;&#8211; jak zorganizowa\u0107 jubileusz?&nbsp;<\/a><\/li><li><a href=\"#ha-szukasz-wyjatkowego-miejsca-na-zorganizowanie-jubileuszu-firmy\">Szukasz wyj\u0105tkowego miejsca na zorganizowanie jubileuszu firmy?<\/a><\/li><li><a href=\"#h-oryginalne-pomysly-na-nbsp-15-lecie-nbsp-firmy-nbsp\">Oryginalne pomys\u0142y na&nbsp;15-lecie&nbsp;firmy&nbsp;<\/a><\/li><\/ul>\n<\/div>\n\n\n\n\n\n\n<figure class=\"wp-block-image size-large is-resized\"><a href=\"https:\/\/www.koronakarkonoszy.pl\/konfigurator-imprez\/\" target=\"_blank\" rel=\"noreferrer noopener\"><img loading=\"lazy\" decoding=\"async\" width=\"1024\" height=\"510\" src=\"https:\/\/www.koronakarkonoszy.pl\/blog-dla-firm\/wp-content\/uploads\/2023\/11\/DKK-konfigurator_01-1024x510.jpg\" alt=\"Konfigurator imprez firmowych agencji eventowej Dw\u00f3r Korona Karkonoszy\" class=\"wp-image-7804\" style=\"width:855px;height:auto\" title=\"Konfigurator imprez firmowych agencji eventowej \" srcset=\"https:\/\/www.koronakarkonoszy.pl\/blog-dla-firm\/wp-content\/uploads\/2023\/11\/DKK-konfigurator_01-1024x510.jpg 1024w, https:\/\/www.koronakarkonoszy.pl\/blog-dla-firm\/wp-content\/uploads\/2023\/11\/DKK-konfigurator_01-300x150.jpg 300w, https:\/\/www.koronakarkonoszy.pl\/blog-dla-firm\/wp-content\/uploads\/2023\/11\/DKK-konfigurator_01-768x383.jpg 768w, https:\/\/www.koronakarkonoszy.pl\/blog-dla-firm\/wp-content\/uploads\/2023\/11\/DKK-konfigurator_01-1920x957.jpg 1920w, https:\/\/www.koronakarkonoszy.pl\/blog-dla-firm\/wp-content\/uploads\/2023\/11\/DKK-konfigurator_01-1536x766.jpg 1536w, https:\/\/www.koronakarkonoszy.pl\/blog-dla-firm\/wp-content\/uploads\/2023\/11\/DKK-konfigurator_01-18x9.jpg 18w, https:\/\/www.koronakarkonoszy.pl\/blog-dla-firm\/wp-content\/uploads\/2023\/11\/DKK-konfigurator_01.jpg 2040w\" sizes=\"auto, (max-width: 1024px) 100vw, 1024px\" \/><\/a><\/figure>\n\n\n\n<p>Kryszta\u0142owa rocznica istnienia firmy powinna by\u0107 przygotowana nie tylko zgodnie z wizj\u0105 przedsi\u0119biorstwa, ale tak\u017ce z aktualnie panuj\u0105cymi trendami. Dlatego warto powierzy\u0107 jej organizacj\u0119 profesjonalnej agencji&nbsp;eventowej. 15-lecie firmy powinno by\u0107 wydarzeniem niezwykle presti\u017cowym, potwierdzaj\u0105cym stabiln\u0105 pozycj\u0119 firmy na tle konkurencji.&nbsp;<\/p>\n\n\n\n<h2 class=\"wp-block-heading\" id=\"h-dlaczego-warto-nbsp-swietowac-nbsp-15-lecie-nbsp-firmy-nbsp\">Dlaczego warto&nbsp;\u015bwi\u0119towa\u0107&nbsp;15-lecie&nbsp;firmy?&nbsp;<\/h2>\n\n\n\n<p>15-lecie firmy to \u015bwietna okazja do wyr\u00f3\u017cnienia os\u00f3b, dzi\u0119ki kt\u00f3rym uda\u0142o si\u0119 osi\u0105gn\u0105 sukces. Zw\u0142aszcza tych, kt\u00f3rzy byli z nami od pocz\u0105tku, na dobre i na z\u0142e. Na li\u015bcie go\u015bci nie mo\u017ce zabrakn\u0105\u0107 \u017cadnego pracownika, kluczowego partnera biznesowego, czy lojalnego klienta. Oni wszyscy mieli wp\u0142yw na to, w kt\u00f3rym miejscu teraz znajduje si\u0119 firma. Jubileusz firmy&nbsp;jest wi\u0119c najlepsz\u0105 okazj\u0105, by wyrazi\u0107 im nasz\u0105 wdzi\u0119czno\u015b\u0107.&nbsp;<\/p>\n\n\n\n<p>Udzia\u0142 w&nbsp;takim&nbsp;evencie&nbsp;to tak\u017ce doskona\u0142a okazja&nbsp;do&nbsp;tego, by poprawi\u0107&nbsp;<a href=\"https:\/\/www.koronakarkonoszy.pl\/blog-dla-firm\/relacje-pracownicze-2\/\" target=\"_blank\" rel=\"noreferrer noopener\">relacje pracownicze<\/a>&nbsp;i zintegrowa\u0107&nbsp;zesp\u00f3\u0142. Wsp\u00f3lne \u015bwi\u0119towanie korzystnie wp\u0142ywa na atmosfer\u0119 panuj\u0105c\u0105 w firmie, kt\u00f3r\u0105 tworzy kilka pokole\u0144 pracownik\u00f3w, kt\u00f3rym na co dzie\u0144 nie\u0142atwo jest si\u0119 porozumie\u0107. Odpowiednio dobrane atrakcje lub motyw przewodni uroczystego jubileuszu pomog\u0105 zacie\u015bni\u0107 relacje pracownicze. Mog\u0105 tak\u017ce znacz\u0105co wp\u0142yn\u0105\u0107 na lojalno\u015b\u0107 i zaanga\u017cowanie w rozw\u00f3j zespo\u0142u.&nbsp;<\/p>\n\n\n<section id=\"leonardo-block_c2a97e550fa470d273d71ee2f1bdfcb3\" class=\"leonardo page-breaker leonardo-image-left\">\n    <div class=\"leonardo-body\">\n                <div class=\"leonardo-content\"><p><span class=\"NormalTextRun SCXW114869757 BCX0\" data-ccp-parastyle=\"Standard\" data-ccp-parastyle-defn=\"{&quot;ObjectId&quot;:&quot;f12762ef-1371-4ab4-9896-1d6e2b87a564|5&quot;,&quot;ClassId&quot;:1073872969,&quot;Properties&quot;:[134233614,&quot;true&quot;,201340122,&quot;2&quot;,469775450,&quot;Standard&quot;,469778129,&quot;Standard&quot;,469778325,&quot;[\\&quot;Heading\\&quot;,\\&quot;Text body\\&quot;,\\&quot;caption\\&quot;,\\&quot;Index\\&quot;]&quot;]}\">15-lecie firmy to tak\u017ce dobry moment, by wdro\u017cy\u0107 bardziej zaanga\u017cowane dzia\u0142ania CSR (Spo\u0142ecznej Odpowiedzialno\u015bci Biznesu). \u015awi\u0119towanie, kt\u00f3re bezpo\u015brednio przek\u0142ada\u00a0<\/span><span class=\"NormalTextRun SCXW114869757 BCX0\" data-ccp-parastyle=\"Standard\">si\u0119 na wsp\u00f3lne pomaganie lokalnej spo\u0142eczno\u015bci, podopiecznym miejscowych plac\u00f3wek lub schronisk, a tak\u017ce planecie, jako naszego wsp\u00f3lnego miejsca do \u017cycia, przynosi wyj\u0105tkowe profity wizerunkowe, a tak\u017ce pomaga budowa\u0107 niezwykle trwa\u0142e, silne i kreatywne z<\/span><span class=\"NormalTextRun SCXW114869757 BCX0\" data-ccp-parastyle=\"Standard\">espo\u0142y.<\/span><\/p>\n<\/div>\n                    <aside class=\"leonardo-interlink\">\n                <b>Polecamy<\/b>\n                <a href=\"https:\/\/www.koronakarkonoszy.pl\/blog-dla-firm\/de\/jubileusz-firmy-jak-zorganizowac\/\">Jubileusz firmy \u2013 jak zorganizowa\u0107 niezapomniane wydarzenie?<\/a>\n            <\/aside>\n            <\/div>\n    <div class=\"leonardo-image\">\n        <img loading=\"lazy\" decoding=\"async\" width=\"1280\" height=\"855\" src=\"https:\/\/www.koronakarkonoszy.pl\/blog-dla-firm\/wp-content\/uploads\/2021\/09\/15-lecie-firmy1.jpg\" class=\"attachment-full size-full\" alt=\"15-lecie firmy - zabawy\" srcset=\"https:\/\/www.koronakarkonoszy.pl\/blog-dla-firm\/wp-content\/uploads\/2021\/09\/15-lecie-firmy1.jpg 1280w, https:\/\/www.koronakarkonoszy.pl\/blog-dla-firm\/wp-content\/uploads\/2021\/09\/15-lecie-firmy1-300x200.jpg 300w, https:\/\/www.koronakarkonoszy.pl\/blog-dla-firm\/wp-content\/uploads\/2021\/09\/15-lecie-firmy1-1024x684.jpg 1024w, https:\/\/www.koronakarkonoszy.pl\/blog-dla-firm\/wp-content\/uploads\/2021\/09\/15-lecie-firmy1-768x513.jpg 768w\" sizes=\"auto, (max-width: 1280px) 100vw, 1280px\" \/>            <\/div>\n<\/section>\n\n\n<h2 class=\"wp-block-heading\" id=\"h-15-lecie-nbsp-firmy-nbsp-jak-zorganizowac-jubileusz-nbsp\">15-lecie&nbsp;firmy&nbsp;&#8211; jak zorganizowa\u0107 jubileusz?&nbsp;<\/h2>\n\n\n\n<p>Organizuj\u0105c uroczyste 15-lecie firmy warto zaplanowa\u0107 poszczeg\u00f3lne elementy jubileuszu. Tak, by z jednej strony idealnie wpisywa\u0142y si\u0119 w charakter przedsi\u0119biorstwa i os\u00f3b, kt\u00f3re go tworz\u0105. A z drugiej strony jasno wskazywa\u0142y kierunek, kt\u00f3ry chcemy rozwija\u0107 w przysz\u0142o\u015bci.&nbsp;<\/p>\n\n\n\n<p>15-lecie firmy cz\u0119sto przybiera form\u0119 ca\u0142orocznej celebracji, na kt\u00f3r\u0105 sk\u0142adaj\u0105 si\u0119 nie tylko eventy z udzia\u0142em pracownik\u00f3w i zaproszonych go\u015bci, ale tak\u017ce oryginalna strategia marketingowa, a nawet wprowadzenie na rynek limitowanej wersji oferowanych produkt\u00f3w lub us\u0142ug. Poszczeg\u00f3lne kroki warto r\u00f3wnomiernie roz\u0142o\u017cy\u0107 w czasie, k\u0142ad\u0105c g\u0142\u00f3wny akcent na miesi\u0105cu, w kt\u00f3rym zapad\u0142a decyzja o za\u0142o\u017ceniu dzia\u0142alno\u015bci gospodarczej. <\/p>\n\n\n\n<p>Roz\u0142o\u017cenie poszczeg\u00f3lnych dzia\u0142a\u0144 w czasie, nie tylko pozwoli nam budowa\u0107 pozytywne napi\u0119cie wok\u00f3\u0142 marki. Pomo\u017ce nam tak\u017ce w organizacji funduszy przeznaczonych na realizacj\u0119 wszystkich punkt\u00f3w planu.&nbsp;Warto w nim uwzgl\u0119dni\u0107 tak\u017ce&nbsp;<a href=\"https:\/\/www.koronakarkonoszy.pl\/blog-dla-firm\/przemowienie-na-jubileusz-firmy\/\" target=\"_blank\" rel=\"noreferrer noopener\">przem\u00f3wienie na jubileusz firmy<\/a>, do kt\u00f3rego trzeba si\u0119 odpowiednio wcze\u015bnie przygotowa\u0107.&nbsp;&nbsp;<\/p>\n\n\n<section id=\"ctaninja-block_7a4dfc9637c30310f2cba53f8c69507f\" class=\"ctaninja\">\n    <div class=\"ctaninja-body\">\n        <h2 id=\"ha-szukasz-wyjatkowego-miejsca-na-zorganizowanie-jubileuszu-firmy\">Szukasz wyj\u0105tkowego miejsca na zorganizowanie jubileuszu firmy?<\/h2>\n        <p>Zr\u00f3b go z nami!<\/p>\n        <div class=\"nf-container\">\n            <noscript class=\"ninja-forms-noscript-message\">\n\tHinweis: F\u00fcr diesen Inhalt ist JavaScript erforderlich.<\/noscript>\n<div id=\"nf-form-1-cont\" class=\"nf-form-cont\" aria-live=\"polite\" aria-labelledby=\"nf-form-title-1\" aria-describedby=\"nf-form-errors-1\" role=\"form\">\n\n    <div class=\"nf-loading-spinner\"><\/div>\n\n<\/div>\n        <!-- That data is being printed as a workaround to page builders reordering the order of the scripts loaded-->\n        <script>var formDisplay=1;var nfForms=nfForms||[];var form=[];form.id='1';form.settings={\"objectType\":\"Form Setting\",\"editActive\":\"\",\"title\":\"Contact Me\",\"key\":\"\",\"created_at\":\"2021-05-24 17:00:03\",\"default_label_pos\":\"above\",\"conditions\":[],\"show_title\":\"1\",\"clear_complete\":\"1\",\"hide_complete\":\"1\",\"wrapper_class\":\"\",\"element_class\":\"\",\"add_submit\":\"1\",\"logged_in\":\"\",\"not_logged_in_msg\":\"\",\"sub_limit_number\":\"\",\"sub_limit_msg\":\"\",\"calculations\":[],\"formContentData\":[{\"order\":1,\"cells\":[{\"order\":0,\"fields\":[\"email\"],\"width\":50},{\"order\":1,\"fields\":[\"wyslij_1675426055268\"],\"width\":50}]}],\"container_styles_background-color\":\"\",\"container_styles_border\":\"\",\"container_styles_border-style\":\"\",\"container_styles_border-color\":\"\",\"container_styles_color\":\"\",\"container_styles_height\":\"\",\"container_styles_width\":\"\",\"container_styles_font-size\":\"\",\"container_styles_margin\":\"\",\"container_styles_padding\":\"\",\"container_styles_display\":\"\",\"container_styles_float\":\"\",\"container_styles_show_advanced_css\":\"0\",\"container_styles_advanced\":\"\",\"title_styles_background-color\":\"\",\"title_styles_border\":\"\",\"title_styles_border-style\":\"\",\"title_styles_border-color\":\"\",\"title_styles_color\":\"\",\"title_styles_height\":\"\",\"title_styles_width\":\"\",\"title_styles_font-size\":\"\",\"title_styles_margin\":\"\",\"title_styles_padding\":\"\",\"title_styles_display\":\"\",\"title_styles_float\":\"\",\"title_styles_show_advanced_css\":\"0\",\"title_styles_advanced\":\"\",\"row_styles_background-color\":\"\",\"row_styles_border\":\"\",\"row_styles_border-style\":\"\",\"row_styles_border-color\":\"\",\"row_styles_color\":\"\",\"row_styles_height\":\"\",\"row_styles_width\":\"\",\"row_styles_font-size\":\"\",\"row_styles_margin\":\"\",\"row_styles_padding\":\"\",\"row_styles_display\":\"\",\"row_styles_show_advanced_css\":\"0\",\"row_styles_advanced\":\"\",\"row-odd_styles_background-color\":\"\",\"row-odd_styles_border\":\"\",\"row-odd_styles_border-style\":\"\",\"row-odd_styles_border-color\":\"\",\"row-odd_styles_color\":\"\",\"row-odd_styles_height\":\"\",\"row-odd_styles_width\":\"\",\"row-odd_styles_font-size\":\"\",\"row-odd_styles_margin\":\"\",\"row-odd_styles_padding\":\"\",\"row-odd_styles_display\":\"\",\"row-odd_styles_show_advanced_css\":\"0\",\"row-odd_styles_advanced\":\"\",\"success-msg_styles_background-color\":\"\",\"success-msg_styles_border\":\"\",\"success-msg_styles_border-style\":\"\",\"success-msg_styles_border-color\":\"\",\"success-msg_styles_color\":\"\",\"success-msg_styles_height\":\"\",\"success-msg_styles_width\":\"\",\"success-msg_styles_font-size\":\"\",\"success-msg_styles_margin\":\"\",\"success-msg_styles_padding\":\"\",\"success-msg_styles_display\":\"\",\"success-msg_styles_show_advanced_css\":\"0\",\"success-msg_styles_advanced\":\"\",\"error_msg_styles_background-color\":\"\",\"error_msg_styles_border\":\"\",\"error_msg_styles_border-style\":\"\",\"error_msg_styles_border-color\":\"\",\"error_msg_styles_color\":\"\",\"error_msg_styles_height\":\"\",\"error_msg_styles_width\":\"\",\"error_msg_styles_font-size\":\"\",\"error_msg_styles_margin\":\"\",\"error_msg_styles_padding\":\"\",\"error_msg_styles_display\":\"\",\"error_msg_styles_show_advanced_css\":\"0\",\"error_msg_styles_advanced\":\"\",\"allow_public_link\":0,\"embed_form\":\"\",\"currency\":\"\",\"repeatable_fieldsets\":\"\",\"unique_field_error\":\"Formularz z t\\u0105 warto\\u015bci\\u0105 zosta\\u0142 ju\\u017c przes\\u0142any.\",\"form_title_heading_level\":\"3\",\"ninjaForms\":\"Ninja Forms\",\"changeEmailErrorMsg\":\"Bitte gib eine g\\u00fcltige E-Mail-Adresse ein.\",\"changeDateErrorMsg\":\"Bitte gib ein g\\u00fcltiges Datum ein!\",\"confirmFieldErrorMsg\":\"Diese Felder m\\u00fcssen \\u00fcbereinstimmen!\",\"fieldNumberNumMinError\":\"Die eingegebene Zahl ist zu klein.\",\"fieldNumberNumMaxError\":\"Die eingegebene Zahl ist zu gross.\",\"fieldNumberIncrementBy\":\"Bitte erh\\u00f6hen in Schritten von\",\"fieldTextareaRTEInsertLink\":\"Link einf\\u00fcgen\",\"fieldTextareaRTEInsertMedia\":\"Medien einf\\u00fcgen\",\"fieldTextareaRTESelectAFile\":\"Eine Datei ausw\\u00e4hlen\",\"formErrorsCorrectErrors\":\"Bitte korrigiere die Fehler, bevor du das Formular sendest.\",\"formHoneypot\":\"Falls du ein Mensch bist und dieses Feld siehst, dann lasse es bitte leer.\",\"validateRequiredField\":\"Dies ist ein Pflichtfeld.\",\"honeypotHoneypotError\":\"Honeypot-Fehler\",\"fileUploadOldCodeFileUploadInProgress\":\"Datei-Upload l\\u00e4uft.\",\"fileUploadOldCodeFileUpload\":\"DATEI-UPLOAD\",\"currencySymbol\":\"&#36;\",\"fieldsMarkedRequired\":\"Felder mit einem <span class=\\\"ninja-forms-req-symbol\\\">*<\\\/span> sind Pflichtfelder\",\"thousands_sep\":\".\",\"decimal_point\":\",\",\"siteLocale\":\"de_DE\",\"dateFormat\":\"m\\\/d\\\/Y\",\"startOfWeek\":\"1\",\"of\":\"von\",\"previousMonth\":\"Vorheriger Monat\",\"nextMonth\":\"N\\u00e4chster Monat\",\"months\":[\"Januar\",\"Februar\",\"M\\u00e4rz\",\"April\",\"Mai\",\"Juni\",\"Juli\",\"August\",\"September\",\"Oktober\",\"November\",\"Dezember\"],\"monthsShort\":[\"Jan.\",\"Feb.\",\"M\\u00e4rz\",\"Apr.\",\"Mai\",\"Juni\",\"Juli\",\"Aug\",\"Sep.\",\"Okt.\",\"Nov.\",\"Dez.\"],\"weekdays\":[\"Sonntag\",\"Montag\",\"Dienstag\",\"Mittwoch\",\"Donnerstag\",\"Freitag\",\"Samstag\"],\"weekdaysShort\":[\"So.\",\"Mo.\",\"Di.\",\"Mi.\",\"Do.\",\"Fr.\",\"Sa.\"],\"weekdaysMin\":[\"So.\",\"Mo.\",\"Di.\",\"Mi.\",\"Do.\",\"Fr.\",\"Sa.\"],\"recaptchaConsentMissing\":\"reCaptcha validation couldn&#039;t load.\",\"recaptchaMissingCookie\":\"reCaptcha v3 validation couldn&#039;t load the cookie needed to submit the form.\",\"recaptchaConsentEvent\":\"Accept reCaptcha cookies before sending the form.\",\"currency_symbol\":\"\",\"beforeForm\":\"\",\"beforeFields\":\"\",\"afterFields\":\"\",\"afterForm\":\"\"};form.fields=[{\"objectType\":\"Field\",\"objectDomain\":\"fields\",\"editActive\":false,\"order\":1,\"idAttribute\":\"id\",\"label\":\"Email\",\"key\":\"email\",\"type\":\"email\",\"created_at\":\"2021-05-24 17:00:04\",\"label_pos\":\"above\",\"required\":1,\"placeholder\":\"Podaj maila, skontaktujemy si\\u0119 z Tob\\u0105\",\"default\":\"\",\"wrapper_class\":\"\",\"element_class\":\"\",\"container_class\":\"\",\"admin_label\":\"\",\"help_text\":\"\",\"desc_text\":\"\",\"wrap_styles_background-color\":\"\",\"wrap_styles_border\":\"\",\"wrap_styles_border-style\":\"\",\"wrap_styles_border-color\":\"\",\"wrap_styles_color\":\"\",\"wrap_styles_height\":\"\",\"wrap_styles_width\":\"\",\"wrap_styles_font-size\":\"\",\"wrap_styles_margin\":\"\",\"wrap_styles_padding\":\"\",\"wrap_styles_display\":\"\",\"wrap_styles_float\":\"\",\"wrap_styles_show_advanced_css\":0,\"wrap_styles_advanced\":\"\",\"label_styles_background-color\":\"\",\"label_styles_border\":\"\",\"label_styles_border-style\":\"\",\"label_styles_border-color\":\"\",\"label_styles_color\":\"\",\"label_styles_height\":\"\",\"label_styles_width\":\"\",\"label_styles_font-size\":\"\",\"label_styles_margin\":\"\",\"label_styles_padding\":\"\",\"label_styles_display\":\"\",\"label_styles_float\":\"\",\"label_styles_show_advanced_css\":0,\"label_styles_advanced\":\"\",\"element_styles_background-color\":\"\",\"element_styles_border\":\"\",\"element_styles_border-style\":\"\",\"element_styles_border-color\":\"\",\"element_styles_color\":\"\",\"element_styles_height\":\"\",\"element_styles_width\":\"\",\"element_styles_font-size\":\"\",\"element_styles_margin\":\"\",\"element_styles_padding\":\"\",\"element_styles_display\":\"\",\"element_styles_float\":\"\",\"element_styles_show_advanced_css\":0,\"element_styles_advanced\":\"\",\"cellcid\":\"c3391\",\"custom_name_attribute\":\"email\",\"personally_identifiable\":1,\"value\":\"\",\"drawerDisabled\":false,\"id\":2,\"beforeField\":\"\",\"afterField\":\"\",\"parentType\":\"email\",\"element_templates\":[\"email\",\"input\"],\"old_classname\":\"\",\"wrap_template\":\"wrap\"},{\"objectType\":\"Field\",\"objectDomain\":\"fields\",\"editActive\":false,\"order\":2,\"idAttribute\":\"id\",\"label\":\"Wy\\u015blij\",\"key\":\"wyslij_1675426055268\",\"type\":\"submit\",\"created_at\":\"2021-05-24 17:00:05\",\"processing_label\":\"Wysy\\u0142anie...\",\"container_class\":\"\",\"element_class\":\"\",\"wrap_styles_background-color\":\"\",\"wrap_styles_border\":\"\",\"wrap_styles_border-style\":\"\",\"wrap_styles_border-color\":\"\",\"wrap_styles_color\":\"\",\"wrap_styles_height\":\"\",\"wrap_styles_width\":\"\",\"wrap_styles_font-size\":\"\",\"wrap_styles_margin\":\"\",\"wrap_styles_padding\":\"\",\"wrap_styles_display\":\"\",\"wrap_styles_float\":\"\",\"wrap_styles_show_advanced_css\":0,\"wrap_styles_advanced\":\"\",\"label_styles_background-color\":\"\",\"label_styles_border\":\"\",\"label_styles_border-style\":\"\",\"label_styles_border-color\":\"\",\"label_styles_color\":\"\",\"label_styles_height\":\"\",\"label_styles_width\":\"\",\"label_styles_font-size\":\"\",\"label_styles_margin\":\"\",\"label_styles_padding\":\"\",\"label_styles_display\":\"\",\"label_styles_float\":\"\",\"label_styles_show_advanced_css\":0,\"label_styles_advanced\":\"\",\"element_styles_background-color\":\"\",\"element_styles_border\":\"\",\"element_styles_border-style\":\"\",\"element_styles_border-color\":\"\",\"element_styles_color\":\"\",\"element_styles_height\":\"\",\"element_styles_width\":\"\",\"element_styles_font-size\":\"\",\"element_styles_margin\":\"\",\"element_styles_padding\":\"\",\"element_styles_display\":\"\",\"element_styles_float\":\"\",\"element_styles_show_advanced_css\":0,\"element_styles_advanced\":\"\",\"submit_element_hover_styles_background-color\":\"\",\"submit_element_hover_styles_border\":\"\",\"submit_element_hover_styles_border-style\":\"\",\"submit_element_hover_styles_border-color\":\"\",\"submit_element_hover_styles_color\":\"\",\"submit_element_hover_styles_height\":\"\",\"submit_element_hover_styles_width\":\"\",\"submit_element_hover_styles_font-size\":\"\",\"submit_element_hover_styles_margin\":\"\",\"submit_element_hover_styles_padding\":\"\",\"submit_element_hover_styles_display\":\"\",\"submit_element_hover_styles_float\":\"\",\"submit_element_hover_styles_show_advanced_css\":0,\"submit_element_hover_styles_advanced\":\"\",\"cellcid\":\"c3394\",\"drawerDisabled\":false,\"id\":4,\"beforeField\":\"\",\"afterField\":\"\",\"value\":\"\",\"label_pos\":\"above\",\"parentType\":\"textbox\",\"element_templates\":[\"submit\",\"button\",\"input\"],\"old_classname\":\"\",\"wrap_template\":\"wrap-no-label\"}];nfForms.push(form);<\/script>\n                <script id=\"nf-tmpl-cell\" type=\"text\/template\">\n            <nf-fields><\/nf-fields>\n        <\/script>\n\n        <script id=\"nf-tmpl-row\" type=\"text\/template\">\n            <nf-cells><\/nf-cells>\n        <\/script>\n\n                <\/div>\n    <\/div>\n    <div class=\"ctaninja-onm ctaninja-onm-1 rbg\"><\/div>\n    <div class=\"ctaninja-onm ctaninja-onm-2 rbg\"><\/div>\n<\/section>\n\n\n<figure class=\"wp-block-image size-large is-resized\"><a href=\"https:\/\/www.koronakarkonoszy.pl\/konfigurator-imprez\/\" target=\"_blank\" rel=\"noreferrer noopener\"><img loading=\"lazy\" decoding=\"async\" width=\"1024\" height=\"510\" src=\"https:\/\/www.koronakarkonoszy.pl\/blog-dla-firm\/wp-content\/uploads\/2023\/11\/DKK-konfigurator_01-1024x510.jpg\" alt=\"Konfigurator imprez firmowych agencji eventowej Dw\u00f3r Korona Karkonoszy\" class=\"wp-image-7804\" style=\"width:855px;height:auto\" title=\"Konfigurator imprez firmowych agencji eventowej \" srcset=\"https:\/\/www.koronakarkonoszy.pl\/blog-dla-firm\/wp-content\/uploads\/2023\/11\/DKK-konfigurator_01-1024x510.jpg 1024w, https:\/\/www.koronakarkonoszy.pl\/blog-dla-firm\/wp-content\/uploads\/2023\/11\/DKK-konfigurator_01-300x150.jpg 300w, https:\/\/www.koronakarkonoszy.pl\/blog-dla-firm\/wp-content\/uploads\/2023\/11\/DKK-konfigurator_01-768x383.jpg 768w, https:\/\/www.koronakarkonoszy.pl\/blog-dla-firm\/wp-content\/uploads\/2023\/11\/DKK-konfigurator_01-1920x957.jpg 1920w, https:\/\/www.koronakarkonoszy.pl\/blog-dla-firm\/wp-content\/uploads\/2023\/11\/DKK-konfigurator_01-1536x766.jpg 1536w, https:\/\/www.koronakarkonoszy.pl\/blog-dla-firm\/wp-content\/uploads\/2023\/11\/DKK-konfigurator_01-18x9.jpg 18w, https:\/\/www.koronakarkonoszy.pl\/blog-dla-firm\/wp-content\/uploads\/2023\/11\/DKK-konfigurator_01.jpg 2040w\" sizes=\"auto, (max-width: 1024px) 100vw, 1024px\" \/><\/a><\/figure>\n\n\n\n<h2 class=\"wp-block-heading\" id=\"h-oryginalne-pomysly-na-nbsp-15-lecie-nbsp-firmy-nbsp\">Oryginalne pomys\u0142y na&nbsp;15-lecie&nbsp;firmy&nbsp;<\/h2>\n\n\n\n<p>Ciekawym\u00a0pomys\u0142em na event z okazji 15-lecia firmy jest uroczyste rozdanie nagr\u00f3d. W wieloletniej historii firmy z pewno\u015bci\u0105 nie brakuje powod\u00f3w, by podzi\u0119kowa\u0107 poszczeg\u00f3lnym osobom za ich nietuzinkowe podej\u015bcie, oryginalne pomys\u0142y, wyj\u0105tkowe zaanga\u017cowanie, czy wp\u0142yw na atmosfer\u0119 panuj\u0105c\u0105 w zespole. <\/p>\n\n\n\n<p>Nic nie stoi na przeszkodzie, by uroczysta\u00a0<a href=\"https:\/\/www.koronakarkonoszy.pl\/blog-dla-firm\/gala-firmowa\/\" target=\"_blank\" rel=\"noreferrer noopener\">gala firmowa<\/a>, przypomina\u0142a wiecz\u00f3r rozdania Oscar\u00f3w, czy Z\u0142otych Glob\u00f3w. Nale\u017cy jednak pami\u0119ta\u0107, by uhonorowa\u0107 wszystkich zebranych pracownik\u00f3w, cho\u0107by w formie nagr\u00f3d \u201epocieszenia\u201d, pe\u0142ni\u0105cych bardziej rol\u0119 \u201emotywator\u00f3w\u201d do dalszego wysi\u0142ku.\u00a0<\/p>\n\n\n<section id=\"leonardo-block_d315ab79d3319b8f9135cfcff6d184e4\" class=\"leonardo page-breaker leonardo-image-right\">\n    <div class=\"leonardo-body\">\n                <div class=\"leonardo-content\"><p><span class=\"TextRun SCXW86199639 BCX0\" lang=\"PL-PL\" xml:lang=\"PL-PL\" data-contrast=\"auto\"><span class=\"NormalTextRun SCXW86199639 BCX0\" data-ccp-parastyle=\"Standard\" data-ccp-parastyle-defn=\"{&quot;ObjectId&quot;:&quot;f12762ef-1371-4ab4-9896-1d6e2b87a564|5&quot;,&quot;ClassId&quot;:1073872969,&quot;Properties&quot;:[134233614,&quot;true&quot;,201340122,&quot;2&quot;,469775450,&quot;Standard&quot;,469778129,&quot;Standard&quot;,469778325,&quot;[\\&quot;Heading\\&quot;,\\&quot;Text body\\&quot;,\\&quot;caption\\&quot;,\\&quot;Index\\&quot;]&quot;]}\">Kolejnym nietuzinkowym pomys\u0142em na bankiet z okazji 15-lecia firmy jest przeniesienie si\u0119 na jeden wiecz\u00f3r w czasie, na przyk\u0142ad do dziesi\u0119ciolecia, w kt\u00f3rym p<\/span><span class=\"NormalTextRun SCXW86199639 BCX0\" data-ccp-parastyle=\"Standard\">ojawili si\u0119 pionierzy z reprezentowanej przez nasz\u0105 firm\u0119 bran\u017cy. Firmy informatyczne mog\u0105 przenie\u015b\u0107 si\u0119 do szalonych lat 80 i 90, a producenci sprz\u0119tu do prze\u0142omu XIX i XX wieku.\u00a0<\/span><\/span><\/p>\n<\/div>\n                    <aside class=\"leonardo-interlink\">\n                <b>Polecamy<\/b>\n                <a href=\"https:\/\/www.koronakarkonoszy.pl\/blog-dla-firm\/de\/jak-zorganizowac-event\/\">Jak zorganizowa\u0107 event roku, a nawet dekady?<\/a>\n            <\/aside>\n            <\/div>\n    <div class=\"leonardo-image\">\n        <img loading=\"lazy\" decoding=\"async\" width=\"1920\" height=\"1280\" src=\"https:\/\/www.koronakarkonoszy.pl\/blog-dla-firm\/wp-content\/uploads\/2021\/09\/15-lecie-firmy3.jpg\" class=\"attachment-full size-full\" alt=\"Catering na imprez\u0119 firmow\u0105\" srcset=\"https:\/\/www.koronakarkonoszy.pl\/blog-dla-firm\/wp-content\/uploads\/2021\/09\/15-lecie-firmy3.jpg 1920w, https:\/\/www.koronakarkonoszy.pl\/blog-dla-firm\/wp-content\/uploads\/2021\/09\/15-lecie-firmy3-300x200.jpg 300w, https:\/\/www.koronakarkonoszy.pl\/blog-dla-firm\/wp-content\/uploads\/2021\/09\/15-lecie-firmy3-1024x683.jpg 1024w, https:\/\/www.koronakarkonoszy.pl\/blog-dla-firm\/wp-content\/uploads\/2021\/09\/15-lecie-firmy3-768x512.jpg 768w, https:\/\/www.koronakarkonoszy.pl\/blog-dla-firm\/wp-content\/uploads\/2021\/09\/15-lecie-firmy3-1536x1024.jpg 1536w\" sizes=\"auto, (max-width: 1920px) 100vw, 1920px\" \/>            <\/div>\n<\/section>\n\n\n<p>Motywem, kt\u00f3ry zawsze sprawdza si\u0119 na r\u00f3\u017cnego rodzaju jubileuszach jest podr\u00f3\u017c w czasie do z\u0142otej ery lat dwudziestych, kt\u00f3re stanowi\u0105 kwintesencj\u0119 sukcesu i przepychu, jaki towarzyszy\u0142 dzisiejszym ikonom \u015bwiatowego biznesu.\u00a0<\/p>\n\n\n\n<p>Innym ciekawym pomys\u0142em, kt\u00f3ry sprawdza si\u0119 na jubileuszu 15-lecia firmy jest aukcja charytatywna, na kt\u00f3rej zostaj\u0105 wystawione \u201eskarby\u201d, kt\u00f3re uda\u0142o si\u0119 zebra\u0107 w czasie funkcjonowania firmy. Sprz\u0119t sprzed 15 lat, mo\u017ce stanowi\u0107 niezwyk\u0142\u0105 warto\u015b\u0107 sentymentaln\u0105, zar\u00f3wno dla pracownik\u00f3w, kt\u00f3rzy przed laty na nim pracowali, jak i dla m\u0142odych ludzi, dla kt\u00f3rych s\u0105\u00a0jedynie niezrozumia\u0142ym rekwizytem z epoki. <\/p>\n\n\n\n<p>Klucz do sukcesu takiego typu imprezy jest jeden \u2013 im dziwniejsze eksponaty zaproponujemy, tym lepszy efekt uda nam si\u0119 uzyska\u0107. Poniewa\u017c\u00a0ka\u017cda kolejna rocznica istnienia\u00a0firmy jest wypadkow\u0105 nie tylko ci\u0119\u017ckiej pracy i nietuzinkowego pomys\u0142u na biznes, ale tak\u017ce\u00a0odrobiny\u00a0szcz\u0119\u015bcia, ca\u0142y zysk z takiej aukcji warto przekaza\u0107 na okre\u015blony cel charytatywny lub wsparcie tych, kt\u00f3rym tego szcz\u0119\u015bcia zabrak\u0142o. Karma wraca i nasza wdzi\u0119czno\u015b\u0107 z pewno\u015bci\u0105 zaowocuje kolejnymi udanymi rocznicami.\u00a0<\/p>\n","protected":false},"excerpt":{"rendered":"<p>Jubileusz, taki jak\u00a015-lecie\u00a0firmy,\u00a0sprzyja podsumowaniom. W\u0142a\u015bciciele i wsp\u00f3\u0142pracownicy maj\u0105 ju\u017c pe\u0142n\u0105\u00a0\u015bwiadomo\u015b\u0107 pozycji firmy na rynku. W zwi\u0105zku z tym przyjemno\u015bci\u0105 wspominaj\u0105 nie tylko dobre momenty, ale i wyzwania, z kt\u00f3rymi musieli si\u0119 zmierzy\u0107. To idealny moment, by bli\u017cej przyjrze\u0107 si\u0119 decyzjom, kt\u00f3re na przestrzeni lat okaza\u0142y si\u0119 by\u0107 prze\u0142omowe. To w\u0142a\u015bnie bogata i barwna historia firmy [&hellip;]<\/p>\n","protected":false},"author":4,"featured_media":1260,"comment_status":"closed","ping_status":"closed","sticky":false,"template":"","format":"standard","meta":{"_acf_changed":false,"footnotes":""},"categories":[2,8],"class_list":["post-1258","post","type-post","status-publish","format-standard","has-post-thumbnail","hentry","category-porady","category-team-building"],"acf":[],"yoast_head":"<!-- This site is optimized with the Yoast SEO Premium plugin v27.5 (Yoast SEO v27.5) - https:\/\/yoast.com\/product\/yoast-seo-premium-wordpress\/ -->\n<title>15 lecie firmy \u2013 idealny czas na podsumowanie dotychczasowych sukces\u00f3w - :: Blog dla firm - szkolenia, zarz\u0105dzanie zespo\u0142em, team building<\/title>\n<meta name=\"description\" content=\"15 lecie\u00a0firmy sprzyja podsumowaniom. Bogata historia firmy powinna stanowi\u0107 t\u0142o pod uroczysto\u015bci zwi\u0105zane z obchodami wydarzenia.\" \/>\n<meta name=\"robots\" content=\"index, follow, max-snippet:-1, max-image-preview:large, max-video-preview:-1\" \/>\n<link rel=\"canonical\" href=\"https:\/\/www.koronakarkonoszy.pl\/blog-dla-firm\/de\/15-jubilaums-unternehmen\/\" \/>\n<meta property=\"og:locale\" content=\"de_DE\" \/>\n<meta property=\"og:type\" content=\"article\" \/>\n<meta property=\"og:title\" content=\"15 lecie firmy \u2013 idealny czas na podsumowanie dotychczasowych sukces\u00f3w\" \/>\n<meta property=\"og:description\" content=\"15 lecie\u00a0firmy sprzyja podsumowaniom. Bogata historia firmy powinna stanowi\u0107 t\u0142o pod uroczysto\u015bci zwi\u0105zane z obchodami wydarzenia.\" \/>\n<meta property=\"og:url\" content=\"https:\/\/www.koronakarkonoszy.pl\/blog-dla-firm\/de\/15-jubilaums-unternehmen\/\" \/>\n<meta property=\"og:site_name\" content=\":: Blog dla firm - szkolenia, zarz\u0105dzanie zespo\u0142em, team building\" \/>\n<meta property=\"article:published_time\" content=\"2021-09-19T17:50:00+00:00\" \/>\n<meta property=\"article:modified_time\" content=\"2024-05-30T15:37:49+00:00\" \/>\n<meta property=\"og:image\" content=\"https:\/\/www.koronakarkonoszy.pl\/blog-dla-firm\/wp-content\/uploads\/2021\/09\/15-lecie-firmy2.jpg\" \/>\n\t<meta property=\"og:image:width\" content=\"1280\" \/>\n\t<meta property=\"og:image:height\" content=\"761\" \/>\n\t<meta property=\"og:image:type\" content=\"image\/jpeg\" \/>\n<meta name=\"author\" content=\"Maria Szruba\" \/>\n<meta name=\"twitter:card\" content=\"summary_large_image\" \/>\n<meta name=\"twitter:label1\" content=\"Verfasst von\" \/>\n\t<meta name=\"twitter:data1\" content=\"Maria Szruba\" \/>\n\t<meta name=\"twitter:label2\" content=\"Gesch\u00e4tzte Lesezeit\" \/>\n\t<meta name=\"twitter:data2\" content=\"5\u00a0Minuten\" \/>\n<script type=\"application\/ld+json\" class=\"yoast-schema-graph\">{\"@context\":\"https:\\\/\\\/schema.org\",\"@graph\":[{\"@type\":\"Article\",\"@id\":\"https:\\\/\\\/www.koronakarkonoszy.pl\\\/blog-dla-firm\\\/15-lecie-firmy\\\/#article\",\"isPartOf\":{\"@id\":\"https:\\\/\\\/www.koronakarkonoszy.pl\\\/blog-dla-firm\\\/15-lecie-firmy\\\/\"},\"author\":{\"name\":\"Maria Szruba\",\"@id\":\"https:\\\/\\\/www.koronakarkonoszy.pl\\\/blog-dla-firm\\\/#\\\/schema\\\/person\\\/534aa22a9d8f007f1dee4909d6985b1b\"},\"headline\":\"15 lecie firmy \u2013 idealny czas na podsumowanie dotychczasowych sukces\u00f3w\",\"datePublished\":\"2021-09-19T17:50:00+00:00\",\"dateModified\":\"2024-05-30T15:37:49+00:00\",\"mainEntityOfPage\":{\"@id\":\"https:\\\/\\\/www.koronakarkonoszy.pl\\\/blog-dla-firm\\\/15-lecie-firmy\\\/\"},\"wordCount\":816,\"image\":{\"@id\":\"https:\\\/\\\/www.koronakarkonoszy.pl\\\/blog-dla-firm\\\/15-lecie-firmy\\\/#primaryimage\"},\"thumbnailUrl\":\"https:\\\/\\\/www.koronakarkonoszy.pl\\\/blog-dla-firm\\\/wp-content\\\/uploads\\\/2021\\\/09\\\/15-lecie-firmy2.jpg\",\"articleSection\":[\"Porady\",\"Team Building\"],\"inLanguage\":\"de\"},{\"@type\":\"WebPage\",\"@id\":\"https:\\\/\\\/www.koronakarkonoszy.pl\\\/blog-dla-firm\\\/15-lecie-firmy\\\/\",\"url\":\"https:\\\/\\\/www.koronakarkonoszy.pl\\\/blog-dla-firm\\\/15-lecie-firmy\\\/\",\"name\":\"15 lecie firmy \u2013 idealny czas na podsumowanie dotychczasowych sukces\u00f3w - :: Blog dla firm - szkolenia, zarz\u0105dzanie zespo\u0142em, team building\",\"isPartOf\":{\"@id\":\"https:\\\/\\\/www.koronakarkonoszy.pl\\\/blog-dla-firm\\\/#website\"},\"primaryImageOfPage\":{\"@id\":\"https:\\\/\\\/www.koronakarkonoszy.pl\\\/blog-dla-firm\\\/15-lecie-firmy\\\/#primaryimage\"},\"image\":{\"@id\":\"https:\\\/\\\/www.koronakarkonoszy.pl\\\/blog-dla-firm\\\/15-lecie-firmy\\\/#primaryimage\"},\"thumbnailUrl\":\"https:\\\/\\\/www.koronakarkonoszy.pl\\\/blog-dla-firm\\\/wp-content\\\/uploads\\\/2021\\\/09\\\/15-lecie-firmy2.jpg\",\"datePublished\":\"2021-09-19T17:50:00+00:00\",\"dateModified\":\"2024-05-30T15:37:49+00:00\",\"author\":{\"@id\":\"https:\\\/\\\/www.koronakarkonoszy.pl\\\/blog-dla-firm\\\/#\\\/schema\\\/person\\\/534aa22a9d8f007f1dee4909d6985b1b\"},\"description\":\"15 lecie\u00a0firmy sprzyja podsumowaniom. Bogata historia firmy powinna stanowi\u0107 t\u0142o pod uroczysto\u015bci zwi\u0105zane z obchodami wydarzenia.\",\"breadcrumb\":{\"@id\":\"https:\\\/\\\/www.koronakarkonoszy.pl\\\/blog-dla-firm\\\/15-lecie-firmy\\\/#breadcrumb\"},\"inLanguage\":\"de\",\"potentialAction\":[{\"@type\":\"ReadAction\",\"target\":[\"https:\\\/\\\/www.koronakarkonoszy.pl\\\/blog-dla-firm\\\/15-lecie-firmy\\\/\"]}]},{\"@type\":\"ImageObject\",\"inLanguage\":\"de\",\"@id\":\"https:\\\/\\\/www.koronakarkonoszy.pl\\\/blog-dla-firm\\\/15-lecie-firmy\\\/#primaryimage\",\"url\":\"https:\\\/\\\/www.koronakarkonoszy.pl\\\/blog-dla-firm\\\/wp-content\\\/uploads\\\/2021\\\/09\\\/15-lecie-firmy2.jpg\",\"contentUrl\":\"https:\\\/\\\/www.koronakarkonoszy.pl\\\/blog-dla-firm\\\/wp-content\\\/uploads\\\/2021\\\/09\\\/15-lecie-firmy2.jpg\",\"width\":1280,\"height\":761,\"caption\":\"15-lecie firmy - zabawy\"},{\"@type\":\"BreadcrumbList\",\"@id\":\"https:\\\/\\\/www.koronakarkonoszy.pl\\\/blog-dla-firm\\\/15-lecie-firmy\\\/#breadcrumb\",\"itemListElement\":[{\"@type\":\"ListItem\",\"position\":1,\"name\":\"Strona g\u0142\u00f3wna\",\"item\":\"https:\\\/\\\/www.koronakarkonoszy.pl\\\/blog-dla-firm\\\/\"},{\"@type\":\"ListItem\",\"position\":2,\"name\":\"15 lecie firmy \u2013 idealny czas na podsumowanie dotychczasowych sukces\u00f3w\"}]},{\"@type\":\"WebSite\",\"@id\":\"https:\\\/\\\/www.koronakarkonoszy.pl\\\/blog-dla-firm\\\/#website\",\"url\":\"https:\\\/\\\/www.koronakarkonoszy.pl\\\/blog-dla-firm\\\/\",\"name\":\":: Blog dla firm - szkolenia, zarz\u0105dzanie zespo\u0142em, team building\",\"description\":\"\",\"potentialAction\":[{\"@type\":\"SearchAction\",\"target\":{\"@type\":\"EntryPoint\",\"urlTemplate\":\"https:\\\/\\\/www.koronakarkonoszy.pl\\\/blog-dla-firm\\\/?s={search_term_string}\"},\"query-input\":{\"@type\":\"PropertyValueSpecification\",\"valueRequired\":true,\"valueName\":\"search_term_string\"}}],\"inLanguage\":\"de\"},{\"@type\":\"Person\",\"@id\":\"https:\\\/\\\/www.koronakarkonoszy.pl\\\/blog-dla-firm\\\/#\\\/schema\\\/person\\\/534aa22a9d8f007f1dee4909d6985b1b\",\"name\":\"Maria Szruba\",\"image\":{\"@type\":\"ImageObject\",\"inLanguage\":\"de\",\"@id\":\"https:\\\/\\\/www.koronakarkonoszy.pl\\\/blog-dla-firm\\\/wp-content\\\/litespeed\\\/avatar\\\/d0fe7fde2b2277621e0a2904789bab14.jpg?ver=1777451721\",\"url\":\"https:\\\/\\\/www.koronakarkonoszy.pl\\\/blog-dla-firm\\\/wp-content\\\/litespeed\\\/avatar\\\/d0fe7fde2b2277621e0a2904789bab14.jpg?ver=1777451721\",\"contentUrl\":\"https:\\\/\\\/www.koronakarkonoszy.pl\\\/blog-dla-firm\\\/wp-content\\\/litespeed\\\/avatar\\\/d0fe7fde2b2277621e0a2904789bab14.jpg?ver=1777451721\",\"caption\":\"Maria Szruba\"},\"url\":\"https:\\\/\\\/www.koronakarkonoszy.pl\\\/blog-dla-firm\\\/de\\\/author\\\/m-szruba\\\/\"}]}<\/script>\n<!-- \/ Yoast SEO Premium plugin. -->","yoast_head_json":{"title":"Das 15-j\u00e4hrige Firmenjubil\u00e4um \u2013 der perfekte Zeitpunkt, um die bisherigen Erfolge zusammenzufassen \u2013 :: Blog f\u00fcr Unternehmen \u2013 Schulung, Teammanagement, Teambuilding","description":"Das 15-j\u00e4hrige Firmenjubil\u00e4um spricht f\u00fcr Zusammenfassungen. Die reiche Geschichte des Unternehmens sollte der Hintergrund f\u00fcr die Feierlichkeiten im Zusammenhang mit der Veranstaltung sein.","robots":{"index":"index","follow":"follow","max-snippet":"max-snippet:-1","max-image-preview":"max-image-preview:large","max-video-preview":"max-video-preview:-1"},"canonical":"https:\/\/www.koronakarkonoszy.pl\/blog-dla-firm\/de\/15-jubilaums-unternehmen\/","og_locale":"de_DE","og_type":"article","og_title":"15 lecie firmy \u2013 idealny czas na podsumowanie dotychczasowych sukces\u00f3w","og_description":"15 lecie\u00a0firmy sprzyja podsumowaniom. Bogata historia firmy powinna stanowi\u0107 t\u0142o pod uroczysto\u015bci zwi\u0105zane z obchodami wydarzenia.","og_url":"https:\/\/www.koronakarkonoszy.pl\/blog-dla-firm\/de\/15-jubilaums-unternehmen\/","og_site_name":":: Blog dla firm - szkolenia, zarz\u0105dzanie zespo\u0142em, team building","article_published_time":"2021-09-19T17:50:00+00:00","article_modified_time":"2024-05-30T15:37:49+00:00","og_image":[{"width":1280,"height":761,"url":"https:\/\/www.koronakarkonoszy.pl\/blog-dla-firm\/wp-content\/uploads\/2021\/09\/15-lecie-firmy2.jpg","type":"image\/jpeg"}],"author":"Maria Szruba","twitter_card":"summary_large_image","twitter_misc":{"Verfasst von":"Maria Szruba","Gesch\u00e4tzte Lesezeit":"5\u00a0Minuten"},"schema":{"@context":"https:\/\/schema.org","@graph":[{"@type":"Article","@id":"https:\/\/www.koronakarkonoszy.pl\/blog-dla-firm\/15-lecie-firmy\/#article","isPartOf":{"@id":"https:\/\/www.koronakarkonoszy.pl\/blog-dla-firm\/15-lecie-firmy\/"},"author":{"name":"Maria Szruba","@id":"https:\/\/www.koronakarkonoszy.pl\/blog-dla-firm\/#\/schema\/person\/534aa22a9d8f007f1dee4909d6985b1b"},"headline":"15 lecie firmy \u2013 idealny czas na podsumowanie dotychczasowych sukces\u00f3w","datePublished":"2021-09-19T17:50:00+00:00","dateModified":"2024-05-30T15:37:49+00:00","mainEntityOfPage":{"@id":"https:\/\/www.koronakarkonoszy.pl\/blog-dla-firm\/15-lecie-firmy\/"},"wordCount":816,"image":{"@id":"https:\/\/www.koronakarkonoszy.pl\/blog-dla-firm\/15-lecie-firmy\/#primaryimage"},"thumbnailUrl":"https:\/\/www.koronakarkonoszy.pl\/blog-dla-firm\/wp-content\/uploads\/2021\/09\/15-lecie-firmy2.jpg","articleSection":["Porady","Team Building"],"inLanguage":"de"},{"@type":"WebPage","@id":"https:\/\/www.koronakarkonoszy.pl\/blog-dla-firm\/15-lecie-firmy\/","url":"https:\/\/www.koronakarkonoszy.pl\/blog-dla-firm\/15-lecie-firmy\/","name":"Das 15-j\u00e4hrige Firmenjubil\u00e4um \u2013 der perfekte Zeitpunkt, um die bisherigen Erfolge zusammenzufassen \u2013 :: Blog f\u00fcr Unternehmen \u2013 Schulung, Teammanagement, Teambuilding","isPartOf":{"@id":"https:\/\/www.koronakarkonoszy.pl\/blog-dla-firm\/#website"},"primaryImageOfPage":{"@id":"https:\/\/www.koronakarkonoszy.pl\/blog-dla-firm\/15-lecie-firmy\/#primaryimage"},"image":{"@id":"https:\/\/www.koronakarkonoszy.pl\/blog-dla-firm\/15-lecie-firmy\/#primaryimage"},"thumbnailUrl":"https:\/\/www.koronakarkonoszy.pl\/blog-dla-firm\/wp-content\/uploads\/2021\/09\/15-lecie-firmy2.jpg","datePublished":"2021-09-19T17:50:00+00:00","dateModified":"2024-05-30T15:37:49+00:00","author":{"@id":"https:\/\/www.koronakarkonoszy.pl\/blog-dla-firm\/#\/schema\/person\/534aa22a9d8f007f1dee4909d6985b1b"},"description":"Das 15-j\u00e4hrige Firmenjubil\u00e4um spricht f\u00fcr Zusammenfassungen. Die reiche Geschichte des Unternehmens sollte der Hintergrund f\u00fcr die Feierlichkeiten im Zusammenhang mit der Veranstaltung sein.","breadcrumb":{"@id":"https:\/\/www.koronakarkonoszy.pl\/blog-dla-firm\/15-lecie-firmy\/#breadcrumb"},"inLanguage":"de","potentialAction":[{"@type":"ReadAction","target":["https:\/\/www.koronakarkonoszy.pl\/blog-dla-firm\/15-lecie-firmy\/"]}]},{"@type":"ImageObject","inLanguage":"de","@id":"https:\/\/www.koronakarkonoszy.pl\/blog-dla-firm\/15-lecie-firmy\/#primaryimage","url":"https:\/\/www.koronakarkonoszy.pl\/blog-dla-firm\/wp-content\/uploads\/2021\/09\/15-lecie-firmy2.jpg","contentUrl":"https:\/\/www.koronakarkonoszy.pl\/blog-dla-firm\/wp-content\/uploads\/2021\/09\/15-lecie-firmy2.jpg","width":1280,"height":761,"caption":"15-lecie firmy - zabawy"},{"@type":"BreadcrumbList","@id":"https:\/\/www.koronakarkonoszy.pl\/blog-dla-firm\/15-lecie-firmy\/#breadcrumb","itemListElement":[{"@type":"ListItem","position":1,"name":"Strona g\u0142\u00f3wna","item":"https:\/\/www.koronakarkonoszy.pl\/blog-dla-firm\/"},{"@type":"ListItem","position":2,"name":"15 lecie firmy \u2013 idealny czas na podsumowanie dotychczasowych sukces\u00f3w"}]},{"@type":"WebSite","@id":"https:\/\/www.koronakarkonoszy.pl\/blog-dla-firm\/#website","url":"https:\/\/www.koronakarkonoszy.pl\/blog-dla-firm\/","name":":: Blog f\u00fcr Unternehmen \u2013 Schulung, Teammanagement, Teambuilding","description":"","potentialAction":[{"@type":"SearchAction","target":{"@type":"EntryPoint","urlTemplate":"https:\/\/www.koronakarkonoszy.pl\/blog-dla-firm\/?s={search_term_string}"},"query-input":{"@type":"PropertyValueSpecification","valueRequired":true,"valueName":"search_term_string"}}],"inLanguage":"de"},{"@type":"Person","@id":"https:\/\/www.koronakarkonoszy.pl\/blog-dla-firm\/#\/schema\/person\/534aa22a9d8f007f1dee4909d6985b1b","name":"Maria Szruba","image":{"@type":"ImageObject","inLanguage":"de","@id":"https:\/\/www.koronakarkonoszy.pl\/blog-dla-firm\/wp-content\/litespeed\/avatar\/d0fe7fde2b2277621e0a2904789bab14.jpg?ver=1777451721","url":"https:\/\/www.koronakarkonoszy.pl\/blog-dla-firm\/wp-content\/litespeed\/avatar\/d0fe7fde2b2277621e0a2904789bab14.jpg?ver=1777451721","contentUrl":"https:\/\/www.koronakarkonoszy.pl\/blog-dla-firm\/wp-content\/litespeed\/avatar\/d0fe7fde2b2277621e0a2904789bab14.jpg?ver=1777451721","caption":"Maria Szruba"},"url":"https:\/\/www.koronakarkonoszy.pl\/blog-dla-firm\/de\/author\/m-szruba\/"}]}},"_links":{"self":[{"href":"https:\/\/www.koronakarkonoszy.pl\/blog-dla-firm\/de\/wp-json\/wp\/v2\/posts\/1258","targetHints":{"allow":["GET"]}}],"collection":[{"href":"https:\/\/www.koronakarkonoszy.pl\/blog-dla-firm\/de\/wp-json\/wp\/v2\/posts"}],"about":[{"href":"https:\/\/www.koronakarkonoszy.pl\/blog-dla-firm\/de\/wp-json\/wp\/v2\/types\/post"}],"author":[{"embeddable":true,"href":"https:\/\/www.koronakarkonoszy.pl\/blog-dla-firm\/de\/wp-json\/wp\/v2\/users\/4"}],"replies":[{"embeddable":true,"href":"https:\/\/www.koronakarkonoszy.pl\/blog-dla-firm\/de\/wp-json\/wp\/v2\/comments?post=1258"}],"version-history":[{"count":1,"href":"https:\/\/www.koronakarkonoszy.pl\/blog-dla-firm\/de\/wp-json\/wp\/v2\/posts\/1258\/revisions"}],"predecessor-version":[{"id":9982,"href":"https:\/\/www.koronakarkonoszy.pl\/blog-dla-firm\/de\/wp-json\/wp\/v2\/posts\/1258\/revisions\/9982"}],"wp:featuredmedia":[{"embeddable":true,"href":"https:\/\/www.koronakarkonoszy.pl\/blog-dla-firm\/de\/wp-json\/wp\/v2\/media\/1260"}],"wp:attachment":[{"href":"https:\/\/www.koronakarkonoszy.pl\/blog-dla-firm\/de\/wp-json\/wp\/v2\/media?parent=1258"}],"wp:term":[{"taxonomy":"category","embeddable":true,"href":"https:\/\/www.koronakarkonoszy.pl\/blog-dla-firm\/de\/wp-json\/wp\/v2\/categories?post=1258"}],"curies":[{"name":"wp","href":"https:\/\/api.w.org\/{rel}","templated":true}]}}