{"id":1180,"date":"2024-06-10T21:58:00","date_gmt":"2024-06-10T19:58:00","guid":{"rendered":"https:\/\/www.koronakarkonoszy.pl\/blog-dla-firm\/?p=1180"},"modified":"2025-01-16T09:00:30","modified_gmt":"2025-01-16T08:00:30","slug":"hotel-na-wyjazd-firmowy","status":"publish","type":"post","link":"https:\/\/www.koronakarkonoszy.pl\/blog-dla-firm\/de\/hotel-na-wyjazd-firmowy\/","title":{"rendered":"Hotel f\u00fcr eine Gesch\u00e4ftsreise \u2013 wie findet man die perfekte Location?"},"content":{"rendered":"\n<p>By\u0107 mo\u017ce nie masz czasu i w biegu rezerwujesz <strong>hotel na wyjazd firmowy<\/strong>. Zaczekaj! Zanim naci\u015bniesz \u201erezerwuj\u201d, sprawd\u017a, czy wybrany obiekt spe\u0142nia poni\u017csze warunki, je\u015bli chodzi o lokalizacj\u0119. Bez tego Tw\u00f3j zesp\u00f3\u0142 mo\u017ce si\u0119 tam \u017ale bawi\u0107.\u00a0<\/p>\n\n\n\n<h3 class=\"wp-block-heading\" id=\"h-czego-sie-dowiesz-z-artykulu\">Czego si\u0119 dowiesz z artyku\u0142u?<\/h3>\n\n\n\n<p>Planujesz <a href=\"https:\/\/www.koronakarkonoszy.pl\/blog-dla-firm\/wyjazd-firmowy\/\" class=\"links-placer\">wyjazd firmowy<\/a> i zastanawiasz si\u0119, gdzie najlepiej zorganizowa\u0107 taki event? Czy lepiej wybra\u0107 urokliwe g\u00f3ry czy mo\u017ce malownicze wybrze\u017ce? W tym artykule odpowiemy na wszystkie Twoje pytania dotycz\u0105ce organizacji wyjazdu integracyjnego. Dowiesz si\u0119, jakie atrakcje warto zaplanowa\u0107, czy warto wybra\u0107 centraln\u0105 Polsk\u0119 czy tereny przy granicy oraz dlaczego wyjazd w g\u00f3ry mo\u017ce okaza\u0107 si\u0119 strza\u0142em w dziesi\u0105tk\u0119. Przygotowali\u015bmy tak\u017ce propozycje <strong>hoteli na wyjazd firmowy<\/strong>, kt\u00f3re znajduj\u0105 si\u0119 w urokliwych okolicach. Z nami zaplanujesz niezapomniany wyjazd dla swojej firmy!<\/p>\n\n\n<div id=\"ariadna-block_620656814ecf686af7f1ad5dead680b9\" class=\"ariadna\">\n    <ul><li><a href=\"#ha-wybor-lokalizacji-na-imprezy-firmowe-w-hotelu\">Wyb\u00f3r lokalizacji na imprezy firmowe w hotelu<\/a><\/li><li><a href=\"#ha-znaczenie-infrastruktury-hotelu-na-imprezy-firmowe\">Znaczenie infrastruktury hotelu na imprezy firmowe<\/a><\/li><li><a href=\"#h-hotel-na-wyjazd-firmowy-nbsp-nbsp-w-gorach-czy-nad-morzem-nbsp\">Hotel na wyjazd firmowy&nbsp;&#8211;&nbsp;w g\u00f3rach czy nad morzem?&nbsp;<\/a><\/li><li><a href=\"#h-jak-zaplanowac-atrakcje-na-wyjazdy-integracyjne\">Jak zaplanowa\u0107 atrakcje na wyjazdy integracyjne?<\/a><\/li><li><a href=\"#h-polska-centralna-czy-przy-granicy-nbsp\">Polska centralna czy przy granicy?&nbsp;<\/a><\/li><li><a href=\"#ha-dlaczego-warto-wyjechac-w-gory\">Dlaczego warto wyjecha\u0107 w g\u00f3ry?<\/a><\/li><li><a href=\"#ha-hotel-na-wyjazd-firmowy-w-urokliwej-okolicy\">Hotel na wyjazd firmowy w urokliwej okolicy<\/a><\/li><\/ul>\n<\/div>\n\n\n\n\n\n\n<p>Wiele hoteli ulokowanych jest przy drogach wylotowych z du\u017cych miast. Ceny s\u0105 tam ni\u017csze ni\u017c w mie\u015bcie, a dojazd &#8211; wr\u0119cz wymarzony. Takie miejsca \u015bwietnie nadaj\u0105 si\u0119 na konferencj\u0119, ale nie jako hotel na wyjazd firmowy. Dlaczego?\u00a0\u00a0<\/p>\n\n\n\n<p><strong><a href=\"https:\/\/www.koronakarkonoszy.pl\/konfigurator-imprez\/\">KLIKNIJ<\/a><\/strong>&nbsp;poni\u017cej w banner Konfigurator Imprez Firmowych<\/p>\n\n\n\n<figure class=\"wp-block-image\"><a href=\"https:\/\/www.koronakarkonoszy.pl\/konfigurator-imprez\/\" target=\"_blank\" rel=\"noreferrer noopener\"><img decoding=\"async\" src=\"https:\/\/commplace.pl\/blog\/wp-content\/uploads\/2024\/03\/banner_konfigurator-imprez-1600x900.jpg\" alt=\"\" class=\"wp-image-23244\"\/><\/a><\/figure>\n\n\n\n<p><strong><a href=\"https:\/\/www.koronakarkonoszy.pl\/konfigurator-imprez\/\">KLIKNIJ<\/a><\/strong>&nbsp;powy\u017cej w banner Konfigurator Imprez Firmowych<\/p>\n\n\n\n<style>\n    .cta_block{\n        margin: 1.5em 0;\n    }\n    .cta_block_content {\n        position: relative;\n        color: white;\n        padding: 1em;\n    }\n    .cta_block_content h3{\n        text-align: center;\n        font: normal normal normal 36px\/50px Yeseva One;\n    }\n    .cta_block_content .cta_block_desc{\n        text-align: center;\n        font-size: 1.1em;\n        position: relative;\n    }\n    .cta_block_content .cta_block_desc:before {\n        content: '';\n        width: 80px;\n        height: 4px;\n        background: #EEB315;\n        position: absolute;\n        left: 0;\n        right: 0;\n        margin-left: auto;\n        margin-right: auto;\n        top: -22px;\n    }\n\n    .cta_block_content picture{\n        position: absolute;\n        top: 0;\n        right: 0;\n        z-index: -1;\n        height: 100%;\n        overflow: hidden;\n        width: 100%;\n    }\n    .cta_block_content picture img{\n        object-fit: cover;\n        height: 100%;\n        width: 100%;\n    }\n    .cta_block .cta_block_content .ninja-forms-field{\n        background: #FFFFFF2F;\n        border: 1px solid #EEB315;\n        border-radius: 25px;\n        opacity: 1;\n        color: #ffffff;\n    }\n    .cta_block .cta_block_content .nf-form-content input[type=submit]{\n        background-color: #EEB315;\n        color: #292929;\n        text-align: center;\n        font: normal normal bold 14px\/20px Work Sans;\n        padding: 0 2em;\n    }\n\n    .cta_block ::placeholder{\n        color: white!important;\n        opacity: 1;\n    }\n\n    .cta_block_content::after {\n        height: 100%;\n        width: 100%;\n        content: \"\";\n        z-index: -1;\n        position: absolute;\n        top: 0;\n        background: #00000070;\n        right: 0;\n        left: 0;\n        bottom: 0;\n    }\n    #ha-cta-block, .cta_block_desc, .cta_block .nf-field-label, .cta_block .nf-error-msg {\n        filter: drop-shadow(1px 1px 8px black);\n    }\n\n\/*    .cta_block nf-rows-wrap {\n        display: flex;\n        justify-content: space-around;\n        flex-direction: row;\n    }*\/\n\n    .cta_block .nf-field-label {\n        display:none;\n    }\n\n    .cta_block .nf-error.field-wrap .nf-field-element::after {\n        border-radius: 50px;\n    }\n\n    .cta_block .nf-error-msg {\n        color: #fff;\n    }\n\n    .cta_block .nf-form-cont {\n        margin-top: 3em;\n        margin-bottom: 1em;\n    }\n\n    .wp-admin .cta_block_content{\n        display: none;\n    }\n    .cta_block .nf-form-fields-required {\n        display: none;\n    }\n    body:not(.wp-admin) .cta_block_admin {\n        display: none;\n    }\n<\/style>\n<div id=\"cta_block-block_d1b24a6603c16493c3022d85464b7467\" class=\"cta_block\">\n    <div class=\"cta_block_admin\" style=\"background-color: blue; color: white\">\n        Blok CTA\n    <\/div>\n    <div class=\"cta_block\">\n        <div class=\"cta_block_content\">   \n        <h3 id=\"ha-szukasz-idealnego-miejsca-na-wyjazd-firmowy\">Szukasz idealnego miejsca na wyjazd firmowy?<\/h3>\n                    <div class=\"cta_block_desc\">W\u0142a\u015bnie znalaz\u0142e\u015b!<\/div>\n                <noscript class=\"ninja-forms-noscript-message\">\n\tHinweis: F\u00fcr diesen Inhalt ist JavaScript erforderlich.<\/noscript>\n<div id=\"nf-form-3-cont\" class=\"nf-form-cont\" aria-live=\"polite\" aria-labelledby=\"nf-form-title-3\" aria-describedby=\"nf-form-errors-3\" role=\"form\">\n\n    <div class=\"nf-loading-spinner\"><\/div>\n\n<\/div>\n        <!-- That data is being printed as a workaround to page builders reordering the order of the scripts loaded-->\n        <script>var formDisplay=1;var nfForms=nfForms||[];var form=[];form.id='3';form.settings={\"objectType\":\"Form Setting\",\"editActive\":true,\"title\":\"Block CTA\",\"created_at\":\"2022-11-09 19:27:14\",\"default_label_pos\":\"above\",\"show_title\":0,\"clear_complete\":\"1\",\"hide_complete\":\"1\",\"logged_in\":\"\",\"wrapper_class\":\"\",\"element_class\":\"\",\"key\":\"\",\"add_submit\":\"0\",\"currency\":\"\",\"repeatable_fieldsets\":\"\",\"unique_field_error\":\"Formularz z t\\u0105 warto\\u015bci\\u0105 zosta\\u0142 ju\\u017c przes\\u0142any.\",\"not_logged_in_msg\":\"\",\"sub_limit_msg\":\"Formularz osi\\u0105gn\\u0105\\u0142 limit wys\\u0142a\\u0144.\",\"calculations\":[],\"container_styles_show_advanced_css\":\"0\",\"title_styles_show_advanced_css\":\"0\",\"row_styles_show_advanced_css\":\"0\",\"row-odd_styles_show_advanced_css\":\"0\",\"success-msg_styles_show_advanced_css\":\"0\",\"error_msg_styles_show_advanced_css\":\"0\",\"formContentData\":[{\"order\":1,\"cells\":[{\"order\":0,\"fields\":[\"phone_1640098275087\"],\"width\":35},{\"order\":1,\"fields\":[\"adres_e-mail_1668018487177\"],\"width\":35},{\"order\":2,\"fields\":[\"zapisz_mnie_1668018472281\"],\"width\":30}]}],\"conditions\":[],\"drawerDisabled\":false,\"allow_public_link\":0,\"embed_form\":\"\",\"changeEmailErrorMsg\":\"Bitte gib eine g\\u00fcltige E-Mail-Adresse ein.\",\"changeDateErrorMsg\":\"Bitte gib ein g\\u00fcltiges Datum ein!\",\"confirmFieldErrorMsg\":\"Diese Felder m\\u00fcssen \\u00fcbereinstimmen!\",\"fieldNumberNumMinError\":\"Die eingegebene Zahl ist zu klein.\",\"fieldNumberNumMaxError\":\"Die eingegebene Zahl ist zu gross.\",\"fieldNumberIncrementBy\":\"Bitte erh\\u00f6hen in Schritten von\",\"formErrorsCorrectErrors\":\"Bitte korrigiere die Fehler, bevor du das Formular sendest.\",\"validateRequiredField\":\"Dies ist ein Pflichtfeld.\",\"honeypotHoneypotError\":\"Honeypot-Fehler\",\"fieldsMarkedRequired\":\"Felder mit einem <span class=\\\"ninja-forms-req-symbol\\\">*<\\\/span> sind Pflichtfelder\",\"form_title_heading_level\":\"3\",\"ninjaForms\":\"Ninja Forms\",\"fieldTextareaRTEInsertLink\":\"Link einf\\u00fcgen\",\"fieldTextareaRTEInsertMedia\":\"Medien einf\\u00fcgen\",\"fieldTextareaRTESelectAFile\":\"Eine Datei ausw\\u00e4hlen\",\"formHoneypot\":\"Falls du ein Mensch bist und dieses Feld siehst, dann lasse es bitte leer.\",\"fileUploadOldCodeFileUploadInProgress\":\"Datei-Upload l\\u00e4uft.\",\"fileUploadOldCodeFileUpload\":\"DATEI-UPLOAD\",\"currencySymbol\":\"&#36;\",\"thousands_sep\":\".\",\"decimal_point\":\",\",\"siteLocale\":\"de_DE\",\"dateFormat\":\"m\\\/d\\\/Y\",\"startOfWeek\":\"1\",\"of\":\"von\",\"previousMonth\":\"Vorheriger Monat\",\"nextMonth\":\"N\\u00e4chster Monat\",\"months\":[\"Januar\",\"Februar\",\"M\\u00e4rz\",\"April\",\"Mai\",\"Juni\",\"Juli\",\"August\",\"September\",\"Oktober\",\"November\",\"Dezember\"],\"monthsShort\":[\"Jan.\",\"Feb.\",\"M\\u00e4rz\",\"Apr.\",\"Mai\",\"Juni\",\"Juli\",\"Aug\",\"Sep.\",\"Okt.\",\"Nov.\",\"Dez.\"],\"weekdays\":[\"Sonntag\",\"Montag\",\"Dienstag\",\"Mittwoch\",\"Donnerstag\",\"Freitag\",\"Samstag\"],\"weekdaysShort\":[\"So.\",\"Mo.\",\"Di.\",\"Mi.\",\"Do.\",\"Fr.\",\"Sa.\"],\"weekdaysMin\":[\"So.\",\"Mo.\",\"Di.\",\"Mi.\",\"Do.\",\"Fr.\",\"Sa.\"],\"recaptchaConsentMissing\":\"reCaptcha validation couldn&#039;t load.\",\"recaptchaMissingCookie\":\"reCaptcha v3 validation couldn&#039;t load the cookie needed to submit the form.\",\"recaptchaConsentEvent\":\"Accept reCaptcha cookies before sending the form.\",\"currency_symbol\":\"\",\"beforeForm\":\"\",\"beforeFields\":\"\",\"afterFields\":\"\",\"afterForm\":\"\"};form.fields=[{\"objectType\":\"Field\",\"objectDomain\":\"fields\",\"editActive\":false,\"order\":1,\"idAttribute\":\"id\",\"type\":\"phone\",\"label\":\"Numer telefonu\",\"key\":\"phone_1640098275087\",\"label_pos\":\"above\",\"required\":\"\",\"default\":\"\",\"placeholder\":\"Numer telefonu\",\"container_class\":\"\",\"element_class\":\"\",\"input_limit\":\"\",\"input_limit_type\":\"characters\",\"input_limit_msg\":\"Liczba pozosta\\u0142ych znak\\u00f3w:\",\"manual_key\":\"\",\"admin_label\":\"\",\"help_text\":\"\",\"mask\":\"\",\"custom_mask\":\"\",\"custom_name_attribute\":\"phone\",\"personally_identifiable\":1,\"wrap_styles_border\":\"\",\"wrap_styles_width\":\"\",\"wrap_styles_margin\":\"\",\"wrap_styles_padding\":\"\",\"wrap_styles_float\":\"\",\"wrap_styles_show_advanced_css\":0,\"label_styles_border\":\"\",\"label_styles_width\":\"\",\"label_styles_font-size\":\"\",\"label_styles_margin\":\"\",\"label_styles_padding\":\"\",\"label_styles_float\":\"\",\"label_styles_show_advanced_css\":0,\"element_styles_border\":\"\",\"element_styles_width\":\"\",\"element_styles_font-size\":\"\",\"element_styles_margin\":\"\",\"element_styles_padding\":\"\",\"element_styles_float\":\"\",\"element_styles_show_advanced_css\":0,\"cellcid\":\"c3398\",\"value\":\"\",\"drawerDisabled\":\"\",\"field_label\":\"Numer telefonu\",\"field_key\":\"phone_1640098275087\",\"id\":9,\"beforeField\":\"\",\"afterField\":\"\",\"parentType\":\"textbox\",\"element_templates\":[\"tel\",\"textbox\",\"input\"],\"old_classname\":\"\",\"wrap_template\":\"wrap\"},{\"objectType\":\"Field\",\"objectDomain\":\"fields\",\"editActive\":false,\"order\":2,\"idAttribute\":\"id\",\"type\":\"email\",\"label\":\"Adres e-mail\",\"key\":\"adres_e-mail_1668018487177\",\"label_pos\":\"above\",\"required\":\"\",\"default\":\"\",\"placeholder\":\"Adres e-mail\",\"container_class\":\"\",\"element_class\":\"\",\"admin_label\":\"\",\"help_text\":\"\",\"custom_name_attribute\":\"email\",\"personally_identifiable\":1,\"wrap_styles_border\":\"\",\"wrap_styles_width\":\"\",\"wrap_styles_margin\":\"\",\"wrap_styles_padding\":\"\",\"wrap_styles_float\":\"\",\"wrap_styles_show_advanced_css\":0,\"label_styles_border\":\"\",\"label_styles_width\":\"\",\"label_styles_font-size\":\"\",\"label_styles_margin\":\"\",\"label_styles_padding\":\"\",\"label_styles_float\":\"\",\"label_styles_show_advanced_css\":0,\"element_styles_border\":\"\",\"element_styles_width\":\"\",\"element_styles_font-size\":\"\",\"element_styles_margin\":\"\",\"element_styles_padding\":\"\",\"element_styles_float\":\"\",\"element_styles_show_advanced_css\":0,\"cellcid\":\"c3401\",\"value\":\"\",\"drawerDisabled\":false,\"field_label\":\"E-mail\",\"field_key\":\"email_1640098276066\",\"id\":10,\"beforeField\":\"\",\"afterField\":\"\",\"parentType\":\"email\",\"element_templates\":[\"email\",\"input\"],\"old_classname\":\"\",\"wrap_template\":\"wrap\"},{\"objectType\":\"Field\",\"objectDomain\":\"fields\",\"editActive\":false,\"order\":3,\"idAttribute\":\"id\",\"type\":\"submit\",\"label\":\"Zapisz mnie\",\"processing_label\":\"W trakcie realizacji\",\"container_class\":\"\",\"element_class\":\"\",\"key\":\"zapisz_mnie_1668018472281\",\"wrap_styles_border\":\"\",\"wrap_styles_width\":\"\",\"wrap_styles_margin\":\"\",\"wrap_styles_padding\":\"\",\"wrap_styles_float\":\"\",\"wrap_styles_show_advanced_css\":0,\"element_styles_border\":\"\",\"element_styles_width\":\"\",\"element_styles_font-size\":\"\",\"element_styles_margin\":\"\",\"element_styles_padding\":\"\",\"element_styles_float\":\"\",\"element_styles_show_advanced_css\":0,\"submit_element_hover_styles_border\":\"\",\"submit_element_hover_styles_width\":\"\",\"submit_element_hover_styles_font-size\":\"\",\"submit_element_hover_styles_margin\":\"\",\"submit_element_hover_styles_padding\":\"\",\"submit_element_hover_styles_float\":\"\",\"submit_element_hover_styles_show_advanced_css\":0,\"cellcid\":\"c3403\",\"drawerDisabled\":false,\"field_label\":\"Zamawiam rozmow\\u0119\",\"field_key\":\"zamawiam_rozmowe_1640098314862\",\"id\":8,\"beforeField\":\"\",\"afterField\":\"\",\"value\":\"\",\"label_pos\":\"above\",\"parentType\":\"textbox\",\"element_templates\":[\"submit\",\"button\",\"input\"],\"old_classname\":\"\",\"wrap_template\":\"wrap-no-label\"}];nfForms.push(form);<\/script>\n                <script id=\"nf-tmpl-cell\" type=\"text\/template\">\n            <nf-fields><\/nf-fields>\n        <\/script>\n\n        <script id=\"nf-tmpl-row\" type=\"text\/template\">\n            <nf-cells><\/nf-cells>\n        <\/script>\n\n                <img loading=\"lazy\" decoding=\"async\" width=\"2048\" height=\"1365\" src=\"https:\/\/www.koronakarkonoszy.pl\/blog-dla-firm\/wp-content\/uploads\/2023\/07\/centrum-imprez-plenerowych43.jpg\" class=\"attachment-full size-full\" alt=\"Centrum Imprez Plenerowych Dworu Korona Karkonoszy wieczorem\" srcset=\"https:\/\/www.koronakarkonoszy.pl\/blog-dla-firm\/wp-content\/uploads\/2023\/07\/centrum-imprez-plenerowych43.jpg 2048w, https:\/\/www.koronakarkonoszy.pl\/blog-dla-firm\/wp-content\/uploads\/2023\/07\/centrum-imprez-plenerowych43-300x200.jpg 300w, https:\/\/www.koronakarkonoszy.pl\/blog-dla-firm\/wp-content\/uploads\/2023\/07\/centrum-imprez-plenerowych43-1024x683.jpg 1024w, https:\/\/www.koronakarkonoszy.pl\/blog-dla-firm\/wp-content\/uploads\/2023\/07\/centrum-imprez-plenerowych43-768x512.jpg 768w, https:\/\/www.koronakarkonoszy.pl\/blog-dla-firm\/wp-content\/uploads\/2023\/07\/centrum-imprez-plenerowych43-1920x1280.jpg 1920w, https:\/\/www.koronakarkonoszy.pl\/blog-dla-firm\/wp-content\/uploads\/2023\/07\/centrum-imprez-plenerowych43-1536x1024.jpg 1536w, https:\/\/www.koronakarkonoszy.pl\/blog-dla-firm\/wp-content\/uploads\/2023\/07\/centrum-imprez-plenerowych43-18x12.jpg 18w\" sizes=\"auto, (max-width: 2048px) 100vw, 2048px\" \/>        <\/div> \n    <\/div>\n<\/div>\n\n\n\n<ul class=\"wp-block-list\">\n<li>ha\u0142as od strony drogi uniemo\u017cliwi wypoczynek i regeneracj\u0119;&nbsp;<\/li>\n\n\n\n<li>krajobraz zbyt przypomina ten znany z miasta;&nbsp;<\/li>\n\n\n\n<li>taki obiekt nie nadaje si\u0119 na wyjazd d\u0142u\u017cszy, ni\u017c jeden dzie\u0144 \u2013 dooko\u0142a nie ma sklep\u00f3w ani atrakcji.&nbsp;<\/li>\n<\/ul>\n\n\n\n<p>Dodatkowo w takim miejscu sporo jest przypadkowych go\u015bci na jedn\u0105 noc. A to jeszcze bardziej utrudnia pracownikom wyciszenie si\u0119 i skupienie na w\u0142asnych sprawach. Je\u015bli zastanawiasz si\u0119,\u00a0<a href=\"https:\/\/www.koronakarkonoszy.pl\/blog-dla-firm\/miejsce-na-szkolenie\/\" target=\"_blank\" rel=\"noreferrer noopener\">jak wybra\u0107 idealne miejsce na szkolenie<\/a>, to szukaj raczej o\u015brodk\u00f3w zamkni\u0119tych, kt\u00f3re zapewni\u0105 go\u015bciom spok\u00f3j.\u00a0<\/p>\n\n\n\n<figure class=\"wp-block-image size-large is-resized\"><img loading=\"lazy\" decoding=\"async\" width=\"1024\" height=\"683\" src=\"https:\/\/www.koronakarkonoszy.pl\/blog-dla-firm\/wp-content\/uploads\/2022\/05\/KK-712-kqgfrjp5-1024x683.jpg\" alt=\"\" class=\"wp-image-3754\" style=\"width:840px;height:560px\" srcset=\"https:\/\/www.koronakarkonoszy.pl\/blog-dla-firm\/wp-content\/uploads\/2022\/05\/KK-712-kqgfrjp5-1024x683.jpg 1024w, https:\/\/www.koronakarkonoszy.pl\/blog-dla-firm\/wp-content\/uploads\/2022\/05\/KK-712-kqgfrjp5-300x200.jpg 300w, https:\/\/www.koronakarkonoszy.pl\/blog-dla-firm\/wp-content\/uploads\/2022\/05\/KK-712-kqgfrjp5-768x512.jpg 768w, https:\/\/www.koronakarkonoszy.pl\/blog-dla-firm\/wp-content\/uploads\/2022\/05\/KK-712-kqgfrjp5-1920x1280.jpg 1920w, https:\/\/www.koronakarkonoszy.pl\/blog-dla-firm\/wp-content\/uploads\/2022\/05\/KK-712-kqgfrjp5-1536x1024.jpg 1536w, https:\/\/www.koronakarkonoszy.pl\/blog-dla-firm\/wp-content\/uploads\/2022\/05\/KK-712-kqgfrjp5.jpg 2048w\" sizes=\"auto, (max-width: 1024px) 100vw, 1024px\" \/><figcaption class=\"wp-element-caption\"><strong>Organizacja wyjazd\u00f3w firmowych, Dw\u00f3r Korona Karkonoszy, <a href=\"https:\/\/www.koronakarkonoszy.pl\/blog-atrakcje\/sosnowka\/\" class=\"links-placer\">Sosn\u00f3wka<\/a> k. Karpacza<\/strong><\/figcaption><\/figure>\n\n\n\n<h2 class=\"wp-block-heading\" id=\"ha-wybor-lokalizacji-na-imprezy-firmowe-w-hotelu\">Wyb\u00f3r lokalizacji na imprezy firmowe w hotelu<\/h2>\n\n\n\n<p>Organizuj\u0105c <strong>imprezy firmowe w hotelu<\/strong>, warto rozwa\u017cy\u0107 mniej oczywiste lokalizacje, kt\u00f3re oferuj\u0105 unikalne do\u015bwiadczenia. Przyk\u0142adem mo\u017ce by\u0107 <a href=\"https:\/\/www.koronakarkonoszy.pl\/imprezy\/imprezy-firmowe-w-gorach\/\"><strong>impreza firmowa w g\u00f3rach<\/strong><\/a>, gdzie malownicze krajobrazy sprzyjaj\u0105 integracji zespo\u0142u. Wybieraj\u0105c <strong>hotel na wyjazd firmowy<\/strong> w takim miejscu, zapewniasz uczestnikom nie tylko komfortowe zakwaterowanie, ale tak\u017ce dost\u0119p do atrakcji takich jak piesze w\u0119dr\u00f3wki czy sporty zimowe. Dodatkowo, <strong>hotel na imprez\u0119 firmow\u0105<\/strong> w g\u00f3rach cz\u0119sto oferuje dedykowane przestrzenie konferencyjne oraz us\u0142ugi cateringowe dostosowane do potrzeb biznesowych.<\/p>\n\n\n\n<h2 class=\"wp-block-heading\" id=\"ha-znaczenie-infrastruktury-hotelu-na-imprezy-firmowe\">Znaczenie infrastruktury hotelu na imprezy firmowe<\/h2>\n\n\n\n<p>Wybieraj\u0105c <strong>hotel na imprezy firmowe<\/strong>, kluczowe jest sprawdzenie dost\u0119pnej infrastruktury. Obiekty posiadaj\u0105ce nowoczesne sale konferencyjne, strefy wellness oraz mo\u017cliwo\u015bci organizacji r\u00f3\u017cnorodnych <a href=\"https:\/\/www.koronakarkonoszy.pl\/blog-dla-firm\/eventy-firmowe\/\"><strong>event\u00f3w firmowych<\/strong><\/a> zapewniaj\u0105 kompleksow\u0105 obs\u0142ug\u0119. Dobrze wyposa\u017cony <strong>hotel na wyjazd firmowy<\/strong> umo\u017cliwia realizacj\u0119 zar\u00f3wno formalnych spotka\u0144, jak i integracyjnych aktywno\u015bci. Przy planowaniu <a href=\"https:\/\/www.koronakarkonoszy.pl\/imprezy\/imprezy-firmowe-szklarska-poreba\/\"><strong>imprez w Szklarskiej Por\u0119bie<\/strong><\/a>, warto zwr\u00f3ci\u0107 uwag\u0119 na dodatkowe udogodnienia, takie jak transport do pobliskich atrakcji czy organizacja wieczornych ognisk. Tego typu detale mog\u0105 znacz\u0105co wp\u0142yn\u0105\u0107 na zadowolenie uczestnik\u00f3w i sukces <strong>imprez firmowych w hotelu<\/strong>. Warto tak\u017ce rozwa\u017cy\u0107 ciekawe <a href=\"https:\/\/www.koronakarkonoszy.pl\/blog-dla-firm\/atrakcje-na-imprezy-firmowe\/\"><strong>atrakcje na imprez\u0119 firmow\u0105<\/strong><\/a>, kt\u00f3re dodatkowo uatrakcyjni\u0105 wyjazd.<\/p>\n\n\n\n<h2 class=\"wp-block-heading\" id=\"h-hotel-na-wyjazd-firmowy-nbsp-nbsp-w-gorach-czy-nad-morzem-nbsp\">Hotel na wyjazd firmowy&nbsp;&#8211;&nbsp;w g\u00f3rach czy nad morzem?&nbsp;<\/h2>\n\n\n\n<p>Zastanawiasz si\u0119 pewnie, gdzie powinien znajdowa\u0107 si\u0119<strong>&nbsp;idealny hotel na wyjazd firmowy<\/strong>. W g\u00f3rach czy nad morzem? Tak naprawd\u0119 najwi\u0119ksze znaczenie ma to, czy jest on w miejscu, w kt\u00f3rym da si\u0119 odpocz\u0105\u0107 i zapomnie\u0107 o \u015bwiecie zewn\u0119trznym. Dlatego te\u017c na wyjazdy firmowe nie poleca si\u0119 hoteli, kt\u00f3re mieszcz\u0105 si\u0119 przy g\u0142\u00f3wnym szlaku.<\/p>\n\n\n<section id=\"leonardo-block_f36bd93e2b813dd1b403e08ec574672a\" class=\"leonardo page-breaker leonardo-image-left\">\n    <div class=\"leonardo-body\">\n                <div class=\"leonardo-content\"><p>W Zakopanem czy Ko\u0142obrzegu po prostu za du\u017co si\u0119 dzieje, by Twoi pracownicy mogli si\u0119 skupi\u0107 na tym, co dla nich przygotowa\u0142e\u015b. Kto\u015b mo\u017ce spotka\u0107 znajomych lub mie\u0107 w\u0142asne plany, a wtedy\u00a0team-building\u00a0si\u0119 nie powiedzie, bo grupa nie b\u0119dzie zgrana. R\u00f3wnie\u017c dlatego poleca si\u0119 raczej <strong>Karkonosze<\/strong> i Bieszczady lub mniej popularne miejscowo\u015bci, ni\u017c g\u0142\u00f3wne uzdrowiska.\u00a0Integracja grupy\u00a0uda si\u0119 wtedy, gdy grupa faktycznie b\u0119dzie razem.\u00a0Dodatkowo poka\u017cesz ekipie co\u015b nowego, bo jest spora szansa, \u017ce atrakcje w pobli\u017cu Zakopanego lub Ko\u0142obrzegu s\u0105 im ju\u017c doskonale znane.<\/p>\n<p>Z podobnego powodu lepiej wybiera\u0107 hotele na wyjazd firmowy, kt\u00f3re s\u0105 po\u0142o\u017cone poza du\u017cym miastem. Aglomeracja umo\u017cliwia zbyt du\u017c\u0105 dowolno\u015b\u0107. Cz\u0119\u015b\u0107 zespo\u0142u mo\u017ce szale\u0107 na dyskotece, kto\u015b mo\u017ce robi\u0107 zakupy lub odwiedza\u0107 krewnych, a ca\u0142o\u015b\u0107 przestanie mie\u0107 wsp\u00f3lnotowy, firmowy charakter. Lepiej, gdy hotel stanowi odseparowan\u0105 od otoczenia baz\u0119, a liczba atrakcji dooko\u0142a jest ograniczona.<\/p>\n<\/div>\n                    <aside class=\"leonardo-interlink\">\n                <b>Polecamy<\/b>\n                <a href=\"https:\/\/www.koronakarkonoszy.pl\/blog-dla-firm\/de\/doskonale-miejsce-na-wyjazd-integracyjny\/\">Doskona\u0142e miejsce na wyjazd integracyjny istnieje<\/a>\n            <\/aside>\n            <\/div>\n    <div class=\"leonardo-image\">\n        <img loading=\"lazy\" decoding=\"async\" width=\"1024\" height=\"684\" src=\"https:\/\/www.koronakarkonoszy.pl\/blog-dla-firm\/wp-content\/uploads\/2021\/07\/teambuilding.jpg\" class=\"attachment-full size-full\" alt=\"Centrum Eventowe Dworu Korona Karkonoszy w Sosn\u00f3wce ko\u0142o Karpacza\" srcset=\"https:\/\/www.koronakarkonoszy.pl\/blog-dla-firm\/wp-content\/uploads\/2021\/07\/teambuilding.jpg 1024w, https:\/\/www.koronakarkonoszy.pl\/blog-dla-firm\/wp-content\/uploads\/2021\/07\/teambuilding-300x200.jpg 300w, https:\/\/www.koronakarkonoszy.pl\/blog-dla-firm\/wp-content\/uploads\/2021\/07\/teambuilding-768x513.jpg 768w\" sizes=\"auto, (max-width: 1024px) 100vw, 1024px\" \/>            <\/div>\n<\/section>\n\n\n<p>Plusem po\u0142o\u017conego na uboczu o\u015brodka jest to, \u017ce je\u015bli przyje\u017cd\u017casz z du\u017c\u0105 grup\u0105, mo\u017cesz zarezerwowa\u0107 go na wy\u0142\u0105czno\u015b\u0107. W\u00f3wczas nic nie b\u0119dzie Was rozprasza\u0107, a pracownicy b\u0119d\u0105 si\u0119 czuli naprawd\u0119 bezpiecznie. W mie\u015bcie, nawet, je\u015bli zarezerwujesz ca\u0142y hotel, to dooko\u0142a b\u0119d\u0105 bary, kawiarnie czy restauracje dost\u0119pne dla go\u015bci z zewn\u0105trz. Pami\u0119taj, \u017ce nie chodzi o to, by za\u0142oga znalaz\u0142a si\u0119 jedynie fizycznie w jednym miejscu. Chodzi o autentyczne sp\u0119dzanie ze sob\u0105 czasu.\u00a0Integracja w grupie jest sposobem na efektywn\u0105 realizacj\u0119 wsp\u00f3lnych cel\u00f3w, ale najpierw musisz stworzy\u0107 ku temu odpowiednie warunki.<\/p>\n\n\n\n<h3 class=\"wp-block-heading\" id=\"h-hotel-na-wyjazd-firmowy-nbsp-tonacy-w-zieleni-nbsp\">Hotel na wyjazd firmowy&nbsp;<strong>ton\u0105cy w zieleni<\/strong>&nbsp;<\/h3>\n\n\n\n<p>Wi\u0119kszo\u015b\u0107 Twoich pracownik\u00f3w mieszka pewnie w mie\u015bcie i nie mo\u017ce pochwali\u0107 si\u0119 du\u017cym ogrodem. Hotel otoczony betonowym parkingiem i ogrodzeniem b\u0119dzie dla nich jak\u017ce znajomym widokiem. Na pewno jednak w takiej scenerii nie wypoczn\u0105. Potrzebujesz miejsca, w kt\u00f3rym ka\u017cdy znajdzie przestrze\u0144, by wykona\u0107 prywatny telefon, po\u0107wiczy\u0107 jog\u0119 lub poczyta\u0107. Je\u015bli wok\u00f3\u0142 obiektu nie ma tego typu teren\u00f3w zielonych, to pracownicy b\u0119d\u0105 stale skazani na swoje towarzystwo i nie wypoczn\u0105. <strong>Idealny hotel na wyjazd firmowy<\/strong> posiada zar\u00f3wno&nbsp;sale konferencyjne&nbsp;czy inne miejsca do wsp\u00f3lnej integracji, jak i zaciszne zak\u0105tki, gdzie mo\u017cna odpocz\u0105\u0107 samemu.&nbsp;&nbsp;<\/p>\n\n\n<section id=\"leonardo-block_20e1ff3f57570b054d3230171cca96b8\" class=\"leonardo page-breaker leonardo-image-left\">\n    <div class=\"leonardo-body\">\n                <div class=\"leonardo-content\"><p>Je\u015bli pogoda b\u0119dzie \u0142adna,\u00a0przypa\u0142acowy park\u00a0lub polana b\u0119d\u0105 te\u017c idealnym miejscem na zorganizowanie gier zespo\u0142owych czy integracyjnych. Nie zawsze pomieszczenia zamkni\u0119te nadaj\u0105 si\u0119 do przeprowadzania <strong>firmowych igrzysk<\/strong> i konkurs\u00f3w. Czasem a\u017c prosi si\u0119, by tego typu wydarzenia przeprowadzi\u0107 na zewn\u0105trz. Je\u015bli miejsce jest odseparowane\u00a0od zgie\u0142ku, b\u0119dzie to \u0142atwiejsze. Na terenach zielonych mo\u017cna organizowa\u0107 firmowe ogniska integracyjne,\u00a0survival\u00a0czy inne aktywno\u015bci.<\/p>\n<\/div>\n                    <aside class=\"leonardo-interlink\">\n                <b>Polecamy<\/b>\n                <a href=\"https:\/\/www.koronakarkonoszy.pl\/blog-dla-firm\/de\/obiekty-konferencyjne-w-gorach\/\">Obiekty konferencyjne w g\u00f3rach \u2013 idealne na spotkania firmowe<\/a>\n            <\/aside>\n            <\/div>\n    <div class=\"leonardo-image\">\n        <img loading=\"lazy\" decoding=\"async\" width=\"798\" height=\"532\" src=\"https:\/\/www.koronakarkonoszy.pl\/blog-dla-firm\/wp-content\/uploads\/2021\/05\/Dwor-Korona-Karkonoszy-wesele-w-gorach-piekne-wesele.jpg\" class=\"attachment-full size-full\" alt=\"Ogrody Dworu Korona Karkonoszy\" srcset=\"https:\/\/www.koronakarkonoszy.pl\/blog-dla-firm\/wp-content\/uploads\/2021\/05\/Dwor-Korona-Karkonoszy-wesele-w-gorach-piekne-wesele.jpg 798w, https:\/\/www.koronakarkonoszy.pl\/blog-dla-firm\/wp-content\/uploads\/2021\/05\/Dwor-Korona-Karkonoszy-wesele-w-gorach-piekne-wesele-300x200.jpg 300w, https:\/\/www.koronakarkonoszy.pl\/blog-dla-firm\/wp-content\/uploads\/2021\/05\/Dwor-Korona-Karkonoszy-wesele-w-gorach-piekne-wesele-768x512.jpg 768w\" sizes=\"auto, (max-width: 798px) 100vw, 798px\" \/>            <\/div>\n<\/section>\n\n\n<h2 class=\"wp-block-heading\" id=\"h-jak-zaplanowac-atrakcje-na-wyjazdy-integracyjne\">Jak zaplanowa\u0107 atrakcje na wyjazdy integracyjne?<\/h2>\n\n\n\n<p>Jakie atrakcje na <a href=\"https:\/\/www.koronakarkonoszy.pl\/blog-dla-firm\/eventy-firmowe\/\" class=\"links-placer\">eventy firmowe<\/a> b\u0119d\u0105 najlepsze? Zaj\u0119cia outdoor czy kameralne konferencje firmowe z wybitnymi postaciami z danej bran\u017cy? By uczestnicy wyjazdu firmowego uznali, \u017ce by\u0142o to udane spotkania firmowe, trzeba zaproponowa\u0107 im co\u015b ciekawego. Przede wszystkim <strong>hotel na wyjazd firmowy<\/strong> powinien by\u0107 wygodny i dobrze po\u0142o\u017cony.<\/p>\n\n\n\n<p>Najlepiej w jakim\u015b spokojnym miejscu, ale z dost\u0119pem do wielu atrakcji. Lokalizacja hotelu jest naprawd\u0119 wa\u017cna. I najlepiej, by ca\u0142y hotel by\u0142 do dyspozycji grupy. Gdzie szuka\u0107 takich <strong>hoteli na wyjazdy firmowe<\/strong> w Polsce? Na przyk\u0142ad w Karkonoszach, w jednym z wielu uroczych g\u00f3rskich kurort\u00f3w. Restauracje i hotele na imprezy firmowe tego regionu s\u0105 dobrze znane w bran\u017cy eventowej, bo w ostatnich latach to jedna z najpopularniejszych destynacji w turystyce biznesowej.\u00a0\u00a0<\/p>\n\n\n\n<figure class=\"wp-block-image size-large\"><img loading=\"lazy\" decoding=\"async\" width=\"1024\" height=\"682\" src=\"https:\/\/www.koronakarkonoszy.pl\/blog-dla-firm\/wp-content\/uploads\/2023\/02\/maszyna-goldberga9-1024x682.jpg\" alt=\"\" class=\"wp-image-6477\" srcset=\"https:\/\/www.koronakarkonoszy.pl\/blog-dla-firm\/wp-content\/uploads\/2023\/02\/maszyna-goldberga9-1024x682.jpg 1024w, https:\/\/www.koronakarkonoszy.pl\/blog-dla-firm\/wp-content\/uploads\/2023\/02\/maszyna-goldberga9-300x200.jpg 300w, https:\/\/www.koronakarkonoszy.pl\/blog-dla-firm\/wp-content\/uploads\/2023\/02\/maszyna-goldberga9-768x512.jpg 768w, https:\/\/www.koronakarkonoszy.pl\/blog-dla-firm\/wp-content\/uploads\/2023\/02\/maszyna-goldberga9-1920x1280.jpg 1920w, https:\/\/www.koronakarkonoszy.pl\/blog-dla-firm\/wp-content\/uploads\/2023\/02\/maszyna-goldberga9-1536x1024.jpg 1536w, https:\/\/www.koronakarkonoszy.pl\/blog-dla-firm\/wp-content\/uploads\/2023\/02\/maszyna-goldberga9-18x12.jpg 18w, https:\/\/www.koronakarkonoszy.pl\/blog-dla-firm\/wp-content\/uploads\/2023\/02\/maszyna-goldberga9.jpg 2000w\" sizes=\"auto, (max-width: 1024px) 100vw, 1024px\" \/><figcaption class=\"wp-element-caption\"><strong>Gry i zabawy team buildingowe &#8211; budowa <a href=\"https:\/\/www.koronakarkonoszy.pl\/blog-dla-firm\/maszyna-goldberga\/\">m<\/a><a href=\"https:\/\/www.koronakarkonoszy.pl\/blog-dla-firm\/maszyna-goldberga\/\" target=\"_blank\" rel=\"noreferrer noopener\">a<\/a><a href=\"https:\/\/www.koronakarkonoszy.pl\/blog-dla-firm\/maszyna-goldberga\/\">szyny Goldberga<\/a>, Dw\u00f3r Korona Karkonoszy, Sosn\u00f3wka <\/strong><\/figcaption><\/figure>\n\n\n\n<p>Jak sp\u0119dzi\u0107 integracj\u0119 w firmowym gronie? Pomys\u0142\u00f3w jest wiele. <strong>Team building i wyjazdy integracyjne<\/strong>, gry i zabawy zespo\u0142owe, warsztaty rozwoju osobistego, zaj\u0119cia kreatywne, quizy, konkursy, mini-olimpiady, escape roomy czy paintball, wieczory tematyczne, spotkanie z ekspertem, turnieje sportowe, wiecz\u00f3r talent\u00f3w, <a href=\"https:\/\/www.koronakarkonoszy.pl\/blog-dla-firm\/degustacja-piwa\/\" target=\"_blank\" rel=\"noreferrer noopener\">degustacje piw rzemie\u015blniczych<\/a> i warsztaty kulinarne, projekty charytatywne \u2013 to tylko kilka z propozycji. Spotkania integracyjne dla firm pomog\u0105 uczestnikom rozwija\u0107 umiej\u0119tno\u015bci mi\u0119kkie, takie jak komunikacja, rozwi\u0105zywanie konflikt\u00f3w, zarz\u0105dzanie stresem czy efektywna praca w zespole i sprzyja budowaniu relacji.<\/p>\n\n\n\n<p><strong>KLIKNIJ<\/strong>\u00a0poni\u017cej w banner Konfigurator Imprez Firmowych<\/p>\n\n\n\n<figure class=\"wp-block-image\"><a href=\"https:\/\/www.koronakarkonoszy.pl\/konfigurator-imprez\/\" target=\"_blank\" rel=\"noreferrer noopener\"><img decoding=\"async\" src=\"https:\/\/commplace.pl\/blog\/wp-content\/uploads\/2024\/03\/banner_konfigurator-imprez-1600x900.jpg\" alt=\"\" class=\"wp-image-23244\"\/><\/a><\/figure>\n\n\n\n<p><strong>KLIKNIJ<\/strong>\u00a0powy\u017cej w banner Konfigurator Imprez Firmowych<\/p>\n\n\n\n<h2 class=\"wp-block-heading\" id=\"h-polska-centralna-czy-przy-granicy-nbsp\">Polska centralna czy przy granicy?&nbsp;<\/h2>\n\n\n\n<p>Pozostaje jeszcze pytanie o to, czy hotel na wyjazd firmowy powinien by\u0107 po\u0142o\u017cony w centralnej Polsce, czy raczej gdzie\u015b pod granic\u0105? Oba rozwi\u0105zania maj\u0105 swoje plusy. Je\u015bli firma ma wiele oddzia\u0142\u00f3w, a pracownicy maj\u0105 spotka\u0107 si\u0119 w jednym miejscu, to zdecydowanie postaw na \u015brodkow\u0105 cz\u0119\u015b\u0107 kraju. Pami\u0119taj jednak, \u017ce nawet kr\u00f3tka wycieczka za granic\u0119 to olbrzymia atrakcja. Wi\u0119c je\u015bli mo\u017cesz, to znajd\u017a co\u015b pod niemieck\u0105, czesk\u0105, litewsk\u0105 lub s\u0142owack\u0105 granic\u0105. Szukanie noclegu pod granic\u0105 bia\u0142orusk\u0105 czy ukrai\u0144sk\u0105 nie jest ju\u017c a\u017c tak atrakcyjne. Ka\u017cdy b\u0119dzie potrzebowa\u0142 paszportu, a w przypadku Bia\u0142orusi r\u00f3wnie\u017c wizy, co znacznie skomplikowa\u0142oby wyjazd.\u00a0Bior\u0105c pod uwag\u0119 <a href=\"https:\/\/www.koronakarkonoszy.pl\/blog-dla-firm\/hotel-na-imprezy-integracyjne-kiedy-i-w-jakich-sytuacjach-sie-sprawdzi\/\" target=\"_blank\" rel=\"noreferrer noopener\"><strong>hotel na imprezy integracyjne<\/strong><\/a> warto wi\u0119c bra\u0107 pod uwag\u0119 r\u00f3\u017cne aspekty.<\/p>\n\n\n<section id=\"leonardo-block_3d29f8e82bf16b102cee3c11018cfdbd\" class=\"leonardo page-breaker leonardo-image-right\">\n    <div class=\"leonardo-body\">\n                <div class=\"leonardo-content\"><h3 id=\"ha-hotel-na-wyjazd-firmowy-w-polsce-nie-tylko-baltyk-albo-w-tatry\">Hotel na wyjazd firmowy w Polsce? Nie tylko Ba\u0142tyk albo w Tatry<\/h3>\n<p>Zaczynasz organizowa\u0107 wyjazd firmowy, kt\u00f3ry ma si\u0119 odbywa\u0107 w Polsce. Od razu na my\u015bl przychodz\u0105 znane wszystkim miejsca, czyli Ba\u0142tyk oraz Tatry. Tymczasem wi\u0105\u017ce si\u0119 to z wieloma niedogodno\u015bciami. Jakimi? Przepe\u0142nionymi hotelami, kt\u00f3re trzeba rezerwowa\u0107 czasem nawet rok wcze\u015bniej. T\u0142umami zar\u00f3wno na pla\u017cy, jak i w g\u00f3rach. Nieko\u0144cz\u0105cymi si\u0119 korkami na drogach (a przecie\u017c czas nie jest nielimitowany na takim wyje\u017adzie). I wreszcie miejscami, kt\u00f3re wi\u0119kszo\u015b\u0107 os\u00f3b zwiedza\u0142o ju\u017c w swoim \u017cyciu nie raz. A w wyjazdach firmowych chodzi o to, by zaskakiwa\u0107, odkrywa\u0107 nowe miejsca i siebie nawzajem. Warto wi\u0119c spojrze\u0107 na mniej konwencjonalne, a r\u00f3wnocze\u015bnie pi\u0119kne miejsca w Polsce.<\/p>\n<\/div>\n                    <aside class=\"leonardo-interlink\">\n                <b>Polecamy<\/b>\n                <a href=\"https:\/\/www.koronakarkonoszy.pl\/blog-dla-firm\/de\/warsztaty-integracyjne-w-gorach\/\">Warsztaty integracyjne w g\u00f3rach<\/a>\n            <\/aside>\n            <\/div>\n    <div class=\"leonardo-image\">\n        <img loading=\"lazy\" decoding=\"async\" width=\"840\" height=\"560\" src=\"https:\/\/www.koronakarkonoszy.pl\/blog-dla-firm\/wp-content\/uploads\/2021\/05\/Samotnia-Karkonosze-Dwor-Korona-Karkonoszy-1.jpg\" class=\"attachment-full size-full\" alt=\"Samotnia - Karkonosze - Dw\u00f3r Korona Karkonoszy\" srcset=\"https:\/\/www.koronakarkonoszy.pl\/blog-dla-firm\/wp-content\/uploads\/2021\/05\/Samotnia-Karkonosze-Dwor-Korona-Karkonoszy-1.jpg 840w, https:\/\/www.koronakarkonoszy.pl\/blog-dla-firm\/wp-content\/uploads\/2021\/05\/Samotnia-Karkonosze-Dwor-Korona-Karkonoszy-1-300x200.jpg 300w, https:\/\/www.koronakarkonoszy.pl\/blog-dla-firm\/wp-content\/uploads\/2021\/05\/Samotnia-Karkonosze-Dwor-Korona-Karkonoszy-1-768x512.jpg 768w\" sizes=\"auto, (max-width: 840px) 100vw, 840px\" \/>            <\/div>\n<\/section>\n\n<section id=\"leonardo-block_b163bd2dc2bff0172a5129da6c0beae8\" class=\"leonardo page-breaker leonardo-image-left\">\n    <div class=\"leonardo-body\">\n                <div class=\"leonardo-content\"><p><!-- wp:heading {\"level\":3} --><\/p>\n<h3 class=\"wp-block-heading\" id=\"ha-skoro-nie-baltyk-i-tatry-to-gdzie-karkonosze-czekaja\">Skoro nie Ba\u0142tyk i Tatry \u2013 to gdzie? Karkonosze czekaj\u0105!<\/h3>\n<p><!-- \/wp:heading --> <!-- wp:paragraph --><\/p>\n<p>Polska tylko z pozoru jest ma\u0142ym krajem. Tak naprawd\u0119 oferuje nam mas\u0119 wspania\u0142ych atrakcji, nie tylko w du\u017cych miastach, ale i na pograniczach. Wystarczy dobrze poszuka\u0107 i popatrze\u0107 na map\u0119, a Polska odkryje przed nami miejsca pe\u0142ne urok\u00f3w, o kt\u00f3rych nawet nie mieli\u015bmy poj\u0119cia. <strong>Hotel na wyjazd firmowy<\/strong> powinien by\u0107 zlokalizowany w miejscu rzadziej ucz\u0119szczanym ni\u017c typowe atrakcje turystyczne, do kt\u00f3rego ka\u017cdy z ch\u0119ci\u0105 pojedzie, by zobaczy\u0107 co\u015b nowego.<\/p>\n<p><!-- \/wp:paragraph -->Dodatkowo pami\u0119taj, \u017ce na takie wyjazdy warto jecha\u0107 w miejsca z dala od zgie\u0142ku wielkich miast, w kt\u00f3rych \u017cyjemy na co dzie\u0144. Polska jest pi\u0119kna \u2013 mo\u017cemy o tym poczyta\u0107 na wielu portalach, szczeg\u00f3lnie je\u015bli chodzi o faun\u0119 i flor\u0119. Mamy wszystko: morze, g\u00f3ry, jeziora. Nie szufladkuj swoich wyjazd\u00f3w i nie id\u017a na \u0142atwizn\u0119, przed Tob\u0105 wiele urokliwych miejsc do odkrycia. Po\u015bwi\u0119\u0107 troch\u0119 czasu, a Wasz wyjazd z pewno\u015bci\u0105 b\u0119dzie udany.<\/p>\n<\/div>\n                    <aside class=\"leonardo-interlink\">\n                <b>Polecamy<\/b>\n                <a href=\"https:\/\/www.koronakarkonoszy.pl\/blog-dla-firm\/de\/impreza-plenerowa\/\">Impreza plenerowa<\/a>\n            <\/aside>\n            <\/div>\n    <div class=\"leonardo-image\">\n        <img loading=\"lazy\" decoding=\"async\" width=\"1280\" height=\"371\" src=\"https:\/\/www.koronakarkonoszy.pl\/blog-dla-firm\/wp-content\/uploads\/2021\/08\/relacje-pracownicze-1.jpg\" class=\"attachment-full size-full\" alt=\"Wyjazd integracyjne dla pracownik\u00f3w w g\u00f3ry\" srcset=\"https:\/\/www.koronakarkonoszy.pl\/blog-dla-firm\/wp-content\/uploads\/2021\/08\/relacje-pracownicze-1.jpg 1280w, https:\/\/www.koronakarkonoszy.pl\/blog-dla-firm\/wp-content\/uploads\/2021\/08\/relacje-pracownicze-1-300x87.jpg 300w, https:\/\/www.koronakarkonoszy.pl\/blog-dla-firm\/wp-content\/uploads\/2021\/08\/relacje-pracownicze-1-1024x297.jpg 1024w, https:\/\/www.koronakarkonoszy.pl\/blog-dla-firm\/wp-content\/uploads\/2021\/08\/relacje-pracownicze-1-768x223.jpg 768w\" sizes=\"auto, (max-width: 1280px) 100vw, 1280px\" \/>            <\/div>\n<\/section>\n\n\n<h2 class=\"wp-block-heading\" id=\"ha-dlaczego-warto-wyjechac-w-gory\">Dlaczego warto wyjecha\u0107 w g\u00f3ry?<\/h2>\n\n\n\n<p>G\u00f3ry s\u0105 idealnym miejscem na wyjazd firmowy przez ca\u0142y rok. Wiosn\u0105, latem i jesieni\u0105 mo\u017cna podziwia\u0107 zachwycaj\u0105ce widoki spaceruj\u0105c po szlakach g\u00f3rskich, je\u017cd\u017c\u0105c rowerem, za\u015b zim\u0105 oferuj\u0105 liczne trasy narciarskie. Obecno\u015b\u0107 natury sprzyja nawi\u0105zywaniu nowych przyja\u017ani, odpoczynkowi, ucieczce od codziennych problem\u00f3w i zgie\u0142ku miasta. Spaceruj\u0105c po szlaku natkniemy si\u0119 na malownicze panoramy, kt\u00f3re \u015bwietnie wygl\u0105daj\u0105 na zdj\u0119ciach. Jednocze\u015bnie po\u015br\u00f3d natury mo\u017cna zorganizowa\u0107 naprawd\u0119 oryginalne <a href=\"https:\/\/www.koronakarkonoszy.pl\/blog-dla-firm\/eventy-integracyjne\/\" target=\"_blank\" rel=\"noreferrer noopener\">eventy integracyjne<\/a>. S\u0142u\u017cbowy wyjazd w g\u00f3ry b\u0119dzie \u015bwietn\u0105 okazj\u0105 do zacie\u015bniania wi\u0119zi oraz poszerzania kompetencji na <a href=\"https:\/\/www.koronakarkonoszy.pl\/blog-dla-firm\/czy-warto-organizowac-szkolenia-integracyjne-dla-firm\/\" target=\"_blank\" rel=\"noreferrer noopener\">szkoleniach integracyjnych<\/a>, w komfortowych salach hotelowych.<\/p>\n\n\n\n<figure class=\"wp-block-image size-large\"><img loading=\"lazy\" decoding=\"async\" width=\"1024\" height=\"683\" src=\"https:\/\/www.koronakarkonoszy.pl\/blog-dla-firm\/wp-content\/uploads\/2021\/05\/Dwor-Korona-Karkonoszy-wesele-wroclaw-1024x683.jpg\" alt=\"\" class=\"wp-image-263\" srcset=\"https:\/\/www.koronakarkonoszy.pl\/blog-dla-firm\/wp-content\/uploads\/2021\/05\/Dwor-Korona-Karkonoszy-wesele-wroclaw-1024x683.jpg 1024w, https:\/\/www.koronakarkonoszy.pl\/blog-dla-firm\/wp-content\/uploads\/2021\/05\/Dwor-Korona-Karkonoszy-wesele-wroclaw-300x200.jpg 300w, https:\/\/www.koronakarkonoszy.pl\/blog-dla-firm\/wp-content\/uploads\/2021\/05\/Dwor-Korona-Karkonoszy-wesele-wroclaw-768x512.jpg 768w, https:\/\/www.koronakarkonoszy.pl\/blog-dla-firm\/wp-content\/uploads\/2021\/05\/Dwor-Korona-Karkonoszy-wesele-wroclaw.jpg 1180w\" sizes=\"auto, (max-width: 1024px) 100vw, 1024px\" \/><figcaption class=\"wp-element-caption\"><strong>Hotel na wyjazd integracyjny dla firm, Dw\u00f3r Korona Karkonoszy, Sosn\u00f3wka k. Karpacza<\/strong><\/figcaption><\/figure>\n\n\n\n<h3 class=\"wp-block-heading\" id=\"ha-karkonosze-gory-na-pograniczu-polsko-czeskim\">Karkonosze \u2013 g\u00f3ry na pograniczu polsko-czeskim<\/h3>\n\n\n\n<p>Karkonosze to najwy\u017csze pasmo g\u00f3rskie Sudet\u00f3w po\u0142o\u017cone w po\u0142udniowo-zachodniej Polsce. Zachwycaj\u0105 malowniczymi widokami, urozmaicon\u0105 rze\u017ab\u0105, wieloma zabytkami i wszechobecn\u0105 cisz\u0105. G\u00f3ry te, dot\u0105d pomijane przez wielu, kusz\u0105 swoj\u0105 bogat\u0105 ofert\u0105, kt\u00f3ra idealnie sprawdzi si\u0119, by w\u0142a\u015bnie tam wybra\u0107 <strong>hotel na wyjazd firmowy<\/strong>.<\/p>\n\n\n\n<p>Przede wszystkim szlaki s\u0105 \u0142atwe i przyjemne, dlatego ka\u017cdy z pracownik\u00f3w jest w stanie wej\u015b\u0107 na szczyt. Nie trzeba si\u0119 martwi\u0107, \u017ce wyjazd firmowy zmieni si\u0119 w ob\u00f3z survivalowy, gdzie trzeba b\u0119dzie si\u0119 wspina\u0107 ca\u0142ymi dniami. Nie potrzeba \u0142a\u0144cuch\u00f3w, specjalistycznego obuwia, a widoki i tak zapieraj\u0105 dech w piersiach.<\/p>\n\n\n\n<figure class=\"wp-block-image size-large\"><img loading=\"lazy\" decoding=\"async\" width=\"1024\" height=\"768\" src=\"https:\/\/www.koronakarkonoszy.pl\/blog-dla-firm\/wp-content\/uploads\/2021\/10\/olimpiada-firmowa80-1024x768.jpg\" alt=\"\" class=\"wp-image-6621\" srcset=\"https:\/\/www.koronakarkonoszy.pl\/blog-dla-firm\/wp-content\/uploads\/2021\/10\/olimpiada-firmowa80-1024x768.jpg 1024w, https:\/\/www.koronakarkonoszy.pl\/blog-dla-firm\/wp-content\/uploads\/2021\/10\/olimpiada-firmowa80-300x225.jpg 300w, https:\/\/www.koronakarkonoszy.pl\/blog-dla-firm\/wp-content\/uploads\/2021\/10\/olimpiada-firmowa80-768x576.jpg 768w, https:\/\/www.koronakarkonoszy.pl\/blog-dla-firm\/wp-content\/uploads\/2021\/10\/olimpiada-firmowa80-1536x1152.jpg 1536w, https:\/\/www.koronakarkonoszy.pl\/blog-dla-firm\/wp-content\/uploads\/2021\/10\/olimpiada-firmowa80-16x12.jpg 16w, https:\/\/www.koronakarkonoszy.pl\/blog-dla-firm\/wp-content\/uploads\/2021\/10\/olimpiada-firmowa80.jpg 1824w\" sizes=\"auto, (max-width: 1024px) 100vw, 1024px\" \/><figcaption class=\"wp-element-caption\"><strong>Hotel na imprez\u0119 firmow\u0105, Dw\u00f3r Korona Karkonoszy<\/strong><\/figcaption><\/figure>\n\n\n\n<h2 class=\"wp-block-heading\" id=\"ha-hotel-na-wyjazd-firmowy-w-urokliwej-okolicy\">Hotel na wyjazd firmowy w urokliwej okolicy<\/h2>\n\n\n\n<p>To, co na pewno zachwyci w <strong>Karkonoszach<\/strong>, to niecodzienny krajobraz, kt\u00f3ry jeste\u015bmy w stanie podziwia\u0107 godzinami dzi\u0119ki brakom t\u0142um\u00f3w na szlakach. Sprzyja to idealnie nawi\u0105zywaniu bli\u017cszych kontakt\u00f3w z kolegami i kole\u017cankami z pracy. Tu mo\u017cna swobodnie porozmawia\u0107 w\u0119druj\u0105c, a p\u00f3\u017aniej odpocz\u0105\u0107 w schroniskach g\u00f3rskich, kt\u00f3rych w tych rejonach tak\u017ce nie brakuje. Tam z kolei mo\u017cna wsp\u00f3lnie usi\u0105\u015b\u0107, zje\u015b\u0107, napi\u0107 si\u0119 czego\u015b i r\u00f3wnie\u017c przeprowadzi\u0107 <a href=\"https:\/\/www.koronakarkonoszy.pl\/blog-dla-firm\/zabawy-teambuildingowe-czyli-3-pomysly-na-udana-integracje\/\" target=\"_blank\" rel=\"noreferrer noopener\">zabawy integracyjne<\/a>, kt\u00f3ra zn\u00f3w z\u0142\u0105czy ca\u0142y zesp\u00f3\u0142.<\/p>\n\n\n<section id=\"leonardo-block_c1b4c06fe70277006a87e8780f5eabd7\" class=\"leonardo page-breaker leonardo-image-left\">\n    <div class=\"leonardo-body\">\n                <div class=\"leonardo-content\"><h3 id=\"ha-hotel-z-atrakcjami-na-imprezy-firmowe-gory\">Hotel z atrakcjami na imprezy firmowe &#8211; g\u00f3ry!<\/h3>\n<p>Uroku dodaje bezkres fantazyjnych ska\u0142ek, poniewa\u017c <strong>Karkonosze<\/strong> s\u0142yn\u0105 z ponad 150 grup skalnych, z czego niekt\u00f3re si\u0119gaj\u0105 nawet 25 metr\u00f3w wysoko\u015bci. Mi\u0142ym dla oka dodatkiem s\u0105 <strong>trzy wodospady: Kamie\u0144czyka, Szklarki i\u00a0 Podg\u00f3rnej<\/strong>, kt\u00f3re z \u0142atwo\u015bci\u0105 jeste\u015bmy w stanie obejrze\u0107 nawet w ci\u0105gu jednego dnia.<\/p>\n<p>Je\u017celi w\u015br\u00f3d Was s\u0105 fani rowerowych wycieczek \u2013 nie mogli\u015bcie trafi\u0107 lepiej. W Karkonoszach jest wiele wyznaczonych tras, o r\u00f3\u017cnym stopniu trudno\u015bci, kt\u00f3re jednocze\u015bnie uka\u017c\u0105 pi\u0119kne pejza\u017ce i zabytki miejscowo\u015bci, takich jak: Jelenia G\u00f3ra, Piechowice, Karpacz, czy Szklarska Por\u0119ba.<\/p>\n<\/div>\n                    <aside class=\"leonardo-interlink\">\n                <b>Polecamy<\/b>\n                <a href=\"https:\/\/www.koronakarkonoszy.pl\/blog-dla-firm\/de\/event-biznesowy\/\">Event biznesowy &#8211; organizacja krok po kroku<\/a>\n            <\/aside>\n            <\/div>\n    <div class=\"leonardo-image\">\n        <img loading=\"lazy\" decoding=\"async\" width=\"2027\" height=\"1351\" src=\"https:\/\/www.koronakarkonoszy.pl\/blog-dla-firm\/wp-content\/uploads\/2021\/09\/Miejsce-na-impreze-integracyjna1.jpg\" class=\"attachment-full size-full\" alt=\"Miejsce na imprez\u0119 integracyjn\u0105 - las\" srcset=\"https:\/\/www.koronakarkonoszy.pl\/blog-dla-firm\/wp-content\/uploads\/2021\/09\/Miejsce-na-impreze-integracyjna1.jpg 2027w, https:\/\/www.koronakarkonoszy.pl\/blog-dla-firm\/wp-content\/uploads\/2021\/09\/Miejsce-na-impreze-integracyjna1-300x200.jpg 300w, https:\/\/www.koronakarkonoszy.pl\/blog-dla-firm\/wp-content\/uploads\/2021\/09\/Miejsce-na-impreze-integracyjna1-1024x682.jpg 1024w, https:\/\/www.koronakarkonoszy.pl\/blog-dla-firm\/wp-content\/uploads\/2021\/09\/Miejsce-na-impreze-integracyjna1-768x512.jpg 768w, https:\/\/www.koronakarkonoszy.pl\/blog-dla-firm\/wp-content\/uploads\/2021\/09\/Miejsce-na-impreze-integracyjna1-1920x1280.jpg 1920w, https:\/\/www.koronakarkonoszy.pl\/blog-dla-firm\/wp-content\/uploads\/2021\/09\/Miejsce-na-impreze-integracyjna1-1536x1024.jpg 1536w\" sizes=\"auto, (max-width: 2027px) 100vw, 2027px\" \/>            <\/div>\n<\/section>\n\n\n<h3 class=\"wp-block-heading\" id=\"ha-karkonosze-na-wyjazd-firmowy-zagraniczne-atrakcje\">Karkonosze na wyjazd firmowy &#8211; zagraniczne atrakcje <\/h3>\n\n\n\n<p>Karkonosze s\u0105 naturaln\u0105 granic\u0105 mi\u0119dzy naszym krajem, a Czechami (do stolicy \u2013 Pragi mamy jedynie 2,5 h autem). Dlatego jednego dnia warto uda\u0107 si\u0119 na wycieczk\u0119 do naszych s\u0105siad\u00f3w. Z pewno\u015bci\u0105 urozmaici to wyjazd firmowy, nie tylko widokowo, ale r\u00f3wnie\u017c kulinarnie. Warto spr\u00f3bowa\u0107 czeskich knedliczk\u00f3w z gulaszem, czy napi\u0107 si\u0119 czeskiej kofoli.<\/p>\n\n\n\n<p>Czeskie Karkonosze r\u00f3wnie\u017c zachwycaj\u0105. Warto wej\u015b\u0107 na Karkonosk\u0105 \u015acie\u017ck\u0119 w Koronach Drzew, kt\u00f3ra po\u0142o\u017cona jest w miejscowo\u015bci Jansk\u00e9 L\u00e1zn\u011b. Wysoka na 45 metr\u00f3w wie\u017ca widokowa ukazuje nam zjawiskow\u0105 sceneri\u0119, w\u015br\u00f3d kt\u00f3rej stare drzewa (niekt\u00f3re maj\u0105 nawet 150 lat!) znajduj\u0105 si\u0119 na wyci\u0105gni\u0119cie r\u0119ki.<\/p>\n\n\n<section id=\"leonardo-block_e8b1e8c186be2195bd69973bc32d2473\" class=\"leonardo page-breaker leonardo-image-right\">\n    <div class=\"leonardo-body\">\n                <div class=\"leonardo-content\"><p>Wybieraj\u0105c hotel na wyjazd firmowy nie kierujmy si\u0119 tylko przyrod\u0105 i atrakcyjnymi widokami, ale r\u00f3wnie\u017c innymi urozmaiceniami. <a href=\"nakarkonoszy.pl\/blog-dla-firm\/organizacja-wycieczek-firmowych-sposob-na-integracje-pracownikow\/\" target=\"_blank\" rel=\"noopener\">Organizacja wycieczek firmowych<\/a> oznacza, \u017ce trzeba wzi\u0105\u0107 pod uwag\u0119 r\u00f3\u017cne gusta i preferencje uczestnik\u00f3w. Wiadomo, \u017ce nie ka\u017cdy jest wielkim fanem pieszych w\u0119dr\u00f3wek. W Karkonoszach warto zwiedzi\u0107 na przyk\u0142ad <strong>Dolin\u0119 Pa\u0142ac\u00f3w i Ogrod\u00f3w Kotliny Jeleniog\u00f3rskiej<\/strong>, w\u015br\u00f3d kt\u00f3rej czekaj\u0105 na nas \u015bredniowieczne zamki, barokowe pa\u0142ace, czy renesansowe dwory. Ciekawym miejscem jest tak\u017ce <strong>Ko\u015bci\u00f3\u0142 Wang<\/strong>, \u015bwi\u0105tynia z XII wieku, czy Muzeum Karkonoszy, kt\u00f3ry zabierze was w fantastyczn\u0105 wypraw\u0119 przez miliony dziej\u00f3w <strong>Karkonoszy<\/strong>.<\/p>\n<\/div>\n                    <aside class=\"leonardo-interlink\">\n                <b>Polecamy<\/b>\n                <a href=\"https:\/\/www.koronakarkonoszy.pl\/blog-dla-firm\/de\/wigilia-firmowa-jak-gdzie-i-kiedy-zorganizowac-niezapomniana-impreze\/\">Wigilia firmowa. Jak, gdzie i kiedy zorganizowa\u0107 niezapomnian\u0105 imprez\u0119?\u00a0<\/a>\n            <\/aside>\n            <\/div>\n    <div class=\"leonardo-image\">\n        <img loading=\"lazy\" decoding=\"async\" width=\"1024\" height=\"683\" src=\"https:\/\/www.koronakarkonoszy.pl\/blog-dla-firm\/wp-content\/uploads\/2021\/05\/Dwor-Korona-Karkonoszy-wesele.jpg\" class=\"attachment-full size-full\" alt=\"Apartamenty, pokoje i saloniki Dworu Korona Karkonoszy\" srcset=\"https:\/\/www.koronakarkonoszy.pl\/blog-dla-firm\/wp-content\/uploads\/2021\/05\/Dwor-Korona-Karkonoszy-wesele.jpg 1024w, https:\/\/www.koronakarkonoszy.pl\/blog-dla-firm\/wp-content\/uploads\/2021\/05\/Dwor-Korona-Karkonoszy-wesele-300x200.jpg 300w, https:\/\/www.koronakarkonoszy.pl\/blog-dla-firm\/wp-content\/uploads\/2021\/05\/Dwor-Korona-Karkonoszy-wesele-768x512.jpg 768w\" sizes=\"auto, (max-width: 1024px) 100vw, 1024px\" \/>            <\/div>\n<\/section>\n\n\n<h3 class=\"wp-block-heading\" id=\"h-hotel-na-wyjazd-firmowy-zadbaj-o-catering\">Hotel na wyjazd firmowy &#8211; zadbaj o catering<\/h3>\n\n\n\n<p>Gdy wybierzesz <strong>hotel na wyjazd firmowy <\/strong>znajduj\u0105cy si\u0119 w Karkonoszach, dasz uczestnikom mo\u017cliwo\u015b\u0107 skosztowania regionalnej <a href=\"https:\/\/www.koronakarkonoszy.pl\/catering\/\" target=\"_blank\" rel=\"noreferrer noopener\">kuchni<\/a>. Kuchni nietypowej, pradawnej, kt\u00f3rej dania serwowane s\u0105 tylko w tym jednym miejscu w Polsce. Udaj\u0105c si\u0119 do restauracji zjedzcie mieszanki potraw polsko-czeskich: karkonoskie kyselo (zupa na bazie produkt\u00f3w lokalnych), karkonoskie sikory (placki ziemniaczane podawane z kwa\u015bn\u0105 \u015bmietan\u0105), karkonoski ukrop (zupa czosnkowa) i wiele innych.<\/p>\n\n\n\n<style>\n    .cta_block{\n        margin: 1.5em 0;\n    }\n    .cta_block_content {\n        position: relative;\n        color: white;\n        padding: 1em;\n    }\n    .cta_block_content h3{\n        text-align: center;\n        font: normal normal normal 36px\/50px Yeseva One;\n    }\n    .cta_block_content .cta_block_desc{\n        text-align: center;\n        font-size: 1.1em;\n        position: relative;\n    }\n    .cta_block_content .cta_block_desc:before {\n        content: '';\n        width: 80px;\n        height: 4px;\n        background: #EEB315;\n        position: absolute;\n        left: 0;\n        right: 0;\n        margin-left: auto;\n        margin-right: auto;\n        top: -22px;\n    }\n\n    .cta_block_content picture{\n        position: absolute;\n        top: 0;\n        right: 0;\n        z-index: -1;\n        height: 100%;\n        overflow: hidden;\n        width: 100%;\n    }\n    .cta_block_content picture img{\n        object-fit: cover;\n        height: 100%;\n        width: 100%;\n    }\n    .cta_block .cta_block_content .ninja-forms-field{\n        background: #FFFFFF2F;\n        border: 1px solid #EEB315;\n        border-radius: 25px;\n        opacity: 1;\n        color: #ffffff;\n    }\n    .cta_block .cta_block_content .nf-form-content input[type=submit]{\n        background-color: #EEB315;\n        color: #292929;\n        text-align: center;\n        font: normal normal bold 14px\/20px Work Sans;\n        padding: 0 2em;\n    }\n\n    .cta_block ::placeholder{\n        color: white!important;\n        opacity: 1;\n    }\n\n    .cta_block_content::after {\n        height: 100%;\n        width: 100%;\n        content: \"\";\n        z-index: -1;\n        position: absolute;\n        top: 0;\n        background: #00000070;\n        right: 0;\n        left: 0;\n        bottom: 0;\n    }\n    #ha-cta-block, .cta_block_desc, .cta_block .nf-field-label, .cta_block .nf-error-msg {\n        filter: drop-shadow(1px 1px 8px black);\n    }\n\n\/*    .cta_block nf-rows-wrap {\n        display: flex;\n        justify-content: space-around;\n        flex-direction: row;\n    }*\/\n\n    .cta_block .nf-field-label {\n        display:none;\n    }\n\n    .cta_block .nf-error.field-wrap .nf-field-element::after {\n        border-radius: 50px;\n    }\n\n    .cta_block .nf-error-msg {\n        color: #fff;\n    }\n\n    .cta_block .nf-form-cont {\n        margin-top: 3em;\n        margin-bottom: 1em;\n    }\n\n    .wp-admin .cta_block_content{\n        display: none;\n    }\n    .cta_block .nf-form-fields-required {\n        display: none;\n    }\n    body:not(.wp-admin) .cta_block_admin {\n        display: none;\n    }\n<\/style>\n<div id=\"cta_block-block_2314b36f3a051aeb2459b4b020663be9\" class=\"cta_block\">\n    <div class=\"cta_block_admin\" style=\"background-color: blue; color: white\">\n        Blok CTA\n    <\/div>\n    <div class=\"cta_block\">\n        <div class=\"cta_block_content\">   \n        <h3 id=\"ha-gdzie-zorganizowac-spotkanie-firmowe\">Gdzie zorganizowa\u0107 spotkanie firmowe? <\/h3>\n                    <div class=\"cta_block_desc\">Najlepiej w Dworze Korona Karkonoszy! <\/div>\n                <noscript class=\"ninja-forms-noscript-message\">\n\tHinweis: F\u00fcr diesen Inhalt ist JavaScript erforderlich.<\/noscript>\n<div id=\"nf-form-3_1-cont\" class=\"nf-form-cont\" aria-live=\"polite\" aria-labelledby=\"nf-form-title-3_1\" aria-describedby=\"nf-form-errors-3_1\" role=\"form\">\n\n    <div class=\"nf-loading-spinner\"><\/div>\n\n<\/div>\n        <!-- That data is being printed as a workaround to page builders reordering the order of the scripts loaded-->\n        <script>var formDisplay=1;var nfForms=nfForms||[];var form=[];form.id='3_1';form.settings={\"objectType\":\"Form Setting\",\"editActive\":true,\"title\":\"Block CTA\",\"created_at\":\"2022-11-09 19:27:14\",\"default_label_pos\":\"above\",\"show_title\":0,\"clear_complete\":\"1\",\"hide_complete\":\"1\",\"logged_in\":\"\",\"wrapper_class\":\"\",\"element_class\":\"\",\"key\":\"\",\"add_submit\":\"0\",\"currency\":\"\",\"repeatable_fieldsets\":\"\",\"unique_field_error\":\"Formularz z t\\u0105 warto\\u015bci\\u0105 zosta\\u0142 ju\\u017c przes\\u0142any.\",\"not_logged_in_msg\":\"\",\"sub_limit_msg\":\"Formularz osi\\u0105gn\\u0105\\u0142 limit wys\\u0142a\\u0144.\",\"calculations\":[],\"container_styles_show_advanced_css\":\"0\",\"title_styles_show_advanced_css\":\"0\",\"row_styles_show_advanced_css\":\"0\",\"row-odd_styles_show_advanced_css\":\"0\",\"success-msg_styles_show_advanced_css\":\"0\",\"error_msg_styles_show_advanced_css\":\"0\",\"formContentData\":[{\"order\":1,\"cells\":[{\"order\":0,\"fields\":[\"phone_1640098275087\"],\"width\":35},{\"order\":1,\"fields\":[\"adres_e-mail_1668018487177\"],\"width\":35},{\"order\":2,\"fields\":[\"zapisz_mnie_1668018472281\"],\"width\":30}]}],\"conditions\":[],\"drawerDisabled\":false,\"allow_public_link\":0,\"embed_form\":\"\",\"changeEmailErrorMsg\":\"Bitte gib eine g\\u00fcltige E-Mail-Adresse ein.\",\"changeDateErrorMsg\":\"Bitte gib ein g\\u00fcltiges Datum ein!\",\"confirmFieldErrorMsg\":\"Diese Felder m\\u00fcssen \\u00fcbereinstimmen!\",\"fieldNumberNumMinError\":\"Die eingegebene Zahl ist zu klein.\",\"fieldNumberNumMaxError\":\"Die eingegebene Zahl ist zu gross.\",\"fieldNumberIncrementBy\":\"Bitte erh\\u00f6hen in Schritten von\",\"formErrorsCorrectErrors\":\"Bitte korrigiere die Fehler, bevor du das Formular sendest.\",\"validateRequiredField\":\"Dies ist ein Pflichtfeld.\",\"honeypotHoneypotError\":\"Honeypot-Fehler\",\"fieldsMarkedRequired\":\"Felder mit einem &lt;span class=&quot;ninja-forms-req-symbol&quot;&gt;*&lt;\\\/span&gt; sind Pflichtfelder\",\"form_title_heading_level\":\"3\",\"ninjaForms\":\"Ninja Forms\",\"fieldTextareaRTEInsertLink\":\"Link einf\\u00fcgen\",\"fieldTextareaRTEInsertMedia\":\"Medien einf\\u00fcgen\",\"fieldTextareaRTESelectAFile\":\"Eine Datei ausw\\u00e4hlen\",\"formHoneypot\":\"Falls du ein Mensch bist und dieses Feld siehst, dann lasse es bitte leer.\",\"fileUploadOldCodeFileUploadInProgress\":\"Datei-Upload l\\u00e4uft.\",\"fileUploadOldCodeFileUpload\":\"DATEI-UPLOAD\",\"currencySymbol\":\"&#36;\",\"thousands_sep\":\".\",\"decimal_point\":\",\",\"siteLocale\":\"de_DE\",\"dateFormat\":\"m\\\/d\\\/Y\",\"startOfWeek\":\"1\",\"of\":\"von\",\"previousMonth\":\"Vorheriger Monat\",\"nextMonth\":\"N\\u00e4chster Monat\",\"months\":[\"Januar\",\"Februar\",\"M\\u00e4rz\",\"April\",\"Mai\",\"Juni\",\"Juli\",\"August\",\"September\",\"Oktober\",\"November\",\"Dezember\"],\"monthsShort\":[\"Jan.\",\"Feb.\",\"M\\u00e4rz\",\"Apr.\",\"Mai\",\"Juni\",\"Juli\",\"Aug\",\"Sep.\",\"Okt.\",\"Nov.\",\"Dez.\"],\"weekdays\":[\"Sonntag\",\"Montag\",\"Dienstag\",\"Mittwoch\",\"Donnerstag\",\"Freitag\",\"Samstag\"],\"weekdaysShort\":[\"So.\",\"Mo.\",\"Di.\",\"Mi.\",\"Do.\",\"Fr.\",\"Sa.\"],\"weekdaysMin\":[\"So.\",\"Mo.\",\"Di.\",\"Mi.\",\"Do.\",\"Fr.\",\"Sa.\"],\"recaptchaConsentMissing\":\"reCaptcha validation couldn&#039;t load.\",\"recaptchaMissingCookie\":\"reCaptcha v3 validation couldn&#039;t load the cookie needed to submit the form.\",\"recaptchaConsentEvent\":\"Accept reCaptcha cookies before sending the form.\",\"currency_symbol\":\"\",\"beforeForm\":\"\",\"beforeFields\":\"\",\"afterFields\":\"\",\"afterForm\":\"\"};form.fields=[{\"objectType\":\"Field\",\"objectDomain\":\"fields\",\"editActive\":false,\"order\":1,\"idAttribute\":\"id\",\"type\":\"phone\",\"label\":\"Numer telefonu\",\"key\":\"phone_1640098275087\",\"label_pos\":\"above\",\"required\":\"\",\"default\":\"\",\"placeholder\":\"Numer telefonu\",\"container_class\":\"\",\"element_class\":\"\",\"input_limit\":\"\",\"input_limit_type\":\"characters\",\"input_limit_msg\":\"Liczba pozosta\\u0142ych znak\\u00f3w:\",\"manual_key\":\"\",\"admin_label\":\"\",\"help_text\":\"\",\"mask\":\"\",\"custom_mask\":\"\",\"custom_name_attribute\":\"phone\",\"personally_identifiable\":1,\"wrap_styles_border\":\"\",\"wrap_styles_width\":\"\",\"wrap_styles_margin\":\"\",\"wrap_styles_padding\":\"\",\"wrap_styles_float\":\"\",\"wrap_styles_show_advanced_css\":0,\"label_styles_border\":\"\",\"label_styles_width\":\"\",\"label_styles_font-size\":\"\",\"label_styles_margin\":\"\",\"label_styles_padding\":\"\",\"label_styles_float\":\"\",\"label_styles_show_advanced_css\":0,\"element_styles_border\":\"\",\"element_styles_width\":\"\",\"element_styles_font-size\":\"\",\"element_styles_margin\":\"\",\"element_styles_padding\":\"\",\"element_styles_float\":\"\",\"element_styles_show_advanced_css\":0,\"cellcid\":\"c3398\",\"value\":\"\",\"drawerDisabled\":\"\",\"field_label\":\"Numer telefonu\",\"field_key\":\"phone_1640098275087\",\"id\":\"9_1\",\"beforeField\":\"\",\"afterField\":\"\",\"parentType\":\"textbox\",\"element_templates\":[\"tel\",\"textbox\",\"input\"],\"old_classname\":\"\",\"wrap_template\":\"wrap\"},{\"objectType\":\"Field\",\"objectDomain\":\"fields\",\"editActive\":false,\"order\":2,\"idAttribute\":\"id\",\"type\":\"email\",\"label\":\"Adres e-mail\",\"key\":\"adres_e-mail_1668018487177\",\"label_pos\":\"above\",\"required\":\"\",\"default\":\"\",\"placeholder\":\"Adres e-mail\",\"container_class\":\"\",\"element_class\":\"\",\"admin_label\":\"\",\"help_text\":\"\",\"custom_name_attribute\":\"email\",\"personally_identifiable\":1,\"wrap_styles_border\":\"\",\"wrap_styles_width\":\"\",\"wrap_styles_margin\":\"\",\"wrap_styles_padding\":\"\",\"wrap_styles_float\":\"\",\"wrap_styles_show_advanced_css\":0,\"label_styles_border\":\"\",\"label_styles_width\":\"\",\"label_styles_font-size\":\"\",\"label_styles_margin\":\"\",\"label_styles_padding\":\"\",\"label_styles_float\":\"\",\"label_styles_show_advanced_css\":0,\"element_styles_border\":\"\",\"element_styles_width\":\"\",\"element_styles_font-size\":\"\",\"element_styles_margin\":\"\",\"element_styles_padding\":\"\",\"element_styles_float\":\"\",\"element_styles_show_advanced_css\":0,\"cellcid\":\"c3401\",\"value\":\"\",\"drawerDisabled\":false,\"field_label\":\"E-mail\",\"field_key\":\"email_1640098276066\",\"id\":\"10_1\",\"beforeField\":\"\",\"afterField\":\"\",\"parentType\":\"email\",\"element_templates\":[\"email\",\"input\"],\"old_classname\":\"\",\"wrap_template\":\"wrap\"},{\"objectType\":\"Field\",\"objectDomain\":\"fields\",\"editActive\":false,\"order\":3,\"idAttribute\":\"id\",\"type\":\"submit\",\"label\":\"Zapisz mnie\",\"processing_label\":\"W trakcie realizacji\",\"container_class\":\"\",\"element_class\":\"\",\"key\":\"zapisz_mnie_1668018472281\",\"wrap_styles_border\":\"\",\"wrap_styles_width\":\"\",\"wrap_styles_margin\":\"\",\"wrap_styles_padding\":\"\",\"wrap_styles_float\":\"\",\"wrap_styles_show_advanced_css\":0,\"element_styles_border\":\"\",\"element_styles_width\":\"\",\"element_styles_font-size\":\"\",\"element_styles_margin\":\"\",\"element_styles_padding\":\"\",\"element_styles_float\":\"\",\"element_styles_show_advanced_css\":0,\"submit_element_hover_styles_border\":\"\",\"submit_element_hover_styles_width\":\"\",\"submit_element_hover_styles_font-size\":\"\",\"submit_element_hover_styles_margin\":\"\",\"submit_element_hover_styles_padding\":\"\",\"submit_element_hover_styles_float\":\"\",\"submit_element_hover_styles_show_advanced_css\":0,\"cellcid\":\"c3403\",\"drawerDisabled\":false,\"field_label\":\"Zamawiam rozmow\\u0119\",\"field_key\":\"zamawiam_rozmowe_1640098314862\",\"id\":\"8_1\",\"beforeField\":\"\",\"afterField\":\"\",\"value\":\"\",\"label_pos\":\"above\",\"parentType\":\"textbox\",\"element_templates\":[\"submit\",\"button\",\"input\"],\"old_classname\":\"\",\"wrap_template\":\"wrap-no-label\"}];nfForms.push(form);<\/script>\n                <script id=\"nf-tmpl-cell\" type=\"text\/template\">\n            <nf-fields><\/nf-fields>\n        <\/script>\n\n        <script id=\"nf-tmpl-row\" type=\"text\/template\">\n            <nf-cells><\/nf-cells>\n        <\/script>\n\n                <img loading=\"lazy\" decoding=\"async\" width=\"1280\" height=\"959\" src=\"https:\/\/www.koronakarkonoszy.pl\/blog-dla-firm\/wp-content\/uploads\/2022\/09\/DJI_0077.jpg\" class=\"attachment-full size-full\" alt=\"Miejscowo\u015b\u0107 letniskowa Sosn\u00f3wka k. Karpacza\" srcset=\"https:\/\/www.koronakarkonoszy.pl\/blog-dla-firm\/wp-content\/uploads\/2022\/09\/DJI_0077.jpg 1280w, https:\/\/www.koronakarkonoszy.pl\/blog-dla-firm\/wp-content\/uploads\/2022\/09\/DJI_0077-300x225.jpg 300w, https:\/\/www.koronakarkonoszy.pl\/blog-dla-firm\/wp-content\/uploads\/2022\/09\/DJI_0077-1024x767.jpg 1024w, https:\/\/www.koronakarkonoszy.pl\/blog-dla-firm\/wp-content\/uploads\/2022\/09\/DJI_0077-768x575.jpg 768w\" sizes=\"auto, (max-width: 1280px) 100vw, 1280px\" \/>        <\/div> \n    <\/div>\n<\/div>\n\n\n\n<p>Wybieraj\u0105c <strong>hotel na wyjazd firmowy<\/strong> trzeba wzi\u0105\u0107 pod uwag\u0119 wiele aspekt\u00f3w. Nie tylko hotel sam w sobie jest istotny, ale r\u00f3wnie\u017c jego lokalizacja. Organizuj\u0105c wyjazdy firmowe, warto wyj\u015b\u0107 spoza strefy komfortu i szuka\u0107 miejsc nietypowych, nieszablonowych. A jednocze\u015bnie z odpowiedni\u0105 infrastruktur\u0105 i ciekawymi atrakcjami. Jednym z takich miejsc s\u0105 w\u0142a\u015bnie <strong>Karkonosze, kt\u00f3re zach\u0119caj\u0105 nas swoimi widokami i ca\u0142ym zapleczem turystycznym<\/strong>.<\/p>\n\n\n\n<figure class=\"wp-block-image size-full\"><img loading=\"lazy\" decoding=\"async\" width=\"1024\" height=\"683\" src=\"https:\/\/www.koronakarkonoszy.pl\/blog-dla-firm\/wp-content\/uploads\/2024\/06\/image.jpeg\" alt=\"Obrazek posiada pusty atrybut alt; plik o nazwie Dwor-Korona-Karkonoszy-bufet-miesny-1024x683.jpg\" class=\"wp-image-10422\" srcset=\"https:\/\/www.koronakarkonoszy.pl\/blog-dla-firm\/wp-content\/uploads\/2024\/06\/image.jpeg 1024w, https:\/\/www.koronakarkonoszy.pl\/blog-dla-firm\/wp-content\/uploads\/2024\/06\/image-300x200.jpeg 300w, https:\/\/www.koronakarkonoszy.pl\/blog-dla-firm\/wp-content\/uploads\/2024\/06\/image-768x512.jpeg 768w, https:\/\/www.koronakarkonoszy.pl\/blog-dla-firm\/wp-content\/uploads\/2024\/06\/image-18x12.jpeg 18w\" sizes=\"auto, (max-width: 1024px) 100vw, 1024px\" \/><figcaption class=\"wp-element-caption\"><strong>Wyjazdy firmowe &#8211; catering dla biznesu<\/strong><br>\u00a0<\/figcaption><\/figure>\n\n\n<style>\n  .destination_map {\n    margin: 1.5em 0;\n  }\n\n  body:not(.wp-admin) .admin {\n    display: none;\n  }\n\n  .map {\n    max-width: 800px;\n    height: 400px;\n  }\n\n  .wp-admin .map {\n    display: none;\n  }\n<\/style>\n\n<div id=\"destination_map-block_d346ca0b4fc4a0cb8ce7c41573f4a8ea\" class=\"destination_map\">\n  <div class=\"destinationmap-body admin\" style=\"background-color: lightblue;\">\n        Mapa dojazdu\n  <\/div>\n  <div id=\"block_d346ca0b4fc4a0cb8ce7c41573f4a8ea\" class=\"map\"><\/div>\n<\/div>\n\n<script>\n  (function($) {\n\n    function mapLocation() {\n      var directionsDisplay;\n      var directionsService = new google.maps.DirectionsService();\n      var map;\n\n      function initialize() {\n        var pos = new google.maps.LatLng(50.8190591, 15.7212853);\n        var mapOptions = {\n          zoom: 11,\n          center: pos\n        };\n        map = new google.maps.Map(document.getElementById('block_d346ca0b4fc4a0cb8ce7c41573f4a8ea'), mapOptions);\n\n        var marker = new google.maps.Marker({\n          position: pos,\n          map: map\n        });\n\n      }\n\n      google.maps.event.addDomListener(window, 'load', initialize);\n    }\n    mapLocation();\n\n  })(jQuery);\n<\/script>","protected":false},"excerpt":{"rendered":"<p>By\u0107 mo\u017ce nie masz czasu i w biegu rezerwujesz hotel na wyjazd firmowy. Zaczekaj! Zanim naci\u015bniesz \u201erezerwuj\u201d, sprawd\u017a, czy wybrany obiekt spe\u0142nia poni\u017csze warunki, je\u015bli chodzi o lokalizacj\u0119. Bez tego Tw\u00f3j zesp\u00f3\u0142 mo\u017ce si\u0119 tam \u017ale bawi\u0107.\u00a0 Czego si\u0119 dowiesz z artyku\u0142u? Planujesz wyjazd firmowy i zastanawiasz si\u0119, gdzie najlepiej zorganizowa\u0107 taki event? Czy lepiej [&hellip;]<\/p>\n","protected":false},"author":11,"featured_media":6328,"comment_status":"closed","ping_status":"closed","sticky":false,"template":"","format":"standard","meta":{"_acf_changed":false,"footnotes":""},"categories":[2,8],"class_list":["post-1180","post","type-post","status-publish","format-standard","has-post-thumbnail","hentry","category-porady","category-team-building"],"acf":[],"yoast_head":"<!-- This site is optimized with the Yoast SEO Premium plugin v27.4 (Yoast SEO v27.4) - https:\/\/yoast.com\/product\/yoast-seo-premium-wordpress\/ -->\n<title>Hotel na wyjazd firmowy | Korona Karkonoszy.pl<\/title>\n<meta name=\"description\" content=\"Hotel na wyjazd firmowy to spos\u00f3b na integracj\u0119 i rozw\u00f3j zespo\u0142u. Impreza firmowa w hotelu gwarantuje udane wydarzenia i wygod\u0119 organizacji.\" \/>\n<meta name=\"robots\" content=\"index, follow, max-snippet:-1, max-image-preview:large, max-video-preview:-1\" \/>\n<link rel=\"canonical\" href=\"https:\/\/www.koronakarkonoszy.pl\/blog-dla-firm\/de\/hotel-fur-geschaftsreise-wie-man-die-perfekte-lage-findet\/\" \/>\n<meta property=\"og:locale\" content=\"de_DE\" \/>\n<meta property=\"og:type\" content=\"article\" \/>\n<meta property=\"og:title\" content=\"Hotel na wyjazd firmowy \u2013 jak znale\u017a\u0107 idealn\u0105 lokalizacj\u0119?\" \/>\n<meta property=\"og:description\" content=\"Hotel na wyjazd firmowy to spos\u00f3b na integracj\u0119 i rozw\u00f3j zespo\u0142u. Impreza firmowa w hotelu gwarantuje udane wydarzenia i wygod\u0119 organizacji.\" \/>\n<meta property=\"og:url\" content=\"https:\/\/www.koronakarkonoszy.pl\/blog-dla-firm\/de\/hotel-fur-geschaftsreise-wie-man-die-perfekte-lage-findet\/\" \/>\n<meta property=\"og:site_name\" content=\":: Blog dla firm - szkolenia, zarz\u0105dzanie zespo\u0142em, team building\" \/>\n<meta property=\"article:published_time\" content=\"2024-06-10T19:58:00+00:00\" \/>\n<meta property=\"article:modified_time\" content=\"2025-01-16T08:00:30+00:00\" \/>\n<meta property=\"og:image\" content=\"https:\/\/www.koronakarkonoszy.pl\/blog-dla-firm\/wp-content\/uploads\/2021\/07\/NA_07_12_37_MIV_8030-scaled.jpg\" \/>\n\t<meta property=\"og:image:width\" content=\"2560\" \/>\n\t<meta property=\"og:image:height\" content=\"1707\" \/>\n\t<meta property=\"og:image:type\" content=\"image\/jpeg\" \/>\n<meta name=\"author\" content=\"agnieszka\" \/>\n<meta name=\"twitter:card\" content=\"summary_large_image\" \/>\n<meta name=\"twitter:label1\" content=\"Verfasst von\" \/>\n\t<meta name=\"twitter:data1\" content=\"agnieszka\" \/>\n\t<meta name=\"twitter:label2\" content=\"Gesch\u00e4tzte Lesezeit\" \/>\n\t<meta name=\"twitter:data2\" content=\"10\u00a0Minuten\" \/>\n<script type=\"application\/ld+json\" class=\"yoast-schema-graph\">{\"@context\":\"https:\\\/\\\/schema.org\",\"@graph\":[{\"@type\":\"Article\",\"@id\":\"https:\\\/\\\/www.koronakarkonoszy.pl\\\/blog-dla-firm\\\/hotel-na-wyjazd-firmowy\\\/#article\",\"isPartOf\":{\"@id\":\"https:\\\/\\\/www.koronakarkonoszy.pl\\\/blog-dla-firm\\\/hotel-na-wyjazd-firmowy\\\/\"},\"author\":{\"name\":\"agnieszka\",\"@id\":\"https:\\\/\\\/www.koronakarkonoszy.pl\\\/blog-dla-firm\\\/#\\\/schema\\\/person\\\/c06752c3cb176906b455582ff7ef925e\"},\"headline\":\"Hotel na wyjazd firmowy \u2013 jak znale\u017a\u0107 idealn\u0105 lokalizacj\u0119?\",\"datePublished\":\"2024-06-10T19:58:00+00:00\",\"dateModified\":\"2025-01-16T08:00:30+00:00\",\"mainEntityOfPage\":{\"@id\":\"https:\\\/\\\/www.koronakarkonoszy.pl\\\/blog-dla-firm\\\/hotel-na-wyjazd-firmowy\\\/\"},\"wordCount\":1861,\"image\":{\"@id\":\"https:\\\/\\\/www.koronakarkonoszy.pl\\\/blog-dla-firm\\\/hotel-na-wyjazd-firmowy\\\/#primaryimage\"},\"thumbnailUrl\":\"https:\\\/\\\/www.koronakarkonoszy.pl\\\/blog-dla-firm\\\/wp-content\\\/uploads\\\/2021\\\/07\\\/NA_07_12_37_MIV_8030-scaled.jpg\",\"articleSection\":[\"Porady\",\"Team Building\"],\"inLanguage\":\"de\"},{\"@type\":\"WebPage\",\"@id\":\"https:\\\/\\\/www.koronakarkonoszy.pl\\\/blog-dla-firm\\\/hotel-na-wyjazd-firmowy\\\/\",\"url\":\"https:\\\/\\\/www.koronakarkonoszy.pl\\\/blog-dla-firm\\\/hotel-na-wyjazd-firmowy\\\/\",\"name\":\"Hotel na wyjazd firmowy | Korona Karkonoszy.pl\",\"isPartOf\":{\"@id\":\"https:\\\/\\\/www.koronakarkonoszy.pl\\\/blog-dla-firm\\\/#website\"},\"primaryImageOfPage\":{\"@id\":\"https:\\\/\\\/www.koronakarkonoszy.pl\\\/blog-dla-firm\\\/hotel-na-wyjazd-firmowy\\\/#primaryimage\"},\"image\":{\"@id\":\"https:\\\/\\\/www.koronakarkonoszy.pl\\\/blog-dla-firm\\\/hotel-na-wyjazd-firmowy\\\/#primaryimage\"},\"thumbnailUrl\":\"https:\\\/\\\/www.koronakarkonoszy.pl\\\/blog-dla-firm\\\/wp-content\\\/uploads\\\/2021\\\/07\\\/NA_07_12_37_MIV_8030-scaled.jpg\",\"datePublished\":\"2024-06-10T19:58:00+00:00\",\"dateModified\":\"2025-01-16T08:00:30+00:00\",\"author\":{\"@id\":\"https:\\\/\\\/www.koronakarkonoszy.pl\\\/blog-dla-firm\\\/#\\\/schema\\\/person\\\/c06752c3cb176906b455582ff7ef925e\"},\"description\":\"Hotel na wyjazd firmowy to spos\u00f3b na integracj\u0119 i rozw\u00f3j zespo\u0142u. Impreza firmowa w hotelu gwarantuje udane wydarzenia i wygod\u0119 organizacji.\",\"breadcrumb\":{\"@id\":\"https:\\\/\\\/www.koronakarkonoszy.pl\\\/blog-dla-firm\\\/hotel-na-wyjazd-firmowy\\\/#breadcrumb\"},\"inLanguage\":\"de\",\"potentialAction\":[{\"@type\":\"ReadAction\",\"target\":[\"https:\\\/\\\/www.koronakarkonoszy.pl\\\/blog-dla-firm\\\/hotel-na-wyjazd-firmowy\\\/\"]}]},{\"@type\":\"ImageObject\",\"inLanguage\":\"de\",\"@id\":\"https:\\\/\\\/www.koronakarkonoszy.pl\\\/blog-dla-firm\\\/hotel-na-wyjazd-firmowy\\\/#primaryimage\",\"url\":\"https:\\\/\\\/www.koronakarkonoszy.pl\\\/blog-dla-firm\\\/wp-content\\\/uploads\\\/2021\\\/07\\\/NA_07_12_37_MIV_8030-scaled.jpg\",\"contentUrl\":\"https:\\\/\\\/www.koronakarkonoszy.pl\\\/blog-dla-firm\\\/wp-content\\\/uploads\\\/2021\\\/07\\\/NA_07_12_37_MIV_8030-scaled.jpg\",\"width\":2560,\"height\":1707,\"caption\":\"Centrum Eventowe Dworu Korona Karkonoszy w Sosn\u00f3wce ko\u0142o Karpacza\"},{\"@type\":\"BreadcrumbList\",\"@id\":\"https:\\\/\\\/www.koronakarkonoszy.pl\\\/blog-dla-firm\\\/hotel-na-wyjazd-firmowy\\\/#breadcrumb\",\"itemListElement\":[{\"@type\":\"ListItem\",\"position\":1,\"name\":\"Strona g\u0142\u00f3wna\",\"item\":\"https:\\\/\\\/www.koronakarkonoszy.pl\\\/blog-dla-firm\\\/\"},{\"@type\":\"ListItem\",\"position\":2,\"name\":\"Hotel na wyjazd firmowy \u2013 jak znale\u017a\u0107 idealn\u0105 lokalizacj\u0119?\"}]},{\"@type\":\"WebSite\",\"@id\":\"https:\\\/\\\/www.koronakarkonoszy.pl\\\/blog-dla-firm\\\/#website\",\"url\":\"https:\\\/\\\/www.koronakarkonoszy.pl\\\/blog-dla-firm\\\/\",\"name\":\":: Blog dla firm - szkolenia, zarz\u0105dzanie zespo\u0142em, team building\",\"description\":\"\",\"potentialAction\":[{\"@type\":\"SearchAction\",\"target\":{\"@type\":\"EntryPoint\",\"urlTemplate\":\"https:\\\/\\\/www.koronakarkonoszy.pl\\\/blog-dla-firm\\\/?s={search_term_string}\"},\"query-input\":{\"@type\":\"PropertyValueSpecification\",\"valueRequired\":true,\"valueName\":\"search_term_string\"}}],\"inLanguage\":\"de\"},{\"@type\":\"Person\",\"@id\":\"https:\\\/\\\/www.koronakarkonoszy.pl\\\/blog-dla-firm\\\/#\\\/schema\\\/person\\\/c06752c3cb176906b455582ff7ef925e\",\"name\":\"agnieszka\",\"image\":{\"@type\":\"ImageObject\",\"inLanguage\":\"de\",\"@id\":\"https:\\\/\\\/www.koronakarkonoszy.pl\\\/blog-dla-firm\\\/wp-content\\\/litespeed\\\/avatar\\\/53ee7b676463f74d0aea1a09de3d003b.jpg?ver=1776841233\",\"url\":\"https:\\\/\\\/www.koronakarkonoszy.pl\\\/blog-dla-firm\\\/wp-content\\\/litespeed\\\/avatar\\\/53ee7b676463f74d0aea1a09de3d003b.jpg?ver=1776841233\",\"contentUrl\":\"https:\\\/\\\/www.koronakarkonoszy.pl\\\/blog-dla-firm\\\/wp-content\\\/litespeed\\\/avatar\\\/53ee7b676463f74d0aea1a09de3d003b.jpg?ver=1776841233\",\"caption\":\"agnieszka\"},\"url\":\"https:\\\/\\\/www.koronakarkonoszy.pl\\\/blog-dla-firm\\\/de\\\/author\\\/agnieszka\\\/\"}]}<\/script>\n<!-- \/ Yoast SEO Premium plugin. -->","yoast_head_json":{"title":"Hotel na wyjazd firmowy | Korona Karkonoszy.pl","description":"Hotel na wyjazd firmowy to spos\u00f3b na integracj\u0119 i rozw\u00f3j zespo\u0142u. Impreza firmowa w hotelu gwarantuje udane wydarzenia i wygod\u0119 organizacji.","robots":{"index":"index","follow":"follow","max-snippet":"max-snippet:-1","max-image-preview":"max-image-preview:large","max-video-preview":"max-video-preview:-1"},"canonical":"https:\/\/www.koronakarkonoszy.pl\/blog-dla-firm\/de\/hotel-fur-geschaftsreise-wie-man-die-perfekte-lage-findet\/","og_locale":"de_DE","og_type":"article","og_title":"Hotel na wyjazd firmowy \u2013 jak znale\u017a\u0107 idealn\u0105 lokalizacj\u0119?","og_description":"Hotel na wyjazd firmowy to spos\u00f3b na integracj\u0119 i rozw\u00f3j zespo\u0142u. Impreza firmowa w hotelu gwarantuje udane wydarzenia i wygod\u0119 organizacji.","og_url":"https:\/\/www.koronakarkonoszy.pl\/blog-dla-firm\/de\/hotel-fur-geschaftsreise-wie-man-die-perfekte-lage-findet\/","og_site_name":":: Blog dla firm - szkolenia, zarz\u0105dzanie zespo\u0142em, team building","article_published_time":"2024-06-10T19:58:00+00:00","article_modified_time":"2025-01-16T08:00:30+00:00","og_image":[{"width":2560,"height":1707,"url":"https:\/\/www.koronakarkonoszy.pl\/blog-dla-firm\/wp-content\/uploads\/2021\/07\/NA_07_12_37_MIV_8030-scaled.jpg","type":"image\/jpeg"}],"author":"agnieszka","twitter_card":"summary_large_image","twitter_misc":{"Verfasst von":"agnieszka","Gesch\u00e4tzte Lesezeit":"10\u00a0Minuten"},"schema":{"@context":"https:\/\/schema.org","@graph":[{"@type":"Article","@id":"https:\/\/www.koronakarkonoszy.pl\/blog-dla-firm\/hotel-na-wyjazd-firmowy\/#article","isPartOf":{"@id":"https:\/\/www.koronakarkonoszy.pl\/blog-dla-firm\/hotel-na-wyjazd-firmowy\/"},"author":{"name":"agnieszka","@id":"https:\/\/www.koronakarkonoszy.pl\/blog-dla-firm\/#\/schema\/person\/c06752c3cb176906b455582ff7ef925e"},"headline":"Hotel na wyjazd firmowy \u2013 jak znale\u017a\u0107 idealn\u0105 lokalizacj\u0119?","datePublished":"2024-06-10T19:58:00+00:00","dateModified":"2025-01-16T08:00:30+00:00","mainEntityOfPage":{"@id":"https:\/\/www.koronakarkonoszy.pl\/blog-dla-firm\/hotel-na-wyjazd-firmowy\/"},"wordCount":1861,"image":{"@id":"https:\/\/www.koronakarkonoszy.pl\/blog-dla-firm\/hotel-na-wyjazd-firmowy\/#primaryimage"},"thumbnailUrl":"https:\/\/www.koronakarkonoszy.pl\/blog-dla-firm\/wp-content\/uploads\/2021\/07\/NA_07_12_37_MIV_8030-scaled.jpg","articleSection":["Porady","Team Building"],"inLanguage":"de"},{"@type":"WebPage","@id":"https:\/\/www.koronakarkonoszy.pl\/blog-dla-firm\/hotel-na-wyjazd-firmowy\/","url":"https:\/\/www.koronakarkonoszy.pl\/blog-dla-firm\/hotel-na-wyjazd-firmowy\/","name":"Hotel na wyjazd firmowy | Korona Karkonoszy.pl","isPartOf":{"@id":"https:\/\/www.koronakarkonoszy.pl\/blog-dla-firm\/#website"},"primaryImageOfPage":{"@id":"https:\/\/www.koronakarkonoszy.pl\/blog-dla-firm\/hotel-na-wyjazd-firmowy\/#primaryimage"},"image":{"@id":"https:\/\/www.koronakarkonoszy.pl\/blog-dla-firm\/hotel-na-wyjazd-firmowy\/#primaryimage"},"thumbnailUrl":"https:\/\/www.koronakarkonoszy.pl\/blog-dla-firm\/wp-content\/uploads\/2021\/07\/NA_07_12_37_MIV_8030-scaled.jpg","datePublished":"2024-06-10T19:58:00+00:00","dateModified":"2025-01-16T08:00:30+00:00","author":{"@id":"https:\/\/www.koronakarkonoszy.pl\/blog-dla-firm\/#\/schema\/person\/c06752c3cb176906b455582ff7ef925e"},"description":"Hotel na wyjazd firmowy to spos\u00f3b na integracj\u0119 i rozw\u00f3j zespo\u0142u. Impreza firmowa w hotelu gwarantuje udane wydarzenia i wygod\u0119 organizacji.","breadcrumb":{"@id":"https:\/\/www.koronakarkonoszy.pl\/blog-dla-firm\/hotel-na-wyjazd-firmowy\/#breadcrumb"},"inLanguage":"de","potentialAction":[{"@type":"ReadAction","target":["https:\/\/www.koronakarkonoszy.pl\/blog-dla-firm\/hotel-na-wyjazd-firmowy\/"]}]},{"@type":"ImageObject","inLanguage":"de","@id":"https:\/\/www.koronakarkonoszy.pl\/blog-dla-firm\/hotel-na-wyjazd-firmowy\/#primaryimage","url":"https:\/\/www.koronakarkonoszy.pl\/blog-dla-firm\/wp-content\/uploads\/2021\/07\/NA_07_12_37_MIV_8030-scaled.jpg","contentUrl":"https:\/\/www.koronakarkonoszy.pl\/blog-dla-firm\/wp-content\/uploads\/2021\/07\/NA_07_12_37_MIV_8030-scaled.jpg","width":2560,"height":1707,"caption":"Centrum Eventowe Dworu Korona Karkonoszy w Sosn\u00f3wce ko\u0142o Karpacza"},{"@type":"BreadcrumbList","@id":"https:\/\/www.koronakarkonoszy.pl\/blog-dla-firm\/hotel-na-wyjazd-firmowy\/#breadcrumb","itemListElement":[{"@type":"ListItem","position":1,"name":"Strona g\u0142\u00f3wna","item":"https:\/\/www.koronakarkonoszy.pl\/blog-dla-firm\/"},{"@type":"ListItem","position":2,"name":"Hotel na wyjazd firmowy \u2013 jak znale\u017a\u0107 idealn\u0105 lokalizacj\u0119?"}]},{"@type":"WebSite","@id":"https:\/\/www.koronakarkonoszy.pl\/blog-dla-firm\/#website","url":"https:\/\/www.koronakarkonoszy.pl\/blog-dla-firm\/","name":":: Blog f\u00fcr Unternehmen \u2013 Schulung, Teammanagement, Teambuilding","description":"","potentialAction":[{"@type":"SearchAction","target":{"@type":"EntryPoint","urlTemplate":"https:\/\/www.koronakarkonoszy.pl\/blog-dla-firm\/?s={search_term_string}"},"query-input":{"@type":"PropertyValueSpecification","valueRequired":true,"valueName":"search_term_string"}}],"inLanguage":"de"},{"@type":"Person","@id":"https:\/\/www.koronakarkonoszy.pl\/blog-dla-firm\/#\/schema\/person\/c06752c3cb176906b455582ff7ef925e","name":"Agnes","image":{"@type":"ImageObject","inLanguage":"de","@id":"https:\/\/www.koronakarkonoszy.pl\/blog-dla-firm\/wp-content\/litespeed\/avatar\/53ee7b676463f74d0aea1a09de3d003b.jpg?ver=1776841233","url":"https:\/\/www.koronakarkonoszy.pl\/blog-dla-firm\/wp-content\/litespeed\/avatar\/53ee7b676463f74d0aea1a09de3d003b.jpg?ver=1776841233","contentUrl":"https:\/\/www.koronakarkonoszy.pl\/blog-dla-firm\/wp-content\/litespeed\/avatar\/53ee7b676463f74d0aea1a09de3d003b.jpg?ver=1776841233","caption":"agnieszka"},"url":"https:\/\/www.koronakarkonoszy.pl\/blog-dla-firm\/de\/author\/agnieszka\/"}]}},"_links":{"self":[{"href":"https:\/\/www.koronakarkonoszy.pl\/blog-dla-firm\/de\/wp-json\/wp\/v2\/posts\/1180","targetHints":{"allow":["GET"]}}],"collection":[{"href":"https:\/\/www.koronakarkonoszy.pl\/blog-dla-firm\/de\/wp-json\/wp\/v2\/posts"}],"about":[{"href":"https:\/\/www.koronakarkonoszy.pl\/blog-dla-firm\/de\/wp-json\/wp\/v2\/types\/post"}],"author":[{"embeddable":true,"href":"https:\/\/www.koronakarkonoszy.pl\/blog-dla-firm\/de\/wp-json\/wp\/v2\/users\/11"}],"replies":[{"embeddable":true,"href":"https:\/\/www.koronakarkonoszy.pl\/blog-dla-firm\/de\/wp-json\/wp\/v2\/comments?post=1180"}],"version-history":[{"count":8,"href":"https:\/\/www.koronakarkonoszy.pl\/blog-dla-firm\/de\/wp-json\/wp\/v2\/posts\/1180\/revisions"}],"predecessor-version":[{"id":10423,"href":"https:\/\/www.koronakarkonoszy.pl\/blog-dla-firm\/de\/wp-json\/wp\/v2\/posts\/1180\/revisions\/10423"}],"wp:featuredmedia":[{"embeddable":true,"href":"https:\/\/www.koronakarkonoszy.pl\/blog-dla-firm\/de\/wp-json\/wp\/v2\/media\/6328"}],"wp:attachment":[{"href":"https:\/\/www.koronakarkonoszy.pl\/blog-dla-firm\/de\/wp-json\/wp\/v2\/media?parent=1180"}],"wp:term":[{"taxonomy":"category","embeddable":true,"href":"https:\/\/www.koronakarkonoszy.pl\/blog-dla-firm\/de\/wp-json\/wp\/v2\/categories?post=1180"}],"curies":[{"name":"wp","href":"https:\/\/api.w.org\/{rel}","templated":true}]}}