{"id":10243,"date":"2024-08-14T13:46:18","date_gmt":"2024-08-14T11:46:18","guid":{"rendered":"https:\/\/www.koronakarkonoszy.pl\/blog-dla-firm\/?p=10243"},"modified":"2024-09-09T08:42:13","modified_gmt":"2024-09-09T06:42:13","slug":"spotkania-integracyjne-dla-firm-krotki-przewodnik","status":"publish","type":"post","link":"https:\/\/www.koronakarkonoszy.pl\/blog-dla-firm\/de\/spotkania-integracyjne-dla-firm-krotki-przewodnik\/","title":{"rendered":"Spotkania integracyjne dla firm: kr\u00f3tki przewodnik"},"content":{"rendered":"<p>W  dynamicznym \u015brodowisku biznesowym, efektywne zarz\u0105dzanie zespo\u0142em jest kluczowe dla sukcesu ka\u017cdej organizacji. Jednym z narz\u0119dzi, kt\u00f3re mog\u0105 znacz\u0105co wspom\u00f3c ten proces, s\u0105 spotkania integracyjne dla firm. Te wydarzenia, wci\u0105\u017c jednak cz\u0119sto niedoceniane, maj\u0105 potencja\u0142 nie tylko do zacie\u015bnienia wi\u0119zi w zespole, ale r\u00f3wnie\u017c do zwi\u0119kszenia zaanga\u017cowania pracownik\u00f3w i poprawy komunikacji wewn\u0119trznej.<\/p>\n\n\n\n<p><strong>Was lernen Sie aus dem Artikel?<\/strong><\/p>\n\n\n\n<p>Czy wiesz, \u017ce spotkania integracyjne mog\u0105 znacz\u0105co poprawi\u0107 atmosfer\u0119 w pracy i zwi\u0119kszy\u0107 efektywno\u015b\u0107 zespo\u0142u? Wsp\u00f3\u0142czesne firmy coraz cz\u0119\u015bciej si\u0119gaj\u0105 po tego typu rozwi\u0105zania, aby stworzy\u0107 silne, zgrane zespo\u0142y, kt\u00f3re s\u0105 w stanie stawi\u0107 czo\u0142a ka\u017cdemu wyzwaniu. Ale czym dok\u0142adnie s\u0105 spotkania integracyjne dla firm i jakie korzy\u015bci p\u0142yn\u0105 z ich organizacji? Jak skutecznie zorganizowa\u0107 takie wydarzenie i komu najlepiej powierzy\u0107 to zadanie?<\/p>\n\n\n\n<p>W naszym dzisiejszym wpisie przyjrzymy si\u0119 bli\u017cej tym zagadnieniom, odpowiadaj\u0105c na najwa\u017cniejsze pytania zwi\u0105zane ze spotkaniami integracyjnymi dla firm. Bez wzgl\u0119du na to, czy jeste\u015b w\u0142a\u015bcicielem firmy, mened\u017cerem zespo\u0142u, czy szefem dzia\u0142u HR, znajdziesz tu cenne wskaz\u00f3wki, kt\u00f3re pomog\u0105 Ci zrozumie\u0107, dlaczego warto inwestowa\u0107 w integracj\u0119 zespo\u0142u i jak to zrobi\u0107 efektywnie.<\/p>\n\n\n\n<p>Zapraszamy do lektury!<\/p>\n\n\n<div id=\"ariadna-block_25987498a8caa52e639dd0269d2f2933\" class=\"ariadna\">\n    <ul><li><a href=\"#h-czym-sa-spotkania-integracyjne-dla-firm\">Czym s\u0105 spotkania integracyjne dla firm?<\/a><\/li><li><a href=\"#h-jakie-korzysci-plyna-z-organizacji-spotkan-integracyjnych\">Jakie korzy\u015bci p\u0142yn\u0105 z organizacji spotka\u0144 integracyjnych?<\/a><\/li><li><a href=\"#h-jak-zorganizowac-efektywne-spotkanie-integracyjne\">Jak zorganizowa\u0107 efektywne spotkanie integracyjne?<\/a><\/li><li><a href=\"#h-komu-zlecic-organizacje\">Komu zleci\u0107 organizacj\u0119?<\/a><\/li><\/ul>\n<\/div>\n\n\n\n\n\n\n<h2 class=\"wp-block-heading\" id=\"h-czym-sa-spotkania-integracyjne-dla-firm\">Czym s\u0105 spotkania integracyjne dla firm?<\/h2>\n\n\n\n<p>Spotkania integracyjne dla firm to zaplanowane wydarzenia maj\u0105ce na celu zbli\u017cenie cz\u0142onk\u00f3w zespo\u0142u poprzez r\u00f3\u017cne formy aktywno\u015bci. Mog\u0105 to by\u0107 zar\u00f3wno warsztaty, jak i wyjazdy integracyjne, gry zespo\u0142owe lub wsp\u00f3lne wyj\u015bcia. Kluczowym elementem jest tu zach\u0119canie do wsp\u00f3\u0142pracy i budowanie relacji w innym ni\u017c firmowe otoczeniu.<\/p>\n\n\n\n<p><strong><a href=\"https:\/\/www.koronakarkonoszy.pl\/blog-dla-firm\/de\/konfigurator-imprez\/\">KLICKEN<\/a><\/strong>&nbsp;unten im Konfigurator-Banner&nbsp;<a href=\"https:\/\/www.koronakarkonoszy.pl\/blog-dla-firm\/de\/imprezy-firmowe\/\">Party<\/a>&nbsp;Unternehmen<\/p>\n\n\n\n<figure class=\"wp-block-image\"><a href=\"https:\/\/www.koronakarkonoszy.pl\/blog-dla-firm\/de\/konfigurator-imprez\/\" target=\"_blank\" rel=\"noreferrer noopener\"><img decoding=\"async\" src=\"https:\/\/www.koronakarkonoszy.pl\/blog-dla-firm\/wp-content\/uploads\/2023\/11\/DKK-konfigurator_01-1024x510.jpg.webp\" alt=\"Konfigurator f\u00fcr Firmenevents der Eventagentur Dw\u00f3r Korona Karkonoszy\" class=\"wp-image-7804\" title=\"Firmenevent-Konfigurator f\u00fcr eine Eventagentur \"\/><\/a><\/figure>\n\n\n\n<p><a href=\"https:\/\/www.koronakarkonoszy.pl\/blog-dla-firm\/de\/konfigurator-imprez\/\">KLICKEN<\/a>&nbsp;oben im Corporate Events Configurator-Banner<\/p>\n\n\n\n<h2 class=\"wp-block-heading\" id=\"h-jakie-korzysci-plyna-z-organizacji-spotkan-integracyjnych\">Jakie korzy\u015bci p\u0142yn\u0105 z organizacji spotka\u0144 integracyjnych?<\/h2>\n\n\n\n<h3 class=\"wp-block-heading\" id=\"h-zwiekszanie-zaangazowania-pracownikow\">Zwi\u0119kszanie zaanga\u017cowania pracownik\u00f3w<\/h3>\n\n\n\n<p>Jednym z g\u0142\u00f3wnych cel\u00f3w spotka\u0144 integracyjnych jest zwi\u0119kszenie zaanga\u017cowania pracownik\u00f3w. Kiedy cz\u0142onkowie zespo\u0142u lepiej si\u0119 poznaj\u0105, staj\u0105 si\u0119 bardziej zaanga\u017cowani w swoje obowi\u0105zki i cele firmy. Zwi\u0119ksza to tak\u017ce ich lojalno\u015b\u0107 wobec pracodawcy.<\/p>\n\n\n\n<h3 class=\"wp-block-heading\" id=\"h-poprawa-komunikacji\">Poprawa komunikacji<\/h3>\n\n\n\n<p>Efektywna komunikacja jest fundamentem dobrze funkcjonuj\u0105cej organizacji. Spotkania integracyjne dla firm sprzyjaj\u0105 otwartym rozmowom i wymianie pomys\u0142\u00f3w, co przek\u0142ada si\u0119 na lepsze zrozumienie i wsp\u00f3\u0142prac\u0119 w codziennej pracy.<\/p>\n\n\n\n<h3 class=\"wp-block-heading\" id=\"h-budowanie-kultury-firmowej\">Budowanie kultury firmowej<\/h3>\n\n\n\n<p>Kultura firmowa odgrywa kluczow\u0105 rol\u0119 w przyci\u0105ganiu i zatrzymywaniu talent\u00f3w. Spotkania integracyjne pomagaj\u0105 budowa\u0107 i wzmacnia\u0107 kultur\u0119 organizacyjn\u0105, tworz\u0105c \u015brodowisko, w kt\u00f3rym pracownicy czuj\u0105 si\u0119 doceniani i zmotywowani.<\/p>\n\n\n\n<h3 class=\"wp-block-heading\" id=\"h-wzmacnianie-relacji-w-zespole\">Wzmacnianie Relacji w Zespole<\/h3>\n\n\n\n<p>Silne relacje mi\u0119dzy cz\u0142onkami zespo\u0142u prowadz\u0105 do lepszej wsp\u00f3\u0142pracy i wi\u0119kszej efektywno\u015bci. Dzi\u0119ki spotkaniom integracyjnym pracownicy maj\u0105 szans\u0119 pozna\u0107 si\u0119 na bardziej osobistym poziomie, co sprzyja budowaniu zaufania i wsp\u00f3\u0142pracy.<\/p>\n\n\n<section id=\"leonardo-block_cfc715832668af5f0e21475e22a40513\" class=\"leonardo page-breaker leonardo-image-left\">\n    <div class=\"leonardo-body\">\n        <h2 class=\"leonardo-title\" id=\"h-jak-zorganizowac-efektywne-spotkanie-integracyjne\">Jak zorganizowa\u0107 efektywne spotkanie integracyjne?<\/h2>        <div class=\"leonardo-content\"><p><!-- wp:heading --><\/p>\n<p>Zorganizowanie eventu, kt\u00f3ry ma przynie\u015b\u0107 oczekiwane efekty, nie jest wcale \u0142atw\u0105 spraw\u0105. Poni\u017cej przedstawiamy list\u0119 obszar\u00f3w, kt\u00f3rymi z pewno\u015bci\u0105 nale\u017cy si\u0119 zaj\u0105\u0107, by spotkanie integracyjne si\u0119 uda\u0142o.<\/p>\n<p><!-- \/wp:paragraph --> <!-- wp:heading {\"level\":3} --><\/p>\n<h3 id=\"h-1-ustal-cel-spotkania\" class=\"wp-block-heading\">1. Ustal cel spotkania<\/h3>\n<p><!-- \/wp:heading --> <!-- wp:paragraph --><\/p>\n<p>Przed przyst\u0105pieniem do organizacji, wa\u017cne jest, aby jasno okre\u015bli\u0107 cel spotkania. Czy ma ono na celu zacie\u015bnienie wi\u0119zi, popraw\u0119 komunikacji, czy te\u017c mo\u017ce integracj\u0119 nowych pracownik\u00f3w? Jasny cel pozwoli lepiej dopasowa\u0107 form\u0119 i program wydarzenia.<\/p>\n<p><!-- \/wp:paragraph --> <!-- wp:heading {\"level\":3} --><\/p>\n<h3 id=\"h-2-wybierz-odpowiednie-aktywnosci\" class=\"wp-block-heading\">2. Wybierz odpowiednie aktywno\u015bci<\/h3>\n<p><!-- \/wp:heading --> <!-- wp:paragraph --><\/p>\n<p>Aktywno\u015bci powinny by\u0107 dostosowane do potrzeb i preferencji zespo\u0142u. Mog\u0105 to by\u0107 warsztaty kreatywne, sportowe zawody, gry zespo\u0142owe lub wyjazdy integracyjne. Kluczowe jest, aby aktywno\u015bci sprzyja\u0142y wsp\u00f3\u0142pracy i budowaniu relacji.<\/p>\n<p><!-- \/wp:paragraph --> <!-- wp:heading {\"level\":3} --><\/p>\n<h3 id=\"h-3-zadbaj-o-logistyke\" class=\"wp-block-heading\">3. Zadbaj o logistyk\u0119<\/h3>\n<p><!-- \/wp:heading --> <!-- wp:paragraph --><\/p>\n<p>Dobrze zorganizowane spotkanie wymaga starannego planowania logistycznego. Nale\u017cy zadba\u0107 o odpowiednie miejsce, transport, catering oraz wszelkie niezb\u0119dne materia\u0142y. Ka\u017cdy szczeg\u00f3\u0142 ma znaczenie dla powodzenia ca\u0142ego przedsi\u0119wzi\u0119cia.<\/p>\n<p><!-- \/wp:paragraph --> <!-- wp:heading {\"level\":3} --><\/p>\n<h3 id=\"h-4-monitoruj-i-analizuj-efekty\" class=\"wp-block-heading\">4. Monitoruj i analizuj efekty<\/h3>\n<p><!-- \/wp:heading --> <!-- wp:paragraph --><\/p>\n<p>Po zako\u0144czeniu spotkania warto przeprowadzi\u0107 analiz\u0119 jego efekt\u00f3w. Mo\u017cna to zrobi\u0107 poprzez ankiety w\u015br\u00f3d uczestnik\u00f3w, kt\u00f3re pozwol\u0105 oceni\u0107, w jakim stopniu cele zosta\u0142y osi\u0105gni\u0119te. Regularne monitorowanie efektywno\u015bci spotka\u0144 integracyjnych pozwala na ich ci\u0105g\u0142e doskonalenie.<\/p>\n<p><!-- \/wp:paragraph --><\/p>\n<\/div>\n            <\/div>\n    <div class=\"leonardo-image\">\n        <img loading=\"lazy\" decoding=\"async\" width=\"1920\" height=\"2560\" src=\"https:\/\/www.koronakarkonoszy.pl\/blog-dla-firm\/wp-content\/uploads\/2023\/11\/20231013_180852-scaled.jpg\" class=\"attachment-full size-full\" alt=\"spotkania integracyjne dla firm\" srcset=\"https:\/\/www.koronakarkonoszy.pl\/blog-dla-firm\/wp-content\/uploads\/2023\/11\/20231013_180852-scaled.jpg 1920w, https:\/\/www.koronakarkonoszy.pl\/blog-dla-firm\/wp-content\/uploads\/2023\/11\/20231013_180852-225x300.jpg 225w, https:\/\/www.koronakarkonoszy.pl\/blog-dla-firm\/wp-content\/uploads\/2023\/11\/20231013_180852-768x1024.jpg 768w, https:\/\/www.koronakarkonoszy.pl\/blog-dla-firm\/wp-content\/uploads\/2023\/11\/20231013_180852-1440x1920.jpg 1440w, https:\/\/www.koronakarkonoszy.pl\/blog-dla-firm\/wp-content\/uploads\/2023\/11\/20231013_180852-1152x1536.jpg 1152w, https:\/\/www.koronakarkonoszy.pl\/blog-dla-firm\/wp-content\/uploads\/2023\/11\/20231013_180852-1536x2048.jpg 1536w, https:\/\/www.koronakarkonoszy.pl\/blog-dla-firm\/wp-content\/uploads\/2023\/11\/20231013_180852-9x12.jpg 9w\" sizes=\"auto, (max-width: 1920px) 100vw, 1920px\" \/>            <\/div>\n<\/section>\n\n\n<h2 class=\"wp-block-heading\" id=\"h-komu-zlecic-organizacje\">Komu zleci\u0107 organizacj\u0119?<\/h2>\n\n\n\n<p>Spotkania integracyjne dla firm s\u0105 niezwykle wa\u017cnym elementem budowania silnego i zgranego zespo\u0142u. Dzi\u0119ki nim mo\u017cna zwi\u0119kszy\u0107 zaanga\u017cowanie pracownik\u00f3w, poprawi\u0107 komunikacj\u0119, wzmocni\u0107 kultur\u0119 firmow\u0105 oraz budowa\u0107 trwa\u0142e relacje w zespole. Kluczem do sukcesu jest jednak odpowiednie planowanie i realizacja tych wydarze\u0144, z uwzgl\u0119dnieniem specyficznych potrzeb i cel\u00f3w organizacji.<\/p>\n\n\n\n<p>Je\u017celi jeste\u015b zainteresowany profesjonaln\u0105 organizacj\u0105 spotka\u0144 integracyjnych dla swojej firmy, skontaktuj si\u0119 z naszym zespo\u0142em ekspert\u00f3w. Jako do\u015bwiadczona <a href=\"https:\/\/www.koronakarkonoszy.pl\/blog-dla-firm\/de\/event-unternehmen\/\">Veranstaltungsunternehmen<\/a>, pomo\u017cemy Ci stworzy\u0107 niezapomniane wydarzenie, kt\u00f3re przyniesie wymierne korzy\u015bci dla Twojej organizacji.<\/p>","protected":false},"excerpt":{"rendered":"<p>W dynamicznym \u015brodowisku biznesowym, efektywne zarz\u0105dzanie zespo\u0142em jest kluczowe dla sukcesu ka\u017cdej organizacji. Jednym z narz\u0119dzi, kt\u00f3re mog\u0105 znacz\u0105co wspom\u00f3c ten proces, s\u0105 spotkania integracyjne dla firm. Te wydarzenia, wci\u0105\u017c jednak cz\u0119sto niedoceniane, maj\u0105 potencja\u0142 nie tylko do zacie\u015bnienia wi\u0119zi w zespole, ale r\u00f3wnie\u017c do zwi\u0119kszenia zaanga\u017cowania pracownik\u00f3w i poprawy komunikacji wewn\u0119trznej. Czego si\u0119 dowiesz [&hellip;]<\/p>\n","protected":false},"author":4,"featured_media":7483,"comment_status":"open","ping_status":"open","sticky":false,"template":"","format":"standard","meta":{"_acf_changed":false,"footnotes":""},"categories":[16,17,8],"class_list":["post-10243","post","type-post","status-publish","format-standard","has-post-thumbnail","hentry","category-imprezy-firmowe","category-integracja","category-team-building"],"acf":[],"yoast_head":"<!-- This site is optimized with the Yoast SEO Premium plugin v27.4 (Yoast SEO v27.4) - https:\/\/yoast.com\/product\/yoast-seo-premium-wordpress\/ -->\n<title>Spotkania integracyjne dla firm: kr\u00f3tki przewodnik - :: Blog dla firm - szkolenia, zarz\u0105dzanie zespo\u0142em, team building<\/title>\n<meta name=\"description\" content=\"Odkryj potencja\u0142 jaki maj\u0105 spotkania integracyjne dla firm. Zwi\u0119ksz zaanga\u017cowanie pracownik\u00f3w i usprawnij komunikacj\u0119 w zespole.\" \/>\n<meta name=\"robots\" content=\"index, follow, max-snippet:-1, max-image-preview:large, max-video-preview:-1\" \/>\n<link rel=\"canonical\" href=\"https:\/\/www.koronakarkonoszy.pl\/blog-dla-firm\/de\/spotkania-integracyjne-dla-firm-krotki-przewodnik\/\" \/>\n<meta property=\"og:locale\" content=\"de_DE\" \/>\n<meta property=\"og:type\" content=\"article\" \/>\n<meta property=\"og:title\" content=\"Spotkania integracyjne dla firm: kr\u00f3tki przewodnik\" \/>\n<meta property=\"og:description\" content=\"Odkryj potencja\u0142 jaki maj\u0105 spotkania integracyjne dla firm. Zwi\u0119ksz zaanga\u017cowanie pracownik\u00f3w i usprawnij komunikacj\u0119 w zespole.\" \/>\n<meta property=\"og:url\" content=\"https:\/\/www.koronakarkonoszy.pl\/blog-dla-firm\/de\/spotkania-integracyjne-dla-firm-krotki-przewodnik\/\" \/>\n<meta property=\"og:site_name\" content=\":: Blog dla firm - szkolenia, zarz\u0105dzanie zespo\u0142em, team building\" \/>\n<meta property=\"article:published_time\" content=\"2024-08-14T11:46:18+00:00\" \/>\n<meta property=\"article:modified_time\" content=\"2024-09-09T06:42:13+00:00\" \/>\n<meta property=\"og:image\" content=\"https:\/\/www.koronakarkonoszy.pl\/blog-dla-firm\/wp-content\/uploads\/2023\/10\/Involt_11_12_31_IR6_5097-scaled.jpg\" \/>\n\t<meta property=\"og:image:width\" content=\"2560\" \/>\n\t<meta property=\"og:image:height\" content=\"1706\" \/>\n\t<meta property=\"og:image:type\" content=\"image\/jpeg\" \/>\n<meta name=\"author\" content=\"Maria Szruba\" \/>\n<meta name=\"twitter:card\" content=\"summary_large_image\" \/>\n<meta name=\"twitter:label1\" content=\"Verfasst von\" \/>\n\t<meta name=\"twitter:data1\" content=\"Maria Szruba\" \/>\n\t<meta name=\"twitter:label2\" content=\"Gesch\u00e4tzte Lesezeit\" \/>\n\t<meta name=\"twitter:data2\" content=\"4\u00a0Minuten\" \/>\n<script type=\"application\/ld+json\" class=\"yoast-schema-graph\">{\"@context\":\"https:\\\/\\\/schema.org\",\"@graph\":[{\"@type\":\"Article\",\"@id\":\"https:\\\/\\\/www.koronakarkonoszy.pl\\\/blog-dla-firm\\\/spotkania-integracyjne-dla-firm-krotki-przewodnik\\\/#article\",\"isPartOf\":{\"@id\":\"https:\\\/\\\/www.koronakarkonoszy.pl\\\/blog-dla-firm\\\/spotkania-integracyjne-dla-firm-krotki-przewodnik\\\/\"},\"author\":{\"name\":\"Maria Szruba\",\"@id\":\"https:\\\/\\\/www.koronakarkonoszy.pl\\\/blog-dla-firm\\\/#\\\/schema\\\/person\\\/534aa22a9d8f007f1dee4909d6985b1b\"},\"headline\":\"Spotkania integracyjne dla firm: kr\u00f3tki przewodnik\",\"datePublished\":\"2024-08-14T11:46:18+00:00\",\"dateModified\":\"2024-09-09T06:42:13+00:00\",\"mainEntityOfPage\":{\"@id\":\"https:\\\/\\\/www.koronakarkonoszy.pl\\\/blog-dla-firm\\\/spotkania-integracyjne-dla-firm-krotki-przewodnik\\\/\"},\"wordCount\":580,\"commentCount\":0,\"image\":{\"@id\":\"https:\\\/\\\/www.koronakarkonoszy.pl\\\/blog-dla-firm\\\/spotkania-integracyjne-dla-firm-krotki-przewodnik\\\/#primaryimage\"},\"thumbnailUrl\":\"https:\\\/\\\/www.koronakarkonoszy.pl\\\/blog-dla-firm\\\/wp-content\\\/uploads\\\/2023\\\/10\\\/Involt_11_12_31_IR6_5097-scaled.jpg\",\"articleSection\":[\"Imprezy firmowe\",\"Integracja\",\"Team Building\"],\"inLanguage\":\"de\",\"potentialAction\":[{\"@type\":\"CommentAction\",\"name\":\"Comment\",\"target\":[\"https:\\\/\\\/www.koronakarkonoszy.pl\\\/blog-dla-firm\\\/spotkania-integracyjne-dla-firm-krotki-przewodnik\\\/#respond\"]}]},{\"@type\":\"WebPage\",\"@id\":\"https:\\\/\\\/www.koronakarkonoszy.pl\\\/blog-dla-firm\\\/spotkania-integracyjne-dla-firm-krotki-przewodnik\\\/\",\"url\":\"https:\\\/\\\/www.koronakarkonoszy.pl\\\/blog-dla-firm\\\/spotkania-integracyjne-dla-firm-krotki-przewodnik\\\/\",\"name\":\"Spotkania integracyjne dla firm: kr\u00f3tki przewodnik - :: Blog dla firm - szkolenia, zarz\u0105dzanie zespo\u0142em, team building\",\"isPartOf\":{\"@id\":\"https:\\\/\\\/www.koronakarkonoszy.pl\\\/blog-dla-firm\\\/#website\"},\"primaryImageOfPage\":{\"@id\":\"https:\\\/\\\/www.koronakarkonoszy.pl\\\/blog-dla-firm\\\/spotkania-integracyjne-dla-firm-krotki-przewodnik\\\/#primaryimage\"},\"image\":{\"@id\":\"https:\\\/\\\/www.koronakarkonoszy.pl\\\/blog-dla-firm\\\/spotkania-integracyjne-dla-firm-krotki-przewodnik\\\/#primaryimage\"},\"thumbnailUrl\":\"https:\\\/\\\/www.koronakarkonoszy.pl\\\/blog-dla-firm\\\/wp-content\\\/uploads\\\/2023\\\/10\\\/Involt_11_12_31_IR6_5097-scaled.jpg\",\"datePublished\":\"2024-08-14T11:46:18+00:00\",\"dateModified\":\"2024-09-09T06:42:13+00:00\",\"author\":{\"@id\":\"https:\\\/\\\/www.koronakarkonoszy.pl\\\/blog-dla-firm\\\/#\\\/schema\\\/person\\\/534aa22a9d8f007f1dee4909d6985b1b\"},\"description\":\"Odkryj potencja\u0142 jaki maj\u0105 spotkania integracyjne dla firm. Zwi\u0119ksz zaanga\u017cowanie pracownik\u00f3w i usprawnij komunikacj\u0119 w zespole.\",\"breadcrumb\":{\"@id\":\"https:\\\/\\\/www.koronakarkonoszy.pl\\\/blog-dla-firm\\\/spotkania-integracyjne-dla-firm-krotki-przewodnik\\\/#breadcrumb\"},\"inLanguage\":\"de\",\"potentialAction\":[{\"@type\":\"ReadAction\",\"target\":[\"https:\\\/\\\/www.koronakarkonoszy.pl\\\/blog-dla-firm\\\/spotkania-integracyjne-dla-firm-krotki-przewodnik\\\/\"]}]},{\"@type\":\"ImageObject\",\"inLanguage\":\"de\",\"@id\":\"https:\\\/\\\/www.koronakarkonoszy.pl\\\/blog-dla-firm\\\/spotkania-integracyjne-dla-firm-krotki-przewodnik\\\/#primaryimage\",\"url\":\"https:\\\/\\\/www.koronakarkonoszy.pl\\\/blog-dla-firm\\\/wp-content\\\/uploads\\\/2023\\\/10\\\/Involt_11_12_31_IR6_5097-scaled.jpg\",\"contentUrl\":\"https:\\\/\\\/www.koronakarkonoszy.pl\\\/blog-dla-firm\\\/wp-content\\\/uploads\\\/2023\\\/10\\\/Involt_11_12_31_IR6_5097-scaled.jpg\",\"width\":2560,\"height\":1706,\"caption\":\"Spotkania integracyjne dla firm\"},{\"@type\":\"BreadcrumbList\",\"@id\":\"https:\\\/\\\/www.koronakarkonoszy.pl\\\/blog-dla-firm\\\/spotkania-integracyjne-dla-firm-krotki-przewodnik\\\/#breadcrumb\",\"itemListElement\":[{\"@type\":\"ListItem\",\"position\":1,\"name\":\"Strona g\u0142\u00f3wna\",\"item\":\"https:\\\/\\\/www.koronakarkonoszy.pl\\\/blog-dla-firm\\\/\"},{\"@type\":\"ListItem\",\"position\":2,\"name\":\"Spotkania integracyjne dla firm: kr\u00f3tki przewodnik\"}]},{\"@type\":\"WebSite\",\"@id\":\"https:\\\/\\\/www.koronakarkonoszy.pl\\\/blog-dla-firm\\\/#website\",\"url\":\"https:\\\/\\\/www.koronakarkonoszy.pl\\\/blog-dla-firm\\\/\",\"name\":\":: Blog dla firm - szkolenia, zarz\u0105dzanie zespo\u0142em, team building\",\"description\":\"\",\"potentialAction\":[{\"@type\":\"SearchAction\",\"target\":{\"@type\":\"EntryPoint\",\"urlTemplate\":\"https:\\\/\\\/www.koronakarkonoszy.pl\\\/blog-dla-firm\\\/?s={search_term_string}\"},\"query-input\":{\"@type\":\"PropertyValueSpecification\",\"valueRequired\":true,\"valueName\":\"search_term_string\"}}],\"inLanguage\":\"de\"},{\"@type\":\"Person\",\"@id\":\"https:\\\/\\\/www.koronakarkonoszy.pl\\\/blog-dla-firm\\\/#\\\/schema\\\/person\\\/534aa22a9d8f007f1dee4909d6985b1b\",\"name\":\"Maria Szruba\",\"image\":{\"@type\":\"ImageObject\",\"inLanguage\":\"de\",\"@id\":\"https:\\\/\\\/www.koronakarkonoszy.pl\\\/blog-dla-firm\\\/wp-content\\\/litespeed\\\/avatar\\\/d0fe7fde2b2277621e0a2904789bab14.jpg?ver=1777451721\",\"url\":\"https:\\\/\\\/www.koronakarkonoszy.pl\\\/blog-dla-firm\\\/wp-content\\\/litespeed\\\/avatar\\\/d0fe7fde2b2277621e0a2904789bab14.jpg?ver=1777451721\",\"contentUrl\":\"https:\\\/\\\/www.koronakarkonoszy.pl\\\/blog-dla-firm\\\/wp-content\\\/litespeed\\\/avatar\\\/d0fe7fde2b2277621e0a2904789bab14.jpg?ver=1777451721\",\"caption\":\"Maria Szruba\"},\"url\":\"https:\\\/\\\/www.koronakarkonoszy.pl\\\/blog-dla-firm\\\/de\\\/author\\\/m-szruba\\\/\"}]}<\/script>\n<!-- \/ Yoast SEO Premium plugin. -->","yoast_head_json":{"title":"Spotkania integracyjne dla firm: kr\u00f3tki przewodnik - :: Blog dla firm - szkolenia, zarz\u0105dzanie zespo\u0142em, team building","description":"Odkryj potencja\u0142 jaki maj\u0105 spotkania integracyjne dla firm. Zwi\u0119ksz zaanga\u017cowanie pracownik\u00f3w i usprawnij komunikacj\u0119 w zespole.","robots":{"index":"index","follow":"follow","max-snippet":"max-snippet:-1","max-image-preview":"max-image-preview:large","max-video-preview":"max-video-preview:-1"},"canonical":"https:\/\/www.koronakarkonoszy.pl\/blog-dla-firm\/de\/spotkania-integracyjne-dla-firm-krotki-przewodnik\/","og_locale":"de_DE","og_type":"article","og_title":"Spotkania integracyjne dla firm: kr\u00f3tki przewodnik","og_description":"Odkryj potencja\u0142 jaki maj\u0105 spotkania integracyjne dla firm. Zwi\u0119ksz zaanga\u017cowanie pracownik\u00f3w i usprawnij komunikacj\u0119 w zespole.","og_url":"https:\/\/www.koronakarkonoszy.pl\/blog-dla-firm\/de\/spotkania-integracyjne-dla-firm-krotki-przewodnik\/","og_site_name":":: Blog dla firm - szkolenia, zarz\u0105dzanie zespo\u0142em, team building","article_published_time":"2024-08-14T11:46:18+00:00","article_modified_time":"2024-09-09T06:42:13+00:00","og_image":[{"width":2560,"height":1706,"url":"https:\/\/www.koronakarkonoszy.pl\/blog-dla-firm\/wp-content\/uploads\/2023\/10\/Involt_11_12_31_IR6_5097-scaled.jpg","type":"image\/jpeg"}],"author":"Maria Szruba","twitter_card":"summary_large_image","twitter_misc":{"Verfasst von":"Maria Szruba","Gesch\u00e4tzte Lesezeit":"4\u00a0Minuten"},"schema":{"@context":"https:\/\/schema.org","@graph":[{"@type":"Article","@id":"https:\/\/www.koronakarkonoszy.pl\/blog-dla-firm\/spotkania-integracyjne-dla-firm-krotki-przewodnik\/#article","isPartOf":{"@id":"https:\/\/www.koronakarkonoszy.pl\/blog-dla-firm\/spotkania-integracyjne-dla-firm-krotki-przewodnik\/"},"author":{"name":"Maria Szruba","@id":"https:\/\/www.koronakarkonoszy.pl\/blog-dla-firm\/#\/schema\/person\/534aa22a9d8f007f1dee4909d6985b1b"},"headline":"Spotkania integracyjne dla firm: kr\u00f3tki przewodnik","datePublished":"2024-08-14T11:46:18+00:00","dateModified":"2024-09-09T06:42:13+00:00","mainEntityOfPage":{"@id":"https:\/\/www.koronakarkonoszy.pl\/blog-dla-firm\/spotkania-integracyjne-dla-firm-krotki-przewodnik\/"},"wordCount":580,"commentCount":0,"image":{"@id":"https:\/\/www.koronakarkonoszy.pl\/blog-dla-firm\/spotkania-integracyjne-dla-firm-krotki-przewodnik\/#primaryimage"},"thumbnailUrl":"https:\/\/www.koronakarkonoszy.pl\/blog-dla-firm\/wp-content\/uploads\/2023\/10\/Involt_11_12_31_IR6_5097-scaled.jpg","articleSection":["Imprezy firmowe","Integracja","Team Building"],"inLanguage":"de","potentialAction":[{"@type":"CommentAction","name":"Comment","target":["https:\/\/www.koronakarkonoszy.pl\/blog-dla-firm\/spotkania-integracyjne-dla-firm-krotki-przewodnik\/#respond"]}]},{"@type":"WebPage","@id":"https:\/\/www.koronakarkonoszy.pl\/blog-dla-firm\/spotkania-integracyjne-dla-firm-krotki-przewodnik\/","url":"https:\/\/www.koronakarkonoszy.pl\/blog-dla-firm\/spotkania-integracyjne-dla-firm-krotki-przewodnik\/","name":"Spotkania integracyjne dla firm: kr\u00f3tki przewodnik - :: Blog dla firm - szkolenia, zarz\u0105dzanie zespo\u0142em, team building","isPartOf":{"@id":"https:\/\/www.koronakarkonoszy.pl\/blog-dla-firm\/#website"},"primaryImageOfPage":{"@id":"https:\/\/www.koronakarkonoszy.pl\/blog-dla-firm\/spotkania-integracyjne-dla-firm-krotki-przewodnik\/#primaryimage"},"image":{"@id":"https:\/\/www.koronakarkonoszy.pl\/blog-dla-firm\/spotkania-integracyjne-dla-firm-krotki-przewodnik\/#primaryimage"},"thumbnailUrl":"https:\/\/www.koronakarkonoszy.pl\/blog-dla-firm\/wp-content\/uploads\/2023\/10\/Involt_11_12_31_IR6_5097-scaled.jpg","datePublished":"2024-08-14T11:46:18+00:00","dateModified":"2024-09-09T06:42:13+00:00","author":{"@id":"https:\/\/www.koronakarkonoszy.pl\/blog-dla-firm\/#\/schema\/person\/534aa22a9d8f007f1dee4909d6985b1b"},"description":"Odkryj potencja\u0142 jaki maj\u0105 spotkania integracyjne dla firm. Zwi\u0119ksz zaanga\u017cowanie pracownik\u00f3w i usprawnij komunikacj\u0119 w zespole.","breadcrumb":{"@id":"https:\/\/www.koronakarkonoszy.pl\/blog-dla-firm\/spotkania-integracyjne-dla-firm-krotki-przewodnik\/#breadcrumb"},"inLanguage":"de","potentialAction":[{"@type":"ReadAction","target":["https:\/\/www.koronakarkonoszy.pl\/blog-dla-firm\/spotkania-integracyjne-dla-firm-krotki-przewodnik\/"]}]},{"@type":"ImageObject","inLanguage":"de","@id":"https:\/\/www.koronakarkonoszy.pl\/blog-dla-firm\/spotkania-integracyjne-dla-firm-krotki-przewodnik\/#primaryimage","url":"https:\/\/www.koronakarkonoszy.pl\/blog-dla-firm\/wp-content\/uploads\/2023\/10\/Involt_11_12_31_IR6_5097-scaled.jpg","contentUrl":"https:\/\/www.koronakarkonoszy.pl\/blog-dla-firm\/wp-content\/uploads\/2023\/10\/Involt_11_12_31_IR6_5097-scaled.jpg","width":2560,"height":1706,"caption":"Spotkania integracyjne dla firm"},{"@type":"BreadcrumbList","@id":"https:\/\/www.koronakarkonoszy.pl\/blog-dla-firm\/spotkania-integracyjne-dla-firm-krotki-przewodnik\/#breadcrumb","itemListElement":[{"@type":"ListItem","position":1,"name":"Strona g\u0142\u00f3wna","item":"https:\/\/www.koronakarkonoszy.pl\/blog-dla-firm\/"},{"@type":"ListItem","position":2,"name":"Spotkania integracyjne dla firm: kr\u00f3tki przewodnik"}]},{"@type":"WebSite","@id":"https:\/\/www.koronakarkonoszy.pl\/blog-dla-firm\/#website","url":"https:\/\/www.koronakarkonoszy.pl\/blog-dla-firm\/","name":":: Blog f\u00fcr Unternehmen \u2013 Schulung, Teammanagement, Teambuilding","description":"","potentialAction":[{"@type":"SearchAction","target":{"@type":"EntryPoint","urlTemplate":"https:\/\/www.koronakarkonoszy.pl\/blog-dla-firm\/?s={search_term_string}"},"query-input":{"@type":"PropertyValueSpecification","valueRequired":true,"valueName":"search_term_string"}}],"inLanguage":"de"},{"@type":"Person","@id":"https:\/\/www.koronakarkonoszy.pl\/blog-dla-firm\/#\/schema\/person\/534aa22a9d8f007f1dee4909d6985b1b","name":"Maria Szruba","image":{"@type":"ImageObject","inLanguage":"de","@id":"https:\/\/www.koronakarkonoszy.pl\/blog-dla-firm\/wp-content\/litespeed\/avatar\/d0fe7fde2b2277621e0a2904789bab14.jpg?ver=1777451721","url":"https:\/\/www.koronakarkonoszy.pl\/blog-dla-firm\/wp-content\/litespeed\/avatar\/d0fe7fde2b2277621e0a2904789bab14.jpg?ver=1777451721","contentUrl":"https:\/\/www.koronakarkonoszy.pl\/blog-dla-firm\/wp-content\/litespeed\/avatar\/d0fe7fde2b2277621e0a2904789bab14.jpg?ver=1777451721","caption":"Maria Szruba"},"url":"https:\/\/www.koronakarkonoszy.pl\/blog-dla-firm\/de\/author\/m-szruba\/"}]}},"_links":{"self":[{"href":"https:\/\/www.koronakarkonoszy.pl\/blog-dla-firm\/de\/wp-json\/wp\/v2\/posts\/10243","targetHints":{"allow":["GET"]}}],"collection":[{"href":"https:\/\/www.koronakarkonoszy.pl\/blog-dla-firm\/de\/wp-json\/wp\/v2\/posts"}],"about":[{"href":"https:\/\/www.koronakarkonoszy.pl\/blog-dla-firm\/de\/wp-json\/wp\/v2\/types\/post"}],"author":[{"embeddable":true,"href":"https:\/\/www.koronakarkonoszy.pl\/blog-dla-firm\/de\/wp-json\/wp\/v2\/users\/4"}],"replies":[{"embeddable":true,"href":"https:\/\/www.koronakarkonoszy.pl\/blog-dla-firm\/de\/wp-json\/wp\/v2\/comments?post=10243"}],"version-history":[{"count":5,"href":"https:\/\/www.koronakarkonoszy.pl\/blog-dla-firm\/de\/wp-json\/wp\/v2\/posts\/10243\/revisions"}],"predecessor-version":[{"id":10263,"href":"https:\/\/www.koronakarkonoszy.pl\/blog-dla-firm\/de\/wp-json\/wp\/v2\/posts\/10243\/revisions\/10263"}],"wp:featuredmedia":[{"embeddable":true,"href":"https:\/\/www.koronakarkonoszy.pl\/blog-dla-firm\/de\/wp-json\/wp\/v2\/media\/7483"}],"wp:attachment":[{"href":"https:\/\/www.koronakarkonoszy.pl\/blog-dla-firm\/de\/wp-json\/wp\/v2\/media?parent=10243"}],"wp:term":[{"taxonomy":"category","embeddable":true,"href":"https:\/\/www.koronakarkonoszy.pl\/blog-dla-firm\/de\/wp-json\/wp\/v2\/categories?post=10243"}],"curies":[{"name":"wp","href":"https:\/\/api.w.org\/{rel}","templated":true}]}}