{"id":1000,"date":"2021-08-27T08:49:00","date_gmt":"2021-08-27T06:49:00","guid":{"rendered":"https:\/\/www.koronakarkonoszy.pl\/blog-dla-firm\/?p=1000"},"modified":"2024-05-30T17:29:25","modified_gmt":"2024-05-30T15:29:25","slug":"przemowienie-na-jubileusz-firmy","status":"publish","type":"post","link":"https:\/\/www.koronakarkonoszy.pl\/blog-dla-firm\/de\/przemowienie-na-jubileusz-firmy\/","title":{"rendered":"Eine Ansprache zum Firmenjubil\u00e4um, die Ihre G\u00e4ste verzaubern wird"},"content":{"rendered":"\n<p>Ludzko\u015b\u0107 dzieli si\u0119 na tych, kt\u00f3rzy wiedz\u0105, ale nie m\u00f3wi\u0105 i na tych kt\u00f3rzy m\u00f3wi\u0105, ale nie widz\u0105. Planuj\u0105c jubileusz\u00a0istnienia firmy, musisz pami\u0119ta\u0107, \u017ce jednym z jego element\u00f3w b\u0119dzie wyg\u0142oszenie kilku zda\u0144 dla zebranych go\u015bci. Przem\u00f3wienie na jubileusz firmy powinno by\u0107 kr\u00f3tkie, tre\u015bciwe i wzbudzaj\u0105ce emocje zdania, kt\u00f3re g\u0142\u0119boko zapadaj\u0105 w pami\u0119ci odbiorc\u00f3w. Stanowi wa\u017cne podsumowanie oraz daje wiar\u0119 w lepsz\u0105 przysz\u0142o\u015b\u0107.\u00a0<\/p>\n\n\n<div id=\"ariadna-block_a7ff4f25e9fd15c306fb2aa62ac4ea59\" class=\"ariadna\">\n    <ul><li><a href=\"#h-przemowienie-na-jubileusz-firmy-krotko-i-na-temat-nbsp\">Przem\u00f3wienie na jubileusz firmy \u2013 kr\u00f3tko i na temat&nbsp;<\/a><\/li><li><a href=\"#h-jubileusz-firmy\">Jubileusz firmy<\/a><\/li><li><a href=\"#h-przemowienie-na-jubileuszu-firmy-pamietaj-do-kogo-mowisz-nbsp\">Przem\u00f3wienie na jubileuszu firmy \u2013 pami\u0119taj, do kogo m\u00f3wisz&nbsp;<\/a><\/li><li><a href=\"#ha-czy-wiesz-ze-jubileusz-firmy-wymaga-odpowiedniej-oprawy\">Czy wiesz, \u017ce jubileusz firmy wymaga odpowiedniej oprawy?<\/a><\/li><li><a href=\"#h-przemowienie-na-jubileusz-firmy-jak-mowic-aby-nas-sluchano-nbsp\">Przem\u00f3wienie na jubileusz firmy \u2013 jak m\u00f3wi\u0107, aby nas s\u0142uchano&nbsp;<\/a><\/li><li><a href=\"#h-jubileusz-firmy\">Jubileusz firmy<\/a><\/li><\/ul>\n<\/div>\n\n\n\n\n\n\n<figure class=\"wp-block-image size-large is-resized\"><a href=\"https:\/\/www.koronakarkonoszy.pl\/konfigurator-imprez\/\" target=\"_blank\" rel=\"noreferrer noopener\"><img loading=\"lazy\" decoding=\"async\" width=\"1024\" height=\"510\" src=\"https:\/\/www.koronakarkonoszy.pl\/blog-dla-firm\/wp-content\/uploads\/2023\/11\/DKK-konfigurator_01-1024x510.jpg\" alt=\"Konfigurator imprez firmowych agencji eventowej Dw\u00f3r Korona Karkonoszy\" class=\"wp-image-7804\" style=\"width:855px;height:auto\" title=\"Konfigurator imprez firmowych agencji eventowej \" srcset=\"https:\/\/www.koronakarkonoszy.pl\/blog-dla-firm\/wp-content\/uploads\/2023\/11\/DKK-konfigurator_01-1024x510.jpg 1024w, https:\/\/www.koronakarkonoszy.pl\/blog-dla-firm\/wp-content\/uploads\/2023\/11\/DKK-konfigurator_01-300x150.jpg 300w, https:\/\/www.koronakarkonoszy.pl\/blog-dla-firm\/wp-content\/uploads\/2023\/11\/DKK-konfigurator_01-768x383.jpg 768w, https:\/\/www.koronakarkonoszy.pl\/blog-dla-firm\/wp-content\/uploads\/2023\/11\/DKK-konfigurator_01-1920x957.jpg 1920w, https:\/\/www.koronakarkonoszy.pl\/blog-dla-firm\/wp-content\/uploads\/2023\/11\/DKK-konfigurator_01-1536x766.jpg 1536w, https:\/\/www.koronakarkonoszy.pl\/blog-dla-firm\/wp-content\/uploads\/2023\/11\/DKK-konfigurator_01-18x9.jpg 18w, https:\/\/www.koronakarkonoszy.pl\/blog-dla-firm\/wp-content\/uploads\/2023\/11\/DKK-konfigurator_01.jpg 2040w\" sizes=\"auto, (max-width: 1024px) 100vw, 1024px\" \/><\/a><\/figure>\n\n\n\n<p>Przem\u00f3wienie jubileuszowe firmy\u00a0\u2013 zw\u0142aszcza, je\u015bli to okr\u0105g\u0142a rocznica, np.\u00a0<a href=\"https:\/\/www.koronakarkonoszy.pl\/blog-dla-firm\/10-lecie-firmy\/\" target=\"_blank\" rel=\"noreferrer noopener\">10 lecie firmy<\/a>\u00a0&#8211;\u00a0\u00a0jest tym, na co czekaj\u0105 wszyscy go\u015bcie. Uroczysta przemowa stanowi niezwykle podnios\u0142y moment, kt\u00f3rym rz\u0105dz\u0105 emocje. Aby nie wzi\u0119\u0142y g\u00f3ry i pozwoli\u0142y w skupieniu przekaza\u0107 to, co postanowili\u015bmy, musimy si\u0119 odpowiednio przygotowa\u0107. <span style=\"background-color: rgba(0, 0, 0, 0.2);\">S<\/span>\u0142owa musz\u0105 wychodzi\u0107 z serca i stanowi\u0107 szczery komunikat. Tylko wtedy inni nam uwierz\u0105.\u00a0<\/p>\n\n\n\n<h2 class=\"wp-block-heading\" id=\"h-przemowienie-na-jubileusz-firmy-krotko-i-na-temat-nbsp\"><strong>Przem\u00f3wienie na jubileusz firmy \u2013 kr\u00f3tko i na temat<\/strong>&nbsp;<\/h2>\n\n\n\n<p><strong>Jubileusz firmy.<\/strong> Nie rzucaj s\u0142\u00f3w na wiatr,&nbsp;je\u015bli nie wiesz dok\u0105d je zaniesie. Przem\u00f3wienie na jubileusz firmy musi by\u0107 tre\u015bciwe. Warto w nim wspomnie\u0107 o historii prowadzonej dzia\u0142alno\u015bci, najlepiej w formie anegdoty lub opowie\u015bci nawi\u0105zuj\u0105cej do pe\u0142nych wyzwa\u0144 pocz\u0105tk\u00f3w. Celem przem\u00f3wienia jest podsumowanie dotychczasowych osi\u0105gni\u0119\u0107 oraz nadanie kierunku na przysz\u0142o\u015b\u0107. Zwi\u0119z\u0142a i ciekawa przemowa powinna zosta\u0107 zako\u0144czona podzi\u0119kowaniem dla wszystkich pracownik\u00f3w i partner\u00f3w biznesowych, kt\u00f3rzy mieli realny wp\u0142yw na ka\u017cdy dzie\u0144 obecno\u015bci na rynku.&nbsp;<\/p>\n\n\n\n<p>Przem\u00f3wienie na jubileusz firmy nale\u017cy zacz\u0105\u0107 przygotowywa\u0107 z odpowiednim wyprzedzeniem. Musimy da\u0107 sobie kilka dni i nocy, by w\u0142a\u015bciwie ubra\u0107 w s\u0142owa to, co chcemy przekaza\u0107. Mo\u017cemy tak\u017ce zleci\u0107 przygotowanie przem\u00f3wienia innej osobie, ale mimo wszystko warto p\u00f3\u017aniej dopasowa\u0107 ka\u017cde napisane s\u0142owo do siebie i swojego stylu mowy. Go\u015bcie jubileuszu s\u0105 wyczuleni na wszelkie formy sztuczno\u015bci i nieszczero\u015bci.&nbsp;<\/p>\n\n\n<section id=\"leonardo-block_bde2f49e3b59206ff71cc1ef82a6be2f\" class=\"leonardo page-breaker leonardo-image-left\">\n    <div class=\"leonardo-body\">\n        <h2 class=\"leonardo-title\" id=\"h-jubileusz-firmy\">Jubileusz firmy<\/h2>        <div class=\"leonardo-content\"><p><span class=\"TextRun SCXW43571656 BCX0\" lang=\"PL-PL\" xml:lang=\"PL-PL\" data-contrast=\"auto\"><span class=\"NormalTextRun SCXW43571656 BCX0\" data-ccp-parastyle=\"Standard\" data-ccp-parastyle-defn=\"{&quot;ObjectId&quot;:&quot;83494765-a998-4349-a69c-8b474dd40e17|14&quot;,&quot;ClassId&quot;:1073872969,&quot;Properties&quot;:[134233614,&quot;true&quot;,201340122,&quot;2&quot;,469775450,&quot;Standard&quot;,469778129,&quot;Standard&quot;,469778325,&quot;[\\&quot;Heading\\&quot;,\\&quot;Text body\\&quot;,\\&quot;caption\\&quot;,\\&quot;Index\\&quot;]&quot;]}\">Je\u015bli ju\u017c wiemy, co i jak chcemy powiedzie\u0107, a sam styl przemowy mamy ju\u017c prze\u0107wiczony. Warto wzbogac<\/span><span class=\"NormalTextRun SCXW43571656 BCX0\" data-ccp-parastyle=\"Standard\">i\u0107 przem\u00f3wienie na jubileusz firmy o odpowiedni\u0105 opraw\u0119 wizualn\u0105, kt\u00f3ra podkre\u015bli ka\u017cde nasze s\u0142owo. Ciekawym pomys\u0142em s\u0105 prezentacje multimedialne, kt\u00f3re b\u0119d\u0105 wy\u015bwietlane w tle przem\u00f3wienia. One nie tylko dodadz\u0105 otuchy, gdy przyjdzie nam stan\u0105\u0107 przed pub<\/span><span class=\"NormalTextRun SCXW43571656 BCX0\" data-ccp-parastyle=\"Standard\">liczno\u015bci\u0105, ale tak\u017ce nie pozwol\u0105 zapomnie\u0107 o \u017cadnym wa\u017cnym fakcie.<\/span><span class=\"NormalTextRun SCXW43571656 BCX0\" data-ccp-parastyle=\"Standard\">\u00a0A tych mog\u0142o si\u0119 sporo nazbiera\u0107, zw\u0142aszcza je\u015bli \u015bwi\u0119tujemy np.\u00a0<\/span><\/span><a class=\"Hyperlink SCXW43571656 BCX0\" href=\"https:\/\/www.koronakarkonoszy.pl\/blog-dla-firm\/25-lecie-firmy\/\" target=\"_blank\" rel=\"noreferrer noopener\"><span class=\"TextRun Underlined SCXW43571656 BCX0\" lang=\"PL-PL\" xml:lang=\"PL-PL\" data-contrast=\"none\"><span class=\"NormalTextRun SCXW43571656 BCX0\" data-ccp-charstyle=\"Hyperlink\">25 lecie firmy<\/span><\/span><\/a><span class=\"TextRun SCXW43571656 BCX0\" lang=\"PL-PL\" xml:lang=\"PL-PL\" data-contrast=\"auto\"><span class=\"NormalTextRun SCXW43571656 BCX0\" data-ccp-parastyle=\"Standard\">.<\/span><\/span><span class=\"EOP SCXW43571656 BCX0\" data-ccp-props=\"{}\">\u00a0<\/span><\/p>\n<\/div>\n                    <aside class=\"leonardo-interlink\">\n                <b>Polecamy<\/b>\n                <a href=\"https:\/\/www.koronakarkonoszy.pl\/blog-dla-firm\/de\/organizacja-konferencji-dla-firm-jak-zrobic-to-dobrze\/\">Organizacja konferencji dla firm \u2013 jak zrobi\u0107 to dobrze?<\/a>\n            <\/aside>\n            <\/div>\n    <div class=\"leonardo-image\">\n        <img loading=\"lazy\" decoding=\"async\" width=\"1280\" height=\"853\" src=\"https:\/\/www.koronakarkonoszy.pl\/blog-dla-firm\/wp-content\/uploads\/2021\/08\/Przemowienie-na-jubileusz-firmy1.jpg\" class=\"attachment-full size-full\" alt=\"Przem\u00f3wienie na jubileusz firmy\" srcset=\"https:\/\/www.koronakarkonoszy.pl\/blog-dla-firm\/wp-content\/uploads\/2021\/08\/Przemowienie-na-jubileusz-firmy1.jpg 1280w, https:\/\/www.koronakarkonoszy.pl\/blog-dla-firm\/wp-content\/uploads\/2021\/08\/Przemowienie-na-jubileusz-firmy1-300x200.jpg 300w, https:\/\/www.koronakarkonoszy.pl\/blog-dla-firm\/wp-content\/uploads\/2021\/08\/Przemowienie-na-jubileusz-firmy1-1024x682.jpg 1024w, https:\/\/www.koronakarkonoszy.pl\/blog-dla-firm\/wp-content\/uploads\/2021\/08\/Przemowienie-na-jubileusz-firmy1-768x512.jpg 768w\" sizes=\"auto, (max-width: 1280px) 100vw, 1280px\" \/>            <\/div>\n<\/section>\n\n\n<h2 class=\"wp-block-heading\" id=\"h-przemowienie-na-jubileuszu-firmy-pamietaj-do-kogo-mowisz-nbsp\">Przem\u00f3wienie na jubileuszu firmy \u2013 pami\u0119taj, do kogo m\u00f3wisz&nbsp;<\/h2>\n\n\n\n<p><strong>Przem\u00f3wienie jubileuszowe<\/strong>. Nie wystarczy m\u00f3wi\u0107 do rzeczy, trzeba m\u00f3wi\u0107 do ludzi. Przem\u00f3wienie na jubileusz firmy jest uroczystym podzi\u0119kowaniem dla pracownik\u00f3w za po\u015bwi\u0119cenie i wykonan\u0105 prac\u0119, kt\u00f3rego celem jest tak\u017ce zmotywowanie do dalszej pracy. M\u00f3wisz o ludziach dla ludzi, dlatego nie b\u00f3j si\u0119 emocji. One s\u0105 tym, czego oczekuj\u0105 od Ciebie Twoi go\u015bcie.&nbsp;<\/p>\n\n\n\n<p>Wielcy m\u00f3wcy odwo\u0142uj\u0105 si\u0119 do umys\u0142u s\u0142uchacza i poruszaj\u0105 jego uczucia. Czasy sztywnych i formalny wyst\u0105pie\u0144 min\u0119\u0142y. Wsp\u00f3\u0142czesne przem\u00f3wienie na jubileusz firmy charakteryzuje si\u0119 odrobin\u0105 kreatywno\u015bci i szale\u0144stwa. W ko\u0144cu jubileusz stanowi niezwykle wyj\u0105tkow\u0105 okazj\u0119. \u015awi\u0119tujmy wsp\u00f3lnie z naszymi go\u015b\u0107mi i&nbsp;w ka\u017cdy mo\u017cliwy spos\u00f3b podkre\u015blajmy wielkie osi\u0105gni\u0119cie, jakim jest miejsce w kt\u00f3rym si\u0119 znale\u017ali\u015bmy. Pozytywny i oryginalny przekaz, przemy\u015blana strategia oraz dba\u0142o\u015b\u0107 o uczucia i potrzeby pracownik\u00f3w, z pewno\u015bci\u0105 doprowadz\u0105 nas&nbsp;do kolejnego jubileuszu.&nbsp;<\/p>\n\n\n\n<figure class=\"wp-block-image size-large is-resized\"><a href=\"https:\/\/www.koronakarkonoszy.pl\/konfigurator-imprez\/\" target=\"_blank\" rel=\"noreferrer noopener\"><img loading=\"lazy\" decoding=\"async\" width=\"1024\" height=\"510\" src=\"https:\/\/www.koronakarkonoszy.pl\/blog-dla-firm\/wp-content\/uploads\/2023\/11\/DKK-konfigurator_01-1024x510.jpg\" alt=\"Konfigurator imprez firmowych agencji eventowej Dw\u00f3r Korona Karkonoszy\" class=\"wp-image-7804\" style=\"width:855px;height:auto\" title=\"Konfigurator imprez firmowych agencji eventowej \" srcset=\"https:\/\/www.koronakarkonoszy.pl\/blog-dla-firm\/wp-content\/uploads\/2023\/11\/DKK-konfigurator_01-1024x510.jpg 1024w, https:\/\/www.koronakarkonoszy.pl\/blog-dla-firm\/wp-content\/uploads\/2023\/11\/DKK-konfigurator_01-300x150.jpg 300w, https:\/\/www.koronakarkonoszy.pl\/blog-dla-firm\/wp-content\/uploads\/2023\/11\/DKK-konfigurator_01-768x383.jpg 768w, https:\/\/www.koronakarkonoszy.pl\/blog-dla-firm\/wp-content\/uploads\/2023\/11\/DKK-konfigurator_01-1920x957.jpg 1920w, https:\/\/www.koronakarkonoszy.pl\/blog-dla-firm\/wp-content\/uploads\/2023\/11\/DKK-konfigurator_01-1536x766.jpg 1536w, https:\/\/www.koronakarkonoszy.pl\/blog-dla-firm\/wp-content\/uploads\/2023\/11\/DKK-konfigurator_01-18x9.jpg 18w, https:\/\/www.koronakarkonoszy.pl\/blog-dla-firm\/wp-content\/uploads\/2023\/11\/DKK-konfigurator_01.jpg 2040w\" sizes=\"auto, (max-width: 1024px) 100vw, 1024px\" \/><\/a><\/figure>\n\n\n<section id=\"ctaninja-block_bef1dd9035cbc955fcc69d950fd41f42\" class=\"ctaninja\">\n    <div class=\"ctaninja-body\">\n        <h2 id=\"ha-czy-wiesz-ze-jubileusz-firmy-wymaga-odpowiedniej-oprawy\">Czy wiesz, \u017ce jubileusz firmy wymaga odpowiedniej oprawy?<\/h2>\n        <p>Nasze wn\u0119trza zrobi\u0105 wra\u017cenie na wszystkich zaproszonych!<\/p>\n        <div class=\"nf-container\">\n            <noscript class=\"ninja-forms-noscript-message\">\n\tHinweis: F\u00fcr diesen Inhalt ist JavaScript erforderlich.<\/noscript>\n<div id=\"nf-form-1-cont\" class=\"nf-form-cont\" aria-live=\"polite\" aria-labelledby=\"nf-form-title-1\" aria-describedby=\"nf-form-errors-1\" role=\"form\">\n\n    <div class=\"nf-loading-spinner\"><\/div>\n\n<\/div>\n        <!-- That data is being printed as a workaround to page builders reordering the order of the scripts loaded-->\n        <script>var formDisplay=1;var nfForms=nfForms||[];var form=[];form.id='1';form.settings={\"objectType\":\"Form Setting\",\"editActive\":\"\",\"title\":\"Contact Me\",\"key\":\"\",\"created_at\":\"2021-05-24 17:00:03\",\"default_label_pos\":\"above\",\"conditions\":[],\"show_title\":\"1\",\"clear_complete\":\"1\",\"hide_complete\":\"1\",\"wrapper_class\":\"\",\"element_class\":\"\",\"add_submit\":\"1\",\"logged_in\":\"\",\"not_logged_in_msg\":\"\",\"sub_limit_number\":\"\",\"sub_limit_msg\":\"\",\"calculations\":[],\"formContentData\":[{\"order\":1,\"cells\":[{\"order\":0,\"fields\":[\"email\"],\"width\":50},{\"order\":1,\"fields\":[\"wyslij_1675426055268\"],\"width\":50}]}],\"container_styles_background-color\":\"\",\"container_styles_border\":\"\",\"container_styles_border-style\":\"\",\"container_styles_border-color\":\"\",\"container_styles_color\":\"\",\"container_styles_height\":\"\",\"container_styles_width\":\"\",\"container_styles_font-size\":\"\",\"container_styles_margin\":\"\",\"container_styles_padding\":\"\",\"container_styles_display\":\"\",\"container_styles_float\":\"\",\"container_styles_show_advanced_css\":\"0\",\"container_styles_advanced\":\"\",\"title_styles_background-color\":\"\",\"title_styles_border\":\"\",\"title_styles_border-style\":\"\",\"title_styles_border-color\":\"\",\"title_styles_color\":\"\",\"title_styles_height\":\"\",\"title_styles_width\":\"\",\"title_styles_font-size\":\"\",\"title_styles_margin\":\"\",\"title_styles_padding\":\"\",\"title_styles_display\":\"\",\"title_styles_float\":\"\",\"title_styles_show_advanced_css\":\"0\",\"title_styles_advanced\":\"\",\"row_styles_background-color\":\"\",\"row_styles_border\":\"\",\"row_styles_border-style\":\"\",\"row_styles_border-color\":\"\",\"row_styles_color\":\"\",\"row_styles_height\":\"\",\"row_styles_width\":\"\",\"row_styles_font-size\":\"\",\"row_styles_margin\":\"\",\"row_styles_padding\":\"\",\"row_styles_display\":\"\",\"row_styles_show_advanced_css\":\"0\",\"row_styles_advanced\":\"\",\"row-odd_styles_background-color\":\"\",\"row-odd_styles_border\":\"\",\"row-odd_styles_border-style\":\"\",\"row-odd_styles_border-color\":\"\",\"row-odd_styles_color\":\"\",\"row-odd_styles_height\":\"\",\"row-odd_styles_width\":\"\",\"row-odd_styles_font-size\":\"\",\"row-odd_styles_margin\":\"\",\"row-odd_styles_padding\":\"\",\"row-odd_styles_display\":\"\",\"row-odd_styles_show_advanced_css\":\"0\",\"row-odd_styles_advanced\":\"\",\"success-msg_styles_background-color\":\"\",\"success-msg_styles_border\":\"\",\"success-msg_styles_border-style\":\"\",\"success-msg_styles_border-color\":\"\",\"success-msg_styles_color\":\"\",\"success-msg_styles_height\":\"\",\"success-msg_styles_width\":\"\",\"success-msg_styles_font-size\":\"\",\"success-msg_styles_margin\":\"\",\"success-msg_styles_padding\":\"\",\"success-msg_styles_display\":\"\",\"success-msg_styles_show_advanced_css\":\"0\",\"success-msg_styles_advanced\":\"\",\"error_msg_styles_background-color\":\"\",\"error_msg_styles_border\":\"\",\"error_msg_styles_border-style\":\"\",\"error_msg_styles_border-color\":\"\",\"error_msg_styles_color\":\"\",\"error_msg_styles_height\":\"\",\"error_msg_styles_width\":\"\",\"error_msg_styles_font-size\":\"\",\"error_msg_styles_margin\":\"\",\"error_msg_styles_padding\":\"\",\"error_msg_styles_display\":\"\",\"error_msg_styles_show_advanced_css\":\"0\",\"error_msg_styles_advanced\":\"\",\"allow_public_link\":0,\"embed_form\":\"\",\"currency\":\"\",\"repeatable_fieldsets\":\"\",\"unique_field_error\":\"Formularz z t\\u0105 warto\\u015bci\\u0105 zosta\\u0142 ju\\u017c przes\\u0142any.\",\"form_title_heading_level\":\"3\",\"ninjaForms\":\"Ninja Forms\",\"changeEmailErrorMsg\":\"Bitte gib eine g\\u00fcltige E-Mail-Adresse ein.\",\"changeDateErrorMsg\":\"Bitte gib ein g\\u00fcltiges Datum ein!\",\"confirmFieldErrorMsg\":\"Diese Felder m\\u00fcssen \\u00fcbereinstimmen!\",\"fieldNumberNumMinError\":\"Die eingegebene Zahl ist zu klein.\",\"fieldNumberNumMaxError\":\"Die eingegebene Zahl ist zu gross.\",\"fieldNumberIncrementBy\":\"Bitte erh\\u00f6hen in Schritten von\",\"fieldTextareaRTEInsertLink\":\"Link einf\\u00fcgen\",\"fieldTextareaRTEInsertMedia\":\"Medien einf\\u00fcgen\",\"fieldTextareaRTESelectAFile\":\"Eine Datei ausw\\u00e4hlen\",\"formErrorsCorrectErrors\":\"Bitte korrigiere die Fehler, bevor du das Formular sendest.\",\"formHoneypot\":\"Falls du ein Mensch bist und dieses Feld siehst, dann lasse es bitte leer.\",\"validateRequiredField\":\"Dies ist ein Pflichtfeld.\",\"honeypotHoneypotError\":\"Honeypot-Fehler\",\"fileUploadOldCodeFileUploadInProgress\":\"Datei-Upload l\\u00e4uft.\",\"fileUploadOldCodeFileUpload\":\"DATEI-UPLOAD\",\"currencySymbol\":\"&#36;\",\"fieldsMarkedRequired\":\"Felder mit einem <span class=\\\"ninja-forms-req-symbol\\\">*<\\\/span> sind Pflichtfelder\",\"thousands_sep\":\".\",\"decimal_point\":\",\",\"siteLocale\":\"de_DE\",\"dateFormat\":\"m\\\/d\\\/Y\",\"startOfWeek\":\"1\",\"of\":\"von\",\"previousMonth\":\"Vorheriger Monat\",\"nextMonth\":\"N\\u00e4chster Monat\",\"months\":[\"Januar\",\"Februar\",\"M\\u00e4rz\",\"April\",\"Mai\",\"Juni\",\"Juli\",\"August\",\"September\",\"Oktober\",\"November\",\"Dezember\"],\"monthsShort\":[\"Jan.\",\"Feb.\",\"M\\u00e4rz\",\"Apr.\",\"Mai\",\"Juni\",\"Juli\",\"Aug\",\"Sep.\",\"Okt.\",\"Nov.\",\"Dez.\"],\"weekdays\":[\"Sonntag\",\"Montag\",\"Dienstag\",\"Mittwoch\",\"Donnerstag\",\"Freitag\",\"Samstag\"],\"weekdaysShort\":[\"So.\",\"Mo.\",\"Di.\",\"Mi.\",\"Do.\",\"Fr.\",\"Sa.\"],\"weekdaysMin\":[\"So.\",\"Mo.\",\"Di.\",\"Mi.\",\"Do.\",\"Fr.\",\"Sa.\"],\"recaptchaConsentMissing\":\"reCaptcha validation couldn&#039;t load.\",\"recaptchaMissingCookie\":\"reCaptcha v3 validation couldn&#039;t load the cookie needed to submit the form.\",\"recaptchaConsentEvent\":\"Accept reCaptcha cookies before sending the form.\",\"currency_symbol\":\"\",\"beforeForm\":\"\",\"beforeFields\":\"\",\"afterFields\":\"\",\"afterForm\":\"\"};form.fields=[{\"objectType\":\"Field\",\"objectDomain\":\"fields\",\"editActive\":false,\"order\":1,\"idAttribute\":\"id\",\"label\":\"Email\",\"key\":\"email\",\"type\":\"email\",\"created_at\":\"2021-05-24 17:00:04\",\"label_pos\":\"above\",\"required\":1,\"placeholder\":\"Podaj maila, skontaktujemy si\\u0119 z Tob\\u0105\",\"default\":\"\",\"wrapper_class\":\"\",\"element_class\":\"\",\"container_class\":\"\",\"admin_label\":\"\",\"help_text\":\"\",\"desc_text\":\"\",\"wrap_styles_background-color\":\"\",\"wrap_styles_border\":\"\",\"wrap_styles_border-style\":\"\",\"wrap_styles_border-color\":\"\",\"wrap_styles_color\":\"\",\"wrap_styles_height\":\"\",\"wrap_styles_width\":\"\",\"wrap_styles_font-size\":\"\",\"wrap_styles_margin\":\"\",\"wrap_styles_padding\":\"\",\"wrap_styles_display\":\"\",\"wrap_styles_float\":\"\",\"wrap_styles_show_advanced_css\":0,\"wrap_styles_advanced\":\"\",\"label_styles_background-color\":\"\",\"label_styles_border\":\"\",\"label_styles_border-style\":\"\",\"label_styles_border-color\":\"\",\"label_styles_color\":\"\",\"label_styles_height\":\"\",\"label_styles_width\":\"\",\"label_styles_font-size\":\"\",\"label_styles_margin\":\"\",\"label_styles_padding\":\"\",\"label_styles_display\":\"\",\"label_styles_float\":\"\",\"label_styles_show_advanced_css\":0,\"label_styles_advanced\":\"\",\"element_styles_background-color\":\"\",\"element_styles_border\":\"\",\"element_styles_border-style\":\"\",\"element_styles_border-color\":\"\",\"element_styles_color\":\"\",\"element_styles_height\":\"\",\"element_styles_width\":\"\",\"element_styles_font-size\":\"\",\"element_styles_margin\":\"\",\"element_styles_padding\":\"\",\"element_styles_display\":\"\",\"element_styles_float\":\"\",\"element_styles_show_advanced_css\":0,\"element_styles_advanced\":\"\",\"cellcid\":\"c3391\",\"custom_name_attribute\":\"email\",\"personally_identifiable\":1,\"value\":\"\",\"drawerDisabled\":false,\"id\":2,\"beforeField\":\"\",\"afterField\":\"\",\"parentType\":\"email\",\"element_templates\":[\"email\",\"input\"],\"old_classname\":\"\",\"wrap_template\":\"wrap\"},{\"objectType\":\"Field\",\"objectDomain\":\"fields\",\"editActive\":false,\"order\":2,\"idAttribute\":\"id\",\"label\":\"Wy\\u015blij\",\"key\":\"wyslij_1675426055268\",\"type\":\"submit\",\"created_at\":\"2021-05-24 17:00:05\",\"processing_label\":\"Wysy\\u0142anie...\",\"container_class\":\"\",\"element_class\":\"\",\"wrap_styles_background-color\":\"\",\"wrap_styles_border\":\"\",\"wrap_styles_border-style\":\"\",\"wrap_styles_border-color\":\"\",\"wrap_styles_color\":\"\",\"wrap_styles_height\":\"\",\"wrap_styles_width\":\"\",\"wrap_styles_font-size\":\"\",\"wrap_styles_margin\":\"\",\"wrap_styles_padding\":\"\",\"wrap_styles_display\":\"\",\"wrap_styles_float\":\"\",\"wrap_styles_show_advanced_css\":0,\"wrap_styles_advanced\":\"\",\"label_styles_background-color\":\"\",\"label_styles_border\":\"\",\"label_styles_border-style\":\"\",\"label_styles_border-color\":\"\",\"label_styles_color\":\"\",\"label_styles_height\":\"\",\"label_styles_width\":\"\",\"label_styles_font-size\":\"\",\"label_styles_margin\":\"\",\"label_styles_padding\":\"\",\"label_styles_display\":\"\",\"label_styles_float\":\"\",\"label_styles_show_advanced_css\":0,\"label_styles_advanced\":\"\",\"element_styles_background-color\":\"\",\"element_styles_border\":\"\",\"element_styles_border-style\":\"\",\"element_styles_border-color\":\"\",\"element_styles_color\":\"\",\"element_styles_height\":\"\",\"element_styles_width\":\"\",\"element_styles_font-size\":\"\",\"element_styles_margin\":\"\",\"element_styles_padding\":\"\",\"element_styles_display\":\"\",\"element_styles_float\":\"\",\"element_styles_show_advanced_css\":0,\"element_styles_advanced\":\"\",\"submit_element_hover_styles_background-color\":\"\",\"submit_element_hover_styles_border\":\"\",\"submit_element_hover_styles_border-style\":\"\",\"submit_element_hover_styles_border-color\":\"\",\"submit_element_hover_styles_color\":\"\",\"submit_element_hover_styles_height\":\"\",\"submit_element_hover_styles_width\":\"\",\"submit_element_hover_styles_font-size\":\"\",\"submit_element_hover_styles_margin\":\"\",\"submit_element_hover_styles_padding\":\"\",\"submit_element_hover_styles_display\":\"\",\"submit_element_hover_styles_float\":\"\",\"submit_element_hover_styles_show_advanced_css\":0,\"submit_element_hover_styles_advanced\":\"\",\"cellcid\":\"c3394\",\"drawerDisabled\":false,\"id\":4,\"beforeField\":\"\",\"afterField\":\"\",\"value\":\"\",\"label_pos\":\"above\",\"parentType\":\"textbox\",\"element_templates\":[\"submit\",\"button\",\"input\"],\"old_classname\":\"\",\"wrap_template\":\"wrap-no-label\"}];nfForms.push(form);<\/script>\n                <script id=\"nf-tmpl-cell\" type=\"text\/template\">\n            <nf-fields><\/nf-fields>\n        <\/script>\n\n        <script id=\"nf-tmpl-row\" type=\"text\/template\">\n            <nf-cells><\/nf-cells>\n        <\/script>\n\n                <\/div>\n    <\/div>\n    <div class=\"ctaninja-onm ctaninja-onm-1 rbg\"><\/div>\n    <div class=\"ctaninja-onm ctaninja-onm-2 rbg\"><\/div>\n<\/section>\n\n\n<h2 class=\"wp-block-heading\" id=\"h-przemowienie-na-jubileusz-firmy-jak-mowic-aby-nas-sluchano-nbsp\">Przem\u00f3wienie na jubileusz firmy \u2013 jak m\u00f3wi\u0107, aby nas s\u0142uchano&nbsp;<\/h2>\n\n\n\n<p>Je\u015bli masz w\u0105tpliwo\u015bci, m\u00f3w prawd\u0119. Przem\u00f3wienie na jubileusz firmy&nbsp;to innego rodzaju przemowa ni\u017c na coroczne&nbsp;<a href=\"https:\/\/www.koronakarkonoszy.pl\/blog-dla-firm\/jak-zorganizowac-spotkanie-firmowe\/\" target=\"_blank\" rel=\"noreferrer noopener\">spotkanie firmowe<\/a>.&nbsp;&nbsp;podsumowuje minione lata, a tak\u017ce pozwala snu\u0107 plany na przysz\u0142o\u015b\u0107. To, jakie b\u0119dzie przem\u00f3wienie i jakie przyniesie skutki zale\u017cy od umiej\u0119tno\u015bci m\u00f3wcy. Nie ka\u017cdy posiada wrodzon\u0105 swobod\u0119 i lekko\u015b\u0107 publicznego przemawiania. To umiej\u0119tno\u015b\u0107, kt\u00f3r\u0105 mo\u017cna wypracowa\u0107 na potrzeby chwili.&nbsp;<\/p>\n\n\n<section id=\"leonardo-block_d58030f15067b952bb791891b18d1931\" class=\"leonardo page-breaker leonardo-image-right\">\n    <div class=\"leonardo-body\">\n        <h2 class=\"leonardo-title\" id=\"h-jubileusz-firmy\">Jubileusz firmy<\/h2>        <div class=\"leonardo-content\"><p><span data-contrast=\"auto\">Stajemy si\u0119 lepsi w tym , co robimy, je\u015bli systematycznie to powtarzamy. Przem\u00f3wienie na jubileusz firmy, poza tre\u015bci\u0105, sk\u0142ada si\u0119 z czterech zasadniczych element\u00f3w przekazu:<\/span><span data-ccp-props=\"{}\">\u00a0<\/span><\/p>\n<ul>\n<li data-leveltext=\"\u2013\" data-font=\"OpenSymbol\" data-listid=\"1\" aria-setsize=\"-1\" data-aria-posinset=\"0\" data-aria-level=\"1\"><span data-contrast=\"auto\">tempo, czyli szybko\u015b\u0107 wypowiadanych s\u0142\u00f3w,<\/span><span data-ccp-props=\"{}\">\u00a0<\/span><\/li>\n<li data-leveltext=\"\u2013\" data-font=\"OpenSymbol\" data-listid=\"1\" aria-setsize=\"-1\" data-aria-posinset=\"0\" data-aria-level=\"1\"><span data-contrast=\"auto\">g\u0142o\u015bno\u015b\u0107, czyli nat\u0119\u017cenie g\u0142osu,<\/span><span data-ccp-props=\"{}\">\u00a0<\/span><\/li>\n<li data-leveltext=\"\u2013\" data-font=\"OpenSymbol\" data-listid=\"1\" aria-setsize=\"-1\" data-aria-posinset=\"0\" data-aria-level=\"1\"><span data-contrast=\"auto\">ton, czyli modulacja g\u0142osu,<\/span><span data-ccp-props=\"{}\">\u00a0<\/span><\/li>\n<li data-leveltext=\"\u2013\" data-font=\"OpenSymbol\" data-listid=\"1\" aria-setsize=\"-1\" data-aria-posinset=\"0\" data-aria-level=\"1\"><span data-contrast=\"auto\">pauzy, czyli przerwy s\u0142u\u017c\u0105ce akcentowaniu najwa\u017cniejszych zwrot\u00f3w i s\u0142\u00f3w.<\/span><span data-ccp-props=\"{}\">\u00a0<\/span><\/li>\n<\/ul>\n<p><span data-ccp-props=\"{}\">\u00a0Pami\u0119taj! <\/span><span data-contrast=\"auto\">Przem\u00f3wienie na jubileusz firmy to nie tylko przekaz werbalny, ale tak\u017ce mowa cia\u0142a \u2013 gesty, ruchy cia\u0142a, mimika, postawa oraz spos\u00f3b u\u017cywania przestrzeni mi\u0119dzy innymi lud\u017ami.<\/span><span data-ccp-props=\"{}\">\u00a0<\/span><\/p>\n<\/div>\n                    <aside class=\"leonardo-interlink\">\n                <b>Polecamy<\/b>\n                <a href=\"https:\/\/www.koronakarkonoszy.pl\/blog-dla-firm\/de\/obiekty-konferencyjne-w-gorach\/\">Obiekty konferencyjne w g\u00f3rach \u2013 idealne na spotkania firmowe<\/a>\n            <\/aside>\n            <\/div>\n    <div class=\"leonardo-image\">\n        <img loading=\"lazy\" decoding=\"async\" width=\"1920\" height=\"1280\" src=\"https:\/\/www.koronakarkonoszy.pl\/blog-dla-firm\/wp-content\/uploads\/2021\/08\/Przemowienie-na-jubileusz-firmy2.jpg\" class=\"attachment-full size-full\" alt=\"Jubileusz firmy - event dla pracownik\u00f3w\" srcset=\"https:\/\/www.koronakarkonoszy.pl\/blog-dla-firm\/wp-content\/uploads\/2021\/08\/Przemowienie-na-jubileusz-firmy2.jpg 1920w, https:\/\/www.koronakarkonoszy.pl\/blog-dla-firm\/wp-content\/uploads\/2021\/08\/Przemowienie-na-jubileusz-firmy2-300x200.jpg 300w, https:\/\/www.koronakarkonoszy.pl\/blog-dla-firm\/wp-content\/uploads\/2021\/08\/Przemowienie-na-jubileusz-firmy2-1024x683.jpg 1024w, https:\/\/www.koronakarkonoszy.pl\/blog-dla-firm\/wp-content\/uploads\/2021\/08\/Przemowienie-na-jubileusz-firmy2-768x512.jpg 768w, https:\/\/www.koronakarkonoszy.pl\/blog-dla-firm\/wp-content\/uploads\/2021\/08\/Przemowienie-na-jubileusz-firmy2-1536x1024.jpg 1536w\" sizes=\"auto, (max-width: 1920px) 100vw, 1920px\" \/>            <\/div>\n<\/section>\n\n\n<p>Zanim si\u0105dziesz do pisania, uwierz, \u017ce Twoje przem\u00f3wienie na jubileusz firmy&nbsp;b\u0119dzie w stanie poruszy\u0107 ludzi, zainspirowa\u0107 ich i zach\u0119ci\u0107 do dzia\u0142ania, nawet tych, kt\u00f3rzy utracili nadziej\u0119. Ale to wszystko mo\u017cesz osi\u0105gn\u0105\u0107 dopiero, kiedy sam uwierzysz w siebie. Zmie\u0144 nastawienie, odrzu\u0107 l\u0119k przed krytyk\u0105 i wype\u0142nij umys\u0142 buduj\u0105cymi sformu\u0142owaniami pe\u0142nymi nadziei i si\u0142y.&nbsp;<\/p>\n\n\n\n<p>Je\u015bli zamierzasz opowiada\u0107 o sobie, niech to naprawd\u0119 b\u0119dzie co\u015b osobistego. Zabierz swoich s\u0142uchaczy w podr\u00f3\u017c. Przedstaw histori\u0119 swojej firmy tak, porywaj\u0105co, aby go\u015bcie zgromadzeni z okazji jubileuszu, wyobrazili&nbsp;sobie, \u017ce uczestnicz\u0105 we wszystkich opisywanych wydarzeniach. Z ka\u017cd\u0105 mark\u0105 i z ka\u017cdym produktem wi\u0105\u017ce si\u0119 jaka\u015b historia. Znajd\u017a j\u0105 i opowiedz innym. Dobrze opowiedziana historia przynosi przewag\u0119 konkurencyjn\u0105. Dobra narracja potrafi przekona\u0107 pracownik\u00f3w, \u017ce dzi\u0119ki realizowaniu wsp\u00f3lnego celu, mog\u0105 odnie\u015b\u0107 sw\u00f3j osobisty sukces.&nbsp;<\/p>\n\n\n\n<p>Jak zorganizowa\u0107 imprez\u0119 &#8211; zobacz <a href=\"https:\/\/www.koronakarkonoszy.pl\/blog-dla-firm\/konfigurator-imprez-firmowych\/\">konfigurator imprez<\/a><\/p>\n","protected":false},"excerpt":{"rendered":"<p>Ludzko\u015b\u0107 dzieli si\u0119 na tych, kt\u00f3rzy wiedz\u0105, ale nie m\u00f3wi\u0105 i na tych kt\u00f3rzy m\u00f3wi\u0105, ale nie widz\u0105. Planuj\u0105c jubileusz\u00a0istnienia firmy, musisz pami\u0119ta\u0107, \u017ce jednym z jego element\u00f3w b\u0119dzie wyg\u0142oszenie kilku zda\u0144 dla zebranych go\u015bci. Przem\u00f3wienie na jubileusz firmy powinno by\u0107 kr\u00f3tkie, tre\u015bciwe i wzbudzaj\u0105ce emocje zdania, kt\u00f3re g\u0142\u0119boko zapadaj\u0105 w pami\u0119ci odbiorc\u00f3w. Stanowi wa\u017cne [&hellip;]<\/p>\n","protected":false},"author":4,"featured_media":1001,"comment_status":"closed","ping_status":"closed","sticky":false,"template":"","format":"standard","meta":{"_acf_changed":false,"footnotes":""},"categories":[16,2],"class_list":["post-1000","post","type-post","status-publish","format-standard","has-post-thumbnail","hentry","category-imprezy-firmowe","category-porady"],"acf":[],"yoast_head":"<!-- This site is optimized with the Yoast SEO Premium plugin v27.5 (Yoast SEO v27.5) - https:\/\/yoast.com\/product\/yoast-seo-premium-wordpress\/ -->\n<title>Przem\u00f3wienie na jubileusz firmy, kt\u00f3re zauroczy Twoich go\u015bci - :: Blog dla firm - szkolenia, zarz\u0105dzanie zespo\u0142em, team building<\/title>\n<meta name=\"description\" content=\"Przem\u00f3wienie na jubileusz firmy powinno by\u0107 kr\u00f3tkie, tre\u015bciwe i wzbudzaj\u0105ce emocje zdania, kt\u00f3re g\u0142\u0119boko zapadaj\u0105 w pami\u0119ci odbiorc\u00f3w.\" \/>\n<meta name=\"robots\" content=\"index, follow, max-snippet:-1, max-image-preview:large, max-video-preview:-1\" \/>\n<link rel=\"canonical\" href=\"https:\/\/www.koronakarkonoszy.pl\/blog-dla-firm\/de\/rede-zum-firmenjubilaum\/\" \/>\n<meta property=\"og:locale\" content=\"de_DE\" \/>\n<meta property=\"og:type\" content=\"article\" \/>\n<meta property=\"og:title\" content=\"Przem\u00f3wienie na jubileusz firmy, kt\u00f3re zauroczy Twoich go\u015bci\" \/>\n<meta property=\"og:description\" content=\"Przem\u00f3wienie na jubileusz firmy powinno by\u0107 kr\u00f3tkie, tre\u015bciwe i wzbudzaj\u0105ce emocje zdania, kt\u00f3re g\u0142\u0119boko zapadaj\u0105 w pami\u0119ci odbiorc\u00f3w.\" \/>\n<meta property=\"og:url\" content=\"https:\/\/www.koronakarkonoszy.pl\/blog-dla-firm\/de\/rede-zum-firmenjubilaum\/\" \/>\n<meta property=\"og:site_name\" content=\":: Blog dla firm - szkolenia, zarz\u0105dzanie zespo\u0142em, team building\" \/>\n<meta property=\"article:published_time\" content=\"2021-08-27T06:49:00+00:00\" \/>\n<meta property=\"article:modified_time\" content=\"2024-05-30T15:29:25+00:00\" \/>\n<meta property=\"og:image\" content=\"https:\/\/www.koronakarkonoszy.pl\/blog-dla-firm\/wp-content\/uploads\/2021\/08\/Przemowienie-na-jubileusz-firmy.jpg\" \/>\n\t<meta property=\"og:image:width\" content=\"1280\" \/>\n\t<meta property=\"og:image:height\" content=\"853\" \/>\n\t<meta property=\"og:image:type\" content=\"image\/jpeg\" \/>\n<meta name=\"author\" content=\"Maria Szruba\" \/>\n<meta name=\"twitter:card\" content=\"summary_large_image\" \/>\n<meta name=\"twitter:label1\" content=\"Verfasst von\" \/>\n\t<meta name=\"twitter:data1\" content=\"Maria Szruba\" \/>\n\t<meta name=\"twitter:label2\" content=\"Gesch\u00e4tzte Lesezeit\" \/>\n\t<meta name=\"twitter:data2\" content=\"4\u00a0Minuten\" \/>\n<script type=\"application\/ld+json\" class=\"yoast-schema-graph\">{\"@context\":\"https:\\\/\\\/schema.org\",\"@graph\":[{\"@type\":\"Article\",\"@id\":\"https:\\\/\\\/www.koronakarkonoszy.pl\\\/blog-dla-firm\\\/przemowienie-na-jubileusz-firmy\\\/#article\",\"isPartOf\":{\"@id\":\"https:\\\/\\\/www.koronakarkonoszy.pl\\\/blog-dla-firm\\\/przemowienie-na-jubileusz-firmy\\\/\"},\"author\":{\"name\":\"Maria Szruba\",\"@id\":\"https:\\\/\\\/www.koronakarkonoszy.pl\\\/blog-dla-firm\\\/#\\\/schema\\\/person\\\/534aa22a9d8f007f1dee4909d6985b1b\"},\"headline\":\"Przem\u00f3wienie na jubileusz firmy, kt\u00f3re zauroczy Twoich go\u015bci\",\"datePublished\":\"2021-08-27T06:49:00+00:00\",\"dateModified\":\"2024-05-30T15:29:25+00:00\",\"mainEntityOfPage\":{\"@id\":\"https:\\\/\\\/www.koronakarkonoszy.pl\\\/blog-dla-firm\\\/przemowienie-na-jubileusz-firmy\\\/\"},\"wordCount\":791,\"image\":{\"@id\":\"https:\\\/\\\/www.koronakarkonoszy.pl\\\/blog-dla-firm\\\/przemowienie-na-jubileusz-firmy\\\/#primaryimage\"},\"thumbnailUrl\":\"https:\\\/\\\/www.koronakarkonoszy.pl\\\/blog-dla-firm\\\/wp-content\\\/uploads\\\/2021\\\/08\\\/Przemowienie-na-jubileusz-firmy.jpg\",\"articleSection\":[\"Imprezy firmowe\",\"Porady\"],\"inLanguage\":\"de\"},{\"@type\":\"WebPage\",\"@id\":\"https:\\\/\\\/www.koronakarkonoszy.pl\\\/blog-dla-firm\\\/przemowienie-na-jubileusz-firmy\\\/\",\"url\":\"https:\\\/\\\/www.koronakarkonoszy.pl\\\/blog-dla-firm\\\/przemowienie-na-jubileusz-firmy\\\/\",\"name\":\"Przem\u00f3wienie na jubileusz firmy, kt\u00f3re zauroczy Twoich go\u015bci - :: Blog dla firm - szkolenia, zarz\u0105dzanie zespo\u0142em, team building\",\"isPartOf\":{\"@id\":\"https:\\\/\\\/www.koronakarkonoszy.pl\\\/blog-dla-firm\\\/#website\"},\"primaryImageOfPage\":{\"@id\":\"https:\\\/\\\/www.koronakarkonoszy.pl\\\/blog-dla-firm\\\/przemowienie-na-jubileusz-firmy\\\/#primaryimage\"},\"image\":{\"@id\":\"https:\\\/\\\/www.koronakarkonoszy.pl\\\/blog-dla-firm\\\/przemowienie-na-jubileusz-firmy\\\/#primaryimage\"},\"thumbnailUrl\":\"https:\\\/\\\/www.koronakarkonoszy.pl\\\/blog-dla-firm\\\/wp-content\\\/uploads\\\/2021\\\/08\\\/Przemowienie-na-jubileusz-firmy.jpg\",\"datePublished\":\"2021-08-27T06:49:00+00:00\",\"dateModified\":\"2024-05-30T15:29:25+00:00\",\"author\":{\"@id\":\"https:\\\/\\\/www.koronakarkonoszy.pl\\\/blog-dla-firm\\\/#\\\/schema\\\/person\\\/534aa22a9d8f007f1dee4909d6985b1b\"},\"description\":\"Przem\u00f3wienie na jubileusz firmy powinno by\u0107 kr\u00f3tkie, tre\u015bciwe i wzbudzaj\u0105ce emocje zdania, kt\u00f3re g\u0142\u0119boko zapadaj\u0105 w pami\u0119ci odbiorc\u00f3w.\",\"breadcrumb\":{\"@id\":\"https:\\\/\\\/www.koronakarkonoszy.pl\\\/blog-dla-firm\\\/przemowienie-na-jubileusz-firmy\\\/#breadcrumb\"},\"inLanguage\":\"de\",\"potentialAction\":[{\"@type\":\"ReadAction\",\"target\":[\"https:\\\/\\\/www.koronakarkonoszy.pl\\\/blog-dla-firm\\\/przemowienie-na-jubileusz-firmy\\\/\"]}]},{\"@type\":\"ImageObject\",\"inLanguage\":\"de\",\"@id\":\"https:\\\/\\\/www.koronakarkonoszy.pl\\\/blog-dla-firm\\\/przemowienie-na-jubileusz-firmy\\\/#primaryimage\",\"url\":\"https:\\\/\\\/www.koronakarkonoszy.pl\\\/blog-dla-firm\\\/wp-content\\\/uploads\\\/2021\\\/08\\\/Przemowienie-na-jubileusz-firmy.jpg\",\"contentUrl\":\"https:\\\/\\\/www.koronakarkonoszy.pl\\\/blog-dla-firm\\\/wp-content\\\/uploads\\\/2021\\\/08\\\/Przemowienie-na-jubileusz-firmy.jpg\",\"width\":1280,\"height\":853,\"caption\":\"Przem\u00f3wienie na jubileusz firmy\"},{\"@type\":\"BreadcrumbList\",\"@id\":\"https:\\\/\\\/www.koronakarkonoszy.pl\\\/blog-dla-firm\\\/przemowienie-na-jubileusz-firmy\\\/#breadcrumb\",\"itemListElement\":[{\"@type\":\"ListItem\",\"position\":1,\"name\":\"Strona g\u0142\u00f3wna\",\"item\":\"https:\\\/\\\/www.koronakarkonoszy.pl\\\/blog-dla-firm\\\/\"},{\"@type\":\"ListItem\",\"position\":2,\"name\":\"Przem\u00f3wienie na jubileusz firmy, kt\u00f3re zauroczy Twoich go\u015bci\"}]},{\"@type\":\"WebSite\",\"@id\":\"https:\\\/\\\/www.koronakarkonoszy.pl\\\/blog-dla-firm\\\/#website\",\"url\":\"https:\\\/\\\/www.koronakarkonoszy.pl\\\/blog-dla-firm\\\/\",\"name\":\":: Blog dla firm - szkolenia, zarz\u0105dzanie zespo\u0142em, team building\",\"description\":\"\",\"potentialAction\":[{\"@type\":\"SearchAction\",\"target\":{\"@type\":\"EntryPoint\",\"urlTemplate\":\"https:\\\/\\\/www.koronakarkonoszy.pl\\\/blog-dla-firm\\\/?s={search_term_string}\"},\"query-input\":{\"@type\":\"PropertyValueSpecification\",\"valueRequired\":true,\"valueName\":\"search_term_string\"}}],\"inLanguage\":\"de\"},{\"@type\":\"Person\",\"@id\":\"https:\\\/\\\/www.koronakarkonoszy.pl\\\/blog-dla-firm\\\/#\\\/schema\\\/person\\\/534aa22a9d8f007f1dee4909d6985b1b\",\"name\":\"Maria Szruba\",\"image\":{\"@type\":\"ImageObject\",\"inLanguage\":\"de\",\"@id\":\"https:\\\/\\\/www.koronakarkonoszy.pl\\\/blog-dla-firm\\\/wp-content\\\/litespeed\\\/avatar\\\/d0fe7fde2b2277621e0a2904789bab14.jpg?ver=1777451721\",\"url\":\"https:\\\/\\\/www.koronakarkonoszy.pl\\\/blog-dla-firm\\\/wp-content\\\/litespeed\\\/avatar\\\/d0fe7fde2b2277621e0a2904789bab14.jpg?ver=1777451721\",\"contentUrl\":\"https:\\\/\\\/www.koronakarkonoszy.pl\\\/blog-dla-firm\\\/wp-content\\\/litespeed\\\/avatar\\\/d0fe7fde2b2277621e0a2904789bab14.jpg?ver=1777451721\",\"caption\":\"Maria Szruba\"},\"url\":\"https:\\\/\\\/www.koronakarkonoszy.pl\\\/blog-dla-firm\\\/de\\\/author\\\/m-szruba\\\/\"}]}<\/script>\n<!-- \/ Yoast SEO Premium plugin. -->","yoast_head_json":{"title":"Eine Rede zum Firmenjubil\u00e4um, die Ihre G\u00e4ste begeistern wird - :: Blog f\u00fcr Unternehmen - Schulung, Teammanagement, Teambuilding","description":"Die Rede zum Firmenjubil\u00e4um soll kurz, pr\u00e4gnant und emotional sein, die den Adressaten nachhaltig in Erinnerung bleiben.","robots":{"index":"index","follow":"follow","max-snippet":"max-snippet:-1","max-image-preview":"max-image-preview:large","max-video-preview":"max-video-preview:-1"},"canonical":"https:\/\/www.koronakarkonoszy.pl\/blog-dla-firm\/de\/rede-zum-firmenjubilaum\/","og_locale":"de_DE","og_type":"article","og_title":"Przem\u00f3wienie na jubileusz firmy, kt\u00f3re zauroczy Twoich go\u015bci","og_description":"Przem\u00f3wienie na jubileusz firmy powinno by\u0107 kr\u00f3tkie, tre\u015bciwe i wzbudzaj\u0105ce emocje zdania, kt\u00f3re g\u0142\u0119boko zapadaj\u0105 w pami\u0119ci odbiorc\u00f3w.","og_url":"https:\/\/www.koronakarkonoszy.pl\/blog-dla-firm\/de\/rede-zum-firmenjubilaum\/","og_site_name":":: Blog dla firm - szkolenia, zarz\u0105dzanie zespo\u0142em, team building","article_published_time":"2021-08-27T06:49:00+00:00","article_modified_time":"2024-05-30T15:29:25+00:00","og_image":[{"width":1280,"height":853,"url":"https:\/\/www.koronakarkonoszy.pl\/blog-dla-firm\/wp-content\/uploads\/2021\/08\/Przemowienie-na-jubileusz-firmy.jpg","type":"image\/jpeg"}],"author":"Maria Szruba","twitter_card":"summary_large_image","twitter_misc":{"Verfasst von":"Maria Szruba","Gesch\u00e4tzte Lesezeit":"4\u00a0Minuten"},"schema":{"@context":"https:\/\/schema.org","@graph":[{"@type":"Article","@id":"https:\/\/www.koronakarkonoszy.pl\/blog-dla-firm\/przemowienie-na-jubileusz-firmy\/#article","isPartOf":{"@id":"https:\/\/www.koronakarkonoszy.pl\/blog-dla-firm\/przemowienie-na-jubileusz-firmy\/"},"author":{"name":"Maria Szruba","@id":"https:\/\/www.koronakarkonoszy.pl\/blog-dla-firm\/#\/schema\/person\/534aa22a9d8f007f1dee4909d6985b1b"},"headline":"Przem\u00f3wienie na jubileusz firmy, kt\u00f3re zauroczy Twoich go\u015bci","datePublished":"2021-08-27T06:49:00+00:00","dateModified":"2024-05-30T15:29:25+00:00","mainEntityOfPage":{"@id":"https:\/\/www.koronakarkonoszy.pl\/blog-dla-firm\/przemowienie-na-jubileusz-firmy\/"},"wordCount":791,"image":{"@id":"https:\/\/www.koronakarkonoszy.pl\/blog-dla-firm\/przemowienie-na-jubileusz-firmy\/#primaryimage"},"thumbnailUrl":"https:\/\/www.koronakarkonoszy.pl\/blog-dla-firm\/wp-content\/uploads\/2021\/08\/Przemowienie-na-jubileusz-firmy.jpg","articleSection":["Imprezy firmowe","Porady"],"inLanguage":"de"},{"@type":"WebPage","@id":"https:\/\/www.koronakarkonoszy.pl\/blog-dla-firm\/przemowienie-na-jubileusz-firmy\/","url":"https:\/\/www.koronakarkonoszy.pl\/blog-dla-firm\/przemowienie-na-jubileusz-firmy\/","name":"Eine Rede zum Firmenjubil\u00e4um, die Ihre G\u00e4ste begeistern wird - :: Blog f\u00fcr Unternehmen - Schulung, Teammanagement, Teambuilding","isPartOf":{"@id":"https:\/\/www.koronakarkonoszy.pl\/blog-dla-firm\/#website"},"primaryImageOfPage":{"@id":"https:\/\/www.koronakarkonoszy.pl\/blog-dla-firm\/przemowienie-na-jubileusz-firmy\/#primaryimage"},"image":{"@id":"https:\/\/www.koronakarkonoszy.pl\/blog-dla-firm\/przemowienie-na-jubileusz-firmy\/#primaryimage"},"thumbnailUrl":"https:\/\/www.koronakarkonoszy.pl\/blog-dla-firm\/wp-content\/uploads\/2021\/08\/Przemowienie-na-jubileusz-firmy.jpg","datePublished":"2021-08-27T06:49:00+00:00","dateModified":"2024-05-30T15:29:25+00:00","author":{"@id":"https:\/\/www.koronakarkonoszy.pl\/blog-dla-firm\/#\/schema\/person\/534aa22a9d8f007f1dee4909d6985b1b"},"description":"Die Rede zum Firmenjubil\u00e4um soll kurz, pr\u00e4gnant und emotional sein, die den Adressaten nachhaltig in Erinnerung bleiben.","breadcrumb":{"@id":"https:\/\/www.koronakarkonoszy.pl\/blog-dla-firm\/przemowienie-na-jubileusz-firmy\/#breadcrumb"},"inLanguage":"de","potentialAction":[{"@type":"ReadAction","target":["https:\/\/www.koronakarkonoszy.pl\/blog-dla-firm\/przemowienie-na-jubileusz-firmy\/"]}]},{"@type":"ImageObject","inLanguage":"de","@id":"https:\/\/www.koronakarkonoszy.pl\/blog-dla-firm\/przemowienie-na-jubileusz-firmy\/#primaryimage","url":"https:\/\/www.koronakarkonoszy.pl\/blog-dla-firm\/wp-content\/uploads\/2021\/08\/Przemowienie-na-jubileusz-firmy.jpg","contentUrl":"https:\/\/www.koronakarkonoszy.pl\/blog-dla-firm\/wp-content\/uploads\/2021\/08\/Przemowienie-na-jubileusz-firmy.jpg","width":1280,"height":853,"caption":"Przem\u00f3wienie na jubileusz firmy"},{"@type":"BreadcrumbList","@id":"https:\/\/www.koronakarkonoszy.pl\/blog-dla-firm\/przemowienie-na-jubileusz-firmy\/#breadcrumb","itemListElement":[{"@type":"ListItem","position":1,"name":"Strona g\u0142\u00f3wna","item":"https:\/\/www.koronakarkonoszy.pl\/blog-dla-firm\/"},{"@type":"ListItem","position":2,"name":"Przem\u00f3wienie na jubileusz firmy, kt\u00f3re zauroczy Twoich go\u015bci"}]},{"@type":"WebSite","@id":"https:\/\/www.koronakarkonoszy.pl\/blog-dla-firm\/#website","url":"https:\/\/www.koronakarkonoszy.pl\/blog-dla-firm\/","name":":: Blog f\u00fcr Unternehmen \u2013 Schulung, Teammanagement, Teambuilding","description":"","potentialAction":[{"@type":"SearchAction","target":{"@type":"EntryPoint","urlTemplate":"https:\/\/www.koronakarkonoszy.pl\/blog-dla-firm\/?s={search_term_string}"},"query-input":{"@type":"PropertyValueSpecification","valueRequired":true,"valueName":"search_term_string"}}],"inLanguage":"de"},{"@type":"Person","@id":"https:\/\/www.koronakarkonoszy.pl\/blog-dla-firm\/#\/schema\/person\/534aa22a9d8f007f1dee4909d6985b1b","name":"Maria Szruba","image":{"@type":"ImageObject","inLanguage":"de","@id":"https:\/\/www.koronakarkonoszy.pl\/blog-dla-firm\/wp-content\/litespeed\/avatar\/d0fe7fde2b2277621e0a2904789bab14.jpg?ver=1777451721","url":"https:\/\/www.koronakarkonoszy.pl\/blog-dla-firm\/wp-content\/litespeed\/avatar\/d0fe7fde2b2277621e0a2904789bab14.jpg?ver=1777451721","contentUrl":"https:\/\/www.koronakarkonoszy.pl\/blog-dla-firm\/wp-content\/litespeed\/avatar\/d0fe7fde2b2277621e0a2904789bab14.jpg?ver=1777451721","caption":"Maria Szruba"},"url":"https:\/\/www.koronakarkonoszy.pl\/blog-dla-firm\/de\/author\/m-szruba\/"}]}},"_links":{"self":[{"href":"https:\/\/www.koronakarkonoszy.pl\/blog-dla-firm\/de\/wp-json\/wp\/v2\/posts\/1000","targetHints":{"allow":["GET"]}}],"collection":[{"href":"https:\/\/www.koronakarkonoszy.pl\/blog-dla-firm\/de\/wp-json\/wp\/v2\/posts"}],"about":[{"href":"https:\/\/www.koronakarkonoszy.pl\/blog-dla-firm\/de\/wp-json\/wp\/v2\/types\/post"}],"author":[{"embeddable":true,"href":"https:\/\/www.koronakarkonoszy.pl\/blog-dla-firm\/de\/wp-json\/wp\/v2\/users\/4"}],"replies":[{"embeddable":true,"href":"https:\/\/www.koronakarkonoszy.pl\/blog-dla-firm\/de\/wp-json\/wp\/v2\/comments?post=1000"}],"version-history":[{"count":2,"href":"https:\/\/www.koronakarkonoszy.pl\/blog-dla-firm\/de\/wp-json\/wp\/v2\/posts\/1000\/revisions"}],"predecessor-version":[{"id":9966,"href":"https:\/\/www.koronakarkonoszy.pl\/blog-dla-firm\/de\/wp-json\/wp\/v2\/posts\/1000\/revisions\/9966"}],"wp:featuredmedia":[{"embeddable":true,"href":"https:\/\/www.koronakarkonoszy.pl\/blog-dla-firm\/de\/wp-json\/wp\/v2\/media\/1001"}],"wp:attachment":[{"href":"https:\/\/www.koronakarkonoszy.pl\/blog-dla-firm\/de\/wp-json\/wp\/v2\/media?parent=1000"}],"wp:term":[{"taxonomy":"category","embeddable":true,"href":"https:\/\/www.koronakarkonoszy.pl\/blog-dla-firm\/de\/wp-json\/wp\/v2\/categories?post=1000"}],"curies":[{"name":"wp","href":"https:\/\/api.w.org\/{rel}","templated":true}]}}