{"id":5013,"date":"2022-11-02T11:46:27","date_gmt":"2022-11-02T10:46:27","guid":{"rendered":"https:\/\/www.koronakarkonoszy.pl\/blog-atrakcje\/?p=5013"},"modified":"2023-02-20T13:11:51","modified_gmt":"2023-02-20T12:11:51","slug":"glowny-szlak-sudecki","status":"publish","type":"post","link":"https:\/\/www.koronakarkonoszy.pl\/blog-atrakcje\/glowny-szlak-sudecki\/","title":{"rendered":"Szlak im. M. Or\u0142owicza &#8211; G\u0142\u00f3wny Szlak Sudecki"},"content":{"rendered":"\n<p>Szlak im. M. Or\u0142owicza &#8211; G\u0142\u00f3wny Szlak Sudecki jest to ciesz\u0105cy si\u0119 spor\u0105 popularno\u015bci\u0105 szlak turystyczny oznaczony kolorem czerwonym. Szlak rozci\u0105ga si\u0119 przez ca\u0142e Sudety. Jest to po G\u0142\u00f3wnym Szlaku Beskidzkim drugi najd\u0142u\u017cszy szlak w polskich g\u00f3rach. Liczy oko\u0142o 440 km. W rekordowym tempie 82 godzin i 46 minut pokona\u0142 go ultra marato\u0144czyk, Rafa\u0142 Bielawa. Jednak zwyk\u0142y turysta potrzebuje na to du\u017co wi\u0119cej czasu. Wed\u0142ug informacji zawartych w przewodnikach, na przej\u015bcie szlaku warto zarezerwowa\u0107 oko\u0142o 120 godzin, co przek\u0142ada si\u0119 na 14 dni spokojnej w\u0119dr\u00f3wki.<\/p>\n\n\n\n<h2 class=\"wp-block-heading\" id=\"ha-historia-szlaku\">Historia szlaku<\/h2>\n\n\n\n<p>Pomys\u0142odawc\u0105 szlaku by\u0142 Mieczys\u0142aw Or\u0142owicz, wybitny dzia\u0142acz turystyczny i krajoznawca. Pomys\u0142 na wyznaczenie szlaku pojawi\u0142 si\u0119 w 1947 roku. Celem jego stworzenia by\u0142o umo\u017cliwienie przej\u015bcia wi\u0119kszo\u015bci pasm g\u00f3rskich i zdobycie najciekawszych szczyt\u00f3w Sudet\u00f3w. Szlak omin\u0105\u0142 niestety \u015anie\u017ck\u0119 i \u015anie\u017cnik, z racji tego, \u017ce znajdowa\u0142y si\u0119 one w \u00f3wczesnej strefie przygranicznej, kt\u00f3ra by\u0142a wtedy wyj\u0105tkowo pilnie strze\u017cona.<\/p>\n\n\n\n<p>Szlak zosta\u0142 przed\u0142u\u017cony w 2009 roku, d\u0142ugo po \u015bmierci jego pomys\u0142odawcy.<\/p>\n\n\n<div class=\"wp-block-image\">\n<figure class=\"aligncenter size-full is-resized\"><img loading=\"lazy\" decoding=\"async\" src=\"https:\/\/www.koronakarkonoszy.pl\/blog-atrakcje\/wp-content\/uploads\/2022\/11\/Szlak-im.-M.-Orlowicza-Glowny-Szlak-Sudecki.jpg\" alt=\"\" class=\"wp-image-5015\" width=\"681\" height=\"383\" srcset=\"https:\/\/www.koronakarkonoszy.pl\/blog-atrakcje\/wp-content\/uploads\/2022\/11\/Szlak-im.-M.-Orlowicza-Glowny-Szlak-Sudecki.jpg 1000w, https:\/\/www.koronakarkonoszy.pl\/blog-atrakcje\/wp-content\/uploads\/2022\/11\/Szlak-im.-M.-Orlowicza-Glowny-Szlak-Sudecki-300x169.jpg 300w, https:\/\/www.koronakarkonoszy.pl\/blog-atrakcje\/wp-content\/uploads\/2022\/11\/Szlak-im.-M.-Orlowicza-Glowny-Szlak-Sudecki-768x433.jpg 768w\" sizes=\"auto, (max-width: 681px) 100vw, 681px\" \/><\/figure>\n<\/div>\n\n\n<h2 class=\"wp-block-heading\" id=\"ha-jak-zaatakowac-glowny-szlak-sudecki\">Jak zaatakowa\u0107 G\u0142\u00f3wny Szlak Sudecki?<\/h2>\n\n\n\n<p>W ci\u0105gu wielu lat przebieg szlaku zosta\u0142 nieco zmodyfikowany. Obecnie w\u0119dr\u00f3wka rozpoczyna si\u0119 w G\u00f3rach Izerskich w wojew\u00f3dztwie dolno\u015bl\u0105skim, a konkretnie w \u015awieradowie-Zdroju i prowadzi a\u017c do Prudnika w G\u00f3rach Opawskich w wojew\u00f3dztwie opolskim. <strong>Szlak im. M. Or\u0142owicza &#8211; G\u0142\u00f3wny Szlak Sudecki <\/strong>mo\u017cna pokona\u0107 w obu kierunkach.<\/p>\n\n\n\n<p>Na trasie szlaku znajduj\u0105 si\u0119 liczne atrakcje i schroniska turystyczne. Jest te\u017c wiele odcink\u00f3w asfaltowych. Ca\u0142y szlak nie nale\u017cy do trudnych, jednak do jego przej\u015bcia, warto mie\u0107 kondycj\u0119 d\u0142ugodystansowca. Najciekawsza atrakcje, jakie mija si\u0119 po drodze to <a href=\"https:\/\/www.koronakarkonoszy.pl\/blog-atrakcje\/wodospad-kamienczyka\/\">Wodospad Kamie\u0144czyka<\/a>, <a href=\"https:\/\/www.koronakarkonoszy.pl\/blog-atrakcje\/kopalnia-zlota-zloty-stok\/\">Kopalnia Z\u0142ota Z\u0142oty Stok<\/a> oraz <a href=\"https:\/\/www.koronakarkonoszy.pl\/blog-atrakcje\/twierdza-srebrna-gora\/\">Twierdza Srebrna G\u00f3ra<\/a>.<\/p>\n\n\n\n<h2 class=\"wp-block-heading\" id=\"ha-szlak-im-m-orlowicza-glowny-szlak-sudecki-odznaka\">Szlak im. M. Or\u0142owicza &#8211; G\u0142\u00f3wny Szlak Sudecki \u2013 odznaka<\/h2>\n\n\n\n<p>PTTK ustanowi\u0142o specjaln\u0105 odznak\u0119 turystyczn\u0105 dla os\u00f3b, kt\u00f3re pokonaj\u0105 tras\u0119 w mniej ni\u017c 18 dni. Ka\u017cdy, kto chce uzyska\u0107 odznak\u0119, powinien okaza\u0107 na potwierdzenie przej\u015bcia wbite do ksi\u0105\u017ceczki GOT PTTK piecz\u0105tki.<\/p>\n\n\n\n<h2 class=\"wp-block-heading\" id=\"ha-dojazd-z-dwor-korona-karkonoszy\">Dojazd z Dw\u00f3r Korona Karkonoszy<\/h2>\n\n\n<style>\n    .destination_map{\n        margin: 1.5em 0;\n    }\n    body:not(.wp-admin) .admin {\n        display: none;\n    }\n    .map {\n        max-width: 800px;\n        height: 400px;\n    }\n    .wp-admin .map {\n        display: none;\n    }\n<\/style>\n\n<div id=\"destination_map-block_85351f3d93ed42a765ae54d7fab48d01\" class=\"destination_map\">\n    <div class=\"destinationmap-body admin\" style=\"background-color: lightblue;\">\n                Mapa dojazdu\n    <\/div>\n    <div id=\"block_85351f3d93ed42a765ae54d7fab48d01\" class=\"map\"><\/div>\n<\/div>\n\n<script>\n    (function($){\n\n    function mapLocation() {\n      var directionsDisplay;\n      var directionsService = new google.maps.DirectionsService();\n      var map;\n\n      function initialize() {\n        directionsDisplay = new google.maps.DirectionsRenderer();\n        var korona = new google.maps.LatLng(50.81947934480897, 15.721371130683515);\n        var mapOptions = {\n          zoom: 13,\n          center: korona\n        };\n        map = new google.maps.Map(document.getElementById('block_85351f3d93ed42a765ae54d7fab48d01'), mapOptions);\n        directionsDisplay.setMap(map);\n      \n        var start = new google.maps.LatLng(50.81947934480897, 15.721371130683515);\n        var end = new google.maps.LatLng(50.811126, 15.8735687);\n        var request = {\n          origin: start,\n          destination: end,\n          travelMode: google.maps.TravelMode.DRIVING\n        };\n        directionsService.route(request, function(response, status) {\n          if (status == google.maps.DirectionsStatus.OK) {\n            directionsDisplay.setDirections(response);\n            directionsDisplay.setMap(map);\n          } else {\n            alert(\"Directions Request from \" + start.toUrlValue(6) + \" to \" + end.toUrlValue(6) + \" failed: \" + status);\n          }\n        });\n      }\n\n      google.maps.event.addDomListener(window, 'load', initialize);\n    }\n    mapLocation();\n\n})(jQuery);\n\n\n<\/script>","protected":false},"excerpt":{"rendered":"<p>Szlak im. M. Or\u0142owicza &#8211; G\u0142\u00f3wny Szlak Sudecki jest to ciesz\u0105cy si\u0119 spor\u0105 popularno\u015bci\u0105 szlak turystyczny oznaczony kolorem czerwonym. Szlak rozci\u0105ga si\u0119 przez ca\u0142e Sudety. Jest to po G\u0142\u00f3wnym Szlaku Beskidzkim drugi najd\u0142u\u017cszy szlak w polskich g\u00f3rach. Liczy oko\u0142o 440 km. W rekordowym tempie 82 godzin i 46 minut pokona\u0142 go ultra marato\u0144czyk, Rafa\u0142 Bielawa. [&hellip;]<\/p>\n","protected":false},"author":4,"featured_media":5014,"comment_status":"open","ping_status":"open","sticky":false,"template":"","format":"standard","meta":{"_acf_changed":false,"footnotes":""},"categories":[11],"class_list":["post-5013","post","type-post","status-publish","format-standard","has-post-thumbnail","hentry","category-atrakcje-przyrodnicze"],"acf":{"Location_of_attractions":{"location":{"address":"G\u0142\u00f3wny Szlak Sudecki, Bukowiec, Polska","lat":50.8248437,"lng":15.824146,"zoom":14,"place_id":"EihHxYLDs3dueSBTemxhayBTdWRlY2tpLCBCdWtvd2llYywgUG9sYW5kIi4qLAoUChIJpYsXugPpDkcR8z5njnwn5gMSFAoSCeFFEq2c5g5HERJ78CU1LMlZ","street_name":"G\u0142\u00f3wny Szlak Sudecki","street_name_short":"GSS","city":"Bukowiec","state":"Dolno\u015bl\u0105skie","country":"Polska","country_short":"PL"},"categories":["krajobrazy","przyrodnicze"]}},"yoast_head":"<!-- This site is optimized with the Yoast SEO plugin v27.4 - https:\/\/yoast.com\/product\/yoast-seo-wordpress\/ -->\n<title>Szlak im. M. Or\u0142owicza - G\u0142\u00f3wny Szlak Sudecki - :: DKK Atrakcje<\/title>\n<meta name=\"description\" content=\"Szlak im. M. Or\u0142owicza - G\u0142\u00f3wny Szlak Sudecki jest to ciesz\u0105cy si\u0119 spor\u0105 popularno\u015bci\u0105 szlak turystyczny. Co przyci\u0105ga turyst\u00f3w?\" \/>\n<meta name=\"robots\" content=\"index, follow, max-snippet:-1, max-image-preview:large, max-video-preview:-1\" \/>\n<link rel=\"canonical\" href=\"https:\/\/www.koronakarkonoszy.pl\/blog-atrakcje\/glowny-szlak-sudecki\/\" \/>\n<meta property=\"og:locale\" content=\"pl_PL\" \/>\n<meta property=\"og:type\" content=\"article\" \/>\n<meta property=\"og:title\" content=\"Szlak im. M. Or\u0142owicza - G\u0142\u00f3wny Szlak Sudecki - :: DKK Atrakcje\" \/>\n<meta property=\"og:description\" content=\"Szlak im. M. Or\u0142owicza - G\u0142\u00f3wny Szlak Sudecki jest to ciesz\u0105cy si\u0119 spor\u0105 popularno\u015bci\u0105 szlak turystyczny. Co przyci\u0105ga turyst\u00f3w?\" \/>\n<meta property=\"og:url\" content=\"https:\/\/www.koronakarkonoszy.pl\/blog-atrakcje\/glowny-szlak-sudecki\/\" \/>\n<meta property=\"og:site_name\" content=\":: DKK Atrakcje\" \/>\n<meta property=\"article:published_time\" content=\"2022-11-02T10:46:27+00:00\" \/>\n<meta property=\"article:modified_time\" content=\"2023-02-20T12:11:51+00:00\" \/>\n<meta property=\"og:image\" content=\"https:\/\/www.koronakarkonoszy.pl\/blog-atrakcje\/wp-content\/uploads\/2022\/11\/Glowny-Szlak-Sudecki.jpg\" \/>\n\t<meta property=\"og:image:width\" content=\"1000\" \/>\n\t<meta property=\"og:image:height\" content=\"667\" \/>\n\t<meta property=\"og:image:type\" content=\"image\/jpeg\" \/>\n<meta name=\"author\" content=\"Maria Szruba\" \/>\n<meta name=\"twitter:card\" content=\"summary_large_image\" \/>\n<meta name=\"twitter:label1\" content=\"Napisane przez\" \/>\n\t<meta name=\"twitter:data1\" content=\"Maria Szruba\" \/>\n\t<meta name=\"twitter:label2\" content=\"Szacowany czas czytania\" \/>\n\t<meta name=\"twitter:data2\" content=\"2 minuty\" \/>\n<script type=\"application\/ld+json\" class=\"yoast-schema-graph\">{\"@context\":\"https:\\\/\\\/schema.org\",\"@graph\":[{\"@type\":\"Article\",\"@id\":\"https:\\\/\\\/www.koronakarkonoszy.pl\\\/blog-atrakcje\\\/glowny-szlak-sudecki\\\/#article\",\"isPartOf\":{\"@id\":\"https:\\\/\\\/www.koronakarkonoszy.pl\\\/blog-atrakcje\\\/glowny-szlak-sudecki\\\/\"},\"author\":{\"name\":\"Maria Szruba\",\"@id\":\"https:\\\/\\\/www.koronakarkonoszy.pl\\\/blog-atrakcje\\\/#\\\/schema\\\/person\\\/be5a29e52e1ce4748a1555437fcf1de4\"},\"headline\":\"Szlak im. M. Or\u0142owicza &#8211; G\u0142\u00f3wny Szlak Sudecki\",\"datePublished\":\"2022-11-02T10:46:27+00:00\",\"dateModified\":\"2023-02-20T12:11:51+00:00\",\"mainEntityOfPage\":{\"@id\":\"https:\\\/\\\/www.koronakarkonoszy.pl\\\/blog-atrakcje\\\/glowny-szlak-sudecki\\\/\"},\"wordCount\":376,\"commentCount\":0,\"image\":{\"@id\":\"https:\\\/\\\/www.koronakarkonoszy.pl\\\/blog-atrakcje\\\/glowny-szlak-sudecki\\\/#primaryimage\"},\"thumbnailUrl\":\"https:\\\/\\\/www.koronakarkonoszy.pl\\\/blog-atrakcje\\\/wp-content\\\/uploads\\\/2022\\\/11\\\/Glowny-Szlak-Sudecki.jpg\",\"articleSection\":[\"Atrakcje przyrodnicze\"],\"inLanguage\":\"pl-PL\",\"potentialAction\":[{\"@type\":\"CommentAction\",\"name\":\"Comment\",\"target\":[\"https:\\\/\\\/www.koronakarkonoszy.pl\\\/blog-atrakcje\\\/glowny-szlak-sudecki\\\/#respond\"]}]},{\"@type\":\"WebPage\",\"@id\":\"https:\\\/\\\/www.koronakarkonoszy.pl\\\/blog-atrakcje\\\/glowny-szlak-sudecki\\\/\",\"url\":\"https:\\\/\\\/www.koronakarkonoszy.pl\\\/blog-atrakcje\\\/glowny-szlak-sudecki\\\/\",\"name\":\"Szlak im. M. Or\u0142owicza - G\u0142\u00f3wny Szlak Sudecki - :: DKK Atrakcje\",\"isPartOf\":{\"@id\":\"https:\\\/\\\/www.koronakarkonoszy.pl\\\/blog-atrakcje\\\/#website\"},\"primaryImageOfPage\":{\"@id\":\"https:\\\/\\\/www.koronakarkonoszy.pl\\\/blog-atrakcje\\\/glowny-szlak-sudecki\\\/#primaryimage\"},\"image\":{\"@id\":\"https:\\\/\\\/www.koronakarkonoszy.pl\\\/blog-atrakcje\\\/glowny-szlak-sudecki\\\/#primaryimage\"},\"thumbnailUrl\":\"https:\\\/\\\/www.koronakarkonoszy.pl\\\/blog-atrakcje\\\/wp-content\\\/uploads\\\/2022\\\/11\\\/Glowny-Szlak-Sudecki.jpg\",\"datePublished\":\"2022-11-02T10:46:27+00:00\",\"dateModified\":\"2023-02-20T12:11:51+00:00\",\"author\":{\"@id\":\"https:\\\/\\\/www.koronakarkonoszy.pl\\\/blog-atrakcje\\\/#\\\/schema\\\/person\\\/be5a29e52e1ce4748a1555437fcf1de4\"},\"description\":\"Szlak im. M. Or\u0142owicza - G\u0142\u00f3wny Szlak Sudecki jest to ciesz\u0105cy si\u0119 spor\u0105 popularno\u015bci\u0105 szlak turystyczny. Co przyci\u0105ga turyst\u00f3w?\",\"breadcrumb\":{\"@id\":\"https:\\\/\\\/www.koronakarkonoszy.pl\\\/blog-atrakcje\\\/glowny-szlak-sudecki\\\/#breadcrumb\"},\"inLanguage\":\"pl-PL\",\"potentialAction\":[{\"@type\":\"ReadAction\",\"target\":[\"https:\\\/\\\/www.koronakarkonoszy.pl\\\/blog-atrakcje\\\/glowny-szlak-sudecki\\\/\"]}]},{\"@type\":\"ImageObject\",\"inLanguage\":\"pl-PL\",\"@id\":\"https:\\\/\\\/www.koronakarkonoszy.pl\\\/blog-atrakcje\\\/glowny-szlak-sudecki\\\/#primaryimage\",\"url\":\"https:\\\/\\\/www.koronakarkonoszy.pl\\\/blog-atrakcje\\\/wp-content\\\/uploads\\\/2022\\\/11\\\/Glowny-Szlak-Sudecki.jpg\",\"contentUrl\":\"https:\\\/\\\/www.koronakarkonoszy.pl\\\/blog-atrakcje\\\/wp-content\\\/uploads\\\/2022\\\/11\\\/Glowny-Szlak-Sudecki.jpg\",\"width\":1000,\"height\":667},{\"@type\":\"BreadcrumbList\",\"@id\":\"https:\\\/\\\/www.koronakarkonoszy.pl\\\/blog-atrakcje\\\/glowny-szlak-sudecki\\\/#breadcrumb\",\"itemListElement\":[{\"@type\":\"ListItem\",\"position\":1,\"name\":\"Strona g\u0142\u00f3wna\",\"item\":\"https:\\\/\\\/www.koronakarkonoszy.pl\\\/blog-atrakcje\\\/\"},{\"@type\":\"ListItem\",\"position\":2,\"name\":\"Szlak im. M. Or\u0142owicza &#8211; G\u0142\u00f3wny Szlak Sudecki\"}]},{\"@type\":\"WebSite\",\"@id\":\"https:\\\/\\\/www.koronakarkonoszy.pl\\\/blog-atrakcje\\\/#website\",\"url\":\"https:\\\/\\\/www.koronakarkonoszy.pl\\\/blog-atrakcje\\\/\",\"name\":\":: DKK Atrakcje\",\"description\":\"Atrakcje Dworu Korona Karkonoszy\",\"potentialAction\":[{\"@type\":\"SearchAction\",\"target\":{\"@type\":\"EntryPoint\",\"urlTemplate\":\"https:\\\/\\\/www.koronakarkonoszy.pl\\\/blog-atrakcje\\\/?s={search_term_string}\"},\"query-input\":{\"@type\":\"PropertyValueSpecification\",\"valueRequired\":true,\"valueName\":\"search_term_string\"}}],\"inLanguage\":\"pl-PL\"},{\"@type\":\"Person\",\"@id\":\"https:\\\/\\\/www.koronakarkonoszy.pl\\\/blog-atrakcje\\\/#\\\/schema\\\/person\\\/be5a29e52e1ce4748a1555437fcf1de4\",\"name\":\"Maria Szruba\",\"image\":{\"@type\":\"ImageObject\",\"inLanguage\":\"pl-PL\",\"@id\":\"https:\\\/\\\/www.koronakarkonoszy.pl\\\/blog-atrakcje\\\/wp-content\\\/litespeed\\\/avatar\\\/d0fe7fde2b2277621e0a2904789bab14.jpg?ver=1777427419\",\"url\":\"https:\\\/\\\/www.koronakarkonoszy.pl\\\/blog-atrakcje\\\/wp-content\\\/litespeed\\\/avatar\\\/d0fe7fde2b2277621e0a2904789bab14.jpg?ver=1777427419\",\"contentUrl\":\"https:\\\/\\\/www.koronakarkonoszy.pl\\\/blog-atrakcje\\\/wp-content\\\/litespeed\\\/avatar\\\/d0fe7fde2b2277621e0a2904789bab14.jpg?ver=1777427419\",\"caption\":\"Maria Szruba\"},\"url\":\"https:\\\/\\\/www.koronakarkonoszy.pl\\\/blog-atrakcje\\\/author\\\/m-szruba\\\/\"}]}<\/script>\n<!-- \/ Yoast SEO plugin. -->","yoast_head_json":{"title":"Szlak im. M. Or\u0142owicza - G\u0142\u00f3wny Szlak Sudecki - :: DKK Atrakcje","description":"Szlak im. M. Or\u0142owicza - G\u0142\u00f3wny Szlak Sudecki jest to ciesz\u0105cy si\u0119 spor\u0105 popularno\u015bci\u0105 szlak turystyczny. Co przyci\u0105ga turyst\u00f3w?","robots":{"index":"index","follow":"follow","max-snippet":"max-snippet:-1","max-image-preview":"max-image-preview:large","max-video-preview":"max-video-preview:-1"},"canonical":"https:\/\/www.koronakarkonoszy.pl\/blog-atrakcje\/glowny-szlak-sudecki\/","og_locale":"pl_PL","og_type":"article","og_title":"Szlak im. M. Or\u0142owicza - G\u0142\u00f3wny Szlak Sudecki - :: DKK Atrakcje","og_description":"Szlak im. M. Or\u0142owicza - G\u0142\u00f3wny Szlak Sudecki jest to ciesz\u0105cy si\u0119 spor\u0105 popularno\u015bci\u0105 szlak turystyczny. Co przyci\u0105ga turyst\u00f3w?","og_url":"https:\/\/www.koronakarkonoszy.pl\/blog-atrakcje\/glowny-szlak-sudecki\/","og_site_name":":: DKK Atrakcje","article_published_time":"2022-11-02T10:46:27+00:00","article_modified_time":"2023-02-20T12:11:51+00:00","og_image":[{"width":1000,"height":667,"url":"https:\/\/www.koronakarkonoszy.pl\/blog-atrakcje\/wp-content\/uploads\/2022\/11\/Glowny-Szlak-Sudecki.jpg","type":"image\/jpeg"}],"author":"Maria Szruba","twitter_card":"summary_large_image","twitter_misc":{"Napisane przez":"Maria Szruba","Szacowany czas czytania":"2 minuty"},"schema":{"@context":"https:\/\/schema.org","@graph":[{"@type":"Article","@id":"https:\/\/www.koronakarkonoszy.pl\/blog-atrakcje\/glowny-szlak-sudecki\/#article","isPartOf":{"@id":"https:\/\/www.koronakarkonoszy.pl\/blog-atrakcje\/glowny-szlak-sudecki\/"},"author":{"name":"Maria Szruba","@id":"https:\/\/www.koronakarkonoszy.pl\/blog-atrakcje\/#\/schema\/person\/be5a29e52e1ce4748a1555437fcf1de4"},"headline":"Szlak im. M. Or\u0142owicza &#8211; G\u0142\u00f3wny Szlak Sudecki","datePublished":"2022-11-02T10:46:27+00:00","dateModified":"2023-02-20T12:11:51+00:00","mainEntityOfPage":{"@id":"https:\/\/www.koronakarkonoszy.pl\/blog-atrakcje\/glowny-szlak-sudecki\/"},"wordCount":376,"commentCount":0,"image":{"@id":"https:\/\/www.koronakarkonoszy.pl\/blog-atrakcje\/glowny-szlak-sudecki\/#primaryimage"},"thumbnailUrl":"https:\/\/www.koronakarkonoszy.pl\/blog-atrakcje\/wp-content\/uploads\/2022\/11\/Glowny-Szlak-Sudecki.jpg","articleSection":["Atrakcje przyrodnicze"],"inLanguage":"pl-PL","potentialAction":[{"@type":"CommentAction","name":"Comment","target":["https:\/\/www.koronakarkonoszy.pl\/blog-atrakcje\/glowny-szlak-sudecki\/#respond"]}]},{"@type":"WebPage","@id":"https:\/\/www.koronakarkonoszy.pl\/blog-atrakcje\/glowny-szlak-sudecki\/","url":"https:\/\/www.koronakarkonoszy.pl\/blog-atrakcje\/glowny-szlak-sudecki\/","name":"Szlak im. M. Or\u0142owicza - G\u0142\u00f3wny Szlak Sudecki - :: DKK Atrakcje","isPartOf":{"@id":"https:\/\/www.koronakarkonoszy.pl\/blog-atrakcje\/#website"},"primaryImageOfPage":{"@id":"https:\/\/www.koronakarkonoszy.pl\/blog-atrakcje\/glowny-szlak-sudecki\/#primaryimage"},"image":{"@id":"https:\/\/www.koronakarkonoszy.pl\/blog-atrakcje\/glowny-szlak-sudecki\/#primaryimage"},"thumbnailUrl":"https:\/\/www.koronakarkonoszy.pl\/blog-atrakcje\/wp-content\/uploads\/2022\/11\/Glowny-Szlak-Sudecki.jpg","datePublished":"2022-11-02T10:46:27+00:00","dateModified":"2023-02-20T12:11:51+00:00","author":{"@id":"https:\/\/www.koronakarkonoszy.pl\/blog-atrakcje\/#\/schema\/person\/be5a29e52e1ce4748a1555437fcf1de4"},"description":"Szlak im. M. Or\u0142owicza - G\u0142\u00f3wny Szlak Sudecki jest to ciesz\u0105cy si\u0119 spor\u0105 popularno\u015bci\u0105 szlak turystyczny. Co przyci\u0105ga turyst\u00f3w?","breadcrumb":{"@id":"https:\/\/www.koronakarkonoszy.pl\/blog-atrakcje\/glowny-szlak-sudecki\/#breadcrumb"},"inLanguage":"pl-PL","potentialAction":[{"@type":"ReadAction","target":["https:\/\/www.koronakarkonoszy.pl\/blog-atrakcje\/glowny-szlak-sudecki\/"]}]},{"@type":"ImageObject","inLanguage":"pl-PL","@id":"https:\/\/www.koronakarkonoszy.pl\/blog-atrakcje\/glowny-szlak-sudecki\/#primaryimage","url":"https:\/\/www.koronakarkonoszy.pl\/blog-atrakcje\/wp-content\/uploads\/2022\/11\/Glowny-Szlak-Sudecki.jpg","contentUrl":"https:\/\/www.koronakarkonoszy.pl\/blog-atrakcje\/wp-content\/uploads\/2022\/11\/Glowny-Szlak-Sudecki.jpg","width":1000,"height":667},{"@type":"BreadcrumbList","@id":"https:\/\/www.koronakarkonoszy.pl\/blog-atrakcje\/glowny-szlak-sudecki\/#breadcrumb","itemListElement":[{"@type":"ListItem","position":1,"name":"Strona g\u0142\u00f3wna","item":"https:\/\/www.koronakarkonoszy.pl\/blog-atrakcje\/"},{"@type":"ListItem","position":2,"name":"Szlak im. M. Or\u0142owicza &#8211; G\u0142\u00f3wny Szlak Sudecki"}]},{"@type":"WebSite","@id":"https:\/\/www.koronakarkonoszy.pl\/blog-atrakcje\/#website","url":"https:\/\/www.koronakarkonoszy.pl\/blog-atrakcje\/","name":":: DKK Atrakcje","description":"Atrakcje Dworu Korona Karkonoszy","potentialAction":[{"@type":"SearchAction","target":{"@type":"EntryPoint","urlTemplate":"https:\/\/www.koronakarkonoszy.pl\/blog-atrakcje\/?s={search_term_string}"},"query-input":{"@type":"PropertyValueSpecification","valueRequired":true,"valueName":"search_term_string"}}],"inLanguage":"pl-PL"},{"@type":"Person","@id":"https:\/\/www.koronakarkonoszy.pl\/blog-atrakcje\/#\/schema\/person\/be5a29e52e1ce4748a1555437fcf1de4","name":"Maria Szruba","image":{"@type":"ImageObject","inLanguage":"pl-PL","@id":"https:\/\/www.koronakarkonoszy.pl\/blog-atrakcje\/wp-content\/litespeed\/avatar\/d0fe7fde2b2277621e0a2904789bab14.jpg?ver=1777427419","url":"https:\/\/www.koronakarkonoszy.pl\/blog-atrakcje\/wp-content\/litespeed\/avatar\/d0fe7fde2b2277621e0a2904789bab14.jpg?ver=1777427419","contentUrl":"https:\/\/www.koronakarkonoszy.pl\/blog-atrakcje\/wp-content\/litespeed\/avatar\/d0fe7fde2b2277621e0a2904789bab14.jpg?ver=1777427419","caption":"Maria Szruba"},"url":"https:\/\/www.koronakarkonoszy.pl\/blog-atrakcje\/author\/m-szruba\/"}]}},"_links":{"self":[{"href":"https:\/\/www.koronakarkonoszy.pl\/blog-atrakcje\/wp-json\/wp\/v2\/posts\/5013","targetHints":{"allow":["GET"]}}],"collection":[{"href":"https:\/\/www.koronakarkonoszy.pl\/blog-atrakcje\/wp-json\/wp\/v2\/posts"}],"about":[{"href":"https:\/\/www.koronakarkonoszy.pl\/blog-atrakcje\/wp-json\/wp\/v2\/types\/post"}],"author":[{"embeddable":true,"href":"https:\/\/www.koronakarkonoszy.pl\/blog-atrakcje\/wp-json\/wp\/v2\/users\/4"}],"replies":[{"embeddable":true,"href":"https:\/\/www.koronakarkonoszy.pl\/blog-atrakcje\/wp-json\/wp\/v2\/comments?post=5013"}],"version-history":[{"count":0,"href":"https:\/\/www.koronakarkonoszy.pl\/blog-atrakcje\/wp-json\/wp\/v2\/posts\/5013\/revisions"}],"wp:featuredmedia":[{"embeddable":true,"href":"https:\/\/www.koronakarkonoszy.pl\/blog-atrakcje\/wp-json\/wp\/v2\/media\/5014"}],"wp:attachment":[{"href":"https:\/\/www.koronakarkonoszy.pl\/blog-atrakcje\/wp-json\/wp\/v2\/media?parent=5013"}],"wp:term":[{"taxonomy":"category","embeddable":true,"href":"https:\/\/www.koronakarkonoszy.pl\/blog-atrakcje\/wp-json\/wp\/v2\/categories?post=5013"}],"curies":[{"name":"wp","href":"https:\/\/api.w.org\/{rel}","templated":true}]}}