{"id":4984,"date":"2023-05-12T18:19:28","date_gmt":"2023-05-12T16:19:28","guid":{"rendered":"https:\/\/www.koronakarkonoszy.pl\/blog-atrakcje\/?p=4984"},"modified":"2023-05-12T18:19:31","modified_gmt":"2023-05-12T16:19:31","slug":"park-zdrojowy-w-cieplicach","status":"publish","type":"post","link":"https:\/\/www.koronakarkonoszy.pl\/blog-atrakcje\/park-zdrojowy-w-cieplicach\/","title":{"rendered":"Park Zdrojowy w Cieplicach"},"content":{"rendered":"\n<p><strong>Po\u0142o\u017cony w s\u0142yn\u0105cej z w\u00f3d termalnych uzdrowiskowej cz\u0119\u015bci Jeleniej G\u00f3ry, Park Zdrojowy<\/strong> <strong>w Cieplicach to jedna z atrakcji regionu. Odzwierciedla styl ogrod\u00f3w angielskich, zachwycaj\u0105c sw\u0105 niepowtarzaln\u0105 urod\u0105 mieszka\u0144c\u00f3w i turyst\u00f3w.<\/strong><\/p>\n\n\n<div id=\"ariadna-block_9b68f8fda8920e5af1287c02e16f0f79\" class=\"ariadna\">\r\n    <ul><li><a href=\"#ha-historia-parku-zdrojowego-w-cieplicach\">Historia Parku Zdrojowego w Cieplicach&nbsp;<\/a><\/li><li><a href=\"#ha-park-zdrojowy-w-cieplicach-atrakcje\">Park Zdrojowy w Cieplicach \u2013 atrakcje<\/a><\/li><li><a href=\"#h-park-zdrojowy-cieplice-ciekawostki\">Park Zdrojowy Cieplice \u2013 ciekawostki<\/a><\/li><li><a href=\"#ha-atrakcje-przyrodnicze-park-zdrojowy-w-cieplicach\">Atrakcje przyrodnicze &#8211; Park Zdrojowy w Cieplicach<\/a><\/li><li><a href=\"#h-informacje-praktyczne\">Informacje praktyczne<\/a><\/li><li><a href=\"#ha-dojazd-z-dwor-korona-karkonoszy\">Dojazd z Dw\u00f3r Korona Karkonoszy<\/a><\/li><\/ul>\r\n<\/div>\r\n\r\n\r\n\r\n\n\n\n<h2 class=\"wp-block-heading\" id=\"ha-historia-parku-zdrojowego-w-cieplicach\">Historia Parku Zdrojowego w Cieplicach&nbsp;<\/h2>\n\n\n\n<p>Legenda g\u0142osi, \u017ce tutejsze lecznicze \u017ar\u00f3d\u0142a zosta\u0142y odkryte pod koniec XII wieku przez ksi\u0119cia Boles\u0142awa Wysokiego. W jaki spos\u00f3b? Podczas polowania, biegn\u0105c za rannym jeleniem zobaczy\u0142, \u017ce zwierz\u0119 wesz\u0142o do wody, mocz\u0105c ran\u0119. I rana si\u0119 zagoi\u0142a, dzi\u0119ki leczniczym w\u0142a\u015bciwo\u015bciom tych w\u00f3d. W XVII wieku Cieplice by\u0142y ju\u017c znanym i uznanym uzdrowiskiem. Zje\u017cd\u017cali tu kuracjusze z ca\u0142ego regionu &#8211; Czech, Polski, Niemiec.&nbsp;<\/p>\n\n\n\n<figure class=\"wp-block-image size-large\"><img loading=\"lazy\" decoding=\"async\" width=\"1024\" height=\"678\" src=\"https:\/\/www.koronakarkonoszy.pl\/blog-atrakcje\/wp-content\/uploads\/2023\/05\/park-cieplice4-1024x678.jpg\" alt=\"\" class=\"wp-image-6664\" srcset=\"https:\/\/www.koronakarkonoszy.pl\/blog-atrakcje\/wp-content\/uploads\/2023\/05\/park-cieplice4-1024x678.jpg 1024w, https:\/\/www.koronakarkonoszy.pl\/blog-atrakcje\/wp-content\/uploads\/2023\/05\/park-cieplice4-300x199.jpg 300w, https:\/\/www.koronakarkonoszy.pl\/blog-atrakcje\/wp-content\/uploads\/2023\/05\/park-cieplice4-768x509.jpg 768w, https:\/\/www.koronakarkonoszy.pl\/blog-atrakcje\/wp-content\/uploads\/2023\/05\/park-cieplice4-1920x1272.jpg 1920w, https:\/\/www.koronakarkonoszy.pl\/blog-atrakcje\/wp-content\/uploads\/2023\/05\/park-cieplice4-1536x1018.jpg 1536w, https:\/\/www.koronakarkonoszy.pl\/blog-atrakcje\/wp-content\/uploads\/2023\/05\/park-cieplice4-2048x1357.jpg 2048w, https:\/\/www.koronakarkonoszy.pl\/blog-atrakcje\/wp-content\/uploads\/2023\/05\/park-cieplice4-18x12.jpg 18w\" sizes=\"auto, (max-width: 1024px) 100vw, 1024px\" \/><figcaption class=\"wp-element-caption\"><strong>Park Zdrojowy w Cieplicach <\/strong><\/figcaption><\/figure>\n\n\n\n<p>Sam <strong>Park Zdrojowy<\/strong> za\u0142o\u017cony zosta\u0142 w 1713 roku w ogrodzie warzywnym nale\u017c\u0105cym do rodu Schaffgotsch\u00f3w, kt\u00f3rych pa\u0142ac do dzi\u015b istnieje w Cieplicach. Schaffgotschowie zostawili sobie do prywatnego u\u017cytku jedynie niewielki kawa\u0142ek ogrodu, tak zwany Schlosspark. Reszt\u0119 czyli Kurpark udost\u0119pnili miesza\u0144com Cieplic i kuracjuszom.<\/p>\n\n\n\n<p>Park zaplanowano w stylu francuskim, jednak ostatecznie, w XIX wieku, sta\u0142 si\u0119 typowym parkiem angielskim. Wytyczono wtedy uk\u0142ad \u015bcie\u017cek i klomb\u00f3w, zaplanowano miejsca na fontanny, domki, kapliczki i pos\u0105gi. Zbudowano te\u017c muszl\u0119 koncertow\u0105 i teatr.<\/p>\n\n\n\n<style>\n    .cta_block{\n        margin: 1.5em 0;\n    }\n    .cta_block_content {\n        position: relative;\n        color: white;\n        padding: 1em;\n    }\n    .cta_block_content h3{\n        text-align: center;\n        font: normal normal normal 36px\/50px Yeseva One;\n    }\n    .cta_block_content .cta_block_desc{\n        text-align: center;\n        font-size: 1.1em;\n        position: relative;\n    }\n    .cta_block_content .cta_block_desc:before {\n        content: '';\n        width: 80px;\n        height: 4px;\n        background: #EEB315;\n        position: absolute;\n        left: 0;\n        right: 0;\n        margin-left: auto;\n        margin-right: auto;\n        top: -22px;\n    }\n\n    .cta_block_content picture{\n        position: absolute;\n        top: 0;\n        right: 0;\n        z-index: -1;\n        height: 100%;\n        overflow: hidden;\n        width: 100%;\n    }\n    .cta_block_content picture img{\n        object-fit: cover;\n        height: 100%;\n        width: 100%;\n    }\n    .cta_block .cta_block_content .ninja-forms-field{\n        background: #FFFFFF2F;\n        border: 1px solid #EEB315;\n        border-radius: 25px;\n        opacity: 1;\n        color: #ffffff;\n    }\n    .cta_block .cta_block_content .nf-form-content input[type=submit]{\n        background-color: #EEB315;\n        color: #292929;\n        text-align: center;\n        font: normal normal bold 14px\/20px Work Sans;\n        padding: 0 2em;\n    }\n\n    .cta_block ::placeholder{\n        color: white!important;\n        opacity: 1;\n    }\n\n    .cta_block_content::after {\n        height: 100%;\n        width: 100%;\n        content: \"\";\n        z-index: -1;\n        position: absolute;\n        top: 0;\n        background: #00000070;\n        right: 0;\n        left: 0;\n        bottom: 0;\n    }\n    #ha-cta-block, .cta_block_desc, .cta_block .nf-field-label, .cta_block .nf-error-msg {\n        filter: drop-shadow(1px 1px 8px black);\n    }\n\n\/*    .cta_block nf-rows-wrap {\n        display: flex;\n        justify-content: space-around;\n        flex-direction: row;\n    }*\/\n\n    .cta_block .nf-field-label {\n        display:none;\n    }\n\n    .cta_block .nf-error.field-wrap .nf-field-element::after {\n        border-radius: 50px;\n    }\n\n    .cta_block .nf-error-msg {\n        color: #fff;\n    }\n\n    .cta_block .nf-form-cont {\n        margin-top: 3em;\n        margin-bottom: 1em;\n    }\n\n    .wp-admin .cta_block_content{\n        display: none;\n    }\n    .cta_block .nf-form-fields-required {\n        display: none;\n    }\n    body:not(.wp-admin) .cta_block_admin {\n        display: none;\n    }\n<\/style>\n<div id=\"cta_block-block_4ddc1bdca074f9612eb0648107f068f7\" class=\"cta_block\">\n    <div class=\"cta_block_admin\" style=\"background-color: blue; color: white\">\n        Blok CTA\n    <\/div>\n    <div class=\"cta_block\">\n        <div class=\"cta_block_content\">   \n        <h3>Wypoczynek w g\u00f3rach, wesela, <a href=\"https:\/\/www.koronakarkonoszy.pl\/blog-dla-firm\/eventy-firmowe\/\" class=\"links-placer\">eventy firmowe<\/a>?<\/h3>\n                    <div class=\"cta_block_desc\">Dw\u00f3r Korona Karkonoszy zaprasza! <\/div>\n                <noscript class=\"ninja-forms-noscript-message\">\n\tUwaga: ta zawarto\u015b\u0107 wymaga obs\u0142ugi j\u0119zyka JavaScript.<\/noscript>\n<div id=\"nf-form-3-cont\" class=\"nf-form-cont\" aria-live=\"polite\" aria-labelledby=\"nf-form-title-3\" aria-describedby=\"nf-form-errors-3\" role=\"form\">\n\n    <div class=\"nf-loading-spinner\"><\/div>\n\n<\/div>\n        <!-- That data is being printed as a workaround to page builders reordering the order of the scripts loaded-->\n        <script>var formDisplay=1;var nfForms=nfForms||[];var form=[];form.id='3';form.settings={\"objectType\":\"Form Setting\",\"editActive\":true,\"title\":\"Block CTA\",\"created_at\":\"2022-10-28 17:22:30\",\"default_label_pos\":\"above\",\"show_title\":0,\"clear_complete\":\"1\",\"hide_complete\":\"1\",\"logged_in\":\"\",\"wrapper_class\":\"\",\"element_class\":\"\",\"key\":\"\",\"add_submit\":\"0\",\"changeEmailErrorMsg\":\"Wprowad\\u017a prawid\\u0142owy adres e-mail!\",\"changeDateErrorMsg\":\"Prosz\\u0119 wpisa\\u0107 prawid\\u0142ow\\u0105 dat\\u0119!\",\"confirmFieldErrorMsg\":\"Te pola musz\\u0105 si\\u0119 zgadza\\u0107!\",\"fieldNumberNumMinError\":\"B\\u0142\\u0105d \\u2014 liczba minimalna\",\"fieldNumberNumMaxError\":\"B\\u0142\\u0105d \\u2014 liczba maksymalna\",\"fieldNumberIncrementBy\":\"Zwi\\u0119ksz o \",\"formErrorsCorrectErrors\":\"Popraw b\\u0142\\u0119dy, zanim prze\\u015blesz formularz.\",\"validateRequiredField\":\"To jest wymagane pole.\",\"honeypotHoneypotError\":\"B\\u0142\\u0105d Honeypot\",\"fieldsMarkedRequired\":\"Pola oznaczone znakiem <span class=\\\"ninja-forms-req-symbol\\\">*<\\\/span> s\\u0105 wymagane\",\"currency\":\"\",\"repeatable_fieldsets\":\"\",\"unique_field_error\":\"Formularz z t\\u0105 warto\\u015bci\\u0105 zosta\\u0142 ju\\u017c przes\\u0142any.\",\"not_logged_in_msg\":\"\",\"sub_limit_msg\":\"Formularz osi\\u0105gn\\u0105\\u0142 limit wys\\u0142a\\u0144.\",\"calculations\":[],\"container_styles_show_advanced_css\":\"0\",\"title_styles_show_advanced_css\":\"0\",\"row_styles_show_advanced_css\":\"0\",\"row-odd_styles_show_advanced_css\":\"0\",\"success-msg_styles_show_advanced_css\":\"0\",\"error_msg_styles_show_advanced_css\":\"0\",\"formContentData\":[{\"order\":1,\"cells\":[{\"order\":0,\"fields\":[\"numer_telefonu_1660223454511\"],\"width\":35},{\"order\":1,\"fields\":[\"adres_e-mail_1666970999655\"],\"width\":35},{\"order\":2,\"fields\":[\"zapisz_mnie_1666970970616\"],\"width\":30}]}],\"drawerDisabled\":false,\"conditions\":[],\"allow_public_link\":0,\"embed_form\":\"\",\"form_title_heading_level\":\"3\",\"ninjaForms\":\"Ninja Forms\",\"fieldTextareaRTEInsertLink\":\"Wstaw odno\\u015bnik\",\"fieldTextareaRTEInsertMedia\":\"Wstaw media\",\"fieldTextareaRTESelectAFile\":\"Wybierz plik\",\"formHoneypot\":\"Je\\u015bli jeste\\u015b cz\\u0142owiekiem i widzisz to pole, nie wype\\u0142niaj go.\",\"fileUploadOldCodeFileUploadInProgress\":\"Przesy\\u0142anie pliku w toku.\",\"fileUploadOldCodeFileUpload\":\"PRZESY\\u0141ANIE PLIKU\",\"currencySymbol\":\"&#36;\",\"thousands_sep\":\"&nbsp;\",\"decimal_point\":\",\",\"siteLocale\":\"pl_PL\",\"dateFormat\":\"m\\\/d\\\/Y\",\"startOfWeek\":\"1\",\"of\":\"z\",\"previousMonth\":\"Poprzedni miesi\\u0105c\",\"nextMonth\":\"Nast\\u0119pny miesi\\u0105c\",\"months\":[\"Stycze\\u0144\",\"Luty\",\"Marzec\",\"Kwiecie\\u0144\",\"Maj\",\"Czerwiec\",\"Lipiec\",\"Sierpie\\u0144\",\"Wrzesie\\u0144\",\"Pa\\u017adziernik\",\"Listopad\",\"Grudzie\\u0144\"],\"monthsShort\":[\"Sty\",\"Lut\",\"Mar\",\"Kw\",\"Maj\",\"Cze\",\"Lip\",\"Sie\",\"Wrz\",\"Pa\\u017a\",\"Lis\",\"Gru\"],\"weekdays\":[\"Niedziela\",\"Poniedzia\\u0142ek\",\"Wtorek\",\"\\u015aroda\",\"Czwartek\",\"Pi\\u0105tek\",\"Sobota\"],\"weekdaysShort\":[\"Niedz\",\"Pon\",\"Wt\",\"\\u015ar\",\"Czw\",\"Pt\",\"Sob\"],\"weekdaysMin\":[\"Niedz\",\"Pon\",\"Wt\",\"\\u015ar\",\"Czw\",\"Pt\",\"Sob\"],\"recaptchaConsentMissing\":\"reCaptcha validation couldn&#039;t load.\",\"recaptchaMissingCookie\":\"reCaptcha v3 validation couldn&#039;t load the cookie needed to submit the form.\",\"recaptchaConsentEvent\":\"Accept reCaptcha cookies before sending the form.\",\"currency_symbol\":\"\",\"beforeForm\":\"\",\"beforeFields\":\"\",\"afterFields\":\"\",\"afterForm\":\"\"};form.fields=[{\"objectType\":\"Field\",\"objectDomain\":\"fields\",\"editActive\":false,\"order\":1,\"idAttribute\":\"id\",\"type\":\"phone\",\"label\":\"Numer telefonu \",\"key\":\"numer_telefonu_1660223454511\",\"label_pos\":\"above\",\"required\":\"\",\"default\":\"\",\"placeholder\":\"Numer telefonu\",\"container_class\":\"\",\"element_class\":\"\",\"input_limit\":\"\",\"input_limit_type\":\"characters\",\"input_limit_msg\":\"Liczba pozosta\\u0142ych znak\\u00f3w:\",\"manual_key\":\"\",\"admin_label\":\"\",\"help_text\":\"\",\"mask\":\"\",\"custom_mask\":\"\",\"custom_name_attribute\":\"phone\",\"personally_identifiable\":1,\"wrap_styles_border\":\"\",\"wrap_styles_width\":\"\",\"wrap_styles_margin\":\"\",\"wrap_styles_padding\":\"\",\"wrap_styles_float\":\"\",\"wrap_styles_show_advanced_css\":0,\"label_styles_border\":\"\",\"label_styles_width\":\"\",\"label_styles_font-size\":\"\",\"label_styles_margin\":\"\",\"label_styles_padding\":\"\",\"label_styles_float\":\"\",\"label_styles_show_advanced_css\":0,\"element_styles_border\":\"\",\"element_styles_width\":\"\",\"element_styles_font-size\":\"\",\"element_styles_margin\":\"\",\"element_styles_padding\":\"\",\"element_styles_float\":\"\",\"element_styles_show_advanced_css\":0,\"cellcid\":\"c3390\",\"value\":\"\",\"drawerDisabled\":false,\"field_label\":\"Numer telefonu \",\"field_key\":\"numer_telefonu_1660223454511\",\"id\":8,\"beforeField\":\"\",\"afterField\":\"\",\"parentType\":\"textbox\",\"element_templates\":[\"tel\",\"textbox\",\"input\"],\"old_classname\":\"\",\"wrap_template\":\"wrap\"},{\"objectType\":\"Field\",\"objectDomain\":\"fields\",\"editActive\":false,\"order\":2,\"idAttribute\":\"id\",\"type\":\"email\",\"label\":\"Adres e-mail\",\"key\":\"adres_e-mail_1666970999655\",\"label_pos\":\"above\",\"required\":1,\"default\":\"\",\"placeholder\":\"Adres e-mail\",\"container_class\":\"\",\"element_class\":\"\",\"admin_label\":\"\",\"help_text\":\"\",\"custom_name_attribute\":\"email\",\"personally_identifiable\":1,\"wrap_styles_border\":\"\",\"wrap_styles_width\":\"\",\"wrap_styles_margin\":\"\",\"wrap_styles_padding\":\"\",\"wrap_styles_float\":\"\",\"wrap_styles_show_advanced_css\":0,\"label_styles_border\":\"\",\"label_styles_width\":\"\",\"label_styles_font-size\":\"\",\"label_styles_margin\":\"\",\"label_styles_padding\":\"\",\"label_styles_float\":\"\",\"label_styles_show_advanced_css\":0,\"element_styles_border\":\"\",\"element_styles_width\":\"\",\"element_styles_font-size\":\"\",\"element_styles_margin\":\"\",\"element_styles_padding\":\"\",\"element_styles_float\":\"\",\"element_styles_show_advanced_css\":0,\"cellcid\":\"c3500\",\"value\":\"\",\"drawerDisabled\":false,\"field_label\":\"E-mail\",\"field_key\":\"email_1640098026199\",\"id\":9,\"beforeField\":\"\",\"afterField\":\"\",\"parentType\":\"email\",\"element_templates\":[\"email\",\"input\"],\"old_classname\":\"\",\"wrap_template\":\"wrap\"},{\"objectType\":\"Field\",\"objectDomain\":\"fields\",\"editActive\":false,\"order\":3,\"idAttribute\":\"id\",\"type\":\"submit\",\"label\":\"Zapisz mnie\",\"processing_label\":\"W trakcie realizacji\",\"container_class\":\"\",\"element_class\":\"\",\"key\":\"zapisz_mnie_1666970970616\",\"wrap_styles_border\":\"\",\"wrap_styles_width\":\"\",\"wrap_styles_margin\":\"\",\"wrap_styles_padding\":\"\",\"wrap_styles_float\":\"\",\"wrap_styles_show_advanced_css\":0,\"element_styles_border\":\"\",\"element_styles_width\":\"\",\"element_styles_font-size\":\"\",\"element_styles_margin\":\"\",\"element_styles_padding\":\"\",\"element_styles_float\":\"\",\"element_styles_show_advanced_css\":0,\"submit_element_hover_styles_border\":\"\",\"submit_element_hover_styles_width\":\"\",\"submit_element_hover_styles_font-size\":\"\",\"submit_element_hover_styles_margin\":\"\",\"submit_element_hover_styles_padding\":\"\",\"submit_element_hover_styles_float\":\"\",\"submit_element_hover_styles_show_advanced_css\":0,\"cellcid\":\"c3566\",\"drawerDisabled\":false,\"field_label\":\"Zamawiam rozmow\\u0119\",\"field_key\":\"zamawiam_rozmowe_1640098067453\",\"id\":10,\"beforeField\":\"\",\"afterField\":\"\",\"value\":\"\",\"label_pos\":\"above\",\"parentType\":\"textbox\",\"element_templates\":[\"submit\",\"button\",\"input\"],\"old_classname\":\"\",\"wrap_template\":\"wrap-no-label\"}];nfForms.push(form);<\/script>\n                <script id=\"nf-tmpl-cell\" type=\"text\/template\">\n            <nf-fields><\/nf-fields>\n        <\/script>\n\n        <script id=\"nf-tmpl-row\" type=\"text\/template\">\n            <nf-cells><\/nf-cells>\n        <\/script>\n\n                <img loading=\"lazy\" decoding=\"async\" width=\"2048\" height=\"1534\" src=\"https:\/\/www.koronakarkonoszy.pl\/blog-atrakcje\/wp-content\/uploads\/2023\/02\/henryk11.jpeg\" class=\"attachment-full size-full\" alt=\"\" srcset=\"https:\/\/www.koronakarkonoszy.pl\/blog-atrakcje\/wp-content\/uploads\/2023\/02\/henryk11.jpeg 2048w, https:\/\/www.koronakarkonoszy.pl\/blog-atrakcje\/wp-content\/uploads\/2023\/02\/henryk11-300x225.jpeg 300w, https:\/\/www.koronakarkonoszy.pl\/blog-atrakcje\/wp-content\/uploads\/2023\/02\/henryk11-1024x767.jpeg 1024w, https:\/\/www.koronakarkonoszy.pl\/blog-atrakcje\/wp-content\/uploads\/2023\/02\/henryk11-768x575.jpeg 768w, https:\/\/www.koronakarkonoszy.pl\/blog-atrakcje\/wp-content\/uploads\/2023\/02\/henryk11-1920x1438.jpeg 1920w, https:\/\/www.koronakarkonoszy.pl\/blog-atrakcje\/wp-content\/uploads\/2023\/02\/henryk11-1536x1151.jpeg 1536w, https:\/\/www.koronakarkonoszy.pl\/blog-atrakcje\/wp-content\/uploads\/2023\/02\/henryk11-16x12.jpeg 16w\" sizes=\"auto, (max-width: 2048px) 100vw, 2048px\" \/>        <\/div> \n    <\/div>\n<\/div>\n\n\n\n<h2 class=\"wp-block-heading\" id=\"ha-park-zdrojowy-w-cieplicach-atrakcje\">Park Zdrojowy w Cieplicach \u2013 atrakcje<\/h2>\n\n\n\n<p><strong>Park Zdrojowy<\/strong> <strong>w Cieplicach<\/strong> jest najcz\u0119\u015bciej wybieranym miejscem na spacery. Mo\u017cna tu spotka\u0107 zar\u00f3wno mieszka\u0144c\u00f3w regionu, turyst\u00f3w, jak i kuracjuszy. Na terenie <strong>Parku Zdrojowego<\/strong> znajdziemy wiele niezwyk\u0142ych obiekt\u00f3w. Nale\u017c\u0105 do nich m.in:<\/p>\n\n\n\n<ul class=\"wp-block-list\">\n<li>Pawilon uzdrowiskowy Edward z przepi\u0119kn\u0105 fontann\u0105. To najstarszy cieplicki budynek sanatoryjny, pochodzi z XIX wieku. Kilkakrotnie przebudowywany, znany z sali restauracyjnej z dawnymi malowid\u0142ami.<\/li>\n\n\n\n<li>Pa\u0142ac Schaffsgotch\u00f3w, kt\u00f3ry jest obecnie fili\u0105 Politechniki Wroc\u0142awskiej \u2013 to najs\u0142ynniejszy zabytek Cieplic. Powsta\u0142 w latach 1784-1789. Ma a\u017c 81 metr\u00f3w d\u0142ugo\u015bci!<\/li>\n\n\n\n<li>W dawnym Pawilonie Zdrojowym znajduje si\u0119 Galeria w stylu klasycystycznym z ko\u0144ca XVIII wieku, zaprojektowana przez wroc\u0142awskiego architekta Carla Gottfrieda Geisslera. Wewn\u0105trz mie\u015bci\u0142a si\u0119 sala koncertowa, salon gier towarzyskich, czytelnia, palarnia cygar i restauracja.<\/li>\n\n\n\n<li>Teatr Zdrojowy, powsta\u0142y w latach 30. XIX wieku, wed\u0142ug projektu legnickiego architekta Alberta Tollberga. Z czasem Teatr po\u0142\u0105czono z s\u0105siedni\u0105 Galeri\u0105. Mo\u017cemy tam podziwia\u0107 odrestaurowane oryginaln\u0105 dekoracje i malatury.<\/li>\n\n\n\n<li>Pomnik kr\u00f3lowej Marysie\u0144ki Sobieskiej, kt\u00f3ra pod koniec XVII wieku przebywa\u0142a w Cieplicach.<\/li>\n<\/ul>\n\n\n<div class=\"wp-block-image\">\n<figure class=\"alignleft size-large\"><img loading=\"lazy\" decoding=\"async\" width=\"1024\" height=\"683\" src=\"https:\/\/www.koronakarkonoszy.pl\/blog-atrakcje\/wp-content\/uploads\/2023\/05\/park-cieplice-1024x683.jpg\" alt=\"\" class=\"wp-image-6663\" srcset=\"https:\/\/www.koronakarkonoszy.pl\/blog-atrakcje\/wp-content\/uploads\/2023\/05\/park-cieplice-1024x683.jpg 1024w, https:\/\/www.koronakarkonoszy.pl\/blog-atrakcje\/wp-content\/uploads\/2023\/05\/park-cieplice-300x200.jpg 300w, https:\/\/www.koronakarkonoszy.pl\/blog-atrakcje\/wp-content\/uploads\/2023\/05\/park-cieplice-768x512.jpg 768w, https:\/\/www.koronakarkonoszy.pl\/blog-atrakcje\/wp-content\/uploads\/2023\/05\/park-cieplice-1920x1280.jpg 1920w, https:\/\/www.koronakarkonoszy.pl\/blog-atrakcje\/wp-content\/uploads\/2023\/05\/park-cieplice-1536x1024.jpg 1536w, https:\/\/www.koronakarkonoszy.pl\/blog-atrakcje\/wp-content\/uploads\/2023\/05\/park-cieplice-2048x1365.jpg 2048w, https:\/\/www.koronakarkonoszy.pl\/blog-atrakcje\/wp-content\/uploads\/2023\/05\/park-cieplice-18x12.jpg 18w\" sizes=\"auto, (max-width: 1024px) 100vw, 1024px\" \/><figcaption class=\"wp-element-caption\"><strong>Park Zdrojowy w Cieplicach <\/strong><\/figcaption><\/figure>\n<\/div>\n\n\n<p>Ponadto w jednym z budynk\u00f3w, o charakterystycznej szachulcowej budowie, mie\u015bci si\u0119 <strong>odwiert wody termalnej<\/strong>. W parku znajdziemy tak\u017ce <strong>muszl\u0119 koncertow\u0105<\/strong> zbudowan\u0105 oko\u0142o 1930 roku. Do dzi\u015b jest zachowana w do\u015b\u0107 dobrym stanie i co ciekawe, wci\u0105\u017c odbywaj\u0105 si\u0119 w niej koncerty.<\/p>\n\n\n<div class=\"wp-block-image\">\n<figure class=\"aligncenter size-full\"><img loading=\"lazy\" decoding=\"async\" width=\"512\" height=\"512\" src=\"https:\/\/www.koronakarkonoszy.pl\/blog-atrakcje\/wp-content\/uploads\/2023\/05\/cieplice2-2.jpeg\" alt=\"\" class=\"wp-image-6665\" srcset=\"https:\/\/www.koronakarkonoszy.pl\/blog-atrakcje\/wp-content\/uploads\/2023\/05\/cieplice2-2.jpeg 512w, https:\/\/www.koronakarkonoszy.pl\/blog-atrakcje\/wp-content\/uploads\/2023\/05\/cieplice2-2-300x300.jpeg 300w, https:\/\/www.koronakarkonoszy.pl\/blog-atrakcje\/wp-content\/uploads\/2023\/05\/cieplice2-2-150x150.jpeg 150w, https:\/\/www.koronakarkonoszy.pl\/blog-atrakcje\/wp-content\/uploads\/2023\/05\/cieplice2-2-12x12.jpeg 12w\" sizes=\"auto, (max-width: 512px) 100vw, 512px\" \/><figcaption class=\"wp-element-caption\"><strong>Deptak w Cieplicach <\/strong><\/figcaption><\/figure>\n<\/div>\n\n\n<p>W latach 2010-2012 <strong>Park Zdrojowy<\/strong> przeszed\u0142 rewitalizacj\u0119, kt\u00f3rej celem by\u0142o przywr\u00f3cenie dawnego wygl\u0105du, dlatego prace obj\u0119\u0142y niemal wszystkie jego elementy. Alejki parkowe zyska\u0142y now\u0105 nawierzchni\u0119, zrezygnowano z pokrycia asfaltowego, kt\u00f3re budzi\u0142o wiele kontrowersji. Wybudowano trzy nowe fontanny, zadbano r\u00f3wnie\u017c o nowe stylizowane lampy oraz \u0142awki. W parku przyby\u0142y nowe nasadzenia, odtwarzaj\u0105ce dawn\u0105 cz\u0119\u015b\u0107 le\u015bn\u0105 i parkow\u0105. Wyremontowano te\u017c Teatr Zdrojowy oraz scen\u0119. Ca\u0142y <strong>Park Zdrojowy<\/strong> zosta\u0142 otoczony \u017celiwnym, pi\u0119knie stylizowanym ogrodzeniem.<\/p>\n\n\n<section id=\"leonardo-block_f92e18e8ebf017f38d2320e6aac77896\" class=\"leonardo page-breaker leonardo-image-left\">\r\n    <div class=\"leonardo-body\">\r\n        <h2 class=\"leonardo-title\" id=\"h-park-zdrojowy-cieplice-ciekawostki\">Park Zdrojowy Cieplice \u2013 ciekawostki<\/h2>        <div class=\"leonardo-content\"><p><!-- wp:heading --><\/p>\n<ul>\n<li>Cieplice-Zdr\u00f3j to najstarsze uzdrowisko w Polsce<\/li>\n<li><!-- \/wp:paragraph --> W 1687 roku go\u015bci\u0142a tutaj sama kr\u00f3lowa polska Marysie\u0144ka Sobieska. Razem z ni\u0105 Cieplice odwiedzi\u0142a rodzina oraz oficjele i dw\u00f3r, w sumie 1,5 tysi\u0105ca os\u00f3b! Baga\u017ce przywieziono na 100 wozach.<\/li>\n<li><!-- \/wp:paragraph --> Park Zdrojowy zajmuje prawie 16,5 hektara i jest najwi\u0119kszym parkiem w regionie.<\/li>\n<\/ul>\n<p><!-- \/wp:paragraph --><\/p>\n<\/div>\r\n                    <aside class=\"leonardo-interlink\">\r\n                <b>Polecamy<\/b>\r\n                <a href=\"https:\/\/www.koronakarkonoszy.pl\/blog-atrakcje\/zalew-sosnowka\/\">Zalew Sosn\u00f3wka<\/a>\r\n            <\/aside>\r\n            <\/div>\r\n    <div class=\"leonardo-image\">\r\n        <img loading=\"lazy\" decoding=\"async\" width=\"1000\" height=\"667\" src=\"https:\/\/www.koronakarkonoszy.pl\/blog-atrakcje\/wp-content\/uploads\/2022\/11\/Park-Zdrojowy-w-Cieplicach.jpg\" class=\"attachment-full size-full\" alt=\"\" srcset=\"https:\/\/www.koronakarkonoszy.pl\/blog-atrakcje\/wp-content\/uploads\/2022\/11\/Park-Zdrojowy-w-Cieplicach.jpg 1000w, https:\/\/www.koronakarkonoszy.pl\/blog-atrakcje\/wp-content\/uploads\/2022\/11\/Park-Zdrojowy-w-Cieplicach-300x200.jpg 300w, https:\/\/www.koronakarkonoszy.pl\/blog-atrakcje\/wp-content\/uploads\/2022\/11\/Park-Zdrojowy-w-Cieplicach-768x512.jpg 768w\" sizes=\"auto, (max-width: 1000px) 100vw, 1000px\" \/>            <\/div>\r\n<\/section>\n\n\n<h2 class=\"wp-block-heading\" id=\"ha-atrakcje-przyrodnicze-park-zdrojowy-w-cieplicach\">Atrakcje przyrodnicze &#8211; Park Zdrojowy w Cieplicach<\/h2>\n\n\n\n<p><strong>Park Zdrojowy<\/strong> w Cieplicach to te\u017c niezwyk\u0142a ro\u015blinno\u015b\u0107. A\u017c 68% powierzchni parku zajmuj\u0105 drzewa. Znajdziemy tutaj w sumie 78 r\u00f3\u017cnych gatunk\u00f3w drzew oraz 30 gatunk\u00f3w krzew\u00f3w. Wiele drzew z racji swojego wieku i rozmiar\u00f3w kwalifikuje si\u0119 do obj\u0119cia ochron\u0105. W parku spotkamy zar\u00f3wno pospolite gatunki ro\u015blin (klony, buki, lipy, d\u0119by, \u015bwierki), jak i te egzotyczne, takie jak: magnolie, tulipanowce, surmi\u0119 wielkokwiatow\u0105 czy ambrowce balsamiczne. Inne ciekawe gatunku to budleja Dawida, kolkwicja chi\u0144ska, mi\u0142orz\u0105b dwuklapkowy. Drzewa zamieszkiwane s\u0105 przez liczne wiewi\u00f3rki, kt\u00f3re doskonale czuj\u0105 si\u0119 na tym wielkim obszarze.<\/p>\n\n\n\n<p>W parku spotka\u0107 mo\u017cemy tak\u017ce r\u00f3\u017cne gatunki ptak\u00f3w, cho\u0107by szpaki, dzi\u0119cio\u0142y, sikorki, kosy i s\u00f3jki. <strong>Tak wi\u0119c spacer po Parku Zdrojowym to lekcja przyrody w terenie! <\/strong><strong><\/strong><\/p>\n\n\n<section id=\"leonardo-block_949d23c5518c10ced86274f88c45b3db\" class=\"leonardo page-breaker leonardo-image-right\">\r\n    <div class=\"leonardo-body\">\r\n        <h2 class=\"leonardo-title\" id=\"h-informacje-praktyczne\">Informacje praktyczne<\/h2>        <div class=\"leonardo-content\"><p><!-- wp:heading --><\/p>\n<ul>\n<li>przez Park Zdrojowy w Cieplicach przebiegaj\u0105 dwa szlaki turystyczne: zielony do Karpnik oraz \u017c\u00f3\u0142ty do <a href=\"https:\/\/www.koronakarkonoszy.pl\/blog-atrakcje\/sosnowka\/\">Sosn\u00f3wki<\/a> i <a href=\"https:\/\/www.koronakarkonoszy.pl\/blog-atrakcje\/karpacz\/\">Karpacza<\/a> G\u00f3rnego,<\/li>\n<li><!-- \/wp:paragraph --> w Parku Zdrojowym dzieci nie b\u0119d\u0105 si\u0119 nudzi\u0107 \u2013 jest tam plac zabaw,<\/li>\n<li><!-- \/wp:paragraph --> na pobliskim deptaku s\u0105 bary, restauracje i cukiernie,<\/li>\n<li><!-- \/wp:paragraph --> zaraz obok parku znajduj\u0105 si\u0119 Termy Cieplickie \u2013 kompleks basen\u00f3w termalnych.<\/li>\n<\/ul>\n<p><!-- \/wp:paragraph --><\/p>\n<\/div>\r\n                    <aside class=\"leonardo-interlink\">\r\n                <b>Polecamy<\/b>\r\n                <a href=\"https:\/\/www.koronakarkonoszy.pl\/blog-atrakcje\/dwor-korona-karkonoszy\/\">Dw\u00f3r Korona Karkonoszy<\/a>\r\n            <\/aside>\r\n            <\/div>\r\n    <div class=\"leonardo-image\">\r\n        <img loading=\"lazy\" decoding=\"async\" width=\"1920\" height=\"1280\" src=\"https:\/\/www.koronakarkonoszy.pl\/blog-atrakcje\/wp-content\/uploads\/2023\/05\/wiewiorka.jpg\" class=\"attachment-full size-full\" alt=\"\" srcset=\"https:\/\/www.koronakarkonoszy.pl\/blog-atrakcje\/wp-content\/uploads\/2023\/05\/wiewiorka.jpg 1920w, https:\/\/www.koronakarkonoszy.pl\/blog-atrakcje\/wp-content\/uploads\/2023\/05\/wiewiorka-300x200.jpg 300w, https:\/\/www.koronakarkonoszy.pl\/blog-atrakcje\/wp-content\/uploads\/2023\/05\/wiewiorka-1024x683.jpg 1024w, https:\/\/www.koronakarkonoszy.pl\/blog-atrakcje\/wp-content\/uploads\/2023\/05\/wiewiorka-768x512.jpg 768w, https:\/\/www.koronakarkonoszy.pl\/blog-atrakcje\/wp-content\/uploads\/2023\/05\/wiewiorka-1536x1024.jpg 1536w, https:\/\/www.koronakarkonoszy.pl\/blog-atrakcje\/wp-content\/uploads\/2023\/05\/wiewiorka-18x12.jpg 18w\" sizes=\"auto, (max-width: 1920px) 100vw, 1920px\" \/>            <\/div>\r\n<\/section>\n\n\n<h2 class=\"wp-block-heading\" id=\"ha-dojazd-z-dwor-korona-karkonoszy\">Dojazd z Dw\u00f3r Korona Karkonoszy<\/h2>\n\n\n<style>\n    .destination_map{\n        margin: 1.5em 0;\n    }\n    body:not(.wp-admin) .admin {\n        display: none;\n    }\n    .map {\n        max-width: 800px;\n        height: 400px;\n    }\n    .wp-admin .map {\n        display: none;\n    }\n<\/style>\n\n<div id=\"destination_map-block_8763d132dd74ba38ee53620ba0bc6ff3\" class=\"destination_map\">\n    <div class=\"destinationmap-body admin\" style=\"background-color: lightblue;\">\n                Mapa dojazdu\n    <\/div>\n    <div id=\"block_8763d132dd74ba38ee53620ba0bc6ff3\" class=\"map\"><\/div>\n<\/div>\n\n<script>\n    (function($){\n\n    function mapLocation() {\n      var directionsDisplay;\n      var directionsService = new google.maps.DirectionsService();\n      var map;\n\n      function initialize() {\n        directionsDisplay = new google.maps.DirectionsRenderer();\n        var korona = new google.maps.LatLng(50.81947934480897, 15.721371130683515);\n        var mapOptions = {\n          zoom: 13,\n          center: korona\n        };\n        map = new google.maps.Map(document.getElementById('block_8763d132dd74ba38ee53620ba0bc6ff3'), mapOptions);\n        directionsDisplay.setMap(map);\n      \n        var start = new google.maps.LatLng(50.81947934480897, 15.721371130683515);\n        var end = new google.maps.LatLng(50.8623529, 15.6800773);\n        var request = {\n          origin: start,\n          destination: end,\n          travelMode: google.maps.TravelMode.DRIVING\n        };\n        directionsService.route(request, function(response, status) {\n          if (status == google.maps.DirectionsStatus.OK) {\n            directionsDisplay.setDirections(response);\n            directionsDisplay.setMap(map);\n          } else {\n            alert(\"Directions Request from \" + start.toUrlValue(6) + \" to \" + end.toUrlValue(6) + \" failed: \" + status);\n          }\n        });\n      }\n\n      google.maps.event.addDomListener(window, 'load', initialize);\n    }\n    mapLocation();\n\n})(jQuery);\n\n\n<\/script>","protected":false},"excerpt":{"rendered":"<p>Po\u0142o\u017cony w s\u0142yn\u0105cej z w\u00f3d termalnych uzdrowiskowej cz\u0119\u015bci Jeleniej G\u00f3ry, Park Zdrojowy w Cieplicach to jedna z atrakcji regionu. Odzwierciedla styl ogrod\u00f3w angielskich, zachwycaj\u0105c sw\u0105 niepowtarzaln\u0105 urod\u0105 mieszka\u0144c\u00f3w i turyst\u00f3w. Historia Parku Zdrojowego w Cieplicach&nbsp; Legenda g\u0142osi, \u017ce tutejsze lecznicze \u017ar\u00f3d\u0142a zosta\u0142y odkryte pod koniec XII wieku przez ksi\u0119cia Boles\u0142awa Wysokiego. W jaki spos\u00f3b? Podczas [&hellip;]<\/p>\n","protected":false},"author":11,"featured_media":4986,"comment_status":"open","ping_status":"open","sticky":false,"template":"","format":"standard","meta":{"_acf_changed":false,"footnotes":""},"categories":[11],"class_list":["post-4984","post","type-post","status-publish","format-standard","has-post-thumbnail","hentry","category-atrakcje-przyrodnicze"],"acf":{"Location_of_attractions":{"location":{"address":"Park Zdrojowy w Cieplicach \u015al\u0105skich-Zdroju, Malinnik, Jelenia G\u00f3ra, Polska","lat":50.8623529,"lng":15.6800773,"zoom":14,"place_id":"ChIJzfiO_cXdDkcRcmC4ySVtLSQ","name":"Park Zdrojowy w Cieplicach \u015al\u0105skich-Zdroju","street_number":7,"street_name":"Malinnik","city":"Jelenia G\u00f3ra","state":"Dolno\u015bl\u0105skie","post_code":"58-560","country":"Polska","country_short":"PL"},"categories":["przyrodnicze"]}},"yoast_head":"<!-- This site is optimized with the Yoast SEO plugin v27.4 - https:\/\/yoast.com\/product\/yoast-seo-wordpress\/ -->\n<title>Park Zdrojowy w Cieplicach - :: DKK Atrakcje<\/title>\n<meta name=\"description\" content=\"Park Zdrojowy w Cieplicach jest najcz\u0119\u015bciej wybierany miejscem na spacery. Mo\u017cna tu spotka\u0107 zar\u00f3wno mieszka\u0144c\u00f3w, turyst\u00f3w, jak i kuracjuszy.\" \/>\n<meta name=\"robots\" content=\"index, follow, max-snippet:-1, max-image-preview:large, max-video-preview:-1\" \/>\n<link rel=\"canonical\" href=\"https:\/\/www.koronakarkonoszy.pl\/blog-atrakcje\/park-zdrojowy-w-cieplicach\/\" \/>\n<meta property=\"og:locale\" content=\"pl_PL\" \/>\n<meta property=\"og:type\" content=\"article\" \/>\n<meta property=\"og:title\" content=\"Park Zdrojowy w Cieplicach - :: DKK Atrakcje\" \/>\n<meta property=\"og:description\" content=\"Park Zdrojowy w Cieplicach jest najcz\u0119\u015bciej wybierany miejscem na spacery. Mo\u017cna tu spotka\u0107 zar\u00f3wno mieszka\u0144c\u00f3w, turyst\u00f3w, jak i kuracjuszy.\" \/>\n<meta property=\"og:url\" content=\"https:\/\/www.koronakarkonoszy.pl\/blog-atrakcje\/park-zdrojowy-w-cieplicach\/\" \/>\n<meta property=\"og:site_name\" content=\":: DKK Atrakcje\" \/>\n<meta property=\"article:published_time\" content=\"2023-05-12T16:19:28+00:00\" \/>\n<meta property=\"article:modified_time\" content=\"2023-05-12T16:19:31+00:00\" \/>\n<meta property=\"og:image\" content=\"https:\/\/www.koronakarkonoszy.pl\/blog-atrakcje\/wp-content\/uploads\/2022\/11\/Park-Zdrojowy-w_Cieplicach.jpg\" \/>\n\t<meta property=\"og:image:width\" content=\"1000\" \/>\n\t<meta property=\"og:image:height\" content=\"662\" \/>\n\t<meta property=\"og:image:type\" content=\"image\/jpeg\" \/>\n<meta name=\"author\" content=\"agnieszka\" \/>\n<meta name=\"twitter:card\" content=\"summary_large_image\" \/>\n<meta name=\"twitter:label1\" content=\"Napisane przez\" \/>\n\t<meta name=\"twitter:data1\" content=\"agnieszka\" \/>\n\t<meta name=\"twitter:label2\" content=\"Szacowany czas czytania\" \/>\n\t<meta name=\"twitter:data2\" content=\"5 minut\" \/>\n<script type=\"application\/ld+json\" class=\"yoast-schema-graph\">{\"@context\":\"https:\\\/\\\/schema.org\",\"@graph\":[{\"@type\":\"Article\",\"@id\":\"https:\\\/\\\/www.koronakarkonoszy.pl\\\/blog-atrakcje\\\/park-zdrojowy-w-cieplicach\\\/#article\",\"isPartOf\":{\"@id\":\"https:\\\/\\\/www.koronakarkonoszy.pl\\\/blog-atrakcje\\\/park-zdrojowy-w-cieplicach\\\/\"},\"author\":{\"name\":\"agnieszka\",\"@id\":\"https:\\\/\\\/www.koronakarkonoszy.pl\\\/blog-atrakcje\\\/#\\\/schema\\\/person\\\/993b3c39215e0c277c79410bfe84333f\"},\"headline\":\"Park Zdrojowy w Cieplicach\",\"datePublished\":\"2023-05-12T16:19:28+00:00\",\"dateModified\":\"2023-05-12T16:19:31+00:00\",\"mainEntityOfPage\":{\"@id\":\"https:\\\/\\\/www.koronakarkonoszy.pl\\\/blog-atrakcje\\\/park-zdrojowy-w-cieplicach\\\/\"},\"wordCount\":703,\"commentCount\":0,\"image\":{\"@id\":\"https:\\\/\\\/www.koronakarkonoszy.pl\\\/blog-atrakcje\\\/park-zdrojowy-w-cieplicach\\\/#primaryimage\"},\"thumbnailUrl\":\"https:\\\/\\\/www.koronakarkonoszy.pl\\\/blog-atrakcje\\\/wp-content\\\/uploads\\\/2022\\\/11\\\/Park-Zdrojowy-w_Cieplicach.jpg\",\"articleSection\":[\"Atrakcje przyrodnicze\"],\"inLanguage\":\"pl-PL\",\"potentialAction\":[{\"@type\":\"CommentAction\",\"name\":\"Comment\",\"target\":[\"https:\\\/\\\/www.koronakarkonoszy.pl\\\/blog-atrakcje\\\/park-zdrojowy-w-cieplicach\\\/#respond\"]}]},{\"@type\":\"WebPage\",\"@id\":\"https:\\\/\\\/www.koronakarkonoszy.pl\\\/blog-atrakcje\\\/park-zdrojowy-w-cieplicach\\\/\",\"url\":\"https:\\\/\\\/www.koronakarkonoszy.pl\\\/blog-atrakcje\\\/park-zdrojowy-w-cieplicach\\\/\",\"name\":\"Park Zdrojowy w Cieplicach - :: DKK Atrakcje\",\"isPartOf\":{\"@id\":\"https:\\\/\\\/www.koronakarkonoszy.pl\\\/blog-atrakcje\\\/#website\"},\"primaryImageOfPage\":{\"@id\":\"https:\\\/\\\/www.koronakarkonoszy.pl\\\/blog-atrakcje\\\/park-zdrojowy-w-cieplicach\\\/#primaryimage\"},\"image\":{\"@id\":\"https:\\\/\\\/www.koronakarkonoszy.pl\\\/blog-atrakcje\\\/park-zdrojowy-w-cieplicach\\\/#primaryimage\"},\"thumbnailUrl\":\"https:\\\/\\\/www.koronakarkonoszy.pl\\\/blog-atrakcje\\\/wp-content\\\/uploads\\\/2022\\\/11\\\/Park-Zdrojowy-w_Cieplicach.jpg\",\"datePublished\":\"2023-05-12T16:19:28+00:00\",\"dateModified\":\"2023-05-12T16:19:31+00:00\",\"author\":{\"@id\":\"https:\\\/\\\/www.koronakarkonoszy.pl\\\/blog-atrakcje\\\/#\\\/schema\\\/person\\\/993b3c39215e0c277c79410bfe84333f\"},\"description\":\"Park Zdrojowy w Cieplicach jest najcz\u0119\u015bciej wybierany miejscem na spacery. Mo\u017cna tu spotka\u0107 zar\u00f3wno mieszka\u0144c\u00f3w, turyst\u00f3w, jak i kuracjuszy.\",\"breadcrumb\":{\"@id\":\"https:\\\/\\\/www.koronakarkonoszy.pl\\\/blog-atrakcje\\\/park-zdrojowy-w-cieplicach\\\/#breadcrumb\"},\"inLanguage\":\"pl-PL\",\"potentialAction\":[{\"@type\":\"ReadAction\",\"target\":[\"https:\\\/\\\/www.koronakarkonoszy.pl\\\/blog-atrakcje\\\/park-zdrojowy-w-cieplicach\\\/\"]}]},{\"@type\":\"ImageObject\",\"inLanguage\":\"pl-PL\",\"@id\":\"https:\\\/\\\/www.koronakarkonoszy.pl\\\/blog-atrakcje\\\/park-zdrojowy-w-cieplicach\\\/#primaryimage\",\"url\":\"https:\\\/\\\/www.koronakarkonoszy.pl\\\/blog-atrakcje\\\/wp-content\\\/uploads\\\/2022\\\/11\\\/Park-Zdrojowy-w_Cieplicach.jpg\",\"contentUrl\":\"https:\\\/\\\/www.koronakarkonoszy.pl\\\/blog-atrakcje\\\/wp-content\\\/uploads\\\/2022\\\/11\\\/Park-Zdrojowy-w_Cieplicach.jpg\",\"width\":1000,\"height\":662},{\"@type\":\"BreadcrumbList\",\"@id\":\"https:\\\/\\\/www.koronakarkonoszy.pl\\\/blog-atrakcje\\\/park-zdrojowy-w-cieplicach\\\/#breadcrumb\",\"itemListElement\":[{\"@type\":\"ListItem\",\"position\":1,\"name\":\"Strona g\u0142\u00f3wna\",\"item\":\"https:\\\/\\\/www.koronakarkonoszy.pl\\\/blog-atrakcje\\\/\"},{\"@type\":\"ListItem\",\"position\":2,\"name\":\"Park Zdrojowy w Cieplicach\"}]},{\"@type\":\"WebSite\",\"@id\":\"https:\\\/\\\/www.koronakarkonoszy.pl\\\/blog-atrakcje\\\/#website\",\"url\":\"https:\\\/\\\/www.koronakarkonoszy.pl\\\/blog-atrakcje\\\/\",\"name\":\":: DKK Atrakcje\",\"description\":\"Atrakcje Dworu Korona Karkonoszy\",\"potentialAction\":[{\"@type\":\"SearchAction\",\"target\":{\"@type\":\"EntryPoint\",\"urlTemplate\":\"https:\\\/\\\/www.koronakarkonoszy.pl\\\/blog-atrakcje\\\/?s={search_term_string}\"},\"query-input\":{\"@type\":\"PropertyValueSpecification\",\"valueRequired\":true,\"valueName\":\"search_term_string\"}}],\"inLanguage\":\"pl-PL\"},{\"@type\":\"Person\",\"@id\":\"https:\\\/\\\/www.koronakarkonoszy.pl\\\/blog-atrakcje\\\/#\\\/schema\\\/person\\\/993b3c39215e0c277c79410bfe84333f\",\"name\":\"agnieszka\",\"image\":{\"@type\":\"ImageObject\",\"inLanguage\":\"pl-PL\",\"@id\":\"https:\\\/\\\/www.koronakarkonoszy.pl\\\/blog-atrakcje\\\/wp-content\\\/litespeed\\\/avatar\\\/53ee7b676463f74d0aea1a09de3d003b.jpg?ver=1777427421\",\"url\":\"https:\\\/\\\/www.koronakarkonoszy.pl\\\/blog-atrakcje\\\/wp-content\\\/litespeed\\\/avatar\\\/53ee7b676463f74d0aea1a09de3d003b.jpg?ver=1777427421\",\"contentUrl\":\"https:\\\/\\\/www.koronakarkonoszy.pl\\\/blog-atrakcje\\\/wp-content\\\/litespeed\\\/avatar\\\/53ee7b676463f74d0aea1a09de3d003b.jpg?ver=1777427421\",\"caption\":\"agnieszka\"},\"url\":\"https:\\\/\\\/www.koronakarkonoszy.pl\\\/blog-atrakcje\\\/author\\\/agnieszka\\\/\"}]}<\/script>\n<!-- \/ Yoast SEO plugin. -->","yoast_head_json":{"title":"Park Zdrojowy w Cieplicach - :: DKK Atrakcje","description":"Park Zdrojowy w Cieplicach jest najcz\u0119\u015bciej wybierany miejscem na spacery. Mo\u017cna tu spotka\u0107 zar\u00f3wno mieszka\u0144c\u00f3w, turyst\u00f3w, jak i kuracjuszy.","robots":{"index":"index","follow":"follow","max-snippet":"max-snippet:-1","max-image-preview":"max-image-preview:large","max-video-preview":"max-video-preview:-1"},"canonical":"https:\/\/www.koronakarkonoszy.pl\/blog-atrakcje\/park-zdrojowy-w-cieplicach\/","og_locale":"pl_PL","og_type":"article","og_title":"Park Zdrojowy w Cieplicach - :: DKK Atrakcje","og_description":"Park Zdrojowy w Cieplicach jest najcz\u0119\u015bciej wybierany miejscem na spacery. Mo\u017cna tu spotka\u0107 zar\u00f3wno mieszka\u0144c\u00f3w, turyst\u00f3w, jak i kuracjuszy.","og_url":"https:\/\/www.koronakarkonoszy.pl\/blog-atrakcje\/park-zdrojowy-w-cieplicach\/","og_site_name":":: DKK Atrakcje","article_published_time":"2023-05-12T16:19:28+00:00","article_modified_time":"2023-05-12T16:19:31+00:00","og_image":[{"width":1000,"height":662,"url":"https:\/\/www.koronakarkonoszy.pl\/blog-atrakcje\/wp-content\/uploads\/2022\/11\/Park-Zdrojowy-w_Cieplicach.jpg","type":"image\/jpeg"}],"author":"agnieszka","twitter_card":"summary_large_image","twitter_misc":{"Napisane przez":"agnieszka","Szacowany czas czytania":"5 minut"},"schema":{"@context":"https:\/\/schema.org","@graph":[{"@type":"Article","@id":"https:\/\/www.koronakarkonoszy.pl\/blog-atrakcje\/park-zdrojowy-w-cieplicach\/#article","isPartOf":{"@id":"https:\/\/www.koronakarkonoszy.pl\/blog-atrakcje\/park-zdrojowy-w-cieplicach\/"},"author":{"name":"agnieszka","@id":"https:\/\/www.koronakarkonoszy.pl\/blog-atrakcje\/#\/schema\/person\/993b3c39215e0c277c79410bfe84333f"},"headline":"Park Zdrojowy w Cieplicach","datePublished":"2023-05-12T16:19:28+00:00","dateModified":"2023-05-12T16:19:31+00:00","mainEntityOfPage":{"@id":"https:\/\/www.koronakarkonoszy.pl\/blog-atrakcje\/park-zdrojowy-w-cieplicach\/"},"wordCount":703,"commentCount":0,"image":{"@id":"https:\/\/www.koronakarkonoszy.pl\/blog-atrakcje\/park-zdrojowy-w-cieplicach\/#primaryimage"},"thumbnailUrl":"https:\/\/www.koronakarkonoszy.pl\/blog-atrakcje\/wp-content\/uploads\/2022\/11\/Park-Zdrojowy-w_Cieplicach.jpg","articleSection":["Atrakcje przyrodnicze"],"inLanguage":"pl-PL","potentialAction":[{"@type":"CommentAction","name":"Comment","target":["https:\/\/www.koronakarkonoszy.pl\/blog-atrakcje\/park-zdrojowy-w-cieplicach\/#respond"]}]},{"@type":"WebPage","@id":"https:\/\/www.koronakarkonoszy.pl\/blog-atrakcje\/park-zdrojowy-w-cieplicach\/","url":"https:\/\/www.koronakarkonoszy.pl\/blog-atrakcje\/park-zdrojowy-w-cieplicach\/","name":"Park Zdrojowy w Cieplicach - :: DKK Atrakcje","isPartOf":{"@id":"https:\/\/www.koronakarkonoszy.pl\/blog-atrakcje\/#website"},"primaryImageOfPage":{"@id":"https:\/\/www.koronakarkonoszy.pl\/blog-atrakcje\/park-zdrojowy-w-cieplicach\/#primaryimage"},"image":{"@id":"https:\/\/www.koronakarkonoszy.pl\/blog-atrakcje\/park-zdrojowy-w-cieplicach\/#primaryimage"},"thumbnailUrl":"https:\/\/www.koronakarkonoszy.pl\/blog-atrakcje\/wp-content\/uploads\/2022\/11\/Park-Zdrojowy-w_Cieplicach.jpg","datePublished":"2023-05-12T16:19:28+00:00","dateModified":"2023-05-12T16:19:31+00:00","author":{"@id":"https:\/\/www.koronakarkonoszy.pl\/blog-atrakcje\/#\/schema\/person\/993b3c39215e0c277c79410bfe84333f"},"description":"Park Zdrojowy w Cieplicach jest najcz\u0119\u015bciej wybierany miejscem na spacery. Mo\u017cna tu spotka\u0107 zar\u00f3wno mieszka\u0144c\u00f3w, turyst\u00f3w, jak i kuracjuszy.","breadcrumb":{"@id":"https:\/\/www.koronakarkonoszy.pl\/blog-atrakcje\/park-zdrojowy-w-cieplicach\/#breadcrumb"},"inLanguage":"pl-PL","potentialAction":[{"@type":"ReadAction","target":["https:\/\/www.koronakarkonoszy.pl\/blog-atrakcje\/park-zdrojowy-w-cieplicach\/"]}]},{"@type":"ImageObject","inLanguage":"pl-PL","@id":"https:\/\/www.koronakarkonoszy.pl\/blog-atrakcje\/park-zdrojowy-w-cieplicach\/#primaryimage","url":"https:\/\/www.koronakarkonoszy.pl\/blog-atrakcje\/wp-content\/uploads\/2022\/11\/Park-Zdrojowy-w_Cieplicach.jpg","contentUrl":"https:\/\/www.koronakarkonoszy.pl\/blog-atrakcje\/wp-content\/uploads\/2022\/11\/Park-Zdrojowy-w_Cieplicach.jpg","width":1000,"height":662},{"@type":"BreadcrumbList","@id":"https:\/\/www.koronakarkonoszy.pl\/blog-atrakcje\/park-zdrojowy-w-cieplicach\/#breadcrumb","itemListElement":[{"@type":"ListItem","position":1,"name":"Strona g\u0142\u00f3wna","item":"https:\/\/www.koronakarkonoszy.pl\/blog-atrakcje\/"},{"@type":"ListItem","position":2,"name":"Park Zdrojowy w Cieplicach"}]},{"@type":"WebSite","@id":"https:\/\/www.koronakarkonoszy.pl\/blog-atrakcje\/#website","url":"https:\/\/www.koronakarkonoszy.pl\/blog-atrakcje\/","name":":: DKK Atrakcje","description":"Atrakcje Dworu Korona Karkonoszy","potentialAction":[{"@type":"SearchAction","target":{"@type":"EntryPoint","urlTemplate":"https:\/\/www.koronakarkonoszy.pl\/blog-atrakcje\/?s={search_term_string}"},"query-input":{"@type":"PropertyValueSpecification","valueRequired":true,"valueName":"search_term_string"}}],"inLanguage":"pl-PL"},{"@type":"Person","@id":"https:\/\/www.koronakarkonoszy.pl\/blog-atrakcje\/#\/schema\/person\/993b3c39215e0c277c79410bfe84333f","name":"agnieszka","image":{"@type":"ImageObject","inLanguage":"pl-PL","@id":"https:\/\/www.koronakarkonoszy.pl\/blog-atrakcje\/wp-content\/litespeed\/avatar\/53ee7b676463f74d0aea1a09de3d003b.jpg?ver=1777427421","url":"https:\/\/www.koronakarkonoszy.pl\/blog-atrakcje\/wp-content\/litespeed\/avatar\/53ee7b676463f74d0aea1a09de3d003b.jpg?ver=1777427421","contentUrl":"https:\/\/www.koronakarkonoszy.pl\/blog-atrakcje\/wp-content\/litespeed\/avatar\/53ee7b676463f74d0aea1a09de3d003b.jpg?ver=1777427421","caption":"agnieszka"},"url":"https:\/\/www.koronakarkonoszy.pl\/blog-atrakcje\/author\/agnieszka\/"}]}},"_links":{"self":[{"href":"https:\/\/www.koronakarkonoszy.pl\/blog-atrakcje\/wp-json\/wp\/v2\/posts\/4984","targetHints":{"allow":["GET"]}}],"collection":[{"href":"https:\/\/www.koronakarkonoszy.pl\/blog-atrakcje\/wp-json\/wp\/v2\/posts"}],"about":[{"href":"https:\/\/www.koronakarkonoszy.pl\/blog-atrakcje\/wp-json\/wp\/v2\/types\/post"}],"author":[{"embeddable":true,"href":"https:\/\/www.koronakarkonoszy.pl\/blog-atrakcje\/wp-json\/wp\/v2\/users\/11"}],"replies":[{"embeddable":true,"href":"https:\/\/www.koronakarkonoszy.pl\/blog-atrakcje\/wp-json\/wp\/v2\/comments?post=4984"}],"version-history":[{"count":0,"href":"https:\/\/www.koronakarkonoszy.pl\/blog-atrakcje\/wp-json\/wp\/v2\/posts\/4984\/revisions"}],"wp:featuredmedia":[{"embeddable":true,"href":"https:\/\/www.koronakarkonoszy.pl\/blog-atrakcje\/wp-json\/wp\/v2\/media\/4986"}],"wp:attachment":[{"href":"https:\/\/www.koronakarkonoszy.pl\/blog-atrakcje\/wp-json\/wp\/v2\/media?parent=4984"}],"wp:term":[{"taxonomy":"category","embeddable":true,"href":"https:\/\/www.koronakarkonoszy.pl\/blog-atrakcje\/wp-json\/wp\/v2\/categories?post=4984"}],"curies":[{"name":"wp","href":"https:\/\/api.w.org\/{rel}","templated":true}]}}