{"id":4733,"date":"2022-08-10T13:09:03","date_gmt":"2022-08-10T11:09:03","guid":{"rendered":"https:\/\/www.koronakarkonoszy.pl\/blog-atrakcje\/?p=4733"},"modified":"2023-02-20T13:23:24","modified_gmt":"2023-02-20T12:23:24","slug":"park-krajobrazowy-gor-sowich","status":"publish","type":"post","link":"https:\/\/www.koronakarkonoszy.pl\/blog-atrakcje\/park-krajobrazowy-gor-sowich\/","title":{"rendered":"Park Krajobrazowy<br>G\u00f3r Sowich"},"content":{"rendered":"\n<p>Park Krajobrazowy G\u00f3r Sowich po\u0142o\u017cony w Sudetach \u015arodkowych na Dolnym \u015al\u0105sku. Obszar parku obejmuje cz\u0119\u015b\u0107 bloku gnejsowego G\u00f3r Sowich, kt\u00f3ra jest najstarszym elementem budowy geologicznej Sudet\u00f3w z okresu prekambru.<\/p>\n\n\n\n<p><strong>Park Krajobrazowy G\u00f3r Sowich<\/strong> utworzony zosta\u0142 w 1991 r. i ma powierzchnie 8,1 hektara. Zajmuje obszar grzbietu od Prze\u0142\u0119czy Woliborskiej, przez okolice Jedliny-Zdr\u00f3j a\u017c po szczyt Wielkiej Sowy(1015 m n.p.m) a tak\u017ce inne wzniesienia jak: S\u0142oneczn\u0105, Kalenic\u0119 oraz Czarne K\u0105ty. <\/p>\n\n\n\n<p><strong>Park <\/strong>zachwyca swoim malowniczym ukszta\u0142towaniem terenu \u2013 g\u00f3rskie krajobrazy rozgraniczaj\u0105 doliny, ze skalnymi wodospadami i przecinaj\u0105cymi je potokami, poro\u015bni\u0119te g\u0119st\u0105 puszcz\u0105. Idealnym punktem widokowym, z kt\u00f3rego mo\u017cna dostrzec wyj\u0105tkowe walory G\u00f3r Sowich, jest szczyt Kalenica, na kt\u00f3rym znajduje si\u0119 wie\u017ca widokowa. W jej s\u0105siedztwie znajduje si\u0119 Rezerwat przyrody Bukowa Kalenica, na terenie kt\u00f3rego ro\u015bnie pierwotny, skar\u0142owacia\u0142y bukowy las.<\/p>\n\n\n\n<h2 class=\"wp-block-heading\" id=\"ha-imprezy-w-gorach\">Imprezy w g\u00f3rach <\/h2>\n\n\n\n<p>G\u00f3ry maj\u0105 w sobie co\u015b magicznego. Ich majestat i uroda nikogo nie pozostawia oboj\u0119tnym. Nic dziwnego, \u017ce to miejsce tak ch\u0119tnie wybierane na urlop czy na weekendowy wypad z rodzin\u0105. Tak\u017ce firmy cz\u0119sto zabieraj\u0105 swoich pracownik\u00f3w na wyjazdy integracyjne z elementami team buildingu w g\u00f3rskie rejony. A jeszcze imprezy \u015blubne &#8211; <a href=\"https:\/\/www.koronakarkonoszy.pl\/wesele\/\" target=\"_blank\" rel=\"noreferrer noopener\">wesela w g\u00f3rach<\/a> zawsze s\u0105 wyj\u0105tkowe! Cho\u0107 tak\u017ce <a href=\"https:\/\/www.koronakarkonoszy.pl\/blog\/wesele-dolny-slask\/\" target=\"_blank\" rel=\"noreferrer noopener\">wesela na Dolnym \u015al\u0105sku<\/a>, w ca\u0142ym regionie s\u0105 ch\u0119tnie urz\u0105dzane, r\u00f3wnie\u017c w G\u00f3rach Sowich. <\/p>\n\n\n\n<h2 class=\"wp-block-heading\" id=\"ha-park-krajobrazowy-gor-sowich-informacje-dla-turystow\">Park Krajobrazowy G\u00f3r Sowich &#8211; informacje dla turyst\u00f3w<\/h2>\n\n\n\n<p>Aby zwiedzi\u0107 <strong>Park Krajobrazowy G\u00f3r Sowich<\/strong> nale\u017cy wybra\u0107 jeden z wielu prowadz\u0105cych do niego szlak\u00f3w. G\u0142\u00f3wny Szlak Sudecki \u2013 oznaczony kolorem czerwonym \u2013 biegnie z Jedliny Zdr\u00f3j i dalej. Ci\u0105gnie si\u0119 przez g\u0142\u00f3wny grzbiet G\u00f3r Sowich od Prze\u0142\u0119czy Marcowej po Wielka Sow\u0119 czy Kalenic\u0119, a\u017c do Prze\u0142\u0119czy Srebrnej. Jego \u0142\u0105czna d\u0142ugo\u015b\u0107 wynosi ok. 38 km. Kr\u00f3tsz\u0105, ale r\u00f3wnie satysfakcjonuj\u0105c\u0105 tras\u0105, jest szlak \u017c\u00f3\u0142ty biegn\u0105cy od Walimia, przez Wielk\u0105 Sow\u0119, a\u017c do Pieszyc. Trasa liczy ok. 11 km. Alternatyw\u0105, idealn\u0105  dla rodzin z dzie\u0107mi, jest \u015acie\u017cka Przyrodnicza o d\u0142ugo\u015bci ok. 3 km, oznaczona kolorem zielonym, biegn\u0105ca z Kamionki do Lasocin.<\/p>\n\n\n\n<p>G\u00f3ry Sowie przyci\u0105gaj\u0105 swoj\u0105 tajemnicz\u0105 aur\u0105 i bez w\u0105tpienia wieloma atrakcjami. Opr\u00f3cz malowniczych krajobraz\u00f3w a tak\u017ce barwnych szczyt\u00f3w, przy okazji pobytu w <strong>Parku Krajobrazowym G\u00f3r Sowich<\/strong> warto odwiedzi\u0107 <a href=\"https:\/\/www.koronakarkonoszy.pl\/blog-atrakcje\/twierdza-srebrna-gora\/\">Twierdz\u0119 Srebrna G\u00f3ra<\/a>. Reprezentuje ona dzie\u0142o architektury militarnej. W tajemnicz\u0105 aur\u0119 wpisuj\u0105 si\u0119 szczeg\u00f3lnie zlokalizowane na tutejszych terenach obiekty projektu \u201eRiese\u201d z okresu II wojny \u015bwiatowej. Te podziemia maj\u0105 nie do ko\u0144ca znane przeznaczenie. Zosta\u0142y budowane na zlecenie nazist\u00f3w w latach 1943-1945.<\/p>\n\n\n\n<h2 class=\"wp-block-heading\" id=\"ha-dojazd-z-dwor-korona-karkonoszy\">Dojazd z Dw\u00f3r Korona Karkonoszy:<\/h2>\n\n\n<style>\n    .destination_map{\n        margin: 1.5em 0;\n    }\n    body:not(.wp-admin) .admin {\n        display: none;\n    }\n    .map {\n        max-width: 800px;\n        height: 400px;\n    }\n    .wp-admin .map {\n        display: none;\n    }\n<\/style>\n\n<div id=\"destination_map-block_168e5407cc122486dc93124e8707b502\" class=\"destination_map\">\n    <div class=\"destinationmap-body admin\" style=\"background-color: lightblue;\">\n                Mapa dojazdu\n    <\/div>\n    <div id=\"block_168e5407cc122486dc93124e8707b502\" class=\"map\"><\/div>\n<\/div>\n\n<script>\n    (function($){\n\n    function mapLocation() {\n      var directionsDisplay;\n      var directionsService = new google.maps.DirectionsService();\n      var map;\n\n      function initialize() {\n        directionsDisplay = new google.maps.DirectionsRenderer();\n        var korona = new google.maps.LatLng(50.81947934480897, 15.721371130683515);\n        var mapOptions = {\n          zoom: 13,\n          center: korona\n        };\n        map = new google.maps.Map(document.getElementById('block_168e5407cc122486dc93124e8707b502'), mapOptions);\n        directionsDisplay.setMap(map);\n      \n        var start = new google.maps.LatLng(50.81947934480897, 15.721371130683515);\n        var end = new google.maps.LatLng(50.680265, 16.4849351);\n        var request = {\n          origin: start,\n          destination: end,\n          travelMode: google.maps.TravelMode.DRIVING\n        };\n        directionsService.route(request, function(response, status) {\n          if (status == google.maps.DirectionsStatus.OK) {\n            directionsDisplay.setDirections(response);\n            directionsDisplay.setMap(map);\n          } else {\n            alert(\"Directions Request from \" + start.toUrlValue(6) + \" to \" + end.toUrlValue(6) + \" failed: \" + status);\n          }\n        });\n      }\n\n      google.maps.event.addDomListener(window, 'load', initialize);\n    }\n    mapLocation();\n\n})(jQuery);\n\n\n<\/script>","protected":false},"excerpt":{"rendered":"<p>Park Krajobrazowy G\u00f3r Sowich po\u0142o\u017cony w Sudetach \u015arodkowych na Dolnym \u015al\u0105sku. Obszar parku obejmuje cz\u0119\u015b\u0107 bloku gnejsowego G\u00f3r Sowich, kt\u00f3ra jest najstarszym elementem budowy geologicznej Sudet\u00f3w z okresu prekambru. Park Krajobrazowy G\u00f3r Sowich utworzony zosta\u0142 w 1991 r. i ma powierzchnie 8,1 hektara. Zajmuje obszar grzbietu od Prze\u0142\u0119czy Woliborskiej, przez okolice Jedliny-Zdr\u00f3j a\u017c po szczyt [&hellip;]<\/p>\n","protected":false},"author":4,"featured_media":4734,"comment_status":"open","ping_status":"open","sticky":false,"template":"","format":"standard","meta":{"_acf_changed":false,"footnotes":""},"categories":[11],"class_list":["post-4733","post","type-post","status-publish","format-standard","has-post-thumbnail","hentry","category-atrakcje-przyrodnicze"],"acf":{"Location_of_attractions":{"location":{"address":"Park Krajobrazowy G\u00f3r Sowich, Jug\u00f3w, Polska","lat":50.680265,"lng":16.4849351,"zoom":14,"place_id":"ChIJq5S2h81HDkcRjjnde4wJxbU","name":"Park Krajobrazowy G\u00f3r Sowich","city":"Jug\u00f3w","state":"Dolno\u015bl\u0105skie","post_code":"57-430","country":"Polska","country_short":"PL"},"categories":["krajobrazy","przyrodnicze"]}},"yoast_head":"<!-- This site is optimized with the Yoast SEO plugin v27.5 - https:\/\/yoast.com\/product\/yoast-seo-wordpress\/ -->\n<title>Park KrajobrazowyG\u00f3r Sowich - :: DKK Atrakcje<\/title>\n<meta name=\"description\" content=\"Park Krajobrazowy G\u00f3r Sowich po\u0142o\u017cony w Sudetach \u015arodkowych na Dolnym \u015al\u0105sku. Obszar parku obejmuje cz\u0119\u015b\u0107 bloku gnejsowego G\u00f3r Sowich.\" \/>\n<meta name=\"robots\" content=\"index, follow, max-snippet:-1, max-image-preview:large, max-video-preview:-1\" \/>\n<link rel=\"canonical\" href=\"https:\/\/www.koronakarkonoszy.pl\/blog-atrakcje\/park-krajobrazowy-gor-sowich\/\" \/>\n<meta property=\"og:locale\" content=\"pl_PL\" \/>\n<meta property=\"og:type\" content=\"article\" \/>\n<meta property=\"og:title\" content=\"Park KrajobrazowyG\u00f3r Sowich - :: DKK Atrakcje\" \/>\n<meta property=\"og:description\" content=\"Park Krajobrazowy G\u00f3r Sowich po\u0142o\u017cony w Sudetach \u015arodkowych na Dolnym \u015al\u0105sku. Obszar parku obejmuje cz\u0119\u015b\u0107 bloku gnejsowego G\u00f3r Sowich.\" \/>\n<meta property=\"og:url\" content=\"https:\/\/www.koronakarkonoszy.pl\/blog-atrakcje\/park-krajobrazowy-gor-sowich\/\" \/>\n<meta property=\"og:site_name\" content=\":: DKK Atrakcje\" \/>\n<meta property=\"article:published_time\" content=\"2022-08-10T11:09:03+00:00\" \/>\n<meta property=\"article:modified_time\" content=\"2023-02-20T12:23:24+00:00\" \/>\n<meta property=\"og:image\" content=\"https:\/\/www.koronakarkonoszy.pl\/blog-atrakcje\/wp-content\/uploads\/2022\/08\/Park-Krajobrazowy-Gor-Sowich.jpg\" \/>\n\t<meta property=\"og:image:width\" content=\"1024\" \/>\n\t<meta property=\"og:image:height\" content=\"701\" \/>\n\t<meta property=\"og:image:type\" content=\"image\/jpeg\" \/>\n<meta name=\"author\" content=\"Maria Szruba\" \/>\n<meta name=\"twitter:card\" content=\"summary_large_image\" \/>\n<meta name=\"twitter:label1\" content=\"Napisane przez\" \/>\n\t<meta name=\"twitter:data1\" content=\"Maria Szruba\" \/>\n\t<meta name=\"twitter:label2\" content=\"Szacowany czas czytania\" \/>\n\t<meta name=\"twitter:data2\" content=\"3 minuty\" \/>\n<script type=\"application\/ld+json\" class=\"yoast-schema-graph\">{\"@context\":\"https:\\\/\\\/schema.org\",\"@graph\":[{\"@type\":\"Article\",\"@id\":\"https:\\\/\\\/www.koronakarkonoszy.pl\\\/blog-atrakcje\\\/park-krajobrazowy-gor-sowich\\\/#article\",\"isPartOf\":{\"@id\":\"https:\\\/\\\/www.koronakarkonoszy.pl\\\/blog-atrakcje\\\/park-krajobrazowy-gor-sowich\\\/\"},\"author\":{\"name\":\"Maria Szruba\",\"@id\":\"https:\\\/\\\/www.koronakarkonoszy.pl\\\/blog-atrakcje\\\/#\\\/schema\\\/person\\\/be5a29e52e1ce4748a1555437fcf1de4\"},\"headline\":\"Park Krajobrazowy G\u00f3r Sowich\",\"datePublished\":\"2022-08-10T11:09:03+00:00\",\"dateModified\":\"2023-02-20T12:23:24+00:00\",\"mainEntityOfPage\":{\"@id\":\"https:\\\/\\\/www.koronakarkonoszy.pl\\\/blog-atrakcje\\\/park-krajobrazowy-gor-sowich\\\/\"},\"wordCount\":468,\"commentCount\":0,\"image\":{\"@id\":\"https:\\\/\\\/www.koronakarkonoszy.pl\\\/blog-atrakcje\\\/park-krajobrazowy-gor-sowich\\\/#primaryimage\"},\"thumbnailUrl\":\"https:\\\/\\\/www.koronakarkonoszy.pl\\\/blog-atrakcje\\\/wp-content\\\/uploads\\\/2022\\\/08\\\/Park-Krajobrazowy-Gor-Sowich.jpg\",\"articleSection\":[\"Atrakcje przyrodnicze\"],\"inLanguage\":\"pl-PL\",\"potentialAction\":[{\"@type\":\"CommentAction\",\"name\":\"Comment\",\"target\":[\"https:\\\/\\\/www.koronakarkonoszy.pl\\\/blog-atrakcje\\\/park-krajobrazowy-gor-sowich\\\/#respond\"]}]},{\"@type\":\"WebPage\",\"@id\":\"https:\\\/\\\/www.koronakarkonoszy.pl\\\/blog-atrakcje\\\/park-krajobrazowy-gor-sowich\\\/\",\"url\":\"https:\\\/\\\/www.koronakarkonoszy.pl\\\/blog-atrakcje\\\/park-krajobrazowy-gor-sowich\\\/\",\"name\":\"Park Krajobrazowy G\u00f3r Sowich - :: DKK Atrakcje\",\"isPartOf\":{\"@id\":\"https:\\\/\\\/www.koronakarkonoszy.pl\\\/blog-atrakcje\\\/#website\"},\"primaryImageOfPage\":{\"@id\":\"https:\\\/\\\/www.koronakarkonoszy.pl\\\/blog-atrakcje\\\/park-krajobrazowy-gor-sowich\\\/#primaryimage\"},\"image\":{\"@id\":\"https:\\\/\\\/www.koronakarkonoszy.pl\\\/blog-atrakcje\\\/park-krajobrazowy-gor-sowich\\\/#primaryimage\"},\"thumbnailUrl\":\"https:\\\/\\\/www.koronakarkonoszy.pl\\\/blog-atrakcje\\\/wp-content\\\/uploads\\\/2022\\\/08\\\/Park-Krajobrazowy-Gor-Sowich.jpg\",\"datePublished\":\"2022-08-10T11:09:03+00:00\",\"dateModified\":\"2023-02-20T12:23:24+00:00\",\"author\":{\"@id\":\"https:\\\/\\\/www.koronakarkonoszy.pl\\\/blog-atrakcje\\\/#\\\/schema\\\/person\\\/be5a29e52e1ce4748a1555437fcf1de4\"},\"description\":\"Park Krajobrazowy G\u00f3r Sowich po\u0142o\u017cony w Sudetach \u015arodkowych na Dolnym \u015al\u0105sku. Obszar parku obejmuje cz\u0119\u015b\u0107 bloku gnejsowego G\u00f3r Sowich.\",\"breadcrumb\":{\"@id\":\"https:\\\/\\\/www.koronakarkonoszy.pl\\\/blog-atrakcje\\\/park-krajobrazowy-gor-sowich\\\/#breadcrumb\"},\"inLanguage\":\"pl-PL\",\"potentialAction\":[{\"@type\":\"ReadAction\",\"target\":[\"https:\\\/\\\/www.koronakarkonoszy.pl\\\/blog-atrakcje\\\/park-krajobrazowy-gor-sowich\\\/\"]}]},{\"@type\":\"ImageObject\",\"inLanguage\":\"pl-PL\",\"@id\":\"https:\\\/\\\/www.koronakarkonoszy.pl\\\/blog-atrakcje\\\/park-krajobrazowy-gor-sowich\\\/#primaryimage\",\"url\":\"https:\\\/\\\/www.koronakarkonoszy.pl\\\/blog-atrakcje\\\/wp-content\\\/uploads\\\/2022\\\/08\\\/Park-Krajobrazowy-Gor-Sowich.jpg\",\"contentUrl\":\"https:\\\/\\\/www.koronakarkonoszy.pl\\\/blog-atrakcje\\\/wp-content\\\/uploads\\\/2022\\\/08\\\/Park-Krajobrazowy-Gor-Sowich.jpg\",\"width\":1024,\"height\":701},{\"@type\":\"BreadcrumbList\",\"@id\":\"https:\\\/\\\/www.koronakarkonoszy.pl\\\/blog-atrakcje\\\/park-krajobrazowy-gor-sowich\\\/#breadcrumb\",\"itemListElement\":[{\"@type\":\"ListItem\",\"position\":1,\"name\":\"Strona g\u0142\u00f3wna\",\"item\":\"https:\\\/\\\/www.koronakarkonoszy.pl\\\/blog-atrakcje\\\/\"},{\"@type\":\"ListItem\",\"position\":2,\"name\":\"Park KrajobrazowyG\u00f3r Sowich\"}]},{\"@type\":\"WebSite\",\"@id\":\"https:\\\/\\\/www.koronakarkonoszy.pl\\\/blog-atrakcje\\\/#website\",\"url\":\"https:\\\/\\\/www.koronakarkonoszy.pl\\\/blog-atrakcje\\\/\",\"name\":\":: DKK Atrakcje\",\"description\":\"Atrakcje Dworu Korona Karkonoszy\",\"potentialAction\":[{\"@type\":\"SearchAction\",\"target\":{\"@type\":\"EntryPoint\",\"urlTemplate\":\"https:\\\/\\\/www.koronakarkonoszy.pl\\\/blog-atrakcje\\\/?s={search_term_string}\"},\"query-input\":{\"@type\":\"PropertyValueSpecification\",\"valueRequired\":true,\"valueName\":\"search_term_string\"}}],\"inLanguage\":\"pl-PL\"},{\"@type\":\"Person\",\"@id\":\"https:\\\/\\\/www.koronakarkonoszy.pl\\\/blog-atrakcje\\\/#\\\/schema\\\/person\\\/be5a29e52e1ce4748a1555437fcf1de4\",\"name\":\"Maria Szruba\",\"image\":{\"@type\":\"ImageObject\",\"inLanguage\":\"pl-PL\",\"@id\":\"https:\\\/\\\/www.koronakarkonoszy.pl\\\/blog-atrakcje\\\/wp-content\\\/litespeed\\\/avatar\\\/d0fe7fde2b2277621e0a2904789bab14.jpg?ver=1777427419\",\"url\":\"https:\\\/\\\/www.koronakarkonoszy.pl\\\/blog-atrakcje\\\/wp-content\\\/litespeed\\\/avatar\\\/d0fe7fde2b2277621e0a2904789bab14.jpg?ver=1777427419\",\"contentUrl\":\"https:\\\/\\\/www.koronakarkonoszy.pl\\\/blog-atrakcje\\\/wp-content\\\/litespeed\\\/avatar\\\/d0fe7fde2b2277621e0a2904789bab14.jpg?ver=1777427419\",\"caption\":\"Maria Szruba\"},\"url\":\"https:\\\/\\\/www.koronakarkonoszy.pl\\\/blog-atrakcje\\\/author\\\/m-szruba\\\/\"}]}<\/script>\n<!-- \/ Yoast SEO plugin. -->","yoast_head_json":{"title":"Park KrajobrazowyG\u00f3r Sowich - :: DKK Atrakcje","description":"Park Krajobrazowy G\u00f3r Sowich po\u0142o\u017cony w Sudetach \u015arodkowych na Dolnym \u015al\u0105sku. Obszar parku obejmuje cz\u0119\u015b\u0107 bloku gnejsowego G\u00f3r Sowich.","robots":{"index":"index","follow":"follow","max-snippet":"max-snippet:-1","max-image-preview":"max-image-preview:large","max-video-preview":"max-video-preview:-1"},"canonical":"https:\/\/www.koronakarkonoszy.pl\/blog-atrakcje\/park-krajobrazowy-gor-sowich\/","og_locale":"pl_PL","og_type":"article","og_title":"Park KrajobrazowyG\u00f3r Sowich - :: DKK Atrakcje","og_description":"Park Krajobrazowy G\u00f3r Sowich po\u0142o\u017cony w Sudetach \u015arodkowych na Dolnym \u015al\u0105sku. Obszar parku obejmuje cz\u0119\u015b\u0107 bloku gnejsowego G\u00f3r Sowich.","og_url":"https:\/\/www.koronakarkonoszy.pl\/blog-atrakcje\/park-krajobrazowy-gor-sowich\/","og_site_name":":: DKK Atrakcje","article_published_time":"2022-08-10T11:09:03+00:00","article_modified_time":"2023-02-20T12:23:24+00:00","og_image":[{"width":1024,"height":701,"url":"https:\/\/www.koronakarkonoszy.pl\/blog-atrakcje\/wp-content\/uploads\/2022\/08\/Park-Krajobrazowy-Gor-Sowich.jpg","type":"image\/jpeg"}],"author":"Maria Szruba","twitter_card":"summary_large_image","twitter_misc":{"Napisane przez":"Maria Szruba","Szacowany czas czytania":"3 minuty"},"schema":{"@context":"https:\/\/schema.org","@graph":[{"@type":"Article","@id":"https:\/\/www.koronakarkonoszy.pl\/blog-atrakcje\/park-krajobrazowy-gor-sowich\/#article","isPartOf":{"@id":"https:\/\/www.koronakarkonoszy.pl\/blog-atrakcje\/park-krajobrazowy-gor-sowich\/"},"author":{"name":"Maria Szruba","@id":"https:\/\/www.koronakarkonoszy.pl\/blog-atrakcje\/#\/schema\/person\/be5a29e52e1ce4748a1555437fcf1de4"},"headline":"Park Krajobrazowy G\u00f3r Sowich","datePublished":"2022-08-10T11:09:03+00:00","dateModified":"2023-02-20T12:23:24+00:00","mainEntityOfPage":{"@id":"https:\/\/www.koronakarkonoszy.pl\/blog-atrakcje\/park-krajobrazowy-gor-sowich\/"},"wordCount":468,"commentCount":0,"image":{"@id":"https:\/\/www.koronakarkonoszy.pl\/blog-atrakcje\/park-krajobrazowy-gor-sowich\/#primaryimage"},"thumbnailUrl":"https:\/\/www.koronakarkonoszy.pl\/blog-atrakcje\/wp-content\/uploads\/2022\/08\/Park-Krajobrazowy-Gor-Sowich.jpg","articleSection":["Atrakcje przyrodnicze"],"inLanguage":"pl-PL","potentialAction":[{"@type":"CommentAction","name":"Comment","target":["https:\/\/www.koronakarkonoszy.pl\/blog-atrakcje\/park-krajobrazowy-gor-sowich\/#respond"]}]},{"@type":"WebPage","@id":"https:\/\/www.koronakarkonoszy.pl\/blog-atrakcje\/park-krajobrazowy-gor-sowich\/","url":"https:\/\/www.koronakarkonoszy.pl\/blog-atrakcje\/park-krajobrazowy-gor-sowich\/","name":"Park Krajobrazowy G\u00f3r Sowich - :: DKK Atrakcje","isPartOf":{"@id":"https:\/\/www.koronakarkonoszy.pl\/blog-atrakcje\/#website"},"primaryImageOfPage":{"@id":"https:\/\/www.koronakarkonoszy.pl\/blog-atrakcje\/park-krajobrazowy-gor-sowich\/#primaryimage"},"image":{"@id":"https:\/\/www.koronakarkonoszy.pl\/blog-atrakcje\/park-krajobrazowy-gor-sowich\/#primaryimage"},"thumbnailUrl":"https:\/\/www.koronakarkonoszy.pl\/blog-atrakcje\/wp-content\/uploads\/2022\/08\/Park-Krajobrazowy-Gor-Sowich.jpg","datePublished":"2022-08-10T11:09:03+00:00","dateModified":"2023-02-20T12:23:24+00:00","author":{"@id":"https:\/\/www.koronakarkonoszy.pl\/blog-atrakcje\/#\/schema\/person\/be5a29e52e1ce4748a1555437fcf1de4"},"description":"Park Krajobrazowy G\u00f3r Sowich po\u0142o\u017cony w Sudetach \u015arodkowych na Dolnym \u015al\u0105sku. Obszar parku obejmuje cz\u0119\u015b\u0107 bloku gnejsowego G\u00f3r Sowich.","breadcrumb":{"@id":"https:\/\/www.koronakarkonoszy.pl\/blog-atrakcje\/park-krajobrazowy-gor-sowich\/#breadcrumb"},"inLanguage":"pl-PL","potentialAction":[{"@type":"ReadAction","target":["https:\/\/www.koronakarkonoszy.pl\/blog-atrakcje\/park-krajobrazowy-gor-sowich\/"]}]},{"@type":"ImageObject","inLanguage":"pl-PL","@id":"https:\/\/www.koronakarkonoszy.pl\/blog-atrakcje\/park-krajobrazowy-gor-sowich\/#primaryimage","url":"https:\/\/www.koronakarkonoszy.pl\/blog-atrakcje\/wp-content\/uploads\/2022\/08\/Park-Krajobrazowy-Gor-Sowich.jpg","contentUrl":"https:\/\/www.koronakarkonoszy.pl\/blog-atrakcje\/wp-content\/uploads\/2022\/08\/Park-Krajobrazowy-Gor-Sowich.jpg","width":1024,"height":701},{"@type":"BreadcrumbList","@id":"https:\/\/www.koronakarkonoszy.pl\/blog-atrakcje\/park-krajobrazowy-gor-sowich\/#breadcrumb","itemListElement":[{"@type":"ListItem","position":1,"name":"Strona g\u0142\u00f3wna","item":"https:\/\/www.koronakarkonoszy.pl\/blog-atrakcje\/"},{"@type":"ListItem","position":2,"name":"Park KrajobrazowyG\u00f3r Sowich"}]},{"@type":"WebSite","@id":"https:\/\/www.koronakarkonoszy.pl\/blog-atrakcje\/#website","url":"https:\/\/www.koronakarkonoszy.pl\/blog-atrakcje\/","name":":: DKK Atrakcje","description":"Atrakcje Dworu Korona Karkonoszy","potentialAction":[{"@type":"SearchAction","target":{"@type":"EntryPoint","urlTemplate":"https:\/\/www.koronakarkonoszy.pl\/blog-atrakcje\/?s={search_term_string}"},"query-input":{"@type":"PropertyValueSpecification","valueRequired":true,"valueName":"search_term_string"}}],"inLanguage":"pl-PL"},{"@type":"Person","@id":"https:\/\/www.koronakarkonoszy.pl\/blog-atrakcje\/#\/schema\/person\/be5a29e52e1ce4748a1555437fcf1de4","name":"Maria Szruba","image":{"@type":"ImageObject","inLanguage":"pl-PL","@id":"https:\/\/www.koronakarkonoszy.pl\/blog-atrakcje\/wp-content\/litespeed\/avatar\/d0fe7fde2b2277621e0a2904789bab14.jpg?ver=1777427419","url":"https:\/\/www.koronakarkonoszy.pl\/blog-atrakcje\/wp-content\/litespeed\/avatar\/d0fe7fde2b2277621e0a2904789bab14.jpg?ver=1777427419","contentUrl":"https:\/\/www.koronakarkonoszy.pl\/blog-atrakcje\/wp-content\/litespeed\/avatar\/d0fe7fde2b2277621e0a2904789bab14.jpg?ver=1777427419","caption":"Maria Szruba"},"url":"https:\/\/www.koronakarkonoszy.pl\/blog-atrakcje\/author\/m-szruba\/"}]}},"_links":{"self":[{"href":"https:\/\/www.koronakarkonoszy.pl\/blog-atrakcje\/wp-json\/wp\/v2\/posts\/4733","targetHints":{"allow":["GET"]}}],"collection":[{"href":"https:\/\/www.koronakarkonoszy.pl\/blog-atrakcje\/wp-json\/wp\/v2\/posts"}],"about":[{"href":"https:\/\/www.koronakarkonoszy.pl\/blog-atrakcje\/wp-json\/wp\/v2\/types\/post"}],"author":[{"embeddable":true,"href":"https:\/\/www.koronakarkonoszy.pl\/blog-atrakcje\/wp-json\/wp\/v2\/users\/4"}],"replies":[{"embeddable":true,"href":"https:\/\/www.koronakarkonoszy.pl\/blog-atrakcje\/wp-json\/wp\/v2\/comments?post=4733"}],"version-history":[{"count":0,"href":"https:\/\/www.koronakarkonoszy.pl\/blog-atrakcje\/wp-json\/wp\/v2\/posts\/4733\/revisions"}],"wp:featuredmedia":[{"embeddable":true,"href":"https:\/\/www.koronakarkonoszy.pl\/blog-atrakcje\/wp-json\/wp\/v2\/media\/4734"}],"wp:attachment":[{"href":"https:\/\/www.koronakarkonoszy.pl\/blog-atrakcje\/wp-json\/wp\/v2\/media?parent=4733"}],"wp:term":[{"taxonomy":"category","embeddable":true,"href":"https:\/\/www.koronakarkonoszy.pl\/blog-atrakcje\/wp-json\/wp\/v2\/categories?post=4733"}],"curies":[{"name":"wp","href":"https:\/\/api.w.org\/{rel}","templated":true}]}}