{"id":4726,"date":"2022-08-10T12:23:23","date_gmt":"2022-08-10T10:23:23","guid":{"rendered":"https:\/\/www.koronakarkonoszy.pl\/blog-atrakcje\/?p=4726"},"modified":"2023-02-20T13:24:25","modified_gmt":"2023-02-20T12:24:25","slug":"twierdza-srebrna-gora","status":"publish","type":"post","link":"https:\/\/www.koronakarkonoszy.pl\/blog-atrakcje\/twierdza-srebrna-gora\/","title":{"rendered":"Twierdza Srebrna G\u00f3ra"},"content":{"rendered":"\n<p>Twierdza Srebrna G\u00f3ra to kompleks fort\u00f3w, zbudowany w latach 1765-1777 we wsi Srebrna G\u00f3ra na Dolnym \u015al\u0105sku. W czasach jej powstania by\u0142a najnowocze\u015bniejsz\u0105 budowl\u0105 tego typu w Europie. Twierdza jest ca\u0142ym kompleksem fortyfikacji otaczaj\u0105cych miejscowo\u015b\u0107, spo\u015br\u00f3d kt\u00f3rych najlepiej zachowane i udost\u0119pnione do zwiedzania s\u0105 Fort Donjon oraz Fort Ostr\u00f3g-Spitzberg.<\/p>\n\n\n\n<p><strong>Twierdza Srebrna G\u00f3ra<\/strong> jest dzie\u0142em pruskiego architekta Ludwika Wilhelma Reglera. Jej celem by\u0142o zabezpieczenie militarnie teren\u00f3w \u015al\u0105ska, kt\u00f3ry w 1740 roku wszed\u0142 w granice Prus. Budowa kompleksu fortyfikacji zaj\u0119\u0142a 12 lat. Ponadto poch\u0142on\u0119\u0142a ogromn\u0105 ilo\u015b\u0107 talar\u00f3w, kt\u00f3re zgromadzono dzi\u0119ki specjalnemu podatkowi na\u0142o\u017conemu na \u015al\u0105zak\u00f3w. By\u0142 to tzw. dopust srebnog\u00f3rski. <\/p>\n\n\n\n<p>Sw\u00f3j dzie\u0144 pr\u00f3by twierdza mia\u0142a w trakcie obl\u0119\u017cenia przez wojska napoleo\u0144skie, w czerwcu 1807 roku. Nast\u0119pnie twierdza zmieni\u0142a funkcj\u0119 na wi\u0119zienn\u0105, a\u017c do 1867 r. Ju\u017c pod koniec XIX wieku zauwa\u017cono jej walory architektoniczne, kt\u00f3re przyci\u0105ga\u0142y zainteresowanych militariami, dlatego te\u017c zamieniono fortyfikacj\u0119 na obiekt turystyki i rekreacji.<\/p>\n\n\n\n<h2 class=\"wp-block-heading\" id=\"ha-twierdza-srebrna-gora-informacje-dla-turystow\">Twierdza Srebrna G\u00f3ra &#8211; informacje dla turyst\u00f3w<\/h2>\n\n\n\n<p><strong>Twierdza Srebrna G\u00f3ra<\/strong> czynna jest od poniedzia\u0142ku do niedzieli wed\u0142ug sezon\u00f3w:<\/p>\n\n\n\n<ul class=\"wp-block-list\">\n<li>sezon kwiecie\u0144, maj, czerwiec, wrzesie\u0144, pa\u017adziernik w godzinach 10:00-18:00,<\/li>\n\n\n\n<li>sezon lipiec, sierpie\u0144 w godzinach 10:00-19:00,<\/li>\n\n\n\n<li>sezon listopad-marzec w godzinach 10:00-17:00. <\/li>\n<\/ul>\n\n\n\n<p>Obiekt jest nieczynny w niekt\u00f3re \u015bwi\u0119ta.<\/p>\n\n\n\n<p>Dost\u0119pne do zwiedzania Fort Spitzberg \u2013 Ostr\u00f3g oraz Fort Donjon, okre\u015blane nazw\u0105 kompleksu <strong>Twierdza Srebrna G\u00f3ra<\/strong>, dysponuj\u0105 ofert\u0105 osobnych bilet\u00f3w oraz \u0142\u0105czonych. Bilet \u0142\u0105czony to koszt 49 z\u0142 \u2013 normlany oraz 36 z\u0142 \u2013 ulgowy. Wst\u0119p do Twierdzy Srebrna G\u00f3ra (Fort Donjon) to cena 32 z\u0142 \u2013 bilet normalny oraz 24 z\u0142 \u2013 bilet ulgowy. Z Kart\u0105 Du\u017cej Rodziny: 22z\u0142 \u2013 normalny i 17 z\u0142 \u2013 ulgowy. <\/p>\n\n\n\n<p>W przypadku Fortu Ostr\u00f3g koszt bilet\u00f3w to 25 z\u0142 \u2013 normalny i 20 z\u0142 \u2013 ulgowy. Dla grup zorganizowanych, powy\u017cej 20 os\u00f3b \u2013 20 z\u0142 za osob\u0119. W obu przypadkach w cenie bilet\u00f3w uwzgl\u0119dniono zwiedzanie z przewodnikiem.<\/p>\n\n\n\n<p>Mi\u0119dzy Fortem Ostr\u00f3g i Fortem Donjon, przy drodze 385, znajduj\u0105 si\u0119 p\u0142atne parkingi w cenie ok. 10 z\u0142 za dzie\u0144 \u2013 st\u0105d droga do fort\u00f3w to ok. 15 min. Przy okazji zwiedzania <strong>Twierdzy<\/strong> <strong>Srebrna G\u00f3ra<\/strong>, warto wspi\u0105\u0107 si\u0119 wy\u017cej i zobaczy\u0107 r\u00f3wnie\u017c Fort Wysoka Ska\u0142a.<\/p>\n\n\n\n<h2 class=\"wp-block-heading\" id=\"ha-dojazd-z-dwor-korona-karkonoszy\">Dojazd z Dw\u00f3r Korona Karkonoszy:<\/h2>\n\n\n<style>\n    .destination_map{\n        margin: 1.5em 0;\n    }\n    body:not(.wp-admin) .admin {\n        display: none;\n    }\n    .map {\n        max-width: 800px;\n        height: 400px;\n    }\n    .wp-admin .map {\n        display: none;\n    }\n<\/style>\n\n<div id=\"destination_map-block_8f9400f2b5a50be51276e816ec363c91\" class=\"destination_map\">\n    <div class=\"destinationmap-body admin\" style=\"background-color: lightblue;\">\n                Mapa dojazdu\n    <\/div>\n    <div id=\"block_8f9400f2b5a50be51276e816ec363c91\" class=\"map\"><\/div>\n<\/div>\n\n<script>\n    (function($){\n\n    function mapLocation() {\n      var directionsDisplay;\n      var directionsService = new google.maps.DirectionsService();\n      var map;\n\n      function initialize() {\n        directionsDisplay = new google.maps.DirectionsRenderer();\n        var korona = new google.maps.LatLng(50.81947934480897, 15.721371130683515);\n        var mapOptions = {\n          zoom: 13,\n          center: korona\n        };\n        map = new google.maps.Map(document.getElementById('block_8f9400f2b5a50be51276e816ec363c91'), mapOptions);\n        directionsDisplay.setMap(map);\n      \n        var start = new google.maps.LatLng(50.81947934480897, 15.721371130683515);\n        var end = new google.maps.LatLng(50.5740737, 16.6427538);\n        var request = {\n          origin: start,\n          destination: end,\n          travelMode: google.maps.TravelMode.DRIVING\n        };\n        directionsService.route(request, function(response, status) {\n          if (status == google.maps.DirectionsStatus.OK) {\n            directionsDisplay.setDirections(response);\n            directionsDisplay.setMap(map);\n          } else {\n            alert(\"Directions Request from \" + start.toUrlValue(6) + \" to \" + end.toUrlValue(6) + \" failed: \" + status);\n          }\n        });\n      }\n\n      google.maps.event.addDomListener(window, 'load', initialize);\n    }\n    mapLocation();\n\n})(jQuery);\n\n\n<\/script>","protected":false},"excerpt":{"rendered":"<p>Twierdza Srebrna G\u00f3ra to kompleks fort\u00f3w, zbudowany w latach 1765-1777 we wsi Srebrna G\u00f3ra na Dolnym \u015al\u0105sku. W czasach jej powstania by\u0142a najnowocze\u015bniejsz\u0105 budowl\u0105 tego typu w Europie. Twierdza jest ca\u0142ym kompleksem fortyfikacji otaczaj\u0105cych miejscowo\u015b\u0107, spo\u015br\u00f3d kt\u00f3rych najlepiej zachowane i udost\u0119pnione do zwiedzania s\u0105 Fort Donjon oraz Fort Ostr\u00f3g-Spitzberg. Twierdza Srebrna G\u00f3ra jest dzie\u0142em pruskiego [&hellip;]<\/p>\n","protected":false},"author":4,"featured_media":4727,"comment_status":"open","ping_status":"open","sticky":false,"template":"","format":"standard","meta":{"_acf_changed":false,"footnotes":""},"categories":[13],"class_list":["post-4726","post","type-post","status-publish","format-standard","has-post-thumbnail","hentry","category-zamki-palace-warownie"],"acf":{"Location_of_attractions":{"location":{"address":"Twierdza Srebrna G\u00f3ra, Kr\u0119ta, Srebrna G\u00f3ra, Polska","lat":50.5740737,"lng":16.6427538,"zoom":14,"place_id":"ChIJUdvsQ0w5DkcRYvLTLex2Hck","name":"Twierdza Srebrna G\u00f3ra","street_number":4,"street_name":"Kr\u0119ta","city":"Srebrna G\u00f3ra","state":"Dolno\u015bl\u0105skie","post_code":"57-215","country":"Polska","country_short":"PL"},"categories":["historyczne"]}},"yoast_head":"<!-- This site is optimized with the Yoast SEO plugin v27.5 - https:\/\/yoast.com\/product\/yoast-seo-wordpress\/ -->\n<title>Twierdza Srebrna G\u00f3ra - :: DKK Atrakcje<\/title>\n<meta name=\"description\" content=\"Twierdza Srebrna G\u00f3ra to kompleks fort\u00f3w, zbudowany w latach 1765-1777 we wsi Srebrna G\u00f3ra na Dolnym \u015al\u0105sku.\" \/>\n<meta name=\"robots\" content=\"index, follow, max-snippet:-1, max-image-preview:large, max-video-preview:-1\" \/>\n<link rel=\"canonical\" href=\"https:\/\/www.koronakarkonoszy.pl\/blog-atrakcje\/twierdza-srebrna-gora\/\" \/>\n<meta property=\"og:locale\" content=\"pl_PL\" \/>\n<meta property=\"og:type\" content=\"article\" \/>\n<meta property=\"og:title\" content=\"Twierdza Srebrna G\u00f3ra - :: DKK Atrakcje\" \/>\n<meta property=\"og:description\" content=\"Twierdza Srebrna G\u00f3ra to kompleks fort\u00f3w, zbudowany w latach 1765-1777 we wsi Srebrna G\u00f3ra na Dolnym \u015al\u0105sku.\" \/>\n<meta property=\"og:url\" content=\"https:\/\/www.koronakarkonoszy.pl\/blog-atrakcje\/twierdza-srebrna-gora\/\" \/>\n<meta property=\"og:site_name\" content=\":: DKK Atrakcje\" \/>\n<meta property=\"article:published_time\" content=\"2022-08-10T10:23:23+00:00\" \/>\n<meta property=\"article:modified_time\" content=\"2023-02-20T12:24:25+00:00\" \/>\n<meta property=\"og:image\" content=\"https:\/\/www.koronakarkonoszy.pl\/blog-atrakcje\/wp-content\/uploads\/2022\/08\/Twierdza-Srebrna-Gora.jpg\" \/>\n\t<meta property=\"og:image:width\" content=\"1000\" \/>\n\t<meta property=\"og:image:height\" content=\"666\" \/>\n\t<meta property=\"og:image:type\" content=\"image\/jpeg\" \/>\n<meta name=\"author\" content=\"Maria Szruba\" \/>\n<meta name=\"twitter:card\" content=\"summary_large_image\" \/>\n<meta name=\"twitter:label1\" content=\"Napisane przez\" \/>\n\t<meta name=\"twitter:data1\" content=\"Maria Szruba\" \/>\n\t<meta name=\"twitter:label2\" content=\"Szacowany czas czytania\" \/>\n\t<meta name=\"twitter:data2\" content=\"2 minuty\" \/>\n<script type=\"application\/ld+json\" class=\"yoast-schema-graph\">{\"@context\":\"https:\\\/\\\/schema.org\",\"@graph\":[{\"@type\":\"Article\",\"@id\":\"https:\\\/\\\/www.koronakarkonoszy.pl\\\/blog-atrakcje\\\/twierdza-srebrna-gora\\\/#article\",\"isPartOf\":{\"@id\":\"https:\\\/\\\/www.koronakarkonoszy.pl\\\/blog-atrakcje\\\/twierdza-srebrna-gora\\\/\"},\"author\":{\"name\":\"Maria Szruba\",\"@id\":\"https:\\\/\\\/www.koronakarkonoszy.pl\\\/blog-atrakcje\\\/#\\\/schema\\\/person\\\/be5a29e52e1ce4748a1555437fcf1de4\"},\"headline\":\"Twierdza Srebrna G\u00f3ra\",\"datePublished\":\"2022-08-10T10:23:23+00:00\",\"dateModified\":\"2023-02-20T12:24:25+00:00\",\"mainEntityOfPage\":{\"@id\":\"https:\\\/\\\/www.koronakarkonoszy.pl\\\/blog-atrakcje\\\/twierdza-srebrna-gora\\\/\"},\"wordCount\":395,\"commentCount\":0,\"image\":{\"@id\":\"https:\\\/\\\/www.koronakarkonoszy.pl\\\/blog-atrakcje\\\/twierdza-srebrna-gora\\\/#primaryimage\"},\"thumbnailUrl\":\"https:\\\/\\\/www.koronakarkonoszy.pl\\\/blog-atrakcje\\\/wp-content\\\/uploads\\\/2022\\\/08\\\/Twierdza-Srebrna-Gora.jpg\",\"articleSection\":[\"Zamki, pa\u0142ace, warownie\"],\"inLanguage\":\"pl-PL\",\"potentialAction\":[{\"@type\":\"CommentAction\",\"name\":\"Comment\",\"target\":[\"https:\\\/\\\/www.koronakarkonoszy.pl\\\/blog-atrakcje\\\/twierdza-srebrna-gora\\\/#respond\"]}]},{\"@type\":\"WebPage\",\"@id\":\"https:\\\/\\\/www.koronakarkonoszy.pl\\\/blog-atrakcje\\\/twierdza-srebrna-gora\\\/\",\"url\":\"https:\\\/\\\/www.koronakarkonoszy.pl\\\/blog-atrakcje\\\/twierdza-srebrna-gora\\\/\",\"name\":\"Twierdza Srebrna G\u00f3ra - :: DKK Atrakcje\",\"isPartOf\":{\"@id\":\"https:\\\/\\\/www.koronakarkonoszy.pl\\\/blog-atrakcje\\\/#website\"},\"primaryImageOfPage\":{\"@id\":\"https:\\\/\\\/www.koronakarkonoszy.pl\\\/blog-atrakcje\\\/twierdza-srebrna-gora\\\/#primaryimage\"},\"image\":{\"@id\":\"https:\\\/\\\/www.koronakarkonoszy.pl\\\/blog-atrakcje\\\/twierdza-srebrna-gora\\\/#primaryimage\"},\"thumbnailUrl\":\"https:\\\/\\\/www.koronakarkonoszy.pl\\\/blog-atrakcje\\\/wp-content\\\/uploads\\\/2022\\\/08\\\/Twierdza-Srebrna-Gora.jpg\",\"datePublished\":\"2022-08-10T10:23:23+00:00\",\"dateModified\":\"2023-02-20T12:24:25+00:00\",\"author\":{\"@id\":\"https:\\\/\\\/www.koronakarkonoszy.pl\\\/blog-atrakcje\\\/#\\\/schema\\\/person\\\/be5a29e52e1ce4748a1555437fcf1de4\"},\"description\":\"Twierdza Srebrna G\u00f3ra to kompleks fort\u00f3w, zbudowany w latach 1765-1777 we wsi Srebrna G\u00f3ra na Dolnym \u015al\u0105sku.\",\"breadcrumb\":{\"@id\":\"https:\\\/\\\/www.koronakarkonoszy.pl\\\/blog-atrakcje\\\/twierdza-srebrna-gora\\\/#breadcrumb\"},\"inLanguage\":\"pl-PL\",\"potentialAction\":[{\"@type\":\"ReadAction\",\"target\":[\"https:\\\/\\\/www.koronakarkonoszy.pl\\\/blog-atrakcje\\\/twierdza-srebrna-gora\\\/\"]}]},{\"@type\":\"ImageObject\",\"inLanguage\":\"pl-PL\",\"@id\":\"https:\\\/\\\/www.koronakarkonoszy.pl\\\/blog-atrakcje\\\/twierdza-srebrna-gora\\\/#primaryimage\",\"url\":\"https:\\\/\\\/www.koronakarkonoszy.pl\\\/blog-atrakcje\\\/wp-content\\\/uploads\\\/2022\\\/08\\\/Twierdza-Srebrna-Gora.jpg\",\"contentUrl\":\"https:\\\/\\\/www.koronakarkonoszy.pl\\\/blog-atrakcje\\\/wp-content\\\/uploads\\\/2022\\\/08\\\/Twierdza-Srebrna-Gora.jpg\",\"width\":1000,\"height\":666},{\"@type\":\"BreadcrumbList\",\"@id\":\"https:\\\/\\\/www.koronakarkonoszy.pl\\\/blog-atrakcje\\\/twierdza-srebrna-gora\\\/#breadcrumb\",\"itemListElement\":[{\"@type\":\"ListItem\",\"position\":1,\"name\":\"Strona g\u0142\u00f3wna\",\"item\":\"https:\\\/\\\/www.koronakarkonoszy.pl\\\/blog-atrakcje\\\/\"},{\"@type\":\"ListItem\",\"position\":2,\"name\":\"Twierdza Srebrna G\u00f3ra\"}]},{\"@type\":\"WebSite\",\"@id\":\"https:\\\/\\\/www.koronakarkonoszy.pl\\\/blog-atrakcje\\\/#website\",\"url\":\"https:\\\/\\\/www.koronakarkonoszy.pl\\\/blog-atrakcje\\\/\",\"name\":\":: DKK Atrakcje\",\"description\":\"Atrakcje Dworu Korona Karkonoszy\",\"potentialAction\":[{\"@type\":\"SearchAction\",\"target\":{\"@type\":\"EntryPoint\",\"urlTemplate\":\"https:\\\/\\\/www.koronakarkonoszy.pl\\\/blog-atrakcje\\\/?s={search_term_string}\"},\"query-input\":{\"@type\":\"PropertyValueSpecification\",\"valueRequired\":true,\"valueName\":\"search_term_string\"}}],\"inLanguage\":\"pl-PL\"},{\"@type\":\"Person\",\"@id\":\"https:\\\/\\\/www.koronakarkonoszy.pl\\\/blog-atrakcje\\\/#\\\/schema\\\/person\\\/be5a29e52e1ce4748a1555437fcf1de4\",\"name\":\"Maria Szruba\",\"image\":{\"@type\":\"ImageObject\",\"inLanguage\":\"pl-PL\",\"@id\":\"https:\\\/\\\/www.koronakarkonoszy.pl\\\/blog-atrakcje\\\/wp-content\\\/litespeed\\\/avatar\\\/d0fe7fde2b2277621e0a2904789bab14.jpg?ver=1777427419\",\"url\":\"https:\\\/\\\/www.koronakarkonoszy.pl\\\/blog-atrakcje\\\/wp-content\\\/litespeed\\\/avatar\\\/d0fe7fde2b2277621e0a2904789bab14.jpg?ver=1777427419\",\"contentUrl\":\"https:\\\/\\\/www.koronakarkonoszy.pl\\\/blog-atrakcje\\\/wp-content\\\/litespeed\\\/avatar\\\/d0fe7fde2b2277621e0a2904789bab14.jpg?ver=1777427419\",\"caption\":\"Maria Szruba\"},\"url\":\"https:\\\/\\\/www.koronakarkonoszy.pl\\\/blog-atrakcje\\\/author\\\/m-szruba\\\/\"}]}<\/script>\n<!-- \/ Yoast SEO plugin. -->","yoast_head_json":{"title":"Twierdza Srebrna G\u00f3ra - :: DKK Atrakcje","description":"Twierdza Srebrna G\u00f3ra to kompleks fort\u00f3w, zbudowany w latach 1765-1777 we wsi Srebrna G\u00f3ra na Dolnym \u015al\u0105sku.","robots":{"index":"index","follow":"follow","max-snippet":"max-snippet:-1","max-image-preview":"max-image-preview:large","max-video-preview":"max-video-preview:-1"},"canonical":"https:\/\/www.koronakarkonoszy.pl\/blog-atrakcje\/twierdza-srebrna-gora\/","og_locale":"pl_PL","og_type":"article","og_title":"Twierdza Srebrna G\u00f3ra - :: DKK Atrakcje","og_description":"Twierdza Srebrna G\u00f3ra to kompleks fort\u00f3w, zbudowany w latach 1765-1777 we wsi Srebrna G\u00f3ra na Dolnym \u015al\u0105sku.","og_url":"https:\/\/www.koronakarkonoszy.pl\/blog-atrakcje\/twierdza-srebrna-gora\/","og_site_name":":: DKK Atrakcje","article_published_time":"2022-08-10T10:23:23+00:00","article_modified_time":"2023-02-20T12:24:25+00:00","og_image":[{"width":1000,"height":666,"url":"https:\/\/www.koronakarkonoszy.pl\/blog-atrakcje\/wp-content\/uploads\/2022\/08\/Twierdza-Srebrna-Gora.jpg","type":"image\/jpeg"}],"author":"Maria Szruba","twitter_card":"summary_large_image","twitter_misc":{"Napisane przez":"Maria Szruba","Szacowany czas czytania":"2 minuty"},"schema":{"@context":"https:\/\/schema.org","@graph":[{"@type":"Article","@id":"https:\/\/www.koronakarkonoszy.pl\/blog-atrakcje\/twierdza-srebrna-gora\/#article","isPartOf":{"@id":"https:\/\/www.koronakarkonoszy.pl\/blog-atrakcje\/twierdza-srebrna-gora\/"},"author":{"name":"Maria Szruba","@id":"https:\/\/www.koronakarkonoszy.pl\/blog-atrakcje\/#\/schema\/person\/be5a29e52e1ce4748a1555437fcf1de4"},"headline":"Twierdza Srebrna G\u00f3ra","datePublished":"2022-08-10T10:23:23+00:00","dateModified":"2023-02-20T12:24:25+00:00","mainEntityOfPage":{"@id":"https:\/\/www.koronakarkonoszy.pl\/blog-atrakcje\/twierdza-srebrna-gora\/"},"wordCount":395,"commentCount":0,"image":{"@id":"https:\/\/www.koronakarkonoszy.pl\/blog-atrakcje\/twierdza-srebrna-gora\/#primaryimage"},"thumbnailUrl":"https:\/\/www.koronakarkonoszy.pl\/blog-atrakcje\/wp-content\/uploads\/2022\/08\/Twierdza-Srebrna-Gora.jpg","articleSection":["Zamki, pa\u0142ace, warownie"],"inLanguage":"pl-PL","potentialAction":[{"@type":"CommentAction","name":"Comment","target":["https:\/\/www.koronakarkonoszy.pl\/blog-atrakcje\/twierdza-srebrna-gora\/#respond"]}]},{"@type":"WebPage","@id":"https:\/\/www.koronakarkonoszy.pl\/blog-atrakcje\/twierdza-srebrna-gora\/","url":"https:\/\/www.koronakarkonoszy.pl\/blog-atrakcje\/twierdza-srebrna-gora\/","name":"Twierdza Srebrna G\u00f3ra - :: DKK Atrakcje","isPartOf":{"@id":"https:\/\/www.koronakarkonoszy.pl\/blog-atrakcje\/#website"},"primaryImageOfPage":{"@id":"https:\/\/www.koronakarkonoszy.pl\/blog-atrakcje\/twierdza-srebrna-gora\/#primaryimage"},"image":{"@id":"https:\/\/www.koronakarkonoszy.pl\/blog-atrakcje\/twierdza-srebrna-gora\/#primaryimage"},"thumbnailUrl":"https:\/\/www.koronakarkonoszy.pl\/blog-atrakcje\/wp-content\/uploads\/2022\/08\/Twierdza-Srebrna-Gora.jpg","datePublished":"2022-08-10T10:23:23+00:00","dateModified":"2023-02-20T12:24:25+00:00","author":{"@id":"https:\/\/www.koronakarkonoszy.pl\/blog-atrakcje\/#\/schema\/person\/be5a29e52e1ce4748a1555437fcf1de4"},"description":"Twierdza Srebrna G\u00f3ra to kompleks fort\u00f3w, zbudowany w latach 1765-1777 we wsi Srebrna G\u00f3ra na Dolnym \u015al\u0105sku.","breadcrumb":{"@id":"https:\/\/www.koronakarkonoszy.pl\/blog-atrakcje\/twierdza-srebrna-gora\/#breadcrumb"},"inLanguage":"pl-PL","potentialAction":[{"@type":"ReadAction","target":["https:\/\/www.koronakarkonoszy.pl\/blog-atrakcje\/twierdza-srebrna-gora\/"]}]},{"@type":"ImageObject","inLanguage":"pl-PL","@id":"https:\/\/www.koronakarkonoszy.pl\/blog-atrakcje\/twierdza-srebrna-gora\/#primaryimage","url":"https:\/\/www.koronakarkonoszy.pl\/blog-atrakcje\/wp-content\/uploads\/2022\/08\/Twierdza-Srebrna-Gora.jpg","contentUrl":"https:\/\/www.koronakarkonoszy.pl\/blog-atrakcje\/wp-content\/uploads\/2022\/08\/Twierdza-Srebrna-Gora.jpg","width":1000,"height":666},{"@type":"BreadcrumbList","@id":"https:\/\/www.koronakarkonoszy.pl\/blog-atrakcje\/twierdza-srebrna-gora\/#breadcrumb","itemListElement":[{"@type":"ListItem","position":1,"name":"Strona g\u0142\u00f3wna","item":"https:\/\/www.koronakarkonoszy.pl\/blog-atrakcje\/"},{"@type":"ListItem","position":2,"name":"Twierdza Srebrna G\u00f3ra"}]},{"@type":"WebSite","@id":"https:\/\/www.koronakarkonoszy.pl\/blog-atrakcje\/#website","url":"https:\/\/www.koronakarkonoszy.pl\/blog-atrakcje\/","name":":: DKK Atrakcje","description":"Atrakcje Dworu Korona Karkonoszy","potentialAction":[{"@type":"SearchAction","target":{"@type":"EntryPoint","urlTemplate":"https:\/\/www.koronakarkonoszy.pl\/blog-atrakcje\/?s={search_term_string}"},"query-input":{"@type":"PropertyValueSpecification","valueRequired":true,"valueName":"search_term_string"}}],"inLanguage":"pl-PL"},{"@type":"Person","@id":"https:\/\/www.koronakarkonoszy.pl\/blog-atrakcje\/#\/schema\/person\/be5a29e52e1ce4748a1555437fcf1de4","name":"Maria Szruba","image":{"@type":"ImageObject","inLanguage":"pl-PL","@id":"https:\/\/www.koronakarkonoszy.pl\/blog-atrakcje\/wp-content\/litespeed\/avatar\/d0fe7fde2b2277621e0a2904789bab14.jpg?ver=1777427419","url":"https:\/\/www.koronakarkonoszy.pl\/blog-atrakcje\/wp-content\/litespeed\/avatar\/d0fe7fde2b2277621e0a2904789bab14.jpg?ver=1777427419","contentUrl":"https:\/\/www.koronakarkonoszy.pl\/blog-atrakcje\/wp-content\/litespeed\/avatar\/d0fe7fde2b2277621e0a2904789bab14.jpg?ver=1777427419","caption":"Maria Szruba"},"url":"https:\/\/www.koronakarkonoszy.pl\/blog-atrakcje\/author\/m-szruba\/"}]}},"_links":{"self":[{"href":"https:\/\/www.koronakarkonoszy.pl\/blog-atrakcje\/wp-json\/wp\/v2\/posts\/4726","targetHints":{"allow":["GET"]}}],"collection":[{"href":"https:\/\/www.koronakarkonoszy.pl\/blog-atrakcje\/wp-json\/wp\/v2\/posts"}],"about":[{"href":"https:\/\/www.koronakarkonoszy.pl\/blog-atrakcje\/wp-json\/wp\/v2\/types\/post"}],"author":[{"embeddable":true,"href":"https:\/\/www.koronakarkonoszy.pl\/blog-atrakcje\/wp-json\/wp\/v2\/users\/4"}],"replies":[{"embeddable":true,"href":"https:\/\/www.koronakarkonoszy.pl\/blog-atrakcje\/wp-json\/wp\/v2\/comments?post=4726"}],"version-history":[{"count":0,"href":"https:\/\/www.koronakarkonoszy.pl\/blog-atrakcje\/wp-json\/wp\/v2\/posts\/4726\/revisions"}],"wp:featuredmedia":[{"embeddable":true,"href":"https:\/\/www.koronakarkonoszy.pl\/blog-atrakcje\/wp-json\/wp\/v2\/media\/4727"}],"wp:attachment":[{"href":"https:\/\/www.koronakarkonoszy.pl\/blog-atrakcje\/wp-json\/wp\/v2\/media?parent=4726"}],"wp:term":[{"taxonomy":"category","embeddable":true,"href":"https:\/\/www.koronakarkonoszy.pl\/blog-atrakcje\/wp-json\/wp\/v2\/categories?post=4726"}],"curies":[{"name":"wp","href":"https:\/\/api.w.org\/{rel}","templated":true}]}}