{"id":4626,"date":"2023-04-21T20:59:56","date_gmt":"2023-04-21T18:59:56","guid":{"rendered":"https:\/\/www.koronakarkonoszy.pl\/blog-atrakcje\/?p=4626"},"modified":"2023-04-22T07:33:39","modified_gmt":"2023-04-22T05:33:39","slug":"kosciol-wang-w-karpaczu","status":"publish","type":"post","link":"https:\/\/www.koronakarkonoszy.pl\/blog-atrakcje\/kosciol-wang-w-karpaczu\/","title":{"rendered":"Ko\u015bci\u00f3\u0142 Wang w Karpaczu"},"content":{"rendered":"\n<p><strong>Ko\u015bci\u00f3\u0142 Wang to bez w\u0105tpienia jedna z najwi\u0119kszych atrakcji turystycznych Karkonoszy, a przy tym obiekt o ogromnej warto\u015bci historycznej i artystycznej. Z tego wzgl\u0119du jest cz\u0119sto odwiedzany przez turyst\u00f3w oraz mi\u0142o\u015bnik\u00f3w sztuki i historii.<\/strong><\/p>\n\n\n<div id=\"ariadna-block_c1693ccdcd7050fb5bddab48f725fae0\" class=\"ariadna\">\r\n    <ul><li><a href=\"#h-swiatynia-wang-historia\">\u015awi\u0105tynia Wang &#8211; historia<\/a><\/li><li><a href=\"#ha-kosciol-wang-architektura\">Ko\u015bci\u00f3\u0142 Wang \u2013 architektura &nbsp;<\/a><\/li><li><a href=\"#h-swiatynia-wang-ciekawostki\">\u015awi\u0105tynia Wang \u2013 ciekawostki<\/a><\/li><li><a href=\"#h-kosciol-wang-informacje-dla-turystow\">Ko\u015bci\u00f3\u0142 Wang \u2013 informacje dla turyst\u00f3w<\/a><\/li><li><a href=\"#ha-dojazd-z-dwor-korona-karkonoszy\">Dojazd z Dw\u00f3r Korona Karkonoszy:<\/a><\/li><\/ul>\r\n<\/div>\r\n\r\n\r\n\r\n\n\n\n<p>Ko\u015bci\u00f3\u0142 G\u00f3rski Naszego Zbawiciela w Karpaczu znany jest bardziej pod nazw\u0105 \u015awi\u0105tynia Wang lub Ko\u015bci\u00f3\u0142 Wang. To ewangelicko-augsburski ko\u015bci\u00f3\u0142 parafialny, znajduj\u0105cy si\u0119 w miejscowo\u015bci <a href=\"https:\/\/www.koronakarkonoszy.pl\/blog-atrakcje\/karpacz\/\" target=\"_blank\" rel=\"noreferrer noopener\">Karpacz<\/a>, na zboczu Czarnej G\u00f3ry (885m n.p.m.), w po\u0142owie drogi z Karpacza Dolnego na \u015anie\u017ck\u0119.<\/p>\n\n\n<section id=\"leonardo-block_592ec73a97735f341bbcf9ed40b49344\" class=\"leonardo page-breaker leonardo-image-left\">\r\n    <div class=\"leonardo-body\">\r\n        <h2 class=\"leonardo-title\" id=\"h-swiatynia-wang-historia\">\u015awi\u0105tynia Wang &#8211; historia<\/h2>        <div class=\"leonardo-content\"><p><!-- wp:heading --><\/p>\n<p>\u015awi\u0105tynia Wang to zabytkowy drewniany ko\u015bci\u00f3\u0142. Wyj\u0105tkow\u0105 popularno\u015b\u0107 zawdzi\u0119cza swojemu pochodzeniu. W 1842 roku \u015bwi\u0105tynia zosta\u0142a bowiem przeniesiona w Sudety z norweskiej miejscowo\u015bci Vang, po\u0142o\u017conej w g\u00f3rach, nad jeziorem o tej samej nazwie. St\u0105d nazwa ko\u015bcio\u0142a.<\/p>\n<p><!-- \/wp:paragraph --> <!-- wp:paragraph --><\/p>\n<p>Powstanie ko\u015bcio\u0142a datuje si\u0119 na prze\u0142om XII i XIII wieku. Przez kolejne stulecia s\u0142u\u017cy\u0142 wiernym w tamtejszej parafii. W XIX wieku sta\u0142 si\u0119 jednak zbyt ma\u0142y dla miejscowej ludno\u015bci, poza tym wymaga\u0142 napraw. Tym wspania\u0142ym wytworem sztuki nordyckiej zainteresowa\u0142 si\u0119 sam kr\u00f3l Prus, Fryderyk Wilhelm IV, poinformowany o znalezisku przez norweskiego znawc\u0119 sztuki i malarza, Jana Christiana Dahla. Fryderyk chcia\u0142 podarowa\u0107 \u015bwi\u0105tyni\u0119 Muzeum Kr\u00f3lewskiemu w Berlinie. Ko\u015bci\u00f3\u0142 rozebrano i w 1841 roku przetransportowano w skrzyniach, pocz\u0105tkowo do Szczecina, potem do Berlina. Jednak kr\u00f3l zmieni\u0142 zdanie \u2013 chcia\u0142, by \u015bwi\u0105tynia nadal s\u0142u\u017cy\u0142a celom sakralnym. Dzi\u0119ki namowom pochodz\u0105cej z Bukowca hrabiny Fryderyki von Reden budowl\u0119 umiejscowiono w Karpaczu G\u00f3rnym. Tamtejsza gmina ewangelicka nie posiada\u0142a w\u00f3wczas swojego ko\u015bcio\u0142a. Ziemi\u0119, na kt\u00f3rej posadowiono budowl\u0119 podarowa\u0142 gminie hrabia Christian Leopold von Schaffgotsch z pobliskich Cieplic. 28 lipca 1844 roku nast\u0105pi\u0142o uroczyste otwarcie ko\u015bcio\u0142a. Kr\u00f3l wraz z ma\u0142\u017conka u\u015bwietnili sw\u0105 obecno\u015bci\u0105 t\u0119 uroczysto\u015b\u0107.<\/p>\n<p><!-- \/wp:paragraph --><\/p>\n<\/div>\r\n                    <aside class=\"leonardo-interlink\">\r\n                <b>Polecamy<\/b>\r\n                <a href=\"https:\/\/www.koronakarkonoszy.pl\/blog-atrakcje\/dwor-korona-karkonoszy\/\">Dw\u00f3r Korona Karkonoszy<\/a>\r\n            <\/aside>\r\n            <\/div>\r\n    <div class=\"leonardo-image\">\r\n        <img loading=\"lazy\" decoding=\"async\" width=\"512\" height=\"512\" src=\"https:\/\/www.koronakarkonoszy.pl\/blog-atrakcje\/wp-content\/uploads\/2022\/08\/wang6.jpeg\" class=\"attachment-full size-full\" alt=\"\" srcset=\"https:\/\/www.koronakarkonoszy.pl\/blog-atrakcje\/wp-content\/uploads\/2022\/08\/wang6.jpeg 512w, https:\/\/www.koronakarkonoszy.pl\/blog-atrakcje\/wp-content\/uploads\/2022\/08\/wang6-300x300.jpeg 300w, https:\/\/www.koronakarkonoszy.pl\/blog-atrakcje\/wp-content\/uploads\/2022\/08\/wang6-150x150.jpeg 150w, https:\/\/www.koronakarkonoszy.pl\/blog-atrakcje\/wp-content\/uploads\/2022\/08\/wang6-12x12.jpeg 12w\" sizes=\"auto, (max-width: 512px) 100vw, 512px\" \/>            <\/div>\r\n<\/section>\n\n\n<h2 class=\"wp-block-heading\" id=\"ha-kosciol-wang-architektura\">Ko\u015bci\u00f3\u0142 Wang \u2013 architektura &nbsp;<\/h2>\n\n\n\n<p>Wang zbudowano w ca\u0142o\u015bci z bardzo trwa\u0142ego drewna, z nas\u0105czonych \u017cywic\u0105 bali z sosny norweskiej. Do \u0142\u0105czenia belek wykorzystano wy\u0142\u0105cznie z\u0142\u0105cza ciesielskie, bez ani jednego gwo\u017adzia. Wykonano go wed\u0142ug popularnej w tym czasie w Norwegii techniki s\u0142upowej. Ko\u015bci\u00f3\u0142 Wang wyr\u00f3\u017cnia si\u0119 swoj\u0105 architektur\u0105 w ca\u0142ej Polsce. Uwa\u017ca si\u0119 go tak\u017ce za najstarszy drewniany ko\u015bci\u00f3\u0142 na terenie Rzeczpospolitej. Jego styl \u2013 wyj\u0105tkowy na naszych terenach \u2013 \u0142\u0105czy w sobie elementy architektury nordyckiej i roma\u0144skiej.<\/p>\n\n\n\n<style>\n    .cta_block{\n        margin: 1.5em 0;\n    }\n    .cta_block_content {\n        position: relative;\n        color: white;\n        padding: 1em;\n    }\n    .cta_block_content h3{\n        text-align: center;\n        font: normal normal normal 36px\/50px Yeseva One;\n    }\n    .cta_block_content .cta_block_desc{\n        text-align: center;\n        font-size: 1.1em;\n        position: relative;\n    }\n    .cta_block_content .cta_block_desc:before {\n        content: '';\n        width: 80px;\n        height: 4px;\n        background: #EEB315;\n        position: absolute;\n        left: 0;\n        right: 0;\n        margin-left: auto;\n        margin-right: auto;\n        top: -22px;\n    }\n\n    .cta_block_content picture{\n        position: absolute;\n        top: 0;\n        right: 0;\n        z-index: -1;\n        height: 100%;\n        overflow: hidden;\n        width: 100%;\n    }\n    .cta_block_content picture img{\n        object-fit: cover;\n        height: 100%;\n        width: 100%;\n    }\n    .cta_block .cta_block_content .ninja-forms-field{\n        background: #FFFFFF2F;\n        border: 1px solid #EEB315;\n        border-radius: 25px;\n        opacity: 1;\n        color: #ffffff;\n    }\n    .cta_block .cta_block_content .nf-form-content input[type=submit]{\n        background-color: #EEB315;\n        color: #292929;\n        text-align: center;\n        font: normal normal bold 14px\/20px Work Sans;\n        padding: 0 2em;\n    }\n\n    .cta_block ::placeholder{\n        color: white!important;\n        opacity: 1;\n    }\n\n    .cta_block_content::after {\n        height: 100%;\n        width: 100%;\n        content: \"\";\n        z-index: -1;\n        position: absolute;\n        top: 0;\n        background: #00000070;\n        right: 0;\n        left: 0;\n        bottom: 0;\n    }\n    #ha-cta-block, .cta_block_desc, .cta_block .nf-field-label, .cta_block .nf-error-msg {\n        filter: drop-shadow(1px 1px 8px black);\n    }\n\n\/*    .cta_block nf-rows-wrap {\n        display: flex;\n        justify-content: space-around;\n        flex-direction: row;\n    }*\/\n\n    .cta_block .nf-field-label {\n        display:none;\n    }\n\n    .cta_block .nf-error.field-wrap .nf-field-element::after {\n        border-radius: 50px;\n    }\n\n    .cta_block .nf-error-msg {\n        color: #fff;\n    }\n\n    .cta_block .nf-form-cont {\n        margin-top: 3em;\n        margin-bottom: 1em;\n    }\n\n    .wp-admin .cta_block_content{\n        display: none;\n    }\n    .cta_block .nf-form-fields-required {\n        display: none;\n    }\n    body:not(.wp-admin) .cta_block_admin {\n        display: none;\n    }\n<\/style>\n<div id=\"cta_block-block_7797d17930a237b70eb948d40a04061b\" class=\"cta_block\">\n    <div class=\"cta_block_admin\" style=\"background-color: blue; color: white\">\n        Blok CTA\n    <\/div>\n    <div class=\"cta_block\">\n        <div class=\"cta_block_content\">   \n        <h3>Wypoczynek w g\u00f3rach, wesela, <a href=\"https:\/\/www.koronakarkonoszy.pl\/blog-dla-firm\/eventy-firmowe\/\" class=\"links-placer\">eventy firmowe<\/a>?<\/h3>\n                    <div class=\"cta_block_desc\">Dw\u00f3r Korona Karkonoszy zaprasza! <\/div>\n                <noscript class=\"ninja-forms-noscript-message\">\n\tUwaga: ta zawarto\u015b\u0107 wymaga obs\u0142ugi j\u0119zyka JavaScript.<\/noscript>\n<div id=\"nf-form-3-cont\" class=\"nf-form-cont\" aria-live=\"polite\" aria-labelledby=\"nf-form-title-3\" aria-describedby=\"nf-form-errors-3\" role=\"form\">\n\n    <div class=\"nf-loading-spinner\"><\/div>\n\n<\/div>\n        <!-- That data is being printed as a workaround to page builders reordering the order of the scripts loaded-->\n        <script>var formDisplay=1;var nfForms=nfForms||[];var form=[];form.id='3';form.settings={\"objectType\":\"Form Setting\",\"editActive\":true,\"title\":\"Block CTA\",\"created_at\":\"2022-10-28 17:22:30\",\"default_label_pos\":\"above\",\"show_title\":0,\"clear_complete\":\"1\",\"hide_complete\":\"1\",\"logged_in\":\"\",\"wrapper_class\":\"\",\"element_class\":\"\",\"key\":\"\",\"add_submit\":\"0\",\"changeEmailErrorMsg\":\"Wprowad\\u017a prawid\\u0142owy adres e-mail!\",\"changeDateErrorMsg\":\"Prosz\\u0119 wpisa\\u0107 prawid\\u0142ow\\u0105 dat\\u0119!\",\"confirmFieldErrorMsg\":\"Te pola musz\\u0105 si\\u0119 zgadza\\u0107!\",\"fieldNumberNumMinError\":\"B\\u0142\\u0105d \\u2014 liczba minimalna\",\"fieldNumberNumMaxError\":\"B\\u0142\\u0105d \\u2014 liczba maksymalna\",\"fieldNumberIncrementBy\":\"Zwi\\u0119ksz o \",\"formErrorsCorrectErrors\":\"Popraw b\\u0142\\u0119dy, zanim prze\\u015blesz formularz.\",\"validateRequiredField\":\"To jest wymagane pole.\",\"honeypotHoneypotError\":\"B\\u0142\\u0105d Honeypot\",\"fieldsMarkedRequired\":\"Pola oznaczone znakiem <span class=\\\"ninja-forms-req-symbol\\\">*<\\\/span> s\\u0105 wymagane\",\"currency\":\"\",\"repeatable_fieldsets\":\"\",\"unique_field_error\":\"Formularz z t\\u0105 warto\\u015bci\\u0105 zosta\\u0142 ju\\u017c przes\\u0142any.\",\"not_logged_in_msg\":\"\",\"sub_limit_msg\":\"Formularz osi\\u0105gn\\u0105\\u0142 limit wys\\u0142a\\u0144.\",\"calculations\":[],\"container_styles_show_advanced_css\":\"0\",\"title_styles_show_advanced_css\":\"0\",\"row_styles_show_advanced_css\":\"0\",\"row-odd_styles_show_advanced_css\":\"0\",\"success-msg_styles_show_advanced_css\":\"0\",\"error_msg_styles_show_advanced_css\":\"0\",\"formContentData\":[{\"order\":1,\"cells\":[{\"order\":0,\"fields\":[\"numer_telefonu_1660223454511\"],\"width\":35},{\"order\":1,\"fields\":[\"adres_e-mail_1666970999655\"],\"width\":35},{\"order\":2,\"fields\":[\"zapisz_mnie_1666970970616\"],\"width\":30}]}],\"drawerDisabled\":false,\"conditions\":[],\"allow_public_link\":0,\"embed_form\":\"\",\"form_title_heading_level\":\"3\",\"ninjaForms\":\"Ninja Forms\",\"fieldTextareaRTEInsertLink\":\"Wstaw odno\\u015bnik\",\"fieldTextareaRTEInsertMedia\":\"Wstaw media\",\"fieldTextareaRTESelectAFile\":\"Wybierz plik\",\"formHoneypot\":\"Je\\u015bli jeste\\u015b cz\\u0142owiekiem i widzisz to pole, nie wype\\u0142niaj go.\",\"fileUploadOldCodeFileUploadInProgress\":\"Przesy\\u0142anie pliku w toku.\",\"fileUploadOldCodeFileUpload\":\"PRZESY\\u0141ANIE PLIKU\",\"currencySymbol\":\"&#36;\",\"thousands_sep\":\"&nbsp;\",\"decimal_point\":\",\",\"siteLocale\":\"pl_PL\",\"dateFormat\":\"m\\\/d\\\/Y\",\"startOfWeek\":\"1\",\"of\":\"z\",\"previousMonth\":\"Poprzedni miesi\\u0105c\",\"nextMonth\":\"Nast\\u0119pny miesi\\u0105c\",\"months\":[\"Stycze\\u0144\",\"Luty\",\"Marzec\",\"Kwiecie\\u0144\",\"Maj\",\"Czerwiec\",\"Lipiec\",\"Sierpie\\u0144\",\"Wrzesie\\u0144\",\"Pa\\u017adziernik\",\"Listopad\",\"Grudzie\\u0144\"],\"monthsShort\":[\"Sty\",\"Lut\",\"Mar\",\"Kw\",\"Maj\",\"Cze\",\"Lip\",\"Sie\",\"Wrz\",\"Pa\\u017a\",\"Lis\",\"Gru\"],\"weekdays\":[\"Niedziela\",\"Poniedzia\\u0142ek\",\"Wtorek\",\"\\u015aroda\",\"Czwartek\",\"Pi\\u0105tek\",\"Sobota\"],\"weekdaysShort\":[\"Niedz\",\"Pon\",\"Wt\",\"\\u015ar\",\"Czw\",\"Pt\",\"Sob\"],\"weekdaysMin\":[\"Niedz\",\"Pon\",\"Wt\",\"\\u015ar\",\"Czw\",\"Pt\",\"Sob\"],\"recaptchaConsentMissing\":\"reCaptcha validation couldn&#039;t load.\",\"recaptchaMissingCookie\":\"reCaptcha v3 validation couldn&#039;t load the cookie needed to submit the form.\",\"recaptchaConsentEvent\":\"Accept reCaptcha cookies before sending the form.\",\"currency_symbol\":\"\",\"beforeForm\":\"\",\"beforeFields\":\"\",\"afterFields\":\"\",\"afterForm\":\"\"};form.fields=[{\"objectType\":\"Field\",\"objectDomain\":\"fields\",\"editActive\":false,\"order\":1,\"idAttribute\":\"id\",\"type\":\"phone\",\"label\":\"Numer telefonu \",\"key\":\"numer_telefonu_1660223454511\",\"label_pos\":\"above\",\"required\":\"\",\"default\":\"\",\"placeholder\":\"Numer telefonu\",\"container_class\":\"\",\"element_class\":\"\",\"input_limit\":\"\",\"input_limit_type\":\"characters\",\"input_limit_msg\":\"Liczba pozosta\\u0142ych znak\\u00f3w:\",\"manual_key\":\"\",\"admin_label\":\"\",\"help_text\":\"\",\"mask\":\"\",\"custom_mask\":\"\",\"custom_name_attribute\":\"phone\",\"personally_identifiable\":1,\"wrap_styles_border\":\"\",\"wrap_styles_width\":\"\",\"wrap_styles_margin\":\"\",\"wrap_styles_padding\":\"\",\"wrap_styles_float\":\"\",\"wrap_styles_show_advanced_css\":0,\"label_styles_border\":\"\",\"label_styles_width\":\"\",\"label_styles_font-size\":\"\",\"label_styles_margin\":\"\",\"label_styles_padding\":\"\",\"label_styles_float\":\"\",\"label_styles_show_advanced_css\":0,\"element_styles_border\":\"\",\"element_styles_width\":\"\",\"element_styles_font-size\":\"\",\"element_styles_margin\":\"\",\"element_styles_padding\":\"\",\"element_styles_float\":\"\",\"element_styles_show_advanced_css\":0,\"cellcid\":\"c3390\",\"value\":\"\",\"drawerDisabled\":false,\"field_label\":\"Numer telefonu \",\"field_key\":\"numer_telefonu_1660223454511\",\"id\":8,\"beforeField\":\"\",\"afterField\":\"\",\"parentType\":\"textbox\",\"element_templates\":[\"tel\",\"textbox\",\"input\"],\"old_classname\":\"\",\"wrap_template\":\"wrap\"},{\"objectType\":\"Field\",\"objectDomain\":\"fields\",\"editActive\":false,\"order\":2,\"idAttribute\":\"id\",\"type\":\"email\",\"label\":\"Adres e-mail\",\"key\":\"adres_e-mail_1666970999655\",\"label_pos\":\"above\",\"required\":1,\"default\":\"\",\"placeholder\":\"Adres e-mail\",\"container_class\":\"\",\"element_class\":\"\",\"admin_label\":\"\",\"help_text\":\"\",\"custom_name_attribute\":\"email\",\"personally_identifiable\":1,\"wrap_styles_border\":\"\",\"wrap_styles_width\":\"\",\"wrap_styles_margin\":\"\",\"wrap_styles_padding\":\"\",\"wrap_styles_float\":\"\",\"wrap_styles_show_advanced_css\":0,\"label_styles_border\":\"\",\"label_styles_width\":\"\",\"label_styles_font-size\":\"\",\"label_styles_margin\":\"\",\"label_styles_padding\":\"\",\"label_styles_float\":\"\",\"label_styles_show_advanced_css\":0,\"element_styles_border\":\"\",\"element_styles_width\":\"\",\"element_styles_font-size\":\"\",\"element_styles_margin\":\"\",\"element_styles_padding\":\"\",\"element_styles_float\":\"\",\"element_styles_show_advanced_css\":0,\"cellcid\":\"c3500\",\"value\":\"\",\"drawerDisabled\":false,\"field_label\":\"E-mail\",\"field_key\":\"email_1640098026199\",\"id\":9,\"beforeField\":\"\",\"afterField\":\"\",\"parentType\":\"email\",\"element_templates\":[\"email\",\"input\"],\"old_classname\":\"\",\"wrap_template\":\"wrap\"},{\"objectType\":\"Field\",\"objectDomain\":\"fields\",\"editActive\":false,\"order\":3,\"idAttribute\":\"id\",\"type\":\"submit\",\"label\":\"Zapisz mnie\",\"processing_label\":\"W trakcie realizacji\",\"container_class\":\"\",\"element_class\":\"\",\"key\":\"zapisz_mnie_1666970970616\",\"wrap_styles_border\":\"\",\"wrap_styles_width\":\"\",\"wrap_styles_margin\":\"\",\"wrap_styles_padding\":\"\",\"wrap_styles_float\":\"\",\"wrap_styles_show_advanced_css\":0,\"element_styles_border\":\"\",\"element_styles_width\":\"\",\"element_styles_font-size\":\"\",\"element_styles_margin\":\"\",\"element_styles_padding\":\"\",\"element_styles_float\":\"\",\"element_styles_show_advanced_css\":0,\"submit_element_hover_styles_border\":\"\",\"submit_element_hover_styles_width\":\"\",\"submit_element_hover_styles_font-size\":\"\",\"submit_element_hover_styles_margin\":\"\",\"submit_element_hover_styles_padding\":\"\",\"submit_element_hover_styles_float\":\"\",\"submit_element_hover_styles_show_advanced_css\":0,\"cellcid\":\"c3566\",\"drawerDisabled\":false,\"field_label\":\"Zamawiam rozmow\\u0119\",\"field_key\":\"zamawiam_rozmowe_1640098067453\",\"id\":10,\"beforeField\":\"\",\"afterField\":\"\",\"value\":\"\",\"label_pos\":\"above\",\"parentType\":\"textbox\",\"element_templates\":[\"submit\",\"button\",\"input\"],\"old_classname\":\"\",\"wrap_template\":\"wrap-no-label\"}];nfForms.push(form);<\/script>\n                <script id=\"nf-tmpl-cell\" type=\"text\/template\">\n            <nf-fields><\/nf-fields>\n        <\/script>\n\n        <script id=\"nf-tmpl-row\" type=\"text\/template\">\n            <nf-cells><\/nf-cells>\n        <\/script>\n\n                <img loading=\"lazy\" decoding=\"async\" width=\"960\" height=\"640\" src=\"https:\/\/www.koronakarkonoszy.pl\/blog-atrakcje\/wp-content\/uploads\/2022\/12\/16237250_10202838504759978_1689575225_n-2.jpg\" class=\"attachment-full size-full\" alt=\"\" srcset=\"https:\/\/www.koronakarkonoszy.pl\/blog-atrakcje\/wp-content\/uploads\/2022\/12\/16237250_10202838504759978_1689575225_n-2.jpg 960w, https:\/\/www.koronakarkonoszy.pl\/blog-atrakcje\/wp-content\/uploads\/2022\/12\/16237250_10202838504759978_1689575225_n-2-300x200.jpg 300w, https:\/\/www.koronakarkonoszy.pl\/blog-atrakcje\/wp-content\/uploads\/2022\/12\/16237250_10202838504759978_1689575225_n-2-768x512.jpg 768w, https:\/\/www.koronakarkonoszy.pl\/blog-atrakcje\/wp-content\/uploads\/2022\/12\/16237250_10202838504759978_1689575225_n-2-18x12.jpg 18w\" sizes=\"auto, (max-width: 960px) 100vw, 960px\" \/>        <\/div> \n    <\/div>\n<\/div>\n\n\n\n<p>W XIX wieku, podczas prac konserwatorskich, ko\u015bci\u00f3\u0142 znacznie powi\u0119kszono. Dobudowano mi\u0119dzy innymi wysok\u0105 kamienn\u0105 wie\u017c\u0119 &#8211; dzwonnic\u0119, maj\u0105c\u0105 za zadanie chroni\u0107 budowl\u0119 przed g\u00f3rskimi wiatrami. Powsta\u0142a ona z tzw. \u015bl\u0105skiego granitu, co nada\u0142o budowli lokalnego charakteru.<\/p>\n\n\n\n<p>W \u015brodku \u015bwi\u0105tyni Wang znajdziemy wiele oryginalnych element\u00f3w zdobniczych. Przy drzwiach na p\u00f3\u0142kolumnach widnieje pl\u0105tanina w\u0119\u017c\u00f3w i ro\u015blin, a wej\u015bcia strzeg\u0105 lwy na kapitelach. Opr\u00f3cz tego, zwiedzaj\u0105c ko\u015bci\u00f3\u0142, mo\u017cemy te\u017c dostrzec uskrzydlone smoki, twarze Wiking\u00f3w o wysuni\u0119tych, rozdwojonych j\u0119zykach, maszkarony, smocze paszcze czy runy \u2013 pismo u\u017cywane w Skandynawii w okresie powstania \u015bwi\u0105tyni.<\/p>\n\n\n<div class=\"wp-block-image\">\n<figure class=\"aligncenter size-full\"><img loading=\"lazy\" decoding=\"async\" width=\"512\" height=\"512\" src=\"https:\/\/www.koronakarkonoszy.pl\/blog-atrakcje\/wp-content\/uploads\/2023\/04\/wang4.jpeg\" alt=\"\" class=\"wp-image-6587\" srcset=\"https:\/\/www.koronakarkonoszy.pl\/blog-atrakcje\/wp-content\/uploads\/2023\/04\/wang4.jpeg 512w, https:\/\/www.koronakarkonoszy.pl\/blog-atrakcje\/wp-content\/uploads\/2023\/04\/wang4-300x300.jpeg 300w, https:\/\/www.koronakarkonoszy.pl\/blog-atrakcje\/wp-content\/uploads\/2023\/04\/wang4-150x150.jpeg 150w, https:\/\/www.koronakarkonoszy.pl\/blog-atrakcje\/wp-content\/uploads\/2023\/04\/wang4-12x12.jpeg 12w\" sizes=\"auto, (max-width: 512px) 100vw, 512px\" \/><figcaption class=\"wp-element-caption\"><strong>\u015awi\u0105tynia Wang <\/strong><\/figcaption><\/figure>\n<\/div>\n\n\n<p>Wyj\u0105tkowo\u015b\u0107 budowli sprawia, i\u017c jest ona obowi\u0105zkowym punktem ka\u017cdego turysty odwiedzaj\u0105cego Karkonosze. Dodatkowo, ze wzg\u00f3rza, na kt\u00f3rym posadowiono \u015bwi\u0105tyni\u0119, roztacza si\u0119 pi\u0119kny widok na g\u00f3ry.<\/p>\n\n\n<section id=\"leonardo-block_d362e957bc1d72cd26599dbd4ee8aa8c\" class=\"leonardo page-breaker leonardo-image-left\">\r\n    <div class=\"leonardo-body\">\r\n        <h2 class=\"leonardo-title\" id=\"h-swiatynia-wang-ciekawostki\">\u015awi\u0105tynia Wang \u2013 ciekawostki<\/h2>        <div class=\"leonardo-content\"><p><!-- wp:heading --><\/p>\n<ul>\n<li>\u015awi\u0105tynia Wang to tak zwany ko\u015bci\u00f3\u0142 klepkowy &#8211; do dzi\u015b przetrwa\u0142o zaledwie kilkana\u015bcie tego typu budowli na \u015bwiecie.<\/li>\n<li>Wang ma 19 m wysoko\u015bci, 9 m szeroko\u015bci oraz wie\u017ce o wysoko\u015bci 22 i 24 metr\u00f3w.<\/li>\n<li>Zdobienia \u015bwi\u0105tyni wzorowane s\u0105 na tych z \u0142odzi Wiking\u00f3w.<\/li>\n<li>Podobno w \u015bciany \u015bwi\u0105tyni wkomponowano nawet fragmenty wiki\u0144skich \u0142odzi.<\/li>\n<li>Kolumny stoj\u0105ce w \u015brodku nawy g\u0142\u00f3wnej oraz bocznej mia\u0142y s\u0142u\u017cy\u0107 wcze\u015bniej jako maszty na wiki\u0144skich statkach.<\/li>\n<li>\u015awi\u0105tynia Wang znana jest jako \u201eko\u015bci\u00f3\u0142 szcz\u0119\u015bliwych ma\u0142\u017ce\u0144stw\u201d &#8211; po obu stronach o\u0142tarza znajduj\u0105 si\u0119 kandelabry, przedstawiaj\u0105ce \u0142ab\u0119dzie, czyli symbol wierno\u015bci oraz serce, czyli symbol mi\u0142o\u015bci. \u015awiece w nich zapalane s\u0105 tylko podczas ceremonii \u015blubnych, i to w\u0142a\u015bnie zapewnia trwa\u0142o\u015b\u0107 zwi\u0105zku.<\/li>\n<li><!-- \/wp:paragraph --> Na cmentarzu obok \u015bwi\u0105tyni pochowano znanych tw\u00f3rc\u00f3w, m.in. Tadeusza R\u00f3\u017cewicza oraz Henryka Tomaszewskiego oraz ofiary g\u00f3r. Rozci\u0105ga si\u0119 st\u0105d pi\u0119kny widok na Karkonosze.<\/li>\n<li>Na terenie \u015bwi\u0105tyni znajduje si\u0119 p\u0142yta pami\u0105tkowa z epitafium, po\u015bwi\u0119cona hrabinie von Reden.<\/li>\n<li>Ka\u017cdego roku \u015bwi\u0105tyni\u0119 zwiedza ok. 200 000 turyst\u00f3w.<\/li>\n<\/ul>\n<p><!-- \/wp:paragraph --><\/p>\n<\/div>\r\n                    <aside class=\"leonardo-interlink\">\r\n                <b>Polecamy<\/b>\r\n                <a href=\"https:\/\/www.koronakarkonoszy.pl\/blog-atrakcje\/zalew-sosnowka\/\">Zalew Sosn\u00f3wka<\/a>\r\n            <\/aside>\r\n            <\/div>\r\n    <div class=\"leonardo-image\">\r\n        <img loading=\"lazy\" decoding=\"async\" width=\"512\" height=\"512\" src=\"https:\/\/www.koronakarkonoszy.pl\/blog-atrakcje\/wp-content\/uploads\/2022\/08\/wang3.jpeg\" class=\"attachment-full size-full\" alt=\"\" srcset=\"https:\/\/www.koronakarkonoszy.pl\/blog-atrakcje\/wp-content\/uploads\/2022\/08\/wang3.jpeg 512w, https:\/\/www.koronakarkonoszy.pl\/blog-atrakcje\/wp-content\/uploads\/2022\/08\/wang3-300x300.jpeg 300w, https:\/\/www.koronakarkonoszy.pl\/blog-atrakcje\/wp-content\/uploads\/2022\/08\/wang3-150x150.jpeg 150w, https:\/\/www.koronakarkonoszy.pl\/blog-atrakcje\/wp-content\/uploads\/2022\/08\/wang3-12x12.jpeg 12w\" sizes=\"auto, (max-width: 512px) 100vw, 512px\" \/>            <\/div>\r\n<\/section>\n\n<section id=\"leonardo-block_5b4dd8d4ce36142f636f0413fe59ea4b\" class=\"leonardo page-breaker leonardo-image-right\">\r\n    <div class=\"leonardo-body\">\r\n        <h2 class=\"leonardo-title\" id=\"h-kosciol-wang-informacje-dla-turystow\">Ko\u015bci\u00f3\u0142 Wang \u2013 informacje dla turyst\u00f3w<\/h2>        <div class=\"leonardo-content\"><p><!-- wp:heading --><\/p>\n<ul>\n<li>Ko\u015bci\u00f3\u0142 mie\u015bci si\u0119 w g\u00f3rnej cz\u0119\u015bci miasta, na zboczu Czarnej G\u00f3ry przy ul. Na \u015anie\u017ck\u0119 8 w Karpaczu.<\/li>\n<li>Przy \u015bwi\u0105tyni znajduje si\u0119 punkt wyj\u015bciowy do Schroniska Samotnia oraz na \u015anie\u017ck\u0119 (szlak niebieski) oraz na Pielgrzymy i S\u0142onecznik (szlak \u017c\u00f3\u0142ty).<\/li>\n<li>Ko\u015bci\u00f3\u0142 jest otwarty dla zwiedzaj\u0105cych przez ca\u0142y rok.<\/li>\n<li><!-- \/wp:paragraph --> Zwiedzanie jest mo\u017cliwe w dni powszednie w godz. 9:00-18:00 w okresie od 15 kwietnia do 31 pa\u017adziernika.<\/li>\n<li><!-- \/wp:paragraph --> W okresie od 1 listopada do 14 kwietnia w dni powszednie w godzinach 9:00-17:00.<\/li>\n<li><!-- \/wp:paragraph --> W niedziele i \u015bwi\u0119ta ko\u015bci\u00f3\u0142 mo\u017cna zwiedza\u0107 ok. godz. 11:30, tu\u017c po odbywaj\u0105cym si\u0119 w nim nabo\u017ce\u0144stwie.<\/li>\n<li><!-- \/wp:paragraph --> Zwiedzanie jest p\u0142atne &#8211; koszt biletu to 12 z\u0142 dla doros\u0142ych, 7 z\u0142 dla dzieci od lat 6 oraz studenci do 26. roku \u017cycia.<\/li>\n<li><!-- \/wp:paragraph --> Je\u015bli chcemy zrobi\u0107 zdj\u0119cia lub nagra\u0107 budynek, musimy dodatkowo zap\u0142aci\u0107 5 z\u0142.<\/li>\n<li>W pobli\u017cu \u015bwi\u0105tyni znajduj\u0105 si\u0119 p\u0142atne parkingi, przystanek autobusowy, punkty gastronomiczne oraz sklepiki z pami\u0105tkami.<\/li>\n<\/ul>\n<p><!-- \/wp:paragraph --><\/p>\n<\/div>\r\n                    <aside class=\"leonardo-interlink\">\r\n                <b>Polecamy<\/b>\r\n                <a href=\"https:\/\/www.koronakarkonoszy.pl\/blog-atrakcje\/zamek-ksiecia-henryka\/\">Zamek ksi\u0119cia Henryka<\/a>\r\n            <\/aside>\r\n            <\/div>\r\n    <div class=\"leonardo-image\">\r\n        <img loading=\"lazy\" decoding=\"async\" width=\"512\" height=\"512\" src=\"https:\/\/www.koronakarkonoszy.pl\/blog-atrakcje\/wp-content\/uploads\/2022\/08\/wang2.jpeg\" class=\"attachment-full size-full\" alt=\"\" srcset=\"https:\/\/www.koronakarkonoszy.pl\/blog-atrakcje\/wp-content\/uploads\/2022\/08\/wang2.jpeg 512w, https:\/\/www.koronakarkonoszy.pl\/blog-atrakcje\/wp-content\/uploads\/2022\/08\/wang2-300x300.jpeg 300w, https:\/\/www.koronakarkonoszy.pl\/blog-atrakcje\/wp-content\/uploads\/2022\/08\/wang2-150x150.jpeg 150w, https:\/\/www.koronakarkonoszy.pl\/blog-atrakcje\/wp-content\/uploads\/2022\/08\/wang2-12x12.jpeg 12w\" sizes=\"auto, (max-width: 512px) 100vw, 512px\" \/>            <\/div>\r\n<\/section>\n\n\n<h2 class=\"wp-block-heading\" id=\"ha-dojazd-z-dwor-korona-karkonoszy\">Dojazd z Dw\u00f3r Korona Karkonoszy:<\/h2>\n\n\n<style>\n    .destination_map{\n        margin: 1.5em 0;\n    }\n    body:not(.wp-admin) .admin {\n        display: none;\n    }\n    .map {\n        max-width: 800px;\n        height: 400px;\n    }\n    .wp-admin .map {\n        display: none;\n    }\n<\/style>\n\n<div id=\"destination_map-block_013189433fa90017c0f6092f55dcdf52\" class=\"destination_map\">\n    <div class=\"destinationmap-body admin\" style=\"background-color: lightblue;\">\n                Mapa dojazdu\n    <\/div>\n    <div id=\"block_013189433fa90017c0f6092f55dcdf52\" class=\"map\"><\/div>\n<\/div>\n\n<script>\n    (function($){\n\n    function mapLocation() {\n      var directionsDisplay;\n      var directionsService = new google.maps.DirectionsService();\n      var map;\n\n      function initialize() {\n        directionsDisplay = new google.maps.DirectionsRenderer();\n        var korona = new google.maps.LatLng(50.81947934480897, 15.721371130683515);\n        var mapOptions = {\n          zoom: 13,\n          center: korona\n        };\n        map = new google.maps.Map(document.getElementById('block_013189433fa90017c0f6092f55dcdf52'), mapOptions);\n        directionsDisplay.setMap(map);\n      \n        var start = new google.maps.LatLng(50.81947934480897, 15.721371130683515);\n        var end = new google.maps.LatLng(50.7773385, 15.7240991);\n        var request = {\n          origin: start,\n          destination: end,\n          travelMode: google.maps.TravelMode.DRIVING\n        };\n        directionsService.route(request, function(response, status) {\n          if (status == google.maps.DirectionsStatus.OK) {\n            directionsDisplay.setDirections(response);\n            directionsDisplay.setMap(map);\n          } else {\n            alert(\"Directions Request from \" + start.toUrlValue(6) + \" to \" + end.toUrlValue(6) + \" failed: \" + status);\n          }\n        });\n      }\n\n      google.maps.event.addDomListener(window, 'load', initialize);\n    }\n    mapLocation();\n\n})(jQuery);\n\n\n<\/script>","protected":false},"excerpt":{"rendered":"<p>Ko\u015bci\u00f3\u0142 Wang to bez w\u0105tpienia jedna z najwi\u0119kszych atrakcji turystycznych Karkonoszy, a przy tym obiekt o ogromnej warto\u015bci historycznej i artystycznej. Z tego wzgl\u0119du jest cz\u0119sto odwiedzany przez turyst\u00f3w oraz mi\u0142o\u015bnik\u00f3w sztuki i historii. Ko\u015bci\u00f3\u0142 G\u00f3rski Naszego Zbawiciela w Karpaczu znany jest bardziej pod nazw\u0105 \u015awi\u0105tynia Wang lub Ko\u015bci\u00f3\u0142 Wang. To ewangelicko-augsburski ko\u015bci\u00f3\u0142 parafialny, znajduj\u0105cy [&hellip;]<\/p>\n","protected":false},"author":11,"featured_media":4627,"comment_status":"open","ping_status":"open","sticky":false,"template":"","format":"standard","meta":{"_acf_changed":false,"footnotes":""},"categories":[12],"class_list":["post-4626","post","type-post","status-publish","format-standard","has-post-thumbnail","hentry","category-obiekty-sakralne"],"acf":{"Location_of_attractions":{"location":{"address":"Ko\u015bci\u00f3\u0142 Wang, Na \u015anie\u017ck\u0119, Karpacz, Polska","lat":50.77733850000001,"lng":15.7240991,"zoom":14,"place_id":"ChIJOTDdKHDoDkcRsvR0pTSUxas","name":"Ko\u015bci\u00f3\u0142 Wang","street_number":8,"street_name":"Na \u015anie\u017ck\u0119","city":"Karpacz","state":"Dolno\u015bl\u0105skie","post_code":"58-540","country":"Polska","country_short":"PL"},"categories":["historyczne"]}},"yoast_head":"<!-- This site is optimized with the Yoast SEO plugin v27.5 - https:\/\/yoast.com\/product\/yoast-seo-wordpress\/ -->\n<title>Ko\u015bci\u00f3\u0142 Wang w Karpaczu - :: DKK Atrakcje<\/title>\n<meta name=\"description\" content=\"Ko\u015bci\u00f3\u0142 G\u00f3rski Naszego Zbawiciela w Karpaczu, znany r\u00f3wnie\u017c pod nazw\u0105 \u015awi\u0105tynia Wang lub Ko\u015bci\u00f3\u0142 Wang, to ewangelicki ko\u015bci\u00f3\u0142 parafialny.\" \/>\n<meta name=\"robots\" content=\"index, follow, max-snippet:-1, max-image-preview:large, max-video-preview:-1\" \/>\n<link rel=\"canonical\" href=\"https:\/\/www.koronakarkonoszy.pl\/blog-atrakcje\/kosciol-wang-w-karpaczu\/\" \/>\n<meta property=\"og:locale\" content=\"pl_PL\" \/>\n<meta property=\"og:type\" content=\"article\" \/>\n<meta property=\"og:title\" content=\"Ko\u015bci\u00f3\u0142 Wang w Karpaczu - :: DKK Atrakcje\" \/>\n<meta property=\"og:description\" content=\"Ko\u015bci\u00f3\u0142 G\u00f3rski Naszego Zbawiciela w Karpaczu, znany r\u00f3wnie\u017c pod nazw\u0105 \u015awi\u0105tynia Wang lub Ko\u015bci\u00f3\u0142 Wang, to ewangelicki ko\u015bci\u00f3\u0142 parafialny.\" \/>\n<meta property=\"og:url\" content=\"https:\/\/www.koronakarkonoszy.pl\/blog-atrakcje\/kosciol-wang-w-karpaczu\/\" \/>\n<meta property=\"og:site_name\" content=\":: DKK Atrakcje\" \/>\n<meta property=\"article:published_time\" content=\"2023-04-21T18:59:56+00:00\" \/>\n<meta property=\"article:modified_time\" content=\"2023-04-22T05:33:39+00:00\" \/>\n<meta property=\"og:image\" content=\"https:\/\/www.koronakarkonoszy.pl\/blog-atrakcje\/wp-content\/uploads\/2022\/08\/Kosciol-Wang.jpg\" \/>\n\t<meta property=\"og:image:width\" content=\"1280\" \/>\n\t<meta property=\"og:image:height\" content=\"960\" \/>\n\t<meta property=\"og:image:type\" content=\"image\/jpeg\" \/>\n<meta name=\"author\" content=\"agnieszka\" \/>\n<meta name=\"twitter:card\" content=\"summary_large_image\" \/>\n<meta name=\"twitter:label1\" content=\"Napisane przez\" \/>\n\t<meta name=\"twitter:data1\" content=\"agnieszka\" \/>\n\t<meta name=\"twitter:label2\" content=\"Szacowany czas czytania\" \/>\n\t<meta name=\"twitter:data2\" content=\"2 minuty\" \/>\n<script type=\"application\/ld+json\" class=\"yoast-schema-graph\">{\"@context\":\"https:\\\/\\\/schema.org\",\"@graph\":[{\"@type\":\"Article\",\"@id\":\"https:\\\/\\\/www.koronakarkonoszy.pl\\\/blog-atrakcje\\\/kosciol-wang-w-karpaczu\\\/#article\",\"isPartOf\":{\"@id\":\"https:\\\/\\\/www.koronakarkonoszy.pl\\\/blog-atrakcje\\\/kosciol-wang-w-karpaczu\\\/\"},\"author\":{\"name\":\"agnieszka\",\"@id\":\"https:\\\/\\\/www.koronakarkonoszy.pl\\\/blog-atrakcje\\\/#\\\/schema\\\/person\\\/993b3c39215e0c277c79410bfe84333f\"},\"headline\":\"Ko\u015bci\u00f3\u0142 Wang w Karpaczu\",\"datePublished\":\"2023-04-21T18:59:56+00:00\",\"dateModified\":\"2023-04-22T05:33:39+00:00\",\"mainEntityOfPage\":{\"@id\":\"https:\\\/\\\/www.koronakarkonoszy.pl\\\/blog-atrakcje\\\/kosciol-wang-w-karpaczu\\\/\"},\"wordCount\":348,\"commentCount\":0,\"image\":{\"@id\":\"https:\\\/\\\/www.koronakarkonoszy.pl\\\/blog-atrakcje\\\/kosciol-wang-w-karpaczu\\\/#primaryimage\"},\"thumbnailUrl\":\"https:\\\/\\\/www.koronakarkonoszy.pl\\\/blog-atrakcje\\\/wp-content\\\/uploads\\\/2022\\\/08\\\/Kosciol-Wang.jpg\",\"articleSection\":[\"Obiekty sakralne\"],\"inLanguage\":\"pl-PL\",\"potentialAction\":[{\"@type\":\"CommentAction\",\"name\":\"Comment\",\"target\":[\"https:\\\/\\\/www.koronakarkonoszy.pl\\\/blog-atrakcje\\\/kosciol-wang-w-karpaczu\\\/#respond\"]}]},{\"@type\":\"WebPage\",\"@id\":\"https:\\\/\\\/www.koronakarkonoszy.pl\\\/blog-atrakcje\\\/kosciol-wang-w-karpaczu\\\/\",\"url\":\"https:\\\/\\\/www.koronakarkonoszy.pl\\\/blog-atrakcje\\\/kosciol-wang-w-karpaczu\\\/\",\"name\":\"Ko\u015bci\u00f3\u0142 Wang w Karpaczu - :: DKK Atrakcje\",\"isPartOf\":{\"@id\":\"https:\\\/\\\/www.koronakarkonoszy.pl\\\/blog-atrakcje\\\/#website\"},\"primaryImageOfPage\":{\"@id\":\"https:\\\/\\\/www.koronakarkonoszy.pl\\\/blog-atrakcje\\\/kosciol-wang-w-karpaczu\\\/#primaryimage\"},\"image\":{\"@id\":\"https:\\\/\\\/www.koronakarkonoszy.pl\\\/blog-atrakcje\\\/kosciol-wang-w-karpaczu\\\/#primaryimage\"},\"thumbnailUrl\":\"https:\\\/\\\/www.koronakarkonoszy.pl\\\/blog-atrakcje\\\/wp-content\\\/uploads\\\/2022\\\/08\\\/Kosciol-Wang.jpg\",\"datePublished\":\"2023-04-21T18:59:56+00:00\",\"dateModified\":\"2023-04-22T05:33:39+00:00\",\"author\":{\"@id\":\"https:\\\/\\\/www.koronakarkonoszy.pl\\\/blog-atrakcje\\\/#\\\/schema\\\/person\\\/993b3c39215e0c277c79410bfe84333f\"},\"description\":\"Ko\u015bci\u00f3\u0142 G\u00f3rski Naszego Zbawiciela w Karpaczu, znany r\u00f3wnie\u017c pod nazw\u0105 \u015awi\u0105tynia Wang lub Ko\u015bci\u00f3\u0142 Wang, to ewangelicki ko\u015bci\u00f3\u0142 parafialny.\",\"breadcrumb\":{\"@id\":\"https:\\\/\\\/www.koronakarkonoszy.pl\\\/blog-atrakcje\\\/kosciol-wang-w-karpaczu\\\/#breadcrumb\"},\"inLanguage\":\"pl-PL\",\"potentialAction\":[{\"@type\":\"ReadAction\",\"target\":[\"https:\\\/\\\/www.koronakarkonoszy.pl\\\/blog-atrakcje\\\/kosciol-wang-w-karpaczu\\\/\"]}]},{\"@type\":\"ImageObject\",\"inLanguage\":\"pl-PL\",\"@id\":\"https:\\\/\\\/www.koronakarkonoszy.pl\\\/blog-atrakcje\\\/kosciol-wang-w-karpaczu\\\/#primaryimage\",\"url\":\"https:\\\/\\\/www.koronakarkonoszy.pl\\\/blog-atrakcje\\\/wp-content\\\/uploads\\\/2022\\\/08\\\/Kosciol-Wang.jpg\",\"contentUrl\":\"https:\\\/\\\/www.koronakarkonoszy.pl\\\/blog-atrakcje\\\/wp-content\\\/uploads\\\/2022\\\/08\\\/Kosciol-Wang.jpg\",\"width\":1280,\"height\":960},{\"@type\":\"BreadcrumbList\",\"@id\":\"https:\\\/\\\/www.koronakarkonoszy.pl\\\/blog-atrakcje\\\/kosciol-wang-w-karpaczu\\\/#breadcrumb\",\"itemListElement\":[{\"@type\":\"ListItem\",\"position\":1,\"name\":\"Strona g\u0142\u00f3wna\",\"item\":\"https:\\\/\\\/www.koronakarkonoszy.pl\\\/blog-atrakcje\\\/\"},{\"@type\":\"ListItem\",\"position\":2,\"name\":\"Ko\u015bci\u00f3\u0142 Wang w Karpaczu\"}]},{\"@type\":\"WebSite\",\"@id\":\"https:\\\/\\\/www.koronakarkonoszy.pl\\\/blog-atrakcje\\\/#website\",\"url\":\"https:\\\/\\\/www.koronakarkonoszy.pl\\\/blog-atrakcje\\\/\",\"name\":\":: DKK Atrakcje\",\"description\":\"Atrakcje Dworu Korona Karkonoszy\",\"potentialAction\":[{\"@type\":\"SearchAction\",\"target\":{\"@type\":\"EntryPoint\",\"urlTemplate\":\"https:\\\/\\\/www.koronakarkonoszy.pl\\\/blog-atrakcje\\\/?s={search_term_string}\"},\"query-input\":{\"@type\":\"PropertyValueSpecification\",\"valueRequired\":true,\"valueName\":\"search_term_string\"}}],\"inLanguage\":\"pl-PL\"},{\"@type\":\"Person\",\"@id\":\"https:\\\/\\\/www.koronakarkonoszy.pl\\\/blog-atrakcje\\\/#\\\/schema\\\/person\\\/993b3c39215e0c277c79410bfe84333f\",\"name\":\"agnieszka\",\"image\":{\"@type\":\"ImageObject\",\"inLanguage\":\"pl-PL\",\"@id\":\"https:\\\/\\\/www.koronakarkonoszy.pl\\\/blog-atrakcje\\\/wp-content\\\/litespeed\\\/avatar\\\/53ee7b676463f74d0aea1a09de3d003b.jpg?ver=1777427421\",\"url\":\"https:\\\/\\\/www.koronakarkonoszy.pl\\\/blog-atrakcje\\\/wp-content\\\/litespeed\\\/avatar\\\/53ee7b676463f74d0aea1a09de3d003b.jpg?ver=1777427421\",\"contentUrl\":\"https:\\\/\\\/www.koronakarkonoszy.pl\\\/blog-atrakcje\\\/wp-content\\\/litespeed\\\/avatar\\\/53ee7b676463f74d0aea1a09de3d003b.jpg?ver=1777427421\",\"caption\":\"agnieszka\"},\"url\":\"https:\\\/\\\/www.koronakarkonoszy.pl\\\/blog-atrakcje\\\/author\\\/agnieszka\\\/\"}]}<\/script>\n<!-- \/ Yoast SEO plugin. -->","yoast_head_json":{"title":"Ko\u015bci\u00f3\u0142 Wang w Karpaczu - :: DKK Atrakcje","description":"Ko\u015bci\u00f3\u0142 G\u00f3rski Naszego Zbawiciela w Karpaczu, znany r\u00f3wnie\u017c pod nazw\u0105 \u015awi\u0105tynia Wang lub Ko\u015bci\u00f3\u0142 Wang, to ewangelicki ko\u015bci\u00f3\u0142 parafialny.","robots":{"index":"index","follow":"follow","max-snippet":"max-snippet:-1","max-image-preview":"max-image-preview:large","max-video-preview":"max-video-preview:-1"},"canonical":"https:\/\/www.koronakarkonoszy.pl\/blog-atrakcje\/kosciol-wang-w-karpaczu\/","og_locale":"pl_PL","og_type":"article","og_title":"Ko\u015bci\u00f3\u0142 Wang w Karpaczu - :: DKK Atrakcje","og_description":"Ko\u015bci\u00f3\u0142 G\u00f3rski Naszego Zbawiciela w Karpaczu, znany r\u00f3wnie\u017c pod nazw\u0105 \u015awi\u0105tynia Wang lub Ko\u015bci\u00f3\u0142 Wang, to ewangelicki ko\u015bci\u00f3\u0142 parafialny.","og_url":"https:\/\/www.koronakarkonoszy.pl\/blog-atrakcje\/kosciol-wang-w-karpaczu\/","og_site_name":":: DKK Atrakcje","article_published_time":"2023-04-21T18:59:56+00:00","article_modified_time":"2023-04-22T05:33:39+00:00","og_image":[{"width":1280,"height":960,"url":"https:\/\/www.koronakarkonoszy.pl\/blog-atrakcje\/wp-content\/uploads\/2022\/08\/Kosciol-Wang.jpg","type":"image\/jpeg"}],"author":"agnieszka","twitter_card":"summary_large_image","twitter_misc":{"Napisane przez":"agnieszka","Szacowany czas czytania":"2 minuty"},"schema":{"@context":"https:\/\/schema.org","@graph":[{"@type":"Article","@id":"https:\/\/www.koronakarkonoszy.pl\/blog-atrakcje\/kosciol-wang-w-karpaczu\/#article","isPartOf":{"@id":"https:\/\/www.koronakarkonoszy.pl\/blog-atrakcje\/kosciol-wang-w-karpaczu\/"},"author":{"name":"agnieszka","@id":"https:\/\/www.koronakarkonoszy.pl\/blog-atrakcje\/#\/schema\/person\/993b3c39215e0c277c79410bfe84333f"},"headline":"Ko\u015bci\u00f3\u0142 Wang w Karpaczu","datePublished":"2023-04-21T18:59:56+00:00","dateModified":"2023-04-22T05:33:39+00:00","mainEntityOfPage":{"@id":"https:\/\/www.koronakarkonoszy.pl\/blog-atrakcje\/kosciol-wang-w-karpaczu\/"},"wordCount":348,"commentCount":0,"image":{"@id":"https:\/\/www.koronakarkonoszy.pl\/blog-atrakcje\/kosciol-wang-w-karpaczu\/#primaryimage"},"thumbnailUrl":"https:\/\/www.koronakarkonoszy.pl\/blog-atrakcje\/wp-content\/uploads\/2022\/08\/Kosciol-Wang.jpg","articleSection":["Obiekty sakralne"],"inLanguage":"pl-PL","potentialAction":[{"@type":"CommentAction","name":"Comment","target":["https:\/\/www.koronakarkonoszy.pl\/blog-atrakcje\/kosciol-wang-w-karpaczu\/#respond"]}]},{"@type":"WebPage","@id":"https:\/\/www.koronakarkonoszy.pl\/blog-atrakcje\/kosciol-wang-w-karpaczu\/","url":"https:\/\/www.koronakarkonoszy.pl\/blog-atrakcje\/kosciol-wang-w-karpaczu\/","name":"Ko\u015bci\u00f3\u0142 Wang w Karpaczu - :: DKK Atrakcje","isPartOf":{"@id":"https:\/\/www.koronakarkonoszy.pl\/blog-atrakcje\/#website"},"primaryImageOfPage":{"@id":"https:\/\/www.koronakarkonoszy.pl\/blog-atrakcje\/kosciol-wang-w-karpaczu\/#primaryimage"},"image":{"@id":"https:\/\/www.koronakarkonoszy.pl\/blog-atrakcje\/kosciol-wang-w-karpaczu\/#primaryimage"},"thumbnailUrl":"https:\/\/www.koronakarkonoszy.pl\/blog-atrakcje\/wp-content\/uploads\/2022\/08\/Kosciol-Wang.jpg","datePublished":"2023-04-21T18:59:56+00:00","dateModified":"2023-04-22T05:33:39+00:00","author":{"@id":"https:\/\/www.koronakarkonoszy.pl\/blog-atrakcje\/#\/schema\/person\/993b3c39215e0c277c79410bfe84333f"},"description":"Ko\u015bci\u00f3\u0142 G\u00f3rski Naszego Zbawiciela w Karpaczu, znany r\u00f3wnie\u017c pod nazw\u0105 \u015awi\u0105tynia Wang lub Ko\u015bci\u00f3\u0142 Wang, to ewangelicki ko\u015bci\u00f3\u0142 parafialny.","breadcrumb":{"@id":"https:\/\/www.koronakarkonoszy.pl\/blog-atrakcje\/kosciol-wang-w-karpaczu\/#breadcrumb"},"inLanguage":"pl-PL","potentialAction":[{"@type":"ReadAction","target":["https:\/\/www.koronakarkonoszy.pl\/blog-atrakcje\/kosciol-wang-w-karpaczu\/"]}]},{"@type":"ImageObject","inLanguage":"pl-PL","@id":"https:\/\/www.koronakarkonoszy.pl\/blog-atrakcje\/kosciol-wang-w-karpaczu\/#primaryimage","url":"https:\/\/www.koronakarkonoszy.pl\/blog-atrakcje\/wp-content\/uploads\/2022\/08\/Kosciol-Wang.jpg","contentUrl":"https:\/\/www.koronakarkonoszy.pl\/blog-atrakcje\/wp-content\/uploads\/2022\/08\/Kosciol-Wang.jpg","width":1280,"height":960},{"@type":"BreadcrumbList","@id":"https:\/\/www.koronakarkonoszy.pl\/blog-atrakcje\/kosciol-wang-w-karpaczu\/#breadcrumb","itemListElement":[{"@type":"ListItem","position":1,"name":"Strona g\u0142\u00f3wna","item":"https:\/\/www.koronakarkonoszy.pl\/blog-atrakcje\/"},{"@type":"ListItem","position":2,"name":"Ko\u015bci\u00f3\u0142 Wang w Karpaczu"}]},{"@type":"WebSite","@id":"https:\/\/www.koronakarkonoszy.pl\/blog-atrakcje\/#website","url":"https:\/\/www.koronakarkonoszy.pl\/blog-atrakcje\/","name":":: DKK Atrakcje","description":"Atrakcje Dworu Korona Karkonoszy","potentialAction":[{"@type":"SearchAction","target":{"@type":"EntryPoint","urlTemplate":"https:\/\/www.koronakarkonoszy.pl\/blog-atrakcje\/?s={search_term_string}"},"query-input":{"@type":"PropertyValueSpecification","valueRequired":true,"valueName":"search_term_string"}}],"inLanguage":"pl-PL"},{"@type":"Person","@id":"https:\/\/www.koronakarkonoszy.pl\/blog-atrakcje\/#\/schema\/person\/993b3c39215e0c277c79410bfe84333f","name":"agnieszka","image":{"@type":"ImageObject","inLanguage":"pl-PL","@id":"https:\/\/www.koronakarkonoszy.pl\/blog-atrakcje\/wp-content\/litespeed\/avatar\/53ee7b676463f74d0aea1a09de3d003b.jpg?ver=1777427421","url":"https:\/\/www.koronakarkonoszy.pl\/blog-atrakcje\/wp-content\/litespeed\/avatar\/53ee7b676463f74d0aea1a09de3d003b.jpg?ver=1777427421","contentUrl":"https:\/\/www.koronakarkonoszy.pl\/blog-atrakcje\/wp-content\/litespeed\/avatar\/53ee7b676463f74d0aea1a09de3d003b.jpg?ver=1777427421","caption":"agnieszka"},"url":"https:\/\/www.koronakarkonoszy.pl\/blog-atrakcje\/author\/agnieszka\/"}]}},"_links":{"self":[{"href":"https:\/\/www.koronakarkonoszy.pl\/blog-atrakcje\/wp-json\/wp\/v2\/posts\/4626","targetHints":{"allow":["GET"]}}],"collection":[{"href":"https:\/\/www.koronakarkonoszy.pl\/blog-atrakcje\/wp-json\/wp\/v2\/posts"}],"about":[{"href":"https:\/\/www.koronakarkonoszy.pl\/blog-atrakcje\/wp-json\/wp\/v2\/types\/post"}],"author":[{"embeddable":true,"href":"https:\/\/www.koronakarkonoszy.pl\/blog-atrakcje\/wp-json\/wp\/v2\/users\/11"}],"replies":[{"embeddable":true,"href":"https:\/\/www.koronakarkonoszy.pl\/blog-atrakcje\/wp-json\/wp\/v2\/comments?post=4626"}],"version-history":[{"count":0,"href":"https:\/\/www.koronakarkonoszy.pl\/blog-atrakcje\/wp-json\/wp\/v2\/posts\/4626\/revisions"}],"wp:featuredmedia":[{"embeddable":true,"href":"https:\/\/www.koronakarkonoszy.pl\/blog-atrakcje\/wp-json\/wp\/v2\/media\/4627"}],"wp:attachment":[{"href":"https:\/\/www.koronakarkonoszy.pl\/blog-atrakcje\/wp-json\/wp\/v2\/media?parent=4626"}],"wp:term":[{"taxonomy":"category","embeddable":true,"href":"https:\/\/www.koronakarkonoszy.pl\/blog-atrakcje\/wp-json\/wp\/v2\/categories?post=4626"}],"curies":[{"name":"wp","href":"https:\/\/api.w.org\/{rel}","templated":true}]}}