{"id":5449,"date":"2024-04-20T19:37:00","date_gmt":"2024-04-20T17:37:00","guid":{"rendered":"https:\/\/www.koronakarkonoszy.pl\/blog-atrakcje\/?p=5449"},"modified":"2024-06-26T07:40:34","modified_gmt":"2024-06-26T05:40:34","slug":"pine-tree","status":"publish","type":"post","link":"https:\/\/www.koronakarkonoszy.pl\/blog-atrakcje\/en\/sosnowka\/","title":{"rendered":"Sosn\u00f3wka"},"content":{"rendered":"\n<p>Jaka miejscowo\u015b\u0107 w Karkonoszach oferuje turystom, go\u015bciom weselnym i uczestnikom event\u00f3w firmowych przepi\u0119kne widoki, spok\u00f3j i cisz\u0119? A zarazem mo\u017cliwo\u015b\u0107 aktywnego wypoczynku? Sosn\u00f3wka, zabytkowa miejscowo\u015b\u0107 wczasowa w pobli\u017cu Karpacza, oferuje swym go\u015bciom to wszystko. Ponadto stanowi ciekaw\u0105 atrakcj\u0119 okolic Jeleniej G\u00f3ry.<\/p>\n\n\n\n<h3 class=\"wp-block-heading\" id=\"ha-czego-sie-dowiesz-z-artykulu\">Czego si\u0119 dowiesz z artyku\u0142u?<\/h3>\n\n\n\n<p>Sosn\u00f3wka, malownicza wie\u015b wypoczynkowa po\u0142o\u017cona w pobli\u017cu Karpacza, jest prawdziwym rajem dla mi\u0142o\u015bnik\u00f3w przyrody, turystyki oraz lokalnych tradycji. Z jej bogat\u0105 ofert\u0105 turystyczn\u0105, licznymi szlakami pieszymi i rowerowymi wiod\u0105cymi przez niezwykle malownicze krajobrazy Karkonoszy, <a href=\"https:\/\/www.koronakarkonoszy.pl\/blog-atrakcje\/sosnowka\/\" class=\"links-placer\">Sosn\u00f3wka<\/a> przyci\u0105ga zar\u00f3wno tych, kt\u00f3rzy szukaj\u0105 spokoju i wytchnienia, jak i poszukiwaczy przyg\u00f3d. <\/p>\n\n\n\n<p>Miejscowo\u015b\u0107 ta, z jej unikaln\u0105 architektur\u0105 i mo\u017cliwo\u015bci\u0105 organizacji imprez firmowych oraz niezapomnianych wesel, staje si\u0119 idealnym miejscem na niezwyk\u0142e wydarzenia w \u017cyciu. Dodatkowo, lokalne atrakcje oraz karkonoska kuchnia regionalna zach\u0119caj\u0105 do odkrywania bogactwa kulturowego i smakowego tego wyj\u0105tkowego zak\u0105tka Polski. Sosn\u00f3wka to miejsce, gdzie ka\u017cdy znajdzie co\u015b dla siebie, niezale\u017cnie od tego, czy pragnie aktywnie sp\u0119dzi\u0107 czas, czy te\u017c szuka idealnego miejsca na urlop w otoczeniu natury.<\/p>\n\n\n<div id=\"ariadna-block_9c2d91ad49d3a932942a42d4a39c4dcc\" class=\"ariadna\">\r\n    <ul><li><a href=\"#ha-sosnowka-wczasowa-wies-kolo-karpacza\">Sosn\u00f3wka &#8211; wczasowa wie\u015b ko\u0142o Karpacza<\/a><\/li><li><a href=\"#ha-jakie-szlaki-turystyczne-w-sosnowce-warto-przemierzyc\">Jakie szlaki turystyczne w Sosn\u00f3wce warto przemierzy\u0107?<\/a><\/li><li><a href=\"#h-czy-zalew-sosnowka-to-zbiornik-rekreacyjny\">Czy Zalew Sosn\u00f3wka to zbiornik rekreacyjny?<\/a><\/li><li><a href=\"#ha-sosnowka-atrakcje-co-mozna-tu-zobaczyc\">Sosn\u00f3wka atrakcje &#8211; co mo\u017cna tu zobaczy\u0107?<\/a><\/li><li><a href=\"#h-imprezy-firmowe-sosnowka\">Imprezy firmowe Sosn\u00f3wka<\/a><\/li><li><a href=\"#ha-jaka-jest-architektura-sosnowki\">Jaka jest architektura Sosn\u00f3wki?<\/a><\/li><li><a href=\"#ha-wesela-sosnowka-na-slub-w-lektyce\">Wesela Sosn\u00f3wka \u2013 na \u015blub w lektyce!<\/a><\/li><li><a href=\"#h-czy-sosnowka-to-dobre-miejsce-na-urlop\">Czy Sosn\u00f3wka to dobre miejsce na urlop?<\/a><\/li><li><a href=\"#ha-czym-zachwyca-karkonoska-kuchnia-regionalna\">Czym zachwyca karkonoska kuchnia regionalna?<\/a><\/li><\/ul>\r\n<\/div>\r\n\r\n\r\n\r\n\n\n\n<figure class=\"wp-block-image size-large is-resized\"><img loading=\"lazy\" decoding=\"async\" width=\"1024\" height=\"481\" src=\"https:\/\/www.koronakarkonoszy.pl\/blog-atrakcje\/wp-content\/uploads\/2022\/12\/Dwor-Korona-Karkonoszy-1024x481.jpg\" alt=\"\" class=\"wp-image-5480\" style=\"width:838px;height:393px\" srcset=\"https:\/\/www.koronakarkonoszy.pl\/blog-atrakcje\/wp-content\/uploads\/2022\/12\/Dwor-Korona-Karkonoszy-1024x481.jpg 1024w, https:\/\/www.koronakarkonoszy.pl\/blog-atrakcje\/wp-content\/uploads\/2022\/12\/Dwor-Korona-Karkonoszy-300x141.jpg 300w, https:\/\/www.koronakarkonoszy.pl\/blog-atrakcje\/wp-content\/uploads\/2022\/12\/Dwor-Korona-Karkonoszy-768x361.jpg 768w, https:\/\/www.koronakarkonoszy.pl\/blog-atrakcje\/wp-content\/uploads\/2022\/12\/Dwor-Korona-Karkonoszy.jpg 1500w\" sizes=\"auto, (max-width: 1024px) 100vw, 1024px\" \/><figcaption class=\"wp-element-caption\">Zalew Sosn\u00f3wka &#8211; atrakcje <\/figcaption><\/figure>\n\n\n\n<h2 class=\"wp-block-heading\" id=\"ha-sosnowka-wczasowa-wies-kolo-karpacza\">Sosn\u00f3wka &#8211; wczasowa wie\u015b ko\u0142o Karpacza<\/h2>\n\n\n\n<p>Sosn\u00f3wka to miejscowo\u015b\u0107 po\u0142o\u017cona u podn\u00f3\u017ca Karkonoszy nad zalewem o tej samej nazwie. To du\u017ca wie\u015b typu \u0142a\u0144cuchowego. Domy budowano po obu stronach g\u0142\u00f3wnej drogi, biegn\u0105cej przez ca\u0142\u0105 wie\u015b. Sosn\u00f3wka graniczy w\u0142a\u015bciwie z Karpaczem, a odleg\u0142o\u015b\u0107 od Jeleniej G\u00f3ry \u2013 Cieplic to zaledwie 7 km. Miejscowo\u015b\u0107 stanowi atrakcyjne miejsce dla turyst\u00f3w, kt\u00f3rzy ceni\u0105 sobie spok\u00f3j, blisko\u015b\u0107 natury, a z okien hotelu czy pensjonatu chc\u0105 podziwia\u0107 g\u00f3rskie szczyty i mie\u0107 widok na wod\u0119, a nie kolejne budynki.<\/p>\n\n\n<section id=\"leonardo-block_3b912a1bbfaf87cf6e3b824baaf274fb\" class=\"leonardo page-breaker leonardo-image-left\">\r\n    <div class=\"leonardo-body\">\r\n                <div class=\"leonardo-content\"><p>Miejscowo\u015b\u0107 znajduje si\u0119 na pograniczu Pog\u00f3rza Karkonoskiego i Kotliny Jeleniog\u00f3rskiej, na wysoko\u015bci 370\u2013720 m n.p.m. Otaczaj\u0105 j\u0105 trzy granitowe szczyty:<\/p>\n<p>\u2013 Kazalnica (630 m n.p.m.),<\/p>\n<p>&#8211; Skiba (749 m n.p.m.)<\/p>\n<p>&#8211; Grabowiec, z \u017cy\u0142ami porfiru (784 m n.p.m.).<\/p>\n<p>To du\u017ca, mocno rozcz\u0142onkowana wie\u015b, podzielona na Sosn\u00f3wk\u0119 Doln\u0105 i Sosn\u00f3wk\u0119 G\u00f3rn\u0105. Ta ostatnia prawie styka si\u0119 z pobliskim Karpaczem. Sosn\u00f3wka &#8211; po\u0142o\u017cenie ma znakomite, to \u015bwietny punkt wypadowy w g\u00f3ry.<\/p>\n<\/div>\r\n            <\/div>\r\n    <div class=\"leonardo-image\">\r\n        <img loading=\"lazy\" decoding=\"async\" width=\"808\" height=\"531\" src=\"https:\/\/www.koronakarkonoszy.pl\/blog-atrakcje\/wp-content\/uploads\/2022\/12\/3.jpg\" class=\"attachment-full size-full\" alt=\"\" srcset=\"https:\/\/www.koronakarkonoszy.pl\/blog-atrakcje\/wp-content\/uploads\/2022\/12\/3.jpg 808w, https:\/\/www.koronakarkonoszy.pl\/blog-atrakcje\/wp-content\/uploads\/2022\/12\/3-300x197.jpg 300w, https:\/\/www.koronakarkonoszy.pl\/blog-atrakcje\/wp-content\/uploads\/2022\/12\/3-768x505.jpg 768w\" sizes=\"auto, (max-width: 808px) 100vw, 808px\" \/>            <\/div>\r\n<\/section>\n\n\n<h2 class=\"wp-block-heading\" id=\"ha-jakie-szlaki-turystyczne-w-sosnowce-warto-przemierzyc\">Jakie szlaki turystyczne w Sosn\u00f3wce warto przemierzy\u0107?<\/h2>\n\n\n\n<p>Sosn\u00f3wka oferuje kilka tras turystycznych. <strong>G\u0142\u00f3wne szlaki turystyczne w Sosn\u00f3wce <\/strong>to szlak \u017c\u00f3\u0142ty i czarny. Wed\u0142ug oznacze\u0144 PTTK znajduj\u0105cych si\u0119 przy ko\u015bciele w Sosn\u00f3wce Dolnej \u017c\u00f3\u0142tym szlakiem mo\u017cna doj\u015b\u0107 do Jeleniej G\u00f3ry przez Stanisz\u00f3w. W przeciwnym kierunku szlak ten prowadzi do <a href=\"https:\/\/www.koronakarkonoszy.pl\/blog-atrakcje\/kaplica-sw-anny-na-grabowcu\/\" target=\"_blank\" rel=\"noreferrer noopener\">Kaplicy \u015bw. Anny<\/a> (ok. 1,1 h \u2013 45 min) i Cudownego \u0179r\u00f3de\u0142ka, a dalej do Karpacza i \u015awi\u0105tyni <a href=\"https:\/\/www.koronakarkonoszy.pl\/blog-atrakcje\/kosciol-wang-w-karpaczu\/\" target=\"_blank\" rel=\"noreferrer noopener\">Wang<\/a>. Czarny szlak prowadzi do Przesieki. W tym samym miejscu znajduje si\u0119 przystanek komunikacji miejskiej, mo\u017cna wi\u0119c pokona\u0107 t\u0119 tras\u0119 tylko w jedn\u0105 stron\u0119. Sosn\u00f3wka szlaki turystyczne \u2013 jest w czym wybiera\u0107!<\/p>\n\n\n\n<figure class=\"wp-block-image size-full\"><img loading=\"lazy\" decoding=\"async\" width=\"800\" height=\"528\" src=\"https:\/\/www.koronakarkonoszy.pl\/blog-atrakcje\/wp-content\/uploads\/2022\/12\/image_11.jpg\" alt=\"\" class=\"wp-image-6935\" srcset=\"https:\/\/www.koronakarkonoszy.pl\/blog-atrakcje\/wp-content\/uploads\/2022\/12\/image_11.jpg 800w, https:\/\/www.koronakarkonoszy.pl\/blog-atrakcje\/wp-content\/uploads\/2022\/12\/image_11-300x198.jpg 300w, https:\/\/www.koronakarkonoszy.pl\/blog-atrakcje\/wp-content\/uploads\/2022\/12\/image_11-768x507.jpg 768w, https:\/\/www.koronakarkonoszy.pl\/blog-atrakcje\/wp-content\/uploads\/2022\/12\/image_11-18x12.jpg 18w\" sizes=\"auto, (max-width: 800px) 100vw, 800px\" \/><figcaption class=\"wp-element-caption\">Sosn\u00f3wka trasa do Kaplicy \u015bw. Anny<\/figcaption><\/figure>\n\n\n\n<p>Piesze w\u0119dr\u00f3wki wok\u00f3\u0142 Sosn\u00f3wki mog\u0105 tak\u017ce oznacza\u0107 kr\u00f3tsze spacery &#8211; bardzo \u0142atwy i przyjemny jest spacer ze wsi do <a href=\"https:\/\/www.koronakarkonoszy.pl\/blog-atrakcje\/zamek-ksiecia-henryka\/\" target=\"_blank\" rel=\"noreferrer noopener\">Zamku ksi\u0119cia Henryka<\/a> albo wok\u00f3\u0142 zalewu.<\/p>\n\n\n\n<figure class=\"wp-block-image size-large\"><img loading=\"lazy\" decoding=\"async\" width=\"1024\" height=\"768\" src=\"https:\/\/www.koronakarkonoszy.pl\/blog-atrakcje\/wp-content\/uploads\/2022\/12\/IMG20220924172615-1024x768.jpg\" alt=\"\" class=\"wp-image-5462\" srcset=\"https:\/\/www.koronakarkonoszy.pl\/blog-atrakcje\/wp-content\/uploads\/2022\/12\/IMG20220924172615-1024x768.jpg 1024w, https:\/\/www.koronakarkonoszy.pl\/blog-atrakcje\/wp-content\/uploads\/2022\/12\/IMG20220924172615-300x225.jpg 300w, https:\/\/www.koronakarkonoszy.pl\/blog-atrakcje\/wp-content\/uploads\/2022\/12\/IMG20220924172615-768x576.jpg 768w, https:\/\/www.koronakarkonoszy.pl\/blog-atrakcje\/wp-content\/uploads\/2022\/12\/IMG20220924172615-1920x1440.jpg 1920w, https:\/\/www.koronakarkonoszy.pl\/blog-atrakcje\/wp-content\/uploads\/2022\/12\/IMG20220924172615-1536x1152.jpg 1536w, https:\/\/www.koronakarkonoszy.pl\/blog-atrakcje\/wp-content\/uploads\/2022\/12\/IMG20220924172615-2048x1536.jpg 2048w\" sizes=\"auto, (max-width: 1024px) 100vw, 1024px\" \/><figcaption class=\"wp-element-caption\">Atrakcje Sosn\u00f3wka &#8211; trasy turystyczne<\/figcaption><\/figure>\n\n\n\n<h3 class=\"wp-block-heading\" id=\"ha-trasa-sosnowka-patelnia\">Trasa Sosn\u00f3wka \u2013 Patelnia<\/h3>\n\n\n\n<p>Sosn\u00f3wka, magiczne miejsce w Karkonoszach, oferuje turystom wiele atrakcyjnych szlak\u00f3w. &nbsp;Nadaj\u0105 si\u0119 one zar\u00f3wno na piesze wycieczki, jak i treningi biegowe. To, co odr\u00f3\u017cnia je od innych szlak\u00f3w karkonoskich, to niewielka liczba turyst\u00f3w na trasach. A to zapewnia nam spok\u00f3j podczas obcowania z natur\u0105. Dlatego warto si\u0119 tu wybra\u0107 je\u015bli interesuj\u0105 nas atrakcje wok\u00f3\u0142 Karpacza.<\/p>\n\n\n\n<figure class=\"wp-block-image size-full\"><img loading=\"lazy\" decoding=\"async\" width=\"800\" height=\"539\" src=\"https:\/\/www.koronakarkonoszy.pl\/blog-atrakcje\/wp-content\/uploads\/2023\/08\/sosnowka10.jpg\" alt=\"\" class=\"wp-image-6962\" srcset=\"https:\/\/www.koronakarkonoszy.pl\/blog-atrakcje\/wp-content\/uploads\/2023\/08\/sosnowka10.jpg 800w, https:\/\/www.koronakarkonoszy.pl\/blog-atrakcje\/wp-content\/uploads\/2023\/08\/sosnowka10-300x202.jpg 300w, https:\/\/www.koronakarkonoszy.pl\/blog-atrakcje\/wp-content\/uploads\/2023\/08\/sosnowka10-768x517.jpg 768w, https:\/\/www.koronakarkonoszy.pl\/blog-atrakcje\/wp-content\/uploads\/2023\/08\/sosnowka10-18x12.jpg 18w\" sizes=\"auto, (max-width: 800px) 100vw, 800px\" \/><figcaption class=\"wp-element-caption\">Sosn\u00f3wka szlaki turystyczne <\/figcaption><\/figure>\n\n\n\n<h3 class=\"wp-block-heading\" id=\"ha-miejsce-startu-szlaku-sosnowka-patelnia\">Miejsce startu szlaku Sosn\u00f3wka \u2013 Patelnia<\/h3>\n\n\n\n<p>Jako miejsce startu naszych pieszych wycieczek wybierzmy przystanek autobusowy w pobli\u017cu ko\u015bcio\u0142a p.w. Naj\u015bwi\u0119tszego Serca Pana Jezusa i Matki Bo\u017cej Ostrobramskiej w centrum miejscowo\u015bci. Trasa Sosn\u00f3wka \u2013 Patelnia to 8-kilometrowy szlak z przewy\u017cszeniem oko\u0142o 400 metr\u00f3w. To szlak o \u015brednim stopniu trudno\u015bci, gwarantuj\u0105cy przepi\u0119kne widoki i odwiedzenie ciekawych i dos\u0142ownie magicznych miejsc w tej cz\u0119\u015bci Karkonoszy. Z przystanku autobusowego ruszamy w g\u00f3r\u0119 ulic\u0105 Liczyrzepy. Po przej\u015bciu oko\u0142o 800 metr\u00f3w dochodzimy do ostrego zakr\u0119tu w lewo pod g\u00f3r\u0119. My jednak wybieramy skr\u00f3t, id\u0105c szlakiem prosto i wchodz\u0105c na ulic\u0119 o takiej w\u0142a\u015bnie nazwie &#8211; \u201eNa Skr\u00f3cie\u201d. Kilkusetmetrowy kawa\u0142ek drogi to zdecydowanie bardziej strome podej\u015bcie, jednak znacznie bezpieczniejsze ni\u017c poruszanie si\u0119 ruchliw\u0105 jezdni\u0105.<\/p>\n\n\n\n<figure class=\"wp-block-image size-full\"><img loading=\"lazy\" decoding=\"async\" width=\"1000\" height=\"405\" src=\"https:\/\/www.koronakarkonoszy.pl\/blog-atrakcje\/wp-content\/uploads\/2022\/11\/Zalew-Sosnowka_widok-z-gory.jpg\" alt=\"\" class=\"wp-image-4997\" srcset=\"https:\/\/www.koronakarkonoszy.pl\/blog-atrakcje\/wp-content\/uploads\/2022\/11\/Zalew-Sosnowka_widok-z-gory.jpg 1000w, https:\/\/www.koronakarkonoszy.pl\/blog-atrakcje\/wp-content\/uploads\/2022\/11\/Zalew-Sosnowka_widok-z-gory-300x122.jpg 300w, https:\/\/www.koronakarkonoszy.pl\/blog-atrakcje\/wp-content\/uploads\/2022\/11\/Zalew-Sosnowka_widok-z-gory-768x311.jpg 768w\" sizes=\"auto, (max-width: 1000px) 100vw, 1000px\" \/><figcaption class=\"wp-element-caption\">Sosn\u00f3wka, widok z g\u00f3ry <\/figcaption><\/figure>\n\n\n\n<h3 class=\"wp-block-heading\" id=\"ha-drugi-etap-trasy-sosnowka-patelnia\">Drugi etap trasy Sosn\u00f3wka \u2013 Patelnia<\/h3>\n\n\n\n<p>Po doj\u015bciu do drogi, kt\u00f3r\u0105 poruszali\u015bmy si\u0119 wcze\u015bniej, czyli ulicy Liczyrzepy, przechodzimy na jej drug\u0105 stron\u0119. skr\u0119camy szlakiem w lewo. Le\u015bna \u015bcie\u017cka \u0142agodnie doprowadzi nas do najtrudniejszego odcinka wyprawy, czyli stromego podej\u015bcia do Dobrego \u0179r\u00f3d\u0142a i Kaplicy \u015bw. Anny (700 metr\u00f3w d\u0142ugo\u015bci i przewy\u017cszenie + 140 metr\u00f3w). Z napis\u00f3w na jednym z kamieni przy \u017ar\u00f3de\u0142ku dowiadujemy si\u0119, \u017ce by\u0142o ono znane ju\u017c w 1212 roku. Tak naprawd\u0119 \u017ar\u00f3de\u0142ko wybija pod o\u0142tarzem w pobliskiej kapliczce, natomiast przed ni\u0105 znajduje si\u0119 tylko ozdobne uj\u0119cie wody.<\/p>\n\n\n\n<figure class=\"wp-block-image size-full\"><img loading=\"lazy\" decoding=\"async\" width=\"800\" height=\"600\" src=\"https:\/\/www.koronakarkonoszy.pl\/blog-atrakcje\/wp-content\/uploads\/2022\/12\/image_9.jpg\" alt=\"\" class=\"wp-image-6363\" srcset=\"https:\/\/www.koronakarkonoszy.pl\/blog-atrakcje\/wp-content\/uploads\/2022\/12\/image_9.jpg 800w, https:\/\/www.koronakarkonoszy.pl\/blog-atrakcje\/wp-content\/uploads\/2022\/12\/image_9-300x225.jpg 300w, https:\/\/www.koronakarkonoszy.pl\/blog-atrakcje\/wp-content\/uploads\/2022\/12\/image_9-768x576.jpg 768w, https:\/\/www.koronakarkonoszy.pl\/blog-atrakcje\/wp-content\/uploads\/2022\/12\/image_9-16x12.jpg 16w\" sizes=\"auto, (max-width: 800px) 100vw, 800px\" \/><figcaption class=\"wp-element-caption\">Kaplica \u015bw. Anny<\/figcaption><\/figure>\n\n\n\n<p>Je\u015bli kto\u015b chce zazna\u0107 szcz\u0119\u015bcia w mi\u0142o\u015bci, wystarczy nabra\u0107 \u017ar\u00f3dlanej wody w usta i obej\u015b\u0107 lub najlepiej obiec 7-krotnie kapliczk\u0119. Wa\u017cne, by zrobi\u0107 to w odpowiednim kierunku. Po okr\u0105\u017ceniu mo\u017cemy odpocz\u0105\u0107, podziwiaj\u0105c przepi\u0119kne widoki na Karkonosze i Kotlin\u0119 Jeleniog\u00f3rsk\u0105. Przy kaplicy znajduje si\u0119 gospoda \u201ePrzy Dobrym \u0179r\u00f3dle\u201d, gdzie mo\u017cemy si\u0119 ogrza\u0107 i co\u015b przek\u0105si\u0107. Schodami przy gospodzie ruszamy w dalsz\u0105 drog\u0119 szlakiem w prawo i docieramy do domu wczasowego \u201eLubuszanin\u201d, kt\u00f3ry swoje lata \u015bwietno\u015bci ma ju\u017c dawno za sob\u0105.<\/p>\n\n\n\n<figure class=\"wp-block-image size-full\"><img loading=\"lazy\" decoding=\"async\" width=\"800\" height=\"600\" src=\"https:\/\/www.koronakarkonoszy.pl\/blog-atrakcje\/wp-content\/uploads\/2022\/12\/image_7.jpg\" alt=\"\" class=\"wp-image-6361\" srcset=\"https:\/\/www.koronakarkonoszy.pl\/blog-atrakcje\/wp-content\/uploads\/2022\/12\/image_7.jpg 800w, https:\/\/www.koronakarkonoszy.pl\/blog-atrakcje\/wp-content\/uploads\/2022\/12\/image_7-300x225.jpg 300w, https:\/\/www.koronakarkonoszy.pl\/blog-atrakcje\/wp-content\/uploads\/2022\/12\/image_7-768x576.jpg 768w, https:\/\/www.koronakarkonoszy.pl\/blog-atrakcje\/wp-content\/uploads\/2022\/12\/image_7-16x12.jpg 16w\" sizes=\"auto, (max-width: 800px) 100vw, 800px\" \/><figcaption class=\"wp-element-caption\">Dobre \u0179r\u00f3d\u0142o przy Kaplicy \u015bw. Anny <\/figcaption><\/figure>\n\n\n\n<h3 class=\"wp-block-heading\" id=\"ha-przepiekny-widok-na-karkonosze-z-trasy-sosnowka-patelnia\">Przepi\u0119kny widok na Karkonosze z trasy Sosn\u00f3wka \u2013 Patelnia<\/h3>\n\n\n\n<p>Po przej\u015bciu kilkuset metr\u00f3w trafimy na spor\u0105 \u0142\u0105k\u0119. Wtedy uka\u017ce si\u0119 nam przepi\u0119kny widok na Karkonosze oraz kr\u00f3low\u0105 polskich Sudet\u00f3w, czyli \u015anie\u017ck\u0119. To po\u0142owa naszej drogi i jedna z wielu nagr\u00f3d za nasz wysi\u0142ek. Na \u0142\u0105ce szlak skr\u0119ca w lewo. Id\u0105c pod g\u00f3r\u0119, zbli\u017camy si\u0119 do najwy\u017cszego punktu naszej wycieczki &#8211; magicznej ska\u0142y zwanej Patelni\u0105. Tutaj b\u0119dziemy mogli odzyska\u0107 utracon\u0105 podczas wspinaczki moc. <\/p>\n\n\n\n<p>Sporych rozmiar\u00f3w ska\u0142a, o wysoko\u015bci oko\u0142o 10 metr\u00f3w swoj\u0105 nazw\u0119 zawdzi\u0119cza sp\u0142aszczonemu zwie\u0144czeniu. Wej\u015bcie na jej szczyt, czyli wykute w skale schody znajduj\u0105 si\u0119 z prawej strony. Koniecznie trzeba tam wej\u015b\u0107, bo to w\u0142a\u015bnie jest miejsce emanuj\u0105ce magiczn\u0105 energi\u0105. Punkt o najsilniejszej emisji zosta\u0142 oznaczony wbitym w ska\u0142\u0119 metalowym pr\u0119tem. Dodatkowym czynnikiem, kt\u00f3ry na pewno doda nam si\u0142, jest przepi\u0119kny widok ze szczytu na Kotlin\u0119 Jeleniog\u00f3rsk\u0105. Wed\u0142ug legend to w\u0142a\u015bnie na tej skale swoje sabaty odbywa\u0142y karkonoskie czarownice.<\/p>\n\n\n\n<figure class=\"wp-block-image size-full\"><img loading=\"lazy\" decoding=\"async\" width=\"800\" height=\"600\" src=\"https:\/\/www.koronakarkonoszy.pl\/blog-atrakcje\/wp-content\/uploads\/2022\/12\/image_8.jpg\" alt=\"\" class=\"wp-image-6362\" srcset=\"https:\/\/www.koronakarkonoszy.pl\/blog-atrakcje\/wp-content\/uploads\/2022\/12\/image_8.jpg 800w, https:\/\/www.koronakarkonoszy.pl\/blog-atrakcje\/wp-content\/uploads\/2022\/12\/image_8-300x225.jpg 300w, https:\/\/www.koronakarkonoszy.pl\/blog-atrakcje\/wp-content\/uploads\/2022\/12\/image_8-768x576.jpg 768w, https:\/\/www.koronakarkonoszy.pl\/blog-atrakcje\/wp-content\/uploads\/2022\/12\/image_8-16x12.jpg 16w\" sizes=\"auto, (max-width: 800px) 100vw, 800px\" \/><figcaption class=\"wp-element-caption\">Patelnia <\/figcaption><\/figure>\n\n\n\n<h3 class=\"wp-block-heading\" id=\"ha-miejsce-docelowe-patelnia\">Miejsce docelowe \u2013 Patelnia<\/h3>\n\n\n\n<p>Po odpoczynku ruszamy szlakiem w d\u00f3\u0142. Chyba, \u017ce kto\u015b chce spr\u00f3bowa\u0107 podej\u015bcia kilkusetmetrow\u0105 le\u015bn\u0105 \u015bcie\u017ck\u0105 pod g\u00f3r\u0119 i ma ochot\u0119 zdoby\u0107 szczyt Grabowiec, licz\u0105cy 748 metr\u00f3w n.p.m. Po zdobyciu Grabowca wracamy t\u0105 sam\u0105 drog\u0105 na szlak. Teraz, schodz\u0105c 3,5 kilometra w d\u00f3\u0142, wracamy do Sosn\u00f3wki. Jak ju\u017c wspomniano, niesamowit\u0105 zalet\u0105 poruszania si\u0119 tutejszymi szlakami jest niewielka liczba turyst\u00f3w, dzi\u0119ki czemu mo\u017cemy w ciszy i spokoju obcowa\u0107 z natur\u0105. Jednak z tego te\u017c powodu i maj\u0105c na wzgl\u0119dzie w\u0142asne bezpiecze\u0144stwo, przed wyruszeniem na szlak warto zapozna\u0107 si\u0119 z map\u0105 i pobra\u0107 \u015blad GPX na urz\u0105dzenie z nawigacj\u0105 (telefon, zegarek).<\/p>\n\n\n\n<figure class=\"wp-block-image size-full\"><img loading=\"lazy\" decoding=\"async\" width=\"1000\" height=\"270\" src=\"https:\/\/www.koronakarkonoszy.pl\/blog-atrakcje\/wp-content\/uploads\/2022\/12\/karpacz-panorama-.jpg\" alt=\"\" class=\"wp-image-5812\" srcset=\"https:\/\/www.koronakarkonoszy.pl\/blog-atrakcje\/wp-content\/uploads\/2022\/12\/karpacz-panorama-.jpg 1000w, https:\/\/www.koronakarkonoszy.pl\/blog-atrakcje\/wp-content\/uploads\/2022\/12\/karpacz-panorama--300x81.jpg 300w, https:\/\/www.koronakarkonoszy.pl\/blog-atrakcje\/wp-content\/uploads\/2022\/12\/karpacz-panorama--768x207.jpg 768w\" sizes=\"auto, (max-width: 1000px) 100vw, 1000px\" \/><figcaption class=\"wp-element-caption\">Karpacz panorama <\/figcaption><\/figure>\n\n\n\n<h3 class=\"wp-block-heading\" id=\"ha-sosnowka-karpacz-odleglosc\">Sosn\u00f3wka \u2013 Karpacz odleg\u0142o\u015b\u0107<\/h3>\n\n\n\n<p>Sosn\u00f3wka i Karpacz praktycznie \u0142\u0105cz\u0105 si\u0119 ze sob\u0105. Dzieli je zaledwie 8 km, co oznacza, \u017ce jazda samochodem trwa oko\u0142o 10 minut. Kursuj\u0105 tak\u017ce autobusy, dzi\u0119ki kt\u00f3rym szybko i wygodnie mo\u017cna pokona\u0107 tras\u0119 z jednej miejscowo\u015bci do drugiej. Ponadto w Sosn\u00f3wce znajdziemy szlak turystyczny, kt\u00f3ry zaprowadzi nas prosto do Karpacza. Zaczyna si\u0119 w Sosn\u00f3wce Dolnej, biegnie przez Grabowiec z Kaplic\u0105 \u015bw. Anny, a potem idzie dalej, do \u015bwi\u0105tyni Wang i wreszcie do Karpacza.<\/p>\n\n\n<section id=\"leonardo-block_ee50a0eb1972372b1d8c4bf058126b8c\" class=\"leonardo page-breaker leonardo-image-right\">\r\n    <div class=\"leonardo-body\">\r\n        <h2 class=\"leonardo-title\" id=\"h-czy-zalew-sosnowka-to-zbiornik-rekreacyjny\">Czy Zalew Sosn\u00f3wka to zbiornik rekreacyjny?<\/h2>        <div class=\"leonardo-content\"><p><!-- wp:heading --><\/p>\n<p>Jedn\u0105 z najwi\u0119kszych atrakcji Sosn\u00f3wki jest ogromny zalew o tej samej nazwie, czyli <a href=\"https:\/\/www.koronakarkonoszy.pl\/blog-atrakcje\/zalew-sosnowka\/\" target=\"_blank\" rel=\"noopener\">zalew Sosn\u00f3wka<\/a>. To sztuczny zbiornik wodny, znany te\u017c jako Sosn\u00f3wka jezioro, oddany do u\u017cytku w 2001 roku. Jego powstanie bardzo zmieni\u0142o krajobraz wsi. Zalew stanowi awaryjne \u017ar\u00f3d\u0142o wody pitnej dla Jeleni G\u00f3ry, a zarazem jest zbiornikiem retencyjnym. Wci\u0105\u017c aktualny jest plan, by uczyni\u0107 z Sosn\u00f3wki zbiornik rekreacyjny, co z pewno\u015bci\u0105 podniesie atrakcyjno\u015b\u0107 zar\u00f3wno wsi, jak i ca\u0142ego regionu. Zalew Sosn\u00f3wka zasilany jest wodami trzech okolicznych potok\u00f3w: Czerwonki, So\u015bniaka i Podg\u00f3rnej. To naprawd\u0119 malownicze miejsce, gdzie w ciszy i spokoju mo\u017cna podziwia\u0107 przepi\u0119kny krajobraz Karkonoszy odbijaj\u0105cy si\u0119 w tafli wody.<\/p>\n<p><!-- \/wp:paragraph --><\/p>\n<\/div>\r\n                    <aside class=\"leonardo-interlink\">\r\n                <b>Polecamy<\/b>\r\n                <a href=\"https:\/\/www.koronakarkonoszy.pl\/blog-atrakcje\/en\/karpacz\/\">Karpacz &#8211; miasto na topie<\/a>\r\n            <\/aside>\r\n            <\/div>\r\n    <div class=\"leonardo-image\">\r\n        <img loading=\"lazy\" decoding=\"async\" width=\"746\" height=\"500\" src=\"https:\/\/www.koronakarkonoszy.pl\/blog-atrakcje\/wp-content\/uploads\/2022\/10\/IMG_0127.jpg\" class=\"attachment-full size-full\" alt=\"\" srcset=\"https:\/\/www.koronakarkonoszy.pl\/blog-atrakcje\/wp-content\/uploads\/2022\/10\/IMG_0127.jpg 746w, https:\/\/www.koronakarkonoszy.pl\/blog-atrakcje\/wp-content\/uploads\/2022\/10\/IMG_0127-300x201.jpg 300w\" sizes=\"auto, (max-width: 746px) 100vw, 746px\" \/>            <\/div>\r\n<\/section>\n\n\n<h3 class=\"wp-block-heading\" id=\"ha-zalew-sosnowka-hotel\">Zalew Sosn\u00f3wka hotel<\/h3>\n\n\n\n<p>Sosn\u00f3wka dzi\u0119ki zalewowi, kt\u00f3ry powsta\u0142 kilkana\u015bcie lat temu, rozwija si\u0119 jeszcze szybciej ni\u017c przed t\u0105 inwestycj\u0105. W s\u0105siedztwie zalewu powstaje coraz wi\u0119cej o\u015brodk\u00f3w wypoczynkowych, apartament\u00f3w i hoteli oferuj\u0105cych swe us\u0142ugi zar\u00f3wno turystom indywidualnym, jak i go\u015bciom na imprezach firmowych czy przyj\u0119ciach weselnych. <a href=\"https:\/\/www.koronakarkonoszy.pl\/wesele\/\" target=\"_blank\" rel=\"noreferrer noopener\"><strong>Sale weselne w g\u00f3rach<\/strong><\/a> s\u0105 naprawd\u0119 wyj\u0105tkowe! <\/p>\n\n\n\n<figure class=\"wp-block-image size-large\"><img loading=\"lazy\" decoding=\"async\" width=\"1024\" height=\"683\" src=\"https:\/\/www.koronakarkonoszy.pl\/blog-atrakcje\/wp-content\/uploads\/2022\/12\/AL-26072021-rs_365-1024x683.jpg\" alt=\"\" class=\"wp-image-5974\" srcset=\"https:\/\/www.koronakarkonoszy.pl\/blog-atrakcje\/wp-content\/uploads\/2022\/12\/AL-26072021-rs_365-1024x683.jpg 1024w, https:\/\/www.koronakarkonoszy.pl\/blog-atrakcje\/wp-content\/uploads\/2022\/12\/AL-26072021-rs_365-300x200.jpg 300w, https:\/\/www.koronakarkonoszy.pl\/blog-atrakcje\/wp-content\/uploads\/2022\/12\/AL-26072021-rs_365-768x512.jpg 768w, https:\/\/www.koronakarkonoszy.pl\/blog-atrakcje\/wp-content\/uploads\/2022\/12\/AL-26072021-rs_365-1536x1024.jpg 1536w, https:\/\/www.koronakarkonoszy.pl\/blog-atrakcje\/wp-content\/uploads\/2022\/12\/AL-26072021-rs_365.jpg 1600w\" sizes=\"auto, (max-width: 1024px) 100vw, 1024px\" \/><figcaption class=\"wp-element-caption\"><a href=\"https:\/\/www.koronakarkonoszy.pl\/blog\/wesele-dolny-slask\/\" target=\"_blank\" rel=\"noreferrer noopener\"><strong>Wesele Dolny \u015al\u0105sk<\/strong><\/a>, Dw\u00f3r Korona Karkonoszy, Sosn\u00f3wka k. Karpacza<\/figcaption><\/figure>\n\n\n\n<p>Opr\u00f3cz nowo powsta\u0142ych obiekt\u00f3w odnawiane s\u0105 zabytkowe, pe\u0142ne niezwyk\u0142ego uroku dworki czy wille, jak cho\u0107by <a href=\"https:\/\/www.koronakarkonoszy.pl\/blog-atrakcje\/dwor-korona-karkonoszy\/\" target=\"_blank\" rel=\"noreferrer noopener\">Dw\u00f3r Korona Karkonoszy<\/a>. Ten licz\u0105cy sobie ponad sto lat obiekt zosta\u0142 gruntownie odrestaurowany i podobnie jak wiele innych w Sosn\u00f3wce, tworzy niepowtarzalny klimat tego miejsca.&nbsp;<\/p>\n\n\n\n<figure class=\"wp-block-image size-large\"><img loading=\"lazy\" decoding=\"async\" width=\"1024\" height=\"720\" src=\"https:\/\/www.koronakarkonoszy.pl\/blog-atrakcje\/wp-content\/uploads\/2023\/08\/dwor-korona-1024x720.jpg\" alt=\"\" class=\"wp-image-6965\" srcset=\"https:\/\/www.koronakarkonoszy.pl\/blog-atrakcje\/wp-content\/uploads\/2023\/08\/dwor-korona-1024x720.jpg 1024w, https:\/\/www.koronakarkonoszy.pl\/blog-atrakcje\/wp-content\/uploads\/2023\/08\/dwor-korona-300x211.jpg 300w, https:\/\/www.koronakarkonoszy.pl\/blog-atrakcje\/wp-content\/uploads\/2023\/08\/dwor-korona-768x540.jpg 768w, https:\/\/www.koronakarkonoszy.pl\/blog-atrakcje\/wp-content\/uploads\/2023\/08\/dwor-korona-18x12.jpg 18w, https:\/\/www.koronakarkonoszy.pl\/blog-atrakcje\/wp-content\/uploads\/2023\/08\/dwor-korona.jpg 1264w\" sizes=\"auto, (max-width: 1024px) 100vw, 1024px\" \/><figcaption class=\"wp-element-caption\">Sosn\u00f3wka hotel<\/figcaption><\/figure>\n\n\n\n<p>Sosn\u00f3wka hotel, Sosn\u00f3wka noclegi, Sosn\u00f3wka restauracje \u2013 w tej miejscowo\u015bci znajdziemy szeroki wachlarz obiekt\u00f3w idealnych do organizacji wszelkiego typu imprez albo do spokojnego wypoczynku w gronie znajomych czy rodziny. Miejsca typu Sosn\u00f3wka apartamenty czy Sosn\u00f3wka noclegi z wy\u017cywieniem tak\u017ce stanowi\u0105 spor\u0105 cz\u0119\u015b\u0107 miejscowej oferty.<\/p>\n\n\n\n<figure class=\"wp-block-image size-large\"><img loading=\"lazy\" decoding=\"async\" width=\"1024\" height=\"683\" src=\"https:\/\/www.koronakarkonoszy.pl\/blog-atrakcje\/wp-content\/uploads\/2022\/12\/28-1024x683.jpg\" alt=\"\" class=\"wp-image-5361\" srcset=\"https:\/\/www.koronakarkonoszy.pl\/blog-atrakcje\/wp-content\/uploads\/2022\/12\/28-1024x683.jpg 1024w, https:\/\/www.koronakarkonoszy.pl\/blog-atrakcje\/wp-content\/uploads\/2022\/12\/28-300x200.jpg 300w, https:\/\/www.koronakarkonoszy.pl\/blog-atrakcje\/wp-content\/uploads\/2022\/12\/28-768x512.jpg 768w, https:\/\/www.koronakarkonoszy.pl\/blog-atrakcje\/wp-content\/uploads\/2022\/12\/28-1920x1280.jpg 1920w, https:\/\/www.koronakarkonoszy.pl\/blog-atrakcje\/wp-content\/uploads\/2022\/12\/28-1536x1024.jpg 1536w, https:\/\/www.koronakarkonoszy.pl\/blog-atrakcje\/wp-content\/uploads\/2022\/12\/28-2048x1365.jpg 2048w\" sizes=\"auto, (max-width: 1024px) 100vw, 1024px\" \/><figcaption class=\"wp-element-caption\"><strong>Dw\u00f3r Korona Karkonoszy, Sosn\u00f3wka<\/strong> <strong>noclegi <\/strong><\/figcaption><\/figure>\n\n\n\n<h2 class=\"wp-block-heading\" id=\"ha-sosnowka-atrakcje-co-mozna-tu-zobaczyc\">Sosn\u00f3wka atrakcje &#8211; co mo\u017cna tu zobaczy\u0107?<\/h2>\n\n\n\n<p>Jakie atrakcje oferuje <strong>Sosn\u00f3wka<\/strong>? Opr\u00f3cz majestatycznych szczyt\u00f3w g\u00f3r i pi\u0119knego zalewu s\u0105 tu tak\u017ce inne atrakcje, jak cho\u0107by zaliczany do zabytk\u00f3w klasy zero o\u0142tarz w Ko\u015bciele \u015bw. Marcina, ruiny Zamku ksi\u0119cia Henryka albo Szcz\u0119\u015bliwe \u0179r\u00f3d\u0142o przy Kaplicy \u015bw. Anny.<\/p>\n\n\n\n<style>\n    .cta_block{\n        margin: 1.5em 0;\n    }\n    .cta_block_content {\n        position: relative;\n        color: white;\n        padding: 1em;\n    }\n    .cta_block_content h3{\n        text-align: center;\n        font: normal normal normal 36px\/50px Yeseva One;\n    }\n    .cta_block_content .cta_block_desc{\n        text-align: center;\n        font-size: 1.1em;\n        position: relative;\n    }\n    .cta_block_content .cta_block_desc:before {\n        content: '';\n        width: 80px;\n        height: 4px;\n        background: #EEB315;\n        position: absolute;\n        left: 0;\n        right: 0;\n        margin-left: auto;\n        margin-right: auto;\n        top: -22px;\n    }\n\n    .cta_block_content picture{\n        position: absolute;\n        top: 0;\n        right: 0;\n        z-index: -1;\n        height: 100%;\n        overflow: hidden;\n        width: 100%;\n    }\n    .cta_block_content picture img{\n        object-fit: cover;\n        height: 100%;\n        width: 100%;\n    }\n    .cta_block .cta_block_content .ninja-forms-field{\n        background: #FFFFFF2F;\n        border: 1px solid #EEB315;\n        border-radius: 25px;\n        opacity: 1;\n        color: #ffffff;\n    }\n    .cta_block .cta_block_content .nf-form-content input[type=submit]{\n        background-color: #EEB315;\n        color: #292929;\n        text-align: center;\n        font: normal normal bold 14px\/20px Work Sans;\n        padding: 0 2em;\n    }\n\n    .cta_block ::placeholder{\n        color: white!important;\n        opacity: 1;\n    }\n\n    .cta_block_content::after {\n        height: 100%;\n        width: 100%;\n        content: \"\";\n        z-index: -1;\n        position: absolute;\n        top: 0;\n        background: #00000070;\n        right: 0;\n        left: 0;\n        bottom: 0;\n    }\n    #ha-cta-block, .cta_block_desc, .cta_block .nf-field-label, .cta_block .nf-error-msg {\n        filter: drop-shadow(1px 1px 8px black);\n    }\n\n\/*    .cta_block nf-rows-wrap {\n        display: flex;\n        justify-content: space-around;\n        flex-direction: row;\n    }*\/\n\n    .cta_block .nf-field-label {\n        display:none;\n    }\n\n    .cta_block .nf-error.field-wrap .nf-field-element::after {\n        border-radius: 50px;\n    }\n\n    .cta_block .nf-error-msg {\n        color: #fff;\n    }\n\n    .cta_block .nf-form-cont {\n        margin-top: 3em;\n        margin-bottom: 1em;\n    }\n\n    .wp-admin .cta_block_content{\n        display: none;\n    }\n    .cta_block .nf-form-fields-required {\n        display: none;\n    }\n    body:not(.wp-admin) .cta_block_admin {\n        display: none;\n    }\n<\/style>\n<div id=\"cta_block-block_643ea8a1ea6f9cbcd76fc4470a3a7b55\" class=\"cta_block\">\n    <div class=\"cta_block_admin\" style=\"background-color: blue; color: white\">\n        Blok CTA\n    <\/div>\n    <div class=\"cta_block\">\n        <div class=\"cta_block_content\">   \n        <h3 id=\"ha-imprezy-firmowe-wesela-chrzciny-komunie\">Imprezy firmowe, wesela, chrzciny, komunie&#8230; <\/h3>\n                    <div class=\"cta_block_desc\">Tylko w Sosn\u00f3wce! <\/div>\n                <noscript class=\"ninja-forms-noscript-message\">\n\tNotice: JavaScript is required for this content.<\/noscript>\n<div id=\"nf-form-3-cont\" class=\"nf-form-cont\" aria-live=\"polite\" aria-labelledby=\"nf-form-title-3\" aria-describedby=\"nf-form-errors-3\" role=\"form\">\n\n    <div class=\"nf-loading-spinner\"><\/div>\n\n<\/div>\n        <!-- That data is being printed as a workaround to page builders reordering the order of the scripts loaded-->\n        <script>var formDisplay=1;var nfForms=nfForms||[];var form=[];form.id='3';form.settings={\"objectType\":\"Form Setting\",\"editActive\":true,\"title\":\"Block CTA\",\"created_at\":\"2022-10-28 17:22:30\",\"default_label_pos\":\"above\",\"show_title\":0,\"clear_complete\":\"1\",\"hide_complete\":\"1\",\"logged_in\":\"\",\"wrapper_class\":\"\",\"element_class\":\"\",\"key\":\"\",\"add_submit\":\"0\",\"changeEmailErrorMsg\":\"Please enter a valid email address!\",\"changeDateErrorMsg\":\"Please enter a valid date!\",\"confirmFieldErrorMsg\":\"These fields must match!\",\"fieldNumberNumMinError\":\"Number Min Error\",\"fieldNumberNumMaxError\":\"Number Max Error\",\"fieldNumberIncrementBy\":\"Please increment by \",\"formErrorsCorrectErrors\":\"Please correct errors before submitting this form.\",\"validateRequiredField\":\"This is a required field.\",\"honeypotHoneypotError\":\"Honeypot Error\",\"fieldsMarkedRequired\":\"Fields marked with an <span class=\\\"ninja-forms-req-symbol\\\">*<\\\/span> are required\",\"currency\":\"\",\"repeatable_fieldsets\":\"\",\"unique_field_error\":\"Formularz z t\\u0105 warto\\u015bci\\u0105 zosta\\u0142 ju\\u017c przes\\u0142any.\",\"not_logged_in_msg\":\"\",\"sub_limit_msg\":\"Formularz osi\\u0105gn\\u0105\\u0142 limit wys\\u0142a\\u0144.\",\"calculations\":[],\"container_styles_show_advanced_css\":\"0\",\"title_styles_show_advanced_css\":\"0\",\"row_styles_show_advanced_css\":\"0\",\"row-odd_styles_show_advanced_css\":\"0\",\"success-msg_styles_show_advanced_css\":\"0\",\"error_msg_styles_show_advanced_css\":\"0\",\"formContentData\":[{\"order\":1,\"cells\":[{\"order\":0,\"fields\":[\"numer_telefonu_1660223454511\"],\"width\":35},{\"order\":1,\"fields\":[\"adres_e-mail_1666970999655\"],\"width\":35},{\"order\":2,\"fields\":[\"zapisz_mnie_1666970970616\"],\"width\":30}]}],\"drawerDisabled\":false,\"conditions\":[],\"allow_public_link\":0,\"embed_form\":\"\",\"form_title_heading_level\":\"3\",\"ninjaForms\":\"Ninja Forms\",\"fieldTextareaRTEInsertLink\":\"Insert Link\",\"fieldTextareaRTEInsertMedia\":\"Insert Media\",\"fieldTextareaRTESelectAFile\":\"Select a file\",\"formHoneypot\":\"If you are a human seeing this field, please leave it empty.\",\"fileUploadOldCodeFileUploadInProgress\":\"File Upload in Progress.\",\"fileUploadOldCodeFileUpload\":\"FILE UPLOAD\",\"currencySymbol\":\"&#36;\",\"thousands_sep\":\",\",\"decimal_point\":\".\",\"siteLocale\":\"en_GB\",\"dateFormat\":\"m\\\/d\\\/Y\",\"startOfWeek\":\"1\",\"of\":\"of\",\"previousMonth\":\"Previous Month\",\"nextMonth\":\"Next Month\",\"months\":[\"January\",\"February\",\"March\",\"April\",\"May\",\"June\",\"July\",\"August\",\"September\",\"October\",\"November\",\"December\"],\"monthsShort\":[\"Jan\",\"Feb\",\"Mar\",\"Apr\",\"May\",\"Jun\",\"Jul\",\"Aug\",\"Sep\",\"Oct\",\"Nov\",\"Dec\"],\"weekdays\":[\"Sunday\",\"Monday\",\"Tuesday\",\"Wednesday\",\"Thursday\",\"Friday\",\"Saturday\"],\"weekdaysShort\":[\"Sun\",\"Mon\",\"Tue\",\"Wed\",\"Thu\",\"Fri\",\"Sat\"],\"weekdaysMin\":[\"Su\",\"Mo\",\"Tu\",\"We\",\"Th\",\"Fr\",\"Sa\"],\"recaptchaConsentMissing\":\"reCaptcha validation couldn&#039;t load.\",\"recaptchaMissingCookie\":\"reCaptcha v3 validation couldn&#039;t load the cookie needed to submit the form.\",\"recaptchaConsentEvent\":\"Accept reCaptcha cookies before sending the form.\",\"currency_symbol\":\"\",\"beforeForm\":\"\",\"beforeFields\":\"\",\"afterFields\":\"\",\"afterForm\":\"\"};form.fields=[{\"objectType\":\"Field\",\"objectDomain\":\"fields\",\"editActive\":false,\"order\":1,\"idAttribute\":\"id\",\"type\":\"phone\",\"label\":\"Numer telefonu \",\"key\":\"numer_telefonu_1660223454511\",\"label_pos\":\"above\",\"required\":\"\",\"default\":\"\",\"placeholder\":\"Numer telefonu\",\"container_class\":\"\",\"element_class\":\"\",\"input_limit\":\"\",\"input_limit_type\":\"characters\",\"input_limit_msg\":\"Liczba pozosta\\u0142ych znak\\u00f3w:\",\"manual_key\":\"\",\"admin_label\":\"\",\"help_text\":\"\",\"mask\":\"\",\"custom_mask\":\"\",\"custom_name_attribute\":\"phone\",\"personally_identifiable\":1,\"wrap_styles_border\":\"\",\"wrap_styles_width\":\"\",\"wrap_styles_margin\":\"\",\"wrap_styles_padding\":\"\",\"wrap_styles_float\":\"\",\"wrap_styles_show_advanced_css\":0,\"label_styles_border\":\"\",\"label_styles_width\":\"\",\"label_styles_font-size\":\"\",\"label_styles_margin\":\"\",\"label_styles_padding\":\"\",\"label_styles_float\":\"\",\"label_styles_show_advanced_css\":0,\"element_styles_border\":\"\",\"element_styles_width\":\"\",\"element_styles_font-size\":\"\",\"element_styles_margin\":\"\",\"element_styles_padding\":\"\",\"element_styles_float\":\"\",\"element_styles_show_advanced_css\":0,\"cellcid\":\"c3390\",\"value\":\"\",\"drawerDisabled\":false,\"field_label\":\"Numer telefonu \",\"field_key\":\"numer_telefonu_1660223454511\",\"id\":8,\"beforeField\":\"\",\"afterField\":\"\",\"parentType\":\"textbox\",\"element_templates\":[\"tel\",\"textbox\",\"input\"],\"old_classname\":\"\",\"wrap_template\":\"wrap\"},{\"objectType\":\"Field\",\"objectDomain\":\"fields\",\"editActive\":false,\"order\":2,\"idAttribute\":\"id\",\"type\":\"email\",\"label\":\"Adres e-mail\",\"key\":\"adres_e-mail_1666970999655\",\"label_pos\":\"above\",\"required\":1,\"default\":\"\",\"placeholder\":\"Adres e-mail\",\"container_class\":\"\",\"element_class\":\"\",\"admin_label\":\"\",\"help_text\":\"\",\"custom_name_attribute\":\"email\",\"personally_identifiable\":1,\"wrap_styles_border\":\"\",\"wrap_styles_width\":\"\",\"wrap_styles_margin\":\"\",\"wrap_styles_padding\":\"\",\"wrap_styles_float\":\"\",\"wrap_styles_show_advanced_css\":0,\"label_styles_border\":\"\",\"label_styles_width\":\"\",\"label_styles_font-size\":\"\",\"label_styles_margin\":\"\",\"label_styles_padding\":\"\",\"label_styles_float\":\"\",\"label_styles_show_advanced_css\":0,\"element_styles_border\":\"\",\"element_styles_width\":\"\",\"element_styles_font-size\":\"\",\"element_styles_margin\":\"\",\"element_styles_padding\":\"\",\"element_styles_float\":\"\",\"element_styles_show_advanced_css\":0,\"cellcid\":\"c3500\",\"value\":\"\",\"drawerDisabled\":false,\"field_label\":\"E-mail\",\"field_key\":\"email_1640098026199\",\"id\":9,\"beforeField\":\"\",\"afterField\":\"\",\"parentType\":\"email\",\"element_templates\":[\"email\",\"input\"],\"old_classname\":\"\",\"wrap_template\":\"wrap\"},{\"objectType\":\"Field\",\"objectDomain\":\"fields\",\"editActive\":false,\"order\":3,\"idAttribute\":\"id\",\"type\":\"submit\",\"label\":\"Zapisz mnie\",\"processing_label\":\"W trakcie realizacji\",\"container_class\":\"\",\"element_class\":\"\",\"key\":\"zapisz_mnie_1666970970616\",\"wrap_styles_border\":\"\",\"wrap_styles_width\":\"\",\"wrap_styles_margin\":\"\",\"wrap_styles_padding\":\"\",\"wrap_styles_float\":\"\",\"wrap_styles_show_advanced_css\":0,\"element_styles_border\":\"\",\"element_styles_width\":\"\",\"element_styles_font-size\":\"\",\"element_styles_margin\":\"\",\"element_styles_padding\":\"\",\"element_styles_float\":\"\",\"element_styles_show_advanced_css\":0,\"submit_element_hover_styles_border\":\"\",\"submit_element_hover_styles_width\":\"\",\"submit_element_hover_styles_font-size\":\"\",\"submit_element_hover_styles_margin\":\"\",\"submit_element_hover_styles_padding\":\"\",\"submit_element_hover_styles_float\":\"\",\"submit_element_hover_styles_show_advanced_css\":0,\"cellcid\":\"c3566\",\"drawerDisabled\":false,\"field_label\":\"Zamawiam rozmow\\u0119\",\"field_key\":\"zamawiam_rozmowe_1640098067453\",\"id\":10,\"beforeField\":\"\",\"afterField\":\"\",\"value\":\"\",\"label_pos\":\"above\",\"parentType\":\"textbox\",\"element_templates\":[\"submit\",\"button\",\"input\"],\"old_classname\":\"\",\"wrap_template\":\"wrap-no-label\"}];nfForms.push(form);<\/script>\n                <script id=\"nf-tmpl-cell\" type=\"text\/template\">\n            <nf-fields><\/nf-fields>\n        <\/script>\n\n        <script id=\"nf-tmpl-row\" type=\"text\/template\">\n            <nf-cells><\/nf-cells>\n        <\/script>\n\n                <img loading=\"lazy\" decoding=\"async\" width=\"1500\" height=\"705\" src=\"https:\/\/www.koronakarkonoszy.pl\/blog-atrakcje\/wp-content\/uploads\/2022\/12\/Dwor-Korona-Karkonoszy.jpg\" class=\"attachment-full size-full\" alt=\"\" srcset=\"https:\/\/www.koronakarkonoszy.pl\/blog-atrakcje\/wp-content\/uploads\/2022\/12\/Dwor-Korona-Karkonoszy.jpg 1500w, https:\/\/www.koronakarkonoszy.pl\/blog-atrakcje\/wp-content\/uploads\/2022\/12\/Dwor-Korona-Karkonoszy-300x141.jpg 300w, https:\/\/www.koronakarkonoszy.pl\/blog-atrakcje\/wp-content\/uploads\/2022\/12\/Dwor-Korona-Karkonoszy-1024x481.jpg 1024w, https:\/\/www.koronakarkonoszy.pl\/blog-atrakcje\/wp-content\/uploads\/2022\/12\/Dwor-Korona-Karkonoszy-768x361.jpg 768w\" sizes=\"auto, (max-width: 1500px) 100vw, 1500px\" \/>        <\/div> \n    <\/div>\n<\/div>\n\n\n\n<p>Sosn\u00f3wka atrakcje to tak\u017ce pi\u0119kne, stare lasy idealne do pieszych i rowerowych wycieczek. Mo\u017cemy te\u017c natrafi\u0107 na tajemnicze uroczyska i le\u015bne jeziorka. Wielk\u0105 zalet\u0105 Sosn\u00f3wki jest brak t\u0142umu turyst\u00f3w. Pi\u0119kne szlaki pozostaj\u0105 niemal puste, co pozwala delektowa\u0107 si\u0119 g\u00f3rskim klimatem. Sosn\u00f3wka wspaniale odnajduje si\u0119 w roli o\u015brodka wczasowego, na terenie kt\u00f3rego znajduj\u0105 si\u0119 liczne domy wypoczynkowe, pensjonaty i doskona\u0142e hotele. Rozw\u00f3j miejscowo\u015bci wida\u0107 go\u0142ym okiem \u2013 od kilkunastu lat powstaje wiele nowych o\u015brodk\u00f3w, hoteli i inwestycji. Warto tu przyby\u0107, je\u015bli chcemy zobaczy\u0107 atrakcje okolic Jeleniej G\u00f3ry.<\/p>\n\n\n<section id=\"leonardo-block_a88d1a96e2ddc8b2f9aa7e14c1716818\" class=\"leonardo page-breaker leonardo-image-right\">\r\n    <div class=\"leonardo-body\">\r\n                <div class=\"leonardo-content\"><p><!-- wp:paragraph --><\/p>\n<p>Ponadto w pobli\u017cu Sosn\u00f3wki znajduje si\u0119 <strong>czakram<\/strong>, czyli miejsce mocy, miejsce magiczne. Legendy g\u0142osz\u0105, \u017ce na d\u0142ugo przed pojawieniem si\u0119 cz\u0142owieka na Ziemi, hinduski b\u00f3g Sziwa rzuci\u0142 w r\u00f3\u017cnych kierunkach siedem magicznych kamieni. Tam, gdzie spad\u0142y, zacz\u0119\u0142a wydobywa\u0107 si\u0119 boska energia. Miejsca te nazywane s\u0105 czakramami. Jeden z nich znajduje si\u0119 w grupie Ska\u0142 Grabowieckich. Te trzy ska\u0142y, dochodz\u0105ce do wysoko\u015bci 35 metr\u00f3w, by\u0142y miejscem dawnych kult\u00f3w.<\/p>\n<p><!-- \/wp:paragraph --> <!-- wp:paragraph --><\/p>\n<p>Jedna z nich jest wyj\u0105tkowa &#8211; du\u017ca i tak p\u0142aska, \u017ce kszta\u0142tem przypomina patelni\u0119. St\u0105d te\u017c wywodzi si\u0119 jej nazwa. Ludzie od zawsze czuli w tym miejscu magiczn\u0105 moc, kt\u00f3ra budzi\u0142a jednocze\u015bnie ciekawo\u015b\u0107 i pewien niepok\u00f3j. Jako ciekawostk\u0119 warto przytoczy\u0107 fakt, \u017ce kiedy w 1697 roku hrabia Schaffgotsch chcia\u0142 zobaczy\u0107 pobliskie g\u00f3ry, to w obawie przed t\u0105 pradawn\u0105 moc\u0105 zabra\u0142 ze sob\u0105 egzorcyst\u0119! Niezale\u017cnie od tego, czy wierzymy w miejsca kumulowania kosmicznej energii czy nie, warto stan\u0105\u0107 na tym kamieniu i rozejrze\u0107 si\u0119 wko\u0142o. Roztacza si\u0119 stamt\u0105d przepi\u0119kny widok na Karkonosze, G\u00f3ry Izerskie, Kotlin\u0119 Jeleniog\u00f3rsk\u0105 i Rudawy Janowickie.<\/p>\n<p><!-- \/wp:paragraph --><\/p>\n<\/div>\r\n            <\/div>\r\n    <div class=\"leonardo-image\">\r\n        <img loading=\"lazy\" decoding=\"async\" width=\"1920\" height=\"1277\" src=\"https:\/\/www.koronakarkonoszy.pl\/blog-atrakcje\/wp-content\/uploads\/2022\/12\/tom-jur-1UDhtkyltc4-unsplash.jpg\" class=\"attachment-full size-full\" alt=\"\" srcset=\"https:\/\/www.koronakarkonoszy.pl\/blog-atrakcje\/wp-content\/uploads\/2022\/12\/tom-jur-1UDhtkyltc4-unsplash.jpg 1920w, https:\/\/www.koronakarkonoszy.pl\/blog-atrakcje\/wp-content\/uploads\/2022\/12\/tom-jur-1UDhtkyltc4-unsplash-300x200.jpg 300w, https:\/\/www.koronakarkonoszy.pl\/blog-atrakcje\/wp-content\/uploads\/2022\/12\/tom-jur-1UDhtkyltc4-unsplash-1024x681.jpg 1024w, https:\/\/www.koronakarkonoszy.pl\/blog-atrakcje\/wp-content\/uploads\/2022\/12\/tom-jur-1UDhtkyltc4-unsplash-768x511.jpg 768w, https:\/\/www.koronakarkonoszy.pl\/blog-atrakcje\/wp-content\/uploads\/2022\/12\/tom-jur-1UDhtkyltc4-unsplash-1536x1022.jpg 1536w\" sizes=\"auto, (max-width: 1920px) 100vw, 1920px\" \/>            <\/div>\r\n<\/section>\n\n\n<h3 class=\"wp-block-heading\" id=\"ha-hotele-sosnowka\">Hotele Sosn\u00f3wka<\/h3>\n\n\n\n<p>Sosn\u00f3wka jest pi\u0119knie po\u0142o\u017cona. Nad zalewem, z widokiem na g\u00f3rskie szczyty oraz Zamek ksi\u0119cia Henryka i <a href=\"https:\/\/www.koronakarkonoszy.pl\/blog-atrakcje\/zamek-chojnik\/\" target=\"_blank\" rel=\"noreferrer noopener\">Zamek Chojnik<\/a>. Otoczona starymi lasami z urokliwymi jeziorkami, niedaleko malowniczych&nbsp; wodospad\u00f3w. Nic wi\u0119c dziwnego, \u017ce przyci\u0105ga turyst\u00f3w, kt\u00f3rzy potrzebuj\u0105 bazy noclegowej i gastronomicznej. Ju\u017c pod koniec XIX wieku zacz\u0119to inwestowa\u0107 w rozw\u00f3j turystyki w Sosn\u00f3wce, buduj\u0105c wille letniskowe i pensjonaty. Od tamtej pory Sosn\u00f3wka apartamenty oferuje rozmaite, na ka\u017cd\u0105 kiesze\u0144. Rodzi si\u0119 pytanie, Sosn\u00f3wka hotel \u2013 co wybra\u0107? Szuka\u0107 po prostu Sosn\u00f3wka noclegi czy Sosn\u00f3wka noclegi z wy\u017cywieniem? A mo\u017ce Sosn\u00f3wka restauracje? Tak czy inaczej, na pewno trafimy w jakie\u015b magiczne miejsce\u2026<\/p>\n\n\n\n<figure class=\"wp-block-image size-large is-resized\"><img loading=\"lazy\" decoding=\"async\" width=\"1024\" height=\"683\" src=\"https:\/\/www.koronakarkonoszy.pl\/blog-atrakcje\/wp-content\/uploads\/2022\/12\/NA_07_12_56_MIV_8123-1024x683.jpg\" alt=\"\" class=\"wp-image-6943\" style=\"width:837px;height:558px\" srcset=\"https:\/\/www.koronakarkonoszy.pl\/blog-atrakcje\/wp-content\/uploads\/2022\/12\/NA_07_12_56_MIV_8123-1024x683.jpg 1024w, https:\/\/www.koronakarkonoszy.pl\/blog-atrakcje\/wp-content\/uploads\/2022\/12\/NA_07_12_56_MIV_8123-300x200.jpg 300w, https:\/\/www.koronakarkonoszy.pl\/blog-atrakcje\/wp-content\/uploads\/2022\/12\/NA_07_12_56_MIV_8123-768x512.jpg 768w, https:\/\/www.koronakarkonoszy.pl\/blog-atrakcje\/wp-content\/uploads\/2022\/12\/NA_07_12_56_MIV_8123-1920x1280.jpg 1920w, https:\/\/www.koronakarkonoszy.pl\/blog-atrakcje\/wp-content\/uploads\/2022\/12\/NA_07_12_56_MIV_8123-1536x1024.jpg 1536w, https:\/\/www.koronakarkonoszy.pl\/blog-atrakcje\/wp-content\/uploads\/2022\/12\/NA_07_12_56_MIV_8123-2048x1365.jpg 2048w, https:\/\/www.koronakarkonoszy.pl\/blog-atrakcje\/wp-content\/uploads\/2022\/12\/NA_07_12_56_MIV_8123-18x12.jpg 18w\" sizes=\"auto, (max-width: 1024px) 100vw, 1024px\" \/><figcaption class=\"wp-element-caption\"><a href=\"https:\/\/www.koronakarkonoszy.pl\/pokoje\/\" target=\"_blank\" rel=\"noreferrer noopener\">Sosn\u00f3wka apartamenty,<\/a> Dw\u00f3r Korona Karkonoszy <\/figcaption><\/figure>\n\n\n\n<p>A wi\u0119c je\u015bli chodzi o noclegi &#8211; Sosn\u00f3wka ma wiele do zaoferowania. Tak\u017ce imprezy firmowe i r\u00f3\u017cnego typu eventy cz\u0119sto odbywaj\u0105 si\u0119 w\u0142a\u015bnie u podn\u00f3\u017ca Karkonoszy. Hotele Sosn\u00f3wka oferuje r\u00f3\u017cnorakie &#8211; mo\u017cna wybiera\u0107 spo\u015br\u00f3d wielu ciekawych obiekt\u00f3w \u2013 tych zabytkowych i powstaj\u0105cych wsp\u00f3\u0142cze\u015bnie. Zw\u0142aszcza je\u015bli poszukujemy miejsc, w kt\u00f3rych b\u0119dziemy mogli odpoczywa\u0107 lub bawi\u0107 si\u0119 w rytmie slow, warto poszuka\u0107 hotelu w Sosn\u00f3wce. Mo\u017cna si\u0119 te\u017c zdziwi\u0107, jakie&nbsp;atrakcje wok\u00f3\u0142 Karpacza s\u0105 warte odkrycia.<\/p>\n\n\n<section id=\"leonardo-block_6d99dace8f812d2d2e793dd1a3c9b972\" class=\"leonardo page-breaker leonardo-image-left\">\r\n    <div class=\"leonardo-body\">\r\n                <div class=\"leonardo-content\"><p>Atrakcje w Sosn\u00f3wce i w jej pobli\u017cu to m. in. zamki, pa\u0142ace, \u015bwi\u0105tynie, atrakcje przyrodnicze. Wszystko to jak magnes przyci\u0105ga turyst\u00f3w, spragnionych wypoczynku.<\/p>\n<ul>\n<li>Kaplica \u015bw. Anny<\/li>\n<li>Zamek ksi\u0119cia Henryka<\/li>\n<li>Zamek Chojnik<\/li>\n<li>Dw\u00f3r w Bukowcu<\/li>\n<li>wioska lapo\u0144ska Kalevala w Borowicach<\/li>\n<li>Szubienica na Straconce w \u015aci\u0119gnach<a name=\"_Toc115685386\"><\/a><\/li>\n<li>kaskada Myi<\/li>\n<li><a href=\"https:\/\/www.koronakarkonoszy.pl\/blog-atrakcje\/wodospad-podgornej\/\" target=\"_blank\" rel=\"noopener\">wodospad Podg\u00f3rnej<\/a><\/li>\n<li><a name=\"_Toc115685388\"><\/a>\u015bwi\u0105tynia Wang<\/li>\n<li>G\u00f3ra Witosza w Staniszowie<\/li>\n<\/ul>\n<\/div>\r\n            <\/div>\r\n    <div class=\"leonardo-image\">\r\n        <img loading=\"lazy\" decoding=\"async\" width=\"2560\" height=\"1920\" src=\"https:\/\/www.koronakarkonoszy.pl\/blog-atrakcje\/wp-content\/uploads\/2022\/12\/henryk2-scaled.jpg\" class=\"attachment-full size-full\" alt=\"\" srcset=\"https:\/\/www.koronakarkonoszy.pl\/blog-atrakcje\/wp-content\/uploads\/2022\/12\/henryk2-scaled.jpg 2560w, https:\/\/www.koronakarkonoszy.pl\/blog-atrakcje\/wp-content\/uploads\/2022\/12\/henryk2-300x225.jpg 300w, https:\/\/www.koronakarkonoszy.pl\/blog-atrakcje\/wp-content\/uploads\/2022\/12\/henryk2-1024x768.jpg 1024w, https:\/\/www.koronakarkonoszy.pl\/blog-atrakcje\/wp-content\/uploads\/2022\/12\/henryk2-768x576.jpg 768w, https:\/\/www.koronakarkonoszy.pl\/blog-atrakcje\/wp-content\/uploads\/2022\/12\/henryk2-1920x1440.jpg 1920w, https:\/\/www.koronakarkonoszy.pl\/blog-atrakcje\/wp-content\/uploads\/2022\/12\/henryk2-1536x1152.jpg 1536w, https:\/\/www.koronakarkonoszy.pl\/blog-atrakcje\/wp-content\/uploads\/2022\/12\/henryk2-2048x1536.jpg 2048w\" sizes=\"auto, (max-width: 2560px) 100vw, 2560px\" \/>            <\/div>\r\n<\/section>\n\n\n<h3 class=\"wp-block-heading\"><strong>Sosn\u00f3wka agroturystyka<\/strong><\/h3>\n\n\n\n<p>Kt\u00f3\u017c z nas nie marzy czasem o oderwaniu si\u0119 od codzienno\u015bci, ucieczce od miejskiego zgie\u0142ku i zrelaksowaniu si\u0119 w naturalnym otoczeniu na \u015bwie\u017cym powietrzu? I dlatego w\u0142a\u015bnie agroturystyka cieszy si\u0119 tak\u0105 popularno\u015bci\u0105. <strong>Sosn\u00f3wka atrakcje<\/strong> \u2013 hamak, wspania\u0142a panorama g\u00f3r, pi\u0119kny zalew czy wr\u0119cz <strong>Sosn\u00f3wka jezioro<\/strong>, wy\u015bmienita kuchnia oparta na idei slow food i rzemie\u015blniczych produktach \u2013 oto czego mo\u017cna si\u0119 spodziewa\u0107, rezerwuj\u0105c pobyt w tej miejscowo\u015bci letniskowej.<\/p>\n\n\n\n<figure class=\"wp-block-image size-full\"><img loading=\"lazy\" decoding=\"async\" width=\"1024\" height=\"683\" src=\"https:\/\/www.koronakarkonoszy.pl\/blog-atrakcje\/wp-content\/uploads\/2022\/08\/newDwor_Korona_Karkonoszy_wesele.jpg\" alt=\"\" class=\"wp-image-4770\" srcset=\"https:\/\/www.koronakarkonoszy.pl\/blog-atrakcje\/wp-content\/uploads\/2022\/08\/newDwor_Korona_Karkonoszy_wesele.jpg 1024w, https:\/\/www.koronakarkonoszy.pl\/blog-atrakcje\/wp-content\/uploads\/2022\/08\/newDwor_Korona_Karkonoszy_wesele-300x200.jpg 300w, https:\/\/www.koronakarkonoszy.pl\/blog-atrakcje\/wp-content\/uploads\/2022\/08\/newDwor_Korona_Karkonoszy_wesele-768x512.jpg 768w\" sizes=\"auto, (max-width: 1024px) 100vw, 1024px\" \/><figcaption class=\"wp-element-caption\">Pok\u00f3j Wiejska sielanka, <a href=\"https:\/\/www.koronakarkonoszy.pl\/pokoje\/\" target=\"_blank\" rel=\"noreferrer noopener\">Sosn\u00f3wka noclegi<\/a><\/figcaption><\/figure>\n\n\n\n<p>Jednak <strong>Sosn\u00f3wka<\/strong> agroturystyka mo\u017ce te\u017c oznacza\u0107 r\u00f3\u017cne aktywno\u015bci na \u015bwie\u017cym powietrzu, cho\u0107by takie jak jazda konno, w\u0119dkowanie, piesze wycieczki, wspinaczka, wyprawy rowerowe czy narty zim\u0105. Albo uczestnictwo w warsztatach rzemie\u015blniczych &#8211; gotowania tradycyjnych potraw, uprawy ro\u015blin czy hodowli zwierz\u0105t. Sosn\u00f3wka agroturystyka ma co\u015b dla ka\u017cdego, a wypoczynek z dala od t\u0142um\u00f3w sprzyja prawdziwemu relaksowi<strong>. &nbsp;<\/strong><\/p>\n\n\n\n<h3 class=\"wp-block-heading\" id=\"ha-gmina-sosnowka\">Gmina Sosn\u00f3wka<\/h3>\n\n\n\n<p><strong>Sosn\u00f3wka <\/strong>le\u017cy w wojew\u00f3dztwie dolno\u015bl\u0105skim, w powiecie karkonoskim, w gminie Podg\u00f3rzyn, pomi\u0119dzy Karpaczem a Piechowicami.&nbsp;Miejscowo\u015b\u0107 dzieli si\u0119 na Sosn\u00f3wk\u0119 Doln\u0105 i G\u00f3rn\u0105. G\u0142\u00f3wna droga biegnie wzd\u0142u\u017c wartkiego g\u00f3rskiego strumienia, So\u015bniaka, kt\u00f3ry zasila znajduj\u0105cy si\u0119 tu zalew.<\/p>\n\n\n\n<figure class=\"wp-block-image size-large\"><img loading=\"lazy\" decoding=\"async\" width=\"1024\" height=\"768\" src=\"https:\/\/www.koronakarkonoszy.pl\/blog-atrakcje\/wp-content\/uploads\/2022\/12\/IMG20221031105720-1024x768.jpg\" alt=\"\" class=\"wp-image-5622\" srcset=\"https:\/\/www.koronakarkonoszy.pl\/blog-atrakcje\/wp-content\/uploads\/2022\/12\/IMG20221031105720-1024x768.jpg 1024w, https:\/\/www.koronakarkonoszy.pl\/blog-atrakcje\/wp-content\/uploads\/2022\/12\/IMG20221031105720-300x225.jpg 300w, https:\/\/www.koronakarkonoszy.pl\/blog-atrakcje\/wp-content\/uploads\/2022\/12\/IMG20221031105720-768x576.jpg 768w, https:\/\/www.koronakarkonoszy.pl\/blog-atrakcje\/wp-content\/uploads\/2022\/12\/IMG20221031105720-1920x1440.jpg 1920w, https:\/\/www.koronakarkonoszy.pl\/blog-atrakcje\/wp-content\/uploads\/2022\/12\/IMG20221031105720-1536x1152.jpg 1536w, https:\/\/www.koronakarkonoszy.pl\/blog-atrakcje\/wp-content\/uploads\/2022\/12\/IMG20221031105720-2048x1536.jpg 2048w\" sizes=\"auto, (max-width: 1024px) 100vw, 1024px\" \/><figcaption class=\"wp-element-caption\"><strong>Lasy Sosn\u00f3wki <\/strong><\/figcaption><\/figure>\n\n\n<section id=\"leonardo-block_2cf2e10afd1f5f0d569cbdb0ed2d89a8\" class=\"leonardo page-breaker leonardo-image-right\">\r\n    <div class=\"leonardo-body\">\r\n        <h2 class=\"leonardo-title\" id=\"h-imprezy-firmowe-sosnowka\">Imprezy firmowe Sosn\u00f3wka<\/h2>        <div class=\"leonardo-content\"><p><!-- wp:heading --><\/p>\n<p><strong>Sosn\u00f3wka<\/strong> to super baza wypadowa na g\u00f3rskie szlaki. Idealne miejsce, po\u0142o\u017cone troch\u0119 z boku,\u00a0 daleko od zgie\u0142ku i nat\u0142oku turyst\u00f3w pozwala w spokoju przeprowadzi\u0107 <strong>imprezy team buildingowe <\/strong>w ramach integracji firmowej. Tutaj mo\u017cna naprawd\u0119 skupi\u0107 si\u0119 na budowaniu relacji w grupie, a nie tylko omijaniu spacerowicz\u00f3w. <strong>Agencje eventowe<\/strong> dzia\u0142aj\u0105ce w tym rejonie maj\u0105 bogat\u0105 ofert\u0119 gier i zabaw na imprezy firmowe, imprez scenariuszowych i warsztat\u00f3w r\u00f3\u017cnego rodzaju. Budowanie wi\u0119zi mi\u0119dzy pracownikami nad zalewem, w otoczeniu g\u00f3rskich szczyt\u00f3w i pod rozgwie\u017cd\u017conym niebem podczas ogniska integracyjnego to czysta przyjemno\u015b\u0107! Dlatego imprezy firmowe Sosn\u00f3wka s\u0105 zawsze udane.<\/p>\n<p><!-- \/wp:paragraph --><\/p>\n<\/div>\r\n            <\/div>\r\n    <div class=\"leonardo-image\">\r\n        <img loading=\"lazy\" decoding=\"async\" width=\"2560\" height=\"1706\" src=\"https:\/\/www.koronakarkonoszy.pl\/blog-atrakcje\/wp-content\/uploads\/2022\/12\/PK19_21_16_39_IM5_5673-1-scaled.jpg\" class=\"attachment-full size-full\" alt=\"\" srcset=\"https:\/\/www.koronakarkonoszy.pl\/blog-atrakcje\/wp-content\/uploads\/2022\/12\/PK19_21_16_39_IM5_5673-1-scaled.jpg 2560w, https:\/\/www.koronakarkonoszy.pl\/blog-atrakcje\/wp-content\/uploads\/2022\/12\/PK19_21_16_39_IM5_5673-1-300x200.jpg 300w, https:\/\/www.koronakarkonoszy.pl\/blog-atrakcje\/wp-content\/uploads\/2022\/12\/PK19_21_16_39_IM5_5673-1-1024x683.jpg 1024w, https:\/\/www.koronakarkonoszy.pl\/blog-atrakcje\/wp-content\/uploads\/2022\/12\/PK19_21_16_39_IM5_5673-1-768x512.jpg 768w, https:\/\/www.koronakarkonoszy.pl\/blog-atrakcje\/wp-content\/uploads\/2022\/12\/PK19_21_16_39_IM5_5673-1-1920x1280.jpg 1920w, https:\/\/www.koronakarkonoszy.pl\/blog-atrakcje\/wp-content\/uploads\/2022\/12\/PK19_21_16_39_IM5_5673-1-1536x1024.jpg 1536w, https:\/\/www.koronakarkonoszy.pl\/blog-atrakcje\/wp-content\/uploads\/2022\/12\/PK19_21_16_39_IM5_5673-1-2048x1365.jpg 2048w\" sizes=\"auto, (max-width: 2560px) 100vw, 2560px\" \/>            <\/div>\r\n<\/section>\n\n\n<h2 class=\"wp-block-heading\" id=\"ha-jaka-jest-architektura-sosnowki\">Jaka jest architektura Sosn\u00f3wki?<\/h2>\n\n\n\n<p><strong>Sosn\u00f3wka ju\u017c w XIX wieku sta\u0142a si\u0119 bardzo modn\u0105 wsi\u0105 wczasow\u0105<\/strong>. Budowa nowej drogi \u0142\u0105cz\u0105cej j\u0105 z Karpaczem w 1904 r. spowodowa\u0142a, \u017ce na tym terenie coraz intensywniej zacz\u0119\u0142a rozwija\u0107 si\u0119 turystyka. Ju\u017c na pocz\u0105tku XX wieku zacz\u0119\u0142y w okolicy powstawa\u0107 liczne wille. Ca\u0142y teren przeznaczono w\u00f3wczas na tak zwan\u0105 \u201eVilenkolonie\u201d &#8211; dzielnic\u0119 willow\u0105 s\u0142u\u017c\u0105c\u0105 jako letnisko dla bogatych mieszka\u0144c\u00f3w \u015al\u0105ska i nie tylko. Mia\u0142o ich by\u0107 a\u017c 80. Nie uda\u0142o si\u0119 doprowadzi\u0107 projektu do ko\u0144ca, ale powstawa\u0142y kolejne wille i dworki, w kt\u00f3rych prowadzono tak\u017ce pensjonaty i urz\u0105dzano sale weselne. Dzi\u0119ki temu wie\u015b w okresie mi\u0119dzywojennym by\u0142a bardzo popularn\u0105 miejscowo\u015bci\u0105 letniskow\u0105.<\/p>\n\n\n\n<figure class=\"wp-block-image size-full\"><img loading=\"lazy\" decoding=\"async\" width=\"772\" height=\"484\" src=\"https:\/\/www.koronakarkonoszy.pl\/blog-atrakcje\/wp-content\/uploads\/2022\/12\/1.jpg\" alt=\"\" class=\"wp-image-5461\" srcset=\"https:\/\/www.koronakarkonoszy.pl\/blog-atrakcje\/wp-content\/uploads\/2022\/12\/1.jpg 772w, https:\/\/www.koronakarkonoszy.pl\/blog-atrakcje\/wp-content\/uploads\/2022\/12\/1-300x188.jpg 300w, https:\/\/www.koronakarkonoszy.pl\/blog-atrakcje\/wp-content\/uploads\/2022\/12\/1-768x481.jpg 768w\" sizes=\"auto, (max-width: 772px) 100vw, 772px\" \/><figcaption class=\"wp-element-caption\">Dawna Sosn\u00f3wka <\/figcaption><\/figure>\n\n\n\n<p>We wsi Sosn\u00f3wka znajdziemy tak\u017ce domy tyrolskie, zbudowane przez uciekinier\u00f3w religijnych z Doliny Zillertal w Tyrolu. Maj\u0105 charakterystyczny, zewn\u0119trzny balkon na wysoko\u015bci 1. pi\u0119tra, \u0142\u0105cz\u0105cy gospodarcz\u0105 cz\u0119\u015b\u0107 domu z mieszkaln\u0105. Pozwala\u0142 on w czasie obfitych opad\u00f3w \u015bniegu bez problemu chodzi\u0107 po ca\u0142ym domu i wykonywa\u0107 swoje obowi\u0105zki.&nbsp;&nbsp;&nbsp;<\/p>\n\n\n\n<figure class=\"wp-block-image size-full is-resized\"><img loading=\"lazy\" decoding=\"async\" width=\"783\" height=\"495\" src=\"https:\/\/www.koronakarkonoszy.pl\/blog-atrakcje\/wp-content\/uploads\/2023\/08\/stara-pocztowka-Sosnowka-2.jpg\" alt=\"\" class=\"wp-image-6956\" style=\"width:781px;height:494px\" srcset=\"https:\/\/www.koronakarkonoszy.pl\/blog-atrakcje\/wp-content\/uploads\/2023\/08\/stara-pocztowka-Sosnowka-2.jpg 783w, https:\/\/www.koronakarkonoszy.pl\/blog-atrakcje\/wp-content\/uploads\/2023\/08\/stara-pocztowka-Sosnowka-2-300x190.jpg 300w, https:\/\/www.koronakarkonoszy.pl\/blog-atrakcje\/wp-content\/uploads\/2023\/08\/stara-pocztowka-Sosnowka-2-768x486.jpg 768w, https:\/\/www.koronakarkonoszy.pl\/blog-atrakcje\/wp-content\/uploads\/2023\/08\/stara-pocztowka-Sosnowka-2-18x12.jpg 18w\" sizes=\"auto, (max-width: 783px) 100vw, 783px\" \/><figcaption class=\"wp-element-caption\">Sosn\u00f3wka restauracje <\/figcaption><\/figure>\n\n\n\n<p>Na uwag\u0119 zas\u0142uguj\u0105 tak\u017ce liczne domy o tradycyjnej budowie, przys\u0142upowo-zr\u0119bowe, licz\u0105ce oko\u0142o 200 lat. Dawniej by\u0142y to domy tkaczy, jako \u017ce <strong>Sosn\u00f3wka <\/strong>s\u0142yn\u0119\u0142a niegdy\u015b ze swych wyrob\u00f3w lnianych, a potem adamaszkowych, czyli g\u0142\u00f3wnie bielizny sto\u0142owej i welon\u00f3w.&nbsp;Architektura Sosn\u00f3wki mo\u017ce naprawd\u0119 zaciekawi\u0107 turyst\u00f3w. <\/p>\n\n\n\n<h3 class=\"wp-block-heading\" id=\"ha-historia-wsi\">Historia wsi<\/h3>\n\n\n\n<p>Sosn\u00f3wka mo\u017ce poszczyci\u0107 si\u0119 d\u0142ug\u0105 histori\u0105. Pierwsze wzmianki, z 1305 roku, m\u00f3wi\u0105 o wsi Seydorf. Potem kilkakrotnie nazwa wsi by\u0142a zmieniana \u2013 kolejno Sendorf, Seydorff i Seidorf, kt\u00f3ry obowi\u0105zywa\u0142 do ko\u0144ca II wojny \u015bwiatowej. Miejscowo\u015b\u0107 ta zosta\u0142a za\u0142o\u017cona w s\u0105siedztwie jednej ze starych dr\u00f3g do Czech, a tak\u017ce w pobli\u017cu Dobrego \u0179r\u00f3d\u0142a pod Grabowcem. Pocz\u0105tkowo kwit\u0142o tu zielarstwo \u2013 bogate w ro\u015blinno\u015b\u0107 lasy i \u0142\u0105ki zapewnia\u0142y surowiec do produkcji eliksir\u00f3w i lek\u00f3w. Od XVIII wieku wie\u015b sta\u0142a si\u0119 tak\u017ce osad\u0105 tkaczy. Tutejsi rzemie\u015blnicy specjalizowali si\u0119 w wyrobie lnu, adamaszku i welon\u00f3w.<\/p>\n\n\n<section id=\"leonardo-block_2182aee58994d477c5366d2a121bb4b1\" class=\"leonardo page-breaker leonardo-image-left\">\r\n    <div class=\"leonardo-body\">\r\n                <div class=\"leonardo-content\"><p>&nbsp;<\/p>\n<p>W XIX i XX wieku <strong>Sosn\u00f3wka<\/strong> sta\u0142a si\u0119 bardzo modn\u0105 wsi\u0105 letniskow\u0105. Cieszy\u0142a si\u0119 takim powodzeniem, \u017ce czasem w hotelach i pensjonatach brakowa\u0142o miejsc dla turyst\u00f3w. Ruch turystyczny nasili\u0142 si\u0119 na pocz\u0105tku XX wieku w zwi\u0105zku z wytyczeniem nowej drogi z Sosn\u00f3wki do Karpacza. Zacz\u0119to wi\u0119c rozbudowywa\u0107 baz\u0119 noclegow\u0105. Wzd\u0142u\u017c nowej trasy zacz\u0119to budowa\u0107 koloni\u0119 willi wypoczynkowych. Nie uda\u0142o si\u0119 doprowadzi\u0107 projektu do ko\u0144ca \u2013 mia\u0142o powsta\u0107 a\u017c kilkadziesi\u0105t budynk\u00f3w! \u2013 jednak wille, kt\u00f3re zbudowano, do dzi\u015b budz\u0105 zachwyt. Tak\u017ce w okresie mi\u0119dzywojennym kwit\u0142a tu turystyka. Zw\u0142aszcza zamo\u017cni wroc\u0142awianie upodobali sobie t\u0119 lokalizacj\u0119 \u2013 <strong>Sosn\u00f3wka<\/strong> le\u017cy zaledwie 130 km od stolicy regionu. Po wojnie nadal wykorzystywano walory krajobrazowe Sosn\u00f3wki &#8211; funkcjonowa\u0142o tutaj mn\u00f3stwo hoteli, pensjonat\u00f3w, dom\u00f3w wczasowych i kolonijnych. I tak zosta\u0142o do dzi\u015b \u2013 obecnie Sosn\u00f3wka nadal przyci\u0105ga turyst\u00f3w, oferuj\u0105c wiele mo\u017cliwo\u015bci sp\u0119dzania czasu wolnego, ale te\u017c organizacji wesel i imprez firmowych.<\/p>\n<\/div>\r\n            <\/div>\r\n    <div class=\"leonardo-image\">\r\n        <img loading=\"lazy\" decoding=\"async\" width=\"819\" height=\"527\" src=\"https:\/\/www.koronakarkonoszy.pl\/blog-atrakcje\/wp-content\/uploads\/2022\/12\/4.jpg\" class=\"attachment-full size-full\" alt=\"\" srcset=\"https:\/\/www.koronakarkonoszy.pl\/blog-atrakcje\/wp-content\/uploads\/2022\/12\/4.jpg 819w, https:\/\/www.koronakarkonoszy.pl\/blog-atrakcje\/wp-content\/uploads\/2022\/12\/4-300x193.jpg 300w, https:\/\/www.koronakarkonoszy.pl\/blog-atrakcje\/wp-content\/uploads\/2022\/12\/4-768x494.jpg 768w\" sizes=\"auto, (max-width: 819px) 100vw, 819px\" \/>            <\/div>\r\n<\/section>\n\n\n<h2 class=\"wp-block-heading\" id=\"ha-wesela-sosnowka-na-slub-w-lektyce\">Wesela Sosn\u00f3wka \u2013 na \u015blub w lektyce!<\/h2>\n\n\n\n<p>\u015alub i<strong> wesele w g\u00f3rach <\/strong>to marzenie wielu par. Niepowtarzalne widoki, jakie znajdziemy tylko w Karkonoszach, zach\u0119caj\u0105 do zorganizowania w\u0142a\u015bnie tutaj imprezy weselnej. Dodatkowy atut stanowi doskona\u0142a infrastruktura \u2013 czyli ogromna liczba obiekt\u00f3w weselnych oraz \u0142atwy dojazd. Dlatego narzeczeni tak cz\u0119sto decyduj\u0105 si\u0119 na <a href=\"https:\/\/www.koronakarkonoszy.pl\/wesela\/wesele-karpacz\/\" target=\"_blank\" rel=\"noreferrer noopener\">wesele w Karpaczu<\/a> lub okolicach.  <\/p>\n\n\n\n<figure class=\"wp-block-image size-large\"><img loading=\"lazy\" decoding=\"async\" width=\"1024\" height=\"683\" src=\"https:\/\/www.koronakarkonoszy.pl\/blog-atrakcje\/wp-content\/uploads\/2023\/08\/MG_28_12_31_IM5_4686-1024x683.jpg\" alt=\"\" class=\"wp-image-6954\" srcset=\"https:\/\/www.koronakarkonoszy.pl\/blog-atrakcje\/wp-content\/uploads\/2023\/08\/MG_28_12_31_IM5_4686-1024x683.jpg 1024w, https:\/\/www.koronakarkonoszy.pl\/blog-atrakcje\/wp-content\/uploads\/2023\/08\/MG_28_12_31_IM5_4686-300x200.jpg 300w, https:\/\/www.koronakarkonoszy.pl\/blog-atrakcje\/wp-content\/uploads\/2023\/08\/MG_28_12_31_IM5_4686-768x512.jpg 768w, https:\/\/www.koronakarkonoszy.pl\/blog-atrakcje\/wp-content\/uploads\/2023\/08\/MG_28_12_31_IM5_4686-1920x1280.jpg 1920w, https:\/\/www.koronakarkonoszy.pl\/blog-atrakcje\/wp-content\/uploads\/2023\/08\/MG_28_12_31_IM5_4686-1536x1024.jpg 1536w, https:\/\/www.koronakarkonoszy.pl\/blog-atrakcje\/wp-content\/uploads\/2023\/08\/MG_28_12_31_IM5_4686-2048x1365.jpg 2048w, https:\/\/www.koronakarkonoszy.pl\/blog-atrakcje\/wp-content\/uploads\/2023\/08\/MG_28_12_31_IM5_4686-18x12.jpg 18w\" sizes=\"auto, (max-width: 1024px) 100vw, 1024px\" \/><figcaption class=\"wp-element-caption\">Sosn\u00f3wka &#8211; <a href=\"https:\/\/www.koronakarkonoszy.pl\/wesele\/\" target=\"_blank\" rel=\"noreferrer noopener\">\u015blub zim\u0105 <\/a><\/figcaption><\/figure>\n\n\n\n<p>Zw\u0142aszcza \u017ce <strong>Sosn\u00f3wka<\/strong> oferuje \u015bwietne warunki do organizacji imprez. Wpisuj\u0105c do wyszukiwarki frazy Sosn\u00f3wka hotel, Sosn\u00f3wka restauracje, Sosn\u00f3wka noclegi, Sosn\u00f3wka atrakcje, Sosn\u00f3wka apartamenty czy Sosn\u00f3wka noclegi z wy\u017cywieniem, niew\u0105tpliwie trafimy na ciekawe miejsca, kt\u00f3re z pewno\u015bci\u0105 spe\u0142ni\u0105 nasze oczekiwania.&nbsp;<\/p>\n\n\n\n<figure class=\"wp-block-image size-large\"><img loading=\"lazy\" decoding=\"async\" width=\"1024\" height=\"768\" src=\"https:\/\/www.koronakarkonoszy.pl\/blog-atrakcje\/wp-content\/uploads\/2022\/12\/lektyka-1-1024x768.jpg\" alt=\"\" class=\"wp-image-5859\" srcset=\"https:\/\/www.koronakarkonoszy.pl\/blog-atrakcje\/wp-content\/uploads\/2022\/12\/lektyka-1-1024x768.jpg 1024w, https:\/\/www.koronakarkonoszy.pl\/blog-atrakcje\/wp-content\/uploads\/2022\/12\/lektyka-1-300x225.jpg 300w, https:\/\/www.koronakarkonoszy.pl\/blog-atrakcje\/wp-content\/uploads\/2022\/12\/lektyka-1-768x576.jpg 768w, https:\/\/www.koronakarkonoszy.pl\/blog-atrakcje\/wp-content\/uploads\/2022\/12\/lektyka-1-1920x1440.jpg 1920w, https:\/\/www.koronakarkonoszy.pl\/blog-atrakcje\/wp-content\/uploads\/2022\/12\/lektyka-1-1536x1152.jpg 1536w, https:\/\/www.koronakarkonoszy.pl\/blog-atrakcje\/wp-content\/uploads\/2022\/12\/lektyka-1-2048x1536.jpg 2048w\" sizes=\"auto, (max-width: 1024px) 100vw, 1024px\" \/><figcaption class=\"wp-element-caption\"><a href=\"https:\/\/www.koronakarkonoszy.pl\/wesele\/\" target=\"_blank\" rel=\"noreferrer noopener\">Wesela Sosn\u00f3wka<\/a>. Na \u015blub &#8211; lektyk\u0105! Kaplica \u015bw. Anny na Grabowcu <\/figcaption><\/figure>\n\n\n\n<p>Ponadto tylko w Sosn\u00f3wce mo\u017cna podr\u00f3\u017cowa\u0107 na \u015blub\u2026 w lektyce! To dawna tradycja nazywana \u201epodr\u00f3\u017cowaniem na dr\u0105gach\u201d. Prawd\u0119 powiedziawszy, noszono w lektykach nie tylko pary m\u0142ode, lecz tak\u017ce bogatych turyst\u00f3w. I to nawet na \u015anie\u017ck\u0119! W XIX wieku powo\u0142ano specjalny \u201eKorpus przewodnik\u00f3w i tragarzy lektyk\u201d, kt\u00f3rego cz\u0142onkowie zajmowali si\u0119 noszeniem turyst\u00f3w w g\u00f3ry i weselnik\u00f3w na \u015bluby. Obecnie ta ma\u0142o znana tradycja odradza si\u0119 w postaci wnoszenia lektyk\u0105 narzeczonych do \u015blubu w Kaplicy \u015bw. Anny. <\/p>\n\n\n\n<figure class=\"wp-block-image size-large\"><img loading=\"lazy\" decoding=\"async\" width=\"768\" height=\"1024\" src=\"https:\/\/www.koronakarkonoszy.pl\/blog-atrakcje\/wp-content\/uploads\/2022\/12\/kaplica-anny4-768x1024.jpg\" alt=\"\" class=\"wp-image-5864\" srcset=\"https:\/\/www.koronakarkonoszy.pl\/blog-atrakcje\/wp-content\/uploads\/2022\/12\/kaplica-anny4-768x1024.jpg 768w, https:\/\/www.koronakarkonoszy.pl\/blog-atrakcje\/wp-content\/uploads\/2022\/12\/kaplica-anny4-225x300.jpg 225w, https:\/\/www.koronakarkonoszy.pl\/blog-atrakcje\/wp-content\/uploads\/2022\/12\/kaplica-anny4-1440x1920.jpg 1440w, https:\/\/www.koronakarkonoszy.pl\/blog-atrakcje\/wp-content\/uploads\/2022\/12\/kaplica-anny4-1152x1536.jpg 1152w, https:\/\/www.koronakarkonoszy.pl\/blog-atrakcje\/wp-content\/uploads\/2022\/12\/kaplica-anny4-1536x2048.jpg 1536w, https:\/\/www.koronakarkonoszy.pl\/blog-atrakcje\/wp-content\/uploads\/2022\/12\/kaplica-anny4-scaled.jpg 1920w\" sizes=\"auto, (max-width: 768px) 100vw, 768px\" \/><figcaption class=\"wp-element-caption\"><strong>Kaplica \u015bw. Anny na Grabowcu <\/strong><\/figcaption><\/figure>\n\n\n\n<h3 class=\"wp-block-heading\" id=\"ha-sosnowka-komunikacja\">Sosn\u00f3wka &#8211; komunikacja<\/h3>\n\n\n\n<p>Najd\u0142u\u017csza ulica w Sosn\u00f3wce ma oko\u0142o 6 kilometr\u00f3w. Najni\u017cszy jej kraniec po\u0142o\u017cony jest na wysoko\u015bci 370 m n.p.m., a najwy\u017cszy na wysoko\u015bci 720 m n.p.m. Przej\u015bcie ca\u0142ego tego dystansu piechot\u0105 mo\u017ce stanowi\u0107 nie lada wyzwanie! Jednak po miejscowo\u015bci kursuj\u0105 autobusy nr 104,105, 106 i 119, kt\u00f3rymi wygodnie i szybko dojecha\u0107 mo\u017cna mi\u0119dzy innymi do Karpacza, Szklarskiej Por\u0119by i Jeleniej G\u00f3ry. Dzi\u0119ki temu, maj\u0105c baz\u0119 wypadow\u0105 w Sosn\u00f3wce, bez problemu mo\u017cemy zwiedzi\u0107 wszystkie te pobliskie miejscowo\u015bci.<\/p>\n\n\n\n<figure class=\"wp-block-image size-full\"><img decoding=\"async\" src=\"https:\/\/www.koronakarkonoszy.pl\/blog-atrakcje\/wp-content\/uploads\/2022\/12\/PN3B0000.jpg\" alt=\"\" class=\"wp-image-5501\"\/><figcaption class=\"wp-element-caption\">Sosn\u00f3wka k. Karpacza <\/figcaption><\/figure>\n\n\n<section id=\"leonardo-block_1bb5a835ae4ab229d014638d651bf8a6\" class=\"leonardo page-breaker leonardo-image-left\">\r\n    <div class=\"leonardo-body\">\r\n        <h2 class=\"leonardo-title\" id=\"h-czy-sosnowka-to-dobre-miejsce-na-urlop\">Czy Sosn\u00f3wka to dobre miejsce na urlop?<\/h2>        <div class=\"leonardo-content\"><p><strong>Gdzie na urlop?<\/strong> To pytanie co roku zadaje sobie prawie ka\u017cdy. <a href=\"https:\/\/www.koronakarkonoszy.pl\/goscie-indywidualni\/\" target=\"_blank\" rel=\"noopener\"><strong>Urlop Sosn\u00f3wka<\/strong><\/a> to dobry wyb\u00f3r. Blisko\u015b\u0107 licznych g\u00f3rskich tras, wspania\u0142ych zabytk\u00f3w architektury tworz\u0105cych Dolin\u0119 Pa\u0142ac\u00f3w i Ogrod\u00f3w, atrakcje dla dzieci i rozwijaj\u0105ca si\u0119 z ka\u017cdym rokiem baza noclegowa i gastronomiczna zach\u0119caj\u0105 do wypoczynku w\u0142a\u015bnie tutaj.<\/p>\n<p>Bez wzgl\u0119du na to, czy marzymy o aktywnym wypoczynku, czy chcemy tylko buja\u0107 si\u0119 w hamaku i ogl\u0105da\u0107 leniwie przep\u0142ywaj\u0105ce chmury na tle g\u00f3rskich szczyt\u00f3w, znajdziemy w Sosn\u00f3wce odpowiedni nocleg. Czy to na wypad z przyjaci\u00f3\u0142mi, czy na urlop z dzie\u0107mi albo romantyczny weekend we dwoje \u2013 <strong>Sosn\u00f3wka to \u015bwietne miejsce na relaks w ka\u017cdej formie. <\/strong>A wspania\u0142y zalew, nazywany tak\u017ce przez niekt\u00f3rych <strong>Sosn\u00f3wka jezioro<\/strong>, to dodatkowy atut tej miejscowo\u015bci.<\/p>\n<\/div>\r\n            <\/div>\r\n    <div class=\"leonardo-image\">\r\n        <img loading=\"lazy\" decoding=\"async\" width=\"1280\" height=\"735\" src=\"https:\/\/www.koronakarkonoszy.pl\/blog-atrakcje\/wp-content\/uploads\/2022\/12\/DJI_0089.jpg\" class=\"attachment-full size-full\" alt=\"\" srcset=\"https:\/\/www.koronakarkonoszy.pl\/blog-atrakcje\/wp-content\/uploads\/2022\/12\/DJI_0089.jpg 1280w, https:\/\/www.koronakarkonoszy.pl\/blog-atrakcje\/wp-content\/uploads\/2022\/12\/DJI_0089-300x172.jpg 300w, https:\/\/www.koronakarkonoszy.pl\/blog-atrakcje\/wp-content\/uploads\/2022\/12\/DJI_0089-1024x588.jpg 1024w, https:\/\/www.koronakarkonoszy.pl\/blog-atrakcje\/wp-content\/uploads\/2022\/12\/DJI_0089-768x441.jpg 768w\" sizes=\"auto, (max-width: 1280px) 100vw, 1280px\" \/>            <\/div>\r\n<\/section>\n\n\n<h3 class=\"wp-block-heading\" id=\"ha-sosnowka-dla-rowerzystow\">Sosn\u00f3wka dla rowerzyst\u00f3w<\/h3>\n\n\n\n<p>Ta urocza miejscowo\u015b\u0107 wypoczynkowa oferuje \u015bwietne trasy dla mi\u0142o\u015bnik\u00f3w rower\u00f3w g\u00f3rskich. Tak zwana singletrack Olbrzymy obejmuje trasy po\u0142o\u017cone na terenie trzech gmin: Jeleniej G\u00f3ry, Piechowic (warto zobaczy\u0107 <a href=\"https:\/\/www.koronakarkonoszy.pl\/blog-atrakcje\/stawy-podgorzynskie\/\" target=\"_blank\" rel=\"noreferrer noopener\">Stawy Podg\u00f3rzy\u0144skie<\/a>) i Podg\u00f3rzyna. Razem licz\u0105 oko\u0142o 70 km, nadano im nazwy s\u0142owia\u0144skich bog\u00f3w i demon\u00f3w: Rokitnik, Leszy, Skarbek, Zmora, Doppler, B\u0142otnik, Po\u015bwit, Czart, Utopiec, Skrzat, Licho, Perun, Borowy, Jaga. Podsumowuj\u0105c, <strong>Sosn\u00f3wka dla rowerzyst\u00f3w to atrakcyjne miejsce.<\/strong> Zastanawiacie si\u0119,Sosn\u00f3wka trasa\u2013 kt\u00f3r\u0105 wybra\u0107? Odpowied\u017a jest jedna \u2013 ka\u017cda dostarczy niezapomnianych wra\u017ce\u0144. <\/p>\n\n\n\n<figure class=\"wp-block-image size-large is-resized\"><img loading=\"lazy\" decoding=\"async\" width=\"1024\" height=\"394\" src=\"https:\/\/www.koronakarkonoszy.pl\/blog-atrakcje\/wp-content\/uploads\/2022\/12\/Dwor-Korona-Karkonoszy-wesele-w-gorach-1024x394.jpg\" alt=\"\" class=\"wp-image-5490\" style=\"width:840px;height:323px\" srcset=\"https:\/\/www.koronakarkonoszy.pl\/blog-atrakcje\/wp-content\/uploads\/2022\/12\/Dwor-Korona-Karkonoszy-wesele-w-gorach-1024x394.jpg 1024w, https:\/\/www.koronakarkonoszy.pl\/blog-atrakcje\/wp-content\/uploads\/2022\/12\/Dwor-Korona-Karkonoszy-wesele-w-gorach-300x116.jpg 300w, https:\/\/www.koronakarkonoszy.pl\/blog-atrakcje\/wp-content\/uploads\/2022\/12\/Dwor-Korona-Karkonoszy-wesele-w-gorach-768x296.jpg 768w, https:\/\/www.koronakarkonoszy.pl\/blog-atrakcje\/wp-content\/uploads\/2022\/12\/Dwor-Korona-Karkonoszy-wesele-w-gorach.jpg 1200w\" sizes=\"auto, (max-width: 1024px) 100vw, 1024px\" \/><figcaption class=\"wp-element-caption\">Sosn\u00f3wka trasa w g\u00f3ry <\/figcaption><\/figure>\n\n\n\n<p>Jako \u017ce szlaki wiod\u0105 przez g\u00f3ry, wymagaj\u0105 pewnego przygotowania i kondycji. Oczywi\u015bcie s\u0105 trudniejsze i \u0142atwiejsze fragmenty, ale mimo wszystko s\u0105 to trasy off road, wi\u0119c rzadko p\u0142askie. W dodatku okolica jest bardzo malownicza \u2013 zwa\u017cywszy, \u017ce mamy tam pi\u0119kne widoki, kr\u0119te \u015bcie\u017cki, stare lasy oraz ciekawe formacje skalne ten szlak to tak\u017ce uczta dla oczu.<\/p>\n\n\n\n<figure class=\"wp-block-image size-large\"><img loading=\"lazy\" decoding=\"async\" width=\"1024\" height=\"768\" src=\"https:\/\/www.koronakarkonoszy.pl\/blog-atrakcje\/wp-content\/uploads\/2022\/12\/IMG20221031113104-1024x768.jpg\" alt=\"\" class=\"wp-image-5463\" srcset=\"https:\/\/www.koronakarkonoszy.pl\/blog-atrakcje\/wp-content\/uploads\/2022\/12\/IMG20221031113104-1024x768.jpg 1024w, https:\/\/www.koronakarkonoszy.pl\/blog-atrakcje\/wp-content\/uploads\/2022\/12\/IMG20221031113104-300x225.jpg 300w, https:\/\/www.koronakarkonoszy.pl\/blog-atrakcje\/wp-content\/uploads\/2022\/12\/IMG20221031113104-768x576.jpg 768w, https:\/\/www.koronakarkonoszy.pl\/blog-atrakcje\/wp-content\/uploads\/2022\/12\/IMG20221031113104-1920x1440.jpg 1920w, https:\/\/www.koronakarkonoszy.pl\/blog-atrakcje\/wp-content\/uploads\/2022\/12\/IMG20221031113104-1536x1152.jpg 1536w, https:\/\/www.koronakarkonoszy.pl\/blog-atrakcje\/wp-content\/uploads\/2022\/12\/IMG20221031113104-2048x1536.jpg 2048w\" sizes=\"auto, (max-width: 1024px) 100vw, 1024px\" \/><figcaption class=\"wp-element-caption\">Sosn\u00f3wka trasa turystyczna &nbsp;<\/figcaption><\/figure>\n\n\n\n<p><strong>P\u0119tla Piechowice<\/strong>&nbsp;to trasa mi\u0119dzy Micha\u0142owicami, Piechowicami, a Jagni\u0105tkowem o d\u0142ugo\u015bci 19,5 km. <strong>P\u0119tla Przesieka<\/strong>&nbsp;obejmuje rejon mi\u0119dzy Przesiek\u0105, Zache\u0142miem i Borowicami (d\u0142ugo\u015b\u0107 trasy &#8211; 23,5 km). Naj\u0142atwiejsza technicznie jest trzecia <strong>p\u0119tla, szlakowo-szutrowa, <\/strong>czyli trasa pomi\u0119dzy dwiema p\u0119tlami g\u0142\u00f3wnymi, o d\u0142ugo\u015bci 18,5 km. Warto wspomnie\u0107, \u017ce w okolicy odbywaj\u0105 si\u0119 nawet wy\u015bcigi kolarskie. <\/p>\n\n\n\n<figure class=\"wp-block-image size-large\"><img loading=\"lazy\" decoding=\"async\" width=\"1024\" height=\"768\" src=\"https:\/\/www.koronakarkonoszy.pl\/blog-atrakcje\/wp-content\/uploads\/2023\/08\/IMG20220924172602-1024x768.jpg\" alt=\"\" class=\"wp-image-6959\" srcset=\"https:\/\/www.koronakarkonoszy.pl\/blog-atrakcje\/wp-content\/uploads\/2023\/08\/IMG20220924172602-1024x768.jpg 1024w, https:\/\/www.koronakarkonoszy.pl\/blog-atrakcje\/wp-content\/uploads\/2023\/08\/IMG20220924172602-300x225.jpg 300w, https:\/\/www.koronakarkonoszy.pl\/blog-atrakcje\/wp-content\/uploads\/2023\/08\/IMG20220924172602-768x576.jpg 768w, https:\/\/www.koronakarkonoszy.pl\/blog-atrakcje\/wp-content\/uploads\/2023\/08\/IMG20220924172602-1920x1440.jpg 1920w, https:\/\/www.koronakarkonoszy.pl\/blog-atrakcje\/wp-content\/uploads\/2023\/08\/IMG20220924172602-1536x1152.jpg 1536w, https:\/\/www.koronakarkonoszy.pl\/blog-atrakcje\/wp-content\/uploads\/2023\/08\/IMG20220924172602-2048x1536.jpg 2048w, https:\/\/www.koronakarkonoszy.pl\/blog-atrakcje\/wp-content\/uploads\/2023\/08\/IMG20220924172602-16x12.jpg 16w\" sizes=\"auto, (max-width: 1024px) 100vw, 1024px\" \/><figcaption class=\"wp-element-caption\">Sosn\u00f3wka trasa rowerowa <\/figcaption><\/figure>\n\n\n\n<p>Dla mi\u0142o\u015bnik\u00f3w nieco mniejszego wysi\u0142ku te\u017c znajd\u0105 si\u0119 ciekawe trasy. W dodatku mo\u017cna wybra\u0107 bardziej p\u0142askie drogi, na przyk\u0142ad wok\u00f3\u0142 zalewu albo szlakiem <strong>Doliny Pa\u0142ac\u00f3w i Ogrod\u00f3w<\/strong>.<\/p>\n\n\n<section id=\"leonardo-block_3ca33f214ea58661b7c2f544450be0fe\" class=\"leonardo page-breaker leonardo-image-left\">\r\n    <div class=\"leonardo-body\">\r\n                <div class=\"leonardo-content\"><p><!-- wp:heading --><\/p>\n<p>Sosn\u00f3wka jest tak\u017ce ciekawym miejscem dla motocyklist\u00f3w. Mo\u017cna tu je\u017adzi\u0107 po polsko-czeskich trasach motocyklowych lub te\u017c bardziej spersonalizowa\u0107 sobie wycieczk\u0119. G\u00f3rskie trasy motocyklowe maj\u0105 wiele do zaoferowania. Mo\u017cemy tu jednocze\u015bnie poczu\u0107 wiatr we w\u0142osach, ogl\u0105da\u0107 pi\u0119kne widoki i delektowa\u0107 si\u0119 zjawiskowymi smakami lokalnych potraw. Nie bez powodu ci, kt\u00f3rzy tego do\u015bwiadczyli twierdz\u0105, \u017ce s\u0105 tu najpi\u0119kniejsze trasy w Polsce. Na przyk\u0142ad magistral\u0119 sudeck\u0105, Karkonosze, Izery czy <a href=\"https:\/\/www.koronakarkonoszy.pl\/blog-atrakcje\/park-krajobrazowy-gor-sowich\/\" target=\"_blank\" rel=\"noopener\">G\u00f3ry Sowie<\/a> mo\u017cna obje\u017adzi\u0107 podczas jednej wyprawy.<\/p>\n<p><!-- \/wp:paragraph --> <!-- wp:paragraph --><\/p>\n<p>Drogi s\u0105 tu dobrej jako\u015bci i daj\u0105 du\u017co rado\u015bci z jazdy. Oczywi\u015bcie nie prowokuj\u0105 do bardzo szybkiej jazdy, ale taki jest w\u0142a\u015bnie urok <strong>g\u00f3rskich tras<\/strong>. Jest te\u017c du\u017cy wyb\u00f3r hoteli i miejsc noclegowych, a tak\u017ce niebanalnych miejsc, gdzie mo\u017cna zje\u015b\u0107 dobry obiad czy kolacj\u0119. Mo\u017cna te\u017c zje\u015b\u0107 obiad w Polsce, a kolacj\u0119 popi\u0107 piwem ju\u017c w Czechach albo w Niemczech.<\/p>\n<p><!-- \/wp:paragraph --><\/p>\n<\/div>\r\n            <\/div>\r\n    <div class=\"leonardo-image\">\r\n        <img loading=\"lazy\" decoding=\"async\" width=\"1280\" height=\"852\" src=\"https:\/\/www.koronakarkonoszy.pl\/blog-atrakcje\/wp-content\/uploads\/2022\/08\/atrakcje-turystyczne.jpg\" class=\"attachment-full size-full\" alt=\"\" srcset=\"https:\/\/www.koronakarkonoszy.pl\/blog-atrakcje\/wp-content\/uploads\/2022\/08\/atrakcje-turystyczne.jpg 1280w, https:\/\/www.koronakarkonoszy.pl\/blog-atrakcje\/wp-content\/uploads\/2022\/08\/atrakcje-turystyczne-300x200.jpg 300w, https:\/\/www.koronakarkonoszy.pl\/blog-atrakcje\/wp-content\/uploads\/2022\/08\/atrakcje-turystyczne-1024x682.jpg 1024w, https:\/\/www.koronakarkonoszy.pl\/blog-atrakcje\/wp-content\/uploads\/2022\/08\/atrakcje-turystyczne-768x511.jpg 768w\" sizes=\"auto, (max-width: 1280px) 100vw, 1280px\" \/>            <\/div>\r\n<\/section>\n\n\n<h2 class=\"wp-block-heading\" id=\"ha-czym-zachwyca-karkonoska-kuchnia-regionalna\">Czym zachwyca karkonoska kuchnia regionalna?<\/h2>\n\n\n\n<p>Regionalna kuchnia zawsze warta jest posmakowania! O specyfice danego miejsca \u015bwiadcz\u0105 mi\u0119dzy innymi lokalne dania i inne smaki. Je\u015bli chodzi o zupy, to klasyczna karkonoska kuchnia regionalna oferuje mi\u0119dzy innymi kyselo. To prosta zupa na zakwasie chlebowym, gotowana na ro\u015blinach z karkonoskich \u0142\u0105k. Tak\u017ce karkonoski ukrop, czyli zupa czosnkowa to ciekawa propozycja dla wielbicieli mocnych smak\u00f3w. Inne dania, tradycyjnie przygotowywane w tym regionie, to sejkory, czyli rodzaj placka ziemniaczanego z kwa\u015bn\u0105 \u015bmietan\u0105.<\/p>\n\n\n\n<figure class=\"wp-block-image size-large\"><img loading=\"lazy\" decoding=\"async\" width=\"1024\" height=\"683\" src=\"https:\/\/www.koronakarkonoszy.pl\/blog-atrakcje\/wp-content\/uploads\/2022\/12\/piwo-dkk2-1024x683.jpg\" alt=\"\" class=\"wp-image-6200\" srcset=\"https:\/\/www.koronakarkonoszy.pl\/blog-atrakcje\/wp-content\/uploads\/2022\/12\/piwo-dkk2-1024x683.jpg 1024w, https:\/\/www.koronakarkonoszy.pl\/blog-atrakcje\/wp-content\/uploads\/2022\/12\/piwo-dkk2-300x200.jpg 300w, https:\/\/www.koronakarkonoszy.pl\/blog-atrakcje\/wp-content\/uploads\/2022\/12\/piwo-dkk2-768x512.jpg 768w, https:\/\/www.koronakarkonoszy.pl\/blog-atrakcje\/wp-content\/uploads\/2022\/12\/piwo-dkk2-1920x1280.jpg 1920w, https:\/\/www.koronakarkonoszy.pl\/blog-atrakcje\/wp-content\/uploads\/2022\/12\/piwo-dkk2-1536x1024.jpg 1536w, https:\/\/www.koronakarkonoszy.pl\/blog-atrakcje\/wp-content\/uploads\/2022\/12\/piwo-dkk2-2048x1365.jpg 2048w, https:\/\/www.koronakarkonoszy.pl\/blog-atrakcje\/wp-content\/uploads\/2022\/12\/piwo-dkk2-18x12.jpg 18w\" sizes=\"auto, (max-width: 1024px) 100vw, 1024px\" \/><figcaption class=\"wp-element-caption\"><a href=\"https:\/\/www.koronakarkonoszy.pl\/catering\/\" target=\"_blank\" rel=\"noreferrer noopener\"><strong>Catering Sosn\u00f3wka <\/strong><\/a><\/figcaption><\/figure>\n\n\n\n<p>Inne regionalne przysmaki to izerskie kluski, faszerowane wo\u0142owin\u0105 oraz hubnik, czyli rodzaj zapiekanki z kaszy jaglanej z grzybami. I jeszcze ryby z karkonoskich potok\u00f3w maj\u0105 swych mi\u0142o\u015bnik\u00f3w. W Karkonoszach sery i twarogi tradycyjnie wyrabiano z mleka owczego i krowiego. Warto posmakowa\u0107 tych mocno doprawionych zio\u0142ami wyrob\u00f3w, przygotowywanych na wz\u00f3r ser\u00f3w sprzed wiek\u00f3w. Piernik z Karkonoszy to kolejna wa\u017cna pozycja na li\u015bcie regionalnych smak\u00f3w. W jego sk\u0142ad wchodz\u0105 karmel z dzikiej r\u00f3\u017cy i m\u0105ka z \u017co\u0142\u0119dzi oraz rokitnika, przypominaj\u0105c dawne smaki.<\/p>\n\n\n\n<figure class=\"wp-block-image size-large\"><img loading=\"lazy\" decoding=\"async\" width=\"1024\" height=\"683\" src=\"https:\/\/www.koronakarkonoszy.pl\/blog-atrakcje\/wp-content\/uploads\/2022\/12\/kuchnia-dkk-1024x683.jpg\" alt=\"\" class=\"wp-image-5496\" srcset=\"https:\/\/www.koronakarkonoszy.pl\/blog-atrakcje\/wp-content\/uploads\/2022\/12\/kuchnia-dkk-1024x683.jpg 1024w, https:\/\/www.koronakarkonoszy.pl\/blog-atrakcje\/wp-content\/uploads\/2022\/12\/kuchnia-dkk-300x200.jpg 300w, https:\/\/www.koronakarkonoszy.pl\/blog-atrakcje\/wp-content\/uploads\/2022\/12\/kuchnia-dkk-768x512.jpg 768w, https:\/\/www.koronakarkonoszy.pl\/blog-atrakcje\/wp-content\/uploads\/2022\/12\/kuchnia-dkk-1920x1280.jpg 1920w, https:\/\/www.koronakarkonoszy.pl\/blog-atrakcje\/wp-content\/uploads\/2022\/12\/kuchnia-dkk-1536x1024.jpg 1536w, https:\/\/www.koronakarkonoszy.pl\/blog-atrakcje\/wp-content\/uploads\/2022\/12\/kuchnia-dkk-2048x1366.jpg 2048w\" sizes=\"auto, (max-width: 1024px) 100vw, 1024px\" \/><figcaption class=\"wp-element-caption\"><strong><a href=\"https:\/\/www.koronakarkonoszy.pl\/restauracja\/\" target=\"_blank\" rel=\"noreferrer noopener\">Karkonoska kuchnia regionalna<\/a> <\/strong><\/figcaption><\/figure>\n\n\n\n<h3 class=\"wp-block-heading\" id=\"ha-zakochani-w-sosnowce\">Zakochani w Sosn\u00f3wce<\/h3>\n\n\n\n<p><strong>Sosn\u00f3wka <\/strong>swym urokiem urzek\u0142a niejednego turyst\u0119. Jednym z najs\u0142awniejszych jest z pewno\u015bci\u0105 <strong>Ian Hickinbotham<\/strong>, kt\u00f3ry przyja\u017ani\u0142 si\u0119 z takimi re\u017cyserami jak Stanley Kubrick czy Steven Spielberg. Pracowa\u0142 przy dziesi\u0105tkach film\u00f3w, cho\u0107by przy takich arcydzie\u0142ach jak <em>L\u015bnienie<\/em>, <em>Poszukiwacze zaginionej arki<\/em> i <em>Monachium<\/em> czy <em>Gladiator<\/em>. A jak ze \u015bwiata filmu trafi\u0142 do Sosn\u00f3wki, niewielkiej b\u0105d\u017a co b\u0105d\u017a, karkonoskiej miejscowo\u015bci letniskowej?<\/p>\n\n\n<section id=\"leonardo-block_c503ca49e2b23114dd55fba13cb935ba\" class=\"leonardo page-breaker leonardo-image-left\">\r\n    <div class=\"leonardo-body\">\r\n                <div class=\"leonardo-content\"><p><!-- wp:paragraph --><\/p>\n<p>Podczas kr\u0119cenia w Polsce jednego z film\u00f3w Ian Hickinbotham pozna\u0142 Anet\u0119 Cebul\u0119, pracuj\u0105c\u0105 w agencji \u201eHeritage Films\u201d Lwa Rywina. Zostali par\u0105 i postanowili zbudowa\u0107 wsp\u00f3lny dom w\u0142a\u015bnie w Polsce. Wybrali Sosn\u00f3wk\u0119. W 2002 roku kupili zniszczon\u0105 will\u0119 <em>Sonenland, <\/em>zaprojektowan\u0105 przez Wilhelma Kiehnela na pocz\u0105tku XX wieku. Przed wojn\u0105 siostry Auras prowadzi\u0142y tam m.in. kuracje odchudzaj\u0105ce. Aneta i Ian zacz\u0119li remontowa\u0107 will\u0119, chc\u0105c przywr\u00f3ci\u0107 jej dawn\u0105 \u015bwietno\u015b\u0107. Cz\u0119\u015b\u0107 prac Ian wykonywa\u0142 samodzielnie, rekonstruuj\u0105c elementy z kamienia i drewna.<\/p>\n<p><!-- \/wp:paragraph --> <!-- wp:paragraph --><\/p>\n<p>Jednak ta historia \u2013 cho\u0107 brzmi jak z filmu \u2013 nie ma niestety happy endu\u2026 Ian Hickinbotham zmar\u0142 na raka w wieku zaledwie 53 lat. Pochowany zosta\u0142 w\u0142a\u015bnie w Sosn\u00f3wce, na <strong>starym cmentarzu przy ko\u015bciele \u015bw. Marcina<\/strong>. Zamiast kwiat\u00f3w podczas pogrzebu rodzina za\u017cyczy\u0142a sobie datk\u00f3w na rzecz odnowienia zabytkowego, XVIII-wiecznego o\u0142tarza \u015bw. Anny Samotrzeciej, kt\u00f3ry zdobi ten cmentarny ko\u015bci\u00f3\u0142. Do darczy\u0144c\u00f3w przy\u0142\u0105czy\u0142 si\u0119 r\u00f3wnie\u017c Steven Spielberg, chc\u0105c w ten spos\u00f3b uczci\u0107 pami\u0119\u0107 wieloletniego wsp\u00f3\u0142pracownika.<\/p>\n<p><!-- \/wp:paragraph --><\/p>\n<\/div>\r\n            <\/div>\r\n    <div class=\"leonardo-image\">\r\n        <img loading=\"lazy\" decoding=\"async\" width=\"1920\" height=\"2560\" src=\"https:\/\/www.koronakarkonoszy.pl\/blog-atrakcje\/wp-content\/uploads\/2022\/12\/IMG20220828105803-scaled.jpg\" class=\"attachment-full size-full\" alt=\"\" srcset=\"https:\/\/www.koronakarkonoszy.pl\/blog-atrakcje\/wp-content\/uploads\/2022\/12\/IMG20220828105803-scaled.jpg 1920w, https:\/\/www.koronakarkonoszy.pl\/blog-atrakcje\/wp-content\/uploads\/2022\/12\/IMG20220828105803-225x300.jpg 225w, https:\/\/www.koronakarkonoszy.pl\/blog-atrakcje\/wp-content\/uploads\/2022\/12\/IMG20220828105803-768x1024.jpg 768w, https:\/\/www.koronakarkonoszy.pl\/blog-atrakcje\/wp-content\/uploads\/2022\/12\/IMG20220828105803-1440x1920.jpg 1440w, https:\/\/www.koronakarkonoszy.pl\/blog-atrakcje\/wp-content\/uploads\/2022\/12\/IMG20220828105803-1152x1536.jpg 1152w, https:\/\/www.koronakarkonoszy.pl\/blog-atrakcje\/wp-content\/uploads\/2022\/12\/IMG20220828105803-1536x2048.jpg 1536w\" sizes=\"auto, (max-width: 1920px) 100vw, 1920px\" \/>            <\/div>\r\n<\/section>\n\n\n<h3 class=\"wp-block-heading\" id=\"ha-zabytki-sosnowki\">Zabytki Sosn\u00f3wki <\/h3>\n\n\n\n<p><strong>Zabytki Sosn\u00f3wki<\/strong> to, opr\u00f3cz wspomnianych wy\u017cej dom\u00f3w tkaczy, dom\u00f3w tyrolskich czy willi letniskowych tak\u017ce pi\u0119kne \u015bwi\u0105tynie. W Sosn\u00f3wce Dolnej znajduj\u0105 si\u0119 dwa zabytkowe ko\u015bcio\u0142y. Obydwa warte obejrzenia przy okazji pobytu w Sosn\u00f3wce.<\/p>\n\n\n\n<figure class=\"wp-block-image size-large\"><img loading=\"lazy\" decoding=\"async\" width=\"768\" height=\"1024\" src=\"https:\/\/www.koronakarkonoszy.pl\/blog-atrakcje\/wp-content\/uploads\/2022\/12\/kosciol-sosnowka-768x1024.jpg\" alt=\"\" class=\"wp-image-5867\" srcset=\"https:\/\/www.koronakarkonoszy.pl\/blog-atrakcje\/wp-content\/uploads\/2022\/12\/kosciol-sosnowka-768x1024.jpg 768w, https:\/\/www.koronakarkonoszy.pl\/blog-atrakcje\/wp-content\/uploads\/2022\/12\/kosciol-sosnowka-225x300.jpg 225w, https:\/\/www.koronakarkonoszy.pl\/blog-atrakcje\/wp-content\/uploads\/2022\/12\/kosciol-sosnowka-1440x1920.jpg 1440w, https:\/\/www.koronakarkonoszy.pl\/blog-atrakcje\/wp-content\/uploads\/2022\/12\/kosciol-sosnowka-1152x1536.jpg 1152w, https:\/\/www.koronakarkonoszy.pl\/blog-atrakcje\/wp-content\/uploads\/2022\/12\/kosciol-sosnowka.jpg 1500w\" sizes=\"auto, (max-width: 768px) 100vw, 768px\" \/><figcaption class=\"wp-element-caption\"><strong>Ko\u015bci\u00f3\u0142 \u015bw. Marcina, Sosn\u00f3wka <\/strong><\/figcaption><\/figure>\n\n\n\n<h3 class=\"wp-block-heading\" id=\"ha-kosciol-sw-marcina\">Ko\u015bci\u00f3\u0142 \u015aw. Marcina<\/h3>\n\n\n\n<p><strong>Barokowy ko\u015bci\u00f3\u0142 \u015aw. Marcina z XVIII wieku<\/strong> kiedy\u015b by\u0142 ko\u015bcio\u0142em parafialnym, a obecnie stanowi kaplic\u0119 cmentarn\u0105. Zachowa\u0142y si\u0119 przy nim cenne epitafia i barokowe nagrobki. Wewn\u0105trz znajdziemy wspania\u0142y drewniany <strong>o\u0142tarz rokokowy<\/strong>, polichromowany i z\u0142ocony, po\u015bwi\u0119cony Annie Samotrzeciej, pochodz\u0105cy z ko\u0144ca XVIII wieku. Pierwotny ko\u015bci\u00f3\u0142 by\u0142 gotyck\u0105 budowl\u0105. Pierwsze wzmianki o niej znajdziemy ju\u017c w 1318 roku. Na jego miejscu, z wykorzystaniem mur\u00f3w starego ko\u015bcio\u0142a, wzniesiono w latach 1796-1797 kolejn\u0105 \u015bwi\u0105tyni\u0119. Jest to budowla salowa z wydzielonym, wielobocznym prezbiterium i kwadratow\u0105 wie\u017c\u0105. Wewn\u0105trz mo\u017cna zobaczy\u0107 rzadkie sklepienie kolebkowe z lunetami. Ko\u015bci\u00f3\u0142 przykryty jest gontowym dachem, a na murze, kt\u00f3ry go otacza oraz na murach cmentarza znajduj\u0105 si\u0119 kamienne p\u0142yty nagrobne z XVIII wieku.<\/p>\n\n\n\n<figure class=\"wp-block-image size-large\"><img loading=\"lazy\" decoding=\"async\" width=\"1024\" height=\"683\" src=\"https:\/\/www.koronakarkonoszy.pl\/blog-atrakcje\/wp-content\/uploads\/2022\/12\/sosnowka-1024x683.jpg\" alt=\"\" class=\"wp-image-5471\" srcset=\"https:\/\/www.koronakarkonoszy.pl\/blog-atrakcje\/wp-content\/uploads\/2022\/12\/sosnowka-1024x683.jpg 1024w, https:\/\/www.koronakarkonoszy.pl\/blog-atrakcje\/wp-content\/uploads\/2022\/12\/sosnowka-300x200.jpg 300w, https:\/\/www.koronakarkonoszy.pl\/blog-atrakcje\/wp-content\/uploads\/2022\/12\/sosnowka-768x512.jpg 768w, https:\/\/www.koronakarkonoszy.pl\/blog-atrakcje\/wp-content\/uploads\/2022\/12\/sosnowka-1920x1280.jpg 1920w, https:\/\/www.koronakarkonoszy.pl\/blog-atrakcje\/wp-content\/uploads\/2022\/12\/sosnowka-1536x1024.jpg 1536w, https:\/\/www.koronakarkonoszy.pl\/blog-atrakcje\/wp-content\/uploads\/2022\/12\/sosnowka-2048x1365.jpg 2048w\" sizes=\"auto, (max-width: 1024px) 100vw, 1024px\" \/><figcaption class=\"wp-element-caption\"><strong>Sosn\u00f3wka jezioro <\/strong><\/figcaption><\/figure>\n\n\n\n<h3 class=\"wp-block-heading\" id=\"ha-kosciol-najswietszego-serca-pana-jezusa-i-matki-bozej-ostrobramskiej\">Ko\u015bci\u00f3\u0142 Naj\u015bwi\u0119tszego Serca Pana Jezusa i Matki Bo\u017cej Ostrobramskiej<\/h3>\n\n\n\n<p>Druga zabytkowa \u015bwi\u0105tynia to poewangelicki ko\u015bci\u00f3\u0142 Naj\u015bwi\u0119tszego Serca Pana Jezusa i Matki Bo\u017cej Ostrobramskiej, powsta\u0142y w latach 1816-1820, z pi\u0119knym salowym wn\u0119trzem z podw\u00f3jnymi emporami. <\/p>\n\n\n\n<p>Opr\u00f3cz tych dwu ko\u015bcio\u0142\u00f3w do wojew\u00f3dzkiego rejestru zabytk\u00f3w wpisano tak\u017ce dawn\u0105 karczm\u0119 z 1834 roku, kaplic\u0119 \u015bw. Anny i dom z ko\u0144ca XIX wieku, mieszcz\u0105cy si\u0119 w okolicy tej\u017ce kaplicy, w Sosn\u00f3wce G\u00f3rnej.<\/p>\n\n\n\n<figure class=\"wp-block-image size-large\"><img loading=\"lazy\" decoding=\"async\" width=\"1024\" height=\"683\" src=\"https:\/\/www.koronakarkonoszy.pl\/blog-atrakcje\/wp-content\/uploads\/2022\/12\/sosnowka-1-1024x683.jpg\" alt=\"\" class=\"wp-image-5493\" srcset=\"https:\/\/www.koronakarkonoszy.pl\/blog-atrakcje\/wp-content\/uploads\/2022\/12\/sosnowka-1-1024x683.jpg 1024w, https:\/\/www.koronakarkonoszy.pl\/blog-atrakcje\/wp-content\/uploads\/2022\/12\/sosnowka-1-300x200.jpg 300w, https:\/\/www.koronakarkonoszy.pl\/blog-atrakcje\/wp-content\/uploads\/2022\/12\/sosnowka-1-768x512.jpg 768w, https:\/\/www.koronakarkonoszy.pl\/blog-atrakcje\/wp-content\/uploads\/2022\/12\/sosnowka-1-1920x1280.jpg 1920w, https:\/\/www.koronakarkonoszy.pl\/blog-atrakcje\/wp-content\/uploads\/2022\/12\/sosnowka-1-1536x1024.jpg 1536w, https:\/\/www.koronakarkonoszy.pl\/blog-atrakcje\/wp-content\/uploads\/2022\/12\/sosnowka-1-2048x1365.jpg 2048w\" sizes=\"auto, (max-width: 1024px) 100vw, 1024px\" \/><figcaption class=\"wp-element-caption\"><strong>Widok z Sosn\u00f3wki <\/strong><\/figcaption><\/figure>\n\n\n<style>\n    .destination_map{\n        margin: 1.5em 0;\n    }\n    body:not(.wp-admin) .admin {\n        display: none;\n    }\n    .map {\n        max-width: 800px;\n        height: 400px;\n    }\n    .wp-admin .map {\n        display: none;\n    }\n<\/style>\n\n<div id=\"destination_map-block_f0d80884b9810ed42f6de04230c4c998\" class=\"destination_map\">\n    <div class=\"destinationmap-body admin\" style=\"background-color: lightblue;\">\n                Mapa dojazdu\n    <\/div>\n    <div id=\"block_f0d80884b9810ed42f6de04230c4c998\" class=\"map\"><\/div>\n<\/div>\n\n<script>\n    (function($){\n\n    function mapLocation() {\n      var directionsDisplay;\n      var directionsService = new google.maps.DirectionsService();\n      var map;\n\n      function initialize() {\n        directionsDisplay = new google.maps.DirectionsRenderer();\n        var korona = new google.maps.LatLng(50.81947934480897, 15.721371130683515);\n        var mapOptions = {\n          zoom: 13,\n          center: korona\n        };\n        map = new google.maps.Map(document.getElementById('block_f0d80884b9810ed42f6de04230c4c998'), mapOptions);\n        directionsDisplay.setMap(map);\n      \n        var start = new google.maps.LatLng(50.81947934480897, 15.721371130683515);\n        var end = new google.maps.LatLng(50.821312831358, 15.719948270361);\n        var request = {\n          origin: start,\n          destination: end,\n          travelMode: google.maps.TravelMode.DRIVING\n        };\n        directionsService.route(request, function(response, status) {\n          if (status == google.maps.DirectionsStatus.OK) {\n            directionsDisplay.setDirections(response);\n            directionsDisplay.setMap(map);\n          } else {\n            alert(\"Directions Request from \" + start.toUrlValue(6) + \" to \" + end.toUrlValue(6) + \" failed: \" + status);\n          }\n        });\n      }\n\n      google.maps.event.addDomListener(window, 'load', initialize);\n    }\n    mapLocation();\n\n})(jQuery);\n\n\n<\/script>","protected":false},"excerpt":{"rendered":"<p>Jaka miejscowo\u015b\u0107 w Karkonoszach oferuje turystom, go\u015bciom weselnym i uczestnikom event\u00f3w firmowych przepi\u0119kne widoki, spok\u00f3j i cisz\u0119? A zarazem mo\u017cliwo\u015b\u0107 aktywnego wypoczynku? Sosn\u00f3wka, zabytkowa miejscowo\u015b\u0107 wczasowa w pobli\u017cu Karpacza, oferuje swym go\u015bciom to wszystko. Ponadto stanowi ciekaw\u0105 atrakcj\u0119 okolic Jeleniej G\u00f3ry. Czego si\u0119 dowiesz z artyku\u0142u? Sosn\u00f3wka, malownicza wie\u015b wypoczynkowa po\u0142o\u017cona w pobli\u017cu Karpacza, jest [&hellip;]<\/p>\n","protected":false},"author":11,"featured_media":5522,"comment_status":"open","ping_status":"open","sticky":false,"template":"","format":"standard","meta":{"_acf_changed":false,"footnotes":""},"categories":[16],"class_list":["post-5449","post","type-post","status-publish","format-standard","has-post-thumbnail","hentry","category-ciekawe-miejsca"],"acf":{"Location_of_attractions":{"location":{"address":"Sosn\u00f3wka, Polska","lat":50.8219635,"lng":15.7211499,"zoom":14,"place_id":"ChIJwc-frZDnDkcR_sQ_aGD4HVU","name":"Sosn\u00f3wka","city":"Sosn\u00f3wka","state":"Dolno\u015bl\u0105skie","post_code":"58-564","country":"Polska","country_short":"PL"},"categories":["krajobrazy","przyrodnicze","historyczne"]}},"yoast_head":"<!-- This site is optimized with the Yoast SEO plugin v27.4 - https:\/\/yoast.com\/product\/yoast-seo-wordpress\/ -->\n<title>Sosn\u00f3wka - hotel - restauracja - noclegi - atrakcje - Dw\u00f3r Korona Karkonoszy<\/title>\n<meta name=\"description\" content=\"Sosn\u00f3wka k. Karpacza. Przyjed\u017a i zobacz zabytki, krajobrazowe trasy spacerowe. Zachwy\u0107 si\u0119 tutejsz\u0105 przyrod\u0105 i zakochaj w regionalnej kuchni!\" \/>\n<meta name=\"robots\" content=\"index, follow, max-snippet:-1, max-image-preview:large, max-video-preview:-1\" \/>\n<link rel=\"canonical\" href=\"https:\/\/www.koronakarkonoszy.pl\/blog-atrakcje\/en\/pine-tree\/\" \/>\n<meta property=\"og:locale\" content=\"en_GB\" \/>\n<meta property=\"og:type\" content=\"article\" \/>\n<meta property=\"og:title\" content=\"Sosn\u00f3wka - hotel - restauracja - noclegi - atrakcje - Dw\u00f3r Korona Karkonoszy\" \/>\n<meta property=\"og:description\" content=\"Sosn\u00f3wka k. Karpacza. Przyjed\u017a i zobacz zabytki, krajobrazowe trasy spacerowe. Zachwy\u0107 si\u0119 tutejsz\u0105 przyrod\u0105 i zakochaj w regionalnej kuchni!\" \/>\n<meta property=\"og:url\" content=\"https:\/\/www.koronakarkonoszy.pl\/blog-atrakcje\/en\/pine-tree\/\" \/>\n<meta property=\"og:site_name\" content=\":: DKK Atrakcje\" \/>\n<meta property=\"article:published_time\" content=\"2024-04-20T17:37:00+00:00\" \/>\n<meta property=\"article:modified_time\" content=\"2024-06-26T05:40:34+00:00\" \/>\n<meta property=\"og:image\" content=\"https:\/\/www.koronakarkonoszy.pl\/blog-atrakcje\/wp-content\/uploads\/2022\/12\/DJI_0015.jpg\" \/>\n\t<meta property=\"og:image:width\" content=\"1280\" \/>\n\t<meta property=\"og:image:height\" content=\"811\" \/>\n\t<meta property=\"og:image:type\" content=\"image\/jpeg\" \/>\n<meta name=\"author\" content=\"agnieszka\" \/>\n<meta name=\"twitter:card\" content=\"summary_large_image\" \/>\n<meta name=\"twitter:label1\" content=\"Written by\" \/>\n\t<meta name=\"twitter:data1\" content=\"agnieszka\" \/>\n\t<meta name=\"twitter:label2\" content=\"Estimated reading time\" \/>\n\t<meta name=\"twitter:data2\" content=\"24 minutes\" \/>\n<script type=\"application\/ld+json\" class=\"yoast-schema-graph\">{\"@context\":\"https:\\\/\\\/schema.org\",\"@graph\":[{\"@type\":\"Article\",\"@id\":\"https:\\\/\\\/www.koronakarkonoszy.pl\\\/blog-atrakcje\\\/sosnowka\\\/#article\",\"isPartOf\":{\"@id\":\"https:\\\/\\\/www.koronakarkonoszy.pl\\\/blog-atrakcje\\\/sosnowka\\\/\"},\"author\":{\"name\":\"agnieszka\",\"@id\":\"https:\\\/\\\/www.koronakarkonoszy.pl\\\/blog-atrakcje\\\/#\\\/schema\\\/person\\\/993b3c39215e0c277c79410bfe84333f\"},\"headline\":\"Sosn\u00f3wka\",\"datePublished\":\"2024-04-20T17:37:00+00:00\",\"dateModified\":\"2024-06-26T05:40:34+00:00\",\"mainEntityOfPage\":{\"@id\":\"https:\\\/\\\/www.koronakarkonoszy.pl\\\/blog-atrakcje\\\/sosnowka\\\/\"},\"wordCount\":3650,\"commentCount\":0,\"image\":{\"@id\":\"https:\\\/\\\/www.koronakarkonoszy.pl\\\/blog-atrakcje\\\/sosnowka\\\/#primaryimage\"},\"thumbnailUrl\":\"https:\\\/\\\/www.koronakarkonoszy.pl\\\/blog-atrakcje\\\/wp-content\\\/uploads\\\/2022\\\/12\\\/DJI_0015.jpg\",\"articleSection\":[\"Ciekawe miejsca\"],\"inLanguage\":\"en-GB\",\"potentialAction\":[{\"@type\":\"CommentAction\",\"name\":\"Comment\",\"target\":[\"https:\\\/\\\/www.koronakarkonoszy.pl\\\/blog-atrakcje\\\/sosnowka\\\/#respond\"]}]},{\"@type\":\"WebPage\",\"@id\":\"https:\\\/\\\/www.koronakarkonoszy.pl\\\/blog-atrakcje\\\/sosnowka\\\/\",\"url\":\"https:\\\/\\\/www.koronakarkonoszy.pl\\\/blog-atrakcje\\\/sosnowka\\\/\",\"name\":\"Sosn\u00f3wka - hotel - restauracja - noclegi - atrakcje - Dw\u00f3r Korona Karkonoszy\",\"isPartOf\":{\"@id\":\"https:\\\/\\\/www.koronakarkonoszy.pl\\\/blog-atrakcje\\\/#website\"},\"primaryImageOfPage\":{\"@id\":\"https:\\\/\\\/www.koronakarkonoszy.pl\\\/blog-atrakcje\\\/sosnowka\\\/#primaryimage\"},\"image\":{\"@id\":\"https:\\\/\\\/www.koronakarkonoszy.pl\\\/blog-atrakcje\\\/sosnowka\\\/#primaryimage\"},\"thumbnailUrl\":\"https:\\\/\\\/www.koronakarkonoszy.pl\\\/blog-atrakcje\\\/wp-content\\\/uploads\\\/2022\\\/12\\\/DJI_0015.jpg\",\"datePublished\":\"2024-04-20T17:37:00+00:00\",\"dateModified\":\"2024-06-26T05:40:34+00:00\",\"author\":{\"@id\":\"https:\\\/\\\/www.koronakarkonoszy.pl\\\/blog-atrakcje\\\/#\\\/schema\\\/person\\\/993b3c39215e0c277c79410bfe84333f\"},\"description\":\"Sosn\u00f3wka k. Karpacza. Przyjed\u017a i zobacz zabytki, krajobrazowe trasy spacerowe. Zachwy\u0107 si\u0119 tutejsz\u0105 przyrod\u0105 i zakochaj w regionalnej kuchni!\",\"breadcrumb\":{\"@id\":\"https:\\\/\\\/www.koronakarkonoszy.pl\\\/blog-atrakcje\\\/sosnowka\\\/#breadcrumb\"},\"inLanguage\":\"en-GB\",\"potentialAction\":[{\"@type\":\"ReadAction\",\"target\":[\"https:\\\/\\\/www.koronakarkonoszy.pl\\\/blog-atrakcje\\\/sosnowka\\\/\"]}]},{\"@type\":\"ImageObject\",\"inLanguage\":\"en-GB\",\"@id\":\"https:\\\/\\\/www.koronakarkonoszy.pl\\\/blog-atrakcje\\\/sosnowka\\\/#primaryimage\",\"url\":\"https:\\\/\\\/www.koronakarkonoszy.pl\\\/blog-atrakcje\\\/wp-content\\\/uploads\\\/2022\\\/12\\\/DJI_0015.jpg\",\"contentUrl\":\"https:\\\/\\\/www.koronakarkonoszy.pl\\\/blog-atrakcje\\\/wp-content\\\/uploads\\\/2022\\\/12\\\/DJI_0015.jpg\",\"width\":1280,\"height\":811},{\"@type\":\"BreadcrumbList\",\"@id\":\"https:\\\/\\\/www.koronakarkonoszy.pl\\\/blog-atrakcje\\\/sosnowka\\\/#breadcrumb\",\"itemListElement\":[{\"@type\":\"ListItem\",\"position\":1,\"name\":\"Strona g\u0142\u00f3wna\",\"item\":\"https:\\\/\\\/www.koronakarkonoszy.pl\\\/blog-atrakcje\\\/\"},{\"@type\":\"ListItem\",\"position\":2,\"name\":\"Sosn\u00f3wka\"}]},{\"@type\":\"WebSite\",\"@id\":\"https:\\\/\\\/www.koronakarkonoszy.pl\\\/blog-atrakcje\\\/#website\",\"url\":\"https:\\\/\\\/www.koronakarkonoszy.pl\\\/blog-atrakcje\\\/\",\"name\":\":: DKK Atrakcje\",\"description\":\"Atrakcje Dworu Korona Karkonoszy\",\"potentialAction\":[{\"@type\":\"SearchAction\",\"target\":{\"@type\":\"EntryPoint\",\"urlTemplate\":\"https:\\\/\\\/www.koronakarkonoszy.pl\\\/blog-atrakcje\\\/?s={search_term_string}\"},\"query-input\":{\"@type\":\"PropertyValueSpecification\",\"valueRequired\":true,\"valueName\":\"search_term_string\"}}],\"inLanguage\":\"en-GB\"},{\"@type\":\"Person\",\"@id\":\"https:\\\/\\\/www.koronakarkonoszy.pl\\\/blog-atrakcje\\\/#\\\/schema\\\/person\\\/993b3c39215e0c277c79410bfe84333f\",\"name\":\"agnieszka\",\"image\":{\"@type\":\"ImageObject\",\"inLanguage\":\"en-GB\",\"@id\":\"https:\\\/\\\/www.koronakarkonoszy.pl\\\/blog-atrakcje\\\/wp-content\\\/litespeed\\\/avatar\\\/53ee7b676463f74d0aea1a09de3d003b.jpg?ver=1777427421\",\"url\":\"https:\\\/\\\/www.koronakarkonoszy.pl\\\/blog-atrakcje\\\/wp-content\\\/litespeed\\\/avatar\\\/53ee7b676463f74d0aea1a09de3d003b.jpg?ver=1777427421\",\"contentUrl\":\"https:\\\/\\\/www.koronakarkonoszy.pl\\\/blog-atrakcje\\\/wp-content\\\/litespeed\\\/avatar\\\/53ee7b676463f74d0aea1a09de3d003b.jpg?ver=1777427421\",\"caption\":\"agnieszka\"},\"url\":\"https:\\\/\\\/www.koronakarkonoszy.pl\\\/blog-atrakcje\\\/en\\\/author\\\/agnieszka\\\/\"}]}<\/script>\n<!-- \/ Yoast SEO plugin. -->","yoast_head_json":{"title":"Sosn\u00f3wka - hotel - restaurant - accommodation - attractions - Dw\u00f3r Korona Karkonoszy","description":"Sosn\u00f3wka near Karpacz. Come and see the monuments and scenic walking routes. Be amazed by the local nature and fall in love with the regional cuisine!","robots":{"index":"index","follow":"follow","max-snippet":"max-snippet:-1","max-image-preview":"max-image-preview:large","max-video-preview":"max-video-preview:-1"},"canonical":"https:\/\/www.koronakarkonoszy.pl\/blog-atrakcje\/en\/pine-tree\/","og_locale":"en_GB","og_type":"article","og_title":"Sosn\u00f3wka - hotel - restauracja - noclegi - atrakcje - Dw\u00f3r Korona Karkonoszy","og_description":"Sosn\u00f3wka k. Karpacza. Przyjed\u017a i zobacz zabytki, krajobrazowe trasy spacerowe. Zachwy\u0107 si\u0119 tutejsz\u0105 przyrod\u0105 i zakochaj w regionalnej kuchni!","og_url":"https:\/\/www.koronakarkonoszy.pl\/blog-atrakcje\/en\/pine-tree\/","og_site_name":":: DKK Atrakcje","article_published_time":"2024-04-20T17:37:00+00:00","article_modified_time":"2024-06-26T05:40:34+00:00","og_image":[{"width":1280,"height":811,"url":"https:\/\/www.koronakarkonoszy.pl\/blog-atrakcje\/wp-content\/uploads\/2022\/12\/DJI_0015.jpg","type":"image\/jpeg"}],"author":"agnieszka","twitter_card":"summary_large_image","twitter_misc":{"Written by":"agnieszka","Estimated reading time":"24 minutes"},"schema":{"@context":"https:\/\/schema.org","@graph":[{"@type":"Article","@id":"https:\/\/www.koronakarkonoszy.pl\/blog-atrakcje\/sosnowka\/#article","isPartOf":{"@id":"https:\/\/www.koronakarkonoszy.pl\/blog-atrakcje\/sosnowka\/"},"author":{"name":"agnieszka","@id":"https:\/\/www.koronakarkonoszy.pl\/blog-atrakcje\/#\/schema\/person\/993b3c39215e0c277c79410bfe84333f"},"headline":"Sosn\u00f3wka","datePublished":"2024-04-20T17:37:00+00:00","dateModified":"2024-06-26T05:40:34+00:00","mainEntityOfPage":{"@id":"https:\/\/www.koronakarkonoszy.pl\/blog-atrakcje\/sosnowka\/"},"wordCount":3650,"commentCount":0,"image":{"@id":"https:\/\/www.koronakarkonoszy.pl\/blog-atrakcje\/sosnowka\/#primaryimage"},"thumbnailUrl":"https:\/\/www.koronakarkonoszy.pl\/blog-atrakcje\/wp-content\/uploads\/2022\/12\/DJI_0015.jpg","articleSection":["Ciekawe miejsca"],"inLanguage":"en-GB","potentialAction":[{"@type":"CommentAction","name":"Comment","target":["https:\/\/www.koronakarkonoszy.pl\/blog-atrakcje\/sosnowka\/#respond"]}]},{"@type":"WebPage","@id":"https:\/\/www.koronakarkonoszy.pl\/blog-atrakcje\/sosnowka\/","url":"https:\/\/www.koronakarkonoszy.pl\/blog-atrakcje\/sosnowka\/","name":"Sosn\u00f3wka - hotel - restaurant - accommodation - attractions - Dw\u00f3r Korona Karkonoszy","isPartOf":{"@id":"https:\/\/www.koronakarkonoszy.pl\/blog-atrakcje\/#website"},"primaryImageOfPage":{"@id":"https:\/\/www.koronakarkonoszy.pl\/blog-atrakcje\/sosnowka\/#primaryimage"},"image":{"@id":"https:\/\/www.koronakarkonoszy.pl\/blog-atrakcje\/sosnowka\/#primaryimage"},"thumbnailUrl":"https:\/\/www.koronakarkonoszy.pl\/blog-atrakcje\/wp-content\/uploads\/2022\/12\/DJI_0015.jpg","datePublished":"2024-04-20T17:37:00+00:00","dateModified":"2024-06-26T05:40:34+00:00","author":{"@id":"https:\/\/www.koronakarkonoszy.pl\/blog-atrakcje\/#\/schema\/person\/993b3c39215e0c277c79410bfe84333f"},"description":"Sosn\u00f3wka near Karpacz. Come and see the monuments and scenic walking routes. Be amazed by the local nature and fall in love with the regional cuisine!","breadcrumb":{"@id":"https:\/\/www.koronakarkonoszy.pl\/blog-atrakcje\/sosnowka\/#breadcrumb"},"inLanguage":"en-GB","potentialAction":[{"@type":"ReadAction","target":["https:\/\/www.koronakarkonoszy.pl\/blog-atrakcje\/sosnowka\/"]}]},{"@type":"ImageObject","inLanguage":"en-GB","@id":"https:\/\/www.koronakarkonoszy.pl\/blog-atrakcje\/sosnowka\/#primaryimage","url":"https:\/\/www.koronakarkonoszy.pl\/blog-atrakcje\/wp-content\/uploads\/2022\/12\/DJI_0015.jpg","contentUrl":"https:\/\/www.koronakarkonoszy.pl\/blog-atrakcje\/wp-content\/uploads\/2022\/12\/DJI_0015.jpg","width":1280,"height":811},{"@type":"BreadcrumbList","@id":"https:\/\/www.koronakarkonoszy.pl\/blog-atrakcje\/sosnowka\/#breadcrumb","itemListElement":[{"@type":"ListItem","position":1,"name":"Strona g\u0142\u00f3wna","item":"https:\/\/www.koronakarkonoszy.pl\/blog-atrakcje\/"},{"@type":"ListItem","position":2,"name":"Sosn\u00f3wka"}]},{"@type":"WebSite","@id":"https:\/\/www.koronakarkonoszy.pl\/blog-atrakcje\/#website","url":"https:\/\/www.koronakarkonoszy.pl\/blog-atrakcje\/","name":":: DKK Attractions","description":"Attractions of Dw\u00f3r Korona Karkonosze","potentialAction":[{"@type":"SearchAction","target":{"@type":"EntryPoint","urlTemplate":"https:\/\/www.koronakarkonoszy.pl\/blog-atrakcje\/?s={search_term_string}"},"query-input":{"@type":"PropertyValueSpecification","valueRequired":true,"valueName":"search_term_string"}}],"inLanguage":"en-GB"},{"@type":"Person","@id":"https:\/\/www.koronakarkonoszy.pl\/blog-atrakcje\/#\/schema\/person\/993b3c39215e0c277c79410bfe84333f","name":"Agnes","image":{"@type":"ImageObject","inLanguage":"en-GB","@id":"https:\/\/www.koronakarkonoszy.pl\/blog-atrakcje\/wp-content\/litespeed\/avatar\/53ee7b676463f74d0aea1a09de3d003b.jpg?ver=1777427421","url":"https:\/\/www.koronakarkonoszy.pl\/blog-atrakcje\/wp-content\/litespeed\/avatar\/53ee7b676463f74d0aea1a09de3d003b.jpg?ver=1777427421","contentUrl":"https:\/\/www.koronakarkonoszy.pl\/blog-atrakcje\/wp-content\/litespeed\/avatar\/53ee7b676463f74d0aea1a09de3d003b.jpg?ver=1777427421","caption":"agnieszka"},"url":"https:\/\/www.koronakarkonoszy.pl\/blog-atrakcje\/en\/author\/agnieszka\/"}]}},"_links":{"self":[{"href":"https:\/\/www.koronakarkonoszy.pl\/blog-atrakcje\/en\/wp-json\/wp\/v2\/posts\/5449","targetHints":{"allow":["GET"]}}],"collection":[{"href":"https:\/\/www.koronakarkonoszy.pl\/blog-atrakcje\/en\/wp-json\/wp\/v2\/posts"}],"about":[{"href":"https:\/\/www.koronakarkonoszy.pl\/blog-atrakcje\/en\/wp-json\/wp\/v2\/types\/post"}],"author":[{"embeddable":true,"href":"https:\/\/www.koronakarkonoszy.pl\/blog-atrakcje\/en\/wp-json\/wp\/v2\/users\/11"}],"replies":[{"embeddable":true,"href":"https:\/\/www.koronakarkonoszy.pl\/blog-atrakcje\/en\/wp-json\/wp\/v2\/comments?post=5449"}],"version-history":[{"count":4,"href":"https:\/\/www.koronakarkonoszy.pl\/blog-atrakcje\/en\/wp-json\/wp\/v2\/posts\/5449\/revisions"}],"predecessor-version":[{"id":7586,"href":"https:\/\/www.koronakarkonoszy.pl\/blog-atrakcje\/en\/wp-json\/wp\/v2\/posts\/5449\/revisions\/7586"}],"wp:featuredmedia":[{"embeddable":true,"href":"https:\/\/www.koronakarkonoszy.pl\/blog-atrakcje\/en\/wp-json\/wp\/v2\/media\/5522"}],"wp:attachment":[{"href":"https:\/\/www.koronakarkonoszy.pl\/blog-atrakcje\/en\/wp-json\/wp\/v2\/media?parent=5449"}],"wp:term":[{"taxonomy":"category","embeddable":true,"href":"https:\/\/www.koronakarkonoszy.pl\/blog-atrakcje\/en\/wp-json\/wp\/v2\/categories?post=5449"}],"curies":[{"name":"wp","href":"https:\/\/api.w.org\/{rel}","templated":true}]}}