{"id":4675,"date":"2023-07-30T15:34:45","date_gmt":"2023-07-30T13:34:45","guid":{"rendered":"https:\/\/www.koronakarkonoszy.pl\/blog-atrakcje\/?p=4675"},"modified":"2023-07-30T15:34:48","modified_gmt":"2023-07-30T13:34:48","slug":"zamek-kliczkow","status":"publish","type":"post","link":"https:\/\/www.koronakarkonoszy.pl\/blog-atrakcje\/de\/zamek-kliczkow\/","title":{"rendered":"Schloss Kliczk\u00f3w"},"content":{"rendered":"\n<p><strong>Zamek Kliczk\u00f3w to wspania\u0142y kompleks parkowo-pa\u0142acowy, sw\u0105 form\u0105 nawi\u0105zuj\u0105cy do s\u0142ynnych francuskich zamk\u00f3w nad Loar\u0105. Odkryj jego tajemnice i zachwy\u0107 si\u0119 urokiem tego wyj\u0105tkowego miejsca!<\/strong><\/p>\n\n\n<div id=\"ariadna-block_2a131e052c983f6c1af9a30c3d43e36d\" class=\"ariadna\">\r\n    <ul><li><a href=\"#ha-zamek-kliczkow-polozenie\">Zamek Kliczk\u00f3w \u2013 po\u0142o\u017cenie<\/a><\/li><li><a href=\"#ha-zamek-kliczkow-historia\">Zamek Kliczk\u00f3w \u2013 historia<\/a><\/li><li><a href=\"#ha-zamek-kliczkow-obecnie\">Zamek Kliczk\u00f3w obecnie &nbsp;<\/a><\/li><li><a href=\"#h-zamek-kliczkow-legendy\">Zamek Kliczk\u00f3w \u2013 legendy<\/a><\/li><li><a href=\"#ha-informacje-dla-turystow\">Informacje dla turyst\u00f3w<\/a><\/li><\/ul>\r\n<\/div>\r\n\r\n\r\n\r\n\n\n\n<h2 class=\"wp-block-heading\" id=\"ha-zamek-kliczkow-polozenie\">Zamek Kliczk\u00f3w \u2013 po\u0142o\u017cenie<\/h2>\n\n\n\n<p>Ta imponuj\u0105cych rozmiar\u00f3w budowla znajduje si\u0119 w niedu\u017cej wsi Kliczk\u00f3w. Le\u017cy po\u015brodku Bor\u00f3w Dolno\u015bl\u0105skich, zaledwie 15 km od Boles\u0142awca, nad rzek\u0105 Kwis\u0105. Pod wzgl\u0119dem kubatury nale\u017cy do najwi\u0119kszych tego typu budowli na Dolnym \u015al\u0105sku.<\/p>\n\n\n\n<style>\n    .cta_block{\n        margin: 1.5em 0;\n    }\n    .cta_block_content {\n        position: relative;\n        color: white;\n        padding: 1em;\n    }\n    .cta_block_content h3{\n        text-align: center;\n        font: normal normal normal 36px\/50px Yeseva One;\n    }\n    .cta_block_content .cta_block_desc{\n        text-align: center;\n        font-size: 1.1em;\n        position: relative;\n    }\n    .cta_block_content .cta_block_desc:before {\n        content: '';\n        width: 80px;\n        height: 4px;\n        background: #EEB315;\n        position: absolute;\n        left: 0;\n        right: 0;\n        margin-left: auto;\n        margin-right: auto;\n        top: -22px;\n    }\n\n    .cta_block_content picture{\n        position: absolute;\n        top: 0;\n        right: 0;\n        z-index: -1;\n        height: 100%;\n        overflow: hidden;\n        width: 100%;\n    }\n    .cta_block_content picture img{\n        object-fit: cover;\n        height: 100%;\n        width: 100%;\n    }\n    .cta_block .cta_block_content .ninja-forms-field{\n        background: #FFFFFF2F;\n        border: 1px solid #EEB315;\n        border-radius: 25px;\n        opacity: 1;\n        color: #ffffff;\n    }\n    .cta_block .cta_block_content .nf-form-content input[type=submit]{\n        background-color: #EEB315;\n        color: #292929;\n        text-align: center;\n        font: normal normal bold 14px\/20px Work Sans;\n        padding: 0 2em;\n    }\n\n    .cta_block ::placeholder{\n        color: white!important;\n        opacity: 1;\n    }\n\n    .cta_block_content::after {\n        height: 100%;\n        width: 100%;\n        content: \"\";\n        z-index: -1;\n        position: absolute;\n        top: 0;\n        background: #00000070;\n        right: 0;\n        left: 0;\n        bottom: 0;\n    }\n    #ha-cta-block, .cta_block_desc, .cta_block .nf-field-label, .cta_block .nf-error-msg {\n        filter: drop-shadow(1px 1px 8px black);\n    }\n\n\/*    .cta_block nf-rows-wrap {\n        display: flex;\n        justify-content: space-around;\n        flex-direction: row;\n    }*\/\n\n    .cta_block .nf-field-label {\n        display:none;\n    }\n\n    .cta_block .nf-error.field-wrap .nf-field-element::after {\n        border-radius: 50px;\n    }\n\n    .cta_block .nf-error-msg {\n        color: #fff;\n    }\n\n    .cta_block .nf-form-cont {\n        margin-top: 3em;\n        margin-bottom: 1em;\n    }\n\n    .wp-admin .cta_block_content{\n        display: none;\n    }\n    .cta_block .nf-form-fields-required {\n        display: none;\n    }\n    body:not(.wp-admin) .cta_block_admin {\n        display: none;\n    }\n<\/style>\n<div id=\"cta_block-block_ff0bf484f3431a7deeb5763ae5c9ff1b\" class=\"cta_block\">\n    <div class=\"cta_block_admin\" style=\"background-color: blue; color: white\">\n        Blok CTA\n    <\/div>\n    <div class=\"cta_block\">\n        <div class=\"cta_block_content\">   \n        <h3 id=\"ha-wesele-impreza-firmowa-wypoczynek-w-gorach\">Wesele, impreza firmowa, wypoczynek w g\u00f3rach? <\/h3>\n                    <div class=\"cta_block_desc\">Sprawd\u017a ofert\u0119 Dworu Korona Karkonoszy! <\/div>\n                <noscript class=\"ninja-forms-noscript-message\">\n\tHinweis: F\u00fcr diesen Inhalt ist JavaScript erforderlich.<\/noscript>\n<div id=\"nf-form-3-cont\" class=\"nf-form-cont\" aria-live=\"polite\" aria-labelledby=\"nf-form-title-3\" aria-describedby=\"nf-form-errors-3\" role=\"form\">\n\n    <div class=\"nf-loading-spinner\"><\/div>\n\n<\/div>\n        <!-- That data is being printed as a workaround to page builders reordering the order of the scripts loaded-->\n        <script>var formDisplay=1;var nfForms=nfForms||[];var form=[];form.id='3';form.settings={\"objectType\":\"Form Setting\",\"editActive\":true,\"title\":\"Block CTA\",\"created_at\":\"2022-10-28 17:22:30\",\"default_label_pos\":\"above\",\"show_title\":0,\"clear_complete\":\"1\",\"hide_complete\":\"1\",\"logged_in\":\"\",\"wrapper_class\":\"\",\"element_class\":\"\",\"key\":\"\",\"add_submit\":\"0\",\"changeEmailErrorMsg\":\"Bitte gib eine g\\u00fcltige E-Mail-Adresse ein.\",\"changeDateErrorMsg\":\"Bitte gib ein g\\u00fcltiges Datum ein!\",\"confirmFieldErrorMsg\":\"Diese Felder m\\u00fcssen \\u00fcbereinstimmen!\",\"fieldNumberNumMinError\":\"Die eingegebene Zahl ist zu klein.\",\"fieldNumberNumMaxError\":\"Die eingegebene Zahl ist zu gross.\",\"fieldNumberIncrementBy\":\"Bitte erh\\u00f6hen in Schritten von\",\"formErrorsCorrectErrors\":\"Bitte korrigiere die Fehler, bevor du das Formular sendest.\",\"validateRequiredField\":\"Dies ist ein Pflichtfeld.\",\"honeypotHoneypotError\":\"Honeypot-Fehler\",\"fieldsMarkedRequired\":\"Felder mit einem <span class=\\\"ninja-forms-req-symbol\\\">*<\\\/span> sind Pflichtfelder\",\"currency\":\"\",\"repeatable_fieldsets\":\"\",\"unique_field_error\":\"Formularz z t\\u0105 warto\\u015bci\\u0105 zosta\\u0142 ju\\u017c przes\\u0142any.\",\"not_logged_in_msg\":\"\",\"sub_limit_msg\":\"Formularz osi\\u0105gn\\u0105\\u0142 limit wys\\u0142a\\u0144.\",\"calculations\":[],\"container_styles_show_advanced_css\":\"0\",\"title_styles_show_advanced_css\":\"0\",\"row_styles_show_advanced_css\":\"0\",\"row-odd_styles_show_advanced_css\":\"0\",\"success-msg_styles_show_advanced_css\":\"0\",\"error_msg_styles_show_advanced_css\":\"0\",\"formContentData\":[{\"order\":1,\"cells\":[{\"order\":0,\"fields\":[\"numer_telefonu_1660223454511\"],\"width\":35},{\"order\":1,\"fields\":[\"adres_e-mail_1666970999655\"],\"width\":35},{\"order\":2,\"fields\":[\"zapisz_mnie_1666970970616\"],\"width\":30}]}],\"drawerDisabled\":false,\"conditions\":[],\"allow_public_link\":0,\"embed_form\":\"\",\"form_title_heading_level\":\"3\",\"ninjaForms\":\"Ninja Forms\",\"fieldTextareaRTEInsertLink\":\"Link einf\\u00fcgen\",\"fieldTextareaRTEInsertMedia\":\"Medien einf\\u00fcgen\",\"fieldTextareaRTESelectAFile\":\"Eine Datei ausw\\u00e4hlen\",\"formHoneypot\":\"Falls du ein Mensch bist und dieses Feld siehst, dann lasse es bitte leer.\",\"fileUploadOldCodeFileUploadInProgress\":\"Datei-Upload l\\u00e4uft.\",\"fileUploadOldCodeFileUpload\":\"DATEI-UPLOAD\",\"currencySymbol\":\"&#36;\",\"thousands_sep\":\".\",\"decimal_point\":\",\",\"siteLocale\":\"de_DE\",\"dateFormat\":\"m\\\/d\\\/Y\",\"startOfWeek\":\"1\",\"of\":\"von\",\"previousMonth\":\"Vorheriger Monat\",\"nextMonth\":\"N\\u00e4chster Monat\",\"months\":[\"Januar\",\"Februar\",\"M\\u00e4rz\",\"April\",\"Mai\",\"Juni\",\"Juli\",\"August\",\"September\",\"Oktober\",\"November\",\"Dezember\"],\"monthsShort\":[\"Jan.\",\"Feb.\",\"M\\u00e4rz\",\"Apr.\",\"Mai\",\"Juni\",\"Juli\",\"Aug\",\"Sep.\",\"Okt.\",\"Nov.\",\"Dez.\"],\"weekdays\":[\"Sonntag\",\"Montag\",\"Dienstag\",\"Mittwoch\",\"Donnerstag\",\"Freitag\",\"Samstag\"],\"weekdaysShort\":[\"So.\",\"Mo.\",\"Di.\",\"Mi.\",\"Do.\",\"Fr.\",\"Sa.\"],\"weekdaysMin\":[\"So.\",\"Mo.\",\"Di.\",\"Mi.\",\"Do.\",\"Fr.\",\"Sa.\"],\"recaptchaConsentMissing\":\"reCaptcha validation couldn&#039;t load.\",\"recaptchaMissingCookie\":\"reCaptcha v3 validation couldn&#039;t load the cookie needed to submit the form.\",\"recaptchaConsentEvent\":\"Accept reCaptcha cookies before sending the form.\",\"currency_symbol\":\"\",\"beforeForm\":\"\",\"beforeFields\":\"\",\"afterFields\":\"\",\"afterForm\":\"\"};form.fields=[{\"objectType\":\"Field\",\"objectDomain\":\"fields\",\"editActive\":false,\"order\":1,\"idAttribute\":\"id\",\"type\":\"phone\",\"label\":\"Numer telefonu \",\"key\":\"numer_telefonu_1660223454511\",\"label_pos\":\"above\",\"required\":\"\",\"default\":\"\",\"placeholder\":\"Numer telefonu\",\"container_class\":\"\",\"element_class\":\"\",\"input_limit\":\"\",\"input_limit_type\":\"characters\",\"input_limit_msg\":\"Liczba pozosta\\u0142ych znak\\u00f3w:\",\"manual_key\":\"\",\"admin_label\":\"\",\"help_text\":\"\",\"mask\":\"\",\"custom_mask\":\"\",\"custom_name_attribute\":\"phone\",\"personally_identifiable\":1,\"wrap_styles_border\":\"\",\"wrap_styles_width\":\"\",\"wrap_styles_margin\":\"\",\"wrap_styles_padding\":\"\",\"wrap_styles_float\":\"\",\"wrap_styles_show_advanced_css\":0,\"label_styles_border\":\"\",\"label_styles_width\":\"\",\"label_styles_font-size\":\"\",\"label_styles_margin\":\"\",\"label_styles_padding\":\"\",\"label_styles_float\":\"\",\"label_styles_show_advanced_css\":0,\"element_styles_border\":\"\",\"element_styles_width\":\"\",\"element_styles_font-size\":\"\",\"element_styles_margin\":\"\",\"element_styles_padding\":\"\",\"element_styles_float\":\"\",\"element_styles_show_advanced_css\":0,\"cellcid\":\"c3390\",\"value\":\"\",\"drawerDisabled\":false,\"field_label\":\"Numer telefonu \",\"field_key\":\"numer_telefonu_1660223454511\",\"id\":8,\"beforeField\":\"\",\"afterField\":\"\",\"parentType\":\"textbox\",\"element_templates\":[\"tel\",\"textbox\",\"input\"],\"old_classname\":\"\",\"wrap_template\":\"wrap\"},{\"objectType\":\"Field\",\"objectDomain\":\"fields\",\"editActive\":false,\"order\":2,\"idAttribute\":\"id\",\"type\":\"email\",\"label\":\"Adres e-mail\",\"key\":\"adres_e-mail_1666970999655\",\"label_pos\":\"above\",\"required\":1,\"default\":\"\",\"placeholder\":\"Adres e-mail\",\"container_class\":\"\",\"element_class\":\"\",\"admin_label\":\"\",\"help_text\":\"\",\"custom_name_attribute\":\"email\",\"personally_identifiable\":1,\"wrap_styles_border\":\"\",\"wrap_styles_width\":\"\",\"wrap_styles_margin\":\"\",\"wrap_styles_padding\":\"\",\"wrap_styles_float\":\"\",\"wrap_styles_show_advanced_css\":0,\"label_styles_border\":\"\",\"label_styles_width\":\"\",\"label_styles_font-size\":\"\",\"label_styles_margin\":\"\",\"label_styles_padding\":\"\",\"label_styles_float\":\"\",\"label_styles_show_advanced_css\":0,\"element_styles_border\":\"\",\"element_styles_width\":\"\",\"element_styles_font-size\":\"\",\"element_styles_margin\":\"\",\"element_styles_padding\":\"\",\"element_styles_float\":\"\",\"element_styles_show_advanced_css\":0,\"cellcid\":\"c3500\",\"value\":\"\",\"drawerDisabled\":false,\"field_label\":\"E-mail\",\"field_key\":\"email_1640098026199\",\"id\":9,\"beforeField\":\"\",\"afterField\":\"\",\"parentType\":\"email\",\"element_templates\":[\"email\",\"input\"],\"old_classname\":\"\",\"wrap_template\":\"wrap\"},{\"objectType\":\"Field\",\"objectDomain\":\"fields\",\"editActive\":false,\"order\":3,\"idAttribute\":\"id\",\"type\":\"submit\",\"label\":\"Zapisz mnie\",\"processing_label\":\"W trakcie realizacji\",\"container_class\":\"\",\"element_class\":\"\",\"key\":\"zapisz_mnie_1666970970616\",\"wrap_styles_border\":\"\",\"wrap_styles_width\":\"\",\"wrap_styles_margin\":\"\",\"wrap_styles_padding\":\"\",\"wrap_styles_float\":\"\",\"wrap_styles_show_advanced_css\":0,\"element_styles_border\":\"\",\"element_styles_width\":\"\",\"element_styles_font-size\":\"\",\"element_styles_margin\":\"\",\"element_styles_padding\":\"\",\"element_styles_float\":\"\",\"element_styles_show_advanced_css\":0,\"submit_element_hover_styles_border\":\"\",\"submit_element_hover_styles_width\":\"\",\"submit_element_hover_styles_font-size\":\"\",\"submit_element_hover_styles_margin\":\"\",\"submit_element_hover_styles_padding\":\"\",\"submit_element_hover_styles_float\":\"\",\"submit_element_hover_styles_show_advanced_css\":0,\"cellcid\":\"c3566\",\"drawerDisabled\":false,\"field_label\":\"Zamawiam rozmow\\u0119\",\"field_key\":\"zamawiam_rozmowe_1640098067453\",\"id\":10,\"beforeField\":\"\",\"afterField\":\"\",\"value\":\"\",\"label_pos\":\"above\",\"parentType\":\"textbox\",\"element_templates\":[\"submit\",\"button\",\"input\"],\"old_classname\":\"\",\"wrap_template\":\"wrap-no-label\"}];nfForms.push(form);<\/script>\n                <script id=\"nf-tmpl-cell\" type=\"text\/template\">\n            <nf-fields><\/nf-fields>\n        <\/script>\n\n        <script id=\"nf-tmpl-row\" type=\"text\/template\">\n            <nf-cells><\/nf-cells>\n        <\/script>\n\n                <img loading=\"lazy\" decoding=\"async\" width=\"1500\" height=\"705\" src=\"https:\/\/www.koronakarkonoszy.pl\/blog-atrakcje\/wp-content\/uploads\/2022\/12\/Dwor-Korona-Karkonoszy.jpg\" class=\"attachment-full size-full\" alt=\"\" srcset=\"https:\/\/www.koronakarkonoszy.pl\/blog-atrakcje\/wp-content\/uploads\/2022\/12\/Dwor-Korona-Karkonoszy.jpg 1500w, https:\/\/www.koronakarkonoszy.pl\/blog-atrakcje\/wp-content\/uploads\/2022\/12\/Dwor-Korona-Karkonoszy-300x141.jpg 300w, https:\/\/www.koronakarkonoszy.pl\/blog-atrakcje\/wp-content\/uploads\/2022\/12\/Dwor-Korona-Karkonoszy-1024x481.jpg 1024w, https:\/\/www.koronakarkonoszy.pl\/blog-atrakcje\/wp-content\/uploads\/2022\/12\/Dwor-Korona-Karkonoszy-768x361.jpg 768w\" sizes=\"auto, (max-width: 1500px) 100vw, 1500px\" \/>        <\/div> \n    <\/div>\n<\/div>\n\n\n\n<h2 class=\"wp-block-heading\" id=\"ha-zamek-kliczkow-historia\">Zamek Kliczk\u00f3w \u2013 historia<\/h2>\n\n\n\n<p>Dzieje <strong>Zamku Kliczk\u00f3w<\/strong> si\u0119gaj\u0105 XIII wieku. Zosta\u0142 zbudowany ok. 1290 roku i w najwcze\u015bniejszych wiekach pe\u0142ni\u0142 funkcj\u0119 warowni, chroni\u0105cej Ksi\u0119stwo \u015awidnicko-Jaworskie. Ufundowa\u0142 go ksi\u0105\u017c\u0119 piastowski Bolko I Surowy, prawdopodobnie w celu obrony przed najazdami czeskimi. W kolejnych wiekach zamek wielokrotnie zmienia\u0142 swoich w\u0142a\u015bciciel. By\u0142 w\u0142asno\u015bci\u0105 mo\u017cnych rod\u00f3w von Zedlitz\u00f3w, nast\u0119pnie von Rechenberg\u00f3w, von Schel\u00adlen\u00addorf\u00f3w, von Fran\u00adken\u00adberg\u00f3w. Od oko\u0142o po\u0142owy XVIII wieku a\u017c do roku 1945 maj\u0105tek pozostawa\u0142 w r\u0119kach rodziny Solm-Tecklenburg.<\/p>\n\n\n\n<p>Kolejni w\u0142a\u015bciciele modernizowali jego form\u0119, a\u017c do ostatniego remontu z lat 80. XIX wieku. To wtedy nadano mu form\u0119 nawi\u0105zuj\u0105ca do s\u0142awnych zamk\u00f3w nad Loar\u0105 we Francji. Zakres przeprowadzonych zmian by\u0142 imponuj\u0105cy. Dobudowano nowe wie\u017ce i szczyty, wzbogacono elewacj\u0119 o ozdobne portale, przebudowano wn\u0119trza i zadbano o ich nowy wystr\u00f3j. Opr\u00f3cz tego za\u0142o\u017cono ogromny, 80-hektarowy park w stylu angielskim. Zbudowano te\u017c mauzoleum rodowe i cmentarz dla koni, kt\u00f3re dzi\u015b stanowi\u0105 atrakcj\u0119 turystyczn\u0105.\u00a0<\/p>\n\n\n\n<figure class=\"wp-block-image size-full\"><img loading=\"lazy\" decoding=\"async\" width=\"750\" height=\"1000\" src=\"https:\/\/www.koronakarkonoszy.pl\/blog-atrakcje\/wp-content\/uploads\/2023\/07\/kliczkow.jpg\" alt=\"\" class=\"wp-image-6901\" srcset=\"https:\/\/www.koronakarkonoszy.pl\/blog-atrakcje\/wp-content\/uploads\/2023\/07\/kliczkow.jpg 750w, https:\/\/www.koronakarkonoszy.pl\/blog-atrakcje\/wp-content\/uploads\/2023\/07\/kliczkow-225x300.jpg 225w, https:\/\/www.koronakarkonoszy.pl\/blog-atrakcje\/wp-content\/uploads\/2023\/07\/kliczkow-9x12.jpg 9w\" sizes=\"auto, (max-width: 750px) 100vw, 750px\" \/><figcaption class=\"wp-element-caption\"><strong>Zamek Kliczk\u00f3w zim\u0105 <\/strong><\/figcaption><\/figure>\n\n\n\n<h2 class=\"wp-block-heading\" id=\"ha-zamek-kliczkow-obecnie\">Zamek Kliczk\u00f3w obecnie &nbsp;<\/h2>\n\n\n\n<p>Na <strong>Zamek Kliczk\u00f3w<\/strong> sk\u0142adaj\u0105 si\u0119 obecnie dwa skrzyd\u0142a mieszkalne w stylu neogotyckim i neorenesansowym, okalaj\u0105ce dziedziniec. Ponadto na terenie posiad\u0142o\u015bci <strong>Zamku Kliczk\u00f3w<\/strong> mo\u017cemy znale\u017a\u0107 mauzoleum rodowe wraz z dawnym cmentarzem dla koni, chyba jedynym w Polsce. Znajdziemy tam ostatnie dwa zachowane nagrobki tych szlachetnych zwierz\u0105t, na kt\u00f3rych wykuto imiona koni i daty ich \u015bmierci. Ca\u0142o\u015b\u0107 otoczona jest wielkim, 80-hektarowym ogrodem w stylu angielskim, gdzie znajdziemy mi\u0119dzy innymi kasztanowce, daglezje oraz choiny kanadyjskie.<\/p>\n\n\n\n<p>We wn\u0119trzu <strong>Zamku Kliczk\u00f3w<\/strong> zachowa\u0142y si\u0119 wyj\u0105tkowe pomieszczenia. S\u0105 to: historyczna Biblioteka, Sala Teatralna ozdobiona polichromiami z motywem my\u015bliwskim, Sala Kominkowa z imponuj\u0105cym piecem czy te\u017c Sala Dworska, tzw. Bia\u0142a.<\/p>\n\n\n<section id=\"leonardo-block_07c5a55629abc821ce2fab7a0390feb1\" class=\"leonardo page-breaker leonardo-image-left\">\r\n    <div class=\"leonardo-body\">\r\n        <h2 class=\"leonardo-title\" id=\"h-zamek-kliczkow-legendy\">Zamek Kliczk\u00f3w \u2013 legendy<\/h2>        <div class=\"leonardo-content\"><p><!-- wp:heading --><\/p>\n<p><strong>Zamek Kliczk\u00f3w<\/strong>, jak wi\u0119kszo\u015b\u0107 tego typu pradawnych budowli, kryje w sobie pewn\u0105 tajemnic\u0119. To historia o mi\u0142o\u015bci i zdradzie\u2026 Zamek jest odwiedzany przez ducha setnika, kt\u00f3ry zakocha\u0142 si\u0119 w \u017conie swego dow\u00f3dcy, kt\u00f3r\u0105 mia\u0142 si\u0119 opiekowa\u0107 pod nieobecno\u015b\u0107 rycerza. Zwi\u0105za\u0142 si\u0119 z ni\u0105, przekonuj\u0105c wszystkich o \u015bmierci prawowitego ma\u0142\u017conka. Gdy rycerz wraca\u0142 z wojny, zdradziecki poddany uwi\u0119zi\u0142 go, by prawda nie wysz\u0142a na jaw. Po kilku latach ten zdo\u0142a\u0142 jednak uciec. Gdy pozna\u0142 ca\u0142\u0105 prawd\u0119, uwi\u0119zi\u0142 \u017con\u0119 i jej kochanka w lochach. Ten zmar\u0142 z g\u0142odu w podziemiach Zamku Kliczk\u00f3w, i to jego duch nawiedza dzi\u015b warowni\u0119.<\/p>\n<p><!-- \/wp:paragraph --><\/p>\n<\/div>\r\n                    <aside class=\"leonardo-interlink\">\r\n                <b>Polecamy<\/b>\r\n                <a href=\"https:\/\/www.koronakarkonoszy.pl\/blog-atrakcje\/de\/sosnowka\/\">Sosn\u00f3wka<\/a>\r\n            <\/aside>\r\n            <\/div>\r\n    <div class=\"leonardo-image\">\r\n        <img loading=\"lazy\" decoding=\"async\" width=\"769\" height=\"1000\" src=\"https:\/\/www.koronakarkonoszy.pl\/blog-atrakcje\/wp-content\/uploads\/2023\/07\/kliczkow2.jpg\" class=\"attachment-full size-full\" alt=\"\" srcset=\"https:\/\/www.koronakarkonoszy.pl\/blog-atrakcje\/wp-content\/uploads\/2023\/07\/kliczkow2.jpg 769w, https:\/\/www.koronakarkonoszy.pl\/blog-atrakcje\/wp-content\/uploads\/2023\/07\/kliczkow2-231x300.jpg 231w, https:\/\/www.koronakarkonoszy.pl\/blog-atrakcje\/wp-content\/uploads\/2023\/07\/kliczkow2-9x12.jpg 9w\" sizes=\"auto, (max-width: 769px) 100vw, 769px\" \/>            <\/div>\r\n<\/section>\n\n\n<h2 class=\"wp-block-heading\" id=\"ha-informacje-dla-turystow\">Informacje dla turyst\u00f3w<\/h2>\n\n\n\n<ul class=\"wp-block-list\">\n<li>Pod koniec lat 90. XX wieku firma Integer SA wykupi\u0142a <strong>Zamek Kliczk\u00f3w<\/strong>. Odbudowa\u0142a rezydencj\u0119, a ponadto zaadoptowa\u0142a j\u0105 na cele konferencyjno-wypoczynkowe.\u00a0<\/li>\n<\/ul>\n\n\n\n<ul class=\"wp-block-list\">\n<li>Do <strong>Zamku Kliczk\u00f3w<\/strong> mo\u017cna dojecha\u0107 tras\u0105 A4 prowadz\u0105c\u0105 z Wroc\u0142awia do Berlina, zje\u017cd\u017caj\u0105c na Boles\u0142awiec. Oddalony on jest od wsi Kliczk\u00f3w o ok. 15 km.<\/li>\n<\/ul>\n\n\n\n<ul class=\"wp-block-list\">\n<li>Przed zamkiem znajduje si\u0119 du\u017cy, bezp\u0142atny parking. Jest te\u017c parking monitorowany, ulokowany za zamkiem, gdzie za pozostawienie pojazdu zap\u0142acimy 40 z\u0142 za dob\u0119.<\/li>\n<\/ul>\n\n\n\n<ul class=\"wp-block-list\">\n<li><strong>Zamek Kliczk\u00f3w<\/strong> jest dost\u0119pny do zwiedzania przez ca\u0142y tydzie\u0144.<\/li>\n<\/ul>\n\n\n\n<ul class=\"wp-block-list\">\n<li>Wst\u0119p na teren zamku jest p\u0142atny: 35 z\u0142 za osob\u0119 doros\u0142\u0105 i 25 z\u0142 za dzieci i m\u0142odzie\u017c w wieku 4-18 lat.<\/li>\n<\/ul>\n\n\n\n<ul class=\"wp-block-list\">\n<li>Istnieje r\u00f3wnie\u017c mo\u017cliwo\u015b\u0107 zwiedzania zamku noc\u0105, albo z angloj\u0119zycznym lub niemieckoj\u0119zycznym przewodnikiem.<\/li>\n<\/ul>\n\n\n\n<ul class=\"wp-block-list\">\n<li>W <strong>Zamku<\/strong> <strong>Kliczk\u00f3w<\/strong> istnieje mo\u017cliwo\u015b\u0107 wypo\u017cyczenia roweru, tak\u017ce z siode\u0142kiem dla dzieci.<\/li>\n<\/ul>\n\n\n\n<ul class=\"wp-block-list\">\n<li>Hotel oferuje przeja\u017cd\u017cki bryczk\u0105, nauk\u0119 jazdy na lon\u017cy oraz kuligi.<\/li>\n<\/ul>\n\n\n\n<ul class=\"wp-block-list\">\n<li>W <strong>Zamku Kliczk\u00f3w<\/strong> zgromadzono zabytki dokumentuj\u0105ce \u017cycie w \u015bredniowieczu &#8211; militaria, monety, narz\u0119dzia, gry oraz tablice ilustruj\u0105ce \u017cycie w dawnych epokach.<\/li>\n<\/ul>\n\n\n\n<p>Dojazd z Dw\u00f3r Korona Karkonoszy:<\/p>\n\n\n<style>\n    .destination_map{\n        margin: 1.5em 0;\n    }\n    body:not(.wp-admin) .admin {\n        display: none;\n    }\n    .map {\n        max-width: 800px;\n        height: 400px;\n    }\n    .wp-admin .map {\n        display: none;\n    }\n<\/style>\n\n<div id=\"destination_map-block_923a12a3e2ff6797c594dafe78b671ac\" class=\"destination_map\">\n    <div class=\"destinationmap-body admin\" style=\"background-color: lightblue;\">\n                Mapa dojazdu\n    <\/div>\n    <div id=\"block_923a12a3e2ff6797c594dafe78b671ac\" class=\"map\"><\/div>\n<\/div>\n\n<script>\n    (function($){\n\n    function mapLocation() {\n      var directionsDisplay;\n      var directionsService = new google.maps.DirectionsService();\n      var map;\n\n      function initialize() {\n        directionsDisplay = new google.maps.DirectionsRenderer();\n        var korona = new google.maps.LatLng(50.81947934480897, 15.721371130683515);\n        var mapOptions = {\n          zoom: 13,\n          center: korona\n        };\n        map = new google.maps.Map(document.getElementById('block_923a12a3e2ff6797c594dafe78b671ac'), mapOptions);\n        directionsDisplay.setMap(map);\n      \n        var start = new google.maps.LatLng(50.81947934480897, 15.721371130683515);\n        var end = new google.maps.LatLng(51.3367468, 15.4341933);\n        var request = {\n          origin: start,\n          destination: end,\n          travelMode: google.maps.TravelMode.DRIVING\n        };\n        directionsService.route(request, function(response, status) {\n          if (status == google.maps.DirectionsStatus.OK) {\n            directionsDisplay.setDirections(response);\n            directionsDisplay.setMap(map);\n          } else {\n            alert(\"Directions Request from \" + start.toUrlValue(6) + \" to \" + end.toUrlValue(6) + \" failed: \" + status);\n          }\n        });\n      }\n\n      google.maps.event.addDomListener(window, 'load', initialize);\n    }\n    mapLocation();\n\n})(jQuery);\n\n\n<\/script>","protected":false},"excerpt":{"rendered":"<p>Zamek Kliczk\u00f3w to wspania\u0142y kompleks parkowo-pa\u0142acowy, sw\u0105 form\u0105 nawi\u0105zuj\u0105cy do s\u0142ynnych francuskich zamk\u00f3w nad Loar\u0105. Odkryj jego tajemnice i zachwy\u0107 si\u0119 urokiem tego wyj\u0105tkowego miejsca! Zamek Kliczk\u00f3w \u2013 po\u0142o\u017cenie Ta imponuj\u0105cych rozmiar\u00f3w budowla znajduje si\u0119 w niedu\u017cej wsi Kliczk\u00f3w. Le\u017cy po\u015brodku Bor\u00f3w Dolno\u015bl\u0105skich, zaledwie 15 km od Boles\u0142awca, nad rzek\u0105 Kwis\u0105. Pod wzgl\u0119dem kubatury nale\u017cy [&hellip;]<\/p>\n","protected":false},"author":11,"featured_media":4678,"comment_status":"open","ping_status":"open","sticky":false,"template":"","format":"standard","meta":{"_acf_changed":false,"footnotes":""},"categories":[13],"class_list":["post-4675","post","type-post","status-publish","format-standard","has-post-thumbnail","hentry","category-zamki-palace-warownie"],"acf":{"Location_of_attractions":{"location":{"address":"Zamek Kliczk\u00f3w, Kliczk\u00f3w, Polska","lat":51.33674680000001,"lng":15.4341933,"zoom":14,"place_id":"ChIJx3DR1H7KCEcRDNJ9MoInV08","name":"Schloss Kliczk\u00f3w","city":"Kliczk\u00f3w","state":"Dolno\u015bl\u0105skie","post_code":"59-724","country":"Polska","country_short":"PL"},"categories":["historyczne"]}},"yoast_head":"<!-- This site is optimized with the Yoast SEO plugin v27.4 - https:\/\/yoast.com\/product\/yoast-seo-wordpress\/ -->\n<title>Zamek Kliczk\u00f3w - :: DKK Atrakcje<\/title>\n<meta name=\"description\" content=\"Zamek Kliczk\u00f3w to kompleks parkowo-pa\u0142acowy, kt\u00f3rego korzenie si\u0119gaj\u0105 XIII w. Ta imponuj\u0105cych rozmiar\u00f3w budowla jest warta uwagi.\" \/>\n<meta name=\"robots\" content=\"index, follow, max-snippet:-1, max-image-preview:large, max-video-preview:-1\" \/>\n<link rel=\"canonical\" href=\"https:\/\/www.koronakarkonoszy.pl\/blog-atrakcje\/de\/schloss-klikkow\/\" \/>\n<meta property=\"og:locale\" content=\"de_DE\" \/>\n<meta property=\"og:type\" content=\"article\" \/>\n<meta property=\"og:title\" content=\"Zamek Kliczk\u00f3w - :: DKK Atrakcje\" \/>\n<meta property=\"og:description\" content=\"Zamek Kliczk\u00f3w to kompleks parkowo-pa\u0142acowy, kt\u00f3rego korzenie si\u0119gaj\u0105 XIII w. Ta imponuj\u0105cych rozmiar\u00f3w budowla jest warta uwagi.\" \/>\n<meta property=\"og:url\" content=\"https:\/\/www.koronakarkonoszy.pl\/blog-atrakcje\/de\/schloss-klikkow\/\" \/>\n<meta property=\"og:site_name\" content=\":: DKK Atrakcje\" \/>\n<meta property=\"article:published_time\" content=\"2023-07-30T13:34:45+00:00\" \/>\n<meta property=\"article:modified_time\" content=\"2023-07-30T13:34:48+00:00\" \/>\n<meta property=\"og:image\" content=\"https:\/\/www.koronakarkonoszy.pl\/blog-atrakcje\/wp-content\/uploads\/2022\/08\/Zamek-Kliczkow.jpg\" \/>\n\t<meta property=\"og:image:width\" content=\"1024\" \/>\n\t<meta property=\"og:image:height\" content=\"704\" \/>\n\t<meta property=\"og:image:type\" content=\"image\/jpeg\" \/>\n<meta name=\"author\" content=\"agnieszka\" \/>\n<meta name=\"twitter:card\" content=\"summary_large_image\" \/>\n<meta name=\"twitter:label1\" content=\"Verfasst von\" \/>\n\t<meta name=\"twitter:data1\" content=\"agnieszka\" \/>\n\t<meta name=\"twitter:label2\" content=\"Gesch\u00e4tzte Lesezeit\" \/>\n\t<meta name=\"twitter:data2\" content=\"4\u00a0Minuten\" \/>\n<script type=\"application\/ld+json\" class=\"yoast-schema-graph\">{\"@context\":\"https:\\\/\\\/schema.org\",\"@graph\":[{\"@type\":\"Article\",\"@id\":\"https:\\\/\\\/www.koronakarkonoszy.pl\\\/blog-atrakcje\\\/zamek-kliczkow\\\/#article\",\"isPartOf\":{\"@id\":\"https:\\\/\\\/www.koronakarkonoszy.pl\\\/blog-atrakcje\\\/zamek-kliczkow\\\/\"},\"author\":{\"name\":\"agnieszka\",\"@id\":\"https:\\\/\\\/www.koronakarkonoszy.pl\\\/blog-atrakcje\\\/#\\\/schema\\\/person\\\/993b3c39215e0c277c79410bfe84333f\"},\"headline\":\"Zamek Kliczk\u00f3w\",\"datePublished\":\"2023-07-30T13:34:45+00:00\",\"dateModified\":\"2023-07-30T13:34:48+00:00\",\"mainEntityOfPage\":{\"@id\":\"https:\\\/\\\/www.koronakarkonoszy.pl\\\/blog-atrakcje\\\/zamek-kliczkow\\\/\"},\"wordCount\":600,\"commentCount\":0,\"image\":{\"@id\":\"https:\\\/\\\/www.koronakarkonoszy.pl\\\/blog-atrakcje\\\/zamek-kliczkow\\\/#primaryimage\"},\"thumbnailUrl\":\"https:\\\/\\\/www.koronakarkonoszy.pl\\\/blog-atrakcje\\\/wp-content\\\/uploads\\\/2022\\\/08\\\/Zamek-Kliczkow-e1693993640521.jpg\",\"articleSection\":[\"Zamki, pa\u0142ace, warownie\"],\"inLanguage\":\"de\",\"potentialAction\":[{\"@type\":\"CommentAction\",\"name\":\"Comment\",\"target\":[\"https:\\\/\\\/www.koronakarkonoszy.pl\\\/blog-atrakcje\\\/zamek-kliczkow\\\/#respond\"]}]},{\"@type\":\"WebPage\",\"@id\":\"https:\\\/\\\/www.koronakarkonoszy.pl\\\/blog-atrakcje\\\/zamek-kliczkow\\\/\",\"url\":\"https:\\\/\\\/www.koronakarkonoszy.pl\\\/blog-atrakcje\\\/zamek-kliczkow\\\/\",\"name\":\"Zamek Kliczk\u00f3w - :: DKK Atrakcje\",\"isPartOf\":{\"@id\":\"https:\\\/\\\/www.koronakarkonoszy.pl\\\/blog-atrakcje\\\/#website\"},\"primaryImageOfPage\":{\"@id\":\"https:\\\/\\\/www.koronakarkonoszy.pl\\\/blog-atrakcje\\\/zamek-kliczkow\\\/#primaryimage\"},\"image\":{\"@id\":\"https:\\\/\\\/www.koronakarkonoszy.pl\\\/blog-atrakcje\\\/zamek-kliczkow\\\/#primaryimage\"},\"thumbnailUrl\":\"https:\\\/\\\/www.koronakarkonoszy.pl\\\/blog-atrakcje\\\/wp-content\\\/uploads\\\/2022\\\/08\\\/Zamek-Kliczkow-e1693993640521.jpg\",\"datePublished\":\"2023-07-30T13:34:45+00:00\",\"dateModified\":\"2023-07-30T13:34:48+00:00\",\"author\":{\"@id\":\"https:\\\/\\\/www.koronakarkonoszy.pl\\\/blog-atrakcje\\\/#\\\/schema\\\/person\\\/993b3c39215e0c277c79410bfe84333f\"},\"description\":\"Zamek Kliczk\u00f3w to kompleks parkowo-pa\u0142acowy, kt\u00f3rego korzenie si\u0119gaj\u0105 XIII w. Ta imponuj\u0105cych rozmiar\u00f3w budowla jest warta uwagi.\",\"breadcrumb\":{\"@id\":\"https:\\\/\\\/www.koronakarkonoszy.pl\\\/blog-atrakcje\\\/zamek-kliczkow\\\/#breadcrumb\"},\"inLanguage\":\"de\",\"potentialAction\":[{\"@type\":\"ReadAction\",\"target\":[\"https:\\\/\\\/www.koronakarkonoszy.pl\\\/blog-atrakcje\\\/zamek-kliczkow\\\/\"]}]},{\"@type\":\"ImageObject\",\"inLanguage\":\"de\",\"@id\":\"https:\\\/\\\/www.koronakarkonoszy.pl\\\/blog-atrakcje\\\/zamek-kliczkow\\\/#primaryimage\",\"url\":\"https:\\\/\\\/www.koronakarkonoszy.pl\\\/blog-atrakcje\\\/wp-content\\\/uploads\\\/2022\\\/08\\\/Zamek-Kliczkow-e1693993640521.jpg\",\"contentUrl\":\"https:\\\/\\\/www.koronakarkonoszy.pl\\\/blog-atrakcje\\\/wp-content\\\/uploads\\\/2022\\\/08\\\/Zamek-Kliczkow-e1693993640521.jpg\",\"width\":1024,\"height\":684},{\"@type\":\"BreadcrumbList\",\"@id\":\"https:\\\/\\\/www.koronakarkonoszy.pl\\\/blog-atrakcje\\\/zamek-kliczkow\\\/#breadcrumb\",\"itemListElement\":[{\"@type\":\"ListItem\",\"position\":1,\"name\":\"Strona g\u0142\u00f3wna\",\"item\":\"https:\\\/\\\/www.koronakarkonoszy.pl\\\/blog-atrakcje\\\/\"},{\"@type\":\"ListItem\",\"position\":2,\"name\":\"Zamek Kliczk\u00f3w\"}]},{\"@type\":\"WebSite\",\"@id\":\"https:\\\/\\\/www.koronakarkonoszy.pl\\\/blog-atrakcje\\\/#website\",\"url\":\"https:\\\/\\\/www.koronakarkonoszy.pl\\\/blog-atrakcje\\\/\",\"name\":\":: DKK Atrakcje\",\"description\":\"Atrakcje Dworu Korona Karkonoszy\",\"potentialAction\":[{\"@type\":\"SearchAction\",\"target\":{\"@type\":\"EntryPoint\",\"urlTemplate\":\"https:\\\/\\\/www.koronakarkonoszy.pl\\\/blog-atrakcje\\\/?s={search_term_string}\"},\"query-input\":{\"@type\":\"PropertyValueSpecification\",\"valueRequired\":true,\"valueName\":\"search_term_string\"}}],\"inLanguage\":\"de\"},{\"@type\":\"Person\",\"@id\":\"https:\\\/\\\/www.koronakarkonoszy.pl\\\/blog-atrakcje\\\/#\\\/schema\\\/person\\\/993b3c39215e0c277c79410bfe84333f\",\"name\":\"agnieszka\",\"image\":{\"@type\":\"ImageObject\",\"inLanguage\":\"de\",\"@id\":\"https:\\\/\\\/www.koronakarkonoszy.pl\\\/blog-atrakcje\\\/wp-content\\\/litespeed\\\/avatar\\\/53ee7b676463f74d0aea1a09de3d003b.jpg?ver=1777427421\",\"url\":\"https:\\\/\\\/www.koronakarkonoszy.pl\\\/blog-atrakcje\\\/wp-content\\\/litespeed\\\/avatar\\\/53ee7b676463f74d0aea1a09de3d003b.jpg?ver=1777427421\",\"contentUrl\":\"https:\\\/\\\/www.koronakarkonoszy.pl\\\/blog-atrakcje\\\/wp-content\\\/litespeed\\\/avatar\\\/53ee7b676463f74d0aea1a09de3d003b.jpg?ver=1777427421\",\"caption\":\"agnieszka\"},\"url\":\"https:\\\/\\\/www.koronakarkonoszy.pl\\\/blog-atrakcje\\\/de\\\/author\\\/agnieszka\\\/\"}]}<\/script>\n<!-- \/ Yoast SEO plugin. -->","yoast_head_json":{"title":"Schloss Kliczk\u00f3w - :: DKK-Attraktionen","description":"Das Schloss Kliczk\u00f3w ist ein Park- und Schlosskomplex, dessen Wurzeln bis ins 13. Jahrhundert zur\u00fcckreichen. Dieses beeindruckende Geb\u00e4ude ist sehenswert.","robots":{"index":"index","follow":"follow","max-snippet":"max-snippet:-1","max-image-preview":"max-image-preview:large","max-video-preview":"max-video-preview:-1"},"canonical":"https:\/\/www.koronakarkonoszy.pl\/blog-atrakcje\/de\/schloss-klikkow\/","og_locale":"de_DE","og_type":"article","og_title":"Zamek Kliczk\u00f3w - :: DKK Atrakcje","og_description":"Zamek Kliczk\u00f3w to kompleks parkowo-pa\u0142acowy, kt\u00f3rego korzenie si\u0119gaj\u0105 XIII w. Ta imponuj\u0105cych rozmiar\u00f3w budowla jest warta uwagi.","og_url":"https:\/\/www.koronakarkonoszy.pl\/blog-atrakcje\/de\/schloss-klikkow\/","og_site_name":":: DKK Atrakcje","article_published_time":"2023-07-30T13:34:45+00:00","article_modified_time":"2023-07-30T13:34:48+00:00","og_image":[{"width":1024,"height":704,"url":"https:\/\/www.koronakarkonoszy.pl\/blog-atrakcje\/wp-content\/uploads\/2022\/08\/Zamek-Kliczkow.jpg","type":"image\/jpeg"}],"author":"agnieszka","twitter_card":"summary_large_image","twitter_misc":{"Verfasst von":"agnieszka","Gesch\u00e4tzte Lesezeit":"4\u00a0Minuten"},"schema":{"@context":"https:\/\/schema.org","@graph":[{"@type":"Article","@id":"https:\/\/www.koronakarkonoszy.pl\/blog-atrakcje\/zamek-kliczkow\/#article","isPartOf":{"@id":"https:\/\/www.koronakarkonoszy.pl\/blog-atrakcje\/zamek-kliczkow\/"},"author":{"name":"agnieszka","@id":"https:\/\/www.koronakarkonoszy.pl\/blog-atrakcje\/#\/schema\/person\/993b3c39215e0c277c79410bfe84333f"},"headline":"Zamek Kliczk\u00f3w","datePublished":"2023-07-30T13:34:45+00:00","dateModified":"2023-07-30T13:34:48+00:00","mainEntityOfPage":{"@id":"https:\/\/www.koronakarkonoszy.pl\/blog-atrakcje\/zamek-kliczkow\/"},"wordCount":600,"commentCount":0,"image":{"@id":"https:\/\/www.koronakarkonoszy.pl\/blog-atrakcje\/zamek-kliczkow\/#primaryimage"},"thumbnailUrl":"https:\/\/www.koronakarkonoszy.pl\/blog-atrakcje\/wp-content\/uploads\/2022\/08\/Zamek-Kliczkow-e1693993640521.jpg","articleSection":["Zamki, pa\u0142ace, warownie"],"inLanguage":"de","potentialAction":[{"@type":"CommentAction","name":"Comment","target":["https:\/\/www.koronakarkonoszy.pl\/blog-atrakcje\/zamek-kliczkow\/#respond"]}]},{"@type":"WebPage","@id":"https:\/\/www.koronakarkonoszy.pl\/blog-atrakcje\/zamek-kliczkow\/","url":"https:\/\/www.koronakarkonoszy.pl\/blog-atrakcje\/zamek-kliczkow\/","name":"Schloss Kliczk\u00f3w - :: DKK-Attraktionen","isPartOf":{"@id":"https:\/\/www.koronakarkonoszy.pl\/blog-atrakcje\/#website"},"primaryImageOfPage":{"@id":"https:\/\/www.koronakarkonoszy.pl\/blog-atrakcje\/zamek-kliczkow\/#primaryimage"},"image":{"@id":"https:\/\/www.koronakarkonoszy.pl\/blog-atrakcje\/zamek-kliczkow\/#primaryimage"},"thumbnailUrl":"https:\/\/www.koronakarkonoszy.pl\/blog-atrakcje\/wp-content\/uploads\/2022\/08\/Zamek-Kliczkow-e1693993640521.jpg","datePublished":"2023-07-30T13:34:45+00:00","dateModified":"2023-07-30T13:34:48+00:00","author":{"@id":"https:\/\/www.koronakarkonoszy.pl\/blog-atrakcje\/#\/schema\/person\/993b3c39215e0c277c79410bfe84333f"},"description":"Das Schloss Kliczk\u00f3w ist ein Park- und Schlosskomplex, dessen Wurzeln bis ins 13. Jahrhundert zur\u00fcckreichen. Dieses beeindruckende Geb\u00e4ude ist sehenswert.","breadcrumb":{"@id":"https:\/\/www.koronakarkonoszy.pl\/blog-atrakcje\/zamek-kliczkow\/#breadcrumb"},"inLanguage":"de","potentialAction":[{"@type":"ReadAction","target":["https:\/\/www.koronakarkonoszy.pl\/blog-atrakcje\/zamek-kliczkow\/"]}]},{"@type":"ImageObject","inLanguage":"de","@id":"https:\/\/www.koronakarkonoszy.pl\/blog-atrakcje\/zamek-kliczkow\/#primaryimage","url":"https:\/\/www.koronakarkonoszy.pl\/blog-atrakcje\/wp-content\/uploads\/2022\/08\/Zamek-Kliczkow-e1693993640521.jpg","contentUrl":"https:\/\/www.koronakarkonoszy.pl\/blog-atrakcje\/wp-content\/uploads\/2022\/08\/Zamek-Kliczkow-e1693993640521.jpg","width":1024,"height":684},{"@type":"BreadcrumbList","@id":"https:\/\/www.koronakarkonoszy.pl\/blog-atrakcje\/zamek-kliczkow\/#breadcrumb","itemListElement":[{"@type":"ListItem","position":1,"name":"Strona g\u0142\u00f3wna","item":"https:\/\/www.koronakarkonoszy.pl\/blog-atrakcje\/"},{"@type":"ListItem","position":2,"name":"Zamek Kliczk\u00f3w"}]},{"@type":"WebSite","@id":"https:\/\/www.koronakarkonoszy.pl\/blog-atrakcje\/#website","url":"https:\/\/www.koronakarkonoszy.pl\/blog-atrakcje\/","name":":: DKK-Attraktionen","description":"Attraktionen der Krone des Riesengebirges","potentialAction":[{"@type":"SearchAction","target":{"@type":"EntryPoint","urlTemplate":"https:\/\/www.koronakarkonoszy.pl\/blog-atrakcje\/?s={search_term_string}"},"query-input":{"@type":"PropertyValueSpecification","valueRequired":true,"valueName":"search_term_string"}}],"inLanguage":"de"},{"@type":"Person","@id":"https:\/\/www.koronakarkonoszy.pl\/blog-atrakcje\/#\/schema\/person\/993b3c39215e0c277c79410bfe84333f","name":"Agnes","image":{"@type":"ImageObject","inLanguage":"de","@id":"https:\/\/www.koronakarkonoszy.pl\/blog-atrakcje\/wp-content\/litespeed\/avatar\/53ee7b676463f74d0aea1a09de3d003b.jpg?ver=1777427421","url":"https:\/\/www.koronakarkonoszy.pl\/blog-atrakcje\/wp-content\/litespeed\/avatar\/53ee7b676463f74d0aea1a09de3d003b.jpg?ver=1777427421","contentUrl":"https:\/\/www.koronakarkonoszy.pl\/blog-atrakcje\/wp-content\/litespeed\/avatar\/53ee7b676463f74d0aea1a09de3d003b.jpg?ver=1777427421","caption":"agnieszka"},"url":"https:\/\/www.koronakarkonoszy.pl\/blog-atrakcje\/de\/author\/agnieszka\/"}]}},"_links":{"self":[{"href":"https:\/\/www.koronakarkonoszy.pl\/blog-atrakcje\/de\/wp-json\/wp\/v2\/posts\/4675","targetHints":{"allow":["GET"]}}],"collection":[{"href":"https:\/\/www.koronakarkonoszy.pl\/blog-atrakcje\/de\/wp-json\/wp\/v2\/posts"}],"about":[{"href":"https:\/\/www.koronakarkonoszy.pl\/blog-atrakcje\/de\/wp-json\/wp\/v2\/types\/post"}],"author":[{"embeddable":true,"href":"https:\/\/www.koronakarkonoszy.pl\/blog-atrakcje\/de\/wp-json\/wp\/v2\/users\/11"}],"replies":[{"embeddable":true,"href":"https:\/\/www.koronakarkonoszy.pl\/blog-atrakcje\/de\/wp-json\/wp\/v2\/comments?post=4675"}],"version-history":[{"count":0,"href":"https:\/\/www.koronakarkonoszy.pl\/blog-atrakcje\/de\/wp-json\/wp\/v2\/posts\/4675\/revisions"}],"wp:featuredmedia":[{"embeddable":true,"href":"https:\/\/www.koronakarkonoszy.pl\/blog-atrakcje\/de\/wp-json\/wp\/v2\/media\/4678"}],"wp:attachment":[{"href":"https:\/\/www.koronakarkonoszy.pl\/blog-atrakcje\/de\/wp-json\/wp\/v2\/media?parent=4675"}],"wp:term":[{"taxonomy":"category","embeddable":true,"href":"https:\/\/www.koronakarkonoszy.pl\/blog-atrakcje\/de\/wp-json\/wp\/v2\/categories?post=4675"}],"curies":[{"name":"wp","href":"https:\/\/api.w.org\/{rel}","templated":true}]}}